{"id":31259,"date":"2025-04-20T11:30:00","date_gmt":"2025-04-20T09:30:00","guid":{"rendered":"https:\/\/www.reclamador.es\/blog\/?p=31259"},"modified":"2025-05-28T13:31:23","modified_gmt":"2025-05-28T11:31:23","slug":"viajando-conciencia-equipaje-ecologico-sostenible","status":"publish","type":"post","link":"https:\/\/www.reclamador.es\/blog\/viajando-conciencia-equipaje-ecologico-sostenible\/","title":{"rendered":"Viajando con conciencia: Equipaje ecol\u00f3gico y sostenible"},"content":{"rendered":"<div class=\"ttr_start\"><\/div>\n\n<div class=\"kk-star-ratings kksr-auto kksr-align-right kksr-valign-top\"\n    data-payload='{&quot;align&quot;:&quot;right&quot;,&quot;id&quot;:&quot;31259&quot;,&quot;slug&quot;:&quot;default&quot;,&quot;valign&quot;:&quot;top&quot;,&quot;ignore&quot;:&quot;&quot;,&quot;reference&quot;:&quot;auto&quot;,&quot;class&quot;:&quot;&quot;,&quot;count&quot;:&quot;1&quot;,&quot;legendonly&quot;:&quot;&quot;,&quot;readonly&quot;:&quot;&quot;,&quot;score&quot;:&quot;5&quot;,&quot;starsonly&quot;:&quot;&quot;,&quot;best&quot;:&quot;5&quot;,&quot;gap&quot;:&quot;3&quot;,&quot;greet&quot;:&quot;Valora este art\u00edculo&quot;,&quot;legend&quot;:&quot;5\\\/5 - (1 voto)&quot;,&quot;size&quot;:&quot;20&quot;,&quot;title&quot;:&quot;Viajando con conciencia: Equipaje ecol\u00f3gico y sostenible&quot;,&quot;width&quot;:&quot;113.5&quot;,&quot;_legend&quot;:&quot;{score}\\\/{best} - ({count} {votes})&quot;,&quot;font_factor&quot;:&quot;1.25&quot;}'>\n            \n<div class=\"kksr-stars\">\n    \n<div class=\"kksr-stars-inactive\">\n            <div class=\"kksr-star\" data-star=\"1\" style=\"padding-right: 3px\">\n            \n\n<div class=\"kksr-icon\" style=\"width: 20px; height: 20px;\"><\/div>\n        <\/div>\n            <div class=\"kksr-star\" data-star=\"2\" style=\"padding-right: 3px\">\n            \n\n<div class=\"kksr-icon\" style=\"width: 20px; height: 20px;\"><\/div>\n        <\/div>\n            <div class=\"kksr-star\" data-star=\"3\" style=\"padding-right: 3px\">\n            \n\n<div class=\"kksr-icon\" style=\"width: 20px; height: 20px;\"><\/div>\n        <\/div>\n            <div class=\"kksr-star\" data-star=\"4\" style=\"padding-right: 3px\">\n            \n\n<div class=\"kksr-icon\" style=\"width: 20px; height: 20px;\"><\/div>\n        <\/div>\n            <div class=\"kksr-star\" data-star=\"5\" style=\"padding-right: 3px\">\n            \n\n<div class=\"kksr-icon\" style=\"width: 20px; height: 20px;\"><\/div>\n        <\/div>\n    <\/div>\n    \n<div class=\"kksr-stars-active\" style=\"width: 113.5px;\">\n            <div class=\"kksr-star\" style=\"padding-right: 3px\">\n            \n\n<div class=\"kksr-icon\" style=\"width: 20px; height: 20px;\"><\/div>\n        <\/div>\n            <div class=\"kksr-star\" style=\"padding-right: 3px\">\n            \n\n<div class=\"kksr-icon\" style=\"width: 20px; height: 20px;\"><\/div>\n        <\/div>\n            <div class=\"kksr-star\" style=\"padding-right: 3px\">\n            \n\n<div class=\"kksr-icon\" style=\"width: 20px; height: 20px;\"><\/div>\n        <\/div>\n            <div class=\"kksr-star\" style=\"padding-right: 3px\">\n            \n\n<div class=\"kksr-icon\" style=\"width: 20px; height: 20px;\"><\/div>\n        <\/div>\n            <div class=\"kksr-star\" style=\"padding-right: 3px\">\n            \n\n<div class=\"kksr-icon\" style=\"width: 20px; height: 20px;\"><\/div>\n        <\/div>\n    <\/div>\n<\/div>\n                \n\n<div class=\"kksr-legend\" style=\"font-size: 16px;\">\n            5\/5 - (1 voto)    <\/div>\n    <\/div>\n\n<figure id=\"attachment_31262\" aria-describedby=\"caption-attachment-31262\" style=\"width: 1198px\" class=\"wp-caption aligncenter\"><img data-recalc-dims=\"1\" loading=\"lazy\" decoding=\"async\" class=\"size-full wp-image-31262\" src=\"https:\/\/i0.wp.com\/www.reclamador.es\/blog\/wp-content\/uploads\/2023\/07\/equipaje-ecologico.jpg?resize=1198%2C683&#038;ssl=1\" alt=\"equipaje ecol\u00f3gico\" width=\"1198\" height=\"683\" srcset=\"https:\/\/i0.wp.com\/www.reclamador.es\/blog\/wp-content\/uploads\/2023\/07\/equipaje-ecologico.jpg?w=1198&amp;ssl=1 1198w, https:\/\/i0.wp.com\/www.reclamador.es\/blog\/wp-content\/uploads\/2023\/07\/equipaje-ecologico.jpg?resize=800%2C456&amp;ssl=1 800w, https:\/\/i0.wp.com\/www.reclamador.es\/blog\/wp-content\/uploads\/2023\/07\/equipaje-ecologico.jpg?resize=150%2C86&amp;ssl=1 150w, https:\/\/i0.wp.com\/www.reclamador.es\/blog\/wp-content\/uploads\/2023\/07\/equipaje-ecologico.jpg?resize=768%2C438&amp;ssl=1 768w\" sizes=\"auto, (max-width: 1000px) 100vw, 1000px\" \/><figcaption id=\"caption-attachment-31262\" class=\"wp-caption-text\"><em>Trucos para viajar con un equipaje ecol\u00f3gico<\/em><\/figcaption><\/figure>\n<p><span style=\"font-weight: 400;\">Al embarcarte en una aventura de viaje, es esencial recordar que nuestras acciones pueden tener un impacto en el medio ambiente. En este art\u00edculo, exploraremos c\u00f3mo puedes contribuir a la preservaci\u00f3n del medio ambiente al optar por opciones de equipaje sostenibles. Descubrir\u00e1s c\u00f3mo seleccionar maletas y accesorios que minimicen tu huella ecol\u00f3gica sin sacrificar la funcionalidad y el estilo. Hablamos, a continuaci\u00f3n, de trucos para una maleta o equipaje ecol\u00f3gico.\u00a0<\/span><\/p>\n<h2><b>Trucos para hacer m\u00e1s sostenible tu equipaje en un viaje<\/b><\/h2>\n<h3><b>\u00bfDe qu\u00e9 material elegir la maleta para el viaje? Elige materiales reciclados o biodegradables<\/b><\/h3>\n<p><span style=\"font-weight: 400;\">Si est\u00e1s buscando nueva maleta o bolsa de viaje, \u00bfpor qu\u00e9 no mirar la opci\u00f3n de equipajes fabricados con materiales reciclados? Muchas marcas ahora ofrecen maletas hechas de pl\u00e1stico reciclado, tejidos obtenidos a partir de botellas de pl\u00e1stico recicladas o incluso materiales como el papel reciclado. Estos productos reducen la demanda de nuevos materiales y ayudan a cerrar el ciclo de vida de los productos.<\/span><\/p>\n<p><span style=\"font-weight: 400;\">Otra idea que te ofrecemos es elegir equipaje fabricado con materiales biodegradables, como el algod\u00f3n org\u00e1nico o el c\u00e1\u00f1amo. Estos materiales se descomponen de manera natural y tienen un impacto ambiental m\u00ednimo al final de su vida \u00fatil.<\/span><b><\/b><\/p>\n<h3><b>Maletas ecol\u00f3gicas: minimiza el embalaje y las etiquetas\u00a0<\/b><\/h3>\n<p><span style=\"font-weight: 400;\">Al comprar nuevo equipaje, aseg\u00farate de elegir marcas que utilicen embalajes m\u00ednimos o que utilicen materiales de embalaje reciclables o biodegradables. Adem\u00e1s, evita las etiquetas de equipaje de un solo uso y opta por etiquetas reutilizables y duraderas.<\/span><b><\/b><\/p>\n<h3><b>Lo barato puede salir caro: elige bolsos y maletas duraderos y de calidad\u00a0<\/b><\/h3>\n<p><span style=\"font-weight: 400;\">Un equipaje de calidad y duradero no solo te acompa\u00f1ar\u00e1 en numerosos viajes, sino que tambi\u00e9n reduce la cantidad de residuos generados a largo plazo. Busca productos bien construidos, con costuras resistentes y materiales duraderos que soporten el desgaste del uso frecuente.<\/span><\/p>\n<h3><b>\u00bfCu\u00e1nto equipaje necesitas?<\/b><\/h3>\n<p><span style=\"font-weight: 400;\">Considera el tama\u00f1o adecuado de la maleta o bolsa de viaje que uses en tu desplazamiento. Opta por aquellos que se ajusten a tus necesidades espec\u00edficas y evita llevar m\u00e1s de lo necesario. Cuanto m\u00e1s liviano viajes, menos energ\u00eda se utilizar\u00e1 en el transporte y menos impacto se generar\u00e1.<\/span><\/p>\n<h3><b>Utiliza organizadores y bolsas reutilizables\u00a0<\/b><\/h3>\n<p><span style=\"font-weight: 400;\">Para mantener tu equipaje organizado y evitar el uso de bolsas de pl\u00e1stico desechables, considera invertir en organizadores de equipaje reutilizables. Estas bolsas te permiten separar y clasificar tus pertenencias mientras evitas el desperdicio de pl\u00e1stico.<\/span><\/p>\n<h6 style=\"text-align: center;\"><strong><a href=\"https:\/\/www.reclamador.es\/blog\/mejores-tipos-de-maletas-segun-tu-viaje\/\">Tipos de maletas seg\u00fan tu viaje<\/a><\/strong><\/h6>\n<h2><b>Y tan importante como viajar sosteniblemente, viajar conociendo tus derechos<\/b><\/h2>\n<p><span style=\"font-weight: 400;\">Y, adem\u00e1s de viajar siendo consciente de tu huella, en un viaje, ya sea por placer o por negocios, es esencial que tengas conocimiento de tus <a href=\"https:\/\/www.reclamador.es\/tus-derechos\/derechos-del-pasajero\/\">derechos como pasajero<\/a>. Y, en el caso de maletas, saber que si este sufre da\u00f1os o se pierde, cuando viajas en avi\u00f3n, tienes derecho a recibir una <a href=\"https:\/\/www.reclamador.es\/aerolineas\/problemas-equipaje\/\">indemnizaci\u00f3n por problemas con el equipaje<\/a>.<\/span><\/p>\n<p><span style=\"font-weight: 400;\">Esta indemnizaci\u00f3n no es fija, pero puede ascender hasta los 1.813 \u20ac, seg\u00fan la \u00faltima actualizaci\u00f3n del Convenio de Montreal en 2025. No lo dudes, si sufres problemas con tu equipaje en un viaje en avi\u00f3n, cons\u00faltanos. Te ayudamos a proteger tus derechos frente a la <a href=\"https:\/\/www.reclamador.es\/aerolineas\/\">aerol\u00ednea<\/a>.\u00a0<\/span><\/p>\n<h2 style=\"text-align: center;\"><a class=\"button-lead\" href=\"https:\/\/www.reclamador.es\/form\/complaint\/luggage\/\" rel=\"nofollow noopener\"><b>Inicia aqu\u00ed tu reclamaci\u00f3n de equipaje<\/b><\/a><\/h2>\n<div class=\"ttr_end\"><\/div>","protected":false},"excerpt":{"rendered":"<p>Al embarcarte en una aventura de viaje, es esencial recordar que nuestras acciones pueden tener un impacto en el medio ambiente. En este art\u00edculo, exploraremos c\u00f3mo puedes contribuir a la preservaci\u00f3n del medio ambiente al optar por opciones de equipaje sostenibles. Descubrir\u00e1s c\u00f3mo seleccionar maletas y accesorios que minimicen tu huella ecol\u00f3gica sin sacrificar la [&hellip;]<\/p>\n","protected":false},"author":28,"featured_media":31262,"comment_status":"open","ping_status":"open","sticky":false,"template":"","format":"standard","meta":{"_acf_changed":false,"_genesis_hide_title":false,"_genesis_hide_breadcrumbs":false,"_genesis_hide_singular_image":false,"_genesis_hide_footer_widgets":false,"_genesis_custom_body_class":"","_genesis_custom_post_class":"","_genesis_layout":"","_jetpack_newsletter_access":"","_jetpack_dont_email_post_to_subs":false,"_jetpack_newsletter_tier_id":0,"_jetpack_memberships_contains_paywalled_content":false,"_jetpack_memberships_contains_paid_content":false,"footnotes":""},"categories":[393],"tags":[380,654],"class_list":{"0":"post-31259","1":"post","2":"type-post","3":"status-publish","4":"format-standard","5":"has-post-thumbnail","7":"category-consejos","8":"tag-aerolineas","9":"tag-equipaje","10":"entry"},"acf":[],"yoast_head":"<!-- This site is optimized with the Yoast SEO plugin v27.4 - https:\/\/yoast.com\/product\/yoast-seo-wordpress\/ -->\n<title>Maletas y equipaje ecol\u00f3gico y sostenible<\/title>\n<meta name=\"description\" content=\"\u00bfQuieres conocer trucos para llevar un equipaje ecol\u00f3gico? En este art\u00edculo te damos claves sencillas para un equipaje sostenible.\" \/>\n<meta name=\"robots\" content=\"index, follow, max-snippet:-1, max-image-preview:large, max-video-preview:-1\" \/>\n<link rel=\"canonical\" href=\"https:\/\/www.reclamador.es\/blog\/viajando-conciencia-equipaje-ecologico-sostenible\/\" \/>\n<meta property=\"og:locale\" content=\"es_ES\" \/>\n<meta property=\"og:type\" content=\"article\" \/>\n<meta property=\"og:title\" content=\"Maletas y equipaje ecol\u00f3gico y sostenible\" \/>\n<meta property=\"og:description\" content=\"\u00bfQuieres conocer trucos para llevar un equipaje ecol\u00f3gico? En este art\u00edculo te damos claves sencillas para un equipaje sostenible.\" \/>\n<meta property=\"og:url\" content=\"https:\/\/www.reclamador.es\/blog\/viajando-conciencia-equipaje-ecologico-sostenible\/\" \/>\n<meta property=\"og:site_name\" content=\"Rebeldes con causa, el blog de reclamador.es\" \/>\n<meta property=\"article:publisher\" content=\"https:\/\/www.facebook.com\/reclamador.es\" \/>\n<meta property=\"article:published_time\" content=\"2025-04-20T09:30:00+00:00\" \/>\n<meta property=\"article:modified_time\" content=\"2025-05-28T11:31:23+00:00\" \/>\n<meta property=\"og:image\" content=\"https:\/\/www.reclamador.es\/blog\/wp-content\/uploads\/2023\/07\/equipaje-ecologico.jpg\" \/>\n\t<meta property=\"og:image:width\" content=\"1198\" \/>\n\t<meta property=\"og:image:height\" content=\"683\" \/>\n\t<meta property=\"og:image:type\" content=\"image\/jpeg\" \/>\n<meta name=\"author\" content=\"Alicia Ria\u00f1o\" \/>\n<meta name=\"twitter:card\" content=\"summary_large_image\" \/>\n<meta name=\"twitter:creator\" content=\"@reclamador\" \/>\n<meta name=\"twitter:site\" content=\"@reclamador\" \/>\n<meta name=\"twitter:label1\" content=\"Escrito por\" \/>\n\t<meta name=\"twitter:data1\" content=\"Alicia Ria\u00f1o\" \/>\n\t<meta name=\"twitter:label2\" content=\"Tiempo de lectura\" \/>\n\t<meta name=\"twitter:data2\" content=\"3 minutos\" \/>\n<script type=\"application\/ld+json\" class=\"yoast-schema-graph\">{\"@context\":\"https:\\\/\\\/schema.org\",\"@graph\":[{\"@type\":\"Article\",\"@id\":\"https:\\\/\\\/www.reclamador.es\\\/blog\\\/viajando-conciencia-equipaje-ecologico-sostenible\\\/#article\",\"isPartOf\":{\"@id\":\"https:\\\/\\\/www.reclamador.es\\\/blog\\\/viajando-conciencia-equipaje-ecologico-sostenible\\\/\"},\"author\":{\"name\":\"Alicia Ria\u00f1o\",\"@id\":\"https:\\\/\\\/www.reclamador.es\\\/blog\\\/#\\\/schema\\\/person\\\/2a9d121a6362255b8129c6fda9caffd5\"},\"headline\":\"Viajando con conciencia: Equipaje ecol\u00f3gico y sostenible\",\"datePublished\":\"2025-04-20T09:30:00+00:00\",\"dateModified\":\"2025-05-28T11:31:23+00:00\",\"mainEntityOfPage\":{\"@id\":\"https:\\\/\\\/www.reclamador.es\\\/blog\\\/viajando-conciencia-equipaje-ecologico-sostenible\\\/\"},\"wordCount\":582,\"commentCount\":0,\"publisher\":{\"@id\":\"https:\\\/\\\/www.reclamador.es\\\/blog\\\/#organization\"},\"image\":{\"@id\":\"https:\\\/\\\/www.reclamador.es\\\/blog\\\/viajando-conciencia-equipaje-ecologico-sostenible\\\/#primaryimage\"},\"thumbnailUrl\":\"https:\\\/\\\/i0.wp.com\\\/www.reclamador.es\\\/blog\\\/wp-content\\\/uploads\\\/2023\\\/07\\\/equipaje-ecologico.jpg?fit=1198%2C683&ssl=1\",\"keywords\":[\"aerol\u00edneas\",\"equipaje\"],\"articleSection\":[\"Consejos legales\"],\"inLanguage\":\"es\",\"potentialAction\":[{\"@type\":\"CommentAction\",\"name\":\"Comment\",\"target\":[\"https:\\\/\\\/www.reclamador.es\\\/blog\\\/viajando-conciencia-equipaje-ecologico-sostenible\\\/#respond\"]}]},{\"@type\":\"WebPage\",\"@id\":\"https:\\\/\\\/www.reclamador.es\\\/blog\\\/viajando-conciencia-equipaje-ecologico-sostenible\\\/\",\"url\":\"https:\\\/\\\/www.reclamador.es\\\/blog\\\/viajando-conciencia-equipaje-ecologico-sostenible\\\/\",\"name\":\"Maletas y equipaje ecol\u00f3gico y sostenible\",\"isPartOf\":{\"@id\":\"https:\\\/\\\/www.reclamador.es\\\/blog\\\/#website\"},\"primaryImageOfPage\":{\"@id\":\"https:\\\/\\\/www.reclamador.es\\\/blog\\\/viajando-conciencia-equipaje-ecologico-sostenible\\\/#primaryimage\"},\"image\":{\"@id\":\"https:\\\/\\\/www.reclamador.es\\\/blog\\\/viajando-conciencia-equipaje-ecologico-sostenible\\\/#primaryimage\"},\"thumbnailUrl\":\"https:\\\/\\\/i0.wp.com\\\/www.reclamador.es\\\/blog\\\/wp-content\\\/uploads\\\/2023\\\/07\\\/equipaje-ecologico.jpg?fit=1198%2C683&ssl=1\",\"datePublished\":\"2025-04-20T09:30:00+00:00\",\"dateModified\":\"2025-05-28T11:31:23+00:00\",\"description\":\"\u00bfQuieres conocer trucos para llevar un equipaje ecol\u00f3gico? En este art\u00edculo te damos claves sencillas para un equipaje sostenible.\",\"breadcrumb\":{\"@id\":\"https:\\\/\\\/www.reclamador.es\\\/blog\\\/viajando-conciencia-equipaje-ecologico-sostenible\\\/#breadcrumb\"},\"inLanguage\":\"es\",\"potentialAction\":[{\"@type\":\"ReadAction\",\"target\":[\"https:\\\/\\\/www.reclamador.es\\\/blog\\\/viajando-conciencia-equipaje-ecologico-sostenible\\\/\"]}]},{\"@type\":\"ImageObject\",\"inLanguage\":\"es\",\"@id\":\"https:\\\/\\\/www.reclamador.es\\\/blog\\\/viajando-conciencia-equipaje-ecologico-sostenible\\\/#primaryimage\",\"url\":\"https:\\\/\\\/i0.wp.com\\\/www.reclamador.es\\\/blog\\\/wp-content\\\/uploads\\\/2023\\\/07\\\/equipaje-ecologico.jpg?fit=1198%2C683&ssl=1\",\"contentUrl\":\"https:\\\/\\\/i0.wp.com\\\/www.reclamador.es\\\/blog\\\/wp-content\\\/uploads\\\/2023\\\/07\\\/equipaje-ecologico.jpg?fit=1198%2C683&ssl=1\",\"width\":1198,\"height\":683,\"caption\":\"Trucos para viajar con un equipaje ecol\u00f3gico\"},{\"@type\":\"BreadcrumbList\",\"@id\":\"https:\\\/\\\/www.reclamador.es\\\/blog\\\/viajando-conciencia-equipaje-ecologico-sostenible\\\/#breadcrumb\",\"itemListElement\":[{\"@type\":\"ListItem\",\"position\":1,\"name\":\"Portada\",\"item\":\"https:\\\/\\\/www.reclamador.es\\\/blog\\\/\"},{\"@type\":\"ListItem\",\"position\":2,\"name\":\"Viajando con conciencia: Equipaje ecol\u00f3gico y sostenible\"}]},{\"@type\":\"WebSite\",\"@id\":\"https:\\\/\\\/www.reclamador.es\\\/blog\\\/#website\",\"url\":\"https:\\\/\\\/www.reclamador.es\\\/blog\\\/\",\"name\":\"Rebeldes con causa, el blog de reclamador.es\",\"description\":\"Noticias, entrevistas y consejos sobre reclamaciones\",\"publisher\":{\"@id\":\"https:\\\/\\\/www.reclamador.es\\\/blog\\\/#organization\"},\"potentialAction\":[{\"@type\":\"SearchAction\",\"target\":{\"@type\":\"EntryPoint\",\"urlTemplate\":\"https:\\\/\\\/www.reclamador.es\\\/blog\\\/?s={search_term_string}\"},\"query-input\":{\"@type\":\"PropertyValueSpecification\",\"valueRequired\":true,\"valueName\":\"search_term_string\"}}],\"inLanguage\":\"es\"},{\"@type\":\"Organization\",\"@id\":\"https:\\\/\\\/www.reclamador.es\\\/blog\\\/#organization\",\"name\":\"reclamador.es\",\"url\":\"https:\\\/\\\/www.reclamador.es\\\/blog\\\/\",\"logo\":{\"@type\":\"ImageObject\",\"inLanguage\":\"es\",\"@id\":\"https:\\\/\\\/www.reclamador.es\\\/blog\\\/#\\\/schema\\\/logo\\\/image\\\/\",\"url\":\"https:\\\/\\\/i0.wp.com\\\/www.reclamador.es\\\/blog\\\/wp-content\\\/uploads\\\/2020\\\/01\\\/logo-reclamador.png?fit=1200%2C144&ssl=1\",\"contentUrl\":\"https:\\\/\\\/i0.wp.com\\\/www.reclamador.es\\\/blog\\\/wp-content\\\/uploads\\\/2020\\\/01\\\/logo-reclamador.png?fit=1200%2C144&ssl=1\",\"width\":1200,\"height\":144,\"caption\":\"reclamador.es\"},\"image\":{\"@id\":\"https:\\\/\\\/www.reclamador.es\\\/blog\\\/#\\\/schema\\\/logo\\\/image\\\/\"},\"sameAs\":[\"https:\\\/\\\/www.facebook.com\\\/reclamador.es\",\"https:\\\/\\\/x.com\\\/reclamador\",\"https:\\\/\\\/www.instagram.com\\\/reclamador.es\\\/\",\"https:\\\/\\\/www.linkedin.com\\\/company\\\/reclamador-es\",\"https:\\\/\\\/www.youtube.com\\\/user\\\/Reclamadores\"]},{\"@type\":\"Person\",\"@id\":\"https:\\\/\\\/www.reclamador.es\\\/blog\\\/#\\\/schema\\\/person\\\/2a9d121a6362255b8129c6fda9caffd5\",\"name\":\"Alicia Ria\u00f1o\",\"image\":{\"@type\":\"ImageObject\",\"inLanguage\":\"es\",\"@id\":\"https:\\\/\\\/secure.gravatar.com\\\/avatar\\\/2915f7664bf5ed4baf932328fabfe761f32f21ec1b577e7d54a7fee6613de25f?s=96&d=mm&r=g\",\"url\":\"https:\\\/\\\/secure.gravatar.com\\\/avatar\\\/2915f7664bf5ed4baf932328fabfe761f32f21ec1b577e7d54a7fee6613de25f?s=96&d=mm&r=g\",\"contentUrl\":\"https:\\\/\\\/secure.gravatar.com\\\/avatar\\\/2915f7664bf5ed4baf932328fabfe761f32f21ec1b577e7d54a7fee6613de25f?s=96&d=mm&r=g\",\"caption\":\"Alicia Ria\u00f1o\"},\"description\":\"Periodista experta en comunicaci\u00f3n y marketing digital. Escribo para acercar la informaci\u00f3n legal de forma sencilla y comprensible a las personas.\",\"sameAs\":[\"https:\\\/\\\/www.linkedin.com\\\/in\\\/alicia-r-932a2959\"],\"url\":\"https:\\\/\\\/www.reclamador.es\\\/blog\\\/author\\\/alicia-riano\\\/\"}]}<\/script>\n<!-- \/ Yoast SEO plugin. -->","yoast_head_json":{"title":"Maletas y equipaje ecol\u00f3gico y sostenible","description":"\u00bfQuieres conocer trucos para llevar un equipaje ecol\u00f3gico? En este art\u00edculo te damos claves sencillas para un equipaje sostenible.","robots":{"index":"index","follow":"follow","max-snippet":"max-snippet:-1","max-image-preview":"max-image-preview:large","max-video-preview":"max-video-preview:-1"},"canonical":"https:\/\/www.reclamador.es\/blog\/viajando-conciencia-equipaje-ecologico-sostenible\/","og_locale":"es_ES","og_type":"article","og_title":"Maletas y equipaje ecol\u00f3gico y sostenible","og_description":"\u00bfQuieres conocer trucos para llevar un equipaje ecol\u00f3gico? En este art\u00edculo te damos claves sencillas para un equipaje sostenible.","og_url":"https:\/\/www.reclamador.es\/blog\/viajando-conciencia-equipaje-ecologico-sostenible\/","og_site_name":"Rebeldes con causa, el blog de reclamador.es","article_publisher":"https:\/\/www.facebook.com\/reclamador.es","article_published_time":"2025-04-20T09:30:00+00:00","article_modified_time":"2025-05-28T11:31:23+00:00","og_image":[{"width":1198,"height":683,"url":"https:\/\/www.reclamador.es\/blog\/wp-content\/uploads\/2023\/07\/equipaje-ecologico.jpg","type":"image\/jpeg"}],"author":"Alicia Ria\u00f1o","twitter_card":"summary_large_image","twitter_creator":"@reclamador","twitter_site":"@reclamador","twitter_misc":{"Escrito por":"Alicia Ria\u00f1o","Tiempo de lectura":"3 minutos"},"schema":{"@context":"https:\/\/schema.org","@graph":[{"@type":"Article","@id":"https:\/\/www.reclamador.es\/blog\/viajando-conciencia-equipaje-ecologico-sostenible\/#article","isPartOf":{"@id":"https:\/\/www.reclamador.es\/blog\/viajando-conciencia-equipaje-ecologico-sostenible\/"},"author":{"name":"Alicia Ria\u00f1o","@id":"https:\/\/www.reclamador.es\/blog\/#\/schema\/person\/2a9d121a6362255b8129c6fda9caffd5"},"headline":"Viajando con conciencia: Equipaje ecol\u00f3gico y sostenible","datePublished":"2025-04-20T09:30:00+00:00","dateModified":"2025-05-28T11:31:23+00:00","mainEntityOfPage":{"@id":"https:\/\/www.reclamador.es\/blog\/viajando-conciencia-equipaje-ecologico-sostenible\/"},"wordCount":582,"commentCount":0,"publisher":{"@id":"https:\/\/www.reclamador.es\/blog\/#organization"},"image":{"@id":"https:\/\/www.reclamador.es\/blog\/viajando-conciencia-equipaje-ecologico-sostenible\/#primaryimage"},"thumbnailUrl":"https:\/\/i0.wp.com\/www.reclamador.es\/blog\/wp-content\/uploads\/2023\/07\/equipaje-ecologico.jpg?fit=1198%2C683&ssl=1","keywords":["aerol\u00edneas","equipaje"],"articleSection":["Consejos legales"],"inLanguage":"es","potentialAction":[{"@type":"CommentAction","name":"Comment","target":["https:\/\/www.reclamador.es\/blog\/viajando-conciencia-equipaje-ecologico-sostenible\/#respond"]}]},{"@type":"WebPage","@id":"https:\/\/www.reclamador.es\/blog\/viajando-conciencia-equipaje-ecologico-sostenible\/","url":"https:\/\/www.reclamador.es\/blog\/viajando-conciencia-equipaje-ecologico-sostenible\/","name":"Maletas y equipaje ecol\u00f3gico y sostenible","isPartOf":{"@id":"https:\/\/www.reclamador.es\/blog\/#website"},"primaryImageOfPage":{"@id":"https:\/\/www.reclamador.es\/blog\/viajando-conciencia-equipaje-ecologico-sostenible\/#primaryimage"},"image":{"@id":"https:\/\/www.reclamador.es\/blog\/viajando-conciencia-equipaje-ecologico-sostenible\/#primaryimage"},"thumbnailUrl":"https:\/\/i0.wp.com\/www.reclamador.es\/blog\/wp-content\/uploads\/2023\/07\/equipaje-ecologico.jpg?fit=1198%2C683&ssl=1","datePublished":"2025-04-20T09:30:00+00:00","dateModified":"2025-05-28T11:31:23+00:00","description":"\u00bfQuieres conocer trucos para llevar un equipaje ecol\u00f3gico? En este art\u00edculo te damos claves sencillas para un equipaje sostenible.","breadcrumb":{"@id":"https:\/\/www.reclamador.es\/blog\/viajando-conciencia-equipaje-ecologico-sostenible\/#breadcrumb"},"inLanguage":"es","potentialAction":[{"@type":"ReadAction","target":["https:\/\/www.reclamador.es\/blog\/viajando-conciencia-equipaje-ecologico-sostenible\/"]}]},{"@type":"ImageObject","inLanguage":"es","@id":"https:\/\/www.reclamador.es\/blog\/viajando-conciencia-equipaje-ecologico-sostenible\/#primaryimage","url":"https:\/\/i0.wp.com\/www.reclamador.es\/blog\/wp-content\/uploads\/2023\/07\/equipaje-ecologico.jpg?fit=1198%2C683&ssl=1","contentUrl":"https:\/\/i0.wp.com\/www.reclamador.es\/blog\/wp-content\/uploads\/2023\/07\/equipaje-ecologico.jpg?fit=1198%2C683&ssl=1","width":1198,"height":683,"caption":"Trucos para viajar con un equipaje ecol\u00f3gico"},{"@type":"BreadcrumbList","@id":"https:\/\/www.reclamador.es\/blog\/viajando-conciencia-equipaje-ecologico-sostenible\/#breadcrumb","itemListElement":[{"@type":"ListItem","position":1,"name":"Portada","item":"https:\/\/www.reclamador.es\/blog\/"},{"@type":"ListItem","position":2,"name":"Viajando con conciencia: Equipaje ecol\u00f3gico y sostenible"}]},{"@type":"WebSite","@id":"https:\/\/www.reclamador.es\/blog\/#website","url":"https:\/\/www.reclamador.es\/blog\/","name":"Rebeldes con causa, el blog de reclamador.es","description":"Noticias, entrevistas y consejos sobre reclamaciones","publisher":{"@id":"https:\/\/www.reclamador.es\/blog\/#organization"},"potentialAction":[{"@type":"SearchAction","target":{"@type":"EntryPoint","urlTemplate":"https:\/\/www.reclamador.es\/blog\/?s={search_term_string}"},"query-input":{"@type":"PropertyValueSpecification","valueRequired":true,"valueName":"search_term_string"}}],"inLanguage":"es"},{"@type":"Organization","@id":"https:\/\/www.reclamador.es\/blog\/#organization","name":"reclamador.es","url":"https:\/\/www.reclamador.es\/blog\/","logo":{"@type":"ImageObject","inLanguage":"es","@id":"https:\/\/www.reclamador.es\/blog\/#\/schema\/logo\/image\/","url":"https:\/\/i0.wp.com\/www.reclamador.es\/blog\/wp-content\/uploads\/2020\/01\/logo-reclamador.png?fit=1200%2C144&ssl=1","contentUrl":"https:\/\/i0.wp.com\/www.reclamador.es\/blog\/wp-content\/uploads\/2020\/01\/logo-reclamador.png?fit=1200%2C144&ssl=1","width":1200,"height":144,"caption":"reclamador.es"},"image":{"@id":"https:\/\/www.reclamador.es\/blog\/#\/schema\/logo\/image\/"},"sameAs":["https:\/\/www.facebook.com\/reclamador.es","https:\/\/x.com\/reclamador","https:\/\/www.instagram.com\/reclamador.es\/","https:\/\/www.linkedin.com\/company\/reclamador-es","https:\/\/www.youtube.com\/user\/Reclamadores"]},{"@type":"Person","@id":"https:\/\/www.reclamador.es\/blog\/#\/schema\/person\/2a9d121a6362255b8129c6fda9caffd5","name":"Alicia Ria\u00f1o","image":{"@type":"ImageObject","inLanguage":"es","@id":"https:\/\/secure.gravatar.com\/avatar\/2915f7664bf5ed4baf932328fabfe761f32f21ec1b577e7d54a7fee6613de25f?s=96&d=mm&r=g","url":"https:\/\/secure.gravatar.com\/avatar\/2915f7664bf5ed4baf932328fabfe761f32f21ec1b577e7d54a7fee6613de25f?s=96&d=mm&r=g","contentUrl":"https:\/\/secure.gravatar.com\/avatar\/2915f7664bf5ed4baf932328fabfe761f32f21ec1b577e7d54a7fee6613de25f?s=96&d=mm&r=g","caption":"Alicia Ria\u00f1o"},"description":"Periodista experta en comunicaci\u00f3n y marketing digital. Escribo para acercar la informaci\u00f3n legal de forma sencilla y comprensible a las personas.","sameAs":["https:\/\/www.linkedin.com\/in\/alicia-r-932a2959"],"url":"https:\/\/www.reclamador.es\/blog\/author\/alicia-riano\/"}]}},"jetpack_featured_media_url":"https:\/\/i0.wp.com\/www.reclamador.es\/blog\/wp-content\/uploads\/2023\/07\/equipaje-ecologico.jpg?fit=1198%2C683&ssl=1","jetpack-related-posts":[{"id":18816,"url":"https:\/\/www.reclamador.es\/blog\/consejos-para-tu-equipaje-antes-de-volar\/","url_meta":{"origin":31259,"position":0},"title":"Consejos para preparar el equipaje antes de un vuelo","author":"Equipo reclamador","date":"8 agosto, 2023","format":false,"excerpt":"*Contenido revisado mayo 2025 La tarea de hacer la maleta para viajar en avi\u00f3n y\u00a0preparar todo el equipaje, es de esas cosas que pueden parecer muy sencillas, pero que no lo son tanto. Ya sea por espacio en la maleta o por las restricciones que existan, antes de volar, es\u2026","rel":"","context":"En \u00abConsejos legales\u00bb","block_context":{"text":"Consejos legales","link":"https:\/\/www.reclamador.es\/blog\/consejos\/"},"img":{"alt_text":"hacer la maleta reclamador","src":"https:\/\/i0.wp.com\/www.reclamador.es\/blog\/wp-content\/uploads\/2019\/08\/hacer-la-maleta-viaje-avion_destacada.jpg?fit=800%2C419&ssl=1&resize=350%2C200","width":350,"height":200,"srcset":"https:\/\/i0.wp.com\/www.reclamador.es\/blog\/wp-content\/uploads\/2019\/08\/hacer-la-maleta-viaje-avion_destacada.jpg?fit=800%2C419&ssl=1&resize=350%2C200 1x, https:\/\/i0.wp.com\/www.reclamador.es\/blog\/wp-content\/uploads\/2019\/08\/hacer-la-maleta-viaje-avion_destacada.jpg?fit=800%2C419&ssl=1&resize=525%2C300 1.5x, https:\/\/i0.wp.com\/www.reclamador.es\/blog\/wp-content\/uploads\/2019\/08\/hacer-la-maleta-viaje-avion_destacada.jpg?fit=800%2C419&ssl=1&resize=700%2C400 2x"},"classes":[]},{"id":22747,"url":"https:\/\/www.reclamador.es\/blog\/trucos-pasar-rapido-control-de-seguridad-aeropuerto\/","url_meta":{"origin":31259,"position":1},"title":"Consejos para pasar m\u00e1s r\u00e1pido el control de seguridad del aeropuerto","author":"Alicia Ria\u00f1o","date":"17 junio, 2023","format":false,"excerpt":"A los viajes en avi\u00f3n, hay que llegar con tiempo suficiente para pasar el control de seguridad del aeropuerto. Si pierdes tu vuelo por esa interminable espera en la zona de seguridad, no podr\u00e1s reclamar una compensaci\u00f3n a la aerol\u00ednea y, si quieres volar, deber\u00e1s comprar un nuevo billete de\u2026","rel":"","context":"En \u00abConsejos legales\u00bb","block_context":{"text":"Consejos legales","link":"https:\/\/www.reclamador.es\/blog\/consejos\/"},"img":{"alt_text":"control de seguridad del aeropuerto","src":"https:\/\/i0.wp.com\/www.reclamador.es\/blog\/wp-content\/uploads\/2022\/05\/pasar-rapido-control-de-seguridad-aeropuerto-1200x630-1.jpg?fit=1200%2C630&ssl=1&resize=350%2C200","width":350,"height":200,"srcset":"https:\/\/i0.wp.com\/www.reclamador.es\/blog\/wp-content\/uploads\/2022\/05\/pasar-rapido-control-de-seguridad-aeropuerto-1200x630-1.jpg?fit=1200%2C630&ssl=1&resize=350%2C200 1x, https:\/\/i0.wp.com\/www.reclamador.es\/blog\/wp-content\/uploads\/2022\/05\/pasar-rapido-control-de-seguridad-aeropuerto-1200x630-1.jpg?fit=1200%2C630&ssl=1&resize=525%2C300 1.5x, https:\/\/i0.wp.com\/www.reclamador.es\/blog\/wp-content\/uploads\/2022\/05\/pasar-rapido-control-de-seguridad-aeropuerto-1200x630-1.jpg?fit=1200%2C630&ssl=1&resize=700%2C400 2x, https:\/\/i0.wp.com\/www.reclamador.es\/blog\/wp-content\/uploads\/2022\/05\/pasar-rapido-control-de-seguridad-aeropuerto-1200x630-1.jpg?fit=1200%2C630&ssl=1&resize=1050%2C600 3x"},"classes":[]},{"id":34301,"url":"https:\/\/www.reclamador.es\/blog\/mejores-tipos-de-maletas-segun-tu-viaje\/","url_meta":{"origin":31259,"position":2},"title":"Los mejores tipos de maletas seg\u00fan tu viaje","author":"Alicia Ria\u00f1o","date":"23 mayo, 2025","format":false,"excerpt":"Dadas las cada vez m\u00e1s restrictivas pol\u00edticas de equipaje de las aerol\u00edneas, as\u00ed como los diferentes tipos de bolsas, mochilas y maletas existentes y permitidas seg\u00fan cada tarifa y cada compa\u00f1\u00eda a\u00e9rea, vamos a abordar en este art\u00edculo los mejores tipos de maletas seg\u00fan tu viaje.\u00a0 Maleta de mano: la\u2026","rel":"","context":"En \u00abConsejos legales\u00bb","block_context":{"text":"Consejos legales","link":"https:\/\/www.reclamador.es\/blog\/consejos\/"},"img":{"alt_text":"tipos de maletas para volar","src":"https:\/\/i0.wp.com\/www.reclamador.es\/blog\/wp-content\/uploads\/2025\/05\/los-mejores-tipos-de-maletas-segun-tu-viaje-1200x630-1.jpg?fit=1200%2C630&ssl=1&resize=350%2C200","width":350,"height":200,"srcset":"https:\/\/i0.wp.com\/www.reclamador.es\/blog\/wp-content\/uploads\/2025\/05\/los-mejores-tipos-de-maletas-segun-tu-viaje-1200x630-1.jpg?fit=1200%2C630&ssl=1&resize=350%2C200 1x, https:\/\/i0.wp.com\/www.reclamador.es\/blog\/wp-content\/uploads\/2025\/05\/los-mejores-tipos-de-maletas-segun-tu-viaje-1200x630-1.jpg?fit=1200%2C630&ssl=1&resize=525%2C300 1.5x, https:\/\/i0.wp.com\/www.reclamador.es\/blog\/wp-content\/uploads\/2025\/05\/los-mejores-tipos-de-maletas-segun-tu-viaje-1200x630-1.jpg?fit=1200%2C630&ssl=1&resize=700%2C400 2x, https:\/\/i0.wp.com\/www.reclamador.es\/blog\/wp-content\/uploads\/2025\/05\/los-mejores-tipos-de-maletas-segun-tu-viaje-1200x630-1.jpg?fit=1200%2C630&ssl=1&resize=1050%2C600 3x"},"classes":[]},{"id":34512,"url":"https:\/\/www.reclamador.es\/blog\/regla-5-4-3-2-1-para-hacer-una-maleta\/","url_meta":{"origin":31259,"position":3},"title":"\u00bfQu\u00e9 significa la regla 5-4-3-2-1 para hacer una maleta?","author":"Alicia Ria\u00f1o","date":"23 junio, 2025","format":false,"excerpt":"La regla 5-4-3-2-1 para hacer una maleta la dio a conocer hace ya 10 a\u00f1os la bloguera Vanderzeil, pero sigue de tremenda actualidad y, por supuesto, se considera una de las principales estrategias para preparar el mejor equipaje, especialmente en aquellos en los que no se cuenta con demasiado espacio,\u2026","rel":"","context":"En \u00abConsejos legales\u00bb","block_context":{"text":"Consejos legales","link":"https:\/\/www.reclamador.es\/blog\/consejos\/"},"img":{"alt_text":"Regla 5-4-3-2-1 para hacer una maleta viaje en avi\u00f3n -preparar equipaje","src":"https:\/\/i0.wp.com\/www.reclamador.es\/blog\/wp-content\/uploads\/2025\/06\/regla-5-4-3-2-1-para-hacer-una-maleta.jpg?resize=350%2C200&ssl=1","width":350,"height":200,"srcset":"https:\/\/i0.wp.com\/www.reclamador.es\/blog\/wp-content\/uploads\/2025\/06\/regla-5-4-3-2-1-para-hacer-una-maleta.jpg?resize=350%2C200&ssl=1 1x, https:\/\/i0.wp.com\/www.reclamador.es\/blog\/wp-content\/uploads\/2025\/06\/regla-5-4-3-2-1-para-hacer-una-maleta.jpg?resize=525%2C300&ssl=1 1.5x, https:\/\/i0.wp.com\/www.reclamador.es\/blog\/wp-content\/uploads\/2025\/06\/regla-5-4-3-2-1-para-hacer-una-maleta.jpg?resize=700%2C400&ssl=1 2x, https:\/\/i0.wp.com\/www.reclamador.es\/blog\/wp-content\/uploads\/2025\/06\/regla-5-4-3-2-1-para-hacer-una-maleta.jpg?resize=1050%2C600&ssl=1 3x"},"classes":[]},{"id":29280,"url":"https:\/\/www.reclamador.es\/blog\/problemas-habituales-equipaje-facturado\/","url_meta":{"origin":31259,"position":4},"title":"Problemas m\u00e1s habituales que sufren los pasajeros a\u00e9reos con el equipaje facturado","author":"Equipo reclamador","date":"17 febrero, 2022","format":false,"excerpt":"*Contenido actualizado mayo 2025 Los problemas de equipaje son, por volumen, la tercera causa de reclamaci\u00f3n a compa\u00f1\u00edas a\u00e9reas, por detr\u00e1s de las cancelaciones de vuelos y los retrasos. Pero \u00bfCu\u00e1les son esos problemas a los que se enfrentan los viajeros con su equipaje facturado? Pues, adem\u00e1s del extrav\u00edo del\u2026","rel":"","context":"En \u00abConsejos legales\u00bb","block_context":{"text":"Consejos legales","link":"https:\/\/www.reclamador.es\/blog\/consejos\/"},"img":{"alt_text":"problemas con el equipaje facturado","src":"https:\/\/i0.wp.com\/www.reclamador.es\/blog\/wp-content\/uploads\/2022\/02\/problemas-equipaje-aerolineas-danos-en-el-equipaje.jpg?fit=1200%2C668&ssl=1&resize=350%2C200","width":350,"height":200,"srcset":"https:\/\/i0.wp.com\/www.reclamador.es\/blog\/wp-content\/uploads\/2022\/02\/problemas-equipaje-aerolineas-danos-en-el-equipaje.jpg?fit=1200%2C668&ssl=1&resize=350%2C200 1x, https:\/\/i0.wp.com\/www.reclamador.es\/blog\/wp-content\/uploads\/2022\/02\/problemas-equipaje-aerolineas-danos-en-el-equipaje.jpg?fit=1200%2C668&ssl=1&resize=525%2C300 1.5x, https:\/\/i0.wp.com\/www.reclamador.es\/blog\/wp-content\/uploads\/2022\/02\/problemas-equipaje-aerolineas-danos-en-el-equipaje.jpg?fit=1200%2C668&ssl=1&resize=700%2C400 2x, https:\/\/i0.wp.com\/www.reclamador.es\/blog\/wp-content\/uploads\/2022\/02\/problemas-equipaje-aerolineas-danos-en-el-equipaje.jpg?fit=1200%2C668&ssl=1&resize=1050%2C600 3x"},"classes":[]},{"id":33953,"url":"https:\/\/www.reclamador.es\/blog\/se-puede-llevar-paraguas-en-el-avion-equipaje-de-mano-y-facturado\/","url_meta":{"origin":31259,"position":5},"title":"\u00bfSe puede llevar paraguas en el avi\u00f3n? Equipaje de mano y facturado","author":"Equipo reclamador","date":"8 abril, 2025","format":false,"excerpt":"\u00bfQui\u00e9n no se ha ido de viaje y ha pensado en llevarse un paraguas porque en el destino la previsi\u00f3n meteorol\u00f3gica da altas probabilidades de lluvia? Cuando el trayecto es en coche, tren o autob\u00fas no hay dudas, pero cuando se trata de un viaje en avi\u00f3n s\u00ed surge la\u2026","rel":"","context":"En \u00abConsejos legales\u00bb","block_context":{"text":"Consejos legales","link":"https:\/\/www.reclamador.es\/blog\/consejos\/"},"img":{"alt_text":"se puede llevar paraguas en el equipaje de mano","src":"https:\/\/i0.wp.com\/www.reclamador.es\/blog\/wp-content\/uploads\/2025\/04\/paraguas-en-el-avion-1200x630-1.jpg?fit=1200%2C630&ssl=1&resize=350%2C200","width":350,"height":200,"srcset":"https:\/\/i0.wp.com\/www.reclamador.es\/blog\/wp-content\/uploads\/2025\/04\/paraguas-en-el-avion-1200x630-1.jpg?fit=1200%2C630&ssl=1&resize=350%2C200 1x, https:\/\/i0.wp.com\/www.reclamador.es\/blog\/wp-content\/uploads\/2025\/04\/paraguas-en-el-avion-1200x630-1.jpg?fit=1200%2C630&ssl=1&resize=525%2C300 1.5x, https:\/\/i0.wp.com\/www.reclamador.es\/blog\/wp-content\/uploads\/2025\/04\/paraguas-en-el-avion-1200x630-1.jpg?fit=1200%2C630&ssl=1&resize=700%2C400 2x, https:\/\/i0.wp.com\/www.reclamador.es\/blog\/wp-content\/uploads\/2025\/04\/paraguas-en-el-avion-1200x630-1.jpg?fit=1200%2C630&ssl=1&resize=1050%2C600 3x"},"classes":[]}],"jetpack_sharing_enabled":true,"_links":{"self":[{"href":"https:\/\/www.reclamador.es\/blog\/wp-json\/wp\/v2\/posts\/31259","targetHints":{"allow":["GET"]}}],"collection":[{"href":"https:\/\/www.reclamador.es\/blog\/wp-json\/wp\/v2\/posts"}],"about":[{"href":"https:\/\/www.reclamador.es\/blog\/wp-json\/wp\/v2\/types\/post"}],"author":[{"embeddable":true,"href":"https:\/\/www.reclamador.es\/blog\/wp-json\/wp\/v2\/users\/28"}],"replies":[{"embeddable":true,"href":"https:\/\/www.reclamador.es\/blog\/wp-json\/wp\/v2\/comments?post=31259"}],"version-history":[{"count":7,"href":"https:\/\/www.reclamador.es\/blog\/wp-json\/wp\/v2\/posts\/31259\/revisions"}],"predecessor-version":[{"id":34339,"href":"https:\/\/www.reclamador.es\/blog\/wp-json\/wp\/v2\/posts\/31259\/revisions\/34339"}],"wp:featuredmedia":[{"embeddable":true,"href":"https:\/\/www.reclamador.es\/blog\/wp-json\/wp\/v2\/media\/31262"}],"wp:attachment":[{"href":"https:\/\/www.reclamador.es\/blog\/wp-json\/wp\/v2\/media?parent=31259"}],"wp:term":[{"taxonomy":"category","embeddable":true,"href":"https:\/\/www.reclamador.es\/blog\/wp-json\/wp\/v2\/categories?post=31259"},{"taxonomy":"post_tag","embeddable":true,"href":"https:\/\/www.reclamador.es\/blog\/wp-json\/wp\/v2\/tags?post=31259"}],"curies":[{"name":"wp","href":"https:\/\/api.w.org\/{rel}","templated":true}]}}