{"id":30826,"date":"2023-03-08T11:55:24","date_gmt":"2023-03-08T10:55:24","guid":{"rendered":"https:\/\/www.reclamador.es\/blog\/?p=30826"},"modified":"2023-03-08T11:55:28","modified_gmt":"2023-03-08T10:55:28","slug":"8-marzo-dia-internacional-de-la-mujer","status":"publish","type":"post","link":"https:\/\/www.reclamador.es\/blog\/8-marzo-dia-internacional-de-la-mujer\/","title":{"rendered":"8 de marzo: D\u00eda Internacional de la Mujer"},"content":{"rendered":"<div class=\"ttr_start\"><\/div>\n\n<div class=\"kk-star-ratings kksr-auto kksr-align-right kksr-valign-top\"\n    data-payload='{&quot;align&quot;:&quot;right&quot;,&quot;id&quot;:&quot;30826&quot;,&quot;slug&quot;:&quot;default&quot;,&quot;valign&quot;:&quot;top&quot;,&quot;ignore&quot;:&quot;&quot;,&quot;reference&quot;:&quot;auto&quot;,&quot;class&quot;:&quot;&quot;,&quot;count&quot;:&quot;4&quot;,&quot;legendonly&quot;:&quot;&quot;,&quot;readonly&quot;:&quot;&quot;,&quot;score&quot;:&quot;5&quot;,&quot;starsonly&quot;:&quot;&quot;,&quot;best&quot;:&quot;5&quot;,&quot;gap&quot;:&quot;3&quot;,&quot;greet&quot;:&quot;Valora este art\u00edculo&quot;,&quot;legend&quot;:&quot;5\\\/5 - (4 votos)&quot;,&quot;size&quot;:&quot;20&quot;,&quot;title&quot;:&quot;8 de marzo: D\u00eda Internacional de la Mujer&quot;,&quot;width&quot;:&quot;113.5&quot;,&quot;_legend&quot;:&quot;{score}\\\/{best} - ({count} {votes})&quot;,&quot;font_factor&quot;:&quot;1.25&quot;}'>\n            \n<div class=\"kksr-stars\">\n    \n<div class=\"kksr-stars-inactive\">\n            <div class=\"kksr-star\" data-star=\"1\" style=\"padding-right: 3px\">\n            \n\n<div class=\"kksr-icon\" style=\"width: 20px; height: 20px;\"><\/div>\n        <\/div>\n            <div class=\"kksr-star\" data-star=\"2\" style=\"padding-right: 3px\">\n            \n\n<div class=\"kksr-icon\" style=\"width: 20px; height: 20px;\"><\/div>\n        <\/div>\n            <div class=\"kksr-star\" data-star=\"3\" style=\"padding-right: 3px\">\n            \n\n<div class=\"kksr-icon\" style=\"width: 20px; height: 20px;\"><\/div>\n        <\/div>\n            <div class=\"kksr-star\" data-star=\"4\" style=\"padding-right: 3px\">\n            \n\n<div class=\"kksr-icon\" style=\"width: 20px; height: 20px;\"><\/div>\n        <\/div>\n            <div class=\"kksr-star\" data-star=\"5\" style=\"padding-right: 3px\">\n            \n\n<div class=\"kksr-icon\" style=\"width: 20px; height: 20px;\"><\/div>\n        <\/div>\n    <\/div>\n    \n<div class=\"kksr-stars-active\" style=\"width: 113.5px;\">\n            <div class=\"kksr-star\" style=\"padding-right: 3px\">\n            \n\n<div class=\"kksr-icon\" style=\"width: 20px; height: 20px;\"><\/div>\n        <\/div>\n            <div class=\"kksr-star\" style=\"padding-right: 3px\">\n            \n\n<div class=\"kksr-icon\" style=\"width: 20px; height: 20px;\"><\/div>\n        <\/div>\n            <div class=\"kksr-star\" style=\"padding-right: 3px\">\n            \n\n<div class=\"kksr-icon\" style=\"width: 20px; height: 20px;\"><\/div>\n        <\/div>\n            <div class=\"kksr-star\" style=\"padding-right: 3px\">\n            \n\n<div class=\"kksr-icon\" style=\"width: 20px; height: 20px;\"><\/div>\n        <\/div>\n            <div class=\"kksr-star\" style=\"padding-right: 3px\">\n            \n\n<div class=\"kksr-icon\" style=\"width: 20px; height: 20px;\"><\/div>\n        <\/div>\n    <\/div>\n<\/div>\n                \n\n<div class=\"kksr-legend\" style=\"font-size: 16px;\">\n            5\/5 - (4 votos)    <\/div>\n    <\/div>\n\n<figure id=\"attachment_30827\" aria-describedby=\"caption-attachment-30827\" style=\"width: 1200px\" class=\"wp-caption aligncenter\"><img data-recalc-dims=\"1\" loading=\"lazy\" decoding=\"async\" class=\"size-full wp-image-30827\" src=\"https:\/\/i0.wp.com\/www.reclamador.es\/blog\/wp-content\/uploads\/2023\/03\/8m.jpg?resize=1200%2C675&#038;ssl=1\" alt=\"D\u00eda Internacional de la Mujer\" width=\"1200\" height=\"675\" srcset=\"https:\/\/i0.wp.com\/www.reclamador.es\/blog\/wp-content\/uploads\/2023\/03\/8m.jpg?w=1200&amp;ssl=1 1200w, https:\/\/i0.wp.com\/www.reclamador.es\/blog\/wp-content\/uploads\/2023\/03\/8m.jpg?resize=800%2C450&amp;ssl=1 800w, https:\/\/i0.wp.com\/www.reclamador.es\/blog\/wp-content\/uploads\/2023\/03\/8m.jpg?resize=150%2C84&amp;ssl=1 150w, https:\/\/i0.wp.com\/www.reclamador.es\/blog\/wp-content\/uploads\/2023\/03\/8m.jpg?resize=768%2C432&amp;ssl=1 768w\" sizes=\"auto, (max-width: 1000px) 100vw, 1000px\" \/><figcaption id=\"caption-attachment-30827\" class=\"wp-caption-text\"><em>D\u00eda Internacional de la Mujer<\/em><\/figcaption><\/figure>\n<p><span style=\"font-weight: 400;\">Miles de mujeres salen a las calles de todo el mundo cada 8 de marzo para conmemorar el <strong>D\u00eda Internacional de la Mujer<\/strong> y reivindicar su derecho a una igualdad real y efectiva entre ambos sexos.<\/span><\/p>\n<p><span style=\"font-weight: 400;\">En muchos pa\u00edses del mundo se manifiestan por el simple derecho a no ser asesinada, violada ni abusada por ser mujer\u2026. Pero tambi\u00e9n se alza la voz por tener un puesto de trabajo, o <\/span><a href=\"https:\/\/www.reclamador.es\/blog\/reclamador-junto-al-dia-europeo-de-la-igualdad-salarial\/\"><span style=\"font-weight: 400;\">recibir el mismo sueldo que un hombre<\/span><\/a><span style=\"font-weight: 400;\">, a la corresponsabilidad dom\u00e9stica o el famoso techo de cristal\u2026\u00a0<\/span><\/p>\n<p><span style=\"font-weight: 400;\"><strong>\u00bfSabes c\u00f3mo es la situaci\u00f3n en otros pa\u00edses del mundo de las mujeres?<\/strong> \u00bfQu\u00e9 acciones est\u00e1n tomando los organismos internacionales al respecto? Sigue leyendo, te lo contamos:\u00a0<\/span><\/p>\n<h2><b>Situaci\u00f3n de las mujeres en el mundo: datos, derechos y libertades<\/b><\/h2>\n<p><span style=\"font-weight: 400;\">Seg\u00fan la <\/span><a href=\"https:\/\/www.un.org\/sustainabledevelopment\/es\/gender-equality\/\"><span style=\"font-weight: 400;\">ONU<\/span><\/a> <span style=\"font-weight: 400;\">(datos hasta finales de 2021), en 18 pa\u00edses del mundo, los maridos pueden impedir legalmente a sus esposas que trabajen. Adem\u00e1s, en 39 pa\u00edses las mujeres no tienen los mismos derechos de herencia que los hombres.\u00a0<\/span><\/p>\n<p><span style=\"font-weight: 400;\">En 49 pa\u00edses no hay leyes que las protejan de la violencia dom\u00e9stica: una de cada cinco mujeres y ni\u00f1as han sufrido violencia f\u00edsica y\/o sexual por parte de su pareja.\u00a0<\/span><\/p>\n<p><span style=\"font-weight: 400;\">Aunque la presencia de las mujeres en la pol\u00edtica ha aumentado en los \u00faltimos a\u00f1os, su presencia media en los parlamentos nacionales es de en torno el 23,7%.<\/span><\/p>\n<p><span style=\"font-weight: 400;\">Algunos de los pa\u00edses con mayor desigualdad de g\u00e9nero son: Pakist\u00e1n, Rep\u00fablica Centroafricana, Somalia, Sierra Leona, Sud\u00e1n, Chad, Rep\u00fablica del Congo, Sud\u00e1n del Sur, Siria y Afganist\u00e1n.<\/span><\/p>\n<p><span style=\"font-weight: 400;\">Justamente, en Afganist\u00e1n los talibanes est\u00e1n <strong>aumentando las restricciones y libertades de las mujeres<\/strong>, que ven c\u00f3mo cada vez sus derechos se est\u00e1n deteriorando. Recientemente se ha prohibido ir a las mujeres a la Universidad, no se puede mostrar ninguna parte del cuerpo, no se puede salir de casa sin el acompa\u00f1amiento de un hombre de parentesco cercano, ni el trabajo fuera del hogar salvo algunas doctoras y enfermeras.\u00a0<\/span><\/p>\n<h2><b>Iniciativas internacionales: Objetivos de desarrollo sostenible\u00a0<\/b><\/h2>\n<p><span style=\"font-weight: 400;\">Para las Naciones Unidas, \u201c<\/span><span style=\"font-weight: 400;\">la <\/span><a href=\"https:\/\/www.un.org\/sustainabledevelopment\/es\/gender-equality\/\"><span style=\"font-weight: 400;\">igualdad de g\u00e9nero<\/span><\/a> <span style=\"font-weight: 400;\">no solo es un derecho humano fundamental, sino que es uno de los fundamentos esenciales para construir un mundo pac\u00edfico, pr\u00f3spero y sostenible\u201d.\u00a0<\/span><\/p>\n<p><span style=\"font-weight: 400;\">En la Cumbre de las Naciones Unidas sobre Desarrollo Sostenible celebrada del 25 al 27 de septiembre del 2015 en Nueva York, se establecieron los Objetivos de Desarrollo Sostenible (ODS). Con estos 17 objetivos, todos los pa\u00edses miembros de la ONU se comprometieron (para as\u00ed tambi\u00e9n influir en las sociedades, empresas y otros organismos) a luchar contra la pobreza y la desigualdad en el mundo.\u00a0<\/span><\/p>\n<p><span style=\"font-weight: 400;\">El quinto de estos objetivos es: <strong>\u201cLograr la igualdad entre los g\u00e9neros y empoderar a todas las mujeres y las ni\u00f1as\u201d<\/strong>.<\/span><\/p>\n<p style=\"text-align: center;\"><a href=\"https:\/\/www.reclamador.es\/blog\/las-mujeres-reclaman-menos\/\"><b>Radiograf\u00eda de g\u00e9nero: las mujeres reclaman menos<\/b><\/a><\/p>\n<p><span style=\"font-weight: 400;\">Se han conseguido muchos avances, pero a pesar de ello, las mujeres del mundo siguen teniendo que luchar d\u00eda a d\u00eda por hacerse un hueco, reclamar sus derechos o simplemente asegurar su supervivencia.\u00a0\u00a0<\/span><\/p>\n<p><span style=\"font-weight: 400;\">Recordemos que<\/span> <a href=\"https:\/\/www.un.org\/sustainabledevelopment\/es\/wp-content\/uploads\/sites\/3\/2016\/10\/5_Spanish_Why_it_Matters.pdf\"><span style=\"font-weight: 400;\">la igualdad de g\u00e9nero es un derecho fundamental<\/span><\/a> <span style=\"font-weight: 400;\">y es esencial para todos los \u00e1mbitos de una sociedad justa y sana: desde la reducci\u00f3n de la pobreza, hasta la mejora de la salud, la educaci\u00f3n y el bienestar de los ni\u00f1os y ni\u00f1as.\u00a0\u00a0<\/span><\/p>\n<h2><b>Las mujeres en reclamador.es<\/b><\/h2>\n<p><span style=\"font-weight: 400;\">Gran parte del equipo de reclamador.es est\u00e1 formado por abogados y abogadas, defienden y reivindican los derechos de todas las personas; y m\u00e1s a\u00fan, alzan la voz por una igualdad efectiva y real. Adem\u00e1s, casi el 70% de toda la plantilla son mujeres. Los puestos directivos lo ocupan al 50% &#8211; 50% hombres y mujeres; y el 100% de los cargos intermedios lo lideran mujeres.\u00a0<\/span><\/p>\n<p><span style=\"font-weight: 400;\">Podemos decir con orgullo que nunca ha hecho falta hacer ning\u00fan tipo de distinci\u00f3n o protocolo de equidad porque todos somos iguales en derecho y libertades. Defendemos lo que es justo para todos y damos ejemplo. As\u00ed ya llevamos diez a\u00f1os reci\u00e9n cumplidos trabajando por nuestros clientes y siendo l\u00edderes en <\/span><a href=\"https:\/\/www.reclamador.es\/aerolineas\/\"><span style=\"font-weight: 400;\">reclamaciones <\/span><span style=\"font-weight: 400;\">a <\/span><span style=\"font-weight: 400;\">aerol\u00edneas<\/span><\/a> <span style=\"font-weight: 400;\">y <\/span><a href=\"https:\/\/www.reclamador.es\/banco\/\"><span style=\"font-weight: 400;\">bancos<\/span><\/a><span style=\"font-weight: 400;\">.\u00a0<\/span><\/p>\n<p><strong>En definitiva, en reclamador.es apostamos por un mundo mejor, y eso solo es posible con un mundo justo. Porque todas las personas somos iguales.<\/strong><\/p>\n<h2 style=\"text-align: center;\"><strong>\u00a1Feliz D\u00eda de la Mujer!<\/strong><\/h2>\n<p><span style=\"font-weight: 400;\">Si te ha gustado el contenido de este post, comp\u00e1rtelo en tus redes sociales! \ud83d\ude09<\/span><\/p>\n<div class=\"ttr_end\"><\/div>","protected":false},"excerpt":{"rendered":"<p>D\u00eda Internacional de la Mujer<\/p>\n","protected":false},"author":1,"featured_media":30827,"comment_status":"open","ping_status":"open","sticky":false,"template":"","format":"standard","meta":{"_acf_changed":false,"_genesis_hide_title":false,"_genesis_hide_breadcrumbs":false,"_genesis_hide_singular_image":false,"_genesis_hide_footer_widgets":false,"_genesis_custom_body_class":"","_genesis_custom_post_class":"","_genesis_layout":"","_jetpack_newsletter_access":"","_jetpack_dont_email_post_to_subs":false,"_jetpack_newsletter_tier_id":0,"_jetpack_memberships_contains_paywalled_content":false,"_jetpack_memberships_contains_paid_content":false,"footnotes":""},"categories":[392],"tags":[762],"class_list":{"0":"post-30826","1":"post","2":"type-post","3":"status-publish","4":"format-standard","5":"has-post-thumbnail","7":"category-noticias","8":"tag-servicios","9":"entry"},"acf":[],"yoast_head":"<!-- This site is optimized with the Yoast SEO plugin v27.4 - https:\/\/yoast.com\/product\/yoast-seo-wordpress\/ -->\n<title>8 de marzo, celebra el D\u00eda Internacional de la Mujer<\/title>\n<meta name=\"description\" content=\"8 de marzo, celebra y reivindica el D\u00eda Internacional de la Mujer con reclamador.es y conoce su situaci\u00f3n en el mundo\" \/>\n<meta name=\"robots\" content=\"index, follow, max-snippet:-1, max-image-preview:large, max-video-preview:-1\" \/>\n<link rel=\"canonical\" href=\"https:\/\/www.reclamador.es\/blog\/8-marzo-dia-internacional-de-la-mujer\/\" \/>\n<meta property=\"og:locale\" content=\"es_ES\" \/>\n<meta property=\"og:type\" content=\"article\" \/>\n<meta property=\"og:title\" content=\"8 de marzo, celebra el D\u00eda Internacional de la Mujer\" \/>\n<meta property=\"og:description\" content=\"8 de marzo, celebra y reivindica el D\u00eda Internacional de la Mujer con reclamador.es y conoce su situaci\u00f3n en el mundo\" \/>\n<meta property=\"og:url\" content=\"https:\/\/www.reclamador.es\/blog\/8-marzo-dia-internacional-de-la-mujer\/\" \/>\n<meta property=\"og:site_name\" content=\"Rebeldes con causa, el blog de reclamador.es\" \/>\n<meta property=\"article:publisher\" content=\"https:\/\/www.facebook.com\/reclamador.es\" \/>\n<meta property=\"article:published_time\" content=\"2023-03-08T10:55:24+00:00\" \/>\n<meta property=\"article:modified_time\" content=\"2023-03-08T10:55:28+00:00\" \/>\n<meta property=\"og:image\" content=\"https:\/\/i0.wp.com\/www.reclamador.es\/blog\/wp-content\/uploads\/2023\/03\/8m.jpg?fit=1200%2C675&ssl=1\" \/>\n\t<meta property=\"og:image:width\" content=\"1200\" \/>\n\t<meta property=\"og:image:height\" content=\"675\" \/>\n\t<meta property=\"og:image:type\" content=\"image\/jpeg\" \/>\n<meta name=\"author\" content=\"Equipo reclamador\" \/>\n<meta name=\"twitter:card\" content=\"summary_large_image\" \/>\n<meta name=\"twitter:creator\" content=\"@reclamador\" \/>\n<meta name=\"twitter:site\" content=\"@reclamador\" \/>\n<meta name=\"twitter:label1\" content=\"Escrito por\" \/>\n\t<meta name=\"twitter:data1\" content=\"Equipo reclamador\" \/>\n\t<meta name=\"twitter:label2\" content=\"Tiempo de lectura\" \/>\n\t<meta name=\"twitter:data2\" content=\"4 minutos\" \/>\n<script type=\"application\/ld+json\" class=\"yoast-schema-graph\">{\"@context\":\"https:\\\/\\\/schema.org\",\"@graph\":[{\"@type\":\"Article\",\"@id\":\"https:\\\/\\\/www.reclamador.es\\\/blog\\\/8-marzo-dia-internacional-de-la-mujer\\\/#article\",\"isPartOf\":{\"@id\":\"https:\\\/\\\/www.reclamador.es\\\/blog\\\/8-marzo-dia-internacional-de-la-mujer\\\/\"},\"author\":{\"name\":\"Equipo reclamador\",\"@id\":\"https:\\\/\\\/www.reclamador.es\\\/blog\\\/#\\\/schema\\\/person\\\/1ed83eef8b6566cb5e4c812d9bc5c4bf\"},\"headline\":\"8 de marzo: D\u00eda Internacional de la Mujer\",\"datePublished\":\"2023-03-08T10:55:24+00:00\",\"dateModified\":\"2023-03-08T10:55:28+00:00\",\"mainEntityOfPage\":{\"@id\":\"https:\\\/\\\/www.reclamador.es\\\/blog\\\/8-marzo-dia-internacional-de-la-mujer\\\/\"},\"wordCount\":765,\"commentCount\":2,\"publisher\":{\"@id\":\"https:\\\/\\\/www.reclamador.es\\\/blog\\\/#organization\"},\"image\":{\"@id\":\"https:\\\/\\\/www.reclamador.es\\\/blog\\\/8-marzo-dia-internacional-de-la-mujer\\\/#primaryimage\"},\"thumbnailUrl\":\"https:\\\/\\\/i0.wp.com\\\/www.reclamador.es\\\/blog\\\/wp-content\\\/uploads\\\/2023\\\/03\\\/8m.jpg?fit=1200%2C675&ssl=1\",\"keywords\":[\"servicios\"],\"articleSection\":[\"Noticias y actualidad\"],\"inLanguage\":\"es\",\"potentialAction\":[{\"@type\":\"CommentAction\",\"name\":\"Comment\",\"target\":[\"https:\\\/\\\/www.reclamador.es\\\/blog\\\/8-marzo-dia-internacional-de-la-mujer\\\/#respond\"]}]},{\"@type\":\"WebPage\",\"@id\":\"https:\\\/\\\/www.reclamador.es\\\/blog\\\/8-marzo-dia-internacional-de-la-mujer\\\/\",\"url\":\"https:\\\/\\\/www.reclamador.es\\\/blog\\\/8-marzo-dia-internacional-de-la-mujer\\\/\",\"name\":\"8 de marzo, celebra el D\u00eda Internacional de la Mujer\",\"isPartOf\":{\"@id\":\"https:\\\/\\\/www.reclamador.es\\\/blog\\\/#website\"},\"primaryImageOfPage\":{\"@id\":\"https:\\\/\\\/www.reclamador.es\\\/blog\\\/8-marzo-dia-internacional-de-la-mujer\\\/#primaryimage\"},\"image\":{\"@id\":\"https:\\\/\\\/www.reclamador.es\\\/blog\\\/8-marzo-dia-internacional-de-la-mujer\\\/#primaryimage\"},\"thumbnailUrl\":\"https:\\\/\\\/i0.wp.com\\\/www.reclamador.es\\\/blog\\\/wp-content\\\/uploads\\\/2023\\\/03\\\/8m.jpg?fit=1200%2C675&ssl=1\",\"datePublished\":\"2023-03-08T10:55:24+00:00\",\"dateModified\":\"2023-03-08T10:55:28+00:00\",\"description\":\"8 de marzo, celebra y reivindica el D\u00eda Internacional de la Mujer con reclamador.es y conoce su situaci\u00f3n en el mundo\",\"breadcrumb\":{\"@id\":\"https:\\\/\\\/www.reclamador.es\\\/blog\\\/8-marzo-dia-internacional-de-la-mujer\\\/#breadcrumb\"},\"inLanguage\":\"es\",\"potentialAction\":[{\"@type\":\"ReadAction\",\"target\":[\"https:\\\/\\\/www.reclamador.es\\\/blog\\\/8-marzo-dia-internacional-de-la-mujer\\\/\"]}]},{\"@type\":\"ImageObject\",\"inLanguage\":\"es\",\"@id\":\"https:\\\/\\\/www.reclamador.es\\\/blog\\\/8-marzo-dia-internacional-de-la-mujer\\\/#primaryimage\",\"url\":\"https:\\\/\\\/i0.wp.com\\\/www.reclamador.es\\\/blog\\\/wp-content\\\/uploads\\\/2023\\\/03\\\/8m.jpg?fit=1200%2C675&ssl=1\",\"contentUrl\":\"https:\\\/\\\/i0.wp.com\\\/www.reclamador.es\\\/blog\\\/wp-content\\\/uploads\\\/2023\\\/03\\\/8m.jpg?fit=1200%2C675&ssl=1\",\"width\":1200,\"height\":675,\"caption\":\"D\u00eda Internacional de la Mujer\"},{\"@type\":\"BreadcrumbList\",\"@id\":\"https:\\\/\\\/www.reclamador.es\\\/blog\\\/8-marzo-dia-internacional-de-la-mujer\\\/#breadcrumb\",\"itemListElement\":[{\"@type\":\"ListItem\",\"position\":1,\"name\":\"Portada\",\"item\":\"https:\\\/\\\/www.reclamador.es\\\/blog\\\/\"},{\"@type\":\"ListItem\",\"position\":2,\"name\":\"8 de marzo: D\u00eda Internacional de la Mujer\"}]},{\"@type\":\"WebSite\",\"@id\":\"https:\\\/\\\/www.reclamador.es\\\/blog\\\/#website\",\"url\":\"https:\\\/\\\/www.reclamador.es\\\/blog\\\/\",\"name\":\"Rebeldes con causa, el blog de reclamador.es\",\"description\":\"Noticias, entrevistas y consejos sobre reclamaciones\",\"publisher\":{\"@id\":\"https:\\\/\\\/www.reclamador.es\\\/blog\\\/#organization\"},\"potentialAction\":[{\"@type\":\"SearchAction\",\"target\":{\"@type\":\"EntryPoint\",\"urlTemplate\":\"https:\\\/\\\/www.reclamador.es\\\/blog\\\/?s={search_term_string}\"},\"query-input\":{\"@type\":\"PropertyValueSpecification\",\"valueRequired\":true,\"valueName\":\"search_term_string\"}}],\"inLanguage\":\"es\"},{\"@type\":\"Organization\",\"@id\":\"https:\\\/\\\/www.reclamador.es\\\/blog\\\/#organization\",\"name\":\"reclamador.es\",\"url\":\"https:\\\/\\\/www.reclamador.es\\\/blog\\\/\",\"logo\":{\"@type\":\"ImageObject\",\"inLanguage\":\"es\",\"@id\":\"https:\\\/\\\/www.reclamador.es\\\/blog\\\/#\\\/schema\\\/logo\\\/image\\\/\",\"url\":\"https:\\\/\\\/i0.wp.com\\\/www.reclamador.es\\\/blog\\\/wp-content\\\/uploads\\\/2020\\\/01\\\/logo-reclamador.png?fit=1200%2C144&ssl=1\",\"contentUrl\":\"https:\\\/\\\/i0.wp.com\\\/www.reclamador.es\\\/blog\\\/wp-content\\\/uploads\\\/2020\\\/01\\\/logo-reclamador.png?fit=1200%2C144&ssl=1\",\"width\":1200,\"height\":144,\"caption\":\"reclamador.es\"},\"image\":{\"@id\":\"https:\\\/\\\/www.reclamador.es\\\/blog\\\/#\\\/schema\\\/logo\\\/image\\\/\"},\"sameAs\":[\"https:\\\/\\\/www.facebook.com\\\/reclamador.es\",\"https:\\\/\\\/x.com\\\/reclamador\",\"https:\\\/\\\/www.instagram.com\\\/reclamador.es\\\/\",\"https:\\\/\\\/www.linkedin.com\\\/company\\\/reclamador-es\",\"https:\\\/\\\/www.youtube.com\\\/user\\\/Reclamadores\"]},{\"@type\":\"Person\",\"@id\":\"https:\\\/\\\/www.reclamador.es\\\/blog\\\/#\\\/schema\\\/person\\\/1ed83eef8b6566cb5e4c812d9bc5c4bf\",\"name\":\"Equipo reclamador\",\"image\":{\"@type\":\"ImageObject\",\"inLanguage\":\"es\",\"@id\":\"https:\\\/\\\/secure.gravatar.com\\\/avatar\\\/6442ecdc2c4472c600c113f34d340feca47107d6aa4f42f1e3e75a2a8e28a760?s=96&d=mm&r=g\",\"url\":\"https:\\\/\\\/secure.gravatar.com\\\/avatar\\\/6442ecdc2c4472c600c113f34d340feca47107d6aa4f42f1e3e75a2a8e28a760?s=96&d=mm&r=g\",\"contentUrl\":\"https:\\\/\\\/secure.gravatar.com\\\/avatar\\\/6442ecdc2c4472c600c113f34d340feca47107d6aa4f42f1e3e75a2a8e28a760?s=96&d=mm&r=g\",\"caption\":\"Equipo reclamador\"},\"description\":\"Las personas que hacen posible reclamador.es\",\"url\":\"https:\\\/\\\/www.reclamador.es\\\/blog\\\/author\\\/administrador\\\/\"}]}<\/script>\n<!-- \/ Yoast SEO plugin. -->","yoast_head_json":{"title":"8 de marzo, celebra el D\u00eda Internacional de la Mujer","description":"8 de marzo, celebra y reivindica el D\u00eda Internacional de la Mujer con reclamador.es y conoce su situaci\u00f3n en el mundo","robots":{"index":"index","follow":"follow","max-snippet":"max-snippet:-1","max-image-preview":"max-image-preview:large","max-video-preview":"max-video-preview:-1"},"canonical":"https:\/\/www.reclamador.es\/blog\/8-marzo-dia-internacional-de-la-mujer\/","og_locale":"es_ES","og_type":"article","og_title":"8 de marzo, celebra el D\u00eda Internacional de la Mujer","og_description":"8 de marzo, celebra y reivindica el D\u00eda Internacional de la Mujer con reclamador.es y conoce su situaci\u00f3n en el mundo","og_url":"https:\/\/www.reclamador.es\/blog\/8-marzo-dia-internacional-de-la-mujer\/","og_site_name":"Rebeldes con causa, el blog de reclamador.es","article_publisher":"https:\/\/www.facebook.com\/reclamador.es","article_published_time":"2023-03-08T10:55:24+00:00","article_modified_time":"2023-03-08T10:55:28+00:00","og_image":[{"width":1200,"height":675,"url":"https:\/\/i0.wp.com\/www.reclamador.es\/blog\/wp-content\/uploads\/2023\/03\/8m.jpg?fit=1200%2C675&ssl=1","type":"image\/jpeg"}],"author":"Equipo reclamador","twitter_card":"summary_large_image","twitter_creator":"@reclamador","twitter_site":"@reclamador","twitter_misc":{"Escrito por":"Equipo reclamador","Tiempo de lectura":"4 minutos"},"schema":{"@context":"https:\/\/schema.org","@graph":[{"@type":"Article","@id":"https:\/\/www.reclamador.es\/blog\/8-marzo-dia-internacional-de-la-mujer\/#article","isPartOf":{"@id":"https:\/\/www.reclamador.es\/blog\/8-marzo-dia-internacional-de-la-mujer\/"},"author":{"name":"Equipo reclamador","@id":"https:\/\/www.reclamador.es\/blog\/#\/schema\/person\/1ed83eef8b6566cb5e4c812d9bc5c4bf"},"headline":"8 de marzo: D\u00eda Internacional de la Mujer","datePublished":"2023-03-08T10:55:24+00:00","dateModified":"2023-03-08T10:55:28+00:00","mainEntityOfPage":{"@id":"https:\/\/www.reclamador.es\/blog\/8-marzo-dia-internacional-de-la-mujer\/"},"wordCount":765,"commentCount":2,"publisher":{"@id":"https:\/\/www.reclamador.es\/blog\/#organization"},"image":{"@id":"https:\/\/www.reclamador.es\/blog\/8-marzo-dia-internacional-de-la-mujer\/#primaryimage"},"thumbnailUrl":"https:\/\/i0.wp.com\/www.reclamador.es\/blog\/wp-content\/uploads\/2023\/03\/8m.jpg?fit=1200%2C675&ssl=1","keywords":["servicios"],"articleSection":["Noticias y actualidad"],"inLanguage":"es","potentialAction":[{"@type":"CommentAction","name":"Comment","target":["https:\/\/www.reclamador.es\/blog\/8-marzo-dia-internacional-de-la-mujer\/#respond"]}]},{"@type":"WebPage","@id":"https:\/\/www.reclamador.es\/blog\/8-marzo-dia-internacional-de-la-mujer\/","url":"https:\/\/www.reclamador.es\/blog\/8-marzo-dia-internacional-de-la-mujer\/","name":"8 de marzo, celebra el D\u00eda Internacional de la Mujer","isPartOf":{"@id":"https:\/\/www.reclamador.es\/blog\/#website"},"primaryImageOfPage":{"@id":"https:\/\/www.reclamador.es\/blog\/8-marzo-dia-internacional-de-la-mujer\/#primaryimage"},"image":{"@id":"https:\/\/www.reclamador.es\/blog\/8-marzo-dia-internacional-de-la-mujer\/#primaryimage"},"thumbnailUrl":"https:\/\/i0.wp.com\/www.reclamador.es\/blog\/wp-content\/uploads\/2023\/03\/8m.jpg?fit=1200%2C675&ssl=1","datePublished":"2023-03-08T10:55:24+00:00","dateModified":"2023-03-08T10:55:28+00:00","description":"8 de marzo, celebra y reivindica el D\u00eda Internacional de la Mujer con reclamador.es y conoce su situaci\u00f3n en el mundo","breadcrumb":{"@id":"https:\/\/www.reclamador.es\/blog\/8-marzo-dia-internacional-de-la-mujer\/#breadcrumb"},"inLanguage":"es","potentialAction":[{"@type":"ReadAction","target":["https:\/\/www.reclamador.es\/blog\/8-marzo-dia-internacional-de-la-mujer\/"]}]},{"@type":"ImageObject","inLanguage":"es","@id":"https:\/\/www.reclamador.es\/blog\/8-marzo-dia-internacional-de-la-mujer\/#primaryimage","url":"https:\/\/i0.wp.com\/www.reclamador.es\/blog\/wp-content\/uploads\/2023\/03\/8m.jpg?fit=1200%2C675&ssl=1","contentUrl":"https:\/\/i0.wp.com\/www.reclamador.es\/blog\/wp-content\/uploads\/2023\/03\/8m.jpg?fit=1200%2C675&ssl=1","width":1200,"height":675,"caption":"D\u00eda Internacional de la Mujer"},{"@type":"BreadcrumbList","@id":"https:\/\/www.reclamador.es\/blog\/8-marzo-dia-internacional-de-la-mujer\/#breadcrumb","itemListElement":[{"@type":"ListItem","position":1,"name":"Portada","item":"https:\/\/www.reclamador.es\/blog\/"},{"@type":"ListItem","position":2,"name":"8 de marzo: D\u00eda Internacional de la Mujer"}]},{"@type":"WebSite","@id":"https:\/\/www.reclamador.es\/blog\/#website","url":"https:\/\/www.reclamador.es\/blog\/","name":"Rebeldes con causa, el blog de reclamador.es","description":"Noticias, entrevistas y consejos sobre reclamaciones","publisher":{"@id":"https:\/\/www.reclamador.es\/blog\/#organization"},"potentialAction":[{"@type":"SearchAction","target":{"@type":"EntryPoint","urlTemplate":"https:\/\/www.reclamador.es\/blog\/?s={search_term_string}"},"query-input":{"@type":"PropertyValueSpecification","valueRequired":true,"valueName":"search_term_string"}}],"inLanguage":"es"},{"@type":"Organization","@id":"https:\/\/www.reclamador.es\/blog\/#organization","name":"reclamador.es","url":"https:\/\/www.reclamador.es\/blog\/","logo":{"@type":"ImageObject","inLanguage":"es","@id":"https:\/\/www.reclamador.es\/blog\/#\/schema\/logo\/image\/","url":"https:\/\/i0.wp.com\/www.reclamador.es\/blog\/wp-content\/uploads\/2020\/01\/logo-reclamador.png?fit=1200%2C144&ssl=1","contentUrl":"https:\/\/i0.wp.com\/www.reclamador.es\/blog\/wp-content\/uploads\/2020\/01\/logo-reclamador.png?fit=1200%2C144&ssl=1","width":1200,"height":144,"caption":"reclamador.es"},"image":{"@id":"https:\/\/www.reclamador.es\/blog\/#\/schema\/logo\/image\/"},"sameAs":["https:\/\/www.facebook.com\/reclamador.es","https:\/\/x.com\/reclamador","https:\/\/www.instagram.com\/reclamador.es\/","https:\/\/www.linkedin.com\/company\/reclamador-es","https:\/\/www.youtube.com\/user\/Reclamadores"]},{"@type":"Person","@id":"https:\/\/www.reclamador.es\/blog\/#\/schema\/person\/1ed83eef8b6566cb5e4c812d9bc5c4bf","name":"Equipo reclamador","image":{"@type":"ImageObject","inLanguage":"es","@id":"https:\/\/secure.gravatar.com\/avatar\/6442ecdc2c4472c600c113f34d340feca47107d6aa4f42f1e3e75a2a8e28a760?s=96&d=mm&r=g","url":"https:\/\/secure.gravatar.com\/avatar\/6442ecdc2c4472c600c113f34d340feca47107d6aa4f42f1e3e75a2a8e28a760?s=96&d=mm&r=g","contentUrl":"https:\/\/secure.gravatar.com\/avatar\/6442ecdc2c4472c600c113f34d340feca47107d6aa4f42f1e3e75a2a8e28a760?s=96&d=mm&r=g","caption":"Equipo reclamador"},"description":"Las personas que hacen posible reclamador.es","url":"https:\/\/www.reclamador.es\/blog\/author\/administrador\/"}]}},"jetpack_featured_media_url":"https:\/\/i0.wp.com\/www.reclamador.es\/blog\/wp-content\/uploads\/2023\/03\/8m.jpg?fit=1200%2C675&ssl=1","jetpack-related-posts":[{"id":29384,"url":"https:\/\/www.reclamador.es\/blog\/dia-mujer-en-reclamador\/","url_meta":{"origin":30826,"position":0},"title":"El papel de las mujeres trabajadoras en reclamador.es","author":"Equipo reclamador","date":"8 marzo, 2022","format":false,"excerpt":"Cada 8 de marzo, desde 1908, se celebra el D\u00eda Internacional de la Mujer o D\u00eda Internacional de la Mujer Trabajadora. En esta fecha, se conmemora y reivindica el papel de la mujer en la sociedad y se pretende dar visibilidad a todos los logros conseguidos a lo largo de\u2026","rel":"","context":"En \u00abConoce todo lo que sucede en reclamador.es\u00bb","block_context":{"text":"Conoce todo lo que sucede en reclamador.es","link":"https:\/\/www.reclamador.es\/blog\/reclamadores\/"},"img":{"alt_text":"dia de la mujer","src":"https:\/\/i0.wp.com\/www.reclamador.es\/blog\/wp-content\/uploads\/2022\/03\/dia-de-la-mujer-8M-reclamador.es_.jpg?fit=1200%2C698&ssl=1&resize=350%2C200","width":350,"height":200,"srcset":"https:\/\/i0.wp.com\/www.reclamador.es\/blog\/wp-content\/uploads\/2022\/03\/dia-de-la-mujer-8M-reclamador.es_.jpg?fit=1200%2C698&ssl=1&resize=350%2C200 1x, https:\/\/i0.wp.com\/www.reclamador.es\/blog\/wp-content\/uploads\/2022\/03\/dia-de-la-mujer-8M-reclamador.es_.jpg?fit=1200%2C698&ssl=1&resize=525%2C300 1.5x, https:\/\/i0.wp.com\/www.reclamador.es\/blog\/wp-content\/uploads\/2022\/03\/dia-de-la-mujer-8M-reclamador.es_.jpg?fit=1200%2C698&ssl=1&resize=700%2C400 2x, https:\/\/i0.wp.com\/www.reclamador.es\/blog\/wp-content\/uploads\/2022\/03\/dia-de-la-mujer-8M-reclamador.es_.jpg?fit=1200%2C698&ssl=1&resize=1050%2C600 3x"},"classes":[]},{"id":21287,"url":"https:\/\/www.reclamador.es\/blog\/preguntas-prohibidas-entrevista-de-trabajo\/","url_meta":{"origin":30826,"position":1},"title":"Preguntas prohibidas en una entrevista de trabajo","author":"Equipo reclamador","date":"8 marzo, 2022","format":false,"excerpt":"Cada 8 de marzo se celebra el D\u00eda Internacional de la Mujer Trabajadora. Tambi\u00e9n conocido como \"D\u00eda de la Mujer\". Una fecha marcada en el calendario para avanzar en la defensa de los derechos de todas las mujeres, tambi\u00e9n en su puesto de trabajo, pues todav\u00eda hoy son muchas las\u2026","rel":"","context":"En \u00abNoticias y actualidad\u00bb","block_context":{"text":"Noticias y actualidad","link":"https:\/\/www.reclamador.es\/blog\/noticias\/"},"img":{"alt_text":"Preguntas prohibidas en una entrevista de trabajo 8M dia de la mujer","src":"https:\/\/i0.wp.com\/www.reclamador.es\/blog\/wp-content\/uploads\/2019\/03\/preguntas-ilegales-en-una-entrevista-de-trabajo.jpg?fit=1200%2C630&ssl=1&resize=350%2C200","width":350,"height":200,"srcset":"https:\/\/i0.wp.com\/www.reclamador.es\/blog\/wp-content\/uploads\/2019\/03\/preguntas-ilegales-en-una-entrevista-de-trabajo.jpg?fit=1200%2C630&ssl=1&resize=350%2C200 1x, https:\/\/i0.wp.com\/www.reclamador.es\/blog\/wp-content\/uploads\/2019\/03\/preguntas-ilegales-en-una-entrevista-de-trabajo.jpg?fit=1200%2C630&ssl=1&resize=525%2C300 1.5x, https:\/\/i0.wp.com\/www.reclamador.es\/blog\/wp-content\/uploads\/2019\/03\/preguntas-ilegales-en-una-entrevista-de-trabajo.jpg?fit=1200%2C630&ssl=1&resize=700%2C400 2x, https:\/\/i0.wp.com\/www.reclamador.es\/blog\/wp-content\/uploads\/2019\/03\/preguntas-ilegales-en-una-entrevista-de-trabajo.jpg?fit=1200%2C630&ssl=1&resize=1050%2C600 3x"},"classes":[]},{"id":30841,"url":"https:\/\/www.reclamador.es\/blog\/dia-internacional-de-los-consumidores\/","url_meta":{"origin":30826,"position":2},"title":"D\u00eda Internacional del Consumidor: \u00bfCu\u00e1les son tus derechos?","author":"Equipo reclamador","date":"15 marzo, 2023","format":false,"excerpt":"D\u00eda Internacional de los Consumidores","rel":"","context":"En \u00abNoticias y actualidad\u00bb","block_context":{"text":"Noticias y actualidad","link":"https:\/\/www.reclamador.es\/blog\/noticias\/"},"img":{"alt_text":"D\u00eda Internacional de los Consumidores","src":"https:\/\/i0.wp.com\/www.reclamador.es\/blog\/wp-content\/uploads\/2023\/03\/Dia-Internacional-de-los-Consumidores.jpg?fit=1200%2C675&ssl=1&resize=350%2C200","width":350,"height":200,"srcset":"https:\/\/i0.wp.com\/www.reclamador.es\/blog\/wp-content\/uploads\/2023\/03\/Dia-Internacional-de-los-Consumidores.jpg?fit=1200%2C675&ssl=1&resize=350%2C200 1x, https:\/\/i0.wp.com\/www.reclamador.es\/blog\/wp-content\/uploads\/2023\/03\/Dia-Internacional-de-los-Consumidores.jpg?fit=1200%2C675&ssl=1&resize=525%2C300 1.5x, https:\/\/i0.wp.com\/www.reclamador.es\/blog\/wp-content\/uploads\/2023\/03\/Dia-Internacional-de-los-Consumidores.jpg?fit=1200%2C675&ssl=1&resize=700%2C400 2x, https:\/\/i0.wp.com\/www.reclamador.es\/blog\/wp-content\/uploads\/2023\/03\/Dia-Internacional-de-los-Consumidores.jpg?fit=1200%2C675&ssl=1&resize=1050%2C600 3x"},"classes":[]},{"id":17365,"url":"https:\/\/www.reclamador.es\/blog\/las-mujeres-reclaman-menos\/","url_meta":{"origin":30826,"position":3},"title":"Radiograf\u00eda de g\u00e9nero: las mujeres reclaman menos","author":"Alicia Ria\u00f1o","date":"8 marzo, 2018","format":false,"excerpt":"\u201cLa prueba para saber si puedes o no hacer un trabajo no deber\u00eda ser la organizaci\u00f3n de tus cromosomas\u201d. Estas palabras fueron pronunciadas por Bella Abzug, pol\u00edtica nacida en 1920 en Estados Unidos y, que hoy en reclamador.es, queremos destacar, pues, como cada 8 de marzo, celebramos el D\u00eda Internacional\u2026","rel":"","context":"En \u00abNoticias y actualidad\u00bb","block_context":{"text":"Noticias y actualidad","link":"https:\/\/www.reclamador.es\/blog\/noticias\/"},"img":{"alt_text":"reclamador - las mujeres reclaman menos","src":"https:\/\/i0.wp.com\/www.reclamador.es\/blog\/wp-content\/uploads\/2018\/03\/dia-internacional-de-la-mujer-reclamador.jpg?fit=1200%2C800&ssl=1&resize=350%2C200","width":350,"height":200,"srcset":"https:\/\/i0.wp.com\/www.reclamador.es\/blog\/wp-content\/uploads\/2018\/03\/dia-internacional-de-la-mujer-reclamador.jpg?fit=1200%2C800&ssl=1&resize=350%2C200 1x, https:\/\/i0.wp.com\/www.reclamador.es\/blog\/wp-content\/uploads\/2018\/03\/dia-internacional-de-la-mujer-reclamador.jpg?fit=1200%2C800&ssl=1&resize=525%2C300 1.5x, https:\/\/i0.wp.com\/www.reclamador.es\/blog\/wp-content\/uploads\/2018\/03\/dia-internacional-de-la-mujer-reclamador.jpg?fit=1200%2C800&ssl=1&resize=700%2C400 2x, https:\/\/i0.wp.com\/www.reclamador.es\/blog\/wp-content\/uploads\/2018\/03\/dia-internacional-de-la-mujer-reclamador.jpg?fit=1200%2C800&ssl=1&resize=1050%2C600 3x"},"classes":[]},{"id":30780,"url":"https:\/\/www.reclamador.es\/blog\/reclamador-junto-al-dia-europeo-de-la-igualdad-salarial\/","url_meta":{"origin":30826,"position":4},"title":"reclamador junto al D\u00eda Europeo de la Igualdad Salarial","author":"Equipo reclamador","date":"22 febrero, 2023","format":false,"excerpt":"D\u00eda Europeo de la Igualdad Salarial","rel":"","context":"En \u00abNoticias y actualidad\u00bb","block_context":{"text":"Noticias y actualidad","link":"https:\/\/www.reclamador.es\/blog\/noticias\/"},"img":{"alt_text":"D\u00eda Europeo de la Igualdad Salarial","src":"https:\/\/i0.wp.com\/www.reclamador.es\/blog\/wp-content\/uploads\/2023\/02\/igualdad-salarial.jpg?fit=1200%2C675&ssl=1&resize=350%2C200","width":350,"height":200,"srcset":"https:\/\/i0.wp.com\/www.reclamador.es\/blog\/wp-content\/uploads\/2023\/02\/igualdad-salarial.jpg?fit=1200%2C675&ssl=1&resize=350%2C200 1x, https:\/\/i0.wp.com\/www.reclamador.es\/blog\/wp-content\/uploads\/2023\/02\/igualdad-salarial.jpg?fit=1200%2C675&ssl=1&resize=525%2C300 1.5x, https:\/\/i0.wp.com\/www.reclamador.es\/blog\/wp-content\/uploads\/2023\/02\/igualdad-salarial.jpg?fit=1200%2C675&ssl=1&resize=700%2C400 2x, https:\/\/i0.wp.com\/www.reclamador.es\/blog\/wp-content\/uploads\/2023\/02\/igualdad-salarial.jpg?fit=1200%2C675&ssl=1&resize=1050%2C600 3x"},"classes":[]},{"id":29152,"url":"https:\/\/www.reclamador.es\/blog\/almudena-velazquez-dia-internacional-del-abogado\/","url_meta":{"origin":30826,"position":5},"title":"Almudena Vel\u00e1zquez en el D\u00eda Internacional del Abogado: \"as\u00ed vivo mi profesi\u00f3n\"","author":"Almudena Vel\u00e1zquez","date":"3 febrero, 2022","format":false,"excerpt":"Cada 3 de febrero se celebra el D\u00eda Internacional del Abogado. Por eso, para esta ocasi\u00f3n, en reclamador.es hemos pedido a nuestra directora legal, Almudena Vel\u00e1zquez, que nos hable de la profesi\u00f3n y sus inicios en el mundo de la abogac\u00eda.\u00a0 A continuaci\u00f3n, os dejamos la tribuna de nuestra directora\u2026","rel":"","context":"En \u00abConoce todo lo que sucede en reclamador.es\u00bb","block_context":{"text":"Conoce todo lo que sucede en reclamador.es","link":"https:\/\/www.reclamador.es\/blog\/reclamadores\/"},"img":{"alt_text":"Almudena velazque en el tjue","src":"https:\/\/i0.wp.com\/www.reclamador.es\/blog\/wp-content\/uploads\/2020\/01\/tjue-indmenizacion-equipaje-reclamador_destacada.jpg?fit=800%2C419&ssl=1&resize=350%2C200","width":350,"height":200,"srcset":"https:\/\/i0.wp.com\/www.reclamador.es\/blog\/wp-content\/uploads\/2020\/01\/tjue-indmenizacion-equipaje-reclamador_destacada.jpg?fit=800%2C419&ssl=1&resize=350%2C200 1x, https:\/\/i0.wp.com\/www.reclamador.es\/blog\/wp-content\/uploads\/2020\/01\/tjue-indmenizacion-equipaje-reclamador_destacada.jpg?fit=800%2C419&ssl=1&resize=525%2C300 1.5x, https:\/\/i0.wp.com\/www.reclamador.es\/blog\/wp-content\/uploads\/2020\/01\/tjue-indmenizacion-equipaje-reclamador_destacada.jpg?fit=800%2C419&ssl=1&resize=700%2C400 2x"},"classes":[]}],"jetpack_sharing_enabled":true,"_links":{"self":[{"href":"https:\/\/www.reclamador.es\/blog\/wp-json\/wp\/v2\/posts\/30826","targetHints":{"allow":["GET"]}}],"collection":[{"href":"https:\/\/www.reclamador.es\/blog\/wp-json\/wp\/v2\/posts"}],"about":[{"href":"https:\/\/www.reclamador.es\/blog\/wp-json\/wp\/v2\/types\/post"}],"author":[{"embeddable":true,"href":"https:\/\/www.reclamador.es\/blog\/wp-json\/wp\/v2\/users\/1"}],"replies":[{"embeddable":true,"href":"https:\/\/www.reclamador.es\/blog\/wp-json\/wp\/v2\/comments?post=30826"}],"version-history":[{"count":6,"href":"https:\/\/www.reclamador.es\/blog\/wp-json\/wp\/v2\/posts\/30826\/revisions"}],"predecessor-version":[{"id":30833,"href":"https:\/\/www.reclamador.es\/blog\/wp-json\/wp\/v2\/posts\/30826\/revisions\/30833"}],"wp:featuredmedia":[{"embeddable":true,"href":"https:\/\/www.reclamador.es\/blog\/wp-json\/wp\/v2\/media\/30827"}],"wp:attachment":[{"href":"https:\/\/www.reclamador.es\/blog\/wp-json\/wp\/v2\/media?parent=30826"}],"wp:term":[{"taxonomy":"category","embeddable":true,"href":"https:\/\/www.reclamador.es\/blog\/wp-json\/wp\/v2\/categories?post=30826"},{"taxonomy":"post_tag","embeddable":true,"href":"https:\/\/www.reclamador.es\/blog\/wp-json\/wp\/v2\/tags?post=30826"}],"curies":[{"name":"wp","href":"https:\/\/api.w.org\/{rel}","templated":true}]}}