{"id":30797,"date":"2023-03-01T11:35:29","date_gmt":"2023-03-01T10:35:29","guid":{"rendered":"https:\/\/www.reclamador.es\/blog\/?p=30797"},"modified":"2023-10-19T12:02:52","modified_gmt":"2023-10-19T10:02:52","slug":"huelga-de-letrados-de-justicia-que-esta-sucediendo","status":"publish","type":"post","link":"https:\/\/www.reclamador.es\/blog\/huelga-de-letrados-de-justicia-que-esta-sucediendo\/","title":{"rendered":"Huelga de letrados de justicia, \u00bfqu\u00e9 est\u00e1 sucediendo?"},"content":{"rendered":"<div class=\"ttr_start\"><\/div>\n\n<div class=\"kk-star-ratings kksr-auto kksr-align-right kksr-valign-top\"\n    data-payload='{&quot;align&quot;:&quot;right&quot;,&quot;id&quot;:&quot;30797&quot;,&quot;slug&quot;:&quot;default&quot;,&quot;valign&quot;:&quot;top&quot;,&quot;ignore&quot;:&quot;&quot;,&quot;reference&quot;:&quot;auto&quot;,&quot;class&quot;:&quot;&quot;,&quot;count&quot;:&quot;2&quot;,&quot;legendonly&quot;:&quot;&quot;,&quot;readonly&quot;:&quot;&quot;,&quot;score&quot;:&quot;4.5&quot;,&quot;starsonly&quot;:&quot;&quot;,&quot;best&quot;:&quot;5&quot;,&quot;gap&quot;:&quot;3&quot;,&quot;greet&quot;:&quot;Valora este art\u00edculo&quot;,&quot;legend&quot;:&quot;4.5\\\/5 - (2 votos)&quot;,&quot;size&quot;:&quot;20&quot;,&quot;title&quot;:&quot;Huelga de letrados de justicia, \u00bfqu\u00e9 est\u00e1 sucediendo?&quot;,&quot;width&quot;:&quot;102&quot;,&quot;_legend&quot;:&quot;{score}\\\/{best} - ({count} {votes})&quot;,&quot;font_factor&quot;:&quot;1.25&quot;}'>\n            \n<div class=\"kksr-stars\">\n    \n<div class=\"kksr-stars-inactive\">\n            <div class=\"kksr-star\" data-star=\"1\" style=\"padding-right: 3px\">\n            \n\n<div class=\"kksr-icon\" style=\"width: 20px; height: 20px;\"><\/div>\n        <\/div>\n            <div class=\"kksr-star\" data-star=\"2\" style=\"padding-right: 3px\">\n            \n\n<div class=\"kksr-icon\" style=\"width: 20px; height: 20px;\"><\/div>\n        <\/div>\n            <div class=\"kksr-star\" data-star=\"3\" style=\"padding-right: 3px\">\n            \n\n<div class=\"kksr-icon\" style=\"width: 20px; height: 20px;\"><\/div>\n        <\/div>\n            <div class=\"kksr-star\" data-star=\"4\" style=\"padding-right: 3px\">\n            \n\n<div class=\"kksr-icon\" style=\"width: 20px; height: 20px;\"><\/div>\n        <\/div>\n            <div class=\"kksr-star\" data-star=\"5\" style=\"padding-right: 3px\">\n            \n\n<div class=\"kksr-icon\" style=\"width: 20px; height: 20px;\"><\/div>\n        <\/div>\n    <\/div>\n    \n<div class=\"kksr-stars-active\" style=\"width: 102px;\">\n            <div class=\"kksr-star\" style=\"padding-right: 3px\">\n            \n\n<div class=\"kksr-icon\" style=\"width: 20px; height: 20px;\"><\/div>\n        <\/div>\n            <div class=\"kksr-star\" style=\"padding-right: 3px\">\n            \n\n<div class=\"kksr-icon\" style=\"width: 20px; height: 20px;\"><\/div>\n        <\/div>\n            <div class=\"kksr-star\" style=\"padding-right: 3px\">\n            \n\n<div class=\"kksr-icon\" style=\"width: 20px; height: 20px;\"><\/div>\n        <\/div>\n            <div class=\"kksr-star\" style=\"padding-right: 3px\">\n            \n\n<div class=\"kksr-icon\" style=\"width: 20px; height: 20px;\"><\/div>\n        <\/div>\n            <div class=\"kksr-star\" style=\"padding-right: 3px\">\n            \n\n<div class=\"kksr-icon\" style=\"width: 20px; height: 20px;\"><\/div>\n        <\/div>\n    <\/div>\n<\/div>\n                \n\n<div class=\"kksr-legend\" style=\"font-size: 16px;\">\n            4.5\/5 - (2 votos)    <\/div>\n    <\/div>\n\n<figure id=\"attachment_30798\" aria-describedby=\"caption-attachment-30798\" style=\"width: 1200px\" class=\"wp-caption aligncenter\"><img data-recalc-dims=\"1\" loading=\"lazy\" decoding=\"async\" class=\"size-full wp-image-30798\" src=\"https:\/\/i0.wp.com\/www.reclamador.es\/blog\/wp-content\/uploads\/2023\/03\/huelga-de-letrados.jpg?resize=1200%2C675&#038;ssl=1\" alt=\"Huelga de letrados de justicia\" width=\"1200\" height=\"675\" srcset=\"https:\/\/i0.wp.com\/www.reclamador.es\/blog\/wp-content\/uploads\/2023\/03\/huelga-de-letrados.jpg?w=1200&amp;ssl=1 1200w, https:\/\/i0.wp.com\/www.reclamador.es\/blog\/wp-content\/uploads\/2023\/03\/huelga-de-letrados.jpg?resize=800%2C450&amp;ssl=1 800w, https:\/\/i0.wp.com\/www.reclamador.es\/blog\/wp-content\/uploads\/2023\/03\/huelga-de-letrados.jpg?resize=150%2C84&amp;ssl=1 150w, https:\/\/i0.wp.com\/www.reclamador.es\/blog\/wp-content\/uploads\/2023\/03\/huelga-de-letrados.jpg?resize=768%2C432&amp;ssl=1 768w\" sizes=\"auto, (max-width: 1000px) 100vw, 1000px\" \/><figcaption id=\"caption-attachment-30798\" class=\"wp-caption-text\"><em>Huelga de letrados de justicia<\/em><\/figcaption><\/figure>\n<p><em>*Informaci\u00f3n actualizada a fecha de 30\/03\/2023<\/em><\/p>\n<p><span style=\"font-weight: 400;\">El pasado viernes 24 de marzo se dio por finalizado la huelga indefinida de los letrados de justicia tras dos meses de movilizaciones. Los Letrados de la Administraci\u00f3n de Justicia (LAJ), iniciaron el pasado 24 de enero una <\/span><b>huelga indefinida<\/b><span style=\"font-weight: 400;\"> para reclamar que se cumplan los acuerdos firmados con el Ministerio en abril del a\u00f1o pasado.\u00a0<\/span><\/p>\n<p><span style=\"font-weight: 400;\">Estos dos meses de paros han supuesto un total de <\/span><b>400.000 causas judiciales canceladas, suspendidas o retrasadas en toda Espa\u00f1a, unas 424.000 demandas paradas y 1.280 millones de euros congelados\u00a0<\/b>seg\u00fan los datos de las asociaciones convocantes. <span style=\"font-weight: 400;\">Adem\u00e1s, los convocantes amenazaban con un posible retraso en las pr\u00f3ximas elecciones del 28 de mayo puesto que es necesaria su intervenci\u00f3n para la constituci\u00f3n de las juntas electorales.\u00a0<\/span><\/p>\n<h2><b>\u00bfQu\u00e9 reivindicaban los Letrados de la Administraci\u00f3n de Justicia?<\/b><\/h2>\n<p><span style=\"font-weight: 400;\">Las asociaciones de convocantes: la Uni\u00f3n Progresista de Letrados de la Administraci\u00f3n de Justicia (UPSJ), la Asociaci\u00f3n Independiente de Letrados (AinLAJ) y el Ilustre Colegio Nacional de Letrados reclamaban el cumplimiento de los pactos que realizaron el pasado mes de abril del a\u00f1o 2022. En concreto:<\/span><\/p>\n<p><span style=\"font-weight: 400;\">&gt; Los letrados solicitaban que sus salarios se adec\u00faen a su condici\u00f3n de funcionarios de grupo A1, que incluye a los funcionarios con tareas directivas, de control, estudio e inspecci\u00f3n.<\/span><\/p>\n<p><span style=\"font-weight: 400;\">&gt; Reclamaban crear un marco de negociaci\u00f3n colectiva propia para tener un papel m\u00e1s protagonista que el que les confiere la Ley Org\u00e1nica del Poder Judicial y el Reglamento del Cuerpo de Letrados de la Administraci\u00f3n de Justicia.<\/span><\/p>\n<p><span style=\"font-weight: 400;\">&gt; Quer\u00edan que se les incluya en el R\u00e9gimen de Riesgos Laborales algunas particularidades que deben gestionar. Por ejemplo, son ellos quienes deben acudir a los registros relacionados con los delincuentes junto a las Fuerzas y Cuerpos de Seguridad del Estado.\u00a0<\/span><\/p>\n<h2><b>\u00bfEn qu\u00e9 situaci\u00f3n se encuentran ahora mismo las negociaciones?<\/b><\/h2>\n<p><span style=\"font-weight: 400;\">El pasado viernes 24 de marzo se dio por finalizada la huelga indefinida de los letrados de justicia tras dos meses de reuniones y manifestaciones. <\/span><\/p>\n<p>Aunque no han conseguido todas sus peticiones, han aceptado una subida salarial de hasta 450 euros brutos al mes del Gobierno. Se ha establecido que esta retribuci\u00f3n se alcanzar\u00e1 de manera gradual, con efectos de 1 de enero de 2023 y con car\u00e1cter consolidable.\u00a0<\/p>\n<h2><b>\u00bfQu\u00e9 consecuencias ha acarreado esta huelga?<\/b><\/h2>\n<p><span style=\"font-weight: 400;\">La huelga ha supuesto la paralizaci\u00f3n de unas 400.000 causas judiciales en Espa\u00f1a, tanto por cancelaci\u00f3n, suspensi\u00f3n o retraso de las mismas. Otras 424.000 demandas han sido paradas y hay un total de 1.280 millones de euros congelados, seg\u00fan los datos que han facilitado las asociaciones convocantes.\u00a0<\/span><\/p>\n<p><span style=\"font-weight: 400;\"> As\u00ed, las asociaciones convocantes avisaron de que necesitar\u00e1n un m\u00ednimo de cuatro meses solo para ponerse al d\u00eda de las dos primeras semanas de huelga.<\/span><\/p>\n<h6 style=\"text-align: center;\"><b>Nota<\/b><span style=\"font-weight: 400;\"><strong>: reclamador.es denuncia c\u00f3mo est\u00e1 afectando esta huelga a los procedimientos de nuestros clientes<\/strong><\/span><\/h6>\n<h2><b>\u00bfC\u00f3mo puede afectarte la huelga de letrados?<\/b><\/h2>\n<p><span style=\"font-weight: 400;\">Desgraciadamente no es algo que est\u00e9 en nuestras manos, pero muchos procedimientos legales se est\u00e1n demorando y\/o cancelando. <\/span><b>Os pedimos paciencia.<\/b><span style=\"font-weight: 400;\">\u00a0<\/span><\/p>\n<p><span style=\"font-weight: 400;\">El equipo reclamador no puede hacer nada cuando se convocan movilizaciones de este estilo. Estamos al d\u00eda de los avances y notificaciones para poder trabajar lo antes posible las reclamaciones que se ven perjudicadas.\u00a0<\/span><\/p>\n<p><span style=\"font-weight: 400;\">Durante el primer mes de huelga, el 63% de los se\u00f1alamientos programados de los clientes de reclamador.es fueron suspendidos. Adem\u00e1s, en cuanto a las notificaciones recibidas (actos procesales por escrito donde se comunican las resoluciones y otros avances de los procedimientos), hemos experimentado un descenso del 25% semanalmente.\u00a0<\/span><\/p>\n<p><b>Irene Becerra, directora legal de reclamador.es<\/b><span style=\"font-weight: 400;\"> nos cuenta que \u201csiempre desde el mayor respeto hacia el derecho a huelga de los letrados, figura con un papel fundamental en las oficinas judiciales, vemos que los expedientes de nuestros clientes se van a dilatar m\u00e1s a\u00fan de lo que ya lo hac\u00edan, en juzgados de por s\u00ed colapsados.\u201d<\/span><\/p>\n<p><span style=\"font-weight: 400;\">A\u00f1ade que \u201cvamos a acumular grandes retrasos ya que nos han empezado a notificar nuevas fechas para estas suspensiones para 2024. As\u00ed, desde la vulneraci\u00f3n de sus derechos, los consumidores afectados tendr\u00e1n que esperar incluso a\u00f1os, en algunas ocasiones, para obtener una sentencia favorable de su caso\u201d.<\/span><\/p>\n<h3 style=\"text-align: center;\"><a href=\"https:\/\/www.reclamador.es\/contacto\/\"><b>\u00bfTienes alguna duda? Ponte en contacto con nosotros<\/b><\/a><\/h3>\n<p>\u00a0<\/p>\n<div class=\"ttr_end\"><\/div>","protected":false},"excerpt":{"rendered":"<p>Huelga de letrados de justicia en Espa\u00f1a, descubre qu\u00e9 est\u00e1 sucediendo y c\u00f3mo puede afectarte<\/p>\n","protected":false},"author":1,"featured_media":30798,"comment_status":"open","ping_status":"open","sticky":false,"template":"","format":"standard","meta":{"_acf_changed":false,"_genesis_hide_title":false,"_genesis_hide_breadcrumbs":false,"_genesis_hide_singular_image":false,"_genesis_hide_footer_widgets":false,"_genesis_custom_body_class":"","_genesis_custom_post_class":"","_genesis_layout":"","_jetpack_newsletter_access":"","_jetpack_dont_email_post_to_subs":false,"_jetpack_newsletter_tier_id":0,"_jetpack_memberships_contains_paywalled_content":false,"_jetpack_memberships_contains_paid_content":false,"footnotes":""},"categories":[392],"tags":[651],"class_list":{"0":"post-30797","1":"post","2":"type-post","3":"status-publish","4":"format-standard","5":"has-post-thumbnail","7":"category-noticias","8":"tag-huelga","9":"entry"},"acf":[],"yoast_head":"<!-- This site is optimized with the Yoast SEO plugin v27.4 - https:\/\/yoast.com\/product\/yoast-seo-wordpress\/ -->\n<title>Huelga de letrados de justicia<\/title>\n<meta name=\"description\" content=\"Huelga de letrados de justicia en Espa\u00f1a, descubre qu\u00e9 est\u00e1 sucediendo y c\u00f3mo puede afectarte en tus procesos\" \/>\n<meta name=\"robots\" content=\"index, follow, max-snippet:-1, max-image-preview:large, max-video-preview:-1\" \/>\n<link rel=\"canonical\" href=\"https:\/\/www.reclamador.es\/blog\/huelga-de-letrados-de-justicia-que-esta-sucediendo\/\" \/>\n<meta property=\"og:locale\" content=\"es_ES\" \/>\n<meta property=\"og:type\" content=\"article\" \/>\n<meta property=\"og:title\" content=\"Huelga de letrados de justicia\" \/>\n<meta property=\"og:description\" content=\"Huelga de letrados de justicia en Espa\u00f1a, descubre qu\u00e9 est\u00e1 sucediendo y c\u00f3mo puede afectarte en tus procesos\" \/>\n<meta property=\"og:url\" content=\"https:\/\/www.reclamador.es\/blog\/huelga-de-letrados-de-justicia-que-esta-sucediendo\/\" \/>\n<meta property=\"og:site_name\" content=\"Rebeldes con causa, el blog de reclamador.es\" \/>\n<meta property=\"article:publisher\" content=\"https:\/\/www.facebook.com\/reclamador.es\" \/>\n<meta property=\"article:published_time\" content=\"2023-03-01T10:35:29+00:00\" \/>\n<meta property=\"article:modified_time\" content=\"2023-10-19T10:02:52+00:00\" \/>\n<meta property=\"og:image\" content=\"https:\/\/i0.wp.com\/www.reclamador.es\/blog\/wp-content\/uploads\/2023\/03\/huelga-de-letrados.jpg?fit=1200%2C675&ssl=1\" \/>\n\t<meta property=\"og:image:width\" content=\"1200\" \/>\n\t<meta property=\"og:image:height\" content=\"675\" \/>\n\t<meta property=\"og:image:type\" content=\"image\/jpeg\" \/>\n<meta name=\"author\" content=\"Equipo reclamador\" \/>\n<meta name=\"twitter:card\" content=\"summary_large_image\" \/>\n<meta name=\"twitter:creator\" content=\"@reclamador\" \/>\n<meta name=\"twitter:site\" content=\"@reclamador\" \/>\n<meta name=\"twitter:label1\" content=\"Escrito por\" \/>\n\t<meta name=\"twitter:data1\" content=\"Equipo reclamador\" \/>\n\t<meta name=\"twitter:label2\" content=\"Tiempo de lectura\" \/>\n\t<meta name=\"twitter:data2\" content=\"4 minutos\" \/>\n<script type=\"application\/ld+json\" class=\"yoast-schema-graph\">{\"@context\":\"https:\\\/\\\/schema.org\",\"@graph\":[{\"@type\":\"Article\",\"@id\":\"https:\\\/\\\/www.reclamador.es\\\/blog\\\/huelga-de-letrados-de-justicia-que-esta-sucediendo\\\/#article\",\"isPartOf\":{\"@id\":\"https:\\\/\\\/www.reclamador.es\\\/blog\\\/huelga-de-letrados-de-justicia-que-esta-sucediendo\\\/\"},\"author\":{\"name\":\"Equipo reclamador\",\"@id\":\"https:\\\/\\\/www.reclamador.es\\\/blog\\\/#\\\/schema\\\/person\\\/1ed83eef8b6566cb5e4c812d9bc5c4bf\"},\"headline\":\"Huelga de letrados de justicia, \u00bfqu\u00e9 est\u00e1 sucediendo?\",\"datePublished\":\"2023-03-01T10:35:29+00:00\",\"dateModified\":\"2023-10-19T10:02:52+00:00\",\"mainEntityOfPage\":{\"@id\":\"https:\\\/\\\/www.reclamador.es\\\/blog\\\/huelga-de-letrados-de-justicia-que-esta-sucediendo\\\/\"},\"wordCount\":736,\"commentCount\":1,\"publisher\":{\"@id\":\"https:\\\/\\\/www.reclamador.es\\\/blog\\\/#organization\"},\"image\":{\"@id\":\"https:\\\/\\\/www.reclamador.es\\\/blog\\\/huelga-de-letrados-de-justicia-que-esta-sucediendo\\\/#primaryimage\"},\"thumbnailUrl\":\"https:\\\/\\\/i0.wp.com\\\/www.reclamador.es\\\/blog\\\/wp-content\\\/uploads\\\/2023\\\/03\\\/huelga-de-letrados.jpg?fit=1200%2C675&ssl=1\",\"keywords\":[\"huelga\"],\"articleSection\":[\"Noticias y actualidad\"],\"inLanguage\":\"es\",\"potentialAction\":[{\"@type\":\"CommentAction\",\"name\":\"Comment\",\"target\":[\"https:\\\/\\\/www.reclamador.es\\\/blog\\\/huelga-de-letrados-de-justicia-que-esta-sucediendo\\\/#respond\"]}]},{\"@type\":\"WebPage\",\"@id\":\"https:\\\/\\\/www.reclamador.es\\\/blog\\\/huelga-de-letrados-de-justicia-que-esta-sucediendo\\\/\",\"url\":\"https:\\\/\\\/www.reclamador.es\\\/blog\\\/huelga-de-letrados-de-justicia-que-esta-sucediendo\\\/\",\"name\":\"Huelga de letrados de justicia\",\"isPartOf\":{\"@id\":\"https:\\\/\\\/www.reclamador.es\\\/blog\\\/#website\"},\"primaryImageOfPage\":{\"@id\":\"https:\\\/\\\/www.reclamador.es\\\/blog\\\/huelga-de-letrados-de-justicia-que-esta-sucediendo\\\/#primaryimage\"},\"image\":{\"@id\":\"https:\\\/\\\/www.reclamador.es\\\/blog\\\/huelga-de-letrados-de-justicia-que-esta-sucediendo\\\/#primaryimage\"},\"thumbnailUrl\":\"https:\\\/\\\/i0.wp.com\\\/www.reclamador.es\\\/blog\\\/wp-content\\\/uploads\\\/2023\\\/03\\\/huelga-de-letrados.jpg?fit=1200%2C675&ssl=1\",\"datePublished\":\"2023-03-01T10:35:29+00:00\",\"dateModified\":\"2023-10-19T10:02:52+00:00\",\"description\":\"Huelga de letrados de justicia en Espa\u00f1a, descubre qu\u00e9 est\u00e1 sucediendo y c\u00f3mo puede afectarte en tus procesos\",\"breadcrumb\":{\"@id\":\"https:\\\/\\\/www.reclamador.es\\\/blog\\\/huelga-de-letrados-de-justicia-que-esta-sucediendo\\\/#breadcrumb\"},\"inLanguage\":\"es\",\"potentialAction\":[{\"@type\":\"ReadAction\",\"target\":[\"https:\\\/\\\/www.reclamador.es\\\/blog\\\/huelga-de-letrados-de-justicia-que-esta-sucediendo\\\/\"]}]},{\"@type\":\"ImageObject\",\"inLanguage\":\"es\",\"@id\":\"https:\\\/\\\/www.reclamador.es\\\/blog\\\/huelga-de-letrados-de-justicia-que-esta-sucediendo\\\/#primaryimage\",\"url\":\"https:\\\/\\\/i0.wp.com\\\/www.reclamador.es\\\/blog\\\/wp-content\\\/uploads\\\/2023\\\/03\\\/huelga-de-letrados.jpg?fit=1200%2C675&ssl=1\",\"contentUrl\":\"https:\\\/\\\/i0.wp.com\\\/www.reclamador.es\\\/blog\\\/wp-content\\\/uploads\\\/2023\\\/03\\\/huelga-de-letrados.jpg?fit=1200%2C675&ssl=1\",\"width\":1200,\"height\":675,\"caption\":\"Huelga de letrados de justicia\"},{\"@type\":\"BreadcrumbList\",\"@id\":\"https:\\\/\\\/www.reclamador.es\\\/blog\\\/huelga-de-letrados-de-justicia-que-esta-sucediendo\\\/#breadcrumb\",\"itemListElement\":[{\"@type\":\"ListItem\",\"position\":1,\"name\":\"Portada\",\"item\":\"https:\\\/\\\/www.reclamador.es\\\/blog\\\/\"},{\"@type\":\"ListItem\",\"position\":2,\"name\":\"Huelga de letrados de justicia, \u00bfqu\u00e9 est\u00e1 sucediendo?\"}]},{\"@type\":\"WebSite\",\"@id\":\"https:\\\/\\\/www.reclamador.es\\\/blog\\\/#website\",\"url\":\"https:\\\/\\\/www.reclamador.es\\\/blog\\\/\",\"name\":\"Rebeldes con causa, el blog de reclamador.es\",\"description\":\"Noticias, entrevistas y consejos sobre reclamaciones\",\"publisher\":{\"@id\":\"https:\\\/\\\/www.reclamador.es\\\/blog\\\/#organization\"},\"potentialAction\":[{\"@type\":\"SearchAction\",\"target\":{\"@type\":\"EntryPoint\",\"urlTemplate\":\"https:\\\/\\\/www.reclamador.es\\\/blog\\\/?s={search_term_string}\"},\"query-input\":{\"@type\":\"PropertyValueSpecification\",\"valueRequired\":true,\"valueName\":\"search_term_string\"}}],\"inLanguage\":\"es\"},{\"@type\":\"Organization\",\"@id\":\"https:\\\/\\\/www.reclamador.es\\\/blog\\\/#organization\",\"name\":\"reclamador.es\",\"url\":\"https:\\\/\\\/www.reclamador.es\\\/blog\\\/\",\"logo\":{\"@type\":\"ImageObject\",\"inLanguage\":\"es\",\"@id\":\"https:\\\/\\\/www.reclamador.es\\\/blog\\\/#\\\/schema\\\/logo\\\/image\\\/\",\"url\":\"https:\\\/\\\/i0.wp.com\\\/www.reclamador.es\\\/blog\\\/wp-content\\\/uploads\\\/2020\\\/01\\\/logo-reclamador.png?fit=1200%2C144&ssl=1\",\"contentUrl\":\"https:\\\/\\\/i0.wp.com\\\/www.reclamador.es\\\/blog\\\/wp-content\\\/uploads\\\/2020\\\/01\\\/logo-reclamador.png?fit=1200%2C144&ssl=1\",\"width\":1200,\"height\":144,\"caption\":\"reclamador.es\"},\"image\":{\"@id\":\"https:\\\/\\\/www.reclamador.es\\\/blog\\\/#\\\/schema\\\/logo\\\/image\\\/\"},\"sameAs\":[\"https:\\\/\\\/www.facebook.com\\\/reclamador.es\",\"https:\\\/\\\/x.com\\\/reclamador\",\"https:\\\/\\\/www.instagram.com\\\/reclamador.es\\\/\",\"https:\\\/\\\/www.linkedin.com\\\/company\\\/reclamador-es\",\"https:\\\/\\\/www.youtube.com\\\/user\\\/Reclamadores\"]},{\"@type\":\"Person\",\"@id\":\"https:\\\/\\\/www.reclamador.es\\\/blog\\\/#\\\/schema\\\/person\\\/1ed83eef8b6566cb5e4c812d9bc5c4bf\",\"name\":\"Equipo reclamador\",\"image\":{\"@type\":\"ImageObject\",\"inLanguage\":\"es\",\"@id\":\"https:\\\/\\\/secure.gravatar.com\\\/avatar\\\/6442ecdc2c4472c600c113f34d340feca47107d6aa4f42f1e3e75a2a8e28a760?s=96&d=mm&r=g\",\"url\":\"https:\\\/\\\/secure.gravatar.com\\\/avatar\\\/6442ecdc2c4472c600c113f34d340feca47107d6aa4f42f1e3e75a2a8e28a760?s=96&d=mm&r=g\",\"contentUrl\":\"https:\\\/\\\/secure.gravatar.com\\\/avatar\\\/6442ecdc2c4472c600c113f34d340feca47107d6aa4f42f1e3e75a2a8e28a760?s=96&d=mm&r=g\",\"caption\":\"Equipo reclamador\"},\"description\":\"Las personas que hacen posible reclamador.es\",\"url\":\"https:\\\/\\\/www.reclamador.es\\\/blog\\\/author\\\/administrador\\\/\"}]}<\/script>\n<!-- \/ Yoast SEO plugin. -->","yoast_head_json":{"title":"Huelga de letrados de justicia","description":"Huelga de letrados de justicia en Espa\u00f1a, descubre qu\u00e9 est\u00e1 sucediendo y c\u00f3mo puede afectarte en tus procesos","robots":{"index":"index","follow":"follow","max-snippet":"max-snippet:-1","max-image-preview":"max-image-preview:large","max-video-preview":"max-video-preview:-1"},"canonical":"https:\/\/www.reclamador.es\/blog\/huelga-de-letrados-de-justicia-que-esta-sucediendo\/","og_locale":"es_ES","og_type":"article","og_title":"Huelga de letrados de justicia","og_description":"Huelga de letrados de justicia en Espa\u00f1a, descubre qu\u00e9 est\u00e1 sucediendo y c\u00f3mo puede afectarte en tus procesos","og_url":"https:\/\/www.reclamador.es\/blog\/huelga-de-letrados-de-justicia-que-esta-sucediendo\/","og_site_name":"Rebeldes con causa, el blog de reclamador.es","article_publisher":"https:\/\/www.facebook.com\/reclamador.es","article_published_time":"2023-03-01T10:35:29+00:00","article_modified_time":"2023-10-19T10:02:52+00:00","og_image":[{"width":1200,"height":675,"url":"https:\/\/i0.wp.com\/www.reclamador.es\/blog\/wp-content\/uploads\/2023\/03\/huelga-de-letrados.jpg?fit=1200%2C675&ssl=1","type":"image\/jpeg"}],"author":"Equipo reclamador","twitter_card":"summary_large_image","twitter_creator":"@reclamador","twitter_site":"@reclamador","twitter_misc":{"Escrito por":"Equipo reclamador","Tiempo de lectura":"4 minutos"},"schema":{"@context":"https:\/\/schema.org","@graph":[{"@type":"Article","@id":"https:\/\/www.reclamador.es\/blog\/huelga-de-letrados-de-justicia-que-esta-sucediendo\/#article","isPartOf":{"@id":"https:\/\/www.reclamador.es\/blog\/huelga-de-letrados-de-justicia-que-esta-sucediendo\/"},"author":{"name":"Equipo reclamador","@id":"https:\/\/www.reclamador.es\/blog\/#\/schema\/person\/1ed83eef8b6566cb5e4c812d9bc5c4bf"},"headline":"Huelga de letrados de justicia, \u00bfqu\u00e9 est\u00e1 sucediendo?","datePublished":"2023-03-01T10:35:29+00:00","dateModified":"2023-10-19T10:02:52+00:00","mainEntityOfPage":{"@id":"https:\/\/www.reclamador.es\/blog\/huelga-de-letrados-de-justicia-que-esta-sucediendo\/"},"wordCount":736,"commentCount":1,"publisher":{"@id":"https:\/\/www.reclamador.es\/blog\/#organization"},"image":{"@id":"https:\/\/www.reclamador.es\/blog\/huelga-de-letrados-de-justicia-que-esta-sucediendo\/#primaryimage"},"thumbnailUrl":"https:\/\/i0.wp.com\/www.reclamador.es\/blog\/wp-content\/uploads\/2023\/03\/huelga-de-letrados.jpg?fit=1200%2C675&ssl=1","keywords":["huelga"],"articleSection":["Noticias y actualidad"],"inLanguage":"es","potentialAction":[{"@type":"CommentAction","name":"Comment","target":["https:\/\/www.reclamador.es\/blog\/huelga-de-letrados-de-justicia-que-esta-sucediendo\/#respond"]}]},{"@type":"WebPage","@id":"https:\/\/www.reclamador.es\/blog\/huelga-de-letrados-de-justicia-que-esta-sucediendo\/","url":"https:\/\/www.reclamador.es\/blog\/huelga-de-letrados-de-justicia-que-esta-sucediendo\/","name":"Huelga de letrados de justicia","isPartOf":{"@id":"https:\/\/www.reclamador.es\/blog\/#website"},"primaryImageOfPage":{"@id":"https:\/\/www.reclamador.es\/blog\/huelga-de-letrados-de-justicia-que-esta-sucediendo\/#primaryimage"},"image":{"@id":"https:\/\/www.reclamador.es\/blog\/huelga-de-letrados-de-justicia-que-esta-sucediendo\/#primaryimage"},"thumbnailUrl":"https:\/\/i0.wp.com\/www.reclamador.es\/blog\/wp-content\/uploads\/2023\/03\/huelga-de-letrados.jpg?fit=1200%2C675&ssl=1","datePublished":"2023-03-01T10:35:29+00:00","dateModified":"2023-10-19T10:02:52+00:00","description":"Huelga de letrados de justicia en Espa\u00f1a, descubre qu\u00e9 est\u00e1 sucediendo y c\u00f3mo puede afectarte en tus procesos","breadcrumb":{"@id":"https:\/\/www.reclamador.es\/blog\/huelga-de-letrados-de-justicia-que-esta-sucediendo\/#breadcrumb"},"inLanguage":"es","potentialAction":[{"@type":"ReadAction","target":["https:\/\/www.reclamador.es\/blog\/huelga-de-letrados-de-justicia-que-esta-sucediendo\/"]}]},{"@type":"ImageObject","inLanguage":"es","@id":"https:\/\/www.reclamador.es\/blog\/huelga-de-letrados-de-justicia-que-esta-sucediendo\/#primaryimage","url":"https:\/\/i0.wp.com\/www.reclamador.es\/blog\/wp-content\/uploads\/2023\/03\/huelga-de-letrados.jpg?fit=1200%2C675&ssl=1","contentUrl":"https:\/\/i0.wp.com\/www.reclamador.es\/blog\/wp-content\/uploads\/2023\/03\/huelga-de-letrados.jpg?fit=1200%2C675&ssl=1","width":1200,"height":675,"caption":"Huelga de letrados de justicia"},{"@type":"BreadcrumbList","@id":"https:\/\/www.reclamador.es\/blog\/huelga-de-letrados-de-justicia-que-esta-sucediendo\/#breadcrumb","itemListElement":[{"@type":"ListItem","position":1,"name":"Portada","item":"https:\/\/www.reclamador.es\/blog\/"},{"@type":"ListItem","position":2,"name":"Huelga de letrados de justicia, \u00bfqu\u00e9 est\u00e1 sucediendo?"}]},{"@type":"WebSite","@id":"https:\/\/www.reclamador.es\/blog\/#website","url":"https:\/\/www.reclamador.es\/blog\/","name":"Rebeldes con causa, el blog de reclamador.es","description":"Noticias, entrevistas y consejos sobre reclamaciones","publisher":{"@id":"https:\/\/www.reclamador.es\/blog\/#organization"},"potentialAction":[{"@type":"SearchAction","target":{"@type":"EntryPoint","urlTemplate":"https:\/\/www.reclamador.es\/blog\/?s={search_term_string}"},"query-input":{"@type":"PropertyValueSpecification","valueRequired":true,"valueName":"search_term_string"}}],"inLanguage":"es"},{"@type":"Organization","@id":"https:\/\/www.reclamador.es\/blog\/#organization","name":"reclamador.es","url":"https:\/\/www.reclamador.es\/blog\/","logo":{"@type":"ImageObject","inLanguage":"es","@id":"https:\/\/www.reclamador.es\/blog\/#\/schema\/logo\/image\/","url":"https:\/\/i0.wp.com\/www.reclamador.es\/blog\/wp-content\/uploads\/2020\/01\/logo-reclamador.png?fit=1200%2C144&ssl=1","contentUrl":"https:\/\/i0.wp.com\/www.reclamador.es\/blog\/wp-content\/uploads\/2020\/01\/logo-reclamador.png?fit=1200%2C144&ssl=1","width":1200,"height":144,"caption":"reclamador.es"},"image":{"@id":"https:\/\/www.reclamador.es\/blog\/#\/schema\/logo\/image\/"},"sameAs":["https:\/\/www.facebook.com\/reclamador.es","https:\/\/x.com\/reclamador","https:\/\/www.instagram.com\/reclamador.es\/","https:\/\/www.linkedin.com\/company\/reclamador-es","https:\/\/www.youtube.com\/user\/Reclamadores"]},{"@type":"Person","@id":"https:\/\/www.reclamador.es\/blog\/#\/schema\/person\/1ed83eef8b6566cb5e4c812d9bc5c4bf","name":"Equipo reclamador","image":{"@type":"ImageObject","inLanguage":"es","@id":"https:\/\/secure.gravatar.com\/avatar\/6442ecdc2c4472c600c113f34d340feca47107d6aa4f42f1e3e75a2a8e28a760?s=96&d=mm&r=g","url":"https:\/\/secure.gravatar.com\/avatar\/6442ecdc2c4472c600c113f34d340feca47107d6aa4f42f1e3e75a2a8e28a760?s=96&d=mm&r=g","contentUrl":"https:\/\/secure.gravatar.com\/avatar\/6442ecdc2c4472c600c113f34d340feca47107d6aa4f42f1e3e75a2a8e28a760?s=96&d=mm&r=g","caption":"Equipo reclamador"},"description":"Las personas que hacen posible reclamador.es","url":"https:\/\/www.reclamador.es\/blog\/author\/administrador\/"}]}},"jetpack_featured_media_url":"https:\/\/i0.wp.com\/www.reclamador.es\/blog\/wp-content\/uploads\/2023\/03\/huelga-de-letrados.jpg?fit=1200%2C675&ssl=1","jetpack-related-posts":[{"id":18021,"url":"https:\/\/www.reclamador.es\/blog\/tjue-avala-indemnizaciones-huelgas-de-pilotos\/","url_meta":{"origin":30797,"position":0},"title":"El TJUE avala las indemnizaciones a los pasajeros ante una huelga de personal","author":"Equipo reclamador","date":"27 abril, 2018","format":false,"excerpt":"Los retrasos y las cancelaciones de los vuelos por culpa de las huelgas de personal de la compa\u00f1\u00eda a\u00e9rea son reclamables. As\u00ed lo dictamin\u00f3 el TJUE el pasado 17 de abril, dando un paso m\u00e1s en la protecci\u00f3n de los derechos de los pasajeros. El Tribunal de Justicia de la\u2026","rel":"","context":"En \u00abNoticias y actualidad\u00bb","block_context":{"text":"Noticias y actualidad","link":"https:\/\/www.reclamador.es\/blog\/noticias\/"},"img":{"alt_text":"huelga personal aerolineas indemnizacion reclamador","src":"https:\/\/i0.wp.com\/www.reclamador.es\/blog\/wp-content\/uploads\/2018\/04\/sentenia-TJUE-huelga-aerolineas-reclamador.jpg?fit=1200%2C800&ssl=1&resize=350%2C200","width":350,"height":200,"srcset":"https:\/\/i0.wp.com\/www.reclamador.es\/blog\/wp-content\/uploads\/2018\/04\/sentenia-TJUE-huelga-aerolineas-reclamador.jpg?fit=1200%2C800&ssl=1&resize=350%2C200 1x, https:\/\/i0.wp.com\/www.reclamador.es\/blog\/wp-content\/uploads\/2018\/04\/sentenia-TJUE-huelga-aerolineas-reclamador.jpg?fit=1200%2C800&ssl=1&resize=525%2C300 1.5x, https:\/\/i0.wp.com\/www.reclamador.es\/blog\/wp-content\/uploads\/2018\/04\/sentenia-TJUE-huelga-aerolineas-reclamador.jpg?fit=1200%2C800&ssl=1&resize=700%2C400 2x, https:\/\/i0.wp.com\/www.reclamador.es\/blog\/wp-content\/uploads\/2018\/04\/sentenia-TJUE-huelga-aerolineas-reclamador.jpg?fit=1200%2C800&ssl=1&resize=1050%2C600 3x"},"classes":[]},{"id":34713,"url":"https:\/\/www.reclamador.es\/blog\/huelga-de-ryanair-2025-desde-el-15-de-agosto-hasta-final-de-ano\/","url_meta":{"origin":30797,"position":1},"title":"Huelga desde el 15 de agosto hasta final de a\u00f1o de trabajadores del handling de Ryanair","author":"Equipo reclamador","date":"6 agosto, 2025","format":false,"excerpt":"Agosto llega con una noticia que hace tambalear los planes de miles de viajeros. Los principales sindicatos del handling de Ryanair en el Aeropuerto Adolfo Su\u00e1rez Madrid-Barajas han convocado varios d\u00edas de huelga desde el 15 de agosto hasta el 31 de diciembre de 2025. La huelga de Ryanair coincidir\u00e1\u2026","rel":"","context":"En \u00abNoticias y actualidad\u00bb","block_context":{"text":"Noticias y actualidad","link":"https:\/\/www.reclamador.es\/blog\/noticias\/"},"img":{"alt_text":"huelga de ryanair en espa\u00f1a en agosto 2025","src":"https:\/\/i0.wp.com\/www.reclamador.es\/blog\/wp-content\/uploads\/2025\/08\/Diseno-sin-titulo-5.jpg?fit=1200%2C630&ssl=1&resize=350%2C200","width":350,"height":200,"srcset":"https:\/\/i0.wp.com\/www.reclamador.es\/blog\/wp-content\/uploads\/2025\/08\/Diseno-sin-titulo-5.jpg?fit=1200%2C630&ssl=1&resize=350%2C200 1x, https:\/\/i0.wp.com\/www.reclamador.es\/blog\/wp-content\/uploads\/2025\/08\/Diseno-sin-titulo-5.jpg?fit=1200%2C630&ssl=1&resize=525%2C300 1.5x, https:\/\/i0.wp.com\/www.reclamador.es\/blog\/wp-content\/uploads\/2025\/08\/Diseno-sin-titulo-5.jpg?fit=1200%2C630&ssl=1&resize=700%2C400 2x, https:\/\/i0.wp.com\/www.reclamador.es\/blog\/wp-content\/uploads\/2025\/08\/Diseno-sin-titulo-5.jpg?fit=1200%2C630&ssl=1&resize=1050%2C600 3x"},"classes":[]},{"id":35619,"url":"https:\/\/www.reclamador.es\/blog\/huelga-de-lufthansa-vuelos-cancelados-derechos\/","url_meta":{"origin":30797,"position":2},"title":"Huelga en Lufthansa marzo 2026: M\u00e1s del 50 % de los vuelos desde M\u00fanich y Fr\u00e1ncfort cancelados","author":"Equipo reclamador","date":"12 marzo, 2026","format":false,"excerpt":"En un solo d\u00eda de huelga el pasado mes de febrero de los tcp y pilotos de Lufthansa en Alemania, m\u00e1s de 1.000 vuelos con origen o destino aeropuertos germanos fueron cancelados. Y la situaci\u00f3n se repita justo un mes despu\u00e9s. Este 12 y 13 de marzo, los pilotos de\u2026","rel":"","context":"En \u00abNoticias y actualidad\u00bb","block_context":{"text":"Noticias y actualidad","link":"https:\/\/www.reclamador.es\/blog\/noticias\/"},"img":{"alt_text":"reclamar indemnizaci\u00f3n por huelga de lufthansa 2026","src":"https:\/\/i0.wp.com\/www.reclamador.es\/blog\/wp-content\/uploads\/2026\/02\/huelga-de-lufthansa.jpg?fit=1200%2C630&ssl=1&resize=350%2C200","width":350,"height":200,"srcset":"https:\/\/i0.wp.com\/www.reclamador.es\/blog\/wp-content\/uploads\/2026\/02\/huelga-de-lufthansa.jpg?fit=1200%2C630&ssl=1&resize=350%2C200 1x, https:\/\/i0.wp.com\/www.reclamador.es\/blog\/wp-content\/uploads\/2026\/02\/huelga-de-lufthansa.jpg?fit=1200%2C630&ssl=1&resize=525%2C300 1.5x, https:\/\/i0.wp.com\/www.reclamador.es\/blog\/wp-content\/uploads\/2026\/02\/huelga-de-lufthansa.jpg?fit=1200%2C630&ssl=1&resize=700%2C400 2x, https:\/\/i0.wp.com\/www.reclamador.es\/blog\/wp-content\/uploads\/2026\/02\/huelga-de-lufthansa.jpg?fit=1200%2C630&ssl=1&resize=1050%2C600 3x"},"classes":[]},{"id":22670,"url":"https:\/\/www.reclamador.es\/blog\/aerolineas-huelgas-de-personal-informar-de-cancelaciones-vuelos-15-dias\/","url_meta":{"origin":30797,"position":3},"title":"Pasajeros frente a huelgas de personal de aerol\u00edneas: \u00bfCu\u00e1ndo te han avisado de los cambios en tu vuelo?","author":"Equipo reclamador","date":"26 enero, 2024","format":false,"excerpt":"Las huelgas del personal de aerol\u00edneas son uno de los mayores dolores de cabeza para los pasajeros. Cancelaciones y retrasos de vuelos se convierten en una pesadilla cuando las aerol\u00edneas se ven afectadas por paros laborales. Si bien la situaci\u00f3n es frustrante, como pasajero tienes derechos y puedes reclamar compensaciones.\u2026","rel":"","context":"En \u00abConsejos legales\u00bb","block_context":{"text":"Consejos legales","link":"https:\/\/www.reclamador.es\/blog\/consejos\/"},"img":{"alt_text":"huelgas personal de las aerolineas - plazos reclamar - reclamador","src":"https:\/\/i0.wp.com\/www.reclamador.es\/blog\/wp-content\/uploads\/2019\/08\/huelgas-personal-de-las-aerolineas-plazos-reclamar-reclamador.jpg?fit=1199%2C630&ssl=1&resize=350%2C200","width":350,"height":200,"srcset":"https:\/\/i0.wp.com\/www.reclamador.es\/blog\/wp-content\/uploads\/2019\/08\/huelgas-personal-de-las-aerolineas-plazos-reclamar-reclamador.jpg?fit=1199%2C630&ssl=1&resize=350%2C200 1x, https:\/\/i0.wp.com\/www.reclamador.es\/blog\/wp-content\/uploads\/2019\/08\/huelgas-personal-de-las-aerolineas-plazos-reclamar-reclamador.jpg?fit=1199%2C630&ssl=1&resize=525%2C300 1.5x, https:\/\/i0.wp.com\/www.reclamador.es\/blog\/wp-content\/uploads\/2019\/08\/huelgas-personal-de-las-aerolineas-plazos-reclamar-reclamador.jpg?fit=1199%2C630&ssl=1&resize=700%2C400 2x, https:\/\/i0.wp.com\/www.reclamador.es\/blog\/wp-content\/uploads\/2019\/08\/huelgas-personal-de-las-aerolineas-plazos-reclamar-reclamador.jpg?fit=1199%2C630&ssl=1&resize=1050%2C600 3x"},"classes":[]},{"id":29929,"url":"https:\/\/www.reclamador.es\/blog\/huelga-de-easyjet-en-espana\/","url_meta":{"origin":30797,"position":4},"title":"Huelga de easyJet junio 2025: los derechos de los afectados","author":"Equipo reclamador","date":"27 junio, 2025","format":false,"excerpt":"Del 25 al 27 de junio, los tripulantes de cabina de aerol\u00ednea easyJet han convocado paros en su actividad habitual. M\u00e1s de 200 vuelos con origen o destino Espa\u00f1a han sido cancelados por easyJet en estos 3 d\u00edas de huelga en los aeropuertos de M\u00e1laga, Mallorca, Alicante y Barcelona.\u00a0 Esta\u2026","rel":"","context":"En \u00abNoticias y actualidad\u00bb","block_context":{"text":"Noticias y actualidad","link":"https:\/\/www.reclamador.es\/blog\/noticias\/"},"img":{"alt_text":"huelga de tcp de easyjet","src":"https:\/\/i0.wp.com\/www.reclamador.es\/blog\/wp-content\/uploads\/2022\/06\/huelga-de-easyjet-reclamaciones.jpg?fit=1200%2C688&ssl=1&resize=350%2C200","width":350,"height":200,"srcset":"https:\/\/i0.wp.com\/www.reclamador.es\/blog\/wp-content\/uploads\/2022\/06\/huelga-de-easyjet-reclamaciones.jpg?fit=1200%2C688&ssl=1&resize=350%2C200 1x, https:\/\/i0.wp.com\/www.reclamador.es\/blog\/wp-content\/uploads\/2022\/06\/huelga-de-easyjet-reclamaciones.jpg?fit=1200%2C688&ssl=1&resize=525%2C300 1.5x, https:\/\/i0.wp.com\/www.reclamador.es\/blog\/wp-content\/uploads\/2022\/06\/huelga-de-easyjet-reclamaciones.jpg?fit=1200%2C688&ssl=1&resize=700%2C400 2x, https:\/\/i0.wp.com\/www.reclamador.es\/blog\/wp-content\/uploads\/2022\/06\/huelga-de-easyjet-reclamaciones.jpg?fit=1200%2C688&ssl=1&resize=1050%2C600 3x"},"classes":[]},{"id":29920,"url":"https:\/\/www.reclamador.es\/blog\/huelgas-ryanair-desde-2018-mas-1300-reclamaciones-ganadas\/","url_meta":{"origin":30797,"position":5},"title":"M\u00e1s de 1.300 reclamaciones ganadas a Ryanair por sus huelgas de personal","author":"Equipo reclamador","date":"28 junio, 2022","format":false,"excerpt":"El inicio del verano 2022 ha empezado con turbulencias en el sector a\u00e9reo. Tanto los TCP de Ryanair en varios pa\u00edses europeos, entre ellos Espa\u00f1a, como los trabajadores de easyJet en nuestro pa\u00eds han convocado diversas jornadas de huelga. A lo que hay que sumar las cancelaciones por falta de\u2026","rel":"","context":"En \u00abNoticias y actualidad\u00bb","block_context":{"text":"Noticias y actualidad","link":"https:\/\/www.reclamador.es\/blog\/noticias\/"},"img":{"alt_text":"reclamaciones ganadas huelgas ryanair","src":"https:\/\/i0.wp.com\/www.reclamador.es\/blog\/wp-content\/uploads\/2022\/06\/huelgas-de-ryanair-reclamaciones-ganadas-desde-2018-1.jpg?fit=1200%2C673&ssl=1&resize=350%2C200","width":350,"height":200,"srcset":"https:\/\/i0.wp.com\/www.reclamador.es\/blog\/wp-content\/uploads\/2022\/06\/huelgas-de-ryanair-reclamaciones-ganadas-desde-2018-1.jpg?fit=1200%2C673&ssl=1&resize=350%2C200 1x, https:\/\/i0.wp.com\/www.reclamador.es\/blog\/wp-content\/uploads\/2022\/06\/huelgas-de-ryanair-reclamaciones-ganadas-desde-2018-1.jpg?fit=1200%2C673&ssl=1&resize=525%2C300 1.5x, https:\/\/i0.wp.com\/www.reclamador.es\/blog\/wp-content\/uploads\/2022\/06\/huelgas-de-ryanair-reclamaciones-ganadas-desde-2018-1.jpg?fit=1200%2C673&ssl=1&resize=700%2C400 2x, https:\/\/i0.wp.com\/www.reclamador.es\/blog\/wp-content\/uploads\/2022\/06\/huelgas-de-ryanair-reclamaciones-ganadas-desde-2018-1.jpg?fit=1200%2C673&ssl=1&resize=1050%2C600 3x"},"classes":[]}],"jetpack_sharing_enabled":true,"_links":{"self":[{"href":"https:\/\/www.reclamador.es\/blog\/wp-json\/wp\/v2\/posts\/30797","targetHints":{"allow":["GET"]}}],"collection":[{"href":"https:\/\/www.reclamador.es\/blog\/wp-json\/wp\/v2\/posts"}],"about":[{"href":"https:\/\/www.reclamador.es\/blog\/wp-json\/wp\/v2\/types\/post"}],"author":[{"embeddable":true,"href":"https:\/\/www.reclamador.es\/blog\/wp-json\/wp\/v2\/users\/1"}],"replies":[{"embeddable":true,"href":"https:\/\/www.reclamador.es\/blog\/wp-json\/wp\/v2\/comments?post=30797"}],"version-history":[{"count":4,"href":"https:\/\/www.reclamador.es\/blog\/wp-json\/wp\/v2\/posts\/30797\/revisions"}],"predecessor-version":[{"id":30865,"href":"https:\/\/www.reclamador.es\/blog\/wp-json\/wp\/v2\/posts\/30797\/revisions\/30865"}],"wp:featuredmedia":[{"embeddable":true,"href":"https:\/\/www.reclamador.es\/blog\/wp-json\/wp\/v2\/media\/30798"}],"wp:attachment":[{"href":"https:\/\/www.reclamador.es\/blog\/wp-json\/wp\/v2\/media?parent=30797"}],"wp:term":[{"taxonomy":"category","embeddable":true,"href":"https:\/\/www.reclamador.es\/blog\/wp-json\/wp\/v2\/categories?post=30797"},{"taxonomy":"post_tag","embeddable":true,"href":"https:\/\/www.reclamador.es\/blog\/wp-json\/wp\/v2\/tags?post=30797"}],"curies":[{"name":"wp","href":"https:\/\/api.w.org\/{rel}","templated":true}]}}