{"id":30780,"date":"2023-02-22T11:11:32","date_gmt":"2023-02-22T10:11:32","guid":{"rendered":"https:\/\/www.reclamador.es\/blog\/?p=30780"},"modified":"2024-06-07T10:53:04","modified_gmt":"2024-06-07T08:53:04","slug":"reclamador-junto-al-dia-europeo-de-la-igualdad-salarial","status":"publish","type":"post","link":"https:\/\/www.reclamador.es\/blog\/reclamador-junto-al-dia-europeo-de-la-igualdad-salarial\/","title":{"rendered":"reclamador junto al D\u00eda Europeo de la Igualdad Salarial"},"content":{"rendered":"<div class=\"ttr_start\"><\/div>\n\n<div class=\"kk-star-ratings kksr-auto kksr-align-right kksr-valign-top\"\n    data-payload='{&quot;align&quot;:&quot;right&quot;,&quot;id&quot;:&quot;30780&quot;,&quot;slug&quot;:&quot;default&quot;,&quot;valign&quot;:&quot;top&quot;,&quot;ignore&quot;:&quot;&quot;,&quot;reference&quot;:&quot;auto&quot;,&quot;class&quot;:&quot;&quot;,&quot;count&quot;:&quot;1&quot;,&quot;legendonly&quot;:&quot;&quot;,&quot;readonly&quot;:&quot;&quot;,&quot;score&quot;:&quot;5&quot;,&quot;starsonly&quot;:&quot;&quot;,&quot;best&quot;:&quot;5&quot;,&quot;gap&quot;:&quot;3&quot;,&quot;greet&quot;:&quot;Valora este art\u00edculo&quot;,&quot;legend&quot;:&quot;5\\\/5 - (1 voto)&quot;,&quot;size&quot;:&quot;20&quot;,&quot;title&quot;:&quot;reclamador junto al D\u00eda Europeo de la Igualdad Salarial&quot;,&quot;width&quot;:&quot;113.5&quot;,&quot;_legend&quot;:&quot;{score}\\\/{best} - ({count} {votes})&quot;,&quot;font_factor&quot;:&quot;1.25&quot;}'>\n            \n<div class=\"kksr-stars\">\n    \n<div class=\"kksr-stars-inactive\">\n            <div class=\"kksr-star\" data-star=\"1\" style=\"padding-right: 3px\">\n            \n\n<div class=\"kksr-icon\" style=\"width: 20px; height: 20px;\"><\/div>\n        <\/div>\n            <div class=\"kksr-star\" data-star=\"2\" style=\"padding-right: 3px\">\n            \n\n<div class=\"kksr-icon\" style=\"width: 20px; height: 20px;\"><\/div>\n        <\/div>\n            <div class=\"kksr-star\" data-star=\"3\" style=\"padding-right: 3px\">\n            \n\n<div class=\"kksr-icon\" style=\"width: 20px; height: 20px;\"><\/div>\n        <\/div>\n            <div class=\"kksr-star\" data-star=\"4\" style=\"padding-right: 3px\">\n            \n\n<div class=\"kksr-icon\" style=\"width: 20px; height: 20px;\"><\/div>\n        <\/div>\n            <div class=\"kksr-star\" data-star=\"5\" style=\"padding-right: 3px\">\n            \n\n<div class=\"kksr-icon\" style=\"width: 20px; height: 20px;\"><\/div>\n        <\/div>\n    <\/div>\n    \n<div class=\"kksr-stars-active\" style=\"width: 113.5px;\">\n            <div class=\"kksr-star\" style=\"padding-right: 3px\">\n            \n\n<div class=\"kksr-icon\" style=\"width: 20px; height: 20px;\"><\/div>\n        <\/div>\n            <div class=\"kksr-star\" style=\"padding-right: 3px\">\n            \n\n<div class=\"kksr-icon\" style=\"width: 20px; height: 20px;\"><\/div>\n        <\/div>\n            <div class=\"kksr-star\" style=\"padding-right: 3px\">\n            \n\n<div class=\"kksr-icon\" style=\"width: 20px; height: 20px;\"><\/div>\n        <\/div>\n            <div class=\"kksr-star\" style=\"padding-right: 3px\">\n            \n\n<div class=\"kksr-icon\" style=\"width: 20px; height: 20px;\"><\/div>\n        <\/div>\n            <div class=\"kksr-star\" style=\"padding-right: 3px\">\n            \n\n<div class=\"kksr-icon\" style=\"width: 20px; height: 20px;\"><\/div>\n        <\/div>\n    <\/div>\n<\/div>\n                \n\n<div class=\"kksr-legend\" style=\"font-size: 16px;\">\n            5\/5 - (1 voto)    <\/div>\n    <\/div>\n\n<figure id=\"attachment_30781\" aria-describedby=\"caption-attachment-30781\" style=\"width: 1200px\" class=\"wp-caption aligncenter\"><img data-recalc-dims=\"1\" loading=\"lazy\" decoding=\"async\" class=\"size-full wp-image-30781\" src=\"https:\/\/i0.wp.com\/www.reclamador.es\/blog\/wp-content\/uploads\/2023\/02\/igualdad-salarial.jpg?resize=1200%2C675&#038;ssl=1\" alt=\"D\u00eda Europeo de la Igualdad Salarial \" width=\"1200\" height=\"675\" srcset=\"https:\/\/i0.wp.com\/www.reclamador.es\/blog\/wp-content\/uploads\/2023\/02\/igualdad-salarial.jpg?w=1200&amp;ssl=1 1200w, https:\/\/i0.wp.com\/www.reclamador.es\/blog\/wp-content\/uploads\/2023\/02\/igualdad-salarial.jpg?resize=800%2C450&amp;ssl=1 800w, https:\/\/i0.wp.com\/www.reclamador.es\/blog\/wp-content\/uploads\/2023\/02\/igualdad-salarial.jpg?resize=150%2C84&amp;ssl=1 150w, https:\/\/i0.wp.com\/www.reclamador.es\/blog\/wp-content\/uploads\/2023\/02\/igualdad-salarial.jpg?resize=768%2C432&amp;ssl=1 768w\" sizes=\"auto, (max-width: 1000px) 100vw, 1000px\" \/><figcaption id=\"caption-attachment-30781\" class=\"wp-caption-text\"><em>D\u00eda Europeo de la Igualdad Salarial<\/em><\/figcaption><\/figure>\n\n\n\n<p><span style=\"font-weight: 400;\">Hoy, 22 de febrero, se celebra el <\/span><a href=\"https:\/\/spain.representation.ec.europa.eu\/noticias-eventos\/noticias-0\/dia-de-la-igualdad-salarial-europa-trabaja-para-convertirlo-en-realidad-2022-02-21_es#:~:text=Por%20eso%2C%20el%2022%20de,las%20medidas%20necesarias%20para%20reducirla.\"><span style=\"font-weight: 400;\">D\u00eda Internacional de la Igualdad Salarial<\/span><\/a><span style=\"font-weight: 400;\"> y en reclamador.es queremos hacernos eco de esta importante realidad porque a\u00fan nos falta mucho para llegar a una verdadera <\/span><a href=\"https:\/\/www.reclamador.es\/blog\/dia-mujer-en-reclamador\/\"><span style=\"font-weight: 400;\">igualdad de g\u00e9nero<\/span><\/a><span style=\"font-weight: 400;\"> en muchos aspectos, como en este, la<\/span><b> igualdad salarial.<\/b><span style=\"font-weight: 400;\">\u00a0<\/span><\/p>\n<p><span style=\"font-weight: 400;\">Aunque en muchos casos se ampara esta desigualdad por caracter\u00edsticas individuales de las personas como la educaci\u00f3n y formaci\u00f3n, el tiempo de trabajo, las habilidades y la experiencia, una <\/span><b>gran parte se debe a la discriminaci\u00f3n por razones de g\u00e9nero<\/b><span style=\"font-weight: 400;\">.<\/span><\/p>\n<p><span style=\"font-weight: 400;\">Con esta reivindicaci\u00f3n, los organismos internacionales ponen el foco en la brecha salarial y se insta a las organizaciones y a los Estados miembros a<\/span><b> trabajar en ello y a poner las medidas necesarias para reducirla<\/b><span style=\"font-weight: 400;\">.\u00a0<\/span><\/p>\n<h2><b>\u00bfC\u00f3mo se manifiesta la desigualdad laboral?<\/b><\/h2>\n<p><span style=\"font-weight: 400;\">Queremos hablar de la desigualdad salarial, pero no podemos hacerlo sin mencionar tampoco otras <\/span><a href=\"https:\/\/www.reclamador.es\/blog\/estatuto-de-los-trabajadores\/\"><span style=\"font-weight: 400;\">discriminaciones que se sufren en el trabajo<\/span><\/a><span style=\"font-weight: 400;\"> como es la <\/span><b>conciliaci\u00f3n familiar<\/b><span style=\"font-weight: 400;\">, que en muchos casos obliga a coger medias jornadas.\u00a0<\/span><\/p>\n<p><span style=\"font-weight: 400;\">O tambi\u00e9n hay que mencionar el conocido <\/span><b>techo de cristal<\/b><span style=\"font-weight: 400;\">, una met\u00e1fora sobre la \u201cbarrera invisible\u201d que impide a las mujeres ascender a los puestos de poder dentro de las empresas, corporaciones y organizaciones. Estas barreras no son f\u00e1cilmente detectables y vienen generadas por los estereotipos y construcciones culturales de las sociedades. Pero <\/span><b>est\u00e1 en la mano de cada organizaci\u00f3n implementar medidas que logren el cambio de esta situaci\u00f3n<\/b><span style=\"font-weight: 400;\">.\u00a0\u00a0<\/span><\/p>\n<h2><b>Pero, \u00bfcu\u00e1nta desigualdad salarial existe?<\/b><\/h2>\n<p><span style=\"font-weight: 400;\">No hay excusas legales que puedan justificar que una mujer, desempe\u00f1ando el mismo trabajo que un hombre, reciba una menor remuneraci\u00f3n.\u00a0<\/span><\/p>\n<p><b>La brecha salarial de g\u00e9nero es de alrededor del 20 % a nivel mundial<\/b><span style=\"font-weight: 400;\">. Los datos de la Uni\u00f3n Europea muestran, sin embargo, que las trabajadoras cobran un 13% menos de media que sus compa\u00f1eros. Esta cifra en Espa\u00f1a rondar\u00eda el 9,4%, inferior a la media europea.\u00a0<\/span><\/p>\n<p><span style=\"font-weight: 400;\">Adem\u00e1s,<\/span><b> esta brecha se agrava en funci\u00f3n de la edad, y a partir de los 36 a\u00f1os la diferencia salarial aumenta<\/b><span style=\"font-weight: 400;\">. Seg\u00fan datos de la Agencia Tributaria, si entre los trabajadores de 26 a 35 a\u00f1os la diferencia puede rondar los 1.000 euros, entre los trabajadores de 36 a 45 a\u00f1os asciende a los 4.730 euros de diferencia. Y las cifras siguen subiendo por franjas de edad, por ejemplo, cuando hablamos de los trabajadores que tienen entre 46 y 55 a\u00f1os: los hombres pueden percibir hasta 6.551 euros m\u00e1s que las mujeres.<\/span><\/p>\n<h2><b>\u00bfCu\u00e1l es el objetivo de este d\u00eda?<\/b><\/h2>\n<p><span style=\"font-weight: 400;\">Si se implementa un D\u00eda Internacional es por un buen motivo, <\/span><b>generar conciencia y sensibilizaci\u00f3n sobre esta cuesti\u00f3n a nivel internacional<\/b><span style=\"font-weight: 400;\">. Las instituciones p\u00fablicas han puesto a disposici\u00f3n de todos planes y herramientas con \u2018Planes de Igualdad para las empresas\u2019. Tambi\u00e9n se ejecutan medidas y acciones principalmente para dar a conocer esta cuesti\u00f3n, pero en la pr\u00e1ctica a\u00fan estamos lejos de esa esperada igualdad.\u00a0<\/span><\/p>\n<p><span style=\"font-weight: 400;\">Es importante destacar que el <\/span><span style=\"font-weight: 400;\">derecho fundamental a la igualdad de remuneraci\u00f3n por g\u00e9nero<\/span><span style=\"font-weight: 400;\"> fue reconocido por la Organizaci\u00f3n Internacional del Trabajo (OIT) en 1919, hace m\u00e1s de cien a\u00f1os.\u00a0<\/span><\/p>\n<h2><b>Igualdad laboral en reclamador.es<\/b><\/h2>\n<p><b>En reclamador.es <\/b><span style=\"font-weight: 400;\">estamos muy orgullosos del papel de todas las mujeres del equipo. La igualdad es la norma y luchamos por transmitir estos valores. Y es que, <\/span><b>casi el 70% de la plantilla son mujeres<\/b><span style=\"font-weight: 400;\"> y, obviamente, con una absoluta igualdad salarial.\u00a0<\/span><\/p>\n<p><span style=\"font-weight: 400;\">Pero no solo la presencia femenina es mayoritaria, ya que<\/span><b> la mitad de los cargos directivos y de responsabilidad est\u00e1n ocupados por ellas: 50% &#8211; 50%<\/b><\/p>\n<p><span style=\"font-weight: 400;\">Adem\u00e1s, y no menos importante, el 100% de los cargos intermedios o managers est\u00e1n ocupados por mujeres que lideran y gu\u00edan nuestros equipos de trabajo. As\u00ed, reclamador.es, con diez a\u00f1os reci\u00e9n cumplidos, nos hemos posicionado como empresa l\u00edder en reclamaciones a <\/span><a href=\"https:\/\/www.reclamador.es\/aerolineas\/\"><span style=\"font-weight: 400;\">aerol\u00edneas<\/span><\/a><span style=\"font-weight: 400;\"> o <\/span><a href=\"https:\/\/www.reclamador.es\/banco\/\"><span style=\"font-weight: 400;\">bancos<\/span><\/a><span style=\"font-weight: 400;\">.\u00a0<\/span><\/p>\n<p><span style=\"font-weight: 400;\">En definitiva, en reclamador.es apostamos por el talento y la promoci\u00f3n interna de las personas para superar retos y conseguir que se cumplan los derechos de nuestros clientes.\u00a0<\/span><\/p>\n<p><span style=\"font-weight: 400;\">Si te ha gustado el contenido de este post, comp\u00e1rtelo en tus redes sociales! \ud83d\ude09\u00a0<\/span><\/p>\n<div class=\"ttr_end\"><\/div>","protected":false},"excerpt":{"rendered":"<p>D\u00eda Europeo de la Igualdad Salarial <\/p>\n","protected":false},"author":1,"featured_media":30781,"comment_status":"open","ping_status":"open","sticky":false,"template":"","format":"standard","meta":{"_acf_changed":false,"_genesis_hide_title":false,"_genesis_hide_breadcrumbs":false,"_genesis_hide_singular_image":false,"_genesis_hide_footer_widgets":false,"_genesis_custom_body_class":"","_genesis_custom_post_class":"","_genesis_layout":"","_jetpack_newsletter_access":"","_jetpack_dont_email_post_to_subs":false,"_jetpack_newsletter_tier_id":0,"_jetpack_memberships_contains_paywalled_content":false,"_jetpack_memberships_contains_paid_content":false,"footnotes":""},"categories":[392],"tags":[750,762],"class_list":{"0":"post-30780","1":"post","2":"type-post","3":"status-publish","4":"format-standard","5":"has-post-thumbnail","7":"category-noticias","8":"tag-leyes","9":"tag-servicios","10":"entry"},"acf":[],"yoast_head":"<!-- This site is optimized with the Yoast SEO plugin v27.4 - https:\/\/yoast.com\/product\/yoast-seo-wordpress\/ -->\n<title>Hoy se celebra el D\u00eda Europeo de la Igualdad Salarial<\/title>\n<meta name=\"description\" content=\"En el D\u00eda Europeo de la Igualdad Salarial, reclamador.es quiere concienciar sobre esta brecha de g\u00e9nero e instar a trabajar en ello.\" \/>\n<meta name=\"robots\" content=\"index, follow, max-snippet:-1, max-image-preview:large, max-video-preview:-1\" \/>\n<link rel=\"canonical\" href=\"https:\/\/www.reclamador.es\/blog\/reclamador-junto-al-dia-europeo-de-la-igualdad-salarial\/\" \/>\n<meta property=\"og:locale\" content=\"es_ES\" \/>\n<meta property=\"og:type\" content=\"article\" \/>\n<meta property=\"og:title\" content=\"Hoy se celebra el D\u00eda Europeo de la Igualdad Salarial\" \/>\n<meta property=\"og:description\" content=\"En el D\u00eda Europeo de la Igualdad Salarial, reclamador.es quiere concienciar sobre esta brecha de g\u00e9nero e instar a trabajar en ello.\" \/>\n<meta property=\"og:url\" content=\"https:\/\/www.reclamador.es\/blog\/reclamador-junto-al-dia-europeo-de-la-igualdad-salarial\/\" \/>\n<meta property=\"og:site_name\" content=\"Rebeldes con causa, el blog de reclamador.es\" \/>\n<meta property=\"article:publisher\" content=\"https:\/\/www.facebook.com\/reclamador.es\" \/>\n<meta property=\"article:published_time\" content=\"2023-02-22T10:11:32+00:00\" \/>\n<meta property=\"article:modified_time\" content=\"2024-06-07T08:53:04+00:00\" \/>\n<meta property=\"og:image\" content=\"https:\/\/www.reclamador.es\/blog\/wp-content\/uploads\/2023\/02\/igualdad-salarial.jpg\" \/>\n\t<meta property=\"og:image:width\" content=\"1200\" \/>\n\t<meta property=\"og:image:height\" content=\"675\" \/>\n\t<meta property=\"og:image:type\" content=\"image\/jpeg\" \/>\n<meta name=\"author\" content=\"Equipo reclamador\" \/>\n<meta name=\"twitter:card\" content=\"summary_large_image\" \/>\n<meta name=\"twitter:creator\" content=\"@reclamador\" \/>\n<meta name=\"twitter:site\" content=\"@reclamador\" \/>\n<meta name=\"twitter:label1\" content=\"Escrito por\" \/>\n\t<meta name=\"twitter:data1\" content=\"Equipo reclamador\" \/>\n\t<meta name=\"twitter:label2\" content=\"Tiempo de lectura\" \/>\n\t<meta name=\"twitter:data2\" content=\"4 minutos\" \/>\n<script type=\"application\/ld+json\" class=\"yoast-schema-graph\">{\"@context\":\"https:\\\/\\\/schema.org\",\"@graph\":[{\"@type\":\"Article\",\"@id\":\"https:\\\/\\\/www.reclamador.es\\\/blog\\\/reclamador-junto-al-dia-europeo-de-la-igualdad-salarial\\\/#article\",\"isPartOf\":{\"@id\":\"https:\\\/\\\/www.reclamador.es\\\/blog\\\/reclamador-junto-al-dia-europeo-de-la-igualdad-salarial\\\/\"},\"author\":{\"name\":\"Equipo reclamador\",\"@id\":\"https:\\\/\\\/www.reclamador.es\\\/blog\\\/#\\\/schema\\\/person\\\/1ed83eef8b6566cb5e4c812d9bc5c4bf\"},\"headline\":\"reclamador junto al D\u00eda Europeo de la Igualdad Salarial\",\"datePublished\":\"2023-02-22T10:11:32+00:00\",\"dateModified\":\"2024-06-07T08:53:04+00:00\",\"mainEntityOfPage\":{\"@id\":\"https:\\\/\\\/www.reclamador.es\\\/blog\\\/reclamador-junto-al-dia-europeo-de-la-igualdad-salarial\\\/\"},\"wordCount\":722,\"commentCount\":0,\"publisher\":{\"@id\":\"https:\\\/\\\/www.reclamador.es\\\/blog\\\/#organization\"},\"image\":{\"@id\":\"https:\\\/\\\/www.reclamador.es\\\/blog\\\/reclamador-junto-al-dia-europeo-de-la-igualdad-salarial\\\/#primaryimage\"},\"thumbnailUrl\":\"https:\\\/\\\/i0.wp.com\\\/www.reclamador.es\\\/blog\\\/wp-content\\\/uploads\\\/2023\\\/02\\\/igualdad-salarial.jpg?fit=1200%2C675&ssl=1\",\"keywords\":[\"leyes\",\"servicios\"],\"articleSection\":[\"Noticias y actualidad\"],\"inLanguage\":\"es\",\"potentialAction\":[{\"@type\":\"CommentAction\",\"name\":\"Comment\",\"target\":[\"https:\\\/\\\/www.reclamador.es\\\/blog\\\/reclamador-junto-al-dia-europeo-de-la-igualdad-salarial\\\/#respond\"]}]},{\"@type\":\"WebPage\",\"@id\":\"https:\\\/\\\/www.reclamador.es\\\/blog\\\/reclamador-junto-al-dia-europeo-de-la-igualdad-salarial\\\/\",\"url\":\"https:\\\/\\\/www.reclamador.es\\\/blog\\\/reclamador-junto-al-dia-europeo-de-la-igualdad-salarial\\\/\",\"name\":\"Hoy se celebra el D\u00eda Europeo de la Igualdad Salarial\",\"isPartOf\":{\"@id\":\"https:\\\/\\\/www.reclamador.es\\\/blog\\\/#website\"},\"primaryImageOfPage\":{\"@id\":\"https:\\\/\\\/www.reclamador.es\\\/blog\\\/reclamador-junto-al-dia-europeo-de-la-igualdad-salarial\\\/#primaryimage\"},\"image\":{\"@id\":\"https:\\\/\\\/www.reclamador.es\\\/blog\\\/reclamador-junto-al-dia-europeo-de-la-igualdad-salarial\\\/#primaryimage\"},\"thumbnailUrl\":\"https:\\\/\\\/i0.wp.com\\\/www.reclamador.es\\\/blog\\\/wp-content\\\/uploads\\\/2023\\\/02\\\/igualdad-salarial.jpg?fit=1200%2C675&ssl=1\",\"datePublished\":\"2023-02-22T10:11:32+00:00\",\"dateModified\":\"2024-06-07T08:53:04+00:00\",\"description\":\"En el D\u00eda Europeo de la Igualdad Salarial, reclamador.es quiere concienciar sobre esta brecha de g\u00e9nero e instar a trabajar en ello.\",\"breadcrumb\":{\"@id\":\"https:\\\/\\\/www.reclamador.es\\\/blog\\\/reclamador-junto-al-dia-europeo-de-la-igualdad-salarial\\\/#breadcrumb\"},\"inLanguage\":\"es\",\"potentialAction\":[{\"@type\":\"ReadAction\",\"target\":[\"https:\\\/\\\/www.reclamador.es\\\/blog\\\/reclamador-junto-al-dia-europeo-de-la-igualdad-salarial\\\/\"]}]},{\"@type\":\"ImageObject\",\"inLanguage\":\"es\",\"@id\":\"https:\\\/\\\/www.reclamador.es\\\/blog\\\/reclamador-junto-al-dia-europeo-de-la-igualdad-salarial\\\/#primaryimage\",\"url\":\"https:\\\/\\\/i0.wp.com\\\/www.reclamador.es\\\/blog\\\/wp-content\\\/uploads\\\/2023\\\/02\\\/igualdad-salarial.jpg?fit=1200%2C675&ssl=1\",\"contentUrl\":\"https:\\\/\\\/i0.wp.com\\\/www.reclamador.es\\\/blog\\\/wp-content\\\/uploads\\\/2023\\\/02\\\/igualdad-salarial.jpg?fit=1200%2C675&ssl=1\",\"width\":1200,\"height\":675,\"caption\":\"D\u00eda Europeo de la Igualdad Salarial\"},{\"@type\":\"BreadcrumbList\",\"@id\":\"https:\\\/\\\/www.reclamador.es\\\/blog\\\/reclamador-junto-al-dia-europeo-de-la-igualdad-salarial\\\/#breadcrumb\",\"itemListElement\":[{\"@type\":\"ListItem\",\"position\":1,\"name\":\"Portada\",\"item\":\"https:\\\/\\\/www.reclamador.es\\\/blog\\\/\"},{\"@type\":\"ListItem\",\"position\":2,\"name\":\"reclamador junto al D\u00eda Europeo de la Igualdad Salarial\"}]},{\"@type\":\"WebSite\",\"@id\":\"https:\\\/\\\/www.reclamador.es\\\/blog\\\/#website\",\"url\":\"https:\\\/\\\/www.reclamador.es\\\/blog\\\/\",\"name\":\"Rebeldes con causa, el blog de reclamador.es\",\"description\":\"Noticias, entrevistas y consejos sobre reclamaciones\",\"publisher\":{\"@id\":\"https:\\\/\\\/www.reclamador.es\\\/blog\\\/#organization\"},\"potentialAction\":[{\"@type\":\"SearchAction\",\"target\":{\"@type\":\"EntryPoint\",\"urlTemplate\":\"https:\\\/\\\/www.reclamador.es\\\/blog\\\/?s={search_term_string}\"},\"query-input\":{\"@type\":\"PropertyValueSpecification\",\"valueRequired\":true,\"valueName\":\"search_term_string\"}}],\"inLanguage\":\"es\"},{\"@type\":\"Organization\",\"@id\":\"https:\\\/\\\/www.reclamador.es\\\/blog\\\/#organization\",\"name\":\"reclamador.es\",\"url\":\"https:\\\/\\\/www.reclamador.es\\\/blog\\\/\",\"logo\":{\"@type\":\"ImageObject\",\"inLanguage\":\"es\",\"@id\":\"https:\\\/\\\/www.reclamador.es\\\/blog\\\/#\\\/schema\\\/logo\\\/image\\\/\",\"url\":\"https:\\\/\\\/i0.wp.com\\\/www.reclamador.es\\\/blog\\\/wp-content\\\/uploads\\\/2020\\\/01\\\/logo-reclamador.png?fit=1200%2C144&ssl=1\",\"contentUrl\":\"https:\\\/\\\/i0.wp.com\\\/www.reclamador.es\\\/blog\\\/wp-content\\\/uploads\\\/2020\\\/01\\\/logo-reclamador.png?fit=1200%2C144&ssl=1\",\"width\":1200,\"height\":144,\"caption\":\"reclamador.es\"},\"image\":{\"@id\":\"https:\\\/\\\/www.reclamador.es\\\/blog\\\/#\\\/schema\\\/logo\\\/image\\\/\"},\"sameAs\":[\"https:\\\/\\\/www.facebook.com\\\/reclamador.es\",\"https:\\\/\\\/x.com\\\/reclamador\",\"https:\\\/\\\/www.instagram.com\\\/reclamador.es\\\/\",\"https:\\\/\\\/www.linkedin.com\\\/company\\\/reclamador-es\",\"https:\\\/\\\/www.youtube.com\\\/user\\\/Reclamadores\"]},{\"@type\":\"Person\",\"@id\":\"https:\\\/\\\/www.reclamador.es\\\/blog\\\/#\\\/schema\\\/person\\\/1ed83eef8b6566cb5e4c812d9bc5c4bf\",\"name\":\"Equipo reclamador\",\"image\":{\"@type\":\"ImageObject\",\"inLanguage\":\"es\",\"@id\":\"https:\\\/\\\/secure.gravatar.com\\\/avatar\\\/6442ecdc2c4472c600c113f34d340feca47107d6aa4f42f1e3e75a2a8e28a760?s=96&d=mm&r=g\",\"url\":\"https:\\\/\\\/secure.gravatar.com\\\/avatar\\\/6442ecdc2c4472c600c113f34d340feca47107d6aa4f42f1e3e75a2a8e28a760?s=96&d=mm&r=g\",\"contentUrl\":\"https:\\\/\\\/secure.gravatar.com\\\/avatar\\\/6442ecdc2c4472c600c113f34d340feca47107d6aa4f42f1e3e75a2a8e28a760?s=96&d=mm&r=g\",\"caption\":\"Equipo reclamador\"},\"description\":\"Las personas que hacen posible reclamador.es\",\"url\":\"https:\\\/\\\/www.reclamador.es\\\/blog\\\/author\\\/administrador\\\/\"}]}<\/script>\n<!-- \/ Yoast SEO plugin. -->","yoast_head_json":{"title":"Hoy se celebra el D\u00eda Europeo de la Igualdad Salarial","description":"En el D\u00eda Europeo de la Igualdad Salarial, reclamador.es quiere concienciar sobre esta brecha de g\u00e9nero e instar a trabajar en ello.","robots":{"index":"index","follow":"follow","max-snippet":"max-snippet:-1","max-image-preview":"max-image-preview:large","max-video-preview":"max-video-preview:-1"},"canonical":"https:\/\/www.reclamador.es\/blog\/reclamador-junto-al-dia-europeo-de-la-igualdad-salarial\/","og_locale":"es_ES","og_type":"article","og_title":"Hoy se celebra el D\u00eda Europeo de la Igualdad Salarial","og_description":"En el D\u00eda Europeo de la Igualdad Salarial, reclamador.es quiere concienciar sobre esta brecha de g\u00e9nero e instar a trabajar en ello.","og_url":"https:\/\/www.reclamador.es\/blog\/reclamador-junto-al-dia-europeo-de-la-igualdad-salarial\/","og_site_name":"Rebeldes con causa, el blog de reclamador.es","article_publisher":"https:\/\/www.facebook.com\/reclamador.es","article_published_time":"2023-02-22T10:11:32+00:00","article_modified_time":"2024-06-07T08:53:04+00:00","og_image":[{"width":1200,"height":675,"url":"https:\/\/www.reclamador.es\/blog\/wp-content\/uploads\/2023\/02\/igualdad-salarial.jpg","type":"image\/jpeg"}],"author":"Equipo reclamador","twitter_card":"summary_large_image","twitter_creator":"@reclamador","twitter_site":"@reclamador","twitter_misc":{"Escrito por":"Equipo reclamador","Tiempo de lectura":"4 minutos"},"schema":{"@context":"https:\/\/schema.org","@graph":[{"@type":"Article","@id":"https:\/\/www.reclamador.es\/blog\/reclamador-junto-al-dia-europeo-de-la-igualdad-salarial\/#article","isPartOf":{"@id":"https:\/\/www.reclamador.es\/blog\/reclamador-junto-al-dia-europeo-de-la-igualdad-salarial\/"},"author":{"name":"Equipo reclamador","@id":"https:\/\/www.reclamador.es\/blog\/#\/schema\/person\/1ed83eef8b6566cb5e4c812d9bc5c4bf"},"headline":"reclamador junto al D\u00eda Europeo de la Igualdad Salarial","datePublished":"2023-02-22T10:11:32+00:00","dateModified":"2024-06-07T08:53:04+00:00","mainEntityOfPage":{"@id":"https:\/\/www.reclamador.es\/blog\/reclamador-junto-al-dia-europeo-de-la-igualdad-salarial\/"},"wordCount":722,"commentCount":0,"publisher":{"@id":"https:\/\/www.reclamador.es\/blog\/#organization"},"image":{"@id":"https:\/\/www.reclamador.es\/blog\/reclamador-junto-al-dia-europeo-de-la-igualdad-salarial\/#primaryimage"},"thumbnailUrl":"https:\/\/i0.wp.com\/www.reclamador.es\/blog\/wp-content\/uploads\/2023\/02\/igualdad-salarial.jpg?fit=1200%2C675&ssl=1","keywords":["leyes","servicios"],"articleSection":["Noticias y actualidad"],"inLanguage":"es","potentialAction":[{"@type":"CommentAction","name":"Comment","target":["https:\/\/www.reclamador.es\/blog\/reclamador-junto-al-dia-europeo-de-la-igualdad-salarial\/#respond"]}]},{"@type":"WebPage","@id":"https:\/\/www.reclamador.es\/blog\/reclamador-junto-al-dia-europeo-de-la-igualdad-salarial\/","url":"https:\/\/www.reclamador.es\/blog\/reclamador-junto-al-dia-europeo-de-la-igualdad-salarial\/","name":"Hoy se celebra el D\u00eda Europeo de la Igualdad Salarial","isPartOf":{"@id":"https:\/\/www.reclamador.es\/blog\/#website"},"primaryImageOfPage":{"@id":"https:\/\/www.reclamador.es\/blog\/reclamador-junto-al-dia-europeo-de-la-igualdad-salarial\/#primaryimage"},"image":{"@id":"https:\/\/www.reclamador.es\/blog\/reclamador-junto-al-dia-europeo-de-la-igualdad-salarial\/#primaryimage"},"thumbnailUrl":"https:\/\/i0.wp.com\/www.reclamador.es\/blog\/wp-content\/uploads\/2023\/02\/igualdad-salarial.jpg?fit=1200%2C675&ssl=1","datePublished":"2023-02-22T10:11:32+00:00","dateModified":"2024-06-07T08:53:04+00:00","description":"En el D\u00eda Europeo de la Igualdad Salarial, reclamador.es quiere concienciar sobre esta brecha de g\u00e9nero e instar a trabajar en ello.","breadcrumb":{"@id":"https:\/\/www.reclamador.es\/blog\/reclamador-junto-al-dia-europeo-de-la-igualdad-salarial\/#breadcrumb"},"inLanguage":"es","potentialAction":[{"@type":"ReadAction","target":["https:\/\/www.reclamador.es\/blog\/reclamador-junto-al-dia-europeo-de-la-igualdad-salarial\/"]}]},{"@type":"ImageObject","inLanguage":"es","@id":"https:\/\/www.reclamador.es\/blog\/reclamador-junto-al-dia-europeo-de-la-igualdad-salarial\/#primaryimage","url":"https:\/\/i0.wp.com\/www.reclamador.es\/blog\/wp-content\/uploads\/2023\/02\/igualdad-salarial.jpg?fit=1200%2C675&ssl=1","contentUrl":"https:\/\/i0.wp.com\/www.reclamador.es\/blog\/wp-content\/uploads\/2023\/02\/igualdad-salarial.jpg?fit=1200%2C675&ssl=1","width":1200,"height":675,"caption":"D\u00eda Europeo de la Igualdad Salarial"},{"@type":"BreadcrumbList","@id":"https:\/\/www.reclamador.es\/blog\/reclamador-junto-al-dia-europeo-de-la-igualdad-salarial\/#breadcrumb","itemListElement":[{"@type":"ListItem","position":1,"name":"Portada","item":"https:\/\/www.reclamador.es\/blog\/"},{"@type":"ListItem","position":2,"name":"reclamador junto al D\u00eda Europeo de la Igualdad Salarial"}]},{"@type":"WebSite","@id":"https:\/\/www.reclamador.es\/blog\/#website","url":"https:\/\/www.reclamador.es\/blog\/","name":"Rebeldes con causa, el blog de reclamador.es","description":"Noticias, entrevistas y consejos sobre reclamaciones","publisher":{"@id":"https:\/\/www.reclamador.es\/blog\/#organization"},"potentialAction":[{"@type":"SearchAction","target":{"@type":"EntryPoint","urlTemplate":"https:\/\/www.reclamador.es\/blog\/?s={search_term_string}"},"query-input":{"@type":"PropertyValueSpecification","valueRequired":true,"valueName":"search_term_string"}}],"inLanguage":"es"},{"@type":"Organization","@id":"https:\/\/www.reclamador.es\/blog\/#organization","name":"reclamador.es","url":"https:\/\/www.reclamador.es\/blog\/","logo":{"@type":"ImageObject","inLanguage":"es","@id":"https:\/\/www.reclamador.es\/blog\/#\/schema\/logo\/image\/","url":"https:\/\/i0.wp.com\/www.reclamador.es\/blog\/wp-content\/uploads\/2020\/01\/logo-reclamador.png?fit=1200%2C144&ssl=1","contentUrl":"https:\/\/i0.wp.com\/www.reclamador.es\/blog\/wp-content\/uploads\/2020\/01\/logo-reclamador.png?fit=1200%2C144&ssl=1","width":1200,"height":144,"caption":"reclamador.es"},"image":{"@id":"https:\/\/www.reclamador.es\/blog\/#\/schema\/logo\/image\/"},"sameAs":["https:\/\/www.facebook.com\/reclamador.es","https:\/\/x.com\/reclamador","https:\/\/www.instagram.com\/reclamador.es\/","https:\/\/www.linkedin.com\/company\/reclamador-es","https:\/\/www.youtube.com\/user\/Reclamadores"]},{"@type":"Person","@id":"https:\/\/www.reclamador.es\/blog\/#\/schema\/person\/1ed83eef8b6566cb5e4c812d9bc5c4bf","name":"Equipo reclamador","image":{"@type":"ImageObject","inLanguage":"es","@id":"https:\/\/secure.gravatar.com\/avatar\/6442ecdc2c4472c600c113f34d340feca47107d6aa4f42f1e3e75a2a8e28a760?s=96&d=mm&r=g","url":"https:\/\/secure.gravatar.com\/avatar\/6442ecdc2c4472c600c113f34d340feca47107d6aa4f42f1e3e75a2a8e28a760?s=96&d=mm&r=g","contentUrl":"https:\/\/secure.gravatar.com\/avatar\/6442ecdc2c4472c600c113f34d340feca47107d6aa4f42f1e3e75a2a8e28a760?s=96&d=mm&r=g","caption":"Equipo reclamador"},"description":"Las personas que hacen posible reclamador.es","url":"https:\/\/www.reclamador.es\/blog\/author\/administrador\/"}]}},"jetpack_featured_media_url":"https:\/\/i0.wp.com\/www.reclamador.es\/blog\/wp-content\/uploads\/2023\/02\/igualdad-salarial.jpg?fit=1200%2C675&ssl=1","jetpack-related-posts":[{"id":29152,"url":"https:\/\/www.reclamador.es\/blog\/almudena-velazquez-dia-internacional-del-abogado\/","url_meta":{"origin":30780,"position":0},"title":"Almudena Vel\u00e1zquez en el D\u00eda Internacional del Abogado: \"as\u00ed vivo mi profesi\u00f3n\"","author":"Almudena Vel\u00e1zquez","date":"3 febrero, 2022","format":false,"excerpt":"Cada 3 de febrero se celebra el D\u00eda Internacional del Abogado. Por eso, para esta ocasi\u00f3n, en reclamador.es hemos pedido a nuestra directora legal, Almudena Vel\u00e1zquez, que nos hable de la profesi\u00f3n y sus inicios en el mundo de la abogac\u00eda.\u00a0 A continuaci\u00f3n, os dejamos la tribuna de nuestra directora\u2026","rel":"","context":"En \u00abConoce todo lo que sucede en reclamador.es\u00bb","block_context":{"text":"Conoce todo lo que sucede en reclamador.es","link":"https:\/\/www.reclamador.es\/blog\/reclamadores\/"},"img":{"alt_text":"Almudena velazque en el tjue","src":"https:\/\/i0.wp.com\/www.reclamador.es\/blog\/wp-content\/uploads\/2020\/01\/tjue-indmenizacion-equipaje-reclamador_destacada.jpg?fit=800%2C419&ssl=1&resize=350%2C200","width":350,"height":200,"srcset":"https:\/\/i0.wp.com\/www.reclamador.es\/blog\/wp-content\/uploads\/2020\/01\/tjue-indmenizacion-equipaje-reclamador_destacada.jpg?fit=800%2C419&ssl=1&resize=350%2C200 1x, https:\/\/i0.wp.com\/www.reclamador.es\/blog\/wp-content\/uploads\/2020\/01\/tjue-indmenizacion-equipaje-reclamador_destacada.jpg?fit=800%2C419&ssl=1&resize=525%2C300 1.5x, https:\/\/i0.wp.com\/www.reclamador.es\/blog\/wp-content\/uploads\/2020\/01\/tjue-indmenizacion-equipaje-reclamador_destacada.jpg?fit=800%2C419&ssl=1&resize=700%2C400 2x"},"classes":[]},{"id":30826,"url":"https:\/\/www.reclamador.es\/blog\/8-marzo-dia-internacional-de-la-mujer\/","url_meta":{"origin":30780,"position":1},"title":"8 de marzo: D\u00eda Internacional de la Mujer","author":"Equipo reclamador","date":"8 marzo, 2023","format":false,"excerpt":"D\u00eda Internacional de la Mujer","rel":"","context":"En \u00abNoticias y actualidad\u00bb","block_context":{"text":"Noticias y actualidad","link":"https:\/\/www.reclamador.es\/blog\/noticias\/"},"img":{"alt_text":"D\u00eda Internacional de la Mujer","src":"https:\/\/i0.wp.com\/www.reclamador.es\/blog\/wp-content\/uploads\/2023\/03\/8m.jpg?fit=1200%2C675&ssl=1&resize=350%2C200","width":350,"height":200,"srcset":"https:\/\/i0.wp.com\/www.reclamador.es\/blog\/wp-content\/uploads\/2023\/03\/8m.jpg?fit=1200%2C675&ssl=1&resize=350%2C200 1x, https:\/\/i0.wp.com\/www.reclamador.es\/blog\/wp-content\/uploads\/2023\/03\/8m.jpg?fit=1200%2C675&ssl=1&resize=525%2C300 1.5x, https:\/\/i0.wp.com\/www.reclamador.es\/blog\/wp-content\/uploads\/2023\/03\/8m.jpg?fit=1200%2C675&ssl=1&resize=700%2C400 2x, https:\/\/i0.wp.com\/www.reclamador.es\/blog\/wp-content\/uploads\/2023\/03\/8m.jpg?fit=1200%2C675&ssl=1&resize=1050%2C600 3x"},"classes":[]},{"id":26916,"url":"https:\/\/www.reclamador.es\/blog\/dia-orgullo-lgtbi-reclamar-derechos-para-todos\/","url_meta":{"origin":30780,"position":2},"title":"D\u00eda Internacional del Orgullo LGTBI: reclamar los derechos para todos","author":"Almudena Vel\u00e1zquez","date":"28 junio, 2021","format":false,"excerpt":"Cada 28 de junio se celebra el D\u00eda Internacional del Orgullo LGTBI. Como puede apreciarse del mapa, el reconocimiento de la igualdad de derechos del colectivo LGTBI tiene un camino muy diferente seg\u00fan el pa\u00eds donde nos encontremos. En rojo, en el mapa, podemos observar los pa\u00edses en los que,\u2026","rel":"","context":"En \u00abNoticias y actualidad\u00bb","block_context":{"text":"Noticias y actualidad","link":"https:\/\/www.reclamador.es\/blog\/noticias\/"},"img":{"alt_text":"28J D\u00eda Orgullo LGTBI","src":"https:\/\/i0.wp.com\/www.reclamador.es\/blog\/wp-content\/uploads\/2021\/06\/210628_dia-orgullo-lgtbi.jpg?fit=1200%2C629&ssl=1&resize=350%2C200","width":350,"height":200,"srcset":"https:\/\/i0.wp.com\/www.reclamador.es\/blog\/wp-content\/uploads\/2021\/06\/210628_dia-orgullo-lgtbi.jpg?fit=1200%2C629&ssl=1&resize=350%2C200 1x, https:\/\/i0.wp.com\/www.reclamador.es\/blog\/wp-content\/uploads\/2021\/06\/210628_dia-orgullo-lgtbi.jpg?fit=1200%2C629&ssl=1&resize=525%2C300 1.5x, https:\/\/i0.wp.com\/www.reclamador.es\/blog\/wp-content\/uploads\/2021\/06\/210628_dia-orgullo-lgtbi.jpg?fit=1200%2C629&ssl=1&resize=700%2C400 2x, https:\/\/i0.wp.com\/www.reclamador.es\/blog\/wp-content\/uploads\/2021\/06\/210628_dia-orgullo-lgtbi.jpg?fit=1200%2C629&ssl=1&resize=1050%2C600 3x"},"classes":[]},{"id":4539,"url":"https:\/\/www.reclamador.es\/blog\/principales-aspectos-entender-nomina\/","url_meta":{"origin":30780,"position":3},"title":"C\u00f3mo entender mi n\u00f3mina","author":"Equipo reclamador","date":"31 enero, 2019","format":false,"excerpt":"La n\u00f3mina es el documento que recibimos (o deber\u00edamos recibir) todos los trabajadores en activo y que contiene el desglose de la cantidad de dinero que se recibe a cambio del trabajo realizado en una empresa. En ocasiones puede resultar complejo entender alguno de los conceptos que en ella se\u2026","rel":"","context":"En \u00abConsejos legales\u00bb","block_context":{"text":"Consejos legales","link":"https:\/\/www.reclamador.es\/blog\/consejos\/"},"img":{"alt_text":"conceptos clave para entender la nomina","src":"https:\/\/i0.wp.com\/www.reclamador.es\/blog\/wp-content\/uploads\/2019\/01\/entender-nomina-trabajadores.jpg?fit=1198%2C630&ssl=1&resize=350%2C200","width":350,"height":200,"srcset":"https:\/\/i0.wp.com\/www.reclamador.es\/blog\/wp-content\/uploads\/2019\/01\/entender-nomina-trabajadores.jpg?fit=1198%2C630&ssl=1&resize=350%2C200 1x, https:\/\/i0.wp.com\/www.reclamador.es\/blog\/wp-content\/uploads\/2019\/01\/entender-nomina-trabajadores.jpg?fit=1198%2C630&ssl=1&resize=525%2C300 1.5x, https:\/\/i0.wp.com\/www.reclamador.es\/blog\/wp-content\/uploads\/2019\/01\/entender-nomina-trabajadores.jpg?fit=1198%2C630&ssl=1&resize=700%2C400 2x, https:\/\/i0.wp.com\/www.reclamador.es\/blog\/wp-content\/uploads\/2019\/01\/entender-nomina-trabajadores.jpg?fit=1198%2C630&ssl=1&resize=1050%2C600 3x"},"classes":[]},{"id":21287,"url":"https:\/\/www.reclamador.es\/blog\/preguntas-prohibidas-entrevista-de-trabajo\/","url_meta":{"origin":30780,"position":4},"title":"Preguntas prohibidas en una entrevista de trabajo","author":"Equipo reclamador","date":"8 marzo, 2022","format":false,"excerpt":"Cada 8 de marzo se celebra el D\u00eda Internacional de la Mujer Trabajadora. Tambi\u00e9n conocido como \"D\u00eda de la Mujer\". Una fecha marcada en el calendario para avanzar en la defensa de los derechos de todas las mujeres, tambi\u00e9n en su puesto de trabajo, pues todav\u00eda hoy son muchas las\u2026","rel":"","context":"En \u00abNoticias y actualidad\u00bb","block_context":{"text":"Noticias y actualidad","link":"https:\/\/www.reclamador.es\/blog\/noticias\/"},"img":{"alt_text":"Preguntas prohibidas en una entrevista de trabajo 8M dia de la mujer","src":"https:\/\/i0.wp.com\/www.reclamador.es\/blog\/wp-content\/uploads\/2019\/03\/preguntas-ilegales-en-una-entrevista-de-trabajo.jpg?fit=1200%2C630&ssl=1&resize=350%2C200","width":350,"height":200,"srcset":"https:\/\/i0.wp.com\/www.reclamador.es\/blog\/wp-content\/uploads\/2019\/03\/preguntas-ilegales-en-una-entrevista-de-trabajo.jpg?fit=1200%2C630&ssl=1&resize=350%2C200 1x, https:\/\/i0.wp.com\/www.reclamador.es\/blog\/wp-content\/uploads\/2019\/03\/preguntas-ilegales-en-una-entrevista-de-trabajo.jpg?fit=1200%2C630&ssl=1&resize=525%2C300 1.5x, https:\/\/i0.wp.com\/www.reclamador.es\/blog\/wp-content\/uploads\/2019\/03\/preguntas-ilegales-en-una-entrevista-de-trabajo.jpg?fit=1200%2C630&ssl=1&resize=700%2C400 2x, https:\/\/i0.wp.com\/www.reclamador.es\/blog\/wp-content\/uploads\/2019\/03\/preguntas-ilegales-en-una-entrevista-de-trabajo.jpg?fit=1200%2C630&ssl=1&resize=1050%2C600 3x"},"classes":[]},{"id":29384,"url":"https:\/\/www.reclamador.es\/blog\/dia-mujer-en-reclamador\/","url_meta":{"origin":30780,"position":5},"title":"El papel de las mujeres trabajadoras en reclamador.es","author":"Equipo reclamador","date":"8 marzo, 2022","format":false,"excerpt":"Cada 8 de marzo, desde 1908, se celebra el D\u00eda Internacional de la Mujer o D\u00eda Internacional de la Mujer Trabajadora. En esta fecha, se conmemora y reivindica el papel de la mujer en la sociedad y se pretende dar visibilidad a todos los logros conseguidos a lo largo de\u2026","rel":"","context":"En \u00abConoce todo lo que sucede en reclamador.es\u00bb","block_context":{"text":"Conoce todo lo que sucede en reclamador.es","link":"https:\/\/www.reclamador.es\/blog\/reclamadores\/"},"img":{"alt_text":"dia de la mujer","src":"https:\/\/i0.wp.com\/www.reclamador.es\/blog\/wp-content\/uploads\/2022\/03\/dia-de-la-mujer-8M-reclamador.es_.jpg?fit=1200%2C698&ssl=1&resize=350%2C200","width":350,"height":200,"srcset":"https:\/\/i0.wp.com\/www.reclamador.es\/blog\/wp-content\/uploads\/2022\/03\/dia-de-la-mujer-8M-reclamador.es_.jpg?fit=1200%2C698&ssl=1&resize=350%2C200 1x, https:\/\/i0.wp.com\/www.reclamador.es\/blog\/wp-content\/uploads\/2022\/03\/dia-de-la-mujer-8M-reclamador.es_.jpg?fit=1200%2C698&ssl=1&resize=525%2C300 1.5x, https:\/\/i0.wp.com\/www.reclamador.es\/blog\/wp-content\/uploads\/2022\/03\/dia-de-la-mujer-8M-reclamador.es_.jpg?fit=1200%2C698&ssl=1&resize=700%2C400 2x, https:\/\/i0.wp.com\/www.reclamador.es\/blog\/wp-content\/uploads\/2022\/03\/dia-de-la-mujer-8M-reclamador.es_.jpg?fit=1200%2C698&ssl=1&resize=1050%2C600 3x"},"classes":[]}],"jetpack_sharing_enabled":true,"_links":{"self":[{"href":"https:\/\/www.reclamador.es\/blog\/wp-json\/wp\/v2\/posts\/30780","targetHints":{"allow":["GET"]}}],"collection":[{"href":"https:\/\/www.reclamador.es\/blog\/wp-json\/wp\/v2\/posts"}],"about":[{"href":"https:\/\/www.reclamador.es\/blog\/wp-json\/wp\/v2\/types\/post"}],"author":[{"embeddable":true,"href":"https:\/\/www.reclamador.es\/blog\/wp-json\/wp\/v2\/users\/1"}],"replies":[{"embeddable":true,"href":"https:\/\/www.reclamador.es\/blog\/wp-json\/wp\/v2\/comments?post=30780"}],"version-history":[{"count":5,"href":"https:\/\/www.reclamador.es\/blog\/wp-json\/wp\/v2\/posts\/30780\/revisions"}],"predecessor-version":[{"id":32460,"href":"https:\/\/www.reclamador.es\/blog\/wp-json\/wp\/v2\/posts\/30780\/revisions\/32460"}],"wp:featuredmedia":[{"embeddable":true,"href":"https:\/\/www.reclamador.es\/blog\/wp-json\/wp\/v2\/media\/30781"}],"wp:attachment":[{"href":"https:\/\/www.reclamador.es\/blog\/wp-json\/wp\/v2\/media?parent=30780"}],"wp:term":[{"taxonomy":"category","embeddable":true,"href":"https:\/\/www.reclamador.es\/blog\/wp-json\/wp\/v2\/categories?post=30780"},{"taxonomy":"post_tag","embeddable":true,"href":"https:\/\/www.reclamador.es\/blog\/wp-json\/wp\/v2\/tags?post=30780"}],"curies":[{"name":"wp","href":"https:\/\/api.w.org\/{rel}","templated":true}]}}