{"id":30585,"date":"2023-01-03T12:40:26","date_gmt":"2023-01-03T11:40:26","guid":{"rendered":"https:\/\/www.reclamador.es\/blog\/?p=30585"},"modified":"2024-08-09T10:47:19","modified_gmt":"2024-08-09T08:47:19","slug":"conoce-las-ayudas-del-gobierno-para-el-2023","status":"publish","type":"post","link":"https:\/\/www.reclamador.es\/blog\/conoce-las-ayudas-del-gobierno-para-el-2023\/","title":{"rendered":"Conoce las ayudas del Gobierno para el 2023"},"content":{"rendered":"<div class=\"ttr_start\"><\/div>\n\n<div class=\"kk-star-ratings kksr-auto kksr-align-right kksr-valign-top\"\n    data-payload='{&quot;align&quot;:&quot;right&quot;,&quot;id&quot;:&quot;30585&quot;,&quot;slug&quot;:&quot;default&quot;,&quot;valign&quot;:&quot;top&quot;,&quot;ignore&quot;:&quot;&quot;,&quot;reference&quot;:&quot;auto&quot;,&quot;class&quot;:&quot;&quot;,&quot;count&quot;:&quot;0&quot;,&quot;legendonly&quot;:&quot;&quot;,&quot;readonly&quot;:&quot;&quot;,&quot;score&quot;:&quot;0&quot;,&quot;starsonly&quot;:&quot;&quot;,&quot;best&quot;:&quot;5&quot;,&quot;gap&quot;:&quot;3&quot;,&quot;greet&quot;:&quot;Valora este art\u00edculo&quot;,&quot;legend&quot;:&quot;0\\\/5 - (0 votos)&quot;,&quot;size&quot;:&quot;20&quot;,&quot;title&quot;:&quot;Conoce las ayudas del Gobierno para el 2023&quot;,&quot;width&quot;:&quot;0&quot;,&quot;_legend&quot;:&quot;{score}\\\/{best} - ({count} {votes})&quot;,&quot;font_factor&quot;:&quot;1.25&quot;}'>\n            \n<div class=\"kksr-stars\">\n    \n<div class=\"kksr-stars-inactive\">\n            <div class=\"kksr-star\" data-star=\"1\" style=\"padding-right: 3px\">\n            \n\n<div class=\"kksr-icon\" style=\"width: 20px; height: 20px;\"><\/div>\n        <\/div>\n            <div class=\"kksr-star\" data-star=\"2\" style=\"padding-right: 3px\">\n            \n\n<div class=\"kksr-icon\" style=\"width: 20px; height: 20px;\"><\/div>\n        <\/div>\n            <div class=\"kksr-star\" data-star=\"3\" style=\"padding-right: 3px\">\n            \n\n<div class=\"kksr-icon\" style=\"width: 20px; height: 20px;\"><\/div>\n        <\/div>\n            <div class=\"kksr-star\" data-star=\"4\" style=\"padding-right: 3px\">\n            \n\n<div class=\"kksr-icon\" style=\"width: 20px; height: 20px;\"><\/div>\n        <\/div>\n            <div class=\"kksr-star\" data-star=\"5\" style=\"padding-right: 3px\">\n            \n\n<div class=\"kksr-icon\" style=\"width: 20px; height: 20px;\"><\/div>\n        <\/div>\n    <\/div>\n    \n<div class=\"kksr-stars-active\" style=\"width: 0px;\">\n            <div class=\"kksr-star\" style=\"padding-right: 3px\">\n            \n\n<div class=\"kksr-icon\" style=\"width: 20px; height: 20px;\"><\/div>\n        <\/div>\n            <div class=\"kksr-star\" style=\"padding-right: 3px\">\n            \n\n<div class=\"kksr-icon\" style=\"width: 20px; height: 20px;\"><\/div>\n        <\/div>\n            <div class=\"kksr-star\" style=\"padding-right: 3px\">\n            \n\n<div class=\"kksr-icon\" style=\"width: 20px; height: 20px;\"><\/div>\n        <\/div>\n            <div class=\"kksr-star\" style=\"padding-right: 3px\">\n            \n\n<div class=\"kksr-icon\" style=\"width: 20px; height: 20px;\"><\/div>\n        <\/div>\n            <div class=\"kksr-star\" style=\"padding-right: 3px\">\n            \n\n<div class=\"kksr-icon\" style=\"width: 20px; height: 20px;\"><\/div>\n        <\/div>\n    <\/div>\n<\/div>\n                \n\n<div class=\"kksr-legend\" style=\"font-size: 16px;\">\n            <span class=\"kksr-muted\">Valora este art\u00edculo<\/span>\n    <\/div>\n    <\/div>\n\n<figure id=\"attachment_30586\" aria-describedby=\"caption-attachment-30586\" style=\"width: 1200px\" class=\"wp-caption aligncenter\"><img data-recalc-dims=\"1\" loading=\"lazy\" decoding=\"async\" class=\"size-full wp-image-30586\" src=\"https:\/\/i0.wp.com\/www.reclamador.es\/blog\/wp-content\/uploads\/2023\/01\/ayudas-2023.jpg?resize=1200%2C676&#038;ssl=1\" alt=\"Ayudas del Gobierno para 2023\" width=\"1200\" height=\"676\" srcset=\"https:\/\/i0.wp.com\/www.reclamador.es\/blog\/wp-content\/uploads\/2023\/01\/ayudas-2023.jpg?w=1200&amp;ssl=1 1200w, https:\/\/i0.wp.com\/www.reclamador.es\/blog\/wp-content\/uploads\/2023\/01\/ayudas-2023.jpg?resize=800%2C451&amp;ssl=1 800w, https:\/\/i0.wp.com\/www.reclamador.es\/blog\/wp-content\/uploads\/2023\/01\/ayudas-2023.jpg?resize=150%2C85&amp;ssl=1 150w, https:\/\/i0.wp.com\/www.reclamador.es\/blog\/wp-content\/uploads\/2023\/01\/ayudas-2023.jpg?resize=768%2C433&amp;ssl=1 768w\" sizes=\"auto, (max-width: 1000px) 100vw, 1000px\" \/><figcaption id=\"caption-attachment-30586\" class=\"wp-caption-text\"><em>Ayudas del Gobierno para 2023<\/em><\/figcaption><\/figure>\n<p><span style=\"font-weight: 400;\">La semana pasada terminamos 2022 hablando de las <\/span><a href=\"https:\/\/www.reclamador.es\/blog\/fin-a-la-ayuda-al-carburante\/\"><span style=\"font-weight: 400;\">ayudas que terminaban al acabar el a\u00f1o<\/span><\/a><span style=\"font-weight: 400;\">. Ahora os traemos qu\u00e9 ayudas del Gobierno se mantienen para el a\u00f1o 2023, cu\u00e1les se mejoran y ampl\u00edan y qu\u00e9 nuevas medidas empiezan a funcionar.<\/span><\/p>\n<p><span style=\"font-weight: 400;\">Siempre se empieza el a\u00f1o con la famosa cuesta de enero y, ante los efectos de la subida de precios y de la inflaci\u00f3n, se ha ampliado una nueva bater\u00eda de medidas anticrisis. \u00bfTe interesa saber m\u00e1s? Conoce las ayudas del Gobierno para el 2023.<\/span><\/p>\n<h2><b>Se mantiene la ayuda al transporte\u00a0<\/b><\/h2>\n<p><span style=\"font-weight: 400;\">Aunque, como ya analizamos, la ayuda de 20 c\u00e9ntimos por litro al carburante termin\u00f3 el pasado 31 de diciembre, s\u00ed que hay subvenciones en el transporte que se mantienen. Este es el caso de la gratuidad tanto de los abonos de Renfe como los de autobuses de titularidad estatal.<\/span><\/p>\n<p><span style=\"font-weight: 400;\">Renfe ha anunciado algunos cambios en las condiciones de sus abonos, para evitar algunas malas pr\u00e1cticas que se realizaron durante el periodo anterior de los mismos. Por ello, sancionar\u00e1 a los usuarios que reserven un viaje y en caso de no poder realizarlo, no lo cancelen con antelaci\u00f3n. Adem\u00e1s, si se repite esta actuaci\u00f3n por 3 veces, perder\u00e1 la fianza de 20 euros de este bono.<\/span><\/p>\n<p><span style=\"font-weight: 400;\">En cuanto a los abonos por comunidades, no todas se han pronunciado al respecto sobre si lo mantendr\u00e1n o durante el 2023. Madrid s\u00ed ha indicado que este abono lo ampliar\u00e1 hasta el 60%. Las Islas Baleares y Canarias elevan la subvenci\u00f3n al 100%. Pa\u00eds Vasco, Navarra, La Rioja, Galicia, Catalu\u00f1a, Castilla-La Mancha, Castilla y Le\u00f3n y Arag\u00f3n tambi\u00e9n han confirmado que complementar\u00e1n hasta el 50% las ayudas al transporte en su comunidad. El resto de comunidades, siguen pendientes de confirmar si mantienen o no esta medida.\u00a0<\/span><\/p>\n<h2><b>Ayuda a la cesta de la compra con la rebaja del IVA en alimentos<\/b><\/h2>\n<p><span style=\"font-weight: 400;\">Otro de los objetivos de las nuevas medidas anticrisis es frenar el alza de los precios de los alimentos, por eso, durante los pr\u00f3ximos 6 meses se ha aprobado una reducci\u00f3n de IVA de los alimentos de primera necesidad, que pasar\u00e1n del 4% al 0%. En este grupo de alimentos incluye: pan, harina, queso, huevos, leche, verduras, hortalizas, frutas, legumbres, y cereales. Tambi\u00e9n se ha indicado la reducci\u00f3n del 10% al 5% del IVA del aceite y de la pasta.<\/span><\/p>\n<h2><b>Cheque de 200 euros para familias vulnerables<\/b><\/h2>\n<p><span style=\"font-weight: 400;\">Adem\u00e1s de la reducci\u00f3n del IVA en alimentaci\u00f3n, tambi\u00e9n se ha aprobado el cheque de 200 euros para hogares con ingresos inferiores a los 27.000 euros anuales y un patrimonio de hasta 75.000 euros (sin contar la primera vivienda).<\/span><\/p>\n<p><span style=\"font-weight: 400;\">Esta ayuda es casi id\u00e9ntica a la que se tramit\u00f3 en 2022 pero con algunas modificaciones en cuanto a los requisitos de acceso, pasando de ingresos inferiores de 14.000 euros a los 27.000 euros de ahora y pretende ayudar a 4,2 millones de hogares seg\u00fan el Gobierno.<\/span><\/p>\n<p><span style=\"font-weight: 400;\">Este nuevo bono se puede pedir desde el 15 de febrero y hasta el 31 de marzo en la p\u00e1gina web de la Agencia Tributaria. Una vez solicitado, si se concede, el pago correspondiente se har\u00e1 mediante transferencia bancaria.<\/span><\/p>\n<h6 style=\"text-align: center;\"><a href=\"https:\/\/www.reclamador.es\/blog\/ayuda-de-200-euros-del-2023-que-es-y-como-se-solicita\/\"><strong>C\u00f3mo solicitar la ayuda de 200 euros<\/strong><\/a><\/h6>\n<h2><b>Conoce las ayudas del Gobierno para el alquiler en 2023<\/b><\/h2>\n<p><a href=\"https:\/\/www.reclamador.es\/blog\/el-bono-alquiler-joven-requisitos-para-acceder-a-esta-ayuda\/\"><span style=\"font-weight: 400;\">Contin\u00faan las ayudas al alquiler<\/span><\/a><span style=\"font-weight: 400;\">. El Gobierno ha aprobado la congelaci\u00f3n de los alquileres durante seis meses, limitando las subidas al 2%. Esto quiere decir que, si el precio se revisa a lo largo del a\u00f1o teniendo en cuenta el IPC, al ser un valor muy alto, el precio se disparar\u00eda, por eso se ha limitado el tope al 2%.\u00a0<\/span><\/p>\n<p><span style=\"font-weight: 400;\">Tambi\u00e9n se congelan los contratos que sean renovados antes del 30 de junio.<\/span><\/p>\n<h2><b>Revalorizaci\u00f3n de las pensiones<\/b><\/h2>\n<p><span style=\"font-weight: 400;\">El Consejo de Ministros ha aprobado la <\/span><a href=\"https:\/\/www.reclamador.es\/blog\/finiquito-por-jubilacion-trabajador\/\"><span style=\"font-weight: 400;\">revalorizaci\u00f3n de las pensiones<\/span><\/a><span style=\"font-weight: 400;\"> para 2023 y supondr\u00e1 un aumento del 8,5% en las pensiones contributivas con car\u00e1cter general, mientras que se prorroga el incremento del 15% en las pensiones no contributivas.<\/span><\/p>\n<p><span style=\"font-weight: 400;\">Por tanto, se estima un aumento de la pensi\u00f3n media de jubilaci\u00f3n de 107 euros mensuales seg\u00fan datos del Gobierno.\u00a0<\/span><\/p>\n<p>\u00a0<\/p>\n<p>Si te ha gustado el contenido de este post sobre las ayudas disponibles para este 2023, comp\u00e1rtelo en tus redes!<\/p>\n<p><img decoding=\"async\" class=\"emoji\" role=\"img\" draggable=\"false\" src=\"https:\/\/s.w.org\/images\/core\/emoji\/13.0.0\/svg\/1f642.svg\" alt=\"\ud83d\ude42\" \/><\/p>\n<p>\u00a0<\/p>\n<div class=\"ttr_end\"><\/div>","protected":false},"excerpt":{"rendered":"<p>La semana pasada terminamos 2022 hablando de las ayudas que terminaban al acabar el a\u00f1o. Ahora os traemos qu\u00e9 ayudas del Gobierno se mantienen para el a\u00f1o 2023, cu\u00e1les se mejoran y ampl\u00edan y qu\u00e9 nuevas medidas empiezan a funcionar. Siempre se empieza el a\u00f1o con la famosa cuesta de enero y, ante los efectos [&hellip;]<\/p>\n","protected":false},"author":1,"featured_media":30586,"comment_status":"open","ping_status":"open","sticky":false,"template":"","format":"standard","meta":{"_acf_changed":false,"_genesis_hide_title":false,"_genesis_hide_breadcrumbs":false,"_genesis_hide_singular_image":false,"_genesis_hide_footer_widgets":false,"_genesis_custom_body_class":"","_genesis_custom_post_class":"","_genesis_layout":"","_jetpack_newsletter_access":"","_jetpack_dont_email_post_to_subs":false,"_jetpack_newsletter_tier_id":0,"_jetpack_memberships_contains_paywalled_content":false,"_jetpack_memberships_contains_paid_content":false,"footnotes":""},"categories":[392],"tags":[353,762],"class_list":{"0":"post-30585","1":"post","2":"type-post","3":"status-publish","4":"format-standard","5":"has-post-thumbnail","7":"category-noticias","8":"tag-impuestos","9":"tag-servicios","10":"entry"},"acf":[],"yoast_head":"<!-- This site is optimized with the Yoast SEO plugin v27.4 - https:\/\/yoast.com\/product\/yoast-seo-wordpress\/ -->\n<title>Conoce las ayudas del Gobierno para el a\u00f1o 2023<\/title>\n<meta name=\"description\" content=\"Conoce las ayudas del Gobierno para el a\u00f1o 2023, desde abonos transporte, alquiler, ayuda a la cesta de la compra o a las pensiones.\" \/>\n<meta name=\"robots\" content=\"index, follow, max-snippet:-1, max-image-preview:large, max-video-preview:-1\" \/>\n<link rel=\"canonical\" href=\"https:\/\/www.reclamador.es\/blog\/conoce-las-ayudas-del-gobierno-para-el-2023\/\" \/>\n<meta property=\"og:locale\" content=\"es_ES\" \/>\n<meta property=\"og:type\" content=\"article\" \/>\n<meta property=\"og:title\" content=\"Conoce las ayudas del Gobierno para el a\u00f1o 2023\" \/>\n<meta property=\"og:description\" content=\"Conoce las ayudas del Gobierno para el a\u00f1o 2023, desde abonos transporte, alquiler, ayuda a la cesta de la compra o a las pensiones.\" \/>\n<meta property=\"og:url\" content=\"https:\/\/www.reclamador.es\/blog\/conoce-las-ayudas-del-gobierno-para-el-2023\/\" \/>\n<meta property=\"og:site_name\" content=\"Rebeldes con causa, el blog de reclamador.es\" \/>\n<meta property=\"article:publisher\" content=\"https:\/\/www.facebook.com\/reclamador.es\" \/>\n<meta property=\"article:published_time\" content=\"2023-01-03T11:40:26+00:00\" \/>\n<meta property=\"article:modified_time\" content=\"2024-08-09T08:47:19+00:00\" \/>\n<meta property=\"og:image\" content=\"https:\/\/www.reclamador.es\/blog\/wp-content\/uploads\/2023\/01\/ayudas-2023.jpg\" \/>\n\t<meta property=\"og:image:width\" content=\"1200\" \/>\n\t<meta property=\"og:image:height\" content=\"676\" \/>\n\t<meta property=\"og:image:type\" content=\"image\/jpeg\" \/>\n<meta name=\"author\" content=\"Equipo reclamador\" \/>\n<meta name=\"twitter:card\" content=\"summary_large_image\" \/>\n<meta name=\"twitter:creator\" content=\"@reclamador\" \/>\n<meta name=\"twitter:site\" content=\"@reclamador\" \/>\n<meta name=\"twitter:label1\" content=\"Escrito por\" \/>\n\t<meta name=\"twitter:data1\" content=\"Equipo reclamador\" \/>\n\t<meta name=\"twitter:label2\" content=\"Tiempo de lectura\" \/>\n\t<meta name=\"twitter:data2\" content=\"4 minutos\" \/>\n<script type=\"application\/ld+json\" class=\"yoast-schema-graph\">{\"@context\":\"https:\\\/\\\/schema.org\",\"@graph\":[{\"@type\":\"Article\",\"@id\":\"https:\\\/\\\/www.reclamador.es\\\/blog\\\/conoce-las-ayudas-del-gobierno-para-el-2023\\\/#article\",\"isPartOf\":{\"@id\":\"https:\\\/\\\/www.reclamador.es\\\/blog\\\/conoce-las-ayudas-del-gobierno-para-el-2023\\\/\"},\"author\":{\"name\":\"Equipo reclamador\",\"@id\":\"https:\\\/\\\/www.reclamador.es\\\/blog\\\/#\\\/schema\\\/person\\\/1ed83eef8b6566cb5e4c812d9bc5c4bf\"},\"headline\":\"Conoce las ayudas del Gobierno para el 2023\",\"datePublished\":\"2023-01-03T11:40:26+00:00\",\"dateModified\":\"2024-08-09T08:47:19+00:00\",\"mainEntityOfPage\":{\"@id\":\"https:\\\/\\\/www.reclamador.es\\\/blog\\\/conoce-las-ayudas-del-gobierno-para-el-2023\\\/\"},\"wordCount\":720,\"commentCount\":17,\"publisher\":{\"@id\":\"https:\\\/\\\/www.reclamador.es\\\/blog\\\/#organization\"},\"image\":{\"@id\":\"https:\\\/\\\/www.reclamador.es\\\/blog\\\/conoce-las-ayudas-del-gobierno-para-el-2023\\\/#primaryimage\"},\"thumbnailUrl\":\"https:\\\/\\\/i0.wp.com\\\/www.reclamador.es\\\/blog\\\/wp-content\\\/uploads\\\/2023\\\/01\\\/ayudas-2023.jpg?fit=1200%2C676&ssl=1\",\"keywords\":[\"impuestos\",\"servicios\"],\"articleSection\":[\"Noticias y actualidad\"],\"inLanguage\":\"es\",\"potentialAction\":[{\"@type\":\"CommentAction\",\"name\":\"Comment\",\"target\":[\"https:\\\/\\\/www.reclamador.es\\\/blog\\\/conoce-las-ayudas-del-gobierno-para-el-2023\\\/#respond\"]}]},{\"@type\":\"WebPage\",\"@id\":\"https:\\\/\\\/www.reclamador.es\\\/blog\\\/conoce-las-ayudas-del-gobierno-para-el-2023\\\/\",\"url\":\"https:\\\/\\\/www.reclamador.es\\\/blog\\\/conoce-las-ayudas-del-gobierno-para-el-2023\\\/\",\"name\":\"Conoce las ayudas del Gobierno para el a\u00f1o 2023\",\"isPartOf\":{\"@id\":\"https:\\\/\\\/www.reclamador.es\\\/blog\\\/#website\"},\"primaryImageOfPage\":{\"@id\":\"https:\\\/\\\/www.reclamador.es\\\/blog\\\/conoce-las-ayudas-del-gobierno-para-el-2023\\\/#primaryimage\"},\"image\":{\"@id\":\"https:\\\/\\\/www.reclamador.es\\\/blog\\\/conoce-las-ayudas-del-gobierno-para-el-2023\\\/#primaryimage\"},\"thumbnailUrl\":\"https:\\\/\\\/i0.wp.com\\\/www.reclamador.es\\\/blog\\\/wp-content\\\/uploads\\\/2023\\\/01\\\/ayudas-2023.jpg?fit=1200%2C676&ssl=1\",\"datePublished\":\"2023-01-03T11:40:26+00:00\",\"dateModified\":\"2024-08-09T08:47:19+00:00\",\"description\":\"Conoce las ayudas del Gobierno para el a\u00f1o 2023, desde abonos transporte, alquiler, ayuda a la cesta de la compra o a las pensiones.\",\"breadcrumb\":{\"@id\":\"https:\\\/\\\/www.reclamador.es\\\/blog\\\/conoce-las-ayudas-del-gobierno-para-el-2023\\\/#breadcrumb\"},\"inLanguage\":\"es\",\"potentialAction\":[{\"@type\":\"ReadAction\",\"target\":[\"https:\\\/\\\/www.reclamador.es\\\/blog\\\/conoce-las-ayudas-del-gobierno-para-el-2023\\\/\"]}]},{\"@type\":\"ImageObject\",\"inLanguage\":\"es\",\"@id\":\"https:\\\/\\\/www.reclamador.es\\\/blog\\\/conoce-las-ayudas-del-gobierno-para-el-2023\\\/#primaryimage\",\"url\":\"https:\\\/\\\/i0.wp.com\\\/www.reclamador.es\\\/blog\\\/wp-content\\\/uploads\\\/2023\\\/01\\\/ayudas-2023.jpg?fit=1200%2C676&ssl=1\",\"contentUrl\":\"https:\\\/\\\/i0.wp.com\\\/www.reclamador.es\\\/blog\\\/wp-content\\\/uploads\\\/2023\\\/01\\\/ayudas-2023.jpg?fit=1200%2C676&ssl=1\",\"width\":1200,\"height\":676,\"caption\":\"Ayudas del Gobierno para 2023\"},{\"@type\":\"BreadcrumbList\",\"@id\":\"https:\\\/\\\/www.reclamador.es\\\/blog\\\/conoce-las-ayudas-del-gobierno-para-el-2023\\\/#breadcrumb\",\"itemListElement\":[{\"@type\":\"ListItem\",\"position\":1,\"name\":\"Portada\",\"item\":\"https:\\\/\\\/www.reclamador.es\\\/blog\\\/\"},{\"@type\":\"ListItem\",\"position\":2,\"name\":\"Conoce las ayudas del Gobierno para el 2023\"}]},{\"@type\":\"WebSite\",\"@id\":\"https:\\\/\\\/www.reclamador.es\\\/blog\\\/#website\",\"url\":\"https:\\\/\\\/www.reclamador.es\\\/blog\\\/\",\"name\":\"Rebeldes con causa, el blog de reclamador.es\",\"description\":\"Noticias, entrevistas y consejos sobre reclamaciones\",\"publisher\":{\"@id\":\"https:\\\/\\\/www.reclamador.es\\\/blog\\\/#organization\"},\"potentialAction\":[{\"@type\":\"SearchAction\",\"target\":{\"@type\":\"EntryPoint\",\"urlTemplate\":\"https:\\\/\\\/www.reclamador.es\\\/blog\\\/?s={search_term_string}\"},\"query-input\":{\"@type\":\"PropertyValueSpecification\",\"valueRequired\":true,\"valueName\":\"search_term_string\"}}],\"inLanguage\":\"es\"},{\"@type\":\"Organization\",\"@id\":\"https:\\\/\\\/www.reclamador.es\\\/blog\\\/#organization\",\"name\":\"reclamador.es\",\"url\":\"https:\\\/\\\/www.reclamador.es\\\/blog\\\/\",\"logo\":{\"@type\":\"ImageObject\",\"inLanguage\":\"es\",\"@id\":\"https:\\\/\\\/www.reclamador.es\\\/blog\\\/#\\\/schema\\\/logo\\\/image\\\/\",\"url\":\"https:\\\/\\\/i0.wp.com\\\/www.reclamador.es\\\/blog\\\/wp-content\\\/uploads\\\/2020\\\/01\\\/logo-reclamador.png?fit=1200%2C144&ssl=1\",\"contentUrl\":\"https:\\\/\\\/i0.wp.com\\\/www.reclamador.es\\\/blog\\\/wp-content\\\/uploads\\\/2020\\\/01\\\/logo-reclamador.png?fit=1200%2C144&ssl=1\",\"width\":1200,\"height\":144,\"caption\":\"reclamador.es\"},\"image\":{\"@id\":\"https:\\\/\\\/www.reclamador.es\\\/blog\\\/#\\\/schema\\\/logo\\\/image\\\/\"},\"sameAs\":[\"https:\\\/\\\/www.facebook.com\\\/reclamador.es\",\"https:\\\/\\\/x.com\\\/reclamador\",\"https:\\\/\\\/www.instagram.com\\\/reclamador.es\\\/\",\"https:\\\/\\\/www.linkedin.com\\\/company\\\/reclamador-es\",\"https:\\\/\\\/www.youtube.com\\\/user\\\/Reclamadores\"]},{\"@type\":\"Person\",\"@id\":\"https:\\\/\\\/www.reclamador.es\\\/blog\\\/#\\\/schema\\\/person\\\/1ed83eef8b6566cb5e4c812d9bc5c4bf\",\"name\":\"Equipo reclamador\",\"image\":{\"@type\":\"ImageObject\",\"inLanguage\":\"es\",\"@id\":\"https:\\\/\\\/secure.gravatar.com\\\/avatar\\\/6442ecdc2c4472c600c113f34d340feca47107d6aa4f42f1e3e75a2a8e28a760?s=96&d=mm&r=g\",\"url\":\"https:\\\/\\\/secure.gravatar.com\\\/avatar\\\/6442ecdc2c4472c600c113f34d340feca47107d6aa4f42f1e3e75a2a8e28a760?s=96&d=mm&r=g\",\"contentUrl\":\"https:\\\/\\\/secure.gravatar.com\\\/avatar\\\/6442ecdc2c4472c600c113f34d340feca47107d6aa4f42f1e3e75a2a8e28a760?s=96&d=mm&r=g\",\"caption\":\"Equipo reclamador\"},\"description\":\"Las personas que hacen posible reclamador.es\",\"url\":\"https:\\\/\\\/www.reclamador.es\\\/blog\\\/author\\\/administrador\\\/\"}]}<\/script>\n<!-- \/ Yoast SEO plugin. -->","yoast_head_json":{"title":"Conoce las ayudas del Gobierno para el a\u00f1o 2023","description":"Conoce las ayudas del Gobierno para el a\u00f1o 2023, desde abonos transporte, alquiler, ayuda a la cesta de la compra o a las pensiones.","robots":{"index":"index","follow":"follow","max-snippet":"max-snippet:-1","max-image-preview":"max-image-preview:large","max-video-preview":"max-video-preview:-1"},"canonical":"https:\/\/www.reclamador.es\/blog\/conoce-las-ayudas-del-gobierno-para-el-2023\/","og_locale":"es_ES","og_type":"article","og_title":"Conoce las ayudas del Gobierno para el a\u00f1o 2023","og_description":"Conoce las ayudas del Gobierno para el a\u00f1o 2023, desde abonos transporte, alquiler, ayuda a la cesta de la compra o a las pensiones.","og_url":"https:\/\/www.reclamador.es\/blog\/conoce-las-ayudas-del-gobierno-para-el-2023\/","og_site_name":"Rebeldes con causa, el blog de reclamador.es","article_publisher":"https:\/\/www.facebook.com\/reclamador.es","article_published_time":"2023-01-03T11:40:26+00:00","article_modified_time":"2024-08-09T08:47:19+00:00","og_image":[{"width":1200,"height":676,"url":"https:\/\/www.reclamador.es\/blog\/wp-content\/uploads\/2023\/01\/ayudas-2023.jpg","type":"image\/jpeg"}],"author":"Equipo reclamador","twitter_card":"summary_large_image","twitter_creator":"@reclamador","twitter_site":"@reclamador","twitter_misc":{"Escrito por":"Equipo reclamador","Tiempo de lectura":"4 minutos"},"schema":{"@context":"https:\/\/schema.org","@graph":[{"@type":"Article","@id":"https:\/\/www.reclamador.es\/blog\/conoce-las-ayudas-del-gobierno-para-el-2023\/#article","isPartOf":{"@id":"https:\/\/www.reclamador.es\/blog\/conoce-las-ayudas-del-gobierno-para-el-2023\/"},"author":{"name":"Equipo reclamador","@id":"https:\/\/www.reclamador.es\/blog\/#\/schema\/person\/1ed83eef8b6566cb5e4c812d9bc5c4bf"},"headline":"Conoce las ayudas del Gobierno para el 2023","datePublished":"2023-01-03T11:40:26+00:00","dateModified":"2024-08-09T08:47:19+00:00","mainEntityOfPage":{"@id":"https:\/\/www.reclamador.es\/blog\/conoce-las-ayudas-del-gobierno-para-el-2023\/"},"wordCount":720,"commentCount":17,"publisher":{"@id":"https:\/\/www.reclamador.es\/blog\/#organization"},"image":{"@id":"https:\/\/www.reclamador.es\/blog\/conoce-las-ayudas-del-gobierno-para-el-2023\/#primaryimage"},"thumbnailUrl":"https:\/\/i0.wp.com\/www.reclamador.es\/blog\/wp-content\/uploads\/2023\/01\/ayudas-2023.jpg?fit=1200%2C676&ssl=1","keywords":["impuestos","servicios"],"articleSection":["Noticias y actualidad"],"inLanguage":"es","potentialAction":[{"@type":"CommentAction","name":"Comment","target":["https:\/\/www.reclamador.es\/blog\/conoce-las-ayudas-del-gobierno-para-el-2023\/#respond"]}]},{"@type":"WebPage","@id":"https:\/\/www.reclamador.es\/blog\/conoce-las-ayudas-del-gobierno-para-el-2023\/","url":"https:\/\/www.reclamador.es\/blog\/conoce-las-ayudas-del-gobierno-para-el-2023\/","name":"Conoce las ayudas del Gobierno para el a\u00f1o 2023","isPartOf":{"@id":"https:\/\/www.reclamador.es\/blog\/#website"},"primaryImageOfPage":{"@id":"https:\/\/www.reclamador.es\/blog\/conoce-las-ayudas-del-gobierno-para-el-2023\/#primaryimage"},"image":{"@id":"https:\/\/www.reclamador.es\/blog\/conoce-las-ayudas-del-gobierno-para-el-2023\/#primaryimage"},"thumbnailUrl":"https:\/\/i0.wp.com\/www.reclamador.es\/blog\/wp-content\/uploads\/2023\/01\/ayudas-2023.jpg?fit=1200%2C676&ssl=1","datePublished":"2023-01-03T11:40:26+00:00","dateModified":"2024-08-09T08:47:19+00:00","description":"Conoce las ayudas del Gobierno para el a\u00f1o 2023, desde abonos transporte, alquiler, ayuda a la cesta de la compra o a las pensiones.","breadcrumb":{"@id":"https:\/\/www.reclamador.es\/blog\/conoce-las-ayudas-del-gobierno-para-el-2023\/#breadcrumb"},"inLanguage":"es","potentialAction":[{"@type":"ReadAction","target":["https:\/\/www.reclamador.es\/blog\/conoce-las-ayudas-del-gobierno-para-el-2023\/"]}]},{"@type":"ImageObject","inLanguage":"es","@id":"https:\/\/www.reclamador.es\/blog\/conoce-las-ayudas-del-gobierno-para-el-2023\/#primaryimage","url":"https:\/\/i0.wp.com\/www.reclamador.es\/blog\/wp-content\/uploads\/2023\/01\/ayudas-2023.jpg?fit=1200%2C676&ssl=1","contentUrl":"https:\/\/i0.wp.com\/www.reclamador.es\/blog\/wp-content\/uploads\/2023\/01\/ayudas-2023.jpg?fit=1200%2C676&ssl=1","width":1200,"height":676,"caption":"Ayudas del Gobierno para 2023"},{"@type":"BreadcrumbList","@id":"https:\/\/www.reclamador.es\/blog\/conoce-las-ayudas-del-gobierno-para-el-2023\/#breadcrumb","itemListElement":[{"@type":"ListItem","position":1,"name":"Portada","item":"https:\/\/www.reclamador.es\/blog\/"},{"@type":"ListItem","position":2,"name":"Conoce las ayudas del Gobierno para el 2023"}]},{"@type":"WebSite","@id":"https:\/\/www.reclamador.es\/blog\/#website","url":"https:\/\/www.reclamador.es\/blog\/","name":"Rebeldes con causa, el blog de reclamador.es","description":"Noticias, entrevistas y consejos sobre reclamaciones","publisher":{"@id":"https:\/\/www.reclamador.es\/blog\/#organization"},"potentialAction":[{"@type":"SearchAction","target":{"@type":"EntryPoint","urlTemplate":"https:\/\/www.reclamador.es\/blog\/?s={search_term_string}"},"query-input":{"@type":"PropertyValueSpecification","valueRequired":true,"valueName":"search_term_string"}}],"inLanguage":"es"},{"@type":"Organization","@id":"https:\/\/www.reclamador.es\/blog\/#organization","name":"reclamador.es","url":"https:\/\/www.reclamador.es\/blog\/","logo":{"@type":"ImageObject","inLanguage":"es","@id":"https:\/\/www.reclamador.es\/blog\/#\/schema\/logo\/image\/","url":"https:\/\/i0.wp.com\/www.reclamador.es\/blog\/wp-content\/uploads\/2020\/01\/logo-reclamador.png?fit=1200%2C144&ssl=1","contentUrl":"https:\/\/i0.wp.com\/www.reclamador.es\/blog\/wp-content\/uploads\/2020\/01\/logo-reclamador.png?fit=1200%2C144&ssl=1","width":1200,"height":144,"caption":"reclamador.es"},"image":{"@id":"https:\/\/www.reclamador.es\/blog\/#\/schema\/logo\/image\/"},"sameAs":["https:\/\/www.facebook.com\/reclamador.es","https:\/\/x.com\/reclamador","https:\/\/www.instagram.com\/reclamador.es\/","https:\/\/www.linkedin.com\/company\/reclamador-es","https:\/\/www.youtube.com\/user\/Reclamadores"]},{"@type":"Person","@id":"https:\/\/www.reclamador.es\/blog\/#\/schema\/person\/1ed83eef8b6566cb5e4c812d9bc5c4bf","name":"Equipo reclamador","image":{"@type":"ImageObject","inLanguage":"es","@id":"https:\/\/secure.gravatar.com\/avatar\/6442ecdc2c4472c600c113f34d340feca47107d6aa4f42f1e3e75a2a8e28a760?s=96&d=mm&r=g","url":"https:\/\/secure.gravatar.com\/avatar\/6442ecdc2c4472c600c113f34d340feca47107d6aa4f42f1e3e75a2a8e28a760?s=96&d=mm&r=g","contentUrl":"https:\/\/secure.gravatar.com\/avatar\/6442ecdc2c4472c600c113f34d340feca47107d6aa4f42f1e3e75a2a8e28a760?s=96&d=mm&r=g","caption":"Equipo reclamador"},"description":"Las personas que hacen posible reclamador.es","url":"https:\/\/www.reclamador.es\/blog\/author\/administrador\/"}]}},"jetpack_featured_media_url":"https:\/\/i0.wp.com\/www.reclamador.es\/blog\/wp-content\/uploads\/2023\/01\/ayudas-2023.jpg?fit=1200%2C676&ssl=1","jetpack-related-posts":[{"id":30573,"url":"https:\/\/www.reclamador.es\/blog\/fin-a-la-ayuda-al-carburante\/","url_meta":{"origin":30585,"position":0},"title":"Fin a la ayuda al carburante a partir del 1 de enero. Adi\u00f3s a los 20 c\u00e9ntimos de descuento","author":"Equipo reclamador","date":"29 diciembre, 2022","format":false,"excerpt":"El a\u00f1o nuevo empieza dejando atr\u00e1s ayudas y subvenciones que el Gobierno hab\u00eda aprobado en 2022. Se pone fin a la ayuda al carburante que paliaba las consecuencias econ\u00f3micas de la guerra de Ucrania y el aumento del precio del gas. Tambi\u00e9n se inicia el mes con las denominadas nuevas\u2026","rel":"","context":"En \u00abNoticias y actualidad\u00bb","block_context":{"text":"Noticias y actualidad","link":"https:\/\/www.reclamador.es\/blog\/noticias\/"},"img":{"alt_text":"Fin a la ayuda al carburante","src":"https:\/\/i0.wp.com\/www.reclamador.es\/blog\/wp-content\/uploads\/2022\/12\/fin-ayuda-al-carburante-impuestos-crisis.jpg?fit=1200%2C630&ssl=1&resize=350%2C200","width":350,"height":200,"srcset":"https:\/\/i0.wp.com\/www.reclamador.es\/blog\/wp-content\/uploads\/2022\/12\/fin-ayuda-al-carburante-impuestos-crisis.jpg?fit=1200%2C630&ssl=1&resize=350%2C200 1x, https:\/\/i0.wp.com\/www.reclamador.es\/blog\/wp-content\/uploads\/2022\/12\/fin-ayuda-al-carburante-impuestos-crisis.jpg?fit=1200%2C630&ssl=1&resize=525%2C300 1.5x, https:\/\/i0.wp.com\/www.reclamador.es\/blog\/wp-content\/uploads\/2022\/12\/fin-ayuda-al-carburante-impuestos-crisis.jpg?fit=1200%2C630&ssl=1&resize=700%2C400 2x, https:\/\/i0.wp.com\/www.reclamador.es\/blog\/wp-content\/uploads\/2022\/12\/fin-ayuda-al-carburante-impuestos-crisis.jpg?fit=1200%2C630&ssl=1&resize=1050%2C600 3x"},"classes":[]},{"id":30758,"url":"https:\/\/www.reclamador.es\/blog\/ayuda-de-200-euros-del-2023-que-es-y-como-se-solicita\/","url_meta":{"origin":30585,"position":1},"title":"Nueva ayuda de 200 euros: qu\u00e9 es y c\u00f3mo se solicita","author":"Equipo reclamador","date":"16 febrero, 2023","format":false,"excerpt":"Qu\u00e9 es y c\u00f3mo se pide la ayuda de 200 euros del 2023","rel":"","context":"En \u00abNoticias y actualidad\u00bb","block_context":{"text":"Noticias y actualidad","link":"https:\/\/www.reclamador.es\/blog\/noticias\/"},"img":{"alt_text":"Ayuda de 200 euros del 2023","src":"https:\/\/i0.wp.com\/www.reclamador.es\/blog\/wp-content\/uploads\/2023\/02\/ayuda-de-200-euros.jpg?fit=1200%2C675&ssl=1&resize=350%2C200","width":350,"height":200,"srcset":"https:\/\/i0.wp.com\/www.reclamador.es\/blog\/wp-content\/uploads\/2023\/02\/ayuda-de-200-euros.jpg?fit=1200%2C675&ssl=1&resize=350%2C200 1x, https:\/\/i0.wp.com\/www.reclamador.es\/blog\/wp-content\/uploads\/2023\/02\/ayuda-de-200-euros.jpg?fit=1200%2C675&ssl=1&resize=525%2C300 1.5x, https:\/\/i0.wp.com\/www.reclamador.es\/blog\/wp-content\/uploads\/2023\/02\/ayuda-de-200-euros.jpg?fit=1200%2C675&ssl=1&resize=700%2C400 2x, https:\/\/i0.wp.com\/www.reclamador.es\/blog\/wp-content\/uploads\/2023\/02\/ayuda-de-200-euros.jpg?fit=1200%2C675&ssl=1&resize=1050%2C600 3x"},"classes":[]},{"id":31928,"url":"https:\/\/www.reclamador.es\/blog\/ranking-aerolineas-mas-reclamadas-2023\/","url_meta":{"origin":30585,"position":2},"title":"Ranking aerol\u00edneas m\u00e1s reclamadas en 2023: Vueling a la cabeza","author":"Equipo reclamador","date":"30 enero, 2024","format":false,"excerpt":"Como cada a\u00f1o, en reclamador.es hemos preparado el ranking de las aerol\u00edneas m\u00e1s reclamadas por los viajeros, para conocer cu\u00e1les son las compa\u00f1\u00edas a\u00e9reas que m\u00e1s incidencias sufren cada a\u00f1o. Seg\u00fan nuestros datos, m\u00e1s de 39.000 personas han reclamado a 184 compa\u00f1\u00edas a\u00e9reas a lo largo de 2023. Las reclamaciones\u2026","rel":"","context":"En \u00abNoticias y actualidad\u00bb","block_context":{"text":"Noticias y actualidad","link":"https:\/\/www.reclamador.es\/blog\/noticias\/"},"img":{"alt_text":"","src":"https:\/\/i0.wp.com\/www.reclamador.es\/blog\/wp-content\/uploads\/2024\/01\/plane-2605014_1280.jpg?fit=1200%2C630&ssl=1&resize=350%2C200","width":350,"height":200,"srcset":"https:\/\/i0.wp.com\/www.reclamador.es\/blog\/wp-content\/uploads\/2024\/01\/plane-2605014_1280.jpg?fit=1200%2C630&ssl=1&resize=350%2C200 1x, https:\/\/i0.wp.com\/www.reclamador.es\/blog\/wp-content\/uploads\/2024\/01\/plane-2605014_1280.jpg?fit=1200%2C630&ssl=1&resize=525%2C300 1.5x, https:\/\/i0.wp.com\/www.reclamador.es\/blog\/wp-content\/uploads\/2024\/01\/plane-2605014_1280.jpg?fit=1200%2C630&ssl=1&resize=700%2C400 2x, https:\/\/i0.wp.com\/www.reclamador.es\/blog\/wp-content\/uploads\/2024\/01\/plane-2605014_1280.jpg?fit=1200%2C630&ssl=1&resize=1050%2C600 3x"},"classes":[]},{"id":30565,"url":"https:\/\/www.reclamador.es\/blog\/lo-que-tienes-que-saber-sobre-el-nuevo-impuesto-mei-mecanismo-de-equidad-intergeneracional\/","url_meta":{"origin":30585,"position":3},"title":"Todo lo que tienes que saber sobre el nuevo impuesto MEI (Mecanismo de Equidad Intergeneracional)","author":"Equipo reclamador","date":"27 diciembre, 2022","format":false,"excerpt":"Conoce todo lo que tienes que saber sobre el Impuesto de Equidad Intergeneracional que entra en vigor desde el 1 de enero","rel":"","context":"En \u00abNoticias y actualidad\u00bb","block_context":{"text":"Noticias y actualidad","link":"https:\/\/www.reclamador.es\/blog\/noticias\/"},"img":{"alt_text":"Nuevo impuesto 2023 MEI - Mecanismo de Equidad Intergeneracional","src":"https:\/\/i0.wp.com\/www.reclamador.es\/blog\/wp-content\/uploads\/2022\/12\/Nuevo-impuesto-2023-MEI.jpg?fit=1200%2C707&ssl=1&resize=350%2C200","width":350,"height":200,"srcset":"https:\/\/i0.wp.com\/www.reclamador.es\/blog\/wp-content\/uploads\/2022\/12\/Nuevo-impuesto-2023-MEI.jpg?fit=1200%2C707&ssl=1&resize=350%2C200 1x, https:\/\/i0.wp.com\/www.reclamador.es\/blog\/wp-content\/uploads\/2022\/12\/Nuevo-impuesto-2023-MEI.jpg?fit=1200%2C707&ssl=1&resize=525%2C300 1.5x, https:\/\/i0.wp.com\/www.reclamador.es\/blog\/wp-content\/uploads\/2022\/12\/Nuevo-impuesto-2023-MEI.jpg?fit=1200%2C707&ssl=1&resize=700%2C400 2x, https:\/\/i0.wp.com\/www.reclamador.es\/blog\/wp-content\/uploads\/2022\/12\/Nuevo-impuesto-2023-MEI.jpg?fit=1200%2C707&ssl=1&resize=1050%2C600 3x"},"classes":[]},{"id":22406,"url":"https:\/\/www.reclamador.es\/blog\/principales-derechos-consumidores-en-rebajas-2023\/","url_meta":{"origin":30585,"position":4},"title":"Rebajas enero 2023: principales derechos de los consumidores","author":"Equipo reclamador","date":"5 enero, 2023","format":false,"excerpt":"Como cada mes de enero, comienzan las rebajas de enero. Pese a la situaci\u00f3n econ\u00f3mica de 2023 y el alza de los precios, se inicia este periodo de ofertas con grandes carteles de \u201crebajas\u201d..","rel":"","context":"En \u00abConsejos legales\u00bb","block_context":{"text":"Consejos legales","link":"https:\/\/www.reclamador.es\/blog\/consejos\/"},"img":{"alt_text":"Rebajas enero 2023 novedades para los consumidores","src":"https:\/\/i0.wp.com\/www.reclamador.es\/blog\/wp-content\/uploads\/2022\/01\/Rebajas-enero-2023.jpg?fit=1200%2C675&ssl=1&resize=350%2C200","width":350,"height":200,"srcset":"https:\/\/i0.wp.com\/www.reclamador.es\/blog\/wp-content\/uploads\/2022\/01\/Rebajas-enero-2023.jpg?fit=1200%2C675&ssl=1&resize=350%2C200 1x, https:\/\/i0.wp.com\/www.reclamador.es\/blog\/wp-content\/uploads\/2022\/01\/Rebajas-enero-2023.jpg?fit=1200%2C675&ssl=1&resize=525%2C300 1.5x, https:\/\/i0.wp.com\/www.reclamador.es\/blog\/wp-content\/uploads\/2022\/01\/Rebajas-enero-2023.jpg?fit=1200%2C675&ssl=1&resize=700%2C400 2x, https:\/\/i0.wp.com\/www.reclamador.es\/blog\/wp-content\/uploads\/2022\/01\/Rebajas-enero-2023.jpg?fit=1200%2C675&ssl=1&resize=1050%2C600 3x"},"classes":[]},{"id":29122,"url":"https:\/\/www.reclamador.es\/blog\/el-bono-alquiler-joven-requisitos-para-acceder-a-esta-ayuda\/","url_meta":{"origin":30585,"position":5},"title":"El Bono Alquiler Joven: requisitos para acceder a esta ayuda","author":"Equipo reclamador","date":"28 enero, 2022","format":false,"excerpt":"Pese a que han sido hasta tres las medidas recientemente aprobadas en el Consejo de Ministros relacionadas con ayudas al alquiler, ciertamente, la m\u00e1s conocida es la del Bono Alquiler Joven.\u00a0 En reclamador.es hemos analizado el Real Decreto 42\/2022, para informar de manera sencilla sobre los requisitos a cumplir por\u2026","rel":"","context":"En \u00abNoticias y actualidad\u00bb","block_context":{"text":"Noticias y actualidad","link":"https:\/\/www.reclamador.es\/blog\/noticias\/"},"img":{"alt_text":"guia reclamador - bono alquiler","src":"https:\/\/i0.wp.com\/www.reclamador.es\/blog\/wp-content\/uploads\/2022\/01\/bono-alquiler-joven.jpg?fit=1200%2C652&ssl=1&resize=350%2C200","width":350,"height":200,"srcset":"https:\/\/i0.wp.com\/www.reclamador.es\/blog\/wp-content\/uploads\/2022\/01\/bono-alquiler-joven.jpg?fit=1200%2C652&ssl=1&resize=350%2C200 1x, https:\/\/i0.wp.com\/www.reclamador.es\/blog\/wp-content\/uploads\/2022\/01\/bono-alquiler-joven.jpg?fit=1200%2C652&ssl=1&resize=525%2C300 1.5x, https:\/\/i0.wp.com\/www.reclamador.es\/blog\/wp-content\/uploads\/2022\/01\/bono-alquiler-joven.jpg?fit=1200%2C652&ssl=1&resize=700%2C400 2x, https:\/\/i0.wp.com\/www.reclamador.es\/blog\/wp-content\/uploads\/2022\/01\/bono-alquiler-joven.jpg?fit=1200%2C652&ssl=1&resize=1050%2C600 3x"},"classes":[]}],"jetpack_sharing_enabled":true,"_links":{"self":[{"href":"https:\/\/www.reclamador.es\/blog\/wp-json\/wp\/v2\/posts\/30585","targetHints":{"allow":["GET"]}}],"collection":[{"href":"https:\/\/www.reclamador.es\/blog\/wp-json\/wp\/v2\/posts"}],"about":[{"href":"https:\/\/www.reclamador.es\/blog\/wp-json\/wp\/v2\/types\/post"}],"author":[{"embeddable":true,"href":"https:\/\/www.reclamador.es\/blog\/wp-json\/wp\/v2\/users\/1"}],"replies":[{"embeddable":true,"href":"https:\/\/www.reclamador.es\/blog\/wp-json\/wp\/v2\/comments?post=30585"}],"version-history":[{"count":5,"href":"https:\/\/www.reclamador.es\/blog\/wp-json\/wp\/v2\/posts\/30585\/revisions"}],"predecessor-version":[{"id":30766,"href":"https:\/\/www.reclamador.es\/blog\/wp-json\/wp\/v2\/posts\/30585\/revisions\/30766"}],"wp:featuredmedia":[{"embeddable":true,"href":"https:\/\/www.reclamador.es\/blog\/wp-json\/wp\/v2\/media\/30586"}],"wp:attachment":[{"href":"https:\/\/www.reclamador.es\/blog\/wp-json\/wp\/v2\/media?parent=30585"}],"wp:term":[{"taxonomy":"category","embeddable":true,"href":"https:\/\/www.reclamador.es\/blog\/wp-json\/wp\/v2\/categories?post=30585"},{"taxonomy":"post_tag","embeddable":true,"href":"https:\/\/www.reclamador.es\/blog\/wp-json\/wp\/v2\/tags?post=30585"}],"curies":[{"name":"wp","href":"https:\/\/api.w.org\/{rel}","templated":true}]}}