{"id":30369,"date":"2024-04-19T11:42:00","date_gmt":"2024-04-19T09:42:00","guid":{"rendered":"https:\/\/www.reclamador.es\/blog\/?p=30369"},"modified":"2024-04-19T12:35:43","modified_gmt":"2024-04-19T10:35:43","slug":"reubicacion-en-otro-vuelo","status":"publish","type":"post","link":"https:\/\/www.reclamador.es\/blog\/reubicacion-en-otro-vuelo\/","title":{"rendered":"\u00bfTe han reubicado en otro vuelo que llega m\u00e1s de 3 horas despu\u00e9s al comprado inicialmente? \u00a1Puedes reclamar!"},"content":{"rendered":"<div class=\"ttr_start\"><\/div>\n\n<div class=\"kk-star-ratings kksr-auto kksr-align-right kksr-valign-top\"\n    data-payload='{&quot;align&quot;:&quot;right&quot;,&quot;id&quot;:&quot;30369&quot;,&quot;slug&quot;:&quot;default&quot;,&quot;valign&quot;:&quot;top&quot;,&quot;ignore&quot;:&quot;&quot;,&quot;reference&quot;:&quot;auto&quot;,&quot;class&quot;:&quot;&quot;,&quot;count&quot;:&quot;3&quot;,&quot;legendonly&quot;:&quot;&quot;,&quot;readonly&quot;:&quot;&quot;,&quot;score&quot;:&quot;4.3&quot;,&quot;starsonly&quot;:&quot;&quot;,&quot;best&quot;:&quot;5&quot;,&quot;gap&quot;:&quot;3&quot;,&quot;greet&quot;:&quot;Valora este art\u00edculo&quot;,&quot;legend&quot;:&quot;4.3\\\/5 - (3 votos)&quot;,&quot;size&quot;:&quot;20&quot;,&quot;title&quot;:&quot;\u00bfTe han reubicado en otro vuelo que llega m\u00e1s de 3 horas despu\u00e9s al comprado inicialmente? \u00a1Puedes reclamar!&quot;,&quot;width&quot;:&quot;97.4&quot;,&quot;_legend&quot;:&quot;{score}\\\/{best} - ({count} {votes})&quot;,&quot;font_factor&quot;:&quot;1.25&quot;}'>\n            \n<div class=\"kksr-stars\">\n    \n<div class=\"kksr-stars-inactive\">\n            <div class=\"kksr-star\" data-star=\"1\" style=\"padding-right: 3px\">\n            \n\n<div class=\"kksr-icon\" style=\"width: 20px; height: 20px;\"><\/div>\n        <\/div>\n            <div class=\"kksr-star\" data-star=\"2\" style=\"padding-right: 3px\">\n            \n\n<div class=\"kksr-icon\" style=\"width: 20px; height: 20px;\"><\/div>\n        <\/div>\n            <div class=\"kksr-star\" data-star=\"3\" style=\"padding-right: 3px\">\n            \n\n<div class=\"kksr-icon\" style=\"width: 20px; height: 20px;\"><\/div>\n        <\/div>\n            <div class=\"kksr-star\" data-star=\"4\" style=\"padding-right: 3px\">\n            \n\n<div class=\"kksr-icon\" style=\"width: 20px; height: 20px;\"><\/div>\n        <\/div>\n            <div class=\"kksr-star\" data-star=\"5\" style=\"padding-right: 3px\">\n            \n\n<div class=\"kksr-icon\" style=\"width: 20px; height: 20px;\"><\/div>\n        <\/div>\n    <\/div>\n    \n<div class=\"kksr-stars-active\" style=\"width: 97.4px;\">\n            <div class=\"kksr-star\" style=\"padding-right: 3px\">\n            \n\n<div class=\"kksr-icon\" style=\"width: 20px; height: 20px;\"><\/div>\n        <\/div>\n            <div class=\"kksr-star\" style=\"padding-right: 3px\">\n            \n\n<div class=\"kksr-icon\" style=\"width: 20px; height: 20px;\"><\/div>\n        <\/div>\n            <div class=\"kksr-star\" style=\"padding-right: 3px\">\n            \n\n<div class=\"kksr-icon\" style=\"width: 20px; height: 20px;\"><\/div>\n        <\/div>\n            <div class=\"kksr-star\" style=\"padding-right: 3px\">\n            \n\n<div class=\"kksr-icon\" style=\"width: 20px; height: 20px;\"><\/div>\n        <\/div>\n            <div class=\"kksr-star\" style=\"padding-right: 3px\">\n            \n\n<div class=\"kksr-icon\" style=\"width: 20px; height: 20px;\"><\/div>\n        <\/div>\n    <\/div>\n<\/div>\n                \n\n<div class=\"kksr-legend\" style=\"font-size: 16px;\">\n            4.3\/5 - (3 votos)    <\/div>\n    <\/div>\n\n<figure id=\"attachment_32247\" aria-describedby=\"caption-attachment-32247\" style=\"width: 1200px\" class=\"wp-caption aligncenter\"><img data-recalc-dims=\"1\" loading=\"lazy\" decoding=\"async\" class=\"size-full wp-image-32247\" src=\"https:\/\/i0.wp.com\/www.reclamador.es\/blog\/wp-content\/uploads\/2022\/11\/te-han-reubicado-en-otro-vuelo-1200x630-1.jpg?resize=1200%2C630&#038;ssl=1\" alt=\"adem\u00e1s de reubicarte en otro vuelo te tienen que pagar una indemnizacion, reclama\" width=\"1200\" height=\"630\" srcset=\"https:\/\/i0.wp.com\/www.reclamador.es\/blog\/wp-content\/uploads\/2022\/11\/te-han-reubicado-en-otro-vuelo-1200x630-1.jpg?w=1200&amp;ssl=1 1200w, https:\/\/i0.wp.com\/www.reclamador.es\/blog\/wp-content\/uploads\/2022\/11\/te-han-reubicado-en-otro-vuelo-1200x630-1.jpg?resize=800%2C420&amp;ssl=1 800w, https:\/\/i0.wp.com\/www.reclamador.es\/blog\/wp-content\/uploads\/2022\/11\/te-han-reubicado-en-otro-vuelo-1200x630-1.jpg?resize=150%2C79&amp;ssl=1 150w, https:\/\/i0.wp.com\/www.reclamador.es\/blog\/wp-content\/uploads\/2022\/11\/te-han-reubicado-en-otro-vuelo-1200x630-1.jpg?resize=768%2C403&amp;ssl=1 768w\" sizes=\"auto, (max-width: 1000px) 100vw, 1000px\" \/><figcaption id=\"caption-attachment-32247\" class=\"wp-caption-text\"><em>Derecho a reubicaci\u00f3n en otro vuelo y tambi\u00e9n a indemnizaci\u00f3n<\/em><\/figcaption><\/figure>\n<p><span style=\"font-weight: 400;\">Una situaci\u00f3n que se produce m\u00e1s habitualmente de lo esperado es como las aerol\u00edneas, ante una cancelaci\u00f3n de vuelo, por ejemplo con motivo de una huelga de los trabajadores de la compa\u00f1\u00eda a\u00e9rea, est\u00e1n optando por ofrecer a sus viajeros la <strong>reubicaci\u00f3n en otros vuelos<\/strong>, bien sea el mismo d\u00eda unas horas despu\u00e9s o el d\u00eda siguiente. Y, tras este ofrecimiento, <strong>no les informan de otros derechos que les corresponden.<\/strong> Esto es que si la reubicaci\u00f3n en otro vuelo supone para el viajero o viajera llegar a su destino m\u00e1s de 3 horas despu\u00e9s del billete inicialmente adquirido, tiene derecho a una indemnizaci\u00f3n de hasta 600\u20ac. Y, junto a lo anterior, tambi\u00e9n tiene derecho el pasajero o pasajera a\u00e9rea a reclamar la devoluci\u00f3n de los gastos en los que hubiera incurrido.\u00a0<\/span><\/p>\n<p>\u00bfHas experimentado el inconveniente de ser reubicado en un vuelo que llega m\u00e1s de 3 horas despu\u00e9s del programado inicialmente? \u00a1No te preocupes!\u00a0Hablaremos, a continuaci\u00f3n, de la <a href=\"https:\/\/www.reclamador.es\/blog\/reubicacion-cancelacion-indemnizacion-por-cambio-vuelo\/\">indemnizaci\u00f3n por cambio de vuelo<\/a>.<\/p>\n<h2><b>Reprogramaci\u00f3n de un vuelo: la reubicaci\u00f3n en otro vuelo puede dar lugar a indemnizaci\u00f3n de hasta 600\u20ac<\/b><\/h2>\n<p><span style=\"font-weight: 400;\">Como te dec\u00edamos, muchos viajeros que son reubicados en otro vuelo desconocen la posibilidad de <strong>reclamar a la aerol\u00ednea una compensaci\u00f3n econ\u00f3mica,<\/strong> pues esta \u00fanicamente les informa de la \u201creprogramaci\u00f3n\u201d del vuelo para otro d\u00eda u otro momento. Pero las obligaciones de las aerol\u00edneas no se quedan aqu\u00ed si esa reubicaci\u00f3n es por motivo de una huelga, una aver\u00eda en el avi\u00f3n, un problema de operaci\u00f3n de la propia compa\u00f1\u00eda, etc\u00e9tera.\u00a0<\/span><\/p>\n<p><span style=\"font-weight: 400;\">En definitiva, se podr\u00eda decir que, ante la reubicaci\u00f3n en otro vuelo, como viajero o viajera tendr\u00e1s derecho a indemnizaci\u00f3n si:\u00a0<\/span><\/p>\n<ul>\n<li style=\"font-weight: 400;\" aria-level=\"1\"><span style=\"font-weight: 400;\"><strong>La reubicaci\u00f3n en otro vuelo no es por una causa de fuerza mayor<\/strong>. Un ejemplo son las \u00faltimas <a href=\"https:\/\/www.reclamador.es\/aerolineas\/vueling\/huelga\/\">huelgas de personal de Vueling<\/a>, <a href=\"https:\/\/www.reclamador.es\/aerolineas\/ryanair\/huelga\/\">Ryanair<\/a> o <a href=\"https:\/\/www.reclamador.es\/aerolineas\/iberia\/\">Iberia<\/a>, que no se consideran causa de fuerza mayor o extraordinaria y, por tanto, s\u00ed dan derecho a solicitar entre 250\u20ac y 600\u20ac de compensaci\u00f3n econ\u00f3mica. Una circunstancia de fuerza mayor ser\u00eda, por ejemplo, un temporal con fuertes rachas de viento.<\/span><\/li>\n<li style=\"font-weight: 400;\" aria-level=\"1\"><span style=\"font-weight: 400;\"><strong>Si avisan de la reubicaci\u00f3n con menos de dos semanas de antelaci\u00f3n<\/strong>. Es decir, si al llegar al aeropuerto es cuando se informa del cambio, o un par de d\u00edas antes de su salida, aqu\u00ed tienes derecho a indemnizaci\u00f3n pese a que vas a ser reubicado en otro vuelo.\u00a0<\/span><\/li>\n<li style=\"font-weight: 400;\" aria-level=\"1\"><span style=\"font-weight: 400;\"><strong>Si la reubicaci\u00f3n supone llegar al destino con m\u00e1s de 3 horas de diferencia<\/strong>, existe derecho a ser indemnizado. Si, por ejemplo, por la reubicaci\u00f3n llegas \u00fanicamente 1 hora despu\u00e9s a lo previsto inicialmente, no podr\u00e1s reclamar tu derecho a ser compensado.\u00a0<\/span><\/li>\n<\/ul>\n<p><span style=\"font-weight: 400;\">A las cantidades se\u00f1aladas (entre 250\u20ac y 600\u20ac) se sumar\u00edan la reclamaci\u00f3n a la aerol\u00ednea de los gastos ocasionados, por ejemplo, noches de hotel perdidas o que se tengan que abonar porque el nuevo vuelo sale uno o varios d\u00edas despu\u00e9s.\u00a0<\/span><\/p>\n<h6 style=\"text-align: center;\"><strong>Te interesa: <a href=\"https:\/\/www.reclamador.es\/blog\/que-hacer-vuelo-afectado-por-huelga-de-vueling\/\">\u00bfQu\u00e9 hacer si tu vuelo de Vueling se ve afectado por la huelga?<\/a><\/strong><\/h6>\n<h2><b>En reclamador.es te ayudamos a reclamar a la aerol\u00ednea tu indemnizaci\u00f3n por cambio de vuelo<\/b><\/h2>\n<p><span style=\"font-weight: 400;\">Si una aerol\u00ednea te ha reubicado en otro vuelo y no te han ofrecido, adem\u00e1s, la indemnizaci\u00f3n correspondiente, reclama. En reclamador.es te ayudamos a conseguir tu dinero y proteger tus derechos frente a las compa\u00f1\u00edas a\u00e9reas.\u00a0<\/span><\/p>\n<p><span style=\"font-weight: 400;\">Llevamos m\u00e1s de 10 a\u00f1os defendiendo los derechos de los pasajeros y pasajeras de avi\u00f3n, consiguiendo en este tiempo resolver con \u00e9xito para nuestros clientes m\u00e1s de 99.000 <a href=\"https:\/\/www.reclamador.es\/aerolineas\/\">reclamaciones a\u00e9reas<\/a>.\u00a0<\/span><\/p>\n<p><span style=\"font-weight: 400;\">Conf\u00eda en nuestro equipo de abogados y abogadas expertas en transporte a\u00e9reo y consigue que la aerol\u00ednea te abone el dinero que te corresponde. El proceso es muy sencillo, 100% online y no tendr\u00e1s que adelantar ninguna cantidad para iniciar tu reclamaci\u00f3n.\u00a0<\/span><\/p>\n<h2 style=\"text-align: center;\"><strong><a class=\"button-lead\" href=\"https:\/\/www.reclamador.es\/form\/complaint\/cancellation\/?target=650\" rel=\"nofollow noopener\">Completa aqu\u00ed nuestro formulario y reclama tu indemnizaci\u00f3n<\/a><\/strong><\/h2>\n<div class=\"ttr_end\"><\/div>","protected":false},"excerpt":{"rendered":"<p>Una situaci\u00f3n que se produce m\u00e1s habitualmente de lo esperado es como las aerol\u00edneas, ante una cancelaci\u00f3n de vuelo, por ejemplo con motivo de una huelga de los trabajadores de la compa\u00f1\u00eda a\u00e9rea, est\u00e1n optando por ofrecer a sus viajeros la reubicaci\u00f3n en otros vuelos, bien sea el mismo d\u00eda unas horas despu\u00e9s o el [&hellip;]<\/p>\n","protected":false},"author":1,"featured_media":32247,"comment_status":"open","ping_status":"open","sticky":false,"template":"","format":"standard","meta":{"_acf_changed":false,"_genesis_hide_title":false,"_genesis_hide_breadcrumbs":false,"_genesis_hide_singular_image":false,"_genesis_hide_footer_widgets":false,"_genesis_custom_body_class":"","_genesis_custom_post_class":"","_genesis_layout":"","_jetpack_newsletter_access":"","_jetpack_dont_email_post_to_subs":false,"_jetpack_newsletter_tier_id":0,"_jetpack_memberships_contains_paywalled_content":false,"_jetpack_memberships_contains_paid_content":false,"footnotes":""},"categories":[393],"tags":[380,651,289],"class_list":{"0":"post-30369","1":"post","2":"type-post","3":"status-publish","4":"format-standard","5":"has-post-thumbnail","7":"category-consejos","8":"tag-aerolineas","9":"tag-huelga","10":"tag-reclamacion","11":"entry"},"acf":[],"yoast_head":"<!-- This site is optimized with the Yoast SEO plugin v27.4 - https:\/\/yoast.com\/product\/yoast-seo-wordpress\/ -->\n<title>Reubicaci\u00f3n en otro vuelo: pueden corresponder hasta 600\u20ac<\/title>\n<meta name=\"description\" content=\"La reubicaci\u00f3n en otro vuelo puede dar lugar a una indemnizaci\u00f3n de hasta 600\u20ac + gastos. Reclama a la aerol\u00ednea tu dinero con reclamador.es.\" \/>\n<meta name=\"robots\" content=\"index, follow, max-snippet:-1, max-image-preview:large, max-video-preview:-1\" \/>\n<link rel=\"canonical\" href=\"https:\/\/www.reclamador.es\/blog\/reubicacion-en-otro-vuelo\/\" \/>\n<meta property=\"og:locale\" content=\"es_ES\" \/>\n<meta property=\"og:type\" content=\"article\" \/>\n<meta property=\"og:title\" content=\"Reubicaci\u00f3n en otro vuelo: pueden corresponder hasta 600\u20ac\" \/>\n<meta property=\"og:description\" content=\"La reubicaci\u00f3n en otro vuelo puede dar lugar a una indemnizaci\u00f3n de hasta 600\u20ac + gastos. Reclama a la aerol\u00ednea tu dinero con reclamador.es.\" \/>\n<meta property=\"og:url\" content=\"https:\/\/www.reclamador.es\/blog\/reubicacion-en-otro-vuelo\/\" \/>\n<meta property=\"og:site_name\" content=\"Rebeldes con causa, el blog de reclamador.es\" \/>\n<meta property=\"article:publisher\" content=\"https:\/\/www.facebook.com\/reclamador.es\" \/>\n<meta property=\"article:published_time\" content=\"2024-04-19T09:42:00+00:00\" \/>\n<meta property=\"article:modified_time\" content=\"2024-04-19T10:35:43+00:00\" \/>\n<meta property=\"og:image\" content=\"https:\/\/www.reclamador.es\/blog\/wp-content\/uploads\/2022\/11\/te-han-reubicado-en-otro-vuelo-1200x630-1.jpg\" \/>\n\t<meta property=\"og:image:width\" content=\"1200\" \/>\n\t<meta property=\"og:image:height\" content=\"630\" \/>\n\t<meta property=\"og:image:type\" content=\"image\/jpeg\" \/>\n<meta name=\"author\" content=\"Equipo reclamador\" \/>\n<meta name=\"twitter:card\" content=\"summary_large_image\" \/>\n<meta name=\"twitter:creator\" content=\"@reclamador\" \/>\n<meta name=\"twitter:site\" content=\"@reclamador\" \/>\n<meta name=\"twitter:label1\" content=\"Escrito por\" \/>\n\t<meta name=\"twitter:data1\" content=\"Equipo reclamador\" \/>\n\t<meta name=\"twitter:label2\" content=\"Tiempo de lectura\" \/>\n\t<meta name=\"twitter:data2\" content=\"4 minutos\" \/>\n<script type=\"application\/ld+json\" class=\"yoast-schema-graph\">{\"@context\":\"https:\\\/\\\/schema.org\",\"@graph\":[{\"@type\":\"Article\",\"@id\":\"https:\\\/\\\/www.reclamador.es\\\/blog\\\/reubicacion-en-otro-vuelo\\\/#article\",\"isPartOf\":{\"@id\":\"https:\\\/\\\/www.reclamador.es\\\/blog\\\/reubicacion-en-otro-vuelo\\\/\"},\"author\":{\"name\":\"Equipo reclamador\",\"@id\":\"https:\\\/\\\/www.reclamador.es\\\/blog\\\/#\\\/schema\\\/person\\\/1ed83eef8b6566cb5e4c812d9bc5c4bf\"},\"headline\":\"\u00bfTe han reubicado en otro vuelo que llega m\u00e1s de 3 horas despu\u00e9s al comprado inicialmente? \u00a1Puedes reclamar!\",\"datePublished\":\"2024-04-19T09:42:00+00:00\",\"dateModified\":\"2024-04-19T10:35:43+00:00\",\"mainEntityOfPage\":{\"@id\":\"https:\\\/\\\/www.reclamador.es\\\/blog\\\/reubicacion-en-otro-vuelo\\\/\"},\"wordCount\":724,\"commentCount\":0,\"publisher\":{\"@id\":\"https:\\\/\\\/www.reclamador.es\\\/blog\\\/#organization\"},\"image\":{\"@id\":\"https:\\\/\\\/www.reclamador.es\\\/blog\\\/reubicacion-en-otro-vuelo\\\/#primaryimage\"},\"thumbnailUrl\":\"https:\\\/\\\/i0.wp.com\\\/www.reclamador.es\\\/blog\\\/wp-content\\\/uploads\\\/2022\\\/11\\\/te-han-reubicado-en-otro-vuelo-1200x630-1.jpg?fit=1200%2C630&ssl=1\",\"keywords\":[\"aerol\u00edneas\",\"huelga\",\"reclamaci\u00f3n\"],\"articleSection\":[\"Consejos legales\"],\"inLanguage\":\"es\",\"potentialAction\":[{\"@type\":\"CommentAction\",\"name\":\"Comment\",\"target\":[\"https:\\\/\\\/www.reclamador.es\\\/blog\\\/reubicacion-en-otro-vuelo\\\/#respond\"]}]},{\"@type\":\"WebPage\",\"@id\":\"https:\\\/\\\/www.reclamador.es\\\/blog\\\/reubicacion-en-otro-vuelo\\\/\",\"url\":\"https:\\\/\\\/www.reclamador.es\\\/blog\\\/reubicacion-en-otro-vuelo\\\/\",\"name\":\"Reubicaci\u00f3n en otro vuelo: pueden corresponder hasta 600\u20ac\",\"isPartOf\":{\"@id\":\"https:\\\/\\\/www.reclamador.es\\\/blog\\\/#website\"},\"primaryImageOfPage\":{\"@id\":\"https:\\\/\\\/www.reclamador.es\\\/blog\\\/reubicacion-en-otro-vuelo\\\/#primaryimage\"},\"image\":{\"@id\":\"https:\\\/\\\/www.reclamador.es\\\/blog\\\/reubicacion-en-otro-vuelo\\\/#primaryimage\"},\"thumbnailUrl\":\"https:\\\/\\\/i0.wp.com\\\/www.reclamador.es\\\/blog\\\/wp-content\\\/uploads\\\/2022\\\/11\\\/te-han-reubicado-en-otro-vuelo-1200x630-1.jpg?fit=1200%2C630&ssl=1\",\"datePublished\":\"2024-04-19T09:42:00+00:00\",\"dateModified\":\"2024-04-19T10:35:43+00:00\",\"description\":\"La reubicaci\u00f3n en otro vuelo puede dar lugar a una indemnizaci\u00f3n de hasta 600\u20ac + gastos. Reclama a la aerol\u00ednea tu dinero con reclamador.es.\",\"breadcrumb\":{\"@id\":\"https:\\\/\\\/www.reclamador.es\\\/blog\\\/reubicacion-en-otro-vuelo\\\/#breadcrumb\"},\"inLanguage\":\"es\",\"potentialAction\":[{\"@type\":\"ReadAction\",\"target\":[\"https:\\\/\\\/www.reclamador.es\\\/blog\\\/reubicacion-en-otro-vuelo\\\/\"]}]},{\"@type\":\"ImageObject\",\"inLanguage\":\"es\",\"@id\":\"https:\\\/\\\/www.reclamador.es\\\/blog\\\/reubicacion-en-otro-vuelo\\\/#primaryimage\",\"url\":\"https:\\\/\\\/i0.wp.com\\\/www.reclamador.es\\\/blog\\\/wp-content\\\/uploads\\\/2022\\\/11\\\/te-han-reubicado-en-otro-vuelo-1200x630-1.jpg?fit=1200%2C630&ssl=1\",\"contentUrl\":\"https:\\\/\\\/i0.wp.com\\\/www.reclamador.es\\\/blog\\\/wp-content\\\/uploads\\\/2022\\\/11\\\/te-han-reubicado-en-otro-vuelo-1200x630-1.jpg?fit=1200%2C630&ssl=1\",\"width\":1200,\"height\":630,\"caption\":\"Derecho a reubicaci\u00f3n en otro vuelo y tambi\u00e9n a indemnizaci\u00f3n\"},{\"@type\":\"BreadcrumbList\",\"@id\":\"https:\\\/\\\/www.reclamador.es\\\/blog\\\/reubicacion-en-otro-vuelo\\\/#breadcrumb\",\"itemListElement\":[{\"@type\":\"ListItem\",\"position\":1,\"name\":\"Portada\",\"item\":\"https:\\\/\\\/www.reclamador.es\\\/blog\\\/\"},{\"@type\":\"ListItem\",\"position\":2,\"name\":\"\u00bfTe han reubicado en otro vuelo que llega m\u00e1s de 3 horas despu\u00e9s al comprado inicialmente? \u00a1Puedes reclamar!\"}]},{\"@type\":\"WebSite\",\"@id\":\"https:\\\/\\\/www.reclamador.es\\\/blog\\\/#website\",\"url\":\"https:\\\/\\\/www.reclamador.es\\\/blog\\\/\",\"name\":\"Rebeldes con causa, el blog de reclamador.es\",\"description\":\"Noticias, entrevistas y consejos sobre reclamaciones\",\"publisher\":{\"@id\":\"https:\\\/\\\/www.reclamador.es\\\/blog\\\/#organization\"},\"potentialAction\":[{\"@type\":\"SearchAction\",\"target\":{\"@type\":\"EntryPoint\",\"urlTemplate\":\"https:\\\/\\\/www.reclamador.es\\\/blog\\\/?s={search_term_string}\"},\"query-input\":{\"@type\":\"PropertyValueSpecification\",\"valueRequired\":true,\"valueName\":\"search_term_string\"}}],\"inLanguage\":\"es\"},{\"@type\":\"Organization\",\"@id\":\"https:\\\/\\\/www.reclamador.es\\\/blog\\\/#organization\",\"name\":\"reclamador.es\",\"url\":\"https:\\\/\\\/www.reclamador.es\\\/blog\\\/\",\"logo\":{\"@type\":\"ImageObject\",\"inLanguage\":\"es\",\"@id\":\"https:\\\/\\\/www.reclamador.es\\\/blog\\\/#\\\/schema\\\/logo\\\/image\\\/\",\"url\":\"https:\\\/\\\/i0.wp.com\\\/www.reclamador.es\\\/blog\\\/wp-content\\\/uploads\\\/2020\\\/01\\\/logo-reclamador.png?fit=1200%2C144&ssl=1\",\"contentUrl\":\"https:\\\/\\\/i0.wp.com\\\/www.reclamador.es\\\/blog\\\/wp-content\\\/uploads\\\/2020\\\/01\\\/logo-reclamador.png?fit=1200%2C144&ssl=1\",\"width\":1200,\"height\":144,\"caption\":\"reclamador.es\"},\"image\":{\"@id\":\"https:\\\/\\\/www.reclamador.es\\\/blog\\\/#\\\/schema\\\/logo\\\/image\\\/\"},\"sameAs\":[\"https:\\\/\\\/www.facebook.com\\\/reclamador.es\",\"https:\\\/\\\/x.com\\\/reclamador\",\"https:\\\/\\\/www.instagram.com\\\/reclamador.es\\\/\",\"https:\\\/\\\/www.linkedin.com\\\/company\\\/reclamador-es\",\"https:\\\/\\\/www.youtube.com\\\/user\\\/Reclamadores\"]},{\"@type\":\"Person\",\"@id\":\"https:\\\/\\\/www.reclamador.es\\\/blog\\\/#\\\/schema\\\/person\\\/1ed83eef8b6566cb5e4c812d9bc5c4bf\",\"name\":\"Equipo reclamador\",\"image\":{\"@type\":\"ImageObject\",\"inLanguage\":\"es\",\"@id\":\"https:\\\/\\\/secure.gravatar.com\\\/avatar\\\/6442ecdc2c4472c600c113f34d340feca47107d6aa4f42f1e3e75a2a8e28a760?s=96&d=mm&r=g\",\"url\":\"https:\\\/\\\/secure.gravatar.com\\\/avatar\\\/6442ecdc2c4472c600c113f34d340feca47107d6aa4f42f1e3e75a2a8e28a760?s=96&d=mm&r=g\",\"contentUrl\":\"https:\\\/\\\/secure.gravatar.com\\\/avatar\\\/6442ecdc2c4472c600c113f34d340feca47107d6aa4f42f1e3e75a2a8e28a760?s=96&d=mm&r=g\",\"caption\":\"Equipo reclamador\"},\"description\":\"Las personas que hacen posible reclamador.es\",\"url\":\"https:\\\/\\\/www.reclamador.es\\\/blog\\\/author\\\/administrador\\\/\"}]}<\/script>\n<!-- \/ Yoast SEO plugin. -->","yoast_head_json":{"title":"Reubicaci\u00f3n en otro vuelo: pueden corresponder hasta 600\u20ac","description":"La reubicaci\u00f3n en otro vuelo puede dar lugar a una indemnizaci\u00f3n de hasta 600\u20ac + gastos. Reclama a la aerol\u00ednea tu dinero con reclamador.es.","robots":{"index":"index","follow":"follow","max-snippet":"max-snippet:-1","max-image-preview":"max-image-preview:large","max-video-preview":"max-video-preview:-1"},"canonical":"https:\/\/www.reclamador.es\/blog\/reubicacion-en-otro-vuelo\/","og_locale":"es_ES","og_type":"article","og_title":"Reubicaci\u00f3n en otro vuelo: pueden corresponder hasta 600\u20ac","og_description":"La reubicaci\u00f3n en otro vuelo puede dar lugar a una indemnizaci\u00f3n de hasta 600\u20ac + gastos. Reclama a la aerol\u00ednea tu dinero con reclamador.es.","og_url":"https:\/\/www.reclamador.es\/blog\/reubicacion-en-otro-vuelo\/","og_site_name":"Rebeldes con causa, el blog de reclamador.es","article_publisher":"https:\/\/www.facebook.com\/reclamador.es","article_published_time":"2024-04-19T09:42:00+00:00","article_modified_time":"2024-04-19T10:35:43+00:00","og_image":[{"width":1200,"height":630,"url":"https:\/\/www.reclamador.es\/blog\/wp-content\/uploads\/2022\/11\/te-han-reubicado-en-otro-vuelo-1200x630-1.jpg","type":"image\/jpeg"}],"author":"Equipo reclamador","twitter_card":"summary_large_image","twitter_creator":"@reclamador","twitter_site":"@reclamador","twitter_misc":{"Escrito por":"Equipo reclamador","Tiempo de lectura":"4 minutos"},"schema":{"@context":"https:\/\/schema.org","@graph":[{"@type":"Article","@id":"https:\/\/www.reclamador.es\/blog\/reubicacion-en-otro-vuelo\/#article","isPartOf":{"@id":"https:\/\/www.reclamador.es\/blog\/reubicacion-en-otro-vuelo\/"},"author":{"name":"Equipo reclamador","@id":"https:\/\/www.reclamador.es\/blog\/#\/schema\/person\/1ed83eef8b6566cb5e4c812d9bc5c4bf"},"headline":"\u00bfTe han reubicado en otro vuelo que llega m\u00e1s de 3 horas despu\u00e9s al comprado inicialmente? \u00a1Puedes reclamar!","datePublished":"2024-04-19T09:42:00+00:00","dateModified":"2024-04-19T10:35:43+00:00","mainEntityOfPage":{"@id":"https:\/\/www.reclamador.es\/blog\/reubicacion-en-otro-vuelo\/"},"wordCount":724,"commentCount":0,"publisher":{"@id":"https:\/\/www.reclamador.es\/blog\/#organization"},"image":{"@id":"https:\/\/www.reclamador.es\/blog\/reubicacion-en-otro-vuelo\/#primaryimage"},"thumbnailUrl":"https:\/\/i0.wp.com\/www.reclamador.es\/blog\/wp-content\/uploads\/2022\/11\/te-han-reubicado-en-otro-vuelo-1200x630-1.jpg?fit=1200%2C630&ssl=1","keywords":["aerol\u00edneas","huelga","reclamaci\u00f3n"],"articleSection":["Consejos legales"],"inLanguage":"es","potentialAction":[{"@type":"CommentAction","name":"Comment","target":["https:\/\/www.reclamador.es\/blog\/reubicacion-en-otro-vuelo\/#respond"]}]},{"@type":"WebPage","@id":"https:\/\/www.reclamador.es\/blog\/reubicacion-en-otro-vuelo\/","url":"https:\/\/www.reclamador.es\/blog\/reubicacion-en-otro-vuelo\/","name":"Reubicaci\u00f3n en otro vuelo: pueden corresponder hasta 600\u20ac","isPartOf":{"@id":"https:\/\/www.reclamador.es\/blog\/#website"},"primaryImageOfPage":{"@id":"https:\/\/www.reclamador.es\/blog\/reubicacion-en-otro-vuelo\/#primaryimage"},"image":{"@id":"https:\/\/www.reclamador.es\/blog\/reubicacion-en-otro-vuelo\/#primaryimage"},"thumbnailUrl":"https:\/\/i0.wp.com\/www.reclamador.es\/blog\/wp-content\/uploads\/2022\/11\/te-han-reubicado-en-otro-vuelo-1200x630-1.jpg?fit=1200%2C630&ssl=1","datePublished":"2024-04-19T09:42:00+00:00","dateModified":"2024-04-19T10:35:43+00:00","description":"La reubicaci\u00f3n en otro vuelo puede dar lugar a una indemnizaci\u00f3n de hasta 600\u20ac + gastos. Reclama a la aerol\u00ednea tu dinero con reclamador.es.","breadcrumb":{"@id":"https:\/\/www.reclamador.es\/blog\/reubicacion-en-otro-vuelo\/#breadcrumb"},"inLanguage":"es","potentialAction":[{"@type":"ReadAction","target":["https:\/\/www.reclamador.es\/blog\/reubicacion-en-otro-vuelo\/"]}]},{"@type":"ImageObject","inLanguage":"es","@id":"https:\/\/www.reclamador.es\/blog\/reubicacion-en-otro-vuelo\/#primaryimage","url":"https:\/\/i0.wp.com\/www.reclamador.es\/blog\/wp-content\/uploads\/2022\/11\/te-han-reubicado-en-otro-vuelo-1200x630-1.jpg?fit=1200%2C630&ssl=1","contentUrl":"https:\/\/i0.wp.com\/www.reclamador.es\/blog\/wp-content\/uploads\/2022\/11\/te-han-reubicado-en-otro-vuelo-1200x630-1.jpg?fit=1200%2C630&ssl=1","width":1200,"height":630,"caption":"Derecho a reubicaci\u00f3n en otro vuelo y tambi\u00e9n a indemnizaci\u00f3n"},{"@type":"BreadcrumbList","@id":"https:\/\/www.reclamador.es\/blog\/reubicacion-en-otro-vuelo\/#breadcrumb","itemListElement":[{"@type":"ListItem","position":1,"name":"Portada","item":"https:\/\/www.reclamador.es\/blog\/"},{"@type":"ListItem","position":2,"name":"\u00bfTe han reubicado en otro vuelo que llega m\u00e1s de 3 horas despu\u00e9s al comprado inicialmente? \u00a1Puedes reclamar!"}]},{"@type":"WebSite","@id":"https:\/\/www.reclamador.es\/blog\/#website","url":"https:\/\/www.reclamador.es\/blog\/","name":"Rebeldes con causa, el blog de reclamador.es","description":"Noticias, entrevistas y consejos sobre reclamaciones","publisher":{"@id":"https:\/\/www.reclamador.es\/blog\/#organization"},"potentialAction":[{"@type":"SearchAction","target":{"@type":"EntryPoint","urlTemplate":"https:\/\/www.reclamador.es\/blog\/?s={search_term_string}"},"query-input":{"@type":"PropertyValueSpecification","valueRequired":true,"valueName":"search_term_string"}}],"inLanguage":"es"},{"@type":"Organization","@id":"https:\/\/www.reclamador.es\/blog\/#organization","name":"reclamador.es","url":"https:\/\/www.reclamador.es\/blog\/","logo":{"@type":"ImageObject","inLanguage":"es","@id":"https:\/\/www.reclamador.es\/blog\/#\/schema\/logo\/image\/","url":"https:\/\/i0.wp.com\/www.reclamador.es\/blog\/wp-content\/uploads\/2020\/01\/logo-reclamador.png?fit=1200%2C144&ssl=1","contentUrl":"https:\/\/i0.wp.com\/www.reclamador.es\/blog\/wp-content\/uploads\/2020\/01\/logo-reclamador.png?fit=1200%2C144&ssl=1","width":1200,"height":144,"caption":"reclamador.es"},"image":{"@id":"https:\/\/www.reclamador.es\/blog\/#\/schema\/logo\/image\/"},"sameAs":["https:\/\/www.facebook.com\/reclamador.es","https:\/\/x.com\/reclamador","https:\/\/www.instagram.com\/reclamador.es\/","https:\/\/www.linkedin.com\/company\/reclamador-es","https:\/\/www.youtube.com\/user\/Reclamadores"]},{"@type":"Person","@id":"https:\/\/www.reclamador.es\/blog\/#\/schema\/person\/1ed83eef8b6566cb5e4c812d9bc5c4bf","name":"Equipo reclamador","image":{"@type":"ImageObject","inLanguage":"es","@id":"https:\/\/secure.gravatar.com\/avatar\/6442ecdc2c4472c600c113f34d340feca47107d6aa4f42f1e3e75a2a8e28a760?s=96&d=mm&r=g","url":"https:\/\/secure.gravatar.com\/avatar\/6442ecdc2c4472c600c113f34d340feca47107d6aa4f42f1e3e75a2a8e28a760?s=96&d=mm&r=g","contentUrl":"https:\/\/secure.gravatar.com\/avatar\/6442ecdc2c4472c600c113f34d340feca47107d6aa4f42f1e3e75a2a8e28a760?s=96&d=mm&r=g","caption":"Equipo reclamador"},"description":"Las personas que hacen posible reclamador.es","url":"https:\/\/www.reclamador.es\/blog\/author\/administrador\/"}]}},"jetpack_featured_media_url":"https:\/\/i0.wp.com\/www.reclamador.es\/blog\/wp-content\/uploads\/2022\/11\/te-han-reubicado-en-otro-vuelo-1200x630-1.jpg?fit=1200%2C630&ssl=1","jetpack-related-posts":[{"id":31314,"url":"https:\/\/www.reclamador.es\/blog\/reubicacion-cancelacion-indemnizacion-por-cambio-vuelo\/","url_meta":{"origin":30369,"position":0},"title":"Tus derechos en una cancelaci\u00f3n de vuelo no se acaban en la reubicaci\u00f3n","author":"Equipo reclamador","date":"11 agosto, 2024","format":false,"excerpt":"Llega el d\u00eda de un nuevo viaje en avi\u00f3n, te has preparado durante semanas y, finalmente, llega el d\u00eda de tu vuelo. Pero, de repente, recibes un mensaje de la aerol\u00ednea inform\u00e1ndote que tu vuelo ha sido cancelado y en una siguiente comunicaci\u00f3n te informan que te reubican en un\u2026","rel":"","context":"En \u00abConsejos legales\u00bb","block_context":{"text":"Consejos legales","link":"https:\/\/www.reclamador.es\/blog\/consejos\/"},"img":{"alt_text":"indemnizaci\u00f3n por cambio de vuelo","src":"https:\/\/i0.wp.com\/www.reclamador.es\/blog\/wp-content\/uploads\/2023\/09\/indemnizacion-por-cambio-de-vuelo-reubicacion-por-cancelacion.jpg?fit=1200%2C699&ssl=1&resize=350%2C200","width":350,"height":200,"srcset":"https:\/\/i0.wp.com\/www.reclamador.es\/blog\/wp-content\/uploads\/2023\/09\/indemnizacion-por-cambio-de-vuelo-reubicacion-por-cancelacion.jpg?fit=1200%2C699&ssl=1&resize=350%2C200 1x, https:\/\/i0.wp.com\/www.reclamador.es\/blog\/wp-content\/uploads\/2023\/09\/indemnizacion-por-cambio-de-vuelo-reubicacion-por-cancelacion.jpg?fit=1200%2C699&ssl=1&resize=525%2C300 1.5x, https:\/\/i0.wp.com\/www.reclamador.es\/blog\/wp-content\/uploads\/2023\/09\/indemnizacion-por-cambio-de-vuelo-reubicacion-por-cancelacion.jpg?fit=1200%2C699&ssl=1&resize=700%2C400 2x, https:\/\/i0.wp.com\/www.reclamador.es\/blog\/wp-content\/uploads\/2023\/09\/indemnizacion-por-cambio-de-vuelo-reubicacion-por-cancelacion.jpg?fit=1200%2C699&ssl=1&resize=1050%2C600 3x"},"classes":[]},{"id":33759,"url":"https:\/\/www.reclamador.es\/blog\/excusas-de-las-aerolineas-para-no-indemnizar-retrasos-cancelaciones\/","url_meta":{"origin":30369,"position":1},"title":"Las excusas m\u00e1s usadas por las aerol\u00edneas para no indemnizar a sus viajeros","author":"Alicia Ria\u00f1o","date":"5 marzo, 2025","format":false,"excerpt":"Cuando un vuelo se retrasa m\u00e1s de 3 horas en llegar al destino o es cancelado con menos de 14 d\u00edas de antelaci\u00f3n, tienes derecho a una compensaci\u00f3n econ\u00f3mica de hasta 600 \u20ac m\u00e1s gastos extras acreditables, salvo que, ese retraso o esa cancelaci\u00f3n se derive de una circunstancia ajena\u2026","rel":"","context":"En \u00abConsejos legales\u00bb","block_context":{"text":"Consejos legales","link":"https:\/\/www.reclamador.es\/blog\/consejos\/"},"img":{"alt_text":"excusas de las aerol\u00edneas para no indemnizar a sus viajeris","src":"https:\/\/i0.wp.com\/www.reclamador.es\/blog\/wp-content\/uploads\/2025\/03\/las-excusas-mas-usadas-por-las-aerolineas-1200x630-1.jpg?fit=1200%2C630&ssl=1&resize=350%2C200","width":350,"height":200,"srcset":"https:\/\/i0.wp.com\/www.reclamador.es\/blog\/wp-content\/uploads\/2025\/03\/las-excusas-mas-usadas-por-las-aerolineas-1200x630-1.jpg?fit=1200%2C630&ssl=1&resize=350%2C200 1x, https:\/\/i0.wp.com\/www.reclamador.es\/blog\/wp-content\/uploads\/2025\/03\/las-excusas-mas-usadas-por-las-aerolineas-1200x630-1.jpg?fit=1200%2C630&ssl=1&resize=525%2C300 1.5x, https:\/\/i0.wp.com\/www.reclamador.es\/blog\/wp-content\/uploads\/2025\/03\/las-excusas-mas-usadas-por-las-aerolineas-1200x630-1.jpg?fit=1200%2C630&ssl=1&resize=700%2C400 2x, https:\/\/i0.wp.com\/www.reclamador.es\/blog\/wp-content\/uploads\/2025\/03\/las-excusas-mas-usadas-por-las-aerolineas-1200x630-1.jpg?fit=1200%2C630&ssl=1&resize=1050%2C600 3x"},"classes":[]},{"id":29929,"url":"https:\/\/www.reclamador.es\/blog\/huelga-de-easyjet-en-espana\/","url_meta":{"origin":30369,"position":2},"title":"Huelga de easyJet junio 2025: los derechos de los afectados","author":"Equipo reclamador","date":"27 junio, 2025","format":false,"excerpt":"Del 25 al 27 de junio, los tripulantes de cabina de aerol\u00ednea easyJet han convocado paros en su actividad habitual. M\u00e1s de 200 vuelos con origen o destino Espa\u00f1a han sido cancelados por easyJet en estos 3 d\u00edas de huelga en los aeropuertos de M\u00e1laga, Mallorca, Alicante y Barcelona.\u00a0 Esta\u2026","rel":"","context":"En \u00abNoticias y actualidad\u00bb","block_context":{"text":"Noticias y actualidad","link":"https:\/\/www.reclamador.es\/blog\/noticias\/"},"img":{"alt_text":"huelga de tcp de easyjet","src":"https:\/\/i0.wp.com\/www.reclamador.es\/blog\/wp-content\/uploads\/2022\/06\/huelga-de-easyjet-reclamaciones.jpg?fit=1200%2C688&ssl=1&resize=350%2C200","width":350,"height":200,"srcset":"https:\/\/i0.wp.com\/www.reclamador.es\/blog\/wp-content\/uploads\/2022\/06\/huelga-de-easyjet-reclamaciones.jpg?fit=1200%2C688&ssl=1&resize=350%2C200 1x, https:\/\/i0.wp.com\/www.reclamador.es\/blog\/wp-content\/uploads\/2022\/06\/huelga-de-easyjet-reclamaciones.jpg?fit=1200%2C688&ssl=1&resize=525%2C300 1.5x, https:\/\/i0.wp.com\/www.reclamador.es\/blog\/wp-content\/uploads\/2022\/06\/huelga-de-easyjet-reclamaciones.jpg?fit=1200%2C688&ssl=1&resize=700%2C400 2x, https:\/\/i0.wp.com\/www.reclamador.es\/blog\/wp-content\/uploads\/2022\/06\/huelga-de-easyjet-reclamaciones.jpg?fit=1200%2C688&ssl=1&resize=1050%2C600 3x"},"classes":[]},{"id":30324,"url":"https:\/\/www.reclamador.es\/blog\/huelga-controladores-aereos-de-italia\/","url_meta":{"origin":30369,"position":3},"title":"Los controladores a\u00e9reos en Italia, en huelga este 21 de octubre","author":"Equipo reclamador","date":"21 octubre, 2022","format":false,"excerpt":"Hace poco m\u00e1s de un mes os cont\u00e1bamos que los controladores a\u00e9reos en Francia hab\u00edan convocado una jornada de huelga que afectar\u00eda a miles de vuelos con origen o destino en el pa\u00eds vecino. Pues bien, hoy, 21 de octubre, son los controladores a\u00e9reos de Italia los que paran como\u2026","rel":"","context":"En \u00abNoticias y actualidad\u00bb","block_context":{"text":"Noticias y actualidad","link":"https:\/\/www.reclamador.es\/blog\/noticias\/"},"img":{"alt_text":"reclamar huelga de controladores aereos de Italia","src":"https:\/\/i0.wp.com\/www.reclamador.es\/blog\/wp-content\/uploads\/2022\/10\/huelga-sector-aereo-italia-1.jpg?fit=1200%2C675&ssl=1&resize=350%2C200","width":350,"height":200,"srcset":"https:\/\/i0.wp.com\/www.reclamador.es\/blog\/wp-content\/uploads\/2022\/10\/huelga-sector-aereo-italia-1.jpg?fit=1200%2C675&ssl=1&resize=350%2C200 1x, https:\/\/i0.wp.com\/www.reclamador.es\/blog\/wp-content\/uploads\/2022\/10\/huelga-sector-aereo-italia-1.jpg?fit=1200%2C675&ssl=1&resize=525%2C300 1.5x, https:\/\/i0.wp.com\/www.reclamador.es\/blog\/wp-content\/uploads\/2022\/10\/huelga-sector-aereo-italia-1.jpg?fit=1200%2C675&ssl=1&resize=700%2C400 2x, https:\/\/i0.wp.com\/www.reclamador.es\/blog\/wp-content\/uploads\/2022\/10\/huelga-sector-aereo-italia-1.jpg?fit=1200%2C675&ssl=1&resize=1050%2C600 3x"},"classes":[]},{"id":30057,"url":"https:\/\/www.reclamador.es\/blog\/huelga-controladores-aereos-francia\/","url_meta":{"origin":30369,"position":4},"title":"Huelga controladores a\u00e9reos en Francia: tu vuelo puede estar afectado aunque no viajes a este pa\u00eds","author":"Equipo reclamador","date":"7 junio, 2024","format":false,"excerpt":"Las noticias sobre huelga de controladores a\u00e9reos en Francia se vienen sucediendo reiteradamente. A finales de abril se consigui\u00f3 paralizar una huelga que iba a afectar a miles de vuelos no solo en Francia, tambi\u00e9n en el resto de Europa. Y, ahora, hemos conocido que para los d\u00edas 11, 12\u2026","rel":"","context":"En \u00abNoticias y actualidad\u00bb","block_context":{"text":"Noticias y actualidad","link":"https:\/\/www.reclamador.es\/blog\/noticias\/"},"img":{"alt_text":"vuelos afectados huelga controladores en Francia","src":"https:\/\/i0.wp.com\/www.reclamador.es\/blog\/wp-content\/uploads\/2022\/09\/huelga-de-controladores-aereos-en-francia-1200x630-1.jpg?fit=1200%2C630&ssl=1&resize=350%2C200","width":350,"height":200,"srcset":"https:\/\/i0.wp.com\/www.reclamador.es\/blog\/wp-content\/uploads\/2022\/09\/huelga-de-controladores-aereos-en-francia-1200x630-1.jpg?fit=1200%2C630&ssl=1&resize=350%2C200 1x, https:\/\/i0.wp.com\/www.reclamador.es\/blog\/wp-content\/uploads\/2022\/09\/huelga-de-controladores-aereos-en-francia-1200x630-1.jpg?fit=1200%2C630&ssl=1&resize=525%2C300 1.5x, https:\/\/i0.wp.com\/www.reclamador.es\/blog\/wp-content\/uploads\/2022\/09\/huelga-de-controladores-aereos-en-francia-1200x630-1.jpg?fit=1200%2C630&ssl=1&resize=700%2C400 2x, https:\/\/i0.wp.com\/www.reclamador.es\/blog\/wp-content\/uploads\/2022\/09\/huelga-de-controladores-aereos-en-francia-1200x630-1.jpg?fit=1200%2C630&ssl=1&resize=1050%2C600 3x"},"classes":[]},{"id":31863,"url":"https:\/\/www.reclamador.es\/blog\/huelga-de-iberia-handling-reclamar\/","url_meta":{"origin":30369,"position":5},"title":"Los trabajadores del handling de Iberia en huelga: Todo lo que te corresponde si te afecta","author":"Equipo reclamador","date":"5 enero, 2024","format":false,"excerpt":"Los Reyes Magos traen un regalo poco deseado para los pasajeros y pasajeras a\u00e9reas que estos d\u00edas ten\u00edan reservado un billete de avi\u00f3n para volar con Iberia. Los trabajadores del handling de Iberia han convocado huelga desde el 5 hasta el 8 de enero. \u00bfQu\u00e9 sucede si la huelga de\u2026","rel":"","context":"En \u00abNoticias y actualidad\u00bb","block_context":{"text":"Noticias y actualidad","link":"https:\/\/www.reclamador.es\/blog\/noticias\/"},"img":{"alt_text":"huelga handling iberia","src":"https:\/\/i0.wp.com\/www.reclamador.es\/blog\/wp-content\/uploads\/2024\/01\/huelga-iberia-reclamar-indemnizacion.jpg?fit=1200%2C631&ssl=1&resize=350%2C200","width":350,"height":200,"srcset":"https:\/\/i0.wp.com\/www.reclamador.es\/blog\/wp-content\/uploads\/2024\/01\/huelga-iberia-reclamar-indemnizacion.jpg?fit=1200%2C631&ssl=1&resize=350%2C200 1x, https:\/\/i0.wp.com\/www.reclamador.es\/blog\/wp-content\/uploads\/2024\/01\/huelga-iberia-reclamar-indemnizacion.jpg?fit=1200%2C631&ssl=1&resize=525%2C300 1.5x, https:\/\/i0.wp.com\/www.reclamador.es\/blog\/wp-content\/uploads\/2024\/01\/huelga-iberia-reclamar-indemnizacion.jpg?fit=1200%2C631&ssl=1&resize=700%2C400 2x, https:\/\/i0.wp.com\/www.reclamador.es\/blog\/wp-content\/uploads\/2024\/01\/huelga-iberia-reclamar-indemnizacion.jpg?fit=1200%2C631&ssl=1&resize=1050%2C600 3x"},"classes":[]}],"jetpack_sharing_enabled":true,"_links":{"self":[{"href":"https:\/\/www.reclamador.es\/blog\/wp-json\/wp\/v2\/posts\/30369","targetHints":{"allow":["GET"]}}],"collection":[{"href":"https:\/\/www.reclamador.es\/blog\/wp-json\/wp\/v2\/posts"}],"about":[{"href":"https:\/\/www.reclamador.es\/blog\/wp-json\/wp\/v2\/types\/post"}],"author":[{"embeddable":true,"href":"https:\/\/www.reclamador.es\/blog\/wp-json\/wp\/v2\/users\/1"}],"replies":[{"embeddable":true,"href":"https:\/\/www.reclamador.es\/blog\/wp-json\/wp\/v2\/comments?post=30369"}],"version-history":[{"count":8,"href":"https:\/\/www.reclamador.es\/blog\/wp-json\/wp\/v2\/posts\/30369\/revisions"}],"predecessor-version":[{"id":32249,"href":"https:\/\/www.reclamador.es\/blog\/wp-json\/wp\/v2\/posts\/30369\/revisions\/32249"}],"wp:featuredmedia":[{"embeddable":true,"href":"https:\/\/www.reclamador.es\/blog\/wp-json\/wp\/v2\/media\/32247"}],"wp:attachment":[{"href":"https:\/\/www.reclamador.es\/blog\/wp-json\/wp\/v2\/media?parent=30369"}],"wp:term":[{"taxonomy":"category","embeddable":true,"href":"https:\/\/www.reclamador.es\/blog\/wp-json\/wp\/v2\/categories?post=30369"},{"taxonomy":"post_tag","embeddable":true,"href":"https:\/\/www.reclamador.es\/blog\/wp-json\/wp\/v2\/tags?post=30369"}],"curies":[{"name":"wp","href":"https:\/\/api.w.org\/{rel}","templated":true}]}}