{"id":30057,"date":"2024-06-07T10:43:00","date_gmt":"2024-06-07T08:43:00","guid":{"rendered":"https:\/\/www.reclamador.es\/blog\/?p=30057"},"modified":"2024-06-07T11:24:53","modified_gmt":"2024-06-07T09:24:53","slug":"huelga-controladores-aereos-francia","status":"publish","type":"post","link":"https:\/\/www.reclamador.es\/blog\/huelga-controladores-aereos-francia\/","title":{"rendered":"Huelga controladores a\u00e9reos en Francia: tu vuelo puede estar afectado aunque no viajes a este pa\u00eds"},"content":{"rendered":"<div class=\"ttr_start\"><\/div>\n\n<div class=\"kk-star-ratings kksr-auto kksr-align-right kksr-valign-top\"\n    data-payload='{&quot;align&quot;:&quot;right&quot;,&quot;id&quot;:&quot;30057&quot;,&quot;slug&quot;:&quot;default&quot;,&quot;valign&quot;:&quot;top&quot;,&quot;ignore&quot;:&quot;&quot;,&quot;reference&quot;:&quot;auto&quot;,&quot;class&quot;:&quot;&quot;,&quot;count&quot;:&quot;3&quot;,&quot;legendonly&quot;:&quot;&quot;,&quot;readonly&quot;:&quot;&quot;,&quot;score&quot;:&quot;5&quot;,&quot;starsonly&quot;:&quot;&quot;,&quot;best&quot;:&quot;5&quot;,&quot;gap&quot;:&quot;3&quot;,&quot;greet&quot;:&quot;Valora este art\u00edculo&quot;,&quot;legend&quot;:&quot;5\\\/5 - (3 votos)&quot;,&quot;size&quot;:&quot;20&quot;,&quot;title&quot;:&quot;Huelga controladores a\u00e9reos en Francia: tu vuelo puede estar afectado aunque no viajes a este pa\u00eds&quot;,&quot;width&quot;:&quot;113.5&quot;,&quot;_legend&quot;:&quot;{score}\\\/{best} - ({count} {votes})&quot;,&quot;font_factor&quot;:&quot;1.25&quot;}'>\n            \n<div class=\"kksr-stars\">\n    \n<div class=\"kksr-stars-inactive\">\n            <div class=\"kksr-star\" data-star=\"1\" style=\"padding-right: 3px\">\n            \n\n<div class=\"kksr-icon\" style=\"width: 20px; height: 20px;\"><\/div>\n        <\/div>\n            <div class=\"kksr-star\" data-star=\"2\" style=\"padding-right: 3px\">\n            \n\n<div class=\"kksr-icon\" style=\"width: 20px; height: 20px;\"><\/div>\n        <\/div>\n            <div class=\"kksr-star\" data-star=\"3\" style=\"padding-right: 3px\">\n            \n\n<div class=\"kksr-icon\" style=\"width: 20px; height: 20px;\"><\/div>\n        <\/div>\n            <div class=\"kksr-star\" data-star=\"4\" style=\"padding-right: 3px\">\n            \n\n<div class=\"kksr-icon\" style=\"width: 20px; height: 20px;\"><\/div>\n        <\/div>\n            <div class=\"kksr-star\" data-star=\"5\" style=\"padding-right: 3px\">\n            \n\n<div class=\"kksr-icon\" style=\"width: 20px; height: 20px;\"><\/div>\n        <\/div>\n    <\/div>\n    \n<div class=\"kksr-stars-active\" style=\"width: 113.5px;\">\n            <div class=\"kksr-star\" style=\"padding-right: 3px\">\n            \n\n<div class=\"kksr-icon\" style=\"width: 20px; height: 20px;\"><\/div>\n        <\/div>\n            <div class=\"kksr-star\" style=\"padding-right: 3px\">\n            \n\n<div class=\"kksr-icon\" style=\"width: 20px; height: 20px;\"><\/div>\n        <\/div>\n            <div class=\"kksr-star\" style=\"padding-right: 3px\">\n            \n\n<div class=\"kksr-icon\" style=\"width: 20px; height: 20px;\"><\/div>\n        <\/div>\n            <div class=\"kksr-star\" style=\"padding-right: 3px\">\n            \n\n<div class=\"kksr-icon\" style=\"width: 20px; height: 20px;\"><\/div>\n        <\/div>\n            <div class=\"kksr-star\" style=\"padding-right: 3px\">\n            \n\n<div class=\"kksr-icon\" style=\"width: 20px; height: 20px;\"><\/div>\n        <\/div>\n    <\/div>\n<\/div>\n                \n\n<div class=\"kksr-legend\" style=\"font-size: 16px;\">\n            5\/5 - (3 votos)    <\/div>\n    <\/div>\n\n<figure id=\"attachment_32458\" aria-describedby=\"caption-attachment-32458\" style=\"width: 1200px\" class=\"wp-caption aligncenter\"><img data-recalc-dims=\"1\" loading=\"lazy\" decoding=\"async\" class=\"size-full wp-image-32458\" src=\"https:\/\/i0.wp.com\/www.reclamador.es\/blog\/wp-content\/uploads\/2022\/09\/huelga-de-controladores-aereos-en-francia-1200x630-1.jpg?resize=1200%2C630&#038;ssl=1\" alt=\"vuelos afectados huelga controladores en Francia\" width=\"1200\" height=\"630\" srcset=\"https:\/\/i0.wp.com\/www.reclamador.es\/blog\/wp-content\/uploads\/2022\/09\/huelga-de-controladores-aereos-en-francia-1200x630-1.jpg?w=1200&amp;ssl=1 1200w, https:\/\/i0.wp.com\/www.reclamador.es\/blog\/wp-content\/uploads\/2022\/09\/huelga-de-controladores-aereos-en-francia-1200x630-1.jpg?resize=800%2C420&amp;ssl=1 800w, https:\/\/i0.wp.com\/www.reclamador.es\/blog\/wp-content\/uploads\/2022\/09\/huelga-de-controladores-aereos-en-francia-1200x630-1.jpg?resize=150%2C79&amp;ssl=1 150w, https:\/\/i0.wp.com\/www.reclamador.es\/blog\/wp-content\/uploads\/2022\/09\/huelga-de-controladores-aereos-en-francia-1200x630-1.jpg?resize=768%2C403&amp;ssl=1 768w\" sizes=\"auto, (max-width: 1000px) 100vw, 1000px\" \/><figcaption id=\"caption-attachment-32458\" class=\"wp-caption-text\"><em>Huelga de controladores a\u00e9reos en Francia &#8211; Par\u00eds Orly<\/em><\/figcaption><\/figure>\n<p>Las noticias sobre huelga de controladores a\u00e9reos en Francia se vienen sucediendo reiteradamente. A finales de abril se consigui\u00f3 paralizar una huelga que iba a afectar a miles de vuelos no solo en Francia, tambi\u00e9n en el resto de Europa. Y, ahora, hemos conocido que para los d\u00edas 11, 12 y 13 de junio, los controladores a\u00e9reos de Par\u00eds han convocado nuevas jornadas de paro, lo que seguro que provoca la cancelaci\u00f3n de cientos de vuelos con despegue o llegada a la capital francesa y de cientos de vuelos que sobrevuelen este espacio a\u00e9reo.\u00a0<\/p>\n<p>Por ello, si viajas uno de estos d\u00edas, pese a que tu vuelo no tenga como destino final Par\u00eds, puedes sufrir incidencias como la cancelaci\u00f3n del vuelo. Si la primera circunstancia, es decir, viajes a Par\u00eds y otras zonas de Francia, puede dar lugar a la cancelaci\u00f3n de numerosos vuelos, la segunda, sobrevolar el espacio a\u00e9reo, puede dar lugar a importantes retrasos y, tambi\u00e9n, reprogramaciones de vuelos debido a la congesti\u00f3n que sufrir\u00e1 el tr\u00e1fico a\u00e9reo durante estos d\u00edas.\u00a0\u00a0<\/p>\n<h2>Las cancelaciones de vuelos por la huelga de controladores a\u00e9reos en Francia es una causa de fuerza mayor<\/h2>\n<p>Estas incidencias en los viajes derivadas de la huelga de controladores a\u00e9reos en Par\u00eds y el resto de Francia son consideradas como causas ajenas a las aerol\u00edneas y, por tanto, se consideran cancelaciones de vuelo por causas de fuerza mayor. Esto, es decir, que se considere una causa extraordinaria o de fuerza mayor, exonera a las compa\u00f1\u00edas a\u00e9reas de responsabilidad indemnizatoria.<\/p>\n<h3><strong>\u00bfQuiere esto decir que los viajeros no tienen derecho a reclamar?<\/strong><\/h3>\n<p>En circunstancias de fuerza mayor, como es la huelga de controladores a\u00e9reos en Francia, los viajeros afectados por cancelaciones de vuelo pueden solicitar a la aerol\u00ednea el <strong>reembolso de los billetes de avi\u00f3n cancelados o el sobrecoste soportado por el pasajero<\/strong> si, por dicha cancelaci\u00f3n de vuelo, ha tenido que adquirir un viaje alternativo para llegar a su destino, si la aerol\u00ednea no le ha ofrecido la reubicaci\u00f3n o ese transporte alternativo.\u00a0<\/p>\n<p>Adem\u00e1s, el pasajero a\u00e9reo tiene derecho a solicitar a la aerol\u00ednea los <strong>gastos de asistencia<\/strong> que tuviera que realizar para llegar a su destino, por ejemplo, alimentaci\u00f3n o el alojamiento hasta la salida del vuelo o gastos de transporte al aeropuerto.\u00a0<\/p>\n<p>Eso s\u00ed, al ser fuerza mayor, el viajero afectado por la huelga de controladores a\u00e9reos en Francia no podr\u00e1 reclamar la compensaci\u00f3n econ\u00f3mica de entre 250\u20ac y 600\u20ac que recoge el Reglamento Europeo 261\/2004.<\/p>\n<h2>En reclamador.es no gestionamos reclamaciones por fuerza mayor<\/h2>\n<p data-renderer-start-pos=\"457\">En reclamador.es no gestionamos reclamaciones de fuerza mayor a las aerol\u00edneas, pero si la cancelaci\u00f3n de tu vuelo no es por una causa extraordinaria, s\u00ed podremos tramitar tu reclamaci\u00f3n y reclamar por ti a la compa\u00f1\u00eda a\u00e9rea tu indemnizaci\u00f3n y todos los gastos extras que hubieras tenido que realizar como consecuencia de esa incidencia.<\/p>\n<h2 style=\"text-align: center;\"><strong><a class=\"button-lead\" href=\"https:\/\/www.reclamador.es\/aerolineas\/\">Descubre aqu\u00ed en qu\u00e9 casos podemos ayudarte a reclamar<\/a><\/strong><\/h2>\n<div class=\"ttr_end\"><\/div>","protected":false},"excerpt":{"rendered":"<p>Las noticias sobre huelga de controladores a\u00e9reos en Francia se vienen sucediendo reiteradamente. A finales de abril se consigui\u00f3 paralizar una huelga que iba a afectar a miles de vuelos no solo en Francia, tambi\u00e9n en el resto de Europa. Y, ahora, hemos conocido que para los d\u00edas 11, 12 y 13 de junio, los [&hellip;]<\/p>\n","protected":false},"author":1,"featured_media":32458,"comment_status":"open","ping_status":"open","sticky":false,"template":"","format":"standard","meta":{"_acf_changed":false,"_genesis_hide_title":false,"_genesis_hide_breadcrumbs":false,"_genesis_hide_singular_image":false,"_genesis_hide_footer_widgets":false,"_genesis_custom_body_class":"","_genesis_custom_post_class":"","_genesis_layout":"","_jetpack_newsletter_access":"","_jetpack_dont_email_post_to_subs":false,"_jetpack_newsletter_tier_id":0,"_jetpack_memberships_contains_paywalled_content":false,"_jetpack_memberships_contains_paid_content":false,"footnotes":""},"categories":[392],"tags":[380,666,651],"class_list":{"0":"post-30057","1":"post","2":"type-post","3":"status-publish","4":"format-standard","5":"has-post-thumbnail","7":"category-noticias","8":"tag-aerolineas","9":"tag-controladores-aereos","10":"tag-huelga","11":"entry"},"acf":[],"yoast_head":"<!-- This site is optimized with the Yoast SEO plugin v27.4 - https:\/\/yoast.com\/product\/yoast-seo-wordpress\/ -->\n<title>Huelga de controladores a\u00e9reos en Par\u00eds Francia: tu viaje se puede alterar<\/title>\n<meta name=\"description\" content=\"La huelga de controladores a\u00e9reos en Par\u00eds, deja muchos vuelos cancelados a esta ciudad y, tambi\u00e9n, vuelos afectados que sobrevuelan el espacio a\u00e9reo franc\u00e9s. Descubre qu\u00e9 se puede reclamar.\" \/>\n<meta name=\"robots\" content=\"index, follow, max-snippet:-1, max-image-preview:large, max-video-preview:-1\" \/>\n<link rel=\"canonical\" href=\"https:\/\/www.reclamador.es\/blog\/huelga-controladores-aereos-francia\/\" \/>\n<meta property=\"og:locale\" content=\"es_ES\" \/>\n<meta property=\"og:type\" content=\"article\" \/>\n<meta property=\"og:title\" content=\"Huelga de controladores a\u00e9reos en Par\u00eds Francia: tu viaje se puede alterar\" \/>\n<meta property=\"og:description\" content=\"La huelga de controladores a\u00e9reos en Par\u00eds, deja muchos vuelos cancelados a esta ciudad y, tambi\u00e9n, vuelos afectados que sobrevuelan el espacio a\u00e9reo franc\u00e9s. Descubre qu\u00e9 se puede reclamar.\" \/>\n<meta property=\"og:url\" content=\"https:\/\/www.reclamador.es\/blog\/huelga-controladores-aereos-francia\/\" \/>\n<meta property=\"og:site_name\" content=\"Rebeldes con causa, el blog de reclamador.es\" \/>\n<meta property=\"article:publisher\" content=\"https:\/\/www.facebook.com\/reclamador.es\" \/>\n<meta property=\"article:published_time\" content=\"2024-06-07T08:43:00+00:00\" \/>\n<meta property=\"article:modified_time\" content=\"2024-06-07T09:24:53+00:00\" \/>\n<meta property=\"og:image\" content=\"https:\/\/www.reclamador.es\/blog\/wp-content\/uploads\/2022\/09\/huelga-de-controladores-aereos-en-francia-1200x630-1.jpg\" \/>\n\t<meta property=\"og:image:width\" content=\"1200\" \/>\n\t<meta property=\"og:image:height\" content=\"630\" \/>\n\t<meta property=\"og:image:type\" content=\"image\/jpeg\" \/>\n<meta name=\"author\" content=\"Equipo reclamador\" \/>\n<meta name=\"twitter:card\" content=\"summary_large_image\" \/>\n<meta name=\"twitter:creator\" content=\"@reclamador\" \/>\n<meta name=\"twitter:site\" content=\"@reclamador\" \/>\n<meta name=\"twitter:label1\" content=\"Escrito por\" \/>\n\t<meta name=\"twitter:data1\" content=\"Equipo reclamador\" \/>\n\t<meta name=\"twitter:label2\" content=\"Tiempo de lectura\" \/>\n\t<meta name=\"twitter:data2\" content=\"3 minutos\" \/>\n<script type=\"application\/ld+json\" class=\"yoast-schema-graph\">{\"@context\":\"https:\\\/\\\/schema.org\",\"@graph\":[{\"@type\":\"Article\",\"@id\":\"https:\\\/\\\/www.reclamador.es\\\/blog\\\/huelga-controladores-aereos-francia\\\/#article\",\"isPartOf\":{\"@id\":\"https:\\\/\\\/www.reclamador.es\\\/blog\\\/huelga-controladores-aereos-francia\\\/\"},\"author\":{\"name\":\"Equipo reclamador\",\"@id\":\"https:\\\/\\\/www.reclamador.es\\\/blog\\\/#\\\/schema\\\/person\\\/1ed83eef8b6566cb5e4c812d9bc5c4bf\"},\"headline\":\"Huelga controladores a\u00e9reos en Francia: tu vuelo puede estar afectado aunque no viajes a este pa\u00eds\",\"datePublished\":\"2024-06-07T08:43:00+00:00\",\"dateModified\":\"2024-06-07T09:24:53+00:00\",\"mainEntityOfPage\":{\"@id\":\"https:\\\/\\\/www.reclamador.es\\\/blog\\\/huelga-controladores-aereos-francia\\\/\"},\"wordCount\":556,\"commentCount\":0,\"publisher\":{\"@id\":\"https:\\\/\\\/www.reclamador.es\\\/blog\\\/#organization\"},\"image\":{\"@id\":\"https:\\\/\\\/www.reclamador.es\\\/blog\\\/huelga-controladores-aereos-francia\\\/#primaryimage\"},\"thumbnailUrl\":\"https:\\\/\\\/i0.wp.com\\\/www.reclamador.es\\\/blog\\\/wp-content\\\/uploads\\\/2022\\\/09\\\/huelga-de-controladores-aereos-en-francia-1200x630-1.jpg?fit=1200%2C630&ssl=1\",\"keywords\":[\"aerol\u00edneas\",\"controladores a\u00e9reos\",\"huelga\"],\"articleSection\":[\"Noticias y actualidad\"],\"inLanguage\":\"es\",\"potentialAction\":[{\"@type\":\"CommentAction\",\"name\":\"Comment\",\"target\":[\"https:\\\/\\\/www.reclamador.es\\\/blog\\\/huelga-controladores-aereos-francia\\\/#respond\"]}]},{\"@type\":\"WebPage\",\"@id\":\"https:\\\/\\\/www.reclamador.es\\\/blog\\\/huelga-controladores-aereos-francia\\\/\",\"url\":\"https:\\\/\\\/www.reclamador.es\\\/blog\\\/huelga-controladores-aereos-francia\\\/\",\"name\":\"Huelga de controladores a\u00e9reos en Par\u00eds Francia: tu viaje se puede alterar\",\"isPartOf\":{\"@id\":\"https:\\\/\\\/www.reclamador.es\\\/blog\\\/#website\"},\"primaryImageOfPage\":{\"@id\":\"https:\\\/\\\/www.reclamador.es\\\/blog\\\/huelga-controladores-aereos-francia\\\/#primaryimage\"},\"image\":{\"@id\":\"https:\\\/\\\/www.reclamador.es\\\/blog\\\/huelga-controladores-aereos-francia\\\/#primaryimage\"},\"thumbnailUrl\":\"https:\\\/\\\/i0.wp.com\\\/www.reclamador.es\\\/blog\\\/wp-content\\\/uploads\\\/2022\\\/09\\\/huelga-de-controladores-aereos-en-francia-1200x630-1.jpg?fit=1200%2C630&ssl=1\",\"datePublished\":\"2024-06-07T08:43:00+00:00\",\"dateModified\":\"2024-06-07T09:24:53+00:00\",\"description\":\"La huelga de controladores a\u00e9reos en Par\u00eds, deja muchos vuelos cancelados a esta ciudad y, tambi\u00e9n, vuelos afectados que sobrevuelan el espacio a\u00e9reo franc\u00e9s. Descubre qu\u00e9 se puede reclamar.\",\"breadcrumb\":{\"@id\":\"https:\\\/\\\/www.reclamador.es\\\/blog\\\/huelga-controladores-aereos-francia\\\/#breadcrumb\"},\"inLanguage\":\"es\",\"potentialAction\":[{\"@type\":\"ReadAction\",\"target\":[\"https:\\\/\\\/www.reclamador.es\\\/blog\\\/huelga-controladores-aereos-francia\\\/\"]}]},{\"@type\":\"ImageObject\",\"inLanguage\":\"es\",\"@id\":\"https:\\\/\\\/www.reclamador.es\\\/blog\\\/huelga-controladores-aereos-francia\\\/#primaryimage\",\"url\":\"https:\\\/\\\/i0.wp.com\\\/www.reclamador.es\\\/blog\\\/wp-content\\\/uploads\\\/2022\\\/09\\\/huelga-de-controladores-aereos-en-francia-1200x630-1.jpg?fit=1200%2C630&ssl=1\",\"contentUrl\":\"https:\\\/\\\/i0.wp.com\\\/www.reclamador.es\\\/blog\\\/wp-content\\\/uploads\\\/2022\\\/09\\\/huelga-de-controladores-aereos-en-francia-1200x630-1.jpg?fit=1200%2C630&ssl=1\",\"width\":1200,\"height\":630,\"caption\":\"Huelga controladores a\u00e9reos Par\u00eds Francia\"},{\"@type\":\"BreadcrumbList\",\"@id\":\"https:\\\/\\\/www.reclamador.es\\\/blog\\\/huelga-controladores-aereos-francia\\\/#breadcrumb\",\"itemListElement\":[{\"@type\":\"ListItem\",\"position\":1,\"name\":\"Portada\",\"item\":\"https:\\\/\\\/www.reclamador.es\\\/blog\\\/\"},{\"@type\":\"ListItem\",\"position\":2,\"name\":\"Huelga controladores a\u00e9reos en Francia: tu vuelo puede estar afectado aunque no viajes a este pa\u00eds\"}]},{\"@type\":\"WebSite\",\"@id\":\"https:\\\/\\\/www.reclamador.es\\\/blog\\\/#website\",\"url\":\"https:\\\/\\\/www.reclamador.es\\\/blog\\\/\",\"name\":\"Rebeldes con causa, el blog de reclamador.es\",\"description\":\"Noticias, entrevistas y consejos sobre reclamaciones\",\"publisher\":{\"@id\":\"https:\\\/\\\/www.reclamador.es\\\/blog\\\/#organization\"},\"potentialAction\":[{\"@type\":\"SearchAction\",\"target\":{\"@type\":\"EntryPoint\",\"urlTemplate\":\"https:\\\/\\\/www.reclamador.es\\\/blog\\\/?s={search_term_string}\"},\"query-input\":{\"@type\":\"PropertyValueSpecification\",\"valueRequired\":true,\"valueName\":\"search_term_string\"}}],\"inLanguage\":\"es\"},{\"@type\":\"Organization\",\"@id\":\"https:\\\/\\\/www.reclamador.es\\\/blog\\\/#organization\",\"name\":\"reclamador.es\",\"url\":\"https:\\\/\\\/www.reclamador.es\\\/blog\\\/\",\"logo\":{\"@type\":\"ImageObject\",\"inLanguage\":\"es\",\"@id\":\"https:\\\/\\\/www.reclamador.es\\\/blog\\\/#\\\/schema\\\/logo\\\/image\\\/\",\"url\":\"https:\\\/\\\/i0.wp.com\\\/www.reclamador.es\\\/blog\\\/wp-content\\\/uploads\\\/2020\\\/01\\\/logo-reclamador.png?fit=1200%2C144&ssl=1\",\"contentUrl\":\"https:\\\/\\\/i0.wp.com\\\/www.reclamador.es\\\/blog\\\/wp-content\\\/uploads\\\/2020\\\/01\\\/logo-reclamador.png?fit=1200%2C144&ssl=1\",\"width\":1200,\"height\":144,\"caption\":\"reclamador.es\"},\"image\":{\"@id\":\"https:\\\/\\\/www.reclamador.es\\\/blog\\\/#\\\/schema\\\/logo\\\/image\\\/\"},\"sameAs\":[\"https:\\\/\\\/www.facebook.com\\\/reclamador.es\",\"https:\\\/\\\/x.com\\\/reclamador\",\"https:\\\/\\\/www.instagram.com\\\/reclamador.es\\\/\",\"https:\\\/\\\/www.linkedin.com\\\/company\\\/reclamador-es\",\"https:\\\/\\\/www.youtube.com\\\/user\\\/Reclamadores\"]},{\"@type\":\"Person\",\"@id\":\"https:\\\/\\\/www.reclamador.es\\\/blog\\\/#\\\/schema\\\/person\\\/1ed83eef8b6566cb5e4c812d9bc5c4bf\",\"name\":\"Equipo reclamador\",\"image\":{\"@type\":\"ImageObject\",\"inLanguage\":\"es\",\"@id\":\"https:\\\/\\\/secure.gravatar.com\\\/avatar\\\/6442ecdc2c4472c600c113f34d340feca47107d6aa4f42f1e3e75a2a8e28a760?s=96&d=mm&r=g\",\"url\":\"https:\\\/\\\/secure.gravatar.com\\\/avatar\\\/6442ecdc2c4472c600c113f34d340feca47107d6aa4f42f1e3e75a2a8e28a760?s=96&d=mm&r=g\",\"contentUrl\":\"https:\\\/\\\/secure.gravatar.com\\\/avatar\\\/6442ecdc2c4472c600c113f34d340feca47107d6aa4f42f1e3e75a2a8e28a760?s=96&d=mm&r=g\",\"caption\":\"Equipo reclamador\"},\"description\":\"Las personas que hacen posible reclamador.es\",\"url\":\"https:\\\/\\\/www.reclamador.es\\\/blog\\\/author\\\/administrador\\\/\"}]}<\/script>\n<!-- \/ Yoast SEO plugin. -->","yoast_head_json":{"title":"Huelga de controladores a\u00e9reos en Par\u00eds Francia: tu viaje se puede alterar","description":"La huelga de controladores a\u00e9reos en Par\u00eds, deja muchos vuelos cancelados a esta ciudad y, tambi\u00e9n, vuelos afectados que sobrevuelan el espacio a\u00e9reo franc\u00e9s. Descubre qu\u00e9 se puede reclamar.","robots":{"index":"index","follow":"follow","max-snippet":"max-snippet:-1","max-image-preview":"max-image-preview:large","max-video-preview":"max-video-preview:-1"},"canonical":"https:\/\/www.reclamador.es\/blog\/huelga-controladores-aereos-francia\/","og_locale":"es_ES","og_type":"article","og_title":"Huelga de controladores a\u00e9reos en Par\u00eds Francia: tu viaje se puede alterar","og_description":"La huelga de controladores a\u00e9reos en Par\u00eds, deja muchos vuelos cancelados a esta ciudad y, tambi\u00e9n, vuelos afectados que sobrevuelan el espacio a\u00e9reo franc\u00e9s. Descubre qu\u00e9 se puede reclamar.","og_url":"https:\/\/www.reclamador.es\/blog\/huelga-controladores-aereos-francia\/","og_site_name":"Rebeldes con causa, el blog de reclamador.es","article_publisher":"https:\/\/www.facebook.com\/reclamador.es","article_published_time":"2024-06-07T08:43:00+00:00","article_modified_time":"2024-06-07T09:24:53+00:00","og_image":[{"width":1200,"height":630,"url":"https:\/\/www.reclamador.es\/blog\/wp-content\/uploads\/2022\/09\/huelga-de-controladores-aereos-en-francia-1200x630-1.jpg","type":"image\/jpeg"}],"author":"Equipo reclamador","twitter_card":"summary_large_image","twitter_creator":"@reclamador","twitter_site":"@reclamador","twitter_misc":{"Escrito por":"Equipo reclamador","Tiempo de lectura":"3 minutos"},"schema":{"@context":"https:\/\/schema.org","@graph":[{"@type":"Article","@id":"https:\/\/www.reclamador.es\/blog\/huelga-controladores-aereos-francia\/#article","isPartOf":{"@id":"https:\/\/www.reclamador.es\/blog\/huelga-controladores-aereos-francia\/"},"author":{"name":"Equipo reclamador","@id":"https:\/\/www.reclamador.es\/blog\/#\/schema\/person\/1ed83eef8b6566cb5e4c812d9bc5c4bf"},"headline":"Huelga controladores a\u00e9reos en Francia: tu vuelo puede estar afectado aunque no viajes a este pa\u00eds","datePublished":"2024-06-07T08:43:00+00:00","dateModified":"2024-06-07T09:24:53+00:00","mainEntityOfPage":{"@id":"https:\/\/www.reclamador.es\/blog\/huelga-controladores-aereos-francia\/"},"wordCount":556,"commentCount":0,"publisher":{"@id":"https:\/\/www.reclamador.es\/blog\/#organization"},"image":{"@id":"https:\/\/www.reclamador.es\/blog\/huelga-controladores-aereos-francia\/#primaryimage"},"thumbnailUrl":"https:\/\/i0.wp.com\/www.reclamador.es\/blog\/wp-content\/uploads\/2022\/09\/huelga-de-controladores-aereos-en-francia-1200x630-1.jpg?fit=1200%2C630&ssl=1","keywords":["aerol\u00edneas","controladores a\u00e9reos","huelga"],"articleSection":["Noticias y actualidad"],"inLanguage":"es","potentialAction":[{"@type":"CommentAction","name":"Comment","target":["https:\/\/www.reclamador.es\/blog\/huelga-controladores-aereos-francia\/#respond"]}]},{"@type":"WebPage","@id":"https:\/\/www.reclamador.es\/blog\/huelga-controladores-aereos-francia\/","url":"https:\/\/www.reclamador.es\/blog\/huelga-controladores-aereos-francia\/","name":"Huelga de controladores a\u00e9reos en Par\u00eds Francia: tu viaje se puede alterar","isPartOf":{"@id":"https:\/\/www.reclamador.es\/blog\/#website"},"primaryImageOfPage":{"@id":"https:\/\/www.reclamador.es\/blog\/huelga-controladores-aereos-francia\/#primaryimage"},"image":{"@id":"https:\/\/www.reclamador.es\/blog\/huelga-controladores-aereos-francia\/#primaryimage"},"thumbnailUrl":"https:\/\/i0.wp.com\/www.reclamador.es\/blog\/wp-content\/uploads\/2022\/09\/huelga-de-controladores-aereos-en-francia-1200x630-1.jpg?fit=1200%2C630&ssl=1","datePublished":"2024-06-07T08:43:00+00:00","dateModified":"2024-06-07T09:24:53+00:00","description":"La huelga de controladores a\u00e9reos en Par\u00eds, deja muchos vuelos cancelados a esta ciudad y, tambi\u00e9n, vuelos afectados que sobrevuelan el espacio a\u00e9reo franc\u00e9s. Descubre qu\u00e9 se puede reclamar.","breadcrumb":{"@id":"https:\/\/www.reclamador.es\/blog\/huelga-controladores-aereos-francia\/#breadcrumb"},"inLanguage":"es","potentialAction":[{"@type":"ReadAction","target":["https:\/\/www.reclamador.es\/blog\/huelga-controladores-aereos-francia\/"]}]},{"@type":"ImageObject","inLanguage":"es","@id":"https:\/\/www.reclamador.es\/blog\/huelga-controladores-aereos-francia\/#primaryimage","url":"https:\/\/i0.wp.com\/www.reclamador.es\/blog\/wp-content\/uploads\/2022\/09\/huelga-de-controladores-aereos-en-francia-1200x630-1.jpg?fit=1200%2C630&ssl=1","contentUrl":"https:\/\/i0.wp.com\/www.reclamador.es\/blog\/wp-content\/uploads\/2022\/09\/huelga-de-controladores-aereos-en-francia-1200x630-1.jpg?fit=1200%2C630&ssl=1","width":1200,"height":630,"caption":"Huelga controladores a\u00e9reos Par\u00eds Francia"},{"@type":"BreadcrumbList","@id":"https:\/\/www.reclamador.es\/blog\/huelga-controladores-aereos-francia\/#breadcrumb","itemListElement":[{"@type":"ListItem","position":1,"name":"Portada","item":"https:\/\/www.reclamador.es\/blog\/"},{"@type":"ListItem","position":2,"name":"Huelga controladores a\u00e9reos en Francia: tu vuelo puede estar afectado aunque no viajes a este pa\u00eds"}]},{"@type":"WebSite","@id":"https:\/\/www.reclamador.es\/blog\/#website","url":"https:\/\/www.reclamador.es\/blog\/","name":"Rebeldes con causa, el blog de reclamador.es","description":"Noticias, entrevistas y consejos sobre reclamaciones","publisher":{"@id":"https:\/\/www.reclamador.es\/blog\/#organization"},"potentialAction":[{"@type":"SearchAction","target":{"@type":"EntryPoint","urlTemplate":"https:\/\/www.reclamador.es\/blog\/?s={search_term_string}"},"query-input":{"@type":"PropertyValueSpecification","valueRequired":true,"valueName":"search_term_string"}}],"inLanguage":"es"},{"@type":"Organization","@id":"https:\/\/www.reclamador.es\/blog\/#organization","name":"reclamador.es","url":"https:\/\/www.reclamador.es\/blog\/","logo":{"@type":"ImageObject","inLanguage":"es","@id":"https:\/\/www.reclamador.es\/blog\/#\/schema\/logo\/image\/","url":"https:\/\/i0.wp.com\/www.reclamador.es\/blog\/wp-content\/uploads\/2020\/01\/logo-reclamador.png?fit=1200%2C144&ssl=1","contentUrl":"https:\/\/i0.wp.com\/www.reclamador.es\/blog\/wp-content\/uploads\/2020\/01\/logo-reclamador.png?fit=1200%2C144&ssl=1","width":1200,"height":144,"caption":"reclamador.es"},"image":{"@id":"https:\/\/www.reclamador.es\/blog\/#\/schema\/logo\/image\/"},"sameAs":["https:\/\/www.facebook.com\/reclamador.es","https:\/\/x.com\/reclamador","https:\/\/www.instagram.com\/reclamador.es\/","https:\/\/www.linkedin.com\/company\/reclamador-es","https:\/\/www.youtube.com\/user\/Reclamadores"]},{"@type":"Person","@id":"https:\/\/www.reclamador.es\/blog\/#\/schema\/person\/1ed83eef8b6566cb5e4c812d9bc5c4bf","name":"Equipo reclamador","image":{"@type":"ImageObject","inLanguage":"es","@id":"https:\/\/secure.gravatar.com\/avatar\/6442ecdc2c4472c600c113f34d340feca47107d6aa4f42f1e3e75a2a8e28a760?s=96&d=mm&r=g","url":"https:\/\/secure.gravatar.com\/avatar\/6442ecdc2c4472c600c113f34d340feca47107d6aa4f42f1e3e75a2a8e28a760?s=96&d=mm&r=g","contentUrl":"https:\/\/secure.gravatar.com\/avatar\/6442ecdc2c4472c600c113f34d340feca47107d6aa4f42f1e3e75a2a8e28a760?s=96&d=mm&r=g","caption":"Equipo reclamador"},"description":"Las personas que hacen posible reclamador.es","url":"https:\/\/www.reclamador.es\/blog\/author\/administrador\/"}]}},"jetpack_featured_media_url":"https:\/\/i0.wp.com\/www.reclamador.es\/blog\/wp-content\/uploads\/2022\/09\/huelga-de-controladores-aereos-en-francia-1200x630-1.jpg?fit=1200%2C630&ssl=1","jetpack-related-posts":[{"id":30324,"url":"https:\/\/www.reclamador.es\/blog\/huelga-controladores-aereos-de-italia\/","url_meta":{"origin":30057,"position":0},"title":"Los controladores a\u00e9reos en Italia, en huelga este 21 de octubre","author":"Equipo reclamador","date":"21 octubre, 2022","format":false,"excerpt":"Hace poco m\u00e1s de un mes os cont\u00e1bamos que los controladores a\u00e9reos en Francia hab\u00edan convocado una jornada de huelga que afectar\u00eda a miles de vuelos con origen o destino en el pa\u00eds vecino. Pues bien, hoy, 21 de octubre, son los controladores a\u00e9reos de Italia los que paran como\u2026","rel":"","context":"En \u00abNoticias y actualidad\u00bb","block_context":{"text":"Noticias y actualidad","link":"https:\/\/www.reclamador.es\/blog\/noticias\/"},"img":{"alt_text":"reclamar huelga de controladores aereos de Italia","src":"https:\/\/i0.wp.com\/www.reclamador.es\/blog\/wp-content\/uploads\/2022\/10\/huelga-sector-aereo-italia-1.jpg?fit=1200%2C675&ssl=1&resize=350%2C200","width":350,"height":200,"srcset":"https:\/\/i0.wp.com\/www.reclamador.es\/blog\/wp-content\/uploads\/2022\/10\/huelga-sector-aereo-italia-1.jpg?fit=1200%2C675&ssl=1&resize=350%2C200 1x, https:\/\/i0.wp.com\/www.reclamador.es\/blog\/wp-content\/uploads\/2022\/10\/huelga-sector-aereo-italia-1.jpg?fit=1200%2C675&ssl=1&resize=525%2C300 1.5x, https:\/\/i0.wp.com\/www.reclamador.es\/blog\/wp-content\/uploads\/2022\/10\/huelga-sector-aereo-italia-1.jpg?fit=1200%2C675&ssl=1&resize=700%2C400 2x, https:\/\/i0.wp.com\/www.reclamador.es\/blog\/wp-content\/uploads\/2022\/10\/huelga-sector-aereo-italia-1.jpg?fit=1200%2C675&ssl=1&resize=1050%2C600 3x"},"classes":[]},{"id":30019,"url":"https:\/\/www.reclamador.es\/blog\/huelga-iberia-express\/","url_meta":{"origin":30057,"position":1},"title":"\u00bfQu\u00e9 pueden reclamar los afectados por la huelga de Iberia Express?","author":"Equipo reclamador","date":"31 agosto, 2022","format":false,"excerpt":"El final del verano 2022 est\u00e1 siendo turbulento en muchas aerol\u00edneas. Entre ellas, Iberia Express, filial de bajo coste de Iberia. Uno de los sindicatos que representa a parte de los trabajadores de esta compa\u00f1\u00eda a\u00e9rea anunciaron una huelga durante 10 d\u00edas de los trabajadores de Iberia Express para solicitar\u2026","rel":"","context":"En \u00abNoticias y actualidad\u00bb","block_context":{"text":"Noticias y actualidad","link":"https:\/\/www.reclamador.es\/blog\/noticias\/"},"img":{"alt_text":"Huelga de Iberia Express","src":"https:\/\/i0.wp.com\/www.reclamador.es\/blog\/wp-content\/uploads\/2022\/08\/huelga-iberia-express-reclamar.jpg?fit=1200%2C630&ssl=1&resize=350%2C200","width":350,"height":200,"srcset":"https:\/\/i0.wp.com\/www.reclamador.es\/blog\/wp-content\/uploads\/2022\/08\/huelga-iberia-express-reclamar.jpg?fit=1200%2C630&ssl=1&resize=350%2C200 1x, https:\/\/i0.wp.com\/www.reclamador.es\/blog\/wp-content\/uploads\/2022\/08\/huelga-iberia-express-reclamar.jpg?fit=1200%2C630&ssl=1&resize=525%2C300 1.5x, https:\/\/i0.wp.com\/www.reclamador.es\/blog\/wp-content\/uploads\/2022\/08\/huelga-iberia-express-reclamar.jpg?fit=1200%2C630&ssl=1&resize=700%2C400 2x, https:\/\/i0.wp.com\/www.reclamador.es\/blog\/wp-content\/uploads\/2022\/08\/huelga-iberia-express-reclamar.jpg?fit=1200%2C630&ssl=1&resize=1050%2C600 3x"},"classes":[]},{"id":2990,"url":"https:\/\/www.reclamador.es\/blog\/que-se-considera-fuerza-mayor-y-que-no\/","url_meta":{"origin":30057,"position":2},"title":"\u00bfQu\u00e9 se considera fuerza mayor y qu\u00e9 no en la cancelaci\u00f3n de un vuelo?","author":"Equipo reclamador","date":"11 mayo, 2016","format":false,"excerpt":"*Contenido revisado septiembre 2025 Hay situaciones que pueden parecer ins\u00f3litas, incre\u00edbles, pero que de verdad pasan. Por ejemplo, en un avi\u00f3n ya embarcado y que va a comenzar con las maniobras de despegue, tiene que ser evacuado porque un tel\u00e9fono m\u00f3vil comienza a arder y el vuelo sufre un gran\u2026","rel":"","context":"En \u00abConsejos legales\u00bb","block_context":{"text":"Consejos legales","link":"https:\/\/www.reclamador.es\/blog\/consejos\/"},"img":{"alt_text":"","src":"https:\/\/i0.wp.com\/www.reclamador.es\/blog\/wp-content\/uploads\/2015\/05\/IMG_5241.jpg?fit=1200%2C800&ssl=1&resize=350%2C200","width":350,"height":200,"srcset":"https:\/\/i0.wp.com\/www.reclamador.es\/blog\/wp-content\/uploads\/2015\/05\/IMG_5241.jpg?fit=1200%2C800&ssl=1&resize=350%2C200 1x, https:\/\/i0.wp.com\/www.reclamador.es\/blog\/wp-content\/uploads\/2015\/05\/IMG_5241.jpg?fit=1200%2C800&ssl=1&resize=525%2C300 1.5x, https:\/\/i0.wp.com\/www.reclamador.es\/blog\/wp-content\/uploads\/2015\/05\/IMG_5241.jpg?fit=1200%2C800&ssl=1&resize=700%2C400 2x, https:\/\/i0.wp.com\/www.reclamador.es\/blog\/wp-content\/uploads\/2015\/05\/IMG_5241.jpg?fit=1200%2C800&ssl=1&resize=1050%2C600 3x"},"classes":[]},{"id":333,"url":"https:\/\/www.reclamador.es\/blog\/derechos-de-los-consumidores-en-caso-de-huelga-en-el-transporte-aereo\/","url_meta":{"origin":30057,"position":3},"title":"Derechos de los consumidores en caso de huelga en el transporte a\u00e9reo","author":"Almudena Vel\u00e1zquez","date":"5 agosto, 2019","format":false,"excerpt":"Una huelga en transporte a\u00e9reo no conlleva la indefensi\u00f3n de los viajeros ante posibles cancelaciones o retrasos de vuelo. Esto es lo primero y m\u00e1s importante que queremos recalcar en reclamador.es respecto a este tema. Por tanto, antes de adentrarnos en otros asuntos relacionados con la huelga en el transporte\u2026","rel":"","context":"En \u00abConsejos legales\u00bb","block_context":{"text":"Consejos legales","link":"https:\/\/www.reclamador.es\/blog\/consejos\/"},"img":{"alt_text":"derechos ante huelga transporte a\u00e9reo","src":"https:\/\/i0.wp.com\/www.reclamador.es\/blog\/wp-content\/uploads\/2013\/08\/huelga-del-transporte-aereo-derechos-pasajeros.png?fit=1200%2C675&ssl=1&resize=350%2C200","width":350,"height":200,"srcset":"https:\/\/i0.wp.com\/www.reclamador.es\/blog\/wp-content\/uploads\/2013\/08\/huelga-del-transporte-aereo-derechos-pasajeros.png?fit=1200%2C675&ssl=1&resize=350%2C200 1x, https:\/\/i0.wp.com\/www.reclamador.es\/blog\/wp-content\/uploads\/2013\/08\/huelga-del-transporte-aereo-derechos-pasajeros.png?fit=1200%2C675&ssl=1&resize=525%2C300 1.5x, https:\/\/i0.wp.com\/www.reclamador.es\/blog\/wp-content\/uploads\/2013\/08\/huelga-del-transporte-aereo-derechos-pasajeros.png?fit=1200%2C675&ssl=1&resize=700%2C400 2x, https:\/\/i0.wp.com\/www.reclamador.es\/blog\/wp-content\/uploads\/2013\/08\/huelga-del-transporte-aereo-derechos-pasajeros.png?fit=1200%2C675&ssl=1&resize=1050%2C600 3x"},"classes":[]},{"id":22670,"url":"https:\/\/www.reclamador.es\/blog\/aerolineas-huelgas-de-personal-informar-de-cancelaciones-vuelos-15-dias\/","url_meta":{"origin":30057,"position":4},"title":"Pasajeros frente a huelgas de personal de aerol\u00edneas: \u00bfCu\u00e1ndo te han avisado de los cambios en tu vuelo?","author":"Equipo reclamador","date":"26 enero, 2024","format":false,"excerpt":"Las huelgas del personal de aerol\u00edneas son uno de los mayores dolores de cabeza para los pasajeros. Cancelaciones y retrasos de vuelos se convierten en una pesadilla cuando las aerol\u00edneas se ven afectadas por paros laborales. Si bien la situaci\u00f3n es frustrante, como pasajero tienes derechos y puedes reclamar compensaciones.\u2026","rel":"","context":"En \u00abConsejos legales\u00bb","block_context":{"text":"Consejos legales","link":"https:\/\/www.reclamador.es\/blog\/consejos\/"},"img":{"alt_text":"huelgas personal de las aerolineas - plazos reclamar - reclamador","src":"https:\/\/i0.wp.com\/www.reclamador.es\/blog\/wp-content\/uploads\/2019\/08\/huelgas-personal-de-las-aerolineas-plazos-reclamar-reclamador.jpg?fit=1199%2C630&ssl=1&resize=350%2C200","width":350,"height":200,"srcset":"https:\/\/i0.wp.com\/www.reclamador.es\/blog\/wp-content\/uploads\/2019\/08\/huelgas-personal-de-las-aerolineas-plazos-reclamar-reclamador.jpg?fit=1199%2C630&ssl=1&resize=350%2C200 1x, https:\/\/i0.wp.com\/www.reclamador.es\/blog\/wp-content\/uploads\/2019\/08\/huelgas-personal-de-las-aerolineas-plazos-reclamar-reclamador.jpg?fit=1199%2C630&ssl=1&resize=525%2C300 1.5x, https:\/\/i0.wp.com\/www.reclamador.es\/blog\/wp-content\/uploads\/2019\/08\/huelgas-personal-de-las-aerolineas-plazos-reclamar-reclamador.jpg?fit=1199%2C630&ssl=1&resize=700%2C400 2x, https:\/\/i0.wp.com\/www.reclamador.es\/blog\/wp-content\/uploads\/2019\/08\/huelgas-personal-de-las-aerolineas-plazos-reclamar-reclamador.jpg?fit=1199%2C630&ssl=1&resize=1050%2C600 3x"},"classes":[]},{"id":31863,"url":"https:\/\/www.reclamador.es\/blog\/huelga-de-iberia-handling-reclamar\/","url_meta":{"origin":30057,"position":5},"title":"Los trabajadores del handling de Iberia en huelga: Todo lo que te corresponde si te afecta","author":"Equipo reclamador","date":"5 enero, 2024","format":false,"excerpt":"Los Reyes Magos traen un regalo poco deseado para los pasajeros y pasajeras a\u00e9reas que estos d\u00edas ten\u00edan reservado un billete de avi\u00f3n para volar con Iberia. Los trabajadores del handling de Iberia han convocado huelga desde el 5 hasta el 8 de enero. \u00bfQu\u00e9 sucede si la huelga de\u2026","rel":"","context":"En \u00abNoticias y actualidad\u00bb","block_context":{"text":"Noticias y actualidad","link":"https:\/\/www.reclamador.es\/blog\/noticias\/"},"img":{"alt_text":"huelga handling iberia","src":"https:\/\/i0.wp.com\/www.reclamador.es\/blog\/wp-content\/uploads\/2024\/01\/huelga-iberia-reclamar-indemnizacion.jpg?fit=1200%2C631&ssl=1&resize=350%2C200","width":350,"height":200,"srcset":"https:\/\/i0.wp.com\/www.reclamador.es\/blog\/wp-content\/uploads\/2024\/01\/huelga-iberia-reclamar-indemnizacion.jpg?fit=1200%2C631&ssl=1&resize=350%2C200 1x, https:\/\/i0.wp.com\/www.reclamador.es\/blog\/wp-content\/uploads\/2024\/01\/huelga-iberia-reclamar-indemnizacion.jpg?fit=1200%2C631&ssl=1&resize=525%2C300 1.5x, https:\/\/i0.wp.com\/www.reclamador.es\/blog\/wp-content\/uploads\/2024\/01\/huelga-iberia-reclamar-indemnizacion.jpg?fit=1200%2C631&ssl=1&resize=700%2C400 2x, https:\/\/i0.wp.com\/www.reclamador.es\/blog\/wp-content\/uploads\/2024\/01\/huelga-iberia-reclamar-indemnizacion.jpg?fit=1200%2C631&ssl=1&resize=1050%2C600 3x"},"classes":[]}],"jetpack_sharing_enabled":true,"_links":{"self":[{"href":"https:\/\/www.reclamador.es\/blog\/wp-json\/wp\/v2\/posts\/30057","targetHints":{"allow":["GET"]}}],"collection":[{"href":"https:\/\/www.reclamador.es\/blog\/wp-json\/wp\/v2\/posts"}],"about":[{"href":"https:\/\/www.reclamador.es\/blog\/wp-json\/wp\/v2\/types\/post"}],"author":[{"embeddable":true,"href":"https:\/\/www.reclamador.es\/blog\/wp-json\/wp\/v2\/users\/1"}],"replies":[{"embeddable":true,"href":"https:\/\/www.reclamador.es\/blog\/wp-json\/wp\/v2\/comments?post=30057"}],"version-history":[{"count":11,"href":"https:\/\/www.reclamador.es\/blog\/wp-json\/wp\/v2\/posts\/30057\/revisions"}],"predecessor-version":[{"id":32493,"href":"https:\/\/www.reclamador.es\/blog\/wp-json\/wp\/v2\/posts\/30057\/revisions\/32493"}],"wp:featuredmedia":[{"embeddable":true,"href":"https:\/\/www.reclamador.es\/blog\/wp-json\/wp\/v2\/media\/32458"}],"wp:attachment":[{"href":"https:\/\/www.reclamador.es\/blog\/wp-json\/wp\/v2\/media?parent=30057"}],"wp:term":[{"taxonomy":"category","embeddable":true,"href":"https:\/\/www.reclamador.es\/blog\/wp-json\/wp\/v2\/categories?post=30057"},{"taxonomy":"post_tag","embeddable":true,"href":"https:\/\/www.reclamador.es\/blog\/wp-json\/wp\/v2\/tags?post=30057"}],"curies":[{"name":"wp","href":"https:\/\/api.w.org\/{rel}","templated":true}]}}