{"id":29920,"date":"2022-06-28T09:43:07","date_gmt":"2022-06-28T07:43:07","guid":{"rendered":"https:\/\/www.reclamador.es\/blog\/?p=29920"},"modified":"2023-06-23T08:48:26","modified_gmt":"2023-06-23T06:48:26","slug":"huelgas-ryanair-desde-2018-mas-1300-reclamaciones-ganadas","status":"publish","type":"post","link":"https:\/\/www.reclamador.es\/blog\/huelgas-ryanair-desde-2018-mas-1300-reclamaciones-ganadas\/","title":{"rendered":"M\u00e1s de 1.300 reclamaciones ganadas a Ryanair por sus huelgas de personal"},"content":{"rendered":"<div class=\"ttr_start\"><\/div>\n\n<div class=\"kk-star-ratings kksr-auto kksr-align-right kksr-valign-top\"\n    data-payload='{&quot;align&quot;:&quot;right&quot;,&quot;id&quot;:&quot;29920&quot;,&quot;slug&quot;:&quot;default&quot;,&quot;valign&quot;:&quot;top&quot;,&quot;ignore&quot;:&quot;&quot;,&quot;reference&quot;:&quot;auto&quot;,&quot;class&quot;:&quot;&quot;,&quot;count&quot;:&quot;1&quot;,&quot;legendonly&quot;:&quot;&quot;,&quot;readonly&quot;:&quot;&quot;,&quot;score&quot;:&quot;5&quot;,&quot;starsonly&quot;:&quot;&quot;,&quot;best&quot;:&quot;5&quot;,&quot;gap&quot;:&quot;3&quot;,&quot;greet&quot;:&quot;Valora este art\u00edculo&quot;,&quot;legend&quot;:&quot;5\\\/5 - (1 voto)&quot;,&quot;size&quot;:&quot;20&quot;,&quot;title&quot;:&quot;M\u00e1s de 1.300 reclamaciones ganadas a Ryanair por sus huelgas de personal&quot;,&quot;width&quot;:&quot;113.5&quot;,&quot;_legend&quot;:&quot;{score}\\\/{best} - ({count} {votes})&quot;,&quot;font_factor&quot;:&quot;1.25&quot;}'>\n            \n<div class=\"kksr-stars\">\n    \n<div class=\"kksr-stars-inactive\">\n            <div class=\"kksr-star\" data-star=\"1\" style=\"padding-right: 3px\">\n            \n\n<div class=\"kksr-icon\" style=\"width: 20px; height: 20px;\"><\/div>\n        <\/div>\n            <div class=\"kksr-star\" data-star=\"2\" style=\"padding-right: 3px\">\n            \n\n<div class=\"kksr-icon\" style=\"width: 20px; height: 20px;\"><\/div>\n        <\/div>\n            <div class=\"kksr-star\" data-star=\"3\" style=\"padding-right: 3px\">\n            \n\n<div class=\"kksr-icon\" style=\"width: 20px; height: 20px;\"><\/div>\n        <\/div>\n            <div class=\"kksr-star\" data-star=\"4\" style=\"padding-right: 3px\">\n            \n\n<div class=\"kksr-icon\" style=\"width: 20px; height: 20px;\"><\/div>\n        <\/div>\n            <div class=\"kksr-star\" data-star=\"5\" style=\"padding-right: 3px\">\n            \n\n<div class=\"kksr-icon\" style=\"width: 20px; height: 20px;\"><\/div>\n        <\/div>\n    <\/div>\n    \n<div class=\"kksr-stars-active\" style=\"width: 113.5px;\">\n            <div class=\"kksr-star\" style=\"padding-right: 3px\">\n            \n\n<div class=\"kksr-icon\" style=\"width: 20px; height: 20px;\"><\/div>\n        <\/div>\n            <div class=\"kksr-star\" style=\"padding-right: 3px\">\n            \n\n<div class=\"kksr-icon\" style=\"width: 20px; height: 20px;\"><\/div>\n        <\/div>\n            <div class=\"kksr-star\" style=\"padding-right: 3px\">\n            \n\n<div class=\"kksr-icon\" style=\"width: 20px; height: 20px;\"><\/div>\n        <\/div>\n            <div class=\"kksr-star\" style=\"padding-right: 3px\">\n            \n\n<div class=\"kksr-icon\" style=\"width: 20px; height: 20px;\"><\/div>\n        <\/div>\n            <div class=\"kksr-star\" style=\"padding-right: 3px\">\n            \n\n<div class=\"kksr-icon\" style=\"width: 20px; height: 20px;\"><\/div>\n        <\/div>\n    <\/div>\n<\/div>\n                \n\n<div class=\"kksr-legend\" style=\"font-size: 16px;\">\n            5\/5 - (1 voto)    <\/div>\n    <\/div>\n\n<figure id=\"attachment_29923\" aria-describedby=\"caption-attachment-29923\" style=\"width: 1200px\" class=\"wp-caption aligncenter\"><img data-recalc-dims=\"1\" loading=\"lazy\" decoding=\"async\" class=\"size-full wp-image-29923\" src=\"https:\/\/i0.wp.com\/www.reclamador.es\/blog\/wp-content\/uploads\/2022\/06\/huelgas-de-ryanair-reclamaciones-ganadas-desde-2018-1.jpg?resize=1200%2C673&#038;ssl=1\" alt=\"reclamaciones ganadas huelgas ryanair\" width=\"1200\" height=\"673\" srcset=\"https:\/\/i0.wp.com\/www.reclamador.es\/blog\/wp-content\/uploads\/2022\/06\/huelgas-de-ryanair-reclamaciones-ganadas-desde-2018-1.jpg?w=1200&amp;ssl=1 1200w, https:\/\/i0.wp.com\/www.reclamador.es\/blog\/wp-content\/uploads\/2022\/06\/huelgas-de-ryanair-reclamaciones-ganadas-desde-2018-1.jpg?resize=800%2C449&amp;ssl=1 800w, https:\/\/i0.wp.com\/www.reclamador.es\/blog\/wp-content\/uploads\/2022\/06\/huelgas-de-ryanair-reclamaciones-ganadas-desde-2018-1.jpg?resize=150%2C84&amp;ssl=1 150w, https:\/\/i0.wp.com\/www.reclamador.es\/blog\/wp-content\/uploads\/2022\/06\/huelgas-de-ryanair-reclamaciones-ganadas-desde-2018-1.jpg?resize=768%2C431&amp;ssl=1 768w\" sizes=\"auto, (max-width: 1000px) 100vw, 1000px\" \/><figcaption id=\"caption-attachment-29923\" class=\"wp-caption-text\"><em>Reclamaciones ganadas a Ryanair por sus huelgas desde 2018<\/em><\/figcaption><\/figure>\n<p><span style=\"font-weight: 400;\">El inicio del verano 2022 ha empezado con turbulencias en el sector a\u00e9reo. Tanto los TCP de Ryanair en varios pa\u00edses europeos, entre ellos Espa\u00f1a, como los trabajadores de easyJet en nuestro pa\u00eds han convocado diversas jornadas de <\/span><a href=\"https:\/\/www.reclamador.es\/aerolineas\/ryanair\/huelga\/\"><b>huelga<\/b><\/a><span style=\"font-weight: 400;\">. A lo que hay que sumar las cancelaciones por falta de personal de otras aerol\u00edneas, como <\/span><a href=\"https:\/\/www.reclamador.es\/aerolineas\/cancelacion-vuelo\/lufthansa\/\"><span style=\"font-weight: 400;\">Lufthansa<\/span><\/a><span style=\"font-weight: 400;\">, o del personal de los aeropuertos, como pasa en Londres.\u00a0<\/span><\/p>\n<p><span style=\"font-weight: 400;\">En el caso de <\/span><a href=\"https:\/\/www.reclamador.es\/aerolineas\/ryanair\/\"><span style=\"font-weight: 400;\">Ryanair<\/span><\/a><span style=\"font-weight: 400;\">, ya hemos vivido el primer fin de semana completo de paros. Y pese a que empez\u00f3 con unos servicios m\u00ednimos del 100%, lo cierto es que seg\u00fan fue pasando el tiempo, los vuelos se retrasaban y cancelaban, contabilizando m\u00e1s de 50 vuelos cancelados por Ryanair en Espa\u00f1a y retrasados casi 60, solo en la jornada del domingo 26 de junio.\u00a0<\/span><\/p>\n<h2><b>Huelga de Ryanair: Los retrasos y cancelaciones de vuelo dan derecho a una indemnizaci\u00f3n<\/b><\/h2>\n<p><span style=\"font-weight: 400;\">Desde reclamador.es queremos informar a todos los viajeros afectados por estas incidencias que, si el retraso fue superior a 3 horas, tambi\u00e9n tienen derecho a reclamar su indemnizaci\u00f3n, que seg\u00fan la distancia del vuelo, var\u00eda entre los 250\u20ac y los 600\u20ac, adem\u00e1s de los gastos ocasionados. Diga lo que diga Ryanair, estos grandes retrasos y <\/span><a href=\"https:\/\/www.reclamador.es\/aerolineas\/cancelacion-vuelo\/ryanair\/\"><span style=\"font-weight: 400;\">cancelaciones de vuelos<\/span><\/a><span style=\"font-weight: 400;\"> dan derecho a los pasajeros a solicitar una compensaci\u00f3n econ\u00f3mica.\u00a0<\/span><\/p>\n<p><span style=\"font-weight: 400;\">Ya en 2018, la aerol\u00ednea sufri\u00f3 numerosos paros de su personal, los cuales se negaba a indemnizar, pero en reclamador.es luchamos desde entonces para que los viajeros afectados por huelgas de Ryanair (y otras aerol\u00edneas), consigan su dinero. As\u00ed, desde el verano de 2018, en reclamador.es ya <\/span><b>hemos conseguido que m\u00e1s de 1.300 viajeros consigan que Ryanair les abone su indemnizaci\u00f3n<\/b><span style=\"font-weight: 400;\">.<\/span><\/p>\n<p><span style=\"font-weight: 400;\">Al respecto, solo en 2021, en reclamador.es conseguimos que de las huelgas de 2018 y 2019 de Ryanair, la aerol\u00ednea irlandesa abonase a nuestros clientes afectados por sus paros, m\u00e1s de <\/span><b>67.000\u20ac.\u00a0<\/b><\/p>\n<h2><b>No te quedes sin tu indemnizaci\u00f3n por la huelga de Ryanair este a\u00f1o<\/b><\/h2>\n<p><span style=\"font-weight: 400;\">Si ya has sufrido una incidencia en tu vuelo de Ryanair, como si te ocurre en los pr\u00f3ximos d\u00edas de huelga, no te quedes sin reclamar tu indemnizaci\u00f3n. Si Ryanair retrasa o cancela tu vuelo, tienes derecho a la indemnizaci\u00f3n de hasta 600\u20ac m\u00e1s los gastos derivados de la incidencia, por ejemplo, si pierdes unas entradas a un concierto o la noche de hotel, en reclamador.es reclamaremos por ti a Ryanair esa indemnizaci\u00f3n de hasta 600\u20ac m\u00e1s el coste de esa noche de hotel perdida.<\/span><\/p>\n<p><span style=\"font-weight: 400;\">Adem\u00e1s, en el caso de <\/span><a href=\"https:\/\/www.reclamador.es\/aerolineas\/retraso-vuelo\/ryanair\/\"><span style=\"font-weight: 400;\">retraso del vuelo de Ryanai<\/span><\/a><span style=\"font-weight: 400;\"><a href=\"_wp_link_placeholder\">r\u00a0<\/a> por la huelga, cuando el retraso sea de 5 horas o m\u00e1s, si decides no viajar, tendr\u00e1s derecho al reembolso del coste \u00edntegro del billete. Y si se trata de una cancelaci\u00f3n de vuelo de Ryanair, tambi\u00e9n tendr\u00e1s derecho a solicitar, junto a todo lo anteriormente descrito, el reembolso del billete o un transporte alternativo. Si Ryanair no ofrece un transporte alternativo y decides viajar por tu cuenta, tienes derecho a que se te reembolsen los gastos en que hayas incurrido para poder llegar a tu destino.<\/span><\/p>\n<h2><b>\u00bfQuieres conocer qu\u00e9 puedes reclamar a Ryanair por su huelga?<\/b><\/h2>\n<p><span style=\"font-weight: 400;\">Completa nuestro formulario de retraso o cancelaci\u00f3n de vuelo y te informaremos de la viabilidad de tu reclamaci\u00f3n. Con reclamador.es es muy sencillo y contamos con amplia experiencia. Si quieres sumarte a los m\u00e1s de 1.300 viajeros que sufrieron una incidencia por las huelgas de Ryanair y ya tienen su dinero, no lo dudes, \u00fanete a reclamador.es y comienza ya a proteger tus derechos como pasajero a\u00e9reo.\u00a0<\/span><\/p>\n<h2 style=\"text-align: center;\"><strong><a class=\"button-lead\" href=\"https:\/\/www.reclamador.es\/form\/complaint\/cancellation\/?target=250\" rel=\"nofollow noopener\">Completa nuestro formulario de cancelaci\u00f3n y reclama a Ryanair<\/a><\/strong><\/h2>\n<div class=\"ttr_end\"><\/div>","protected":false},"excerpt":{"rendered":"<p>El inicio del verano 2022 ha empezado con turbulencias en el sector a\u00e9reo. Tanto los TCP de Ryanair en varios pa\u00edses europeos, entre ellos Espa\u00f1a, como los trabajadores de easyJet en nuestro pa\u00eds han convocado diversas jornadas de huelga. A lo que hay que sumar las cancelaciones por falta de personal de otras aerol\u00edneas, como [&hellip;]<\/p>\n","protected":false},"author":1,"featured_media":29923,"comment_status":"open","ping_status":"open","sticky":false,"template":"","format":"standard","meta":{"_acf_changed":false,"_genesis_hide_title":false,"_genesis_hide_breadcrumbs":false,"_genesis_hide_singular_image":false,"_genesis_hide_footer_widgets":false,"_genesis_custom_body_class":"","_genesis_custom_post_class":"","_genesis_layout":"","_jetpack_newsletter_access":"","_jetpack_dont_email_post_to_subs":false,"_jetpack_newsletter_tier_id":0,"_jetpack_memberships_contains_paywalled_content":false,"_jetpack_memberships_contains_paid_content":false,"footnotes":""},"categories":[392],"tags":[380,651],"class_list":{"0":"post-29920","1":"post","2":"type-post","3":"status-publish","4":"format-standard","5":"has-post-thumbnail","7":"category-noticias","8":"tag-aerolineas","9":"tag-huelga","10":"entry"},"acf":[],"yoast_head":"<!-- This site is optimized with the Yoast SEO plugin v27.4 - https:\/\/yoast.com\/product\/yoast-seo-wordpress\/ -->\n<title>Huelga de Ryanair: M\u00e1s de 1.300 reclamaciones ganadas desde 2018<\/title>\n<meta name=\"description\" content=\"En reclamador.es ya hemos conseguido resolver con \u00e9xito m\u00e1s de 1300 reclamaciones por huelga de Ryanair desde 2018. Reclama la huelga de 2022\" \/>\n<meta name=\"robots\" content=\"index, follow, max-snippet:-1, max-image-preview:large, max-video-preview:-1\" \/>\n<link rel=\"canonical\" href=\"https:\/\/www.reclamador.es\/blog\/huelgas-ryanair-desde-2018-mas-1300-reclamaciones-ganadas\/\" \/>\n<meta property=\"og:locale\" content=\"es_ES\" \/>\n<meta property=\"og:type\" content=\"article\" \/>\n<meta property=\"og:title\" content=\"Huelga de Ryanair: M\u00e1s de 1.300 reclamaciones ganadas desde 2018\" \/>\n<meta property=\"og:description\" content=\"En reclamador.es ya hemos conseguido resolver con \u00e9xito m\u00e1s de 1300 reclamaciones por huelga de Ryanair desde 2018. Reclama la huelga de 2022\" \/>\n<meta property=\"og:url\" content=\"https:\/\/www.reclamador.es\/blog\/huelgas-ryanair-desde-2018-mas-1300-reclamaciones-ganadas\/\" \/>\n<meta property=\"og:site_name\" content=\"Rebeldes con causa, el blog de reclamador.es\" \/>\n<meta property=\"article:publisher\" content=\"https:\/\/www.facebook.com\/reclamador.es\" \/>\n<meta property=\"article:published_time\" content=\"2022-06-28T07:43:07+00:00\" \/>\n<meta property=\"article:modified_time\" content=\"2023-06-23T06:48:26+00:00\" \/>\n<meta property=\"og:image\" content=\"https:\/\/i0.wp.com\/www.reclamador.es\/blog\/wp-content\/uploads\/2022\/06\/huelgas-de-ryanair-reclamaciones-ganadas-desde-2018-1.jpg?fit=1200%2C673&ssl=1\" \/>\n\t<meta property=\"og:image:width\" content=\"1200\" \/>\n\t<meta property=\"og:image:height\" content=\"673\" \/>\n\t<meta property=\"og:image:type\" content=\"image\/jpeg\" \/>\n<meta name=\"author\" content=\"Equipo reclamador\" \/>\n<meta name=\"twitter:card\" content=\"summary_large_image\" \/>\n<meta name=\"twitter:creator\" content=\"@reclamador\" \/>\n<meta name=\"twitter:site\" content=\"@reclamador\" \/>\n<meta name=\"twitter:label1\" content=\"Escrito por\" \/>\n\t<meta name=\"twitter:data1\" content=\"Equipo reclamador\" \/>\n\t<meta name=\"twitter:label2\" content=\"Tiempo de lectura\" \/>\n\t<meta name=\"twitter:data2\" content=\"3 minutos\" \/>\n<script type=\"application\/ld+json\" class=\"yoast-schema-graph\">{\"@context\":\"https:\\\/\\\/schema.org\",\"@graph\":[{\"@type\":\"Article\",\"@id\":\"https:\\\/\\\/www.reclamador.es\\\/blog\\\/huelgas-ryanair-desde-2018-mas-1300-reclamaciones-ganadas\\\/#article\",\"isPartOf\":{\"@id\":\"https:\\\/\\\/www.reclamador.es\\\/blog\\\/huelgas-ryanair-desde-2018-mas-1300-reclamaciones-ganadas\\\/\"},\"author\":{\"name\":\"Equipo reclamador\",\"@id\":\"https:\\\/\\\/www.reclamador.es\\\/blog\\\/#\\\/schema\\\/person\\\/1ed83eef8b6566cb5e4c812d9bc5c4bf\"},\"headline\":\"M\u00e1s de 1.300 reclamaciones ganadas a Ryanair por sus huelgas de personal\",\"datePublished\":\"2022-06-28T07:43:07+00:00\",\"dateModified\":\"2023-06-23T06:48:26+00:00\",\"mainEntityOfPage\":{\"@id\":\"https:\\\/\\\/www.reclamador.es\\\/blog\\\/huelgas-ryanair-desde-2018-mas-1300-reclamaciones-ganadas\\\/\"},\"wordCount\":646,\"commentCount\":0,\"publisher\":{\"@id\":\"https:\\\/\\\/www.reclamador.es\\\/blog\\\/#organization\"},\"image\":{\"@id\":\"https:\\\/\\\/www.reclamador.es\\\/blog\\\/huelgas-ryanair-desde-2018-mas-1300-reclamaciones-ganadas\\\/#primaryimage\"},\"thumbnailUrl\":\"https:\\\/\\\/i0.wp.com\\\/www.reclamador.es\\\/blog\\\/wp-content\\\/uploads\\\/2022\\\/06\\\/huelgas-de-ryanair-reclamaciones-ganadas-desde-2018-1.jpg?fit=1200%2C673&ssl=1\",\"keywords\":[\"aerol\u00edneas\",\"huelga\"],\"articleSection\":[\"Noticias y actualidad\"],\"inLanguage\":\"es\",\"potentialAction\":[{\"@type\":\"CommentAction\",\"name\":\"Comment\",\"target\":[\"https:\\\/\\\/www.reclamador.es\\\/blog\\\/huelgas-ryanair-desde-2018-mas-1300-reclamaciones-ganadas\\\/#respond\"]}]},{\"@type\":\"WebPage\",\"@id\":\"https:\\\/\\\/www.reclamador.es\\\/blog\\\/huelgas-ryanair-desde-2018-mas-1300-reclamaciones-ganadas\\\/\",\"url\":\"https:\\\/\\\/www.reclamador.es\\\/blog\\\/huelgas-ryanair-desde-2018-mas-1300-reclamaciones-ganadas\\\/\",\"name\":\"Huelga de Ryanair: M\u00e1s de 1.300 reclamaciones ganadas desde 2018\",\"isPartOf\":{\"@id\":\"https:\\\/\\\/www.reclamador.es\\\/blog\\\/#website\"},\"primaryImageOfPage\":{\"@id\":\"https:\\\/\\\/www.reclamador.es\\\/blog\\\/huelgas-ryanair-desde-2018-mas-1300-reclamaciones-ganadas\\\/#primaryimage\"},\"image\":{\"@id\":\"https:\\\/\\\/www.reclamador.es\\\/blog\\\/huelgas-ryanair-desde-2018-mas-1300-reclamaciones-ganadas\\\/#primaryimage\"},\"thumbnailUrl\":\"https:\\\/\\\/i0.wp.com\\\/www.reclamador.es\\\/blog\\\/wp-content\\\/uploads\\\/2022\\\/06\\\/huelgas-de-ryanair-reclamaciones-ganadas-desde-2018-1.jpg?fit=1200%2C673&ssl=1\",\"datePublished\":\"2022-06-28T07:43:07+00:00\",\"dateModified\":\"2023-06-23T06:48:26+00:00\",\"description\":\"En reclamador.es ya hemos conseguido resolver con \u00e9xito m\u00e1s de 1300 reclamaciones por huelga de Ryanair desde 2018. Reclama la huelga de 2022\",\"breadcrumb\":{\"@id\":\"https:\\\/\\\/www.reclamador.es\\\/blog\\\/huelgas-ryanair-desde-2018-mas-1300-reclamaciones-ganadas\\\/#breadcrumb\"},\"inLanguage\":\"es\",\"potentialAction\":[{\"@type\":\"ReadAction\",\"target\":[\"https:\\\/\\\/www.reclamador.es\\\/blog\\\/huelgas-ryanair-desde-2018-mas-1300-reclamaciones-ganadas\\\/\"]}]},{\"@type\":\"ImageObject\",\"inLanguage\":\"es\",\"@id\":\"https:\\\/\\\/www.reclamador.es\\\/blog\\\/huelgas-ryanair-desde-2018-mas-1300-reclamaciones-ganadas\\\/#primaryimage\",\"url\":\"https:\\\/\\\/i0.wp.com\\\/www.reclamador.es\\\/blog\\\/wp-content\\\/uploads\\\/2022\\\/06\\\/huelgas-de-ryanair-reclamaciones-ganadas-desde-2018-1.jpg?fit=1200%2C673&ssl=1\",\"contentUrl\":\"https:\\\/\\\/i0.wp.com\\\/www.reclamador.es\\\/blog\\\/wp-content\\\/uploads\\\/2022\\\/06\\\/huelgas-de-ryanair-reclamaciones-ganadas-desde-2018-1.jpg?fit=1200%2C673&ssl=1\",\"width\":1200,\"height\":673,\"caption\":\"Reclamaciones ganadas a Ryanair por sus huelgas desde 2018\"},{\"@type\":\"BreadcrumbList\",\"@id\":\"https:\\\/\\\/www.reclamador.es\\\/blog\\\/huelgas-ryanair-desde-2018-mas-1300-reclamaciones-ganadas\\\/#breadcrumb\",\"itemListElement\":[{\"@type\":\"ListItem\",\"position\":1,\"name\":\"Portada\",\"item\":\"https:\\\/\\\/www.reclamador.es\\\/blog\\\/\"},{\"@type\":\"ListItem\",\"position\":2,\"name\":\"M\u00e1s de 1.300 reclamaciones ganadas a Ryanair por sus huelgas de personal\"}]},{\"@type\":\"WebSite\",\"@id\":\"https:\\\/\\\/www.reclamador.es\\\/blog\\\/#website\",\"url\":\"https:\\\/\\\/www.reclamador.es\\\/blog\\\/\",\"name\":\"Rebeldes con causa, el blog de reclamador.es\",\"description\":\"Noticias, entrevistas y consejos sobre reclamaciones\",\"publisher\":{\"@id\":\"https:\\\/\\\/www.reclamador.es\\\/blog\\\/#organization\"},\"potentialAction\":[{\"@type\":\"SearchAction\",\"target\":{\"@type\":\"EntryPoint\",\"urlTemplate\":\"https:\\\/\\\/www.reclamador.es\\\/blog\\\/?s={search_term_string}\"},\"query-input\":{\"@type\":\"PropertyValueSpecification\",\"valueRequired\":true,\"valueName\":\"search_term_string\"}}],\"inLanguage\":\"es\"},{\"@type\":\"Organization\",\"@id\":\"https:\\\/\\\/www.reclamador.es\\\/blog\\\/#organization\",\"name\":\"reclamador.es\",\"url\":\"https:\\\/\\\/www.reclamador.es\\\/blog\\\/\",\"logo\":{\"@type\":\"ImageObject\",\"inLanguage\":\"es\",\"@id\":\"https:\\\/\\\/www.reclamador.es\\\/blog\\\/#\\\/schema\\\/logo\\\/image\\\/\",\"url\":\"https:\\\/\\\/i0.wp.com\\\/www.reclamador.es\\\/blog\\\/wp-content\\\/uploads\\\/2020\\\/01\\\/logo-reclamador.png?fit=1200%2C144&ssl=1\",\"contentUrl\":\"https:\\\/\\\/i0.wp.com\\\/www.reclamador.es\\\/blog\\\/wp-content\\\/uploads\\\/2020\\\/01\\\/logo-reclamador.png?fit=1200%2C144&ssl=1\",\"width\":1200,\"height\":144,\"caption\":\"reclamador.es\"},\"image\":{\"@id\":\"https:\\\/\\\/www.reclamador.es\\\/blog\\\/#\\\/schema\\\/logo\\\/image\\\/\"},\"sameAs\":[\"https:\\\/\\\/www.facebook.com\\\/reclamador.es\",\"https:\\\/\\\/x.com\\\/reclamador\",\"https:\\\/\\\/www.instagram.com\\\/reclamador.es\\\/\",\"https:\\\/\\\/www.linkedin.com\\\/company\\\/reclamador-es\",\"https:\\\/\\\/www.youtube.com\\\/user\\\/Reclamadores\"]},{\"@type\":\"Person\",\"@id\":\"https:\\\/\\\/www.reclamador.es\\\/blog\\\/#\\\/schema\\\/person\\\/1ed83eef8b6566cb5e4c812d9bc5c4bf\",\"name\":\"Equipo reclamador\",\"image\":{\"@type\":\"ImageObject\",\"inLanguage\":\"es\",\"@id\":\"https:\\\/\\\/secure.gravatar.com\\\/avatar\\\/6442ecdc2c4472c600c113f34d340feca47107d6aa4f42f1e3e75a2a8e28a760?s=96&d=mm&r=g\",\"url\":\"https:\\\/\\\/secure.gravatar.com\\\/avatar\\\/6442ecdc2c4472c600c113f34d340feca47107d6aa4f42f1e3e75a2a8e28a760?s=96&d=mm&r=g\",\"contentUrl\":\"https:\\\/\\\/secure.gravatar.com\\\/avatar\\\/6442ecdc2c4472c600c113f34d340feca47107d6aa4f42f1e3e75a2a8e28a760?s=96&d=mm&r=g\",\"caption\":\"Equipo reclamador\"},\"description\":\"Las personas que hacen posible reclamador.es\",\"url\":\"https:\\\/\\\/www.reclamador.es\\\/blog\\\/author\\\/administrador\\\/\"}]}<\/script>\n<!-- \/ Yoast SEO plugin. -->","yoast_head_json":{"title":"Huelga de Ryanair: M\u00e1s de 1.300 reclamaciones ganadas desde 2018","description":"En reclamador.es ya hemos conseguido resolver con \u00e9xito m\u00e1s de 1300 reclamaciones por huelga de Ryanair desde 2018. Reclama la huelga de 2022","robots":{"index":"index","follow":"follow","max-snippet":"max-snippet:-1","max-image-preview":"max-image-preview:large","max-video-preview":"max-video-preview:-1"},"canonical":"https:\/\/www.reclamador.es\/blog\/huelgas-ryanair-desde-2018-mas-1300-reclamaciones-ganadas\/","og_locale":"es_ES","og_type":"article","og_title":"Huelga de Ryanair: M\u00e1s de 1.300 reclamaciones ganadas desde 2018","og_description":"En reclamador.es ya hemos conseguido resolver con \u00e9xito m\u00e1s de 1300 reclamaciones por huelga de Ryanair desde 2018. Reclama la huelga de 2022","og_url":"https:\/\/www.reclamador.es\/blog\/huelgas-ryanair-desde-2018-mas-1300-reclamaciones-ganadas\/","og_site_name":"Rebeldes con causa, el blog de reclamador.es","article_publisher":"https:\/\/www.facebook.com\/reclamador.es","article_published_time":"2022-06-28T07:43:07+00:00","article_modified_time":"2023-06-23T06:48:26+00:00","og_image":[{"width":1200,"height":673,"url":"https:\/\/i0.wp.com\/www.reclamador.es\/blog\/wp-content\/uploads\/2022\/06\/huelgas-de-ryanair-reclamaciones-ganadas-desde-2018-1.jpg?fit=1200%2C673&ssl=1","type":"image\/jpeg"}],"author":"Equipo reclamador","twitter_card":"summary_large_image","twitter_creator":"@reclamador","twitter_site":"@reclamador","twitter_misc":{"Escrito por":"Equipo reclamador","Tiempo de lectura":"3 minutos"},"schema":{"@context":"https:\/\/schema.org","@graph":[{"@type":"Article","@id":"https:\/\/www.reclamador.es\/blog\/huelgas-ryanair-desde-2018-mas-1300-reclamaciones-ganadas\/#article","isPartOf":{"@id":"https:\/\/www.reclamador.es\/blog\/huelgas-ryanair-desde-2018-mas-1300-reclamaciones-ganadas\/"},"author":{"name":"Equipo reclamador","@id":"https:\/\/www.reclamador.es\/blog\/#\/schema\/person\/1ed83eef8b6566cb5e4c812d9bc5c4bf"},"headline":"M\u00e1s de 1.300 reclamaciones ganadas a Ryanair por sus huelgas de personal","datePublished":"2022-06-28T07:43:07+00:00","dateModified":"2023-06-23T06:48:26+00:00","mainEntityOfPage":{"@id":"https:\/\/www.reclamador.es\/blog\/huelgas-ryanair-desde-2018-mas-1300-reclamaciones-ganadas\/"},"wordCount":646,"commentCount":0,"publisher":{"@id":"https:\/\/www.reclamador.es\/blog\/#organization"},"image":{"@id":"https:\/\/www.reclamador.es\/blog\/huelgas-ryanair-desde-2018-mas-1300-reclamaciones-ganadas\/#primaryimage"},"thumbnailUrl":"https:\/\/i0.wp.com\/www.reclamador.es\/blog\/wp-content\/uploads\/2022\/06\/huelgas-de-ryanair-reclamaciones-ganadas-desde-2018-1.jpg?fit=1200%2C673&ssl=1","keywords":["aerol\u00edneas","huelga"],"articleSection":["Noticias y actualidad"],"inLanguage":"es","potentialAction":[{"@type":"CommentAction","name":"Comment","target":["https:\/\/www.reclamador.es\/blog\/huelgas-ryanair-desde-2018-mas-1300-reclamaciones-ganadas\/#respond"]}]},{"@type":"WebPage","@id":"https:\/\/www.reclamador.es\/blog\/huelgas-ryanair-desde-2018-mas-1300-reclamaciones-ganadas\/","url":"https:\/\/www.reclamador.es\/blog\/huelgas-ryanair-desde-2018-mas-1300-reclamaciones-ganadas\/","name":"Huelga de Ryanair: M\u00e1s de 1.300 reclamaciones ganadas desde 2018","isPartOf":{"@id":"https:\/\/www.reclamador.es\/blog\/#website"},"primaryImageOfPage":{"@id":"https:\/\/www.reclamador.es\/blog\/huelgas-ryanair-desde-2018-mas-1300-reclamaciones-ganadas\/#primaryimage"},"image":{"@id":"https:\/\/www.reclamador.es\/blog\/huelgas-ryanair-desde-2018-mas-1300-reclamaciones-ganadas\/#primaryimage"},"thumbnailUrl":"https:\/\/i0.wp.com\/www.reclamador.es\/blog\/wp-content\/uploads\/2022\/06\/huelgas-de-ryanair-reclamaciones-ganadas-desde-2018-1.jpg?fit=1200%2C673&ssl=1","datePublished":"2022-06-28T07:43:07+00:00","dateModified":"2023-06-23T06:48:26+00:00","description":"En reclamador.es ya hemos conseguido resolver con \u00e9xito m\u00e1s de 1300 reclamaciones por huelga de Ryanair desde 2018. Reclama la huelga de 2022","breadcrumb":{"@id":"https:\/\/www.reclamador.es\/blog\/huelgas-ryanair-desde-2018-mas-1300-reclamaciones-ganadas\/#breadcrumb"},"inLanguage":"es","potentialAction":[{"@type":"ReadAction","target":["https:\/\/www.reclamador.es\/blog\/huelgas-ryanair-desde-2018-mas-1300-reclamaciones-ganadas\/"]}]},{"@type":"ImageObject","inLanguage":"es","@id":"https:\/\/www.reclamador.es\/blog\/huelgas-ryanair-desde-2018-mas-1300-reclamaciones-ganadas\/#primaryimage","url":"https:\/\/i0.wp.com\/www.reclamador.es\/blog\/wp-content\/uploads\/2022\/06\/huelgas-de-ryanair-reclamaciones-ganadas-desde-2018-1.jpg?fit=1200%2C673&ssl=1","contentUrl":"https:\/\/i0.wp.com\/www.reclamador.es\/blog\/wp-content\/uploads\/2022\/06\/huelgas-de-ryanair-reclamaciones-ganadas-desde-2018-1.jpg?fit=1200%2C673&ssl=1","width":1200,"height":673,"caption":"Reclamaciones ganadas a Ryanair por sus huelgas desde 2018"},{"@type":"BreadcrumbList","@id":"https:\/\/www.reclamador.es\/blog\/huelgas-ryanair-desde-2018-mas-1300-reclamaciones-ganadas\/#breadcrumb","itemListElement":[{"@type":"ListItem","position":1,"name":"Portada","item":"https:\/\/www.reclamador.es\/blog\/"},{"@type":"ListItem","position":2,"name":"M\u00e1s de 1.300 reclamaciones ganadas a Ryanair por sus huelgas de personal"}]},{"@type":"WebSite","@id":"https:\/\/www.reclamador.es\/blog\/#website","url":"https:\/\/www.reclamador.es\/blog\/","name":"Rebeldes con causa, el blog de reclamador.es","description":"Noticias, entrevistas y consejos sobre reclamaciones","publisher":{"@id":"https:\/\/www.reclamador.es\/blog\/#organization"},"potentialAction":[{"@type":"SearchAction","target":{"@type":"EntryPoint","urlTemplate":"https:\/\/www.reclamador.es\/blog\/?s={search_term_string}"},"query-input":{"@type":"PropertyValueSpecification","valueRequired":true,"valueName":"search_term_string"}}],"inLanguage":"es"},{"@type":"Organization","@id":"https:\/\/www.reclamador.es\/blog\/#organization","name":"reclamador.es","url":"https:\/\/www.reclamador.es\/blog\/","logo":{"@type":"ImageObject","inLanguage":"es","@id":"https:\/\/www.reclamador.es\/blog\/#\/schema\/logo\/image\/","url":"https:\/\/i0.wp.com\/www.reclamador.es\/blog\/wp-content\/uploads\/2020\/01\/logo-reclamador.png?fit=1200%2C144&ssl=1","contentUrl":"https:\/\/i0.wp.com\/www.reclamador.es\/blog\/wp-content\/uploads\/2020\/01\/logo-reclamador.png?fit=1200%2C144&ssl=1","width":1200,"height":144,"caption":"reclamador.es"},"image":{"@id":"https:\/\/www.reclamador.es\/blog\/#\/schema\/logo\/image\/"},"sameAs":["https:\/\/www.facebook.com\/reclamador.es","https:\/\/x.com\/reclamador","https:\/\/www.instagram.com\/reclamador.es\/","https:\/\/www.linkedin.com\/company\/reclamador-es","https:\/\/www.youtube.com\/user\/Reclamadores"]},{"@type":"Person","@id":"https:\/\/www.reclamador.es\/blog\/#\/schema\/person\/1ed83eef8b6566cb5e4c812d9bc5c4bf","name":"Equipo reclamador","image":{"@type":"ImageObject","inLanguage":"es","@id":"https:\/\/secure.gravatar.com\/avatar\/6442ecdc2c4472c600c113f34d340feca47107d6aa4f42f1e3e75a2a8e28a760?s=96&d=mm&r=g","url":"https:\/\/secure.gravatar.com\/avatar\/6442ecdc2c4472c600c113f34d340feca47107d6aa4f42f1e3e75a2a8e28a760?s=96&d=mm&r=g","contentUrl":"https:\/\/secure.gravatar.com\/avatar\/6442ecdc2c4472c600c113f34d340feca47107d6aa4f42f1e3e75a2a8e28a760?s=96&d=mm&r=g","caption":"Equipo reclamador"},"description":"Las personas que hacen posible reclamador.es","url":"https:\/\/www.reclamador.es\/blog\/author\/administrador\/"}]}},"jetpack_featured_media_url":"https:\/\/i0.wp.com\/www.reclamador.es\/blog\/wp-content\/uploads\/2022\/06\/huelgas-de-ryanair-reclamaciones-ganadas-desde-2018-1.jpg?fit=1200%2C673&ssl=1","jetpack-related-posts":[{"id":22670,"url":"https:\/\/www.reclamador.es\/blog\/aerolineas-huelgas-de-personal-informar-de-cancelaciones-vuelos-15-dias\/","url_meta":{"origin":29920,"position":0},"title":"Pasajeros frente a huelgas de personal de aerol\u00edneas: \u00bfCu\u00e1ndo te han avisado de los cambios en tu vuelo?","author":"Equipo reclamador","date":"26 enero, 2024","format":false,"excerpt":"Las huelgas del personal de aerol\u00edneas son uno de los mayores dolores de cabeza para los pasajeros. Cancelaciones y retrasos de vuelos se convierten en una pesadilla cuando las aerol\u00edneas se ven afectadas por paros laborales. Si bien la situaci\u00f3n es frustrante, como pasajero tienes derechos y puedes reclamar compensaciones.\u2026","rel":"","context":"En \u00abConsejos legales\u00bb","block_context":{"text":"Consejos legales","link":"https:\/\/www.reclamador.es\/blog\/consejos\/"},"img":{"alt_text":"huelgas personal de las aerolineas - plazos reclamar - reclamador","src":"https:\/\/i0.wp.com\/www.reclamador.es\/blog\/wp-content\/uploads\/2019\/08\/huelgas-personal-de-las-aerolineas-plazos-reclamar-reclamador.jpg?fit=1199%2C630&ssl=1&resize=350%2C200","width":350,"height":200,"srcset":"https:\/\/i0.wp.com\/www.reclamador.es\/blog\/wp-content\/uploads\/2019\/08\/huelgas-personal-de-las-aerolineas-plazos-reclamar-reclamador.jpg?fit=1199%2C630&ssl=1&resize=350%2C200 1x, https:\/\/i0.wp.com\/www.reclamador.es\/blog\/wp-content\/uploads\/2019\/08\/huelgas-personal-de-las-aerolineas-plazos-reclamar-reclamador.jpg?fit=1199%2C630&ssl=1&resize=525%2C300 1.5x, https:\/\/i0.wp.com\/www.reclamador.es\/blog\/wp-content\/uploads\/2019\/08\/huelgas-personal-de-las-aerolineas-plazos-reclamar-reclamador.jpg?fit=1199%2C630&ssl=1&resize=700%2C400 2x, https:\/\/i0.wp.com\/www.reclamador.es\/blog\/wp-content\/uploads\/2019\/08\/huelgas-personal-de-las-aerolineas-plazos-reclamar-reclamador.jpg?fit=1199%2C630&ssl=1&resize=1050%2C600 3x"},"classes":[]},{"id":18773,"url":"https:\/\/www.reclamador.es\/blog\/pasajeros-derechos-huelga-ryanair\/","url_meta":{"origin":29920,"position":1},"title":"Huelga Ryanair verano 2022: todo lo que corresponde si la aerol\u00ednea cancela o retrasa el vuelo","author":"Equipo reclamador","date":"15 junio, 2022","format":false,"excerpt":"El turismo vuelve con fuerza en el verano 2022. Se esperan cifras de desplazamientos iguales e, incluso, superiores al \u00faltimo verano \u201cnormal\u201d antes de la crisis sanitaria de la Covid-19. E igual que pasara en los \u00faltimos a\u00f1os prepandemia, se esperan diversos paros de diferentes colectivos de trabajadores de Ryanair.\u2026","rel":"","context":"En \u00abNoticias y actualidad\u00bb","block_context":{"text":"Noticias y actualidad","link":"https:\/\/www.reclamador.es\/blog\/noticias\/"},"img":{"alt_text":"huelga ryanair 2022","src":"https:\/\/i0.wp.com\/www.reclamador.es\/blog\/wp-content\/uploads\/2022\/06\/huelga-ryanair-junio-julio-2022-pedir-indemnizacion.jpg?fit=1200%2C698&ssl=1&resize=350%2C200","width":350,"height":200,"srcset":"https:\/\/i0.wp.com\/www.reclamador.es\/blog\/wp-content\/uploads\/2022\/06\/huelga-ryanair-junio-julio-2022-pedir-indemnizacion.jpg?fit=1200%2C698&ssl=1&resize=350%2C200 1x, https:\/\/i0.wp.com\/www.reclamador.es\/blog\/wp-content\/uploads\/2022\/06\/huelga-ryanair-junio-julio-2022-pedir-indemnizacion.jpg?fit=1200%2C698&ssl=1&resize=525%2C300 1.5x, https:\/\/i0.wp.com\/www.reclamador.es\/blog\/wp-content\/uploads\/2022\/06\/huelga-ryanair-junio-julio-2022-pedir-indemnizacion.jpg?fit=1200%2C698&ssl=1&resize=700%2C400 2x, https:\/\/i0.wp.com\/www.reclamador.es\/blog\/wp-content\/uploads\/2022\/06\/huelga-ryanair-junio-julio-2022-pedir-indemnizacion.jpg?fit=1200%2C698&ssl=1&resize=1050%2C600 3x"},"classes":[]},{"id":34713,"url":"https:\/\/www.reclamador.es\/blog\/huelga-de-ryanair-2025-desde-el-15-de-agosto-hasta-final-de-ano\/","url_meta":{"origin":29920,"position":2},"title":"Huelga desde el 15 de agosto hasta final de a\u00f1o de trabajadores del handling de Ryanair","author":"Equipo reclamador","date":"6 agosto, 2025","format":false,"excerpt":"Agosto llega con una noticia que hace tambalear los planes de miles de viajeros. Los principales sindicatos del handling de Ryanair en el Aeropuerto Adolfo Su\u00e1rez Madrid-Barajas han convocado varios d\u00edas de huelga desde el 15 de agosto hasta el 31 de diciembre de 2025. La huelga de Ryanair coincidir\u00e1\u2026","rel":"","context":"En \u00abNoticias y actualidad\u00bb","block_context":{"text":"Noticias y actualidad","link":"https:\/\/www.reclamador.es\/blog\/noticias\/"},"img":{"alt_text":"huelga de ryanair en espa\u00f1a en agosto 2025","src":"https:\/\/i0.wp.com\/www.reclamador.es\/blog\/wp-content\/uploads\/2025\/08\/Diseno-sin-titulo-5.jpg?fit=1200%2C630&ssl=1&resize=350%2C200","width":350,"height":200,"srcset":"https:\/\/i0.wp.com\/www.reclamador.es\/blog\/wp-content\/uploads\/2025\/08\/Diseno-sin-titulo-5.jpg?fit=1200%2C630&ssl=1&resize=350%2C200 1x, https:\/\/i0.wp.com\/www.reclamador.es\/blog\/wp-content\/uploads\/2025\/08\/Diseno-sin-titulo-5.jpg?fit=1200%2C630&ssl=1&resize=525%2C300 1.5x, https:\/\/i0.wp.com\/www.reclamador.es\/blog\/wp-content\/uploads\/2025\/08\/Diseno-sin-titulo-5.jpg?fit=1200%2C630&ssl=1&resize=700%2C400 2x, https:\/\/i0.wp.com\/www.reclamador.es\/blog\/wp-content\/uploads\/2025\/08\/Diseno-sin-titulo-5.jpg?fit=1200%2C630&ssl=1&resize=1050%2C600 3x"},"classes":[]},{"id":20981,"url":"https:\/\/www.reclamador.es\/blog\/afectados-ryanair-derechos\/","url_meta":{"origin":29920,"position":3},"title":"Otra vez, Ryanair: vuelo Praga-Madrid","author":"Equipo reclamador","date":"6 febrero, 2019","format":false,"excerpt":"La compa\u00f1\u00eda low-cost Ryanair vuelve a estar en el ojo del hurac\u00e1n. El vuelo FR 2767 Praga-Madrid del pasado domingo 3 de febrero lleg\u00f3 a la capital espa\u00f1ola con m\u00e1s de 20 horas de retraso, obligando a sus pasajeros a permanecer durante m\u00e1s de 6 horas dentro de la aeronave,\u2026","rel":"","context":"En \u00abNoticias y actualidad\u00bb","block_context":{"text":"Noticias y actualidad","link":"https:\/\/www.reclamador.es\/blog\/noticias\/"},"img":{"alt_text":"afectados vuelo praga madrid ryanair reclamar indemnizacion","src":"https:\/\/i0.wp.com\/www.reclamador.es\/blog\/wp-content\/uploads\/2019\/02\/afectados-ryanair-vuelo-praga-madrid.jpg?fit=1129%2C800&ssl=1&resize=350%2C200","width":350,"height":200,"srcset":"https:\/\/i0.wp.com\/www.reclamador.es\/blog\/wp-content\/uploads\/2019\/02\/afectados-ryanair-vuelo-praga-madrid.jpg?fit=1129%2C800&ssl=1&resize=350%2C200 1x, https:\/\/i0.wp.com\/www.reclamador.es\/blog\/wp-content\/uploads\/2019\/02\/afectados-ryanair-vuelo-praga-madrid.jpg?fit=1129%2C800&ssl=1&resize=525%2C300 1.5x, https:\/\/i0.wp.com\/www.reclamador.es\/blog\/wp-content\/uploads\/2019\/02\/afectados-ryanair-vuelo-praga-madrid.jpg?fit=1129%2C800&ssl=1&resize=700%2C400 2x, https:\/\/i0.wp.com\/www.reclamador.es\/blog\/wp-content\/uploads\/2019\/02\/afectados-ryanair-vuelo-praga-madrid.jpg?fit=1129%2C800&ssl=1&resize=1050%2C600 3x"},"classes":[]},{"id":30324,"url":"https:\/\/www.reclamador.es\/blog\/huelga-controladores-aereos-de-italia\/","url_meta":{"origin":29920,"position":4},"title":"Los controladores a\u00e9reos en Italia, en huelga este 21 de octubre","author":"Equipo reclamador","date":"21 octubre, 2022","format":false,"excerpt":"Hace poco m\u00e1s de un mes os cont\u00e1bamos que los controladores a\u00e9reos en Francia hab\u00edan convocado una jornada de huelga que afectar\u00eda a miles de vuelos con origen o destino en el pa\u00eds vecino. Pues bien, hoy, 21 de octubre, son los controladores a\u00e9reos de Italia los que paran como\u2026","rel":"","context":"En \u00abNoticias y actualidad\u00bb","block_context":{"text":"Noticias y actualidad","link":"https:\/\/www.reclamador.es\/blog\/noticias\/"},"img":{"alt_text":"reclamar huelga de controladores aereos de Italia","src":"https:\/\/i0.wp.com\/www.reclamador.es\/blog\/wp-content\/uploads\/2022\/10\/huelga-sector-aereo-italia-1.jpg?fit=1200%2C675&ssl=1&resize=350%2C200","width":350,"height":200,"srcset":"https:\/\/i0.wp.com\/www.reclamador.es\/blog\/wp-content\/uploads\/2022\/10\/huelga-sector-aereo-italia-1.jpg?fit=1200%2C675&ssl=1&resize=350%2C200 1x, https:\/\/i0.wp.com\/www.reclamador.es\/blog\/wp-content\/uploads\/2022\/10\/huelga-sector-aereo-italia-1.jpg?fit=1200%2C675&ssl=1&resize=525%2C300 1.5x, https:\/\/i0.wp.com\/www.reclamador.es\/blog\/wp-content\/uploads\/2022\/10\/huelga-sector-aereo-italia-1.jpg?fit=1200%2C675&ssl=1&resize=700%2C400 2x, https:\/\/i0.wp.com\/www.reclamador.es\/blog\/wp-content\/uploads\/2022\/10\/huelga-sector-aereo-italia-1.jpg?fit=1200%2C675&ssl=1&resize=1050%2C600 3x"},"classes":[]},{"id":30019,"url":"https:\/\/www.reclamador.es\/blog\/huelga-iberia-express\/","url_meta":{"origin":29920,"position":5},"title":"\u00bfQu\u00e9 pueden reclamar los afectados por la huelga de Iberia Express?","author":"Equipo reclamador","date":"31 agosto, 2022","format":false,"excerpt":"El final del verano 2022 est\u00e1 siendo turbulento en muchas aerol\u00edneas. Entre ellas, Iberia Express, filial de bajo coste de Iberia. Uno de los sindicatos que representa a parte de los trabajadores de esta compa\u00f1\u00eda a\u00e9rea anunciaron una huelga durante 10 d\u00edas de los trabajadores de Iberia Express para solicitar\u2026","rel":"","context":"En \u00abNoticias y actualidad\u00bb","block_context":{"text":"Noticias y actualidad","link":"https:\/\/www.reclamador.es\/blog\/noticias\/"},"img":{"alt_text":"Huelga de Iberia Express","src":"https:\/\/i0.wp.com\/www.reclamador.es\/blog\/wp-content\/uploads\/2022\/08\/huelga-iberia-express-reclamar.jpg?fit=1200%2C630&ssl=1&resize=350%2C200","width":350,"height":200,"srcset":"https:\/\/i0.wp.com\/www.reclamador.es\/blog\/wp-content\/uploads\/2022\/08\/huelga-iberia-express-reclamar.jpg?fit=1200%2C630&ssl=1&resize=350%2C200 1x, https:\/\/i0.wp.com\/www.reclamador.es\/blog\/wp-content\/uploads\/2022\/08\/huelga-iberia-express-reclamar.jpg?fit=1200%2C630&ssl=1&resize=525%2C300 1.5x, https:\/\/i0.wp.com\/www.reclamador.es\/blog\/wp-content\/uploads\/2022\/08\/huelga-iberia-express-reclamar.jpg?fit=1200%2C630&ssl=1&resize=700%2C400 2x, https:\/\/i0.wp.com\/www.reclamador.es\/blog\/wp-content\/uploads\/2022\/08\/huelga-iberia-express-reclamar.jpg?fit=1200%2C630&ssl=1&resize=1050%2C600 3x"},"classes":[]}],"jetpack_sharing_enabled":true,"_links":{"self":[{"href":"https:\/\/www.reclamador.es\/blog\/wp-json\/wp\/v2\/posts\/29920","targetHints":{"allow":["GET"]}}],"collection":[{"href":"https:\/\/www.reclamador.es\/blog\/wp-json\/wp\/v2\/posts"}],"about":[{"href":"https:\/\/www.reclamador.es\/blog\/wp-json\/wp\/v2\/types\/post"}],"author":[{"embeddable":true,"href":"https:\/\/www.reclamador.es\/blog\/wp-json\/wp\/v2\/users\/1"}],"replies":[{"embeddable":true,"href":"https:\/\/www.reclamador.es\/blog\/wp-json\/wp\/v2\/comments?post=29920"}],"version-history":[{"count":5,"href":"https:\/\/www.reclamador.es\/blog\/wp-json\/wp\/v2\/posts\/29920\/revisions"}],"predecessor-version":[{"id":33646,"href":"https:\/\/www.reclamador.es\/blog\/wp-json\/wp\/v2\/posts\/29920\/revisions\/33646"}],"wp:featuredmedia":[{"embeddable":true,"href":"https:\/\/www.reclamador.es\/blog\/wp-json\/wp\/v2\/media\/29923"}],"wp:attachment":[{"href":"https:\/\/www.reclamador.es\/blog\/wp-json\/wp\/v2\/media?parent=29920"}],"wp:term":[{"taxonomy":"category","embeddable":true,"href":"https:\/\/www.reclamador.es\/blog\/wp-json\/wp\/v2\/categories?post=29920"},{"taxonomy":"post_tag","embeddable":true,"href":"https:\/\/www.reclamador.es\/blog\/wp-json\/wp\/v2\/tags?post=29920"}],"curies":[{"name":"wp","href":"https:\/\/api.w.org\/{rel}","templated":true}]}}