{"id":29873,"date":"2022-06-03T09:47:56","date_gmt":"2022-06-03T07:47:56","guid":{"rendered":"https:\/\/www.reclamador.es\/blog\/?p=29873"},"modified":"2025-03-07T12:19:32","modified_gmt":"2025-03-07T11:19:32","slug":"numerosas-cancelaciones-vuelo-easyjet-reclamaciones-afectados","status":"publish","type":"post","link":"https:\/\/www.reclamador.es\/blog\/numerosas-cancelaciones-vuelo-easyjet-reclamaciones-afectados\/","title":{"rendered":"\u00bfAfectado por las cerca de 450 cancelaciones de vuelos de easyJet en solo 10 d\u00edas?"},"content":{"rendered":"<div class=\"ttr_start\"><\/div>\n\n<div class=\"kk-star-ratings kksr-auto kksr-align-right kksr-valign-top\"\n    data-payload='{&quot;align&quot;:&quot;right&quot;,&quot;id&quot;:&quot;29873&quot;,&quot;slug&quot;:&quot;default&quot;,&quot;valign&quot;:&quot;top&quot;,&quot;ignore&quot;:&quot;&quot;,&quot;reference&quot;:&quot;auto&quot;,&quot;class&quot;:&quot;&quot;,&quot;count&quot;:&quot;3&quot;,&quot;legendonly&quot;:&quot;&quot;,&quot;readonly&quot;:&quot;&quot;,&quot;score&quot;:&quot;4&quot;,&quot;starsonly&quot;:&quot;&quot;,&quot;best&quot;:&quot;5&quot;,&quot;gap&quot;:&quot;3&quot;,&quot;greet&quot;:&quot;Valora este art\u00edculo&quot;,&quot;legend&quot;:&quot;4\\\/5 - (3 votos)&quot;,&quot;size&quot;:&quot;20&quot;,&quot;title&quot;:&quot;\u00bfAfectado por las cerca de 450 cancelaciones de vuelos de easyJet en solo 10 d\u00edas?&quot;,&quot;width&quot;:&quot;90.5&quot;,&quot;_legend&quot;:&quot;{score}\\\/{best} - ({count} {votes})&quot;,&quot;font_factor&quot;:&quot;1.25&quot;}'>\n            \n<div class=\"kksr-stars\">\n    \n<div class=\"kksr-stars-inactive\">\n            <div class=\"kksr-star\" data-star=\"1\" style=\"padding-right: 3px\">\n            \n\n<div class=\"kksr-icon\" style=\"width: 20px; height: 20px;\"><\/div>\n        <\/div>\n            <div class=\"kksr-star\" data-star=\"2\" style=\"padding-right: 3px\">\n            \n\n<div class=\"kksr-icon\" style=\"width: 20px; height: 20px;\"><\/div>\n        <\/div>\n            <div class=\"kksr-star\" data-star=\"3\" style=\"padding-right: 3px\">\n            \n\n<div class=\"kksr-icon\" style=\"width: 20px; height: 20px;\"><\/div>\n        <\/div>\n            <div class=\"kksr-star\" data-star=\"4\" style=\"padding-right: 3px\">\n            \n\n<div class=\"kksr-icon\" style=\"width: 20px; height: 20px;\"><\/div>\n        <\/div>\n            <div class=\"kksr-star\" data-star=\"5\" style=\"padding-right: 3px\">\n            \n\n<div class=\"kksr-icon\" style=\"width: 20px; height: 20px;\"><\/div>\n        <\/div>\n    <\/div>\n    \n<div class=\"kksr-stars-active\" style=\"width: 90.5px;\">\n            <div class=\"kksr-star\" style=\"padding-right: 3px\">\n            \n\n<div class=\"kksr-icon\" style=\"width: 20px; height: 20px;\"><\/div>\n        <\/div>\n            <div class=\"kksr-star\" style=\"padding-right: 3px\">\n            \n\n<div class=\"kksr-icon\" style=\"width: 20px; height: 20px;\"><\/div>\n        <\/div>\n            <div class=\"kksr-star\" style=\"padding-right: 3px\">\n            \n\n<div class=\"kksr-icon\" style=\"width: 20px; height: 20px;\"><\/div>\n        <\/div>\n            <div class=\"kksr-star\" style=\"padding-right: 3px\">\n            \n\n<div class=\"kksr-icon\" style=\"width: 20px; height: 20px;\"><\/div>\n        <\/div>\n            <div class=\"kksr-star\" style=\"padding-right: 3px\">\n            \n\n<div class=\"kksr-icon\" style=\"width: 20px; height: 20px;\"><\/div>\n        <\/div>\n    <\/div>\n<\/div>\n                \n\n<div class=\"kksr-legend\" style=\"font-size: 16px;\">\n            4\/5 - (3 votos)    <\/div>\n    <\/div>\n\n<figure id=\"attachment_29877\" aria-describedby=\"caption-attachment-29877\" style=\"width: 1200px\" class=\"wp-caption aligncenter\"><img data-recalc-dims=\"1\" loading=\"lazy\" decoding=\"async\" class=\"size-full wp-image-29877\" src=\"https:\/\/i0.wp.com\/www.reclamador.es\/blog\/wp-content\/uploads\/2022\/06\/cancelaciones-de-vuelo-de-easyjet-afectados-reclamar.jpg?resize=1200%2C682&#038;ssl=1\" alt=\"easyjet 450 cancelaciones de vuelos\" width=\"1200\" height=\"682\" srcset=\"https:\/\/i0.wp.com\/www.reclamador.es\/blog\/wp-content\/uploads\/2022\/06\/cancelaciones-de-vuelo-de-easyjet-afectados-reclamar.jpg?w=1200&amp;ssl=1 1200w, https:\/\/i0.wp.com\/www.reclamador.es\/blog\/wp-content\/uploads\/2022\/06\/cancelaciones-de-vuelo-de-easyjet-afectados-reclamar.jpg?resize=800%2C455&amp;ssl=1 800w, https:\/\/i0.wp.com\/www.reclamador.es\/blog\/wp-content\/uploads\/2022\/06\/cancelaciones-de-vuelo-de-easyjet-afectados-reclamar.jpg?resize=150%2C85&amp;ssl=1 150w, https:\/\/i0.wp.com\/www.reclamador.es\/blog\/wp-content\/uploads\/2022\/06\/cancelaciones-de-vuelo-de-easyjet-afectados-reclamar.jpg?resize=768%2C436&amp;ssl=1 768w\" sizes=\"auto, (max-width: 1000px) 100vw, 1000px\" \/><figcaption id=\"caption-attachment-29877\" class=\"wp-caption-text\"><em>450 cancelaciones de vuelo de easyJet &#8211; Derechos de los afectados<\/em><\/figcaption><\/figure>\n<p><span style=\"font-weight: 400;\">Los \u00faltimos d\u00edas podr\u00edan calificarse de \u201cca\u00f3ticos\u201d en la operativa de una de las principales aerol\u00edneas low cost de Europa. La compa\u00f1\u00eda <\/span><a href=\"https:\/\/www.reclamador.es\/aerolineas\/easyjet\/\"><b>easyJet<\/b><\/a> <span style=\"font-weight: 400;\">cancel\u00f3 unos 200 vuelos durante la semana pasada y para los pr\u00f3ximos d\u00edas se espera la cancelaci\u00f3n de otros 240 vuelos.<\/span><\/p>\n<p><span style=\"font-weight: 400;\">Por tanto, en menos de dos semanas, la aerol\u00ednea brit\u00e1nica ha cancelado cerca de 450 vuelos, dejando a miles de pasajeros afectados. Y pese a que ha pedido disculpas por estas incidencias en sus redes sociales, lo cierto es que, al tratarse de cancelaciones de vuelo de \u00faltima hora, el viajero tiene una serie de derechos que en reclamador.es queremos dar a conocer a los afectados por las <\/span><a href=\"https:\/\/www.reclamador.es\/aerolineas\/cancelacion-vuelo\/easyjet\/\"><b>cancelaciones de easyJet<\/b><\/a><span style=\"font-weight: 400;\">.<\/span><\/p>\n<h2><strong>Derechos de los afectados por estas\u00a0 cancelaciones de vuelo<\/strong><\/h2>\n<ul>\n<li style=\"font-weight: 400;\" aria-level=\"1\"><span style=\"font-weight: 400;\">Derecho al <\/span><b>reembolso del coste del billete<\/b><span style=\"font-weight: 400;\"> de avi\u00f3n cancelado o bien a un <\/span><b>transporte alternativo<\/b><span style=\"font-weight: 400;\">. Si el vuelo sale al d\u00eda siguiente, la aerol\u00ednea deber\u00e1 hacerse cargo del alojamiento.\u00a0<\/span><\/li>\n<li style=\"font-weight: 400;\" aria-level=\"1\"><span style=\"font-weight: 400;\">Derecho a una <\/span><b>compensaci\u00f3n econ\u00f3mica de entre 250\u20ac y 600\u20ac<\/b><span style=\"font-weight: 400;\">, seg\u00fan la distancia del vuelo. As\u00ed, por ejemplo, si el vuelo cancelado era Londres-Madrid, la cuant\u00eda de la indemnizaci\u00f3n ser\u00e1 de 400\u20ac, al tratarse de un trayecto de entre 1.500 y 3.500 kil\u00f3metros.\u00a0<\/span><\/li>\n<li style=\"font-weight: 400;\" aria-level=\"1\"><span style=\"font-weight: 400;\">Si la cancelaci\u00f3n del vuelo de easyJet se produce momentos antes de la hora prevista de salida del avi\u00f3n, adem\u00e1s de los anteriores derechos de compensaci\u00f3n econ\u00f3mica, <\/span><b>easyJet debe ofrecer asistencia<\/b><span style=\"font-weight: 400;\"> a sus viajeros afectados, como por ejemplo comida y bebida suficiente durante el tiempo de espera.<\/span><\/li>\n<li style=\"font-weight: 400;\" aria-level=\"1\"><span style=\"font-weight: 400;\">Igualmente, ante un vuelo cancelado de easyJet, la aerol\u00ednea <\/span><b>debe ofrecer informaci\u00f3n a sus pasajeros<\/b><span style=\"font-weight: 400;\">, como por ejemplo, la normativa que regula esas cancelaciones e informaci\u00f3n referente a los derechos de los viajeros ante la cancelaci\u00f3n del vuelo.\u00a0<\/span><\/li>\n<li style=\"font-weight: 400;\" aria-level=\"1\"><span style=\"font-weight: 400;\">Si, adem\u00e1s, la cancelaci\u00f3n de vuelo de easyJet provoca perder otro medio de transporte, o cualquier otra actividad reservada, como, por ejemplo, entradas a un museo, tambi\u00e9n se podr\u00e1 reclamar.<\/span><\/li>\n<\/ul>\n<h2><b>Comprueba qu\u00e9 indemnizaci\u00f3n puedes conseguir por las cancelaciones de easyJet<\/b><\/h2>\n<p><span style=\"font-weight: 400;\">Si quieres saber si tienes derecho a una <\/span><a href=\"https:\/\/www.reclamador.es\/aerolineas\/cancelacion-vuelo\/\"><span style=\"font-weight: 400;\">indemnizaci\u00f3n por cancelaci\u00f3n de vuelo<\/span><\/a><span style=\"font-weight: 400;\"> de easyJet y a qu\u00e9 cantidad tienes derecho, en reclamador.es estudiamos tu caso sin compromiso. Solo tienes que rellenar nuestro formulario y te enviaremos un informe donde te informaremos de la viabilidad de tu reclamaci\u00f3n a easyJet.<\/span><\/p>\n<p><span style=\"font-weight: 400;\">En reclamador.es somos expertos en reclamaciones a\u00e9reas. Hemos conseguido resolver ya m\u00e1s de <\/span><a href=\"https:\/\/www.reclamador.es\/blog\/alcanzamos-50-millones-euros-reclamaciones-aerolineas\/\"><span style=\"font-weight: 400;\">99.000 reclamaciones frente a aerol\u00edneas<\/span><\/a><span style=\"font-weight: 400;\">, reclamando m\u00e1s de 50 millones de euros en indemnizaciones por retrasos de vuelo, cancelaciones, problemas de equipaje y overbooking.\u00a0<\/span><\/p>\n<p><span style=\"font-weight: 400;\">No lo dudes, si has sufrido una incidencia en tu vuelo de easyJet, completa nuestro formulario y comienza a proteger tus derechos para recuperar tu dinero.\u00a0<\/span><\/p>\n<h2 style=\"text-align: center;\"><strong><a class=\"button-lead\" href=\"https:\/\/www.reclamador.es\/form\/complaint\/cancellation\/?target=539\" rel=\"nofollow noopener\">Completa nuestro formulario y reclama tu indemnizaci\u00f3n a easyJet<\/a><\/strong><\/h2>\n<div class=\"ttr_end\"><\/div>","protected":false},"excerpt":{"rendered":"<p>Los \u00faltimos d\u00edas podr\u00edan calificarse de \u201cca\u00f3ticos\u201d en la operativa de una de las principales aerol\u00edneas low cost de Europa. La compa\u00f1\u00eda easyJet cancel\u00f3 unos 200 vuelos durante la semana pasada y para los pr\u00f3ximos d\u00edas se espera la cancelaci\u00f3n de otros 240 vuelos. Por tanto, en menos de dos semanas, la aerol\u00ednea brit\u00e1nica ha [&hellip;]<\/p>\n","protected":false},"author":1,"featured_media":29877,"comment_status":"open","ping_status":"open","sticky":false,"template":"","format":"standard","meta":{"_acf_changed":false,"_genesis_hide_title":false,"_genesis_hide_breadcrumbs":false,"_genesis_hide_singular_image":false,"_genesis_hide_footer_widgets":false,"_genesis_custom_body_class":"","_genesis_custom_post_class":"","_genesis_layout":"","_jetpack_newsletter_access":"","_jetpack_dont_email_post_to_subs":false,"_jetpack_newsletter_tier_id":0,"_jetpack_memberships_contains_paywalled_content":false,"_jetpack_memberships_contains_paid_content":false,"footnotes":""},"categories":[392],"tags":[380,664,289],"class_list":{"0":"post-29873","1":"post","2":"type-post","3":"status-publish","4":"format-standard","5":"has-post-thumbnail","7":"category-noticias","8":"tag-aerolineas","9":"tag-cancelacion","10":"tag-reclamacion","11":"entry"},"acf":[],"yoast_head":"<!-- This site is optimized with the Yoast SEO plugin v27.4 - https:\/\/yoast.com\/product\/yoast-seo-wordpress\/ -->\n<title>450 cancelaciones de vuelo de easyJet en 10 d\u00edas<\/title>\n<meta name=\"description\" content=\"Durante 10 d\u00edas, se han anunciado 450 cancelaciones de vuelo de easyJet, afectando a miles de viajeros, que tienen derecho a indemnizaci\u00f3n.\" \/>\n<meta name=\"robots\" content=\"index, follow, max-snippet:-1, max-image-preview:large, max-video-preview:-1\" \/>\n<link rel=\"canonical\" href=\"https:\/\/www.reclamador.es\/blog\/numerosas-cancelaciones-vuelo-easyjet-reclamaciones-afectados\/\" \/>\n<meta property=\"og:locale\" content=\"es_ES\" \/>\n<meta property=\"og:type\" content=\"article\" \/>\n<meta property=\"og:title\" content=\"450 cancelaciones de vuelo de easyJet en 10 d\u00edas\" \/>\n<meta property=\"og:description\" content=\"Durante 10 d\u00edas, se han anunciado 450 cancelaciones de vuelo de easyJet, afectando a miles de viajeros, que tienen derecho a indemnizaci\u00f3n.\" \/>\n<meta property=\"og:url\" content=\"https:\/\/www.reclamador.es\/blog\/numerosas-cancelaciones-vuelo-easyjet-reclamaciones-afectados\/\" \/>\n<meta property=\"og:site_name\" content=\"Rebeldes con causa, el blog de reclamador.es\" \/>\n<meta property=\"article:publisher\" content=\"https:\/\/www.facebook.com\/reclamador.es\" \/>\n<meta property=\"article:published_time\" content=\"2022-06-03T07:47:56+00:00\" \/>\n<meta property=\"article:modified_time\" content=\"2025-03-07T11:19:32+00:00\" \/>\n<meta property=\"og:image\" content=\"https:\/\/www.reclamador.es\/blog\/wp-content\/uploads\/2022\/06\/cancelaciones-de-vuelo-de-easyjet-afectados-reclamar.jpg\" \/>\n\t<meta property=\"og:image:width\" content=\"1200\" \/>\n\t<meta property=\"og:image:height\" content=\"682\" \/>\n\t<meta property=\"og:image:type\" content=\"image\/jpeg\" \/>\n<meta name=\"author\" content=\"Equipo reclamador\" \/>\n<meta name=\"twitter:card\" content=\"summary_large_image\" \/>\n<meta name=\"twitter:creator\" content=\"@reclamador\" \/>\n<meta name=\"twitter:site\" content=\"@reclamador\" \/>\n<meta name=\"twitter:label1\" content=\"Escrito por\" \/>\n\t<meta name=\"twitter:data1\" content=\"Equipo reclamador\" \/>\n\t<meta name=\"twitter:label2\" content=\"Tiempo de lectura\" \/>\n\t<meta name=\"twitter:data2\" content=\"3 minutos\" \/>\n<script type=\"application\/ld+json\" class=\"yoast-schema-graph\">{\"@context\":\"https:\\\/\\\/schema.org\",\"@graph\":[{\"@type\":\"Article\",\"@id\":\"https:\\\/\\\/www.reclamador.es\\\/blog\\\/numerosas-cancelaciones-vuelo-easyjet-reclamaciones-afectados\\\/#article\",\"isPartOf\":{\"@id\":\"https:\\\/\\\/www.reclamador.es\\\/blog\\\/numerosas-cancelaciones-vuelo-easyjet-reclamaciones-afectados\\\/\"},\"author\":{\"name\":\"Equipo reclamador\",\"@id\":\"https:\\\/\\\/www.reclamador.es\\\/blog\\\/#\\\/schema\\\/person\\\/1ed83eef8b6566cb5e4c812d9bc5c4bf\"},\"headline\":\"\u00bfAfectado por las cerca de 450 cancelaciones de vuelos de easyJet en solo 10 d\u00edas?\",\"datePublished\":\"2022-06-03T07:47:56+00:00\",\"dateModified\":\"2025-03-07T11:19:32+00:00\",\"mainEntityOfPage\":{\"@id\":\"https:\\\/\\\/www.reclamador.es\\\/blog\\\/numerosas-cancelaciones-vuelo-easyjet-reclamaciones-afectados\\\/\"},\"wordCount\":508,\"commentCount\":0,\"publisher\":{\"@id\":\"https:\\\/\\\/www.reclamador.es\\\/blog\\\/#organization\"},\"image\":{\"@id\":\"https:\\\/\\\/www.reclamador.es\\\/blog\\\/numerosas-cancelaciones-vuelo-easyjet-reclamaciones-afectados\\\/#primaryimage\"},\"thumbnailUrl\":\"https:\\\/\\\/i0.wp.com\\\/www.reclamador.es\\\/blog\\\/wp-content\\\/uploads\\\/2022\\\/06\\\/cancelaciones-de-vuelo-de-easyjet-afectados-reclamar.jpg?fit=1200%2C682&ssl=1\",\"keywords\":[\"aerol\u00edneas\",\"cancelaci\u00f3n\",\"reclamaci\u00f3n\"],\"articleSection\":[\"Noticias y actualidad\"],\"inLanguage\":\"es\",\"potentialAction\":[{\"@type\":\"CommentAction\",\"name\":\"Comment\",\"target\":[\"https:\\\/\\\/www.reclamador.es\\\/blog\\\/numerosas-cancelaciones-vuelo-easyjet-reclamaciones-afectados\\\/#respond\"]}]},{\"@type\":\"WebPage\",\"@id\":\"https:\\\/\\\/www.reclamador.es\\\/blog\\\/numerosas-cancelaciones-vuelo-easyjet-reclamaciones-afectados\\\/\",\"url\":\"https:\\\/\\\/www.reclamador.es\\\/blog\\\/numerosas-cancelaciones-vuelo-easyjet-reclamaciones-afectados\\\/\",\"name\":\"450 cancelaciones de vuelo de easyJet en 10 d\u00edas\",\"isPartOf\":{\"@id\":\"https:\\\/\\\/www.reclamador.es\\\/blog\\\/#website\"},\"primaryImageOfPage\":{\"@id\":\"https:\\\/\\\/www.reclamador.es\\\/blog\\\/numerosas-cancelaciones-vuelo-easyjet-reclamaciones-afectados\\\/#primaryimage\"},\"image\":{\"@id\":\"https:\\\/\\\/www.reclamador.es\\\/blog\\\/numerosas-cancelaciones-vuelo-easyjet-reclamaciones-afectados\\\/#primaryimage\"},\"thumbnailUrl\":\"https:\\\/\\\/i0.wp.com\\\/www.reclamador.es\\\/blog\\\/wp-content\\\/uploads\\\/2022\\\/06\\\/cancelaciones-de-vuelo-de-easyjet-afectados-reclamar.jpg?fit=1200%2C682&ssl=1\",\"datePublished\":\"2022-06-03T07:47:56+00:00\",\"dateModified\":\"2025-03-07T11:19:32+00:00\",\"description\":\"Durante 10 d\u00edas, se han anunciado 450 cancelaciones de vuelo de easyJet, afectando a miles de viajeros, que tienen derecho a indemnizaci\u00f3n.\",\"breadcrumb\":{\"@id\":\"https:\\\/\\\/www.reclamador.es\\\/blog\\\/numerosas-cancelaciones-vuelo-easyjet-reclamaciones-afectados\\\/#breadcrumb\"},\"inLanguage\":\"es\",\"potentialAction\":[{\"@type\":\"ReadAction\",\"target\":[\"https:\\\/\\\/www.reclamador.es\\\/blog\\\/numerosas-cancelaciones-vuelo-easyjet-reclamaciones-afectados\\\/\"]}]},{\"@type\":\"ImageObject\",\"inLanguage\":\"es\",\"@id\":\"https:\\\/\\\/www.reclamador.es\\\/blog\\\/numerosas-cancelaciones-vuelo-easyjet-reclamaciones-afectados\\\/#primaryimage\",\"url\":\"https:\\\/\\\/i0.wp.com\\\/www.reclamador.es\\\/blog\\\/wp-content\\\/uploads\\\/2022\\\/06\\\/cancelaciones-de-vuelo-de-easyjet-afectados-reclamar.jpg?fit=1200%2C682&ssl=1\",\"contentUrl\":\"https:\\\/\\\/i0.wp.com\\\/www.reclamador.es\\\/blog\\\/wp-content\\\/uploads\\\/2022\\\/06\\\/cancelaciones-de-vuelo-de-easyjet-afectados-reclamar.jpg?fit=1200%2C682&ssl=1\",\"width\":1200,\"height\":682,\"caption\":\"450 cancelaciones de vuelo de easyJet- Derechos de los afectados\"},{\"@type\":\"BreadcrumbList\",\"@id\":\"https:\\\/\\\/www.reclamador.es\\\/blog\\\/numerosas-cancelaciones-vuelo-easyjet-reclamaciones-afectados\\\/#breadcrumb\",\"itemListElement\":[{\"@type\":\"ListItem\",\"position\":1,\"name\":\"Portada\",\"item\":\"https:\\\/\\\/www.reclamador.es\\\/blog\\\/\"},{\"@type\":\"ListItem\",\"position\":2,\"name\":\"\u00bfAfectado por las cerca de 450 cancelaciones de vuelos de easyJet en solo 10 d\u00edas?\"}]},{\"@type\":\"WebSite\",\"@id\":\"https:\\\/\\\/www.reclamador.es\\\/blog\\\/#website\",\"url\":\"https:\\\/\\\/www.reclamador.es\\\/blog\\\/\",\"name\":\"Rebeldes con causa, el blog de reclamador.es\",\"description\":\"Noticias, entrevistas y consejos sobre reclamaciones\",\"publisher\":{\"@id\":\"https:\\\/\\\/www.reclamador.es\\\/blog\\\/#organization\"},\"potentialAction\":[{\"@type\":\"SearchAction\",\"target\":{\"@type\":\"EntryPoint\",\"urlTemplate\":\"https:\\\/\\\/www.reclamador.es\\\/blog\\\/?s={search_term_string}\"},\"query-input\":{\"@type\":\"PropertyValueSpecification\",\"valueRequired\":true,\"valueName\":\"search_term_string\"}}],\"inLanguage\":\"es\"},{\"@type\":\"Organization\",\"@id\":\"https:\\\/\\\/www.reclamador.es\\\/blog\\\/#organization\",\"name\":\"reclamador.es\",\"url\":\"https:\\\/\\\/www.reclamador.es\\\/blog\\\/\",\"logo\":{\"@type\":\"ImageObject\",\"inLanguage\":\"es\",\"@id\":\"https:\\\/\\\/www.reclamador.es\\\/blog\\\/#\\\/schema\\\/logo\\\/image\\\/\",\"url\":\"https:\\\/\\\/i0.wp.com\\\/www.reclamador.es\\\/blog\\\/wp-content\\\/uploads\\\/2020\\\/01\\\/logo-reclamador.png?fit=1200%2C144&ssl=1\",\"contentUrl\":\"https:\\\/\\\/i0.wp.com\\\/www.reclamador.es\\\/blog\\\/wp-content\\\/uploads\\\/2020\\\/01\\\/logo-reclamador.png?fit=1200%2C144&ssl=1\",\"width\":1200,\"height\":144,\"caption\":\"reclamador.es\"},\"image\":{\"@id\":\"https:\\\/\\\/www.reclamador.es\\\/blog\\\/#\\\/schema\\\/logo\\\/image\\\/\"},\"sameAs\":[\"https:\\\/\\\/www.facebook.com\\\/reclamador.es\",\"https:\\\/\\\/x.com\\\/reclamador\",\"https:\\\/\\\/www.instagram.com\\\/reclamador.es\\\/\",\"https:\\\/\\\/www.linkedin.com\\\/company\\\/reclamador-es\",\"https:\\\/\\\/www.youtube.com\\\/user\\\/Reclamadores\"]},{\"@type\":\"Person\",\"@id\":\"https:\\\/\\\/www.reclamador.es\\\/blog\\\/#\\\/schema\\\/person\\\/1ed83eef8b6566cb5e4c812d9bc5c4bf\",\"name\":\"Equipo reclamador\",\"image\":{\"@type\":\"ImageObject\",\"inLanguage\":\"es\",\"@id\":\"https:\\\/\\\/secure.gravatar.com\\\/avatar\\\/6442ecdc2c4472c600c113f34d340feca47107d6aa4f42f1e3e75a2a8e28a760?s=96&d=mm&r=g\",\"url\":\"https:\\\/\\\/secure.gravatar.com\\\/avatar\\\/6442ecdc2c4472c600c113f34d340feca47107d6aa4f42f1e3e75a2a8e28a760?s=96&d=mm&r=g\",\"contentUrl\":\"https:\\\/\\\/secure.gravatar.com\\\/avatar\\\/6442ecdc2c4472c600c113f34d340feca47107d6aa4f42f1e3e75a2a8e28a760?s=96&d=mm&r=g\",\"caption\":\"Equipo reclamador\"},\"description\":\"Las personas que hacen posible reclamador.es\",\"url\":\"https:\\\/\\\/www.reclamador.es\\\/blog\\\/author\\\/administrador\\\/\"}]}<\/script>\n<!-- \/ Yoast SEO plugin. -->","yoast_head_json":{"title":"450 cancelaciones de vuelo de easyJet en 10 d\u00edas","description":"Durante 10 d\u00edas, se han anunciado 450 cancelaciones de vuelo de easyJet, afectando a miles de viajeros, que tienen derecho a indemnizaci\u00f3n.","robots":{"index":"index","follow":"follow","max-snippet":"max-snippet:-1","max-image-preview":"max-image-preview:large","max-video-preview":"max-video-preview:-1"},"canonical":"https:\/\/www.reclamador.es\/blog\/numerosas-cancelaciones-vuelo-easyjet-reclamaciones-afectados\/","og_locale":"es_ES","og_type":"article","og_title":"450 cancelaciones de vuelo de easyJet en 10 d\u00edas","og_description":"Durante 10 d\u00edas, se han anunciado 450 cancelaciones de vuelo de easyJet, afectando a miles de viajeros, que tienen derecho a indemnizaci\u00f3n.","og_url":"https:\/\/www.reclamador.es\/blog\/numerosas-cancelaciones-vuelo-easyjet-reclamaciones-afectados\/","og_site_name":"Rebeldes con causa, el blog de reclamador.es","article_publisher":"https:\/\/www.facebook.com\/reclamador.es","article_published_time":"2022-06-03T07:47:56+00:00","article_modified_time":"2025-03-07T11:19:32+00:00","og_image":[{"width":1200,"height":682,"url":"https:\/\/www.reclamador.es\/blog\/wp-content\/uploads\/2022\/06\/cancelaciones-de-vuelo-de-easyjet-afectados-reclamar.jpg","type":"image\/jpeg"}],"author":"Equipo reclamador","twitter_card":"summary_large_image","twitter_creator":"@reclamador","twitter_site":"@reclamador","twitter_misc":{"Escrito por":"Equipo reclamador","Tiempo de lectura":"3 minutos"},"schema":{"@context":"https:\/\/schema.org","@graph":[{"@type":"Article","@id":"https:\/\/www.reclamador.es\/blog\/numerosas-cancelaciones-vuelo-easyjet-reclamaciones-afectados\/#article","isPartOf":{"@id":"https:\/\/www.reclamador.es\/blog\/numerosas-cancelaciones-vuelo-easyjet-reclamaciones-afectados\/"},"author":{"name":"Equipo reclamador","@id":"https:\/\/www.reclamador.es\/blog\/#\/schema\/person\/1ed83eef8b6566cb5e4c812d9bc5c4bf"},"headline":"\u00bfAfectado por las cerca de 450 cancelaciones de vuelos de easyJet en solo 10 d\u00edas?","datePublished":"2022-06-03T07:47:56+00:00","dateModified":"2025-03-07T11:19:32+00:00","mainEntityOfPage":{"@id":"https:\/\/www.reclamador.es\/blog\/numerosas-cancelaciones-vuelo-easyjet-reclamaciones-afectados\/"},"wordCount":508,"commentCount":0,"publisher":{"@id":"https:\/\/www.reclamador.es\/blog\/#organization"},"image":{"@id":"https:\/\/www.reclamador.es\/blog\/numerosas-cancelaciones-vuelo-easyjet-reclamaciones-afectados\/#primaryimage"},"thumbnailUrl":"https:\/\/i0.wp.com\/www.reclamador.es\/blog\/wp-content\/uploads\/2022\/06\/cancelaciones-de-vuelo-de-easyjet-afectados-reclamar.jpg?fit=1200%2C682&ssl=1","keywords":["aerol\u00edneas","cancelaci\u00f3n","reclamaci\u00f3n"],"articleSection":["Noticias y actualidad"],"inLanguage":"es","potentialAction":[{"@type":"CommentAction","name":"Comment","target":["https:\/\/www.reclamador.es\/blog\/numerosas-cancelaciones-vuelo-easyjet-reclamaciones-afectados\/#respond"]}]},{"@type":"WebPage","@id":"https:\/\/www.reclamador.es\/blog\/numerosas-cancelaciones-vuelo-easyjet-reclamaciones-afectados\/","url":"https:\/\/www.reclamador.es\/blog\/numerosas-cancelaciones-vuelo-easyjet-reclamaciones-afectados\/","name":"450 cancelaciones de vuelo de easyJet en 10 d\u00edas","isPartOf":{"@id":"https:\/\/www.reclamador.es\/blog\/#website"},"primaryImageOfPage":{"@id":"https:\/\/www.reclamador.es\/blog\/numerosas-cancelaciones-vuelo-easyjet-reclamaciones-afectados\/#primaryimage"},"image":{"@id":"https:\/\/www.reclamador.es\/blog\/numerosas-cancelaciones-vuelo-easyjet-reclamaciones-afectados\/#primaryimage"},"thumbnailUrl":"https:\/\/i0.wp.com\/www.reclamador.es\/blog\/wp-content\/uploads\/2022\/06\/cancelaciones-de-vuelo-de-easyjet-afectados-reclamar.jpg?fit=1200%2C682&ssl=1","datePublished":"2022-06-03T07:47:56+00:00","dateModified":"2025-03-07T11:19:32+00:00","description":"Durante 10 d\u00edas, se han anunciado 450 cancelaciones de vuelo de easyJet, afectando a miles de viajeros, que tienen derecho a indemnizaci\u00f3n.","breadcrumb":{"@id":"https:\/\/www.reclamador.es\/blog\/numerosas-cancelaciones-vuelo-easyjet-reclamaciones-afectados\/#breadcrumb"},"inLanguage":"es","potentialAction":[{"@type":"ReadAction","target":["https:\/\/www.reclamador.es\/blog\/numerosas-cancelaciones-vuelo-easyjet-reclamaciones-afectados\/"]}]},{"@type":"ImageObject","inLanguage":"es","@id":"https:\/\/www.reclamador.es\/blog\/numerosas-cancelaciones-vuelo-easyjet-reclamaciones-afectados\/#primaryimage","url":"https:\/\/i0.wp.com\/www.reclamador.es\/blog\/wp-content\/uploads\/2022\/06\/cancelaciones-de-vuelo-de-easyjet-afectados-reclamar.jpg?fit=1200%2C682&ssl=1","contentUrl":"https:\/\/i0.wp.com\/www.reclamador.es\/blog\/wp-content\/uploads\/2022\/06\/cancelaciones-de-vuelo-de-easyjet-afectados-reclamar.jpg?fit=1200%2C682&ssl=1","width":1200,"height":682,"caption":"450 cancelaciones de vuelo de easyJet- Derechos de los afectados"},{"@type":"BreadcrumbList","@id":"https:\/\/www.reclamador.es\/blog\/numerosas-cancelaciones-vuelo-easyjet-reclamaciones-afectados\/#breadcrumb","itemListElement":[{"@type":"ListItem","position":1,"name":"Portada","item":"https:\/\/www.reclamador.es\/blog\/"},{"@type":"ListItem","position":2,"name":"\u00bfAfectado por las cerca de 450 cancelaciones de vuelos de easyJet en solo 10 d\u00edas?"}]},{"@type":"WebSite","@id":"https:\/\/www.reclamador.es\/blog\/#website","url":"https:\/\/www.reclamador.es\/blog\/","name":"Rebeldes con causa, el blog de reclamador.es","description":"Noticias, entrevistas y consejos sobre reclamaciones","publisher":{"@id":"https:\/\/www.reclamador.es\/blog\/#organization"},"potentialAction":[{"@type":"SearchAction","target":{"@type":"EntryPoint","urlTemplate":"https:\/\/www.reclamador.es\/blog\/?s={search_term_string}"},"query-input":{"@type":"PropertyValueSpecification","valueRequired":true,"valueName":"search_term_string"}}],"inLanguage":"es"},{"@type":"Organization","@id":"https:\/\/www.reclamador.es\/blog\/#organization","name":"reclamador.es","url":"https:\/\/www.reclamador.es\/blog\/","logo":{"@type":"ImageObject","inLanguage":"es","@id":"https:\/\/www.reclamador.es\/blog\/#\/schema\/logo\/image\/","url":"https:\/\/i0.wp.com\/www.reclamador.es\/blog\/wp-content\/uploads\/2020\/01\/logo-reclamador.png?fit=1200%2C144&ssl=1","contentUrl":"https:\/\/i0.wp.com\/www.reclamador.es\/blog\/wp-content\/uploads\/2020\/01\/logo-reclamador.png?fit=1200%2C144&ssl=1","width":1200,"height":144,"caption":"reclamador.es"},"image":{"@id":"https:\/\/www.reclamador.es\/blog\/#\/schema\/logo\/image\/"},"sameAs":["https:\/\/www.facebook.com\/reclamador.es","https:\/\/x.com\/reclamador","https:\/\/www.instagram.com\/reclamador.es\/","https:\/\/www.linkedin.com\/company\/reclamador-es","https:\/\/www.youtube.com\/user\/Reclamadores"]},{"@type":"Person","@id":"https:\/\/www.reclamador.es\/blog\/#\/schema\/person\/1ed83eef8b6566cb5e4c812d9bc5c4bf","name":"Equipo reclamador","image":{"@type":"ImageObject","inLanguage":"es","@id":"https:\/\/secure.gravatar.com\/avatar\/6442ecdc2c4472c600c113f34d340feca47107d6aa4f42f1e3e75a2a8e28a760?s=96&d=mm&r=g","url":"https:\/\/secure.gravatar.com\/avatar\/6442ecdc2c4472c600c113f34d340feca47107d6aa4f42f1e3e75a2a8e28a760?s=96&d=mm&r=g","contentUrl":"https:\/\/secure.gravatar.com\/avatar\/6442ecdc2c4472c600c113f34d340feca47107d6aa4f42f1e3e75a2a8e28a760?s=96&d=mm&r=g","caption":"Equipo reclamador"},"description":"Las personas que hacen posible reclamador.es","url":"https:\/\/www.reclamador.es\/blog\/author\/administrador\/"}]}},"jetpack_featured_media_url":"https:\/\/i0.wp.com\/www.reclamador.es\/blog\/wp-content\/uploads\/2022\/06\/cancelaciones-de-vuelo-de-easyjet-afectados-reclamar.jpg?fit=1200%2C682&ssl=1","jetpack-related-posts":[{"id":29929,"url":"https:\/\/www.reclamador.es\/blog\/huelga-de-easyjet-en-espana\/","url_meta":{"origin":29873,"position":0},"title":"Huelga de easyJet junio 2025: los derechos de los afectados","author":"Equipo reclamador","date":"27 junio, 2025","format":false,"excerpt":"Del 25 al 27 de junio, los tripulantes de cabina de aerol\u00ednea easyJet han convocado paros en su actividad habitual. M\u00e1s de 200 vuelos con origen o destino Espa\u00f1a han sido cancelados por easyJet en estos 3 d\u00edas de huelga en los aeropuertos de M\u00e1laga, Mallorca, Alicante y Barcelona.\u00a0 Esta\u2026","rel":"","context":"En \u00abNoticias y actualidad\u00bb","block_context":{"text":"Noticias y actualidad","link":"https:\/\/www.reclamador.es\/blog\/noticias\/"},"img":{"alt_text":"huelga de tcp de easyjet","src":"https:\/\/i0.wp.com\/www.reclamador.es\/blog\/wp-content\/uploads\/2022\/06\/huelga-de-easyjet-reclamaciones.jpg?fit=1200%2C688&ssl=1&resize=350%2C200","width":350,"height":200,"srcset":"https:\/\/i0.wp.com\/www.reclamador.es\/blog\/wp-content\/uploads\/2022\/06\/huelga-de-easyjet-reclamaciones.jpg?fit=1200%2C688&ssl=1&resize=350%2C200 1x, https:\/\/i0.wp.com\/www.reclamador.es\/blog\/wp-content\/uploads\/2022\/06\/huelga-de-easyjet-reclamaciones.jpg?fit=1200%2C688&ssl=1&resize=525%2C300 1.5x, https:\/\/i0.wp.com\/www.reclamador.es\/blog\/wp-content\/uploads\/2022\/06\/huelga-de-easyjet-reclamaciones.jpg?fit=1200%2C688&ssl=1&resize=700%2C400 2x, https:\/\/i0.wp.com\/www.reclamador.es\/blog\/wp-content\/uploads\/2022\/06\/huelga-de-easyjet-reclamaciones.jpg?fit=1200%2C688&ssl=1&resize=1050%2C600 3x"},"classes":[]},{"id":22670,"url":"https:\/\/www.reclamador.es\/blog\/aerolineas-huelgas-de-personal-informar-de-cancelaciones-vuelos-15-dias\/","url_meta":{"origin":29873,"position":1},"title":"Pasajeros frente a huelgas de personal de aerol\u00edneas: \u00bfCu\u00e1ndo te han avisado de los cambios en tu vuelo?","author":"Equipo reclamador","date":"26 enero, 2024","format":false,"excerpt":"Las huelgas del personal de aerol\u00edneas son uno de los mayores dolores de cabeza para los pasajeros. Cancelaciones y retrasos de vuelos se convierten en una pesadilla cuando las aerol\u00edneas se ven afectadas por paros laborales. Si bien la situaci\u00f3n es frustrante, como pasajero tienes derechos y puedes reclamar compensaciones.\u2026","rel":"","context":"En \u00abConsejos legales\u00bb","block_context":{"text":"Consejos legales","link":"https:\/\/www.reclamador.es\/blog\/consejos\/"},"img":{"alt_text":"huelgas personal de las aerolineas - plazos reclamar - reclamador","src":"https:\/\/i0.wp.com\/www.reclamador.es\/blog\/wp-content\/uploads\/2019\/08\/huelgas-personal-de-las-aerolineas-plazos-reclamar-reclamador.jpg?fit=1199%2C630&ssl=1&resize=350%2C200","width":350,"height":200,"srcset":"https:\/\/i0.wp.com\/www.reclamador.es\/blog\/wp-content\/uploads\/2019\/08\/huelgas-personal-de-las-aerolineas-plazos-reclamar-reclamador.jpg?fit=1199%2C630&ssl=1&resize=350%2C200 1x, https:\/\/i0.wp.com\/www.reclamador.es\/blog\/wp-content\/uploads\/2019\/08\/huelgas-personal-de-las-aerolineas-plazos-reclamar-reclamador.jpg?fit=1199%2C630&ssl=1&resize=525%2C300 1.5x, https:\/\/i0.wp.com\/www.reclamador.es\/blog\/wp-content\/uploads\/2019\/08\/huelgas-personal-de-las-aerolineas-plazos-reclamar-reclamador.jpg?fit=1199%2C630&ssl=1&resize=700%2C400 2x, https:\/\/i0.wp.com\/www.reclamador.es\/blog\/wp-content\/uploads\/2019\/08\/huelgas-personal-de-las-aerolineas-plazos-reclamar-reclamador.jpg?fit=1199%2C630&ssl=1&resize=1050%2C600 3x"},"classes":[]},{"id":29920,"url":"https:\/\/www.reclamador.es\/blog\/huelgas-ryanair-desde-2018-mas-1300-reclamaciones-ganadas\/","url_meta":{"origin":29873,"position":2},"title":"M\u00e1s de 1.300 reclamaciones ganadas a Ryanair por sus huelgas de personal","author":"Equipo reclamador","date":"28 junio, 2022","format":false,"excerpt":"El inicio del verano 2022 ha empezado con turbulencias en el sector a\u00e9reo. Tanto los TCP de Ryanair en varios pa\u00edses europeos, entre ellos Espa\u00f1a, como los trabajadores de easyJet en nuestro pa\u00eds han convocado diversas jornadas de huelga. A lo que hay que sumar las cancelaciones por falta de\u2026","rel":"","context":"En \u00abNoticias y actualidad\u00bb","block_context":{"text":"Noticias y actualidad","link":"https:\/\/www.reclamador.es\/blog\/noticias\/"},"img":{"alt_text":"reclamaciones ganadas huelgas ryanair","src":"https:\/\/i0.wp.com\/www.reclamador.es\/blog\/wp-content\/uploads\/2022\/06\/huelgas-de-ryanair-reclamaciones-ganadas-desde-2018-1.jpg?fit=1200%2C673&ssl=1&resize=350%2C200","width":350,"height":200,"srcset":"https:\/\/i0.wp.com\/www.reclamador.es\/blog\/wp-content\/uploads\/2022\/06\/huelgas-de-ryanair-reclamaciones-ganadas-desde-2018-1.jpg?fit=1200%2C673&ssl=1&resize=350%2C200 1x, https:\/\/i0.wp.com\/www.reclamador.es\/blog\/wp-content\/uploads\/2022\/06\/huelgas-de-ryanair-reclamaciones-ganadas-desde-2018-1.jpg?fit=1200%2C673&ssl=1&resize=525%2C300 1.5x, https:\/\/i0.wp.com\/www.reclamador.es\/blog\/wp-content\/uploads\/2022\/06\/huelgas-de-ryanair-reclamaciones-ganadas-desde-2018-1.jpg?fit=1200%2C673&ssl=1&resize=700%2C400 2x, https:\/\/i0.wp.com\/www.reclamador.es\/blog\/wp-content\/uploads\/2022\/06\/huelgas-de-ryanair-reclamaciones-ganadas-desde-2018-1.jpg?fit=1200%2C673&ssl=1&resize=1050%2C600 3x"},"classes":[]},{"id":32839,"url":"https:\/\/www.reclamador.es\/blog\/ranking-aerolineas-mas-reclamadas-verano\/","url_meta":{"origin":29873,"position":3},"title":"Ranking verano 2024: las aerol\u00edneas m\u00e1s reclamadas","author":"Equipo reclamador","date":"17 septiembre, 2024","format":false,"excerpt":"Durante los meses de junio, julio y agosto de 2024, reclamador.es ha registrado m\u00e1s de 13.000 reclamaciones contra 113 aerol\u00edneas, con Ryanair y Vueling liderando la lista de las m\u00e1s reclamadas por incidentes como retrasos (49 %) y cancelaciones (39,5 %). Las indemnizaciones pueden alcanzar los 600 \u20ac, m\u00e1s los\u2026","rel":"","context":"En \u00abNoticias y actualidad\u00bb","block_context":{"text":"Noticias y actualidad","link":"https:\/\/www.reclamador.es\/blog\/noticias\/"},"img":{"alt_text":"ryanair aeropuerto - aerolinea m\u00e1s reclamada","src":"https:\/\/i0.wp.com\/www.reclamador.es\/blog\/wp-content\/uploads\/2024\/09\/ranking-aerolineas-mas-reclamadas-verano-2024-1200x630-1.jpg?fit=1200%2C630&ssl=1&resize=350%2C200","width":350,"height":200,"srcset":"https:\/\/i0.wp.com\/www.reclamador.es\/blog\/wp-content\/uploads\/2024\/09\/ranking-aerolineas-mas-reclamadas-verano-2024-1200x630-1.jpg?fit=1200%2C630&ssl=1&resize=350%2C200 1x, https:\/\/i0.wp.com\/www.reclamador.es\/blog\/wp-content\/uploads\/2024\/09\/ranking-aerolineas-mas-reclamadas-verano-2024-1200x630-1.jpg?fit=1200%2C630&ssl=1&resize=525%2C300 1.5x, https:\/\/i0.wp.com\/www.reclamador.es\/blog\/wp-content\/uploads\/2024\/09\/ranking-aerolineas-mas-reclamadas-verano-2024-1200x630-1.jpg?fit=1200%2C630&ssl=1&resize=700%2C400 2x, https:\/\/i0.wp.com\/www.reclamador.es\/blog\/wp-content\/uploads\/2024\/09\/ranking-aerolineas-mas-reclamadas-verano-2024-1200x630-1.jpg?fit=1200%2C630&ssl=1&resize=1050%2C600 3x"},"classes":[]},{"id":35897,"url":"https:\/\/www.reclamador.es\/blog\/cancelacion-de-vuelo-por-subida-de-combustible-reclamaciones\/","url_meta":{"origin":29873,"position":4},"title":"\u00bfCorresponde compensaci\u00f3n econ\u00f3mica si te cancelan el vuelo por la subida del combustible?","author":"Leticia Grande","date":"26 abril, 2026","format":false,"excerpt":"La inestabilidad pol\u00edtica y econ\u00f3mica derivada del cierre del estrecho de Ormuz tiene implicaciones directas en el sector tur\u00edstico. Primeramente, vimos la cancelaci\u00f3n de vuelos masiva en Oriente Medio y, ahora, los problemas con los suministros de combustibles dada la situaci\u00f3n geopol\u00edtica de la zona. Aerol\u00edneas como Lufthansa o Volotea\u2026","rel":"","context":"En \u00abNoticias y actualidad\u00bb","block_context":{"text":"Noticias y actualidad","link":"https:\/\/www.reclamador.es\/blog\/noticias\/"},"img":{"alt_text":"reclamar vuelo cancelado por subida de precio de combustible 2026","src":"https:\/\/i0.wp.com\/www.reclamador.es\/blog\/wp-content\/uploads\/2026\/04\/reclamar-cancelacion-de-vuelo-por-falta-de-combustible.jpg?fit=1200%2C630&ssl=1&resize=350%2C200","width":350,"height":200,"srcset":"https:\/\/i0.wp.com\/www.reclamador.es\/blog\/wp-content\/uploads\/2026\/04\/reclamar-cancelacion-de-vuelo-por-falta-de-combustible.jpg?fit=1200%2C630&ssl=1&resize=350%2C200 1x, https:\/\/i0.wp.com\/www.reclamador.es\/blog\/wp-content\/uploads\/2026\/04\/reclamar-cancelacion-de-vuelo-por-falta-de-combustible.jpg?fit=1200%2C630&ssl=1&resize=525%2C300 1.5x, https:\/\/i0.wp.com\/www.reclamador.es\/blog\/wp-content\/uploads\/2026\/04\/reclamar-cancelacion-de-vuelo-por-falta-de-combustible.jpg?fit=1200%2C630&ssl=1&resize=700%2C400 2x, https:\/\/i0.wp.com\/www.reclamador.es\/blog\/wp-content\/uploads\/2026\/04\/reclamar-cancelacion-de-vuelo-por-falta-de-combustible.jpg?fit=1200%2C630&ssl=1&resize=1050%2C600 3x"},"classes":[]},{"id":35619,"url":"https:\/\/www.reclamador.es\/blog\/huelga-de-lufthansa-vuelos-cancelados-derechos\/","url_meta":{"origin":29873,"position":5},"title":"Huelga en Lufthansa marzo 2026: M\u00e1s del 50 % de los vuelos desde M\u00fanich y Fr\u00e1ncfort cancelados","author":"Equipo reclamador","date":"12 marzo, 2026","format":false,"excerpt":"En un solo d\u00eda de huelga el pasado mes de febrero de los tcp y pilotos de Lufthansa en Alemania, m\u00e1s de 1.000 vuelos con origen o destino aeropuertos germanos fueron cancelados. Y la situaci\u00f3n se repita justo un mes despu\u00e9s. Este 12 y 13 de marzo, los pilotos de\u2026","rel":"","context":"En \u00abNoticias y actualidad\u00bb","block_context":{"text":"Noticias y actualidad","link":"https:\/\/www.reclamador.es\/blog\/noticias\/"},"img":{"alt_text":"reclamar indemnizaci\u00f3n por huelga de lufthansa 2026","src":"https:\/\/i0.wp.com\/www.reclamador.es\/blog\/wp-content\/uploads\/2026\/02\/huelga-de-lufthansa.jpg?fit=1200%2C630&ssl=1&resize=350%2C200","width":350,"height":200,"srcset":"https:\/\/i0.wp.com\/www.reclamador.es\/blog\/wp-content\/uploads\/2026\/02\/huelga-de-lufthansa.jpg?fit=1200%2C630&ssl=1&resize=350%2C200 1x, https:\/\/i0.wp.com\/www.reclamador.es\/blog\/wp-content\/uploads\/2026\/02\/huelga-de-lufthansa.jpg?fit=1200%2C630&ssl=1&resize=525%2C300 1.5x, https:\/\/i0.wp.com\/www.reclamador.es\/blog\/wp-content\/uploads\/2026\/02\/huelga-de-lufthansa.jpg?fit=1200%2C630&ssl=1&resize=700%2C400 2x, https:\/\/i0.wp.com\/www.reclamador.es\/blog\/wp-content\/uploads\/2026\/02\/huelga-de-lufthansa.jpg?fit=1200%2C630&ssl=1&resize=1050%2C600 3x"},"classes":[]}],"jetpack_sharing_enabled":true,"_links":{"self":[{"href":"https:\/\/www.reclamador.es\/blog\/wp-json\/wp\/v2\/posts\/29873","targetHints":{"allow":["GET"]}}],"collection":[{"href":"https:\/\/www.reclamador.es\/blog\/wp-json\/wp\/v2\/posts"}],"about":[{"href":"https:\/\/www.reclamador.es\/blog\/wp-json\/wp\/v2\/types\/post"}],"author":[{"embeddable":true,"href":"https:\/\/www.reclamador.es\/blog\/wp-json\/wp\/v2\/users\/1"}],"replies":[{"embeddable":true,"href":"https:\/\/www.reclamador.es\/blog\/wp-json\/wp\/v2\/comments?post=29873"}],"version-history":[{"count":7,"href":"https:\/\/www.reclamador.es\/blog\/wp-json\/wp\/v2\/posts\/29873\/revisions"}],"predecessor-version":[{"id":31119,"href":"https:\/\/www.reclamador.es\/blog\/wp-json\/wp\/v2\/posts\/29873\/revisions\/31119"}],"wp:featuredmedia":[{"embeddable":true,"href":"https:\/\/www.reclamador.es\/blog\/wp-json\/wp\/v2\/media\/29877"}],"wp:attachment":[{"href":"https:\/\/www.reclamador.es\/blog\/wp-json\/wp\/v2\/media?parent=29873"}],"wp:term":[{"taxonomy":"category","embeddable":true,"href":"https:\/\/www.reclamador.es\/blog\/wp-json\/wp\/v2\/categories?post=29873"},{"taxonomy":"post_tag","embeddable":true,"href":"https:\/\/www.reclamador.es\/blog\/wp-json\/wp\/v2\/tags?post=29873"}],"curies":[{"name":"wp","href":"https:\/\/api.w.org\/{rel}","templated":true}]}}