{"id":29667,"date":"2022-05-10T10:18:30","date_gmt":"2022-05-10T08:18:30","guid":{"rendered":"https:\/\/www.reclamador.es\/blog\/?p=29667"},"modified":"2024-06-07T10:38:24","modified_gmt":"2024-06-07T08:38:24","slug":"pension-no-contributiva-jubilacion","status":"publish","type":"post","link":"https:\/\/www.reclamador.es\/blog\/pension-no-contributiva-jubilacion\/","title":{"rendered":"Pensi\u00f3n de jubilaci\u00f3n no contributiva: qu\u00e9 es, requisitos y cu\u00e1nto se cobra"},"content":{"rendered":"<div class=\"ttr_start\"><\/div>\n\n<div class=\"kk-star-ratings kksr-auto kksr-align-right kksr-valign-top\"\n    data-payload='{&quot;align&quot;:&quot;right&quot;,&quot;id&quot;:&quot;29667&quot;,&quot;slug&quot;:&quot;default&quot;,&quot;valign&quot;:&quot;top&quot;,&quot;ignore&quot;:&quot;&quot;,&quot;reference&quot;:&quot;auto&quot;,&quot;class&quot;:&quot;&quot;,&quot;count&quot;:&quot;0&quot;,&quot;legendonly&quot;:&quot;&quot;,&quot;readonly&quot;:&quot;&quot;,&quot;score&quot;:&quot;0&quot;,&quot;starsonly&quot;:&quot;&quot;,&quot;best&quot;:&quot;5&quot;,&quot;gap&quot;:&quot;3&quot;,&quot;greet&quot;:&quot;Valora este art\u00edculo&quot;,&quot;legend&quot;:&quot;0\\\/5 - (0 votos)&quot;,&quot;size&quot;:&quot;20&quot;,&quot;title&quot;:&quot;Pensi\u00f3n de jubilaci\u00f3n no contributiva: qu\u00e9 es, requisitos y cu\u00e1nto se cobra&quot;,&quot;width&quot;:&quot;0&quot;,&quot;_legend&quot;:&quot;{score}\\\/{best} - ({count} {votes})&quot;,&quot;font_factor&quot;:&quot;1.25&quot;}'>\n            \n<div class=\"kksr-stars\">\n    \n<div class=\"kksr-stars-inactive\">\n            <div class=\"kksr-star\" data-star=\"1\" style=\"padding-right: 3px\">\n            \n\n<div class=\"kksr-icon\" style=\"width: 20px; height: 20px;\"><\/div>\n        <\/div>\n            <div class=\"kksr-star\" data-star=\"2\" style=\"padding-right: 3px\">\n            \n\n<div class=\"kksr-icon\" style=\"width: 20px; height: 20px;\"><\/div>\n        <\/div>\n            <div class=\"kksr-star\" data-star=\"3\" style=\"padding-right: 3px\">\n            \n\n<div class=\"kksr-icon\" style=\"width: 20px; height: 20px;\"><\/div>\n        <\/div>\n            <div class=\"kksr-star\" data-star=\"4\" style=\"padding-right: 3px\">\n            \n\n<div class=\"kksr-icon\" style=\"width: 20px; height: 20px;\"><\/div>\n        <\/div>\n            <div class=\"kksr-star\" data-star=\"5\" style=\"padding-right: 3px\">\n            \n\n<div class=\"kksr-icon\" style=\"width: 20px; height: 20px;\"><\/div>\n        <\/div>\n    <\/div>\n    \n<div class=\"kksr-stars-active\" style=\"width: 0px;\">\n            <div class=\"kksr-star\" style=\"padding-right: 3px\">\n            \n\n<div class=\"kksr-icon\" style=\"width: 20px; height: 20px;\"><\/div>\n        <\/div>\n            <div class=\"kksr-star\" style=\"padding-right: 3px\">\n            \n\n<div class=\"kksr-icon\" style=\"width: 20px; height: 20px;\"><\/div>\n        <\/div>\n            <div class=\"kksr-star\" style=\"padding-right: 3px\">\n            \n\n<div class=\"kksr-icon\" style=\"width: 20px; height: 20px;\"><\/div>\n        <\/div>\n            <div class=\"kksr-star\" style=\"padding-right: 3px\">\n            \n\n<div class=\"kksr-icon\" style=\"width: 20px; height: 20px;\"><\/div>\n        <\/div>\n            <div class=\"kksr-star\" style=\"padding-right: 3px\">\n            \n\n<div class=\"kksr-icon\" style=\"width: 20px; height: 20px;\"><\/div>\n        <\/div>\n    <\/div>\n<\/div>\n                \n\n<div class=\"kksr-legend\" style=\"font-size: 16px;\">\n            <span class=\"kksr-muted\">Valora este art\u00edculo<\/span>\n    <\/div>\n    <\/div>\n\n<figure id=\"attachment_29668\" aria-describedby=\"caption-attachment-29668\" style=\"width: 1200px\" class=\"wp-caption aligncenter\"><img data-recalc-dims=\"1\" loading=\"lazy\" decoding=\"async\" class=\"size-full wp-image-29668\" src=\"https:\/\/i0.wp.com\/www.reclamador.es\/blog\/wp-content\/uploads\/2022\/05\/pension-no-contributiva-jubilacion-reclamador.jpg?resize=1200%2C680&#038;ssl=1\" alt=\"jubilacion pension no contributiva\" width=\"1200\" height=\"680\" srcset=\"https:\/\/i0.wp.com\/www.reclamador.es\/blog\/wp-content\/uploads\/2022\/05\/pension-no-contributiva-jubilacion-reclamador.jpg?w=1200&amp;ssl=1 1200w, https:\/\/i0.wp.com\/www.reclamador.es\/blog\/wp-content\/uploads\/2022\/05\/pension-no-contributiva-jubilacion-reclamador.jpg?resize=800%2C453&amp;ssl=1 800w, https:\/\/i0.wp.com\/www.reclamador.es\/blog\/wp-content\/uploads\/2022\/05\/pension-no-contributiva-jubilacion-reclamador.jpg?resize=150%2C85&amp;ssl=1 150w, https:\/\/i0.wp.com\/www.reclamador.es\/blog\/wp-content\/uploads\/2022\/05\/pension-no-contributiva-jubilacion-reclamador.jpg?resize=768%2C435&amp;ssl=1 768w\" sizes=\"auto, (max-width: 1000px) 100vw, 1000px\" \/><figcaption id=\"caption-attachment-29668\" class=\"wp-caption-text\"><em>Todo sobre la pensi\u00f3n no contributiva de jubilaci\u00f3n<\/em><\/figcaption><\/figure>\n<p><span style=\"font-weight: 400;\">Existen dos tipos de pensiones no contributivas: las de invalidez y las de <a href=\"https:\/\/www.reclamador.es\/blog\/finiquito-por-jubilacion-trabajador\/\">jubilaci\u00f3n<\/a>. En esta ocasi\u00f3n, en reclamador.es nos vamos a centrar en explicar qu\u00e9 es, cu\u00e1nto se cobra o cu\u00e1les son los requisitos para acceder a la <strong>pensi\u00f3n no contributiva de jubilaci\u00f3n<\/strong>.\u00a0<\/span><\/p>\n<p><span style=\"font-weight: 400;\">Las comunidades aut\u00f3nomas, a trav\u00e9s de sus organismos competentes, son las encargadas de la gesti\u00f3n de la pensiones no contributivas, tanto para los casos de invalidez como de jubilaci\u00f3n.\u00a0<\/span><\/p>\n<h2><b>\u00bfQu\u00e9 es?<\/b><\/h2>\n<p><span style=\"font-weight: 400;\">En la <\/span><a href=\"https:\/\/www.seg-social.es\/wps\/portal\/wss\/internet\/Pensionistas\/Pensiones\/33467\" target=\"_blank\" rel=\"noopener noreferrer\"><span style=\"font-weight: 400;\">p\u00e1gina web de la Seguridad Social<\/span><\/a><span style=\"font-weight: 400;\"> se definen las pensiones no contributivas como <\/span><i><span style=\"font-weight: 400;\">\u201c<\/span><\/i><i><span style=\"font-weight: 400;\">prestaciones econ\u00f3micas que se reconocen a aquellos ciudadanos que, encontr\u00e1ndose en situaci\u00f3n de necesidad protegible, carezcan de recursos suficientes para su subsistencia en los t\u00e9rminos legalmente establecidos, aun cuando no hayan cotizado nunca o el tiempo suficiente para alcanzar las prestaciones del nivel contributivo\u201d.\u00a0<\/span><\/i><\/p>\n<h2><b>Requisitos para acceder a una pensi\u00f3n de jubilaci\u00f3n no contributiva<\/b><\/h2>\n<p><span style=\"font-weight: 400;\">Para poder ser beneficiario de esta prestaci\u00f3n, hay que cumplir los siguientes requisitos:<\/span><\/p>\n<ul>\n<li style=\"font-weight: 400;\" aria-level=\"1\"><span style=\"font-weight: 400;\">Ser <strong>mayor de 65 a\u00f1os<\/strong>.\u00a0<\/span><\/li>\n<li style=\"font-weight: 400;\" aria-level=\"1\"><span style=\"font-weight: 400;\"><strong>No tener derecho<\/strong> a percibir la <strong>pensi\u00f3n de jubilaci\u00f3n contributiva<\/strong>.\u00a0<\/span><\/li>\n<li style=\"font-weight: 400;\" aria-level=\"1\"><span style=\"font-weight: 400;\">Otro de los requisitos para acceder a una pensi\u00f3n no contributiva llegado el momento de la jubilaci\u00f3n es <strong>residir legalmente en Espa\u00f1a<\/strong> tanto en el momento de solicitar la pensi\u00f3n no contributiva como en los dos anteriores ininterrumpidamente. Adem\u00e1s, como requisito, tambi\u00e9n se solicita acreditar 10 a\u00f1os de residencia en Espa\u00f1a.<\/span><\/li>\n<li style=\"font-weight: 400;\" aria-level=\"1\"><span style=\"font-weight: 400;\">Y, como se explica en la definici\u00f3n de pensi\u00f3n no contributiva, para ser beneficiario se debe <strong>carecer de rentas<\/strong>. Se establece carencia de rentas o ingresos cuando sean inferiores a 5.899,6\u20ac anuales, en 2022. Sin embargo, si se convive con familiares, la cifra var\u00eda en funci\u00f3n del grado de parentesco o consanguinidad de los miembros de esa unidad familiar, por lo que habr\u00eda que estar a cada caso particular para determinar este requisito para acceder a la pensi\u00f3n de jubilaci\u00f3n no contributiva.<\/span><\/li>\n<\/ul>\n<h2><b>Pensi\u00f3n no contributiva: cuant\u00eda<\/b><\/h2>\n<p><span style=\"font-weight: 400;\">Para el a\u00f1o 2022, la cuant\u00eda \u00edntegra de la pensi\u00f3n de jubilaci\u00f3n no contributiva se fija en <strong>5.899,60 \u20ac<\/strong> \u00edntegros anuales. Se abonan en 12 mensualidades m\u00e1s dos pagas extraordinarias al a\u00f1o.<\/span><\/p>\n<p><span style=\"font-weight: 400;\">La cuant\u00eda m\u00ednima de esta prestaci\u00f3n no puede ser inferior al 25% de la cuant\u00eda \u00edntegra, es decir, <strong>no inferior a 1.474,9\u20ac anuales<\/strong>.\u00a0<\/span><\/p>\n<p><span style=\"font-weight: 400;\">Como se explica en la p\u00e1gina web del IMSERSO, <em>\u201cla cuant\u00eda individual actualizada para cada pensionista se establece a partir del citado importe \u00edntegro y en funci\u00f3n del n\u00famero de beneficiarios que vivan en el mismo domicilio, de sus rentas personales y\/o de las de su unidad econ\u00f3mica de convivencia\u201d.<\/em><\/span><\/p>\n<p>\u00a0<\/p>\n<div class=\"ttr_end\"><\/div>","protected":false},"excerpt":{"rendered":"<p>Existen dos tipos de pensiones no contributivas: las de invalidez y las de jubilaci\u00f3n. En esta ocasi\u00f3n, en reclamador.es nos vamos a centrar en explicar qu\u00e9 es, cu\u00e1nto se cobra o cu\u00e1les son los requisitos para acceder a la pensi\u00f3n no contributiva de jubilaci\u00f3n.\u00a0 Las comunidades aut\u00f3nomas, a trav\u00e9s de sus organismos competentes, son las [&hellip;]<\/p>\n","protected":false},"author":1,"featured_media":29668,"comment_status":"open","ping_status":"open","sticky":false,"template":"","format":"standard","meta":{"_acf_changed":false,"_genesis_hide_title":false,"_genesis_hide_breadcrumbs":false,"_genesis_hide_singular_image":false,"_genesis_hide_footer_widgets":false,"_genesis_custom_body_class":"","_genesis_custom_post_class":"","_genesis_layout":"","_jetpack_newsletter_access":"","_jetpack_dont_email_post_to_subs":false,"_jetpack_newsletter_tier_id":0,"_jetpack_memberships_contains_paywalled_content":false,"_jetpack_memberships_contains_paid_content":false,"footnotes":""},"categories":[393],"tags":[266,762],"class_list":{"0":"post-29667","1":"post","2":"type-post","3":"status-publish","4":"format-standard","5":"has-post-thumbnail","7":"category-consejos","8":"tag-laboral","9":"tag-servicios","10":"entry"},"acf":[],"yoast_head":"<!-- This site is optimized with the Yoast SEO plugin v27.4 - https:\/\/yoast.com\/product\/yoast-seo-wordpress\/ -->\n<title>Pensi\u00f3n no contributiva de jubilaci\u00f3n: requisitos, cu\u00e1nto se cobra...<\/title>\n<meta name=\"description\" content=\"En este post encontrar\u00e1s informaci\u00f3n sobre requisitos para acceder a la pensi\u00f3n no contributiva de jubilaci\u00f3n, cu\u00e1nto se cobra o qu\u00e9 es.\" \/>\n<meta name=\"robots\" content=\"index, follow, max-snippet:-1, max-image-preview:large, max-video-preview:-1\" \/>\n<link rel=\"canonical\" href=\"https:\/\/www.reclamador.es\/blog\/pension-no-contributiva-jubilacion\/\" \/>\n<meta property=\"og:locale\" content=\"es_ES\" \/>\n<meta property=\"og:type\" content=\"article\" \/>\n<meta property=\"og:title\" content=\"Pensi\u00f3n no contributiva de jubilaci\u00f3n: requisitos, cu\u00e1nto se cobra...\" \/>\n<meta property=\"og:description\" content=\"En este post encontrar\u00e1s informaci\u00f3n sobre requisitos para acceder a la pensi\u00f3n no contributiva de jubilaci\u00f3n, cu\u00e1nto se cobra o qu\u00e9 es.\" \/>\n<meta property=\"og:url\" content=\"https:\/\/www.reclamador.es\/blog\/pension-no-contributiva-jubilacion\/\" \/>\n<meta property=\"og:site_name\" content=\"Rebeldes con causa, el blog de reclamador.es\" \/>\n<meta property=\"article:publisher\" content=\"https:\/\/www.facebook.com\/reclamador.es\" \/>\n<meta property=\"article:published_time\" content=\"2022-05-10T08:18:30+00:00\" \/>\n<meta property=\"article:modified_time\" content=\"2024-06-07T08:38:24+00:00\" \/>\n<meta property=\"og:image\" content=\"https:\/\/www.reclamador.es\/blog\/wp-content\/uploads\/2022\/05\/pension-no-contributiva-jubilacion-reclamador.jpg\" \/>\n\t<meta property=\"og:image:width\" content=\"1200\" \/>\n\t<meta property=\"og:image:height\" content=\"680\" \/>\n\t<meta property=\"og:image:type\" content=\"image\/jpeg\" \/>\n<meta name=\"author\" content=\"Equipo reclamador\" \/>\n<meta name=\"twitter:card\" content=\"summary_large_image\" \/>\n<meta name=\"twitter:creator\" content=\"@reclamador\" \/>\n<meta name=\"twitter:site\" content=\"@reclamador\" \/>\n<meta name=\"twitter:label1\" content=\"Escrito por\" \/>\n\t<meta name=\"twitter:data1\" content=\"Equipo reclamador\" \/>\n\t<meta name=\"twitter:label2\" content=\"Tiempo de lectura\" \/>\n\t<meta name=\"twitter:data2\" content=\"3 minutos\" \/>\n<script type=\"application\/ld+json\" class=\"yoast-schema-graph\">{\"@context\":\"https:\\\/\\\/schema.org\",\"@graph\":[{\"@type\":\"Article\",\"@id\":\"https:\\\/\\\/www.reclamador.es\\\/blog\\\/pension-no-contributiva-jubilacion\\\/#article\",\"isPartOf\":{\"@id\":\"https:\\\/\\\/www.reclamador.es\\\/blog\\\/pension-no-contributiva-jubilacion\\\/\"},\"author\":{\"name\":\"Equipo reclamador\",\"@id\":\"https:\\\/\\\/www.reclamador.es\\\/blog\\\/#\\\/schema\\\/person\\\/1ed83eef8b6566cb5e4c812d9bc5c4bf\"},\"headline\":\"Pensi\u00f3n de jubilaci\u00f3n no contributiva: qu\u00e9 es, requisitos y cu\u00e1nto se cobra\",\"datePublished\":\"2022-05-10T08:18:30+00:00\",\"dateModified\":\"2024-06-07T08:38:24+00:00\",\"mainEntityOfPage\":{\"@id\":\"https:\\\/\\\/www.reclamador.es\\\/blog\\\/pension-no-contributiva-jubilacion\\\/\"},\"wordCount\":491,\"commentCount\":0,\"publisher\":{\"@id\":\"https:\\\/\\\/www.reclamador.es\\\/blog\\\/#organization\"},\"image\":{\"@id\":\"https:\\\/\\\/www.reclamador.es\\\/blog\\\/pension-no-contributiva-jubilacion\\\/#primaryimage\"},\"thumbnailUrl\":\"https:\\\/\\\/i0.wp.com\\\/www.reclamador.es\\\/blog\\\/wp-content\\\/uploads\\\/2022\\\/05\\\/pension-no-contributiva-jubilacion-reclamador.jpg?fit=1200%2C680&ssl=1\",\"keywords\":[\"laboral\",\"servicios\"],\"articleSection\":[\"Consejos legales\"],\"inLanguage\":\"es\",\"potentialAction\":[{\"@type\":\"CommentAction\",\"name\":\"Comment\",\"target\":[\"https:\\\/\\\/www.reclamador.es\\\/blog\\\/pension-no-contributiva-jubilacion\\\/#respond\"]}]},{\"@type\":\"WebPage\",\"@id\":\"https:\\\/\\\/www.reclamador.es\\\/blog\\\/pension-no-contributiva-jubilacion\\\/\",\"url\":\"https:\\\/\\\/www.reclamador.es\\\/blog\\\/pension-no-contributiva-jubilacion\\\/\",\"name\":\"Pensi\u00f3n no contributiva de jubilaci\u00f3n: requisitos, cu\u00e1nto se cobra...\",\"isPartOf\":{\"@id\":\"https:\\\/\\\/www.reclamador.es\\\/blog\\\/#website\"},\"primaryImageOfPage\":{\"@id\":\"https:\\\/\\\/www.reclamador.es\\\/blog\\\/pension-no-contributiva-jubilacion\\\/#primaryimage\"},\"image\":{\"@id\":\"https:\\\/\\\/www.reclamador.es\\\/blog\\\/pension-no-contributiva-jubilacion\\\/#primaryimage\"},\"thumbnailUrl\":\"https:\\\/\\\/i0.wp.com\\\/www.reclamador.es\\\/blog\\\/wp-content\\\/uploads\\\/2022\\\/05\\\/pension-no-contributiva-jubilacion-reclamador.jpg?fit=1200%2C680&ssl=1\",\"datePublished\":\"2022-05-10T08:18:30+00:00\",\"dateModified\":\"2024-06-07T08:38:24+00:00\",\"description\":\"En este post encontrar\u00e1s informaci\u00f3n sobre requisitos para acceder a la pensi\u00f3n no contributiva de jubilaci\u00f3n, cu\u00e1nto se cobra o qu\u00e9 es.\",\"breadcrumb\":{\"@id\":\"https:\\\/\\\/www.reclamador.es\\\/blog\\\/pension-no-contributiva-jubilacion\\\/#breadcrumb\"},\"inLanguage\":\"es\",\"potentialAction\":[{\"@type\":\"ReadAction\",\"target\":[\"https:\\\/\\\/www.reclamador.es\\\/blog\\\/pension-no-contributiva-jubilacion\\\/\"]}]},{\"@type\":\"ImageObject\",\"inLanguage\":\"es\",\"@id\":\"https:\\\/\\\/www.reclamador.es\\\/blog\\\/pension-no-contributiva-jubilacion\\\/#primaryimage\",\"url\":\"https:\\\/\\\/i0.wp.com\\\/www.reclamador.es\\\/blog\\\/wp-content\\\/uploads\\\/2022\\\/05\\\/pension-no-contributiva-jubilacion-reclamador.jpg?fit=1200%2C680&ssl=1\",\"contentUrl\":\"https:\\\/\\\/i0.wp.com\\\/www.reclamador.es\\\/blog\\\/wp-content\\\/uploads\\\/2022\\\/05\\\/pension-no-contributiva-jubilacion-reclamador.jpg?fit=1200%2C680&ssl=1\",\"width\":1200,\"height\":680,\"caption\":\"Todo sobre la pensi\u00f3n no contributiva de jubilaci\u00f3n\"},{\"@type\":\"BreadcrumbList\",\"@id\":\"https:\\\/\\\/www.reclamador.es\\\/blog\\\/pension-no-contributiva-jubilacion\\\/#breadcrumb\",\"itemListElement\":[{\"@type\":\"ListItem\",\"position\":1,\"name\":\"Portada\",\"item\":\"https:\\\/\\\/www.reclamador.es\\\/blog\\\/\"},{\"@type\":\"ListItem\",\"position\":2,\"name\":\"Pensi\u00f3n de jubilaci\u00f3n no contributiva: qu\u00e9 es, requisitos y cu\u00e1nto se cobra\"}]},{\"@type\":\"WebSite\",\"@id\":\"https:\\\/\\\/www.reclamador.es\\\/blog\\\/#website\",\"url\":\"https:\\\/\\\/www.reclamador.es\\\/blog\\\/\",\"name\":\"Rebeldes con causa, el blog de reclamador.es\",\"description\":\"Noticias, entrevistas y consejos sobre reclamaciones\",\"publisher\":{\"@id\":\"https:\\\/\\\/www.reclamador.es\\\/blog\\\/#organization\"},\"potentialAction\":[{\"@type\":\"SearchAction\",\"target\":{\"@type\":\"EntryPoint\",\"urlTemplate\":\"https:\\\/\\\/www.reclamador.es\\\/blog\\\/?s={search_term_string}\"},\"query-input\":{\"@type\":\"PropertyValueSpecification\",\"valueRequired\":true,\"valueName\":\"search_term_string\"}}],\"inLanguage\":\"es\"},{\"@type\":\"Organization\",\"@id\":\"https:\\\/\\\/www.reclamador.es\\\/blog\\\/#organization\",\"name\":\"reclamador.es\",\"url\":\"https:\\\/\\\/www.reclamador.es\\\/blog\\\/\",\"logo\":{\"@type\":\"ImageObject\",\"inLanguage\":\"es\",\"@id\":\"https:\\\/\\\/www.reclamador.es\\\/blog\\\/#\\\/schema\\\/logo\\\/image\\\/\",\"url\":\"https:\\\/\\\/i0.wp.com\\\/www.reclamador.es\\\/blog\\\/wp-content\\\/uploads\\\/2020\\\/01\\\/logo-reclamador.png?fit=1200%2C144&ssl=1\",\"contentUrl\":\"https:\\\/\\\/i0.wp.com\\\/www.reclamador.es\\\/blog\\\/wp-content\\\/uploads\\\/2020\\\/01\\\/logo-reclamador.png?fit=1200%2C144&ssl=1\",\"width\":1200,\"height\":144,\"caption\":\"reclamador.es\"},\"image\":{\"@id\":\"https:\\\/\\\/www.reclamador.es\\\/blog\\\/#\\\/schema\\\/logo\\\/image\\\/\"},\"sameAs\":[\"https:\\\/\\\/www.facebook.com\\\/reclamador.es\",\"https:\\\/\\\/x.com\\\/reclamador\",\"https:\\\/\\\/www.instagram.com\\\/reclamador.es\\\/\",\"https:\\\/\\\/www.linkedin.com\\\/company\\\/reclamador-es\",\"https:\\\/\\\/www.youtube.com\\\/user\\\/Reclamadores\"]},{\"@type\":\"Person\",\"@id\":\"https:\\\/\\\/www.reclamador.es\\\/blog\\\/#\\\/schema\\\/person\\\/1ed83eef8b6566cb5e4c812d9bc5c4bf\",\"name\":\"Equipo reclamador\",\"image\":{\"@type\":\"ImageObject\",\"inLanguage\":\"es\",\"@id\":\"https:\\\/\\\/secure.gravatar.com\\\/avatar\\\/6442ecdc2c4472c600c113f34d340feca47107d6aa4f42f1e3e75a2a8e28a760?s=96&d=mm&r=g\",\"url\":\"https:\\\/\\\/secure.gravatar.com\\\/avatar\\\/6442ecdc2c4472c600c113f34d340feca47107d6aa4f42f1e3e75a2a8e28a760?s=96&d=mm&r=g\",\"contentUrl\":\"https:\\\/\\\/secure.gravatar.com\\\/avatar\\\/6442ecdc2c4472c600c113f34d340feca47107d6aa4f42f1e3e75a2a8e28a760?s=96&d=mm&r=g\",\"caption\":\"Equipo reclamador\"},\"description\":\"Las personas que hacen posible reclamador.es\",\"url\":\"https:\\\/\\\/www.reclamador.es\\\/blog\\\/author\\\/administrador\\\/\"}]}<\/script>\n<!-- \/ Yoast SEO plugin. -->","yoast_head_json":{"title":"Pensi\u00f3n no contributiva de jubilaci\u00f3n: requisitos, cu\u00e1nto se cobra...","description":"En este post encontrar\u00e1s informaci\u00f3n sobre requisitos para acceder a la pensi\u00f3n no contributiva de jubilaci\u00f3n, cu\u00e1nto se cobra o qu\u00e9 es.","robots":{"index":"index","follow":"follow","max-snippet":"max-snippet:-1","max-image-preview":"max-image-preview:large","max-video-preview":"max-video-preview:-1"},"canonical":"https:\/\/www.reclamador.es\/blog\/pension-no-contributiva-jubilacion\/","og_locale":"es_ES","og_type":"article","og_title":"Pensi\u00f3n no contributiva de jubilaci\u00f3n: requisitos, cu\u00e1nto se cobra...","og_description":"En este post encontrar\u00e1s informaci\u00f3n sobre requisitos para acceder a la pensi\u00f3n no contributiva de jubilaci\u00f3n, cu\u00e1nto se cobra o qu\u00e9 es.","og_url":"https:\/\/www.reclamador.es\/blog\/pension-no-contributiva-jubilacion\/","og_site_name":"Rebeldes con causa, el blog de reclamador.es","article_publisher":"https:\/\/www.facebook.com\/reclamador.es","article_published_time":"2022-05-10T08:18:30+00:00","article_modified_time":"2024-06-07T08:38:24+00:00","og_image":[{"width":1200,"height":680,"url":"https:\/\/www.reclamador.es\/blog\/wp-content\/uploads\/2022\/05\/pension-no-contributiva-jubilacion-reclamador.jpg","type":"image\/jpeg"}],"author":"Equipo reclamador","twitter_card":"summary_large_image","twitter_creator":"@reclamador","twitter_site":"@reclamador","twitter_misc":{"Escrito por":"Equipo reclamador","Tiempo de lectura":"3 minutos"},"schema":{"@context":"https:\/\/schema.org","@graph":[{"@type":"Article","@id":"https:\/\/www.reclamador.es\/blog\/pension-no-contributiva-jubilacion\/#article","isPartOf":{"@id":"https:\/\/www.reclamador.es\/blog\/pension-no-contributiva-jubilacion\/"},"author":{"name":"Equipo reclamador","@id":"https:\/\/www.reclamador.es\/blog\/#\/schema\/person\/1ed83eef8b6566cb5e4c812d9bc5c4bf"},"headline":"Pensi\u00f3n de jubilaci\u00f3n no contributiva: qu\u00e9 es, requisitos y cu\u00e1nto se cobra","datePublished":"2022-05-10T08:18:30+00:00","dateModified":"2024-06-07T08:38:24+00:00","mainEntityOfPage":{"@id":"https:\/\/www.reclamador.es\/blog\/pension-no-contributiva-jubilacion\/"},"wordCount":491,"commentCount":0,"publisher":{"@id":"https:\/\/www.reclamador.es\/blog\/#organization"},"image":{"@id":"https:\/\/www.reclamador.es\/blog\/pension-no-contributiva-jubilacion\/#primaryimage"},"thumbnailUrl":"https:\/\/i0.wp.com\/www.reclamador.es\/blog\/wp-content\/uploads\/2022\/05\/pension-no-contributiva-jubilacion-reclamador.jpg?fit=1200%2C680&ssl=1","keywords":["laboral","servicios"],"articleSection":["Consejos legales"],"inLanguage":"es","potentialAction":[{"@type":"CommentAction","name":"Comment","target":["https:\/\/www.reclamador.es\/blog\/pension-no-contributiva-jubilacion\/#respond"]}]},{"@type":"WebPage","@id":"https:\/\/www.reclamador.es\/blog\/pension-no-contributiva-jubilacion\/","url":"https:\/\/www.reclamador.es\/blog\/pension-no-contributiva-jubilacion\/","name":"Pensi\u00f3n no contributiva de jubilaci\u00f3n: requisitos, cu\u00e1nto se cobra...","isPartOf":{"@id":"https:\/\/www.reclamador.es\/blog\/#website"},"primaryImageOfPage":{"@id":"https:\/\/www.reclamador.es\/blog\/pension-no-contributiva-jubilacion\/#primaryimage"},"image":{"@id":"https:\/\/www.reclamador.es\/blog\/pension-no-contributiva-jubilacion\/#primaryimage"},"thumbnailUrl":"https:\/\/i0.wp.com\/www.reclamador.es\/blog\/wp-content\/uploads\/2022\/05\/pension-no-contributiva-jubilacion-reclamador.jpg?fit=1200%2C680&ssl=1","datePublished":"2022-05-10T08:18:30+00:00","dateModified":"2024-06-07T08:38:24+00:00","description":"En este post encontrar\u00e1s informaci\u00f3n sobre requisitos para acceder a la pensi\u00f3n no contributiva de jubilaci\u00f3n, cu\u00e1nto se cobra o qu\u00e9 es.","breadcrumb":{"@id":"https:\/\/www.reclamador.es\/blog\/pension-no-contributiva-jubilacion\/#breadcrumb"},"inLanguage":"es","potentialAction":[{"@type":"ReadAction","target":["https:\/\/www.reclamador.es\/blog\/pension-no-contributiva-jubilacion\/"]}]},{"@type":"ImageObject","inLanguage":"es","@id":"https:\/\/www.reclamador.es\/blog\/pension-no-contributiva-jubilacion\/#primaryimage","url":"https:\/\/i0.wp.com\/www.reclamador.es\/blog\/wp-content\/uploads\/2022\/05\/pension-no-contributiva-jubilacion-reclamador.jpg?fit=1200%2C680&ssl=1","contentUrl":"https:\/\/i0.wp.com\/www.reclamador.es\/blog\/wp-content\/uploads\/2022\/05\/pension-no-contributiva-jubilacion-reclamador.jpg?fit=1200%2C680&ssl=1","width":1200,"height":680,"caption":"Todo sobre la pensi\u00f3n no contributiva de jubilaci\u00f3n"},{"@type":"BreadcrumbList","@id":"https:\/\/www.reclamador.es\/blog\/pension-no-contributiva-jubilacion\/#breadcrumb","itemListElement":[{"@type":"ListItem","position":1,"name":"Portada","item":"https:\/\/www.reclamador.es\/blog\/"},{"@type":"ListItem","position":2,"name":"Pensi\u00f3n de jubilaci\u00f3n no contributiva: qu\u00e9 es, requisitos y cu\u00e1nto se cobra"}]},{"@type":"WebSite","@id":"https:\/\/www.reclamador.es\/blog\/#website","url":"https:\/\/www.reclamador.es\/blog\/","name":"Rebeldes con causa, el blog de reclamador.es","description":"Noticias, entrevistas y consejos sobre reclamaciones","publisher":{"@id":"https:\/\/www.reclamador.es\/blog\/#organization"},"potentialAction":[{"@type":"SearchAction","target":{"@type":"EntryPoint","urlTemplate":"https:\/\/www.reclamador.es\/blog\/?s={search_term_string}"},"query-input":{"@type":"PropertyValueSpecification","valueRequired":true,"valueName":"search_term_string"}}],"inLanguage":"es"},{"@type":"Organization","@id":"https:\/\/www.reclamador.es\/blog\/#organization","name":"reclamador.es","url":"https:\/\/www.reclamador.es\/blog\/","logo":{"@type":"ImageObject","inLanguage":"es","@id":"https:\/\/www.reclamador.es\/blog\/#\/schema\/logo\/image\/","url":"https:\/\/i0.wp.com\/www.reclamador.es\/blog\/wp-content\/uploads\/2020\/01\/logo-reclamador.png?fit=1200%2C144&ssl=1","contentUrl":"https:\/\/i0.wp.com\/www.reclamador.es\/blog\/wp-content\/uploads\/2020\/01\/logo-reclamador.png?fit=1200%2C144&ssl=1","width":1200,"height":144,"caption":"reclamador.es"},"image":{"@id":"https:\/\/www.reclamador.es\/blog\/#\/schema\/logo\/image\/"},"sameAs":["https:\/\/www.facebook.com\/reclamador.es","https:\/\/x.com\/reclamador","https:\/\/www.instagram.com\/reclamador.es\/","https:\/\/www.linkedin.com\/company\/reclamador-es","https:\/\/www.youtube.com\/user\/Reclamadores"]},{"@type":"Person","@id":"https:\/\/www.reclamador.es\/blog\/#\/schema\/person\/1ed83eef8b6566cb5e4c812d9bc5c4bf","name":"Equipo reclamador","image":{"@type":"ImageObject","inLanguage":"es","@id":"https:\/\/secure.gravatar.com\/avatar\/6442ecdc2c4472c600c113f34d340feca47107d6aa4f42f1e3e75a2a8e28a760?s=96&d=mm&r=g","url":"https:\/\/secure.gravatar.com\/avatar\/6442ecdc2c4472c600c113f34d340feca47107d6aa4f42f1e3e75a2a8e28a760?s=96&d=mm&r=g","contentUrl":"https:\/\/secure.gravatar.com\/avatar\/6442ecdc2c4472c600c113f34d340feca47107d6aa4f42f1e3e75a2a8e28a760?s=96&d=mm&r=g","caption":"Equipo reclamador"},"description":"Las personas que hacen posible reclamador.es","url":"https:\/\/www.reclamador.es\/blog\/author\/administrador\/"}]}},"jetpack_featured_media_url":"https:\/\/i0.wp.com\/www.reclamador.es\/blog\/wp-content\/uploads\/2022\/05\/pension-no-contributiva-jubilacion-reclamador.jpg?fit=1200%2C680&ssl=1","jetpack-related-posts":[{"id":4293,"url":"https:\/\/www.reclamador.es\/blog\/subsidio-de-desempleo\/","url_meta":{"origin":29667,"position":0},"title":"Subsidio de desempleo: \u00bfQu\u00e9 es?","author":"Equipo reclamador","date":"14 agosto, 2018","format":false,"excerpt":"Es com\u00fan escuchar indistintamente prestaci\u00f3n y subsidio de desempleo, pero no son lo mismo. En este art\u00edculo te explicaremos qu\u00e9 es el subsidio de desempleo. De manera sencilla, podr\u00eda definirse como una ayuda ofrecida por el Estado a aquellas personas que cumplan una serie de requisitos, mientras que la prestaci\u00f3n\u2026","rel":"","context":"En \u00abConsejos legales\u00bb","block_context":{"text":"Consejos legales","link":"https:\/\/www.reclamador.es\/blog\/consejos\/"},"img":{"alt_text":"Subsidio de desempleo","src":"https:\/\/i0.wp.com\/www.reclamador.es\/blog\/wp-content\/uploads\/2018\/08\/subsidio-de-desempleo.jpg?fit=1200%2C630&ssl=1&resize=350%2C200","width":350,"height":200,"srcset":"https:\/\/i0.wp.com\/www.reclamador.es\/blog\/wp-content\/uploads\/2018\/08\/subsidio-de-desempleo.jpg?fit=1200%2C630&ssl=1&resize=350%2C200 1x, https:\/\/i0.wp.com\/www.reclamador.es\/blog\/wp-content\/uploads\/2018\/08\/subsidio-de-desempleo.jpg?fit=1200%2C630&ssl=1&resize=525%2C300 1.5x, https:\/\/i0.wp.com\/www.reclamador.es\/blog\/wp-content\/uploads\/2018\/08\/subsidio-de-desempleo.jpg?fit=1200%2C630&ssl=1&resize=700%2C400 2x, https:\/\/i0.wp.com\/www.reclamador.es\/blog\/wp-content\/uploads\/2018\/08\/subsidio-de-desempleo.jpg?fit=1200%2C630&ssl=1&resize=1050%2C600 3x"},"classes":[]},{"id":29240,"url":"https:\/\/www.reclamador.es\/blog\/jubilacion-forzosa\/","url_meta":{"origin":29667,"position":1},"title":"Jubilaci\u00f3n forzosa: \u00bfpuede la empresa obligar a jubilarse a un trabajador?","author":"Equipo reclamador","date":"11 febrero, 2024","format":false,"excerpt":"*Datos actualizados mayo 2025 Para 2025, la edad de jubilaci\u00f3n se fija en los 66 a\u00f1os y 8 meses para aquellos trabajadores que no lleguen a los 38 a\u00f1os 3 meses cotizados. Y en los 65 a\u00f1os para los trabajadores y trabajadoras que a esa edad tengan ya cotizado ese\u2026","rel":"","context":"En \u00abConsejos legales\u00bb","block_context":{"text":"Consejos legales","link":"https:\/\/www.reclamador.es\/blog\/consejos\/"},"img":{"alt_text":"jubilacion forzosa","src":"https:\/\/i0.wp.com\/www.reclamador.es\/blog\/wp-content\/uploads\/2022\/02\/jubilacion-forzosa-puede-obligar-empresa-a-jubilar-a-trabajador.jpg?fit=1199%2C688&ssl=1&resize=350%2C200","width":350,"height":200,"srcset":"https:\/\/i0.wp.com\/www.reclamador.es\/blog\/wp-content\/uploads\/2022\/02\/jubilacion-forzosa-puede-obligar-empresa-a-jubilar-a-trabajador.jpg?fit=1199%2C688&ssl=1&resize=350%2C200 1x, https:\/\/i0.wp.com\/www.reclamador.es\/blog\/wp-content\/uploads\/2022\/02\/jubilacion-forzosa-puede-obligar-empresa-a-jubilar-a-trabajador.jpg?fit=1199%2C688&ssl=1&resize=525%2C300 1.5x, https:\/\/i0.wp.com\/www.reclamador.es\/blog\/wp-content\/uploads\/2022\/02\/jubilacion-forzosa-puede-obligar-empresa-a-jubilar-a-trabajador.jpg?fit=1199%2C688&ssl=1&resize=700%2C400 2x, https:\/\/i0.wp.com\/www.reclamador.es\/blog\/wp-content\/uploads\/2022\/02\/jubilacion-forzosa-puede-obligar-empresa-a-jubilar-a-trabajador.jpg?fit=1199%2C688&ssl=1&resize=1050%2C600 3x"},"classes":[]},{"id":4968,"url":"https:\/\/www.reclamador.es\/blog\/prestacion-por-desempleo\/","url_meta":{"origin":29667,"position":2},"title":"\u00bfQui\u00e9n tiene derecho a cobrar la prestaci\u00f3n por desempleo?","author":"Equipo reclamador","date":"10 enero, 2021","format":false,"excerpt":"Los trabajadores que se han quedado sin empleo pueden recibir lo que se denomina prestaci\u00f3n por desempleo, es decir, una pensi\u00f3n contributiva que puede percibir todo trabajador que se quede en el paro y cumpla con los requisitos establecidos. Antes de continuar explic\u00e1ndote qu\u00e9 caracter\u00edsticas tiene esta prestaci\u00f3n, requisitos y\u2026","rel":"","context":"En \u00abConsejos legales\u00bb","block_context":{"text":"Consejos legales","link":"https:\/\/www.reclamador.es\/blog\/consejos\/"},"img":{"alt_text":"prestaci\u00f3n por desempleo - reclamador","src":"https:\/\/i0.wp.com\/www.reclamador.es\/blog\/wp-content\/uploads\/2021\/01\/paro-prestacion-por-desempleo-reclamador.jpg?fit=1200%2C630&ssl=1&resize=350%2C200","width":350,"height":200,"srcset":"https:\/\/i0.wp.com\/www.reclamador.es\/blog\/wp-content\/uploads\/2021\/01\/paro-prestacion-por-desempleo-reclamador.jpg?fit=1200%2C630&ssl=1&resize=350%2C200 1x, https:\/\/i0.wp.com\/www.reclamador.es\/blog\/wp-content\/uploads\/2021\/01\/paro-prestacion-por-desempleo-reclamador.jpg?fit=1200%2C630&ssl=1&resize=525%2C300 1.5x, https:\/\/i0.wp.com\/www.reclamador.es\/blog\/wp-content\/uploads\/2021\/01\/paro-prestacion-por-desempleo-reclamador.jpg?fit=1200%2C630&ssl=1&resize=700%2C400 2x, https:\/\/i0.wp.com\/www.reclamador.es\/blog\/wp-content\/uploads\/2021\/01\/paro-prestacion-por-desempleo-reclamador.jpg?fit=1200%2C630&ssl=1&resize=1050%2C600 3x"},"classes":[]},{"id":29525,"url":"https:\/\/www.reclamador.es\/blog\/complemento-pensiones-anticipadas-involuntarias\/","url_meta":{"origin":29667,"position":3},"title":"\u00bfEl nuevo complemento a las pensiones anticipadas se aplica con car\u00e1cter retroactivo?","author":"Equipo reclamador","date":"5 abril, 2022","format":false,"excerpt":"En las \u00faltimas semanas estamos conociendo numerosos cambios legislativos que afectan a muchos \u00e1mbitos, entre ellos, uno que tiene que ver con un nuevo complemento a las pensiones anticipadas involuntarias y que est\u00e1 en vigor desde marzo de este 2022.\u00a0 Se trata de la Ley 21\/2021, de 28 de diciembre,\u2026","rel":"","context":"En \u00abConsejos legales\u00bb","block_context":{"text":"Consejos legales","link":"https:\/\/www.reclamador.es\/blog\/consejos\/"},"img":{"alt_text":"complemento a las pensiones anticipadas","src":"https:\/\/i0.wp.com\/www.reclamador.es\/blog\/wp-content\/uploads\/2022\/04\/complemento-pension-anticipada-involuntaria.jpg?fit=1200%2C666&ssl=1&resize=350%2C200","width":350,"height":200,"srcset":"https:\/\/i0.wp.com\/www.reclamador.es\/blog\/wp-content\/uploads\/2022\/04\/complemento-pension-anticipada-involuntaria.jpg?fit=1200%2C666&ssl=1&resize=350%2C200 1x, https:\/\/i0.wp.com\/www.reclamador.es\/blog\/wp-content\/uploads\/2022\/04\/complemento-pension-anticipada-involuntaria.jpg?fit=1200%2C666&ssl=1&resize=525%2C300 1.5x, https:\/\/i0.wp.com\/www.reclamador.es\/blog\/wp-content\/uploads\/2022\/04\/complemento-pension-anticipada-involuntaria.jpg?fit=1200%2C666&ssl=1&resize=700%2C400 2x, https:\/\/i0.wp.com\/www.reclamador.es\/blog\/wp-content\/uploads\/2022\/04\/complemento-pension-anticipada-involuntaria.jpg?fit=1200%2C666&ssl=1&resize=1050%2C600 3x"},"classes":[]},{"id":34033,"url":"https:\/\/www.reclamador.es\/blog\/pueden-embargarte-la-pension\/","url_meta":{"origin":29667,"position":4},"title":"\u00bfPueden embargarte la pensi\u00f3n?","author":"Equipo reclamador","date":"23 abril, 2025","format":false,"excerpt":"S\u00ed, pueden embargarte la pensi\u00f3n, pero hay unos l\u00edmites muy importantes. Una cuant\u00eda m\u00ednima que es inembargable, al igual que te cont\u00e1bamos en el art\u00edculo sobre cu\u00e1nto te pueden embargar de tu n\u00f3mina.\u00a0 Vamos a continuaci\u00f3n a desglosar la informaci\u00f3n m\u00e1s relevante sobre el embargo de la pensi\u00f3n y dar\u2026","rel":"","context":"En \u00abConsejos legales\u00bb","block_context":{"text":"Consejos legales","link":"https:\/\/www.reclamador.es\/blog\/consejos\/"},"img":{"alt_text":"2025 embargar una pension contributiva y no contributiva","src":"https:\/\/i0.wp.com\/www.reclamador.es\/blog\/wp-content\/uploads\/2025\/04\/pueden-embargarte-la-pension-1200x630-1.jpg?fit=1200%2C630&ssl=1&resize=350%2C200","width":350,"height":200,"srcset":"https:\/\/i0.wp.com\/www.reclamador.es\/blog\/wp-content\/uploads\/2025\/04\/pueden-embargarte-la-pension-1200x630-1.jpg?fit=1200%2C630&ssl=1&resize=350%2C200 1x, https:\/\/i0.wp.com\/www.reclamador.es\/blog\/wp-content\/uploads\/2025\/04\/pueden-embargarte-la-pension-1200x630-1.jpg?fit=1200%2C630&ssl=1&resize=525%2C300 1.5x, https:\/\/i0.wp.com\/www.reclamador.es\/blog\/wp-content\/uploads\/2025\/04\/pueden-embargarte-la-pension-1200x630-1.jpg?fit=1200%2C630&ssl=1&resize=700%2C400 2x, https:\/\/i0.wp.com\/www.reclamador.es\/blog\/wp-content\/uploads\/2025\/04\/pueden-embargarte-la-pension-1200x630-1.jpg?fit=1200%2C630&ssl=1&resize=1050%2C600 3x"},"classes":[]},{"id":30585,"url":"https:\/\/www.reclamador.es\/blog\/conoce-las-ayudas-del-gobierno-para-el-2023\/","url_meta":{"origin":29667,"position":5},"title":"Conoce las ayudas del Gobierno para el 2023","author":"Equipo reclamador","date":"3 enero, 2023","format":false,"excerpt":"La semana pasada terminamos 2022 hablando de las ayudas que terminaban al acabar el a\u00f1o. Ahora os traemos qu\u00e9 ayudas del Gobierno se mantienen para el a\u00f1o 2023, cu\u00e1les se mejoran y ampl\u00edan y qu\u00e9 nuevas medidas empiezan a funcionar. Siempre se empieza el a\u00f1o con la famosa cuesta de\u2026","rel":"","context":"En \u00abNoticias y actualidad\u00bb","block_context":{"text":"Noticias y actualidad","link":"https:\/\/www.reclamador.es\/blog\/noticias\/"},"img":{"alt_text":"Ayudas del Gobierno para 2023","src":"https:\/\/i0.wp.com\/www.reclamador.es\/blog\/wp-content\/uploads\/2023\/01\/ayudas-2023.jpg?fit=1200%2C676&ssl=1&resize=350%2C200","width":350,"height":200,"srcset":"https:\/\/i0.wp.com\/www.reclamador.es\/blog\/wp-content\/uploads\/2023\/01\/ayudas-2023.jpg?fit=1200%2C676&ssl=1&resize=350%2C200 1x, https:\/\/i0.wp.com\/www.reclamador.es\/blog\/wp-content\/uploads\/2023\/01\/ayudas-2023.jpg?fit=1200%2C676&ssl=1&resize=525%2C300 1.5x, https:\/\/i0.wp.com\/www.reclamador.es\/blog\/wp-content\/uploads\/2023\/01\/ayudas-2023.jpg?fit=1200%2C676&ssl=1&resize=700%2C400 2x, https:\/\/i0.wp.com\/www.reclamador.es\/blog\/wp-content\/uploads\/2023\/01\/ayudas-2023.jpg?fit=1200%2C676&ssl=1&resize=1050%2C600 3x"},"classes":[]}],"jetpack_sharing_enabled":true,"_links":{"self":[{"href":"https:\/\/www.reclamador.es\/blog\/wp-json\/wp\/v2\/posts\/29667","targetHints":{"allow":["GET"]}}],"collection":[{"href":"https:\/\/www.reclamador.es\/blog\/wp-json\/wp\/v2\/posts"}],"about":[{"href":"https:\/\/www.reclamador.es\/blog\/wp-json\/wp\/v2\/types\/post"}],"author":[{"embeddable":true,"href":"https:\/\/www.reclamador.es\/blog\/wp-json\/wp\/v2\/users\/1"}],"replies":[{"embeddable":true,"href":"https:\/\/www.reclamador.es\/blog\/wp-json\/wp\/v2\/comments?post=29667"}],"version-history":[{"count":8,"href":"https:\/\/www.reclamador.es\/blog\/wp-json\/wp\/v2\/posts\/29667\/revisions"}],"predecessor-version":[{"id":32439,"href":"https:\/\/www.reclamador.es\/blog\/wp-json\/wp\/v2\/posts\/29667\/revisions\/32439"}],"wp:featuredmedia":[{"embeddable":true,"href":"https:\/\/www.reclamador.es\/blog\/wp-json\/wp\/v2\/media\/29668"}],"wp:attachment":[{"href":"https:\/\/www.reclamador.es\/blog\/wp-json\/wp\/v2\/media?parent=29667"}],"wp:term":[{"taxonomy":"category","embeddable":true,"href":"https:\/\/www.reclamador.es\/blog\/wp-json\/wp\/v2\/categories?post=29667"},{"taxonomy":"post_tag","embeddable":true,"href":"https:\/\/www.reclamador.es\/blog\/wp-json\/wp\/v2\/tags?post=29667"}],"curies":[{"name":"wp","href":"https:\/\/api.w.org\/{rel}","templated":true}]}}