{"id":29375,"date":"2022-03-03T09:53:00","date_gmt":"2022-03-03T08:53:00","guid":{"rendered":"https:\/\/www.reclamador.es\/blog\/?p=29375"},"modified":"2025-08-22T09:24:05","modified_gmt":"2025-08-22T07:24:05","slug":"no-renovacion-contrato-trabajo","status":"publish","type":"post","link":"https:\/\/www.reclamador.es\/blog\/no-renovacion-contrato-trabajo\/","title":{"rendered":"No renovaci\u00f3n del contrato de trabajo: \u00bfqu\u00e9 pasar\u00e1?"},"content":{"rendered":"<div class=\"ttr_start\"><\/div>\n\n<div class=\"kk-star-ratings kksr-auto kksr-align-right kksr-valign-top\"\n    data-payload='{&quot;align&quot;:&quot;right&quot;,&quot;id&quot;:&quot;29375&quot;,&quot;slug&quot;:&quot;default&quot;,&quot;valign&quot;:&quot;top&quot;,&quot;ignore&quot;:&quot;&quot;,&quot;reference&quot;:&quot;auto&quot;,&quot;class&quot;:&quot;&quot;,&quot;count&quot;:&quot;9&quot;,&quot;legendonly&quot;:&quot;&quot;,&quot;readonly&quot;:&quot;&quot;,&quot;score&quot;:&quot;4.6&quot;,&quot;starsonly&quot;:&quot;&quot;,&quot;best&quot;:&quot;5&quot;,&quot;gap&quot;:&quot;3&quot;,&quot;greet&quot;:&quot;Valora este art\u00edculo&quot;,&quot;legend&quot;:&quot;4.6\\\/5 - (9 votos)&quot;,&quot;size&quot;:&quot;20&quot;,&quot;title&quot;:&quot;No renovaci\u00f3n del contrato de trabajo: \u00bfqu\u00e9 pasar\u00e1?&quot;,&quot;width&quot;:&quot;104.3&quot;,&quot;_legend&quot;:&quot;{score}\\\/{best} - ({count} {votes})&quot;,&quot;font_factor&quot;:&quot;1.25&quot;}'>\n            \n<div class=\"kksr-stars\">\n    \n<div class=\"kksr-stars-inactive\">\n            <div class=\"kksr-star\" data-star=\"1\" style=\"padding-right: 3px\">\n            \n\n<div class=\"kksr-icon\" style=\"width: 20px; height: 20px;\"><\/div>\n        <\/div>\n            <div class=\"kksr-star\" data-star=\"2\" style=\"padding-right: 3px\">\n            \n\n<div class=\"kksr-icon\" style=\"width: 20px; height: 20px;\"><\/div>\n        <\/div>\n            <div class=\"kksr-star\" data-star=\"3\" style=\"padding-right: 3px\">\n            \n\n<div class=\"kksr-icon\" style=\"width: 20px; height: 20px;\"><\/div>\n        <\/div>\n            <div class=\"kksr-star\" data-star=\"4\" style=\"padding-right: 3px\">\n            \n\n<div class=\"kksr-icon\" style=\"width: 20px; height: 20px;\"><\/div>\n        <\/div>\n            <div class=\"kksr-star\" data-star=\"5\" style=\"padding-right: 3px\">\n            \n\n<div class=\"kksr-icon\" style=\"width: 20px; height: 20px;\"><\/div>\n        <\/div>\n    <\/div>\n    \n<div class=\"kksr-stars-active\" style=\"width: 104.3px;\">\n            <div class=\"kksr-star\" style=\"padding-right: 3px\">\n            \n\n<div class=\"kksr-icon\" style=\"width: 20px; height: 20px;\"><\/div>\n        <\/div>\n            <div class=\"kksr-star\" style=\"padding-right: 3px\">\n            \n\n<div class=\"kksr-icon\" style=\"width: 20px; height: 20px;\"><\/div>\n        <\/div>\n            <div class=\"kksr-star\" style=\"padding-right: 3px\">\n            \n\n<div class=\"kksr-icon\" style=\"width: 20px; height: 20px;\"><\/div>\n        <\/div>\n            <div class=\"kksr-star\" style=\"padding-right: 3px\">\n            \n\n<div class=\"kksr-icon\" style=\"width: 20px; height: 20px;\"><\/div>\n        <\/div>\n            <div class=\"kksr-star\" style=\"padding-right: 3px\">\n            \n\n<div class=\"kksr-icon\" style=\"width: 20px; height: 20px;\"><\/div>\n        <\/div>\n    <\/div>\n<\/div>\n                \n\n<div class=\"kksr-legend\" style=\"font-size: 16px;\">\n            4.6\/5 - (9 votos)    <\/div>\n    <\/div>\n\n<figure id=\"attachment_29381\" aria-describedby=\"caption-attachment-29381\" style=\"width: 1200px\" class=\"wp-caption aligncenter\"><img data-recalc-dims=\"1\" loading=\"lazy\" decoding=\"async\" class=\"size-full wp-image-29381\" src=\"https:\/\/i0.wp.com\/www.reclamador.es\/blog\/wp-content\/uploads\/2022\/03\/abogados-laborales-no-renovacion-del-contrato-de-trabajo.jpg?resize=1200%2C698&#038;ssl=1\" alt=\"consultas abogados - no renovacion de contrato\" width=\"1200\" height=\"698\" srcset=\"https:\/\/i0.wp.com\/www.reclamador.es\/blog\/wp-content\/uploads\/2022\/03\/abogados-laborales-no-renovacion-del-contrato-de-trabajo.jpg?w=1200&amp;ssl=1 1200w, https:\/\/i0.wp.com\/www.reclamador.es\/blog\/wp-content\/uploads\/2022\/03\/abogados-laborales-no-renovacion-del-contrato-de-trabajo.jpg?resize=800%2C465&amp;ssl=1 800w, https:\/\/i0.wp.com\/www.reclamador.es\/blog\/wp-content\/uploads\/2022\/03\/abogados-laborales-no-renovacion-del-contrato-de-trabajo.jpg?resize=150%2C87&amp;ssl=1 150w, https:\/\/i0.wp.com\/www.reclamador.es\/blog\/wp-content\/uploads\/2022\/03\/abogados-laborales-no-renovacion-del-contrato-de-trabajo.jpg?resize=768%2C447&amp;ssl=1 768w\" sizes=\"auto, (max-width: 1000px) 100vw, 1000px\" \/><figcaption id=\"caption-attachment-29381\" class=\"wp-caption-text\"><em>Gu\u00eda sobre la no renovaci\u00f3n del contrato de trabajo<\/em><\/figcaption><\/figure>\n<p><span style=\"font-weight: 400;\">Uno de los objetivos de la <\/span><a href=\"https:\/\/www.reclamador.es\/blog\/reforma-laboral-principales-novedades\/\"><span style=\"font-weight: 400;\">reforma laboral<\/span><\/a><span style=\"font-weight: 400;\"> es luchar contra la temporalidad. Es por esto que, entre otras circunstancias, se elimin\u00f3 el contrato por obra y servicio y \u00fanicamente se podr\u00e1 utilizar el contrato <\/span><span style=\"font-weight: 400;\">por circunstancias de producci\u00f3n para atender situaciones ocasionales 90 d\u00edas al a\u00f1o. Pero como consecuencia de estas novedades en materia laboral, ahora llegan a su fin los contratos de trabajo temporales firmados antes de la reforma laboral. Hablamos, por tanto, de la <\/span><b>no renovaci\u00f3n del contrato de trabajo<\/b><span style=\"font-weight: 400;\">.\u00a0<\/span><\/p>\n<h2><b>\u00bfTiene derecho a indemnizaci\u00f3n el trabajador si no le renuevan el contrato de trabajo?<\/b><\/h2>\n<p><span style=\"font-weight: 400;\">S\u00ed, ante la no renovaci\u00f3n del contrato de trabajo, la empresa est\u00e1 obligada a indemnizar al trabajador. Llegado el momento del fin de la relaci\u00f3n, debe entregar al trabajador el finiquito. En el finiquito se deber\u00e1 incluir la indemnizaci\u00f3n fijada por ley. Esto es, <strong>12 d\u00edas de salario por a\u00f1o trabajado.\u00a0<\/strong><\/span><\/p>\n<p><span style=\"font-weight: 400;\">Por tanto, repetimos, a la pregunta sobre si tiene derecho a indemnizaci\u00f3n el trabajador si no le renuevan el contrato de trabajo,<strong> la respuesta es s\u00ed.\u00a0<\/strong><\/span><\/p>\n<p><span style=\"font-weight: 400;\">Aqu\u00ed, adem\u00e1s, es importante remarcar que si es el trabajador el que decide no renovar su contrato de trabajo temporal, rechazando la oferta de renovaci\u00f3n del empresario, igualmente, seg\u00fan el Estatuto de los Trabajadores, este tendr\u00e1 derecho a indemnizaci\u00f3n por finalizaci\u00f3n de contrato temporal.\u00a0<\/span><\/p>\n<h2><strong>Derecho a liquidaci\u00f3n si no renuevan el contrato<\/strong><\/h2>\n<p>S\u00ed, ante la repetida pregunta <strong>\u00bfsi no renuevan el contrato tengo derecho a liquidaci\u00f3n?<\/strong> La respuesta es s\u00ed. Tienes derecho a recibir la liquidaci\u00f3n con el finiquito, la indemnizaci\u00f3n y otras cantidades que no se hubieran devengado.\u00a0<\/p>\n<h2><b>\u00bfY derecho a paro si no se renueva el contrato laboral?<\/b><\/h2>\n<p><span style=\"font-weight: 400;\">En cuanto a la prestaci\u00f3n por desempleo, hay que distinguir las siguientes circunstancias:\u00a0<\/span><b><\/b><\/p>\n<ul>\n<li aria-level=\"1\"><b>No renovaci\u00f3n del contrato. <\/b><span style=\"font-weight: 400;\">El empresario decide no presentar una propuesta de pr\u00f3rroga del contrato y, por tanto, llegado el momento estipulado de fin de contrato, esta se hace efectiva. En estos casos, el trabajador -si cumple con los requisitos fijados por ley- s\u00ed tendr\u00eda <a href=\"https:\/\/www.reclamador.es\/blog\/prestacion-por-desempleo\/\">derecho a recibir la prestaci\u00f3n por desempleo<\/a>. Aqu\u00ed, aclarar que si ha trabajado m\u00e1s de un a\u00f1o tendr\u00e1 derecho a la prestaci\u00f3n por desempleo. A un subsidio si el periodo ha sido de menos de un a\u00f1o y m\u00e1s de tres meses.<\/span><\/li>\n<li aria-level=\"1\"><b>El trabajador rechaza la pr\u00f3rroga del contrato de trabajo temporal. <\/b><span style=\"font-weight: 400;\">En estos casos, al ser el trabajador quien decide no aceptar la oferta de pr\u00f3rroga del contrato temporal, no tendr\u00e1 derecho a paro.<\/span><\/li>\n<\/ul>\n<h3><strong>\u00bfQu\u00e9 pasa si el trabajador no quiere renovar el contrato?<\/strong><\/h3>\n<p>Del punto anterior, as\u00ed como lo ya explicado en este mismo art\u00edculo, lo que pasa si el trabajador no quiere renovar el contrato es que s\u00ed tendr\u00e1 derecho a recibir la liquidaci\u00f3n y su indemnizaci\u00f3n, pero no tendr\u00e1 derecho a paro.\u00a0<\/p>\n<h2><strong>Te tienen que avisar si no te renuevan el contrato temporal<\/strong><\/h2>\n<p>S\u00ed, si tu contrato ha tenido una duraci\u00f3n superior a un a\u00f1o, la empresa est\u00e1 obligada a avisar de la no renovaci\u00f3n del contrato de trabajo con, al menos, 15 d\u00edas de antelaci\u00f3n.\u00a0<\/p>\n<p>Si el contrato ha tenido una duraci\u00f3n de un a\u00f1o o menos, no existe un plazo de tiempo m\u00ednimo por el cual la empresa debe entregarte la carta de comunicaci\u00f3n de no renovaci\u00f3n.\u00a0<\/p>\n<h2><strong>\u00bfEn qu\u00e9 casos te ayuda\u00a0reclamador.es?<\/strong><\/h2>\n<p><strong>Actualizado abril 2025: <\/strong>Actualmente, en reclamador.es, estamos trabajando en mejorar nuestra oferta actual de servicios y no te podremos ayudar con el asesoramiento legal laboral.<\/p>\n<p>Mientras, s\u00ed te ayudamos con <a href=\"https:\/\/www.reclamador.es\/aerolineas\/\">reclamaciones a aerol\u00edneas<\/a> y <a href=\"https:\/\/www.reclamador.es\/banco\/\">reclamaciones a bancos.<\/a>\u00a0Adem\u00e1s, hemos lanzado nuestro servicio de <a href=\"https:\/\/www.reclamador.es\/ley-segunda-oportunidad\/\" target=\"_blank\" rel=\"noopener noreferrer\">cancelaci\u00f3n de deudas con la Ley de Segunda Oportunidad<\/a>.\u00a0<\/p>\n<p>No lo dudes, si sufres un problema con tu hipoteca o tus tarjetas de cr\u00e9dito, entra en nuestra web y descubre, sin compromiso, si tu caso es reclamable. Tambi\u00e9n en situaciones como cancelaciones de vuelo o problemas con tu equipaje en un viaje en avi\u00f3n.\u00a0<\/p>\n<p>Llevamos desde 2012 defendiendo los derechos de los consumidores, contamos con un equipo propio de abogados que estudian tu reclamaci\u00f3n y te acompa\u00f1an en todo el proceso hasta que consigues ver protegidos tus derechos.\u00a0<\/p>\n<div class=\"ttr_end\"><\/div>","protected":false},"excerpt":{"rendered":"<p>Uno de los objetivos de la reforma laboral es luchar contra la temporalidad. Es por esto que, entre otras circunstancias, se elimin\u00f3 el contrato por obra y servicio y \u00fanicamente se podr\u00e1 utilizar el contrato por circunstancias de producci\u00f3n para atender situaciones ocasionales 90 d\u00edas al a\u00f1o. Pero como consecuencia de estas novedades en materia [&hellip;]<\/p>\n","protected":false},"author":1,"featured_media":29381,"comment_status":"open","ping_status":"open","sticky":false,"template":"","format":"standard","meta":{"_acf_changed":false,"_genesis_hide_title":false,"_genesis_hide_breadcrumbs":false,"_genesis_hide_singular_image":false,"_genesis_hide_footer_widgets":false,"_genesis_custom_body_class":"","_genesis_custom_post_class":"","_genesis_layout":"","_jetpack_newsletter_access":"","_jetpack_dont_email_post_to_subs":false,"_jetpack_newsletter_tier_id":0,"_jetpack_memberships_contains_paywalled_content":false,"_jetpack_memberships_contains_paid_content":false,"footnotes":""},"categories":[393],"tags":[697,762],"class_list":{"0":"post-29375","1":"post","2":"type-post","3":"status-publish","4":"format-standard","5":"has-post-thumbnail","7":"category-consejos","8":"tag-contrato","9":"tag-servicios","10":"entry"},"acf":[],"yoast_head":"<!-- This site is optimized with the Yoast SEO plugin v27.4 - https:\/\/yoast.com\/product\/yoast-seo-wordpress\/ -->\n<title>Gu\u00eda para trabajadores ante la no renovaci\u00f3n del contrato laboral<\/title>\n<meta name=\"description\" content=\"No renovaci\u00f3n del contrato: Tienes derecho a liquidaci\u00f3n e indemnizaci\u00f3n- \u00bfCu\u00e1l es el tiempo de preaviso? \u00bfHay derecho a paro? \u00a1Desc\u00fabrelo!\" \/>\n<meta name=\"robots\" content=\"index, follow, max-snippet:-1, max-image-preview:large, max-video-preview:-1\" \/>\n<link rel=\"canonical\" href=\"https:\/\/www.reclamador.es\/blog\/no-renovacion-contrato-trabajo\/\" \/>\n<meta property=\"og:locale\" content=\"es_ES\" \/>\n<meta property=\"og:type\" content=\"article\" \/>\n<meta property=\"og:title\" content=\"Gu\u00eda para trabajadores ante la no renovaci\u00f3n del contrato laboral\" \/>\n<meta property=\"og:description\" content=\"No renovaci\u00f3n del contrato: Tienes derecho a liquidaci\u00f3n e indemnizaci\u00f3n- \u00bfCu\u00e1l es el tiempo de preaviso? \u00bfHay derecho a paro? \u00a1Desc\u00fabrelo!\" \/>\n<meta property=\"og:url\" content=\"https:\/\/www.reclamador.es\/blog\/no-renovacion-contrato-trabajo\/\" \/>\n<meta property=\"og:site_name\" content=\"Rebeldes con causa, el blog de reclamador.es\" \/>\n<meta property=\"article:publisher\" content=\"https:\/\/www.facebook.com\/reclamador.es\" \/>\n<meta property=\"article:published_time\" content=\"2022-03-03T08:53:00+00:00\" \/>\n<meta property=\"article:modified_time\" content=\"2025-08-22T07:24:05+00:00\" \/>\n<meta property=\"og:image\" content=\"https:\/\/www.reclamador.es\/blog\/wp-content\/uploads\/2022\/03\/abogados-laborales-no-renovacion-del-contrato-de-trabajo.jpg\" \/>\n\t<meta property=\"og:image:width\" content=\"1200\" \/>\n\t<meta property=\"og:image:height\" content=\"698\" \/>\n\t<meta property=\"og:image:type\" content=\"image\/jpeg\" \/>\n<meta name=\"author\" content=\"Equipo reclamador\" \/>\n<meta name=\"twitter:card\" content=\"summary_large_image\" \/>\n<meta name=\"twitter:creator\" content=\"@reclamador\" \/>\n<meta name=\"twitter:site\" content=\"@reclamador\" \/>\n<meta name=\"twitter:label1\" content=\"Escrito por\" \/>\n\t<meta name=\"twitter:data1\" content=\"Equipo reclamador\" \/>\n\t<meta name=\"twitter:label2\" content=\"Tiempo de lectura\" \/>\n\t<meta name=\"twitter:data2\" content=\"4 minutos\" \/>\n<script type=\"application\/ld+json\" class=\"yoast-schema-graph\">{\"@context\":\"https:\\\/\\\/schema.org\",\"@graph\":[{\"@type\":\"Article\",\"@id\":\"https:\\\/\\\/www.reclamador.es\\\/blog\\\/no-renovacion-contrato-trabajo\\\/#article\",\"isPartOf\":{\"@id\":\"https:\\\/\\\/www.reclamador.es\\\/blog\\\/no-renovacion-contrato-trabajo\\\/\"},\"author\":{\"name\":\"Equipo reclamador\",\"@id\":\"https:\\\/\\\/www.reclamador.es\\\/blog\\\/#\\\/schema\\\/person\\\/1ed83eef8b6566cb5e4c812d9bc5c4bf\"},\"headline\":\"No renovaci\u00f3n del contrato de trabajo: \u00bfqu\u00e9 pasar\u00e1?\",\"datePublished\":\"2022-03-03T08:53:00+00:00\",\"dateModified\":\"2025-08-22T07:24:05+00:00\",\"mainEntityOfPage\":{\"@id\":\"https:\\\/\\\/www.reclamador.es\\\/blog\\\/no-renovacion-contrato-trabajo\\\/\"},\"wordCount\":749,\"commentCount\":18,\"publisher\":{\"@id\":\"https:\\\/\\\/www.reclamador.es\\\/blog\\\/#organization\"},\"image\":{\"@id\":\"https:\\\/\\\/www.reclamador.es\\\/blog\\\/no-renovacion-contrato-trabajo\\\/#primaryimage\"},\"thumbnailUrl\":\"https:\\\/\\\/i0.wp.com\\\/www.reclamador.es\\\/blog\\\/wp-content\\\/uploads\\\/2022\\\/03\\\/abogados-laborales-no-renovacion-del-contrato-de-trabajo.jpg?fit=1200%2C698&ssl=1\",\"keywords\":[\"contrato\",\"servicios\"],\"articleSection\":[\"Consejos legales\"],\"inLanguage\":\"es\",\"potentialAction\":[{\"@type\":\"CommentAction\",\"name\":\"Comment\",\"target\":[\"https:\\\/\\\/www.reclamador.es\\\/blog\\\/no-renovacion-contrato-trabajo\\\/#respond\"]}]},{\"@type\":\"WebPage\",\"@id\":\"https:\\\/\\\/www.reclamador.es\\\/blog\\\/no-renovacion-contrato-trabajo\\\/\",\"url\":\"https:\\\/\\\/www.reclamador.es\\\/blog\\\/no-renovacion-contrato-trabajo\\\/\",\"name\":\"Gu\u00eda para trabajadores ante la no renovaci\u00f3n del contrato laboral\",\"isPartOf\":{\"@id\":\"https:\\\/\\\/www.reclamador.es\\\/blog\\\/#website\"},\"primaryImageOfPage\":{\"@id\":\"https:\\\/\\\/www.reclamador.es\\\/blog\\\/no-renovacion-contrato-trabajo\\\/#primaryimage\"},\"image\":{\"@id\":\"https:\\\/\\\/www.reclamador.es\\\/blog\\\/no-renovacion-contrato-trabajo\\\/#primaryimage\"},\"thumbnailUrl\":\"https:\\\/\\\/i0.wp.com\\\/www.reclamador.es\\\/blog\\\/wp-content\\\/uploads\\\/2022\\\/03\\\/abogados-laborales-no-renovacion-del-contrato-de-trabajo.jpg?fit=1200%2C698&ssl=1\",\"datePublished\":\"2022-03-03T08:53:00+00:00\",\"dateModified\":\"2025-08-22T07:24:05+00:00\",\"description\":\"No renovaci\u00f3n del contrato: Tienes derecho a liquidaci\u00f3n e indemnizaci\u00f3n- \u00bfCu\u00e1l es el tiempo de preaviso? \u00bfHay derecho a paro? \u00a1Desc\u00fabrelo!\",\"breadcrumb\":{\"@id\":\"https:\\\/\\\/www.reclamador.es\\\/blog\\\/no-renovacion-contrato-trabajo\\\/#breadcrumb\"},\"inLanguage\":\"es\",\"potentialAction\":[{\"@type\":\"ReadAction\",\"target\":[\"https:\\\/\\\/www.reclamador.es\\\/blog\\\/no-renovacion-contrato-trabajo\\\/\"]}]},{\"@type\":\"ImageObject\",\"inLanguage\":\"es\",\"@id\":\"https:\\\/\\\/www.reclamador.es\\\/blog\\\/no-renovacion-contrato-trabajo\\\/#primaryimage\",\"url\":\"https:\\\/\\\/i0.wp.com\\\/www.reclamador.es\\\/blog\\\/wp-content\\\/uploads\\\/2022\\\/03\\\/abogados-laborales-no-renovacion-del-contrato-de-trabajo.jpg?fit=1200%2C698&ssl=1\",\"contentUrl\":\"https:\\\/\\\/i0.wp.com\\\/www.reclamador.es\\\/blog\\\/wp-content\\\/uploads\\\/2022\\\/03\\\/abogados-laborales-no-renovacion-del-contrato-de-trabajo.jpg?fit=1200%2C698&ssl=1\",\"width\":1200,\"height\":698,\"caption\":\"Gu\u00eda sobre la no renovaci\u00f3n del contrato de trabajo\"},{\"@type\":\"BreadcrumbList\",\"@id\":\"https:\\\/\\\/www.reclamador.es\\\/blog\\\/no-renovacion-contrato-trabajo\\\/#breadcrumb\",\"itemListElement\":[{\"@type\":\"ListItem\",\"position\":1,\"name\":\"Portada\",\"item\":\"https:\\\/\\\/www.reclamador.es\\\/blog\\\/\"},{\"@type\":\"ListItem\",\"position\":2,\"name\":\"No renovaci\u00f3n del contrato de trabajo: \u00bfqu\u00e9 pasar\u00e1?\"}]},{\"@type\":\"WebSite\",\"@id\":\"https:\\\/\\\/www.reclamador.es\\\/blog\\\/#website\",\"url\":\"https:\\\/\\\/www.reclamador.es\\\/blog\\\/\",\"name\":\"Rebeldes con causa, el blog de reclamador.es\",\"description\":\"Noticias, entrevistas y consejos sobre reclamaciones\",\"publisher\":{\"@id\":\"https:\\\/\\\/www.reclamador.es\\\/blog\\\/#organization\"},\"potentialAction\":[{\"@type\":\"SearchAction\",\"target\":{\"@type\":\"EntryPoint\",\"urlTemplate\":\"https:\\\/\\\/www.reclamador.es\\\/blog\\\/?s={search_term_string}\"},\"query-input\":{\"@type\":\"PropertyValueSpecification\",\"valueRequired\":true,\"valueName\":\"search_term_string\"}}],\"inLanguage\":\"es\"},{\"@type\":\"Organization\",\"@id\":\"https:\\\/\\\/www.reclamador.es\\\/blog\\\/#organization\",\"name\":\"reclamador.es\",\"url\":\"https:\\\/\\\/www.reclamador.es\\\/blog\\\/\",\"logo\":{\"@type\":\"ImageObject\",\"inLanguage\":\"es\",\"@id\":\"https:\\\/\\\/www.reclamador.es\\\/blog\\\/#\\\/schema\\\/logo\\\/image\\\/\",\"url\":\"https:\\\/\\\/i0.wp.com\\\/www.reclamador.es\\\/blog\\\/wp-content\\\/uploads\\\/2020\\\/01\\\/logo-reclamador.png?fit=1200%2C144&ssl=1\",\"contentUrl\":\"https:\\\/\\\/i0.wp.com\\\/www.reclamador.es\\\/blog\\\/wp-content\\\/uploads\\\/2020\\\/01\\\/logo-reclamador.png?fit=1200%2C144&ssl=1\",\"width\":1200,\"height\":144,\"caption\":\"reclamador.es\"},\"image\":{\"@id\":\"https:\\\/\\\/www.reclamador.es\\\/blog\\\/#\\\/schema\\\/logo\\\/image\\\/\"},\"sameAs\":[\"https:\\\/\\\/www.facebook.com\\\/reclamador.es\",\"https:\\\/\\\/x.com\\\/reclamador\",\"https:\\\/\\\/www.instagram.com\\\/reclamador.es\\\/\",\"https:\\\/\\\/www.linkedin.com\\\/company\\\/reclamador-es\",\"https:\\\/\\\/www.youtube.com\\\/user\\\/Reclamadores\"]},{\"@type\":\"Person\",\"@id\":\"https:\\\/\\\/www.reclamador.es\\\/blog\\\/#\\\/schema\\\/person\\\/1ed83eef8b6566cb5e4c812d9bc5c4bf\",\"name\":\"Equipo reclamador\",\"image\":{\"@type\":\"ImageObject\",\"inLanguage\":\"es\",\"@id\":\"https:\\\/\\\/secure.gravatar.com\\\/avatar\\\/6442ecdc2c4472c600c113f34d340feca47107d6aa4f42f1e3e75a2a8e28a760?s=96&d=mm&r=g\",\"url\":\"https:\\\/\\\/secure.gravatar.com\\\/avatar\\\/6442ecdc2c4472c600c113f34d340feca47107d6aa4f42f1e3e75a2a8e28a760?s=96&d=mm&r=g\",\"contentUrl\":\"https:\\\/\\\/secure.gravatar.com\\\/avatar\\\/6442ecdc2c4472c600c113f34d340feca47107d6aa4f42f1e3e75a2a8e28a760?s=96&d=mm&r=g\",\"caption\":\"Equipo reclamador\"},\"description\":\"Las personas que hacen posible reclamador.es\",\"url\":\"https:\\\/\\\/www.reclamador.es\\\/blog\\\/author\\\/administrador\\\/\"}]}<\/script>\n<!-- \/ Yoast SEO plugin. -->","yoast_head_json":{"title":"Gu\u00eda para trabajadores ante la no renovaci\u00f3n del contrato laboral","description":"No renovaci\u00f3n del contrato: Tienes derecho a liquidaci\u00f3n e indemnizaci\u00f3n- \u00bfCu\u00e1l es el tiempo de preaviso? \u00bfHay derecho a paro? \u00a1Desc\u00fabrelo!","robots":{"index":"index","follow":"follow","max-snippet":"max-snippet:-1","max-image-preview":"max-image-preview:large","max-video-preview":"max-video-preview:-1"},"canonical":"https:\/\/www.reclamador.es\/blog\/no-renovacion-contrato-trabajo\/","og_locale":"es_ES","og_type":"article","og_title":"Gu\u00eda para trabajadores ante la no renovaci\u00f3n del contrato laboral","og_description":"No renovaci\u00f3n del contrato: Tienes derecho a liquidaci\u00f3n e indemnizaci\u00f3n- \u00bfCu\u00e1l es el tiempo de preaviso? \u00bfHay derecho a paro? \u00a1Desc\u00fabrelo!","og_url":"https:\/\/www.reclamador.es\/blog\/no-renovacion-contrato-trabajo\/","og_site_name":"Rebeldes con causa, el blog de reclamador.es","article_publisher":"https:\/\/www.facebook.com\/reclamador.es","article_published_time":"2022-03-03T08:53:00+00:00","article_modified_time":"2025-08-22T07:24:05+00:00","og_image":[{"width":1200,"height":698,"url":"https:\/\/www.reclamador.es\/blog\/wp-content\/uploads\/2022\/03\/abogados-laborales-no-renovacion-del-contrato-de-trabajo.jpg","type":"image\/jpeg"}],"author":"Equipo reclamador","twitter_card":"summary_large_image","twitter_creator":"@reclamador","twitter_site":"@reclamador","twitter_misc":{"Escrito por":"Equipo reclamador","Tiempo de lectura":"4 minutos"},"schema":{"@context":"https:\/\/schema.org","@graph":[{"@type":"Article","@id":"https:\/\/www.reclamador.es\/blog\/no-renovacion-contrato-trabajo\/#article","isPartOf":{"@id":"https:\/\/www.reclamador.es\/blog\/no-renovacion-contrato-trabajo\/"},"author":{"name":"Equipo reclamador","@id":"https:\/\/www.reclamador.es\/blog\/#\/schema\/person\/1ed83eef8b6566cb5e4c812d9bc5c4bf"},"headline":"No renovaci\u00f3n del contrato de trabajo: \u00bfqu\u00e9 pasar\u00e1?","datePublished":"2022-03-03T08:53:00+00:00","dateModified":"2025-08-22T07:24:05+00:00","mainEntityOfPage":{"@id":"https:\/\/www.reclamador.es\/blog\/no-renovacion-contrato-trabajo\/"},"wordCount":749,"commentCount":18,"publisher":{"@id":"https:\/\/www.reclamador.es\/blog\/#organization"},"image":{"@id":"https:\/\/www.reclamador.es\/blog\/no-renovacion-contrato-trabajo\/#primaryimage"},"thumbnailUrl":"https:\/\/i0.wp.com\/www.reclamador.es\/blog\/wp-content\/uploads\/2022\/03\/abogados-laborales-no-renovacion-del-contrato-de-trabajo.jpg?fit=1200%2C698&ssl=1","keywords":["contrato","servicios"],"articleSection":["Consejos legales"],"inLanguage":"es","potentialAction":[{"@type":"CommentAction","name":"Comment","target":["https:\/\/www.reclamador.es\/blog\/no-renovacion-contrato-trabajo\/#respond"]}]},{"@type":"WebPage","@id":"https:\/\/www.reclamador.es\/blog\/no-renovacion-contrato-trabajo\/","url":"https:\/\/www.reclamador.es\/blog\/no-renovacion-contrato-trabajo\/","name":"Gu\u00eda para trabajadores ante la no renovaci\u00f3n del contrato laboral","isPartOf":{"@id":"https:\/\/www.reclamador.es\/blog\/#website"},"primaryImageOfPage":{"@id":"https:\/\/www.reclamador.es\/blog\/no-renovacion-contrato-trabajo\/#primaryimage"},"image":{"@id":"https:\/\/www.reclamador.es\/blog\/no-renovacion-contrato-trabajo\/#primaryimage"},"thumbnailUrl":"https:\/\/i0.wp.com\/www.reclamador.es\/blog\/wp-content\/uploads\/2022\/03\/abogados-laborales-no-renovacion-del-contrato-de-trabajo.jpg?fit=1200%2C698&ssl=1","datePublished":"2022-03-03T08:53:00+00:00","dateModified":"2025-08-22T07:24:05+00:00","description":"No renovaci\u00f3n del contrato: Tienes derecho a liquidaci\u00f3n e indemnizaci\u00f3n- \u00bfCu\u00e1l es el tiempo de preaviso? \u00bfHay derecho a paro? \u00a1Desc\u00fabrelo!","breadcrumb":{"@id":"https:\/\/www.reclamador.es\/blog\/no-renovacion-contrato-trabajo\/#breadcrumb"},"inLanguage":"es","potentialAction":[{"@type":"ReadAction","target":["https:\/\/www.reclamador.es\/blog\/no-renovacion-contrato-trabajo\/"]}]},{"@type":"ImageObject","inLanguage":"es","@id":"https:\/\/www.reclamador.es\/blog\/no-renovacion-contrato-trabajo\/#primaryimage","url":"https:\/\/i0.wp.com\/www.reclamador.es\/blog\/wp-content\/uploads\/2022\/03\/abogados-laborales-no-renovacion-del-contrato-de-trabajo.jpg?fit=1200%2C698&ssl=1","contentUrl":"https:\/\/i0.wp.com\/www.reclamador.es\/blog\/wp-content\/uploads\/2022\/03\/abogados-laborales-no-renovacion-del-contrato-de-trabajo.jpg?fit=1200%2C698&ssl=1","width":1200,"height":698,"caption":"Gu\u00eda sobre la no renovaci\u00f3n del contrato de trabajo"},{"@type":"BreadcrumbList","@id":"https:\/\/www.reclamador.es\/blog\/no-renovacion-contrato-trabajo\/#breadcrumb","itemListElement":[{"@type":"ListItem","position":1,"name":"Portada","item":"https:\/\/www.reclamador.es\/blog\/"},{"@type":"ListItem","position":2,"name":"No renovaci\u00f3n del contrato de trabajo: \u00bfqu\u00e9 pasar\u00e1?"}]},{"@type":"WebSite","@id":"https:\/\/www.reclamador.es\/blog\/#website","url":"https:\/\/www.reclamador.es\/blog\/","name":"Rebeldes con causa, el blog de reclamador.es","description":"Noticias, entrevistas y consejos sobre reclamaciones","publisher":{"@id":"https:\/\/www.reclamador.es\/blog\/#organization"},"potentialAction":[{"@type":"SearchAction","target":{"@type":"EntryPoint","urlTemplate":"https:\/\/www.reclamador.es\/blog\/?s={search_term_string}"},"query-input":{"@type":"PropertyValueSpecification","valueRequired":true,"valueName":"search_term_string"}}],"inLanguage":"es"},{"@type":"Organization","@id":"https:\/\/www.reclamador.es\/blog\/#organization","name":"reclamador.es","url":"https:\/\/www.reclamador.es\/blog\/","logo":{"@type":"ImageObject","inLanguage":"es","@id":"https:\/\/www.reclamador.es\/blog\/#\/schema\/logo\/image\/","url":"https:\/\/i0.wp.com\/www.reclamador.es\/blog\/wp-content\/uploads\/2020\/01\/logo-reclamador.png?fit=1200%2C144&ssl=1","contentUrl":"https:\/\/i0.wp.com\/www.reclamador.es\/blog\/wp-content\/uploads\/2020\/01\/logo-reclamador.png?fit=1200%2C144&ssl=1","width":1200,"height":144,"caption":"reclamador.es"},"image":{"@id":"https:\/\/www.reclamador.es\/blog\/#\/schema\/logo\/image\/"},"sameAs":["https:\/\/www.facebook.com\/reclamador.es","https:\/\/x.com\/reclamador","https:\/\/www.instagram.com\/reclamador.es\/","https:\/\/www.linkedin.com\/company\/reclamador-es","https:\/\/www.youtube.com\/user\/Reclamadores"]},{"@type":"Person","@id":"https:\/\/www.reclamador.es\/blog\/#\/schema\/person\/1ed83eef8b6566cb5e4c812d9bc5c4bf","name":"Equipo reclamador","image":{"@type":"ImageObject","inLanguage":"es","@id":"https:\/\/secure.gravatar.com\/avatar\/6442ecdc2c4472c600c113f34d340feca47107d6aa4f42f1e3e75a2a8e28a760?s=96&d=mm&r=g","url":"https:\/\/secure.gravatar.com\/avatar\/6442ecdc2c4472c600c113f34d340feca47107d6aa4f42f1e3e75a2a8e28a760?s=96&d=mm&r=g","contentUrl":"https:\/\/secure.gravatar.com\/avatar\/6442ecdc2c4472c600c113f34d340feca47107d6aa4f42f1e3e75a2a8e28a760?s=96&d=mm&r=g","caption":"Equipo reclamador"},"description":"Las personas que hacen posible reclamador.es","url":"https:\/\/www.reclamador.es\/blog\/author\/administrador\/"}]}},"jetpack_featured_media_url":"https:\/\/i0.wp.com\/www.reclamador.es\/blog\/wp-content\/uploads\/2022\/03\/abogados-laborales-no-renovacion-del-contrato-de-trabajo.jpg?fit=1200%2C698&ssl=1","jetpack-related-posts":[{"id":19121,"url":"https:\/\/www.reclamador.es\/blog\/finalizacion-contrato-temporal-que-corresponde\/","url_meta":{"origin":29375,"position":0},"title":"Finalizaci\u00f3n de un contrato temporal: \u00bfqu\u00e9 me corresponde?","author":"Equipo reclamador","date":"31 agosto, 2018","format":false,"excerpt":"*Contenido actualizado mayo 2025 Con la actual normativa laboral, en Espa\u00f1a en 2025 \u00fanicamente se pueden realizar dos tipos de contrato temporal: contrato temporal de sustituci\u00f3n y el contrato temporal por circunstancias de la producci\u00f3n (muy usado en verano o campa\u00f1as). Pero pese a que se intenta primar el contrato\u2026","rel":"","context":"En \u00abConsejos legales\u00bb","block_context":{"text":"Consejos legales","link":"https:\/\/www.reclamador.es\/blog\/consejos\/"},"img":{"alt_text":"Fin contrato temporal: finiquito e indemnizaci\u00f3n","src":"https:\/\/i0.wp.com\/www.reclamador.es\/blog\/wp-content\/uploads\/2018\/08\/finiquito-indemnzacion-fin-contrato-temporal.jpg?fit=1200%2C630&ssl=1&resize=350%2C200","width":350,"height":200,"srcset":"https:\/\/i0.wp.com\/www.reclamador.es\/blog\/wp-content\/uploads\/2018\/08\/finiquito-indemnzacion-fin-contrato-temporal.jpg?fit=1200%2C630&ssl=1&resize=350%2C200 1x, https:\/\/i0.wp.com\/www.reclamador.es\/blog\/wp-content\/uploads\/2018\/08\/finiquito-indemnzacion-fin-contrato-temporal.jpg?fit=1200%2C630&ssl=1&resize=525%2C300 1.5x, https:\/\/i0.wp.com\/www.reclamador.es\/blog\/wp-content\/uploads\/2018\/08\/finiquito-indemnzacion-fin-contrato-temporal.jpg?fit=1200%2C630&ssl=1&resize=700%2C400 2x, https:\/\/i0.wp.com\/www.reclamador.es\/blog\/wp-content\/uploads\/2018\/08\/finiquito-indemnzacion-fin-contrato-temporal.jpg?fit=1200%2C630&ssl=1&resize=1050%2C600 3x"},"classes":[]},{"id":18785,"url":"https:\/\/www.reclamador.es\/blog\/derechos-trabajadores-san-fermin\/","url_meta":{"origin":29375,"position":1},"title":"Sanfermines y otros eventos de verano: que tus derechos laborales no se vayan de fiesta","author":"Equipo reclamador","date":"5 julio, 2019","format":false,"excerpt":"\u201cPamplonesas, pamploneses, gora San Ferm\u00edn\u201d. Con estas palabras durante el chupinazo, el pr\u00f3ximo s\u00e1bado 6 de julio, dar\u00e1n comienzo las fiestas m\u00e1s esperadas de la capital de Navarra: los sanfermines. Durar\u00e1n hasta el 14 de julio y llenar\u00e1n de vida y de color rojiblanco las calles de la ciudad. Esta\u2026","rel":"","context":"En \u00abConsejos legales\u00bb","block_context":{"text":"Consejos legales","link":"https:\/\/www.reclamador.es\/blog\/consejos\/"},"img":{"alt_text":"Derechos trabajadores en San Ferm\u00edn y otras fiestas","src":"https:\/\/i0.wp.com\/www.reclamador.es\/blog\/wp-content\/uploads\/2019\/07\/pixabay-san-fermin-derechos-trabajadores.jpg?fit=1200%2C630&ssl=1&resize=350%2C200","width":350,"height":200,"srcset":"https:\/\/i0.wp.com\/www.reclamador.es\/blog\/wp-content\/uploads\/2019\/07\/pixabay-san-fermin-derechos-trabajadores.jpg?fit=1200%2C630&ssl=1&resize=350%2C200 1x, https:\/\/i0.wp.com\/www.reclamador.es\/blog\/wp-content\/uploads\/2019\/07\/pixabay-san-fermin-derechos-trabajadores.jpg?fit=1200%2C630&ssl=1&resize=525%2C300 1.5x, https:\/\/i0.wp.com\/www.reclamador.es\/blog\/wp-content\/uploads\/2019\/07\/pixabay-san-fermin-derechos-trabajadores.jpg?fit=1200%2C630&ssl=1&resize=700%2C400 2x, https:\/\/i0.wp.com\/www.reclamador.es\/blog\/wp-content\/uploads\/2019\/07\/pixabay-san-fermin-derechos-trabajadores.jpg?fit=1200%2C630&ssl=1&resize=1050%2C600 3x"},"classes":[]},{"id":28678,"url":"https:\/\/www.reclamador.es\/blog\/reforma-laboral-principales-novedades\/","url_meta":{"origin":29375,"position":2},"title":"Reforma laboral: principales novedades para trabajadores y empresarios","author":"Almudena Vel\u00e1zquez","date":"4 enero, 2022","format":false,"excerpt":"Ya est\u00e1 publicada y en vigor -salvo lo relativo a los contratos de formaci\u00f3n- la reforma laboral. A falta de su confirmaci\u00f3n en el Congreso, el Real Decreto-ley 32\/2021, de 28 de diciembre, trae importantes novedades para los trabajadores y los empresarios, tanto en materia de contrato temporales, como para\u2026","rel":"","context":"En \u00abNoticias y actualidad\u00bb","block_context":{"text":"Noticias y actualidad","link":"https:\/\/www.reclamador.es\/blog\/noticias\/"},"img":{"alt_text":"cambios trabajadores reforma laboral","src":"https:\/\/i0.wp.com\/www.reclamador.es\/blog\/wp-content\/uploads\/2021\/12\/novedades-reforma-laboral.jpg?fit=1200%2C675&ssl=1&resize=350%2C200","width":350,"height":200,"srcset":"https:\/\/i0.wp.com\/www.reclamador.es\/blog\/wp-content\/uploads\/2021\/12\/novedades-reforma-laboral.jpg?fit=1200%2C675&ssl=1&resize=350%2C200 1x, https:\/\/i0.wp.com\/www.reclamador.es\/blog\/wp-content\/uploads\/2021\/12\/novedades-reforma-laboral.jpg?fit=1200%2C675&ssl=1&resize=525%2C300 1.5x, https:\/\/i0.wp.com\/www.reclamador.es\/blog\/wp-content\/uploads\/2021\/12\/novedades-reforma-laboral.jpg?fit=1200%2C675&ssl=1&resize=700%2C400 2x, https:\/\/i0.wp.com\/www.reclamador.es\/blog\/wp-content\/uploads\/2021\/12\/novedades-reforma-laboral.jpg?fit=1200%2C675&ssl=1&resize=1050%2C600 3x"},"classes":[]},{"id":21422,"url":"https:\/\/www.reclamador.es\/blog\/tipos-contrato-trabajo\/","url_meta":{"origin":29375,"position":3},"title":"Estos son los tipos de contrato de trabajo que existen en Espa\u00f1a","author":"Laura M\u00e9ndez","date":"22 marzo, 2019","format":false,"excerpt":"Una de las caracter\u00edsticas que tiene el sistema laboral espa\u00f1ol es la variedad en los tipos de contrato que se pueden formalizar. Las diversas reformas laborales que se han producido en los \u00faltimos a\u00f1os han ido reduciendo el n\u00famero, pero a\u00fan as\u00ed son varias las opciones que el empresariado espa\u00f1ol\u2026","rel":"","context":"En \u00abConsejos legales\u00bb","block_context":{"text":"Consejos legales","link":"https:\/\/www.reclamador.es\/blog\/consejos\/"},"img":{"alt_text":"persona firmando contrato de trabajo","src":"https:\/\/i0.wp.com\/www.reclamador.es\/blog\/wp-content\/uploads\/2019\/03\/contratos-reclamador-min.png?fit=1200%2C800&ssl=1&resize=350%2C200","width":350,"height":200,"srcset":"https:\/\/i0.wp.com\/www.reclamador.es\/blog\/wp-content\/uploads\/2019\/03\/contratos-reclamador-min.png?fit=1200%2C800&ssl=1&resize=350%2C200 1x, https:\/\/i0.wp.com\/www.reclamador.es\/blog\/wp-content\/uploads\/2019\/03\/contratos-reclamador-min.png?fit=1200%2C800&ssl=1&resize=525%2C300 1.5x, https:\/\/i0.wp.com\/www.reclamador.es\/blog\/wp-content\/uploads\/2019\/03\/contratos-reclamador-min.png?fit=1200%2C800&ssl=1&resize=700%2C400 2x, https:\/\/i0.wp.com\/www.reclamador.es\/blog\/wp-content\/uploads\/2019\/03\/contratos-reclamador-min.png?fit=1200%2C800&ssl=1&resize=1050%2C600 3x"},"classes":[]},{"id":15712,"url":"https:\/\/www.reclamador.es\/blog\/contrato-temporal-fraude-ley\/","url_meta":{"origin":29375,"position":4},"title":"Contrato temporal en fraude de ley: qu\u00e9 hacer cuando se te acaba","author":"Equipo reclamador","date":"28 septiembre, 2017","format":false,"excerpt":"Seis meses. Es lo que ha durado la racha positiva del empleo en Espa\u00f1a.\u00a0El fin de agosto y de la alta temporada tur\u00edstica han tra\u00eddo malas noticias para el mercado laboral: una crecida del paro que implica la mayor destrucci\u00f3n de puestos de trabajo desde el a\u00f1o 2008. Ahora, ya\u2026","rel":"","context":"En \u00abNoticias y actualidad\u00bb","block_context":{"text":"Noticias y actualidad","link":"https:\/\/www.reclamador.es\/blog\/noticias\/"},"img":{"alt_text":"Contrato en fraude de ley - reclamador","src":"https:\/\/i0.wp.com\/www.reclamador.es\/blog\/wp-content\/uploads\/2017\/09\/reclamar-contrato-en-fraude-de-ley.jpg?fit=1200%2C630&ssl=1&resize=350%2C200","width":350,"height":200,"srcset":"https:\/\/i0.wp.com\/www.reclamador.es\/blog\/wp-content\/uploads\/2017\/09\/reclamar-contrato-en-fraude-de-ley.jpg?fit=1200%2C630&ssl=1&resize=350%2C200 1x, https:\/\/i0.wp.com\/www.reclamador.es\/blog\/wp-content\/uploads\/2017\/09\/reclamar-contrato-en-fraude-de-ley.jpg?fit=1200%2C630&ssl=1&resize=525%2C300 1.5x, https:\/\/i0.wp.com\/www.reclamador.es\/blog\/wp-content\/uploads\/2017\/09\/reclamar-contrato-en-fraude-de-ley.jpg?fit=1200%2C630&ssl=1&resize=700%2C400 2x, https:\/\/i0.wp.com\/www.reclamador.es\/blog\/wp-content\/uploads\/2017\/09\/reclamar-contrato-en-fraude-de-ley.jpg?fit=1200%2C630&ssl=1&resize=1050%2C600 3x"},"classes":[]},{"id":17670,"url":"https:\/\/www.reclamador.es\/blog\/irregularidades-habituales-contratos-de-trabajo\/","url_meta":{"origin":29375,"position":5},"title":"Sin finiquito y \"trabajar en negro\", dos de las irregularidades laborales m\u00e1s habituales","author":"Equipo reclamador","date":"24 julio, 2020","format":false,"excerpt":"Periodos como la Semana Santa, verano o Navidad supone un aumento de las contrataciones en Espa\u00f1a. Sin embargo, ese aumento de los datos del empleo, en no pocas ocasiones, oculta irregularidades en los contratos e, incluso, contrataciones sin contrato durante ese periodo de pico de trabajo. Empleados sin dar de\u2026","rel":"","context":"En \u00abNoticias y actualidad\u00bb","block_context":{"text":"Noticias y actualidad","link":"https:\/\/www.reclamador.es\/blog\/noticias\/"},"img":{"alt_text":"irregularidades contratos de trabajo","src":"https:\/\/i0.wp.com\/www.reclamador.es\/blog\/wp-content\/uploads\/2018\/04\/contratos-de-trabajo-reclamador.jpg?fit=1200%2C800&ssl=1&resize=350%2C200","width":350,"height":200,"srcset":"https:\/\/i0.wp.com\/www.reclamador.es\/blog\/wp-content\/uploads\/2018\/04\/contratos-de-trabajo-reclamador.jpg?fit=1200%2C800&ssl=1&resize=350%2C200 1x, https:\/\/i0.wp.com\/www.reclamador.es\/blog\/wp-content\/uploads\/2018\/04\/contratos-de-trabajo-reclamador.jpg?fit=1200%2C800&ssl=1&resize=525%2C300 1.5x, https:\/\/i0.wp.com\/www.reclamador.es\/blog\/wp-content\/uploads\/2018\/04\/contratos-de-trabajo-reclamador.jpg?fit=1200%2C800&ssl=1&resize=700%2C400 2x, https:\/\/i0.wp.com\/www.reclamador.es\/blog\/wp-content\/uploads\/2018\/04\/contratos-de-trabajo-reclamador.jpg?fit=1200%2C800&ssl=1&resize=1050%2C600 3x"},"classes":[]}],"jetpack_sharing_enabled":true,"_links":{"self":[{"href":"https:\/\/www.reclamador.es\/blog\/wp-json\/wp\/v2\/posts\/29375","targetHints":{"allow":["GET"]}}],"collection":[{"href":"https:\/\/www.reclamador.es\/blog\/wp-json\/wp\/v2\/posts"}],"about":[{"href":"https:\/\/www.reclamador.es\/blog\/wp-json\/wp\/v2\/types\/post"}],"author":[{"embeddable":true,"href":"https:\/\/www.reclamador.es\/blog\/wp-json\/wp\/v2\/users\/1"}],"replies":[{"embeddable":true,"href":"https:\/\/www.reclamador.es\/blog\/wp-json\/wp\/v2\/comments?post=29375"}],"version-history":[{"count":9,"href":"https:\/\/www.reclamador.es\/blog\/wp-json\/wp\/v2\/posts\/29375\/revisions"}],"predecessor-version":[{"id":34852,"href":"https:\/\/www.reclamador.es\/blog\/wp-json\/wp\/v2\/posts\/29375\/revisions\/34852"}],"wp:featuredmedia":[{"embeddable":true,"href":"https:\/\/www.reclamador.es\/blog\/wp-json\/wp\/v2\/media\/29381"}],"wp:attachment":[{"href":"https:\/\/www.reclamador.es\/blog\/wp-json\/wp\/v2\/media?parent=29375"}],"wp:term":[{"taxonomy":"category","embeddable":true,"href":"https:\/\/www.reclamador.es\/blog\/wp-json\/wp\/v2\/categories?post=29375"},{"taxonomy":"post_tag","embeddable":true,"href":"https:\/\/www.reclamador.es\/blog\/wp-json\/wp\/v2\/tags?post=29375"}],"curies":[{"name":"wp","href":"https:\/\/api.w.org\/{rel}","templated":true}]}}