{"id":28722,"date":"2022-01-11T10:34:30","date_gmt":"2022-01-11T09:34:30","guid":{"rendered":"https:\/\/www.reclamador.es\/blog\/?p=28722"},"modified":"2025-05-09T13:16:07","modified_gmt":"2025-05-09T11:16:07","slug":"2021-reclamaciones-aereas-mas-habituales-cancelacion-vuelo","status":"publish","type":"post","link":"https:\/\/www.reclamador.es\/blog\/2021-reclamaciones-aereas-mas-habituales-cancelacion-vuelo\/","title":{"rendered":"Cancelaci\u00f3n de vuelo: la reclamaci\u00f3n a\u00e9rea m\u00e1s repetida en 2021"},"content":{"rendered":"<div class=\"ttr_start\"><\/div>\n\n<div class=\"kk-star-ratings kksr-auto kksr-align-right kksr-valign-top\"\n    data-payload='{&quot;align&quot;:&quot;right&quot;,&quot;id&quot;:&quot;28722&quot;,&quot;slug&quot;:&quot;default&quot;,&quot;valign&quot;:&quot;top&quot;,&quot;ignore&quot;:&quot;&quot;,&quot;reference&quot;:&quot;auto&quot;,&quot;class&quot;:&quot;&quot;,&quot;count&quot;:&quot;10&quot;,&quot;legendonly&quot;:&quot;&quot;,&quot;readonly&quot;:&quot;&quot;,&quot;score&quot;:&quot;4.9&quot;,&quot;starsonly&quot;:&quot;&quot;,&quot;best&quot;:&quot;5&quot;,&quot;gap&quot;:&quot;3&quot;,&quot;greet&quot;:&quot;Valora este art\u00edculo&quot;,&quot;legend&quot;:&quot;4.9\\\/5 - (10 votos)&quot;,&quot;size&quot;:&quot;20&quot;,&quot;title&quot;:&quot;Cancelaci\u00f3n de vuelo: la reclamaci\u00f3n a\u00e9rea m\u00e1s repetida en 2021&quot;,&quot;width&quot;:&quot;111.2&quot;,&quot;_legend&quot;:&quot;{score}\\\/{best} - ({count} {votes})&quot;,&quot;font_factor&quot;:&quot;1.25&quot;}'>\n            \n<div class=\"kksr-stars\">\n    \n<div class=\"kksr-stars-inactive\">\n            <div class=\"kksr-star\" data-star=\"1\" style=\"padding-right: 3px\">\n            \n\n<div class=\"kksr-icon\" style=\"width: 20px; height: 20px;\"><\/div>\n        <\/div>\n            <div class=\"kksr-star\" data-star=\"2\" style=\"padding-right: 3px\">\n            \n\n<div class=\"kksr-icon\" style=\"width: 20px; height: 20px;\"><\/div>\n        <\/div>\n            <div class=\"kksr-star\" data-star=\"3\" style=\"padding-right: 3px\">\n            \n\n<div class=\"kksr-icon\" style=\"width: 20px; height: 20px;\"><\/div>\n        <\/div>\n            <div class=\"kksr-star\" data-star=\"4\" style=\"padding-right: 3px\">\n            \n\n<div class=\"kksr-icon\" style=\"width: 20px; height: 20px;\"><\/div>\n        <\/div>\n            <div class=\"kksr-star\" data-star=\"5\" style=\"padding-right: 3px\">\n            \n\n<div class=\"kksr-icon\" style=\"width: 20px; height: 20px;\"><\/div>\n        <\/div>\n    <\/div>\n    \n<div class=\"kksr-stars-active\" style=\"width: 111.2px;\">\n            <div class=\"kksr-star\" style=\"padding-right: 3px\">\n            \n\n<div class=\"kksr-icon\" style=\"width: 20px; height: 20px;\"><\/div>\n        <\/div>\n            <div class=\"kksr-star\" style=\"padding-right: 3px\">\n            \n\n<div class=\"kksr-icon\" style=\"width: 20px; height: 20px;\"><\/div>\n        <\/div>\n            <div class=\"kksr-star\" style=\"padding-right: 3px\">\n            \n\n<div class=\"kksr-icon\" style=\"width: 20px; height: 20px;\"><\/div>\n        <\/div>\n            <div class=\"kksr-star\" style=\"padding-right: 3px\">\n            \n\n<div class=\"kksr-icon\" style=\"width: 20px; height: 20px;\"><\/div>\n        <\/div>\n            <div class=\"kksr-star\" style=\"padding-right: 3px\">\n            \n\n<div class=\"kksr-icon\" style=\"width: 20px; height: 20px;\"><\/div>\n        <\/div>\n    <\/div>\n<\/div>\n                \n\n<div class=\"kksr-legend\" style=\"font-size: 16px;\">\n            4.9\/5 - (10 votos)    <\/div>\n    <\/div>\n\n<figure id=\"attachment_28734\" aria-describedby=\"caption-attachment-28734\" style=\"width: 1200px\" class=\"wp-caption aligncenter\"><img data-recalc-dims=\"1\" loading=\"lazy\" decoding=\"async\" class=\"size-full wp-image-28734\" src=\"https:\/\/i0.wp.com\/www.reclamador.es\/blog\/wp-content\/uploads\/2022\/01\/2021-reclamaciones-aereas-mas-habituales-iniciadas-en-reclamador.jpg?resize=1200%2C678&#038;ssl=1\" alt=\"reclamaciones aereas mas habituales 2021 - reclamador\" width=\"1200\" height=\"678\" srcset=\"https:\/\/i0.wp.com\/www.reclamador.es\/blog\/wp-content\/uploads\/2022\/01\/2021-reclamaciones-aereas-mas-habituales-iniciadas-en-reclamador.jpg?w=1200&amp;ssl=1 1200w, https:\/\/i0.wp.com\/www.reclamador.es\/blog\/wp-content\/uploads\/2022\/01\/2021-reclamaciones-aereas-mas-habituales-iniciadas-en-reclamador.jpg?resize=800%2C452&amp;ssl=1 800w, https:\/\/i0.wp.com\/www.reclamador.es\/blog\/wp-content\/uploads\/2022\/01\/2021-reclamaciones-aereas-mas-habituales-iniciadas-en-reclamador.jpg?resize=150%2C85&amp;ssl=1 150w, https:\/\/i0.wp.com\/www.reclamador.es\/blog\/wp-content\/uploads\/2022\/01\/2021-reclamaciones-aereas-mas-habituales-iniciadas-en-reclamador.jpg?resize=768%2C434&amp;ssl=1 768w\" sizes=\"auto, (max-width: 1000px) 100vw, 1000px\" \/><figcaption id=\"caption-attachment-28734\" class=\"wp-caption-text\"><em>Las reclamaciones a\u00e9reas m\u00e1s habituales en 2021 en reclamador.es<\/em><\/figcaption><\/figure>\n<p><span style=\"font-weight: 400;\">2021 tampoco ha sido un a\u00f1o \u201cnormal\u201d, en lo que a tr\u00e1fico a\u00e9reo se refiere. Comenz\u00e1bamos el pasado a\u00f1o con un Estado de Alarma que durar\u00eda hasta principios de mayo y, posteriormente, los \u00faltimos meses, especialmente diciembre, con la variante \u00d3micron, el tr\u00e1fico a\u00e9reo tambi\u00e9n se ha visto -y se est\u00e1 viendo- afectado.\u00a0<\/span><\/p>\n<p><span style=\"font-weight: 400;\">Pero pese a todo ello, los pasajeros a\u00e9reos han seguido sufriendo problemas con sus vuelos. <strong>Principalmente, cancelaciones.<\/strong> Tanto cancelaciones derivadas de la situaci\u00f3n epidemiol\u00f3gica y restricciones de los pa\u00edses, como aquellas que no se considerar\u00edan causa de fuerza de mayor, es decir, las derivadas de la operativa de la propia aerol\u00ednea.\u00a0<\/span><\/p>\n<p><span style=\"font-weight: 400;\">En este art\u00edculo, hemos recopilado los datos de las reclamaciones a\u00e9reas iniciadas en reclamador.es en 2021.\u00a0<\/span><\/p>\n<h2><b>Reclamaciones a\u00e9reas por cancelaciones\u00a0<\/b><\/h2>\n<p><span style=\"font-weight: 400;\">Las <strong><a href=\"https:\/\/www.reclamador.es\/aerolineas\/cancelacion-vuelo\/\">cancelaciones de vuelos<\/a><\/strong> han supuesto, aproximadamente, el 60% del total de reclamaciones a\u00e9reas que se iniciaron en reclamador.es en 2021. Como indic\u00e1bamos, los cierres de fronteras por la Covid-19, as\u00ed como los problemas de operativa que siguen sufriendo las aerol\u00edneas y que les obliga a cancelar vuelos programados, suponen el problema m\u00e1s repetido para los pasajeros a\u00e9reos que acuden a reclamador.es para defender sus derechos y reclamar las cantidades econ\u00f3micas que por ley les corresponden.\u00a0<\/span><\/p>\n<p><span style=\"font-weight: 400;\">Aqu\u00ed, queremos recordar que las cancelaciones que se consideren causa de fuerza mayor dan derecho al <strong>reembolso del billete<\/strong>, pero no a la compensaci\u00f3n econ\u00f3mica recogida en la normativa aplicable. Un ejemplo de causa de fuerza mayor, es el <a href=\"https:\/\/www.reclamador.es\/notas-de-prensa\/viajes-a-austria-que-hacer-ante-el-cierre-del-pais-al-turismo-hasta-el-13-de-diciembre\/\">cierre de fronteras al turismo que decret\u00f3 Austria<\/a> a finales de noviembre de 2021 y que oblig\u00f3 a las aerol\u00edneas a cancelar gran parte de sus vuelos con este pa\u00eds.\u00a0<\/span><\/p>\n<h2><b>Los retrasos en la llegada de los vuelos, otro de los grandes problemas a\u00e9reos de 2021<\/b><\/h2>\n<p><span style=\"font-weight: 400;\">Seg\u00fan nuestros datos, la segunda incidencia a\u00e9rea m\u00e1s sufrida fue el <strong><a href=\"https:\/\/www.reclamador.es\/aerolineas\/retraso-vuelo\/\">retraso<\/a><\/strong> en la llegada del vuelo a destino. Aqu\u00ed, recordar que, seg\u00fan el <a href=\"https:\/\/www.boe.es\/buscar\/doc.php?id=DOUE-L-2004-80291\" target=\"_blank\" rel=\"noopener noreferrer\">Reglamento Europeo 261<\/a>, el pasajero a\u00e9reo tendr\u00e1 derecho a una compensaci\u00f3n econ\u00f3mica, al igual que en los casos de cancelaci\u00f3n, de entre 250 y 600 euros (en funci\u00f3n de la distancia del vuelo), cuando el vuelo llegue a destino con m\u00e1s de tres horas de retraso.\u00a0<\/span><\/p>\n<p><span style=\"font-weight: 400;\">Esta incidencia supuso alrededor del 25% de las reclamaciones a\u00e9reas que se iniciaron en reclamador.es el pasado a\u00f1o.\u00a0<\/span><\/p>\n<h2><b>Problemas de equipaje<\/b><\/h2>\n<p><span style=\"font-weight: 400;\">Tanto retrasos en la entrega del equipaje facturado como la p\u00e9rdida definitiva del mismo, llegaron a suponer a muchos viajeros un enorme quebradero de cabeza en 2021. Aqu\u00ed, la indemnizaci\u00f3n econ\u00f3mica puede llegar a ser de hasta 1.400 \u20ac, si bien la media reclamada por reclamador.es a las aerol\u00edneas por este motivo se situ\u00f3 en m\u00e1s de 750\u20ac.\u00a0<\/span><\/p>\n<p><span style=\"font-weight: 400;\">Aproximadamente, el 11% de las reclamaciones iniciadas en 2021 en reclamador.es relacionadas con aerol\u00edneas eran referentes a <strong><a href=\"https:\/\/www.reclamador.es\/aerolineas\/problemas-equipaje\/\">problemas de equipaje<\/a><\/strong>.\u00a0<\/span><\/p>\n<h6 style=\"text-align: center;\">Novedades 2025: La cuant\u00eda de la indemnizaci\u00f3n por problemas con las maleta en un vuelo asciende, desde 2025, a 1.519 Derechos Especiales de Giro, lo que al cambio, en mayo 2025, <a href=\"https:\/\/www.reclamador.es\/blog\/aumenta-la-indemnizacion-por-problemas-de-equipaje\/\">alcanza los 1.813 \u20ac de cuant\u00eda m\u00e1xima de indemnizaci\u00f3n<\/a> por problemas de equipaje.\u00a0<\/h6>\n<h2><b>Reclamaciones a\u00e9reas por overbooking<\/b><\/h2>\n<p><span style=\"font-weight: 400;\">En cuarto y \u00faltimo lugar de las incidencias a\u00e9reas (aproximadamente, el 4%), las reclamaciones por denegaciones de embarque.\u00a0<\/span><\/p>\n<p><span style=\"font-weight: 400;\">Aqu\u00ed, como informaci\u00f3n para todos los viajeros, hay que tener en cuenta que no todas las denegaciones de embarque dan derecho a reclamar a la aerol\u00ednea una indemnizaci\u00f3n.\u00a0<\/span><\/p>\n<p><span style=\"font-weight: 400;\">El <a href=\"https:\/\/www.reclamador.es\/aerolineas\/overbooking\/\"><strong>overbooking<\/strong><\/a>, es decir, cuando la aerol\u00ednea vende m\u00e1s asientos de los disponibles en el avi\u00f3n y el viajero se queda \u201cen tierra\u201d por no dejarle embarcar, s\u00ed es reclamable, salvo excepciones que se deben consultar con abogados expertos. Pero, ahora, con la crisis sanitaria de la Covid-19, muchos pa\u00edses imponen obligaciones para entrar en sus territorios v\u00eda a\u00e9rea que, de no cumplirse, pueden suponer la denegaci\u00f3n de embarque sin derecho a compensaci\u00f3n. Este es el caso, por ejemplo, de no disponer del <a href=\"https:\/\/www.reclamador.es\/blog\/formulario-entrada-espana-qr-denegacion-embarque\/\">formulario sanitario<\/a> (qr) que solicita Espa\u00f1a cuando se va a acceder al pa\u00eds.<\/span><\/p>\n<h2><strong>En reclamador.es te ayudamos con tu reclamaci\u00f3n a\u00e9rea<\/strong><\/h2>\n<p>Si has sufrido una de las incidencias mencionadas en tu viaje en avi\u00f3n, en reclamador.es te ayudamos a reclamar a la compa\u00f1\u00eda a\u00e9rea con la que has sufrido la cancelaci\u00f3n de un vuelo, un gran retraso, problemas con el equipaje u overbooking.<\/p>\n<p>No lo dudes, inicia tu reclamaci\u00f3n a\u00e9rea con nosotros y pon la defensa de tus <a href=\"https:\/\/www.reclamador.es\/tus-derechos\/derechos-del-pasajero\/\">derechos como pasajero<\/a> en manos de abogados expertos.\u00a0<\/p>\n<h2 style=\"text-align: center;\"><a class=\"button-lead\" href=\"https:\/\/www.reclamador.es\/form\/complaint\/cancellation\/\" rel=\"nofollow noopener\"><b>Inicia aqu\u00ed tu reclamaci\u00f3n de vuelo cancelado<\/b><\/a><\/h2>\n<p>Si te ha parecido interesante esta noticia sobre las reclamaciones a\u00e9reas m\u00e1s habituales en 2021, comp\u00e1rtela en tus redes sociales.\u00a0<\/p>\n<div class=\"ttr_end\"><\/div>","protected":false},"excerpt":{"rendered":"<p>2021 tampoco ha sido un a\u00f1o \u201cnormal\u201d, en lo que a tr\u00e1fico a\u00e9reo se refiere. Comenz\u00e1bamos el pasado a\u00f1o con un Estado de Alarma que durar\u00eda hasta principios de mayo y, posteriormente, los \u00faltimos meses, especialmente diciembre, con la variante \u00d3micron, el tr\u00e1fico a\u00e9reo tambi\u00e9n se ha visto -y se est\u00e1 viendo- afectado.\u00a0 Pero pese [&hellip;]<\/p>\n","protected":false},"author":1,"featured_media":28734,"comment_status":"open","ping_status":"open","sticky":false,"template":"","format":"standard","meta":{"_acf_changed":false,"_genesis_hide_title":false,"_genesis_hide_breadcrumbs":false,"_genesis_hide_singular_image":false,"_genesis_hide_footer_widgets":false,"_genesis_custom_body_class":"","_genesis_custom_post_class":"","_genesis_layout":"","_jetpack_newsletter_access":"","_jetpack_dont_email_post_to_subs":false,"_jetpack_newsletter_tier_id":0,"_jetpack_memberships_contains_paywalled_content":false,"_jetpack_memberships_contains_paid_content":false,"footnotes":""},"categories":[392],"tags":[380,664,654,79,663],"class_list":{"0":"post-28722","1":"post","2":"type-post","3":"status-publish","4":"format-standard","5":"has-post-thumbnail","7":"category-noticias","8":"tag-aerolineas","9":"tag-cancelacion","10":"tag-equipaje","11":"tag-overbooking","12":"tag-retraso","13":"entry"},"acf":[],"yoast_head":"<!-- This site is optimized with the Yoast SEO plugin v27.4 - https:\/\/yoast.com\/product\/yoast-seo-wordpress\/ -->\n<title>Cancelaciones de vuelo: las reclamaciones a\u00e9reas m\u00e1s habitual en 2021<\/title>\n<meta name=\"description\" content=\"Las reclamaciones a\u00e9reas m\u00e1s habituales en 2021 en reclamador.es fueron las cancelaciones de vuelo: Reembolsos y compensaciones por cancelaci\u00f3n\" \/>\n<meta name=\"robots\" content=\"index, follow, max-snippet:-1, max-image-preview:large, max-video-preview:-1\" \/>\n<link rel=\"canonical\" href=\"https:\/\/www.reclamador.es\/blog\/2021-reclamaciones-aereas-mas-habituales-cancelacion-vuelo\/\" \/>\n<meta property=\"og:locale\" content=\"es_ES\" \/>\n<meta property=\"og:type\" content=\"article\" \/>\n<meta property=\"og:title\" content=\"Cancelaciones de vuelo: las reclamaciones a\u00e9reas m\u00e1s habitual en 2021\" \/>\n<meta property=\"og:description\" content=\"Las reclamaciones a\u00e9reas m\u00e1s habituales en 2021 en reclamador.es fueron las cancelaciones de vuelo: Reembolsos y compensaciones por cancelaci\u00f3n\" \/>\n<meta property=\"og:url\" content=\"https:\/\/www.reclamador.es\/blog\/2021-reclamaciones-aereas-mas-habituales-cancelacion-vuelo\/\" \/>\n<meta property=\"og:site_name\" content=\"Rebeldes con causa, el blog de reclamador.es\" \/>\n<meta property=\"article:publisher\" content=\"https:\/\/www.facebook.com\/reclamador.es\" \/>\n<meta property=\"article:published_time\" content=\"2022-01-11T09:34:30+00:00\" \/>\n<meta property=\"article:modified_time\" content=\"2025-05-09T11:16:07+00:00\" \/>\n<meta property=\"og:image\" content=\"https:\/\/www.reclamador.es\/blog\/wp-content\/uploads\/2022\/01\/2021-reclamaciones-aereas-mas-habituales-iniciadas-en-reclamador.jpg\" \/>\n\t<meta property=\"og:image:width\" content=\"1200\" \/>\n\t<meta property=\"og:image:height\" content=\"678\" \/>\n\t<meta property=\"og:image:type\" content=\"image\/jpeg\" \/>\n<meta name=\"author\" content=\"Equipo reclamador\" \/>\n<meta name=\"twitter:card\" content=\"summary_large_image\" \/>\n<meta name=\"twitter:creator\" content=\"@reclamador\" \/>\n<meta name=\"twitter:site\" content=\"@reclamador\" \/>\n<meta name=\"twitter:label1\" content=\"Escrito por\" \/>\n\t<meta name=\"twitter:data1\" content=\"Equipo reclamador\" \/>\n\t<meta name=\"twitter:label2\" content=\"Tiempo de lectura\" \/>\n\t<meta name=\"twitter:data2\" content=\"4 minutos\" \/>\n<script type=\"application\/ld+json\" class=\"yoast-schema-graph\">{\"@context\":\"https:\\\/\\\/schema.org\",\"@graph\":[{\"@type\":\"Article\",\"@id\":\"https:\\\/\\\/www.reclamador.es\\\/blog\\\/2021-reclamaciones-aereas-mas-habituales-cancelacion-vuelo\\\/#article\",\"isPartOf\":{\"@id\":\"https:\\\/\\\/www.reclamador.es\\\/blog\\\/2021-reclamaciones-aereas-mas-habituales-cancelacion-vuelo\\\/\"},\"author\":{\"name\":\"Equipo reclamador\",\"@id\":\"https:\\\/\\\/www.reclamador.es\\\/blog\\\/#\\\/schema\\\/person\\\/1ed83eef8b6566cb5e4c812d9bc5c4bf\"},\"headline\":\"Cancelaci\u00f3n de vuelo: la reclamaci\u00f3n a\u00e9rea m\u00e1s repetida en 2021\",\"datePublished\":\"2022-01-11T09:34:30+00:00\",\"dateModified\":\"2025-05-09T11:16:07+00:00\",\"mainEntityOfPage\":{\"@id\":\"https:\\\/\\\/www.reclamador.es\\\/blog\\\/2021-reclamaciones-aereas-mas-habituales-cancelacion-vuelo\\\/\"},\"wordCount\":838,\"commentCount\":0,\"publisher\":{\"@id\":\"https:\\\/\\\/www.reclamador.es\\\/blog\\\/#organization\"},\"image\":{\"@id\":\"https:\\\/\\\/www.reclamador.es\\\/blog\\\/2021-reclamaciones-aereas-mas-habituales-cancelacion-vuelo\\\/#primaryimage\"},\"thumbnailUrl\":\"https:\\\/\\\/i0.wp.com\\\/www.reclamador.es\\\/blog\\\/wp-content\\\/uploads\\\/2022\\\/01\\\/2021-reclamaciones-aereas-mas-habituales-iniciadas-en-reclamador.jpg?fit=1200%2C678&ssl=1\",\"keywords\":[\"aerol\u00edneas\",\"cancelaci\u00f3n\",\"equipaje\",\"overbooking\",\"retraso\"],\"articleSection\":[\"Noticias y actualidad\"],\"inLanguage\":\"es\",\"potentialAction\":[{\"@type\":\"CommentAction\",\"name\":\"Comment\",\"target\":[\"https:\\\/\\\/www.reclamador.es\\\/blog\\\/2021-reclamaciones-aereas-mas-habituales-cancelacion-vuelo\\\/#respond\"]}]},{\"@type\":\"WebPage\",\"@id\":\"https:\\\/\\\/www.reclamador.es\\\/blog\\\/2021-reclamaciones-aereas-mas-habituales-cancelacion-vuelo\\\/\",\"url\":\"https:\\\/\\\/www.reclamador.es\\\/blog\\\/2021-reclamaciones-aereas-mas-habituales-cancelacion-vuelo\\\/\",\"name\":\"Cancelaciones de vuelo: las reclamaciones a\u00e9reas m\u00e1s habitual en 2021\",\"isPartOf\":{\"@id\":\"https:\\\/\\\/www.reclamador.es\\\/blog\\\/#website\"},\"primaryImageOfPage\":{\"@id\":\"https:\\\/\\\/www.reclamador.es\\\/blog\\\/2021-reclamaciones-aereas-mas-habituales-cancelacion-vuelo\\\/#primaryimage\"},\"image\":{\"@id\":\"https:\\\/\\\/www.reclamador.es\\\/blog\\\/2021-reclamaciones-aereas-mas-habituales-cancelacion-vuelo\\\/#primaryimage\"},\"thumbnailUrl\":\"https:\\\/\\\/i0.wp.com\\\/www.reclamador.es\\\/blog\\\/wp-content\\\/uploads\\\/2022\\\/01\\\/2021-reclamaciones-aereas-mas-habituales-iniciadas-en-reclamador.jpg?fit=1200%2C678&ssl=1\",\"datePublished\":\"2022-01-11T09:34:30+00:00\",\"dateModified\":\"2025-05-09T11:16:07+00:00\",\"description\":\"Las reclamaciones a\u00e9reas m\u00e1s habituales en 2021 en reclamador.es fueron las cancelaciones de vuelo: Reembolsos y compensaciones por cancelaci\u00f3n\",\"breadcrumb\":{\"@id\":\"https:\\\/\\\/www.reclamador.es\\\/blog\\\/2021-reclamaciones-aereas-mas-habituales-cancelacion-vuelo\\\/#breadcrumb\"},\"inLanguage\":\"es\",\"potentialAction\":[{\"@type\":\"ReadAction\",\"target\":[\"https:\\\/\\\/www.reclamador.es\\\/blog\\\/2021-reclamaciones-aereas-mas-habituales-cancelacion-vuelo\\\/\"]}]},{\"@type\":\"ImageObject\",\"inLanguage\":\"es\",\"@id\":\"https:\\\/\\\/www.reclamador.es\\\/blog\\\/2021-reclamaciones-aereas-mas-habituales-cancelacion-vuelo\\\/#primaryimage\",\"url\":\"https:\\\/\\\/i0.wp.com\\\/www.reclamador.es\\\/blog\\\/wp-content\\\/uploads\\\/2022\\\/01\\\/2021-reclamaciones-aereas-mas-habituales-iniciadas-en-reclamador.jpg?fit=1200%2C678&ssl=1\",\"contentUrl\":\"https:\\\/\\\/i0.wp.com\\\/www.reclamador.es\\\/blog\\\/wp-content\\\/uploads\\\/2022\\\/01\\\/2021-reclamaciones-aereas-mas-habituales-iniciadas-en-reclamador.jpg?fit=1200%2C678&ssl=1\",\"width\":1200,\"height\":678,\"caption\":\"Las reclamaciones a\u00e9reas m\u00e1s habituales en 2021 en reclamador.es\"},{\"@type\":\"BreadcrumbList\",\"@id\":\"https:\\\/\\\/www.reclamador.es\\\/blog\\\/2021-reclamaciones-aereas-mas-habituales-cancelacion-vuelo\\\/#breadcrumb\",\"itemListElement\":[{\"@type\":\"ListItem\",\"position\":1,\"name\":\"Portada\",\"item\":\"https:\\\/\\\/www.reclamador.es\\\/blog\\\/\"},{\"@type\":\"ListItem\",\"position\":2,\"name\":\"Cancelaci\u00f3n de vuelo: la reclamaci\u00f3n a\u00e9rea m\u00e1s repetida en 2021\"}]},{\"@type\":\"WebSite\",\"@id\":\"https:\\\/\\\/www.reclamador.es\\\/blog\\\/#website\",\"url\":\"https:\\\/\\\/www.reclamador.es\\\/blog\\\/\",\"name\":\"Rebeldes con causa, el blog de reclamador.es\",\"description\":\"Noticias, entrevistas y consejos sobre reclamaciones\",\"publisher\":{\"@id\":\"https:\\\/\\\/www.reclamador.es\\\/blog\\\/#organization\"},\"potentialAction\":[{\"@type\":\"SearchAction\",\"target\":{\"@type\":\"EntryPoint\",\"urlTemplate\":\"https:\\\/\\\/www.reclamador.es\\\/blog\\\/?s={search_term_string}\"},\"query-input\":{\"@type\":\"PropertyValueSpecification\",\"valueRequired\":true,\"valueName\":\"search_term_string\"}}],\"inLanguage\":\"es\"},{\"@type\":\"Organization\",\"@id\":\"https:\\\/\\\/www.reclamador.es\\\/blog\\\/#organization\",\"name\":\"reclamador.es\",\"url\":\"https:\\\/\\\/www.reclamador.es\\\/blog\\\/\",\"logo\":{\"@type\":\"ImageObject\",\"inLanguage\":\"es\",\"@id\":\"https:\\\/\\\/www.reclamador.es\\\/blog\\\/#\\\/schema\\\/logo\\\/image\\\/\",\"url\":\"https:\\\/\\\/i0.wp.com\\\/www.reclamador.es\\\/blog\\\/wp-content\\\/uploads\\\/2020\\\/01\\\/logo-reclamador.png?fit=1200%2C144&ssl=1\",\"contentUrl\":\"https:\\\/\\\/i0.wp.com\\\/www.reclamador.es\\\/blog\\\/wp-content\\\/uploads\\\/2020\\\/01\\\/logo-reclamador.png?fit=1200%2C144&ssl=1\",\"width\":1200,\"height\":144,\"caption\":\"reclamador.es\"},\"image\":{\"@id\":\"https:\\\/\\\/www.reclamador.es\\\/blog\\\/#\\\/schema\\\/logo\\\/image\\\/\"},\"sameAs\":[\"https:\\\/\\\/www.facebook.com\\\/reclamador.es\",\"https:\\\/\\\/x.com\\\/reclamador\",\"https:\\\/\\\/www.instagram.com\\\/reclamador.es\\\/\",\"https:\\\/\\\/www.linkedin.com\\\/company\\\/reclamador-es\",\"https:\\\/\\\/www.youtube.com\\\/user\\\/Reclamadores\"]},{\"@type\":\"Person\",\"@id\":\"https:\\\/\\\/www.reclamador.es\\\/blog\\\/#\\\/schema\\\/person\\\/1ed83eef8b6566cb5e4c812d9bc5c4bf\",\"name\":\"Equipo reclamador\",\"image\":{\"@type\":\"ImageObject\",\"inLanguage\":\"es\",\"@id\":\"https:\\\/\\\/secure.gravatar.com\\\/avatar\\\/6442ecdc2c4472c600c113f34d340feca47107d6aa4f42f1e3e75a2a8e28a760?s=96&d=mm&r=g\",\"url\":\"https:\\\/\\\/secure.gravatar.com\\\/avatar\\\/6442ecdc2c4472c600c113f34d340feca47107d6aa4f42f1e3e75a2a8e28a760?s=96&d=mm&r=g\",\"contentUrl\":\"https:\\\/\\\/secure.gravatar.com\\\/avatar\\\/6442ecdc2c4472c600c113f34d340feca47107d6aa4f42f1e3e75a2a8e28a760?s=96&d=mm&r=g\",\"caption\":\"Equipo reclamador\"},\"description\":\"Las personas que hacen posible reclamador.es\",\"url\":\"https:\\\/\\\/www.reclamador.es\\\/blog\\\/author\\\/administrador\\\/\"}]}<\/script>\n<!-- \/ Yoast SEO plugin. -->","yoast_head_json":{"title":"Cancelaciones de vuelo: las reclamaciones a\u00e9reas m\u00e1s habitual en 2021","description":"Las reclamaciones a\u00e9reas m\u00e1s habituales en 2021 en reclamador.es fueron las cancelaciones de vuelo: Reembolsos y compensaciones por cancelaci\u00f3n","robots":{"index":"index","follow":"follow","max-snippet":"max-snippet:-1","max-image-preview":"max-image-preview:large","max-video-preview":"max-video-preview:-1"},"canonical":"https:\/\/www.reclamador.es\/blog\/2021-reclamaciones-aereas-mas-habituales-cancelacion-vuelo\/","og_locale":"es_ES","og_type":"article","og_title":"Cancelaciones de vuelo: las reclamaciones a\u00e9reas m\u00e1s habitual en 2021","og_description":"Las reclamaciones a\u00e9reas m\u00e1s habituales en 2021 en reclamador.es fueron las cancelaciones de vuelo: Reembolsos y compensaciones por cancelaci\u00f3n","og_url":"https:\/\/www.reclamador.es\/blog\/2021-reclamaciones-aereas-mas-habituales-cancelacion-vuelo\/","og_site_name":"Rebeldes con causa, el blog de reclamador.es","article_publisher":"https:\/\/www.facebook.com\/reclamador.es","article_published_time":"2022-01-11T09:34:30+00:00","article_modified_time":"2025-05-09T11:16:07+00:00","og_image":[{"width":1200,"height":678,"url":"https:\/\/www.reclamador.es\/blog\/wp-content\/uploads\/2022\/01\/2021-reclamaciones-aereas-mas-habituales-iniciadas-en-reclamador.jpg","type":"image\/jpeg"}],"author":"Equipo reclamador","twitter_card":"summary_large_image","twitter_creator":"@reclamador","twitter_site":"@reclamador","twitter_misc":{"Escrito por":"Equipo reclamador","Tiempo de lectura":"4 minutos"},"schema":{"@context":"https:\/\/schema.org","@graph":[{"@type":"Article","@id":"https:\/\/www.reclamador.es\/blog\/2021-reclamaciones-aereas-mas-habituales-cancelacion-vuelo\/#article","isPartOf":{"@id":"https:\/\/www.reclamador.es\/blog\/2021-reclamaciones-aereas-mas-habituales-cancelacion-vuelo\/"},"author":{"name":"Equipo reclamador","@id":"https:\/\/www.reclamador.es\/blog\/#\/schema\/person\/1ed83eef8b6566cb5e4c812d9bc5c4bf"},"headline":"Cancelaci\u00f3n de vuelo: la reclamaci\u00f3n a\u00e9rea m\u00e1s repetida en 2021","datePublished":"2022-01-11T09:34:30+00:00","dateModified":"2025-05-09T11:16:07+00:00","mainEntityOfPage":{"@id":"https:\/\/www.reclamador.es\/blog\/2021-reclamaciones-aereas-mas-habituales-cancelacion-vuelo\/"},"wordCount":838,"commentCount":0,"publisher":{"@id":"https:\/\/www.reclamador.es\/blog\/#organization"},"image":{"@id":"https:\/\/www.reclamador.es\/blog\/2021-reclamaciones-aereas-mas-habituales-cancelacion-vuelo\/#primaryimage"},"thumbnailUrl":"https:\/\/i0.wp.com\/www.reclamador.es\/blog\/wp-content\/uploads\/2022\/01\/2021-reclamaciones-aereas-mas-habituales-iniciadas-en-reclamador.jpg?fit=1200%2C678&ssl=1","keywords":["aerol\u00edneas","cancelaci\u00f3n","equipaje","overbooking","retraso"],"articleSection":["Noticias y actualidad"],"inLanguage":"es","potentialAction":[{"@type":"CommentAction","name":"Comment","target":["https:\/\/www.reclamador.es\/blog\/2021-reclamaciones-aereas-mas-habituales-cancelacion-vuelo\/#respond"]}]},{"@type":"WebPage","@id":"https:\/\/www.reclamador.es\/blog\/2021-reclamaciones-aereas-mas-habituales-cancelacion-vuelo\/","url":"https:\/\/www.reclamador.es\/blog\/2021-reclamaciones-aereas-mas-habituales-cancelacion-vuelo\/","name":"Cancelaciones de vuelo: las reclamaciones a\u00e9reas m\u00e1s habitual en 2021","isPartOf":{"@id":"https:\/\/www.reclamador.es\/blog\/#website"},"primaryImageOfPage":{"@id":"https:\/\/www.reclamador.es\/blog\/2021-reclamaciones-aereas-mas-habituales-cancelacion-vuelo\/#primaryimage"},"image":{"@id":"https:\/\/www.reclamador.es\/blog\/2021-reclamaciones-aereas-mas-habituales-cancelacion-vuelo\/#primaryimage"},"thumbnailUrl":"https:\/\/i0.wp.com\/www.reclamador.es\/blog\/wp-content\/uploads\/2022\/01\/2021-reclamaciones-aereas-mas-habituales-iniciadas-en-reclamador.jpg?fit=1200%2C678&ssl=1","datePublished":"2022-01-11T09:34:30+00:00","dateModified":"2025-05-09T11:16:07+00:00","description":"Las reclamaciones a\u00e9reas m\u00e1s habituales en 2021 en reclamador.es fueron las cancelaciones de vuelo: Reembolsos y compensaciones por cancelaci\u00f3n","breadcrumb":{"@id":"https:\/\/www.reclamador.es\/blog\/2021-reclamaciones-aereas-mas-habituales-cancelacion-vuelo\/#breadcrumb"},"inLanguage":"es","potentialAction":[{"@type":"ReadAction","target":["https:\/\/www.reclamador.es\/blog\/2021-reclamaciones-aereas-mas-habituales-cancelacion-vuelo\/"]}]},{"@type":"ImageObject","inLanguage":"es","@id":"https:\/\/www.reclamador.es\/blog\/2021-reclamaciones-aereas-mas-habituales-cancelacion-vuelo\/#primaryimage","url":"https:\/\/i0.wp.com\/www.reclamador.es\/blog\/wp-content\/uploads\/2022\/01\/2021-reclamaciones-aereas-mas-habituales-iniciadas-en-reclamador.jpg?fit=1200%2C678&ssl=1","contentUrl":"https:\/\/i0.wp.com\/www.reclamador.es\/blog\/wp-content\/uploads\/2022\/01\/2021-reclamaciones-aereas-mas-habituales-iniciadas-en-reclamador.jpg?fit=1200%2C678&ssl=1","width":1200,"height":678,"caption":"Las reclamaciones a\u00e9reas m\u00e1s habituales en 2021 en reclamador.es"},{"@type":"BreadcrumbList","@id":"https:\/\/www.reclamador.es\/blog\/2021-reclamaciones-aereas-mas-habituales-cancelacion-vuelo\/#breadcrumb","itemListElement":[{"@type":"ListItem","position":1,"name":"Portada","item":"https:\/\/www.reclamador.es\/blog\/"},{"@type":"ListItem","position":2,"name":"Cancelaci\u00f3n de vuelo: la reclamaci\u00f3n a\u00e9rea m\u00e1s repetida en 2021"}]},{"@type":"WebSite","@id":"https:\/\/www.reclamador.es\/blog\/#website","url":"https:\/\/www.reclamador.es\/blog\/","name":"Rebeldes con causa, el blog de reclamador.es","description":"Noticias, entrevistas y consejos sobre reclamaciones","publisher":{"@id":"https:\/\/www.reclamador.es\/blog\/#organization"},"potentialAction":[{"@type":"SearchAction","target":{"@type":"EntryPoint","urlTemplate":"https:\/\/www.reclamador.es\/blog\/?s={search_term_string}"},"query-input":{"@type":"PropertyValueSpecification","valueRequired":true,"valueName":"search_term_string"}}],"inLanguage":"es"},{"@type":"Organization","@id":"https:\/\/www.reclamador.es\/blog\/#organization","name":"reclamador.es","url":"https:\/\/www.reclamador.es\/blog\/","logo":{"@type":"ImageObject","inLanguage":"es","@id":"https:\/\/www.reclamador.es\/blog\/#\/schema\/logo\/image\/","url":"https:\/\/i0.wp.com\/www.reclamador.es\/blog\/wp-content\/uploads\/2020\/01\/logo-reclamador.png?fit=1200%2C144&ssl=1","contentUrl":"https:\/\/i0.wp.com\/www.reclamador.es\/blog\/wp-content\/uploads\/2020\/01\/logo-reclamador.png?fit=1200%2C144&ssl=1","width":1200,"height":144,"caption":"reclamador.es"},"image":{"@id":"https:\/\/www.reclamador.es\/blog\/#\/schema\/logo\/image\/"},"sameAs":["https:\/\/www.facebook.com\/reclamador.es","https:\/\/x.com\/reclamador","https:\/\/www.instagram.com\/reclamador.es\/","https:\/\/www.linkedin.com\/company\/reclamador-es","https:\/\/www.youtube.com\/user\/Reclamadores"]},{"@type":"Person","@id":"https:\/\/www.reclamador.es\/blog\/#\/schema\/person\/1ed83eef8b6566cb5e4c812d9bc5c4bf","name":"Equipo reclamador","image":{"@type":"ImageObject","inLanguage":"es","@id":"https:\/\/secure.gravatar.com\/avatar\/6442ecdc2c4472c600c113f34d340feca47107d6aa4f42f1e3e75a2a8e28a760?s=96&d=mm&r=g","url":"https:\/\/secure.gravatar.com\/avatar\/6442ecdc2c4472c600c113f34d340feca47107d6aa4f42f1e3e75a2a8e28a760?s=96&d=mm&r=g","contentUrl":"https:\/\/secure.gravatar.com\/avatar\/6442ecdc2c4472c600c113f34d340feca47107d6aa4f42f1e3e75a2a8e28a760?s=96&d=mm&r=g","caption":"Equipo reclamador"},"description":"Las personas que hacen posible reclamador.es","url":"https:\/\/www.reclamador.es\/blog\/author\/administrador\/"}]}},"jetpack_featured_media_url":"https:\/\/i0.wp.com\/www.reclamador.es\/blog\/wp-content\/uploads\/2022\/01\/2021-reclamaciones-aereas-mas-habituales-iniciadas-en-reclamador.jpg?fit=1200%2C678&ssl=1","jetpack-related-posts":[{"id":30057,"url":"https:\/\/www.reclamador.es\/blog\/huelga-controladores-aereos-francia\/","url_meta":{"origin":28722,"position":0},"title":"Huelga controladores a\u00e9reos en Francia: tu vuelo puede estar afectado aunque no viajes a este pa\u00eds","author":"Equipo reclamador","date":"7 junio, 2024","format":false,"excerpt":"Las noticias sobre huelga de controladores a\u00e9reos en Francia se vienen sucediendo reiteradamente. A finales de abril se consigui\u00f3 paralizar una huelga que iba a afectar a miles de vuelos no solo en Francia, tambi\u00e9n en el resto de Europa. Y, ahora, hemos conocido que para los d\u00edas 11, 12\u2026","rel":"","context":"En \u00abNoticias y actualidad\u00bb","block_context":{"text":"Noticias y actualidad","link":"https:\/\/www.reclamador.es\/blog\/noticias\/"},"img":{"alt_text":"vuelos afectados huelga controladores en Francia","src":"https:\/\/i0.wp.com\/www.reclamador.es\/blog\/wp-content\/uploads\/2022\/09\/huelga-de-controladores-aereos-en-francia-1200x630-1.jpg?fit=1200%2C630&ssl=1&resize=350%2C200","width":350,"height":200,"srcset":"https:\/\/i0.wp.com\/www.reclamador.es\/blog\/wp-content\/uploads\/2022\/09\/huelga-de-controladores-aereos-en-francia-1200x630-1.jpg?fit=1200%2C630&ssl=1&resize=350%2C200 1x, https:\/\/i0.wp.com\/www.reclamador.es\/blog\/wp-content\/uploads\/2022\/09\/huelga-de-controladores-aereos-en-francia-1200x630-1.jpg?fit=1200%2C630&ssl=1&resize=525%2C300 1.5x, https:\/\/i0.wp.com\/www.reclamador.es\/blog\/wp-content\/uploads\/2022\/09\/huelga-de-controladores-aereos-en-francia-1200x630-1.jpg?fit=1200%2C630&ssl=1&resize=700%2C400 2x, https:\/\/i0.wp.com\/www.reclamador.es\/blog\/wp-content\/uploads\/2022\/09\/huelga-de-controladores-aereos-en-francia-1200x630-1.jpg?fit=1200%2C630&ssl=1&resize=1050%2C600 3x"},"classes":[]},{"id":30124,"url":"https:\/\/www.reclamador.es\/blog\/vuelos-cancelados-en-canarias-tormenta-hermine\/","url_meta":{"origin":28722,"position":1},"title":"Vuelos cancelados en las Islas Canarias por la tormenta Hermine","author":"Equipo reclamador","date":"26 septiembre, 2022","format":false,"excerpt":"Desde el fin de semana, en Canarias est\u00e1n sufriendo los estragos de la tormenta \u201cHermine\u201d. Pese a que una de las islas m\u00e1s afectadas es La Palma, el resto de territorios que componen el archipi\u00e9lago tambi\u00e9n est\u00e1n sufriendo importantes inundaciones, cortes de carretera, restricciones del tr\u00e1fico a\u00e9reo y mar\u00edtimo, suspensi\u00f3n\u2026","rel":"","context":"En \u00abNoticias y actualidad\u00bb","block_context":{"text":"Noticias y actualidad","link":"https:\/\/www.reclamador.es\/blog\/noticias\/"},"img":{"alt_text":"reclamaciones tormenta hermine canarias","src":"https:\/\/i0.wp.com\/www.reclamador.es\/blog\/wp-content\/uploads\/2022\/09\/tormenta-hermine-canarias-cancelaciones-vuelos.jpg?fit=1200%2C675&ssl=1&resize=350%2C200","width":350,"height":200,"srcset":"https:\/\/i0.wp.com\/www.reclamador.es\/blog\/wp-content\/uploads\/2022\/09\/tormenta-hermine-canarias-cancelaciones-vuelos.jpg?fit=1200%2C675&ssl=1&resize=350%2C200 1x, https:\/\/i0.wp.com\/www.reclamador.es\/blog\/wp-content\/uploads\/2022\/09\/tormenta-hermine-canarias-cancelaciones-vuelos.jpg?fit=1200%2C675&ssl=1&resize=525%2C300 1.5x, https:\/\/i0.wp.com\/www.reclamador.es\/blog\/wp-content\/uploads\/2022\/09\/tormenta-hermine-canarias-cancelaciones-vuelos.jpg?fit=1200%2C675&ssl=1&resize=700%2C400 2x, https:\/\/i0.wp.com\/www.reclamador.es\/blog\/wp-content\/uploads\/2022\/09\/tormenta-hermine-canarias-cancelaciones-vuelos.jpg?fit=1200%2C675&ssl=1&resize=1050%2C600 3x"},"classes":[]},{"id":26538,"url":"https:\/\/www.reclamador.es\/blog\/cancelacion-vuelo-por-calima\/","url_meta":{"origin":28722,"position":2},"title":"Cancelaci\u00f3n de vuelo por calima: qu\u00e9 le corresponde al viajero","author":"Equipo reclamador","date":"26 febrero, 2021","format":false,"excerpt":"Los episodios de calima, es decir, la presencia en la atm\u00f3sfera de part\u00edculas de polvo o arena, que peri\u00f3dicamente sufren diferentes territorios espa\u00f1oles, pueden dar lugar a diversos problemas climatol\u00f3gicos y que, paralelamente, tambi\u00e9n causa problemas en otros \u00e1mbitos, como por ejemplo, la actividad a\u00e9rea. Si la presencia de este\u2026","rel":"","context":"En \u00abConsejos legales\u00bb","block_context":{"text":"Consejos legales","link":"https:\/\/www.reclamador.es\/blog\/consejos\/"},"img":{"alt_text":"cancelaciones por calima","src":"https:\/\/i0.wp.com\/www.reclamador.es\/blog\/wp-content\/uploads\/2021\/02\/cancelacion-de-vuelo-por-calima.jpg?fit=1200%2C675&ssl=1&resize=350%2C200","width":350,"height":200,"srcset":"https:\/\/i0.wp.com\/www.reclamador.es\/blog\/wp-content\/uploads\/2021\/02\/cancelacion-de-vuelo-por-calima.jpg?fit=1200%2C675&ssl=1&resize=350%2C200 1x, https:\/\/i0.wp.com\/www.reclamador.es\/blog\/wp-content\/uploads\/2021\/02\/cancelacion-de-vuelo-por-calima.jpg?fit=1200%2C675&ssl=1&resize=525%2C300 1.5x, https:\/\/i0.wp.com\/www.reclamador.es\/blog\/wp-content\/uploads\/2021\/02\/cancelacion-de-vuelo-por-calima.jpg?fit=1200%2C675&ssl=1&resize=700%2C400 2x, https:\/\/i0.wp.com\/www.reclamador.es\/blog\/wp-content\/uploads\/2021\/02\/cancelacion-de-vuelo-por-calima.jpg?fit=1200%2C675&ssl=1&resize=1050%2C600 3x"},"classes":[]},{"id":35897,"url":"https:\/\/www.reclamador.es\/blog\/cancelacion-de-vuelo-por-subida-de-combustible-reclamaciones\/","url_meta":{"origin":28722,"position":3},"title":"\u00bfCorresponde compensaci\u00f3n econ\u00f3mica si te cancelan el vuelo por la subida del combustible?","author":"Leticia Grande","date":"26 abril, 2026","format":false,"excerpt":"La inestabilidad pol\u00edtica y econ\u00f3mica derivada del cierre del estrecho de Ormuz tiene implicaciones directas en el sector tur\u00edstico. Primeramente, vimos la cancelaci\u00f3n de vuelos masiva en Oriente Medio y, ahora, los problemas con los suministros de combustibles dada la situaci\u00f3n geopol\u00edtica de la zona. Aerol\u00edneas como Lufthansa o Volotea\u2026","rel":"","context":"En \u00abNoticias y actualidad\u00bb","block_context":{"text":"Noticias y actualidad","link":"https:\/\/www.reclamador.es\/blog\/noticias\/"},"img":{"alt_text":"reclamar vuelo cancelado por subida de precio de combustible 2026","src":"https:\/\/i0.wp.com\/www.reclamador.es\/blog\/wp-content\/uploads\/2026\/04\/reclamar-cancelacion-de-vuelo-por-falta-de-combustible.jpg?fit=1200%2C630&ssl=1&resize=350%2C200","width":350,"height":200,"srcset":"https:\/\/i0.wp.com\/www.reclamador.es\/blog\/wp-content\/uploads\/2026\/04\/reclamar-cancelacion-de-vuelo-por-falta-de-combustible.jpg?fit=1200%2C630&ssl=1&resize=350%2C200 1x, https:\/\/i0.wp.com\/www.reclamador.es\/blog\/wp-content\/uploads\/2026\/04\/reclamar-cancelacion-de-vuelo-por-falta-de-combustible.jpg?fit=1200%2C630&ssl=1&resize=525%2C300 1.5x, https:\/\/i0.wp.com\/www.reclamador.es\/blog\/wp-content\/uploads\/2026\/04\/reclamar-cancelacion-de-vuelo-por-falta-de-combustible.jpg?fit=1200%2C630&ssl=1&resize=700%2C400 2x, https:\/\/i0.wp.com\/www.reclamador.es\/blog\/wp-content\/uploads\/2026\/04\/reclamar-cancelacion-de-vuelo-por-falta-de-combustible.jpg?fit=1200%2C630&ssl=1&resize=1050%2C600 3x"},"classes":[]},{"id":33975,"url":"https:\/\/www.reclamador.es\/blog\/aerolinea-debe-pagar-hotel-comida-cancelacion-vuelo\/","url_meta":{"origin":28722,"position":4},"title":"\u00bfPuedes exigir a la aerol\u00ednea que pague la noche de hotel y comida tras una cancelaci\u00f3n de vuelo?","author":"Equipo reclamador","date":"18 abril, 2025","format":false,"excerpt":"Cuando un vuelo se cancela, no solo se pierde tiempo. Tambi\u00e9n pueden surgir gastos imprevistos como comidas, noches de hotel o transporte adicional. Lo que muchas personas no saben es que, en determinadas circunstancias, las compa\u00f1\u00edas a\u00e9reas est\u00e1n obligadas a cubrir esos costes. Por eso, en este art\u00edculo vamos a\u2026","rel":"","context":"En \u00abConsejos legales\u00bb","block_context":{"text":"Consejos legales","link":"https:\/\/www.reclamador.es\/blog\/consejos\/"},"img":{"alt_text":"exigir a la aerol\u00ednea que pague hotel y comida si cancela tu vuelo","src":"https:\/\/i0.wp.com\/www.reclamador.es\/blog\/wp-content\/uploads\/2025\/04\/cuando-puedes-exigir-a-la-aerolinea-que-pague-tu-hotel-y-comida-tras-una-cancelacion-1200x630-1.jpg?fit=1200%2C630&ssl=1&resize=350%2C200","width":350,"height":200,"srcset":"https:\/\/i0.wp.com\/www.reclamador.es\/blog\/wp-content\/uploads\/2025\/04\/cuando-puedes-exigir-a-la-aerolinea-que-pague-tu-hotel-y-comida-tras-una-cancelacion-1200x630-1.jpg?fit=1200%2C630&ssl=1&resize=350%2C200 1x, https:\/\/i0.wp.com\/www.reclamador.es\/blog\/wp-content\/uploads\/2025\/04\/cuando-puedes-exigir-a-la-aerolinea-que-pague-tu-hotel-y-comida-tras-una-cancelacion-1200x630-1.jpg?fit=1200%2C630&ssl=1&resize=525%2C300 1.5x, https:\/\/i0.wp.com\/www.reclamador.es\/blog\/wp-content\/uploads\/2025\/04\/cuando-puedes-exigir-a-la-aerolinea-que-pague-tu-hotel-y-comida-tras-una-cancelacion-1200x630-1.jpg?fit=1200%2C630&ssl=1&resize=700%2C400 2x, https:\/\/i0.wp.com\/www.reclamador.es\/blog\/wp-content\/uploads\/2025\/04\/cuando-puedes-exigir-a-la-aerolinea-que-pague-tu-hotel-y-comida-tras-una-cancelacion-1200x630-1.jpg?fit=1200%2C630&ssl=1&resize=1050%2C600 3x"},"classes":[]},{"id":2990,"url":"https:\/\/www.reclamador.es\/blog\/que-se-considera-fuerza-mayor-y-que-no\/","url_meta":{"origin":28722,"position":5},"title":"\u00bfQu\u00e9 se considera fuerza mayor y qu\u00e9 no en la cancelaci\u00f3n de un vuelo?","author":"Equipo reclamador","date":"11 mayo, 2016","format":false,"excerpt":"*Contenido revisado septiembre 2025 Hay situaciones que pueden parecer ins\u00f3litas, incre\u00edbles, pero que de verdad pasan. Por ejemplo, en un avi\u00f3n ya embarcado y que va a comenzar con las maniobras de despegue, tiene que ser evacuado porque un tel\u00e9fono m\u00f3vil comienza a arder y el vuelo sufre un gran\u2026","rel":"","context":"En \u00abConsejos legales\u00bb","block_context":{"text":"Consejos legales","link":"https:\/\/www.reclamador.es\/blog\/consejos\/"},"img":{"alt_text":"","src":"https:\/\/i0.wp.com\/www.reclamador.es\/blog\/wp-content\/uploads\/2015\/05\/IMG_5241.jpg?fit=1200%2C800&ssl=1&resize=350%2C200","width":350,"height":200,"srcset":"https:\/\/i0.wp.com\/www.reclamador.es\/blog\/wp-content\/uploads\/2015\/05\/IMG_5241.jpg?fit=1200%2C800&ssl=1&resize=350%2C200 1x, https:\/\/i0.wp.com\/www.reclamador.es\/blog\/wp-content\/uploads\/2015\/05\/IMG_5241.jpg?fit=1200%2C800&ssl=1&resize=525%2C300 1.5x, https:\/\/i0.wp.com\/www.reclamador.es\/blog\/wp-content\/uploads\/2015\/05\/IMG_5241.jpg?fit=1200%2C800&ssl=1&resize=700%2C400 2x, https:\/\/i0.wp.com\/www.reclamador.es\/blog\/wp-content\/uploads\/2015\/05\/IMG_5241.jpg?fit=1200%2C800&ssl=1&resize=1050%2C600 3x"},"classes":[]}],"jetpack_sharing_enabled":true,"_links":{"self":[{"href":"https:\/\/www.reclamador.es\/blog\/wp-json\/wp\/v2\/posts\/28722","targetHints":{"allow":["GET"]}}],"collection":[{"href":"https:\/\/www.reclamador.es\/blog\/wp-json\/wp\/v2\/posts"}],"about":[{"href":"https:\/\/www.reclamador.es\/blog\/wp-json\/wp\/v2\/types\/post"}],"author":[{"embeddable":true,"href":"https:\/\/www.reclamador.es\/blog\/wp-json\/wp\/v2\/users\/1"}],"replies":[{"embeddable":true,"href":"https:\/\/www.reclamador.es\/blog\/wp-json\/wp\/v2\/comments?post=28722"}],"version-history":[{"count":19,"href":"https:\/\/www.reclamador.es\/blog\/wp-json\/wp\/v2\/posts\/28722\/revisions"}],"predecessor-version":[{"id":34139,"href":"https:\/\/www.reclamador.es\/blog\/wp-json\/wp\/v2\/posts\/28722\/revisions\/34139"}],"wp:featuredmedia":[{"embeddable":true,"href":"https:\/\/www.reclamador.es\/blog\/wp-json\/wp\/v2\/media\/28734"}],"wp:attachment":[{"href":"https:\/\/www.reclamador.es\/blog\/wp-json\/wp\/v2\/media?parent=28722"}],"wp:term":[{"taxonomy":"category","embeddable":true,"href":"https:\/\/www.reclamador.es\/blog\/wp-json\/wp\/v2\/categories?post=28722"},{"taxonomy":"post_tag","embeddable":true,"href":"https:\/\/www.reclamador.es\/blog\/wp-json\/wp\/v2\/tags?post=28722"}],"curies":[{"name":"wp","href":"https:\/\/api.w.org\/{rel}","templated":true}]}}