{"id":28632,"date":"2021-12-27T11:23:22","date_gmt":"2021-12-27T10:23:22","guid":{"rendered":"https:\/\/www.reclamador.es\/blog\/?p=28632"},"modified":"2024-06-07T10:44:31","modified_gmt":"2024-06-07T08:44:31","slug":"proteccion-juridica-animales-son-seres-sintientes","status":"publish","type":"post","link":"https:\/\/www.reclamador.es\/blog\/proteccion-juridica-animales-son-seres-sintientes\/","title":{"rendered":"Los animales son \u201cseres sintientes\u201d: Novedades sobre el r\u00e9gimen jur\u00eddico de los animales"},"content":{"rendered":"<div class=\"ttr_start\"><\/div>\n\n<div class=\"kk-star-ratings kksr-auto kksr-align-right kksr-valign-top\"\n    data-payload='{&quot;align&quot;:&quot;right&quot;,&quot;id&quot;:&quot;28632&quot;,&quot;slug&quot;:&quot;default&quot;,&quot;valign&quot;:&quot;top&quot;,&quot;ignore&quot;:&quot;&quot;,&quot;reference&quot;:&quot;auto&quot;,&quot;class&quot;:&quot;&quot;,&quot;count&quot;:&quot;5&quot;,&quot;legendonly&quot;:&quot;&quot;,&quot;readonly&quot;:&quot;&quot;,&quot;score&quot;:&quot;5&quot;,&quot;starsonly&quot;:&quot;&quot;,&quot;best&quot;:&quot;5&quot;,&quot;gap&quot;:&quot;3&quot;,&quot;greet&quot;:&quot;Valora este art\u00edculo&quot;,&quot;legend&quot;:&quot;5\\\/5 - (5 votos)&quot;,&quot;size&quot;:&quot;20&quot;,&quot;title&quot;:&quot;Los animales son \u201cseres sintientes\u201d: Novedades sobre el r\u00e9gimen jur\u00eddico de los animales&quot;,&quot;width&quot;:&quot;113.5&quot;,&quot;_legend&quot;:&quot;{score}\\\/{best} - ({count} {votes})&quot;,&quot;font_factor&quot;:&quot;1.25&quot;}'>\n            \n<div class=\"kksr-stars\">\n    \n<div class=\"kksr-stars-inactive\">\n            <div class=\"kksr-star\" data-star=\"1\" style=\"padding-right: 3px\">\n            \n\n<div class=\"kksr-icon\" style=\"width: 20px; height: 20px;\"><\/div>\n        <\/div>\n            <div class=\"kksr-star\" data-star=\"2\" style=\"padding-right: 3px\">\n            \n\n<div class=\"kksr-icon\" style=\"width: 20px; height: 20px;\"><\/div>\n        <\/div>\n            <div class=\"kksr-star\" data-star=\"3\" style=\"padding-right: 3px\">\n            \n\n<div class=\"kksr-icon\" style=\"width: 20px; height: 20px;\"><\/div>\n        <\/div>\n            <div class=\"kksr-star\" data-star=\"4\" style=\"padding-right: 3px\">\n            \n\n<div class=\"kksr-icon\" style=\"width: 20px; height: 20px;\"><\/div>\n        <\/div>\n            <div class=\"kksr-star\" data-star=\"5\" style=\"padding-right: 3px\">\n            \n\n<div class=\"kksr-icon\" style=\"width: 20px; height: 20px;\"><\/div>\n        <\/div>\n    <\/div>\n    \n<div class=\"kksr-stars-active\" style=\"width: 113.5px;\">\n            <div class=\"kksr-star\" style=\"padding-right: 3px\">\n            \n\n<div class=\"kksr-icon\" style=\"width: 20px; height: 20px;\"><\/div>\n        <\/div>\n            <div class=\"kksr-star\" style=\"padding-right: 3px\">\n            \n\n<div class=\"kksr-icon\" style=\"width: 20px; height: 20px;\"><\/div>\n        <\/div>\n            <div class=\"kksr-star\" style=\"padding-right: 3px\">\n            \n\n<div class=\"kksr-icon\" style=\"width: 20px; height: 20px;\"><\/div>\n        <\/div>\n            <div class=\"kksr-star\" style=\"padding-right: 3px\">\n            \n\n<div class=\"kksr-icon\" style=\"width: 20px; height: 20px;\"><\/div>\n        <\/div>\n            <div class=\"kksr-star\" style=\"padding-right: 3px\">\n            \n\n<div class=\"kksr-icon\" style=\"width: 20px; height: 20px;\"><\/div>\n        <\/div>\n    <\/div>\n<\/div>\n                \n\n<div class=\"kksr-legend\" style=\"font-size: 16px;\">\n            5\/5 - (5 votos)    <\/div>\n    <\/div>\n\n<figure id=\"attachment_28640\" aria-describedby=\"caption-attachment-28640\" style=\"width: 1200px\" class=\"wp-caption aligncenter\"><img data-recalc-dims=\"1\" loading=\"lazy\" decoding=\"async\" class=\"size-full wp-image-28640\" src=\"https:\/\/i0.wp.com\/www.reclamador.es\/blog\/wp-content\/uploads\/2021\/12\/ley-proteccion-juridica-de-los-animales-animales-seres-sintientes.jpg?resize=1200%2C684&#038;ssl=1\" alt=\"seres sintientes\" width=\"1200\" height=\"684\" srcset=\"https:\/\/i0.wp.com\/www.reclamador.es\/blog\/wp-content\/uploads\/2021\/12\/ley-proteccion-juridica-de-los-animales-animales-seres-sintientes.jpg?w=1200&amp;ssl=1 1200w, https:\/\/i0.wp.com\/www.reclamador.es\/blog\/wp-content\/uploads\/2021\/12\/ley-proteccion-juridica-de-los-animales-animales-seres-sintientes.jpg?resize=800%2C456&amp;ssl=1 800w, https:\/\/i0.wp.com\/www.reclamador.es\/blog\/wp-content\/uploads\/2021\/12\/ley-proteccion-juridica-de-los-animales-animales-seres-sintientes.jpg?resize=150%2C86&amp;ssl=1 150w, https:\/\/i0.wp.com\/www.reclamador.es\/blog\/wp-content\/uploads\/2021\/12\/ley-proteccion-juridica-de-los-animales-animales-seres-sintientes.jpg?resize=768%2C438&amp;ssl=1 768w\" sizes=\"auto, (max-width: 1000px) 100vw, 1000px\" \/><figcaption id=\"caption-attachment-28640\" class=\"wp-caption-text\"><em>10 novedades sobre la protecci\u00f3n jur\u00eddica de los animales<\/em><\/figcaption><\/figure>\n<p><span style=\"font-weight: 400;\">El a\u00f1o 2022 vendr\u00e1 con buenas noticias, en lo que a protecci\u00f3n legal de los animales se refiere. El 5 de enero entrar\u00e1 en vigor la <a href=\"https:\/\/www.boe.es\/buscar\/doc.php?id=BOE-A-2021-20727\" target=\"_blank\" rel=\"noopener noreferrer\">Ley 17\/2021, de 15 de diciembre sobre r\u00e9gimen jur\u00eddico de los animales<\/a>. Una ley que modifica diversos art\u00edculos del C\u00f3digo Civil, la Ley Hipotecaria y la Ley de Enjuiciamiento Civil y que tiene como fin la protecci\u00f3n de nuestros tan queridos animales.<\/span><\/p>\n<p><span style=\"font-weight: 400;\">No podemos olvidar que, hasta ahora, como explicamos en el post sobre <a href=\"https:\/\/www.reclamador.es\/blog\/custodia-mascota-divorcio\/\">la custodia de las mascotas en un divorcio<\/a>, seg\u00fan el Art\u00edculo 333 del C\u00f3digo Civil, las a efectos de procesos de divorcios o de herencias, los animales eran considerados como bienes muebles. Ahora, con la aprobaci\u00f3n de esta ley, los animales ser\u00e1n considerados \"seres sintientes\". <\/span><span style=\"font-weight: 400;\">Por eso, la importancia de esta nueva ley sobre el r\u00e9gimen jur\u00eddico de los animales. <\/span><\/p>\n<p><span style=\"font-weight: 400;\">En reclamador.es hemos analizado el texto publicado en el BOE y hemos destacado 10 novedades que todos deber\u00edamos conocer.<\/span><\/p>\n<h2><b>Las 10 principales novedades sobre la protecci\u00f3n jur\u00eddica de los animales<\/b><\/h2>\n<ol>\n<li style=\"font-weight: 400;\" aria-level=\"1\"><span style=\"font-weight: 400;\">En el convenio regulador para los casos de nulidad, separaci\u00f3n o <a href=\"https:\/\/www.reclamador.es\/ayuda\/gestiones\/como-iniciar-divorcio\/\">divorcio<\/a> de parejas se debe contener el destino de los animales de compa\u00f1\u00eda, en caso de que existan, teniendo en cuenta el inter\u00e9s de los miembros de la familia y el bienestar del animal; el reparto de los tiempos de convivencia y cuidado si fuere necesario, as\u00ed como las cargas asociadas al cuidado del animal. Este convenio podr\u00e1 modificarse en base a las circunstancias en la que se encuentren los animales siempre buscando su bienestar.<\/span><\/li>\n<li style=\"font-weight: 400;\" aria-level=\"1\"><span style=\"font-weight: 400;\">Dentro de las medidas provisionales previas a la demanda de nulidad, separaci\u00f3n o divorcio se encuentran las necesidades de los animales de compa\u00f1\u00eda.<\/span><\/li>\n<li style=\"font-weight: 400;\" aria-level=\"1\"><span style=\"font-weight: 400;\">El juez podr\u00e1 regular y deber\u00e1 hacerlo ante la falta de acuerdo entre los c\u00f3nyuges: a qui\u00e9n corresponde el cuidado de los animales (si a uno o ambos c\u00f3nyuges), las cargas y gastos del animal atendiendo al inter\u00e9s de los miembros de la familia y del propio animal, con independencia de quien sea el titular del propio animal y de a qui\u00e9n le haya sido confiado para su cuidado. Esta circunstancia se har\u00e1 constar en el correspondiente registro de identificaci\u00f3n de animales.<\/span><\/li>\n<li style=\"font-weight: 400;\" aria-level=\"1\"><span style=\"font-weight: 400;\">Los animales son seres vivos dotados de sensibilidad, por lo que hay que procurar su bienestar conforme a las caracter\u00edsticas de cada especie y respetando las limitaciones establecidas en la Ley. Lo que llamamos \"seres sintientes\".\u00a0<\/span><\/li>\n<li style=\"font-weight: 400;\" aria-level=\"1\"><span style=\"font-weight: 400;\">Si alguien se encarga de cuidar y curar a un animal abandonado, podr\u00e1 solicitar su reembolso al propietario del propio animal.<\/span><\/li>\n<li style=\"font-weight: 400;\" aria-level=\"1\"><span style=\"font-weight: 400;\">En el caso de que la lesi\u00f3n a un animal de compa\u00f1\u00eda haya provocado su muerte o un menoscabo grave de su salud f\u00edsica o ps\u00edquica, tanto su propietario como quienes convivan con el animal tienen derecho a que la indemnizaci\u00f3n comprenda la reparaci\u00f3n del da\u00f1o moral causado.<\/span><\/li>\n<li style=\"font-weight: 400;\" aria-level=\"1\"><span style=\"font-weight: 400;\">Los animales salvajes o silvestres solo se poseen mientras se hallan en nuestro poder; los domesticados se asimilan a los dom\u00e9sticos o de compa\u00f1\u00eda si conservan la costumbre de volver a la casa del poseedor o si han sido identificados como tales.<\/span><\/li>\n<li style=\"font-weight: 400;\" aria-level=\"1\"><span style=\"font-weight: 400;\">En el caso de indicios fundados de que el animal hallado sea objeto de malos tratos o de abandono, el que encuentre al animal no tendr\u00e1 por qu\u00e9 devolverlo a su propietario o responsable de su cuidado, poniendo en conocimiento de manera inmediata dichos hechos ante las autoridades competentes.<\/span><\/li>\n<li style=\"font-weight: 400;\" aria-level=\"1\"><span style=\"font-weight: 400;\">Los animales son bienes absolutamente inembargables.<\/span><\/li>\n<li style=\"font-weight: 400;\" aria-level=\"1\"><span style=\"font-weight: 400;\">Para los casos de venta de animales, el vendedor responde frente al comprador por el incumplimiento de sus deberes de asistencia veterinaria y cuidados necesarios para garantizar su salud y bienestar, si el animal sufre una lesi\u00f3n, enfermedad o alteraci\u00f3n significativa de la conducta que tiene origen anterior a la venta.<\/span><\/li>\n<\/ol>\n<p>Si te ha parecido interesante este art\u00edculos sobre la nueva ley de protecci\u00f3n jur\u00eddica de los animales que considera a los animales seres sintientes, comp\u00e1rtela en redes sociales.<\/p>\n<div class=\"ttr_end\"><\/div>","protected":false},"excerpt":{"rendered":"<p>El a\u00f1o 2022 vendr\u00e1 con buenas noticias, en lo que a protecci\u00f3n legal de los animales se refiere. El 5 de enero entrar\u00e1 en vigor la Ley 17\/2021, de 15 de diciembre sobre r\u00e9gimen jur\u00eddico de los animales. Una ley que modifica diversos art\u00edculos del C\u00f3digo Civil, la Ley Hipotecaria y la Ley de Enjuiciamiento [&hellip;]<\/p>\n","protected":false},"author":1,"featured_media":28640,"comment_status":"open","ping_status":"open","sticky":false,"template":"","format":"standard","meta":{"_acf_changed":false,"_genesis_hide_title":false,"_genesis_hide_breadcrumbs":false,"_genesis_hide_singular_image":false,"_genesis_hide_footer_widgets":false,"_genesis_custom_body_class":"","_genesis_custom_post_class":"","_genesis_layout":"","_jetpack_newsletter_access":"","_jetpack_dont_email_post_to_subs":false,"_jetpack_newsletter_tier_id":0,"_jetpack_memberships_contains_paywalled_content":false,"_jetpack_memberships_contains_paid_content":false,"footnotes":""},"categories":[393],"tags":[763,750,762],"class_list":{"0":"post-28632","1":"post","2":"type-post","3":"status-publish","4":"format-standard","5":"has-post-thumbnail","7":"category-consejos","8":"tag-divorcios","9":"tag-leyes","10":"tag-servicios","11":"entry"},"acf":[],"yoast_head":"<!-- This site is optimized with the Yoast SEO plugin v27.4 - https:\/\/yoast.com\/product\/yoast-seo-wordpress\/ -->\n<title>Ley sobre protecci\u00f3n jur\u00eddica de los animales: son \u201cseres sintientes\u201d<\/title>\n<meta name=\"description\" content=\"Nueva ley sobre protecci\u00f3n jur\u00eddica de los animales considera a los animales seres sintientes. Novedades para mascotas en divorcios y herencias.\" \/>\n<meta name=\"robots\" content=\"index, follow, max-snippet:-1, max-image-preview:large, max-video-preview:-1\" \/>\n<link rel=\"canonical\" href=\"https:\/\/www.reclamador.es\/blog\/proteccion-juridica-animales-son-seres-sintientes\/\" \/>\n<meta property=\"og:locale\" content=\"es_ES\" \/>\n<meta property=\"og:type\" content=\"article\" \/>\n<meta property=\"og:title\" content=\"Ley sobre protecci\u00f3n jur\u00eddica de los animales: son \u201cseres sintientes\u201d\" \/>\n<meta property=\"og:description\" content=\"Nueva ley sobre protecci\u00f3n jur\u00eddica de los animales considera a los animales seres sintientes. Novedades para mascotas en divorcios y herencias.\" \/>\n<meta property=\"og:url\" content=\"https:\/\/www.reclamador.es\/blog\/proteccion-juridica-animales-son-seres-sintientes\/\" \/>\n<meta property=\"og:site_name\" content=\"Rebeldes con causa, el blog de reclamador.es\" \/>\n<meta property=\"article:publisher\" content=\"https:\/\/www.facebook.com\/reclamador.es\" \/>\n<meta property=\"article:published_time\" content=\"2021-12-27T10:23:22+00:00\" \/>\n<meta property=\"article:modified_time\" content=\"2024-06-07T08:44:31+00:00\" \/>\n<meta property=\"og:image\" content=\"https:\/\/www.reclamador.es\/blog\/wp-content\/uploads\/2021\/12\/ley-proteccion-juridica-de-los-animales-animales-seres-sintientes.jpg\" \/>\n\t<meta property=\"og:image:width\" content=\"1200\" \/>\n\t<meta property=\"og:image:height\" content=\"684\" \/>\n\t<meta property=\"og:image:type\" content=\"image\/jpeg\" \/>\n<meta name=\"author\" content=\"Equipo reclamador\" \/>\n<meta name=\"twitter:card\" content=\"summary_large_image\" \/>\n<meta name=\"twitter:creator\" content=\"@reclamador\" \/>\n<meta name=\"twitter:site\" content=\"@reclamador\" \/>\n<meta name=\"twitter:label1\" content=\"Escrito por\" \/>\n\t<meta name=\"twitter:data1\" content=\"Equipo reclamador\" \/>\n\t<meta name=\"twitter:label2\" content=\"Tiempo de lectura\" \/>\n\t<meta name=\"twitter:data2\" content=\"4 minutos\" \/>\n<script type=\"application\/ld+json\" class=\"yoast-schema-graph\">{\"@context\":\"https:\\\/\\\/schema.org\",\"@graph\":[{\"@type\":\"Article\",\"@id\":\"https:\\\/\\\/www.reclamador.es\\\/blog\\\/proteccion-juridica-animales-son-seres-sintientes\\\/#article\",\"isPartOf\":{\"@id\":\"https:\\\/\\\/www.reclamador.es\\\/blog\\\/proteccion-juridica-animales-son-seres-sintientes\\\/\"},\"author\":{\"name\":\"Equipo reclamador\",\"@id\":\"https:\\\/\\\/www.reclamador.es\\\/blog\\\/#\\\/schema\\\/person\\\/1ed83eef8b6566cb5e4c812d9bc5c4bf\"},\"headline\":\"Los animales son \u201cseres sintientes\u201d: Novedades sobre el r\u00e9gimen jur\u00eddico de los animales\",\"datePublished\":\"2021-12-27T10:23:22+00:00\",\"dateModified\":\"2024-06-07T08:44:31+00:00\",\"mainEntityOfPage\":{\"@id\":\"https:\\\/\\\/www.reclamador.es\\\/blog\\\/proteccion-juridica-animales-son-seres-sintientes\\\/\"},\"wordCount\":712,\"commentCount\":3,\"publisher\":{\"@id\":\"https:\\\/\\\/www.reclamador.es\\\/blog\\\/#organization\"},\"image\":{\"@id\":\"https:\\\/\\\/www.reclamador.es\\\/blog\\\/proteccion-juridica-animales-son-seres-sintientes\\\/#primaryimage\"},\"thumbnailUrl\":\"https:\\\/\\\/i0.wp.com\\\/www.reclamador.es\\\/blog\\\/wp-content\\\/uploads\\\/2021\\\/12\\\/ley-proteccion-juridica-de-los-animales-animales-seres-sintientes.jpg?fit=1200%2C684&ssl=1\",\"keywords\":[\"divorcios\",\"leyes\",\"servicios\"],\"articleSection\":[\"Consejos legales\"],\"inLanguage\":\"es\",\"potentialAction\":[{\"@type\":\"CommentAction\",\"name\":\"Comment\",\"target\":[\"https:\\\/\\\/www.reclamador.es\\\/blog\\\/proteccion-juridica-animales-son-seres-sintientes\\\/#respond\"]}]},{\"@type\":\"WebPage\",\"@id\":\"https:\\\/\\\/www.reclamador.es\\\/blog\\\/proteccion-juridica-animales-son-seres-sintientes\\\/\",\"url\":\"https:\\\/\\\/www.reclamador.es\\\/blog\\\/proteccion-juridica-animales-son-seres-sintientes\\\/\",\"name\":\"Ley sobre protecci\u00f3n jur\u00eddica de los animales: son \u201cseres sintientes\u201d\",\"isPartOf\":{\"@id\":\"https:\\\/\\\/www.reclamador.es\\\/blog\\\/#website\"},\"primaryImageOfPage\":{\"@id\":\"https:\\\/\\\/www.reclamador.es\\\/blog\\\/proteccion-juridica-animales-son-seres-sintientes\\\/#primaryimage\"},\"image\":{\"@id\":\"https:\\\/\\\/www.reclamador.es\\\/blog\\\/proteccion-juridica-animales-son-seres-sintientes\\\/#primaryimage\"},\"thumbnailUrl\":\"https:\\\/\\\/i0.wp.com\\\/www.reclamador.es\\\/blog\\\/wp-content\\\/uploads\\\/2021\\\/12\\\/ley-proteccion-juridica-de-los-animales-animales-seres-sintientes.jpg?fit=1200%2C684&ssl=1\",\"datePublished\":\"2021-12-27T10:23:22+00:00\",\"dateModified\":\"2024-06-07T08:44:31+00:00\",\"description\":\"Nueva ley sobre protecci\u00f3n jur\u00eddica de los animales considera a los animales seres sintientes. Novedades para mascotas en divorcios y herencias.\",\"breadcrumb\":{\"@id\":\"https:\\\/\\\/www.reclamador.es\\\/blog\\\/proteccion-juridica-animales-son-seres-sintientes\\\/#breadcrumb\"},\"inLanguage\":\"es\",\"potentialAction\":[{\"@type\":\"ReadAction\",\"target\":[\"https:\\\/\\\/www.reclamador.es\\\/blog\\\/proteccion-juridica-animales-son-seres-sintientes\\\/\"]}]},{\"@type\":\"ImageObject\",\"inLanguage\":\"es\",\"@id\":\"https:\\\/\\\/www.reclamador.es\\\/blog\\\/proteccion-juridica-animales-son-seres-sintientes\\\/#primaryimage\",\"url\":\"https:\\\/\\\/i0.wp.com\\\/www.reclamador.es\\\/blog\\\/wp-content\\\/uploads\\\/2021\\\/12\\\/ley-proteccion-juridica-de-los-animales-animales-seres-sintientes.jpg?fit=1200%2C684&ssl=1\",\"contentUrl\":\"https:\\\/\\\/i0.wp.com\\\/www.reclamador.es\\\/blog\\\/wp-content\\\/uploads\\\/2021\\\/12\\\/ley-proteccion-juridica-de-los-animales-animales-seres-sintientes.jpg?fit=1200%2C684&ssl=1\",\"width\":1200,\"height\":684,\"caption\":\"10 novedades sobre la protecci\u00f3n jur\u00eddica de los animales\"},{\"@type\":\"BreadcrumbList\",\"@id\":\"https:\\\/\\\/www.reclamador.es\\\/blog\\\/proteccion-juridica-animales-son-seres-sintientes\\\/#breadcrumb\",\"itemListElement\":[{\"@type\":\"ListItem\",\"position\":1,\"name\":\"Portada\",\"item\":\"https:\\\/\\\/www.reclamador.es\\\/blog\\\/\"},{\"@type\":\"ListItem\",\"position\":2,\"name\":\"Los animales son \u201cseres sintientes\u201d: Novedades sobre el r\u00e9gimen jur\u00eddico de los animales\"}]},{\"@type\":\"WebSite\",\"@id\":\"https:\\\/\\\/www.reclamador.es\\\/blog\\\/#website\",\"url\":\"https:\\\/\\\/www.reclamador.es\\\/blog\\\/\",\"name\":\"Rebeldes con causa, el blog de reclamador.es\",\"description\":\"Noticias, entrevistas y consejos sobre reclamaciones\",\"publisher\":{\"@id\":\"https:\\\/\\\/www.reclamador.es\\\/blog\\\/#organization\"},\"potentialAction\":[{\"@type\":\"SearchAction\",\"target\":{\"@type\":\"EntryPoint\",\"urlTemplate\":\"https:\\\/\\\/www.reclamador.es\\\/blog\\\/?s={search_term_string}\"},\"query-input\":{\"@type\":\"PropertyValueSpecification\",\"valueRequired\":true,\"valueName\":\"search_term_string\"}}],\"inLanguage\":\"es\"},{\"@type\":\"Organization\",\"@id\":\"https:\\\/\\\/www.reclamador.es\\\/blog\\\/#organization\",\"name\":\"reclamador.es\",\"url\":\"https:\\\/\\\/www.reclamador.es\\\/blog\\\/\",\"logo\":{\"@type\":\"ImageObject\",\"inLanguage\":\"es\",\"@id\":\"https:\\\/\\\/www.reclamador.es\\\/blog\\\/#\\\/schema\\\/logo\\\/image\\\/\",\"url\":\"https:\\\/\\\/i0.wp.com\\\/www.reclamador.es\\\/blog\\\/wp-content\\\/uploads\\\/2020\\\/01\\\/logo-reclamador.png?fit=1200%2C144&ssl=1\",\"contentUrl\":\"https:\\\/\\\/i0.wp.com\\\/www.reclamador.es\\\/blog\\\/wp-content\\\/uploads\\\/2020\\\/01\\\/logo-reclamador.png?fit=1200%2C144&ssl=1\",\"width\":1200,\"height\":144,\"caption\":\"reclamador.es\"},\"image\":{\"@id\":\"https:\\\/\\\/www.reclamador.es\\\/blog\\\/#\\\/schema\\\/logo\\\/image\\\/\"},\"sameAs\":[\"https:\\\/\\\/www.facebook.com\\\/reclamador.es\",\"https:\\\/\\\/x.com\\\/reclamador\",\"https:\\\/\\\/www.instagram.com\\\/reclamador.es\\\/\",\"https:\\\/\\\/www.linkedin.com\\\/company\\\/reclamador-es\",\"https:\\\/\\\/www.youtube.com\\\/user\\\/Reclamadores\"]},{\"@type\":\"Person\",\"@id\":\"https:\\\/\\\/www.reclamador.es\\\/blog\\\/#\\\/schema\\\/person\\\/1ed83eef8b6566cb5e4c812d9bc5c4bf\",\"name\":\"Equipo reclamador\",\"image\":{\"@type\":\"ImageObject\",\"inLanguage\":\"es\",\"@id\":\"https:\\\/\\\/secure.gravatar.com\\\/avatar\\\/6442ecdc2c4472c600c113f34d340feca47107d6aa4f42f1e3e75a2a8e28a760?s=96&d=mm&r=g\",\"url\":\"https:\\\/\\\/secure.gravatar.com\\\/avatar\\\/6442ecdc2c4472c600c113f34d340feca47107d6aa4f42f1e3e75a2a8e28a760?s=96&d=mm&r=g\",\"contentUrl\":\"https:\\\/\\\/secure.gravatar.com\\\/avatar\\\/6442ecdc2c4472c600c113f34d340feca47107d6aa4f42f1e3e75a2a8e28a760?s=96&d=mm&r=g\",\"caption\":\"Equipo reclamador\"},\"description\":\"Las personas que hacen posible reclamador.es\",\"url\":\"https:\\\/\\\/www.reclamador.es\\\/blog\\\/author\\\/administrador\\\/\"}]}<\/script>\n<!-- \/ Yoast SEO plugin. -->","yoast_head_json":{"title":"Ley sobre protecci\u00f3n jur\u00eddica de los animales: son \u201cseres sintientes\u201d","description":"Nueva ley sobre protecci\u00f3n jur\u00eddica de los animales considera a los animales seres sintientes. Novedades para mascotas en divorcios y herencias.","robots":{"index":"index","follow":"follow","max-snippet":"max-snippet:-1","max-image-preview":"max-image-preview:large","max-video-preview":"max-video-preview:-1"},"canonical":"https:\/\/www.reclamador.es\/blog\/proteccion-juridica-animales-son-seres-sintientes\/","og_locale":"es_ES","og_type":"article","og_title":"Ley sobre protecci\u00f3n jur\u00eddica de los animales: son \u201cseres sintientes\u201d","og_description":"Nueva ley sobre protecci\u00f3n jur\u00eddica de los animales considera a los animales seres sintientes. Novedades para mascotas en divorcios y herencias.","og_url":"https:\/\/www.reclamador.es\/blog\/proteccion-juridica-animales-son-seres-sintientes\/","og_site_name":"Rebeldes con causa, el blog de reclamador.es","article_publisher":"https:\/\/www.facebook.com\/reclamador.es","article_published_time":"2021-12-27T10:23:22+00:00","article_modified_time":"2024-06-07T08:44:31+00:00","og_image":[{"width":1200,"height":684,"url":"https:\/\/www.reclamador.es\/blog\/wp-content\/uploads\/2021\/12\/ley-proteccion-juridica-de-los-animales-animales-seres-sintientes.jpg","type":"image\/jpeg"}],"author":"Equipo reclamador","twitter_card":"summary_large_image","twitter_creator":"@reclamador","twitter_site":"@reclamador","twitter_misc":{"Escrito por":"Equipo reclamador","Tiempo de lectura":"4 minutos"},"schema":{"@context":"https:\/\/schema.org","@graph":[{"@type":"Article","@id":"https:\/\/www.reclamador.es\/blog\/proteccion-juridica-animales-son-seres-sintientes\/#article","isPartOf":{"@id":"https:\/\/www.reclamador.es\/blog\/proteccion-juridica-animales-son-seres-sintientes\/"},"author":{"name":"Equipo reclamador","@id":"https:\/\/www.reclamador.es\/blog\/#\/schema\/person\/1ed83eef8b6566cb5e4c812d9bc5c4bf"},"headline":"Los animales son \u201cseres sintientes\u201d: Novedades sobre el r\u00e9gimen jur\u00eddico de los animales","datePublished":"2021-12-27T10:23:22+00:00","dateModified":"2024-06-07T08:44:31+00:00","mainEntityOfPage":{"@id":"https:\/\/www.reclamador.es\/blog\/proteccion-juridica-animales-son-seres-sintientes\/"},"wordCount":712,"commentCount":3,"publisher":{"@id":"https:\/\/www.reclamador.es\/blog\/#organization"},"image":{"@id":"https:\/\/www.reclamador.es\/blog\/proteccion-juridica-animales-son-seres-sintientes\/#primaryimage"},"thumbnailUrl":"https:\/\/i0.wp.com\/www.reclamador.es\/blog\/wp-content\/uploads\/2021\/12\/ley-proteccion-juridica-de-los-animales-animales-seres-sintientes.jpg?fit=1200%2C684&ssl=1","keywords":["divorcios","leyes","servicios"],"articleSection":["Consejos legales"],"inLanguage":"es","potentialAction":[{"@type":"CommentAction","name":"Comment","target":["https:\/\/www.reclamador.es\/blog\/proteccion-juridica-animales-son-seres-sintientes\/#respond"]}]},{"@type":"WebPage","@id":"https:\/\/www.reclamador.es\/blog\/proteccion-juridica-animales-son-seres-sintientes\/","url":"https:\/\/www.reclamador.es\/blog\/proteccion-juridica-animales-son-seres-sintientes\/","name":"Ley sobre protecci\u00f3n jur\u00eddica de los animales: son \u201cseres sintientes\u201d","isPartOf":{"@id":"https:\/\/www.reclamador.es\/blog\/#website"},"primaryImageOfPage":{"@id":"https:\/\/www.reclamador.es\/blog\/proteccion-juridica-animales-son-seres-sintientes\/#primaryimage"},"image":{"@id":"https:\/\/www.reclamador.es\/blog\/proteccion-juridica-animales-son-seres-sintientes\/#primaryimage"},"thumbnailUrl":"https:\/\/i0.wp.com\/www.reclamador.es\/blog\/wp-content\/uploads\/2021\/12\/ley-proteccion-juridica-de-los-animales-animales-seres-sintientes.jpg?fit=1200%2C684&ssl=1","datePublished":"2021-12-27T10:23:22+00:00","dateModified":"2024-06-07T08:44:31+00:00","description":"Nueva ley sobre protecci\u00f3n jur\u00eddica de los animales considera a los animales seres sintientes. Novedades para mascotas en divorcios y herencias.","breadcrumb":{"@id":"https:\/\/www.reclamador.es\/blog\/proteccion-juridica-animales-son-seres-sintientes\/#breadcrumb"},"inLanguage":"es","potentialAction":[{"@type":"ReadAction","target":["https:\/\/www.reclamador.es\/blog\/proteccion-juridica-animales-son-seres-sintientes\/"]}]},{"@type":"ImageObject","inLanguage":"es","@id":"https:\/\/www.reclamador.es\/blog\/proteccion-juridica-animales-son-seres-sintientes\/#primaryimage","url":"https:\/\/i0.wp.com\/www.reclamador.es\/blog\/wp-content\/uploads\/2021\/12\/ley-proteccion-juridica-de-los-animales-animales-seres-sintientes.jpg?fit=1200%2C684&ssl=1","contentUrl":"https:\/\/i0.wp.com\/www.reclamador.es\/blog\/wp-content\/uploads\/2021\/12\/ley-proteccion-juridica-de-los-animales-animales-seres-sintientes.jpg?fit=1200%2C684&ssl=1","width":1200,"height":684,"caption":"10 novedades sobre la protecci\u00f3n jur\u00eddica de los animales"},{"@type":"BreadcrumbList","@id":"https:\/\/www.reclamador.es\/blog\/proteccion-juridica-animales-son-seres-sintientes\/#breadcrumb","itemListElement":[{"@type":"ListItem","position":1,"name":"Portada","item":"https:\/\/www.reclamador.es\/blog\/"},{"@type":"ListItem","position":2,"name":"Los animales son \u201cseres sintientes\u201d: Novedades sobre el r\u00e9gimen jur\u00eddico de los animales"}]},{"@type":"WebSite","@id":"https:\/\/www.reclamador.es\/blog\/#website","url":"https:\/\/www.reclamador.es\/blog\/","name":"Rebeldes con causa, el blog de reclamador.es","description":"Noticias, entrevistas y consejos sobre reclamaciones","publisher":{"@id":"https:\/\/www.reclamador.es\/blog\/#organization"},"potentialAction":[{"@type":"SearchAction","target":{"@type":"EntryPoint","urlTemplate":"https:\/\/www.reclamador.es\/blog\/?s={search_term_string}"},"query-input":{"@type":"PropertyValueSpecification","valueRequired":true,"valueName":"search_term_string"}}],"inLanguage":"es"},{"@type":"Organization","@id":"https:\/\/www.reclamador.es\/blog\/#organization","name":"reclamador.es","url":"https:\/\/www.reclamador.es\/blog\/","logo":{"@type":"ImageObject","inLanguage":"es","@id":"https:\/\/www.reclamador.es\/blog\/#\/schema\/logo\/image\/","url":"https:\/\/i0.wp.com\/www.reclamador.es\/blog\/wp-content\/uploads\/2020\/01\/logo-reclamador.png?fit=1200%2C144&ssl=1","contentUrl":"https:\/\/i0.wp.com\/www.reclamador.es\/blog\/wp-content\/uploads\/2020\/01\/logo-reclamador.png?fit=1200%2C144&ssl=1","width":1200,"height":144,"caption":"reclamador.es"},"image":{"@id":"https:\/\/www.reclamador.es\/blog\/#\/schema\/logo\/image\/"},"sameAs":["https:\/\/www.facebook.com\/reclamador.es","https:\/\/x.com\/reclamador","https:\/\/www.instagram.com\/reclamador.es\/","https:\/\/www.linkedin.com\/company\/reclamador-es","https:\/\/www.youtube.com\/user\/Reclamadores"]},{"@type":"Person","@id":"https:\/\/www.reclamador.es\/blog\/#\/schema\/person\/1ed83eef8b6566cb5e4c812d9bc5c4bf","name":"Equipo reclamador","image":{"@type":"ImageObject","inLanguage":"es","@id":"https:\/\/secure.gravatar.com\/avatar\/6442ecdc2c4472c600c113f34d340feca47107d6aa4f42f1e3e75a2a8e28a760?s=96&d=mm&r=g","url":"https:\/\/secure.gravatar.com\/avatar\/6442ecdc2c4472c600c113f34d340feca47107d6aa4f42f1e3e75a2a8e28a760?s=96&d=mm&r=g","contentUrl":"https:\/\/secure.gravatar.com\/avatar\/6442ecdc2c4472c600c113f34d340feca47107d6aa4f42f1e3e75a2a8e28a760?s=96&d=mm&r=g","caption":"Equipo reclamador"},"description":"Las personas que hacen posible reclamador.es","url":"https:\/\/www.reclamador.es\/blog\/author\/administrador\/"}]}},"jetpack_featured_media_url":"https:\/\/i0.wp.com\/www.reclamador.es\/blog\/wp-content\/uploads\/2021\/12\/ley-proteccion-juridica-de-los-animales-animales-seres-sintientes.jpg?fit=1200%2C684&ssl=1","jetpack-related-posts":[{"id":27168,"url":"https:\/\/www.reclamador.es\/blog\/custodia-mascota-divorcio\/","url_meta":{"origin":28632,"position":0},"title":"La custodia de las mascotas en un divorcio","author":"Cristina Naveda","date":"30 agosto, 2021","format":false,"excerpt":"Son muchas las cuestiones a tomar en consideraci\u00f3n a la hora de dar el paso de divorciarse. Entre ellos, uno de los que m\u00e1s dudas genera es qu\u00e9 pasa con la mascota (perro, gato, tortuga, etc\u00e9tera), o, en otras palabras, \u00bfqui\u00e9n se queda con la custodia de las mascotas cuando\u2026","rel":"","context":"En \u00abConsejos legales\u00bb","block_context":{"text":"Consejos legales","link":"https:\/\/www.reclamador.es\/blog\/consejos\/"},"img":{"alt_text":"custodia perros y gatos divorcio","src":"https:\/\/i0.wp.com\/www.reclamador.es\/blog\/wp-content\/uploads\/2021\/08\/custodia-de-la-mascota-en-un-divorcio.jpg?fit=1200%2C675&ssl=1&resize=350%2C200","width":350,"height":200,"srcset":"https:\/\/i0.wp.com\/www.reclamador.es\/blog\/wp-content\/uploads\/2021\/08\/custodia-de-la-mascota-en-un-divorcio.jpg?fit=1200%2C675&ssl=1&resize=350%2C200 1x, https:\/\/i0.wp.com\/www.reclamador.es\/blog\/wp-content\/uploads\/2021\/08\/custodia-de-la-mascota-en-un-divorcio.jpg?fit=1200%2C675&ssl=1&resize=525%2C300 1.5x, https:\/\/i0.wp.com\/www.reclamador.es\/blog\/wp-content\/uploads\/2021\/08\/custodia-de-la-mascota-en-un-divorcio.jpg?fit=1200%2C675&ssl=1&resize=700%2C400 2x, https:\/\/i0.wp.com\/www.reclamador.es\/blog\/wp-content\/uploads\/2021\/08\/custodia-de-la-mascota-en-un-divorcio.jpg?fit=1200%2C675&ssl=1&resize=1050%2C600 3x"},"classes":[]},{"id":28662,"url":"https:\/\/www.reclamador.es\/blog\/decreto-ley-novedades-plazos-de-garantia\/","url_meta":{"origin":28632,"position":1},"title":"Novedades en los plazos de garant\u00eda en la compra de bienes y de servicios digitales","author":"Almudena Vel\u00e1zquez","date":"7 enero, 2022","format":false,"excerpt":"2022 llega cargado de novedades legislativas. Por un lado la ya conocida reforma laboral, por otro, por ejemplo, la entrada en vigor a partir del 5 de enero de la ley sobre el r\u00e9gimen jur\u00eddico de los animales. Y tambi\u00e9n, desde el 1 de enero de 2022, est\u00e1 en vigor\u2026","rel":"","context":"En \u00abNoticias y actualidad\u00bb","block_context":{"text":"Noticias y actualidad","link":"https:\/\/www.reclamador.es\/blog\/noticias\/"},"img":{"alt_text":"decreto ley periodo garantia 3 a\u00f1os","src":"https:\/\/i0.wp.com\/www.reclamador.es\/blog\/wp-content\/uploads\/2021\/12\/nueva-ley-plazos-de-garantia-y-derechos-de-los-consumidores.jpg?fit=1200%2C695&ssl=1&resize=350%2C200","width":350,"height":200,"srcset":"https:\/\/i0.wp.com\/www.reclamador.es\/blog\/wp-content\/uploads\/2021\/12\/nueva-ley-plazos-de-garantia-y-derechos-de-los-consumidores.jpg?fit=1200%2C695&ssl=1&resize=350%2C200 1x, https:\/\/i0.wp.com\/www.reclamador.es\/blog\/wp-content\/uploads\/2021\/12\/nueva-ley-plazos-de-garantia-y-derechos-de-los-consumidores.jpg?fit=1200%2C695&ssl=1&resize=525%2C300 1.5x, https:\/\/i0.wp.com\/www.reclamador.es\/blog\/wp-content\/uploads\/2021\/12\/nueva-ley-plazos-de-garantia-y-derechos-de-los-consumidores.jpg?fit=1200%2C695&ssl=1&resize=700%2C400 2x, https:\/\/i0.wp.com\/www.reclamador.es\/blog\/wp-content\/uploads\/2021\/12\/nueva-ley-plazos-de-garantia-y-derechos-de-los-consumidores.jpg?fit=1200%2C695&ssl=1&resize=1050%2C600 3x"},"classes":[]},{"id":26119,"url":"https:\/\/www.reclamador.es\/blog\/dejar-herencia-mascota\/","url_meta":{"origin":28632,"position":2},"title":"\u00bfEs posible dejar la herencia a una mascota? En Espa\u00f1a, no","author":"Equipo reclamador","date":"24 septiembre, 2022","format":false,"excerpt":"Te acompa\u00f1an en todo momento, te dan cari\u00f1o, se les quiere como un miembro m\u00e1s de la familia. Entonces \u00bfse podr\u00eda dejar una parte de la herencia a esa mascota que te ha acompa\u00f1ado durante los \u00faltimos a\u00f1os? La respuesta es no. Las leyes espa\u00f1olas no recogen que un animal\u2026","rel":"","context":"En \u00abConsejos legales\u00bb","block_context":{"text":"Consejos legales","link":"https:\/\/www.reclamador.es\/blog\/consejos\/"},"img":{"alt_text":"mujer perro mascota \u00bfPuedo dejar la herencia a mi mascota?","src":"https:\/\/i0.wp.com\/www.reclamador.es\/blog\/wp-content\/uploads\/2020\/09\/dejar-herencia-a-la-mascota.jpg?fit=1200%2C630&ssl=1&resize=350%2C200","width":350,"height":200,"srcset":"https:\/\/i0.wp.com\/www.reclamador.es\/blog\/wp-content\/uploads\/2020\/09\/dejar-herencia-a-la-mascota.jpg?fit=1200%2C630&ssl=1&resize=350%2C200 1x, https:\/\/i0.wp.com\/www.reclamador.es\/blog\/wp-content\/uploads\/2020\/09\/dejar-herencia-a-la-mascota.jpg?fit=1200%2C630&ssl=1&resize=525%2C300 1.5x, https:\/\/i0.wp.com\/www.reclamador.es\/blog\/wp-content\/uploads\/2020\/09\/dejar-herencia-a-la-mascota.jpg?fit=1200%2C630&ssl=1&resize=700%2C400 2x, https:\/\/i0.wp.com\/www.reclamador.es\/blog\/wp-content\/uploads\/2020\/09\/dejar-herencia-a-la-mascota.jpg?fit=1200%2C630&ssl=1&resize=1050%2C600 3x"},"classes":[]},{"id":19862,"url":"https:\/\/www.reclamador.es\/blog\/accidentes-con-animales-carretera\/","url_meta":{"origin":28632,"position":3},"title":"\u00bfQu\u00e9 cubre el seguro en los accidentes con animales en la carretera?","author":"Equipo reclamador","date":"7 mayo, 2021","format":false,"excerpt":"Muchos son los riesgos a los que se enfrentan los conductores al volante. Uno de ellos, los animales salvajes que cruzan de un lado al otro las carreteras de nuestro pa\u00eds en busca de comida o cobijo. Seg\u00fan un estudio de AXA y Ponle Freno (Atresmedia) publicado en 2018, el\u2026","rel":"","context":"En \u00abConsejos legales\u00bb","block_context":{"text":"Consejos legales","link":"https:\/\/www.reclamador.es\/blog\/consejos\/"},"img":{"alt_text":"accidente con animales cineg\u00e9ticos reclamador","src":"https:\/\/i0.wp.com\/www.reclamador.es\/blog\/wp-content\/uploads\/2018\/10\/accidente-con-animal-en-carretera.jpg?fit=1200%2C799&ssl=1&resize=350%2C200","width":350,"height":200,"srcset":"https:\/\/i0.wp.com\/www.reclamador.es\/blog\/wp-content\/uploads\/2018\/10\/accidente-con-animal-en-carretera.jpg?fit=1200%2C799&ssl=1&resize=350%2C200 1x, https:\/\/i0.wp.com\/www.reclamador.es\/blog\/wp-content\/uploads\/2018\/10\/accidente-con-animal-en-carretera.jpg?fit=1200%2C799&ssl=1&resize=525%2C300 1.5x, https:\/\/i0.wp.com\/www.reclamador.es\/blog\/wp-content\/uploads\/2018\/10\/accidente-con-animal-en-carretera.jpg?fit=1200%2C799&ssl=1&resize=700%2C400 2x, https:\/\/i0.wp.com\/www.reclamador.es\/blog\/wp-content\/uploads\/2018\/10\/accidente-con-animal-en-carretera.jpg?fit=1200%2C799&ssl=1&resize=1050%2C600 3x"},"classes":[]},{"id":20845,"url":"https:\/\/www.reclamador.es\/blog\/novedades-ley-alquiler-vivienda\/","url_meta":{"origin":28632,"position":4},"title":"Nueva normativa sobre alquiler de vivienda: principales novedades","author":"Equipo reclamador","date":"1 marzo, 2019","format":false,"excerpt":"Novedades 2022: Bono Alquiler Joven \u00bfA la segunda ir\u00e1 la vencida? Esto es lo que deben pensar los inquilinos y propietarios de vivienda en alquiler que est\u00e1n en estos d\u00edas, o semanas, en tr\u00e1mites de arrendar una vivienda. En diciembre de 2018 el Consejo de Ministros aprob\u00f3 el Real Decreto-ley\u2026","rel":"","context":"En \u00abNoticias y actualidad\u00bb","block_context":{"text":"Noticias y actualidad","link":"https:\/\/www.reclamador.es\/blog\/noticias\/"},"img":{"alt_text":"nueva ley alquiler vivienda 2018","src":"https:\/\/i0.wp.com\/www.reclamador.es\/blog\/wp-content\/uploads\/2019\/01\/nueva-ley-alquiler-2018.jpg?fit=1200%2C799&ssl=1&resize=350%2C200","width":350,"height":200,"srcset":"https:\/\/i0.wp.com\/www.reclamador.es\/blog\/wp-content\/uploads\/2019\/01\/nueva-ley-alquiler-2018.jpg?fit=1200%2C799&ssl=1&resize=350%2C200 1x, https:\/\/i0.wp.com\/www.reclamador.es\/blog\/wp-content\/uploads\/2019\/01\/nueva-ley-alquiler-2018.jpg?fit=1200%2C799&ssl=1&resize=525%2C300 1.5x, https:\/\/i0.wp.com\/www.reclamador.es\/blog\/wp-content\/uploads\/2019\/01\/nueva-ley-alquiler-2018.jpg?fit=1200%2C799&ssl=1&resize=700%2C400 2x, https:\/\/i0.wp.com\/www.reclamador.es\/blog\/wp-content\/uploads\/2019\/01\/nueva-ley-alquiler-2018.jpg?fit=1200%2C799&ssl=1&resize=1050%2C600 3x"},"classes":[]},{"id":18282,"url":"https:\/\/www.reclamador.es\/blog\/contrato-a-perpetuidad-vivienda-en-multipropiedad\/","url_meta":{"origin":28632,"position":5},"title":"El contrato a perpetuidad: el gran problema de la vivienda en multipropiedad","author":"Alicia Ria\u00f1o","date":"24 mayo, 2020","format":false,"excerpt":"El boom de la vivienda en multipropiedad en la d\u00e9cada de los 80 y 90 tiene consecuencias legales que llegan hasta la actualidad. Se trata de un sistema de aprovechamiento por turnos. Es decir, varias personas se ponen de acuerdo para disfrutar de la vivienda durante un periodo determinado de\u2026","rel":"","context":"En \u00abConsejos legales\u00bb","block_context":{"text":"Consejos legales","link":"https:\/\/www.reclamador.es\/blog\/consejos\/"},"img":{"alt_text":"","src":"https:\/\/i0.wp.com\/www.reclamador.es\/blog\/wp-content\/uploads\/2018\/05\/las-palmas-5070181_1280.jpg?fit=1200%2C800&ssl=1&resize=350%2C200","width":350,"height":200,"srcset":"https:\/\/i0.wp.com\/www.reclamador.es\/blog\/wp-content\/uploads\/2018\/05\/las-palmas-5070181_1280.jpg?fit=1200%2C800&ssl=1&resize=350%2C200 1x, https:\/\/i0.wp.com\/www.reclamador.es\/blog\/wp-content\/uploads\/2018\/05\/las-palmas-5070181_1280.jpg?fit=1200%2C800&ssl=1&resize=525%2C300 1.5x, https:\/\/i0.wp.com\/www.reclamador.es\/blog\/wp-content\/uploads\/2018\/05\/las-palmas-5070181_1280.jpg?fit=1200%2C800&ssl=1&resize=700%2C400 2x, https:\/\/i0.wp.com\/www.reclamador.es\/blog\/wp-content\/uploads\/2018\/05\/las-palmas-5070181_1280.jpg?fit=1200%2C800&ssl=1&resize=1050%2C600 3x"},"classes":[]}],"jetpack_sharing_enabled":true,"_links":{"self":[{"href":"https:\/\/www.reclamador.es\/blog\/wp-json\/wp\/v2\/posts\/28632","targetHints":{"allow":["GET"]}}],"collection":[{"href":"https:\/\/www.reclamador.es\/blog\/wp-json\/wp\/v2\/posts"}],"about":[{"href":"https:\/\/www.reclamador.es\/blog\/wp-json\/wp\/v2\/types\/post"}],"author":[{"embeddable":true,"href":"https:\/\/www.reclamador.es\/blog\/wp-json\/wp\/v2\/users\/1"}],"replies":[{"embeddable":true,"href":"https:\/\/www.reclamador.es\/blog\/wp-json\/wp\/v2\/comments?post=28632"}],"version-history":[{"count":12,"href":"https:\/\/www.reclamador.es\/blog\/wp-json\/wp\/v2\/posts\/28632\/revisions"}],"predecessor-version":[{"id":32447,"href":"https:\/\/www.reclamador.es\/blog\/wp-json\/wp\/v2\/posts\/28632\/revisions\/32447"}],"wp:featuredmedia":[{"embeddable":true,"href":"https:\/\/www.reclamador.es\/blog\/wp-json\/wp\/v2\/media\/28640"}],"wp:attachment":[{"href":"https:\/\/www.reclamador.es\/blog\/wp-json\/wp\/v2\/media?parent=28632"}],"wp:term":[{"taxonomy":"category","embeddable":true,"href":"https:\/\/www.reclamador.es\/blog\/wp-json\/wp\/v2\/categories?post=28632"},{"taxonomy":"post_tag","embeddable":true,"href":"https:\/\/www.reclamador.es\/blog\/wp-json\/wp\/v2\/tags?post=28632"}],"curies":[{"name":"wp","href":"https:\/\/api.w.org\/{rel}","templated":true}]}}