{"id":28256,"date":"2021-12-02T13:17:35","date_gmt":"2021-12-02T12:17:35","guid":{"rendered":"https:\/\/www.reclamador.es\/blog\/?p=28256"},"modified":"2024-10-08T13:32:14","modified_gmt":"2024-10-08T11:32:14","slug":"covid-comidas-de-empresa-test-vacuna","status":"publish","type":"post","link":"https:\/\/www.reclamador.es\/blog\/covid-comidas-de-empresa-test-vacuna\/","title":{"rendered":"Covid-19: \u00bfQu\u00e9 tener en cuenta en las cenas y comidas de empresa por Navidad?"},"content":{"rendered":"<div class=\"ttr_start\"><\/div>\n\n<div class=\"kk-star-ratings kksr-auto kksr-align-right kksr-valign-top\"\n    data-payload='{&quot;align&quot;:&quot;right&quot;,&quot;id&quot;:&quot;28256&quot;,&quot;slug&quot;:&quot;default&quot;,&quot;valign&quot;:&quot;top&quot;,&quot;ignore&quot;:&quot;&quot;,&quot;reference&quot;:&quot;auto&quot;,&quot;class&quot;:&quot;&quot;,&quot;count&quot;:&quot;1&quot;,&quot;legendonly&quot;:&quot;&quot;,&quot;readonly&quot;:&quot;&quot;,&quot;score&quot;:&quot;5&quot;,&quot;starsonly&quot;:&quot;&quot;,&quot;best&quot;:&quot;5&quot;,&quot;gap&quot;:&quot;3&quot;,&quot;greet&quot;:&quot;Valora este art\u00edculo&quot;,&quot;legend&quot;:&quot;5\\\/5 - (1 voto)&quot;,&quot;size&quot;:&quot;20&quot;,&quot;title&quot;:&quot;Covid-19: \u00bfQu\u00e9 tener en cuenta en las cenas y comidas de empresa por Navidad?&quot;,&quot;width&quot;:&quot;113.5&quot;,&quot;_legend&quot;:&quot;{score}\\\/{best} - ({count} {votes})&quot;,&quot;font_factor&quot;:&quot;1.25&quot;}'>\n            \n<div class=\"kksr-stars\">\n    \n<div class=\"kksr-stars-inactive\">\n            <div class=\"kksr-star\" data-star=\"1\" style=\"padding-right: 3px\">\n            \n\n<div class=\"kksr-icon\" style=\"width: 20px; height: 20px;\"><\/div>\n        <\/div>\n            <div class=\"kksr-star\" data-star=\"2\" style=\"padding-right: 3px\">\n            \n\n<div class=\"kksr-icon\" style=\"width: 20px; height: 20px;\"><\/div>\n        <\/div>\n            <div class=\"kksr-star\" data-star=\"3\" style=\"padding-right: 3px\">\n            \n\n<div class=\"kksr-icon\" style=\"width: 20px; height: 20px;\"><\/div>\n        <\/div>\n            <div class=\"kksr-star\" data-star=\"4\" style=\"padding-right: 3px\">\n            \n\n<div class=\"kksr-icon\" style=\"width: 20px; height: 20px;\"><\/div>\n        <\/div>\n            <div class=\"kksr-star\" data-star=\"5\" style=\"padding-right: 3px\">\n            \n\n<div class=\"kksr-icon\" style=\"width: 20px; height: 20px;\"><\/div>\n        <\/div>\n    <\/div>\n    \n<div class=\"kksr-stars-active\" style=\"width: 113.5px;\">\n            <div class=\"kksr-star\" style=\"padding-right: 3px\">\n            \n\n<div class=\"kksr-icon\" style=\"width: 20px; height: 20px;\"><\/div>\n        <\/div>\n            <div class=\"kksr-star\" style=\"padding-right: 3px\">\n            \n\n<div class=\"kksr-icon\" style=\"width: 20px; height: 20px;\"><\/div>\n        <\/div>\n            <div class=\"kksr-star\" style=\"padding-right: 3px\">\n            \n\n<div class=\"kksr-icon\" style=\"width: 20px; height: 20px;\"><\/div>\n        <\/div>\n            <div class=\"kksr-star\" style=\"padding-right: 3px\">\n            \n\n<div class=\"kksr-icon\" style=\"width: 20px; height: 20px;\"><\/div>\n        <\/div>\n            <div class=\"kksr-star\" style=\"padding-right: 3px\">\n            \n\n<div class=\"kksr-icon\" style=\"width: 20px; height: 20px;\"><\/div>\n        <\/div>\n    <\/div>\n<\/div>\n                \n\n<div class=\"kksr-legend\" style=\"font-size: 16px;\">\n            5\/5 - (1 voto)    <\/div>\n    <\/div>\n\n<figure id=\"attachment_28260\" aria-describedby=\"caption-attachment-28260\" style=\"width: 1200px\" class=\"wp-caption aligncenter\"><img data-recalc-dims=\"1\" loading=\"lazy\" decoding=\"async\" class=\"size-full wp-image-28260\" src=\"https:\/\/i0.wp.com\/www.reclamador.es\/blog\/wp-content\/uploads\/2021\/12\/reclamador-comidas-de-empresa-por-Navidad-covid-test-y-vacunacion.jpg?resize=1200%2C679&#038;ssl=1\" alt=\"comidas de empresa por Navidad certificado covid\" width=\"1200\" height=\"679\" srcset=\"https:\/\/i0.wp.com\/www.reclamador.es\/blog\/wp-content\/uploads\/2021\/12\/reclamador-comidas-de-empresa-por-Navidad-covid-test-y-vacunacion.jpg?w=1200&amp;ssl=1 1200w, https:\/\/i0.wp.com\/www.reclamador.es\/blog\/wp-content\/uploads\/2021\/12\/reclamador-comidas-de-empresa-por-Navidad-covid-test-y-vacunacion.jpg?resize=800%2C453&amp;ssl=1 800w, https:\/\/i0.wp.com\/www.reclamador.es\/blog\/wp-content\/uploads\/2021\/12\/reclamador-comidas-de-empresa-por-Navidad-covid-test-y-vacunacion.jpg?resize=150%2C85&amp;ssl=1 150w, https:\/\/i0.wp.com\/www.reclamador.es\/blog\/wp-content\/uploads\/2021\/12\/reclamador-comidas-de-empresa-por-Navidad-covid-test-y-vacunacion.jpg?resize=768%2C435&amp;ssl=1 768w\" sizes=\"auto, (max-width: 1000px) 100vw, 1000px\" \/><figcaption id=\"caption-attachment-28260\" class=\"wp-caption-text\"><em>Test de ant\u00edgenos y pasaporte Covid-19 en comidas de empresa por Navidad<\/em><\/figcaption><\/figure>\n<p>Vuelven las comidas y cenas navide\u00f1as de las empresas. Tras el par\u00f3n de 2020 por la pandemia, en 2021 se retoman estos eventos. Pero el virus sigue circulando. Por ello, para que estas celebraciones puedan volver a tener lugar, se ponen sobre la mesa alternativas como presentaci\u00f3n del certificado de vacunaci\u00f3n o realizaci\u00f3n de test de ant\u00edgenos. En reclamador.es, ahora que vuelven las cenas y comidas de empresa por Navidad, vamos a responder las siguientes preguntas: <strong>\u00bfPueden las empresas pedir el pasaporte de vacunaci\u00f3n?<\/strong> <b>\u00bfY si es la Comunidad Aut\u00f3noma la que obliga a mostrar el pasaporte Covid para poder acceder al restaurante donde tendr\u00e1 lugar la celebraci\u00f3n? <\/b>o <b>\u00bfPuede la empresa realizar test a los trabajadores a para acudir a la cena de Navidad?<\/b><\/p>\n<h2>Cenas y comidas de empresa por Navidad: \u00bfEst\u00e1n obligados los trabajadores a presentar el certificado de vacunaci\u00f3n?<\/h2>\n<p><span style=\"font-weight: 400;\">A esta pregunta, hay que tener en cuenta que la empresa no puede preguntar a los trabajadores, entre otras cuestiones, si tienen o no el <a href=\"https:\/\/www.reclamador.es\/blog\/despido-por-no-vacunarse\/\">pasaporte Covid de vacunaci\u00f3n<\/a>. El derecho a la intimidad de cada persona le permite que no tenga que revelar cuestiones sensibles y personales.\u00a0<\/span><\/p>\n<p><span style=\"font-weight: 400;\">La vacunaci\u00f3n no ha sido obligatoria en Espa\u00f1a. Cada ciudadano, individualmente, tiene que valorar el riesgo-beneficio de vacunarse. Esto se aplica tanto a la vacuna del coronavirus como a cualquier otra del calendario de vacunaci\u00f3n.<\/span><\/p>\n<p><span style=\"font-weight: 400;\">En este sentido, la empresa tampoco puede pedir que sus trabajadores est\u00e9n vacunados, pero puede <\/span><b>tomar algunas medidas de recomendaci\u00f3n en la compa\u00f1\u00eda<\/b><span style=\"font-weight: 400;\">, como, por ejemplo, poner a disposici\u00f3n de los trabajadores comedores para no vacunados o test gratuitos.<\/span><\/p>\n<h2><b>\u00bfY si es la Comunidad Aut\u00f3noma la que obliga a mostrar el pasaporte Covid para poder acceder al restaurante donde tendr\u00e1 lugar la celebraci\u00f3n?<\/b><\/h2>\n<p><span style=\"font-weight: 400;\">Si es una obligaci\u00f3n impuesta por la Comunidad Aut\u00f3noma, avalada por sus Tribunales, como ya ocurre en algunos territorios, los asistentes a las comidas y cenas de empresa de Navidad tendr\u00e1n que ense\u00f1ar el pasaporte Covid-19. En este caso, ya <\/span><b>no ser\u00eda una obligaci\u00f3n de la empresa sino del propio local <\/b><span style=\"font-weight: 400;\">que tiene que solicitarlo.<\/span><\/p>\n<h2><b>Los test en las cenas de empresa por Navidad<\/b><\/h2>\n<p>Como recomendaci\u00f3n para las comidas y cenas de empresa por Navidad, las autoridades sanitarias est\u00e1n recomendando a las empresas que pongan a disposici\u00f3n de sus trabajadores test de ant\u00edgenos antes del evento.\u00a0<\/p>\n<p><span style=\"font-weight: 400;\">Aqu\u00ed, lo que se debe tener claro es que la empresa no puede obligar a sus trabajadores a realizarse un test de detecci\u00f3n de coronavirus para acudir a la comida o cena de Navidad, pero s\u00ed <strong>podr\u00e1 impedir que los trabajadores que no se quieran someter a la prueba, puedan asistir al evento,<\/strong> con el objetivo de garantizar la seguridad de todos.\u00a0<\/span><\/p>\n<p><span style=\"font-weight: 400;\">Los <a href=\"https:\/\/www.reclamador.es\/blog\/abogado-laboralista\/\">abogados laboralistas<\/a> de reclamador.es, recalcan que<\/span><span style=\"font-weight: 400;\"> trat\u00e1ndose de una cuesti\u00f3n que afecta a la prevenci\u00f3n de los riesgos laborales, la empresa puede tomar la decisi\u00f3n de impedir la participaci\u00f3n del trabajador en el evento como parte de esa prevenci\u00f3n para el resto de los empleados.<\/span><\/p>\n<h3><strong>Recomendaciones para estos eventos\u00a0<\/strong><\/h3>\n<p><span style=\"font-weight: 400;\">En cualquier caso, la recomendaci\u00f3n es que ante cualquier s\u00edntoma o sospecha de poder tener coronavirus, el trabajador se realice un test o acuda a su centro de salud.<\/span><\/p>\n<p>Si te ha parecido interesante este art\u00edculo sobre comidas de empresa por Navidad y Covid-19, comp\u00e1rtelo.<\/p>\n<p>\u00a0<\/p>\n<div class=\"ttr_end\"><\/div>","protected":false},"excerpt":{"rendered":"<p>Vuelven las comidas y cenas navide\u00f1as de las empresas. Tras el par\u00f3n de 2020 por la pandemia, en 2021 se retoman estos eventos. Pero el virus sigue circulando. Por ello, para que estas celebraciones puedan volver a tener lugar, se ponen sobre la mesa alternativas como presentaci\u00f3n del certificado de vacunaci\u00f3n o realizaci\u00f3n de test [&hellip;]<\/p>\n","protected":false},"author":1,"featured_media":28260,"comment_status":"open","ping_status":"open","sticky":false,"template":"","format":"standard","meta":{"_acf_changed":false,"_genesis_hide_title":false,"_genesis_hide_breadcrumbs":false,"_genesis_hide_singular_image":false,"_genesis_hide_footer_widgets":false,"_genesis_custom_body_class":"","_genesis_custom_post_class":"","_genesis_layout":"","_jetpack_newsletter_access":"","_jetpack_dont_email_post_to_subs":false,"_jetpack_newsletter_tier_id":0,"_jetpack_memberships_contains_paywalled_content":false,"_jetpack_memberships_contains_paid_content":false,"footnotes":""},"categories":[393],"tags":[266],"class_list":{"0":"post-28256","1":"post","2":"type-post","3":"status-publish","4":"format-standard","5":"has-post-thumbnail","7":"category-consejos","8":"tag-laboral","9":"entry"},"acf":[],"yoast_head":"<!-- This site is optimized with the Yoast SEO plugin v27.4 - https:\/\/yoast.com\/product\/yoast-seo-wordpress\/ -->\n<title>Covid-19 y las cenas o comidas de empresa por Navidad<\/title>\n<meta name=\"description\" content=\"Llegan las comidas de empresa por Navidad, pero el Covid-19 sigue presente. Explicamos todo sobre el pasaporte Covid y los test en estos eventos.\" \/>\n<meta name=\"robots\" content=\"index, follow, max-snippet:-1, max-image-preview:large, max-video-preview:-1\" \/>\n<link rel=\"canonical\" href=\"https:\/\/www.reclamador.es\/blog\/covid-comidas-de-empresa-test-vacuna\/\" \/>\n<meta property=\"og:locale\" content=\"es_ES\" \/>\n<meta property=\"og:type\" content=\"article\" \/>\n<meta property=\"og:title\" content=\"Covid-19 y las cenas o comidas de empresa por Navidad\" \/>\n<meta property=\"og:description\" content=\"Llegan las comidas de empresa por Navidad, pero el Covid-19 sigue presente. Explicamos todo sobre el pasaporte Covid y los test en estos eventos.\" \/>\n<meta property=\"og:url\" content=\"https:\/\/www.reclamador.es\/blog\/covid-comidas-de-empresa-test-vacuna\/\" \/>\n<meta property=\"og:site_name\" content=\"Rebeldes con causa, el blog de reclamador.es\" \/>\n<meta property=\"article:publisher\" content=\"https:\/\/www.facebook.com\/reclamador.es\" \/>\n<meta property=\"article:published_time\" content=\"2021-12-02T12:17:35+00:00\" \/>\n<meta property=\"article:modified_time\" content=\"2024-10-08T11:32:14+00:00\" \/>\n<meta property=\"og:image\" content=\"https:\/\/www.reclamador.es\/blog\/wp-content\/uploads\/2021\/12\/reclamador-comidas-de-empresa-por-Navidad-covid-test-y-vacunacion.jpg\" \/>\n\t<meta property=\"og:image:width\" content=\"1200\" \/>\n\t<meta property=\"og:image:height\" content=\"679\" \/>\n\t<meta property=\"og:image:type\" content=\"image\/jpeg\" \/>\n<meta name=\"author\" content=\"Equipo reclamador\" \/>\n<meta name=\"twitter:card\" content=\"summary_large_image\" \/>\n<meta name=\"twitter:creator\" content=\"@reclamador\" \/>\n<meta name=\"twitter:site\" content=\"@reclamador\" \/>\n<meta name=\"twitter:label1\" content=\"Escrito por\" \/>\n\t<meta name=\"twitter:data1\" content=\"Equipo reclamador\" \/>\n\t<meta name=\"twitter:label2\" content=\"Tiempo de lectura\" \/>\n\t<meta name=\"twitter:data2\" content=\"3 minutos\" \/>\n<script type=\"application\/ld+json\" class=\"yoast-schema-graph\">{\"@context\":\"https:\\\/\\\/schema.org\",\"@graph\":[{\"@type\":\"Article\",\"@id\":\"https:\\\/\\\/www.reclamador.es\\\/blog\\\/covid-comidas-de-empresa-test-vacuna\\\/#article\",\"isPartOf\":{\"@id\":\"https:\\\/\\\/www.reclamador.es\\\/blog\\\/covid-comidas-de-empresa-test-vacuna\\\/\"},\"author\":{\"name\":\"Equipo reclamador\",\"@id\":\"https:\\\/\\\/www.reclamador.es\\\/blog\\\/#\\\/schema\\\/person\\\/1ed83eef8b6566cb5e4c812d9bc5c4bf\"},\"headline\":\"Covid-19: \u00bfQu\u00e9 tener en cuenta en las cenas y comidas de empresa por Navidad?\",\"datePublished\":\"2021-12-02T12:17:35+00:00\",\"dateModified\":\"2024-10-08T11:32:14+00:00\",\"mainEntityOfPage\":{\"@id\":\"https:\\\/\\\/www.reclamador.es\\\/blog\\\/covid-comidas-de-empresa-test-vacuna\\\/\"},\"wordCount\":617,\"commentCount\":0,\"publisher\":{\"@id\":\"https:\\\/\\\/www.reclamador.es\\\/blog\\\/#organization\"},\"image\":{\"@id\":\"https:\\\/\\\/www.reclamador.es\\\/blog\\\/covid-comidas-de-empresa-test-vacuna\\\/#primaryimage\"},\"thumbnailUrl\":\"https:\\\/\\\/i0.wp.com\\\/www.reclamador.es\\\/blog\\\/wp-content\\\/uploads\\\/2021\\\/12\\\/reclamador-comidas-de-empresa-por-Navidad-covid-test-y-vacunacion.jpg?fit=1200%2C679&ssl=1\",\"keywords\":[\"laboral\"],\"articleSection\":[\"Consejos legales\"],\"inLanguage\":\"es\",\"potentialAction\":[{\"@type\":\"CommentAction\",\"name\":\"Comment\",\"target\":[\"https:\\\/\\\/www.reclamador.es\\\/blog\\\/covid-comidas-de-empresa-test-vacuna\\\/#respond\"]}]},{\"@type\":\"WebPage\",\"@id\":\"https:\\\/\\\/www.reclamador.es\\\/blog\\\/covid-comidas-de-empresa-test-vacuna\\\/\",\"url\":\"https:\\\/\\\/www.reclamador.es\\\/blog\\\/covid-comidas-de-empresa-test-vacuna\\\/\",\"name\":\"Covid-19 y las cenas o comidas de empresa por Navidad\",\"isPartOf\":{\"@id\":\"https:\\\/\\\/www.reclamador.es\\\/blog\\\/#website\"},\"primaryImageOfPage\":{\"@id\":\"https:\\\/\\\/www.reclamador.es\\\/blog\\\/covid-comidas-de-empresa-test-vacuna\\\/#primaryimage\"},\"image\":{\"@id\":\"https:\\\/\\\/www.reclamador.es\\\/blog\\\/covid-comidas-de-empresa-test-vacuna\\\/#primaryimage\"},\"thumbnailUrl\":\"https:\\\/\\\/i0.wp.com\\\/www.reclamador.es\\\/blog\\\/wp-content\\\/uploads\\\/2021\\\/12\\\/reclamador-comidas-de-empresa-por-Navidad-covid-test-y-vacunacion.jpg?fit=1200%2C679&ssl=1\",\"datePublished\":\"2021-12-02T12:17:35+00:00\",\"dateModified\":\"2024-10-08T11:32:14+00:00\",\"description\":\"Llegan las comidas de empresa por Navidad, pero el Covid-19 sigue presente. Explicamos todo sobre el pasaporte Covid y los test en estos eventos.\",\"breadcrumb\":{\"@id\":\"https:\\\/\\\/www.reclamador.es\\\/blog\\\/covid-comidas-de-empresa-test-vacuna\\\/#breadcrumb\"},\"inLanguage\":\"es\",\"potentialAction\":[{\"@type\":\"ReadAction\",\"target\":[\"https:\\\/\\\/www.reclamador.es\\\/blog\\\/covid-comidas-de-empresa-test-vacuna\\\/\"]}]},{\"@type\":\"ImageObject\",\"inLanguage\":\"es\",\"@id\":\"https:\\\/\\\/www.reclamador.es\\\/blog\\\/covid-comidas-de-empresa-test-vacuna\\\/#primaryimage\",\"url\":\"https:\\\/\\\/i0.wp.com\\\/www.reclamador.es\\\/blog\\\/wp-content\\\/uploads\\\/2021\\\/12\\\/reclamador-comidas-de-empresa-por-Navidad-covid-test-y-vacunacion.jpg?fit=1200%2C679&ssl=1\",\"contentUrl\":\"https:\\\/\\\/i0.wp.com\\\/www.reclamador.es\\\/blog\\\/wp-content\\\/uploads\\\/2021\\\/12\\\/reclamador-comidas-de-empresa-por-Navidad-covid-test-y-vacunacion.jpg?fit=1200%2C679&ssl=1\",\"width\":1200,\"height\":679,\"caption\":\"Test de ant\u00edgenos y pasaporte Covid-19 en comidas de empresa por Navidad\"},{\"@type\":\"BreadcrumbList\",\"@id\":\"https:\\\/\\\/www.reclamador.es\\\/blog\\\/covid-comidas-de-empresa-test-vacuna\\\/#breadcrumb\",\"itemListElement\":[{\"@type\":\"ListItem\",\"position\":1,\"name\":\"Portada\",\"item\":\"https:\\\/\\\/www.reclamador.es\\\/blog\\\/\"},{\"@type\":\"ListItem\",\"position\":2,\"name\":\"Covid-19: \u00bfQu\u00e9 tener en cuenta en las cenas y comidas de empresa por Navidad?\"}]},{\"@type\":\"WebSite\",\"@id\":\"https:\\\/\\\/www.reclamador.es\\\/blog\\\/#website\",\"url\":\"https:\\\/\\\/www.reclamador.es\\\/blog\\\/\",\"name\":\"Rebeldes con causa, el blog de reclamador.es\",\"description\":\"Noticias, entrevistas y consejos sobre reclamaciones\",\"publisher\":{\"@id\":\"https:\\\/\\\/www.reclamador.es\\\/blog\\\/#organization\"},\"potentialAction\":[{\"@type\":\"SearchAction\",\"target\":{\"@type\":\"EntryPoint\",\"urlTemplate\":\"https:\\\/\\\/www.reclamador.es\\\/blog\\\/?s={search_term_string}\"},\"query-input\":{\"@type\":\"PropertyValueSpecification\",\"valueRequired\":true,\"valueName\":\"search_term_string\"}}],\"inLanguage\":\"es\"},{\"@type\":\"Organization\",\"@id\":\"https:\\\/\\\/www.reclamador.es\\\/blog\\\/#organization\",\"name\":\"reclamador.es\",\"url\":\"https:\\\/\\\/www.reclamador.es\\\/blog\\\/\",\"logo\":{\"@type\":\"ImageObject\",\"inLanguage\":\"es\",\"@id\":\"https:\\\/\\\/www.reclamador.es\\\/blog\\\/#\\\/schema\\\/logo\\\/image\\\/\",\"url\":\"https:\\\/\\\/i0.wp.com\\\/www.reclamador.es\\\/blog\\\/wp-content\\\/uploads\\\/2020\\\/01\\\/logo-reclamador.png?fit=1200%2C144&ssl=1\",\"contentUrl\":\"https:\\\/\\\/i0.wp.com\\\/www.reclamador.es\\\/blog\\\/wp-content\\\/uploads\\\/2020\\\/01\\\/logo-reclamador.png?fit=1200%2C144&ssl=1\",\"width\":1200,\"height\":144,\"caption\":\"reclamador.es\"},\"image\":{\"@id\":\"https:\\\/\\\/www.reclamador.es\\\/blog\\\/#\\\/schema\\\/logo\\\/image\\\/\"},\"sameAs\":[\"https:\\\/\\\/www.facebook.com\\\/reclamador.es\",\"https:\\\/\\\/x.com\\\/reclamador\",\"https:\\\/\\\/www.instagram.com\\\/reclamador.es\\\/\",\"https:\\\/\\\/www.linkedin.com\\\/company\\\/reclamador-es\",\"https:\\\/\\\/www.youtube.com\\\/user\\\/Reclamadores\"]},{\"@type\":\"Person\",\"@id\":\"https:\\\/\\\/www.reclamador.es\\\/blog\\\/#\\\/schema\\\/person\\\/1ed83eef8b6566cb5e4c812d9bc5c4bf\",\"name\":\"Equipo reclamador\",\"image\":{\"@type\":\"ImageObject\",\"inLanguage\":\"es\",\"@id\":\"https:\\\/\\\/secure.gravatar.com\\\/avatar\\\/6442ecdc2c4472c600c113f34d340feca47107d6aa4f42f1e3e75a2a8e28a760?s=96&d=mm&r=g\",\"url\":\"https:\\\/\\\/secure.gravatar.com\\\/avatar\\\/6442ecdc2c4472c600c113f34d340feca47107d6aa4f42f1e3e75a2a8e28a760?s=96&d=mm&r=g\",\"contentUrl\":\"https:\\\/\\\/secure.gravatar.com\\\/avatar\\\/6442ecdc2c4472c600c113f34d340feca47107d6aa4f42f1e3e75a2a8e28a760?s=96&d=mm&r=g\",\"caption\":\"Equipo reclamador\"},\"description\":\"Las personas que hacen posible reclamador.es\",\"url\":\"https:\\\/\\\/www.reclamador.es\\\/blog\\\/author\\\/administrador\\\/\"}]}<\/script>\n<!-- \/ Yoast SEO plugin. -->","yoast_head_json":{"title":"Covid-19 y las cenas o comidas de empresa por Navidad","description":"Llegan las comidas de empresa por Navidad, pero el Covid-19 sigue presente. Explicamos todo sobre el pasaporte Covid y los test en estos eventos.","robots":{"index":"index","follow":"follow","max-snippet":"max-snippet:-1","max-image-preview":"max-image-preview:large","max-video-preview":"max-video-preview:-1"},"canonical":"https:\/\/www.reclamador.es\/blog\/covid-comidas-de-empresa-test-vacuna\/","og_locale":"es_ES","og_type":"article","og_title":"Covid-19 y las cenas o comidas de empresa por Navidad","og_description":"Llegan las comidas de empresa por Navidad, pero el Covid-19 sigue presente. Explicamos todo sobre el pasaporte Covid y los test en estos eventos.","og_url":"https:\/\/www.reclamador.es\/blog\/covid-comidas-de-empresa-test-vacuna\/","og_site_name":"Rebeldes con causa, el blog de reclamador.es","article_publisher":"https:\/\/www.facebook.com\/reclamador.es","article_published_time":"2021-12-02T12:17:35+00:00","article_modified_time":"2024-10-08T11:32:14+00:00","og_image":[{"width":1200,"height":679,"url":"https:\/\/www.reclamador.es\/blog\/wp-content\/uploads\/2021\/12\/reclamador-comidas-de-empresa-por-Navidad-covid-test-y-vacunacion.jpg","type":"image\/jpeg"}],"author":"Equipo reclamador","twitter_card":"summary_large_image","twitter_creator":"@reclamador","twitter_site":"@reclamador","twitter_misc":{"Escrito por":"Equipo reclamador","Tiempo de lectura":"3 minutos"},"schema":{"@context":"https:\/\/schema.org","@graph":[{"@type":"Article","@id":"https:\/\/www.reclamador.es\/blog\/covid-comidas-de-empresa-test-vacuna\/#article","isPartOf":{"@id":"https:\/\/www.reclamador.es\/blog\/covid-comidas-de-empresa-test-vacuna\/"},"author":{"name":"Equipo reclamador","@id":"https:\/\/www.reclamador.es\/blog\/#\/schema\/person\/1ed83eef8b6566cb5e4c812d9bc5c4bf"},"headline":"Covid-19: \u00bfQu\u00e9 tener en cuenta en las cenas y comidas de empresa por Navidad?","datePublished":"2021-12-02T12:17:35+00:00","dateModified":"2024-10-08T11:32:14+00:00","mainEntityOfPage":{"@id":"https:\/\/www.reclamador.es\/blog\/covid-comidas-de-empresa-test-vacuna\/"},"wordCount":617,"commentCount":0,"publisher":{"@id":"https:\/\/www.reclamador.es\/blog\/#organization"},"image":{"@id":"https:\/\/www.reclamador.es\/blog\/covid-comidas-de-empresa-test-vacuna\/#primaryimage"},"thumbnailUrl":"https:\/\/i0.wp.com\/www.reclamador.es\/blog\/wp-content\/uploads\/2021\/12\/reclamador-comidas-de-empresa-por-Navidad-covid-test-y-vacunacion.jpg?fit=1200%2C679&ssl=1","keywords":["laboral"],"articleSection":["Consejos legales"],"inLanguage":"es","potentialAction":[{"@type":"CommentAction","name":"Comment","target":["https:\/\/www.reclamador.es\/blog\/covid-comidas-de-empresa-test-vacuna\/#respond"]}]},{"@type":"WebPage","@id":"https:\/\/www.reclamador.es\/blog\/covid-comidas-de-empresa-test-vacuna\/","url":"https:\/\/www.reclamador.es\/blog\/covid-comidas-de-empresa-test-vacuna\/","name":"Covid-19 y las cenas o comidas de empresa por Navidad","isPartOf":{"@id":"https:\/\/www.reclamador.es\/blog\/#website"},"primaryImageOfPage":{"@id":"https:\/\/www.reclamador.es\/blog\/covid-comidas-de-empresa-test-vacuna\/#primaryimage"},"image":{"@id":"https:\/\/www.reclamador.es\/blog\/covid-comidas-de-empresa-test-vacuna\/#primaryimage"},"thumbnailUrl":"https:\/\/i0.wp.com\/www.reclamador.es\/blog\/wp-content\/uploads\/2021\/12\/reclamador-comidas-de-empresa-por-Navidad-covid-test-y-vacunacion.jpg?fit=1200%2C679&ssl=1","datePublished":"2021-12-02T12:17:35+00:00","dateModified":"2024-10-08T11:32:14+00:00","description":"Llegan las comidas de empresa por Navidad, pero el Covid-19 sigue presente. Explicamos todo sobre el pasaporte Covid y los test en estos eventos.","breadcrumb":{"@id":"https:\/\/www.reclamador.es\/blog\/covid-comidas-de-empresa-test-vacuna\/#breadcrumb"},"inLanguage":"es","potentialAction":[{"@type":"ReadAction","target":["https:\/\/www.reclamador.es\/blog\/covid-comidas-de-empresa-test-vacuna\/"]}]},{"@type":"ImageObject","inLanguage":"es","@id":"https:\/\/www.reclamador.es\/blog\/covid-comidas-de-empresa-test-vacuna\/#primaryimage","url":"https:\/\/i0.wp.com\/www.reclamador.es\/blog\/wp-content\/uploads\/2021\/12\/reclamador-comidas-de-empresa-por-Navidad-covid-test-y-vacunacion.jpg?fit=1200%2C679&ssl=1","contentUrl":"https:\/\/i0.wp.com\/www.reclamador.es\/blog\/wp-content\/uploads\/2021\/12\/reclamador-comidas-de-empresa-por-Navidad-covid-test-y-vacunacion.jpg?fit=1200%2C679&ssl=1","width":1200,"height":679,"caption":"Test de ant\u00edgenos y pasaporte Covid-19 en comidas de empresa por Navidad"},{"@type":"BreadcrumbList","@id":"https:\/\/www.reclamador.es\/blog\/covid-comidas-de-empresa-test-vacuna\/#breadcrumb","itemListElement":[{"@type":"ListItem","position":1,"name":"Portada","item":"https:\/\/www.reclamador.es\/blog\/"},{"@type":"ListItem","position":2,"name":"Covid-19: \u00bfQu\u00e9 tener en cuenta en las cenas y comidas de empresa por Navidad?"}]},{"@type":"WebSite","@id":"https:\/\/www.reclamador.es\/blog\/#website","url":"https:\/\/www.reclamador.es\/blog\/","name":"Rebeldes con causa, el blog de reclamador.es","description":"Noticias, entrevistas y consejos sobre reclamaciones","publisher":{"@id":"https:\/\/www.reclamador.es\/blog\/#organization"},"potentialAction":[{"@type":"SearchAction","target":{"@type":"EntryPoint","urlTemplate":"https:\/\/www.reclamador.es\/blog\/?s={search_term_string}"},"query-input":{"@type":"PropertyValueSpecification","valueRequired":true,"valueName":"search_term_string"}}],"inLanguage":"es"},{"@type":"Organization","@id":"https:\/\/www.reclamador.es\/blog\/#organization","name":"reclamador.es","url":"https:\/\/www.reclamador.es\/blog\/","logo":{"@type":"ImageObject","inLanguage":"es","@id":"https:\/\/www.reclamador.es\/blog\/#\/schema\/logo\/image\/","url":"https:\/\/i0.wp.com\/www.reclamador.es\/blog\/wp-content\/uploads\/2020\/01\/logo-reclamador.png?fit=1200%2C144&ssl=1","contentUrl":"https:\/\/i0.wp.com\/www.reclamador.es\/blog\/wp-content\/uploads\/2020\/01\/logo-reclamador.png?fit=1200%2C144&ssl=1","width":1200,"height":144,"caption":"reclamador.es"},"image":{"@id":"https:\/\/www.reclamador.es\/blog\/#\/schema\/logo\/image\/"},"sameAs":["https:\/\/www.facebook.com\/reclamador.es","https:\/\/x.com\/reclamador","https:\/\/www.instagram.com\/reclamador.es\/","https:\/\/www.linkedin.com\/company\/reclamador-es","https:\/\/www.youtube.com\/user\/Reclamadores"]},{"@type":"Person","@id":"https:\/\/www.reclamador.es\/blog\/#\/schema\/person\/1ed83eef8b6566cb5e4c812d9bc5c4bf","name":"Equipo reclamador","image":{"@type":"ImageObject","inLanguage":"es","@id":"https:\/\/secure.gravatar.com\/avatar\/6442ecdc2c4472c600c113f34d340feca47107d6aa4f42f1e3e75a2a8e28a760?s=96&d=mm&r=g","url":"https:\/\/secure.gravatar.com\/avatar\/6442ecdc2c4472c600c113f34d340feca47107d6aa4f42f1e3e75a2a8e28a760?s=96&d=mm&r=g","contentUrl":"https:\/\/secure.gravatar.com\/avatar\/6442ecdc2c4472c600c113f34d340feca47107d6aa4f42f1e3e75a2a8e28a760?s=96&d=mm&r=g","caption":"Equipo reclamador"},"description":"Las personas que hacen posible reclamador.es","url":"https:\/\/www.reclamador.es\/blog\/author\/administrador\/"}]}},"jetpack_featured_media_url":"https:\/\/i0.wp.com\/www.reclamador.es\/blog\/wp-content\/uploads\/2021\/12\/reclamador-comidas-de-empresa-por-Navidad-covid-test-y-vacunacion.jpg?fit=1200%2C679&ssl=1","jetpack-related-posts":[{"id":27111,"url":"https:\/\/www.reclamador.es\/blog\/despido-por-no-vacunarse\/","url_meta":{"origin":28256,"position":0},"title":"\u00bfPueden despedir a un trabajador por no vacunarse frente al coronavirus?","author":"Equipo reclamador","date":"10 agosto, 2021","format":false,"excerpt":"El debate, en la calle y en las tertulias de televisi\u00f3n o radio, est\u00e1 servido. \u00bfPuede la empresa despedir a un trabajador que decida no vacunarse frente a la Covid-19? o \u00bfes legal que una compa\u00f1\u00eda solicite como requisito imprescindible para entrar a formar parte de la empresa que acredite\u2026","rel":"","context":"En \u00abConsejos legales\u00bb","block_context":{"text":"Consejos legales","link":"https:\/\/www.reclamador.es\/blog\/consejos\/"},"img":{"alt_text":"las empresas pueden recomendar vacunarse pero no obligar","src":"https:\/\/i0.wp.com\/www.reclamador.es\/blog\/wp-content\/uploads\/2021\/08\/despido-por-no-vacunarse.jpg?fit=1200%2C675&ssl=1&resize=350%2C200","width":350,"height":200,"srcset":"https:\/\/i0.wp.com\/www.reclamador.es\/blog\/wp-content\/uploads\/2021\/08\/despido-por-no-vacunarse.jpg?fit=1200%2C675&ssl=1&resize=350%2C200 1x, https:\/\/i0.wp.com\/www.reclamador.es\/blog\/wp-content\/uploads\/2021\/08\/despido-por-no-vacunarse.jpg?fit=1200%2C675&ssl=1&resize=525%2C300 1.5x, https:\/\/i0.wp.com\/www.reclamador.es\/blog\/wp-content\/uploads\/2021\/08\/despido-por-no-vacunarse.jpg?fit=1200%2C675&ssl=1&resize=700%2C400 2x, https:\/\/i0.wp.com\/www.reclamador.es\/blog\/wp-content\/uploads\/2021\/08\/despido-por-no-vacunarse.jpg?fit=1200%2C675&ssl=1&resize=1050%2C600 3x"},"classes":[]},{"id":22580,"url":"https:\/\/www.reclamador.es\/blog\/que-hacer-si-pierdes-roban-dni-pasaporte-en-extranjero\/","url_meta":{"origin":28256,"position":1},"title":"\u00bfQu\u00e9 debes hacer si te roban el DNI o el pasaporte en el extranjero?","author":"Equipo reclamador","date":"1 marzo, 2020","format":false,"excerpt":"*Contenido ampliado septiembre 2025 Se trata de uno de los grandes miedos de los viajeros cuando viajan fuera de las fronteras de Espa\u00f1a o de la Uni\u00f3n Europea. Perder o que les roben el DNI o el pasaporte. Incluso ambas cosas si se trata de la sustracci\u00f3n de la cartera\u2026","rel":"","context":"En \u00abConsejos legales\u00bb","block_context":{"text":"Consejos legales","link":"https:\/\/www.reclamador.es\/blog\/consejos\/"},"img":{"alt_text":"C\u00f3mo actuar y qu\u00e9 hacer si pierdes el pasaporte o DNI en el extranjero","src":"https:\/\/i0.wp.com\/www.reclamador.es\/blog\/wp-content\/uploads\/2019\/07\/que-hacer-si-pierdes-el-pasaporte-en-el-extranjero.jpg?fit=1200%2C630&ssl=1&resize=350%2C200","width":350,"height":200,"srcset":"https:\/\/i0.wp.com\/www.reclamador.es\/blog\/wp-content\/uploads\/2019\/07\/que-hacer-si-pierdes-el-pasaporte-en-el-extranjero.jpg?fit=1200%2C630&ssl=1&resize=350%2C200 1x, https:\/\/i0.wp.com\/www.reclamador.es\/blog\/wp-content\/uploads\/2019\/07\/que-hacer-si-pierdes-el-pasaporte-en-el-extranjero.jpg?fit=1200%2C630&ssl=1&resize=525%2C300 1.5x, https:\/\/i0.wp.com\/www.reclamador.es\/blog\/wp-content\/uploads\/2019\/07\/que-hacer-si-pierdes-el-pasaporte-en-el-extranjero.jpg?fit=1200%2C630&ssl=1&resize=700%2C400 2x, https:\/\/i0.wp.com\/www.reclamador.es\/blog\/wp-content\/uploads\/2019\/07\/que-hacer-si-pierdes-el-pasaporte-en-el-extranjero.jpg?fit=1200%2C630&ssl=1&resize=1050%2C600 3x"},"classes":[]},{"id":8593,"url":"https:\/\/www.reclamador.es\/blog\/cosas-que-hacer-cuando-estoy-de-baja\/","url_meta":{"origin":28256,"position":2},"title":"\u00bfQu\u00e9 se puede hacer estando de baja? Lo que s\u00ed y lo que no","author":"Equipo reclamador","date":"11 diciembre, 2023","format":false,"excerpt":"Hay muchas dudas respecto a lo que se puede y no se puede hacer cuando se est\u00e1 de baja laboral o se incurre en incapacidad temporal. Las normas laborales no se pronuncian de manera expresa sobre estos supuestos, por lo que no podemos hacer afirmaciones generales y nos obliga a\u2026","rel":"","context":"En \u00abConsejos legales\u00bb","block_context":{"text":"Consejos legales","link":"https:\/\/www.reclamador.es\/blog\/consejos\/"},"img":{"alt_text":"cosas que se pueden hacer estando de baja","src":"https:\/\/i0.wp.com\/www.reclamador.es\/blog\/wp-content\/uploads\/2017\/06\/viajar-estando-de-baja.jpg?fit=1200%2C630&ssl=1&resize=350%2C200","width":350,"height":200,"srcset":"https:\/\/i0.wp.com\/www.reclamador.es\/blog\/wp-content\/uploads\/2017\/06\/viajar-estando-de-baja.jpg?fit=1200%2C630&ssl=1&resize=350%2C200 1x, https:\/\/i0.wp.com\/www.reclamador.es\/blog\/wp-content\/uploads\/2017\/06\/viajar-estando-de-baja.jpg?fit=1200%2C630&ssl=1&resize=525%2C300 1.5x, https:\/\/i0.wp.com\/www.reclamador.es\/blog\/wp-content\/uploads\/2017\/06\/viajar-estando-de-baja.jpg?fit=1200%2C630&ssl=1&resize=700%2C400 2x, https:\/\/i0.wp.com\/www.reclamador.es\/blog\/wp-content\/uploads\/2017\/06\/viajar-estando-de-baja.jpg?fit=1200%2C630&ssl=1&resize=1050%2C600 3x"},"classes":[]},{"id":34564,"url":"https:\/\/www.reclamador.es\/blog\/validez-del-pasaporte-meses-antelacion-renovar\/","url_meta":{"origin":28256,"position":3},"title":"\u00bfCu\u00e1ntos a\u00f1os de validez tiene un pasaporte espa\u00f1ol y con cu\u00e1ntos meses de antelaci\u00f3n se puede renovar?","author":"Equipo reclamador","date":"26 junio, 2025","format":false,"excerpt":"Hay muchos destinos en los que, para poder pasar la aduana y entrar en el pa\u00eds, te piden que tu pasaporte tenga una vigencia posterior a 6 meses a la fecha de estancia en ese territorio. Ese era el caso, por ejemplo, de Estados Unidos, pa\u00eds que adem\u00e1s del ESTA\u2026","rel":"","context":"En \u00abConsejos legales\u00bb","block_context":{"text":"Consejos legales","link":"https:\/\/www.reclamador.es\/blog\/consejos\/"},"img":{"alt_text":"renovacion y validez del pasaporte espa\u00f1ol","src":"https:\/\/i0.wp.com\/www.reclamador.es\/blog\/wp-content\/uploads\/2025\/06\/2025-validez-del-pasaporte-espanol-y-renovacion.jpg?fit=1200%2C630&ssl=1&resize=350%2C200","width":350,"height":200,"srcset":"https:\/\/i0.wp.com\/www.reclamador.es\/blog\/wp-content\/uploads\/2025\/06\/2025-validez-del-pasaporte-espanol-y-renovacion.jpg?fit=1200%2C630&ssl=1&resize=350%2C200 1x, https:\/\/i0.wp.com\/www.reclamador.es\/blog\/wp-content\/uploads\/2025\/06\/2025-validez-del-pasaporte-espanol-y-renovacion.jpg?fit=1200%2C630&ssl=1&resize=525%2C300 1.5x, https:\/\/i0.wp.com\/www.reclamador.es\/blog\/wp-content\/uploads\/2025\/06\/2025-validez-del-pasaporte-espanol-y-renovacion.jpg?fit=1200%2C630&ssl=1&resize=700%2C400 2x, https:\/\/i0.wp.com\/www.reclamador.es\/blog\/wp-content\/uploads\/2025\/06\/2025-validez-del-pasaporte-espanol-y-renovacion.jpg?fit=1200%2C630&ssl=1&resize=1050%2C600 3x"},"classes":[]},{"id":26481,"url":"https:\/\/www.reclamador.es\/blog\/documentacion-viajar-reino-unido\/","url_meta":{"origin":28256,"position":4},"title":"2025: \u00bfQu\u00e9 documentaci\u00f3n es necesaria para viajar a Reino Unido desde Espa\u00f1a?","author":"Alicia Ria\u00f1o","date":"21 enero, 2025","format":false,"excerpt":"Muchos son los cambios que ha tra\u00eddo la salida de Reino Unido de la Uni\u00f3n Europea. Uno de ellos es la documentaci\u00f3n que ser\u00e1 necesaria para viajar a este territorio. Pues bien, el primer gran cambio importante se produjo en octubre de 2021, fecha a partir de la cual los\u2026","rel":"","context":"En \u00abConsejos legales\u00bb","block_context":{"text":"Consejos legales","link":"https:\/\/www.reclamador.es\/blog\/consejos\/"},"img":{"alt_text":"documentos para viajar a Reino Unido: pasaporte y ETA (autorizacion electronica de viaje) Espa\u00f1a","src":"https:\/\/i0.wp.com\/www.reclamador.es\/blog\/wp-content\/uploads\/2021\/02\/documentacion-necesaria-viajar-Reino-Unido-desde-Espan%CC%83a-1200x630-1.jpg?fit=1200%2C630&ssl=1&resize=350%2C200","width":350,"height":200,"srcset":"https:\/\/i0.wp.com\/www.reclamador.es\/blog\/wp-content\/uploads\/2021\/02\/documentacion-necesaria-viajar-Reino-Unido-desde-Espan%CC%83a-1200x630-1.jpg?fit=1200%2C630&ssl=1&resize=350%2C200 1x, https:\/\/i0.wp.com\/www.reclamador.es\/blog\/wp-content\/uploads\/2021\/02\/documentacion-necesaria-viajar-Reino-Unido-desde-Espan%CC%83a-1200x630-1.jpg?fit=1200%2C630&ssl=1&resize=525%2C300 1.5x, https:\/\/i0.wp.com\/www.reclamador.es\/blog\/wp-content\/uploads\/2021\/02\/documentacion-necesaria-viajar-Reino-Unido-desde-Espan%CC%83a-1200x630-1.jpg?fit=1200%2C630&ssl=1&resize=700%2C400 2x, https:\/\/i0.wp.com\/www.reclamador.es\/blog\/wp-content\/uploads\/2021\/02\/documentacion-necesaria-viajar-Reino-Unido-desde-Espan%CC%83a-1200x630-1.jpg?fit=1200%2C630&ssl=1&resize=1050%2C600 3x"},"classes":[]},{"id":21458,"url":"https:\/\/www.reclamador.es\/blog\/curiosidades-renovar-dni-pasaporte\/","url_meta":{"origin":28256,"position":5},"title":"Curiosidades sobre la renovaci\u00f3n del DNI y el pasaporte","author":"Alicia Ria\u00f1o","date":"14 enero, 2024","format":false,"excerpt":"Llegada la fecha de caducidad del DNI o el pasaporte, entre los interesados surgen algunas dudas acerca de la renovaci\u00f3n. Entre esas cuestiones nos encontramos, por ejemplo, cu\u00e1ntas fotograf\u00edas son necesarias, c\u00f3mo debe ser esta o qu\u00e9 documentaci\u00f3n hay que presentar a la hora de realizar la renovaci\u00f3n del DNI\u2026","rel":"","context":"En \u00abConsejos legales\u00bb","block_context":{"text":"Consejos legales","link":"https:\/\/www.reclamador.es\/blog\/consejos\/"},"img":{"alt_text":"renovar DNI y pasaporte","src":"https:\/\/i0.wp.com\/www.reclamador.es\/blog\/wp-content\/uploads\/2019\/03\/renovar-dni-pasaporte.jpg?fit=1200%2C800&ssl=1&resize=350%2C200","width":350,"height":200,"srcset":"https:\/\/i0.wp.com\/www.reclamador.es\/blog\/wp-content\/uploads\/2019\/03\/renovar-dni-pasaporte.jpg?fit=1200%2C800&ssl=1&resize=350%2C200 1x, https:\/\/i0.wp.com\/www.reclamador.es\/blog\/wp-content\/uploads\/2019\/03\/renovar-dni-pasaporte.jpg?fit=1200%2C800&ssl=1&resize=525%2C300 1.5x, https:\/\/i0.wp.com\/www.reclamador.es\/blog\/wp-content\/uploads\/2019\/03\/renovar-dni-pasaporte.jpg?fit=1200%2C800&ssl=1&resize=700%2C400 2x, https:\/\/i0.wp.com\/www.reclamador.es\/blog\/wp-content\/uploads\/2019\/03\/renovar-dni-pasaporte.jpg?fit=1200%2C800&ssl=1&resize=1050%2C600 3x"},"classes":[]}],"jetpack_sharing_enabled":true,"_links":{"self":[{"href":"https:\/\/www.reclamador.es\/blog\/wp-json\/wp\/v2\/posts\/28256","targetHints":{"allow":["GET"]}}],"collection":[{"href":"https:\/\/www.reclamador.es\/blog\/wp-json\/wp\/v2\/posts"}],"about":[{"href":"https:\/\/www.reclamador.es\/blog\/wp-json\/wp\/v2\/types\/post"}],"author":[{"embeddable":true,"href":"https:\/\/www.reclamador.es\/blog\/wp-json\/wp\/v2\/users\/1"}],"replies":[{"embeddable":true,"href":"https:\/\/www.reclamador.es\/blog\/wp-json\/wp\/v2\/comments?post=28256"}],"version-history":[{"count":15,"href":"https:\/\/www.reclamador.es\/blog\/wp-json\/wp\/v2\/posts\/28256\/revisions"}],"predecessor-version":[{"id":33016,"href":"https:\/\/www.reclamador.es\/blog\/wp-json\/wp\/v2\/posts\/28256\/revisions\/33016"}],"wp:featuredmedia":[{"embeddable":true,"href":"https:\/\/www.reclamador.es\/blog\/wp-json\/wp\/v2\/media\/28260"}],"wp:attachment":[{"href":"https:\/\/www.reclamador.es\/blog\/wp-json\/wp\/v2\/media?parent=28256"}],"wp:term":[{"taxonomy":"category","embeddable":true,"href":"https:\/\/www.reclamador.es\/blog\/wp-json\/wp\/v2\/categories?post=28256"},{"taxonomy":"post_tag","embeddable":true,"href":"https:\/\/www.reclamador.es\/blog\/wp-json\/wp\/v2\/tags?post=28256"}],"curies":[{"name":"wp","href":"https:\/\/api.w.org\/{rel}","templated":true}]}}