{"id":27632,"date":"2021-10-06T11:31:12","date_gmt":"2021-10-06T09:31:12","guid":{"rendered":"https:\/\/www.reclamador.es\/blog\/?p=27632"},"modified":"2024-09-09T11:30:39","modified_gmt":"2024-09-09T09:30:39","slug":"inconstitucional-parte-del-rd-clausulas-suelo","status":"publish","type":"post","link":"https:\/\/www.reclamador.es\/blog\/inconstitucional-parte-del-rd-clausulas-suelo\/","title":{"rendered":"Inconstitucional parte del RDL de medidas urgentes de protecci\u00f3n de consumidores de cl\u00e1usulas suelo"},"content":{"rendered":"<div class=\"ttr_start\"><\/div>\n\n<div class=\"kk-star-ratings kksr-auto kksr-align-right kksr-valign-top\"\n    data-payload='{&quot;align&quot;:&quot;right&quot;,&quot;id&quot;:&quot;27632&quot;,&quot;slug&quot;:&quot;default&quot;,&quot;valign&quot;:&quot;top&quot;,&quot;ignore&quot;:&quot;&quot;,&quot;reference&quot;:&quot;auto&quot;,&quot;class&quot;:&quot;&quot;,&quot;count&quot;:&quot;1&quot;,&quot;legendonly&quot;:&quot;&quot;,&quot;readonly&quot;:&quot;&quot;,&quot;score&quot;:&quot;5&quot;,&quot;starsonly&quot;:&quot;&quot;,&quot;best&quot;:&quot;5&quot;,&quot;gap&quot;:&quot;3&quot;,&quot;greet&quot;:&quot;Valora este art\u00edculo&quot;,&quot;legend&quot;:&quot;5\\\/5 - (1 voto)&quot;,&quot;size&quot;:&quot;20&quot;,&quot;title&quot;:&quot;Inconstitucional parte del RDL de medidas urgentes de protecci\u00f3n de consumidores de cl\u00e1usulas suelo&quot;,&quot;width&quot;:&quot;113.5&quot;,&quot;_legend&quot;:&quot;{score}\\\/{best} - ({count} {votes})&quot;,&quot;font_factor&quot;:&quot;1.25&quot;}'>\n            \n<div class=\"kksr-stars\">\n    \n<div class=\"kksr-stars-inactive\">\n            <div class=\"kksr-star\" data-star=\"1\" style=\"padding-right: 3px\">\n            \n\n<div class=\"kksr-icon\" style=\"width: 20px; height: 20px;\"><\/div>\n        <\/div>\n            <div class=\"kksr-star\" data-star=\"2\" style=\"padding-right: 3px\">\n            \n\n<div class=\"kksr-icon\" style=\"width: 20px; height: 20px;\"><\/div>\n        <\/div>\n            <div class=\"kksr-star\" data-star=\"3\" style=\"padding-right: 3px\">\n            \n\n<div class=\"kksr-icon\" style=\"width: 20px; height: 20px;\"><\/div>\n        <\/div>\n            <div class=\"kksr-star\" data-star=\"4\" style=\"padding-right: 3px\">\n            \n\n<div class=\"kksr-icon\" style=\"width: 20px; height: 20px;\"><\/div>\n        <\/div>\n            <div class=\"kksr-star\" data-star=\"5\" style=\"padding-right: 3px\">\n            \n\n<div class=\"kksr-icon\" style=\"width: 20px; height: 20px;\"><\/div>\n        <\/div>\n    <\/div>\n    \n<div class=\"kksr-stars-active\" style=\"width: 113.5px;\">\n            <div class=\"kksr-star\" style=\"padding-right: 3px\">\n            \n\n<div class=\"kksr-icon\" style=\"width: 20px; height: 20px;\"><\/div>\n        <\/div>\n            <div class=\"kksr-star\" style=\"padding-right: 3px\">\n            \n\n<div class=\"kksr-icon\" style=\"width: 20px; height: 20px;\"><\/div>\n        <\/div>\n            <div class=\"kksr-star\" style=\"padding-right: 3px\">\n            \n\n<div class=\"kksr-icon\" style=\"width: 20px; height: 20px;\"><\/div>\n        <\/div>\n            <div class=\"kksr-star\" style=\"padding-right: 3px\">\n            \n\n<div class=\"kksr-icon\" style=\"width: 20px; height: 20px;\"><\/div>\n        <\/div>\n            <div class=\"kksr-star\" style=\"padding-right: 3px\">\n            \n\n<div class=\"kksr-icon\" style=\"width: 20px; height: 20px;\"><\/div>\n        <\/div>\n    <\/div>\n<\/div>\n                \n\n<div class=\"kksr-legend\" style=\"font-size: 16px;\">\n            5\/5 - (1 voto)    <\/div>\n    <\/div>\n\n<figure id=\"attachment_32726\" aria-describedby=\"caption-attachment-32726\" style=\"width: 1198px\" class=\"wp-caption aligncenter\"><img data-recalc-dims=\"1\" loading=\"lazy\" decoding=\"async\" class=\"size-full wp-image-32726\" src=\"https:\/\/i0.wp.com\/www.reclamador.es\/blog\/wp-content\/uploads\/2021\/10\/real-decreto-clausula-suelo-inconstitucional.jpg?resize=1198%2C630&#038;ssl=1\" alt=\"RDL cl\u00e1usulas suelo - reclamador\" width=\"1198\" height=\"630\" srcset=\"https:\/\/i0.wp.com\/www.reclamador.es\/blog\/wp-content\/uploads\/2021\/10\/real-decreto-clausula-suelo-inconstitucional.jpg?w=1198&amp;ssl=1 1198w, https:\/\/i0.wp.com\/www.reclamador.es\/blog\/wp-content\/uploads\/2021\/10\/real-decreto-clausula-suelo-inconstitucional.jpg?resize=800%2C421&amp;ssl=1 800w, https:\/\/i0.wp.com\/www.reclamador.es\/blog\/wp-content\/uploads\/2021\/10\/real-decreto-clausula-suelo-inconstitucional.jpg?resize=150%2C79&amp;ssl=1 150w, https:\/\/i0.wp.com\/www.reclamador.es\/blog\/wp-content\/uploads\/2021\/10\/real-decreto-clausula-suelo-inconstitucional.jpg?resize=768%2C404&amp;ssl=1 768w\" sizes=\"auto, (max-width: 1000px) 100vw, 1000px\" \/><figcaption id=\"caption-attachment-32726\" class=\"wp-caption-text\"><em>An\u00e1lisis inconstitucionalidad cl\u00e1usulas suelo<\/em><\/figcaption><\/figure>\n<p>Importante noticia para los hipotecados en Espa\u00f1a. E<span style=\"font-weight: 400;\">l Tribunal Constitucional declara inconstitucional parte del real decreto ley de medidas urgentes de protecci\u00f3n de consumidores de cl\u00e1usulas suelo aprobado en enero de 2017.\u00a0<\/span><\/p>\n<p><span style=\"font-weight: 400;\">Este RD estableci\u00f3 las pautas para favorecer de manera extrajudicial la devoluci\u00f3n de las cantidades indebidamente pagadas por el consumidor con retroactividad total, como exigi\u00f3 en diciembre el Tribunal Superior de Justicia de la Uni\u00f3n Europea (TJUE). Algo que pretend\u00eda avanzar en las medidas dirigidas a la protecci\u00f3n a los consumidores, pero que transcurrido este tiempo desde que empez\u00f3 a aplicarse este real decreto ley, lo que de verdad se ha producido es un enmara\u00f1amiento a\u00fan peor de la situaci\u00f3n.<\/span><\/p>\n<h2><strong>\u00bfPor qu\u00e9 ha pasado esto?<\/strong><\/h2>\n<p><span style=\"font-weight: 400;\">El proceso no ha hecho sino enmara\u00f1arse, a\u00fan m\u00e1s, si cabe<\/span><span style=\"font-weight: 400;\"> debido al alto nivel de solicitudes rechazadas por los bancos, <\/span><span style=\"font-weight: 400;\">lo que constitu\u00eda por s\u00ed un elemento disuasorio para iniciar la v\u00eda judicial, la diferencia sustancial entre las cantidades que conced\u00eda el banco y las que reconoc\u00edan los Juzgados y, finalmente, lo que se conoce hoy como inconstitucional: el veto a las personas jur\u00eddicas (empresas y sociedades) para acudir a tal soluci\u00f3n y la alteraci\u00f3n del r\u00e9gimen de imposici\u00f3n de costas que establece nuestro Derecho Procesal, puesto que dicho RD exim\u00eda del pago de las costas cuando con anterioridad no se hab\u00eda reclamado la nulidad de la <a href=\"https:\/\/www.reclamador.es\/banco\/reclamacion-clausula-suelo\/\">cl\u00e1usula suelo<\/a> y la devoluci\u00f3n de las cantidades conforme a dicho Decreto.<\/span><\/p>\n<h2><strong>Cl\u00e1usulas suelo: valoraci\u00f3n de reclamador.es al fallo del Tribunal Constitucional<\/strong><\/h2>\n<p><span style=\"font-weight: 400;\">Pese a que este Fallo no viene sino a confirmar el sesgo probancario que revelaba el Real Decreto, en reclamador.es lamentamos que <\/span><span style=\"font-weight: 400;\">el Tribunal Constitucional resuelve tarde y mal, pues se produce m\u00e1s de cuatro a\u00f1os despu\u00e9s de que las empresas a las que se las hubiera impuesto las cl\u00e1usulas suelo sin que el pr\u00e9stamo estuviera vinculado a su actividad hubieran podido acudir a esta soluci\u00f3n extrajudicial. Esta situaci\u00f3n desincentiv\u00f3 a la gran mayor\u00eda de afectados para intentarlo en la v\u00eda judicial, pese a que el Supremo ya ha venido acogiendo su derecho a que se le devuelvan las cantidades indebidamente pagadas, como as\u00ed sucedi\u00f3 en una Sentencia de 10 de marzo de 2020 ganada por<\/span> <span style=\"font-weight: 400;\">reclamador.es.<\/span><span style=\"font-weight: 400;\">\u00a0<\/span><\/p>\n<p><span style=\"font-weight: 400;\">Adem\u00e1s, <strong>muchos consumidores han tenido que poner de su bolsillo el coste de su defensa <\/strong>como consecuencia del art\u00edculo que ahora parcialmente se declara tambi\u00e9n inconstitucional.<\/span><span style=\"font-weight: 400;\"> En relaci\u00f3n a las costas del procedimiento, el Tribunal Constitucional se\u00f1ala que <\/span><span style=\"font-weight: 400;\">quienes ya tengan Sentencia firme por la que no se condena en costas al Banco al no haber reclamado por este procedimiento seguir\u00e1n sin recuperar el dinero empleado en abogado y procurador en defenderse, a\u00fan teniendo raz\u00f3n.<\/span><\/p>\n<p><span style=\"font-weight: 400;\">Esto \u00faltimo, para reclamador.es, pese a que el Tribunal Constitucional justifica esa decisi\u00f3n en aras de los principios de cosa juzgada y seguridad jur\u00eddica, hace m\u00e1s evidente la necesidad de que la resoluci\u00f3n de estos asuntos sea r\u00e1pida a fin de evitar desigualdades entre unos reclamantes y otros s\u00f3lo por el paso del tiempo.<\/span><\/p>\n<h6 style=\"text-align: center;\"><strong>Te interesa: <a href=\"https:\/\/www.reclamador.es\/ayuda\/banco\/que-documentacion-necesito-para-reclamar-mi-clausula-suelo\/\">documentaci\u00f3n para reclamar cl\u00e1usulas suelo<\/a><\/strong><\/h6>\n<h2><strong>\u00bfNecesitas asesoramiento legal sobre cl\u00e1usulas suelo?\u00a0<\/strong><\/h2>\n<p>Si necesitas que un abogado experto en Derecho Bancario estudie tu caso y te informe sobre tus derechos y la viabilidad de tu reclamaci\u00f3n de cl\u00e1usula suelo, cons\u00faltanos.\u00a0<\/p>\n<p>En reclamador.es disponemos de un amplio equipo legal experto en reclamaciones bancarias. Rellena el formulario de nuestra web, sube la documentaci\u00f3n de la que dispongas (todo el proceso es 100% online) y estudiaremos la viabilidad de tu reclamaci\u00f3n de cl\u00e1usula suelo.<\/p>\n<h2 style=\"text-align: center;\"><strong><a class=\"button-lead\" href=\"https:\/\/www.reclamador.es\/banco\/reclamacion-clausula-suelo\/formulario\/\" rel=\"nofollow noopener\">Inicia tu reclamaci\u00f3n de cl\u00e1usula suelo<\/a><\/strong><\/h2>\n<p>Comparte este an\u00e1lisis sobre el fallo del Constitucional.<\/p>\n<div class=\"ttr_end\"><\/div>","protected":false},"excerpt":{"rendered":"<p>Importante noticia para los hipotecados en Espa\u00f1a. El Tribunal Constitucional declara inconstitucional parte del real decreto ley de medidas urgentes de protecci\u00f3n de consumidores de cl\u00e1usulas suelo aprobado en enero de 2017.\u00a0 Este RD estableci\u00f3 las pautas para favorecer de manera extrajudicial la devoluci\u00f3n de las cantidades indebidamente pagadas por el consumidor con retroactividad total, [&hellip;]<\/p>\n","protected":false},"author":1,"featured_media":32726,"comment_status":"open","ping_status":"open","sticky":false,"template":"","format":"standard","meta":{"_acf_changed":false,"_genesis_hide_title":false,"_genesis_hide_breadcrumbs":false,"_genesis_hide_singular_image":false,"_genesis_hide_footer_widgets":false,"_genesis_custom_body_class":"","_genesis_custom_post_class":"","_genesis_layout":"","_jetpack_newsletter_access":"","_jetpack_dont_email_post_to_subs":false,"_jetpack_newsletter_tier_id":0,"_jetpack_memberships_contains_paywalled_content":false,"_jetpack_memberships_contains_paid_content":false,"footnotes":""},"categories":[392],"tags":[278,97],"class_list":{"0":"post-27632","1":"post","2":"type-post","3":"status-publish","4":"format-standard","5":"has-post-thumbnail","7":"category-noticias","8":"tag-banca","9":"tag-clausula-suelo","10":"entry"},"acf":[],"yoast_head":"<!-- This site is optimized with the Yoast SEO plugin v27.4 - https:\/\/yoast.com\/product\/yoast-seo-wordpress\/ -->\n<title>\u00daltimas noticias cl\u00e1usulas suelo: parte del RD inconstitucional<\/title>\n<meta name=\"description\" content=\"El Constitucional espa\u00f1ol declara nulo parte del Real Decreto Ley sobre cl\u00e1usulas suelo aprobado en 2017. An\u00e1lisis de reclamador.es.\" \/>\n<meta name=\"robots\" content=\"index, follow, max-snippet:-1, max-image-preview:large, max-video-preview:-1\" \/>\n<link rel=\"canonical\" href=\"https:\/\/www.reclamador.es\/blog\/inconstitucional-parte-del-rd-clausulas-suelo\/\" \/>\n<meta property=\"og:locale\" content=\"es_ES\" \/>\n<meta property=\"og:type\" content=\"article\" \/>\n<meta property=\"og:title\" content=\"\u00daltimas noticias cl\u00e1usulas suelo: parte del RD inconstitucional\" \/>\n<meta property=\"og:description\" content=\"El Constitucional espa\u00f1ol declara nulo parte del Real Decreto Ley sobre cl\u00e1usulas suelo aprobado en 2017. An\u00e1lisis de reclamador.es.\" \/>\n<meta property=\"og:url\" content=\"https:\/\/www.reclamador.es\/blog\/inconstitucional-parte-del-rd-clausulas-suelo\/\" \/>\n<meta property=\"og:site_name\" content=\"Rebeldes con causa, el blog de reclamador.es\" \/>\n<meta property=\"article:publisher\" content=\"https:\/\/www.facebook.com\/reclamador.es\" \/>\n<meta property=\"article:published_time\" content=\"2021-10-06T09:31:12+00:00\" \/>\n<meta property=\"article:modified_time\" content=\"2024-09-09T09:30:39+00:00\" \/>\n<meta property=\"og:image\" content=\"https:\/\/www.reclamador.es\/blog\/wp-content\/uploads\/2021\/10\/real-decreto-clausula-suelo-inconstitucional.jpg\" \/>\n\t<meta property=\"og:image:width\" content=\"1198\" \/>\n\t<meta property=\"og:image:height\" content=\"630\" \/>\n\t<meta property=\"og:image:type\" content=\"image\/jpeg\" \/>\n<meta name=\"author\" content=\"Equipo reclamador\" \/>\n<meta name=\"twitter:card\" content=\"summary_large_image\" \/>\n<meta name=\"twitter:creator\" content=\"@reclamador\" \/>\n<meta name=\"twitter:site\" content=\"@reclamador\" \/>\n<meta name=\"twitter:label1\" content=\"Escrito por\" \/>\n\t<meta name=\"twitter:data1\" content=\"Equipo reclamador\" \/>\n\t<meta name=\"twitter:label2\" content=\"Tiempo de lectura\" \/>\n\t<meta name=\"twitter:data2\" content=\"4 minutos\" \/>\n<script type=\"application\/ld+json\" class=\"yoast-schema-graph\">{\"@context\":\"https:\\\/\\\/schema.org\",\"@graph\":[{\"@type\":\"Article\",\"@id\":\"https:\\\/\\\/www.reclamador.es\\\/blog\\\/inconstitucional-parte-del-rd-clausulas-suelo\\\/#article\",\"isPartOf\":{\"@id\":\"https:\\\/\\\/www.reclamador.es\\\/blog\\\/inconstitucional-parte-del-rd-clausulas-suelo\\\/\"},\"author\":{\"name\":\"Equipo reclamador\",\"@id\":\"https:\\\/\\\/www.reclamador.es\\\/blog\\\/#\\\/schema\\\/person\\\/1ed83eef8b6566cb5e4c812d9bc5c4bf\"},\"headline\":\"Inconstitucional parte del RDL de medidas urgentes de protecci\u00f3n de consumidores de cl\u00e1usulas suelo\",\"datePublished\":\"2021-10-06T09:31:12+00:00\",\"dateModified\":\"2024-09-09T09:30:39+00:00\",\"mainEntityOfPage\":{\"@id\":\"https:\\\/\\\/www.reclamador.es\\\/blog\\\/inconstitucional-parte-del-rd-clausulas-suelo\\\/\"},\"wordCount\":682,\"commentCount\":0,\"publisher\":{\"@id\":\"https:\\\/\\\/www.reclamador.es\\\/blog\\\/#organization\"},\"image\":{\"@id\":\"https:\\\/\\\/www.reclamador.es\\\/blog\\\/inconstitucional-parte-del-rd-clausulas-suelo\\\/#primaryimage\"},\"thumbnailUrl\":\"https:\\\/\\\/i0.wp.com\\\/www.reclamador.es\\\/blog\\\/wp-content\\\/uploads\\\/2021\\\/10\\\/real-decreto-clausula-suelo-inconstitucional.jpg?fit=1198%2C630&ssl=1\",\"keywords\":[\"banca\",\"clausula suelo\"],\"articleSection\":[\"Noticias y actualidad\"],\"inLanguage\":\"es\",\"potentialAction\":[{\"@type\":\"CommentAction\",\"name\":\"Comment\",\"target\":[\"https:\\\/\\\/www.reclamador.es\\\/blog\\\/inconstitucional-parte-del-rd-clausulas-suelo\\\/#respond\"]}]},{\"@type\":\"WebPage\",\"@id\":\"https:\\\/\\\/www.reclamador.es\\\/blog\\\/inconstitucional-parte-del-rd-clausulas-suelo\\\/\",\"url\":\"https:\\\/\\\/www.reclamador.es\\\/blog\\\/inconstitucional-parte-del-rd-clausulas-suelo\\\/\",\"name\":\"\u00daltimas noticias cl\u00e1usulas suelo: parte del RD inconstitucional\",\"isPartOf\":{\"@id\":\"https:\\\/\\\/www.reclamador.es\\\/blog\\\/#website\"},\"primaryImageOfPage\":{\"@id\":\"https:\\\/\\\/www.reclamador.es\\\/blog\\\/inconstitucional-parte-del-rd-clausulas-suelo\\\/#primaryimage\"},\"image\":{\"@id\":\"https:\\\/\\\/www.reclamador.es\\\/blog\\\/inconstitucional-parte-del-rd-clausulas-suelo\\\/#primaryimage\"},\"thumbnailUrl\":\"https:\\\/\\\/i0.wp.com\\\/www.reclamador.es\\\/blog\\\/wp-content\\\/uploads\\\/2021\\\/10\\\/real-decreto-clausula-suelo-inconstitucional.jpg?fit=1198%2C630&ssl=1\",\"datePublished\":\"2021-10-06T09:31:12+00:00\",\"dateModified\":\"2024-09-09T09:30:39+00:00\",\"description\":\"El Constitucional espa\u00f1ol declara nulo parte del Real Decreto Ley sobre cl\u00e1usulas suelo aprobado en 2017. An\u00e1lisis de reclamador.es.\",\"breadcrumb\":{\"@id\":\"https:\\\/\\\/www.reclamador.es\\\/blog\\\/inconstitucional-parte-del-rd-clausulas-suelo\\\/#breadcrumb\"},\"inLanguage\":\"es\",\"potentialAction\":[{\"@type\":\"ReadAction\",\"target\":[\"https:\\\/\\\/www.reclamador.es\\\/blog\\\/inconstitucional-parte-del-rd-clausulas-suelo\\\/\"]}]},{\"@type\":\"ImageObject\",\"inLanguage\":\"es\",\"@id\":\"https:\\\/\\\/www.reclamador.es\\\/blog\\\/inconstitucional-parte-del-rd-clausulas-suelo\\\/#primaryimage\",\"url\":\"https:\\\/\\\/i0.wp.com\\\/www.reclamador.es\\\/blog\\\/wp-content\\\/uploads\\\/2021\\\/10\\\/real-decreto-clausula-suelo-inconstitucional.jpg?fit=1198%2C630&ssl=1\",\"contentUrl\":\"https:\\\/\\\/i0.wp.com\\\/www.reclamador.es\\\/blog\\\/wp-content\\\/uploads\\\/2021\\\/10\\\/real-decreto-clausula-suelo-inconstitucional.jpg?fit=1198%2C630&ssl=1\",\"width\":1198,\"height\":630,\"caption\":\"An\u00e1lisis inconstitucionalidad cl\u00e1usulas suelo\"},{\"@type\":\"BreadcrumbList\",\"@id\":\"https:\\\/\\\/www.reclamador.es\\\/blog\\\/inconstitucional-parte-del-rd-clausulas-suelo\\\/#breadcrumb\",\"itemListElement\":[{\"@type\":\"ListItem\",\"position\":1,\"name\":\"Portada\",\"item\":\"https:\\\/\\\/www.reclamador.es\\\/blog\\\/\"},{\"@type\":\"ListItem\",\"position\":2,\"name\":\"Inconstitucional parte del RDL de medidas urgentes de protecci\u00f3n de consumidores de cl\u00e1usulas suelo\"}]},{\"@type\":\"WebSite\",\"@id\":\"https:\\\/\\\/www.reclamador.es\\\/blog\\\/#website\",\"url\":\"https:\\\/\\\/www.reclamador.es\\\/blog\\\/\",\"name\":\"Rebeldes con causa, el blog de reclamador.es\",\"description\":\"Noticias, entrevistas y consejos sobre reclamaciones\",\"publisher\":{\"@id\":\"https:\\\/\\\/www.reclamador.es\\\/blog\\\/#organization\"},\"potentialAction\":[{\"@type\":\"SearchAction\",\"target\":{\"@type\":\"EntryPoint\",\"urlTemplate\":\"https:\\\/\\\/www.reclamador.es\\\/blog\\\/?s={search_term_string}\"},\"query-input\":{\"@type\":\"PropertyValueSpecification\",\"valueRequired\":true,\"valueName\":\"search_term_string\"}}],\"inLanguage\":\"es\"},{\"@type\":\"Organization\",\"@id\":\"https:\\\/\\\/www.reclamador.es\\\/blog\\\/#organization\",\"name\":\"reclamador.es\",\"url\":\"https:\\\/\\\/www.reclamador.es\\\/blog\\\/\",\"logo\":{\"@type\":\"ImageObject\",\"inLanguage\":\"es\",\"@id\":\"https:\\\/\\\/www.reclamador.es\\\/blog\\\/#\\\/schema\\\/logo\\\/image\\\/\",\"url\":\"https:\\\/\\\/i0.wp.com\\\/www.reclamador.es\\\/blog\\\/wp-content\\\/uploads\\\/2020\\\/01\\\/logo-reclamador.png?fit=1200%2C144&ssl=1\",\"contentUrl\":\"https:\\\/\\\/i0.wp.com\\\/www.reclamador.es\\\/blog\\\/wp-content\\\/uploads\\\/2020\\\/01\\\/logo-reclamador.png?fit=1200%2C144&ssl=1\",\"width\":1200,\"height\":144,\"caption\":\"reclamador.es\"},\"image\":{\"@id\":\"https:\\\/\\\/www.reclamador.es\\\/blog\\\/#\\\/schema\\\/logo\\\/image\\\/\"},\"sameAs\":[\"https:\\\/\\\/www.facebook.com\\\/reclamador.es\",\"https:\\\/\\\/x.com\\\/reclamador\",\"https:\\\/\\\/www.instagram.com\\\/reclamador.es\\\/\",\"https:\\\/\\\/www.linkedin.com\\\/company\\\/reclamador-es\",\"https:\\\/\\\/www.youtube.com\\\/user\\\/Reclamadores\"]},{\"@type\":\"Person\",\"@id\":\"https:\\\/\\\/www.reclamador.es\\\/blog\\\/#\\\/schema\\\/person\\\/1ed83eef8b6566cb5e4c812d9bc5c4bf\",\"name\":\"Equipo reclamador\",\"image\":{\"@type\":\"ImageObject\",\"inLanguage\":\"es\",\"@id\":\"https:\\\/\\\/secure.gravatar.com\\\/avatar\\\/6442ecdc2c4472c600c113f34d340feca47107d6aa4f42f1e3e75a2a8e28a760?s=96&d=mm&r=g\",\"url\":\"https:\\\/\\\/secure.gravatar.com\\\/avatar\\\/6442ecdc2c4472c600c113f34d340feca47107d6aa4f42f1e3e75a2a8e28a760?s=96&d=mm&r=g\",\"contentUrl\":\"https:\\\/\\\/secure.gravatar.com\\\/avatar\\\/6442ecdc2c4472c600c113f34d340feca47107d6aa4f42f1e3e75a2a8e28a760?s=96&d=mm&r=g\",\"caption\":\"Equipo reclamador\"},\"description\":\"Las personas que hacen posible reclamador.es\",\"url\":\"https:\\\/\\\/www.reclamador.es\\\/blog\\\/author\\\/administrador\\\/\"}]}<\/script>\n<!-- \/ Yoast SEO plugin. -->","yoast_head_json":{"title":"\u00daltimas noticias cl\u00e1usulas suelo: parte del RD inconstitucional","description":"El Constitucional espa\u00f1ol declara nulo parte del Real Decreto Ley sobre cl\u00e1usulas suelo aprobado en 2017. An\u00e1lisis de reclamador.es.","robots":{"index":"index","follow":"follow","max-snippet":"max-snippet:-1","max-image-preview":"max-image-preview:large","max-video-preview":"max-video-preview:-1"},"canonical":"https:\/\/www.reclamador.es\/blog\/inconstitucional-parte-del-rd-clausulas-suelo\/","og_locale":"es_ES","og_type":"article","og_title":"\u00daltimas noticias cl\u00e1usulas suelo: parte del RD inconstitucional","og_description":"El Constitucional espa\u00f1ol declara nulo parte del Real Decreto Ley sobre cl\u00e1usulas suelo aprobado en 2017. An\u00e1lisis de reclamador.es.","og_url":"https:\/\/www.reclamador.es\/blog\/inconstitucional-parte-del-rd-clausulas-suelo\/","og_site_name":"Rebeldes con causa, el blog de reclamador.es","article_publisher":"https:\/\/www.facebook.com\/reclamador.es","article_published_time":"2021-10-06T09:31:12+00:00","article_modified_time":"2024-09-09T09:30:39+00:00","og_image":[{"width":1198,"height":630,"url":"https:\/\/www.reclamador.es\/blog\/wp-content\/uploads\/2021\/10\/real-decreto-clausula-suelo-inconstitucional.jpg","type":"image\/jpeg"}],"author":"Equipo reclamador","twitter_card":"summary_large_image","twitter_creator":"@reclamador","twitter_site":"@reclamador","twitter_misc":{"Escrito por":"Equipo reclamador","Tiempo de lectura":"4 minutos"},"schema":{"@context":"https:\/\/schema.org","@graph":[{"@type":"Article","@id":"https:\/\/www.reclamador.es\/blog\/inconstitucional-parte-del-rd-clausulas-suelo\/#article","isPartOf":{"@id":"https:\/\/www.reclamador.es\/blog\/inconstitucional-parte-del-rd-clausulas-suelo\/"},"author":{"name":"Equipo reclamador","@id":"https:\/\/www.reclamador.es\/blog\/#\/schema\/person\/1ed83eef8b6566cb5e4c812d9bc5c4bf"},"headline":"Inconstitucional parte del RDL de medidas urgentes de protecci\u00f3n de consumidores de cl\u00e1usulas suelo","datePublished":"2021-10-06T09:31:12+00:00","dateModified":"2024-09-09T09:30:39+00:00","mainEntityOfPage":{"@id":"https:\/\/www.reclamador.es\/blog\/inconstitucional-parte-del-rd-clausulas-suelo\/"},"wordCount":682,"commentCount":0,"publisher":{"@id":"https:\/\/www.reclamador.es\/blog\/#organization"},"image":{"@id":"https:\/\/www.reclamador.es\/blog\/inconstitucional-parte-del-rd-clausulas-suelo\/#primaryimage"},"thumbnailUrl":"https:\/\/i0.wp.com\/www.reclamador.es\/blog\/wp-content\/uploads\/2021\/10\/real-decreto-clausula-suelo-inconstitucional.jpg?fit=1198%2C630&ssl=1","keywords":["banca","clausula suelo"],"articleSection":["Noticias y actualidad"],"inLanguage":"es","potentialAction":[{"@type":"CommentAction","name":"Comment","target":["https:\/\/www.reclamador.es\/blog\/inconstitucional-parte-del-rd-clausulas-suelo\/#respond"]}]},{"@type":"WebPage","@id":"https:\/\/www.reclamador.es\/blog\/inconstitucional-parte-del-rd-clausulas-suelo\/","url":"https:\/\/www.reclamador.es\/blog\/inconstitucional-parte-del-rd-clausulas-suelo\/","name":"\u00daltimas noticias cl\u00e1usulas suelo: parte del RD inconstitucional","isPartOf":{"@id":"https:\/\/www.reclamador.es\/blog\/#website"},"primaryImageOfPage":{"@id":"https:\/\/www.reclamador.es\/blog\/inconstitucional-parte-del-rd-clausulas-suelo\/#primaryimage"},"image":{"@id":"https:\/\/www.reclamador.es\/blog\/inconstitucional-parte-del-rd-clausulas-suelo\/#primaryimage"},"thumbnailUrl":"https:\/\/i0.wp.com\/www.reclamador.es\/blog\/wp-content\/uploads\/2021\/10\/real-decreto-clausula-suelo-inconstitucional.jpg?fit=1198%2C630&ssl=1","datePublished":"2021-10-06T09:31:12+00:00","dateModified":"2024-09-09T09:30:39+00:00","description":"El Constitucional espa\u00f1ol declara nulo parte del Real Decreto Ley sobre cl\u00e1usulas suelo aprobado en 2017. An\u00e1lisis de reclamador.es.","breadcrumb":{"@id":"https:\/\/www.reclamador.es\/blog\/inconstitucional-parte-del-rd-clausulas-suelo\/#breadcrumb"},"inLanguage":"es","potentialAction":[{"@type":"ReadAction","target":["https:\/\/www.reclamador.es\/blog\/inconstitucional-parte-del-rd-clausulas-suelo\/"]}]},{"@type":"ImageObject","inLanguage":"es","@id":"https:\/\/www.reclamador.es\/blog\/inconstitucional-parte-del-rd-clausulas-suelo\/#primaryimage","url":"https:\/\/i0.wp.com\/www.reclamador.es\/blog\/wp-content\/uploads\/2021\/10\/real-decreto-clausula-suelo-inconstitucional.jpg?fit=1198%2C630&ssl=1","contentUrl":"https:\/\/i0.wp.com\/www.reclamador.es\/blog\/wp-content\/uploads\/2021\/10\/real-decreto-clausula-suelo-inconstitucional.jpg?fit=1198%2C630&ssl=1","width":1198,"height":630,"caption":"An\u00e1lisis inconstitucionalidad cl\u00e1usulas suelo"},{"@type":"BreadcrumbList","@id":"https:\/\/www.reclamador.es\/blog\/inconstitucional-parte-del-rd-clausulas-suelo\/#breadcrumb","itemListElement":[{"@type":"ListItem","position":1,"name":"Portada","item":"https:\/\/www.reclamador.es\/blog\/"},{"@type":"ListItem","position":2,"name":"Inconstitucional parte del RDL de medidas urgentes de protecci\u00f3n de consumidores de cl\u00e1usulas suelo"}]},{"@type":"WebSite","@id":"https:\/\/www.reclamador.es\/blog\/#website","url":"https:\/\/www.reclamador.es\/blog\/","name":"Rebeldes con causa, el blog de reclamador.es","description":"Noticias, entrevistas y consejos sobre reclamaciones","publisher":{"@id":"https:\/\/www.reclamador.es\/blog\/#organization"},"potentialAction":[{"@type":"SearchAction","target":{"@type":"EntryPoint","urlTemplate":"https:\/\/www.reclamador.es\/blog\/?s={search_term_string}"},"query-input":{"@type":"PropertyValueSpecification","valueRequired":true,"valueName":"search_term_string"}}],"inLanguage":"es"},{"@type":"Organization","@id":"https:\/\/www.reclamador.es\/blog\/#organization","name":"reclamador.es","url":"https:\/\/www.reclamador.es\/blog\/","logo":{"@type":"ImageObject","inLanguage":"es","@id":"https:\/\/www.reclamador.es\/blog\/#\/schema\/logo\/image\/","url":"https:\/\/i0.wp.com\/www.reclamador.es\/blog\/wp-content\/uploads\/2020\/01\/logo-reclamador.png?fit=1200%2C144&ssl=1","contentUrl":"https:\/\/i0.wp.com\/www.reclamador.es\/blog\/wp-content\/uploads\/2020\/01\/logo-reclamador.png?fit=1200%2C144&ssl=1","width":1200,"height":144,"caption":"reclamador.es"},"image":{"@id":"https:\/\/www.reclamador.es\/blog\/#\/schema\/logo\/image\/"},"sameAs":["https:\/\/www.facebook.com\/reclamador.es","https:\/\/x.com\/reclamador","https:\/\/www.instagram.com\/reclamador.es\/","https:\/\/www.linkedin.com\/company\/reclamador-es","https:\/\/www.youtube.com\/user\/Reclamadores"]},{"@type":"Person","@id":"https:\/\/www.reclamador.es\/blog\/#\/schema\/person\/1ed83eef8b6566cb5e4c812d9bc5c4bf","name":"Equipo reclamador","image":{"@type":"ImageObject","inLanguage":"es","@id":"https:\/\/secure.gravatar.com\/avatar\/6442ecdc2c4472c600c113f34d340feca47107d6aa4f42f1e3e75a2a8e28a760?s=96&d=mm&r=g","url":"https:\/\/secure.gravatar.com\/avatar\/6442ecdc2c4472c600c113f34d340feca47107d6aa4f42f1e3e75a2a8e28a760?s=96&d=mm&r=g","contentUrl":"https:\/\/secure.gravatar.com\/avatar\/6442ecdc2c4472c600c113f34d340feca47107d6aa4f42f1e3e75a2a8e28a760?s=96&d=mm&r=g","caption":"Equipo reclamador"},"description":"Las personas que hacen posible reclamador.es","url":"https:\/\/www.reclamador.es\/blog\/author\/administrador\/"}]}},"jetpack_featured_media_url":"https:\/\/i0.wp.com\/www.reclamador.es\/blog\/wp-content\/uploads\/2021\/10\/real-decreto-clausula-suelo-inconstitucional.jpg?fit=1198%2C630&ssl=1","jetpack-related-posts":[{"id":25231,"url":"https:\/\/www.reclamador.es\/blog\/clausula-suelo-empresas-autonomos-sentencia-tribunal-supremo\/","url_meta":{"origin":27632,"position":0},"title":"Aut\u00f3nomos y profesionales con cl\u00e1usula suelo en hipotecas: novedades del Tribunal Supremo","author":"Equipo reclamador","date":"12 mayo, 2020","format":false,"excerpt":"Hasta ahora, los considerados \u201cno consumidores\u201d, es decir, aut\u00f3nomos, empresas y profesionales que en sus pr\u00e9stamos hipotecarios contaban con la famosa cl\u00e1usula suelo, no ten\u00edan nada f\u00e1cil reclamar y recuperar el dinero que pagaban de m\u00e1s por este abuso bancario. Pero esto ha cambiado recientemente. La Sentencia 168\/2020 dictada por\u2026","rel":"","context":"En \u00abNoticias y actualidad\u00bb","block_context":{"text":"Noticias y actualidad","link":"https:\/\/www.reclamador.es\/blog\/noticias\/"},"img":{"alt_text":"sentencia reclamaciones cl\u00e1usula suelo aut\u00f3nomos y empresas","src":"https:\/\/i0.wp.com\/www.reclamador.es\/blog\/wp-content\/uploads\/2020\/05\/clausula-suelo-autonomos.jpg?fit=1200%2C630&ssl=1&resize=350%2C200","width":350,"height":200,"srcset":"https:\/\/i0.wp.com\/www.reclamador.es\/blog\/wp-content\/uploads\/2020\/05\/clausula-suelo-autonomos.jpg?fit=1200%2C630&ssl=1&resize=350%2C200 1x, https:\/\/i0.wp.com\/www.reclamador.es\/blog\/wp-content\/uploads\/2020\/05\/clausula-suelo-autonomos.jpg?fit=1200%2C630&ssl=1&resize=525%2C300 1.5x, https:\/\/i0.wp.com\/www.reclamador.es\/blog\/wp-content\/uploads\/2020\/05\/clausula-suelo-autonomos.jpg?fit=1200%2C630&ssl=1&resize=700%2C400 2x, https:\/\/i0.wp.com\/www.reclamador.es\/blog\/wp-content\/uploads\/2020\/05\/clausula-suelo-autonomos.jpg?fit=1200%2C630&ssl=1&resize=1050%2C600 3x"},"classes":[]},{"id":25766,"url":"https:\/\/www.reclamador.es\/blog\/sentencia-europa-novaciones-clausula-suelo\/","url_meta":{"origin":27632,"position":1},"title":"Acuerdos por cl\u00e1usula suelo: sentencia de Europa favorable a los consumidores","author":"Equipo reclamador","date":"13 julio, 2020","format":false,"excerpt":"Europa vuelve a dar la raz\u00f3n a los hipotecados espa\u00f1oles. En esta ocasi\u00f3n lo que se juzgaba en el TJUE era la validez de los acuerdos banco-cliente por cl\u00e1usula suelo. Unos acuerdos firmados para suprimir de los pr\u00e9stamos hipotecarios la cl\u00e1usula suelo, pero que, en un gran porcentaje de los\u2026","rel":"","context":"En \u00abNoticias y actualidad\u00bb","block_context":{"text":"Noticias y actualidad","link":"https:\/\/www.reclamador.es\/blog\/noticias\/"},"img":{"alt_text":"analisis sentencia europa novaciones clausula suelo","src":"https:\/\/i0.wp.com\/www.reclamador.es\/blog\/wp-content\/uploads\/2020\/07\/sentencia-europa-novaciones-reclamar-clausula-suelo_destacada.jpg?fit=800%2C419&ssl=1&resize=350%2C200","width":350,"height":200,"srcset":"https:\/\/i0.wp.com\/www.reclamador.es\/blog\/wp-content\/uploads\/2020\/07\/sentencia-europa-novaciones-reclamar-clausula-suelo_destacada.jpg?fit=800%2C419&ssl=1&resize=350%2C200 1x, https:\/\/i0.wp.com\/www.reclamador.es\/blog\/wp-content\/uploads\/2020\/07\/sentencia-europa-novaciones-reclamar-clausula-suelo_destacada.jpg?fit=800%2C419&ssl=1&resize=525%2C300 1.5x, https:\/\/i0.wp.com\/www.reclamador.es\/blog\/wp-content\/uploads\/2020\/07\/sentencia-europa-novaciones-reclamar-clausula-suelo_destacada.jpg?fit=800%2C419&ssl=1&resize=700%2C400 2x"},"classes":[]},{"id":26564,"url":"https:\/\/www.reclamador.es\/blog\/novaciones-clausula-suelo-tjue-confirma-nulidad\/","url_meta":{"origin":27632,"position":2},"title":"Novaciones cl\u00e1usula suelo: El TJUE confirma la nulidad de estos acuerdos","author":"Almudena Vel\u00e1zquez","date":"5 marzo, 2021","format":false,"excerpt":"Nuevo pronunciamiento del Tribunal de Justicia de la Uni\u00f3n Europea que afecta a los intereses de los hipotecados en Espa\u00f1a. En esta ocasi\u00f3n, sobre los acuerdos entre banco y cliente para quitar la cl\u00e1usula suelo de la hipoteca. El TJUE resuelve la cuesti\u00f3n prejudicial formulada por la Audiencia Provincial de\u2026","rel":"","context":"En \u00abNoticias y actualidad\u00bb","block_context":{"text":"Noticias y actualidad","link":"https:\/\/www.reclamador.es\/blog\/noticias\/"},"img":{"alt_text":"novaciones clausula suelo tjue","src":"https:\/\/i0.wp.com\/www.reclamador.es\/blog\/wp-content\/uploads\/2021\/03\/novaciones-clausula-suelo-tjue.jpg?fit=1200%2C800&ssl=1&resize=350%2C200","width":350,"height":200,"srcset":"https:\/\/i0.wp.com\/www.reclamador.es\/blog\/wp-content\/uploads\/2021\/03\/novaciones-clausula-suelo-tjue.jpg?fit=1200%2C800&ssl=1&resize=350%2C200 1x, https:\/\/i0.wp.com\/www.reclamador.es\/blog\/wp-content\/uploads\/2021\/03\/novaciones-clausula-suelo-tjue.jpg?fit=1200%2C800&ssl=1&resize=525%2C300 1.5x, https:\/\/i0.wp.com\/www.reclamador.es\/blog\/wp-content\/uploads\/2021\/03\/novaciones-clausula-suelo-tjue.jpg?fit=1200%2C800&ssl=1&resize=700%2C400 2x, https:\/\/i0.wp.com\/www.reclamador.es\/blog\/wp-content\/uploads\/2021\/03\/novaciones-clausula-suelo-tjue.jpg?fit=1200%2C800&ssl=1&resize=1050%2C600 3x"},"classes":[]},{"id":6056,"url":"https:\/\/www.reclamador.es\/blog\/tribunal-supremo-impone-retroactividad-total-clausulas-suelo\/","url_meta":{"origin":27632,"position":3},"title":"El Tribunal Supremo tambi\u00e9n impone la retroactividad total en cl\u00e1usulas suelo","author":"Equipo reclamador","date":"15 febrero, 2017","format":false,"excerpt":"Otra vez, la justicia del lado de los consumidores (hipotecados) en Espa\u00f1a. De nuevo la justicia confirma la retroactividad total para los afectados por la cl\u00e1usula suelo (devoluci\u00f3n de todas las cantidades desde la firma de la hipoteca). Esta vez, el Tribunal Supremo ha asumido hoy la sentencia del Tribunal\u2026","rel":"","context":"En \u00abNoticias y actualidad\u00bb","block_context":{"text":"Noticias y actualidad","link":"https:\/\/www.reclamador.es\/blog\/noticias\/"},"img":{"alt_text":"\u00faltimas noticias sentencias Tribunal Supremo cl\u00e1usula suelo","src":"https:\/\/i0.wp.com\/www.reclamador.es\/blog\/wp-content\/uploads\/2016\/11\/oqmzwnd3thu-helloquence-min.jpg?fit=1200%2C801&ssl=1&resize=350%2C200","width":350,"height":200,"srcset":"https:\/\/i0.wp.com\/www.reclamador.es\/blog\/wp-content\/uploads\/2016\/11\/oqmzwnd3thu-helloquence-min.jpg?fit=1200%2C801&ssl=1&resize=350%2C200 1x, https:\/\/i0.wp.com\/www.reclamador.es\/blog\/wp-content\/uploads\/2016\/11\/oqmzwnd3thu-helloquence-min.jpg?fit=1200%2C801&ssl=1&resize=525%2C300 1.5x, https:\/\/i0.wp.com\/www.reclamador.es\/blog\/wp-content\/uploads\/2016\/11\/oqmzwnd3thu-helloquence-min.jpg?fit=1200%2C801&ssl=1&resize=700%2C400 2x, https:\/\/i0.wp.com\/www.reclamador.es\/blog\/wp-content\/uploads\/2016\/11\/oqmzwnd3thu-helloquence-min.jpg?fit=1200%2C801&ssl=1&resize=1050%2C600 3x"},"classes":[]},{"id":24246,"url":"https:\/\/www.reclamador.es\/blog\/informe-abogado-general-ue-acuerdos-por-clausula-suelo\/","url_meta":{"origin":27632,"position":4},"title":"Abogado General UE: \u00bfson v\u00e1lidos los acuerdos banco-cliente por cl\u00e1usula suelo?","author":"Almudena Vel\u00e1zquez","date":"6 febrero, 2020","format":false,"excerpt":"El pasado 30 de enero, el Abogado General de la Uni\u00f3n Europea daba a conocer su informe con las conclusiones en relaci\u00f3n a la validez de los acuerdos por cl\u00e1usula suelo entre banco y cliente. Unos acuerdos que, en no pocos casos, ofrec\u00eda a los hipotecados el mero hecho de\u2026","rel":"","context":"En \u00abNoticias y actualidad\u00bb","block_context":{"text":"Noticias y actualidad","link":"https:\/\/www.reclamador.es\/blog\/noticias\/"},"img":{"alt_text":"","src":"https:\/\/i0.wp.com\/www.reclamador.es\/blog\/wp-content\/uploads\/2020\/02\/informe-tjue-clausula-suelo_destacada.jpg?fit=800%2C419&ssl=1&resize=350%2C200","width":350,"height":200,"srcset":"https:\/\/i0.wp.com\/www.reclamador.es\/blog\/wp-content\/uploads\/2020\/02\/informe-tjue-clausula-suelo_destacada.jpg?fit=800%2C419&ssl=1&resize=350%2C200 1x, https:\/\/i0.wp.com\/www.reclamador.es\/blog\/wp-content\/uploads\/2020\/02\/informe-tjue-clausula-suelo_destacada.jpg?fit=800%2C419&ssl=1&resize=525%2C300 1.5x, https:\/\/i0.wp.com\/www.reclamador.es\/blog\/wp-content\/uploads\/2020\/02\/informe-tjue-clausula-suelo_destacada.jpg?fit=800%2C419&ssl=1&resize=700%2C400 2x"},"classes":[]},{"id":15927,"url":"https:\/\/www.reclamador.es\/blog\/sentencia-clausula-suelo-caixabank-lalaguna\/","url_meta":{"origin":27632,"position":5},"title":"Cl\u00e1usula suelo: Caixabank, condenada a devolver m\u00e1s de 9.000\u20ac a un afectado","author":"Equipo reclamador","date":"2 noviembre, 2017","format":false,"excerpt":"La banca, condenada de nuevo a devolver lo cobrado de m\u00e1s por la cl\u00e1usula suelo. Cada d\u00eda se sigue haciendo justicia al amparo de la sentencia dictada por el Tribunal de Justicia de la Uni\u00f3n Europea (TJUE) el pasado diciembre. Hoy queremos contarte el caso de un matrimonio canario que\u2026","rel":"","context":"En \u00abNoticias y actualidad\u00bb","block_context":{"text":"Noticias y actualidad","link":"https:\/\/www.reclamador.es\/blog\/noticias\/"},"img":{"alt_text":"clausula suelo caixabank","src":"https:\/\/i0.wp.com\/www.reclamador.es\/blog\/wp-content\/uploads\/2017\/11\/sentencia-caixabank-clausula-suelo.jpg?fit=1200%2C629&ssl=1&resize=350%2C200","width":350,"height":200,"srcset":"https:\/\/i0.wp.com\/www.reclamador.es\/blog\/wp-content\/uploads\/2017\/11\/sentencia-caixabank-clausula-suelo.jpg?fit=1200%2C629&ssl=1&resize=350%2C200 1x, https:\/\/i0.wp.com\/www.reclamador.es\/blog\/wp-content\/uploads\/2017\/11\/sentencia-caixabank-clausula-suelo.jpg?fit=1200%2C629&ssl=1&resize=525%2C300 1.5x, https:\/\/i0.wp.com\/www.reclamador.es\/blog\/wp-content\/uploads\/2017\/11\/sentencia-caixabank-clausula-suelo.jpg?fit=1200%2C629&ssl=1&resize=700%2C400 2x, https:\/\/i0.wp.com\/www.reclamador.es\/blog\/wp-content\/uploads\/2017\/11\/sentencia-caixabank-clausula-suelo.jpg?fit=1200%2C629&ssl=1&resize=1050%2C600 3x"},"classes":[]}],"jetpack_sharing_enabled":true,"_links":{"self":[{"href":"https:\/\/www.reclamador.es\/blog\/wp-json\/wp\/v2\/posts\/27632","targetHints":{"allow":["GET"]}}],"collection":[{"href":"https:\/\/www.reclamador.es\/blog\/wp-json\/wp\/v2\/posts"}],"about":[{"href":"https:\/\/www.reclamador.es\/blog\/wp-json\/wp\/v2\/types\/post"}],"author":[{"embeddable":true,"href":"https:\/\/www.reclamador.es\/blog\/wp-json\/wp\/v2\/users\/1"}],"replies":[{"embeddable":true,"href":"https:\/\/www.reclamador.es\/blog\/wp-json\/wp\/v2\/comments?post=27632"}],"version-history":[{"count":9,"href":"https:\/\/www.reclamador.es\/blog\/wp-json\/wp\/v2\/posts\/27632\/revisions"}],"predecessor-version":[{"id":32727,"href":"https:\/\/www.reclamador.es\/blog\/wp-json\/wp\/v2\/posts\/27632\/revisions\/32727"}],"wp:featuredmedia":[{"embeddable":true,"href":"https:\/\/www.reclamador.es\/blog\/wp-json\/wp\/v2\/media\/32726"}],"wp:attachment":[{"href":"https:\/\/www.reclamador.es\/blog\/wp-json\/wp\/v2\/media?parent=27632"}],"wp:term":[{"taxonomy":"category","embeddable":true,"href":"https:\/\/www.reclamador.es\/blog\/wp-json\/wp\/v2\/categories?post=27632"},{"taxonomy":"post_tag","embeddable":true,"href":"https:\/\/www.reclamador.es\/blog\/wp-json\/wp\/v2\/tags?post=27632"}],"curies":[{"name":"wp","href":"https:\/\/api.w.org\/{rel}","templated":true}]}}