{"id":27322,"date":"2021-09-06T10:15:46","date_gmt":"2021-09-06T08:15:46","guid":{"rendered":"https:\/\/www.reclamador.es\/blog\/?p=27322"},"modified":"2025-07-30T13:25:33","modified_gmt":"2025-07-30T11:25:33","slug":"articulo-28-ley-hipotecaria","status":"publish","type":"post","link":"https:\/\/www.reclamador.es\/blog\/articulo-28-ley-hipotecaria\/","title":{"rendered":"Fin al art\u00edculo 28 de la Ley Hipotecaria: los inmuebles heredados quedan libres de carga para su venta"},"content":{"rendered":"<div class=\"ttr_start\"><\/div>\n\n<div class=\"kk-star-ratings kksr-auto kksr-align-right kksr-valign-top\"\n    data-payload='{&quot;align&quot;:&quot;right&quot;,&quot;id&quot;:&quot;27322&quot;,&quot;slug&quot;:&quot;default&quot;,&quot;valign&quot;:&quot;top&quot;,&quot;ignore&quot;:&quot;&quot;,&quot;reference&quot;:&quot;auto&quot;,&quot;class&quot;:&quot;&quot;,&quot;count&quot;:&quot;1&quot;,&quot;legendonly&quot;:&quot;&quot;,&quot;readonly&quot;:&quot;&quot;,&quot;score&quot;:&quot;5&quot;,&quot;starsonly&quot;:&quot;&quot;,&quot;best&quot;:&quot;5&quot;,&quot;gap&quot;:&quot;3&quot;,&quot;greet&quot;:&quot;Valora este art\u00edculo&quot;,&quot;legend&quot;:&quot;5\\\/5 - (1 voto)&quot;,&quot;size&quot;:&quot;20&quot;,&quot;title&quot;:&quot;Fin al art\u00edculo 28 de la Ley Hipotecaria: los inmuebles heredados quedan libres de carga para su venta&quot;,&quot;width&quot;:&quot;113.5&quot;,&quot;_legend&quot;:&quot;{score}\\\/{best} - ({count} {votes})&quot;,&quot;font_factor&quot;:&quot;1.25&quot;}'>\n            \n<div class=\"kksr-stars\">\n    \n<div class=\"kksr-stars-inactive\">\n            <div class=\"kksr-star\" data-star=\"1\" style=\"padding-right: 3px\">\n            \n\n<div class=\"kksr-icon\" style=\"width: 20px; height: 20px;\"><\/div>\n        <\/div>\n            <div class=\"kksr-star\" data-star=\"2\" style=\"padding-right: 3px\">\n            \n\n<div class=\"kksr-icon\" style=\"width: 20px; height: 20px;\"><\/div>\n        <\/div>\n            <div class=\"kksr-star\" data-star=\"3\" style=\"padding-right: 3px\">\n            \n\n<div class=\"kksr-icon\" style=\"width: 20px; height: 20px;\"><\/div>\n        <\/div>\n            <div class=\"kksr-star\" data-star=\"4\" style=\"padding-right: 3px\">\n            \n\n<div class=\"kksr-icon\" style=\"width: 20px; height: 20px;\"><\/div>\n        <\/div>\n            <div class=\"kksr-star\" data-star=\"5\" style=\"padding-right: 3px\">\n            \n\n<div class=\"kksr-icon\" style=\"width: 20px; height: 20px;\"><\/div>\n        <\/div>\n    <\/div>\n    \n<div class=\"kksr-stars-active\" style=\"width: 113.5px;\">\n            <div class=\"kksr-star\" style=\"padding-right: 3px\">\n            \n\n<div class=\"kksr-icon\" style=\"width: 20px; height: 20px;\"><\/div>\n        <\/div>\n            <div class=\"kksr-star\" style=\"padding-right: 3px\">\n            \n\n<div class=\"kksr-icon\" style=\"width: 20px; height: 20px;\"><\/div>\n        <\/div>\n            <div class=\"kksr-star\" style=\"padding-right: 3px\">\n            \n\n<div class=\"kksr-icon\" style=\"width: 20px; height: 20px;\"><\/div>\n        <\/div>\n            <div class=\"kksr-star\" style=\"padding-right: 3px\">\n            \n\n<div class=\"kksr-icon\" style=\"width: 20px; height: 20px;\"><\/div>\n        <\/div>\n            <div class=\"kksr-star\" style=\"padding-right: 3px\">\n            \n\n<div class=\"kksr-icon\" style=\"width: 20px; height: 20px;\"><\/div>\n        <\/div>\n    <\/div>\n<\/div>\n                \n\n<div class=\"kksr-legend\" style=\"font-size: 16px;\">\n            5\/5 - (1 voto)    <\/div>\n    <\/div>\n\n<figure id=\"attachment_27327\" aria-describedby=\"caption-attachment-27327\" style=\"width: 1200px\" class=\"wp-caption aligncenter\"><img data-recalc-dims=\"1\" loading=\"lazy\" decoding=\"async\" class=\"size-full wp-image-27327\" src=\"https:\/\/i0.wp.com\/www.reclamador.es\/blog\/wp-content\/uploads\/2021\/09\/fin-articulo-28-ley-hipotecaria.jpg?resize=1200%2C675&#038;ssl=1\" alt=\"articulo 28 ley hipotecaria septiembre 2021\" width=\"1200\" height=\"675\" srcset=\"https:\/\/i0.wp.com\/www.reclamador.es\/blog\/wp-content\/uploads\/2021\/09\/fin-articulo-28-ley-hipotecaria.jpg?w=1200&amp;ssl=1 1200w, https:\/\/i0.wp.com\/www.reclamador.es\/blog\/wp-content\/uploads\/2021\/09\/fin-articulo-28-ley-hipotecaria.jpg?resize=800%2C450&amp;ssl=1 800w, https:\/\/i0.wp.com\/www.reclamador.es\/blog\/wp-content\/uploads\/2021\/09\/fin-articulo-28-ley-hipotecaria.jpg?resize=150%2C84&amp;ssl=1 150w, https:\/\/i0.wp.com\/www.reclamador.es\/blog\/wp-content\/uploads\/2021\/09\/fin-articulo-28-ley-hipotecaria.jpg?resize=768%2C432&amp;ssl=1 768w\" sizes=\"auto, (max-width: 1000px) 100vw, 1000px\" \/><figcaption id=\"caption-attachment-27327\" class=\"wp-caption-text\"><em>Novedades ley hipotecaria: fin al art\u00edculo 28 que afectaba a las herencias<\/em><\/figcaption><\/figure>\n<p>*Contenido revisado julio 2025<\/p>\n<p><span style=\"font-weight: 400;\">Desde el 3 de septiembre de 2021, queda suprimido el<\/span><a href=\"https:\/\/www.boe.es\/buscar\/act.php?id=BOE-A-1946-2453\" target=\"_blank\" rel=\"noopener noreferrer\"><span style=\"font-weight: 400;\"> art\u00edculo 28 de la Ley Hipotecaria<\/span><\/a><span style=\"font-weight: 400;\">. Pero <\/span><b>\u00bfqu\u00e9 dec\u00eda ese art\u00edculo?<\/b><span style=\"font-weight: 400;\"> Pues con la aplicaci\u00f3n de esta norma, los herederos no forzosos, por ejemplo hermanos o sobrinos, que heredaban un inmueble porque no exist\u00edan herederos forzosos (padres, hijos), registraban la vivienda, pero en la inscripci\u00f3n se hac\u00eda una anotaci\u00f3n advirtiendo que dicha inscripci\u00f3n estaba sujeta al referido art\u00edculo, que establec\u00eda, en definitiva, que si durante los dos a\u00f1os siguientes aparec\u00eda un heredero forzoso, esa inscripci\u00f3n carec\u00eda de validez porque el inmueble ten\u00eda que entregarse a ese heredero.<\/span><\/p>\n<p><span style=\"font-weight: 400;\">Este hecho, en la pr\u00e1ctica, daba lugar a una <strong>enorme dificultad para vender esa vivienda heredada.<\/strong> Esto era as\u00ed porque pocos compradores se aventuraban a adquirir una casa de la cual, en el Registro de la Propiedad, el titular final pudiera ser otro al vendedor con el que estaba negociando, pues <\/span><b>si en esos dos a\u00f1os aparec\u00eda un heredero forzoso<\/b><span style=\"font-weight: 400;\">, por ejemplo un hijo nacido fuera del matrimonio o pareja conocida por la familia, <\/span><b>la vivienda deb\u00eda ser entregada al nuevo heredero. <\/b>Esto supone<span style=\"font-weight: 400;\">\u00a0que el comprador se quedar\u00eda sin aqu\u00e9lla. <\/span><\/p>\n<p><span style=\"font-weight: 400;\">Y <\/span><b>si para adquirir dicho inmueble solicit\u00f3 una hipoteca<\/b><span style=\"font-weight: 400;\">, el comprador se quedaba <\/span><b>sin casa pero pagando el pr\u00e9stamo<\/b><span style=\"font-weight: 400;\"> hipotecario al <\/span><a href=\"https:\/\/www.reclamador.es\/banco\/\"><span style=\"font-weight: 400;\">banco<\/span><\/a><span style=\"font-weight: 400;\">.\u00a0<\/span><\/p>\n<p><span style=\"font-weight: 400;\">Esta situaci\u00f3n tan injusta, ha dado lugar a una jurisprudencia muy contradictoria en relaci\u00f3n a las demandas planteadas por los pocos que se atrevieron a comprar una casa en estas condiciones y se vieron despojados posteriormente de ella pero con el pr\u00e9stamo pendiente, reclamando el precio pagado o la cancelaci\u00f3n de la hipoteca, por lo que la pervivencia del art\u00edculo obstaculizaba las ventas, sino que adem\u00e1s creaba una gran inseguridad jur\u00eddica en tribunales.<\/span><\/p>\n<h2><b>Art\u00edculo 28 Ley Hipotecaria: adi\u00f3s a la carga en la venta de viviendas heredadas. Riesgos que desaparecen para el comprador<\/b><\/h2>\n<p><span style=\"font-weight: 400;\">Gracias a esta supresi\u00f3n, ahora los <\/span><a href=\"https:\/\/www.reclamador.es\/ayuda\/gestiones\/herederos-legitimarios-forzosos\/\"><span style=\"font-weight: 400;\"><strong>herederos<\/strong> <strong>no forzosos<\/strong><\/span><\/a><span style=\"font-weight: 400;\"><strong> no tendr\u00e1n que esperar 24 meses para ser titulares registrales de pleno derecho de los inmuebles y podr\u00e1n venderlos,<\/strong> con la seguridad para los compradores que no aparecer\u00e1 un nuevo heredero en esos 24 meses, que se quede con la vivienda mientras que el comprador no pueda deshacerse de la hipoteca.<\/span><\/p>\n<p><span style=\"font-weight: 400;\">Es decir, <\/span><b>esta supresi\u00f3n del art\u00edculo 28 de la Ley Hipotecaria, pone fin al plazo de 24 meses para registrar la vivienda por los herederos<\/b><span style=\"font-weight: 400;\">. As\u00ed, ahora, el heredero, independientemente del grado de parentesco que tuviera con el fallecido, se convierte directamente en el titular del inmueble, sin esperar 24 meses, lo que permitir\u00e1 tanto al heredero vender la casa con mayor facilidad, pues el comprador tendr\u00e1 ya mayor seguridad jur\u00eddica a la hora de adquirir el inmueble heredado. Es decir, entre los riesgos que desaparecen para el comprador, est\u00e1 el comprar una vivienda de la que luego le pod\u00edan despojar.\u00a0<\/span><\/p>\n<h2><b>\u00bfHas heredado una vivienda y necesitas asesoramiento legal?<\/b><\/h2>\n<p><span style=\"font-weight: 400;\">Si has recibido o vas a recibir una <\/span><strong><a href=\"https:\/\/www.reclamador.es\/gestiones\/herencias\/\">herencia<\/a><\/strong><span style=\"font-weight: 400;\"><strong>,<\/strong> te recomendamos ponerte en manos de abogados expertos, como los de reclamador.es.\u00a0<\/span><\/p>\n<p><span style=\"font-weight: 400;\">Nuestros abogados te ayudar\u00e1n en la gesti\u00f3n y tramitaci\u00f3n de una herencia. En reclamador.es te acompa\u00f1amos desde el principio hasta que se produzca el reparto de la herencia.\u00a0<\/span><\/p>\n<p><span style=\"font-weight: 400;\">La gesti\u00f3n de una herencia puede ser un proceso largo y complicado. Por ello, contar con un experto que te asesore en todo momento puede evitar enormes quebraderos de cabeza.\u00a0<\/span><\/p>\n<p><span style=\"font-weight: 400;\">No lo dudes, consulta tu caso con los abogados expertos en Derecho Hereditario de reclamador.es.<\/span><\/p>\n<h2 style=\"text-align: center;\"><a class=\"button-lead\" href=\"https:\/\/www.reclamador.es\/managements-claim\/formulario\/gestiones\/herencias\/\" rel=\"nofollow noopener\"><strong>Consulta aqu\u00ed tu caso de gesti\u00f3n de una herencia<\/strong><\/a><\/h2>\n<p>Si te ha parecido interesante esta noticia sobre el fin del art\u00edculo 28 ley hipotecaria, comp\u00e1rtela en redes sociales.\u00a0<\/p>\n<p><br \/><br \/><\/p>\n<div class=\"ttr_end\"><\/div>","protected":false},"excerpt":{"rendered":"<p>*Contenido revisado julio 2025 Desde el 3 de septiembre de 2021, queda suprimido el art\u00edculo 28 de la Ley Hipotecaria. Pero \u00bfqu\u00e9 dec\u00eda ese art\u00edculo? Pues con la aplicaci\u00f3n de esta norma, los herederos no forzosos, por ejemplo hermanos o sobrinos, que heredaban un inmueble porque no exist\u00edan herederos forzosos (padres, hijos), registraban la vivienda, [&hellip;]<\/p>\n","protected":false},"author":1,"featured_media":27327,"comment_status":"open","ping_status":"open","sticky":false,"template":"","format":"standard","meta":{"_acf_changed":false,"_genesis_hide_title":false,"_genesis_hide_breadcrumbs":false,"_genesis_hide_singular_image":false,"_genesis_hide_footer_widgets":false,"_genesis_custom_body_class":"","_genesis_custom_post_class":"","_genesis_layout":"","_jetpack_newsletter_access":"","_jetpack_dont_email_post_to_subs":false,"_jetpack_newsletter_tier_id":0,"_jetpack_memberships_contains_paywalled_content":false,"_jetpack_memberships_contains_paid_content":false,"footnotes":""},"categories":[392],"tags":[712],"class_list":{"0":"post-27322","1":"post","2":"type-post","3":"status-publish","4":"format-standard","5":"has-post-thumbnail","7":"category-noticias","8":"tag-herencia","9":"entry"},"acf":[],"yoast_head":"<!-- This site is optimized with the Yoast SEO plugin v27.4 - https:\/\/yoast.com\/product\/yoast-seo-wordpress\/ -->\n<title>Fin al Art\u00edculo 28 de la Ley Hipotecaria<\/title>\n<meta name=\"description\" content=\"Fin al art\u00edculo 28 ley hipotecaria: ya no hay que esperar 2 a\u00f1os para que la vivienda heredada por herederos no forzosos quede libre de cargas\" \/>\n<meta name=\"robots\" content=\"index, follow, max-snippet:-1, max-image-preview:large, max-video-preview:-1\" \/>\n<link rel=\"canonical\" href=\"https:\/\/www.reclamador.es\/blog\/articulo-28-ley-hipotecaria\/\" \/>\n<meta property=\"og:locale\" content=\"es_ES\" \/>\n<meta property=\"og:type\" content=\"article\" \/>\n<meta property=\"og:title\" content=\"Fin al Art\u00edculo 28 de la Ley Hipotecaria\" \/>\n<meta property=\"og:description\" content=\"Fin al art\u00edculo 28 ley hipotecaria: ya no hay que esperar 2 a\u00f1os para que la vivienda heredada por herederos no forzosos quede libre de cargas\" \/>\n<meta property=\"og:url\" content=\"https:\/\/www.reclamador.es\/blog\/articulo-28-ley-hipotecaria\/\" \/>\n<meta property=\"og:site_name\" content=\"Rebeldes con causa, el blog de reclamador.es\" \/>\n<meta property=\"article:publisher\" content=\"https:\/\/www.facebook.com\/reclamador.es\" \/>\n<meta property=\"article:published_time\" content=\"2021-09-06T08:15:46+00:00\" \/>\n<meta property=\"article:modified_time\" content=\"2025-07-30T11:25:33+00:00\" \/>\n<meta property=\"og:image\" content=\"https:\/\/www.reclamador.es\/blog\/wp-content\/uploads\/2021\/09\/fin-articulo-28-ley-hipotecaria.jpg\" \/>\n\t<meta property=\"og:image:width\" content=\"1200\" \/>\n\t<meta property=\"og:image:height\" content=\"675\" \/>\n\t<meta property=\"og:image:type\" content=\"image\/jpeg\" \/>\n<meta name=\"author\" content=\"Equipo reclamador\" \/>\n<meta name=\"twitter:card\" content=\"summary_large_image\" \/>\n<meta name=\"twitter:creator\" content=\"@reclamador\" \/>\n<meta name=\"twitter:site\" content=\"@reclamador\" \/>\n<meta name=\"twitter:label1\" content=\"Escrito por\" \/>\n\t<meta name=\"twitter:data1\" content=\"Equipo reclamador\" \/>\n\t<meta name=\"twitter:label2\" content=\"Tiempo de lectura\" \/>\n\t<meta name=\"twitter:data2\" content=\"4 minutos\" \/>\n<script type=\"application\/ld+json\" class=\"yoast-schema-graph\">{\"@context\":\"https:\\\/\\\/schema.org\",\"@graph\":[{\"@type\":\"Article\",\"@id\":\"https:\\\/\\\/www.reclamador.es\\\/blog\\\/articulo-28-ley-hipotecaria\\\/#article\",\"isPartOf\":{\"@id\":\"https:\\\/\\\/www.reclamador.es\\\/blog\\\/articulo-28-ley-hipotecaria\\\/\"},\"author\":{\"name\":\"Equipo reclamador\",\"@id\":\"https:\\\/\\\/www.reclamador.es\\\/blog\\\/#\\\/schema\\\/person\\\/1ed83eef8b6566cb5e4c812d9bc5c4bf\"},\"headline\":\"Fin al art\u00edculo 28 de la Ley Hipotecaria: los inmuebles heredados quedan libres de carga para su venta\",\"datePublished\":\"2021-09-06T08:15:46+00:00\",\"dateModified\":\"2025-07-30T11:25:33+00:00\",\"mainEntityOfPage\":{\"@id\":\"https:\\\/\\\/www.reclamador.es\\\/blog\\\/articulo-28-ley-hipotecaria\\\/\"},\"wordCount\":674,\"commentCount\":2,\"publisher\":{\"@id\":\"https:\\\/\\\/www.reclamador.es\\\/blog\\\/#organization\"},\"image\":{\"@id\":\"https:\\\/\\\/www.reclamador.es\\\/blog\\\/articulo-28-ley-hipotecaria\\\/#primaryimage\"},\"thumbnailUrl\":\"https:\\\/\\\/i0.wp.com\\\/www.reclamador.es\\\/blog\\\/wp-content\\\/uploads\\\/2021\\\/09\\\/fin-articulo-28-ley-hipotecaria.jpg?fit=1200%2C675&ssl=1\",\"keywords\":[\"herencia\"],\"articleSection\":[\"Noticias y actualidad\"],\"inLanguage\":\"es\",\"potentialAction\":[{\"@type\":\"CommentAction\",\"name\":\"Comment\",\"target\":[\"https:\\\/\\\/www.reclamador.es\\\/blog\\\/articulo-28-ley-hipotecaria\\\/#respond\"]}]},{\"@type\":\"WebPage\",\"@id\":\"https:\\\/\\\/www.reclamador.es\\\/blog\\\/articulo-28-ley-hipotecaria\\\/\",\"url\":\"https:\\\/\\\/www.reclamador.es\\\/blog\\\/articulo-28-ley-hipotecaria\\\/\",\"name\":\"Fin al Art\u00edculo 28 de la Ley Hipotecaria\",\"isPartOf\":{\"@id\":\"https:\\\/\\\/www.reclamador.es\\\/blog\\\/#website\"},\"primaryImageOfPage\":{\"@id\":\"https:\\\/\\\/www.reclamador.es\\\/blog\\\/articulo-28-ley-hipotecaria\\\/#primaryimage\"},\"image\":{\"@id\":\"https:\\\/\\\/www.reclamador.es\\\/blog\\\/articulo-28-ley-hipotecaria\\\/#primaryimage\"},\"thumbnailUrl\":\"https:\\\/\\\/i0.wp.com\\\/www.reclamador.es\\\/blog\\\/wp-content\\\/uploads\\\/2021\\\/09\\\/fin-articulo-28-ley-hipotecaria.jpg?fit=1200%2C675&ssl=1\",\"datePublished\":\"2021-09-06T08:15:46+00:00\",\"dateModified\":\"2025-07-30T11:25:33+00:00\",\"description\":\"Fin al art\u00edculo 28 ley hipotecaria: ya no hay que esperar 2 a\u00f1os para que la vivienda heredada por herederos no forzosos quede libre de cargas\",\"breadcrumb\":{\"@id\":\"https:\\\/\\\/www.reclamador.es\\\/blog\\\/articulo-28-ley-hipotecaria\\\/#breadcrumb\"},\"inLanguage\":\"es\",\"potentialAction\":[{\"@type\":\"ReadAction\",\"target\":[\"https:\\\/\\\/www.reclamador.es\\\/blog\\\/articulo-28-ley-hipotecaria\\\/\"]}]},{\"@type\":\"ImageObject\",\"inLanguage\":\"es\",\"@id\":\"https:\\\/\\\/www.reclamador.es\\\/blog\\\/articulo-28-ley-hipotecaria\\\/#primaryimage\",\"url\":\"https:\\\/\\\/i0.wp.com\\\/www.reclamador.es\\\/blog\\\/wp-content\\\/uploads\\\/2021\\\/09\\\/fin-articulo-28-ley-hipotecaria.jpg?fit=1200%2C675&ssl=1\",\"contentUrl\":\"https:\\\/\\\/i0.wp.com\\\/www.reclamador.es\\\/blog\\\/wp-content\\\/uploads\\\/2021\\\/09\\\/fin-articulo-28-ley-hipotecaria.jpg?fit=1200%2C675&ssl=1\",\"width\":1200,\"height\":675,\"caption\":\"Novedades ley hipotecaria: fin al art\u00edculo 28 que afectaba a las herencias\"},{\"@type\":\"BreadcrumbList\",\"@id\":\"https:\\\/\\\/www.reclamador.es\\\/blog\\\/articulo-28-ley-hipotecaria\\\/#breadcrumb\",\"itemListElement\":[{\"@type\":\"ListItem\",\"position\":1,\"name\":\"Portada\",\"item\":\"https:\\\/\\\/www.reclamador.es\\\/blog\\\/\"},{\"@type\":\"ListItem\",\"position\":2,\"name\":\"Fin al art\u00edculo 28 de la Ley Hipotecaria: los inmuebles heredados quedan libres de carga para su venta\"}]},{\"@type\":\"WebSite\",\"@id\":\"https:\\\/\\\/www.reclamador.es\\\/blog\\\/#website\",\"url\":\"https:\\\/\\\/www.reclamador.es\\\/blog\\\/\",\"name\":\"Rebeldes con causa, el blog de reclamador.es\",\"description\":\"Noticias, entrevistas y consejos sobre reclamaciones\",\"publisher\":{\"@id\":\"https:\\\/\\\/www.reclamador.es\\\/blog\\\/#organization\"},\"potentialAction\":[{\"@type\":\"SearchAction\",\"target\":{\"@type\":\"EntryPoint\",\"urlTemplate\":\"https:\\\/\\\/www.reclamador.es\\\/blog\\\/?s={search_term_string}\"},\"query-input\":{\"@type\":\"PropertyValueSpecification\",\"valueRequired\":true,\"valueName\":\"search_term_string\"}}],\"inLanguage\":\"es\"},{\"@type\":\"Organization\",\"@id\":\"https:\\\/\\\/www.reclamador.es\\\/blog\\\/#organization\",\"name\":\"reclamador.es\",\"url\":\"https:\\\/\\\/www.reclamador.es\\\/blog\\\/\",\"logo\":{\"@type\":\"ImageObject\",\"inLanguage\":\"es\",\"@id\":\"https:\\\/\\\/www.reclamador.es\\\/blog\\\/#\\\/schema\\\/logo\\\/image\\\/\",\"url\":\"https:\\\/\\\/i0.wp.com\\\/www.reclamador.es\\\/blog\\\/wp-content\\\/uploads\\\/2020\\\/01\\\/logo-reclamador.png?fit=1200%2C144&ssl=1\",\"contentUrl\":\"https:\\\/\\\/i0.wp.com\\\/www.reclamador.es\\\/blog\\\/wp-content\\\/uploads\\\/2020\\\/01\\\/logo-reclamador.png?fit=1200%2C144&ssl=1\",\"width\":1200,\"height\":144,\"caption\":\"reclamador.es\"},\"image\":{\"@id\":\"https:\\\/\\\/www.reclamador.es\\\/blog\\\/#\\\/schema\\\/logo\\\/image\\\/\"},\"sameAs\":[\"https:\\\/\\\/www.facebook.com\\\/reclamador.es\",\"https:\\\/\\\/x.com\\\/reclamador\",\"https:\\\/\\\/www.instagram.com\\\/reclamador.es\\\/\",\"https:\\\/\\\/www.linkedin.com\\\/company\\\/reclamador-es\",\"https:\\\/\\\/www.youtube.com\\\/user\\\/Reclamadores\"]},{\"@type\":\"Person\",\"@id\":\"https:\\\/\\\/www.reclamador.es\\\/blog\\\/#\\\/schema\\\/person\\\/1ed83eef8b6566cb5e4c812d9bc5c4bf\",\"name\":\"Equipo reclamador\",\"image\":{\"@type\":\"ImageObject\",\"inLanguage\":\"es\",\"@id\":\"https:\\\/\\\/secure.gravatar.com\\\/avatar\\\/6442ecdc2c4472c600c113f34d340feca47107d6aa4f42f1e3e75a2a8e28a760?s=96&d=mm&r=g\",\"url\":\"https:\\\/\\\/secure.gravatar.com\\\/avatar\\\/6442ecdc2c4472c600c113f34d340feca47107d6aa4f42f1e3e75a2a8e28a760?s=96&d=mm&r=g\",\"contentUrl\":\"https:\\\/\\\/secure.gravatar.com\\\/avatar\\\/6442ecdc2c4472c600c113f34d340feca47107d6aa4f42f1e3e75a2a8e28a760?s=96&d=mm&r=g\",\"caption\":\"Equipo reclamador\"},\"description\":\"Las personas que hacen posible reclamador.es\",\"url\":\"https:\\\/\\\/www.reclamador.es\\\/blog\\\/author\\\/administrador\\\/\"}]}<\/script>\n<!-- \/ Yoast SEO plugin. -->","yoast_head_json":{"title":"Fin al Art\u00edculo 28 de la Ley Hipotecaria","description":"Fin al art\u00edculo 28 ley hipotecaria: ya no hay que esperar 2 a\u00f1os para que la vivienda heredada por herederos no forzosos quede libre de cargas","robots":{"index":"index","follow":"follow","max-snippet":"max-snippet:-1","max-image-preview":"max-image-preview:large","max-video-preview":"max-video-preview:-1"},"canonical":"https:\/\/www.reclamador.es\/blog\/articulo-28-ley-hipotecaria\/","og_locale":"es_ES","og_type":"article","og_title":"Fin al Art\u00edculo 28 de la Ley Hipotecaria","og_description":"Fin al art\u00edculo 28 ley hipotecaria: ya no hay que esperar 2 a\u00f1os para que la vivienda heredada por herederos no forzosos quede libre de cargas","og_url":"https:\/\/www.reclamador.es\/blog\/articulo-28-ley-hipotecaria\/","og_site_name":"Rebeldes con causa, el blog de reclamador.es","article_publisher":"https:\/\/www.facebook.com\/reclamador.es","article_published_time":"2021-09-06T08:15:46+00:00","article_modified_time":"2025-07-30T11:25:33+00:00","og_image":[{"width":1200,"height":675,"url":"https:\/\/www.reclamador.es\/blog\/wp-content\/uploads\/2021\/09\/fin-articulo-28-ley-hipotecaria.jpg","type":"image\/jpeg"}],"author":"Equipo reclamador","twitter_card":"summary_large_image","twitter_creator":"@reclamador","twitter_site":"@reclamador","twitter_misc":{"Escrito por":"Equipo reclamador","Tiempo de lectura":"4 minutos"},"schema":{"@context":"https:\/\/schema.org","@graph":[{"@type":"Article","@id":"https:\/\/www.reclamador.es\/blog\/articulo-28-ley-hipotecaria\/#article","isPartOf":{"@id":"https:\/\/www.reclamador.es\/blog\/articulo-28-ley-hipotecaria\/"},"author":{"name":"Equipo reclamador","@id":"https:\/\/www.reclamador.es\/blog\/#\/schema\/person\/1ed83eef8b6566cb5e4c812d9bc5c4bf"},"headline":"Fin al art\u00edculo 28 de la Ley Hipotecaria: los inmuebles heredados quedan libres de carga para su venta","datePublished":"2021-09-06T08:15:46+00:00","dateModified":"2025-07-30T11:25:33+00:00","mainEntityOfPage":{"@id":"https:\/\/www.reclamador.es\/blog\/articulo-28-ley-hipotecaria\/"},"wordCount":674,"commentCount":2,"publisher":{"@id":"https:\/\/www.reclamador.es\/blog\/#organization"},"image":{"@id":"https:\/\/www.reclamador.es\/blog\/articulo-28-ley-hipotecaria\/#primaryimage"},"thumbnailUrl":"https:\/\/i0.wp.com\/www.reclamador.es\/blog\/wp-content\/uploads\/2021\/09\/fin-articulo-28-ley-hipotecaria.jpg?fit=1200%2C675&ssl=1","keywords":["herencia"],"articleSection":["Noticias y actualidad"],"inLanguage":"es","potentialAction":[{"@type":"CommentAction","name":"Comment","target":["https:\/\/www.reclamador.es\/blog\/articulo-28-ley-hipotecaria\/#respond"]}]},{"@type":"WebPage","@id":"https:\/\/www.reclamador.es\/blog\/articulo-28-ley-hipotecaria\/","url":"https:\/\/www.reclamador.es\/blog\/articulo-28-ley-hipotecaria\/","name":"Fin al Art\u00edculo 28 de la Ley Hipotecaria","isPartOf":{"@id":"https:\/\/www.reclamador.es\/blog\/#website"},"primaryImageOfPage":{"@id":"https:\/\/www.reclamador.es\/blog\/articulo-28-ley-hipotecaria\/#primaryimage"},"image":{"@id":"https:\/\/www.reclamador.es\/blog\/articulo-28-ley-hipotecaria\/#primaryimage"},"thumbnailUrl":"https:\/\/i0.wp.com\/www.reclamador.es\/blog\/wp-content\/uploads\/2021\/09\/fin-articulo-28-ley-hipotecaria.jpg?fit=1200%2C675&ssl=1","datePublished":"2021-09-06T08:15:46+00:00","dateModified":"2025-07-30T11:25:33+00:00","description":"Fin al art\u00edculo 28 ley hipotecaria: ya no hay que esperar 2 a\u00f1os para que la vivienda heredada por herederos no forzosos quede libre de cargas","breadcrumb":{"@id":"https:\/\/www.reclamador.es\/blog\/articulo-28-ley-hipotecaria\/#breadcrumb"},"inLanguage":"es","potentialAction":[{"@type":"ReadAction","target":["https:\/\/www.reclamador.es\/blog\/articulo-28-ley-hipotecaria\/"]}]},{"@type":"ImageObject","inLanguage":"es","@id":"https:\/\/www.reclamador.es\/blog\/articulo-28-ley-hipotecaria\/#primaryimage","url":"https:\/\/i0.wp.com\/www.reclamador.es\/blog\/wp-content\/uploads\/2021\/09\/fin-articulo-28-ley-hipotecaria.jpg?fit=1200%2C675&ssl=1","contentUrl":"https:\/\/i0.wp.com\/www.reclamador.es\/blog\/wp-content\/uploads\/2021\/09\/fin-articulo-28-ley-hipotecaria.jpg?fit=1200%2C675&ssl=1","width":1200,"height":675,"caption":"Novedades ley hipotecaria: fin al art\u00edculo 28 que afectaba a las herencias"},{"@type":"BreadcrumbList","@id":"https:\/\/www.reclamador.es\/blog\/articulo-28-ley-hipotecaria\/#breadcrumb","itemListElement":[{"@type":"ListItem","position":1,"name":"Portada","item":"https:\/\/www.reclamador.es\/blog\/"},{"@type":"ListItem","position":2,"name":"Fin al art\u00edculo 28 de la Ley Hipotecaria: los inmuebles heredados quedan libres de carga para su venta"}]},{"@type":"WebSite","@id":"https:\/\/www.reclamador.es\/blog\/#website","url":"https:\/\/www.reclamador.es\/blog\/","name":"Rebeldes con causa, el blog de reclamador.es","description":"Noticias, entrevistas y consejos sobre reclamaciones","publisher":{"@id":"https:\/\/www.reclamador.es\/blog\/#organization"},"potentialAction":[{"@type":"SearchAction","target":{"@type":"EntryPoint","urlTemplate":"https:\/\/www.reclamador.es\/blog\/?s={search_term_string}"},"query-input":{"@type":"PropertyValueSpecification","valueRequired":true,"valueName":"search_term_string"}}],"inLanguage":"es"},{"@type":"Organization","@id":"https:\/\/www.reclamador.es\/blog\/#organization","name":"reclamador.es","url":"https:\/\/www.reclamador.es\/blog\/","logo":{"@type":"ImageObject","inLanguage":"es","@id":"https:\/\/www.reclamador.es\/blog\/#\/schema\/logo\/image\/","url":"https:\/\/i0.wp.com\/www.reclamador.es\/blog\/wp-content\/uploads\/2020\/01\/logo-reclamador.png?fit=1200%2C144&ssl=1","contentUrl":"https:\/\/i0.wp.com\/www.reclamador.es\/blog\/wp-content\/uploads\/2020\/01\/logo-reclamador.png?fit=1200%2C144&ssl=1","width":1200,"height":144,"caption":"reclamador.es"},"image":{"@id":"https:\/\/www.reclamador.es\/blog\/#\/schema\/logo\/image\/"},"sameAs":["https:\/\/www.facebook.com\/reclamador.es","https:\/\/x.com\/reclamador","https:\/\/www.instagram.com\/reclamador.es\/","https:\/\/www.linkedin.com\/company\/reclamador-es","https:\/\/www.youtube.com\/user\/Reclamadores"]},{"@type":"Person","@id":"https:\/\/www.reclamador.es\/blog\/#\/schema\/person\/1ed83eef8b6566cb5e4c812d9bc5c4bf","name":"Equipo reclamador","image":{"@type":"ImageObject","inLanguage":"es","@id":"https:\/\/secure.gravatar.com\/avatar\/6442ecdc2c4472c600c113f34d340feca47107d6aa4f42f1e3e75a2a8e28a760?s=96&d=mm&r=g","url":"https:\/\/secure.gravatar.com\/avatar\/6442ecdc2c4472c600c113f34d340feca47107d6aa4f42f1e3e75a2a8e28a760?s=96&d=mm&r=g","contentUrl":"https:\/\/secure.gravatar.com\/avatar\/6442ecdc2c4472c600c113f34d340feca47107d6aa4f42f1e3e75a2a8e28a760?s=96&d=mm&r=g","caption":"Equipo reclamador"},"description":"Las personas que hacen posible reclamador.es","url":"https:\/\/www.reclamador.es\/blog\/author\/administrador\/"}]}},"jetpack_featured_media_url":"https:\/\/i0.wp.com\/www.reclamador.es\/blog\/wp-content\/uploads\/2021\/09\/fin-articulo-28-ley-hipotecaria.jpg?fit=1200%2C675&ssl=1","jetpack-related-posts":[{"id":25717,"url":"https:\/\/www.reclamador.es\/blog\/errores-al-heredar-habituales\/","url_meta":{"origin":27322,"position":0},"title":"Errores habituales al gestionar una herencia","author":"Equipo reclamador","date":"4 enero, 2025","format":false,"excerpt":"*Contenido revisado en 2025 Desde conocer los impuestos que se pagan en funci\u00f3n del grado de consanguinidad hasta darse cuenta tarde de la necesidad de contar con asesores legales y fiscales para tramitar la herencia. Cuando los ciudadanos se enfrentan por primera vez a la gesti\u00f3n de una herencia se\u2026","rel":"","context":"En \u00abConsejos legales\u00bb","block_context":{"text":"Consejos legales","link":"https:\/\/www.reclamador.es\/blog\/consejos\/"},"img":{"alt_text":"errores habituales al gestionar una herencia","src":"https:\/\/i0.wp.com\/www.reclamador.es\/blog\/wp-content\/uploads\/2020\/07\/errores-al-heredar_destacada.jpg?fit=800%2C419&ssl=1&resize=350%2C200","width":350,"height":200,"srcset":"https:\/\/i0.wp.com\/www.reclamador.es\/blog\/wp-content\/uploads\/2020\/07\/errores-al-heredar_destacada.jpg?fit=800%2C419&ssl=1&resize=350%2C200 1x, https:\/\/i0.wp.com\/www.reclamador.es\/blog\/wp-content\/uploads\/2020\/07\/errores-al-heredar_destacada.jpg?fit=800%2C419&ssl=1&resize=525%2C300 1.5x, https:\/\/i0.wp.com\/www.reclamador.es\/blog\/wp-content\/uploads\/2020\/07\/errores-al-heredar_destacada.jpg?fit=800%2C419&ssl=1&resize=700%2C400 2x"},"classes":[]},{"id":25460,"url":"https:\/\/www.reclamador.es\/blog\/que-es-legitima-quienes-herederos-legitimarios\/","url_meta":{"origin":27322,"position":1},"title":"Gu\u00eda sobre la leg\u00edtima de una herencia: qu\u00e9 es y qui\u00e9nes son herederos legitimarios","author":"Equipo reclamador","date":"8 junio, 2020","format":false,"excerpt":"*Texto revisado febrero 2022 Mucho se escucha hablar de la leg\u00edtima cuando se habla de herencias, pero \u00bfqu\u00e9 es la leg\u00edtima de una herencia? \u00bfA qui\u00e9n le corresponde la leg\u00edtima y en qu\u00e9 proporci\u00f3n? Estas cuestiones se plantean en diversos momentos, no solo cuando se tiene que proceder al reparto\u2026","rel":"","context":"En \u00abConsejos legales\u00bb","block_context":{"text":"Consejos legales","link":"https:\/\/www.reclamador.es\/blog\/consejos\/"},"img":{"alt_text":"que es la legitima de la herencia","src":"https:\/\/i0.wp.com\/www.reclamador.es\/blog\/wp-content\/uploads\/2020\/06\/herencia-legitima-que-es-la-legitima_destacada.jpg?fit=800%2C419&ssl=1&resize=350%2C200","width":350,"height":200,"srcset":"https:\/\/i0.wp.com\/www.reclamador.es\/blog\/wp-content\/uploads\/2020\/06\/herencia-legitima-que-es-la-legitima_destacada.jpg?fit=800%2C419&ssl=1&resize=350%2C200 1x, https:\/\/i0.wp.com\/www.reclamador.es\/blog\/wp-content\/uploads\/2020\/06\/herencia-legitima-que-es-la-legitima_destacada.jpg?fit=800%2C419&ssl=1&resize=525%2C300 1.5x, https:\/\/i0.wp.com\/www.reclamador.es\/blog\/wp-content\/uploads\/2020\/06\/herencia-legitima-que-es-la-legitima_destacada.jpg?fit=800%2C419&ssl=1&resize=700%2C400 2x"},"classes":[]},{"id":22266,"url":"https:\/\/www.reclamador.es\/blog\/heredar-vivienda-hipotecada-opciones\/","url_meta":{"origin":27322,"position":2},"title":"Heredar una vivienda hipotecada: estas son las opciones","author":"Equipo reclamador","date":"31 marzo, 2020","format":false,"excerpt":"Las deudas tambi\u00e9n se heredan. Y una de las deudas m\u00e1s habituales que nos encontramos en una herencia son las hipotecas. El heredero tendr\u00e1 que hacer frente al pago de los impuestos que supone heredar una vivienda, principalmente, el impuesto de sucesiones\u00a0y el impuesto de plusval\u00eda municipal. Y, adem\u00e1s, a\u00f1adirle\u2026","rel":"","context":"En \u00abConsejos legales\u00bb","block_context":{"text":"Consejos legales","link":"https:\/\/www.reclamador.es\/blog\/consejos\/"},"img":{"alt_text":"\u00bfQu\u00e9 pasa si heredas una casa hipotecada?","src":"https:\/\/i0.wp.com\/www.reclamador.es\/blog\/wp-content\/uploads\/2020\/03\/heredar-vivienda-hipotecada_destacada-1.jpg?fit=800%2C419&ssl=1&resize=350%2C200","width":350,"height":200,"srcset":"https:\/\/i0.wp.com\/www.reclamador.es\/blog\/wp-content\/uploads\/2020\/03\/heredar-vivienda-hipotecada_destacada-1.jpg?fit=800%2C419&ssl=1&resize=350%2C200 1x, https:\/\/i0.wp.com\/www.reclamador.es\/blog\/wp-content\/uploads\/2020\/03\/heredar-vivienda-hipotecada_destacada-1.jpg?fit=800%2C419&ssl=1&resize=525%2C300 1.5x, https:\/\/i0.wp.com\/www.reclamador.es\/blog\/wp-content\/uploads\/2020\/03\/heredar-vivienda-hipotecada_destacada-1.jpg?fit=800%2C419&ssl=1&resize=700%2C400 2x"},"classes":[]},{"id":30859,"url":"https:\/\/www.reclamador.es\/blog\/causas-por-las-que-se-puede-desheredar-a-un-familiar\/","url_meta":{"origin":27322,"position":3},"title":"Causas por las que se puede desheredar a un familiar","author":"Equipo reclamador","date":"29 marzo, 2023","format":false,"excerpt":"La gesti\u00f3n de las herencias y de los testamentos no es un asunto sencillo. Surgen muchas dudas al respecto y una de ellas es acerca de la posibilidad de desheredar a un familiar cuando, desafortunadamente, las relaciones no son cordiales o ha habido alg\u00fan desencuentro. Pero, \u00bfen qu\u00e9 casos es\u2026","rel":"","context":"En \u00abNoticias y actualidad\u00bb","block_context":{"text":"Noticias y actualidad","link":"https:\/\/www.reclamador.es\/blog\/noticias\/"},"img":{"alt_text":"Causas por las que se puede desheredar a un familiar","src":"https:\/\/i0.wp.com\/www.reclamador.es\/blog\/wp-content\/uploads\/2023\/03\/causas-por-las-que-se-puede-desheredar-a-un-familiar.jpg?fit=1200%2C675&ssl=1&resize=350%2C200","width":350,"height":200,"srcset":"https:\/\/i0.wp.com\/www.reclamador.es\/blog\/wp-content\/uploads\/2023\/03\/causas-por-las-que-se-puede-desheredar-a-un-familiar.jpg?fit=1200%2C675&ssl=1&resize=350%2C200 1x, https:\/\/i0.wp.com\/www.reclamador.es\/blog\/wp-content\/uploads\/2023\/03\/causas-por-las-que-se-puede-desheredar-a-un-familiar.jpg?fit=1200%2C675&ssl=1&resize=525%2C300 1.5x, https:\/\/i0.wp.com\/www.reclamador.es\/blog\/wp-content\/uploads\/2023\/03\/causas-por-las-que-se-puede-desheredar-a-un-familiar.jpg?fit=1200%2C675&ssl=1&resize=700%2C400 2x, https:\/\/i0.wp.com\/www.reclamador.es\/blog\/wp-content\/uploads\/2023\/03\/causas-por-las-que-se-puede-desheredar-a-un-familiar.jpg?fit=1200%2C675&ssl=1&resize=1050%2C600 3x"},"classes":[]},{"id":26651,"url":"https:\/\/www.reclamador.es\/blog\/donar-o-heredar-que-conviene\/","url_meta":{"origin":27322,"position":4},"title":"\u00bfQu\u00e9 es mejor donar o heredar una casa?","author":"Equipo reclamador","date":"20 abril, 2021","format":false,"excerpt":"*Art\u00edculo modificado junio 2025 \u00bfQu\u00e9 es mejor donar o heredar una casa? en otras palabras o como habitualmente se consulta esta duda: \u00bfDonar la vivienda a tus hijos o esperar y que la reciban en herencia? Este es uno de los eternos dilemas de muchas familias a la hora de\u2026","rel":"","context":"En \u00abConsejos legales\u00bb","block_context":{"text":"Consejos legales","link":"https:\/\/www.reclamador.es\/blog\/consejos\/"},"img":{"alt_text":"donar o heredar","src":"https:\/\/i0.wp.com\/www.reclamador.es\/blog\/wp-content\/uploads\/2021\/04\/donar-o-heredar.jpg?fit=1200%2C803&ssl=1&resize=350%2C200","width":350,"height":200,"srcset":"https:\/\/i0.wp.com\/www.reclamador.es\/blog\/wp-content\/uploads\/2021\/04\/donar-o-heredar.jpg?fit=1200%2C803&ssl=1&resize=350%2C200 1x, https:\/\/i0.wp.com\/www.reclamador.es\/blog\/wp-content\/uploads\/2021\/04\/donar-o-heredar.jpg?fit=1200%2C803&ssl=1&resize=525%2C300 1.5x, https:\/\/i0.wp.com\/www.reclamador.es\/blog\/wp-content\/uploads\/2021\/04\/donar-o-heredar.jpg?fit=1200%2C803&ssl=1&resize=700%2C400 2x, https:\/\/i0.wp.com\/www.reclamador.es\/blog\/wp-content\/uploads\/2021\/04\/donar-o-heredar.jpg?fit=1200%2C803&ssl=1&resize=1050%2C600 3x"},"classes":[]},{"id":26162,"url":"https:\/\/www.reclamador.es\/blog\/heredero-unico-gestionar-herencia\/","url_meta":{"origin":27322,"position":5},"title":"Heredero \u00fanico: as\u00ed se tramita la herencia","author":"Equipo reclamador","date":"5 marzo, 2022","format":false,"excerpt":"La tramitaci\u00f3n de herencias con heredero \u00fanico son muy habituales. Ya sea el heredero un hijo o hija o cualquier otra persona, como, por ejemplo, uno de los progenitores del fallecido, gestionar una herencia con un \u00fanico heredero tiene sus peculiaridades.\u00a0 El cuaderno particional en herencias donde hay un \u00fanico\u2026","rel":"","context":"En \u00abConsejos legales\u00bb","block_context":{"text":"Consejos legales","link":"https:\/\/www.reclamador.es\/blog\/consejos\/"},"img":{"alt_text":"\u00bfC\u00f3mo gestionar una herencia con un \u00fanico heredero?","src":"https:\/\/i0.wp.com\/www.reclamador.es\/blog\/wp-content\/uploads\/2020\/10\/gestion-de-la-herencia-un-hijo-unico.jpg?fit=1200%2C675&ssl=1&resize=350%2C200","width":350,"height":200,"srcset":"https:\/\/i0.wp.com\/www.reclamador.es\/blog\/wp-content\/uploads\/2020\/10\/gestion-de-la-herencia-un-hijo-unico.jpg?fit=1200%2C675&ssl=1&resize=350%2C200 1x, https:\/\/i0.wp.com\/www.reclamador.es\/blog\/wp-content\/uploads\/2020\/10\/gestion-de-la-herencia-un-hijo-unico.jpg?fit=1200%2C675&ssl=1&resize=525%2C300 1.5x, https:\/\/i0.wp.com\/www.reclamador.es\/blog\/wp-content\/uploads\/2020\/10\/gestion-de-la-herencia-un-hijo-unico.jpg?fit=1200%2C675&ssl=1&resize=700%2C400 2x, https:\/\/i0.wp.com\/www.reclamador.es\/blog\/wp-content\/uploads\/2020\/10\/gestion-de-la-herencia-un-hijo-unico.jpg?fit=1200%2C675&ssl=1&resize=1050%2C600 3x"},"classes":[]}],"jetpack_sharing_enabled":true,"_links":{"self":[{"href":"https:\/\/www.reclamador.es\/blog\/wp-json\/wp\/v2\/posts\/27322","targetHints":{"allow":["GET"]}}],"collection":[{"href":"https:\/\/www.reclamador.es\/blog\/wp-json\/wp\/v2\/posts"}],"about":[{"href":"https:\/\/www.reclamador.es\/blog\/wp-json\/wp\/v2\/types\/post"}],"author":[{"embeddable":true,"href":"https:\/\/www.reclamador.es\/blog\/wp-json\/wp\/v2\/users\/1"}],"replies":[{"embeddable":true,"href":"https:\/\/www.reclamador.es\/blog\/wp-json\/wp\/v2\/comments?post=27322"}],"version-history":[{"count":8,"href":"https:\/\/www.reclamador.es\/blog\/wp-json\/wp\/v2\/posts\/27322\/revisions"}],"predecessor-version":[{"id":34654,"href":"https:\/\/www.reclamador.es\/blog\/wp-json\/wp\/v2\/posts\/27322\/revisions\/34654"}],"wp:featuredmedia":[{"embeddable":true,"href":"https:\/\/www.reclamador.es\/blog\/wp-json\/wp\/v2\/media\/27327"}],"wp:attachment":[{"href":"https:\/\/www.reclamador.es\/blog\/wp-json\/wp\/v2\/media?parent=27322"}],"wp:term":[{"taxonomy":"category","embeddable":true,"href":"https:\/\/www.reclamador.es\/blog\/wp-json\/wp\/v2\/categories?post=27322"},{"taxonomy":"post_tag","embeddable":true,"href":"https:\/\/www.reclamador.es\/blog\/wp-json\/wp\/v2\/tags?post=27322"}],"curies":[{"name":"wp","href":"https:\/\/api.w.org\/{rel}","templated":true}]}}