{"id":26611,"date":"2021-04-05T11:07:20","date_gmt":"2021-04-05T09:07:20","guid":{"rendered":"https:\/\/www.reclamador.es\/blog\/?p=26611"},"modified":"2024-05-16T10:06:04","modified_gmt":"2024-05-16T08:06:04","slug":"campana-renta-2020-y-erte-dudas","status":"publish","type":"post","link":"https:\/\/www.reclamador.es\/blog\/campana-renta-2020-y-erte-dudas\/","title":{"rendered":"Campa\u00f1a Renta 2020 y ERTE: las 2 grandes dudas"},"content":{"rendered":"<div class=\"ttr_start\"><\/div>\n\n<div class=\"kk-star-ratings kksr-auto kksr-align-right kksr-valign-top\"\n    data-payload='{&quot;align&quot;:&quot;right&quot;,&quot;id&quot;:&quot;26611&quot;,&quot;slug&quot;:&quot;default&quot;,&quot;valign&quot;:&quot;top&quot;,&quot;ignore&quot;:&quot;&quot;,&quot;reference&quot;:&quot;auto&quot;,&quot;class&quot;:&quot;&quot;,&quot;count&quot;:&quot;0&quot;,&quot;legendonly&quot;:&quot;&quot;,&quot;readonly&quot;:&quot;&quot;,&quot;score&quot;:&quot;0&quot;,&quot;starsonly&quot;:&quot;&quot;,&quot;best&quot;:&quot;5&quot;,&quot;gap&quot;:&quot;3&quot;,&quot;greet&quot;:&quot;Valora este art\u00edculo&quot;,&quot;legend&quot;:&quot;0\\\/5 - (0 votos)&quot;,&quot;size&quot;:&quot;20&quot;,&quot;title&quot;:&quot;Campa\u00f1a Renta 2020 y ERTE: las 2 grandes dudas&quot;,&quot;width&quot;:&quot;0&quot;,&quot;_legend&quot;:&quot;{score}\\\/{best} - ({count} {votes})&quot;,&quot;font_factor&quot;:&quot;1.25&quot;}'>\n            \n<div class=\"kksr-stars\">\n    \n<div class=\"kksr-stars-inactive\">\n            <div class=\"kksr-star\" data-star=\"1\" style=\"padding-right: 3px\">\n            \n\n<div class=\"kksr-icon\" style=\"width: 20px; height: 20px;\"><\/div>\n        <\/div>\n            <div class=\"kksr-star\" data-star=\"2\" style=\"padding-right: 3px\">\n            \n\n<div class=\"kksr-icon\" style=\"width: 20px; height: 20px;\"><\/div>\n        <\/div>\n            <div class=\"kksr-star\" data-star=\"3\" style=\"padding-right: 3px\">\n            \n\n<div class=\"kksr-icon\" style=\"width: 20px; height: 20px;\"><\/div>\n        <\/div>\n            <div class=\"kksr-star\" data-star=\"4\" style=\"padding-right: 3px\">\n            \n\n<div class=\"kksr-icon\" style=\"width: 20px; height: 20px;\"><\/div>\n        <\/div>\n            <div class=\"kksr-star\" data-star=\"5\" style=\"padding-right: 3px\">\n            \n\n<div class=\"kksr-icon\" style=\"width: 20px; height: 20px;\"><\/div>\n        <\/div>\n    <\/div>\n    \n<div class=\"kksr-stars-active\" style=\"width: 0px;\">\n            <div class=\"kksr-star\" style=\"padding-right: 3px\">\n            \n\n<div class=\"kksr-icon\" style=\"width: 20px; height: 20px;\"><\/div>\n        <\/div>\n            <div class=\"kksr-star\" style=\"padding-right: 3px\">\n            \n\n<div class=\"kksr-icon\" style=\"width: 20px; height: 20px;\"><\/div>\n        <\/div>\n            <div class=\"kksr-star\" style=\"padding-right: 3px\">\n            \n\n<div class=\"kksr-icon\" style=\"width: 20px; height: 20px;\"><\/div>\n        <\/div>\n            <div class=\"kksr-star\" style=\"padding-right: 3px\">\n            \n\n<div class=\"kksr-icon\" style=\"width: 20px; height: 20px;\"><\/div>\n        <\/div>\n            <div class=\"kksr-star\" style=\"padding-right: 3px\">\n            \n\n<div class=\"kksr-icon\" style=\"width: 20px; height: 20px;\"><\/div>\n        <\/div>\n    <\/div>\n<\/div>\n                \n\n<div class=\"kksr-legend\" style=\"font-size: 16px;\">\n            <span class=\"kksr-muted\">Valora este art\u00edculo<\/span>\n    <\/div>\n    <\/div>\n\n<figure id=\"attachment_26615\" aria-describedby=\"caption-attachment-26615\" style=\"width: 1200px\" class=\"wp-caption aligncenter\"><img data-recalc-dims=\"1\" loading=\"lazy\" decoding=\"async\" class=\"size-full wp-image-26615\" src=\"https:\/\/i0.wp.com\/www.reclamador.es\/blog\/wp-content\/uploads\/2021\/04\/campana-renta-2020-y-ERTE.jpg?resize=1200%2C800&#038;ssl=1\" alt=\"renta 2020 ERTE\" width=\"1200\" height=\"800\" srcset=\"https:\/\/i0.wp.com\/www.reclamador.es\/blog\/wp-content\/uploads\/2021\/04\/campana-renta-2020-y-ERTE.jpg?w=1200&amp;ssl=1 1200w, https:\/\/i0.wp.com\/www.reclamador.es\/blog\/wp-content\/uploads\/2021\/04\/campana-renta-2020-y-ERTE.jpg?resize=300%2C200&amp;ssl=1 300w, https:\/\/i0.wp.com\/www.reclamador.es\/blog\/wp-content\/uploads\/2021\/04\/campana-renta-2020-y-ERTE.jpg?resize=1024%2C683&amp;ssl=1 1024w, https:\/\/i0.wp.com\/www.reclamador.es\/blog\/wp-content\/uploads\/2021\/04\/campana-renta-2020-y-ERTE.jpg?resize=150%2C100&amp;ssl=1 150w, https:\/\/i0.wp.com\/www.reclamador.es\/blog\/wp-content\/uploads\/2021\/04\/campana-renta-2020-y-ERTE.jpg?resize=768%2C512&amp;ssl=1 768w\" sizes=\"auto, (max-width: 1000px) 100vw, 1000px\" \/><figcaption id=\"caption-attachment-26615\" class=\"wp-caption-text\"><em>Dudas respecto a la campa\u00f1a de la Renta 2020 y los ERTE<\/em><\/figcaption><\/figure>\n<p>La campa\u00f1a de la Renta 2020 comienza el 7 de abril de 2021. Con ella, las dudas de los contribuyentes, que este a\u00f1o se centran, principalmente, en los trabajadores que han estado en <a href=\"https:\/\/www.reclamador.es\/blog\/erte-guia-para-trabajadores\/\">ERTE en 2020<\/a>. As\u00ed, ya se detectan dos grandes dudas relacionadas con la campa\u00f1a de la Renta 2020 y ERTE: si\u00a0<b>saldr\u00e1 o no a pagar\u00a0<\/b>habiendo tenido dos pagadores\u00a0y\u00a0<b>c\u00f3mo afectan los pagos indebidos realizados por el SEPE al trabajador y reclamados posteriormente por este organismo.<\/b><\/p>\n<p>En reclamador.es hemos analizado estas dos cuestiones para hacer esta Renta 2020 un poquito m\u00e1s sencilla para los contribuyentes.\u00a0<\/p>\n<h2>Renta 2020 y <strong>ERTE:<\/strong> dos pagadores<\/h2>\n<p>Hay que tener en cuenta que al haber sido afectado por un ERTE, el salario se ha percibido por dos pagadores: la empresa y el SEPE.<\/p>\n<p>En estas circunstancias, cuando s\u00f3lo hay un pagador, esta obligaci\u00f3n se da cuando los rendimientos del trabajo superen los 22.000 \u20ac. Pero cuando hay dos pagadores, ese l\u00edmite para no declarar baja a los 14.000 \u20ac si el SEPE ha abonado m\u00e1s de 1.500 \u20ac en el a\u00f1o fiscal (requisito que lamentablemente se va a cumplir en la mayor parte de los afectados por un ERTE).<\/p>\n<h2><strong>\u00bfC\u00f3mo afectan los pagos indebidos realizados por el SEPE?<\/strong><\/h2>\n<p>Esta es la otra cuesti\u00f3n que genera dudas en la campa\u00f1a de la Renta 2020.<\/p>\n<p>Hay que saber que ya se puede descargar el certificado de retenciones por parte del SEPE, a trav\u00e9s de su p\u00e1gina y, seg\u00fan la nota publicada en la p\u00e1gina web de la Agencia Tributaria, se\u00f1ala reclamador.es, esta \u00faltima est\u00e1 solicitando informaci\u00f3n actualizada sobre la correcci\u00f3n o no de las cantidades pagadas y retenidas a efectos de IRPF, siendo esencial si por parte del SEPE ya se ha producido a regularizar o no esas cantidades cuando han sido incorrectas:<\/p>\n<h3>Si las cantidades indebidamente cobradas y reclamadas por el Servicio P\u00fablico de Empleo Estatal se regularon dentro del pasado a\u00f1o:<\/h3>\n<p>Si las cantidades indebidamente cobradas y reclamadas por el Servicio P\u00fablico de Empleo Estatal se regularon dentro del pasado a\u00f1o, dichas cantidades se recoger\u00e1n en el borrador de renta que env\u00ede la AEAT y, por tanto, el contribuyente no tendr\u00e1 de qu\u00e9 preocuparse, puesto que se ajustar\u00e1 a la realidad en cuanto a importes cobrados.<\/p>\n<h3><strong>Si la devoluci\u00f3n de esas cantidades cobradas indebidamente por el SEPE se ha producido ya en este 2021<\/strong><\/h3>\n<p>Pero si la devoluci\u00f3n de esas cantidades cobradas indebidamente por el SEPE se ha producido ya en este 2021, o a\u00fan no se ha practicado, nos encontramos ante distintas posibilidades:<\/p>\n<p>1-. <strong>Si el SEPE ya ha iniciado el procedimiento de regularizaci\u00f3n:<\/strong> en este caso este organismo lo comunicar\u00e1 a la Agencia Tributaria y en el borrador informar\u00e1 de los dos importes, el inicialmente abonado por el SEPE y el de la devoluci\u00f3n ya practicada, o pendiente de realizar por el contribuyente al SEPE.<\/p>\n<p>Si el contribuyente est\u00e1 de acuerdo con las cuant\u00edas a reintegrar al SEPE, se podr\u00e1 trasladar esa informaci\u00f3n a Renta Web y presentar\u00e1 su declaraci\u00f3n normalmente, sin tener que solicitar rectificaciones posteriores. Y si no lo est\u00e1, en la casilla correspondiente podr\u00e1 hacer constar el importe que considere correcto (lo que muy seguramente dar\u00e1 lugar a un procedimiento de comprobaci\u00f3n posterior).<\/p>\n<p>2-. <strong>Si el SEPE no ha iniciado el procedimiento de regularizaci\u00f3n:<\/strong> este organismo comunicar\u00e1 a la AEAT que ha detectado cuant\u00edas indebidamente percibidas, y esta a su vez informar\u00e1 en el borrador que existe una cantidad pendiente de devoluci\u00f3n al SEPE, pero como no puede concretar el importe porque no lo conoce, figurar\u00e1 en Renta Web el apartado correspondiente a cuant\u00edas indebidamente percibidas pagadas por el SEPE por ERTE, pero sin importe. Si el contribuyente lo conoce, podr\u00e1 hacerlo constar, pero si tampoco lo sabe, tendr\u00e1 que solicitar la rectificaci\u00f3n de la declaraci\u00f3n en el momento en que se comunique este dato, a fin de tributar correctamente -y no por mayor cuant\u00eda- conforme a los ingresos reales por parte del SEPE.<\/p>\n<p>Si te ha parecido interesante este art\u00edculo sobre Renta 2020 y ERTE, comp\u00e1rtelo en tus redes sociales.<\/p>\n<p>\ud83d\ude09<\/p>\n<p>\u00a0<\/p>\n<div class=\"ttr_end\"><\/div>","protected":false},"excerpt":{"rendered":"<p>La campa\u00f1a de la Renta 2020 comienza el 7 de abril de 2021. Con ella, las dudas de los contribuyentes, que este a\u00f1o se centran, principalmente, en los trabajadores que han estado en ERTE en 2020. As\u00ed, ya se detectan dos grandes dudas relacionadas con la campa\u00f1a de la Renta 2020 y ERTE: si\u00a0saldr\u00e1 o [&hellip;]<\/p>\n","protected":false},"author":37,"featured_media":26615,"comment_status":"open","ping_status":"open","sticky":false,"template":"","format":"standard","meta":{"_acf_changed":false,"_genesis_hide_title":false,"_genesis_hide_breadcrumbs":false,"_genesis_hide_singular_image":false,"_genesis_hide_footer_widgets":false,"_genesis_custom_body_class":"","_genesis_custom_post_class":"","_genesis_layout":"","_jetpack_newsletter_access":"","_jetpack_dont_email_post_to_subs":false,"_jetpack_newsletter_tier_id":0,"_jetpack_memberships_contains_paywalled_content":false,"_jetpack_memberships_contains_paid_content":false,"footnotes":""},"categories":[392],"tags":[266,762],"class_list":{"0":"post-26611","1":"post","2":"type-post","3":"status-publish","4":"format-standard","5":"has-post-thumbnail","7":"category-noticias","8":"tag-laboral","9":"tag-servicios","10":"entry"},"acf":[],"yoast_head":"<!-- This site is optimized with the Yoast SEO plugin v27.4 - https:\/\/yoast.com\/product\/yoast-seo-wordpress\/ -->\n<title>Campa\u00f1a de la Renta 2020 y ERTE: Las grandes dudas<\/title>\n<meta name=\"description\" content=\"Campa\u00f1a Renta 2020 y ERTE: \u00bfSaldr\u00e1 a pagar? \u00bfc\u00f3mo afectan los pagos indebidos realizados por el SEPE? reclamador.es responde.\" \/>\n<meta name=\"robots\" content=\"index, follow, max-snippet:-1, max-image-preview:large, max-video-preview:-1\" \/>\n<link rel=\"canonical\" href=\"https:\/\/www.reclamador.es\/blog\/campana-renta-2020-y-erte-dudas\/\" \/>\n<meta property=\"og:locale\" content=\"es_ES\" \/>\n<meta property=\"og:type\" content=\"article\" \/>\n<meta property=\"og:title\" content=\"Campa\u00f1a de la Renta 2020 y ERTE: Las grandes dudas\" \/>\n<meta property=\"og:description\" content=\"Campa\u00f1a Renta 2020 y ERTE: \u00bfSaldr\u00e1 a pagar? \u00bfc\u00f3mo afectan los pagos indebidos realizados por el SEPE? reclamador.es responde.\" \/>\n<meta property=\"og:url\" content=\"https:\/\/www.reclamador.es\/blog\/campana-renta-2020-y-erte-dudas\/\" \/>\n<meta property=\"og:site_name\" content=\"Rebeldes con causa, el blog de reclamador.es\" \/>\n<meta property=\"article:publisher\" content=\"https:\/\/www.facebook.com\/reclamador.es\" \/>\n<meta property=\"article:published_time\" content=\"2021-04-05T09:07:20+00:00\" \/>\n<meta property=\"article:modified_time\" content=\"2024-05-16T08:06:04+00:00\" \/>\n<meta property=\"og:image\" content=\"https:\/\/www.reclamador.es\/blog\/wp-content\/uploads\/2021\/04\/campana-renta-2020-y-ERTE.jpg\" \/>\n\t<meta property=\"og:image:width\" content=\"1200\" \/>\n\t<meta property=\"og:image:height\" content=\"800\" \/>\n\t<meta property=\"og:image:type\" content=\"image\/jpeg\" \/>\n<meta name=\"author\" content=\"Almudena Vel\u00e1zquez\" \/>\n<meta name=\"twitter:card\" content=\"summary_large_image\" \/>\n<meta name=\"twitter:creator\" content=\"@reclamador\" \/>\n<meta name=\"twitter:site\" content=\"@reclamador\" \/>\n<meta name=\"twitter:label1\" content=\"Escrito por\" \/>\n\t<meta name=\"twitter:data1\" content=\"Almudena Vel\u00e1zquez\" \/>\n\t<meta name=\"twitter:label2\" content=\"Tiempo de lectura\" \/>\n\t<meta name=\"twitter:data2\" content=\"4 minutos\" \/>\n<script type=\"application\/ld+json\" class=\"yoast-schema-graph\">{\"@context\":\"https:\\\/\\\/schema.org\",\"@graph\":[{\"@type\":\"Article\",\"@id\":\"https:\\\/\\\/www.reclamador.es\\\/blog\\\/campana-renta-2020-y-erte-dudas\\\/#article\",\"isPartOf\":{\"@id\":\"https:\\\/\\\/www.reclamador.es\\\/blog\\\/campana-renta-2020-y-erte-dudas\\\/\"},\"author\":{\"name\":\"Almudena Vel\u00e1zquez\",\"@id\":\"https:\\\/\\\/www.reclamador.es\\\/blog\\\/#\\\/schema\\\/person\\\/e0624ce07c9bca843afeb6e973d380a1\"},\"headline\":\"Campa\u00f1a Renta 2020 y ERTE: las 2 grandes dudas\",\"datePublished\":\"2021-04-05T09:07:20+00:00\",\"dateModified\":\"2024-05-16T08:06:04+00:00\",\"mainEntityOfPage\":{\"@id\":\"https:\\\/\\\/www.reclamador.es\\\/blog\\\/campana-renta-2020-y-erte-dudas\\\/\"},\"wordCount\":731,\"commentCount\":1,\"publisher\":{\"@id\":\"https:\\\/\\\/www.reclamador.es\\\/blog\\\/#organization\"},\"image\":{\"@id\":\"https:\\\/\\\/www.reclamador.es\\\/blog\\\/campana-renta-2020-y-erte-dudas\\\/#primaryimage\"},\"thumbnailUrl\":\"https:\\\/\\\/i0.wp.com\\\/www.reclamador.es\\\/blog\\\/wp-content\\\/uploads\\\/2021\\\/04\\\/campana-renta-2020-y-ERTE.jpg?fit=1200%2C800&ssl=1\",\"keywords\":[\"laboral\",\"servicios\"],\"articleSection\":[\"Noticias y actualidad\"],\"inLanguage\":\"es\",\"potentialAction\":[{\"@type\":\"CommentAction\",\"name\":\"Comment\",\"target\":[\"https:\\\/\\\/www.reclamador.es\\\/blog\\\/campana-renta-2020-y-erte-dudas\\\/#respond\"]}]},{\"@type\":\"WebPage\",\"@id\":\"https:\\\/\\\/www.reclamador.es\\\/blog\\\/campana-renta-2020-y-erte-dudas\\\/\",\"url\":\"https:\\\/\\\/www.reclamador.es\\\/blog\\\/campana-renta-2020-y-erte-dudas\\\/\",\"name\":\"Campa\u00f1a de la Renta 2020 y ERTE: Las grandes dudas\",\"isPartOf\":{\"@id\":\"https:\\\/\\\/www.reclamador.es\\\/blog\\\/#website\"},\"primaryImageOfPage\":{\"@id\":\"https:\\\/\\\/www.reclamador.es\\\/blog\\\/campana-renta-2020-y-erte-dudas\\\/#primaryimage\"},\"image\":{\"@id\":\"https:\\\/\\\/www.reclamador.es\\\/blog\\\/campana-renta-2020-y-erte-dudas\\\/#primaryimage\"},\"thumbnailUrl\":\"https:\\\/\\\/i0.wp.com\\\/www.reclamador.es\\\/blog\\\/wp-content\\\/uploads\\\/2021\\\/04\\\/campana-renta-2020-y-ERTE.jpg?fit=1200%2C800&ssl=1\",\"datePublished\":\"2021-04-05T09:07:20+00:00\",\"dateModified\":\"2024-05-16T08:06:04+00:00\",\"description\":\"Campa\u00f1a Renta 2020 y ERTE: \u00bfSaldr\u00e1 a pagar? \u00bfc\u00f3mo afectan los pagos indebidos realizados por el SEPE? reclamador.es responde.\",\"breadcrumb\":{\"@id\":\"https:\\\/\\\/www.reclamador.es\\\/blog\\\/campana-renta-2020-y-erte-dudas\\\/#breadcrumb\"},\"inLanguage\":\"es\",\"potentialAction\":[{\"@type\":\"ReadAction\",\"target\":[\"https:\\\/\\\/www.reclamador.es\\\/blog\\\/campana-renta-2020-y-erte-dudas\\\/\"]}]},{\"@type\":\"ImageObject\",\"inLanguage\":\"es\",\"@id\":\"https:\\\/\\\/www.reclamador.es\\\/blog\\\/campana-renta-2020-y-erte-dudas\\\/#primaryimage\",\"url\":\"https:\\\/\\\/i0.wp.com\\\/www.reclamador.es\\\/blog\\\/wp-content\\\/uploads\\\/2021\\\/04\\\/campana-renta-2020-y-ERTE.jpg?fit=1200%2C800&ssl=1\",\"contentUrl\":\"https:\\\/\\\/i0.wp.com\\\/www.reclamador.es\\\/blog\\\/wp-content\\\/uploads\\\/2021\\\/04\\\/campana-renta-2020-y-ERTE.jpg?fit=1200%2C800&ssl=1\",\"width\":1200,\"height\":800,\"caption\":\"Dudas respecto a la campa\u00f1a de la Renta 2020 y los ERTE\"},{\"@type\":\"BreadcrumbList\",\"@id\":\"https:\\\/\\\/www.reclamador.es\\\/blog\\\/campana-renta-2020-y-erte-dudas\\\/#breadcrumb\",\"itemListElement\":[{\"@type\":\"ListItem\",\"position\":1,\"name\":\"Portada\",\"item\":\"https:\\\/\\\/www.reclamador.es\\\/blog\\\/\"},{\"@type\":\"ListItem\",\"position\":2,\"name\":\"Campa\u00f1a Renta 2020 y ERTE: las 2 grandes dudas\"}]},{\"@type\":\"WebSite\",\"@id\":\"https:\\\/\\\/www.reclamador.es\\\/blog\\\/#website\",\"url\":\"https:\\\/\\\/www.reclamador.es\\\/blog\\\/\",\"name\":\"Rebeldes con causa, el blog de reclamador.es\",\"description\":\"Noticias, entrevistas y consejos sobre reclamaciones\",\"publisher\":{\"@id\":\"https:\\\/\\\/www.reclamador.es\\\/blog\\\/#organization\"},\"potentialAction\":[{\"@type\":\"SearchAction\",\"target\":{\"@type\":\"EntryPoint\",\"urlTemplate\":\"https:\\\/\\\/www.reclamador.es\\\/blog\\\/?s={search_term_string}\"},\"query-input\":{\"@type\":\"PropertyValueSpecification\",\"valueRequired\":true,\"valueName\":\"search_term_string\"}}],\"inLanguage\":\"es\"},{\"@type\":\"Organization\",\"@id\":\"https:\\\/\\\/www.reclamador.es\\\/blog\\\/#organization\",\"name\":\"reclamador.es\",\"url\":\"https:\\\/\\\/www.reclamador.es\\\/blog\\\/\",\"logo\":{\"@type\":\"ImageObject\",\"inLanguage\":\"es\",\"@id\":\"https:\\\/\\\/www.reclamador.es\\\/blog\\\/#\\\/schema\\\/logo\\\/image\\\/\",\"url\":\"https:\\\/\\\/i0.wp.com\\\/www.reclamador.es\\\/blog\\\/wp-content\\\/uploads\\\/2020\\\/01\\\/logo-reclamador.png?fit=1200%2C144&ssl=1\",\"contentUrl\":\"https:\\\/\\\/i0.wp.com\\\/www.reclamador.es\\\/blog\\\/wp-content\\\/uploads\\\/2020\\\/01\\\/logo-reclamador.png?fit=1200%2C144&ssl=1\",\"width\":1200,\"height\":144,\"caption\":\"reclamador.es\"},\"image\":{\"@id\":\"https:\\\/\\\/www.reclamador.es\\\/blog\\\/#\\\/schema\\\/logo\\\/image\\\/\"},\"sameAs\":[\"https:\\\/\\\/www.facebook.com\\\/reclamador.es\",\"https:\\\/\\\/x.com\\\/reclamador\",\"https:\\\/\\\/www.instagram.com\\\/reclamador.es\\\/\",\"https:\\\/\\\/www.linkedin.com\\\/company\\\/reclamador-es\",\"https:\\\/\\\/www.youtube.com\\\/user\\\/Reclamadores\"]},{\"@type\":\"Person\",\"@id\":\"https:\\\/\\\/www.reclamador.es\\\/blog\\\/#\\\/schema\\\/person\\\/e0624ce07c9bca843afeb6e973d380a1\",\"name\":\"Almudena Vel\u00e1zquez\",\"image\":{\"@type\":\"ImageObject\",\"inLanguage\":\"es\",\"@id\":\"https:\\\/\\\/secure.gravatar.com\\\/avatar\\\/e5dada96edf28756242525f518332d5b479db625eb9d831d79265f982cc59acc?s=96&d=mm&r=g\",\"url\":\"https:\\\/\\\/secure.gravatar.com\\\/avatar\\\/e5dada96edf28756242525f518332d5b479db625eb9d831d79265f982cc59acc?s=96&d=mm&r=g\",\"contentUrl\":\"https:\\\/\\\/secure.gravatar.com\\\/avatar\\\/e5dada96edf28756242525f518332d5b479db625eb9d831d79265f982cc59acc?s=96&d=mm&r=g\",\"caption\":\"Almudena Vel\u00e1zquez\"},\"url\":\"https:\\\/\\\/www.reclamador.es\\\/blog\\\/author\\\/almudena-velazquez\\\/\"}]}<\/script>\n<!-- \/ Yoast SEO plugin. -->","yoast_head_json":{"title":"Campa\u00f1a de la Renta 2020 y ERTE: Las grandes dudas","description":"Campa\u00f1a Renta 2020 y ERTE: \u00bfSaldr\u00e1 a pagar? \u00bfc\u00f3mo afectan los pagos indebidos realizados por el SEPE? reclamador.es responde.","robots":{"index":"index","follow":"follow","max-snippet":"max-snippet:-1","max-image-preview":"max-image-preview:large","max-video-preview":"max-video-preview:-1"},"canonical":"https:\/\/www.reclamador.es\/blog\/campana-renta-2020-y-erte-dudas\/","og_locale":"es_ES","og_type":"article","og_title":"Campa\u00f1a de la Renta 2020 y ERTE: Las grandes dudas","og_description":"Campa\u00f1a Renta 2020 y ERTE: \u00bfSaldr\u00e1 a pagar? \u00bfc\u00f3mo afectan los pagos indebidos realizados por el SEPE? reclamador.es responde.","og_url":"https:\/\/www.reclamador.es\/blog\/campana-renta-2020-y-erte-dudas\/","og_site_name":"Rebeldes con causa, el blog de reclamador.es","article_publisher":"https:\/\/www.facebook.com\/reclamador.es","article_published_time":"2021-04-05T09:07:20+00:00","article_modified_time":"2024-05-16T08:06:04+00:00","og_image":[{"width":1200,"height":800,"url":"https:\/\/www.reclamador.es\/blog\/wp-content\/uploads\/2021\/04\/campana-renta-2020-y-ERTE.jpg","type":"image\/jpeg"}],"author":"Almudena Vel\u00e1zquez","twitter_card":"summary_large_image","twitter_creator":"@reclamador","twitter_site":"@reclamador","twitter_misc":{"Escrito por":"Almudena Vel\u00e1zquez","Tiempo de lectura":"4 minutos"},"schema":{"@context":"https:\/\/schema.org","@graph":[{"@type":"Article","@id":"https:\/\/www.reclamador.es\/blog\/campana-renta-2020-y-erte-dudas\/#article","isPartOf":{"@id":"https:\/\/www.reclamador.es\/blog\/campana-renta-2020-y-erte-dudas\/"},"author":{"name":"Almudena Vel\u00e1zquez","@id":"https:\/\/www.reclamador.es\/blog\/#\/schema\/person\/e0624ce07c9bca843afeb6e973d380a1"},"headline":"Campa\u00f1a Renta 2020 y ERTE: las 2 grandes dudas","datePublished":"2021-04-05T09:07:20+00:00","dateModified":"2024-05-16T08:06:04+00:00","mainEntityOfPage":{"@id":"https:\/\/www.reclamador.es\/blog\/campana-renta-2020-y-erte-dudas\/"},"wordCount":731,"commentCount":1,"publisher":{"@id":"https:\/\/www.reclamador.es\/blog\/#organization"},"image":{"@id":"https:\/\/www.reclamador.es\/blog\/campana-renta-2020-y-erte-dudas\/#primaryimage"},"thumbnailUrl":"https:\/\/i0.wp.com\/www.reclamador.es\/blog\/wp-content\/uploads\/2021\/04\/campana-renta-2020-y-ERTE.jpg?fit=1200%2C800&ssl=1","keywords":["laboral","servicios"],"articleSection":["Noticias y actualidad"],"inLanguage":"es","potentialAction":[{"@type":"CommentAction","name":"Comment","target":["https:\/\/www.reclamador.es\/blog\/campana-renta-2020-y-erte-dudas\/#respond"]}]},{"@type":"WebPage","@id":"https:\/\/www.reclamador.es\/blog\/campana-renta-2020-y-erte-dudas\/","url":"https:\/\/www.reclamador.es\/blog\/campana-renta-2020-y-erte-dudas\/","name":"Campa\u00f1a de la Renta 2020 y ERTE: Las grandes dudas","isPartOf":{"@id":"https:\/\/www.reclamador.es\/blog\/#website"},"primaryImageOfPage":{"@id":"https:\/\/www.reclamador.es\/blog\/campana-renta-2020-y-erte-dudas\/#primaryimage"},"image":{"@id":"https:\/\/www.reclamador.es\/blog\/campana-renta-2020-y-erte-dudas\/#primaryimage"},"thumbnailUrl":"https:\/\/i0.wp.com\/www.reclamador.es\/blog\/wp-content\/uploads\/2021\/04\/campana-renta-2020-y-ERTE.jpg?fit=1200%2C800&ssl=1","datePublished":"2021-04-05T09:07:20+00:00","dateModified":"2024-05-16T08:06:04+00:00","description":"Campa\u00f1a Renta 2020 y ERTE: \u00bfSaldr\u00e1 a pagar? \u00bfc\u00f3mo afectan los pagos indebidos realizados por el SEPE? reclamador.es responde.","breadcrumb":{"@id":"https:\/\/www.reclamador.es\/blog\/campana-renta-2020-y-erte-dudas\/#breadcrumb"},"inLanguage":"es","potentialAction":[{"@type":"ReadAction","target":["https:\/\/www.reclamador.es\/blog\/campana-renta-2020-y-erte-dudas\/"]}]},{"@type":"ImageObject","inLanguage":"es","@id":"https:\/\/www.reclamador.es\/blog\/campana-renta-2020-y-erte-dudas\/#primaryimage","url":"https:\/\/i0.wp.com\/www.reclamador.es\/blog\/wp-content\/uploads\/2021\/04\/campana-renta-2020-y-ERTE.jpg?fit=1200%2C800&ssl=1","contentUrl":"https:\/\/i0.wp.com\/www.reclamador.es\/blog\/wp-content\/uploads\/2021\/04\/campana-renta-2020-y-ERTE.jpg?fit=1200%2C800&ssl=1","width":1200,"height":800,"caption":"Dudas respecto a la campa\u00f1a de la Renta 2020 y los ERTE"},{"@type":"BreadcrumbList","@id":"https:\/\/www.reclamador.es\/blog\/campana-renta-2020-y-erte-dudas\/#breadcrumb","itemListElement":[{"@type":"ListItem","position":1,"name":"Portada","item":"https:\/\/www.reclamador.es\/blog\/"},{"@type":"ListItem","position":2,"name":"Campa\u00f1a Renta 2020 y ERTE: las 2 grandes dudas"}]},{"@type":"WebSite","@id":"https:\/\/www.reclamador.es\/blog\/#website","url":"https:\/\/www.reclamador.es\/blog\/","name":"Rebeldes con causa, el blog de reclamador.es","description":"Noticias, entrevistas y consejos sobre reclamaciones","publisher":{"@id":"https:\/\/www.reclamador.es\/blog\/#organization"},"potentialAction":[{"@type":"SearchAction","target":{"@type":"EntryPoint","urlTemplate":"https:\/\/www.reclamador.es\/blog\/?s={search_term_string}"},"query-input":{"@type":"PropertyValueSpecification","valueRequired":true,"valueName":"search_term_string"}}],"inLanguage":"es"},{"@type":"Organization","@id":"https:\/\/www.reclamador.es\/blog\/#organization","name":"reclamador.es","url":"https:\/\/www.reclamador.es\/blog\/","logo":{"@type":"ImageObject","inLanguage":"es","@id":"https:\/\/www.reclamador.es\/blog\/#\/schema\/logo\/image\/","url":"https:\/\/i0.wp.com\/www.reclamador.es\/blog\/wp-content\/uploads\/2020\/01\/logo-reclamador.png?fit=1200%2C144&ssl=1","contentUrl":"https:\/\/i0.wp.com\/www.reclamador.es\/blog\/wp-content\/uploads\/2020\/01\/logo-reclamador.png?fit=1200%2C144&ssl=1","width":1200,"height":144,"caption":"reclamador.es"},"image":{"@id":"https:\/\/www.reclamador.es\/blog\/#\/schema\/logo\/image\/"},"sameAs":["https:\/\/www.facebook.com\/reclamador.es","https:\/\/x.com\/reclamador","https:\/\/www.instagram.com\/reclamador.es\/","https:\/\/www.linkedin.com\/company\/reclamador-es","https:\/\/www.youtube.com\/user\/Reclamadores"]},{"@type":"Person","@id":"https:\/\/www.reclamador.es\/blog\/#\/schema\/person\/e0624ce07c9bca843afeb6e973d380a1","name":"Almudena Vel\u00e1zquez","image":{"@type":"ImageObject","inLanguage":"es","@id":"https:\/\/secure.gravatar.com\/avatar\/e5dada96edf28756242525f518332d5b479db625eb9d831d79265f982cc59acc?s=96&d=mm&r=g","url":"https:\/\/secure.gravatar.com\/avatar\/e5dada96edf28756242525f518332d5b479db625eb9d831d79265f982cc59acc?s=96&d=mm&r=g","contentUrl":"https:\/\/secure.gravatar.com\/avatar\/e5dada96edf28756242525f518332d5b479db625eb9d831d79265f982cc59acc?s=96&d=mm&r=g","caption":"Almudena Vel\u00e1zquez"},"url":"https:\/\/www.reclamador.es\/blog\/author\/almudena-velazquez\/"}]}},"jetpack_featured_media_url":"https:\/\/i0.wp.com\/www.reclamador.es\/blog\/wp-content\/uploads\/2021\/04\/campana-renta-2020-y-ERTE.jpg?fit=1200%2C800&ssl=1","jetpack-related-posts":[{"id":26691,"url":"https:\/\/www.reclamador.es\/blog\/declarar-indemnizacion-renta\/","url_meta":{"origin":26611,"position":0},"title":"Declarar indemnizaci\u00f3n recibida: \u00bfhay que hacerlo?","author":"Equipo reclamador","date":"29 abril, 2021","format":false,"excerpt":"Novedades normativas, cambios en el trabajo, ERTE, deducciones, bonificaciones\u2026 Presentar la declaraci\u00f3n de la renta genera numerosas dudas entre los contribuyentes. En reclamador.es hemos detectado que una de esas cuestiones que a d\u00eda de hoy genera quebraderos de cabeza es qu\u00e9 pasa con las indemnizaciones recibidas el pasado a\u00f1o y\u2026","rel":"","context":"En \u00abConsejos legales\u00bb","block_context":{"text":"Consejos legales","link":"https:\/\/www.reclamador.es\/blog\/consejos\/"},"img":{"alt_text":"Declarar indemnizaci\u00f3n","src":"https:\/\/i0.wp.com\/www.reclamador.es\/blog\/wp-content\/uploads\/2021\/04\/declarar-indemnizacion-recibida.jpg?fit=1200%2C630&ssl=1&resize=350%2C200","width":350,"height":200,"srcset":"https:\/\/i0.wp.com\/www.reclamador.es\/blog\/wp-content\/uploads\/2021\/04\/declarar-indemnizacion-recibida.jpg?fit=1200%2C630&ssl=1&resize=350%2C200 1x, https:\/\/i0.wp.com\/www.reclamador.es\/blog\/wp-content\/uploads\/2021\/04\/declarar-indemnizacion-recibida.jpg?fit=1200%2C630&ssl=1&resize=525%2C300 1.5x, https:\/\/i0.wp.com\/www.reclamador.es\/blog\/wp-content\/uploads\/2021\/04\/declarar-indemnizacion-recibida.jpg?fit=1200%2C630&ssl=1&resize=700%2C400 2x, https:\/\/i0.wp.com\/www.reclamador.es\/blog\/wp-content\/uploads\/2021\/04\/declarar-indemnizacion-recibida.jpg?fit=1200%2C630&ssl=1&resize=1050%2C600 3x"},"classes":[]},{"id":26717,"url":"https:\/\/www.reclamador.es\/blog\/guia-sobre-declaracion-renta-fallecidos\/","url_meta":{"origin":26611,"position":1},"title":"Gu\u00eda sobre la declaraci\u00f3n de la renta de los fallecidos","author":"Equipo reclamador","date":"13 mayo, 2021","format":false,"excerpt":"La campa\u00f1a para presentar la Declaraci\u00f3n de la Renta correspondiente al ejercicio 2020 finaliza el 30 de junio. Como cada a\u00f1o, este tema genera muchas dudas. Pero en concreto este, consecuencia de la crisis sanitaria, ha aumentado el n\u00famero de fallecidos en nuestro pa\u00eds. Y surgen muchas inc\u00f3gnitas, ya que\u2026","rel":"","context":"En \u00abConsejos legales\u00bb","block_context":{"text":"Consejos legales","link":"https:\/\/www.reclamador.es\/blog\/consejos\/"},"img":{"alt_text":"Declaraci\u00f3n de la renta de fallecidos","src":"https:\/\/i0.wp.com\/www.reclamador.es\/blog\/wp-content\/uploads\/2021\/05\/declaracion-de-la-renta-persona-fallecida.jpg?fit=1199%2C643&ssl=1&resize=350%2C200","width":350,"height":200,"srcset":"https:\/\/i0.wp.com\/www.reclamador.es\/blog\/wp-content\/uploads\/2021\/05\/declaracion-de-la-renta-persona-fallecida.jpg?fit=1199%2C643&ssl=1&resize=350%2C200 1x, https:\/\/i0.wp.com\/www.reclamador.es\/blog\/wp-content\/uploads\/2021\/05\/declaracion-de-la-renta-persona-fallecida.jpg?fit=1199%2C643&ssl=1&resize=525%2C300 1.5x, https:\/\/i0.wp.com\/www.reclamador.es\/blog\/wp-content\/uploads\/2021\/05\/declaracion-de-la-renta-persona-fallecida.jpg?fit=1199%2C643&ssl=1&resize=700%2C400 2x, https:\/\/i0.wp.com\/www.reclamador.es\/blog\/wp-content\/uploads\/2021\/05\/declaracion-de-la-renta-persona-fallecida.jpg?fit=1199%2C643&ssl=1&resize=1050%2C600 3x"},"classes":[]},{"id":24633,"url":"https:\/\/www.reclamador.es\/blog\/erte-guia-para-trabajadores\/","url_meta":{"origin":26611,"position":2},"title":"Preguntas y respuestas sobre los ERTE","author":"Equipo reclamador","date":"17 marzo, 2020","format":false,"excerpt":"Desde el comienzo de la crisis sanitaria del COVID-19 y la declaraci\u00f3n del Estado de Alarma en nuestro pa\u00eds, son muchas empresas las que han tenido que realizar un expediente de regulaci\u00f3n de empleo temporal, m\u00e1s conocido por sus iniciales, ERTE, durante el periodo que deban permanecer cerrados.\u00a0 Las dudas\u2026","rel":"","context":"En \u00abConsejos legales\u00bb","block_context":{"text":"Consejos legales","link":"https:\/\/www.reclamador.es\/blog\/consejos\/"},"img":{"alt_text":"","src":"https:\/\/i0.wp.com\/www.reclamador.es\/blog\/wp-content\/uploads\/2020\/03\/erte-coronavirus_destacada.jpg?fit=800%2C419&ssl=1&resize=350%2C200","width":350,"height":200,"srcset":"https:\/\/i0.wp.com\/www.reclamador.es\/blog\/wp-content\/uploads\/2020\/03\/erte-coronavirus_destacada.jpg?fit=800%2C419&ssl=1&resize=350%2C200 1x, https:\/\/i0.wp.com\/www.reclamador.es\/blog\/wp-content\/uploads\/2020\/03\/erte-coronavirus_destacada.jpg?fit=800%2C419&ssl=1&resize=525%2C300 1.5x, https:\/\/i0.wp.com\/www.reclamador.es\/blog\/wp-content\/uploads\/2020\/03\/erte-coronavirus_destacada.jpg?fit=800%2C419&ssl=1&resize=700%2C400 2x"},"classes":[]},{"id":29550,"url":"https:\/\/www.reclamador.es\/blog\/novedades-campana-de-la-renta-2021\/","url_meta":{"origin":26611,"position":3},"title":"Novedades en la campa\u00f1a de la Renta 2021","author":"Equipo reclamador","date":"7 abril, 2022","format":false,"excerpt":"El inicio de la nueva campa\u00f1a de la Renta ha sido el 6 de abril. Desde ese momento, y hasta el 30 de junio de 2022, el contribuyente puede presentar su declaraci\u00f3n en esta campa\u00f1a de la Renta 2021.\u00a0 A continuaci\u00f3n vamos a repasar hitos y novedades importantes para los\u2026","rel":"","context":"En \u00abNoticias y actualidad\u00bb","block_context":{"text":"Noticias y actualidad","link":"https:\/\/www.reclamador.es\/blog\/noticias\/"},"img":{"alt_text":"campa\u00f1a renta 2021 este 2022","src":"https:\/\/i0.wp.com\/www.reclamador.es\/blog\/wp-content\/uploads\/2022\/04\/campana-de-la-renta-2021.jpg?fit=1200%2C675&ssl=1&resize=350%2C200","width":350,"height":200,"srcset":"https:\/\/i0.wp.com\/www.reclamador.es\/blog\/wp-content\/uploads\/2022\/04\/campana-de-la-renta-2021.jpg?fit=1200%2C675&ssl=1&resize=350%2C200 1x, https:\/\/i0.wp.com\/www.reclamador.es\/blog\/wp-content\/uploads\/2022\/04\/campana-de-la-renta-2021.jpg?fit=1200%2C675&ssl=1&resize=525%2C300 1.5x, https:\/\/i0.wp.com\/www.reclamador.es\/blog\/wp-content\/uploads\/2022\/04\/campana-de-la-renta-2021.jpg?fit=1200%2C675&ssl=1&resize=700%2C400 2x, https:\/\/i0.wp.com\/www.reclamador.es\/blog\/wp-content\/uploads\/2022\/04\/campana-de-la-renta-2021.jpg?fit=1200%2C675&ssl=1&resize=1050%2C600 3x"},"classes":[]},{"id":18614,"url":"https:\/\/www.reclamador.es\/blog\/que-pasa-si-no-me-han-devuelto-todavia-la-declaracion-de-la-renta\/","url_meta":{"origin":26611,"position":4},"title":"\u00bfQu\u00e9 pasa si no me han devuelto todav\u00eda la declaraci\u00f3n de la renta?","author":"Equipo reclamador","date":"1 julio, 2019","format":false,"excerpt":"La campa\u00f1a de la renta 2018 finaliza este lunes 1 de julio. Desde abril, los contribuyentes pod\u00edan presentar la declaraci\u00f3n de la renta correspondiente al a\u00f1o 2018. Llegado el fin del periodo fijado por la Agencia Tributaria para presentar la declaraci\u00f3n, muchos contribuyentes cuyo resultado es a devolver se preguntan\u2026","rel":"","context":"En \u00abConsejos legales\u00bb","block_context":{"text":"Consejos legales","link":"https:\/\/www.reclamador.es\/blog\/consejos\/"},"img":{"alt_text":"aun no me han devuelto la renta reclamador","src":"https:\/\/i0.wp.com\/www.reclamador.es\/blog\/wp-content\/uploads\/2018\/06\/no-me-han-devuelto-la-renta.jpg?fit=1200%2C794&ssl=1&resize=350%2C200","width":350,"height":200,"srcset":"https:\/\/i0.wp.com\/www.reclamador.es\/blog\/wp-content\/uploads\/2018\/06\/no-me-han-devuelto-la-renta.jpg?fit=1200%2C794&ssl=1&resize=350%2C200 1x, https:\/\/i0.wp.com\/www.reclamador.es\/blog\/wp-content\/uploads\/2018\/06\/no-me-han-devuelto-la-renta.jpg?fit=1200%2C794&ssl=1&resize=525%2C300 1.5x, https:\/\/i0.wp.com\/www.reclamador.es\/blog\/wp-content\/uploads\/2018\/06\/no-me-han-devuelto-la-renta.jpg?fit=1200%2C794&ssl=1&resize=700%2C400 2x, https:\/\/i0.wp.com\/www.reclamador.es\/blog\/wp-content\/uploads\/2018\/06\/no-me-han-devuelto-la-renta.jpg?fit=1200%2C794&ssl=1&resize=1050%2C600 3x"},"classes":[]},{"id":21580,"url":"https:\/\/www.reclamador.es\/blog\/obligacion-pago-itp-deduccion-alquiler-madrid\/","url_meta":{"origin":26611,"position":5},"title":"El ITP puede dejar sin deducci\u00f3n por alquiler a miles de j\u00f3venes en Madrid","author":"Equipo reclamador","date":"10 abril, 2019","format":false,"excerpt":"La campa\u00f1a de la Renta 2018 viene con una gran sorpresa para los menores de 35 a\u00f1os que viven de alquiler en la Comunidad de Madrid - Unos 78.500 contribuyentes, seg\u00fan varias estimaciones publicadas en prensa-. El \u00faltimo mes de 2018, la comunidad gobernada por \u00c1ngel Garrido aprob\u00f3 un Decreto\u2026","rel":"","context":"En \u00abNoticias y actualidad\u00bb","block_context":{"text":"Noticias y actualidad","link":"https:\/\/www.reclamador.es\/blog\/noticias\/"},"img":{"alt_text":"ITP comunidad de madrid","src":"https:\/\/i0.wp.com\/www.reclamador.es\/blog\/wp-content\/uploads\/2019\/04\/ITP-Madrid-reclamador.jpg?fit=1198%2C630&ssl=1&resize=350%2C200","width":350,"height":200,"srcset":"https:\/\/i0.wp.com\/www.reclamador.es\/blog\/wp-content\/uploads\/2019\/04\/ITP-Madrid-reclamador.jpg?fit=1198%2C630&ssl=1&resize=350%2C200 1x, https:\/\/i0.wp.com\/www.reclamador.es\/blog\/wp-content\/uploads\/2019\/04\/ITP-Madrid-reclamador.jpg?fit=1198%2C630&ssl=1&resize=525%2C300 1.5x, https:\/\/i0.wp.com\/www.reclamador.es\/blog\/wp-content\/uploads\/2019\/04\/ITP-Madrid-reclamador.jpg?fit=1198%2C630&ssl=1&resize=700%2C400 2x, https:\/\/i0.wp.com\/www.reclamador.es\/blog\/wp-content\/uploads\/2019\/04\/ITP-Madrid-reclamador.jpg?fit=1198%2C630&ssl=1&resize=1050%2C600 3x"},"classes":[]}],"jetpack_sharing_enabled":true,"_links":{"self":[{"href":"https:\/\/www.reclamador.es\/blog\/wp-json\/wp\/v2\/posts\/26611","targetHints":{"allow":["GET"]}}],"collection":[{"href":"https:\/\/www.reclamador.es\/blog\/wp-json\/wp\/v2\/posts"}],"about":[{"href":"https:\/\/www.reclamador.es\/blog\/wp-json\/wp\/v2\/types\/post"}],"author":[{"embeddable":true,"href":"https:\/\/www.reclamador.es\/blog\/wp-json\/wp\/v2\/users\/37"}],"replies":[{"embeddable":true,"href":"https:\/\/www.reclamador.es\/blog\/wp-json\/wp\/v2\/comments?post=26611"}],"version-history":[{"count":6,"href":"https:\/\/www.reclamador.es\/blog\/wp-json\/wp\/v2\/posts\/26611\/revisions"}],"predecessor-version":[{"id":32328,"href":"https:\/\/www.reclamador.es\/blog\/wp-json\/wp\/v2\/posts\/26611\/revisions\/32328"}],"wp:featuredmedia":[{"embeddable":true,"href":"https:\/\/www.reclamador.es\/blog\/wp-json\/wp\/v2\/media\/26615"}],"wp:attachment":[{"href":"https:\/\/www.reclamador.es\/blog\/wp-json\/wp\/v2\/media?parent=26611"}],"wp:term":[{"taxonomy":"category","embeddable":true,"href":"https:\/\/www.reclamador.es\/blog\/wp-json\/wp\/v2\/categories?post=26611"},{"taxonomy":"post_tag","embeddable":true,"href":"https:\/\/www.reclamador.es\/blog\/wp-json\/wp\/v2\/tags?post=26611"}],"curies":[{"name":"wp","href":"https:\/\/api.w.org\/{rel}","templated":true}]}}