{"id":26431,"date":"2021-01-28T09:31:13","date_gmt":"2021-01-28T08:31:13","guid":{"rendered":"https:\/\/www.reclamador.es\/blog\/?p=26431"},"modified":"2023-11-20T13:17:33","modified_gmt":"2023-11-20T12:17:33","slug":"traslado-de-cenizas-en-avion","status":"publish","type":"post","link":"https:\/\/www.reclamador.es\/blog\/traslado-de-cenizas-en-avion\/","title":{"rendered":"Traslado de cenizas en avi\u00f3n: \u00bfes posible?"},"content":{"rendered":"<div class=\"ttr_start\"><\/div>\n\n<div class=\"kk-star-ratings kksr-auto kksr-align-right kksr-valign-top\"\n    data-payload='{&quot;align&quot;:&quot;right&quot;,&quot;id&quot;:&quot;26431&quot;,&quot;slug&quot;:&quot;default&quot;,&quot;valign&quot;:&quot;top&quot;,&quot;ignore&quot;:&quot;&quot;,&quot;reference&quot;:&quot;auto&quot;,&quot;class&quot;:&quot;&quot;,&quot;count&quot;:&quot;6&quot;,&quot;legendonly&quot;:&quot;&quot;,&quot;readonly&quot;:&quot;&quot;,&quot;score&quot;:&quot;3.2&quot;,&quot;starsonly&quot;:&quot;&quot;,&quot;best&quot;:&quot;5&quot;,&quot;gap&quot;:&quot;3&quot;,&quot;greet&quot;:&quot;Valora este art\u00edculo&quot;,&quot;legend&quot;:&quot;3.2\\\/5 - (6 votos)&quot;,&quot;size&quot;:&quot;20&quot;,&quot;title&quot;:&quot;Traslado de cenizas en avi\u00f3n: \u00bfes posible?&quot;,&quot;width&quot;:&quot;72.1&quot;,&quot;_legend&quot;:&quot;{score}\\\/{best} - ({count} {votes})&quot;,&quot;font_factor&quot;:&quot;1.25&quot;}'>\n            \n<div class=\"kksr-stars\">\n    \n<div class=\"kksr-stars-inactive\">\n            <div class=\"kksr-star\" data-star=\"1\" style=\"padding-right: 3px\">\n            \n\n<div class=\"kksr-icon\" style=\"width: 20px; height: 20px;\"><\/div>\n        <\/div>\n            <div class=\"kksr-star\" data-star=\"2\" style=\"padding-right: 3px\">\n            \n\n<div class=\"kksr-icon\" style=\"width: 20px; height: 20px;\"><\/div>\n        <\/div>\n            <div class=\"kksr-star\" data-star=\"3\" style=\"padding-right: 3px\">\n            \n\n<div class=\"kksr-icon\" style=\"width: 20px; height: 20px;\"><\/div>\n        <\/div>\n            <div class=\"kksr-star\" data-star=\"4\" style=\"padding-right: 3px\">\n            \n\n<div class=\"kksr-icon\" style=\"width: 20px; height: 20px;\"><\/div>\n        <\/div>\n            <div class=\"kksr-star\" data-star=\"5\" style=\"padding-right: 3px\">\n            \n\n<div class=\"kksr-icon\" style=\"width: 20px; height: 20px;\"><\/div>\n        <\/div>\n    <\/div>\n    \n<div class=\"kksr-stars-active\" style=\"width: 72.1px;\">\n            <div class=\"kksr-star\" style=\"padding-right: 3px\">\n            \n\n<div class=\"kksr-icon\" style=\"width: 20px; height: 20px;\"><\/div>\n        <\/div>\n            <div class=\"kksr-star\" style=\"padding-right: 3px\">\n            \n\n<div class=\"kksr-icon\" style=\"width: 20px; height: 20px;\"><\/div>\n        <\/div>\n            <div class=\"kksr-star\" style=\"padding-right: 3px\">\n            \n\n<div class=\"kksr-icon\" style=\"width: 20px; height: 20px;\"><\/div>\n        <\/div>\n            <div class=\"kksr-star\" style=\"padding-right: 3px\">\n            \n\n<div class=\"kksr-icon\" style=\"width: 20px; height: 20px;\"><\/div>\n        <\/div>\n            <div class=\"kksr-star\" style=\"padding-right: 3px\">\n            \n\n<div class=\"kksr-icon\" style=\"width: 20px; height: 20px;\"><\/div>\n        <\/div>\n    <\/div>\n<\/div>\n                \n\n<div class=\"kksr-legend\" style=\"font-size: 16px;\">\n            3.2\/5 - (6 votos)    <\/div>\n    <\/div>\n\n<figure id=\"attachment_26435\" aria-describedby=\"caption-attachment-26435\" style=\"width: 1200px\" class=\"wp-caption aligncenter\"><img data-recalc-dims=\"1\" loading=\"lazy\" decoding=\"async\" class=\"size-full wp-image-26435\" src=\"https:\/\/i0.wp.com\/www.reclamador.es\/blog\/wp-content\/uploads\/2021\/01\/aircraft-3239200_1280.jpg?resize=1200%2C769&#038;ssl=1\" alt=\"traslado cenizas en avion\" width=\"1200\" height=\"769\" srcset=\"https:\/\/i0.wp.com\/www.reclamador.es\/blog\/wp-content\/uploads\/2021\/01\/aircraft-3239200_1280.jpg?w=1200&amp;ssl=1 1200w, https:\/\/i0.wp.com\/www.reclamador.es\/blog\/wp-content\/uploads\/2021\/01\/aircraft-3239200_1280.jpg?resize=300%2C192&amp;ssl=1 300w, https:\/\/i0.wp.com\/www.reclamador.es\/blog\/wp-content\/uploads\/2021\/01\/aircraft-3239200_1280.jpg?resize=1024%2C656&amp;ssl=1 1024w, https:\/\/i0.wp.com\/www.reclamador.es\/blog\/wp-content\/uploads\/2021\/01\/aircraft-3239200_1280.jpg?resize=150%2C96&amp;ssl=1 150w, https:\/\/i0.wp.com\/www.reclamador.es\/blog\/wp-content\/uploads\/2021\/01\/aircraft-3239200_1280.jpg?resize=768%2C492&amp;ssl=1 768w\" sizes=\"auto, (max-width: 1000px) 100vw, 1000px\" \/><figcaption id=\"caption-attachment-26435\" class=\"wp-caption-text\"><em>Iberia, Ryanair, easyJet&#8230; \u00bfes posible llevar como equipaje mano una urna con cenizas de un difunto?<\/em><\/figcaption><\/figure>\n<p><span style=\"font-weight: 400;\">Las dudas que surgen a lo largo del proceso de despedida de un ser querido son multitudinarias. Por ejemplo, cuando se opta por la incineraci\u00f3n, las posteriores dudas que aparecen es qu\u00e9 hacer con esas cenizas o c\u00f3mo transportarlas si el destino elegido para su reposo requiere del traslado de cenizas en avi\u00f3n, principalmente como equipaje de mano, pues la opci\u00f3n de que esa urna con los restos del ser querido viajen en la bodega del avi\u00f3n -como equipaje facturado- no suele ser la opci\u00f3n elegida por los <a href=\"https:\/\/www.reclamador.es\/ayuda\/gestiones\/herederos-legitimarios-forzosos\/\">herederos.<\/a> por lo que supone que esa urna sea trasladada en las bodegas de las aeronaves.\u00a0<\/span><\/p>\n<h2><b>\u00bfSe pueden llevar las cenizas de un difunto en una urna como equipaje de mano?<\/b><\/h2>\n<p><span style=\"font-weight: 400;\">La respuesta no es un rotundo s\u00ed o no. Dicho esto, es cierto que, al menos las principales aerol\u00edneas que operan en Espa\u00f1a y m\u00e1s cuando el trayecto es nacional o dentro de las fronteras del Espacio Schengen, s\u00ed suelen permitir el traslado de cenizas en un avi\u00f3n como <a href=\"https:\/\/www.reclamador.es\/notas-de-prensa\/cosas-sorprendentes-que-tienen-cabida-en-el-equipaje-de-mano-y-no-sabias\/\">equipaje de mano<\/a>.\u00a0<\/span><\/p>\n<p><span style=\"font-weight: 400;\">Como dec\u00edamos, la respuesta no es categ\u00f3rica. Hay que consultar tanto la pol\u00edtica de equipaje de mano de la compa\u00f1\u00eda a\u00e9rea como el destino, m\u00e1s cuando no se trata de un pa\u00eds perteneciente al Espacio Schengen, pues en estos casos es fundamental consultar las normativas del pa\u00eds de destino de ese vuelo en el que se pretende entrar con la urna con las cenizas del ser querido.\u00a0<\/span><\/p>\n<p><span style=\"font-weight: 400;\">Vamos a ver algunos ejemplos de pol\u00edticas de <a href=\"https:\/\/www.reclamador.es\/aerolineas\/\">aerol\u00edneas<\/a> en lo que respecta al traslado de cenizas en un avi\u00f3n:\u00a0<\/span><\/p>\n<h3><b>Iberia<\/b><\/h3>\n<p><span style=\"font-weight: 400;\">La compa\u00f1\u00eda del Grupo IAG s\u00ed permite llevar cenizas de un difunto en una urna como equipaje de mano. Para ello, como explica en su p\u00e1gina web en el apartado de <\/span><a href=\"https:\/\/ayuda.iberia.com\/pregunta_frecuente\/esta-permitido-llevar-las-cenizas-de-un-difunto-en-una-urna-como-equipaje-de-mano\/\" target=\"_blank\" rel=\"nofollow noopener noreferrer\"><span style=\"font-weight: 400;\">preguntas frecuentes<\/span><\/a><span style=\"font-weight: 400;\">, Iberia pide que esa urna se porte debidamente cubierta y lo m\u00e1s disimulada posible dentro de la cabina del avi\u00f3n.\u00a0<\/span><\/p>\n<p><span style=\"font-weight: 400;\">Adem\u00e1s, esta aerol\u00ednea explica en su p\u00e1gina web que los documentos exigibles para este tipo de equipaje son los certificados de defunci\u00f3n e incineraci\u00f3n.\u00a0<\/span><\/p>\n<h3><b>Volar con cenizas humanas como equipaje de mano en Ryanair<\/b><\/h3>\n<p><span style=\"font-weight: 400;\">Ryanair tambi\u00e9n permite llevar las cenizas de un difunto en una urna como equipaje de mano. En la <\/span><a href=\"https:\/\/www.ryanair.com\/es\/es\/informacin-util\/centro-de-ayuda\/terminos-y-condiciones\" target=\"_blank\" rel=\"nofollow noopener noreferrer\"><span style=\"font-weight: 400;\">p\u00e1gina web de Ryanair<\/span><\/a><span style=\"font-weight: 400;\"> se detalla que <\/span><i><span style=\"font-weight: 400;\">\u201c<\/span><\/i><i><span style=\"font-weight: 400;\">Se permite transportar cenizas como equipaje de mano, adem\u00e1s del equipaje de mano normal, siempre que vengan acompa\u00f1adas de una copia del certificado de defunci\u00f3n y del certificado de incineraci\u00f3n. Debes asegurarte de que las cenizas est\u00e9n debidamente empaquetadas en un recipiente apropiado con un cierre de rosca y protegido contra roturas\u201d.\u00a0<\/span><\/i><\/p>\n<h3><b>easyJet<\/b><\/h3>\n<p><span style=\"font-weight: 400;\">Igualmente, <\/span><a href=\"https:\/\/www.easyjet.com\/es\/ayuda\/equipaje\/articulos-poco-comunes-y-restringidos\" target=\"_blank\" rel=\"nofollow noopener noreferrer\"><span style=\"font-weight: 400;\">easyJet<\/span><\/a><span style=\"font-weight: 400;\"> permite el transporte de cenizas en sus aviones, siempre y cuando el viajero que porte la urna las cenizas lo haga en un recipiente adecuado para tal fin y disponga de copia de los certificados que tambi\u00e9n se\u00f1alan aerol\u00edneas como Iberia o Ryanair, es decir, el certificado de defunci\u00f3n y el certificado de cremaci\u00f3n.\u00a0<\/span><\/p>\n<h2><b>Certificado de defunci\u00f3n y certificado de incineraci\u00f3n para viajar en avi\u00f3n<\/b><\/h2>\n<p><span style=\"font-weight: 400;\">Como ya hemos indicado en el repaso de algunas aerol\u00edneas, las compa\u00f1\u00edas a\u00e9reas, por norma general, solicitan al viajero que pretende viajar en avi\u00f3n con las cenizas de un difunto, contar con el certificado de defunci\u00f3n y el de incineraci\u00f3n para poder trasladar las cenizas del ser querido.\u00a0<\/span><\/p>\n<h3><strong>Consejo de reclamador.es para volar con cenizas en avi\u00f3n<\/strong><\/h3>\n<p><span style=\"font-weight: 400;\">Todos los viajeros que deseen realizar un viaje con una urna con cenizas de un difunto que lleven siempre consigo esta documentaci\u00f3n, es decir, certificado de defunci\u00f3n y certificado de incineraci\u00f3n. Adem\u00e1s de la compa\u00f1\u00eda a\u00e9rea, puede ser requerida por las autoridades y administraciones del lugar de origen y destino.\u00a0<\/span><\/p>\n<p><span style=\"font-weight: 400;\">Igualmente, adem\u00e1s de aconsejar llevar siempre esa documentaci\u00f3n,\u00a0 recomendamos consultar detenidamente siempre las pol\u00edticas de cada compa\u00f1\u00eda a\u00e9rea. Ante cualquier duda, ponerse en contacto con los servicios de atenci\u00f3n al cliente de las aerol\u00edneas para confirmar si es posible trasladar cenizas en un avi\u00f3n como equipaje de mano, as\u00ed como, de ser posible, el tama\u00f1o de la urna o cualquier otra especificaci\u00f3n que requiera el transporte a\u00e9reo de las cenizas.\u00a0<\/span><\/p>\n<p><span style=\"font-weight: 400;\">Por \u00faltimo, como ya se ha se\u00f1alado, a la hora de trasladar cenizas, si el viaje se realiza fuera de Espa\u00f1a es siempre aconsejable ponerse en contacto con la Embajada o Consulado de destino, para que sean directamente las autoridades quienes informen de los requisitos, obligatoriedades o prohibiciones de entrar al pa\u00eds con las cenizas de un difunto.\u00a0<\/span><\/p>\n<h2><strong>\u00bfEn qu\u00e9 casos te ayuda\u00a0reclamador.es?<\/strong><\/h2>\n<p>En lo que respecta a reclamaciones a\u00e9reas, en reclamador.es te ayudamos a <a href=\"https:\/\/www.reclamador.es\/aerolineas\/cancelacion-vuelo\/\">reclamar por la cancelaci\u00f3n de tu vuelo<\/a> o si este ha sufrido un <a href=\"https:\/\/www.reclamador.es\/aerolineas\/retraso-vuelo\/\">gran retraso<\/a>. Tambi\u00e9n en casos de <a href=\"https:\/\/www.reclamador.es\/aerolineas\/problemas-equipaje\/\">problemas con el equipaje<\/a> (por ejemplo, que llega da\u00f1ada la maleta) o si eres v\u00edctima de un <a href=\"https:\/\/www.reclamador.es\/aerolineas\/overbooking\/\">overbooking<\/a>.\u00a0<\/p>\n<p>\u00a0<\/p>\n<div class=\"ttr_end\"><\/div>","protected":false},"excerpt":{"rendered":"<p>Las dudas que surgen a lo largo del proceso de despedida de un ser querido son multitudinarias. Por ejemplo, cuando se opta por la incineraci\u00f3n, las posteriores dudas que aparecen es qu\u00e9 hacer con esas cenizas o c\u00f3mo transportarlas si el destino elegido para su reposo requiere del traslado de cenizas en avi\u00f3n, principalmente como [&hellip;]<\/p>\n","protected":false},"author":28,"featured_media":26435,"comment_status":"open","ping_status":"open","sticky":false,"template":"","format":"standard","meta":{"_acf_changed":false,"_genesis_hide_title":false,"_genesis_hide_breadcrumbs":false,"_genesis_hide_singular_image":false,"_genesis_hide_footer_widgets":false,"_genesis_custom_body_class":"","_genesis_custom_post_class":"","_genesis_layout":"","_jetpack_newsletter_access":"","_jetpack_dont_email_post_to_subs":false,"_jetpack_newsletter_tier_id":0,"_jetpack_memberships_contains_paywalled_content":false,"_jetpack_memberships_contains_paid_content":false,"footnotes":""},"categories":[393],"tags":[380,654],"class_list":{"0":"post-26431","1":"post","2":"type-post","3":"status-publish","4":"format-standard","5":"has-post-thumbnail","7":"category-consejos","8":"tag-aerolineas","9":"tag-equipaje","10":"entry"},"acf":[],"yoast_head":"<!-- This site is optimized with the Yoast SEO plugin v27.4 - https:\/\/yoast.com\/product\/yoast-seo-wordpress\/ -->\n<title>\u00bfEst\u00e1 permitido el traslado de cenizas en avi\u00f3n? Aerol\u00edneas y documentos<\/title>\n<meta name=\"description\" content=\"El traslado de cenizas en avi\u00f3n como equipaje de mano depende tanto de la aerol\u00ednea como del destino. Iberia, Ryanair o easJjet lo permiten.\" \/>\n<meta name=\"robots\" content=\"index, follow, max-snippet:-1, max-image-preview:large, max-video-preview:-1\" \/>\n<link rel=\"canonical\" href=\"https:\/\/www.reclamador.es\/blog\/traslado-de-cenizas-en-avion\/\" \/>\n<meta property=\"og:locale\" content=\"es_ES\" \/>\n<meta property=\"og:type\" content=\"article\" \/>\n<meta property=\"og:title\" content=\"\u00bfEst\u00e1 permitido el traslado de cenizas en avi\u00f3n? Aerol\u00edneas y documentos\" \/>\n<meta property=\"og:description\" content=\"El traslado de cenizas en avi\u00f3n como equipaje de mano depende tanto de la aerol\u00ednea como del destino. Iberia, Ryanair o easJjet lo permiten.\" \/>\n<meta property=\"og:url\" content=\"https:\/\/www.reclamador.es\/blog\/traslado-de-cenizas-en-avion\/\" \/>\n<meta property=\"og:site_name\" content=\"Rebeldes con causa, el blog de reclamador.es\" \/>\n<meta property=\"article:publisher\" content=\"https:\/\/www.facebook.com\/reclamador.es\" \/>\n<meta property=\"article:published_time\" content=\"2021-01-28T08:31:13+00:00\" \/>\n<meta property=\"article:modified_time\" content=\"2023-11-20T12:17:33+00:00\" \/>\n<meta property=\"og:image\" content=\"https:\/\/www.reclamador.es\/blog\/wp-content\/uploads\/2021\/01\/aircraft-3239200_1280.jpg\" \/>\n\t<meta property=\"og:image:width\" content=\"1200\" \/>\n\t<meta property=\"og:image:height\" content=\"769\" \/>\n\t<meta property=\"og:image:type\" content=\"image\/jpeg\" \/>\n<meta name=\"author\" content=\"Alicia Ria\u00f1o\" \/>\n<meta name=\"twitter:card\" content=\"summary_large_image\" \/>\n<meta name=\"twitter:creator\" content=\"@reclamador\" \/>\n<meta name=\"twitter:site\" content=\"@reclamador\" \/>\n<meta name=\"twitter:label1\" content=\"Escrito por\" \/>\n\t<meta name=\"twitter:data1\" content=\"Alicia Ria\u00f1o\" \/>\n\t<meta name=\"twitter:label2\" content=\"Tiempo de lectura\" \/>\n\t<meta name=\"twitter:data2\" content=\"4 minutos\" \/>\n<script type=\"application\/ld+json\" class=\"yoast-schema-graph\">{\"@context\":\"https:\\\/\\\/schema.org\",\"@graph\":[{\"@type\":\"Article\",\"@id\":\"https:\\\/\\\/www.reclamador.es\\\/blog\\\/traslado-de-cenizas-en-avion\\\/#article\",\"isPartOf\":{\"@id\":\"https:\\\/\\\/www.reclamador.es\\\/blog\\\/traslado-de-cenizas-en-avion\\\/\"},\"author\":{\"name\":\"Alicia Ria\u00f1o\",\"@id\":\"https:\\\/\\\/www.reclamador.es\\\/blog\\\/#\\\/schema\\\/person\\\/2a9d121a6362255b8129c6fda9caffd5\"},\"headline\":\"Traslado de cenizas en avi\u00f3n: \u00bfes posible?\",\"datePublished\":\"2021-01-28T08:31:13+00:00\",\"dateModified\":\"2023-11-20T12:17:33+00:00\",\"mainEntityOfPage\":{\"@id\":\"https:\\\/\\\/www.reclamador.es\\\/blog\\\/traslado-de-cenizas-en-avion\\\/\"},\"wordCount\":892,\"commentCount\":2,\"publisher\":{\"@id\":\"https:\\\/\\\/www.reclamador.es\\\/blog\\\/#organization\"},\"image\":{\"@id\":\"https:\\\/\\\/www.reclamador.es\\\/blog\\\/traslado-de-cenizas-en-avion\\\/#primaryimage\"},\"thumbnailUrl\":\"https:\\\/\\\/i0.wp.com\\\/www.reclamador.es\\\/blog\\\/wp-content\\\/uploads\\\/2021\\\/01\\\/aircraft-3239200_1280.jpg?fit=1200%2C769&ssl=1\",\"keywords\":[\"aerol\u00edneas\",\"equipaje\"],\"articleSection\":[\"Consejos legales\"],\"inLanguage\":\"es\",\"potentialAction\":[{\"@type\":\"CommentAction\",\"name\":\"Comment\",\"target\":[\"https:\\\/\\\/www.reclamador.es\\\/blog\\\/traslado-de-cenizas-en-avion\\\/#respond\"]}]},{\"@type\":\"WebPage\",\"@id\":\"https:\\\/\\\/www.reclamador.es\\\/blog\\\/traslado-de-cenizas-en-avion\\\/\",\"url\":\"https:\\\/\\\/www.reclamador.es\\\/blog\\\/traslado-de-cenizas-en-avion\\\/\",\"name\":\"\u00bfEst\u00e1 permitido el traslado de cenizas en avi\u00f3n? Aerol\u00edneas y documentos\",\"isPartOf\":{\"@id\":\"https:\\\/\\\/www.reclamador.es\\\/blog\\\/#website\"},\"primaryImageOfPage\":{\"@id\":\"https:\\\/\\\/www.reclamador.es\\\/blog\\\/traslado-de-cenizas-en-avion\\\/#primaryimage\"},\"image\":{\"@id\":\"https:\\\/\\\/www.reclamador.es\\\/blog\\\/traslado-de-cenizas-en-avion\\\/#primaryimage\"},\"thumbnailUrl\":\"https:\\\/\\\/i0.wp.com\\\/www.reclamador.es\\\/blog\\\/wp-content\\\/uploads\\\/2021\\\/01\\\/aircraft-3239200_1280.jpg?fit=1200%2C769&ssl=1\",\"datePublished\":\"2021-01-28T08:31:13+00:00\",\"dateModified\":\"2023-11-20T12:17:33+00:00\",\"description\":\"El traslado de cenizas en avi\u00f3n como equipaje de mano depende tanto de la aerol\u00ednea como del destino. Iberia, Ryanair o easJjet lo permiten.\",\"breadcrumb\":{\"@id\":\"https:\\\/\\\/www.reclamador.es\\\/blog\\\/traslado-de-cenizas-en-avion\\\/#breadcrumb\"},\"inLanguage\":\"es\",\"potentialAction\":[{\"@type\":\"ReadAction\",\"target\":[\"https:\\\/\\\/www.reclamador.es\\\/blog\\\/traslado-de-cenizas-en-avion\\\/\"]}]},{\"@type\":\"ImageObject\",\"inLanguage\":\"es\",\"@id\":\"https:\\\/\\\/www.reclamador.es\\\/blog\\\/traslado-de-cenizas-en-avion\\\/#primaryimage\",\"url\":\"https:\\\/\\\/i0.wp.com\\\/www.reclamador.es\\\/blog\\\/wp-content\\\/uploads\\\/2021\\\/01\\\/aircraft-3239200_1280.jpg?fit=1200%2C769&ssl=1\",\"contentUrl\":\"https:\\\/\\\/i0.wp.com\\\/www.reclamador.es\\\/blog\\\/wp-content\\\/uploads\\\/2021\\\/01\\\/aircraft-3239200_1280.jpg?fit=1200%2C769&ssl=1\",\"width\":1200,\"height\":769,\"caption\":\"Iberia, Ryanair, easyJet...\u00bfes posible llevar como equipaje mano una urna con cenizas de un difunto?\"},{\"@type\":\"BreadcrumbList\",\"@id\":\"https:\\\/\\\/www.reclamador.es\\\/blog\\\/traslado-de-cenizas-en-avion\\\/#breadcrumb\",\"itemListElement\":[{\"@type\":\"ListItem\",\"position\":1,\"name\":\"Portada\",\"item\":\"https:\\\/\\\/www.reclamador.es\\\/blog\\\/\"},{\"@type\":\"ListItem\",\"position\":2,\"name\":\"Traslado de cenizas en avi\u00f3n: \u00bfes posible?\"}]},{\"@type\":\"WebSite\",\"@id\":\"https:\\\/\\\/www.reclamador.es\\\/blog\\\/#website\",\"url\":\"https:\\\/\\\/www.reclamador.es\\\/blog\\\/\",\"name\":\"Rebeldes con causa, el blog de reclamador.es\",\"description\":\"Noticias, entrevistas y consejos sobre reclamaciones\",\"publisher\":{\"@id\":\"https:\\\/\\\/www.reclamador.es\\\/blog\\\/#organization\"},\"potentialAction\":[{\"@type\":\"SearchAction\",\"target\":{\"@type\":\"EntryPoint\",\"urlTemplate\":\"https:\\\/\\\/www.reclamador.es\\\/blog\\\/?s={search_term_string}\"},\"query-input\":{\"@type\":\"PropertyValueSpecification\",\"valueRequired\":true,\"valueName\":\"search_term_string\"}}],\"inLanguage\":\"es\"},{\"@type\":\"Organization\",\"@id\":\"https:\\\/\\\/www.reclamador.es\\\/blog\\\/#organization\",\"name\":\"reclamador.es\",\"url\":\"https:\\\/\\\/www.reclamador.es\\\/blog\\\/\",\"logo\":{\"@type\":\"ImageObject\",\"inLanguage\":\"es\",\"@id\":\"https:\\\/\\\/www.reclamador.es\\\/blog\\\/#\\\/schema\\\/logo\\\/image\\\/\",\"url\":\"https:\\\/\\\/i0.wp.com\\\/www.reclamador.es\\\/blog\\\/wp-content\\\/uploads\\\/2020\\\/01\\\/logo-reclamador.png?fit=1200%2C144&ssl=1\",\"contentUrl\":\"https:\\\/\\\/i0.wp.com\\\/www.reclamador.es\\\/blog\\\/wp-content\\\/uploads\\\/2020\\\/01\\\/logo-reclamador.png?fit=1200%2C144&ssl=1\",\"width\":1200,\"height\":144,\"caption\":\"reclamador.es\"},\"image\":{\"@id\":\"https:\\\/\\\/www.reclamador.es\\\/blog\\\/#\\\/schema\\\/logo\\\/image\\\/\"},\"sameAs\":[\"https:\\\/\\\/www.facebook.com\\\/reclamador.es\",\"https:\\\/\\\/x.com\\\/reclamador\",\"https:\\\/\\\/www.instagram.com\\\/reclamador.es\\\/\",\"https:\\\/\\\/www.linkedin.com\\\/company\\\/reclamador-es\",\"https:\\\/\\\/www.youtube.com\\\/user\\\/Reclamadores\"]},{\"@type\":\"Person\",\"@id\":\"https:\\\/\\\/www.reclamador.es\\\/blog\\\/#\\\/schema\\\/person\\\/2a9d121a6362255b8129c6fda9caffd5\",\"name\":\"Alicia Ria\u00f1o\",\"image\":{\"@type\":\"ImageObject\",\"inLanguage\":\"es\",\"@id\":\"https:\\\/\\\/secure.gravatar.com\\\/avatar\\\/2915f7664bf5ed4baf932328fabfe761f32f21ec1b577e7d54a7fee6613de25f?s=96&d=mm&r=g\",\"url\":\"https:\\\/\\\/secure.gravatar.com\\\/avatar\\\/2915f7664bf5ed4baf932328fabfe761f32f21ec1b577e7d54a7fee6613de25f?s=96&d=mm&r=g\",\"contentUrl\":\"https:\\\/\\\/secure.gravatar.com\\\/avatar\\\/2915f7664bf5ed4baf932328fabfe761f32f21ec1b577e7d54a7fee6613de25f?s=96&d=mm&r=g\",\"caption\":\"Alicia Ria\u00f1o\"},\"description\":\"Periodista experta en comunicaci\u00f3n y marketing digital. Escribo para acercar la informaci\u00f3n legal de forma sencilla y comprensible a las personas.\",\"sameAs\":[\"https:\\\/\\\/www.linkedin.com\\\/in\\\/alicia-r-932a2959\"],\"url\":\"https:\\\/\\\/www.reclamador.es\\\/blog\\\/author\\\/alicia-riano\\\/\"}]}<\/script>\n<!-- \/ Yoast SEO plugin. -->","yoast_head_json":{"title":"\u00bfEst\u00e1 permitido el traslado de cenizas en avi\u00f3n? Aerol\u00edneas y documentos","description":"El traslado de cenizas en avi\u00f3n como equipaje de mano depende tanto de la aerol\u00ednea como del destino. Iberia, Ryanair o easJjet lo permiten.","robots":{"index":"index","follow":"follow","max-snippet":"max-snippet:-1","max-image-preview":"max-image-preview:large","max-video-preview":"max-video-preview:-1"},"canonical":"https:\/\/www.reclamador.es\/blog\/traslado-de-cenizas-en-avion\/","og_locale":"es_ES","og_type":"article","og_title":"\u00bfEst\u00e1 permitido el traslado de cenizas en avi\u00f3n? Aerol\u00edneas y documentos","og_description":"El traslado de cenizas en avi\u00f3n como equipaje de mano depende tanto de la aerol\u00ednea como del destino. Iberia, Ryanair o easJjet lo permiten.","og_url":"https:\/\/www.reclamador.es\/blog\/traslado-de-cenizas-en-avion\/","og_site_name":"Rebeldes con causa, el blog de reclamador.es","article_publisher":"https:\/\/www.facebook.com\/reclamador.es","article_published_time":"2021-01-28T08:31:13+00:00","article_modified_time":"2023-11-20T12:17:33+00:00","og_image":[{"width":1200,"height":769,"url":"https:\/\/www.reclamador.es\/blog\/wp-content\/uploads\/2021\/01\/aircraft-3239200_1280.jpg","type":"image\/jpeg"}],"author":"Alicia Ria\u00f1o","twitter_card":"summary_large_image","twitter_creator":"@reclamador","twitter_site":"@reclamador","twitter_misc":{"Escrito por":"Alicia Ria\u00f1o","Tiempo de lectura":"4 minutos"},"schema":{"@context":"https:\/\/schema.org","@graph":[{"@type":"Article","@id":"https:\/\/www.reclamador.es\/blog\/traslado-de-cenizas-en-avion\/#article","isPartOf":{"@id":"https:\/\/www.reclamador.es\/blog\/traslado-de-cenizas-en-avion\/"},"author":{"name":"Alicia Ria\u00f1o","@id":"https:\/\/www.reclamador.es\/blog\/#\/schema\/person\/2a9d121a6362255b8129c6fda9caffd5"},"headline":"Traslado de cenizas en avi\u00f3n: \u00bfes posible?","datePublished":"2021-01-28T08:31:13+00:00","dateModified":"2023-11-20T12:17:33+00:00","mainEntityOfPage":{"@id":"https:\/\/www.reclamador.es\/blog\/traslado-de-cenizas-en-avion\/"},"wordCount":892,"commentCount":2,"publisher":{"@id":"https:\/\/www.reclamador.es\/blog\/#organization"},"image":{"@id":"https:\/\/www.reclamador.es\/blog\/traslado-de-cenizas-en-avion\/#primaryimage"},"thumbnailUrl":"https:\/\/i0.wp.com\/www.reclamador.es\/blog\/wp-content\/uploads\/2021\/01\/aircraft-3239200_1280.jpg?fit=1200%2C769&ssl=1","keywords":["aerol\u00edneas","equipaje"],"articleSection":["Consejos legales"],"inLanguage":"es","potentialAction":[{"@type":"CommentAction","name":"Comment","target":["https:\/\/www.reclamador.es\/blog\/traslado-de-cenizas-en-avion\/#respond"]}]},{"@type":"WebPage","@id":"https:\/\/www.reclamador.es\/blog\/traslado-de-cenizas-en-avion\/","url":"https:\/\/www.reclamador.es\/blog\/traslado-de-cenizas-en-avion\/","name":"\u00bfEst\u00e1 permitido el traslado de cenizas en avi\u00f3n? Aerol\u00edneas y documentos","isPartOf":{"@id":"https:\/\/www.reclamador.es\/blog\/#website"},"primaryImageOfPage":{"@id":"https:\/\/www.reclamador.es\/blog\/traslado-de-cenizas-en-avion\/#primaryimage"},"image":{"@id":"https:\/\/www.reclamador.es\/blog\/traslado-de-cenizas-en-avion\/#primaryimage"},"thumbnailUrl":"https:\/\/i0.wp.com\/www.reclamador.es\/blog\/wp-content\/uploads\/2021\/01\/aircraft-3239200_1280.jpg?fit=1200%2C769&ssl=1","datePublished":"2021-01-28T08:31:13+00:00","dateModified":"2023-11-20T12:17:33+00:00","description":"El traslado de cenizas en avi\u00f3n como equipaje de mano depende tanto de la aerol\u00ednea como del destino. Iberia, Ryanair o easJjet lo permiten.","breadcrumb":{"@id":"https:\/\/www.reclamador.es\/blog\/traslado-de-cenizas-en-avion\/#breadcrumb"},"inLanguage":"es","potentialAction":[{"@type":"ReadAction","target":["https:\/\/www.reclamador.es\/blog\/traslado-de-cenizas-en-avion\/"]}]},{"@type":"ImageObject","inLanguage":"es","@id":"https:\/\/www.reclamador.es\/blog\/traslado-de-cenizas-en-avion\/#primaryimage","url":"https:\/\/i0.wp.com\/www.reclamador.es\/blog\/wp-content\/uploads\/2021\/01\/aircraft-3239200_1280.jpg?fit=1200%2C769&ssl=1","contentUrl":"https:\/\/i0.wp.com\/www.reclamador.es\/blog\/wp-content\/uploads\/2021\/01\/aircraft-3239200_1280.jpg?fit=1200%2C769&ssl=1","width":1200,"height":769,"caption":"Iberia, Ryanair, easyJet...\u00bfes posible llevar como equipaje mano una urna con cenizas de un difunto?"},{"@type":"BreadcrumbList","@id":"https:\/\/www.reclamador.es\/blog\/traslado-de-cenizas-en-avion\/#breadcrumb","itemListElement":[{"@type":"ListItem","position":1,"name":"Portada","item":"https:\/\/www.reclamador.es\/blog\/"},{"@type":"ListItem","position":2,"name":"Traslado de cenizas en avi\u00f3n: \u00bfes posible?"}]},{"@type":"WebSite","@id":"https:\/\/www.reclamador.es\/blog\/#website","url":"https:\/\/www.reclamador.es\/blog\/","name":"Rebeldes con causa, el blog de reclamador.es","description":"Noticias, entrevistas y consejos sobre reclamaciones","publisher":{"@id":"https:\/\/www.reclamador.es\/blog\/#organization"},"potentialAction":[{"@type":"SearchAction","target":{"@type":"EntryPoint","urlTemplate":"https:\/\/www.reclamador.es\/blog\/?s={search_term_string}"},"query-input":{"@type":"PropertyValueSpecification","valueRequired":true,"valueName":"search_term_string"}}],"inLanguage":"es"},{"@type":"Organization","@id":"https:\/\/www.reclamador.es\/blog\/#organization","name":"reclamador.es","url":"https:\/\/www.reclamador.es\/blog\/","logo":{"@type":"ImageObject","inLanguage":"es","@id":"https:\/\/www.reclamador.es\/blog\/#\/schema\/logo\/image\/","url":"https:\/\/i0.wp.com\/www.reclamador.es\/blog\/wp-content\/uploads\/2020\/01\/logo-reclamador.png?fit=1200%2C144&ssl=1","contentUrl":"https:\/\/i0.wp.com\/www.reclamador.es\/blog\/wp-content\/uploads\/2020\/01\/logo-reclamador.png?fit=1200%2C144&ssl=1","width":1200,"height":144,"caption":"reclamador.es"},"image":{"@id":"https:\/\/www.reclamador.es\/blog\/#\/schema\/logo\/image\/"},"sameAs":["https:\/\/www.facebook.com\/reclamador.es","https:\/\/x.com\/reclamador","https:\/\/www.instagram.com\/reclamador.es\/","https:\/\/www.linkedin.com\/company\/reclamador-es","https:\/\/www.youtube.com\/user\/Reclamadores"]},{"@type":"Person","@id":"https:\/\/www.reclamador.es\/blog\/#\/schema\/person\/2a9d121a6362255b8129c6fda9caffd5","name":"Alicia Ria\u00f1o","image":{"@type":"ImageObject","inLanguage":"es","@id":"https:\/\/secure.gravatar.com\/avatar\/2915f7664bf5ed4baf932328fabfe761f32f21ec1b577e7d54a7fee6613de25f?s=96&d=mm&r=g","url":"https:\/\/secure.gravatar.com\/avatar\/2915f7664bf5ed4baf932328fabfe761f32f21ec1b577e7d54a7fee6613de25f?s=96&d=mm&r=g","contentUrl":"https:\/\/secure.gravatar.com\/avatar\/2915f7664bf5ed4baf932328fabfe761f32f21ec1b577e7d54a7fee6613de25f?s=96&d=mm&r=g","caption":"Alicia Ria\u00f1o"},"description":"Periodista experta en comunicaci\u00f3n y marketing digital. Escribo para acercar la informaci\u00f3n legal de forma sencilla y comprensible a las personas.","sameAs":["https:\/\/www.linkedin.com\/in\/alicia-r-932a2959"],"url":"https:\/\/www.reclamador.es\/blog\/author\/alicia-riano\/"}]}},"jetpack_featured_media_url":"https:\/\/i0.wp.com\/www.reclamador.es\/blog\/wp-content\/uploads\/2021\/01\/aircraft-3239200_1280.jpg?fit=1200%2C769&ssl=1","jetpack-related-posts":[{"id":35247,"url":"https:\/\/www.reclamador.es\/blog\/como-elegir-mochilas-para-viajar-en-avion\/","url_meta":{"origin":26431,"position":0},"title":"\u00bfC\u00f3mo elegir mochilas para viajar en avi\u00f3n?","author":"Alicia Ria\u00f1o","date":"17 noviembre, 2025","format":false,"excerpt":"En reclamador.es somos conscientes de los cambios que se han producido en relaci\u00f3n al equipaje de mano en vuelos, especialmente en aerol\u00edneas de bajo coste, como Ryanair. Por eso, en el anterior art\u00edculo habl\u00e1bamos sobre las medidas exactas permitidas gratis como equipaje de mano en hasta 8 aerol\u00edneas y, ahora,\u2026","rel":"","context":"En \u00abConsejos legales\u00bb","block_context":{"text":"Consejos legales","link":"https:\/\/www.reclamador.es\/blog\/consejos\/"},"img":{"alt_text":"tipos mochilas equipaje de mano gratis","src":"https:\/\/i0.wp.com\/www.reclamador.es\/blog\/wp-content\/uploads\/2025\/11\/mochilas-para-viajar-en-avion.jpg?fit=1200%2C630&ssl=1&resize=350%2C200","width":350,"height":200,"srcset":"https:\/\/i0.wp.com\/www.reclamador.es\/blog\/wp-content\/uploads\/2025\/11\/mochilas-para-viajar-en-avion.jpg?fit=1200%2C630&ssl=1&resize=350%2C200 1x, https:\/\/i0.wp.com\/www.reclamador.es\/blog\/wp-content\/uploads\/2025\/11\/mochilas-para-viajar-en-avion.jpg?fit=1200%2C630&ssl=1&resize=525%2C300 1.5x, https:\/\/i0.wp.com\/www.reclamador.es\/blog\/wp-content\/uploads\/2025\/11\/mochilas-para-viajar-en-avion.jpg?fit=1200%2C630&ssl=1&resize=700%2C400 2x, https:\/\/i0.wp.com\/www.reclamador.es\/blog\/wp-content\/uploads\/2025\/11\/mochilas-para-viajar-en-avion.jpg?fit=1200%2C630&ssl=1&resize=1050%2C600 3x"},"classes":[]},{"id":35452,"url":"https:\/\/www.reclamador.es\/blog\/cepillo-de-dientes-electrico-en-avion\/","url_meta":{"origin":26431,"position":1},"title":"\u00bfSe puede llevar cepillo de dientes el\u00e9ctrico en el avi\u00f3n?","author":"Alicia Ria\u00f1o","date":"8 enero, 2026","format":false,"excerpt":"Estudios recientes revelan que algo menos del 50 % de los adultos usan hoy en d\u00eda cepillos de dientes el\u00e9ctricos, los m\u00e1s recomendados por dentistas e higienistas dentales. Ya sea un viaje de trabajo o un viaje por ocio, todas las personas llevan consigo su cepillo de dientes, ya sea\u2026","rel":"","context":"En \u00abConsejos legales\u00bb","block_context":{"text":"Consejos legales","link":"https:\/\/www.reclamador.es\/blog\/consejos\/"},"img":{"alt_text":"equipaje de mano o equipaje facturado - cepillo de dientes electrico en avion","src":"https:\/\/i0.wp.com\/www.reclamador.es\/blog\/wp-content\/uploads\/2026\/01\/cepillo-de-dientes-electrico-avion.jpg?fit=1200%2C630&ssl=1&resize=350%2C200","width":350,"height":200,"srcset":"https:\/\/i0.wp.com\/www.reclamador.es\/blog\/wp-content\/uploads\/2026\/01\/cepillo-de-dientes-electrico-avion.jpg?fit=1200%2C630&ssl=1&resize=350%2C200 1x, https:\/\/i0.wp.com\/www.reclamador.es\/blog\/wp-content\/uploads\/2026\/01\/cepillo-de-dientes-electrico-avion.jpg?fit=1200%2C630&ssl=1&resize=525%2C300 1.5x, https:\/\/i0.wp.com\/www.reclamador.es\/blog\/wp-content\/uploads\/2026\/01\/cepillo-de-dientes-electrico-avion.jpg?fit=1200%2C630&ssl=1&resize=700%2C400 2x, https:\/\/i0.wp.com\/www.reclamador.es\/blog\/wp-content\/uploads\/2026\/01\/cepillo-de-dientes-electrico-avion.jpg?fit=1200%2C630&ssl=1&resize=1050%2C600 3x"},"classes":[]},{"id":34771,"url":"https:\/\/www.reclamador.es\/blog\/como-llevar-una-sombrilla-de-playa-en-el-avion\/","url_meta":{"origin":26431,"position":2},"title":"\u00bfC\u00f3mo llevar una sombrilla de playa en el avi\u00f3n?","author":"Itziar Sanchez","date":"20 agosto, 2025","format":false,"excerpt":"Seguro que si te vas de vacaciones en avi\u00f3n a un destino de playa o vas a volver de tus vacaciones donde te has comprado una sombrilla para resguardarte del sol en la playa, te has planteado c\u00f3mo llevar una sombrilla en el avi\u00f3n. En este blog ya explicamos que,\u2026","rel":"","context":"En \u00abConsejos legales\u00bb","block_context":{"text":"Consejos legales","link":"https:\/\/www.reclamador.es\/blog\/consejos\/"},"img":{"alt_text":"sombrilla de playa en el avi\u00f3n","src":"https:\/\/i0.wp.com\/www.reclamador.es\/blog\/wp-content\/uploads\/2025\/08\/se-puede-llevar-una-sombrilla-en-el-avion-reclamador.jpg?fit=1200%2C630&ssl=1&resize=350%2C200","width":350,"height":200,"srcset":"https:\/\/i0.wp.com\/www.reclamador.es\/blog\/wp-content\/uploads\/2025\/08\/se-puede-llevar-una-sombrilla-en-el-avion-reclamador.jpg?fit=1200%2C630&ssl=1&resize=350%2C200 1x, https:\/\/i0.wp.com\/www.reclamador.es\/blog\/wp-content\/uploads\/2025\/08\/se-puede-llevar-una-sombrilla-en-el-avion-reclamador.jpg?fit=1200%2C630&ssl=1&resize=525%2C300 1.5x, https:\/\/i0.wp.com\/www.reclamador.es\/blog\/wp-content\/uploads\/2025\/08\/se-puede-llevar-una-sombrilla-en-el-avion-reclamador.jpg?fit=1200%2C630&ssl=1&resize=700%2C400 2x, https:\/\/i0.wp.com\/www.reclamador.es\/blog\/wp-content\/uploads\/2025\/08\/se-puede-llevar-una-sombrilla-en-el-avion-reclamador.jpg?fit=1200%2C630&ssl=1&resize=1050%2C600 3x"},"classes":[]},{"id":33953,"url":"https:\/\/www.reclamador.es\/blog\/se-puede-llevar-paraguas-en-el-avion-equipaje-de-mano-y-facturado\/","url_meta":{"origin":26431,"position":3},"title":"\u00bfSe puede llevar paraguas en el avi\u00f3n? Equipaje de mano y facturado","author":"Equipo reclamador","date":"8 abril, 2025","format":false,"excerpt":"\u00bfQui\u00e9n no se ha ido de viaje y ha pensado en llevarse un paraguas porque en el destino la previsi\u00f3n meteorol\u00f3gica da altas probabilidades de lluvia? Cuando el trayecto es en coche, tren o autob\u00fas no hay dudas, pero cuando se trata de un viaje en avi\u00f3n s\u00ed surge la\u2026","rel":"","context":"En \u00abConsejos legales\u00bb","block_context":{"text":"Consejos legales","link":"https:\/\/www.reclamador.es\/blog\/consejos\/"},"img":{"alt_text":"se puede llevar paraguas en el equipaje de mano","src":"https:\/\/i0.wp.com\/www.reclamador.es\/blog\/wp-content\/uploads\/2025\/04\/paraguas-en-el-avion-1200x630-1.jpg?fit=1200%2C630&ssl=1&resize=350%2C200","width":350,"height":200,"srcset":"https:\/\/i0.wp.com\/www.reclamador.es\/blog\/wp-content\/uploads\/2025\/04\/paraguas-en-el-avion-1200x630-1.jpg?fit=1200%2C630&ssl=1&resize=350%2C200 1x, https:\/\/i0.wp.com\/www.reclamador.es\/blog\/wp-content\/uploads\/2025\/04\/paraguas-en-el-avion-1200x630-1.jpg?fit=1200%2C630&ssl=1&resize=525%2C300 1.5x, https:\/\/i0.wp.com\/www.reclamador.es\/blog\/wp-content\/uploads\/2025\/04\/paraguas-en-el-avion-1200x630-1.jpg?fit=1200%2C630&ssl=1&resize=700%2C400 2x, https:\/\/i0.wp.com\/www.reclamador.es\/blog\/wp-content\/uploads\/2025\/04\/paraguas-en-el-avion-1200x630-1.jpg?fit=1200%2C630&ssl=1&resize=1050%2C600 3x"},"classes":[]},{"id":35440,"url":"https:\/\/www.reclamador.es\/blog\/llevar-pasta-de-dientes-en-avion-cuando-esta-prohibido\/","url_meta":{"origin":26431,"position":4},"title":"Llevar pasta de dientes en avi\u00f3n: \u00bfcu\u00e1ndo est\u00e1 prohibido?","author":"Alicia Ria\u00f1o","date":"12 enero, 2026","format":false,"excerpt":"Es raro pensar en hacer un viaje, ya sea corto o de muchos d\u00edas, y no llevar pasta de dientes. El dent\u00edfrico suele tener diferentes tama\u00f1os y formatos, por lo que a la hora de preparar la maleta y el neceser, cuando el viaje es avi\u00f3n, hay que escoger muy\u2026","rel":"","context":"En \u00abConsejos legales\u00bb","block_context":{"text":"Consejos legales","link":"https:\/\/www.reclamador.es\/blog\/consejos\/"},"img":{"alt_text":"cu\u00e1ndo est\u00e1 prohibido llevar pasta de dientes en avion","src":"https:\/\/i0.wp.com\/www.reclamador.es\/blog\/wp-content\/uploads\/2026\/01\/Diseno-sin-titulo-6.jpg?fit=1200%2C630&ssl=1&resize=350%2C200","width":350,"height":200,"srcset":"https:\/\/i0.wp.com\/www.reclamador.es\/blog\/wp-content\/uploads\/2026\/01\/Diseno-sin-titulo-6.jpg?fit=1200%2C630&ssl=1&resize=350%2C200 1x, https:\/\/i0.wp.com\/www.reclamador.es\/blog\/wp-content\/uploads\/2026\/01\/Diseno-sin-titulo-6.jpg?fit=1200%2C630&ssl=1&resize=525%2C300 1.5x, https:\/\/i0.wp.com\/www.reclamador.es\/blog\/wp-content\/uploads\/2026\/01\/Diseno-sin-titulo-6.jpg?fit=1200%2C630&ssl=1&resize=700%2C400 2x, https:\/\/i0.wp.com\/www.reclamador.es\/blog\/wp-content\/uploads\/2026\/01\/Diseno-sin-titulo-6.jpg?fit=1200%2C630&ssl=1&resize=1050%2C600 3x"},"classes":[]},{"id":35195,"url":"https:\/\/www.reclamador.es\/blog\/se-pueden-llevar-cuchillas-de-afeitar-en-el-avion-equipaje-de-mano-vs-equipaje-facturado\/","url_meta":{"origin":26431,"position":5},"title":"\u00bfSe pueden llevar cuchillas de afeitar en el avi\u00f3n? Equipaje de mano vs equipaje facturado","author":"Alicia Ria\u00f1o","date":"30 octubre, 2025","format":false,"excerpt":"La respuesta a la pregunta \u00bfse pueden llevar cuchillas de afeitar en el avi\u00f3n? es s\u00ed, pero depende del tipo de cuchilla de afeitar, podr\u00e1 ir en el equipaje de mano o tendr\u00e1s que llevarla obligatoriamente en la maleta facturada. Vamos ahora a ver qu\u00e9 tipo de cuchillas de afeitar\u2026","rel":"","context":"En \u00abConsejos legales\u00bb","block_context":{"text":"Consejos legales","link":"https:\/\/www.reclamador.es\/blog\/consejos\/"},"img":{"alt_text":"cuchillas de afeitar equipaje de mano","src":"https:\/\/i0.wp.com\/www.reclamador.es\/blog\/wp-content\/uploads\/2025\/10\/cuchillas-de-afeitar-en-el-avion-equipaje-de-mano.jpg?fit=1200%2C630&ssl=1&resize=350%2C200","width":350,"height":200,"srcset":"https:\/\/i0.wp.com\/www.reclamador.es\/blog\/wp-content\/uploads\/2025\/10\/cuchillas-de-afeitar-en-el-avion-equipaje-de-mano.jpg?fit=1200%2C630&ssl=1&resize=350%2C200 1x, https:\/\/i0.wp.com\/www.reclamador.es\/blog\/wp-content\/uploads\/2025\/10\/cuchillas-de-afeitar-en-el-avion-equipaje-de-mano.jpg?fit=1200%2C630&ssl=1&resize=525%2C300 1.5x, https:\/\/i0.wp.com\/www.reclamador.es\/blog\/wp-content\/uploads\/2025\/10\/cuchillas-de-afeitar-en-el-avion-equipaje-de-mano.jpg?fit=1200%2C630&ssl=1&resize=700%2C400 2x, https:\/\/i0.wp.com\/www.reclamador.es\/blog\/wp-content\/uploads\/2025\/10\/cuchillas-de-afeitar-en-el-avion-equipaje-de-mano.jpg?fit=1200%2C630&ssl=1&resize=1050%2C600 3x"},"classes":[]}],"jetpack_sharing_enabled":true,"_links":{"self":[{"href":"https:\/\/www.reclamador.es\/blog\/wp-json\/wp\/v2\/posts\/26431","targetHints":{"allow":["GET"]}}],"collection":[{"href":"https:\/\/www.reclamador.es\/blog\/wp-json\/wp\/v2\/posts"}],"about":[{"href":"https:\/\/www.reclamador.es\/blog\/wp-json\/wp\/v2\/types\/post"}],"author":[{"embeddable":true,"href":"https:\/\/www.reclamador.es\/blog\/wp-json\/wp\/v2\/users\/28"}],"replies":[{"embeddable":true,"href":"https:\/\/www.reclamador.es\/blog\/wp-json\/wp\/v2\/comments?post=26431"}],"version-history":[{"count":13,"href":"https:\/\/www.reclamador.es\/blog\/wp-json\/wp\/v2\/posts\/26431\/revisions"}],"predecessor-version":[{"id":31730,"href":"https:\/\/www.reclamador.es\/blog\/wp-json\/wp\/v2\/posts\/26431\/revisions\/31730"}],"wp:featuredmedia":[{"embeddable":true,"href":"https:\/\/www.reclamador.es\/blog\/wp-json\/wp\/v2\/media\/26435"}],"wp:attachment":[{"href":"https:\/\/www.reclamador.es\/blog\/wp-json\/wp\/v2\/media?parent=26431"}],"wp:term":[{"taxonomy":"category","embeddable":true,"href":"https:\/\/www.reclamador.es\/blog\/wp-json\/wp\/v2\/categories?post=26431"},{"taxonomy":"post_tag","embeddable":true,"href":"https:\/\/www.reclamador.es\/blog\/wp-json\/wp\/v2\/tags?post=26431"}],"curies":[{"name":"wp","href":"https:\/\/api.w.org\/{rel}","templated":true}]}}