{"id":26229,"date":"2020-11-03T10:49:43","date_gmt":"2020-11-03T09:49:43","guid":{"rendered":"https:\/\/www.reclamador.es\/blog\/?p=26229"},"modified":"2025-04-01T19:18:06","modified_gmt":"2025-04-01T17:18:06","slug":"gastos-de-hipoteca-demandas-individuales","status":"publish","type":"post","link":"https:\/\/www.reclamador.es\/blog\/gastos-de-hipoteca-demandas-individuales\/","title":{"rendered":"Gastos de hipoteca: \u00bfpor qu\u00e9 planteamos demandas individuales?"},"content":{"rendered":"<div class=\"ttr_start\"><\/div>\n\n<div class=\"kk-star-ratings kksr-auto kksr-align-right kksr-valign-top\"\n    data-payload='{&quot;align&quot;:&quot;right&quot;,&quot;id&quot;:&quot;26229&quot;,&quot;slug&quot;:&quot;default&quot;,&quot;valign&quot;:&quot;top&quot;,&quot;ignore&quot;:&quot;&quot;,&quot;reference&quot;:&quot;auto&quot;,&quot;class&quot;:&quot;&quot;,&quot;count&quot;:&quot;2&quot;,&quot;legendonly&quot;:&quot;&quot;,&quot;readonly&quot;:&quot;&quot;,&quot;score&quot;:&quot;5&quot;,&quot;starsonly&quot;:&quot;&quot;,&quot;best&quot;:&quot;5&quot;,&quot;gap&quot;:&quot;3&quot;,&quot;greet&quot;:&quot;Valora este art\u00edculo&quot;,&quot;legend&quot;:&quot;5\\\/5 - (2 votos)&quot;,&quot;size&quot;:&quot;20&quot;,&quot;title&quot;:&quot;Gastos de hipoteca: \u00bfpor qu\u00e9 planteamos demandas individuales?&quot;,&quot;width&quot;:&quot;113.5&quot;,&quot;_legend&quot;:&quot;{score}\\\/{best} - ({count} {votes})&quot;,&quot;font_factor&quot;:&quot;1.25&quot;}'>\n            \n<div class=\"kksr-stars\">\n    \n<div class=\"kksr-stars-inactive\">\n            <div class=\"kksr-star\" data-star=\"1\" style=\"padding-right: 3px\">\n            \n\n<div class=\"kksr-icon\" style=\"width: 20px; height: 20px;\"><\/div>\n        <\/div>\n            <div class=\"kksr-star\" data-star=\"2\" style=\"padding-right: 3px\">\n            \n\n<div class=\"kksr-icon\" style=\"width: 20px; height: 20px;\"><\/div>\n        <\/div>\n            <div class=\"kksr-star\" data-star=\"3\" style=\"padding-right: 3px\">\n            \n\n<div class=\"kksr-icon\" style=\"width: 20px; height: 20px;\"><\/div>\n        <\/div>\n            <div class=\"kksr-star\" data-star=\"4\" style=\"padding-right: 3px\">\n            \n\n<div class=\"kksr-icon\" style=\"width: 20px; height: 20px;\"><\/div>\n        <\/div>\n            <div class=\"kksr-star\" data-star=\"5\" style=\"padding-right: 3px\">\n            \n\n<div class=\"kksr-icon\" style=\"width: 20px; height: 20px;\"><\/div>\n        <\/div>\n    <\/div>\n    \n<div class=\"kksr-stars-active\" style=\"width: 113.5px;\">\n            <div class=\"kksr-star\" style=\"padding-right: 3px\">\n            \n\n<div class=\"kksr-icon\" style=\"width: 20px; height: 20px;\"><\/div>\n        <\/div>\n            <div class=\"kksr-star\" style=\"padding-right: 3px\">\n            \n\n<div class=\"kksr-icon\" style=\"width: 20px; height: 20px;\"><\/div>\n        <\/div>\n            <div class=\"kksr-star\" style=\"padding-right: 3px\">\n            \n\n<div class=\"kksr-icon\" style=\"width: 20px; height: 20px;\"><\/div>\n        <\/div>\n            <div class=\"kksr-star\" style=\"padding-right: 3px\">\n            \n\n<div class=\"kksr-icon\" style=\"width: 20px; height: 20px;\"><\/div>\n        <\/div>\n            <div class=\"kksr-star\" style=\"padding-right: 3px\">\n            \n\n<div class=\"kksr-icon\" style=\"width: 20px; height: 20px;\"><\/div>\n        <\/div>\n    <\/div>\n<\/div>\n                \n\n<div class=\"kksr-legend\" style=\"font-size: 16px;\">\n            5\/5 - (2 votos)    <\/div>\n    <\/div>\n\n<figure id=\"attachment_26232\" aria-describedby=\"caption-attachment-26232\" style=\"width: 1200px\" class=\"wp-caption aligncenter\"><img data-recalc-dims=\"1\" loading=\"lazy\" decoding=\"async\" class=\"size-full wp-image-26232\" src=\"https:\/\/i0.wp.com\/www.reclamador.es\/blog\/wp-content\/uploads\/2020\/11\/sentencia-gastos-de-hipoteca.jpg?resize=1200%2C630&#038;ssl=1\" alt=\"demanda colectiva sentencia gastos de hipoteca\" width=\"1200\" height=\"630\" srcset=\"https:\/\/i0.wp.com\/www.reclamador.es\/blog\/wp-content\/uploads\/2020\/11\/sentencia-gastos-de-hipoteca.jpg?w=1200&amp;ssl=1 1200w, https:\/\/i0.wp.com\/www.reclamador.es\/blog\/wp-content\/uploads\/2020\/11\/sentencia-gastos-de-hipoteca.jpg?resize=300%2C158&amp;ssl=1 300w, https:\/\/i0.wp.com\/www.reclamador.es\/blog\/wp-content\/uploads\/2020\/11\/sentencia-gastos-de-hipoteca.jpg?resize=1024%2C538&amp;ssl=1 1024w, https:\/\/i0.wp.com\/www.reclamador.es\/blog\/wp-content\/uploads\/2020\/11\/sentencia-gastos-de-hipoteca.jpg?resize=150%2C79&amp;ssl=1 150w, https:\/\/i0.wp.com\/www.reclamador.es\/blog\/wp-content\/uploads\/2020\/11\/sentencia-gastos-de-hipoteca.jpg?resize=768%2C403&amp;ssl=1 768w\" sizes=\"auto, (max-width: 1000px) 100vw, 1000px\" \/><figcaption id=\"caption-attachment-26232\" class=\"wp-caption-text\"><em>Las consecuencias de la sentencia sobre gastos de hipoteca de una acci\u00f3n colectiva<\/em><\/figcaption><\/figure>\n<p><span style=\"font-weight: 400;\">En esta ocasi\u00f3n vamos a abordar las actuales repercusiones de la realizaci\u00f3n de demandas colectivas frente a individuales en casos de defensa de los consumidores como puede ser las reclamaciones por gastos de hipotecas. Hablamos, por tanto, del<strong>\u00a0largo y escarpado camino de las acciones colectivas en defensa de los consumidores. \u00bfPor qu\u00e9 seguimos planteando demandas individuales?\u00a0<\/strong><\/span><\/p>\n<p>A continuaci\u00f3n vamos a hablar sobre acciones colectivas vs demandas individuales gastos de hipoteca.<\/p>\n<p><span style=\"font-weight: 400;\">Poco a poco, la justicia espa\u00f1ola retoma el ritmo y, por ejemplo, recientemente hemos conocido una sentencia sobre <a href=\"https:\/\/www.reclamador.es\/banco\/gastos-de-formalizacion\/\">gastos hipotecarios<\/a> derivada de una acci\u00f3n colectiva de consumidores en la que se anula dicha cl\u00e1usula, public\u00e1ndose en medios el gran \u00e9xito conseguido.<\/span><\/p>\n<p><span style=\"font-weight: 400;\">Y as\u00ed es, efectivamente, porque nuestra legislaci\u00f3n, pese a contemplar este tipo de acciones, sin duda porque no ten\u00eda m\u00e1s remedio obligada por Europa, las regula de tal manera que es pr\u00e1cticamente llegar a buen puerto y si se llega, es tarde y con el mel\u00f3n abierto de la ejecuci\u00f3n de la Sentencia que recaiga.<\/span><\/p>\n<p><span style=\"font-weight: 400;\">Porque no es f\u00e1cil en primer lugar que se admita a tr\u00e1mite una acci\u00f3n colectiva: <\/span><\/p>\n<ul>\n<li><span style=\"font-weight: 400;\">En primer lugar, hay que distinguir si se est\u00e1n defendiendo intereses colectivos como tal, o intereses difusos (cosa que sucede si se afecta a una colectividad que no puede identificarse, situaci\u00f3n sucedida por ejemplo con una intoxicaci\u00f3n alimentaria por productos vendidos en un determinado establecimiento o de una marca concreta) y a partir de ah\u00ed comprobar si la Asociaci\u00f3n puede o no puede presentar la demanda. <\/span><\/li>\n<li><span style=\"font-weight: 400;\">Porque ese es otro escollo: a diferencia de las acciones colectivas a las que las pel\u00edculas de Hollywood nos tiene acostumbrados, en Espa\u00f1a la interposici\u00f3n de acciones colectivas viene limitada a los sujetos que se describen en el art. 21 de la Ley de Enjuiciamiento Civil, y seg\u00fan la distinci\u00f3n ya examinada.<\/span><\/li>\n<\/ul>\n<h2><strong>Juzgados Mercantiles VS Juzgados de Primera Instancia<\/strong><\/h2>\n<p><span style=\"font-weight: 400;\">Llegados al procedimiento en s\u00ed, la realidad estas demandas se ventilan ante los Juzgados Mercantiles y no ante los de Primera Instancia. El resultado es f\u00e1cil de adivinar: a\u00f1os de demora puesto que por poner un ejemplo, en Madrid hay 14 Juzgados de lo Mercantil frente a los 101 de los ordinarios. De hecho, y en el caso que nos sirve de ejemplo, la Sentencia (que no es firme y puede ser recurrida en apelaci\u00f3n y posterior casaci\u00f3n ante el Tribunal Supremo lo que supone una espera de al menos cuatro a\u00f1os m\u00e1s en tener resoluci\u00f3n definitiva) se ha obtenido tres a\u00f1os despu\u00e9s de presentarse la demanda.\u00a0<\/span><\/p>\n<p><span style=\"font-weight: 400;\"><strong>Esta Sentencia adem\u00e1s s\u00f3lo tiene eficacia frente a las empresas que hayan sido demandadas<\/strong>, sus efectos no se extienden a otras aunque tengan una cl\u00e1usula parecida o incluso id\u00e9ntica en la redacci\u00f3n.<\/span><\/p>\n<h2><strong>Gastos de hipoteca: sentencia del TJUE VS sentencia del Tribunal Supremo<\/strong><\/h2>\n<p><span style=\"font-weight: 400;\">Y aun cuando pudiera ejecutarse mientras se deciden los recursos -cosa que la ley deja en el aire y hasta el momento no ha podido conseguirse con otras acciones colectivas pasadas- la devoluci\u00f3n o la indemnizaci\u00f3n que pudiera obtenerse lo ser\u00e1 en los estrictos t\u00e9rminos de dicha Sentencia; volviendo al mismo ejemplo, <strong>pese a que el Tribunal de Justicia de la Uni\u00f3n Europea se pronunci\u00f3 en julio declarando que cuando no hay ley que pueda interpretarse todos los gastos han de pagarse al 100%, la Sentencia del Juzgado Mercantil contin\u00faa en la misma senda que el Tribunal Supremo, distribuyendo los de gestor\u00eda al 50%<\/strong> y yendo m\u00e1s all\u00e1 puesto que el TS a\u00fan no se ha pronunciado por ello, <strong>declarando lo mismo para los de tasaci\u00f3n<\/strong>. Diferencia que en ejecuci\u00f3n de la Sentencia no se puede discutir y que provoca una p\u00e9rdida econ\u00f3mica para los inicialmente favorecidos por ella.<\/span><\/p>\n<h6 style=\"text-align: center;\"><a href=\"https:\/\/www.reclamador.es\/blog\/sentencia-europa-gastos-hipotecarios-deben-ser-devueltos\/\"><strong>An\u00e1lisis de la sentencia del TJUE sobre los gastos de hipoteca<\/strong><\/a><\/h6>\n<p><strong>Dos apuntes m\u00e1s: <\/strong><\/p>\n<ol>\n<li><span style=\"font-weight: 400;\">Todo ha salido a pedir de boca, no hay ninguna disparidad entre lo que dicen unos y otros Juzgados y la Sentencia es firme: pues la devoluci\u00f3n o la restituci\u00f3n tampoco es autom\u00e1tica abriendo la ejecuci\u00f3n:<\/span> <span style=\"font-weight: 400;\">la ley exige presentar primero una solicitud para que se reconozca la condici\u00f3n de afectado, el Juez tiene que preguntar al Banco si reconoce dicha condici\u00f3n o no y despu\u00e9s decide si efectivamente se es o no. <\/span><\/li>\n<li><span style=\"font-weight: 400;\">Y el Auto es recurrible, con lo que nos encontramos otra vez con la demora en obtener una resoluci\u00f3n firme por la que, por fin se pueda recibir el dinero. <\/span>Y teniendo en cuenta el tiempo en que se resuelven estas demandas en primera instancia sin ning\u00fan afectado en el pleito (contrariamente a lo que su denominaci\u00f3n de \u201ccolectivas\u201d pudiera dar a entender) cabe sospechar lo que puede tardar una ejecuci\u00f3n con miles de afectados.<\/li>\n<\/ol>\n<p><iframe loading=\"lazy\" title=\"YouTube video player\" src=\"https:\/\/www.youtube-nocookie.com\/embed\/ATlTdTNWnmE?si=8k52jb-Efha5Iska\" width=\"560\" height=\"315\" frameborder=\"0\" allowfullscreen=\"allowfullscreen\"><\/iframe>\u00a0<\/p>\n<p><span style=\"font-weight: 400;\">En definitiva, el mejor instrumento para defender a los consumidores convertido por voluntad del legislador en una trampa para ellos.\u00a0<\/span><\/p>\n<p>Si te ha parecido interesante esta tribuna sobre demandas individuales gastos de hipoteca, comp\u00e1rtelo en tus redes sociales.\u00a0<\/p>\n<div class=\"ttr_end\"><\/div>","protected":false},"excerpt":{"rendered":"<p>En esta ocasi\u00f3n vamos a abordar las actuales repercusiones de la realizaci\u00f3n de demandas colectivas frente a individuales en casos de defensa de los consumidores como puede ser las reclamaciones por gastos de hipotecas. Hablamos, por tanto, del\u00a0largo y escarpado camino de las acciones colectivas en defensa de los consumidores. \u00bfPor qu\u00e9 seguimos planteando demandas [&hellip;]<\/p>\n","protected":false},"author":37,"featured_media":26232,"comment_status":"open","ping_status":"open","sticky":false,"template":"","format":"standard","meta":{"_acf_changed":false,"_genesis_hide_title":false,"_genesis_hide_breadcrumbs":false,"_genesis_hide_singular_image":false,"_genesis_hide_footer_widgets":false,"_genesis_custom_body_class":"","_genesis_custom_post_class":"","_genesis_layout":"","_jetpack_newsletter_access":"","_jetpack_dont_email_post_to_subs":false,"_jetpack_newsletter_tier_id":0,"_jetpack_memberships_contains_paywalled_content":false,"_jetpack_memberships_contains_paid_content":false,"footnotes":""},"categories":[393],"tags":[278,704,289,703],"class_list":{"0":"post-26229","1":"post","2":"type-post","3":"status-publish","4":"format-standard","5":"has-post-thumbnail","7":"category-consejos","8":"tag-banca","9":"tag-gastos-de-hipoteca","10":"tag-reclamacion","11":"tag-tribuna","12":"entry"},"acf":[],"yoast_head":"<!-- This site is optimized with the Yoast SEO plugin v27.4 - https:\/\/yoast.com\/product\/yoast-seo-wordpress\/ -->\n<title>Acciones colectivas o demandas individuales sobre gastos de hipoteca<\/title>\n<meta name=\"description\" content=\"\u00bfPor qu\u00e9 plantear demandas individuales sobre gastos de hipoteca? Acciones colectivas frente demandas individuales.\" \/>\n<meta name=\"robots\" content=\"index, follow, max-snippet:-1, max-image-preview:large, max-video-preview:-1\" \/>\n<link rel=\"canonical\" href=\"https:\/\/www.reclamador.es\/blog\/gastos-de-hipoteca-demandas-individuales\/\" \/>\n<meta property=\"og:locale\" content=\"es_ES\" \/>\n<meta property=\"og:type\" content=\"article\" \/>\n<meta property=\"og:title\" content=\"Acciones colectivas o demandas individuales sobre gastos de hipoteca\" \/>\n<meta property=\"og:description\" content=\"\u00bfPor qu\u00e9 plantear demandas individuales sobre gastos de hipoteca? Acciones colectivas frente demandas individuales.\" \/>\n<meta property=\"og:url\" content=\"https:\/\/www.reclamador.es\/blog\/gastos-de-hipoteca-demandas-individuales\/\" \/>\n<meta property=\"og:site_name\" content=\"Rebeldes con causa, el blog de reclamador.es\" \/>\n<meta property=\"article:publisher\" content=\"https:\/\/www.facebook.com\/reclamador.es\" \/>\n<meta property=\"article:published_time\" content=\"2020-11-03T09:49:43+00:00\" \/>\n<meta property=\"article:modified_time\" content=\"2025-04-01T17:18:06+00:00\" \/>\n<meta property=\"og:image\" content=\"https:\/\/www.reclamador.es\/blog\/wp-content\/uploads\/2020\/11\/sentencia-gastos-de-hipoteca.jpg\" \/>\n\t<meta property=\"og:image:width\" content=\"1200\" \/>\n\t<meta property=\"og:image:height\" content=\"630\" \/>\n\t<meta property=\"og:image:type\" content=\"image\/jpeg\" \/>\n<meta name=\"author\" content=\"Almudena Vel\u00e1zquez\" \/>\n<meta name=\"twitter:card\" content=\"summary_large_image\" \/>\n<meta name=\"twitter:creator\" content=\"@reclamador\" \/>\n<meta name=\"twitter:site\" content=\"@reclamador\" \/>\n<meta name=\"twitter:label1\" content=\"Escrito por\" \/>\n\t<meta name=\"twitter:data1\" content=\"Almudena Vel\u00e1zquez\" \/>\n\t<meta name=\"twitter:label2\" content=\"Tiempo de lectura\" \/>\n\t<meta name=\"twitter:data2\" content=\"5 minutos\" \/>\n<script type=\"application\/ld+json\" class=\"yoast-schema-graph\">{\"@context\":\"https:\\\/\\\/schema.org\",\"@graph\":[{\"@type\":\"Article\",\"@id\":\"https:\\\/\\\/www.reclamador.es\\\/blog\\\/gastos-de-hipoteca-demandas-individuales\\\/#article\",\"isPartOf\":{\"@id\":\"https:\\\/\\\/www.reclamador.es\\\/blog\\\/gastos-de-hipoteca-demandas-individuales\\\/\"},\"author\":{\"name\":\"Almudena Vel\u00e1zquez\",\"@id\":\"https:\\\/\\\/www.reclamador.es\\\/blog\\\/#\\\/schema\\\/person\\\/e0624ce07c9bca843afeb6e973d380a1\"},\"headline\":\"Gastos de hipoteca: \u00bfpor qu\u00e9 planteamos demandas individuales?\",\"datePublished\":\"2020-11-03T09:49:43+00:00\",\"dateModified\":\"2025-04-01T17:18:06+00:00\",\"mainEntityOfPage\":{\"@id\":\"https:\\\/\\\/www.reclamador.es\\\/blog\\\/gastos-de-hipoteca-demandas-individuales\\\/\"},\"wordCount\":895,\"commentCount\":2,\"publisher\":{\"@id\":\"https:\\\/\\\/www.reclamador.es\\\/blog\\\/#organization\"},\"image\":{\"@id\":\"https:\\\/\\\/www.reclamador.es\\\/blog\\\/gastos-de-hipoteca-demandas-individuales\\\/#primaryimage\"},\"thumbnailUrl\":\"https:\\\/\\\/i0.wp.com\\\/www.reclamador.es\\\/blog\\\/wp-content\\\/uploads\\\/2020\\\/11\\\/sentencia-gastos-de-hipoteca.jpg?fit=1200%2C630&ssl=1\",\"keywords\":[\"banca\",\"gastos de hipoteca\",\"reclamaci\u00f3n\",\"tribuna\"],\"articleSection\":[\"Consejos legales\"],\"inLanguage\":\"es\",\"potentialAction\":[{\"@type\":\"CommentAction\",\"name\":\"Comment\",\"target\":[\"https:\\\/\\\/www.reclamador.es\\\/blog\\\/gastos-de-hipoteca-demandas-individuales\\\/#respond\"]}]},{\"@type\":\"WebPage\",\"@id\":\"https:\\\/\\\/www.reclamador.es\\\/blog\\\/gastos-de-hipoteca-demandas-individuales\\\/\",\"url\":\"https:\\\/\\\/www.reclamador.es\\\/blog\\\/gastos-de-hipoteca-demandas-individuales\\\/\",\"name\":\"Acciones colectivas o demandas individuales sobre gastos de hipoteca\",\"isPartOf\":{\"@id\":\"https:\\\/\\\/www.reclamador.es\\\/blog\\\/#website\"},\"primaryImageOfPage\":{\"@id\":\"https:\\\/\\\/www.reclamador.es\\\/blog\\\/gastos-de-hipoteca-demandas-individuales\\\/#primaryimage\"},\"image\":{\"@id\":\"https:\\\/\\\/www.reclamador.es\\\/blog\\\/gastos-de-hipoteca-demandas-individuales\\\/#primaryimage\"},\"thumbnailUrl\":\"https:\\\/\\\/i0.wp.com\\\/www.reclamador.es\\\/blog\\\/wp-content\\\/uploads\\\/2020\\\/11\\\/sentencia-gastos-de-hipoteca.jpg?fit=1200%2C630&ssl=1\",\"datePublished\":\"2020-11-03T09:49:43+00:00\",\"dateModified\":\"2025-04-01T17:18:06+00:00\",\"description\":\"\u00bfPor qu\u00e9 plantear demandas individuales sobre gastos de hipoteca? Acciones colectivas frente demandas individuales.\",\"breadcrumb\":{\"@id\":\"https:\\\/\\\/www.reclamador.es\\\/blog\\\/gastos-de-hipoteca-demandas-individuales\\\/#breadcrumb\"},\"inLanguage\":\"es\",\"potentialAction\":[{\"@type\":\"ReadAction\",\"target\":[\"https:\\\/\\\/www.reclamador.es\\\/blog\\\/gastos-de-hipoteca-demandas-individuales\\\/\"]}]},{\"@type\":\"ImageObject\",\"inLanguage\":\"es\",\"@id\":\"https:\\\/\\\/www.reclamador.es\\\/blog\\\/gastos-de-hipoteca-demandas-individuales\\\/#primaryimage\",\"url\":\"https:\\\/\\\/i0.wp.com\\\/www.reclamador.es\\\/blog\\\/wp-content\\\/uploads\\\/2020\\\/11\\\/sentencia-gastos-de-hipoteca.jpg?fit=1200%2C630&ssl=1\",\"contentUrl\":\"https:\\\/\\\/i0.wp.com\\\/www.reclamador.es\\\/blog\\\/wp-content\\\/uploads\\\/2020\\\/11\\\/sentencia-gastos-de-hipoteca.jpg?fit=1200%2C630&ssl=1\",\"width\":1200,\"height\":630,\"caption\":\"Las consecuencias de la sentencia sobre gastos de hipoteca de una acci\u00f3n colectiva\"},{\"@type\":\"BreadcrumbList\",\"@id\":\"https:\\\/\\\/www.reclamador.es\\\/blog\\\/gastos-de-hipoteca-demandas-individuales\\\/#breadcrumb\",\"itemListElement\":[{\"@type\":\"ListItem\",\"position\":1,\"name\":\"Portada\",\"item\":\"https:\\\/\\\/www.reclamador.es\\\/blog\\\/\"},{\"@type\":\"ListItem\",\"position\":2,\"name\":\"Gastos de hipoteca: \u00bfpor qu\u00e9 planteamos demandas individuales?\"}]},{\"@type\":\"WebSite\",\"@id\":\"https:\\\/\\\/www.reclamador.es\\\/blog\\\/#website\",\"url\":\"https:\\\/\\\/www.reclamador.es\\\/blog\\\/\",\"name\":\"Rebeldes con causa, el blog de reclamador.es\",\"description\":\"Noticias, entrevistas y consejos sobre reclamaciones\",\"publisher\":{\"@id\":\"https:\\\/\\\/www.reclamador.es\\\/blog\\\/#organization\"},\"potentialAction\":[{\"@type\":\"SearchAction\",\"target\":{\"@type\":\"EntryPoint\",\"urlTemplate\":\"https:\\\/\\\/www.reclamador.es\\\/blog\\\/?s={search_term_string}\"},\"query-input\":{\"@type\":\"PropertyValueSpecification\",\"valueRequired\":true,\"valueName\":\"search_term_string\"}}],\"inLanguage\":\"es\"},{\"@type\":\"Organization\",\"@id\":\"https:\\\/\\\/www.reclamador.es\\\/blog\\\/#organization\",\"name\":\"reclamador.es\",\"url\":\"https:\\\/\\\/www.reclamador.es\\\/blog\\\/\",\"logo\":{\"@type\":\"ImageObject\",\"inLanguage\":\"es\",\"@id\":\"https:\\\/\\\/www.reclamador.es\\\/blog\\\/#\\\/schema\\\/logo\\\/image\\\/\",\"url\":\"https:\\\/\\\/i0.wp.com\\\/www.reclamador.es\\\/blog\\\/wp-content\\\/uploads\\\/2020\\\/01\\\/logo-reclamador.png?fit=1200%2C144&ssl=1\",\"contentUrl\":\"https:\\\/\\\/i0.wp.com\\\/www.reclamador.es\\\/blog\\\/wp-content\\\/uploads\\\/2020\\\/01\\\/logo-reclamador.png?fit=1200%2C144&ssl=1\",\"width\":1200,\"height\":144,\"caption\":\"reclamador.es\"},\"image\":{\"@id\":\"https:\\\/\\\/www.reclamador.es\\\/blog\\\/#\\\/schema\\\/logo\\\/image\\\/\"},\"sameAs\":[\"https:\\\/\\\/www.facebook.com\\\/reclamador.es\",\"https:\\\/\\\/x.com\\\/reclamador\",\"https:\\\/\\\/www.instagram.com\\\/reclamador.es\\\/\",\"https:\\\/\\\/www.linkedin.com\\\/company\\\/reclamador-es\",\"https:\\\/\\\/www.youtube.com\\\/user\\\/Reclamadores\"]},{\"@type\":\"Person\",\"@id\":\"https:\\\/\\\/www.reclamador.es\\\/blog\\\/#\\\/schema\\\/person\\\/e0624ce07c9bca843afeb6e973d380a1\",\"name\":\"Almudena Vel\u00e1zquez\",\"image\":{\"@type\":\"ImageObject\",\"inLanguage\":\"es\",\"@id\":\"https:\\\/\\\/secure.gravatar.com\\\/avatar\\\/e5dada96edf28756242525f518332d5b479db625eb9d831d79265f982cc59acc?s=96&d=mm&r=g\",\"url\":\"https:\\\/\\\/secure.gravatar.com\\\/avatar\\\/e5dada96edf28756242525f518332d5b479db625eb9d831d79265f982cc59acc?s=96&d=mm&r=g\",\"contentUrl\":\"https:\\\/\\\/secure.gravatar.com\\\/avatar\\\/e5dada96edf28756242525f518332d5b479db625eb9d831d79265f982cc59acc?s=96&d=mm&r=g\",\"caption\":\"Almudena Vel\u00e1zquez\"},\"url\":\"https:\\\/\\\/www.reclamador.es\\\/blog\\\/author\\\/almudena-velazquez\\\/\"}]}<\/script>\n<!-- \/ Yoast SEO plugin. -->","yoast_head_json":{"title":"Acciones colectivas o demandas individuales sobre gastos de hipoteca","description":"\u00bfPor qu\u00e9 plantear demandas individuales sobre gastos de hipoteca? Acciones colectivas frente demandas individuales.","robots":{"index":"index","follow":"follow","max-snippet":"max-snippet:-1","max-image-preview":"max-image-preview:large","max-video-preview":"max-video-preview:-1"},"canonical":"https:\/\/www.reclamador.es\/blog\/gastos-de-hipoteca-demandas-individuales\/","og_locale":"es_ES","og_type":"article","og_title":"Acciones colectivas o demandas individuales sobre gastos de hipoteca","og_description":"\u00bfPor qu\u00e9 plantear demandas individuales sobre gastos de hipoteca? Acciones colectivas frente demandas individuales.","og_url":"https:\/\/www.reclamador.es\/blog\/gastos-de-hipoteca-demandas-individuales\/","og_site_name":"Rebeldes con causa, el blog de reclamador.es","article_publisher":"https:\/\/www.facebook.com\/reclamador.es","article_published_time":"2020-11-03T09:49:43+00:00","article_modified_time":"2025-04-01T17:18:06+00:00","og_image":[{"width":1200,"height":630,"url":"https:\/\/www.reclamador.es\/blog\/wp-content\/uploads\/2020\/11\/sentencia-gastos-de-hipoteca.jpg","type":"image\/jpeg"}],"author":"Almudena Vel\u00e1zquez","twitter_card":"summary_large_image","twitter_creator":"@reclamador","twitter_site":"@reclamador","twitter_misc":{"Escrito por":"Almudena Vel\u00e1zquez","Tiempo de lectura":"5 minutos"},"schema":{"@context":"https:\/\/schema.org","@graph":[{"@type":"Article","@id":"https:\/\/www.reclamador.es\/blog\/gastos-de-hipoteca-demandas-individuales\/#article","isPartOf":{"@id":"https:\/\/www.reclamador.es\/blog\/gastos-de-hipoteca-demandas-individuales\/"},"author":{"name":"Almudena Vel\u00e1zquez","@id":"https:\/\/www.reclamador.es\/blog\/#\/schema\/person\/e0624ce07c9bca843afeb6e973d380a1"},"headline":"Gastos de hipoteca: \u00bfpor qu\u00e9 planteamos demandas individuales?","datePublished":"2020-11-03T09:49:43+00:00","dateModified":"2025-04-01T17:18:06+00:00","mainEntityOfPage":{"@id":"https:\/\/www.reclamador.es\/blog\/gastos-de-hipoteca-demandas-individuales\/"},"wordCount":895,"commentCount":2,"publisher":{"@id":"https:\/\/www.reclamador.es\/blog\/#organization"},"image":{"@id":"https:\/\/www.reclamador.es\/blog\/gastos-de-hipoteca-demandas-individuales\/#primaryimage"},"thumbnailUrl":"https:\/\/i0.wp.com\/www.reclamador.es\/blog\/wp-content\/uploads\/2020\/11\/sentencia-gastos-de-hipoteca.jpg?fit=1200%2C630&ssl=1","keywords":["banca","gastos de hipoteca","reclamaci\u00f3n","tribuna"],"articleSection":["Consejos legales"],"inLanguage":"es","potentialAction":[{"@type":"CommentAction","name":"Comment","target":["https:\/\/www.reclamador.es\/blog\/gastos-de-hipoteca-demandas-individuales\/#respond"]}]},{"@type":"WebPage","@id":"https:\/\/www.reclamador.es\/blog\/gastos-de-hipoteca-demandas-individuales\/","url":"https:\/\/www.reclamador.es\/blog\/gastos-de-hipoteca-demandas-individuales\/","name":"Acciones colectivas o demandas individuales sobre gastos de hipoteca","isPartOf":{"@id":"https:\/\/www.reclamador.es\/blog\/#website"},"primaryImageOfPage":{"@id":"https:\/\/www.reclamador.es\/blog\/gastos-de-hipoteca-demandas-individuales\/#primaryimage"},"image":{"@id":"https:\/\/www.reclamador.es\/blog\/gastos-de-hipoteca-demandas-individuales\/#primaryimage"},"thumbnailUrl":"https:\/\/i0.wp.com\/www.reclamador.es\/blog\/wp-content\/uploads\/2020\/11\/sentencia-gastos-de-hipoteca.jpg?fit=1200%2C630&ssl=1","datePublished":"2020-11-03T09:49:43+00:00","dateModified":"2025-04-01T17:18:06+00:00","description":"\u00bfPor qu\u00e9 plantear demandas individuales sobre gastos de hipoteca? Acciones colectivas frente demandas individuales.","breadcrumb":{"@id":"https:\/\/www.reclamador.es\/blog\/gastos-de-hipoteca-demandas-individuales\/#breadcrumb"},"inLanguage":"es","potentialAction":[{"@type":"ReadAction","target":["https:\/\/www.reclamador.es\/blog\/gastos-de-hipoteca-demandas-individuales\/"]}]},{"@type":"ImageObject","inLanguage":"es","@id":"https:\/\/www.reclamador.es\/blog\/gastos-de-hipoteca-demandas-individuales\/#primaryimage","url":"https:\/\/i0.wp.com\/www.reclamador.es\/blog\/wp-content\/uploads\/2020\/11\/sentencia-gastos-de-hipoteca.jpg?fit=1200%2C630&ssl=1","contentUrl":"https:\/\/i0.wp.com\/www.reclamador.es\/blog\/wp-content\/uploads\/2020\/11\/sentencia-gastos-de-hipoteca.jpg?fit=1200%2C630&ssl=1","width":1200,"height":630,"caption":"Las consecuencias de la sentencia sobre gastos de hipoteca de una acci\u00f3n colectiva"},{"@type":"BreadcrumbList","@id":"https:\/\/www.reclamador.es\/blog\/gastos-de-hipoteca-demandas-individuales\/#breadcrumb","itemListElement":[{"@type":"ListItem","position":1,"name":"Portada","item":"https:\/\/www.reclamador.es\/blog\/"},{"@type":"ListItem","position":2,"name":"Gastos de hipoteca: \u00bfpor qu\u00e9 planteamos demandas individuales?"}]},{"@type":"WebSite","@id":"https:\/\/www.reclamador.es\/blog\/#website","url":"https:\/\/www.reclamador.es\/blog\/","name":"Rebeldes con causa, el blog de reclamador.es","description":"Noticias, entrevistas y consejos sobre reclamaciones","publisher":{"@id":"https:\/\/www.reclamador.es\/blog\/#organization"},"potentialAction":[{"@type":"SearchAction","target":{"@type":"EntryPoint","urlTemplate":"https:\/\/www.reclamador.es\/blog\/?s={search_term_string}"},"query-input":{"@type":"PropertyValueSpecification","valueRequired":true,"valueName":"search_term_string"}}],"inLanguage":"es"},{"@type":"Organization","@id":"https:\/\/www.reclamador.es\/blog\/#organization","name":"reclamador.es","url":"https:\/\/www.reclamador.es\/blog\/","logo":{"@type":"ImageObject","inLanguage":"es","@id":"https:\/\/www.reclamador.es\/blog\/#\/schema\/logo\/image\/","url":"https:\/\/i0.wp.com\/www.reclamador.es\/blog\/wp-content\/uploads\/2020\/01\/logo-reclamador.png?fit=1200%2C144&ssl=1","contentUrl":"https:\/\/i0.wp.com\/www.reclamador.es\/blog\/wp-content\/uploads\/2020\/01\/logo-reclamador.png?fit=1200%2C144&ssl=1","width":1200,"height":144,"caption":"reclamador.es"},"image":{"@id":"https:\/\/www.reclamador.es\/blog\/#\/schema\/logo\/image\/"},"sameAs":["https:\/\/www.facebook.com\/reclamador.es","https:\/\/x.com\/reclamador","https:\/\/www.instagram.com\/reclamador.es\/","https:\/\/www.linkedin.com\/company\/reclamador-es","https:\/\/www.youtube.com\/user\/Reclamadores"]},{"@type":"Person","@id":"https:\/\/www.reclamador.es\/blog\/#\/schema\/person\/e0624ce07c9bca843afeb6e973d380a1","name":"Almudena Vel\u00e1zquez","image":{"@type":"ImageObject","inLanguage":"es","@id":"https:\/\/secure.gravatar.com\/avatar\/e5dada96edf28756242525f518332d5b479db625eb9d831d79265f982cc59acc?s=96&d=mm&r=g","url":"https:\/\/secure.gravatar.com\/avatar\/e5dada96edf28756242525f518332d5b479db625eb9d831d79265f982cc59acc?s=96&d=mm&r=g","contentUrl":"https:\/\/secure.gravatar.com\/avatar\/e5dada96edf28756242525f518332d5b479db625eb9d831d79265f982cc59acc?s=96&d=mm&r=g","caption":"Almudena Vel\u00e1zquez"},"url":"https:\/\/www.reclamador.es\/blog\/author\/almudena-velazquez\/"}]}},"jetpack_featured_media_url":"https:\/\/i0.wp.com\/www.reclamador.es\/blog\/wp-content\/uploads\/2020\/11\/sentencia-gastos-de-hipoteca.jpg?fit=1200%2C630&ssl=1","jetpack-related-posts":[{"id":25799,"url":"https:\/\/www.reclamador.es\/blog\/sentencia-europa-gastos-hipotecarios-deben-ser-devueltos\/","url_meta":{"origin":26229,"position":0},"title":"Sentencia del TJUE sobre los gastos hipotecarios: deben ser devueltos al consumidor","author":"Almudena Vel\u00e1zquez","date":"22 julio, 2020","format":false,"excerpt":"Ya se conoce la esperada sentencia del Tribunal de Justicia de la Uni\u00f3n Europea en relaci\u00f3n a las cuestiones prejudiciales elevadas por los Juzgados de Primera Instancia de Ceuta y de Palma de Mallorca en cuanto a los gastos de hipoteca, comisi\u00f3n de apertura y costas, y que promovimos en\u2026","rel":"","context":"En \u00abNoticias y actualidad\u00bb","block_context":{"text":"Noticias y actualidad","link":"https:\/\/www.reclamador.es\/blog\/noticias\/"},"img":{"alt_text":"sentencia europa gastos hipoteca","src":"https:\/\/i0.wp.com\/www.reclamador.es\/blog\/wp-content\/uploads\/2020\/07\/sentencia-europa-gastos-promovida-por-reclamador.es_destacada.jpg?fit=800%2C419&ssl=1&resize=350%2C200","width":350,"height":200,"srcset":"https:\/\/i0.wp.com\/www.reclamador.es\/blog\/wp-content\/uploads\/2020\/07\/sentencia-europa-gastos-promovida-por-reclamador.es_destacada.jpg?fit=800%2C419&ssl=1&resize=350%2C200 1x, https:\/\/i0.wp.com\/www.reclamador.es\/blog\/wp-content\/uploads\/2020\/07\/sentencia-europa-gastos-promovida-por-reclamador.es_destacada.jpg?fit=800%2C419&ssl=1&resize=525%2C300 1.5x, https:\/\/i0.wp.com\/www.reclamador.es\/blog\/wp-content\/uploads\/2020\/07\/sentencia-europa-gastos-promovida-por-reclamador.es_destacada.jpg?fit=800%2C419&ssl=1&resize=700%2C400 2x"},"classes":[]},{"id":26878,"url":"https:\/\/www.reclamador.es\/blog\/posibles-escenarios-prescripcion-reclamar-gastos-hipoteca\/","url_meta":{"origin":26229,"position":1},"title":"Sentencia del Supremo sobre plazo de prescripci\u00f3n de gastos hipotecarios: \u00bfqu\u00e9 puede pasar el 23 de junio?","author":"Almudena Vel\u00e1zquez","date":"21 junio, 2021","format":false,"excerpt":"Si se cumplen las fechas establecidas, el 23 de junio de 2021 se espera la sentencia del Tribunal Supremo en relaci\u00f3n al periodo de tiempo con el que cuentan los hipotecados para iniciar sus reclamaciones de gastos de formalizaci\u00f3n de las hipotecas. A la espera de conocerse esta sentencia, en\u2026","rel":"","context":"En \u00abNoticias y actualidad\u00bb","block_context":{"text":"Noticias y actualidad","link":"https:\/\/www.reclamador.es\/blog\/noticias\/"},"img":{"alt_text":"prescripci\u00f3n para reclamar gastos de hipoteca","src":"https:\/\/i0.wp.com\/www.reclamador.es\/blog\/wp-content\/uploads\/2021\/06\/prescripcion-para-reclamar-gastos-de-hipoteca.jpg?fit=1200%2C800&ssl=1&resize=350%2C200","width":350,"height":200,"srcset":"https:\/\/i0.wp.com\/www.reclamador.es\/blog\/wp-content\/uploads\/2021\/06\/prescripcion-para-reclamar-gastos-de-hipoteca.jpg?fit=1200%2C800&ssl=1&resize=350%2C200 1x, https:\/\/i0.wp.com\/www.reclamador.es\/blog\/wp-content\/uploads\/2021\/06\/prescripcion-para-reclamar-gastos-de-hipoteca.jpg?fit=1200%2C800&ssl=1&resize=525%2C300 1.5x, https:\/\/i0.wp.com\/www.reclamador.es\/blog\/wp-content\/uploads\/2021\/06\/prescripcion-para-reclamar-gastos-de-hipoteca.jpg?fit=1200%2C800&ssl=1&resize=700%2C400 2x, https:\/\/i0.wp.com\/www.reclamador.es\/blog\/wp-content\/uploads\/2021\/06\/prescripcion-para-reclamar-gastos-de-hipoteca.jpg?fit=1200%2C800&ssl=1&resize=1050%2C600 3x"},"classes":[]},{"id":31771,"url":"https:\/\/www.reclamador.es\/blog\/prescripcion-reclamaciones-gastos-de-hipoteca\/","url_meta":{"origin":26229,"position":2},"title":"\u00bfHas escuchado recientemente que prescriben las reclamaciones de gastos de hipoteca?","author":"Irene Becerra","date":"28 noviembre, 2023","format":false,"excerpt":"25 de enero 2024. Ya conocemos la sentencia: Muy positiva para los consumidores. Se pueden seguir reclamando los gastos de formalizaci\u00f3n de las hipotecas. Corren rumores sobre posibles prescripciones de las reclamaciones de gastos de hipoteca. \u00bfQu\u00e9 hay de cierto en todo ello? Queremos arrojar luz sobre los debates o\u2026","rel":"","context":"En \u00abNoticias y actualidad\u00bb","block_context":{"text":"Noticias y actualidad","link":"https:\/\/www.reclamador.es\/blog\/noticias\/"},"img":{"alt_text":"reclamaciones de gastos de hipoteca","src":"https:\/\/i0.wp.com\/www.reclamador.es\/blog\/wp-content\/uploads\/2023\/11\/prescripcion-reclamaciones-gastos-de-hipoteca.jpg?fit=1200%2C694&ssl=1&resize=350%2C200","width":350,"height":200,"srcset":"https:\/\/i0.wp.com\/www.reclamador.es\/blog\/wp-content\/uploads\/2023\/11\/prescripcion-reclamaciones-gastos-de-hipoteca.jpg?fit=1200%2C694&ssl=1&resize=350%2C200 1x, https:\/\/i0.wp.com\/www.reclamador.es\/blog\/wp-content\/uploads\/2023\/11\/prescripcion-reclamaciones-gastos-de-hipoteca.jpg?fit=1200%2C694&ssl=1&resize=525%2C300 1.5x, https:\/\/i0.wp.com\/www.reclamador.es\/blog\/wp-content\/uploads\/2023\/11\/prescripcion-reclamaciones-gastos-de-hipoteca.jpg?fit=1200%2C694&ssl=1&resize=700%2C400 2x, https:\/\/i0.wp.com\/www.reclamador.es\/blog\/wp-content\/uploads\/2023\/11\/prescripcion-reclamaciones-gastos-de-hipoteca.jpg?fit=1200%2C694&ssl=1&resize=1050%2C600 3x"},"classes":[]},{"id":26172,"url":"https:\/\/www.reclamador.es\/blog\/condena-en-costas-por-temeridad-que-significa\/","url_meta":{"origin":26229,"position":3},"title":"\u00bfQu\u00e9 significa condena en costas por temeridad?","author":"Equipo reclamador","date":"15 octubre, 2020","format":false,"excerpt":"\u00bfSabes qu\u00e9 significa la declaraci\u00f3n de temeridad al condenado en costas en un procedimiento judicial? Si te enfrentas a este t\u00e9rmino -costas por temeridad- por primera vez, seguramente no sepas qu\u00e9 significa o en qu\u00e9 afecta a la parte condenada por un juez en esta l\u00ednea.\u00a0 Si quieres saber qu\u00e9\u2026","rel":"","context":"En \u00abConsejos legales\u00bb","block_context":{"text":"Consejos legales","link":"https:\/\/www.reclamador.es\/blog\/consejos\/"},"img":{"alt_text":"ley juicio condena en costas temeridad","src":"https:\/\/i0.wp.com\/www.reclamador.es\/blog\/wp-content\/uploads\/2020\/10\/condena-en-costas-por-temeridad.jpg?fit=1200%2C630&ssl=1&resize=350%2C200","width":350,"height":200,"srcset":"https:\/\/i0.wp.com\/www.reclamador.es\/blog\/wp-content\/uploads\/2020\/10\/condena-en-costas-por-temeridad.jpg?fit=1200%2C630&ssl=1&resize=350%2C200 1x, https:\/\/i0.wp.com\/www.reclamador.es\/blog\/wp-content\/uploads\/2020\/10\/condena-en-costas-por-temeridad.jpg?fit=1200%2C630&ssl=1&resize=525%2C300 1.5x, https:\/\/i0.wp.com\/www.reclamador.es\/blog\/wp-content\/uploads\/2020\/10\/condena-en-costas-por-temeridad.jpg?fit=1200%2C630&ssl=1&resize=700%2C400 2x, https:\/\/i0.wp.com\/www.reclamador.es\/blog\/wp-content\/uploads\/2020\/10\/condena-en-costas-por-temeridad.jpg?fit=1200%2C630&ssl=1&resize=1050%2C600 3x"},"classes":[]},{"id":17651,"url":"https:\/\/www.reclamador.es\/blog\/se-puede-reclamar-comision-de-apertura-hipoteca\/","url_meta":{"origin":26229,"position":4},"title":"Nueva sentencia: puedes reclamar la comisi\u00f3n de apertura de las hipotecas","author":"Equipo reclamador","date":"17 marzo, 2023","format":false,"excerpt":"Nueva sentencia sobre la comisi\u00f3n de apertura de la hipoteca","rel":"","context":"En \u00abConsejos legales\u00bb","block_context":{"text":"Consejos legales","link":"https:\/\/www.reclamador.es\/blog\/consejos\/"},"img":{"alt_text":"Nueva sentencia sobre la comisi\u00f3n de apertura de la hipoteca","src":"https:\/\/i0.wp.com\/www.reclamador.es\/blog\/wp-content\/uploads\/2018\/04\/Nueva-sentencia-sobre-la-comision-de-apertura-de-la-hipoteca.jpg?fit=1200%2C675&ssl=1&resize=350%2C200","width":350,"height":200,"srcset":"https:\/\/i0.wp.com\/www.reclamador.es\/blog\/wp-content\/uploads\/2018\/04\/Nueva-sentencia-sobre-la-comision-de-apertura-de-la-hipoteca.jpg?fit=1200%2C675&ssl=1&resize=350%2C200 1x, https:\/\/i0.wp.com\/www.reclamador.es\/blog\/wp-content\/uploads\/2018\/04\/Nueva-sentencia-sobre-la-comision-de-apertura-de-la-hipoteca.jpg?fit=1200%2C675&ssl=1&resize=525%2C300 1.5x, https:\/\/i0.wp.com\/www.reclamador.es\/blog\/wp-content\/uploads\/2018\/04\/Nueva-sentencia-sobre-la-comision-de-apertura-de-la-hipoteca.jpg?fit=1200%2C675&ssl=1&resize=700%2C400 2x, https:\/\/i0.wp.com\/www.reclamador.es\/blog\/wp-content\/uploads\/2018\/04\/Nueva-sentencia-sobre-la-comision-de-apertura-de-la-hipoteca.jpg?fit=1200%2C675&ssl=1&resize=1050%2C600 3x"},"classes":[]},{"id":16300,"url":"https:\/\/www.reclamador.es\/blog\/sentencia-teruel-gastos-de-hipoteca\/","url_meta":{"origin":26229,"position":5},"title":"La justicia condena al Sabadell a devolver los gastos de hipoteca en Teruel","author":"Equipo reclamador","date":"21 noviembre, 2017","format":false,"excerpt":"\u00a1Suma y sigue! En este post de nuestro blog, vamos a mostrarte c\u00f3mo una vecina de Teruel ha recuperado 2.535\u20ac por los gastos de formalizaci\u00f3n de su hipoteca con el Banco Sabadell. En reclamador.es te ayudamos a recuperar los gastos de formalizaci\u00f3n de hipoteca, entre otras cosas. Por ello, nos\u2026","rel":"","context":"En \u00abNoticias y actualidad\u00bb","block_context":{"text":"Noticias y actualidad","link":"https:\/\/www.reclamador.es\/blog\/noticias\/"},"img":{"alt_text":"reclamador.es: sentencia en Teruel gastos de hipoteca","src":"https:\/\/i0.wp.com\/www.reclamador.es\/blog\/wp-content\/uploads\/2017\/11\/sentencia-teruel-gastos-hipoteca-reclamador.jpg?fit=1200%2C623&ssl=1&resize=350%2C200","width":350,"height":200,"srcset":"https:\/\/i0.wp.com\/www.reclamador.es\/blog\/wp-content\/uploads\/2017\/11\/sentencia-teruel-gastos-hipoteca-reclamador.jpg?fit=1200%2C623&ssl=1&resize=350%2C200 1x, https:\/\/i0.wp.com\/www.reclamador.es\/blog\/wp-content\/uploads\/2017\/11\/sentencia-teruel-gastos-hipoteca-reclamador.jpg?fit=1200%2C623&ssl=1&resize=525%2C300 1.5x, https:\/\/i0.wp.com\/www.reclamador.es\/blog\/wp-content\/uploads\/2017\/11\/sentencia-teruel-gastos-hipoteca-reclamador.jpg?fit=1200%2C623&ssl=1&resize=700%2C400 2x, https:\/\/i0.wp.com\/www.reclamador.es\/blog\/wp-content\/uploads\/2017\/11\/sentencia-teruel-gastos-hipoteca-reclamador.jpg?fit=1200%2C623&ssl=1&resize=1050%2C600 3x"},"classes":[]}],"jetpack_sharing_enabled":true,"_links":{"self":[{"href":"https:\/\/www.reclamador.es\/blog\/wp-json\/wp\/v2\/posts\/26229","targetHints":{"allow":["GET"]}}],"collection":[{"href":"https:\/\/www.reclamador.es\/blog\/wp-json\/wp\/v2\/posts"}],"about":[{"href":"https:\/\/www.reclamador.es\/blog\/wp-json\/wp\/v2\/types\/post"}],"author":[{"embeddable":true,"href":"https:\/\/www.reclamador.es\/blog\/wp-json\/wp\/v2\/users\/37"}],"replies":[{"embeddable":true,"href":"https:\/\/www.reclamador.es\/blog\/wp-json\/wp\/v2\/comments?post=26229"}],"version-history":[{"count":10,"href":"https:\/\/www.reclamador.es\/blog\/wp-json\/wp\/v2\/posts\/26229\/revisions"}],"predecessor-version":[{"id":33857,"href":"https:\/\/www.reclamador.es\/blog\/wp-json\/wp\/v2\/posts\/26229\/revisions\/33857"}],"wp:featuredmedia":[{"embeddable":true,"href":"https:\/\/www.reclamador.es\/blog\/wp-json\/wp\/v2\/media\/26232"}],"wp:attachment":[{"href":"https:\/\/www.reclamador.es\/blog\/wp-json\/wp\/v2\/media?parent=26229"}],"wp:term":[{"taxonomy":"category","embeddable":true,"href":"https:\/\/www.reclamador.es\/blog\/wp-json\/wp\/v2\/categories?post=26229"},{"taxonomy":"post_tag","embeddable":true,"href":"https:\/\/www.reclamador.es\/blog\/wp-json\/wp\/v2\/tags?post=26229"}],"curies":[{"name":"wp","href":"https:\/\/api.w.org\/{rel}","templated":true}]}}