{"id":25691,"date":"2020-07-08T09:42:00","date_gmt":"2020-07-08T07:42:00","guid":{"rendered":"https:\/\/www.reclamador.es\/blog\/?p=25691"},"modified":"2025-04-01T19:02:57","modified_gmt":"2025-04-01T17:02:57","slug":"lanzamiento-servicio-tramitar-herencia","status":"publish","type":"post","link":"https:\/\/www.reclamador.es\/blog\/lanzamiento-servicio-tramitar-herencia\/","title":{"rendered":"reclamador.es ofrece su experiencia en un nuevo servicio: la tramitaci\u00f3n y gesti\u00f3n de herencias"},"content":{"rendered":"<div class=\"ttr_start\"><\/div>\n\n<div class=\"kk-star-ratings kksr-auto kksr-align-right kksr-valign-top\"\n    data-payload='{&quot;align&quot;:&quot;right&quot;,&quot;id&quot;:&quot;25691&quot;,&quot;slug&quot;:&quot;default&quot;,&quot;valign&quot;:&quot;top&quot;,&quot;ignore&quot;:&quot;&quot;,&quot;reference&quot;:&quot;auto&quot;,&quot;class&quot;:&quot;&quot;,&quot;count&quot;:&quot;15&quot;,&quot;legendonly&quot;:&quot;&quot;,&quot;readonly&quot;:&quot;&quot;,&quot;score&quot;:&quot;2.9&quot;,&quot;starsonly&quot;:&quot;&quot;,&quot;best&quot;:&quot;5&quot;,&quot;gap&quot;:&quot;3&quot;,&quot;greet&quot;:&quot;Valora este art\u00edculo&quot;,&quot;legend&quot;:&quot;2.9\\\/5 - (15 votos)&quot;,&quot;size&quot;:&quot;20&quot;,&quot;title&quot;:&quot;reclamador.es ofrece su experiencia en un nuevo servicio: la tramitaci\u00f3n y gesti\u00f3n de herencias&quot;,&quot;width&quot;:&quot;65.2&quot;,&quot;_legend&quot;:&quot;{score}\\\/{best} - ({count} {votes})&quot;,&quot;font_factor&quot;:&quot;1.25&quot;}'>\n            \n<div class=\"kksr-stars\">\n    \n<div class=\"kksr-stars-inactive\">\n            <div class=\"kksr-star\" data-star=\"1\" style=\"padding-right: 3px\">\n            \n\n<div class=\"kksr-icon\" style=\"width: 20px; height: 20px;\"><\/div>\n        <\/div>\n            <div class=\"kksr-star\" data-star=\"2\" style=\"padding-right: 3px\">\n            \n\n<div class=\"kksr-icon\" style=\"width: 20px; height: 20px;\"><\/div>\n        <\/div>\n            <div class=\"kksr-star\" data-star=\"3\" style=\"padding-right: 3px\">\n            \n\n<div class=\"kksr-icon\" style=\"width: 20px; height: 20px;\"><\/div>\n        <\/div>\n            <div class=\"kksr-star\" data-star=\"4\" style=\"padding-right: 3px\">\n            \n\n<div class=\"kksr-icon\" style=\"width: 20px; height: 20px;\"><\/div>\n        <\/div>\n            <div class=\"kksr-star\" data-star=\"5\" style=\"padding-right: 3px\">\n            \n\n<div class=\"kksr-icon\" style=\"width: 20px; height: 20px;\"><\/div>\n        <\/div>\n    <\/div>\n    \n<div class=\"kksr-stars-active\" style=\"width: 65.2px;\">\n            <div class=\"kksr-star\" style=\"padding-right: 3px\">\n            \n\n<div class=\"kksr-icon\" style=\"width: 20px; height: 20px;\"><\/div>\n        <\/div>\n            <div class=\"kksr-star\" style=\"padding-right: 3px\">\n            \n\n<div class=\"kksr-icon\" style=\"width: 20px; height: 20px;\"><\/div>\n        <\/div>\n            <div class=\"kksr-star\" style=\"padding-right: 3px\">\n            \n\n<div class=\"kksr-icon\" style=\"width: 20px; height: 20px;\"><\/div>\n        <\/div>\n            <div class=\"kksr-star\" style=\"padding-right: 3px\">\n            \n\n<div class=\"kksr-icon\" style=\"width: 20px; height: 20px;\"><\/div>\n        <\/div>\n            <div class=\"kksr-star\" style=\"padding-right: 3px\">\n            \n\n<div class=\"kksr-icon\" style=\"width: 20px; height: 20px;\"><\/div>\n        <\/div>\n    <\/div>\n<\/div>\n                \n\n<div class=\"kksr-legend\" style=\"font-size: 16px;\">\n            2.9\/5 - (15 votos)    <\/div>\n    <\/div>\n\n<figure id=\"attachment_25709\" aria-describedby=\"caption-attachment-25709\" style=\"width: 1200px\" class=\"wp-caption aligncenter\"><img data-recalc-dims=\"1\" loading=\"lazy\" decoding=\"async\" class=\"size-full wp-image-25709\" src=\"https:\/\/i0.wp.com\/www.reclamador.es\/blog\/wp-content\/uploads\/2020\/07\/reclamador.es-lanza-herencias.jpg?resize=1200%2C629&#038;ssl=1\" alt=\"reclamador.es herencias \" width=\"1200\" height=\"629\" srcset=\"https:\/\/i0.wp.com\/www.reclamador.es\/blog\/wp-content\/uploads\/2020\/07\/reclamador.es-lanza-herencias.jpg?w=1200&amp;ssl=1 1200w, https:\/\/i0.wp.com\/www.reclamador.es\/blog\/wp-content\/uploads\/2020\/07\/reclamador.es-lanza-herencias.jpg?resize=300%2C157&amp;ssl=1 300w, https:\/\/i0.wp.com\/www.reclamador.es\/blog\/wp-content\/uploads\/2020\/07\/reclamador.es-lanza-herencias.jpg?resize=1024%2C537&amp;ssl=1 1024w, https:\/\/i0.wp.com\/www.reclamador.es\/blog\/wp-content\/uploads\/2020\/07\/reclamador.es-lanza-herencias.jpg?resize=150%2C79&amp;ssl=1 150w, https:\/\/i0.wp.com\/www.reclamador.es\/blog\/wp-content\/uploads\/2020\/07\/reclamador.es-lanza-herencias.jpg?resize=768%2C403&amp;ssl=1 768w\" sizes=\"auto, (max-width: 1000px) 100vw, 1000px\" \/><figcaption id=\"caption-attachment-25709\" class=\"wp-caption-text\"><em>reclamador.es lanza un nuevo servicio de gesti\u00f3n de herencias<\/em><\/figcaption><\/figure>\n<p><span style=\"font-weight: 400;\">Los tr\u00e1mites, gestiones y documentaci\u00f3n que conlleva heredar son arduos y a la dif\u00edcil situaci\u00f3n de la p\u00e9rdida de un familiar se suma, poco despu\u00e9s, la gesti\u00f3n de la herencia de ese ser querido, que lleva aparejada, entre otras muchas circunstancias, el pago en un plazo limitado de los impuestos y numeroso papeleo.\u00a0\u00a0<\/span><\/p>\n<p><span style=\"font-weight: 400;\">En reclamador.es ponemos nuestra experiencia en la gesti\u00f3n online de servicios legales en un nuevo \u00e1mbito: la <strong>tramitaci\u00f3n de <a href=\"https:\/\/www.reclamador.es\/gestiones\/herencias\/\">herencias<\/a><\/strong>. Como venimos trabajando hasta ahora, aunamos tecnolog\u00eda, transparencia en los precios y un equipo legal experto en un asunto al que se enfrentan miles de personas cada a\u00f1o. Nuestra experiencia y especializaci\u00f3n nos avalan para hacer m\u00e1s sencillos estos tr\u00e1mites gracias a Internet.\u00a0\u00a0<\/span><\/p>\n<h2><b>\u00bfC\u00f3mo te ayuda reclamador.es en la gesti\u00f3n de una herencia?\u00a0<\/b><\/h2>\n<p><span style=\"font-weight: 400;\">Cuando fallece un familiar, una de las tareas m\u00e1s ingratas debido a la complejidad del asunto es la gesti\u00f3n de la herencia. Pero esto ya no tiene por qu\u00e9 ser as\u00ed. Ahora en reclamador.es te ofrecemos un servicio legal completo y sencillo con la tranquilidad de estar en manos de expertos legales. Ponemos nuestra tecnolog\u00eda y conocimientos a tu alcance para que te despreocupes de todos los tr\u00e1mites que se deben realizar para gestionar una herencia, tanto si el causante dej\u00f3 hecho testamento como si te enfrentas a una herencia sin testamento.\u00a0<\/span><\/p>\n<h6 style=\"text-align: center;\"><strong>Te interesa: <a href=\"https:\/\/www.reclamador.es\/blog\/que-es-legitima-quienes-herederos-legitimarios\/\">\u00bfqu\u00e9 es la leg\u00edtima de una herencia?<\/a><\/strong><\/h6>\n<p><span style=\"font-weight: 400;\">Gestionamos todos los tr\u00e1mites de forma sencilla, sin necesidad de que te desplaces frecuentemente y a precios competitivos. Abogados expertos en herencias e impuestos te asesorar\u00e1n por e-mail y videollamada y estar\u00e1n centrados en tu caso desde el principio, porque sabemos que los plazos son fundamentales, te informamos de cada paso y te ayudamos a conseguir toda la documentaci\u00f3n necesaria para heredar.\u00a0<\/span><\/p>\n<p><span style=\"font-weight: 400;\">Y por si todo esto fuera poco, te ofrecemos una<strong> primera consulta gratuita<\/strong> y soporte para conseguir toda la documentaci\u00f3n necesaria para que se produzca el reparto de la herencia (<a href=\"https:\/\/www.google.com\/search?q=certificado+de+ultimas+voluntades+reclamador&amp;rlz=1C1GCEU_esES834ES834&amp;oq=certificad&amp;aqs=chrome.1.69i57j69i59j0l2j69i60j69i64l3.2796j0j9&amp;sourceid=chrome&amp;ie=UTF-8\">certificado de \u00faltimas voluntades<\/a>, certificado de seguro de vida, certificado de defunci\u00f3n, etc\u00e9tera).\u00a0<\/span><\/p>\n<p>\u00a0<iframe loading=\"lazy\" title=\"YouTube video player\" src=\"https:\/\/www.youtube-nocookie.com\/embed\/6zGA-nCGg-k?si=xLXIS6mgOQcQHXcl\" width=\"560\" height=\"315\" frameborder=\"0\" allowfullscreen=\"allowfullscreen\"><\/iframe><\/p>\n<h2><b>Tramitar una herencia: no estar\u00e1s solo para enfrentarte a la gesti\u00f3n de una herencia<\/b><\/h2>\n<p><span style=\"font-weight: 400;\">En reclamador.es nos encargamos de los tr\u00e1mites propios de una herencia y te acompa\u00f1amos desde los primeros pasos hasta el momento del reparto de la herencia y con toda la <a href=\"https:\/\/www.reclamador.es\/ayuda\/gestiones\/documentacion-necesaria-tramitar-herencia\/\">documentaci\u00f3n<\/a>. Estaremos a tu lado durante todo el proceso, no estar\u00e1s solo al tramitar una herencia.\u00a0<\/span><\/p>\n<p><span style=\"font-weight: 400;\">En reclamador.es te ofrecemos la soluci\u00f3n legal de forma digital, c\u00f3moda y sencilla. Est\u00e1s en manos de expertos. No lo dudes, conf\u00eda en reclamador.es para la gesti\u00f3n de una herencia.\u00a0<\/span><\/p>\n<h2 style=\"text-align: center;\"><a class=\"button-lead\" href=\"https:\/\/www.reclamador.es\/managements-claim\/formulario\/gestiones\/herencias\/\" rel=\"nofollow noopener\"><strong>Consulta tu caso con nuestros expertos<\/strong><\/a><\/h2>\n<p>\u00a1Comparte esta noticia en tus redes sociales!<\/p>\n<p>\ud83d\ude09<\/p>\n<div class=\"ttr_end\"><\/div>","protected":false},"excerpt":{"rendered":"<p>Los tr\u00e1mites, gestiones y documentaci\u00f3n que conlleva heredar son arduos y a la dif\u00edcil situaci\u00f3n de la p\u00e9rdida de un familiar se suma, poco despu\u00e9s, la gesti\u00f3n de la herencia de ese ser querido, que lleva aparejada, entre otras muchas circunstancias, el pago en un plazo limitado de los impuestos y numeroso papeleo.\u00a0\u00a0 En reclamador.es [&hellip;]<\/p>\n","protected":false},"author":1,"featured_media":25710,"comment_status":"open","ping_status":"open","sticky":false,"template":"","format":"standard","meta":{"_acf_changed":false,"_genesis_hide_title":false,"_genesis_hide_breadcrumbs":false,"_genesis_hide_singular_image":false,"_genesis_hide_footer_widgets":false,"_genesis_custom_body_class":"","_genesis_custom_post_class":"","_genesis_layout":"","_jetpack_newsletter_access":"","_jetpack_dont_email_post_to_subs":false,"_jetpack_newsletter_tier_id":0,"_jetpack_memberships_contains_paywalled_content":false,"_jetpack_memberships_contains_paid_content":false,"footnotes":""},"categories":[396],"tags":[648,712,762],"class_list":{"0":"post-25691","1":"post","2":"type-post","3":"status-publish","4":"format-standard","5":"has-post-thumbnail","7":"category-reclamadores","8":"tag-branding","9":"tag-herencia","10":"tag-servicios","11":"entry"},"acf":[],"yoast_head":"<!-- This site is optimized with the Yoast SEO plugin v27.4 - https:\/\/yoast.com\/product\/yoast-seo-wordpress\/ -->\n<title>reclamador.es lanza servicio para tramitar una herencia<\/title>\n<meta name=\"description\" content=\"reclamador.es, la soluci\u00f3n legal digital, anuncia el lanzamiento de un nuevo servicio para gestionar y tramitar una herencia.\" \/>\n<meta name=\"robots\" content=\"index, follow, max-snippet:-1, max-image-preview:large, max-video-preview:-1\" \/>\n<link rel=\"canonical\" href=\"https:\/\/www.reclamador.es\/blog\/lanzamiento-servicio-tramitar-herencia\/\" \/>\n<meta property=\"og:locale\" content=\"es_ES\" \/>\n<meta property=\"og:type\" content=\"article\" \/>\n<meta property=\"og:title\" content=\"reclamador.es lanza servicio para tramitar una herencia\" \/>\n<meta property=\"og:description\" content=\"reclamador.es, la soluci\u00f3n legal digital, anuncia el lanzamiento de un nuevo servicio para gestionar y tramitar una herencia.\" \/>\n<meta property=\"og:url\" content=\"https:\/\/www.reclamador.es\/blog\/lanzamiento-servicio-tramitar-herencia\/\" \/>\n<meta property=\"og:site_name\" content=\"Rebeldes con causa, el blog de reclamador.es\" \/>\n<meta property=\"article:publisher\" content=\"https:\/\/www.facebook.com\/reclamador.es\" \/>\n<meta property=\"article:published_time\" content=\"2020-07-08T07:42:00+00:00\" \/>\n<meta property=\"article:modified_time\" content=\"2025-04-01T17:02:57+00:00\" \/>\n<meta property=\"og:image\" content=\"https:\/\/www.reclamador.es\/blog\/wp-content\/uploads\/2020\/07\/reclamador.es-lanza-herencias_destacada.jpg\" \/>\n\t<meta property=\"og:image:width\" content=\"800\" \/>\n\t<meta property=\"og:image:height\" content=\"419\" \/>\n\t<meta property=\"og:image:type\" content=\"image\/jpeg\" \/>\n<meta name=\"author\" content=\"Equipo reclamador\" \/>\n<meta name=\"twitter:card\" content=\"summary_large_image\" \/>\n<meta name=\"twitter:creator\" content=\"@reclamador\" \/>\n<meta name=\"twitter:site\" content=\"@reclamador\" \/>\n<meta name=\"twitter:label1\" content=\"Escrito por\" \/>\n\t<meta name=\"twitter:data1\" content=\"Equipo reclamador\" \/>\n\t<meta name=\"twitter:label2\" content=\"Tiempo de lectura\" \/>\n\t<meta name=\"twitter:data2\" content=\"3 minutos\" \/>\n<script type=\"application\/ld+json\" class=\"yoast-schema-graph\">{\"@context\":\"https:\\\/\\\/schema.org\",\"@graph\":[{\"@type\":\"Article\",\"@id\":\"https:\\\/\\\/www.reclamador.es\\\/blog\\\/lanzamiento-servicio-tramitar-herencia\\\/#article\",\"isPartOf\":{\"@id\":\"https:\\\/\\\/www.reclamador.es\\\/blog\\\/lanzamiento-servicio-tramitar-herencia\\\/\"},\"author\":{\"name\":\"Equipo reclamador\",\"@id\":\"https:\\\/\\\/www.reclamador.es\\\/blog\\\/#\\\/schema\\\/person\\\/1ed83eef8b6566cb5e4c812d9bc5c4bf\"},\"headline\":\"reclamador.es ofrece su experiencia en un nuevo servicio: la tramitaci\u00f3n y gesti\u00f3n de herencias\",\"datePublished\":\"2020-07-08T07:42:00+00:00\",\"dateModified\":\"2025-04-01T17:02:57+00:00\",\"mainEntityOfPage\":{\"@id\":\"https:\\\/\\\/www.reclamador.es\\\/blog\\\/lanzamiento-servicio-tramitar-herencia\\\/\"},\"wordCount\":515,\"commentCount\":0,\"publisher\":{\"@id\":\"https:\\\/\\\/www.reclamador.es\\\/blog\\\/#organization\"},\"image\":{\"@id\":\"https:\\\/\\\/www.reclamador.es\\\/blog\\\/lanzamiento-servicio-tramitar-herencia\\\/#primaryimage\"},\"thumbnailUrl\":\"https:\\\/\\\/i0.wp.com\\\/www.reclamador.es\\\/blog\\\/wp-content\\\/uploads\\\/2020\\\/07\\\/reclamador.es-lanza-herencias_destacada.jpg?fit=800%2C419&ssl=1\",\"keywords\":[\"branding\",\"herencia\",\"servicios\"],\"articleSection\":[\"Conoce todo lo que sucede en reclamador.es\"],\"inLanguage\":\"es\",\"potentialAction\":[{\"@type\":\"CommentAction\",\"name\":\"Comment\",\"target\":[\"https:\\\/\\\/www.reclamador.es\\\/blog\\\/lanzamiento-servicio-tramitar-herencia\\\/#respond\"]}]},{\"@type\":\"WebPage\",\"@id\":\"https:\\\/\\\/www.reclamador.es\\\/blog\\\/lanzamiento-servicio-tramitar-herencia\\\/\",\"url\":\"https:\\\/\\\/www.reclamador.es\\\/blog\\\/lanzamiento-servicio-tramitar-herencia\\\/\",\"name\":\"reclamador.es lanza servicio para tramitar una herencia\",\"isPartOf\":{\"@id\":\"https:\\\/\\\/www.reclamador.es\\\/blog\\\/#website\"},\"primaryImageOfPage\":{\"@id\":\"https:\\\/\\\/www.reclamador.es\\\/blog\\\/lanzamiento-servicio-tramitar-herencia\\\/#primaryimage\"},\"image\":{\"@id\":\"https:\\\/\\\/www.reclamador.es\\\/blog\\\/lanzamiento-servicio-tramitar-herencia\\\/#primaryimage\"},\"thumbnailUrl\":\"https:\\\/\\\/i0.wp.com\\\/www.reclamador.es\\\/blog\\\/wp-content\\\/uploads\\\/2020\\\/07\\\/reclamador.es-lanza-herencias_destacada.jpg?fit=800%2C419&ssl=1\",\"datePublished\":\"2020-07-08T07:42:00+00:00\",\"dateModified\":\"2025-04-01T17:02:57+00:00\",\"description\":\"reclamador.es, la soluci\u00f3n legal digital, anuncia el lanzamiento de un nuevo servicio para gestionar y tramitar una herencia.\",\"breadcrumb\":{\"@id\":\"https:\\\/\\\/www.reclamador.es\\\/blog\\\/lanzamiento-servicio-tramitar-herencia\\\/#breadcrumb\"},\"inLanguage\":\"es\",\"potentialAction\":[{\"@type\":\"ReadAction\",\"target\":[\"https:\\\/\\\/www.reclamador.es\\\/blog\\\/lanzamiento-servicio-tramitar-herencia\\\/\"]}]},{\"@type\":\"ImageObject\",\"inLanguage\":\"es\",\"@id\":\"https:\\\/\\\/www.reclamador.es\\\/blog\\\/lanzamiento-servicio-tramitar-herencia\\\/#primaryimage\",\"url\":\"https:\\\/\\\/i0.wp.com\\\/www.reclamador.es\\\/blog\\\/wp-content\\\/uploads\\\/2020\\\/07\\\/reclamador.es-lanza-herencias_destacada.jpg?fit=800%2C419&ssl=1\",\"contentUrl\":\"https:\\\/\\\/i0.wp.com\\\/www.reclamador.es\\\/blog\\\/wp-content\\\/uploads\\\/2020\\\/07\\\/reclamador.es-lanza-herencias_destacada.jpg?fit=800%2C419&ssl=1\",\"width\":800,\"height\":419,\"caption\":\"reclamador.es lanza servicio de gesti\u00f3n de herencias\"},{\"@type\":\"BreadcrumbList\",\"@id\":\"https:\\\/\\\/www.reclamador.es\\\/blog\\\/lanzamiento-servicio-tramitar-herencia\\\/#breadcrumb\",\"itemListElement\":[{\"@type\":\"ListItem\",\"position\":1,\"name\":\"Portada\",\"item\":\"https:\\\/\\\/www.reclamador.es\\\/blog\\\/\"},{\"@type\":\"ListItem\",\"position\":2,\"name\":\"reclamador.es ofrece su experiencia en un nuevo servicio: la tramitaci\u00f3n y gesti\u00f3n de herencias\"}]},{\"@type\":\"WebSite\",\"@id\":\"https:\\\/\\\/www.reclamador.es\\\/blog\\\/#website\",\"url\":\"https:\\\/\\\/www.reclamador.es\\\/blog\\\/\",\"name\":\"Rebeldes con causa, el blog de reclamador.es\",\"description\":\"Noticias, entrevistas y consejos sobre reclamaciones\",\"publisher\":{\"@id\":\"https:\\\/\\\/www.reclamador.es\\\/blog\\\/#organization\"},\"potentialAction\":[{\"@type\":\"SearchAction\",\"target\":{\"@type\":\"EntryPoint\",\"urlTemplate\":\"https:\\\/\\\/www.reclamador.es\\\/blog\\\/?s={search_term_string}\"},\"query-input\":{\"@type\":\"PropertyValueSpecification\",\"valueRequired\":true,\"valueName\":\"search_term_string\"}}],\"inLanguage\":\"es\"},{\"@type\":\"Organization\",\"@id\":\"https:\\\/\\\/www.reclamador.es\\\/blog\\\/#organization\",\"name\":\"reclamador.es\",\"url\":\"https:\\\/\\\/www.reclamador.es\\\/blog\\\/\",\"logo\":{\"@type\":\"ImageObject\",\"inLanguage\":\"es\",\"@id\":\"https:\\\/\\\/www.reclamador.es\\\/blog\\\/#\\\/schema\\\/logo\\\/image\\\/\",\"url\":\"https:\\\/\\\/i0.wp.com\\\/www.reclamador.es\\\/blog\\\/wp-content\\\/uploads\\\/2020\\\/01\\\/logo-reclamador.png?fit=1200%2C144&ssl=1\",\"contentUrl\":\"https:\\\/\\\/i0.wp.com\\\/www.reclamador.es\\\/blog\\\/wp-content\\\/uploads\\\/2020\\\/01\\\/logo-reclamador.png?fit=1200%2C144&ssl=1\",\"width\":1200,\"height\":144,\"caption\":\"reclamador.es\"},\"image\":{\"@id\":\"https:\\\/\\\/www.reclamador.es\\\/blog\\\/#\\\/schema\\\/logo\\\/image\\\/\"},\"sameAs\":[\"https:\\\/\\\/www.facebook.com\\\/reclamador.es\",\"https:\\\/\\\/x.com\\\/reclamador\",\"https:\\\/\\\/www.instagram.com\\\/reclamador.es\\\/\",\"https:\\\/\\\/www.linkedin.com\\\/company\\\/reclamador-es\",\"https:\\\/\\\/www.youtube.com\\\/user\\\/Reclamadores\"]},{\"@type\":\"Person\",\"@id\":\"https:\\\/\\\/www.reclamador.es\\\/blog\\\/#\\\/schema\\\/person\\\/1ed83eef8b6566cb5e4c812d9bc5c4bf\",\"name\":\"Equipo reclamador\",\"image\":{\"@type\":\"ImageObject\",\"inLanguage\":\"es\",\"@id\":\"https:\\\/\\\/secure.gravatar.com\\\/avatar\\\/6442ecdc2c4472c600c113f34d340feca47107d6aa4f42f1e3e75a2a8e28a760?s=96&d=mm&r=g\",\"url\":\"https:\\\/\\\/secure.gravatar.com\\\/avatar\\\/6442ecdc2c4472c600c113f34d340feca47107d6aa4f42f1e3e75a2a8e28a760?s=96&d=mm&r=g\",\"contentUrl\":\"https:\\\/\\\/secure.gravatar.com\\\/avatar\\\/6442ecdc2c4472c600c113f34d340feca47107d6aa4f42f1e3e75a2a8e28a760?s=96&d=mm&r=g\",\"caption\":\"Equipo reclamador\"},\"description\":\"Las personas que hacen posible reclamador.es\",\"url\":\"https:\\\/\\\/www.reclamador.es\\\/blog\\\/author\\\/administrador\\\/\"}]}<\/script>\n<!-- \/ Yoast SEO plugin. -->","yoast_head_json":{"title":"reclamador.es lanza servicio para tramitar una herencia","description":"reclamador.es, la soluci\u00f3n legal digital, anuncia el lanzamiento de un nuevo servicio para gestionar y tramitar una herencia.","robots":{"index":"index","follow":"follow","max-snippet":"max-snippet:-1","max-image-preview":"max-image-preview:large","max-video-preview":"max-video-preview:-1"},"canonical":"https:\/\/www.reclamador.es\/blog\/lanzamiento-servicio-tramitar-herencia\/","og_locale":"es_ES","og_type":"article","og_title":"reclamador.es lanza servicio para tramitar una herencia","og_description":"reclamador.es, la soluci\u00f3n legal digital, anuncia el lanzamiento de un nuevo servicio para gestionar y tramitar una herencia.","og_url":"https:\/\/www.reclamador.es\/blog\/lanzamiento-servicio-tramitar-herencia\/","og_site_name":"Rebeldes con causa, el blog de reclamador.es","article_publisher":"https:\/\/www.facebook.com\/reclamador.es","article_published_time":"2020-07-08T07:42:00+00:00","article_modified_time":"2025-04-01T17:02:57+00:00","og_image":[{"width":800,"height":419,"url":"https:\/\/www.reclamador.es\/blog\/wp-content\/uploads\/2020\/07\/reclamador.es-lanza-herencias_destacada.jpg","type":"image\/jpeg"}],"author":"Equipo reclamador","twitter_card":"summary_large_image","twitter_creator":"@reclamador","twitter_site":"@reclamador","twitter_misc":{"Escrito por":"Equipo reclamador","Tiempo de lectura":"3 minutos"},"schema":{"@context":"https:\/\/schema.org","@graph":[{"@type":"Article","@id":"https:\/\/www.reclamador.es\/blog\/lanzamiento-servicio-tramitar-herencia\/#article","isPartOf":{"@id":"https:\/\/www.reclamador.es\/blog\/lanzamiento-servicio-tramitar-herencia\/"},"author":{"name":"Equipo reclamador","@id":"https:\/\/www.reclamador.es\/blog\/#\/schema\/person\/1ed83eef8b6566cb5e4c812d9bc5c4bf"},"headline":"reclamador.es ofrece su experiencia en un nuevo servicio: la tramitaci\u00f3n y gesti\u00f3n de herencias","datePublished":"2020-07-08T07:42:00+00:00","dateModified":"2025-04-01T17:02:57+00:00","mainEntityOfPage":{"@id":"https:\/\/www.reclamador.es\/blog\/lanzamiento-servicio-tramitar-herencia\/"},"wordCount":515,"commentCount":0,"publisher":{"@id":"https:\/\/www.reclamador.es\/blog\/#organization"},"image":{"@id":"https:\/\/www.reclamador.es\/blog\/lanzamiento-servicio-tramitar-herencia\/#primaryimage"},"thumbnailUrl":"https:\/\/i0.wp.com\/www.reclamador.es\/blog\/wp-content\/uploads\/2020\/07\/reclamador.es-lanza-herencias_destacada.jpg?fit=800%2C419&ssl=1","keywords":["branding","herencia","servicios"],"articleSection":["Conoce todo lo que sucede en reclamador.es"],"inLanguage":"es","potentialAction":[{"@type":"CommentAction","name":"Comment","target":["https:\/\/www.reclamador.es\/blog\/lanzamiento-servicio-tramitar-herencia\/#respond"]}]},{"@type":"WebPage","@id":"https:\/\/www.reclamador.es\/blog\/lanzamiento-servicio-tramitar-herencia\/","url":"https:\/\/www.reclamador.es\/blog\/lanzamiento-servicio-tramitar-herencia\/","name":"reclamador.es lanza servicio para tramitar una herencia","isPartOf":{"@id":"https:\/\/www.reclamador.es\/blog\/#website"},"primaryImageOfPage":{"@id":"https:\/\/www.reclamador.es\/blog\/lanzamiento-servicio-tramitar-herencia\/#primaryimage"},"image":{"@id":"https:\/\/www.reclamador.es\/blog\/lanzamiento-servicio-tramitar-herencia\/#primaryimage"},"thumbnailUrl":"https:\/\/i0.wp.com\/www.reclamador.es\/blog\/wp-content\/uploads\/2020\/07\/reclamador.es-lanza-herencias_destacada.jpg?fit=800%2C419&ssl=1","datePublished":"2020-07-08T07:42:00+00:00","dateModified":"2025-04-01T17:02:57+00:00","description":"reclamador.es, la soluci\u00f3n legal digital, anuncia el lanzamiento de un nuevo servicio para gestionar y tramitar una herencia.","breadcrumb":{"@id":"https:\/\/www.reclamador.es\/blog\/lanzamiento-servicio-tramitar-herencia\/#breadcrumb"},"inLanguage":"es","potentialAction":[{"@type":"ReadAction","target":["https:\/\/www.reclamador.es\/blog\/lanzamiento-servicio-tramitar-herencia\/"]}]},{"@type":"ImageObject","inLanguage":"es","@id":"https:\/\/www.reclamador.es\/blog\/lanzamiento-servicio-tramitar-herencia\/#primaryimage","url":"https:\/\/i0.wp.com\/www.reclamador.es\/blog\/wp-content\/uploads\/2020\/07\/reclamador.es-lanza-herencias_destacada.jpg?fit=800%2C419&ssl=1","contentUrl":"https:\/\/i0.wp.com\/www.reclamador.es\/blog\/wp-content\/uploads\/2020\/07\/reclamador.es-lanza-herencias_destacada.jpg?fit=800%2C419&ssl=1","width":800,"height":419,"caption":"reclamador.es lanza servicio de gesti\u00f3n de herencias"},{"@type":"BreadcrumbList","@id":"https:\/\/www.reclamador.es\/blog\/lanzamiento-servicio-tramitar-herencia\/#breadcrumb","itemListElement":[{"@type":"ListItem","position":1,"name":"Portada","item":"https:\/\/www.reclamador.es\/blog\/"},{"@type":"ListItem","position":2,"name":"reclamador.es ofrece su experiencia en un nuevo servicio: la tramitaci\u00f3n y gesti\u00f3n de herencias"}]},{"@type":"WebSite","@id":"https:\/\/www.reclamador.es\/blog\/#website","url":"https:\/\/www.reclamador.es\/blog\/","name":"Rebeldes con causa, el blog de reclamador.es","description":"Noticias, entrevistas y consejos sobre reclamaciones","publisher":{"@id":"https:\/\/www.reclamador.es\/blog\/#organization"},"potentialAction":[{"@type":"SearchAction","target":{"@type":"EntryPoint","urlTemplate":"https:\/\/www.reclamador.es\/blog\/?s={search_term_string}"},"query-input":{"@type":"PropertyValueSpecification","valueRequired":true,"valueName":"search_term_string"}}],"inLanguage":"es"},{"@type":"Organization","@id":"https:\/\/www.reclamador.es\/blog\/#organization","name":"reclamador.es","url":"https:\/\/www.reclamador.es\/blog\/","logo":{"@type":"ImageObject","inLanguage":"es","@id":"https:\/\/www.reclamador.es\/blog\/#\/schema\/logo\/image\/","url":"https:\/\/i0.wp.com\/www.reclamador.es\/blog\/wp-content\/uploads\/2020\/01\/logo-reclamador.png?fit=1200%2C144&ssl=1","contentUrl":"https:\/\/i0.wp.com\/www.reclamador.es\/blog\/wp-content\/uploads\/2020\/01\/logo-reclamador.png?fit=1200%2C144&ssl=1","width":1200,"height":144,"caption":"reclamador.es"},"image":{"@id":"https:\/\/www.reclamador.es\/blog\/#\/schema\/logo\/image\/"},"sameAs":["https:\/\/www.facebook.com\/reclamador.es","https:\/\/x.com\/reclamador","https:\/\/www.instagram.com\/reclamador.es\/","https:\/\/www.linkedin.com\/company\/reclamador-es","https:\/\/www.youtube.com\/user\/Reclamadores"]},{"@type":"Person","@id":"https:\/\/www.reclamador.es\/blog\/#\/schema\/person\/1ed83eef8b6566cb5e4c812d9bc5c4bf","name":"Equipo reclamador","image":{"@type":"ImageObject","inLanguage":"es","@id":"https:\/\/secure.gravatar.com\/avatar\/6442ecdc2c4472c600c113f34d340feca47107d6aa4f42f1e3e75a2a8e28a760?s=96&d=mm&r=g","url":"https:\/\/secure.gravatar.com\/avatar\/6442ecdc2c4472c600c113f34d340feca47107d6aa4f42f1e3e75a2a8e28a760?s=96&d=mm&r=g","contentUrl":"https:\/\/secure.gravatar.com\/avatar\/6442ecdc2c4472c600c113f34d340feca47107d6aa4f42f1e3e75a2a8e28a760?s=96&d=mm&r=g","caption":"Equipo reclamador"},"description":"Las personas que hacen posible reclamador.es","url":"https:\/\/www.reclamador.es\/blog\/author\/administrador\/"}]}},"jetpack_featured_media_url":"https:\/\/i0.wp.com\/www.reclamador.es\/blog\/wp-content\/uploads\/2020\/07\/reclamador.es-lanza-herencias_destacada.jpg?fit=800%2C419&ssl=1","jetpack-related-posts":[{"id":26380,"url":"https:\/\/www.reclamador.es\/blog\/no-es-posible-renunciar-a-herencia-en-vida\/","url_meta":{"origin":25691,"position":0},"title":"\u00bfSe puede renunciar a la herencia de una persona que no ha fallecido?","author":"Almudena Vel\u00e1zquez","date":"5 febrero, 2022","format":false,"excerpt":"Esta cuesti\u00f3n es, posiblemente, una de esas leyendas urbano-legales que m\u00e1s se pueda escuchar en relaci\u00f3n a la gesti\u00f3n de herencias. Para todos aquellos que se est\u00e1n planteando si es o no posible renunciar a herencia en vida, es decir, rechazar la herencia de una persona que no ha fallecido,\u2026","rel":"","context":"En \u00abConsejos legales\u00bb","block_context":{"text":"Consejos legales","link":"https:\/\/www.reclamador.es\/blog\/consejos\/"},"img":{"alt_text":"Renunciar a una herencia en vida","src":"https:\/\/i0.wp.com\/www.reclamador.es\/blog\/wp-content\/uploads\/2021\/01\/Renunciar-a-una-herencia-en-vida.jpg?fit=1200%2C675&ssl=1&resize=350%2C200","width":350,"height":200,"srcset":"https:\/\/i0.wp.com\/www.reclamador.es\/blog\/wp-content\/uploads\/2021\/01\/Renunciar-a-una-herencia-en-vida.jpg?fit=1200%2C675&ssl=1&resize=350%2C200 1x, https:\/\/i0.wp.com\/www.reclamador.es\/blog\/wp-content\/uploads\/2021\/01\/Renunciar-a-una-herencia-en-vida.jpg?fit=1200%2C675&ssl=1&resize=525%2C300 1.5x, https:\/\/i0.wp.com\/www.reclamador.es\/blog\/wp-content\/uploads\/2021\/01\/Renunciar-a-una-herencia-en-vida.jpg?fit=1200%2C675&ssl=1&resize=700%2C400 2x, https:\/\/i0.wp.com\/www.reclamador.es\/blog\/wp-content\/uploads\/2021\/01\/Renunciar-a-una-herencia-en-vida.jpg?fit=1200%2C675&ssl=1&resize=1050%2C600 3x"},"classes":[]},{"id":26162,"url":"https:\/\/www.reclamador.es\/blog\/heredero-unico-gestionar-herencia\/","url_meta":{"origin":25691,"position":1},"title":"Heredero \u00fanico: as\u00ed se tramita la herencia","author":"Equipo reclamador","date":"5 marzo, 2022","format":false,"excerpt":"La tramitaci\u00f3n de herencias con heredero \u00fanico son muy habituales. Ya sea el heredero un hijo o hija o cualquier otra persona, como, por ejemplo, uno de los progenitores del fallecido, gestionar una herencia con un \u00fanico heredero tiene sus peculiaridades.\u00a0 El cuaderno particional en herencias donde hay un \u00fanico\u2026","rel":"","context":"En \u00abConsejos legales\u00bb","block_context":{"text":"Consejos legales","link":"https:\/\/www.reclamador.es\/blog\/consejos\/"},"img":{"alt_text":"\u00bfC\u00f3mo gestionar una herencia con un \u00fanico heredero?","src":"https:\/\/i0.wp.com\/www.reclamador.es\/blog\/wp-content\/uploads\/2020\/10\/gestion-de-la-herencia-un-hijo-unico.jpg?fit=1200%2C675&ssl=1&resize=350%2C200","width":350,"height":200,"srcset":"https:\/\/i0.wp.com\/www.reclamador.es\/blog\/wp-content\/uploads\/2020\/10\/gestion-de-la-herencia-un-hijo-unico.jpg?fit=1200%2C675&ssl=1&resize=350%2C200 1x, https:\/\/i0.wp.com\/www.reclamador.es\/blog\/wp-content\/uploads\/2020\/10\/gestion-de-la-herencia-un-hijo-unico.jpg?fit=1200%2C675&ssl=1&resize=525%2C300 1.5x, https:\/\/i0.wp.com\/www.reclamador.es\/blog\/wp-content\/uploads\/2020\/10\/gestion-de-la-herencia-un-hijo-unico.jpg?fit=1200%2C675&ssl=1&resize=700%2C400 2x, https:\/\/i0.wp.com\/www.reclamador.es\/blog\/wp-content\/uploads\/2020\/10\/gestion-de-la-herencia-un-hijo-unico.jpg?fit=1200%2C675&ssl=1&resize=1050%2C600 3x"},"classes":[]},{"id":25964,"url":"https:\/\/www.reclamador.es\/blog\/adicion-de-herencia-aparecen-nuevos-bienes-una-vez-repartida\/","url_meta":{"origin":25691,"position":2},"title":"\u00bfQu\u00e9 ocurre si aparecen nuevos bienes una vez repartida la herencia?","author":"Equipo reclamador","date":"18 agosto, 2024","format":false,"excerpt":"No es una situaci\u00f3n tan rara y en no pocas ocasiones, una vez realizada la escritura de partici\u00f3n de la herencia, pasado el tiempo, aparecen bienes que no estaban incluidos en ese reparto por desconocimiento de los herederos. Aqu\u00ed, la pregunta puede ser \u00bfhabr\u00eda que volver a realizar todo el\u2026","rel":"","context":"En \u00abConsejos legales\u00bb","block_context":{"text":"Consejos legales","link":"https:\/\/www.reclamador.es\/blog\/consejos\/"},"img":{"alt_text":"adici\u00f3n de herencia escritura","src":"https:\/\/i0.wp.com\/www.reclamador.es\/blog\/wp-content\/uploads\/2020\/08\/adicion-de-herencia-reclamador.jpg?fit=1200%2C630&ssl=1&resize=350%2C200","width":350,"height":200,"srcset":"https:\/\/i0.wp.com\/www.reclamador.es\/blog\/wp-content\/uploads\/2020\/08\/adicion-de-herencia-reclamador.jpg?fit=1200%2C630&ssl=1&resize=350%2C200 1x, https:\/\/i0.wp.com\/www.reclamador.es\/blog\/wp-content\/uploads\/2020\/08\/adicion-de-herencia-reclamador.jpg?fit=1200%2C630&ssl=1&resize=525%2C300 1.5x, https:\/\/i0.wp.com\/www.reclamador.es\/blog\/wp-content\/uploads\/2020\/08\/adicion-de-herencia-reclamador.jpg?fit=1200%2C630&ssl=1&resize=700%2C400 2x, https:\/\/i0.wp.com\/www.reclamador.es\/blog\/wp-content\/uploads\/2020\/08\/adicion-de-herencia-reclamador.jpg?fit=1200%2C630&ssl=1&resize=1050%2C600 3x"},"classes":[]},{"id":26927,"url":"https:\/\/www.reclamador.es\/blog\/puede-matrimonio-otorgar-testamento-conjunto\/","url_meta":{"origin":25691,"position":3},"title":"\u00bfPuede un matrimonio otorgar testamento conjunto?","author":"Equipo reclamador","date":"15 julio, 2021","format":false,"excerpt":"Es muy habitual que las parejas decidan realizar testamento conjuntamente, una decisi\u00f3n conjunta, pero que debe ser realizado por separado. Esto es as\u00ed porque otorgar testamento es un acto individual, independientemente del estado civil. En otras palabras, la pareja no puede hacer testamento conjunto. Pese a que el contenido del\u2026","rel":"","context":"En \u00abConsejos legales\u00bb","block_context":{"text":"Consejos legales","link":"https:\/\/www.reclamador.es\/blog\/consejos\/"},"img":{"alt_text":"testamento conjunto matrimonio","src":"https:\/\/i0.wp.com\/www.reclamador.es\/blog\/wp-content\/uploads\/2021\/06\/testamento-conjunto.jpg?fit=1200%2C794&ssl=1&resize=350%2C200","width":350,"height":200,"srcset":"https:\/\/i0.wp.com\/www.reclamador.es\/blog\/wp-content\/uploads\/2021\/06\/testamento-conjunto.jpg?fit=1200%2C794&ssl=1&resize=350%2C200 1x, https:\/\/i0.wp.com\/www.reclamador.es\/blog\/wp-content\/uploads\/2021\/06\/testamento-conjunto.jpg?fit=1200%2C794&ssl=1&resize=525%2C300 1.5x, https:\/\/i0.wp.com\/www.reclamador.es\/blog\/wp-content\/uploads\/2021\/06\/testamento-conjunto.jpg?fit=1200%2C794&ssl=1&resize=700%2C400 2x, https:\/\/i0.wp.com\/www.reclamador.es\/blog\/wp-content\/uploads\/2021\/06\/testamento-conjunto.jpg?fit=1200%2C794&ssl=1&resize=1050%2C600 3x"},"classes":[]},{"id":26307,"url":"https:\/\/www.reclamador.es\/blog\/herencia-que-corresponde-conyuge-viudo\/","url_meta":{"origin":25691,"position":4},"title":"En el reparto de la herencia: \u00bfqu\u00e9 le corresponde al c\u00f3nyuge viudo al fallecer su pareja?","author":"Equipo reclamador","date":"4 enero, 2021","format":false,"excerpt":"*Contenido modificado en el a\u00f1o 2025 Enfrentarse a una herencia no es sencillo emocionalmente, pero tampoco lo ser\u00e1, posteriormente, la gesti\u00f3n de la herencia por parte de c\u00f3nyuge viudo. Numerosas cuestiones deben tenerse en cuenta cuando una persona se enfrenta a la tramitaci\u00f3n de la herencia de su c\u00f3nyuge. Una\u2026","rel":"","context":"En \u00abConsejos legales\u00bb","block_context":{"text":"Consejos legales","link":"https:\/\/www.reclamador.es\/blog\/consejos\/"},"img":{"alt_text":"legitima del conyuge viudo","src":"https:\/\/i0.wp.com\/www.reclamador.es\/blog\/wp-content\/uploads\/2020\/12\/herencia-conyuge-viudo.jpg?fit=1200%2C814&ssl=1&resize=350%2C200","width":350,"height":200,"srcset":"https:\/\/i0.wp.com\/www.reclamador.es\/blog\/wp-content\/uploads\/2020\/12\/herencia-conyuge-viudo.jpg?fit=1200%2C814&ssl=1&resize=350%2C200 1x, https:\/\/i0.wp.com\/www.reclamador.es\/blog\/wp-content\/uploads\/2020\/12\/herencia-conyuge-viudo.jpg?fit=1200%2C814&ssl=1&resize=525%2C300 1.5x, https:\/\/i0.wp.com\/www.reclamador.es\/blog\/wp-content\/uploads\/2020\/12\/herencia-conyuge-viudo.jpg?fit=1200%2C814&ssl=1&resize=700%2C400 2x, https:\/\/i0.wp.com\/www.reclamador.es\/blog\/wp-content\/uploads\/2020\/12\/herencia-conyuge-viudo.jpg?fit=1200%2C814&ssl=1&resize=1050%2C600 3x"},"classes":[]},{"id":26274,"url":"https:\/\/www.reclamador.es\/blog\/matrimonios-y-herencias-bienes-gananciales\/","url_meta":{"origin":25691,"position":5},"title":"Matrimonios y herencias: \u00bfla herencia se comparte con el c\u00f3nyuge si est\u00e1s casado en gananciales?","author":"Equipo reclamador","date":"19 noviembre, 2020","format":false,"excerpt":"\u00bfQu\u00e9 pasa, por ejemplo, cuando uno de los miembros de la pareja -casados en r\u00e9gimen de gananciales- recibe en herencia una vivienda? \u00bfPasa a ser propiedad de ambas personas o, por el contrario, lo recibe \u00fanicamente la persona que es heredera? \u00bfLa herencia se comparte con el c\u00f3nyuge? Hablamos, por\u2026","rel":"","context":"En \u00abConsejos legales\u00bb","block_context":{"text":"Consejos legales","link":"https:\/\/www.reclamador.es\/blog\/consejos\/"},"img":{"alt_text":"la herencia se comparte con el c\u00f3nyuge","src":"https:\/\/i0.wp.com\/www.reclamador.es\/blog\/wp-content\/uploads\/2020\/11\/herencias-bienes-gananciales.jpg?fit=1200%2C800&ssl=1&resize=350%2C200","width":350,"height":200,"srcset":"https:\/\/i0.wp.com\/www.reclamador.es\/blog\/wp-content\/uploads\/2020\/11\/herencias-bienes-gananciales.jpg?fit=1200%2C800&ssl=1&resize=350%2C200 1x, https:\/\/i0.wp.com\/www.reclamador.es\/blog\/wp-content\/uploads\/2020\/11\/herencias-bienes-gananciales.jpg?fit=1200%2C800&ssl=1&resize=525%2C300 1.5x, https:\/\/i0.wp.com\/www.reclamador.es\/blog\/wp-content\/uploads\/2020\/11\/herencias-bienes-gananciales.jpg?fit=1200%2C800&ssl=1&resize=700%2C400 2x, https:\/\/i0.wp.com\/www.reclamador.es\/blog\/wp-content\/uploads\/2020\/11\/herencias-bienes-gananciales.jpg?fit=1200%2C800&ssl=1&resize=1050%2C600 3x"},"classes":[]}],"jetpack_sharing_enabled":true,"_links":{"self":[{"href":"https:\/\/www.reclamador.es\/blog\/wp-json\/wp\/v2\/posts\/25691","targetHints":{"allow":["GET"]}}],"collection":[{"href":"https:\/\/www.reclamador.es\/blog\/wp-json\/wp\/v2\/posts"}],"about":[{"href":"https:\/\/www.reclamador.es\/blog\/wp-json\/wp\/v2\/types\/post"}],"author":[{"embeddable":true,"href":"https:\/\/www.reclamador.es\/blog\/wp-json\/wp\/v2\/users\/1"}],"replies":[{"embeddable":true,"href":"https:\/\/www.reclamador.es\/blog\/wp-json\/wp\/v2\/comments?post=25691"}],"version-history":[{"count":18,"href":"https:\/\/www.reclamador.es\/blog\/wp-json\/wp\/v2\/posts\/25691\/revisions"}],"predecessor-version":[{"id":33848,"href":"https:\/\/www.reclamador.es\/blog\/wp-json\/wp\/v2\/posts\/25691\/revisions\/33848"}],"wp:featuredmedia":[{"embeddable":true,"href":"https:\/\/www.reclamador.es\/blog\/wp-json\/wp\/v2\/media\/25710"}],"wp:attachment":[{"href":"https:\/\/www.reclamador.es\/blog\/wp-json\/wp\/v2\/media?parent=25691"}],"wp:term":[{"taxonomy":"category","embeddable":true,"href":"https:\/\/www.reclamador.es\/blog\/wp-json\/wp\/v2\/categories?post=25691"},{"taxonomy":"post_tag","embeddable":true,"href":"https:\/\/www.reclamador.es\/blog\/wp-json\/wp\/v2\/tags?post=25691"}],"curies":[{"name":"wp","href":"https:\/\/api.w.org\/{rel}","templated":true}]}}