{"id":25640,"date":"2020-06-24T12:03:33","date_gmt":"2020-06-24T10:03:33","guid":{"rendered":"https:\/\/www.reclamador.es\/blog\/?p=25640"},"modified":"2023-11-20T10:44:16","modified_gmt":"2023-11-20T09:44:16","slug":"declarada-nula-clausula-air-europa-impide-cesion-derechos-indemnizacion","status":"publish","type":"post","link":"https:\/\/www.reclamador.es\/blog\/declarada-nula-clausula-air-europa-impide-cesion-derechos-indemnizacion\/","title":{"rendered":"Declarada nula la cl\u00e1usula de Air Europa que impide la cesi\u00f3n a terceros de los derechos de indemnizaci\u00f3n"},"content":{"rendered":"<div class=\"ttr_start\"><\/div>\n\n<div class=\"kk-star-ratings kksr-auto kksr-align-right kksr-valign-top\"\n    data-payload='{&quot;align&quot;:&quot;right&quot;,&quot;id&quot;:&quot;25640&quot;,&quot;slug&quot;:&quot;default&quot;,&quot;valign&quot;:&quot;top&quot;,&quot;ignore&quot;:&quot;&quot;,&quot;reference&quot;:&quot;auto&quot;,&quot;class&quot;:&quot;&quot;,&quot;count&quot;:&quot;2&quot;,&quot;legendonly&quot;:&quot;&quot;,&quot;readonly&quot;:&quot;&quot;,&quot;score&quot;:&quot;5&quot;,&quot;starsonly&quot;:&quot;&quot;,&quot;best&quot;:&quot;5&quot;,&quot;gap&quot;:&quot;3&quot;,&quot;greet&quot;:&quot;Valora este art\u00edculo&quot;,&quot;legend&quot;:&quot;5\\\/5 - (2 votos)&quot;,&quot;size&quot;:&quot;20&quot;,&quot;title&quot;:&quot;Declarada nula la cl\u00e1usula de Air Europa que impide la cesi\u00f3n a terceros de los derechos de indemnizaci\u00f3n&quot;,&quot;width&quot;:&quot;113.5&quot;,&quot;_legend&quot;:&quot;{score}\\\/{best} - ({count} {votes})&quot;,&quot;font_factor&quot;:&quot;1.25&quot;}'>\n            \n<div class=\"kksr-stars\">\n    \n<div class=\"kksr-stars-inactive\">\n            <div class=\"kksr-star\" data-star=\"1\" style=\"padding-right: 3px\">\n            \n\n<div class=\"kksr-icon\" style=\"width: 20px; height: 20px;\"><\/div>\n        <\/div>\n            <div class=\"kksr-star\" data-star=\"2\" style=\"padding-right: 3px\">\n            \n\n<div class=\"kksr-icon\" style=\"width: 20px; height: 20px;\"><\/div>\n        <\/div>\n            <div class=\"kksr-star\" data-star=\"3\" style=\"padding-right: 3px\">\n            \n\n<div class=\"kksr-icon\" style=\"width: 20px; height: 20px;\"><\/div>\n        <\/div>\n            <div class=\"kksr-star\" data-star=\"4\" style=\"padding-right: 3px\">\n            \n\n<div class=\"kksr-icon\" style=\"width: 20px; height: 20px;\"><\/div>\n        <\/div>\n            <div class=\"kksr-star\" data-star=\"5\" style=\"padding-right: 3px\">\n            \n\n<div class=\"kksr-icon\" style=\"width: 20px; height: 20px;\"><\/div>\n        <\/div>\n    <\/div>\n    \n<div class=\"kksr-stars-active\" style=\"width: 113.5px;\">\n            <div class=\"kksr-star\" style=\"padding-right: 3px\">\n            \n\n<div class=\"kksr-icon\" style=\"width: 20px; height: 20px;\"><\/div>\n        <\/div>\n            <div class=\"kksr-star\" style=\"padding-right: 3px\">\n            \n\n<div class=\"kksr-icon\" style=\"width: 20px; height: 20px;\"><\/div>\n        <\/div>\n            <div class=\"kksr-star\" style=\"padding-right: 3px\">\n            \n\n<div class=\"kksr-icon\" style=\"width: 20px; height: 20px;\"><\/div>\n        <\/div>\n            <div class=\"kksr-star\" style=\"padding-right: 3px\">\n            \n\n<div class=\"kksr-icon\" style=\"width: 20px; height: 20px;\"><\/div>\n        <\/div>\n            <div class=\"kksr-star\" style=\"padding-right: 3px\">\n            \n\n<div class=\"kksr-icon\" style=\"width: 20px; height: 20px;\"><\/div>\n        <\/div>\n    <\/div>\n<\/div>\n                \n\n<div class=\"kksr-legend\" style=\"font-size: 16px;\">\n            5\/5 - (2 votos)    <\/div>\n    <\/div>\n\n<figure id=\"attachment_25642\" aria-describedby=\"caption-attachment-25642\" style=\"width: 1200px\" class=\"wp-caption aligncenter\"><img data-recalc-dims=\"1\" loading=\"lazy\" decoding=\"async\" class=\"size-full wp-image-25642\" src=\"https:\/\/i0.wp.com\/www.reclamador.es\/blog\/wp-content\/uploads\/2020\/06\/sentencia-cesion-derechos-indemnizacion-air-europa.jpg?resize=1200%2C630&#038;ssl=1\" alt=\"sentencia reclamador frente air europa cesion derechos \" width=\"1200\" height=\"630\" srcset=\"https:\/\/i0.wp.com\/www.reclamador.es\/blog\/wp-content\/uploads\/2020\/06\/sentencia-cesion-derechos-indemnizacion-air-europa.jpg?w=1200&amp;ssl=1 1200w, https:\/\/i0.wp.com\/www.reclamador.es\/blog\/wp-content\/uploads\/2020\/06\/sentencia-cesion-derechos-indemnizacion-air-europa.jpg?resize=300%2C157&amp;ssl=1 300w, https:\/\/i0.wp.com\/www.reclamador.es\/blog\/wp-content\/uploads\/2020\/06\/sentencia-cesion-derechos-indemnizacion-air-europa.jpg?resize=1024%2C537&amp;ssl=1 1024w, https:\/\/i0.wp.com\/www.reclamador.es\/blog\/wp-content\/uploads\/2020\/06\/sentencia-cesion-derechos-indemnizacion-air-europa.jpg?resize=150%2C79&amp;ssl=1 150w, https:\/\/i0.wp.com\/www.reclamador.es\/blog\/wp-content\/uploads\/2020\/06\/sentencia-cesion-derechos-indemnizacion-air-europa.jpg?resize=768%2C403&amp;ssl=1 768w\" sizes=\"auto, (max-width: 1000px) 100vw, 1000px\" \/><figcaption id=\"caption-attachment-25642\" class=\"wp-caption-text\"><em>Sentencia conseguida por reclamador.es frente a Air Europa<\/em><\/figcaption><\/figure>\n<p>No todo son malas noticias durante esta dif\u00edcil etapa. Los juzgados poco a poco retoman su actividad y vamos conociendo nuevas sentencias que, como en el caso que aqu\u00ed nos ocupa, aumentan la protecci\u00f3n de los derechos de los pasajeros a\u00e9reos. Se trata de una sentencia dictada por el Juzgado de lo Mercantil N\u00ba1 de Palma de Mallorca en la que el juez estima la demanda que presentamos en reclamador.es contra Air Europa y que declara la <b>nulidad de la cl\u00e1usula<\/b> que tiene dicha compa\u00f1\u00eda en sus contratos de viaje <b>que proh\u00edbe la cesi\u00f3n de los derechos de los pasajeros a terceros cuando se producen casos de retrasos, <a href=\"https:\/\/www.reclamador.es\/aerolineas\/cancelacion-vuelo\/\">cancelaciones de vuelo<\/a> o <a href=\"https:\/\/www.reclamador.es\/aerolineas\/problemas-equipaje\/\">problemas de equipaje<\/a>.\u00a0<\/b><\/p>\n<h2><strong>La cl\u00e1usula de Air Europa que impide la cesi\u00f3n a terceros de los derechos de indemnizaci\u00f3n es nula: \u00bfqu\u00e9 supone esto para los viajeros?\u00a0<\/strong><\/h2>\n<p>Esta sentencia, adem\u00e1s de condenar a la aerol\u00ednea del Grupo Globalia al pago de una indemnizaci\u00f3n de 600\u20ac por el <a href=\"https:\/\/www.reclamador.es\/aerolineas\/retraso-vuelo\/\">retraso del vuelo<\/a>, es muy relevante por cuanto considera nula la prohibici\u00f3n de la cesi\u00f3n de derechos a terceros (contenida en la cl\u00e1usula 15\u00aa de las condiciones generales de la compa\u00f1\u00eda a\u00e9rea) <strong>no solo por ser impeditiva del ejercicio de defensa<\/strong>, ya que obliga al consumidor a personarse por s\u00ed mismo en los procedimientos, cosa que en muchos casos no va a hacer por la escasa cuant\u00eda de las indemnizaciones, sino porque, precisamente, la finalidad que destaca el Reglamento 261\/2004 en cuanto a <strong>que la compensaci\u00f3n sea obligatoria\u00a0 (siendo del importe que sea), salvo casos muy excepcionales, se vulnera con esta cl\u00e1usula<\/strong>, por lo que su nulidad es de pleno derecho y puede ser incluso apreciada por el Juez aunque el proceso lo haya iniciado un no consumidor. Que en este caso fue reclamador.es.\u00a0<\/p>\n<p>Se trata, por tanto, de una sentencia muy importante que <b>avanza en los <a href=\"https:\/\/www.reclamador.es\/tus-derechos\/derechos-del-pasajero\/\">derechos de los pasajeros a\u00e9reos<\/a> permiti\u00e9ndoles optar por defenderse por s\u00ed mismos, o como suele suceder en estos casos, cederles sus derechos a terceros para que lo hagan por ellos<\/b>, despreocup\u00e1ndose de las circunstancias del procedimiento, sin necesidad de desplazamientos y sin perder sus derechos (el de compensaci\u00f3n en los casos de retrasos y cancelaciones, el de indemnizaci\u00f3n cuando se trata de la p\u00e9rdida del equipaje) cuyo respeto es obligatorio para las compa\u00f1\u00edas a\u00e9reas\u201d.\u00a0<\/p>\n<h2><strong>Air Europa, casi 3.000 reclamaciones solo en 2019<\/strong><\/h2>\n<p>En reclamador.es hemos defendido y defenderemos que esta cl\u00e1usula que imponen aerol\u00edneas como <a href=\"https:\/\/www.reclamador.es\/aerolineas\/air-europa\/\">Air Europa<\/a> sea declarada nula, pues es un importante impedimento en la defensa de los derechos de los viajeros.<\/p>\n<p>No debemos olvidar que, seg\u00fan el <a href=\"https:\/\/www.reclamador.es\/notas-de-prensa\/ranking-de-reclamaciones-aereas-2019\/\">ranking de las aerol\u00edneas m\u00e1s reclamadas<\/a> que elaboramos cada a\u00f1o, por ejemplo, solo en 2019, nuestro equipo experto en aerol\u00edneas gestion\u00f3 casi 3.000 reclamaciones frente a Air Europa por retraso, cancelaci\u00f3n, overbooking o problemas de equipaje frente a Air Europa. En algunos de esos casos, por esta cl\u00e1usula, los viajeros se han visto indefensos y sin su correspondiente indemnizaci\u00f3n, si bien, ahora, con esta sentencia, esperamos que todos los viajeros afectados por incidencias en sus vuelos con esta aerol\u00ednea vean protegidos sus derechos y puedan reclamar su indemnizaci\u00f3n de la mano de abogados expertos en aerol\u00edneas como los de reclamador.es.\u00a0<\/p>\n<h2 style=\"text-align: center;\"><strong><a class=\"button-lead\" href=\"https:\/\/www.reclamador.es\/aerolineas\/retraso-vuelo\/air-europa\/\">\u00bfQuieres hacer una reclamaci\u00f3n por retraso de vuelo a Air Europa? Cons\u00faltanos<\/a><\/strong><\/h2>\n<p>Si te ha parecido interesante esta noticia sobre la sentencia conseguida por reclamador.es frente a Air Europa por la cl\u00e1usula que impide la cesi\u00f3n a terceros de los derechos de indemnizaci\u00f3n, comp\u00e1rtela!<\/p>\n<p>\ud83d\ude09\u00a0<\/p>\n<p>\u00a0<\/p>\n<div class=\"ttr_end\"><\/div>","protected":false},"excerpt":{"rendered":"<p>No todo son malas noticias durante esta dif\u00edcil etapa. Los juzgados poco a poco retoman su actividad y vamos conociendo nuevas sentencias que, como en el caso que aqu\u00ed nos ocupa, aumentan la protecci\u00f3n de los derechos de los pasajeros a\u00e9reos. Se trata de una sentencia dictada por el Juzgado de lo Mercantil N\u00ba1 de [&hellip;]<\/p>\n","protected":false},"author":37,"featured_media":25878,"comment_status":"open","ping_status":"open","sticky":false,"template":"","format":"standard","meta":{"_acf_changed":false,"_genesis_hide_title":false,"_genesis_hide_breadcrumbs":false,"_genesis_hide_singular_image":false,"_genesis_hide_footer_widgets":false,"_genesis_custom_body_class":"","_genesis_custom_post_class":"","_genesis_layout":"","_jetpack_newsletter_access":"","_jetpack_dont_email_post_to_subs":false,"_jetpack_newsletter_tier_id":0,"_jetpack_memberships_contains_paywalled_content":false,"_jetpack_memberships_contains_paid_content":false,"footnotes":""},"categories":[392],"tags":[380,663,385],"class_list":{"0":"post-25640","1":"post","2":"type-post","3":"status-publish","4":"format-standard","5":"has-post-thumbnail","7":"category-noticias","8":"tag-aerolineas","9":"tag-retraso","10":"tag-sentencia","11":"entry"},"acf":[],"yoast_head":"<!-- This site is optimized with the Yoast SEO plugin v27.4 - https:\/\/yoast.com\/product\/yoast-seo-wordpress\/ -->\n<title>La cl\u00e1usula de Air Europa que impide la cesi\u00f3n de derechos es nula<\/title>\n<meta name=\"description\" content=\"Sentencia reclamador.es. Juez declara nula la cl\u00e1usula de Air Europa que impide la cesi\u00f3n a terceros de derechos de indemnizaci\u00f3n\" \/>\n<meta name=\"robots\" content=\"index, follow, max-snippet:-1, max-image-preview:large, max-video-preview:-1\" \/>\n<link rel=\"canonical\" href=\"https:\/\/www.reclamador.es\/blog\/declarada-nula-clausula-air-europa-impide-cesion-derechos-indemnizacion\/\" \/>\n<meta property=\"og:locale\" content=\"es_ES\" \/>\n<meta property=\"og:type\" content=\"article\" \/>\n<meta property=\"og:title\" content=\"La cl\u00e1usula de Air Europa que impide la cesi\u00f3n de derechos es nula\" \/>\n<meta property=\"og:description\" content=\"Sentencia reclamador.es. Juez declara nula la cl\u00e1usula de Air Europa que impide la cesi\u00f3n a terceros de derechos de indemnizaci\u00f3n\" \/>\n<meta property=\"og:url\" content=\"https:\/\/www.reclamador.es\/blog\/declarada-nula-clausula-air-europa-impide-cesion-derechos-indemnizacion\/\" \/>\n<meta property=\"og:site_name\" content=\"Rebeldes con causa, el blog de reclamador.es\" \/>\n<meta property=\"article:publisher\" content=\"https:\/\/www.facebook.com\/reclamador.es\" \/>\n<meta property=\"article:published_time\" content=\"2020-06-24T10:03:33+00:00\" \/>\n<meta property=\"article:modified_time\" content=\"2023-11-20T09:44:16+00:00\" \/>\n<meta property=\"og:image\" content=\"https:\/\/i0.wp.com\/www.reclamador.es\/blog\/wp-content\/uploads\/2020\/06\/sentencia-cesion-derechos-indemnizacion-air-europa_destacada.jpg?fit=1200%2C629&ssl=1\" \/>\n\t<meta property=\"og:image:width\" content=\"1200\" \/>\n\t<meta property=\"og:image:height\" content=\"629\" \/>\n\t<meta property=\"og:image:type\" content=\"image\/jpeg\" \/>\n<meta name=\"author\" content=\"Almudena Vel\u00e1zquez\" \/>\n<meta name=\"twitter:card\" content=\"summary_large_image\" \/>\n<meta name=\"twitter:creator\" content=\"@reclamador\" \/>\n<meta name=\"twitter:site\" content=\"@reclamador\" \/>\n<meta name=\"twitter:label1\" content=\"Escrito por\" \/>\n\t<meta name=\"twitter:data1\" content=\"Almudena Vel\u00e1zquez\" \/>\n\t<meta name=\"twitter:label2\" content=\"Tiempo de lectura\" \/>\n\t<meta name=\"twitter:data2\" content=\"3 minutos\" \/>\n<script type=\"application\/ld+json\" class=\"yoast-schema-graph\">{\"@context\":\"https:\\\/\\\/schema.org\",\"@graph\":[{\"@type\":\"Article\",\"@id\":\"https:\\\/\\\/www.reclamador.es\\\/blog\\\/declarada-nula-clausula-air-europa-impide-cesion-derechos-indemnizacion\\\/#article\",\"isPartOf\":{\"@id\":\"https:\\\/\\\/www.reclamador.es\\\/blog\\\/declarada-nula-clausula-air-europa-impide-cesion-derechos-indemnizacion\\\/\"},\"author\":{\"name\":\"Almudena Vel\u00e1zquez\",\"@id\":\"https:\\\/\\\/www.reclamador.es\\\/blog\\\/#\\\/schema\\\/person\\\/e0624ce07c9bca843afeb6e973d380a1\"},\"headline\":\"Declarada nula la cl\u00e1usula de Air Europa que impide la cesi\u00f3n a terceros de los derechos de indemnizaci\u00f3n\",\"datePublished\":\"2020-06-24T10:03:33+00:00\",\"dateModified\":\"2023-11-20T09:44:16+00:00\",\"mainEntityOfPage\":{\"@id\":\"https:\\\/\\\/www.reclamador.es\\\/blog\\\/declarada-nula-clausula-air-europa-impide-cesion-derechos-indemnizacion\\\/\"},\"wordCount\":653,\"commentCount\":0,\"publisher\":{\"@id\":\"https:\\\/\\\/www.reclamador.es\\\/blog\\\/#organization\"},\"image\":{\"@id\":\"https:\\\/\\\/www.reclamador.es\\\/blog\\\/declarada-nula-clausula-air-europa-impide-cesion-derechos-indemnizacion\\\/#primaryimage\"},\"thumbnailUrl\":\"https:\\\/\\\/i0.wp.com\\\/www.reclamador.es\\\/blog\\\/wp-content\\\/uploads\\\/2020\\\/06\\\/sentencia-cesion-derechos-indemnizacion-air-europa_destacada.jpg?fit=1200%2C629&ssl=1\",\"keywords\":[\"aerol\u00edneas\",\"retraso\",\"sentencia\"],\"articleSection\":[\"Noticias y actualidad\"],\"inLanguage\":\"es\",\"potentialAction\":[{\"@type\":\"CommentAction\",\"name\":\"Comment\",\"target\":[\"https:\\\/\\\/www.reclamador.es\\\/blog\\\/declarada-nula-clausula-air-europa-impide-cesion-derechos-indemnizacion\\\/#respond\"]}]},{\"@type\":\"WebPage\",\"@id\":\"https:\\\/\\\/www.reclamador.es\\\/blog\\\/declarada-nula-clausula-air-europa-impide-cesion-derechos-indemnizacion\\\/\",\"url\":\"https:\\\/\\\/www.reclamador.es\\\/blog\\\/declarada-nula-clausula-air-europa-impide-cesion-derechos-indemnizacion\\\/\",\"name\":\"La cl\u00e1usula de Air Europa que impide la cesi\u00f3n de derechos es nula\",\"isPartOf\":{\"@id\":\"https:\\\/\\\/www.reclamador.es\\\/blog\\\/#website\"},\"primaryImageOfPage\":{\"@id\":\"https:\\\/\\\/www.reclamador.es\\\/blog\\\/declarada-nula-clausula-air-europa-impide-cesion-derechos-indemnizacion\\\/#primaryimage\"},\"image\":{\"@id\":\"https:\\\/\\\/www.reclamador.es\\\/blog\\\/declarada-nula-clausula-air-europa-impide-cesion-derechos-indemnizacion\\\/#primaryimage\"},\"thumbnailUrl\":\"https:\\\/\\\/i0.wp.com\\\/www.reclamador.es\\\/blog\\\/wp-content\\\/uploads\\\/2020\\\/06\\\/sentencia-cesion-derechos-indemnizacion-air-europa_destacada.jpg?fit=1200%2C629&ssl=1\",\"datePublished\":\"2020-06-24T10:03:33+00:00\",\"dateModified\":\"2023-11-20T09:44:16+00:00\",\"description\":\"Sentencia reclamador.es. Juez declara nula la cl\u00e1usula de Air Europa que impide la cesi\u00f3n a terceros de derechos de indemnizaci\u00f3n\",\"breadcrumb\":{\"@id\":\"https:\\\/\\\/www.reclamador.es\\\/blog\\\/declarada-nula-clausula-air-europa-impide-cesion-derechos-indemnizacion\\\/#breadcrumb\"},\"inLanguage\":\"es\",\"potentialAction\":[{\"@type\":\"ReadAction\",\"target\":[\"https:\\\/\\\/www.reclamador.es\\\/blog\\\/declarada-nula-clausula-air-europa-impide-cesion-derechos-indemnizacion\\\/\"]}]},{\"@type\":\"ImageObject\",\"inLanguage\":\"es\",\"@id\":\"https:\\\/\\\/www.reclamador.es\\\/blog\\\/declarada-nula-clausula-air-europa-impide-cesion-derechos-indemnizacion\\\/#primaryimage\",\"url\":\"https:\\\/\\\/i0.wp.com\\\/www.reclamador.es\\\/blog\\\/wp-content\\\/uploads\\\/2020\\\/06\\\/sentencia-cesion-derechos-indemnizacion-air-europa_destacada.jpg?fit=1200%2C629&ssl=1\",\"contentUrl\":\"https:\\\/\\\/i0.wp.com\\\/www.reclamador.es\\\/blog\\\/wp-content\\\/uploads\\\/2020\\\/06\\\/sentencia-cesion-derechos-indemnizacion-air-europa_destacada.jpg?fit=1200%2C629&ssl=1\",\"width\":1200,\"height\":629,\"caption\":\"sentencia reclamador frente air europa cesion derechos\"},{\"@type\":\"BreadcrumbList\",\"@id\":\"https:\\\/\\\/www.reclamador.es\\\/blog\\\/declarada-nula-clausula-air-europa-impide-cesion-derechos-indemnizacion\\\/#breadcrumb\",\"itemListElement\":[{\"@type\":\"ListItem\",\"position\":1,\"name\":\"Portada\",\"item\":\"https:\\\/\\\/www.reclamador.es\\\/blog\\\/\"},{\"@type\":\"ListItem\",\"position\":2,\"name\":\"Declarada nula la cl\u00e1usula de Air Europa que impide la cesi\u00f3n a terceros de los derechos de indemnizaci\u00f3n\"}]},{\"@type\":\"WebSite\",\"@id\":\"https:\\\/\\\/www.reclamador.es\\\/blog\\\/#website\",\"url\":\"https:\\\/\\\/www.reclamador.es\\\/blog\\\/\",\"name\":\"Rebeldes con causa, el blog de reclamador.es\",\"description\":\"Noticias, entrevistas y consejos sobre reclamaciones\",\"publisher\":{\"@id\":\"https:\\\/\\\/www.reclamador.es\\\/blog\\\/#organization\"},\"potentialAction\":[{\"@type\":\"SearchAction\",\"target\":{\"@type\":\"EntryPoint\",\"urlTemplate\":\"https:\\\/\\\/www.reclamador.es\\\/blog\\\/?s={search_term_string}\"},\"query-input\":{\"@type\":\"PropertyValueSpecification\",\"valueRequired\":true,\"valueName\":\"search_term_string\"}}],\"inLanguage\":\"es\"},{\"@type\":\"Organization\",\"@id\":\"https:\\\/\\\/www.reclamador.es\\\/blog\\\/#organization\",\"name\":\"reclamador.es\",\"url\":\"https:\\\/\\\/www.reclamador.es\\\/blog\\\/\",\"logo\":{\"@type\":\"ImageObject\",\"inLanguage\":\"es\",\"@id\":\"https:\\\/\\\/www.reclamador.es\\\/blog\\\/#\\\/schema\\\/logo\\\/image\\\/\",\"url\":\"https:\\\/\\\/i0.wp.com\\\/www.reclamador.es\\\/blog\\\/wp-content\\\/uploads\\\/2020\\\/01\\\/logo-reclamador.png?fit=1200%2C144&ssl=1\",\"contentUrl\":\"https:\\\/\\\/i0.wp.com\\\/www.reclamador.es\\\/blog\\\/wp-content\\\/uploads\\\/2020\\\/01\\\/logo-reclamador.png?fit=1200%2C144&ssl=1\",\"width\":1200,\"height\":144,\"caption\":\"reclamador.es\"},\"image\":{\"@id\":\"https:\\\/\\\/www.reclamador.es\\\/blog\\\/#\\\/schema\\\/logo\\\/image\\\/\"},\"sameAs\":[\"https:\\\/\\\/www.facebook.com\\\/reclamador.es\",\"https:\\\/\\\/x.com\\\/reclamador\",\"https:\\\/\\\/www.instagram.com\\\/reclamador.es\\\/\",\"https:\\\/\\\/www.linkedin.com\\\/company\\\/reclamador-es\",\"https:\\\/\\\/www.youtube.com\\\/user\\\/Reclamadores\"]},{\"@type\":\"Person\",\"@id\":\"https:\\\/\\\/www.reclamador.es\\\/blog\\\/#\\\/schema\\\/person\\\/e0624ce07c9bca843afeb6e973d380a1\",\"name\":\"Almudena Vel\u00e1zquez\",\"image\":{\"@type\":\"ImageObject\",\"inLanguage\":\"es\",\"@id\":\"https:\\\/\\\/secure.gravatar.com\\\/avatar\\\/e5dada96edf28756242525f518332d5b479db625eb9d831d79265f982cc59acc?s=96&d=mm&r=g\",\"url\":\"https:\\\/\\\/secure.gravatar.com\\\/avatar\\\/e5dada96edf28756242525f518332d5b479db625eb9d831d79265f982cc59acc?s=96&d=mm&r=g\",\"contentUrl\":\"https:\\\/\\\/secure.gravatar.com\\\/avatar\\\/e5dada96edf28756242525f518332d5b479db625eb9d831d79265f982cc59acc?s=96&d=mm&r=g\",\"caption\":\"Almudena Vel\u00e1zquez\"},\"url\":\"https:\\\/\\\/www.reclamador.es\\\/blog\\\/author\\\/almudena-velazquez\\\/\"}]}<\/script>\n<!-- \/ Yoast SEO plugin. -->","yoast_head_json":{"title":"La cl\u00e1usula de Air Europa que impide la cesi\u00f3n de derechos es nula","description":"Sentencia reclamador.es. Juez declara nula la cl\u00e1usula de Air Europa que impide la cesi\u00f3n a terceros de derechos de indemnizaci\u00f3n","robots":{"index":"index","follow":"follow","max-snippet":"max-snippet:-1","max-image-preview":"max-image-preview:large","max-video-preview":"max-video-preview:-1"},"canonical":"https:\/\/www.reclamador.es\/blog\/declarada-nula-clausula-air-europa-impide-cesion-derechos-indemnizacion\/","og_locale":"es_ES","og_type":"article","og_title":"La cl\u00e1usula de Air Europa que impide la cesi\u00f3n de derechos es nula","og_description":"Sentencia reclamador.es. Juez declara nula la cl\u00e1usula de Air Europa que impide la cesi\u00f3n a terceros de derechos de indemnizaci\u00f3n","og_url":"https:\/\/www.reclamador.es\/blog\/declarada-nula-clausula-air-europa-impide-cesion-derechos-indemnizacion\/","og_site_name":"Rebeldes con causa, el blog de reclamador.es","article_publisher":"https:\/\/www.facebook.com\/reclamador.es","article_published_time":"2020-06-24T10:03:33+00:00","article_modified_time":"2023-11-20T09:44:16+00:00","og_image":[{"width":1200,"height":629,"url":"https:\/\/i0.wp.com\/www.reclamador.es\/blog\/wp-content\/uploads\/2020\/06\/sentencia-cesion-derechos-indemnizacion-air-europa_destacada.jpg?fit=1200%2C629&ssl=1","type":"image\/jpeg"}],"author":"Almudena Vel\u00e1zquez","twitter_card":"summary_large_image","twitter_creator":"@reclamador","twitter_site":"@reclamador","twitter_misc":{"Escrito por":"Almudena Vel\u00e1zquez","Tiempo de lectura":"3 minutos"},"schema":{"@context":"https:\/\/schema.org","@graph":[{"@type":"Article","@id":"https:\/\/www.reclamador.es\/blog\/declarada-nula-clausula-air-europa-impide-cesion-derechos-indemnizacion\/#article","isPartOf":{"@id":"https:\/\/www.reclamador.es\/blog\/declarada-nula-clausula-air-europa-impide-cesion-derechos-indemnizacion\/"},"author":{"name":"Almudena Vel\u00e1zquez","@id":"https:\/\/www.reclamador.es\/blog\/#\/schema\/person\/e0624ce07c9bca843afeb6e973d380a1"},"headline":"Declarada nula la cl\u00e1usula de Air Europa que impide la cesi\u00f3n a terceros de los derechos de indemnizaci\u00f3n","datePublished":"2020-06-24T10:03:33+00:00","dateModified":"2023-11-20T09:44:16+00:00","mainEntityOfPage":{"@id":"https:\/\/www.reclamador.es\/blog\/declarada-nula-clausula-air-europa-impide-cesion-derechos-indemnizacion\/"},"wordCount":653,"commentCount":0,"publisher":{"@id":"https:\/\/www.reclamador.es\/blog\/#organization"},"image":{"@id":"https:\/\/www.reclamador.es\/blog\/declarada-nula-clausula-air-europa-impide-cesion-derechos-indemnizacion\/#primaryimage"},"thumbnailUrl":"https:\/\/i0.wp.com\/www.reclamador.es\/blog\/wp-content\/uploads\/2020\/06\/sentencia-cesion-derechos-indemnizacion-air-europa_destacada.jpg?fit=1200%2C629&ssl=1","keywords":["aerol\u00edneas","retraso","sentencia"],"articleSection":["Noticias y actualidad"],"inLanguage":"es","potentialAction":[{"@type":"CommentAction","name":"Comment","target":["https:\/\/www.reclamador.es\/blog\/declarada-nula-clausula-air-europa-impide-cesion-derechos-indemnizacion\/#respond"]}]},{"@type":"WebPage","@id":"https:\/\/www.reclamador.es\/blog\/declarada-nula-clausula-air-europa-impide-cesion-derechos-indemnizacion\/","url":"https:\/\/www.reclamador.es\/blog\/declarada-nula-clausula-air-europa-impide-cesion-derechos-indemnizacion\/","name":"La cl\u00e1usula de Air Europa que impide la cesi\u00f3n de derechos es nula","isPartOf":{"@id":"https:\/\/www.reclamador.es\/blog\/#website"},"primaryImageOfPage":{"@id":"https:\/\/www.reclamador.es\/blog\/declarada-nula-clausula-air-europa-impide-cesion-derechos-indemnizacion\/#primaryimage"},"image":{"@id":"https:\/\/www.reclamador.es\/blog\/declarada-nula-clausula-air-europa-impide-cesion-derechos-indemnizacion\/#primaryimage"},"thumbnailUrl":"https:\/\/i0.wp.com\/www.reclamador.es\/blog\/wp-content\/uploads\/2020\/06\/sentencia-cesion-derechos-indemnizacion-air-europa_destacada.jpg?fit=1200%2C629&ssl=1","datePublished":"2020-06-24T10:03:33+00:00","dateModified":"2023-11-20T09:44:16+00:00","description":"Sentencia reclamador.es. Juez declara nula la cl\u00e1usula de Air Europa que impide la cesi\u00f3n a terceros de derechos de indemnizaci\u00f3n","breadcrumb":{"@id":"https:\/\/www.reclamador.es\/blog\/declarada-nula-clausula-air-europa-impide-cesion-derechos-indemnizacion\/#breadcrumb"},"inLanguage":"es","potentialAction":[{"@type":"ReadAction","target":["https:\/\/www.reclamador.es\/blog\/declarada-nula-clausula-air-europa-impide-cesion-derechos-indemnizacion\/"]}]},{"@type":"ImageObject","inLanguage":"es","@id":"https:\/\/www.reclamador.es\/blog\/declarada-nula-clausula-air-europa-impide-cesion-derechos-indemnizacion\/#primaryimage","url":"https:\/\/i0.wp.com\/www.reclamador.es\/blog\/wp-content\/uploads\/2020\/06\/sentencia-cesion-derechos-indemnizacion-air-europa_destacada.jpg?fit=1200%2C629&ssl=1","contentUrl":"https:\/\/i0.wp.com\/www.reclamador.es\/blog\/wp-content\/uploads\/2020\/06\/sentencia-cesion-derechos-indemnizacion-air-europa_destacada.jpg?fit=1200%2C629&ssl=1","width":1200,"height":629,"caption":"sentencia reclamador frente air europa cesion derechos"},{"@type":"BreadcrumbList","@id":"https:\/\/www.reclamador.es\/blog\/declarada-nula-clausula-air-europa-impide-cesion-derechos-indemnizacion\/#breadcrumb","itemListElement":[{"@type":"ListItem","position":1,"name":"Portada","item":"https:\/\/www.reclamador.es\/blog\/"},{"@type":"ListItem","position":2,"name":"Declarada nula la cl\u00e1usula de Air Europa que impide la cesi\u00f3n a terceros de los derechos de indemnizaci\u00f3n"}]},{"@type":"WebSite","@id":"https:\/\/www.reclamador.es\/blog\/#website","url":"https:\/\/www.reclamador.es\/blog\/","name":"Rebeldes con causa, el blog de reclamador.es","description":"Noticias, entrevistas y consejos sobre reclamaciones","publisher":{"@id":"https:\/\/www.reclamador.es\/blog\/#organization"},"potentialAction":[{"@type":"SearchAction","target":{"@type":"EntryPoint","urlTemplate":"https:\/\/www.reclamador.es\/blog\/?s={search_term_string}"},"query-input":{"@type":"PropertyValueSpecification","valueRequired":true,"valueName":"search_term_string"}}],"inLanguage":"es"},{"@type":"Organization","@id":"https:\/\/www.reclamador.es\/blog\/#organization","name":"reclamador.es","url":"https:\/\/www.reclamador.es\/blog\/","logo":{"@type":"ImageObject","inLanguage":"es","@id":"https:\/\/www.reclamador.es\/blog\/#\/schema\/logo\/image\/","url":"https:\/\/i0.wp.com\/www.reclamador.es\/blog\/wp-content\/uploads\/2020\/01\/logo-reclamador.png?fit=1200%2C144&ssl=1","contentUrl":"https:\/\/i0.wp.com\/www.reclamador.es\/blog\/wp-content\/uploads\/2020\/01\/logo-reclamador.png?fit=1200%2C144&ssl=1","width":1200,"height":144,"caption":"reclamador.es"},"image":{"@id":"https:\/\/www.reclamador.es\/blog\/#\/schema\/logo\/image\/"},"sameAs":["https:\/\/www.facebook.com\/reclamador.es","https:\/\/x.com\/reclamador","https:\/\/www.instagram.com\/reclamador.es\/","https:\/\/www.linkedin.com\/company\/reclamador-es","https:\/\/www.youtube.com\/user\/Reclamadores"]},{"@type":"Person","@id":"https:\/\/www.reclamador.es\/blog\/#\/schema\/person\/e0624ce07c9bca843afeb6e973d380a1","name":"Almudena Vel\u00e1zquez","image":{"@type":"ImageObject","inLanguage":"es","@id":"https:\/\/secure.gravatar.com\/avatar\/e5dada96edf28756242525f518332d5b479db625eb9d831d79265f982cc59acc?s=96&d=mm&r=g","url":"https:\/\/secure.gravatar.com\/avatar\/e5dada96edf28756242525f518332d5b479db625eb9d831d79265f982cc59acc?s=96&d=mm&r=g","contentUrl":"https:\/\/secure.gravatar.com\/avatar\/e5dada96edf28756242525f518332d5b479db625eb9d831d79265f982cc59acc?s=96&d=mm&r=g","caption":"Almudena Vel\u00e1zquez"},"url":"https:\/\/www.reclamador.es\/blog\/author\/almudena-velazquez\/"}]}},"jetpack_featured_media_url":"https:\/\/i0.wp.com\/www.reclamador.es\/blog\/wp-content\/uploads\/2020\/06\/sentencia-cesion-derechos-indemnizacion-air-europa_destacada.jpg?fit=1200%2C629&ssl=1","jetpack-related-posts":[{"id":26283,"url":"https:\/\/www.reclamador.es\/blog\/tjue-avala-cesion-derechos-reclamar-terceros\/","url_meta":{"origin":25640,"position":0},"title":"Europa avala la cesi\u00f3n de derechos para reclamar por terceros","author":"Equipo reclamador","date":"24 noviembre, 2020","format":false,"excerpt":"El Tribunal de Justicia de la Uni\u00f3n Europea se ha pronunciado sobre la cesi\u00f3n de derechos de cobro de los viajeros que sufren grandes retrasos de vuelos o cancelaciones. La Sentencia dictada por el Tribunal de Justicia de la Uni\u00f3n Europea (TJUE) en la cuesti\u00f3n prejudicial 519\/19 marca un importante\u2026","rel":"","context":"En \u00abNoticias y actualidad\u00bb","block_context":{"text":"Noticias y actualidad","link":"https:\/\/www.reclamador.es\/blog\/noticias\/"},"img":{"alt_text":"sentencia tjue cesion de derechos","src":"https:\/\/i0.wp.com\/www.reclamador.es\/blog\/wp-content\/uploads\/2020\/11\/ryanair-sentencia-europa-cesion-de-derechos-terceros-reclamar.jpg?fit=1200%2C630&ssl=1&resize=350%2C200","width":350,"height":200,"srcset":"https:\/\/i0.wp.com\/www.reclamador.es\/blog\/wp-content\/uploads\/2020\/11\/ryanair-sentencia-europa-cesion-de-derechos-terceros-reclamar.jpg?fit=1200%2C630&ssl=1&resize=350%2C200 1x, https:\/\/i0.wp.com\/www.reclamador.es\/blog\/wp-content\/uploads\/2020\/11\/ryanair-sentencia-europa-cesion-de-derechos-terceros-reclamar.jpg?fit=1200%2C630&ssl=1&resize=525%2C300 1.5x, https:\/\/i0.wp.com\/www.reclamador.es\/blog\/wp-content\/uploads\/2020\/11\/ryanair-sentencia-europa-cesion-de-derechos-terceros-reclamar.jpg?fit=1200%2C630&ssl=1&resize=700%2C400 2x, https:\/\/i0.wp.com\/www.reclamador.es\/blog\/wp-content\/uploads\/2020\/11\/ryanair-sentencia-europa-cesion-de-derechos-terceros-reclamar.jpg?fit=1200%2C630&ssl=1&resize=1050%2C600 3x"},"classes":[]},{"id":25766,"url":"https:\/\/www.reclamador.es\/blog\/sentencia-europa-novaciones-clausula-suelo\/","url_meta":{"origin":25640,"position":1},"title":"Acuerdos por cl\u00e1usula suelo: sentencia de Europa favorable a los consumidores","author":"Equipo reclamador","date":"13 julio, 2020","format":false,"excerpt":"Europa vuelve a dar la raz\u00f3n a los hipotecados espa\u00f1oles. En esta ocasi\u00f3n lo que se juzgaba en el TJUE era la validez de los acuerdos banco-cliente por cl\u00e1usula suelo. Unos acuerdos firmados para suprimir de los pr\u00e9stamos hipotecarios la cl\u00e1usula suelo, pero que, en un gran porcentaje de los\u2026","rel":"","context":"En \u00abNoticias y actualidad\u00bb","block_context":{"text":"Noticias y actualidad","link":"https:\/\/www.reclamador.es\/blog\/noticias\/"},"img":{"alt_text":"analisis sentencia europa novaciones clausula suelo","src":"https:\/\/i0.wp.com\/www.reclamador.es\/blog\/wp-content\/uploads\/2020\/07\/sentencia-europa-novaciones-reclamar-clausula-suelo_destacada.jpg?fit=800%2C419&ssl=1&resize=350%2C200","width":350,"height":200,"srcset":"https:\/\/i0.wp.com\/www.reclamador.es\/blog\/wp-content\/uploads\/2020\/07\/sentencia-europa-novaciones-reclamar-clausula-suelo_destacada.jpg?fit=800%2C419&ssl=1&resize=350%2C200 1x, https:\/\/i0.wp.com\/www.reclamador.es\/blog\/wp-content\/uploads\/2020\/07\/sentencia-europa-novaciones-reclamar-clausula-suelo_destacada.jpg?fit=800%2C419&ssl=1&resize=525%2C300 1.5x, https:\/\/i0.wp.com\/www.reclamador.es\/blog\/wp-content\/uploads\/2020\/07\/sentencia-europa-novaciones-reclamar-clausula-suelo_destacada.jpg?fit=800%2C419&ssl=1&resize=700%2C400 2x"},"classes":[]},{"id":25799,"url":"https:\/\/www.reclamador.es\/blog\/sentencia-europa-gastos-hipotecarios-deben-ser-devueltos\/","url_meta":{"origin":25640,"position":2},"title":"Sentencia del TJUE sobre los gastos hipotecarios: deben ser devueltos al consumidor","author":"Almudena Vel\u00e1zquez","date":"22 julio, 2020","format":false,"excerpt":"Ya se conoce la esperada sentencia del Tribunal de Justicia de la Uni\u00f3n Europea en relaci\u00f3n a las cuestiones prejudiciales elevadas por los Juzgados de Primera Instancia de Ceuta y de Palma de Mallorca en cuanto a los gastos de hipoteca, comisi\u00f3n de apertura y costas, y que promovimos en\u2026","rel":"","context":"En \u00abNoticias y actualidad\u00bb","block_context":{"text":"Noticias y actualidad","link":"https:\/\/www.reclamador.es\/blog\/noticias\/"},"img":{"alt_text":"sentencia europa gastos hipoteca","src":"https:\/\/i0.wp.com\/www.reclamador.es\/blog\/wp-content\/uploads\/2020\/07\/sentencia-europa-gastos-promovida-por-reclamador.es_destacada.jpg?fit=800%2C419&ssl=1&resize=350%2C200","width":350,"height":200,"srcset":"https:\/\/i0.wp.com\/www.reclamador.es\/blog\/wp-content\/uploads\/2020\/07\/sentencia-europa-gastos-promovida-por-reclamador.es_destacada.jpg?fit=800%2C419&ssl=1&resize=350%2C200 1x, https:\/\/i0.wp.com\/www.reclamador.es\/blog\/wp-content\/uploads\/2020\/07\/sentencia-europa-gastos-promovida-por-reclamador.es_destacada.jpg?fit=800%2C419&ssl=1&resize=525%2C300 1.5x, https:\/\/i0.wp.com\/www.reclamador.es\/blog\/wp-content\/uploads\/2020\/07\/sentencia-europa-gastos-promovida-por-reclamador.es_destacada.jpg?fit=800%2C419&ssl=1&resize=700%2C400 2x"},"classes":[]},{"id":21382,"url":"https:\/\/www.reclamador.es\/blog\/gastos-hipoteca-tjue-promovido-por-reclamador\/","url_meta":{"origin":25640,"position":3},"title":"Los gastos de la hipoteca llegan al TJUE promovido por reclamador.es","author":"Almudena Vel\u00e1zquez","date":"18 marzo, 2019","format":false,"excerpt":"Gracias a una petici\u00f3n promovida por reclamador.es, el Juzgado de Primera Instancia N\u00ba6 de Ceuta elevar\u00e1 una cuesti\u00f3n prejudicial para que la justicia europea se pronuncie sobre si las \u00faltimas sentencias del Tribunal Supremo espa\u00f1ol, por las que se repart\u00edan los gastos de formalizaci\u00f3n de las hipotecas entre el banco\u2026","rel":"","context":"En \u00abNoticias y actualidad\u00bb","block_context":{"text":"Noticias y actualidad","link":"https:\/\/www.reclamador.es\/blog\/noticias\/"},"img":{"alt_text":"gastos hipoteca tjue reclamador","src":"https:\/\/i0.wp.com\/www.reclamador.es\/blog\/wp-content\/uploads\/2019\/03\/gastos-de-la-hipoteca-llegan-a-eruopa-promovido-por-reclamador.es_.jpg?fit=1200%2C799&ssl=1&resize=350%2C200","width":350,"height":200,"srcset":"https:\/\/i0.wp.com\/www.reclamador.es\/blog\/wp-content\/uploads\/2019\/03\/gastos-de-la-hipoteca-llegan-a-eruopa-promovido-por-reclamador.es_.jpg?fit=1200%2C799&ssl=1&resize=350%2C200 1x, https:\/\/i0.wp.com\/www.reclamador.es\/blog\/wp-content\/uploads\/2019\/03\/gastos-de-la-hipoteca-llegan-a-eruopa-promovido-por-reclamador.es_.jpg?fit=1200%2C799&ssl=1&resize=525%2C300 1.5x, https:\/\/i0.wp.com\/www.reclamador.es\/blog\/wp-content\/uploads\/2019\/03\/gastos-de-la-hipoteca-llegan-a-eruopa-promovido-por-reclamador.es_.jpg?fit=1200%2C799&ssl=1&resize=700%2C400 2x, https:\/\/i0.wp.com\/www.reclamador.es\/blog\/wp-content\/uploads\/2019\/03\/gastos-de-la-hipoteca-llegan-a-eruopa-promovido-por-reclamador.es_.jpg?fit=1200%2C799&ssl=1&resize=1050%2C600 3x"},"classes":[]},{"id":33788,"url":"https:\/\/www.reclamador.es\/blog\/prescripcion-reclamaciones-gastos-hipotecarios-sentencia-tjue\/","url_meta":{"origin":25640,"position":4},"title":"\u00a1No te dejes enga\u00f1ar! La sentencia de Europa sobre la prescripci\u00f3n de reclamaciones de gastos hipotecarios no cambia nada","author":"Irene Becerra","date":"14 marzo, 2025","format":false,"excerpt":"La noticia \"bomba\" del d\u00eda de ayer (13 de marzo) para medios de comunicaci\u00f3n del sector econ\u00f3mico y jur\u00eddico fue la sentencia del TJUE (Tribunal de Justicia de la Uni\u00f3n Europea) sobre prescripci\u00f3n de reclamaciones de gastos de hipoteca. Si has le\u00eddo o escuchado este tema, seguro que ahora piensas\u2026","rel":"","context":"En \u00abNoticias y actualidad\u00bb","block_context":{"text":"Noticias y actualidad","link":"https:\/\/www.reclamador.es\/blog\/noticias\/"},"img":{"alt_text":"reclamaciones de gastos hipotecarios - ultimas noticias tjue","src":"https:\/\/i0.wp.com\/www.reclamador.es\/blog\/wp-content\/uploads\/2025\/03\/ultima-sentencia-tjue-plazo-prescripcion-reclamacion-gastos-hipotecarios.jpg?fit=1200%2C630&ssl=1&resize=350%2C200","width":350,"height":200,"srcset":"https:\/\/i0.wp.com\/www.reclamador.es\/blog\/wp-content\/uploads\/2025\/03\/ultima-sentencia-tjue-plazo-prescripcion-reclamacion-gastos-hipotecarios.jpg?fit=1200%2C630&ssl=1&resize=350%2C200 1x, https:\/\/i0.wp.com\/www.reclamador.es\/blog\/wp-content\/uploads\/2025\/03\/ultima-sentencia-tjue-plazo-prescripcion-reclamacion-gastos-hipotecarios.jpg?fit=1200%2C630&ssl=1&resize=525%2C300 1.5x, https:\/\/i0.wp.com\/www.reclamador.es\/blog\/wp-content\/uploads\/2025\/03\/ultima-sentencia-tjue-plazo-prescripcion-reclamacion-gastos-hipotecarios.jpg?fit=1200%2C630&ssl=1&resize=700%2C400 2x, https:\/\/i0.wp.com\/www.reclamador.es\/blog\/wp-content\/uploads\/2025\/03\/ultima-sentencia-tjue-plazo-prescripcion-reclamacion-gastos-hipotecarios.jpg?fit=1200%2C630&ssl=1&resize=1050%2C600 3x"},"classes":[]},{"id":31915,"url":"https:\/\/www.reclamador.es\/blog\/reclamaciones-de-gastos-de-hipoteca-sentencia-europa-enero2024\/","url_meta":{"origin":25640,"position":5},"title":"Europa avala el mejor de los escenarios en las reclamaciones de gastos de hipoteca: se pueden seguir reclamando","author":"Leticia Grande","date":"25 enero, 2024","format":false,"excerpt":"Reclamar los gastos de hipoteca sigue siendo posible. Con la sentencia conocida hoy del Tribunal de Justicia de la Uni\u00f3n Europea (TJUE) vuelve a quedar clara la posici\u00f3n \u201cpro consumidor\u201d de la justicia europea, que dictamina que el plazo de prescripci\u00f3n de estas reclamaciones se inicia cuando el consumidor conoce\u2026","rel":"","context":"En \u00abNoticias y actualidad\u00bb","block_context":{"text":"Noticias y actualidad","link":"https:\/\/www.reclamador.es\/blog\/noticias\/"},"img":{"alt_text":"sentencia europa enero 2024 gastos de hipoteca","src":"https:\/\/i0.wp.com\/www.reclamador.es\/blog\/wp-content\/uploads\/2024\/01\/reclamaciones-gastos-de-hipoteca-nueva-sentencia.jpg?fit=1200%2C675&ssl=1&resize=350%2C200","width":350,"height":200,"srcset":"https:\/\/i0.wp.com\/www.reclamador.es\/blog\/wp-content\/uploads\/2024\/01\/reclamaciones-gastos-de-hipoteca-nueva-sentencia.jpg?fit=1200%2C675&ssl=1&resize=350%2C200 1x, https:\/\/i0.wp.com\/www.reclamador.es\/blog\/wp-content\/uploads\/2024\/01\/reclamaciones-gastos-de-hipoteca-nueva-sentencia.jpg?fit=1200%2C675&ssl=1&resize=525%2C300 1.5x, https:\/\/i0.wp.com\/www.reclamador.es\/blog\/wp-content\/uploads\/2024\/01\/reclamaciones-gastos-de-hipoteca-nueva-sentencia.jpg?fit=1200%2C675&ssl=1&resize=700%2C400 2x, https:\/\/i0.wp.com\/www.reclamador.es\/blog\/wp-content\/uploads\/2024\/01\/reclamaciones-gastos-de-hipoteca-nueva-sentencia.jpg?fit=1200%2C675&ssl=1&resize=1050%2C600 3x"},"classes":[]}],"jetpack_sharing_enabled":true,"_links":{"self":[{"href":"https:\/\/www.reclamador.es\/blog\/wp-json\/wp\/v2\/posts\/25640","targetHints":{"allow":["GET"]}}],"collection":[{"href":"https:\/\/www.reclamador.es\/blog\/wp-json\/wp\/v2\/posts"}],"about":[{"href":"https:\/\/www.reclamador.es\/blog\/wp-json\/wp\/v2\/types\/post"}],"author":[{"embeddable":true,"href":"https:\/\/www.reclamador.es\/blog\/wp-json\/wp\/v2\/users\/37"}],"replies":[{"embeddable":true,"href":"https:\/\/www.reclamador.es\/blog\/wp-json\/wp\/v2\/comments?post=25640"}],"version-history":[{"count":8,"href":"https:\/\/www.reclamador.es\/blog\/wp-json\/wp\/v2\/posts\/25640\/revisions"}],"predecessor-version":[{"id":31697,"href":"https:\/\/www.reclamador.es\/blog\/wp-json\/wp\/v2\/posts\/25640\/revisions\/31697"}],"wp:featuredmedia":[{"embeddable":true,"href":"https:\/\/www.reclamador.es\/blog\/wp-json\/wp\/v2\/media\/25878"}],"wp:attachment":[{"href":"https:\/\/www.reclamador.es\/blog\/wp-json\/wp\/v2\/media?parent=25640"}],"wp:term":[{"taxonomy":"category","embeddable":true,"href":"https:\/\/www.reclamador.es\/blog\/wp-json\/wp\/v2\/categories?post=25640"},{"taxonomy":"post_tag","embeddable":true,"href":"https:\/\/www.reclamador.es\/blog\/wp-json\/wp\/v2\/tags?post=25640"}],"curies":[{"name":"wp","href":"https:\/\/api.w.org\/{rel}","templated":true}]}}