{"id":24742,"date":"2020-04-06T10:58:25","date_gmt":"2020-04-06T08:58:25","guid":{"rendered":"https:\/\/www.reclamador.es\/blog\/?p=24742"},"modified":"2024-10-25T13:43:51","modified_gmt":"2024-10-25T11:43:51","slug":"coronavirus-cancelacion-viajes-combinados-novedades-real-decreto","status":"publish","type":"post","link":"https:\/\/www.reclamador.es\/blog\/coronavirus-cancelacion-viajes-combinados-novedades-real-decreto\/","title":{"rendered":"Covid-19: novedades en los viajes combinados"},"content":{"rendered":"<div class=\"ttr_start\"><\/div>\n\n<div class=\"kk-star-ratings kksr-auto kksr-align-right kksr-valign-top\"\n    data-payload='{&quot;align&quot;:&quot;right&quot;,&quot;id&quot;:&quot;24742&quot;,&quot;slug&quot;:&quot;default&quot;,&quot;valign&quot;:&quot;top&quot;,&quot;ignore&quot;:&quot;&quot;,&quot;reference&quot;:&quot;auto&quot;,&quot;class&quot;:&quot;&quot;,&quot;count&quot;:&quot;7&quot;,&quot;legendonly&quot;:&quot;&quot;,&quot;readonly&quot;:&quot;&quot;,&quot;score&quot;:&quot;4.4&quot;,&quot;starsonly&quot;:&quot;&quot;,&quot;best&quot;:&quot;5&quot;,&quot;gap&quot;:&quot;3&quot;,&quot;greet&quot;:&quot;Valora este art\u00edculo&quot;,&quot;legend&quot;:&quot;4.4\\\/5 - (7 votos)&quot;,&quot;size&quot;:&quot;20&quot;,&quot;title&quot;:&quot;Covid-19: novedades en los viajes combinados&quot;,&quot;width&quot;:&quot;99.7&quot;,&quot;_legend&quot;:&quot;{score}\\\/{best} - ({count} {votes})&quot;,&quot;font_factor&quot;:&quot;1.25&quot;}'>\n            \n<div class=\"kksr-stars\">\n    \n<div class=\"kksr-stars-inactive\">\n            <div class=\"kksr-star\" data-star=\"1\" style=\"padding-right: 3px\">\n            \n\n<div class=\"kksr-icon\" style=\"width: 20px; height: 20px;\"><\/div>\n        <\/div>\n            <div class=\"kksr-star\" data-star=\"2\" style=\"padding-right: 3px\">\n            \n\n<div class=\"kksr-icon\" style=\"width: 20px; height: 20px;\"><\/div>\n        <\/div>\n            <div class=\"kksr-star\" data-star=\"3\" style=\"padding-right: 3px\">\n            \n\n<div class=\"kksr-icon\" style=\"width: 20px; height: 20px;\"><\/div>\n        <\/div>\n            <div class=\"kksr-star\" data-star=\"4\" style=\"padding-right: 3px\">\n            \n\n<div class=\"kksr-icon\" style=\"width: 20px; height: 20px;\"><\/div>\n        <\/div>\n            <div class=\"kksr-star\" data-star=\"5\" style=\"padding-right: 3px\">\n            \n\n<div class=\"kksr-icon\" style=\"width: 20px; height: 20px;\"><\/div>\n        <\/div>\n    <\/div>\n    \n<div class=\"kksr-stars-active\" style=\"width: 99.7px;\">\n            <div class=\"kksr-star\" style=\"padding-right: 3px\">\n            \n\n<div class=\"kksr-icon\" style=\"width: 20px; height: 20px;\"><\/div>\n        <\/div>\n            <div class=\"kksr-star\" style=\"padding-right: 3px\">\n            \n\n<div class=\"kksr-icon\" style=\"width: 20px; height: 20px;\"><\/div>\n        <\/div>\n            <div class=\"kksr-star\" style=\"padding-right: 3px\">\n            \n\n<div class=\"kksr-icon\" style=\"width: 20px; height: 20px;\"><\/div>\n        <\/div>\n            <div class=\"kksr-star\" style=\"padding-right: 3px\">\n            \n\n<div class=\"kksr-icon\" style=\"width: 20px; height: 20px;\"><\/div>\n        <\/div>\n            <div class=\"kksr-star\" style=\"padding-right: 3px\">\n            \n\n<div class=\"kksr-icon\" style=\"width: 20px; height: 20px;\"><\/div>\n        <\/div>\n    <\/div>\n<\/div>\n                \n\n<div class=\"kksr-legend\" style=\"font-size: 16px;\">\n            4.4\/5 - (7 votos)    <\/div>\n    <\/div>\n\n<figure id=\"attachment_24787\" aria-describedby=\"caption-attachment-24787\" style=\"width: 1200px\" class=\"wp-caption aligncenter\"><img data-recalc-dims=\"1\" loading=\"lazy\" decoding=\"async\" class=\"size-full wp-image-24787\" src=\"https:\/\/i0.wp.com\/www.reclamador.es\/blog\/wp-content\/uploads\/2020\/04\/reembolso-billetes-de-avion.jpg?resize=1200%2C629&#038;ssl=1\" alt=\"\" width=\"1200\" height=\"629\" srcset=\"https:\/\/i0.wp.com\/www.reclamador.es\/blog\/wp-content\/uploads\/2020\/04\/reembolso-billetes-de-avion.jpg?w=1200&amp;ssl=1 1200w, https:\/\/i0.wp.com\/www.reclamador.es\/blog\/wp-content\/uploads\/2020\/04\/reembolso-billetes-de-avion.jpg?resize=300%2C157&amp;ssl=1 300w, https:\/\/i0.wp.com\/www.reclamador.es\/blog\/wp-content\/uploads\/2020\/04\/reembolso-billetes-de-avion.jpg?resize=1024%2C537&amp;ssl=1 1024w, https:\/\/i0.wp.com\/www.reclamador.es\/blog\/wp-content\/uploads\/2020\/04\/reembolso-billetes-de-avion.jpg?resize=150%2C79&amp;ssl=1 150w, https:\/\/i0.wp.com\/www.reclamador.es\/blog\/wp-content\/uploads\/2020\/04\/reembolso-billetes-de-avion.jpg?resize=768%2C403&amp;ssl=1 768w\" sizes=\"auto, (max-width: 1000px) 100vw, 1000px\" \/><figcaption id=\"caption-attachment-24787\" class=\"wp-caption-text\"><em>Novedades en la cancelaci\u00f3n de viajes combinados: reembolso o bono<\/em><\/figcaption><\/figure>\n<p><span style=\"font-weight: 400;\">El estado de alarma decretado por la crisis sanitaria del Covid-19 en Espa\u00f1a est\u00e1 provocando un goteo de nuevas normativas que intentan regularizar determinados sectores o actividades que se ven claramente afectados por esta pandemia. Uno de ellos es el sector tur\u00edstico. Debido a esta crisis sanitaria, miles de <strong>viajes han sido cancelados<\/strong>. Muchos de ellos son los conocidos como <a href=\"https:\/\/www.reclamador.es\/blog\/viaje-combinado-que-es-ventajas\/\"><strong>viajes combinados<\/strong><\/a> (vuelo + hotel, principalmente). El Real Decreto-ley 11\/2020, de 31 de marzo, por el que se adoptan medidas urgentes complementarias en el \u00e1mbito social y econ\u00f3mico para hacer frente al COVID-19 trae importantes novedades en relaci\u00f3n a la <strong>cancelaci\u00f3n de <\/strong><\/span><strong>viajes combinados<\/strong><span style=\"font-weight: 400;\"> que, a continuaci\u00f3n, en reclamador.es, explicamos.\u00a0<\/span><\/p>\n<h2 style=\"text-align: left;\"><b>Derecho de resoluci\u00f3n de determinados contratos sin penalizaci\u00f3n por parte de los consumidores y usuarios<\/b><\/h2>\n<div style=\"overflow: hidden; height: 1px;\">\u00a0<\/div>\n<p><span style=\"font-weight: 400;\">Este es el t\u00edtulo del <\/span><a href=\"https:\/\/www.boe.es\/diario_boe\/txt.php?id=BOE-A-2020-4208\" target=\"_blank\" rel=\"noopener noreferrer\"><span style=\"font-weight: 400;\">Art\u00edculo 36 del ya citado RDL 11\/2020<\/span><\/a><span style=\"font-weight: 400;\">. En \u00e9l se hace menci\u00f3n expresa a los viajes combinados y las opciones de los viajeros que, con motivo del coronavirus, no puedan realizar su escapada.\u00a0<\/span><\/p>\n<p><span style=\"font-weight: 400;\">En lo que respecta a los viajes combinados cancelados por motivo del Covid-19, se se\u00f1ala que los consumidores tienen derecho bien al reembolso \u00edntegro de las cantidades que hab\u00edan sido ya desembolsadas o bien a un bono cuya caducidad ser\u00e1 de un a\u00f1o y por el mismo importe id\u00e9ntico a la devoluci\u00f3n que hubiera correspondido al consumidor si se hubiera decantado por el reembolso. Adem\u00e1s, y aqu\u00ed est\u00e1 una de las novedades m\u00e1s importante de este Real Decreto Ley, los consumidores que soliciten el vale, si pasado ese a\u00f1o no han hecho uso del mismo, podr\u00e1n solicitar al organizador o minorista la devoluci\u00f3n completa del pago realizado.\u00a0<\/span><\/p>\n<p><span style=\"font-weight: 400;\">En otras palabras, quienes soliciten al organizador del viaje el vale de un a\u00f1o de caducidad pero no hagan uso de este en el plazo fijado, tienen derecho a solicitar que les reembolsen entonces el importe de dicho voucher.\u00a0<\/span><\/p>\n<h2><b>Derecho a resolver el contrato sin penalizaci\u00f3n<\/b><\/h2>\n<p><span style=\"font-weight: 400;\">Llegados a este punto, destacar que la Ley General para la Defensa de los Consumidores y Usuarios se\u00f1ala en el Art\u00edculo 160.2 que<\/span> <i><span style=\"font-weight: 400;\">\u201c<\/span><\/i><i><span style=\"font-weight: 400;\">cuando concurran circunstancias inevitables y extraordinarias en el lugar de destino o en las inmediaciones que afecten de forma significativa a la ejecuci\u00f3n del viaje combinado o al transporte de pasajeros al lugar de destino, el viajero tendr\u00e1 derecho a resolver el contrato antes del inicio del mismo sin pagar ninguna penalizaci\u00f3n. En este caso, el viajero tendr\u00e1 derecho al reembolso completo de cualquier pago realizado, pero no a una compensaci\u00f3n adicional\u201d.\u00a0<\/span><\/i><\/p>\n<p><span style=\"font-weight: 400;\">Esto quiere decir que, los organizadores de los viajes no podr\u00e1n penalizar econ\u00f3micamente a sus clientes que vean sus viajes cancelados con motivo de la pandemia del Covid-19. Por ejemplo, las agencias no podr\u00e1n cobrar un suplemento o devolver solo un porcentaje del precio ya desembolsado por el viajero en caso de cancelaci\u00f3n de viaje por motivo del coronavirus.\u00a0<\/span><\/p>\n<h2><strong>Cancelaci\u00f3n de viajes combinados por coronavirus: la devoluci\u00f3n del dinero por parte de la agencia seg\u00fan el \u00faltimo Real Decreto<\/strong><\/h2>\n<p><span style=\"font-weight: 400;\">En estos casos, el Real Decreto establece que la devoluci\u00f3n por la agencia o minorista s\u00f3lo proceder\u00e1 cuando <\/span><span style=\"font-weight: 400;\">el proveedor o proveedores hubieran procedido a su vez a la devoluci\u00f3n de las cantidades a la agencia. Esto da lugar, por tanto, a <\/span><b>futuros problemas entre consumidores, organizadores y proveedores<\/b><span style=\"font-weight: 400;\">, pues el minorista u organizador del viaje devolver\u00e1 el dinero a los viajeros s\u00f3lo si el proveedor ha pagado previamente, y esta circunstancia, como es l\u00f3gico deducir, no es algo que sepa el consumidor.<\/span><\/p>\n<p><span style=\"font-weight: 400;\">En los casos en los que unos proveedores realicen el desembolso y otros no, el consumidor podr\u00e1 solicitar, seg\u00fan este Real Decreto Ley, la parte parcial que corresponde a las devoluciones efectuadas por el proveedor.\u00a0<\/span><\/p>\n<div class=\"ttr_end\"><\/div>","protected":false},"excerpt":{"rendered":"<p>El estado de alarma decretado por la crisis sanitaria del Covid-19 en Espa\u00f1a est\u00e1 provocando un goteo de nuevas normativas que intentan regularizar determinados sectores o actividades que se ven claramente afectados por esta pandemia. Uno de ellos es el sector tur\u00edstico. Debido a esta crisis sanitaria, miles de viajes han sido cancelados. Muchos de [&hellip;]<\/p>\n","protected":false},"author":28,"featured_media":24788,"comment_status":"open","ping_status":"open","sticky":false,"template":"","format":"standard","meta":{"_acf_changed":false,"_genesis_hide_title":false,"_genesis_hide_breadcrumbs":false,"_genesis_hide_singular_image":false,"_genesis_hide_footer_widgets":false,"_genesis_custom_body_class":"","_genesis_custom_post_class":"","_genesis_layout":"","_jetpack_newsletter_access":"","_jetpack_dont_email_post_to_subs":false,"_jetpack_newsletter_tier_id":0,"_jetpack_memberships_contains_paywalled_content":false,"_jetpack_memberships_contains_paid_content":false,"footnotes":""},"categories":[392],"tags":[380,664,761],"class_list":{"0":"post-24742","1":"post","2":"type-post","3":"status-publish","4":"format-standard","5":"has-post-thumbnail","7":"category-noticias","8":"tag-aerolineas","9":"tag-cancelacion","10":"tag-reembolso","11":"entry"},"acf":[],"yoast_head":"<!-- This site is optimized with the Yoast SEO plugin v27.4 - https:\/\/yoast.com\/product\/yoast-seo-wordpress\/ -->\n<title>Cancelaci\u00f3n de viajes combinados por covid-19: a esto tienes derecho<\/title>\n<meta name=\"description\" content=\"Novedades para los viajeros afectados por cancelaci\u00f3n de viajes combinados con motivo del coronavirus. Descubre a qu\u00e9 tienes derecho.\" \/>\n<meta name=\"robots\" content=\"index, follow, max-snippet:-1, max-image-preview:large, max-video-preview:-1\" \/>\n<link rel=\"canonical\" href=\"https:\/\/www.reclamador.es\/blog\/coronavirus-cancelacion-viajes-combinados-novedades-real-decreto\/\" \/>\n<meta property=\"og:locale\" content=\"es_ES\" \/>\n<meta property=\"og:type\" content=\"article\" \/>\n<meta property=\"og:title\" content=\"Cancelaci\u00f3n de viajes combinados por covid-19: a esto tienes derecho\" \/>\n<meta property=\"og:description\" content=\"Novedades para los viajeros afectados por cancelaci\u00f3n de viajes combinados con motivo del coronavirus. Descubre a qu\u00e9 tienes derecho.\" \/>\n<meta property=\"og:url\" content=\"https:\/\/www.reclamador.es\/blog\/coronavirus-cancelacion-viajes-combinados-novedades-real-decreto\/\" \/>\n<meta property=\"og:site_name\" content=\"Rebeldes con causa, el blog de reclamador.es\" \/>\n<meta property=\"article:publisher\" content=\"https:\/\/www.facebook.com\/reclamador.es\" \/>\n<meta property=\"article:published_time\" content=\"2020-04-06T08:58:25+00:00\" \/>\n<meta property=\"article:modified_time\" content=\"2024-10-25T11:43:51+00:00\" \/>\n<meta property=\"og:image\" content=\"https:\/\/www.reclamador.es\/blog\/wp-content\/uploads\/2020\/04\/reembolso-billetes-de-avion_destacada.jpg\" \/>\n\t<meta property=\"og:image:width\" content=\"800\" \/>\n\t<meta property=\"og:image:height\" content=\"419\" \/>\n\t<meta property=\"og:image:type\" content=\"image\/jpeg\" \/>\n<meta name=\"author\" content=\"Alicia Ria\u00f1o\" \/>\n<meta name=\"twitter:card\" content=\"summary_large_image\" \/>\n<meta name=\"twitter:creator\" content=\"@reclamador\" \/>\n<meta name=\"twitter:site\" content=\"@reclamador\" \/>\n<meta name=\"twitter:label1\" content=\"Escrito por\" \/>\n\t<meta name=\"twitter:data1\" content=\"Alicia Ria\u00f1o\" \/>\n\t<meta name=\"twitter:label2\" content=\"Tiempo de lectura\" \/>\n\t<meta name=\"twitter:data2\" content=\"4 minutos\" \/>\n<script type=\"application\/ld+json\" class=\"yoast-schema-graph\">{\"@context\":\"https:\\\/\\\/schema.org\",\"@graph\":[{\"@type\":\"Article\",\"@id\":\"https:\\\/\\\/www.reclamador.es\\\/blog\\\/coronavirus-cancelacion-viajes-combinados-novedades-real-decreto\\\/#article\",\"isPartOf\":{\"@id\":\"https:\\\/\\\/www.reclamador.es\\\/blog\\\/coronavirus-cancelacion-viajes-combinados-novedades-real-decreto\\\/\"},\"author\":{\"name\":\"Alicia Ria\u00f1o\",\"@id\":\"https:\\\/\\\/www.reclamador.es\\\/blog\\\/#\\\/schema\\\/person\\\/2a9d121a6362255b8129c6fda9caffd5\"},\"headline\":\"Covid-19: novedades en los viajes combinados\",\"datePublished\":\"2020-04-06T08:58:25+00:00\",\"dateModified\":\"2024-10-25T11:43:51+00:00\",\"mainEntityOfPage\":{\"@id\":\"https:\\\/\\\/www.reclamador.es\\\/blog\\\/coronavirus-cancelacion-viajes-combinados-novedades-real-decreto\\\/\"},\"wordCount\":668,\"commentCount\":152,\"publisher\":{\"@id\":\"https:\\\/\\\/www.reclamador.es\\\/blog\\\/#organization\"},\"image\":{\"@id\":\"https:\\\/\\\/www.reclamador.es\\\/blog\\\/coronavirus-cancelacion-viajes-combinados-novedades-real-decreto\\\/#primaryimage\"},\"thumbnailUrl\":\"https:\\\/\\\/i0.wp.com\\\/www.reclamador.es\\\/blog\\\/wp-content\\\/uploads\\\/2020\\\/04\\\/reembolso-billetes-de-avion_destacada.jpg?fit=800%2C419&ssl=1\",\"keywords\":[\"aerol\u00edneas\",\"cancelaci\u00f3n\",\"reembolso\"],\"articleSection\":[\"Noticias y actualidad\"],\"inLanguage\":\"es\",\"potentialAction\":[{\"@type\":\"CommentAction\",\"name\":\"Comment\",\"target\":[\"https:\\\/\\\/www.reclamador.es\\\/blog\\\/coronavirus-cancelacion-viajes-combinados-novedades-real-decreto\\\/#respond\"]}]},{\"@type\":\"WebPage\",\"@id\":\"https:\\\/\\\/www.reclamador.es\\\/blog\\\/coronavirus-cancelacion-viajes-combinados-novedades-real-decreto\\\/\",\"url\":\"https:\\\/\\\/www.reclamador.es\\\/blog\\\/coronavirus-cancelacion-viajes-combinados-novedades-real-decreto\\\/\",\"name\":\"Cancelaci\u00f3n de viajes combinados por covid-19: a esto tienes derecho\",\"isPartOf\":{\"@id\":\"https:\\\/\\\/www.reclamador.es\\\/blog\\\/#website\"},\"primaryImageOfPage\":{\"@id\":\"https:\\\/\\\/www.reclamador.es\\\/blog\\\/coronavirus-cancelacion-viajes-combinados-novedades-real-decreto\\\/#primaryimage\"},\"image\":{\"@id\":\"https:\\\/\\\/www.reclamador.es\\\/blog\\\/coronavirus-cancelacion-viajes-combinados-novedades-real-decreto\\\/#primaryimage\"},\"thumbnailUrl\":\"https:\\\/\\\/i0.wp.com\\\/www.reclamador.es\\\/blog\\\/wp-content\\\/uploads\\\/2020\\\/04\\\/reembolso-billetes-de-avion_destacada.jpg?fit=800%2C419&ssl=1\",\"datePublished\":\"2020-04-06T08:58:25+00:00\",\"dateModified\":\"2024-10-25T11:43:51+00:00\",\"description\":\"Novedades para los viajeros afectados por cancelaci\u00f3n de viajes combinados con motivo del coronavirus. Descubre a qu\u00e9 tienes derecho.\",\"breadcrumb\":{\"@id\":\"https:\\\/\\\/www.reclamador.es\\\/blog\\\/coronavirus-cancelacion-viajes-combinados-novedades-real-decreto\\\/#breadcrumb\"},\"inLanguage\":\"es\",\"potentialAction\":[{\"@type\":\"ReadAction\",\"target\":[\"https:\\\/\\\/www.reclamador.es\\\/blog\\\/coronavirus-cancelacion-viajes-combinados-novedades-real-decreto\\\/\"]}]},{\"@type\":\"ImageObject\",\"inLanguage\":\"es\",\"@id\":\"https:\\\/\\\/www.reclamador.es\\\/blog\\\/coronavirus-cancelacion-viajes-combinados-novedades-real-decreto\\\/#primaryimage\",\"url\":\"https:\\\/\\\/i0.wp.com\\\/www.reclamador.es\\\/blog\\\/wp-content\\\/uploads\\\/2020\\\/04\\\/reembolso-billetes-de-avion_destacada.jpg?fit=800%2C419&ssl=1\",\"contentUrl\":\"https:\\\/\\\/i0.wp.com\\\/www.reclamador.es\\\/blog\\\/wp-content\\\/uploads\\\/2020\\\/04\\\/reembolso-billetes-de-avion_destacada.jpg?fit=800%2C419&ssl=1\",\"width\":800,\"height\":419,\"caption\":\"agencias viajes combinados cancelacion\"},{\"@type\":\"BreadcrumbList\",\"@id\":\"https:\\\/\\\/www.reclamador.es\\\/blog\\\/coronavirus-cancelacion-viajes-combinados-novedades-real-decreto\\\/#breadcrumb\",\"itemListElement\":[{\"@type\":\"ListItem\",\"position\":1,\"name\":\"Portada\",\"item\":\"https:\\\/\\\/www.reclamador.es\\\/blog\\\/\"},{\"@type\":\"ListItem\",\"position\":2,\"name\":\"Covid-19: novedades en los viajes combinados\"}]},{\"@type\":\"WebSite\",\"@id\":\"https:\\\/\\\/www.reclamador.es\\\/blog\\\/#website\",\"url\":\"https:\\\/\\\/www.reclamador.es\\\/blog\\\/\",\"name\":\"Rebeldes con causa, el blog de reclamador.es\",\"description\":\"Noticias, entrevistas y consejos sobre reclamaciones\",\"publisher\":{\"@id\":\"https:\\\/\\\/www.reclamador.es\\\/blog\\\/#organization\"},\"potentialAction\":[{\"@type\":\"SearchAction\",\"target\":{\"@type\":\"EntryPoint\",\"urlTemplate\":\"https:\\\/\\\/www.reclamador.es\\\/blog\\\/?s={search_term_string}\"},\"query-input\":{\"@type\":\"PropertyValueSpecification\",\"valueRequired\":true,\"valueName\":\"search_term_string\"}}],\"inLanguage\":\"es\"},{\"@type\":\"Organization\",\"@id\":\"https:\\\/\\\/www.reclamador.es\\\/blog\\\/#organization\",\"name\":\"reclamador.es\",\"url\":\"https:\\\/\\\/www.reclamador.es\\\/blog\\\/\",\"logo\":{\"@type\":\"ImageObject\",\"inLanguage\":\"es\",\"@id\":\"https:\\\/\\\/www.reclamador.es\\\/blog\\\/#\\\/schema\\\/logo\\\/image\\\/\",\"url\":\"https:\\\/\\\/i0.wp.com\\\/www.reclamador.es\\\/blog\\\/wp-content\\\/uploads\\\/2020\\\/01\\\/logo-reclamador.png?fit=1200%2C144&ssl=1\",\"contentUrl\":\"https:\\\/\\\/i0.wp.com\\\/www.reclamador.es\\\/blog\\\/wp-content\\\/uploads\\\/2020\\\/01\\\/logo-reclamador.png?fit=1200%2C144&ssl=1\",\"width\":1200,\"height\":144,\"caption\":\"reclamador.es\"},\"image\":{\"@id\":\"https:\\\/\\\/www.reclamador.es\\\/blog\\\/#\\\/schema\\\/logo\\\/image\\\/\"},\"sameAs\":[\"https:\\\/\\\/www.facebook.com\\\/reclamador.es\",\"https:\\\/\\\/x.com\\\/reclamador\",\"https:\\\/\\\/www.instagram.com\\\/reclamador.es\\\/\",\"https:\\\/\\\/www.linkedin.com\\\/company\\\/reclamador-es\",\"https:\\\/\\\/www.youtube.com\\\/user\\\/Reclamadores\"]},{\"@type\":\"Person\",\"@id\":\"https:\\\/\\\/www.reclamador.es\\\/blog\\\/#\\\/schema\\\/person\\\/2a9d121a6362255b8129c6fda9caffd5\",\"name\":\"Alicia Ria\u00f1o\",\"image\":{\"@type\":\"ImageObject\",\"inLanguage\":\"es\",\"@id\":\"https:\\\/\\\/secure.gravatar.com\\\/avatar\\\/2915f7664bf5ed4baf932328fabfe761f32f21ec1b577e7d54a7fee6613de25f?s=96&d=mm&r=g\",\"url\":\"https:\\\/\\\/secure.gravatar.com\\\/avatar\\\/2915f7664bf5ed4baf932328fabfe761f32f21ec1b577e7d54a7fee6613de25f?s=96&d=mm&r=g\",\"contentUrl\":\"https:\\\/\\\/secure.gravatar.com\\\/avatar\\\/2915f7664bf5ed4baf932328fabfe761f32f21ec1b577e7d54a7fee6613de25f?s=96&d=mm&r=g\",\"caption\":\"Alicia Ria\u00f1o\"},\"description\":\"Periodista experta en comunicaci\u00f3n y marketing digital. Escribo para acercar la informaci\u00f3n legal de forma sencilla y comprensible a las personas.\",\"sameAs\":[\"https:\\\/\\\/www.linkedin.com\\\/in\\\/alicia-r-932a2959\"],\"url\":\"https:\\\/\\\/www.reclamador.es\\\/blog\\\/author\\\/alicia-riano\\\/\"}]}<\/script>\n<!-- \/ Yoast SEO plugin. -->","yoast_head_json":{"title":"Cancelaci\u00f3n de viajes combinados por covid-19: a esto tienes derecho","description":"Novedades para los viajeros afectados por cancelaci\u00f3n de viajes combinados con motivo del coronavirus. Descubre a qu\u00e9 tienes derecho.","robots":{"index":"index","follow":"follow","max-snippet":"max-snippet:-1","max-image-preview":"max-image-preview:large","max-video-preview":"max-video-preview:-1"},"canonical":"https:\/\/www.reclamador.es\/blog\/coronavirus-cancelacion-viajes-combinados-novedades-real-decreto\/","og_locale":"es_ES","og_type":"article","og_title":"Cancelaci\u00f3n de viajes combinados por covid-19: a esto tienes derecho","og_description":"Novedades para los viajeros afectados por cancelaci\u00f3n de viajes combinados con motivo del coronavirus. Descubre a qu\u00e9 tienes derecho.","og_url":"https:\/\/www.reclamador.es\/blog\/coronavirus-cancelacion-viajes-combinados-novedades-real-decreto\/","og_site_name":"Rebeldes con causa, el blog de reclamador.es","article_publisher":"https:\/\/www.facebook.com\/reclamador.es","article_published_time":"2020-04-06T08:58:25+00:00","article_modified_time":"2024-10-25T11:43:51+00:00","og_image":[{"width":800,"height":419,"url":"https:\/\/www.reclamador.es\/blog\/wp-content\/uploads\/2020\/04\/reembolso-billetes-de-avion_destacada.jpg","type":"image\/jpeg"}],"author":"Alicia Ria\u00f1o","twitter_card":"summary_large_image","twitter_creator":"@reclamador","twitter_site":"@reclamador","twitter_misc":{"Escrito por":"Alicia Ria\u00f1o","Tiempo de lectura":"4 minutos"},"schema":{"@context":"https:\/\/schema.org","@graph":[{"@type":"Article","@id":"https:\/\/www.reclamador.es\/blog\/coronavirus-cancelacion-viajes-combinados-novedades-real-decreto\/#article","isPartOf":{"@id":"https:\/\/www.reclamador.es\/blog\/coronavirus-cancelacion-viajes-combinados-novedades-real-decreto\/"},"author":{"name":"Alicia Ria\u00f1o","@id":"https:\/\/www.reclamador.es\/blog\/#\/schema\/person\/2a9d121a6362255b8129c6fda9caffd5"},"headline":"Covid-19: novedades en los viajes combinados","datePublished":"2020-04-06T08:58:25+00:00","dateModified":"2024-10-25T11:43:51+00:00","mainEntityOfPage":{"@id":"https:\/\/www.reclamador.es\/blog\/coronavirus-cancelacion-viajes-combinados-novedades-real-decreto\/"},"wordCount":668,"commentCount":152,"publisher":{"@id":"https:\/\/www.reclamador.es\/blog\/#organization"},"image":{"@id":"https:\/\/www.reclamador.es\/blog\/coronavirus-cancelacion-viajes-combinados-novedades-real-decreto\/#primaryimage"},"thumbnailUrl":"https:\/\/i0.wp.com\/www.reclamador.es\/blog\/wp-content\/uploads\/2020\/04\/reembolso-billetes-de-avion_destacada.jpg?fit=800%2C419&ssl=1","keywords":["aerol\u00edneas","cancelaci\u00f3n","reembolso"],"articleSection":["Noticias y actualidad"],"inLanguage":"es","potentialAction":[{"@type":"CommentAction","name":"Comment","target":["https:\/\/www.reclamador.es\/blog\/coronavirus-cancelacion-viajes-combinados-novedades-real-decreto\/#respond"]}]},{"@type":"WebPage","@id":"https:\/\/www.reclamador.es\/blog\/coronavirus-cancelacion-viajes-combinados-novedades-real-decreto\/","url":"https:\/\/www.reclamador.es\/blog\/coronavirus-cancelacion-viajes-combinados-novedades-real-decreto\/","name":"Cancelaci\u00f3n de viajes combinados por covid-19: a esto tienes derecho","isPartOf":{"@id":"https:\/\/www.reclamador.es\/blog\/#website"},"primaryImageOfPage":{"@id":"https:\/\/www.reclamador.es\/blog\/coronavirus-cancelacion-viajes-combinados-novedades-real-decreto\/#primaryimage"},"image":{"@id":"https:\/\/www.reclamador.es\/blog\/coronavirus-cancelacion-viajes-combinados-novedades-real-decreto\/#primaryimage"},"thumbnailUrl":"https:\/\/i0.wp.com\/www.reclamador.es\/blog\/wp-content\/uploads\/2020\/04\/reembolso-billetes-de-avion_destacada.jpg?fit=800%2C419&ssl=1","datePublished":"2020-04-06T08:58:25+00:00","dateModified":"2024-10-25T11:43:51+00:00","description":"Novedades para los viajeros afectados por cancelaci\u00f3n de viajes combinados con motivo del coronavirus. Descubre a qu\u00e9 tienes derecho.","breadcrumb":{"@id":"https:\/\/www.reclamador.es\/blog\/coronavirus-cancelacion-viajes-combinados-novedades-real-decreto\/#breadcrumb"},"inLanguage":"es","potentialAction":[{"@type":"ReadAction","target":["https:\/\/www.reclamador.es\/blog\/coronavirus-cancelacion-viajes-combinados-novedades-real-decreto\/"]}]},{"@type":"ImageObject","inLanguage":"es","@id":"https:\/\/www.reclamador.es\/blog\/coronavirus-cancelacion-viajes-combinados-novedades-real-decreto\/#primaryimage","url":"https:\/\/i0.wp.com\/www.reclamador.es\/blog\/wp-content\/uploads\/2020\/04\/reembolso-billetes-de-avion_destacada.jpg?fit=800%2C419&ssl=1","contentUrl":"https:\/\/i0.wp.com\/www.reclamador.es\/blog\/wp-content\/uploads\/2020\/04\/reembolso-billetes-de-avion_destacada.jpg?fit=800%2C419&ssl=1","width":800,"height":419,"caption":"agencias viajes combinados cancelacion"},{"@type":"BreadcrumbList","@id":"https:\/\/www.reclamador.es\/blog\/coronavirus-cancelacion-viajes-combinados-novedades-real-decreto\/#breadcrumb","itemListElement":[{"@type":"ListItem","position":1,"name":"Portada","item":"https:\/\/www.reclamador.es\/blog\/"},{"@type":"ListItem","position":2,"name":"Covid-19: novedades en los viajes combinados"}]},{"@type":"WebSite","@id":"https:\/\/www.reclamador.es\/blog\/#website","url":"https:\/\/www.reclamador.es\/blog\/","name":"Rebeldes con causa, el blog de reclamador.es","description":"Noticias, entrevistas y consejos sobre reclamaciones","publisher":{"@id":"https:\/\/www.reclamador.es\/blog\/#organization"},"potentialAction":[{"@type":"SearchAction","target":{"@type":"EntryPoint","urlTemplate":"https:\/\/www.reclamador.es\/blog\/?s={search_term_string}"},"query-input":{"@type":"PropertyValueSpecification","valueRequired":true,"valueName":"search_term_string"}}],"inLanguage":"es"},{"@type":"Organization","@id":"https:\/\/www.reclamador.es\/blog\/#organization","name":"reclamador.es","url":"https:\/\/www.reclamador.es\/blog\/","logo":{"@type":"ImageObject","inLanguage":"es","@id":"https:\/\/www.reclamador.es\/blog\/#\/schema\/logo\/image\/","url":"https:\/\/i0.wp.com\/www.reclamador.es\/blog\/wp-content\/uploads\/2020\/01\/logo-reclamador.png?fit=1200%2C144&ssl=1","contentUrl":"https:\/\/i0.wp.com\/www.reclamador.es\/blog\/wp-content\/uploads\/2020\/01\/logo-reclamador.png?fit=1200%2C144&ssl=1","width":1200,"height":144,"caption":"reclamador.es"},"image":{"@id":"https:\/\/www.reclamador.es\/blog\/#\/schema\/logo\/image\/"},"sameAs":["https:\/\/www.facebook.com\/reclamador.es","https:\/\/x.com\/reclamador","https:\/\/www.instagram.com\/reclamador.es\/","https:\/\/www.linkedin.com\/company\/reclamador-es","https:\/\/www.youtube.com\/user\/Reclamadores"]},{"@type":"Person","@id":"https:\/\/www.reclamador.es\/blog\/#\/schema\/person\/2a9d121a6362255b8129c6fda9caffd5","name":"Alicia Ria\u00f1o","image":{"@type":"ImageObject","inLanguage":"es","@id":"https:\/\/secure.gravatar.com\/avatar\/2915f7664bf5ed4baf932328fabfe761f32f21ec1b577e7d54a7fee6613de25f?s=96&d=mm&r=g","url":"https:\/\/secure.gravatar.com\/avatar\/2915f7664bf5ed4baf932328fabfe761f32f21ec1b577e7d54a7fee6613de25f?s=96&d=mm&r=g","contentUrl":"https:\/\/secure.gravatar.com\/avatar\/2915f7664bf5ed4baf932328fabfe761f32f21ec1b577e7d54a7fee6613de25f?s=96&d=mm&r=g","caption":"Alicia Ria\u00f1o"},"description":"Periodista experta en comunicaci\u00f3n y marketing digital. Escribo para acercar la informaci\u00f3n legal de forma sencilla y comprensible a las personas.","sameAs":["https:\/\/www.linkedin.com\/in\/alicia-r-932a2959"],"url":"https:\/\/www.reclamador.es\/blog\/author\/alicia-riano\/"}]}},"jetpack_featured_media_url":"https:\/\/i0.wp.com\/www.reclamador.es\/blog\/wp-content\/uploads\/2020\/04\/reembolso-billetes-de-avion_destacada.jpg?fit=800%2C419&ssl=1","jetpack-related-posts":[{"id":24689,"url":"https:\/\/www.reclamador.es\/blog\/cancelaciones-vuelos-covid-19-reclamar-reembolso-de-billetes-de-avion\/","url_meta":{"origin":24742,"position":0},"title":"Viajeros afectados por cancelaciones de vuelos por Covid-19: \u00bfreembolso del billete o vales y cambios?","author":"Equipo reclamador","date":"26 marzo, 2020","format":false,"excerpt":"A lo largo de varias semanas, incluso desde antes de decretrarse el Estado de Alarma y se fijara la reducci\u00f3n de vuelos en nuestro pa\u00eds, han sido muchas las consultas que hemos recibido en reclamador.es de viajeros afectados por cancelaciones de vuelos como consecuencia de la crisis sanitaria del Covid-19.\u2026","rel":"","context":"En \u00abNoticias y actualidad\u00bb","block_context":{"text":"Noticias y actualidad","link":"https:\/\/www.reclamador.es\/blog\/noticias\/"},"img":{"alt_text":"","src":"https:\/\/i0.wp.com\/www.reclamador.es\/blog\/wp-content\/uploads\/2020\/03\/cancelacion-vuelo-por-coronavirus_destacada.jpg?fit=800%2C419&ssl=1&resize=350%2C200","width":350,"height":200,"srcset":"https:\/\/i0.wp.com\/www.reclamador.es\/blog\/wp-content\/uploads\/2020\/03\/cancelacion-vuelo-por-coronavirus_destacada.jpg?fit=800%2C419&ssl=1&resize=350%2C200 1x, https:\/\/i0.wp.com\/www.reclamador.es\/blog\/wp-content\/uploads\/2020\/03\/cancelacion-vuelo-por-coronavirus_destacada.jpg?fit=800%2C419&ssl=1&resize=525%2C300 1.5x, https:\/\/i0.wp.com\/www.reclamador.es\/blog\/wp-content\/uploads\/2020\/03\/cancelacion-vuelo-por-coronavirus_destacada.jpg?fit=800%2C419&ssl=1&resize=700%2C400 2x"},"classes":[]},{"id":29862,"url":"https:\/\/www.reclamador.es\/blog\/viajeros-obligados-bono-reclamar-reembolso-billete\/","url_meta":{"origin":24742,"position":1},"title":"\u00bfQu\u00e9 pasa ahora con los bonos sin usar que la aerol\u00ednea oblig\u00f3 a coger por los vuelos cancelados en la pandemia?","author":"Equipo reclamador","date":"31 mayo, 2022","format":false,"excerpt":"*Contenido actualizado junio 2023 Durante las diferentes olas de la Covid-19 fueron miles los pasajeros a\u00e9reos que sufrieron la cancelaci\u00f3n de su vuelo y que, pese a que su idea era en aquel momento optar por el reembolso del billete de avi\u00f3n cancelado, tuvieron que aceptar el bono o voucher\u2026","rel":"","context":"En \u00abConsejos legales\u00bb","block_context":{"text":"Consejos legales","link":"https:\/\/www.reclamador.es\/blog\/consejos\/"},"img":{"alt_text":"bono de aerolinea que caduca sin usar - reclamar reembolso del billete","src":"https:\/\/i0.wp.com\/www.reclamador.es\/blog\/wp-content\/uploads\/2022\/05\/bono-caducado-reembolso-del-billete-avion.jpg?fit=1199%2C683&ssl=1&resize=350%2C200","width":350,"height":200,"srcset":"https:\/\/i0.wp.com\/www.reclamador.es\/blog\/wp-content\/uploads\/2022\/05\/bono-caducado-reembolso-del-billete-avion.jpg?fit=1199%2C683&ssl=1&resize=350%2C200 1x, https:\/\/i0.wp.com\/www.reclamador.es\/blog\/wp-content\/uploads\/2022\/05\/bono-caducado-reembolso-del-billete-avion.jpg?fit=1199%2C683&ssl=1&resize=525%2C300 1.5x, https:\/\/i0.wp.com\/www.reclamador.es\/blog\/wp-content\/uploads\/2022\/05\/bono-caducado-reembolso-del-billete-avion.jpg?fit=1199%2C683&ssl=1&resize=700%2C400 2x, https:\/\/i0.wp.com\/www.reclamador.es\/blog\/wp-content\/uploads\/2022\/05\/bono-caducado-reembolso-del-billete-avion.jpg?fit=1199%2C683&ssl=1&resize=1050%2C600 3x"},"classes":[]},{"id":25547,"url":"https:\/\/www.reclamador.es\/blog\/consejos-para-reservar-vacaciones-verano-covid-19\/","url_meta":{"origin":24742,"position":2},"title":"4 consejos para reservar las vacaciones del \"verano del Covid-19&#8243;","author":"Alicia Ria\u00f1o","date":"11 junio, 2020","format":false,"excerpt":"El verano 2020 ser\u00e1 el verano del Covid-19. Un periodo muy deseado por muchos y que traer\u00e1 consigo importantes medidas de seguridad sanitarias y que deparar\u00e1 un verano inusual para muchos, con cambios en los destinos y sin actividades como podr\u00edan ser los grandes festivales musicales, uno de los sectores\u2026","rel":"","context":"En \u00abConsejos legales\u00bb","block_context":{"text":"Consejos legales","link":"https:\/\/www.reclamador.es\/blog\/consejos\/"},"img":{"alt_text":"consejos reservar vacaciones verano covid 19","src":"https:\/\/i0.wp.com\/www.reclamador.es\/blog\/wp-content\/uploads\/2020\/06\/reservar-vacaciones-verano-covid19_destacada.jpg?fit=1200%2C629&ssl=1&resize=350%2C200","width":350,"height":200,"srcset":"https:\/\/i0.wp.com\/www.reclamador.es\/blog\/wp-content\/uploads\/2020\/06\/reservar-vacaciones-verano-covid19_destacada.jpg?fit=1200%2C629&ssl=1&resize=350%2C200 1x, https:\/\/i0.wp.com\/www.reclamador.es\/blog\/wp-content\/uploads\/2020\/06\/reservar-vacaciones-verano-covid19_destacada.jpg?fit=1200%2C629&ssl=1&resize=525%2C300 1.5x, https:\/\/i0.wp.com\/www.reclamador.es\/blog\/wp-content\/uploads\/2020\/06\/reservar-vacaciones-verano-covid19_destacada.jpg?fit=1200%2C629&ssl=1&resize=700%2C400 2x, https:\/\/i0.wp.com\/www.reclamador.es\/blog\/wp-content\/uploads\/2020\/06\/reservar-vacaciones-verano-covid19_destacada.jpg?fit=1200%2C629&ssl=1&resize=1050%2C600 3x"},"classes":[]},{"id":25812,"url":"https:\/\/www.reclamador.es\/blog\/cuarentena-reino-unido-derechos-viajeros\/","url_meta":{"origin":24742,"position":3},"title":"Derechos de los pasajeros que quieran cancelar su viaje a Reino Unido por la cuarentena","author":"Equipo reclamador","date":"29 julio, 2020","format":false,"excerpt":"Una noticia que ha cogido a todos los viajeros por sorpresa: el Reino Unido impone desde el domingo 26 de julio cuarentena de 14 d\u00edas a todos los viajeros que lleguen a su territorio procedentes de Espa\u00f1a. Eso implica que, tanto los ingleses que estaban en nuestro pa\u00eds de vacaciones\u2026","rel":"","context":"En \u00abNoticias y actualidad\u00bb","block_context":{"text":"Noticias y actualidad","link":"https:\/\/www.reclamador.es\/blog\/noticias\/"},"img":{"alt_text":"cuarentena en reino unido","src":"https:\/\/i0.wp.com\/www.reclamador.es\/blog\/wp-content\/uploads\/2020\/07\/cancelar-viaje-reino-unido-derechos-pasajeros_destacada.jpg?fit=800%2C419&ssl=1&resize=350%2C200","width":350,"height":200,"srcset":"https:\/\/i0.wp.com\/www.reclamador.es\/blog\/wp-content\/uploads\/2020\/07\/cancelar-viaje-reino-unido-derechos-pasajeros_destacada.jpg?fit=800%2C419&ssl=1&resize=350%2C200 1x, https:\/\/i0.wp.com\/www.reclamador.es\/blog\/wp-content\/uploads\/2020\/07\/cancelar-viaje-reino-unido-derechos-pasajeros_destacada.jpg?fit=800%2C419&ssl=1&resize=525%2C300 1.5x, https:\/\/i0.wp.com\/www.reclamador.es\/blog\/wp-content\/uploads\/2020\/07\/cancelar-viaje-reino-unido-derechos-pasajeros_destacada.jpg?fit=800%2C419&ssl=1&resize=700%2C400 2x"},"classes":[]},{"id":25208,"url":"https:\/\/www.reclamador.es\/blog\/reembolso-vuelo-no-cancelado-coronavirus\/","url_meta":{"origin":24742,"position":4},"title":"\u00bfCorresponde reembolso del dinero (o voucher) de un vuelo no cancelado durante el estado de alarma?","author":"Equipo reclamador","date":"7 mayo, 2020","format":false,"excerpt":"Son numerosas las consultas que d\u00eda a d\u00eda gestionamos en reclamador.es relacionadas con dudas de viajeros por sus vacaciones y desplazamientos en avi\u00f3n y que hemos ido resolviendo con la mayor claridad posible. Por ejemplo, hemos dado respuesta a qu\u00e9 pasa ahora con los viajes combinados o qu\u00e9 pod\u00edan hacer\u2026","rel":"","context":"En \u00abConsejos legales\u00bb","block_context":{"text":"Consejos legales","link":"https:\/\/www.reclamador.es\/blog\/consejos\/"},"img":{"alt_text":"reembolso vuelo no cancelado en estado de alarma","src":"https:\/\/i0.wp.com\/www.reclamador.es\/blog\/wp-content\/uploads\/2020\/05\/vuelo-no-cancelado-estado-alarma_destacado.jpg?fit=1200%2C629&ssl=1&resize=350%2C200","width":350,"height":200,"srcset":"https:\/\/i0.wp.com\/www.reclamador.es\/blog\/wp-content\/uploads\/2020\/05\/vuelo-no-cancelado-estado-alarma_destacado.jpg?fit=1200%2C629&ssl=1&resize=350%2C200 1x, https:\/\/i0.wp.com\/www.reclamador.es\/blog\/wp-content\/uploads\/2020\/05\/vuelo-no-cancelado-estado-alarma_destacado.jpg?fit=1200%2C629&ssl=1&resize=525%2C300 1.5x, https:\/\/i0.wp.com\/www.reclamador.es\/blog\/wp-content\/uploads\/2020\/05\/vuelo-no-cancelado-estado-alarma_destacado.jpg?fit=1200%2C629&ssl=1&resize=700%2C400 2x, https:\/\/i0.wp.com\/www.reclamador.es\/blog\/wp-content\/uploads\/2020\/05\/vuelo-no-cancelado-estado-alarma_destacado.jpg?fit=1200%2C629&ssl=1&resize=1050%2C600 3x"},"classes":[]},{"id":24498,"url":"https:\/\/www.reclamador.es\/blog\/cancelacion-de-viajes-a-italia-por-el-coronavirus-preguntas-respuestas\/","url_meta":{"origin":24742,"position":5},"title":"Preguntas y respuestas sobre cancelaciones de viajes a Italia por el coronavirus","author":"Equipo reclamador","date":"26 febrero, 2020","format":false,"excerpt":"La crisis sanitaria del coronavirus en Italia ha desatado una ola de incertidumbre y no solo para los que viven en los alrededores de las zonas m\u00e1s afectadas por el Covid-19.\u00a0 Italia es la tercera mayor conexi\u00f3n a\u00e9rea de Espa\u00f1a, seg\u00fan datos de Aena, en 2019 m\u00e1s de 16 millones\u2026","rel":"","context":"En \u00abConsejos legales\u00bb","block_context":{"text":"Consejos legales","link":"https:\/\/www.reclamador.es\/blog\/consejos\/"},"img":{"alt_text":"","src":"https:\/\/i0.wp.com\/www.reclamador.es\/blog\/wp-content\/uploads\/2020\/02\/cancelacion-vuelo-coronavirus_destacada.jpg?fit=800%2C419&ssl=1&resize=350%2C200","width":350,"height":200,"srcset":"https:\/\/i0.wp.com\/www.reclamador.es\/blog\/wp-content\/uploads\/2020\/02\/cancelacion-vuelo-coronavirus_destacada.jpg?fit=800%2C419&ssl=1&resize=350%2C200 1x, https:\/\/i0.wp.com\/www.reclamador.es\/blog\/wp-content\/uploads\/2020\/02\/cancelacion-vuelo-coronavirus_destacada.jpg?fit=800%2C419&ssl=1&resize=525%2C300 1.5x, https:\/\/i0.wp.com\/www.reclamador.es\/blog\/wp-content\/uploads\/2020\/02\/cancelacion-vuelo-coronavirus_destacada.jpg?fit=800%2C419&ssl=1&resize=700%2C400 2x"},"classes":[]}],"jetpack_sharing_enabled":true,"_links":{"self":[{"href":"https:\/\/www.reclamador.es\/blog\/wp-json\/wp\/v2\/posts\/24742","targetHints":{"allow":["GET"]}}],"collection":[{"href":"https:\/\/www.reclamador.es\/blog\/wp-json\/wp\/v2\/posts"}],"about":[{"href":"https:\/\/www.reclamador.es\/blog\/wp-json\/wp\/v2\/types\/post"}],"author":[{"embeddable":true,"href":"https:\/\/www.reclamador.es\/blog\/wp-json\/wp\/v2\/users\/28"}],"replies":[{"embeddable":true,"href":"https:\/\/www.reclamador.es\/blog\/wp-json\/wp\/v2\/comments?post=24742"}],"version-history":[{"count":12,"href":"https:\/\/www.reclamador.es\/blog\/wp-json\/wp\/v2\/posts\/24742\/revisions"}],"predecessor-version":[{"id":33183,"href":"https:\/\/www.reclamador.es\/blog\/wp-json\/wp\/v2\/posts\/24742\/revisions\/33183"}],"wp:featuredmedia":[{"embeddable":true,"href":"https:\/\/www.reclamador.es\/blog\/wp-json\/wp\/v2\/media\/24788"}],"wp:attachment":[{"href":"https:\/\/www.reclamador.es\/blog\/wp-json\/wp\/v2\/media?parent=24742"}],"wp:term":[{"taxonomy":"category","embeddable":true,"href":"https:\/\/www.reclamador.es\/blog\/wp-json\/wp\/v2\/categories?post=24742"},{"taxonomy":"post_tag","embeddable":true,"href":"https:\/\/www.reclamador.es\/blog\/wp-json\/wp\/v2\/tags?post=24742"}],"curies":[{"name":"wp","href":"https:\/\/api.w.org\/{rel}","templated":true}]}}