{"id":24689,"date":"2020-03-26T12:15:06","date_gmt":"2020-03-26T11:15:06","guid":{"rendered":"https:\/\/www.reclamador.es\/blog\/?p=24689"},"modified":"2024-11-15T11:04:16","modified_gmt":"2024-11-15T10:04:16","slug":"cancelaciones-vuelos-covid-19-reclamar-reembolso-de-billetes-de-avion","status":"publish","type":"post","link":"https:\/\/www.reclamador.es\/blog\/cancelaciones-vuelos-covid-19-reclamar-reembolso-de-billetes-de-avion\/","title":{"rendered":"Viajeros afectados por cancelaciones de vuelos por Covid-19: \u00bfreembolso del billete o vales y cambios?"},"content":{"rendered":"<div class=\"ttr_start\"><\/div>\n\n<div class=\"kk-star-ratings kksr-auto kksr-align-right kksr-valign-top\"\n    data-payload='{&quot;align&quot;:&quot;right&quot;,&quot;id&quot;:&quot;24689&quot;,&quot;slug&quot;:&quot;default&quot;,&quot;valign&quot;:&quot;top&quot;,&quot;ignore&quot;:&quot;&quot;,&quot;reference&quot;:&quot;auto&quot;,&quot;class&quot;:&quot;&quot;,&quot;count&quot;:&quot;66&quot;,&quot;legendonly&quot;:&quot;&quot;,&quot;readonly&quot;:&quot;&quot;,&quot;score&quot;:&quot;4.1&quot;,&quot;starsonly&quot;:&quot;&quot;,&quot;best&quot;:&quot;5&quot;,&quot;gap&quot;:&quot;3&quot;,&quot;greet&quot;:&quot;Valora este art\u00edculo&quot;,&quot;legend&quot;:&quot;4.1\\\/5 - (66 votos)&quot;,&quot;size&quot;:&quot;20&quot;,&quot;title&quot;:&quot;Viajeros afectados por cancelaciones de vuelos por Covid-19: \u00bfreembolso del billete o vales y cambios?&quot;,&quot;width&quot;:&quot;92.8&quot;,&quot;_legend&quot;:&quot;{score}\\\/{best} - ({count} {votes})&quot;,&quot;font_factor&quot;:&quot;1.25&quot;}'>\n            \n<div class=\"kksr-stars\">\n    \n<div class=\"kksr-stars-inactive\">\n            <div class=\"kksr-star\" data-star=\"1\" style=\"padding-right: 3px\">\n            \n\n<div class=\"kksr-icon\" style=\"width: 20px; height: 20px;\"><\/div>\n        <\/div>\n            <div class=\"kksr-star\" data-star=\"2\" style=\"padding-right: 3px\">\n            \n\n<div class=\"kksr-icon\" style=\"width: 20px; height: 20px;\"><\/div>\n        <\/div>\n            <div class=\"kksr-star\" data-star=\"3\" style=\"padding-right: 3px\">\n            \n\n<div class=\"kksr-icon\" style=\"width: 20px; height: 20px;\"><\/div>\n        <\/div>\n            <div class=\"kksr-star\" data-star=\"4\" style=\"padding-right: 3px\">\n            \n\n<div class=\"kksr-icon\" style=\"width: 20px; height: 20px;\"><\/div>\n        <\/div>\n            <div class=\"kksr-star\" data-star=\"5\" style=\"padding-right: 3px\">\n            \n\n<div class=\"kksr-icon\" style=\"width: 20px; height: 20px;\"><\/div>\n        <\/div>\n    <\/div>\n    \n<div class=\"kksr-stars-active\" style=\"width: 92.8px;\">\n            <div class=\"kksr-star\" style=\"padding-right: 3px\">\n            \n\n<div class=\"kksr-icon\" style=\"width: 20px; height: 20px;\"><\/div>\n        <\/div>\n            <div class=\"kksr-star\" style=\"padding-right: 3px\">\n            \n\n<div class=\"kksr-icon\" style=\"width: 20px; height: 20px;\"><\/div>\n        <\/div>\n            <div class=\"kksr-star\" style=\"padding-right: 3px\">\n            \n\n<div class=\"kksr-icon\" style=\"width: 20px; height: 20px;\"><\/div>\n        <\/div>\n            <div class=\"kksr-star\" style=\"padding-right: 3px\">\n            \n\n<div class=\"kksr-icon\" style=\"width: 20px; height: 20px;\"><\/div>\n        <\/div>\n            <div class=\"kksr-star\" style=\"padding-right: 3px\">\n            \n\n<div class=\"kksr-icon\" style=\"width: 20px; height: 20px;\"><\/div>\n        <\/div>\n    <\/div>\n<\/div>\n                \n\n<div class=\"kksr-legend\" style=\"font-size: 16px;\">\n            4.1\/5 - (66 votos)    <\/div>\n    <\/div>\n\n<figure id=\"attachment_24704\" aria-describedby=\"caption-attachment-24704\" style=\"width: 1200px\" class=\"wp-caption aligncenter\"><img data-recalc-dims=\"1\" loading=\"lazy\" decoding=\"async\" class=\"size-full wp-image-24704\" src=\"https:\/\/i0.wp.com\/www.reclamador.es\/blog\/wp-content\/uploads\/2020\/03\/cancelacion-vuelo-por-coronavirus.jpg?resize=1200%2C629&#038;ssl=1\" alt=\"\" width=\"1200\" height=\"629\" srcset=\"https:\/\/i0.wp.com\/www.reclamador.es\/blog\/wp-content\/uploads\/2020\/03\/cancelacion-vuelo-por-coronavirus.jpg?w=1200&amp;ssl=1 1200w, https:\/\/i0.wp.com\/www.reclamador.es\/blog\/wp-content\/uploads\/2020\/03\/cancelacion-vuelo-por-coronavirus.jpg?resize=300%2C157&amp;ssl=1 300w, https:\/\/i0.wp.com\/www.reclamador.es\/blog\/wp-content\/uploads\/2020\/03\/cancelacion-vuelo-por-coronavirus.jpg?resize=1024%2C537&amp;ssl=1 1024w, https:\/\/i0.wp.com\/www.reclamador.es\/blog\/wp-content\/uploads\/2020\/03\/cancelacion-vuelo-por-coronavirus.jpg?resize=150%2C79&amp;ssl=1 150w, https:\/\/i0.wp.com\/www.reclamador.es\/blog\/wp-content\/uploads\/2020\/03\/cancelacion-vuelo-por-coronavirus.jpg?resize=768%2C403&amp;ssl=1 768w\" sizes=\"auto, (max-width: 1000px) 100vw, 1000px\" \/><figcaption id=\"caption-attachment-24704\" class=\"wp-caption-text\"><em>Reembolso de billetes de vuelos cancelados por coronavirus<\/em><\/figcaption><\/figure>\n<p><span style=\"font-weight: 400;\">A lo largo de varias semanas, incluso desde antes de decretrarse el Estado de Alarma y se fijara la reducci\u00f3n de vuelos en nuestro pa\u00eds, han sido muchas las consultas que hemos recibido en reclamador.es de viajeros afectados por <strong><a href=\"https:\/\/www.reclamador.es\/aerolineas\/cancelacion-vuelo\/\">cancelaciones de vuelos<\/a><\/strong> como consecuencia de la crisis sanitaria del Covid-19. Una de las preguntas que se ha generalizado es en relaci\u00f3n al <strong>derecho a recibir el reembolso de billetes de avi\u00f3n<\/strong> o sobre si deb\u00edan aceptar el vale -voucher- que las aerol\u00edneas les estaban ofreciendo puesto que no ofrec\u00edan la opci\u00f3n de reembolso autom\u00e1tico de su dinero.\u00a0<\/span><\/p>\n<p><span style=\"font-weight: 400;\">Seg\u00fan hemos podido conocer en reclamador.es, muchas compa\u00f1\u00edas a\u00e9reas est\u00e1n ofreciendo \u00fanicamente un vale por el importe por el que adquirieron el trayecto cancelado -voucher con una determinada caducidad- o bien el canje del billete, pero son reticentes al reembolso del dinero, es decir, no ofrecen la devoluci\u00f3n de billetes de avi\u00f3n.\u00a0<\/span><\/p>\n<h2><b>Vuelos cancelados por la pandemia del coronavirus: los pasajeros a\u00e9reos tienen derecho a reembolso del billete<\/b><\/h2>\n<p><span style=\"font-weight: 400;\">Al tratarse de una circunstancia extraordinaria, el pasajero a\u00e9reo no tendr\u00e1 derecho a la indemnizaci\u00f3n econ\u00f3mica recogida en el Reglamento 261 y que se cifra entre 250\u20ac y 600\u20ac, en funci\u00f3n de la distancia del trayecto, pero s\u00ed al reembolso del billete o bien a la reubicaci\u00f3n en otro vuelo, lo que elija el propio viajero.<\/span><\/p>\n<p><strong>Te interesa: <a href=\"https:\/\/www.reclamador.es\/blog\/cancelacion-de-viajes-a-italia-por-el-coronavirus-preguntas-respuestas\/\">preguntas y respuestas sobre viajes cancelados a Italia por Covid-19<\/a><\/strong><\/p>\n<p><span style=\"font-weight: 400;\">De lo anterior se deduce que, pese a que los pasajeros a\u00e9reos no tienen derecho a compensaci\u00f3n econ\u00f3mica adicional por esa cancelaci\u00f3n, s\u00ed tienen derecho a que la aerol\u00ednea proceda a la devoluci\u00f3n del billete cancelado por el coronavirus, si as\u00ed lo solicita el viajero.\u00a0<\/span><\/p>\n<p>Si te ha parecido interesante este art\u00edculo sobre reembolso de billetes de avi\u00f3n, comp\u00e1rtelo en tus redes sociales!<\/p>\n<p>\ud83d\ude09\u00a0<\/p>\n<div class=\"ttr_end\"><\/div>","protected":false},"excerpt":{"rendered":"<p>A lo largo de varias semanas, incluso desde antes de decretrarse el Estado de Alarma y se fijara la reducci\u00f3n de vuelos en nuestro pa\u00eds, han sido muchas las consultas que hemos recibido en reclamador.es de viajeros afectados por cancelaciones de vuelos como consecuencia de la crisis sanitaria del Covid-19. Una de las preguntas que [&hellip;]<\/p>\n","protected":false},"author":1,"featured_media":24705,"comment_status":"open","ping_status":"open","sticky":false,"template":"","format":"standard","meta":{"_acf_changed":false,"_genesis_hide_title":false,"_genesis_hide_breadcrumbs":false,"_genesis_hide_singular_image":false,"_genesis_hide_footer_widgets":false,"_genesis_custom_body_class":"","_genesis_custom_post_class":"","_genesis_layout":"","_jetpack_newsletter_access":"","_jetpack_dont_email_post_to_subs":false,"_jetpack_newsletter_tier_id":0,"_jetpack_memberships_contains_paywalled_content":false,"_jetpack_memberships_contains_paid_content":false,"footnotes":""},"categories":[392],"tags":[380,664,761],"class_list":{"0":"post-24689","1":"post","2":"type-post","3":"status-publish","4":"format-standard","5":"has-post-thumbnail","7":"category-noticias","8":"tag-aerolineas","9":"tag-cancelacion","10":"tag-reembolso","11":"entry"},"acf":[],"yoast_head":"<!-- This site is optimized with the Yoast SEO plugin v27.4 - https:\/\/yoast.com\/product\/yoast-seo-wordpress\/ -->\n<title>Pandemia COVID-19: Reembolso de billetes de avi\u00f3n por cancelaciones<\/title>\n<meta name=\"description\" content=\"Si no quieres aceptar el vale de la aerol\u00ednea por cancelaci\u00f3n de viaje como consecuencia del coronavirus, reclama el reembolso de billetes de avi\u00f3n\" \/>\n<meta name=\"robots\" content=\"index, follow, max-snippet:-1, max-image-preview:large, max-video-preview:-1\" \/>\n<link rel=\"canonical\" href=\"https:\/\/www.reclamador.es\/blog\/cancelaciones-vuelos-covid-19-reclamar-reembolso-de-billetes-de-avion\/\" \/>\n<meta property=\"og:locale\" content=\"es_ES\" \/>\n<meta property=\"og:type\" content=\"article\" \/>\n<meta property=\"og:title\" content=\"Pandemia COVID-19: Reembolso de billetes de avi\u00f3n por cancelaciones\" \/>\n<meta property=\"og:description\" content=\"Si no quieres aceptar el vale de la aerol\u00ednea por cancelaci\u00f3n de viaje como consecuencia del coronavirus, reclama el reembolso de billetes de avi\u00f3n\" \/>\n<meta property=\"og:url\" content=\"https:\/\/www.reclamador.es\/blog\/cancelaciones-vuelos-covid-19-reclamar-reembolso-de-billetes-de-avion\/\" \/>\n<meta property=\"og:site_name\" content=\"Rebeldes con causa, el blog de reclamador.es\" \/>\n<meta property=\"article:publisher\" content=\"https:\/\/www.facebook.com\/reclamador.es\" \/>\n<meta property=\"article:published_time\" content=\"2020-03-26T11:15:06+00:00\" \/>\n<meta property=\"article:modified_time\" content=\"2024-11-15T10:04:16+00:00\" \/>\n<meta property=\"og:image\" content=\"https:\/\/www.reclamador.es\/blog\/wp-content\/uploads\/2020\/03\/cancelacion-vuelo-por-coronavirus_destacada.jpg\" \/>\n\t<meta property=\"og:image:width\" content=\"800\" \/>\n\t<meta property=\"og:image:height\" content=\"419\" \/>\n\t<meta property=\"og:image:type\" content=\"image\/jpeg\" \/>\n<meta name=\"author\" content=\"Equipo reclamador\" \/>\n<meta name=\"twitter:card\" content=\"summary_large_image\" \/>\n<meta name=\"twitter:creator\" content=\"@reclamador\" \/>\n<meta name=\"twitter:site\" content=\"@reclamador\" \/>\n<meta name=\"twitter:label1\" content=\"Escrito por\" \/>\n\t<meta name=\"twitter:data1\" content=\"Equipo reclamador\" \/>\n\t<meta name=\"twitter:label2\" content=\"Tiempo de lectura\" \/>\n\t<meta name=\"twitter:data2\" content=\"2 minutos\" \/>\n<script type=\"application\/ld+json\" class=\"yoast-schema-graph\">{\"@context\":\"https:\\\/\\\/schema.org\",\"@graph\":[{\"@type\":\"Article\",\"@id\":\"https:\\\/\\\/www.reclamador.es\\\/blog\\\/cancelaciones-vuelos-covid-19-reclamar-reembolso-de-billetes-de-avion\\\/#article\",\"isPartOf\":{\"@id\":\"https:\\\/\\\/www.reclamador.es\\\/blog\\\/cancelaciones-vuelos-covid-19-reclamar-reembolso-de-billetes-de-avion\\\/\"},\"author\":{\"name\":\"Equipo reclamador\",\"@id\":\"https:\\\/\\\/www.reclamador.es\\\/blog\\\/#\\\/schema\\\/person\\\/1ed83eef8b6566cb5e4c812d9bc5c4bf\"},\"headline\":\"Viajeros afectados por cancelaciones de vuelos por Covid-19: \u00bfreembolso del billete o vales y cambios?\",\"datePublished\":\"2020-03-26T11:15:06+00:00\",\"dateModified\":\"2024-11-15T10:04:16+00:00\",\"mainEntityOfPage\":{\"@id\":\"https:\\\/\\\/www.reclamador.es\\\/blog\\\/cancelaciones-vuelos-covid-19-reclamar-reembolso-de-billetes-de-avion\\\/\"},\"wordCount\":355,\"commentCount\":366,\"publisher\":{\"@id\":\"https:\\\/\\\/www.reclamador.es\\\/blog\\\/#organization\"},\"image\":{\"@id\":\"https:\\\/\\\/www.reclamador.es\\\/blog\\\/cancelaciones-vuelos-covid-19-reclamar-reembolso-de-billetes-de-avion\\\/#primaryimage\"},\"thumbnailUrl\":\"https:\\\/\\\/i0.wp.com\\\/www.reclamador.es\\\/blog\\\/wp-content\\\/uploads\\\/2020\\\/03\\\/cancelacion-vuelo-por-coronavirus_destacada.jpg?fit=800%2C419&ssl=1\",\"keywords\":[\"aerol\u00edneas\",\"cancelaci\u00f3n\",\"reembolso\"],\"articleSection\":[\"Noticias y actualidad\"],\"inLanguage\":\"es\",\"potentialAction\":[{\"@type\":\"CommentAction\",\"name\":\"Comment\",\"target\":[\"https:\\\/\\\/www.reclamador.es\\\/blog\\\/cancelaciones-vuelos-covid-19-reclamar-reembolso-de-billetes-de-avion\\\/#respond\"]}]},{\"@type\":\"WebPage\",\"@id\":\"https:\\\/\\\/www.reclamador.es\\\/blog\\\/cancelaciones-vuelos-covid-19-reclamar-reembolso-de-billetes-de-avion\\\/\",\"url\":\"https:\\\/\\\/www.reclamador.es\\\/blog\\\/cancelaciones-vuelos-covid-19-reclamar-reembolso-de-billetes-de-avion\\\/\",\"name\":\"Pandemia COVID-19: Reembolso de billetes de avi\u00f3n por cancelaciones\",\"isPartOf\":{\"@id\":\"https:\\\/\\\/www.reclamador.es\\\/blog\\\/#website\"},\"primaryImageOfPage\":{\"@id\":\"https:\\\/\\\/www.reclamador.es\\\/blog\\\/cancelaciones-vuelos-covid-19-reclamar-reembolso-de-billetes-de-avion\\\/#primaryimage\"},\"image\":{\"@id\":\"https:\\\/\\\/www.reclamador.es\\\/blog\\\/cancelaciones-vuelos-covid-19-reclamar-reembolso-de-billetes-de-avion\\\/#primaryimage\"},\"thumbnailUrl\":\"https:\\\/\\\/i0.wp.com\\\/www.reclamador.es\\\/blog\\\/wp-content\\\/uploads\\\/2020\\\/03\\\/cancelacion-vuelo-por-coronavirus_destacada.jpg?fit=800%2C419&ssl=1\",\"datePublished\":\"2020-03-26T11:15:06+00:00\",\"dateModified\":\"2024-11-15T10:04:16+00:00\",\"description\":\"Si no quieres aceptar el vale de la aerol\u00ednea por cancelaci\u00f3n de viaje como consecuencia del coronavirus, reclama el reembolso de billetes de avi\u00f3n\",\"breadcrumb\":{\"@id\":\"https:\\\/\\\/www.reclamador.es\\\/blog\\\/cancelaciones-vuelos-covid-19-reclamar-reembolso-de-billetes-de-avion\\\/#breadcrumb\"},\"inLanguage\":\"es\",\"potentialAction\":[{\"@type\":\"ReadAction\",\"target\":[\"https:\\\/\\\/www.reclamador.es\\\/blog\\\/cancelaciones-vuelos-covid-19-reclamar-reembolso-de-billetes-de-avion\\\/\"]}]},{\"@type\":\"ImageObject\",\"inLanguage\":\"es\",\"@id\":\"https:\\\/\\\/www.reclamador.es\\\/blog\\\/cancelaciones-vuelos-covid-19-reclamar-reembolso-de-billetes-de-avion\\\/#primaryimage\",\"url\":\"https:\\\/\\\/i0.wp.com\\\/www.reclamador.es\\\/blog\\\/wp-content\\\/uploads\\\/2020\\\/03\\\/cancelacion-vuelo-por-coronavirus_destacada.jpg?fit=800%2C419&ssl=1\",\"contentUrl\":\"https:\\\/\\\/i0.wp.com\\\/www.reclamador.es\\\/blog\\\/wp-content\\\/uploads\\\/2020\\\/03\\\/cancelacion-vuelo-por-coronavirus_destacada.jpg?fit=800%2C419&ssl=1\",\"width\":800,\"height\":419,\"caption\":\"devoluci\u00f3n coronavirus\"},{\"@type\":\"BreadcrumbList\",\"@id\":\"https:\\\/\\\/www.reclamador.es\\\/blog\\\/cancelaciones-vuelos-covid-19-reclamar-reembolso-de-billetes-de-avion\\\/#breadcrumb\",\"itemListElement\":[{\"@type\":\"ListItem\",\"position\":1,\"name\":\"Portada\",\"item\":\"https:\\\/\\\/www.reclamador.es\\\/blog\\\/\"},{\"@type\":\"ListItem\",\"position\":2,\"name\":\"Viajeros afectados por cancelaciones de vuelos por Covid-19: \u00bfreembolso del billete o vales y cambios?\"}]},{\"@type\":\"WebSite\",\"@id\":\"https:\\\/\\\/www.reclamador.es\\\/blog\\\/#website\",\"url\":\"https:\\\/\\\/www.reclamador.es\\\/blog\\\/\",\"name\":\"Rebeldes con causa, el blog de reclamador.es\",\"description\":\"Noticias, entrevistas y consejos sobre reclamaciones\",\"publisher\":{\"@id\":\"https:\\\/\\\/www.reclamador.es\\\/blog\\\/#organization\"},\"potentialAction\":[{\"@type\":\"SearchAction\",\"target\":{\"@type\":\"EntryPoint\",\"urlTemplate\":\"https:\\\/\\\/www.reclamador.es\\\/blog\\\/?s={search_term_string}\"},\"query-input\":{\"@type\":\"PropertyValueSpecification\",\"valueRequired\":true,\"valueName\":\"search_term_string\"}}],\"inLanguage\":\"es\"},{\"@type\":\"Organization\",\"@id\":\"https:\\\/\\\/www.reclamador.es\\\/blog\\\/#organization\",\"name\":\"reclamador.es\",\"url\":\"https:\\\/\\\/www.reclamador.es\\\/blog\\\/\",\"logo\":{\"@type\":\"ImageObject\",\"inLanguage\":\"es\",\"@id\":\"https:\\\/\\\/www.reclamador.es\\\/blog\\\/#\\\/schema\\\/logo\\\/image\\\/\",\"url\":\"https:\\\/\\\/i0.wp.com\\\/www.reclamador.es\\\/blog\\\/wp-content\\\/uploads\\\/2020\\\/01\\\/logo-reclamador.png?fit=1200%2C144&ssl=1\",\"contentUrl\":\"https:\\\/\\\/i0.wp.com\\\/www.reclamador.es\\\/blog\\\/wp-content\\\/uploads\\\/2020\\\/01\\\/logo-reclamador.png?fit=1200%2C144&ssl=1\",\"width\":1200,\"height\":144,\"caption\":\"reclamador.es\"},\"image\":{\"@id\":\"https:\\\/\\\/www.reclamador.es\\\/blog\\\/#\\\/schema\\\/logo\\\/image\\\/\"},\"sameAs\":[\"https:\\\/\\\/www.facebook.com\\\/reclamador.es\",\"https:\\\/\\\/x.com\\\/reclamador\",\"https:\\\/\\\/www.instagram.com\\\/reclamador.es\\\/\",\"https:\\\/\\\/www.linkedin.com\\\/company\\\/reclamador-es\",\"https:\\\/\\\/www.youtube.com\\\/user\\\/Reclamadores\"]},{\"@type\":\"Person\",\"@id\":\"https:\\\/\\\/www.reclamador.es\\\/blog\\\/#\\\/schema\\\/person\\\/1ed83eef8b6566cb5e4c812d9bc5c4bf\",\"name\":\"Equipo reclamador\",\"image\":{\"@type\":\"ImageObject\",\"inLanguage\":\"es\",\"@id\":\"https:\\\/\\\/secure.gravatar.com\\\/avatar\\\/6442ecdc2c4472c600c113f34d340feca47107d6aa4f42f1e3e75a2a8e28a760?s=96&d=mm&r=g\",\"url\":\"https:\\\/\\\/secure.gravatar.com\\\/avatar\\\/6442ecdc2c4472c600c113f34d340feca47107d6aa4f42f1e3e75a2a8e28a760?s=96&d=mm&r=g\",\"contentUrl\":\"https:\\\/\\\/secure.gravatar.com\\\/avatar\\\/6442ecdc2c4472c600c113f34d340feca47107d6aa4f42f1e3e75a2a8e28a760?s=96&d=mm&r=g\",\"caption\":\"Equipo reclamador\"},\"description\":\"Las personas que hacen posible reclamador.es\",\"url\":\"https:\\\/\\\/www.reclamador.es\\\/blog\\\/author\\\/administrador\\\/\"}]}<\/script>\n<!-- \/ Yoast SEO plugin. -->","yoast_head_json":{"title":"Pandemia COVID-19: Reembolso de billetes de avi\u00f3n por cancelaciones","description":"Si no quieres aceptar el vale de la aerol\u00ednea por cancelaci\u00f3n de viaje como consecuencia del coronavirus, reclama el reembolso de billetes de avi\u00f3n","robots":{"index":"index","follow":"follow","max-snippet":"max-snippet:-1","max-image-preview":"max-image-preview:large","max-video-preview":"max-video-preview:-1"},"canonical":"https:\/\/www.reclamador.es\/blog\/cancelaciones-vuelos-covid-19-reclamar-reembolso-de-billetes-de-avion\/","og_locale":"es_ES","og_type":"article","og_title":"Pandemia COVID-19: Reembolso de billetes de avi\u00f3n por cancelaciones","og_description":"Si no quieres aceptar el vale de la aerol\u00ednea por cancelaci\u00f3n de viaje como consecuencia del coronavirus, reclama el reembolso de billetes de avi\u00f3n","og_url":"https:\/\/www.reclamador.es\/blog\/cancelaciones-vuelos-covid-19-reclamar-reembolso-de-billetes-de-avion\/","og_site_name":"Rebeldes con causa, el blog de reclamador.es","article_publisher":"https:\/\/www.facebook.com\/reclamador.es","article_published_time":"2020-03-26T11:15:06+00:00","article_modified_time":"2024-11-15T10:04:16+00:00","og_image":[{"width":800,"height":419,"url":"https:\/\/www.reclamador.es\/blog\/wp-content\/uploads\/2020\/03\/cancelacion-vuelo-por-coronavirus_destacada.jpg","type":"image\/jpeg"}],"author":"Equipo reclamador","twitter_card":"summary_large_image","twitter_creator":"@reclamador","twitter_site":"@reclamador","twitter_misc":{"Escrito por":"Equipo reclamador","Tiempo de lectura":"2 minutos"},"schema":{"@context":"https:\/\/schema.org","@graph":[{"@type":"Article","@id":"https:\/\/www.reclamador.es\/blog\/cancelaciones-vuelos-covid-19-reclamar-reembolso-de-billetes-de-avion\/#article","isPartOf":{"@id":"https:\/\/www.reclamador.es\/blog\/cancelaciones-vuelos-covid-19-reclamar-reembolso-de-billetes-de-avion\/"},"author":{"name":"Equipo reclamador","@id":"https:\/\/www.reclamador.es\/blog\/#\/schema\/person\/1ed83eef8b6566cb5e4c812d9bc5c4bf"},"headline":"Viajeros afectados por cancelaciones de vuelos por Covid-19: \u00bfreembolso del billete o vales y cambios?","datePublished":"2020-03-26T11:15:06+00:00","dateModified":"2024-11-15T10:04:16+00:00","mainEntityOfPage":{"@id":"https:\/\/www.reclamador.es\/blog\/cancelaciones-vuelos-covid-19-reclamar-reembolso-de-billetes-de-avion\/"},"wordCount":355,"commentCount":366,"publisher":{"@id":"https:\/\/www.reclamador.es\/blog\/#organization"},"image":{"@id":"https:\/\/www.reclamador.es\/blog\/cancelaciones-vuelos-covid-19-reclamar-reembolso-de-billetes-de-avion\/#primaryimage"},"thumbnailUrl":"https:\/\/i0.wp.com\/www.reclamador.es\/blog\/wp-content\/uploads\/2020\/03\/cancelacion-vuelo-por-coronavirus_destacada.jpg?fit=800%2C419&ssl=1","keywords":["aerol\u00edneas","cancelaci\u00f3n","reembolso"],"articleSection":["Noticias y actualidad"],"inLanguage":"es","potentialAction":[{"@type":"CommentAction","name":"Comment","target":["https:\/\/www.reclamador.es\/blog\/cancelaciones-vuelos-covid-19-reclamar-reembolso-de-billetes-de-avion\/#respond"]}]},{"@type":"WebPage","@id":"https:\/\/www.reclamador.es\/blog\/cancelaciones-vuelos-covid-19-reclamar-reembolso-de-billetes-de-avion\/","url":"https:\/\/www.reclamador.es\/blog\/cancelaciones-vuelos-covid-19-reclamar-reembolso-de-billetes-de-avion\/","name":"Pandemia COVID-19: Reembolso de billetes de avi\u00f3n por cancelaciones","isPartOf":{"@id":"https:\/\/www.reclamador.es\/blog\/#website"},"primaryImageOfPage":{"@id":"https:\/\/www.reclamador.es\/blog\/cancelaciones-vuelos-covid-19-reclamar-reembolso-de-billetes-de-avion\/#primaryimage"},"image":{"@id":"https:\/\/www.reclamador.es\/blog\/cancelaciones-vuelos-covid-19-reclamar-reembolso-de-billetes-de-avion\/#primaryimage"},"thumbnailUrl":"https:\/\/i0.wp.com\/www.reclamador.es\/blog\/wp-content\/uploads\/2020\/03\/cancelacion-vuelo-por-coronavirus_destacada.jpg?fit=800%2C419&ssl=1","datePublished":"2020-03-26T11:15:06+00:00","dateModified":"2024-11-15T10:04:16+00:00","description":"Si no quieres aceptar el vale de la aerol\u00ednea por cancelaci\u00f3n de viaje como consecuencia del coronavirus, reclama el reembolso de billetes de avi\u00f3n","breadcrumb":{"@id":"https:\/\/www.reclamador.es\/blog\/cancelaciones-vuelos-covid-19-reclamar-reembolso-de-billetes-de-avion\/#breadcrumb"},"inLanguage":"es","potentialAction":[{"@type":"ReadAction","target":["https:\/\/www.reclamador.es\/blog\/cancelaciones-vuelos-covid-19-reclamar-reembolso-de-billetes-de-avion\/"]}]},{"@type":"ImageObject","inLanguage":"es","@id":"https:\/\/www.reclamador.es\/blog\/cancelaciones-vuelos-covid-19-reclamar-reembolso-de-billetes-de-avion\/#primaryimage","url":"https:\/\/i0.wp.com\/www.reclamador.es\/blog\/wp-content\/uploads\/2020\/03\/cancelacion-vuelo-por-coronavirus_destacada.jpg?fit=800%2C419&ssl=1","contentUrl":"https:\/\/i0.wp.com\/www.reclamador.es\/blog\/wp-content\/uploads\/2020\/03\/cancelacion-vuelo-por-coronavirus_destacada.jpg?fit=800%2C419&ssl=1","width":800,"height":419,"caption":"devoluci\u00f3n coronavirus"},{"@type":"BreadcrumbList","@id":"https:\/\/www.reclamador.es\/blog\/cancelaciones-vuelos-covid-19-reclamar-reembolso-de-billetes-de-avion\/#breadcrumb","itemListElement":[{"@type":"ListItem","position":1,"name":"Portada","item":"https:\/\/www.reclamador.es\/blog\/"},{"@type":"ListItem","position":2,"name":"Viajeros afectados por cancelaciones de vuelos por Covid-19: \u00bfreembolso del billete o vales y cambios?"}]},{"@type":"WebSite","@id":"https:\/\/www.reclamador.es\/blog\/#website","url":"https:\/\/www.reclamador.es\/blog\/","name":"Rebeldes con causa, el blog de reclamador.es","description":"Noticias, entrevistas y consejos sobre reclamaciones","publisher":{"@id":"https:\/\/www.reclamador.es\/blog\/#organization"},"potentialAction":[{"@type":"SearchAction","target":{"@type":"EntryPoint","urlTemplate":"https:\/\/www.reclamador.es\/blog\/?s={search_term_string}"},"query-input":{"@type":"PropertyValueSpecification","valueRequired":true,"valueName":"search_term_string"}}],"inLanguage":"es"},{"@type":"Organization","@id":"https:\/\/www.reclamador.es\/blog\/#organization","name":"reclamador.es","url":"https:\/\/www.reclamador.es\/blog\/","logo":{"@type":"ImageObject","inLanguage":"es","@id":"https:\/\/www.reclamador.es\/blog\/#\/schema\/logo\/image\/","url":"https:\/\/i0.wp.com\/www.reclamador.es\/blog\/wp-content\/uploads\/2020\/01\/logo-reclamador.png?fit=1200%2C144&ssl=1","contentUrl":"https:\/\/i0.wp.com\/www.reclamador.es\/blog\/wp-content\/uploads\/2020\/01\/logo-reclamador.png?fit=1200%2C144&ssl=1","width":1200,"height":144,"caption":"reclamador.es"},"image":{"@id":"https:\/\/www.reclamador.es\/blog\/#\/schema\/logo\/image\/"},"sameAs":["https:\/\/www.facebook.com\/reclamador.es","https:\/\/x.com\/reclamador","https:\/\/www.instagram.com\/reclamador.es\/","https:\/\/www.linkedin.com\/company\/reclamador-es","https:\/\/www.youtube.com\/user\/Reclamadores"]},{"@type":"Person","@id":"https:\/\/www.reclamador.es\/blog\/#\/schema\/person\/1ed83eef8b6566cb5e4c812d9bc5c4bf","name":"Equipo reclamador","image":{"@type":"ImageObject","inLanguage":"es","@id":"https:\/\/secure.gravatar.com\/avatar\/6442ecdc2c4472c600c113f34d340feca47107d6aa4f42f1e3e75a2a8e28a760?s=96&d=mm&r=g","url":"https:\/\/secure.gravatar.com\/avatar\/6442ecdc2c4472c600c113f34d340feca47107d6aa4f42f1e3e75a2a8e28a760?s=96&d=mm&r=g","contentUrl":"https:\/\/secure.gravatar.com\/avatar\/6442ecdc2c4472c600c113f34d340feca47107d6aa4f42f1e3e75a2a8e28a760?s=96&d=mm&r=g","caption":"Equipo reclamador"},"description":"Las personas que hacen posible reclamador.es","url":"https:\/\/www.reclamador.es\/blog\/author\/administrador\/"}]}},"jetpack_featured_media_url":"https:\/\/i0.wp.com\/www.reclamador.es\/blog\/wp-content\/uploads\/2020\/03\/cancelacion-vuelo-por-coronavirus_destacada.jpg?fit=800%2C419&ssl=1","jetpack-related-posts":[{"id":29862,"url":"https:\/\/www.reclamador.es\/blog\/viajeros-obligados-bono-reclamar-reembolso-billete\/","url_meta":{"origin":24689,"position":0},"title":"\u00bfQu\u00e9 pasa ahora con los bonos sin usar que la aerol\u00ednea oblig\u00f3 a coger por los vuelos cancelados en la pandemia?","author":"Equipo reclamador","date":"31 mayo, 2022","format":false,"excerpt":"*Contenido actualizado junio 2023 Durante las diferentes olas de la Covid-19 fueron miles los pasajeros a\u00e9reos que sufrieron la cancelaci\u00f3n de su vuelo y que, pese a que su idea era en aquel momento optar por el reembolso del billete de avi\u00f3n cancelado, tuvieron que aceptar el bono o voucher\u2026","rel":"","context":"En \u00abConsejos legales\u00bb","block_context":{"text":"Consejos legales","link":"https:\/\/www.reclamador.es\/blog\/consejos\/"},"img":{"alt_text":"bono de aerolinea que caduca sin usar - reclamar reembolso del billete","src":"https:\/\/i0.wp.com\/www.reclamador.es\/blog\/wp-content\/uploads\/2022\/05\/bono-caducado-reembolso-del-billete-avion.jpg?fit=1199%2C683&ssl=1&resize=350%2C200","width":350,"height":200,"srcset":"https:\/\/i0.wp.com\/www.reclamador.es\/blog\/wp-content\/uploads\/2022\/05\/bono-caducado-reembolso-del-billete-avion.jpg?fit=1199%2C683&ssl=1&resize=350%2C200 1x, https:\/\/i0.wp.com\/www.reclamador.es\/blog\/wp-content\/uploads\/2022\/05\/bono-caducado-reembolso-del-billete-avion.jpg?fit=1199%2C683&ssl=1&resize=525%2C300 1.5x, https:\/\/i0.wp.com\/www.reclamador.es\/blog\/wp-content\/uploads\/2022\/05\/bono-caducado-reembolso-del-billete-avion.jpg?fit=1199%2C683&ssl=1&resize=700%2C400 2x, https:\/\/i0.wp.com\/www.reclamador.es\/blog\/wp-content\/uploads\/2022\/05\/bono-caducado-reembolso-del-billete-avion.jpg?fit=1199%2C683&ssl=1&resize=1050%2C600 3x"},"classes":[]},{"id":25208,"url":"https:\/\/www.reclamador.es\/blog\/reembolso-vuelo-no-cancelado-coronavirus\/","url_meta":{"origin":24689,"position":1},"title":"\u00bfCorresponde reembolso del dinero (o voucher) de un vuelo no cancelado durante el estado de alarma?","author":"Equipo reclamador","date":"7 mayo, 2020","format":false,"excerpt":"Son numerosas las consultas que d\u00eda a d\u00eda gestionamos en reclamador.es relacionadas con dudas de viajeros por sus vacaciones y desplazamientos en avi\u00f3n y que hemos ido resolviendo con la mayor claridad posible. Por ejemplo, hemos dado respuesta a qu\u00e9 pasa ahora con los viajes combinados o qu\u00e9 pod\u00edan hacer\u2026","rel":"","context":"En \u00abConsejos legales\u00bb","block_context":{"text":"Consejos legales","link":"https:\/\/www.reclamador.es\/blog\/consejos\/"},"img":{"alt_text":"reembolso vuelo no cancelado en estado de alarma","src":"https:\/\/i0.wp.com\/www.reclamador.es\/blog\/wp-content\/uploads\/2020\/05\/vuelo-no-cancelado-estado-alarma_destacado.jpg?fit=1200%2C629&ssl=1&resize=350%2C200","width":350,"height":200,"srcset":"https:\/\/i0.wp.com\/www.reclamador.es\/blog\/wp-content\/uploads\/2020\/05\/vuelo-no-cancelado-estado-alarma_destacado.jpg?fit=1200%2C629&ssl=1&resize=350%2C200 1x, https:\/\/i0.wp.com\/www.reclamador.es\/blog\/wp-content\/uploads\/2020\/05\/vuelo-no-cancelado-estado-alarma_destacado.jpg?fit=1200%2C629&ssl=1&resize=525%2C300 1.5x, https:\/\/i0.wp.com\/www.reclamador.es\/blog\/wp-content\/uploads\/2020\/05\/vuelo-no-cancelado-estado-alarma_destacado.jpg?fit=1200%2C629&ssl=1&resize=700%2C400 2x, https:\/\/i0.wp.com\/www.reclamador.es\/blog\/wp-content\/uploads\/2020\/05\/vuelo-no-cancelado-estado-alarma_destacado.jpg?fit=1200%2C629&ssl=1&resize=1050%2C600 3x"},"classes":[]},{"id":30032,"url":"https:\/\/www.reclamador.es\/blog\/sentencias-favorables-reembolso-vuelos-cancelados-confinamiento\/","url_meta":{"origin":24689,"position":2},"title":"Las sentencias favorables a los viajeros por vuelos cancelados durante el confinamiento siguen llegando","author":"Jorge Ramos","date":"6 septiembre, 2022","format":false,"excerpt":"*Contenido actualizado junio 2023 Han pasado ya muchos meses desde que se produjeran los confinamientos domiciliarios o dentro de determinadas demarcaciones territoriales como consecuencia de la Covid-19, pero las batallas contra las aerol\u00edneas, por las cancelaciones de vuelo, siguen en los juzgados.\u00a0 Las compa\u00f1\u00edas a\u00e9reas se negaban a reembolsar los\u2026","rel":"","context":"En \u00abNoticias y actualidad\u00bb","block_context":{"text":"Noticias y actualidad","link":"https:\/\/www.reclamador.es\/blog\/noticias\/"},"img":{"alt_text":"sentencias favorables reembolso","src":"https:\/\/i0.wp.com\/www.reclamador.es\/blog\/wp-content\/uploads\/2022\/09\/sentencias-favorables-reembolso-thai-airways-reclamador.jpg?fit=1200%2C660&ssl=1&resize=350%2C200","width":350,"height":200,"srcset":"https:\/\/i0.wp.com\/www.reclamador.es\/blog\/wp-content\/uploads\/2022\/09\/sentencias-favorables-reembolso-thai-airways-reclamador.jpg?fit=1200%2C660&ssl=1&resize=350%2C200 1x, https:\/\/i0.wp.com\/www.reclamador.es\/blog\/wp-content\/uploads\/2022\/09\/sentencias-favorables-reembolso-thai-airways-reclamador.jpg?fit=1200%2C660&ssl=1&resize=525%2C300 1.5x, https:\/\/i0.wp.com\/www.reclamador.es\/blog\/wp-content\/uploads\/2022\/09\/sentencias-favorables-reembolso-thai-airways-reclamador.jpg?fit=1200%2C660&ssl=1&resize=700%2C400 2x, https:\/\/i0.wp.com\/www.reclamador.es\/blog\/wp-content\/uploads\/2022\/09\/sentencias-favorables-reembolso-thai-airways-reclamador.jpg?fit=1200%2C660&ssl=1&resize=1050%2C600 3x"},"classes":[]},{"id":25445,"url":"https:\/\/www.reclamador.es\/blog\/accion-de-cesacion-ministerio-consumo-frente-aerolineas-por-reembolso\/","url_meta":{"origin":24689,"position":3},"title":"\u00bfQu\u00e9 supone la acci\u00f3n de cesaci\u00f3n del Ministerio de Consumo a 17 aerol\u00edneas por el reembolso de vuelos cancelados?","author":"Almudena Vel\u00e1zquez","date":"4 junio, 2020","format":false,"excerpt":"*Actualizado a fecha 16\/01\/2023 Tras conocerse la noticia de la acci\u00f3n de cesaci\u00f3n que realizar\u00e1 el Ministerio de Consumo espa\u00f1ol frente a 17 aerol\u00edneas por no informar de la posibilidad de reembolso en los vuelos cancelados por el coronavirus, en reclamador.es hemos analizado en qu\u00e9 consiste esta acci\u00f3n y qu\u00e9\u2026","rel":"","context":"En \u00abNoticias y actualidad\u00bb","block_context":{"text":"Noticias y actualidad","link":"https:\/\/www.reclamador.es\/blog\/noticias\/"},"img":{"alt_text":"An\u00e1lisis de las medidas frente a 17 aerol\u00edneas","src":"https:\/\/i0.wp.com\/www.reclamador.es\/blog\/wp-content\/uploads\/2020\/06\/Analisis-de-las-medidas-frente-a-17-aerolineas.jpg?fit=1200%2C675&ssl=1&resize=350%2C200","width":350,"height":200,"srcset":"https:\/\/i0.wp.com\/www.reclamador.es\/blog\/wp-content\/uploads\/2020\/06\/Analisis-de-las-medidas-frente-a-17-aerolineas.jpg?fit=1200%2C675&ssl=1&resize=350%2C200 1x, https:\/\/i0.wp.com\/www.reclamador.es\/blog\/wp-content\/uploads\/2020\/06\/Analisis-de-las-medidas-frente-a-17-aerolineas.jpg?fit=1200%2C675&ssl=1&resize=525%2C300 1.5x, https:\/\/i0.wp.com\/www.reclamador.es\/blog\/wp-content\/uploads\/2020\/06\/Analisis-de-las-medidas-frente-a-17-aerolineas.jpg?fit=1200%2C675&ssl=1&resize=700%2C400 2x, https:\/\/i0.wp.com\/www.reclamador.es\/blog\/wp-content\/uploads\/2020\/06\/Analisis-de-las-medidas-frente-a-17-aerolineas.jpg?fit=1200%2C675&ssl=1&resize=1050%2C600 3x"},"classes":[]},{"id":33759,"url":"https:\/\/www.reclamador.es\/blog\/excusas-de-las-aerolineas-para-no-indemnizar-retrasos-cancelaciones\/","url_meta":{"origin":24689,"position":4},"title":"Las excusas m\u00e1s usadas por las aerol\u00edneas para no indemnizar a sus viajeros","author":"Alicia Ria\u00f1o","date":"5 marzo, 2025","format":false,"excerpt":"Cuando un vuelo se retrasa m\u00e1s de 3 horas en llegar al destino o es cancelado con menos de 14 d\u00edas de antelaci\u00f3n, tienes derecho a una compensaci\u00f3n econ\u00f3mica de hasta 600 \u20ac m\u00e1s gastos extras acreditables, salvo que, ese retraso o esa cancelaci\u00f3n se derive de una circunstancia ajena\u2026","rel":"","context":"En \u00abConsejos legales\u00bb","block_context":{"text":"Consejos legales","link":"https:\/\/www.reclamador.es\/blog\/consejos\/"},"img":{"alt_text":"excusas de las aerol\u00edneas para no indemnizar a sus viajeris","src":"https:\/\/i0.wp.com\/www.reclamador.es\/blog\/wp-content\/uploads\/2025\/03\/las-excusas-mas-usadas-por-las-aerolineas-1200x630-1.jpg?fit=1200%2C630&ssl=1&resize=350%2C200","width":350,"height":200,"srcset":"https:\/\/i0.wp.com\/www.reclamador.es\/blog\/wp-content\/uploads\/2025\/03\/las-excusas-mas-usadas-por-las-aerolineas-1200x630-1.jpg?fit=1200%2C630&ssl=1&resize=350%2C200 1x, https:\/\/i0.wp.com\/www.reclamador.es\/blog\/wp-content\/uploads\/2025\/03\/las-excusas-mas-usadas-por-las-aerolineas-1200x630-1.jpg?fit=1200%2C630&ssl=1&resize=525%2C300 1.5x, https:\/\/i0.wp.com\/www.reclamador.es\/blog\/wp-content\/uploads\/2025\/03\/las-excusas-mas-usadas-por-las-aerolineas-1200x630-1.jpg?fit=1200%2C630&ssl=1&resize=700%2C400 2x, https:\/\/i0.wp.com\/www.reclamador.es\/blog\/wp-content\/uploads\/2025\/03\/las-excusas-mas-usadas-por-las-aerolineas-1200x630-1.jpg?fit=1200%2C630&ssl=1&resize=1050%2C600 3x"},"classes":[]},{"id":29693,"url":"https:\/\/www.reclamador.es\/blog\/alcanzamos-50-millones-euros-reclamaciones-aerolineas\/","url_meta":{"origin":24689,"position":5},"title":"Alcanzamos los 50 millones de euros reclamados a aerol\u00edneas","author":"Equipo reclamador","date":"17 mayo, 2022","format":false,"excerpt":"Vuestra confianza y nuestro trabajo tienen recompensa. En reclamador.es hemos alcanzado los 50 millones de euros reclamados a aerol\u00edneas desde nuestro origen por incidencias en vuelos (retrasos, cancelaciones, overbooking y problemas de equipaje) y estamos a punto de alcanzar las 99.000 reclamaciones a aerol\u00edneas resueltas desde 2012. Desde que se\u2026","rel":"","context":"En \u00abConoce todo lo que sucede en reclamador.es\u00bb","block_context":{"text":"Conoce todo lo que sucede en reclamador.es","link":"https:\/\/www.reclamador.es\/blog\/reclamadores\/"},"img":{"alt_text":"reclamador 50 millones de euros reclamados en reclamaciones a aerolineas","src":"https:\/\/i0.wp.com\/www.reclamador.es\/blog\/wp-content\/uploads\/2022\/05\/oficinas-reclamador.es-madrid-jpg.jpg?fit=1199%2C680&ssl=1&resize=350%2C200","width":350,"height":200,"srcset":"https:\/\/i0.wp.com\/www.reclamador.es\/blog\/wp-content\/uploads\/2022\/05\/oficinas-reclamador.es-madrid-jpg.jpg?fit=1199%2C680&ssl=1&resize=350%2C200 1x, https:\/\/i0.wp.com\/www.reclamador.es\/blog\/wp-content\/uploads\/2022\/05\/oficinas-reclamador.es-madrid-jpg.jpg?fit=1199%2C680&ssl=1&resize=525%2C300 1.5x, https:\/\/i0.wp.com\/www.reclamador.es\/blog\/wp-content\/uploads\/2022\/05\/oficinas-reclamador.es-madrid-jpg.jpg?fit=1199%2C680&ssl=1&resize=700%2C400 2x, https:\/\/i0.wp.com\/www.reclamador.es\/blog\/wp-content\/uploads\/2022\/05\/oficinas-reclamador.es-madrid-jpg.jpg?fit=1199%2C680&ssl=1&resize=1050%2C600 3x"},"classes":[]}],"jetpack_sharing_enabled":true,"_links":{"self":[{"href":"https:\/\/www.reclamador.es\/blog\/wp-json\/wp\/v2\/posts\/24689","targetHints":{"allow":["GET"]}}],"collection":[{"href":"https:\/\/www.reclamador.es\/blog\/wp-json\/wp\/v2\/posts"}],"about":[{"href":"https:\/\/www.reclamador.es\/blog\/wp-json\/wp\/v2\/types\/post"}],"author":[{"embeddable":true,"href":"https:\/\/www.reclamador.es\/blog\/wp-json\/wp\/v2\/users\/1"}],"replies":[{"embeddable":true,"href":"https:\/\/www.reclamador.es\/blog\/wp-json\/wp\/v2\/comments?post=24689"}],"version-history":[{"count":11,"href":"https:\/\/www.reclamador.es\/blog\/wp-json\/wp\/v2\/posts\/24689\/revisions"}],"predecessor-version":[{"id":33282,"href":"https:\/\/www.reclamador.es\/blog\/wp-json\/wp\/v2\/posts\/24689\/revisions\/33282"}],"wp:featuredmedia":[{"embeddable":true,"href":"https:\/\/www.reclamador.es\/blog\/wp-json\/wp\/v2\/media\/24705"}],"wp:attachment":[{"href":"https:\/\/www.reclamador.es\/blog\/wp-json\/wp\/v2\/media?parent=24689"}],"wp:term":[{"taxonomy":"category","embeddable":true,"href":"https:\/\/www.reclamador.es\/blog\/wp-json\/wp\/v2\/categories?post=24689"},{"taxonomy":"post_tag","embeddable":true,"href":"https:\/\/www.reclamador.es\/blog\/wp-json\/wp\/v2\/tags?post=24689"}],"curies":[{"name":"wp","href":"https:\/\/api.w.org\/{rel}","templated":true}]}}