{"id":24181,"date":"2024-11-12T11:50:00","date_gmt":"2024-11-12T10:50:00","guid":{"rendered":"https:\/\/www.reclamador.es\/blog\/?p=24181"},"modified":"2025-05-28T13:38:19","modified_gmt":"2025-05-28T11:38:19","slug":"por-que-poner-modo-avion-en-vuelo","status":"publish","type":"post","link":"https:\/\/www.reclamador.es\/blog\/por-que-poner-modo-avion-en-vuelo\/","title":{"rendered":"\u00bfQu\u00e9 pasa si no pones el modo avi\u00f3n en un vuelo?"},"content":{"rendered":"<div class=\"ttr_start\"><\/div>\n\n<div class=\"kk-star-ratings kksr-auto kksr-align-right kksr-valign-top\"\n    data-payload='{&quot;align&quot;:&quot;right&quot;,&quot;id&quot;:&quot;24181&quot;,&quot;slug&quot;:&quot;default&quot;,&quot;valign&quot;:&quot;top&quot;,&quot;ignore&quot;:&quot;&quot;,&quot;reference&quot;:&quot;auto&quot;,&quot;class&quot;:&quot;&quot;,&quot;count&quot;:&quot;6&quot;,&quot;legendonly&quot;:&quot;&quot;,&quot;readonly&quot;:&quot;&quot;,&quot;score&quot;:&quot;5&quot;,&quot;starsonly&quot;:&quot;&quot;,&quot;best&quot;:&quot;5&quot;,&quot;gap&quot;:&quot;3&quot;,&quot;greet&quot;:&quot;Valora este art\u00edculo&quot;,&quot;legend&quot;:&quot;5\\\/5 - (6 votos)&quot;,&quot;size&quot;:&quot;20&quot;,&quot;title&quot;:&quot;\u00bfQu\u00e9 pasa si no pones el modo avi\u00f3n en un vuelo?&quot;,&quot;width&quot;:&quot;113.5&quot;,&quot;_legend&quot;:&quot;{score}\\\/{best} - ({count} {votes})&quot;,&quot;font_factor&quot;:&quot;1.25&quot;}'>\n            \n<div class=\"kksr-stars\">\n    \n<div class=\"kksr-stars-inactive\">\n            <div class=\"kksr-star\" data-star=\"1\" style=\"padding-right: 3px\">\n            \n\n<div class=\"kksr-icon\" style=\"width: 20px; height: 20px;\"><\/div>\n        <\/div>\n            <div class=\"kksr-star\" data-star=\"2\" style=\"padding-right: 3px\">\n            \n\n<div class=\"kksr-icon\" style=\"width: 20px; height: 20px;\"><\/div>\n        <\/div>\n            <div class=\"kksr-star\" data-star=\"3\" style=\"padding-right: 3px\">\n            \n\n<div class=\"kksr-icon\" style=\"width: 20px; height: 20px;\"><\/div>\n        <\/div>\n            <div class=\"kksr-star\" data-star=\"4\" style=\"padding-right: 3px\">\n            \n\n<div class=\"kksr-icon\" style=\"width: 20px; height: 20px;\"><\/div>\n        <\/div>\n            <div class=\"kksr-star\" data-star=\"5\" style=\"padding-right: 3px\">\n            \n\n<div class=\"kksr-icon\" style=\"width: 20px; height: 20px;\"><\/div>\n        <\/div>\n    <\/div>\n    \n<div class=\"kksr-stars-active\" style=\"width: 113.5px;\">\n            <div class=\"kksr-star\" style=\"padding-right: 3px\">\n            \n\n<div class=\"kksr-icon\" style=\"width: 20px; height: 20px;\"><\/div>\n        <\/div>\n            <div class=\"kksr-star\" style=\"padding-right: 3px\">\n            \n\n<div class=\"kksr-icon\" style=\"width: 20px; height: 20px;\"><\/div>\n        <\/div>\n            <div class=\"kksr-star\" style=\"padding-right: 3px\">\n            \n\n<div class=\"kksr-icon\" style=\"width: 20px; height: 20px;\"><\/div>\n        <\/div>\n            <div class=\"kksr-star\" style=\"padding-right: 3px\">\n            \n\n<div class=\"kksr-icon\" style=\"width: 20px; height: 20px;\"><\/div>\n        <\/div>\n            <div class=\"kksr-star\" style=\"padding-right: 3px\">\n            \n\n<div class=\"kksr-icon\" style=\"width: 20px; height: 20px;\"><\/div>\n        <\/div>\n    <\/div>\n<\/div>\n                \n\n<div class=\"kksr-legend\" style=\"font-size: 16px;\">\n            5\/5 - (6 votos)    <\/div>\n    <\/div>\n\n<figure id=\"attachment_33259\" aria-describedby=\"caption-attachment-33259\" style=\"width: 1200px\" class=\"wp-caption aligncenter\"><img data-recalc-dims=\"1\" loading=\"lazy\" decoding=\"async\" class=\"size-full wp-image-33259\" src=\"https:\/\/i0.wp.com\/www.reclamador.es\/blog\/wp-content\/uploads\/2020\/01\/por-que-poner-modo-avion-en-un-vuelo-1200x630-1.jpg?resize=1200%2C630&#038;ssl=1\" alt=\"qu\u00e9 pasa si no pones el Modo avi\u00f3n en un vuelo\" width=\"1200\" height=\"630\" srcset=\"https:\/\/i0.wp.com\/www.reclamador.es\/blog\/wp-content\/uploads\/2020\/01\/por-que-poner-modo-avion-en-un-vuelo-1200x630-1.jpg?w=1200&amp;ssl=1 1200w, https:\/\/i0.wp.com\/www.reclamador.es\/blog\/wp-content\/uploads\/2020\/01\/por-que-poner-modo-avion-en-un-vuelo-1200x630-1.jpg?resize=800%2C420&amp;ssl=1 800w, https:\/\/i0.wp.com\/www.reclamador.es\/blog\/wp-content\/uploads\/2020\/01\/por-que-poner-modo-avion-en-un-vuelo-1200x630-1.jpg?resize=150%2C79&amp;ssl=1 150w, https:\/\/i0.wp.com\/www.reclamador.es\/blog\/wp-content\/uploads\/2020\/01\/por-que-poner-modo-avion-en-un-vuelo-1200x630-1.jpg?resize=768%2C403&amp;ssl=1 768w\" sizes=\"auto, (max-width: 1000px) 100vw, 1000px\" \/><figcaption id=\"caption-attachment-33259\" class=\"wp-caption-text\"><em>Modo avi\u00f3n en un vuelo<\/em><\/figcaption><\/figure>\n<p><span style=\"font-weight: 400;\">Nos ponemos en situaci\u00f3n. Pasas el <a href=\"https:\/\/www.reclamador.es\/blog\/trucos-pasar-rapido-control-de-seguridad-aeropuerto\/\">control de seguridad del aeropuerto<\/a>, haces la cola para embarcar en el avi\u00f3n, llegas a tu asiento, dejas tu maleta de mano y una vez han embarcado todos los pasajeros, los tripulantes de cabina comienzan a explicar las medidas de seguridad del avi\u00f3n junto con una grabaci\u00f3n. Esa misma grabaci\u00f3n indica, minutos antes de despegar, que todos los sistemas electr\u00f3nicos deben permanecer \"en modo vuelo\" o \"modo avi\u00f3n\" o bien apagarse. <strong>\u00bfPero por qu\u00e9 hay que poner el tel\u00e9fono en modo avi\u00f3n en un vuelo?\u00a0<\/strong><\/span><\/p>\n<p><span style=\"font-weight: 400;\">Si quieres conocer esta <a href=\"https:\/\/www.reclamador.es\/blog\/mitos-aviones-realidad\/\">curiosidad sobre los viajes en avi\u00f3n<\/a>, contin\u00faa leyendo.\u00a0<\/span><\/p>\n<h2><b>\u00bfPor qu\u00e9 poner el tel\u00e9fono en modo avi\u00f3n?\u00a0<\/b><\/h2>\n<p><span style=\"font-weight: 400;\">No es porque se pueda producir una combusti\u00f3n espont\u00e1nea o porque las ondas electromagn\u00e9ticas puedan ser gravemente perjudiciales para los sistemas operativos de la aeronave. Entonces, \u00bfpor qu\u00e9 poner el tel\u00e9fono en modo avi\u00f3n (y el resto de dispositivos electr\u00f3nicos)? Una de las principales razones por los que las <a href=\"https:\/\/www.reclamador.es\/aerolineas\/\"><strong>aerol\u00edneas<\/strong><\/a> piden poner el modo avi\u00f3n antes de despegar y durante todo el vuelo es porque producen <strong>interferencias en los sistemas de telecomunicaciones<\/strong>, generando ruidos intensos que, adem\u00e1s de ser muy molestos para los pilotos, puede impedirles recibir mensajes de alerta.\u00a0<\/span><\/p>\n<p><span style=\"font-weight: 400;\">El mayor problema de volar sin el modo avi\u00f3n en los dispositivos electr\u00f3nicos se dan en el despegue y aterrizaje. Si se producen esas interferencias en los sistemas de telecomunicaciones, <strong>los pilotos tienen realmente complicado escuchar las indicaciones de la torre de control<\/strong> del aeropuerto.\u00a0<\/span><\/p>\n<p>Por eso, siempre debes seguir las indicaciones de seguridad de la aerol\u00ednea.<\/p>\n<h2><b>Y cuando ya tengas conexi\u00f3n a Internet, recuerda reclamar tus derechos ante incidencias en el vuelo<\/b><\/h2>\n<p><span style=\"font-weight: 400;\">Si el vuelo llega con m\u00e1s de 3 horas de <strong><a href=\"https:\/\/www.reclamador.es\/aerolineas\/retraso-vuelo\/\">retraso<\/a><\/strong>, y no se trata de una circunstancia de fuerza mayor para la aerol\u00ednea, tienes derecho a solicitar una compensaci\u00f3n econ\u00f3mica. Tambi\u00e9n si has sufrido una denegaci\u00f3n de embarque por <strong><a href=\"https:\/\/www.reclamador.es\/aerolineas\/overbooking\/\">overbooking<\/a><\/strong> o si as sufrido <strong><a href=\"https:\/\/www.reclamador.es\/aerolineas\/problemas-equipaje\/\">problemas con el equipaje<\/a>.<\/strong> Incluso, si el vuelo no llegara a despegar porque la aerol\u00ednea lo cancela, tienes unos derechos que debes proteger.\u00a0<\/span><\/p>\n<p><span style=\"font-weight: 400;\">Nuestro consejo es que inicies tu reclamaci\u00f3n lo antes posible, pero no te preocupes, porque el plazo es de hasta 5 a\u00f1os para reclamar un retraso, cancelaci\u00f3n de vuelo u overbooking y de hasta 2 a\u00f1os si lo que quieres reclamar es la p\u00e9rdida o extrav\u00edo de tu maleta.<\/span><\/p>\n<p><span style=\"font-weight: 400;\">Si has sufrido una incidencia en un vuelo, cons\u00faltanos. Te diremos si tu reclamaci\u00f3n es viable y nos encargaremos de todo, hasta que consigas tu dinero. Todo ello sin necesidad de desplazamientos, el proceso es 100% online, solo tendr\u00e1s que completar un sencillo formulario y subir la documentaci\u00f3n necesaria, por ejemplo, si sufres la <strong><a href=\"https:\/\/www.reclamador.es\/aerolineas\/cancelacion-vuelo\/\">cancelaci\u00f3n del vuelo<\/a><\/strong> y por ello pierdes una noche de hotel, si nos env\u00edas el documento que acredite este da\u00f1o material, podremos reclamar en tu nombre a la compa\u00f1\u00eda a\u00e9rea que te devuelva ese importe junto con la compensaci\u00f3n econ\u00f3mica que recoge la normativa (entre 250 y 600 \u20ac, en funci\u00f3n de la distancia del vuelo).\u00a0<\/span><\/p>\n<h2 style=\"text-align: center;\"><a class=\"button-lead\" href=\"https:\/\/www.reclamador.es\/form\/complaint\/delay\/\" rel=\"nofollow\"><strong>Reclama el retraso de tu vuelo<\/strong><\/a><\/h2>\n<div class=\"ttr_end\"><\/div>","protected":false},"excerpt":{"rendered":"<p>Nos ponemos en situaci\u00f3n. Pasas el control de seguridad del aeropuerto, haces la cola para embarcar en el avi\u00f3n, llegas a tu asiento, dejas tu maleta de mano y una vez han embarcado todos los pasajeros, los tripulantes de cabina comienzan a explicar las medidas de seguridad del avi\u00f3n junto con una grabaci\u00f3n. Esa misma [&hellip;]<\/p>\n","protected":false},"author":28,"featured_media":33259,"comment_status":"open","ping_status":"open","sticky":false,"template":"","format":"standard","meta":{"_acf_changed":false,"_genesis_hide_title":false,"_genesis_hide_breadcrumbs":false,"_genesis_hide_singular_image":false,"_genesis_hide_footer_widgets":false,"_genesis_custom_body_class":"","_genesis_custom_post_class":"","_genesis_layout":"","_jetpack_newsletter_access":"","_jetpack_dont_email_post_to_subs":false,"_jetpack_newsletter_tier_id":0,"_jetpack_memberships_contains_paywalled_content":false,"_jetpack_memberships_contains_paid_content":false,"footnotes":""},"categories":[393],"tags":[380],"class_list":{"0":"post-24181","1":"post","2":"type-post","3":"status-publish","4":"format-standard","5":"has-post-thumbnail","7":"category-consejos","8":"tag-aerolineas","9":"entry"},"acf":[],"yoast_head":"<!-- This site is optimized with the Yoast SEO plugin v27.4 - https:\/\/yoast.com\/product\/yoast-seo-wordpress\/ -->\n<title>\u00bfPor qu\u00e9 poner el tel\u00e9fono en modo avi\u00f3n? Consecuencias<\/title>\n<meta name=\"description\" content=\"\u00bfConoces las consecuencias de no poner los dispositivos electr\u00f3nicos en modo vuelo en un avi\u00f3n? Descubr\u00e9 por qu\u00e9 poner el tel\u00e9fono en modo avi\u00f3n.\" \/>\n<meta name=\"robots\" content=\"index, follow, max-snippet:-1, max-image-preview:large, max-video-preview:-1\" \/>\n<link rel=\"canonical\" href=\"https:\/\/www.reclamador.es\/blog\/por-que-poner-modo-avion-en-vuelo\/\" \/>\n<meta property=\"og:locale\" content=\"es_ES\" \/>\n<meta property=\"og:type\" content=\"article\" \/>\n<meta property=\"og:title\" content=\"\u00bfPor qu\u00e9 poner el tel\u00e9fono en modo avi\u00f3n? Consecuencias\" \/>\n<meta property=\"og:description\" content=\"\u00bfConoces las consecuencias de no poner los dispositivos electr\u00f3nicos en modo vuelo en un avi\u00f3n? Descubr\u00e9 por qu\u00e9 poner el tel\u00e9fono en modo avi\u00f3n.\" \/>\n<meta property=\"og:url\" content=\"https:\/\/www.reclamador.es\/blog\/por-que-poner-modo-avion-en-vuelo\/\" \/>\n<meta property=\"og:site_name\" content=\"Rebeldes con causa, el blog de reclamador.es\" \/>\n<meta property=\"article:publisher\" content=\"https:\/\/www.facebook.com\/reclamador.es\" \/>\n<meta property=\"article:published_time\" content=\"2024-11-12T10:50:00+00:00\" \/>\n<meta property=\"article:modified_time\" content=\"2025-05-28T11:38:19+00:00\" \/>\n<meta property=\"og:image\" content=\"https:\/\/www.reclamador.es\/blog\/wp-content\/uploads\/2020\/01\/por-que-poner-modo-avion-en-un-vuelo-1200x630-1.jpg\" \/>\n\t<meta property=\"og:image:width\" content=\"1200\" \/>\n\t<meta property=\"og:image:height\" content=\"630\" \/>\n\t<meta property=\"og:image:type\" content=\"image\/jpeg\" \/>\n<meta name=\"author\" content=\"Alicia Ria\u00f1o\" \/>\n<meta name=\"twitter:card\" content=\"summary_large_image\" \/>\n<meta name=\"twitter:creator\" content=\"@reclamador\" \/>\n<meta name=\"twitter:site\" content=\"@reclamador\" \/>\n<meta name=\"twitter:label1\" content=\"Escrito por\" \/>\n\t<meta name=\"twitter:data1\" content=\"Alicia Ria\u00f1o\" \/>\n\t<meta name=\"twitter:label2\" content=\"Tiempo de lectura\" \/>\n\t<meta name=\"twitter:data2\" content=\"3 minutos\" \/>\n<script type=\"application\/ld+json\" class=\"yoast-schema-graph\">{\"@context\":\"https:\\\/\\\/schema.org\",\"@graph\":[{\"@type\":\"Article\",\"@id\":\"https:\\\/\\\/www.reclamador.es\\\/blog\\\/por-que-poner-modo-avion-en-vuelo\\\/#article\",\"isPartOf\":{\"@id\":\"https:\\\/\\\/www.reclamador.es\\\/blog\\\/por-que-poner-modo-avion-en-vuelo\\\/\"},\"author\":{\"name\":\"Alicia Ria\u00f1o\",\"@id\":\"https:\\\/\\\/www.reclamador.es\\\/blog\\\/#\\\/schema\\\/person\\\/2a9d121a6362255b8129c6fda9caffd5\"},\"headline\":\"\u00bfQu\u00e9 pasa si no pones el modo avi\u00f3n en un vuelo?\",\"datePublished\":\"2024-11-12T10:50:00+00:00\",\"dateModified\":\"2025-05-28T11:38:19+00:00\",\"mainEntityOfPage\":{\"@id\":\"https:\\\/\\\/www.reclamador.es\\\/blog\\\/por-que-poner-modo-avion-en-vuelo\\\/\"},\"wordCount\":576,\"commentCount\":0,\"publisher\":{\"@id\":\"https:\\\/\\\/www.reclamador.es\\\/blog\\\/#organization\"},\"image\":{\"@id\":\"https:\\\/\\\/www.reclamador.es\\\/blog\\\/por-que-poner-modo-avion-en-vuelo\\\/#primaryimage\"},\"thumbnailUrl\":\"https:\\\/\\\/i0.wp.com\\\/www.reclamador.es\\\/blog\\\/wp-content\\\/uploads\\\/2020\\\/01\\\/por-que-poner-modo-avion-en-un-vuelo-1200x630-1.jpg?fit=1200%2C630&ssl=1\",\"keywords\":[\"aerol\u00edneas\"],\"articleSection\":[\"Consejos legales\"],\"inLanguage\":\"es\",\"potentialAction\":[{\"@type\":\"CommentAction\",\"name\":\"Comment\",\"target\":[\"https:\\\/\\\/www.reclamador.es\\\/blog\\\/por-que-poner-modo-avion-en-vuelo\\\/#respond\"]}]},{\"@type\":\"WebPage\",\"@id\":\"https:\\\/\\\/www.reclamador.es\\\/blog\\\/por-que-poner-modo-avion-en-vuelo\\\/\",\"url\":\"https:\\\/\\\/www.reclamador.es\\\/blog\\\/por-que-poner-modo-avion-en-vuelo\\\/\",\"name\":\"\u00bfPor qu\u00e9 poner el tel\u00e9fono en modo avi\u00f3n? Consecuencias\",\"isPartOf\":{\"@id\":\"https:\\\/\\\/www.reclamador.es\\\/blog\\\/#website\"},\"primaryImageOfPage\":{\"@id\":\"https:\\\/\\\/www.reclamador.es\\\/blog\\\/por-que-poner-modo-avion-en-vuelo\\\/#primaryimage\"},\"image\":{\"@id\":\"https:\\\/\\\/www.reclamador.es\\\/blog\\\/por-que-poner-modo-avion-en-vuelo\\\/#primaryimage\"},\"thumbnailUrl\":\"https:\\\/\\\/i0.wp.com\\\/www.reclamador.es\\\/blog\\\/wp-content\\\/uploads\\\/2020\\\/01\\\/por-que-poner-modo-avion-en-un-vuelo-1200x630-1.jpg?fit=1200%2C630&ssl=1\",\"datePublished\":\"2024-11-12T10:50:00+00:00\",\"dateModified\":\"2025-05-28T11:38:19+00:00\",\"description\":\"\u00bfConoces las consecuencias de no poner los dispositivos electr\u00f3nicos en modo vuelo en un avi\u00f3n? Descubr\u00e9 por qu\u00e9 poner el tel\u00e9fono en modo avi\u00f3n.\",\"breadcrumb\":{\"@id\":\"https:\\\/\\\/www.reclamador.es\\\/blog\\\/por-que-poner-modo-avion-en-vuelo\\\/#breadcrumb\"},\"inLanguage\":\"es\",\"potentialAction\":[{\"@type\":\"ReadAction\",\"target\":[\"https:\\\/\\\/www.reclamador.es\\\/blog\\\/por-que-poner-modo-avion-en-vuelo\\\/\"]}]},{\"@type\":\"ImageObject\",\"inLanguage\":\"es\",\"@id\":\"https:\\\/\\\/www.reclamador.es\\\/blog\\\/por-que-poner-modo-avion-en-vuelo\\\/#primaryimage\",\"url\":\"https:\\\/\\\/i0.wp.com\\\/www.reclamador.es\\\/blog\\\/wp-content\\\/uploads\\\/2020\\\/01\\\/por-que-poner-modo-avion-en-un-vuelo-1200x630-1.jpg?fit=1200%2C630&ssl=1\",\"contentUrl\":\"https:\\\/\\\/i0.wp.com\\\/www.reclamador.es\\\/blog\\\/wp-content\\\/uploads\\\/2020\\\/01\\\/por-que-poner-modo-avion-en-un-vuelo-1200x630-1.jpg?fit=1200%2C630&ssl=1\",\"width\":1200,\"height\":630,\"caption\":\"Modo avi\u00f3n en un vuelo\"},{\"@type\":\"BreadcrumbList\",\"@id\":\"https:\\\/\\\/www.reclamador.es\\\/blog\\\/por-que-poner-modo-avion-en-vuelo\\\/#breadcrumb\",\"itemListElement\":[{\"@type\":\"ListItem\",\"position\":1,\"name\":\"Portada\",\"item\":\"https:\\\/\\\/www.reclamador.es\\\/blog\\\/\"},{\"@type\":\"ListItem\",\"position\":2,\"name\":\"\u00bfQu\u00e9 pasa si no pones el modo avi\u00f3n en un vuelo?\"}]},{\"@type\":\"WebSite\",\"@id\":\"https:\\\/\\\/www.reclamador.es\\\/blog\\\/#website\",\"url\":\"https:\\\/\\\/www.reclamador.es\\\/blog\\\/\",\"name\":\"Rebeldes con causa, el blog de reclamador.es\",\"description\":\"Noticias, entrevistas y consejos sobre reclamaciones\",\"publisher\":{\"@id\":\"https:\\\/\\\/www.reclamador.es\\\/blog\\\/#organization\"},\"potentialAction\":[{\"@type\":\"SearchAction\",\"target\":{\"@type\":\"EntryPoint\",\"urlTemplate\":\"https:\\\/\\\/www.reclamador.es\\\/blog\\\/?s={search_term_string}\"},\"query-input\":{\"@type\":\"PropertyValueSpecification\",\"valueRequired\":true,\"valueName\":\"search_term_string\"}}],\"inLanguage\":\"es\"},{\"@type\":\"Organization\",\"@id\":\"https:\\\/\\\/www.reclamador.es\\\/blog\\\/#organization\",\"name\":\"reclamador.es\",\"url\":\"https:\\\/\\\/www.reclamador.es\\\/blog\\\/\",\"logo\":{\"@type\":\"ImageObject\",\"inLanguage\":\"es\",\"@id\":\"https:\\\/\\\/www.reclamador.es\\\/blog\\\/#\\\/schema\\\/logo\\\/image\\\/\",\"url\":\"https:\\\/\\\/i0.wp.com\\\/www.reclamador.es\\\/blog\\\/wp-content\\\/uploads\\\/2020\\\/01\\\/logo-reclamador.png?fit=1200%2C144&ssl=1\",\"contentUrl\":\"https:\\\/\\\/i0.wp.com\\\/www.reclamador.es\\\/blog\\\/wp-content\\\/uploads\\\/2020\\\/01\\\/logo-reclamador.png?fit=1200%2C144&ssl=1\",\"width\":1200,\"height\":144,\"caption\":\"reclamador.es\"},\"image\":{\"@id\":\"https:\\\/\\\/www.reclamador.es\\\/blog\\\/#\\\/schema\\\/logo\\\/image\\\/\"},\"sameAs\":[\"https:\\\/\\\/www.facebook.com\\\/reclamador.es\",\"https:\\\/\\\/x.com\\\/reclamador\",\"https:\\\/\\\/www.instagram.com\\\/reclamador.es\\\/\",\"https:\\\/\\\/www.linkedin.com\\\/company\\\/reclamador-es\",\"https:\\\/\\\/www.youtube.com\\\/user\\\/Reclamadores\"]},{\"@type\":\"Person\",\"@id\":\"https:\\\/\\\/www.reclamador.es\\\/blog\\\/#\\\/schema\\\/person\\\/2a9d121a6362255b8129c6fda9caffd5\",\"name\":\"Alicia Ria\u00f1o\",\"image\":{\"@type\":\"ImageObject\",\"inLanguage\":\"es\",\"@id\":\"https:\\\/\\\/secure.gravatar.com\\\/avatar\\\/2915f7664bf5ed4baf932328fabfe761f32f21ec1b577e7d54a7fee6613de25f?s=96&d=mm&r=g\",\"url\":\"https:\\\/\\\/secure.gravatar.com\\\/avatar\\\/2915f7664bf5ed4baf932328fabfe761f32f21ec1b577e7d54a7fee6613de25f?s=96&d=mm&r=g\",\"contentUrl\":\"https:\\\/\\\/secure.gravatar.com\\\/avatar\\\/2915f7664bf5ed4baf932328fabfe761f32f21ec1b577e7d54a7fee6613de25f?s=96&d=mm&r=g\",\"caption\":\"Alicia Ria\u00f1o\"},\"description\":\"Periodista experta en comunicaci\u00f3n y marketing digital. Escribo para acercar la informaci\u00f3n legal de forma sencilla y comprensible a las personas.\",\"sameAs\":[\"https:\\\/\\\/www.linkedin.com\\\/in\\\/alicia-r-932a2959\"],\"url\":\"https:\\\/\\\/www.reclamador.es\\\/blog\\\/author\\\/alicia-riano\\\/\"}]}<\/script>\n<!-- \/ Yoast SEO plugin. -->","yoast_head_json":{"title":"\u00bfPor qu\u00e9 poner el tel\u00e9fono en modo avi\u00f3n? Consecuencias","description":"\u00bfConoces las consecuencias de no poner los dispositivos electr\u00f3nicos en modo vuelo en un avi\u00f3n? Descubr\u00e9 por qu\u00e9 poner el tel\u00e9fono en modo avi\u00f3n.","robots":{"index":"index","follow":"follow","max-snippet":"max-snippet:-1","max-image-preview":"max-image-preview:large","max-video-preview":"max-video-preview:-1"},"canonical":"https:\/\/www.reclamador.es\/blog\/por-que-poner-modo-avion-en-vuelo\/","og_locale":"es_ES","og_type":"article","og_title":"\u00bfPor qu\u00e9 poner el tel\u00e9fono en modo avi\u00f3n? Consecuencias","og_description":"\u00bfConoces las consecuencias de no poner los dispositivos electr\u00f3nicos en modo vuelo en un avi\u00f3n? Descubr\u00e9 por qu\u00e9 poner el tel\u00e9fono en modo avi\u00f3n.","og_url":"https:\/\/www.reclamador.es\/blog\/por-que-poner-modo-avion-en-vuelo\/","og_site_name":"Rebeldes con causa, el blog de reclamador.es","article_publisher":"https:\/\/www.facebook.com\/reclamador.es","article_published_time":"2024-11-12T10:50:00+00:00","article_modified_time":"2025-05-28T11:38:19+00:00","og_image":[{"width":1200,"height":630,"url":"https:\/\/www.reclamador.es\/blog\/wp-content\/uploads\/2020\/01\/por-que-poner-modo-avion-en-un-vuelo-1200x630-1.jpg","type":"image\/jpeg"}],"author":"Alicia Ria\u00f1o","twitter_card":"summary_large_image","twitter_creator":"@reclamador","twitter_site":"@reclamador","twitter_misc":{"Escrito por":"Alicia Ria\u00f1o","Tiempo de lectura":"3 minutos"},"schema":{"@context":"https:\/\/schema.org","@graph":[{"@type":"Article","@id":"https:\/\/www.reclamador.es\/blog\/por-que-poner-modo-avion-en-vuelo\/#article","isPartOf":{"@id":"https:\/\/www.reclamador.es\/blog\/por-que-poner-modo-avion-en-vuelo\/"},"author":{"name":"Alicia Ria\u00f1o","@id":"https:\/\/www.reclamador.es\/blog\/#\/schema\/person\/2a9d121a6362255b8129c6fda9caffd5"},"headline":"\u00bfQu\u00e9 pasa si no pones el modo avi\u00f3n en un vuelo?","datePublished":"2024-11-12T10:50:00+00:00","dateModified":"2025-05-28T11:38:19+00:00","mainEntityOfPage":{"@id":"https:\/\/www.reclamador.es\/blog\/por-que-poner-modo-avion-en-vuelo\/"},"wordCount":576,"commentCount":0,"publisher":{"@id":"https:\/\/www.reclamador.es\/blog\/#organization"},"image":{"@id":"https:\/\/www.reclamador.es\/blog\/por-que-poner-modo-avion-en-vuelo\/#primaryimage"},"thumbnailUrl":"https:\/\/i0.wp.com\/www.reclamador.es\/blog\/wp-content\/uploads\/2020\/01\/por-que-poner-modo-avion-en-un-vuelo-1200x630-1.jpg?fit=1200%2C630&ssl=1","keywords":["aerol\u00edneas"],"articleSection":["Consejos legales"],"inLanguage":"es","potentialAction":[{"@type":"CommentAction","name":"Comment","target":["https:\/\/www.reclamador.es\/blog\/por-que-poner-modo-avion-en-vuelo\/#respond"]}]},{"@type":"WebPage","@id":"https:\/\/www.reclamador.es\/blog\/por-que-poner-modo-avion-en-vuelo\/","url":"https:\/\/www.reclamador.es\/blog\/por-que-poner-modo-avion-en-vuelo\/","name":"\u00bfPor qu\u00e9 poner el tel\u00e9fono en modo avi\u00f3n? Consecuencias","isPartOf":{"@id":"https:\/\/www.reclamador.es\/blog\/#website"},"primaryImageOfPage":{"@id":"https:\/\/www.reclamador.es\/blog\/por-que-poner-modo-avion-en-vuelo\/#primaryimage"},"image":{"@id":"https:\/\/www.reclamador.es\/blog\/por-que-poner-modo-avion-en-vuelo\/#primaryimage"},"thumbnailUrl":"https:\/\/i0.wp.com\/www.reclamador.es\/blog\/wp-content\/uploads\/2020\/01\/por-que-poner-modo-avion-en-un-vuelo-1200x630-1.jpg?fit=1200%2C630&ssl=1","datePublished":"2024-11-12T10:50:00+00:00","dateModified":"2025-05-28T11:38:19+00:00","description":"\u00bfConoces las consecuencias de no poner los dispositivos electr\u00f3nicos en modo vuelo en un avi\u00f3n? Descubr\u00e9 por qu\u00e9 poner el tel\u00e9fono en modo avi\u00f3n.","breadcrumb":{"@id":"https:\/\/www.reclamador.es\/blog\/por-que-poner-modo-avion-en-vuelo\/#breadcrumb"},"inLanguage":"es","potentialAction":[{"@type":"ReadAction","target":["https:\/\/www.reclamador.es\/blog\/por-que-poner-modo-avion-en-vuelo\/"]}]},{"@type":"ImageObject","inLanguage":"es","@id":"https:\/\/www.reclamador.es\/blog\/por-que-poner-modo-avion-en-vuelo\/#primaryimage","url":"https:\/\/i0.wp.com\/www.reclamador.es\/blog\/wp-content\/uploads\/2020\/01\/por-que-poner-modo-avion-en-un-vuelo-1200x630-1.jpg?fit=1200%2C630&ssl=1","contentUrl":"https:\/\/i0.wp.com\/www.reclamador.es\/blog\/wp-content\/uploads\/2020\/01\/por-que-poner-modo-avion-en-un-vuelo-1200x630-1.jpg?fit=1200%2C630&ssl=1","width":1200,"height":630,"caption":"Modo avi\u00f3n en un vuelo"},{"@type":"BreadcrumbList","@id":"https:\/\/www.reclamador.es\/blog\/por-que-poner-modo-avion-en-vuelo\/#breadcrumb","itemListElement":[{"@type":"ListItem","position":1,"name":"Portada","item":"https:\/\/www.reclamador.es\/blog\/"},{"@type":"ListItem","position":2,"name":"\u00bfQu\u00e9 pasa si no pones el modo avi\u00f3n en un vuelo?"}]},{"@type":"WebSite","@id":"https:\/\/www.reclamador.es\/blog\/#website","url":"https:\/\/www.reclamador.es\/blog\/","name":"Rebeldes con causa, el blog de reclamador.es","description":"Noticias, entrevistas y consejos sobre reclamaciones","publisher":{"@id":"https:\/\/www.reclamador.es\/blog\/#organization"},"potentialAction":[{"@type":"SearchAction","target":{"@type":"EntryPoint","urlTemplate":"https:\/\/www.reclamador.es\/blog\/?s={search_term_string}"},"query-input":{"@type":"PropertyValueSpecification","valueRequired":true,"valueName":"search_term_string"}}],"inLanguage":"es"},{"@type":"Organization","@id":"https:\/\/www.reclamador.es\/blog\/#organization","name":"reclamador.es","url":"https:\/\/www.reclamador.es\/blog\/","logo":{"@type":"ImageObject","inLanguage":"es","@id":"https:\/\/www.reclamador.es\/blog\/#\/schema\/logo\/image\/","url":"https:\/\/i0.wp.com\/www.reclamador.es\/blog\/wp-content\/uploads\/2020\/01\/logo-reclamador.png?fit=1200%2C144&ssl=1","contentUrl":"https:\/\/i0.wp.com\/www.reclamador.es\/blog\/wp-content\/uploads\/2020\/01\/logo-reclamador.png?fit=1200%2C144&ssl=1","width":1200,"height":144,"caption":"reclamador.es"},"image":{"@id":"https:\/\/www.reclamador.es\/blog\/#\/schema\/logo\/image\/"},"sameAs":["https:\/\/www.facebook.com\/reclamador.es","https:\/\/x.com\/reclamador","https:\/\/www.instagram.com\/reclamador.es\/","https:\/\/www.linkedin.com\/company\/reclamador-es","https:\/\/www.youtube.com\/user\/Reclamadores"]},{"@type":"Person","@id":"https:\/\/www.reclamador.es\/blog\/#\/schema\/person\/2a9d121a6362255b8129c6fda9caffd5","name":"Alicia Ria\u00f1o","image":{"@type":"ImageObject","inLanguage":"es","@id":"https:\/\/secure.gravatar.com\/avatar\/2915f7664bf5ed4baf932328fabfe761f32f21ec1b577e7d54a7fee6613de25f?s=96&d=mm&r=g","url":"https:\/\/secure.gravatar.com\/avatar\/2915f7664bf5ed4baf932328fabfe761f32f21ec1b577e7d54a7fee6613de25f?s=96&d=mm&r=g","contentUrl":"https:\/\/secure.gravatar.com\/avatar\/2915f7664bf5ed4baf932328fabfe761f32f21ec1b577e7d54a7fee6613de25f?s=96&d=mm&r=g","caption":"Alicia Ria\u00f1o"},"description":"Periodista experta en comunicaci\u00f3n y marketing digital. Escribo para acercar la informaci\u00f3n legal de forma sencilla y comprensible a las personas.","sameAs":["https:\/\/www.linkedin.com\/in\/alicia-r-932a2959"],"url":"https:\/\/www.reclamador.es\/blog\/author\/alicia-riano\/"}]}},"jetpack_featured_media_url":"https:\/\/i0.wp.com\/www.reclamador.es\/blog\/wp-content\/uploads\/2020\/01\/por-que-poner-modo-avion-en-un-vuelo-1200x630-1.jpg?fit=1200%2C630&ssl=1","jetpack-related-posts":[{"id":31344,"url":"https:\/\/www.reclamador.es\/blog\/mitos-aviones-realidad\/","url_meta":{"origin":24181,"position":0},"title":"Desmitificando los viajes en avi\u00f3n: Mitos y realidades","author":"Alicia Ria\u00f1o","date":"26 enero, 2025","format":false,"excerpt":"\u00bfHas sentido alguna vez ese cosquilleo en el est\u00f3mago al pensar en volar en avi\u00f3n? No est\u00e1s solo. A pesar de ser uno de los medios de transporte m\u00e1s seguros y eficientes del mundo, existen numerosos mitos y malentendidos en torno a los viajes en avi\u00f3n que pueden causar ansiedad\u2026","rel":"","context":"En \u00abConsejos legales\u00bb","block_context":{"text":"Consejos legales","link":"https:\/\/www.reclamador.es\/blog\/consejos\/"},"img":{"alt_text":"mitos sobre aviones y viajar en avion","src":"https:\/\/i0.wp.com\/www.reclamador.es\/blog\/wp-content\/uploads\/2023\/09\/mitos-de-aviones-y-viajes-en-avion-reclamador.jpg?fit=1200%2C701&ssl=1&resize=350%2C200","width":350,"height":200,"srcset":"https:\/\/i0.wp.com\/www.reclamador.es\/blog\/wp-content\/uploads\/2023\/09\/mitos-de-aviones-y-viajes-en-avion-reclamador.jpg?fit=1200%2C701&ssl=1&resize=350%2C200 1x, https:\/\/i0.wp.com\/www.reclamador.es\/blog\/wp-content\/uploads\/2023\/09\/mitos-de-aviones-y-viajes-en-avion-reclamador.jpg?fit=1200%2C701&ssl=1&resize=525%2C300 1.5x, https:\/\/i0.wp.com\/www.reclamador.es\/blog\/wp-content\/uploads\/2023\/09\/mitos-de-aviones-y-viajes-en-avion-reclamador.jpg?fit=1200%2C701&ssl=1&resize=700%2C400 2x, https:\/\/i0.wp.com\/www.reclamador.es\/blog\/wp-content\/uploads\/2023\/09\/mitos-de-aviones-y-viajes-en-avion-reclamador.jpg?fit=1200%2C701&ssl=1&resize=1050%2C600 3x"},"classes":[]},{"id":20573,"url":"https:\/\/www.reclamador.es\/blog\/viajar-ninos-avion\/","url_meta":{"origin":24181,"position":1},"title":"Consejos b\u00e1sicos para viajar en avi\u00f3n con ni\u00f1os y beb\u00e9s","author":"Equipo reclamador","date":"15 mayo, 2024","format":false,"excerpt":"A la hora de planear una escapada con los m\u00e1s chiquitines, pueden surgir algunas dudas. \u00bfA partir de qu\u00e9 edad deben pagar el billete de avi\u00f3n? \u00bfSe deben facturar los carritos de beb\u00e9? \u00bfC\u00f3mo se hace? \u00bfPuedo reclamar una indemnizaci\u00f3n por retraso o cancelaci\u00f3n por ellos? En este post vamos\u2026","rel":"","context":"En \u00abConsejos legales\u00bb","block_context":{"text":"Consejos legales","link":"https:\/\/www.reclamador.es\/blog\/consejos\/"},"img":{"alt_text":"viajar con ni\u00f1os en avi\u00f3n","src":"https:\/\/i0.wp.com\/www.reclamador.es\/blog\/wp-content\/uploads\/2022\/09\/viajar-con-ninos-en-avion-2.jpg?fit=1200%2C630&ssl=1&resize=350%2C200","width":350,"height":200,"srcset":"https:\/\/i0.wp.com\/www.reclamador.es\/blog\/wp-content\/uploads\/2022\/09\/viajar-con-ninos-en-avion-2.jpg?fit=1200%2C630&ssl=1&resize=350%2C200 1x, https:\/\/i0.wp.com\/www.reclamador.es\/blog\/wp-content\/uploads\/2022\/09\/viajar-con-ninos-en-avion-2.jpg?fit=1200%2C630&ssl=1&resize=525%2C300 1.5x, https:\/\/i0.wp.com\/www.reclamador.es\/blog\/wp-content\/uploads\/2022\/09\/viajar-con-ninos-en-avion-2.jpg?fit=1200%2C630&ssl=1&resize=700%2C400 2x, https:\/\/i0.wp.com\/www.reclamador.es\/blog\/wp-content\/uploads\/2022\/09\/viajar-con-ninos-en-avion-2.jpg?fit=1200%2C630&ssl=1&resize=1050%2C600 3x"},"classes":[]},{"id":1261,"url":"https:\/\/www.reclamador.es\/blog\/luis-tudela-nos-cuenta-como-vueling-le-expulso-del-avion-injustificadamente\/","url_meta":{"origin":24181,"position":2},"title":"Luis Tudela nos cuenta c\u00f3mo Vueling le expuls\u00f3 del avi\u00f3n injustificadamente","author":"Equipo reclamador","date":"6 agosto, 2014","format":false,"excerpt":"\u00a1Sentencia favorable! Esto es lo que tenemos en nuestras manos ahora mismo en el caso de Luis Tudela, uno de nuestros clientes al que Vueling le\u00a0expuls\u00f3 injustificadamente de un vuelo\u00a0el pasado septiembre\u00a0en el Aeropuerto de El Prat (Barcelona). Tras haber embarcado, y sin razones que demuestren lo contrario, Luis tuvo\u2026","rel":"","context":"En \u00abConoce todo lo que sucede en reclamador.es\u00bb","block_context":{"text":"Conoce todo lo que sucede en reclamador.es","link":"https:\/\/www.reclamador.es\/blog\/reclamadores\/"},"img":{"alt_text":"","src":"https:\/\/i0.wp.com\/www.reclamador.es\/blog\/wp-content\/uploads\/2015\/09\/ccfo0o_ltsy-kychan.jpg?fit=1200%2C800&ssl=1&resize=350%2C200","width":350,"height":200,"srcset":"https:\/\/i0.wp.com\/www.reclamador.es\/blog\/wp-content\/uploads\/2015\/09\/ccfo0o_ltsy-kychan.jpg?fit=1200%2C800&ssl=1&resize=350%2C200 1x, https:\/\/i0.wp.com\/www.reclamador.es\/blog\/wp-content\/uploads\/2015\/09\/ccfo0o_ltsy-kychan.jpg?fit=1200%2C800&ssl=1&resize=525%2C300 1.5x, https:\/\/i0.wp.com\/www.reclamador.es\/blog\/wp-content\/uploads\/2015\/09\/ccfo0o_ltsy-kychan.jpg?fit=1200%2C800&ssl=1&resize=700%2C400 2x, https:\/\/i0.wp.com\/www.reclamador.es\/blog\/wp-content\/uploads\/2015\/09\/ccfo0o_ltsy-kychan.jpg?fit=1200%2C800&ssl=1&resize=1050%2C600 3x"},"classes":[]},{"id":19292,"url":"https:\/\/www.reclamador.es\/blog\/accidentes-embarcar-desembarcar-avion\/","url_meta":{"origin":24181,"position":3},"title":"Accidentes al embarcar o desembarcar de un avi\u00f3n: \u00bfqu\u00e9 puedo reclamar?","author":"Equipo reclamador","date":"1 septiembre, 2020","format":false,"excerpt":"Recorrer la pasarela de embarque hasta el avi\u00f3n, bajar las escaleras, montar en el autob\u00fas que lleva a los pasajeros de la terminal al avi\u00f3n y viceversa. En definitiva, acciones para embarcar o desembarcar de la aeronave. Tropezar en alguno de estos lugares no es raro, siendo casi siempre peque\u00f1os\u2026","rel":"","context":"En \u00abNoticias y actualidad\u00bb","block_context":{"text":"Noticias y actualidad","link":"https:\/\/www.reclamador.es\/blog\/noticias\/"},"img":{"alt_text":"Accidentes al embarcar o desembarcar del avi\u00f3n: \u00bfa qui\u00e9n reclamar?","src":"https:\/\/i0.wp.com\/www.reclamador.es\/blog\/wp-content\/uploads\/2018\/08\/vueling-accidentes.jpg?fit=1200%2C803&ssl=1&resize=350%2C200","width":350,"height":200,"srcset":"https:\/\/i0.wp.com\/www.reclamador.es\/blog\/wp-content\/uploads\/2018\/08\/vueling-accidentes.jpg?fit=1200%2C803&ssl=1&resize=350%2C200 1x, https:\/\/i0.wp.com\/www.reclamador.es\/blog\/wp-content\/uploads\/2018\/08\/vueling-accidentes.jpg?fit=1200%2C803&ssl=1&resize=525%2C300 1.5x, https:\/\/i0.wp.com\/www.reclamador.es\/blog\/wp-content\/uploads\/2018\/08\/vueling-accidentes.jpg?fit=1200%2C803&ssl=1&resize=700%2C400 2x, https:\/\/i0.wp.com\/www.reclamador.es\/blog\/wp-content\/uploads\/2018\/08\/vueling-accidentes.jpg?fit=1200%2C803&ssl=1&resize=1050%2C600 3x"},"classes":[]},{"id":34442,"url":"https:\/\/www.reclamador.es\/blog\/como-tener-wifi-en-el-avion\/","url_meta":{"origin":24181,"position":4},"title":"\u00bfC\u00f3mo tener wifi en el avi\u00f3n? Opciones y costes","author":"Alicia Ria\u00f1o","date":"13 junio, 2025","format":false,"excerpt":"El mundo est\u00e1 conectado. Y no solo por los aviones, tambi\u00e9n lo decimos por el acceso a Internet. Para muchas personas, de las peores cosas que tiene viajar en avi\u00f3n es no disponer de red. Por eso, en este art\u00edculo vamos a hablar de las opciones m\u00e1s habituales para tener\u2026","rel":"","context":"En \u00abConsejos legales\u00bb","block_context":{"text":"Consejos legales","link":"https:\/\/www.reclamador.es\/blog\/consejos\/"},"img":{"alt_text":"wifi en el avion","src":"https:\/\/i0.wp.com\/www.reclamador.es\/blog\/wp-content\/uploads\/2025\/06\/tener-wifi-en-el-avion.jpg?fit=1200%2C630&ssl=1&resize=350%2C200","width":350,"height":200,"srcset":"https:\/\/i0.wp.com\/www.reclamador.es\/blog\/wp-content\/uploads\/2025\/06\/tener-wifi-en-el-avion.jpg?fit=1200%2C630&ssl=1&resize=350%2C200 1x, https:\/\/i0.wp.com\/www.reclamador.es\/blog\/wp-content\/uploads\/2025\/06\/tener-wifi-en-el-avion.jpg?fit=1200%2C630&ssl=1&resize=525%2C300 1.5x, https:\/\/i0.wp.com\/www.reclamador.es\/blog\/wp-content\/uploads\/2025\/06\/tener-wifi-en-el-avion.jpg?fit=1200%2C630&ssl=1&resize=700%2C400 2x, https:\/\/i0.wp.com\/www.reclamador.es\/blog\/wp-content\/uploads\/2025\/06\/tener-wifi-en-el-avion.jpg?fit=1200%2C630&ssl=1&resize=1050%2C600 3x"},"classes":[]},{"id":2990,"url":"https:\/\/www.reclamador.es\/blog\/que-se-considera-fuerza-mayor-y-que-no\/","url_meta":{"origin":24181,"position":5},"title":"\u00bfQu\u00e9 se considera fuerza mayor y qu\u00e9 no en la cancelaci\u00f3n de un vuelo?","author":"Equipo reclamador","date":"11 mayo, 2016","format":false,"excerpt":"*Contenido revisado septiembre 2025 Hay situaciones que pueden parecer ins\u00f3litas, incre\u00edbles, pero que de verdad pasan. Por ejemplo, en un avi\u00f3n ya embarcado y que va a comenzar con las maniobras de despegue, tiene que ser evacuado porque un tel\u00e9fono m\u00f3vil comienza a arder y el vuelo sufre un gran\u2026","rel":"","context":"En \u00abConsejos legales\u00bb","block_context":{"text":"Consejos legales","link":"https:\/\/www.reclamador.es\/blog\/consejos\/"},"img":{"alt_text":"","src":"https:\/\/i0.wp.com\/www.reclamador.es\/blog\/wp-content\/uploads\/2015\/05\/IMG_5241.jpg?fit=1200%2C800&ssl=1&resize=350%2C200","width":350,"height":200,"srcset":"https:\/\/i0.wp.com\/www.reclamador.es\/blog\/wp-content\/uploads\/2015\/05\/IMG_5241.jpg?fit=1200%2C800&ssl=1&resize=350%2C200 1x, https:\/\/i0.wp.com\/www.reclamador.es\/blog\/wp-content\/uploads\/2015\/05\/IMG_5241.jpg?fit=1200%2C800&ssl=1&resize=525%2C300 1.5x, https:\/\/i0.wp.com\/www.reclamador.es\/blog\/wp-content\/uploads\/2015\/05\/IMG_5241.jpg?fit=1200%2C800&ssl=1&resize=700%2C400 2x, https:\/\/i0.wp.com\/www.reclamador.es\/blog\/wp-content\/uploads\/2015\/05\/IMG_5241.jpg?fit=1200%2C800&ssl=1&resize=1050%2C600 3x"},"classes":[]}],"jetpack_sharing_enabled":true,"_links":{"self":[{"href":"https:\/\/www.reclamador.es\/blog\/wp-json\/wp\/v2\/posts\/24181","targetHints":{"allow":["GET"]}}],"collection":[{"href":"https:\/\/www.reclamador.es\/blog\/wp-json\/wp\/v2\/posts"}],"about":[{"href":"https:\/\/www.reclamador.es\/blog\/wp-json\/wp\/v2\/types\/post"}],"author":[{"embeddable":true,"href":"https:\/\/www.reclamador.es\/blog\/wp-json\/wp\/v2\/users\/28"}],"replies":[{"embeddable":true,"href":"https:\/\/www.reclamador.es\/blog\/wp-json\/wp\/v2\/comments?post=24181"}],"version-history":[{"count":11,"href":"https:\/\/www.reclamador.es\/blog\/wp-json\/wp\/v2\/posts\/24181\/revisions"}],"predecessor-version":[{"id":34340,"href":"https:\/\/www.reclamador.es\/blog\/wp-json\/wp\/v2\/posts\/24181\/revisions\/34340"}],"wp:featuredmedia":[{"embeddable":true,"href":"https:\/\/www.reclamador.es\/blog\/wp-json\/wp\/v2\/media\/33259"}],"wp:attachment":[{"href":"https:\/\/www.reclamador.es\/blog\/wp-json\/wp\/v2\/media?parent=24181"}],"wp:term":[{"taxonomy":"category","embeddable":true,"href":"https:\/\/www.reclamador.es\/blog\/wp-json\/wp\/v2\/categories?post=24181"},{"taxonomy":"post_tag","embeddable":true,"href":"https:\/\/www.reclamador.es\/blog\/wp-json\/wp\/v2\/tags?post=24181"}],"curies":[{"name":"wp","href":"https:\/\/api.w.org\/{rel}","templated":true}]}}