{"id":23999,"date":"2024-01-06T10:00:00","date_gmt":"2024-01-06T09:00:00","guid":{"rendered":"https:\/\/www.reclamador.es\/blog\/?p=9410"},"modified":"2025-05-09T12:53:55","modified_gmt":"2025-05-09T10:53:55","slug":"como-viajar-con-instrumento-musical-en-avion","status":"publish","type":"post","link":"https:\/\/www.reclamador.es\/blog\/como-viajar-con-instrumento-musical-en-avion\/","title":{"rendered":"Llevar instrumentos musicales en un viaje en avi\u00f3n"},"content":{"rendered":"<div class=\"ttr_start\"><\/div>\n\n<div class=\"kk-star-ratings kksr-auto kksr-align-right kksr-valign-top\"\n    data-payload='{&quot;align&quot;:&quot;right&quot;,&quot;id&quot;:&quot;23999&quot;,&quot;slug&quot;:&quot;default&quot;,&quot;valign&quot;:&quot;top&quot;,&quot;ignore&quot;:&quot;&quot;,&quot;reference&quot;:&quot;auto&quot;,&quot;class&quot;:&quot;&quot;,&quot;count&quot;:&quot;2&quot;,&quot;legendonly&quot;:&quot;&quot;,&quot;readonly&quot;:&quot;&quot;,&quot;score&quot;:&quot;5&quot;,&quot;starsonly&quot;:&quot;&quot;,&quot;best&quot;:&quot;5&quot;,&quot;gap&quot;:&quot;3&quot;,&quot;greet&quot;:&quot;Valora este art\u00edculo&quot;,&quot;legend&quot;:&quot;5\\\/5 - (2 votos)&quot;,&quot;size&quot;:&quot;20&quot;,&quot;title&quot;:&quot;Llevar instrumentos musicales en un viaje en avi\u00f3n&quot;,&quot;width&quot;:&quot;113.5&quot;,&quot;_legend&quot;:&quot;{score}\\\/{best} - ({count} {votes})&quot;,&quot;font_factor&quot;:&quot;1.25&quot;}'>\n            \n<div class=\"kksr-stars\">\n    \n<div class=\"kksr-stars-inactive\">\n            <div class=\"kksr-star\" data-star=\"1\" style=\"padding-right: 3px\">\n            \n\n<div class=\"kksr-icon\" style=\"width: 20px; height: 20px;\"><\/div>\n        <\/div>\n            <div class=\"kksr-star\" data-star=\"2\" style=\"padding-right: 3px\">\n            \n\n<div class=\"kksr-icon\" style=\"width: 20px; height: 20px;\"><\/div>\n        <\/div>\n            <div class=\"kksr-star\" data-star=\"3\" style=\"padding-right: 3px\">\n            \n\n<div class=\"kksr-icon\" style=\"width: 20px; height: 20px;\"><\/div>\n        <\/div>\n            <div class=\"kksr-star\" data-star=\"4\" style=\"padding-right: 3px\">\n            \n\n<div class=\"kksr-icon\" style=\"width: 20px; height: 20px;\"><\/div>\n        <\/div>\n            <div class=\"kksr-star\" data-star=\"5\" style=\"padding-right: 3px\">\n            \n\n<div class=\"kksr-icon\" style=\"width: 20px; height: 20px;\"><\/div>\n        <\/div>\n    <\/div>\n    \n<div class=\"kksr-stars-active\" style=\"width: 113.5px;\">\n            <div class=\"kksr-star\" style=\"padding-right: 3px\">\n            \n\n<div class=\"kksr-icon\" style=\"width: 20px; height: 20px;\"><\/div>\n        <\/div>\n            <div class=\"kksr-star\" style=\"padding-right: 3px\">\n            \n\n<div class=\"kksr-icon\" style=\"width: 20px; height: 20px;\"><\/div>\n        <\/div>\n            <div class=\"kksr-star\" style=\"padding-right: 3px\">\n            \n\n<div class=\"kksr-icon\" style=\"width: 20px; height: 20px;\"><\/div>\n        <\/div>\n            <div class=\"kksr-star\" style=\"padding-right: 3px\">\n            \n\n<div class=\"kksr-icon\" style=\"width: 20px; height: 20px;\"><\/div>\n        <\/div>\n            <div class=\"kksr-star\" style=\"padding-right: 3px\">\n            \n\n<div class=\"kksr-icon\" style=\"width: 20px; height: 20px;\"><\/div>\n        <\/div>\n    <\/div>\n<\/div>\n                \n\n<div class=\"kksr-legend\" style=\"font-size: 16px;\">\n            5\/5 - (2 votos)    <\/div>\n    <\/div>\n<figure id=\"attachment_33389\" aria-describedby=\"caption-attachment-33389\" style=\"width: 1200px\" class=\"wp-caption aligncenter\"><img data-recalc-dims=\"1\" loading=\"lazy\" decoding=\"async\" class=\"size-full wp-image-33389\" src=\"https:\/\/i0.wp.com\/www.reclamador.es\/blog\/wp-content\/uploads\/2020\/01\/guitarra-viajar-con-instrumentos-musicales-en-avion.jpg?resize=1200%2C630&#038;ssl=1\" alt=\"instrumentos musicales en el avi\u00f3n\" width=\"1200\" height=\"630\" srcset=\"https:\/\/i0.wp.com\/www.reclamador.es\/blog\/wp-content\/uploads\/2020\/01\/guitarra-viajar-con-instrumentos-musicales-en-avion.jpg?w=1200&amp;ssl=1 1200w, https:\/\/i0.wp.com\/www.reclamador.es\/blog\/wp-content\/uploads\/2020\/01\/guitarra-viajar-con-instrumentos-musicales-en-avion.jpg?resize=800%2C420&amp;ssl=1 800w, https:\/\/i0.wp.com\/www.reclamador.es\/blog\/wp-content\/uploads\/2020\/01\/guitarra-viajar-con-instrumentos-musicales-en-avion.jpg?resize=150%2C79&amp;ssl=1 150w, https:\/\/i0.wp.com\/www.reclamador.es\/blog\/wp-content\/uploads\/2020\/01\/guitarra-viajar-con-instrumentos-musicales-en-avion.jpg?resize=768%2C403&amp;ssl=1 768w\" sizes=\"auto, (max-width: 1000px) 100vw, 1000px\" \/><figcaption id=\"caption-attachment-33389\" class=\"wp-caption-text\"><em>Viajar con instrumentos musicales en el avi\u00f3n<\/em><\/figcaption><\/figure>\n<p><span style=\"font-weight: 400;\">\u00bfTe gusta la m\u00fasica o te dedicas a ello? En ese caso, <strong>es posible que hayas querido transportar tu instrumento en alg\u00fan viaje de avi\u00f3n<\/strong>. Los instrumentos musicales son objetos de gran valor, adem\u00e1s de fr\u00e1giles.\u00a0<\/span><span style=\"font-weight: 400;\">\u00bfPero sabes c\u00f3mo tienes que facturarlo? \u00bfEs el mismo procedimiento que para una maleta normal? \u00bfC\u00f3mo van a velar para que no se rompa o extrav\u00ede? Si quieres llevar instrumentos musicales en el avi\u00f3n, sigue leyendo y descubrir\u00e1s el valor habitual que le dan las aerol\u00edneas a los instrumentos o si, por ejemplo, puedes llevar guitarras en el equipaje de mano o siempre debes facturar.\u00a0<\/span><\/p>\n<h2><b>Convenio de Montreal: normativa aplicable sobre instrumentos musicales en el avi\u00f3n<\/b><\/h2>\n<p><span style=\"font-weight: 400;\"><strong>Actualizaci\u00f3n mayo 2025:<\/strong> Esto quiere decir fundamentalmente dos cosas: que tienes <strong>dos a\u00f1os como m\u00e1ximo para hacer<\/strong>\u00a0una reclamaci\u00f3n y que <strong>puedes conseguir hasta 1.813 \u20ac<\/strong> de indemnizaci\u00f3n por <a href=\"https:\/\/www.reclamador.es\/aerolineas\/problemas-equipaje\/\">problemas de equipaje<\/a>. <\/span><\/p>\n<p><span style=\"font-weight: 400;\">A diferencia de las indemnizaciones por retraso o cancelaci\u00f3n, hasta ahora, la cuant\u00eda queda m\u00e1s al arbitrio del juez de turno, por lo que nunca se puede asegurar conseguir el m\u00e1ximo (aunque siempre lo intentamos). La cuant\u00eda de la indemnizaci\u00f3n se fija en Derechos Especiales de Giro, hasta 2025, la cifra era de 1.288 DEG, que al cambio eran aproximadamente 1.500 \u20ac, mientras que, con la actualizaci\u00f3n de la cuant\u00eda este 2025, la indemnizaci\u00f3n se fija en m\u00e1ximo 1.519 DEG, es decir, unos 1.813 \u20ac.\u00a0<\/span><\/p>\n<h2><b>Los instrumentos musicales tienen la misma consideraci\u00f3n que un equipaje normal<\/b><\/h2>\n<p><span style=\"font-weight: 400;\">Esto quiere decir que las compensaciones que se establecen son las mismas. Afecta tambi\u00e9n a la hora de tener que <a href=\"https:\/\/www.reclamador.es\/ayuda\/aerolineas\/que-documento-es-el-pir\/\"><strong>hacer el PIR<\/strong><\/a> en caso de rotura, p\u00e9rdida o retraso en la entrega.<\/span><\/p>\n<p><span style=\"font-weight: 400;\">Es muy importante hacerlo cuanto antes, ya que hay 21 d\u00edas para poder efectuarlo. Recuerda recoger toda la informaci\u00f3n necesaria en el documento para poder tramitar la reclamaci\u00f3n posterior.<\/span><\/p>\n<h6 style=\"text-align: center;\"><a href=\"https:\/\/www.reclamador.es\/ayuda\/aerolineas\/que-documentacion-es-necesaria-para-una-reclamacion-por-equipaje\/\"><strong>\u00bfQu\u00e9 documentos son necesarios para reclamar problemas de equipaje?<\/strong><\/a><\/h6>\n<h2><b>Cuando viajas con objetos de valor, es recomendable hacer una declaraci\u00f3n de valor<\/b><\/h2>\n<p><span style=\"font-weight: 400;\">Siempre recomendamos que si viajas con objetos de valor en el equipaje facturado (joyas, port\u00e1til\u2026) <strong><a href=\"https:\/\/www.reclamador.es\/ayuda\/aerolineas\/como-hago-una-declaracion-de-valor-de-mi-equipaje\/\">hagas una declaraci\u00f3n de valor<\/a><\/strong> en el propio aeropuerto antes de coger tu vuelo. Es como una especie de seguro en el que te tasan lo que llevas en tu equipaje. As\u00ed, establecen una cantidad que te abonan en caso de p\u00e9rdida del mismo. <\/span><\/p>\n<p><span style=\"font-weight: 400;\">Pero, adem\u00e1s, en casos de instrumentos musicales, muchos propietarios tienen seguros que le cubren estas cuestiones. Pero ante objetos de tanto valor econ\u00f3mico, siempre es recomendable estar protegidos al m\u00e1ximo.<\/span><\/p>\n<h2><b>Dependiendo del instrumento tienes que facturarlo o no<\/b><\/h2>\n<p><span style=\"font-weight: 400;\"><strong>Hay aerol\u00edneas que permiten que lleves tu instrumento en la cabina contigo<\/strong>. Pero solo si son instrumentos peque\u00f1os (flautas, violines\u2026). Lo m\u00e1s corriente es que el instrumento se facture como una maleta con la peculiaridad de que es \u201cequipaje especial\u201d. <strong>Aqu\u00ed las tarifas dependen de la propia aerol\u00ednea<\/strong>, por lo que es importante que consultes est\u00e1 cuesti\u00f3n con la compa\u00f1\u00eda que vuelas. Hay algunas que lo hacen de forma gratuita.<\/span><\/p>\n<p><span style=\"font-weight: 400;\">Ten en cuenta tambi\u00e9n que si llevas tu instrumento como equipaje de mano, estos pueden ser da\u00f1ados por otras personas (aunque sea de forma involuntaria) y la aerol\u00ednea no se har\u00eda cargo de la responsabilidad.<\/span><\/p>\n<h3><strong>Pol\u00edtica de equipajes para instrumentos musicales de las aerol\u00edneas<\/strong><\/h3>\n<p>A continuaci\u00f3n, te dejamos los enlaces a las pol\u00edticas de equipaje de instrumentos musicales de las principales aerol\u00edneas en Espa\u00f1a:<\/p>\n<ul>\n<li><a href=\"https:\/\/www.aireuropa.com\/es\/es\/aea\/informacion-para-volar\/equipaje\/equipajes-especiales\/instrumentos-musicales.html\" target=\"_blank\" rel=\"noopener\">Viajar con instrumentos musicales en un avi\u00f3n de Air Europa<\/a>.<\/li>\n<li><a href=\"https:\/\/megustavolar.iberia.com\/2024\/04\/18\/como-transportar-instrumentos-de-musica-en-un-avion-de-iberia\/\" target=\"_blank\" rel=\"noopener\">Transportar instrumentos musicales en Iberia<\/a>.<\/li>\n<li><a href=\"https:\/\/www.iberiaexpress.com\/informacion-general\/informacion-pasajero\/antes-de-volar\/equipaje\/facturado\/especial\">Equipaje especial en Iberia Express<\/a>.<\/li>\n<li><a href=\"https:\/\/www.vueling.com\/es\/servicios-vueling\/prepara-tu-viaje\/maletas\">Transportar instrumentos musicales en Vueling<\/a>.<\/li>\n<li><a href=\"https:\/\/help.ryanair.com\/hc\/es-es\/articles\/12889013645713--Qu%C3%A9-equipamiento-musical-puedo-llevar-a-bordo\">Instrumentos musicales en un viaje en avi\u00f3n con Ryanair<\/a>.<\/li>\n<li><a href=\"https:\/\/www.easyjet.com\/es\/ayuda\/equipaje\/instrumentos-musicales\">Viajar en easyJet con un instrumento musical<\/a>.<\/li>\n<\/ul>\n<h2><b>Algunos consejos para viajar instrumentos musicales en el avi\u00f3n<\/b><\/h2>\n<p><span style=\"font-weight: 400;\">Cuando viajas con un instrumento musical, sobre todo si lo vas a facturar, es bueno que tengas en cuenta los siguientes consejos:<\/span><\/p>\n<ul>\n<li style=\"font-weight: 400;\"><span style=\"font-weight: 400;\">Intenta llevarlo lo <strong>mejor embalado posible<\/strong>, para que le afecten lo menos posible los golpes que se puedan producir.<\/span><\/li>\n<li style=\"font-weight: 400;\"><span style=\"font-weight: 400;\">Si te lo da\u00f1an o pierden, <strong>haz el PIR lo antes posible<\/strong>.<\/span><\/li>\n<li style=\"font-weight: 400;\"><span style=\"font-weight: 400;\">En caso de ser un instrumento muy caro, <strong>haz una declaraci\u00f3n de valor<\/strong> del mismo antes de tomar tu vuelo.<\/span><\/li>\n<li style=\"font-weight: 400;\"><span style=\"font-weight: 400;\"><strong>Conserva toda la documentaci\u00f3n<\/strong> del vuelo (tanto en formato f\u00edsico como digital) por si es necesario cursar una reclamaci\u00f3n.<\/span><\/li>\n<\/ul>\n<p><span style=\"font-weight: 400;\">Esperamos que tengas un buen vuelo. No obstante, recuerda que si se te plantea alguno de los problemas que hemos mencionado, <strong>podemos ayudarte<\/strong>.<\/span><\/p>\n<h2 style=\"text-align: center;\"><strong><a class=\"button-lead\" href=\"https:\/\/www.reclamador.es\/form\/complaint\/luggage\/\">\u00bfQuieres reclamar una incidencia con tu instrumento musical?<\/a><\/strong><\/h2>\n<div class=\"ttr_end\"><\/div>","protected":false},"excerpt":{"rendered":"<p>\u00bfTe gusta la m\u00fasica o te dedicas a ello? En ese caso, es posible que hayas querido transportar tu instrumento en alg\u00fan viaje de avi\u00f3n. Los instrumentos musicales son objetos de gran valor, adem\u00e1s de fr\u00e1giles.\u00a0\u00bfPero sabes c\u00f3mo tienes que facturarlo? \u00bfEs el mismo procedimiento que para una maleta normal? \u00bfC\u00f3mo van a velar para [&hellip;]<\/p>\n","protected":false},"author":28,"featured_media":33389,"comment_status":"open","ping_status":"open","sticky":false,"template":"","format":"standard","meta":{"_acf_changed":false,"_genesis_hide_title":false,"_genesis_hide_breadcrumbs":false,"_genesis_hide_singular_image":false,"_genesis_hide_footer_widgets":false,"_genesis_custom_body_class":"","_genesis_custom_post_class":"","_genesis_layout":"","_jetpack_newsletter_access":"","_jetpack_dont_email_post_to_subs":false,"_jetpack_newsletter_tier_id":0,"_jetpack_memberships_contains_paywalled_content":false,"_jetpack_memberships_contains_paid_content":false,"footnotes":""},"categories":[393],"tags":[380,654,289],"class_list":{"0":"post-23999","1":"post","2":"type-post","3":"status-publish","4":"format-standard","5":"has-post-thumbnail","7":"category-consejos","8":"tag-aerolineas","9":"tag-equipaje","10":"tag-reclamacion","11":"entry"},"acf":[],"yoast_head":"<!-- This site is optimized with the Yoast SEO plugin v27.4 - https:\/\/yoast.com\/product\/yoast-seo-wordpress\/ -->\n<title>\u00bfSe puede llevar instrumentos musicales en el avi\u00f3n??<\/title>\n<meta name=\"description\" content=\"\u00bfTienes que llevar instrumentos musicales en el avi\u00f3n y no sabes si va en el equipaje de mano o facturado? Te explicamos c\u00f3mo viajar con guitarra o viol\u00edn.\" \/>\n<meta name=\"robots\" content=\"index, follow, max-snippet:-1, max-image-preview:large, max-video-preview:-1\" \/>\n<link rel=\"canonical\" href=\"https:\/\/www.reclamador.es\/blog\/como-viajar-con-instrumento-musical-en-avion\/\" \/>\n<meta property=\"og:locale\" content=\"es_ES\" \/>\n<meta property=\"og:type\" content=\"article\" \/>\n<meta property=\"og:title\" content=\"\u00bfSe puede llevar instrumentos musicales en el avi\u00f3n??\" \/>\n<meta property=\"og:description\" content=\"\u00bfTienes que llevar instrumentos musicales en el avi\u00f3n y no sabes si va en el equipaje de mano o facturado? Te explicamos c\u00f3mo viajar con guitarra o viol\u00edn.\" \/>\n<meta property=\"og:url\" content=\"https:\/\/www.reclamador.es\/blog\/como-viajar-con-instrumento-musical-en-avion\/\" \/>\n<meta property=\"og:site_name\" content=\"Rebeldes con causa, el blog de reclamador.es\" \/>\n<meta property=\"article:publisher\" content=\"https:\/\/www.facebook.com\/reclamador.es\" \/>\n<meta property=\"article:published_time\" content=\"2024-01-06T09:00:00+00:00\" \/>\n<meta property=\"article:modified_time\" content=\"2025-05-09T10:53:55+00:00\" \/>\n<meta property=\"og:image\" content=\"https:\/\/www.reclamador.es\/blog\/wp-content\/uploads\/2020\/01\/guitarra-viajar-con-instrumentos-musicales-en-avion.jpg\" \/>\n\t<meta property=\"og:image:width\" content=\"1200\" \/>\n\t<meta property=\"og:image:height\" content=\"630\" \/>\n\t<meta property=\"og:image:type\" content=\"image\/jpeg\" \/>\n<meta name=\"author\" content=\"Alicia Ria\u00f1o\" \/>\n<meta name=\"twitter:card\" content=\"summary_large_image\" \/>\n<meta name=\"twitter:creator\" content=\"@reclamador\" \/>\n<meta name=\"twitter:site\" content=\"@reclamador\" \/>\n<meta name=\"twitter:label1\" content=\"Escrito por\" \/>\n\t<meta name=\"twitter:data1\" content=\"Alicia Ria\u00f1o\" \/>\n\t<meta name=\"twitter:label2\" content=\"Tiempo de lectura\" \/>\n\t<meta name=\"twitter:data2\" content=\"4 minutos\" \/>\n<script type=\"application\/ld+json\" class=\"yoast-schema-graph\">{\"@context\":\"https:\\\/\\\/schema.org\",\"@graph\":[{\"@type\":\"Article\",\"@id\":\"https:\\\/\\\/www.reclamador.es\\\/blog\\\/como-viajar-con-instrumento-musical-en-avion\\\/#article\",\"isPartOf\":{\"@id\":\"https:\\\/\\\/www.reclamador.es\\\/blog\\\/como-viajar-con-instrumento-musical-en-avion\\\/\"},\"author\":{\"name\":\"Alicia Ria\u00f1o\",\"@id\":\"https:\\\/\\\/www.reclamador.es\\\/blog\\\/#\\\/schema\\\/person\\\/2a9d121a6362255b8129c6fda9caffd5\"},\"headline\":\"Llevar instrumentos musicales en un viaje en avi\u00f3n\",\"datePublished\":\"2024-01-06T09:00:00+00:00\",\"dateModified\":\"2025-05-09T10:53:55+00:00\",\"mainEntityOfPage\":{\"@id\":\"https:\\\/\\\/www.reclamador.es\\\/blog\\\/como-viajar-con-instrumento-musical-en-avion\\\/\"},\"wordCount\":804,\"commentCount\":1,\"publisher\":{\"@id\":\"https:\\\/\\\/www.reclamador.es\\\/blog\\\/#organization\"},\"image\":{\"@id\":\"https:\\\/\\\/www.reclamador.es\\\/blog\\\/como-viajar-con-instrumento-musical-en-avion\\\/#primaryimage\"},\"thumbnailUrl\":\"https:\\\/\\\/i0.wp.com\\\/www.reclamador.es\\\/blog\\\/wp-content\\\/uploads\\\/2020\\\/01\\\/guitarra-viajar-con-instrumentos-musicales-en-avion.jpg?fit=1200%2C630&ssl=1\",\"keywords\":[\"aerol\u00edneas\",\"equipaje\",\"reclamaci\u00f3n\"],\"articleSection\":[\"Consejos legales\"],\"inLanguage\":\"es\",\"potentialAction\":[{\"@type\":\"CommentAction\",\"name\":\"Comment\",\"target\":[\"https:\\\/\\\/www.reclamador.es\\\/blog\\\/como-viajar-con-instrumento-musical-en-avion\\\/#respond\"]}]},{\"@type\":\"WebPage\",\"@id\":\"https:\\\/\\\/www.reclamador.es\\\/blog\\\/como-viajar-con-instrumento-musical-en-avion\\\/\",\"url\":\"https:\\\/\\\/www.reclamador.es\\\/blog\\\/como-viajar-con-instrumento-musical-en-avion\\\/\",\"name\":\"\u00bfSe puede llevar instrumentos musicales en el avi\u00f3n??\",\"isPartOf\":{\"@id\":\"https:\\\/\\\/www.reclamador.es\\\/blog\\\/#website\"},\"primaryImageOfPage\":{\"@id\":\"https:\\\/\\\/www.reclamador.es\\\/blog\\\/como-viajar-con-instrumento-musical-en-avion\\\/#primaryimage\"},\"image\":{\"@id\":\"https:\\\/\\\/www.reclamador.es\\\/blog\\\/como-viajar-con-instrumento-musical-en-avion\\\/#primaryimage\"},\"thumbnailUrl\":\"https:\\\/\\\/i0.wp.com\\\/www.reclamador.es\\\/blog\\\/wp-content\\\/uploads\\\/2020\\\/01\\\/guitarra-viajar-con-instrumentos-musicales-en-avion.jpg?fit=1200%2C630&ssl=1\",\"datePublished\":\"2024-01-06T09:00:00+00:00\",\"dateModified\":\"2025-05-09T10:53:55+00:00\",\"description\":\"\u00bfTienes que llevar instrumentos musicales en el avi\u00f3n y no sabes si va en el equipaje de mano o facturado? Te explicamos c\u00f3mo viajar con guitarra o viol\u00edn.\",\"breadcrumb\":{\"@id\":\"https:\\\/\\\/www.reclamador.es\\\/blog\\\/como-viajar-con-instrumento-musical-en-avion\\\/#breadcrumb\"},\"inLanguage\":\"es\",\"potentialAction\":[{\"@type\":\"ReadAction\",\"target\":[\"https:\\\/\\\/www.reclamador.es\\\/blog\\\/como-viajar-con-instrumento-musical-en-avion\\\/\"]}]},{\"@type\":\"ImageObject\",\"inLanguage\":\"es\",\"@id\":\"https:\\\/\\\/www.reclamador.es\\\/blog\\\/como-viajar-con-instrumento-musical-en-avion\\\/#primaryimage\",\"url\":\"https:\\\/\\\/i0.wp.com\\\/www.reclamador.es\\\/blog\\\/wp-content\\\/uploads\\\/2020\\\/01\\\/guitarra-viajar-con-instrumentos-musicales-en-avion.jpg?fit=1200%2C630&ssl=1\",\"contentUrl\":\"https:\\\/\\\/i0.wp.com\\\/www.reclamador.es\\\/blog\\\/wp-content\\\/uploads\\\/2020\\\/01\\\/guitarra-viajar-con-instrumentos-musicales-en-avion.jpg?fit=1200%2C630&ssl=1\",\"width\":1200,\"height\":630,\"caption\":\"Viajar con instrumentos musicales en el avi\u00f3n\"},{\"@type\":\"BreadcrumbList\",\"@id\":\"https:\\\/\\\/www.reclamador.es\\\/blog\\\/como-viajar-con-instrumento-musical-en-avion\\\/#breadcrumb\",\"itemListElement\":[{\"@type\":\"ListItem\",\"position\":1,\"name\":\"Portada\",\"item\":\"https:\\\/\\\/www.reclamador.es\\\/blog\\\/\"},{\"@type\":\"ListItem\",\"position\":2,\"name\":\"Llevar instrumentos musicales en un viaje en avi\u00f3n\"}]},{\"@type\":\"WebSite\",\"@id\":\"https:\\\/\\\/www.reclamador.es\\\/blog\\\/#website\",\"url\":\"https:\\\/\\\/www.reclamador.es\\\/blog\\\/\",\"name\":\"Rebeldes con causa, el blog de reclamador.es\",\"description\":\"Noticias, entrevistas y consejos sobre reclamaciones\",\"publisher\":{\"@id\":\"https:\\\/\\\/www.reclamador.es\\\/blog\\\/#organization\"},\"potentialAction\":[{\"@type\":\"SearchAction\",\"target\":{\"@type\":\"EntryPoint\",\"urlTemplate\":\"https:\\\/\\\/www.reclamador.es\\\/blog\\\/?s={search_term_string}\"},\"query-input\":{\"@type\":\"PropertyValueSpecification\",\"valueRequired\":true,\"valueName\":\"search_term_string\"}}],\"inLanguage\":\"es\"},{\"@type\":\"Organization\",\"@id\":\"https:\\\/\\\/www.reclamador.es\\\/blog\\\/#organization\",\"name\":\"reclamador.es\",\"url\":\"https:\\\/\\\/www.reclamador.es\\\/blog\\\/\",\"logo\":{\"@type\":\"ImageObject\",\"inLanguage\":\"es\",\"@id\":\"https:\\\/\\\/www.reclamador.es\\\/blog\\\/#\\\/schema\\\/logo\\\/image\\\/\",\"url\":\"https:\\\/\\\/i0.wp.com\\\/www.reclamador.es\\\/blog\\\/wp-content\\\/uploads\\\/2020\\\/01\\\/logo-reclamador.png?fit=1200%2C144&ssl=1\",\"contentUrl\":\"https:\\\/\\\/i0.wp.com\\\/www.reclamador.es\\\/blog\\\/wp-content\\\/uploads\\\/2020\\\/01\\\/logo-reclamador.png?fit=1200%2C144&ssl=1\",\"width\":1200,\"height\":144,\"caption\":\"reclamador.es\"},\"image\":{\"@id\":\"https:\\\/\\\/www.reclamador.es\\\/blog\\\/#\\\/schema\\\/logo\\\/image\\\/\"},\"sameAs\":[\"https:\\\/\\\/www.facebook.com\\\/reclamador.es\",\"https:\\\/\\\/x.com\\\/reclamador\",\"https:\\\/\\\/www.instagram.com\\\/reclamador.es\\\/\",\"https:\\\/\\\/www.linkedin.com\\\/company\\\/reclamador-es\",\"https:\\\/\\\/www.youtube.com\\\/user\\\/Reclamadores\"]},{\"@type\":\"Person\",\"@id\":\"https:\\\/\\\/www.reclamador.es\\\/blog\\\/#\\\/schema\\\/person\\\/2a9d121a6362255b8129c6fda9caffd5\",\"name\":\"Alicia Ria\u00f1o\",\"image\":{\"@type\":\"ImageObject\",\"inLanguage\":\"es\",\"@id\":\"https:\\\/\\\/secure.gravatar.com\\\/avatar\\\/2915f7664bf5ed4baf932328fabfe761f32f21ec1b577e7d54a7fee6613de25f?s=96&d=mm&r=g\",\"url\":\"https:\\\/\\\/secure.gravatar.com\\\/avatar\\\/2915f7664bf5ed4baf932328fabfe761f32f21ec1b577e7d54a7fee6613de25f?s=96&d=mm&r=g\",\"contentUrl\":\"https:\\\/\\\/secure.gravatar.com\\\/avatar\\\/2915f7664bf5ed4baf932328fabfe761f32f21ec1b577e7d54a7fee6613de25f?s=96&d=mm&r=g\",\"caption\":\"Alicia Ria\u00f1o\"},\"description\":\"Periodista experta en comunicaci\u00f3n y marketing digital. Escribo para acercar la informaci\u00f3n legal de forma sencilla y comprensible a las personas.\",\"sameAs\":[\"https:\\\/\\\/www.linkedin.com\\\/in\\\/alicia-r-932a2959\"],\"url\":\"https:\\\/\\\/www.reclamador.es\\\/blog\\\/author\\\/alicia-riano\\\/\"}]}<\/script>\n<!-- \/ Yoast SEO plugin. -->","yoast_head_json":{"title":"\u00bfSe puede llevar instrumentos musicales en el avi\u00f3n??","description":"\u00bfTienes que llevar instrumentos musicales en el avi\u00f3n y no sabes si va en el equipaje de mano o facturado? Te explicamos c\u00f3mo viajar con guitarra o viol\u00edn.","robots":{"index":"index","follow":"follow","max-snippet":"max-snippet:-1","max-image-preview":"max-image-preview:large","max-video-preview":"max-video-preview:-1"},"canonical":"https:\/\/www.reclamador.es\/blog\/como-viajar-con-instrumento-musical-en-avion\/","og_locale":"es_ES","og_type":"article","og_title":"\u00bfSe puede llevar instrumentos musicales en el avi\u00f3n??","og_description":"\u00bfTienes que llevar instrumentos musicales en el avi\u00f3n y no sabes si va en el equipaje de mano o facturado? Te explicamos c\u00f3mo viajar con guitarra o viol\u00edn.","og_url":"https:\/\/www.reclamador.es\/blog\/como-viajar-con-instrumento-musical-en-avion\/","og_site_name":"Rebeldes con causa, el blog de reclamador.es","article_publisher":"https:\/\/www.facebook.com\/reclamador.es","article_published_time":"2024-01-06T09:00:00+00:00","article_modified_time":"2025-05-09T10:53:55+00:00","og_image":[{"width":1200,"height":630,"url":"https:\/\/www.reclamador.es\/blog\/wp-content\/uploads\/2020\/01\/guitarra-viajar-con-instrumentos-musicales-en-avion.jpg","type":"image\/jpeg"}],"author":"Alicia Ria\u00f1o","twitter_card":"summary_large_image","twitter_creator":"@reclamador","twitter_site":"@reclamador","twitter_misc":{"Escrito por":"Alicia Ria\u00f1o","Tiempo de lectura":"4 minutos"},"schema":{"@context":"https:\/\/schema.org","@graph":[{"@type":"Article","@id":"https:\/\/www.reclamador.es\/blog\/como-viajar-con-instrumento-musical-en-avion\/#article","isPartOf":{"@id":"https:\/\/www.reclamador.es\/blog\/como-viajar-con-instrumento-musical-en-avion\/"},"author":{"name":"Alicia Ria\u00f1o","@id":"https:\/\/www.reclamador.es\/blog\/#\/schema\/person\/2a9d121a6362255b8129c6fda9caffd5"},"headline":"Llevar instrumentos musicales en un viaje en avi\u00f3n","datePublished":"2024-01-06T09:00:00+00:00","dateModified":"2025-05-09T10:53:55+00:00","mainEntityOfPage":{"@id":"https:\/\/www.reclamador.es\/blog\/como-viajar-con-instrumento-musical-en-avion\/"},"wordCount":804,"commentCount":1,"publisher":{"@id":"https:\/\/www.reclamador.es\/blog\/#organization"},"image":{"@id":"https:\/\/www.reclamador.es\/blog\/como-viajar-con-instrumento-musical-en-avion\/#primaryimage"},"thumbnailUrl":"https:\/\/i0.wp.com\/www.reclamador.es\/blog\/wp-content\/uploads\/2020\/01\/guitarra-viajar-con-instrumentos-musicales-en-avion.jpg?fit=1200%2C630&ssl=1","keywords":["aerol\u00edneas","equipaje","reclamaci\u00f3n"],"articleSection":["Consejos legales"],"inLanguage":"es","potentialAction":[{"@type":"CommentAction","name":"Comment","target":["https:\/\/www.reclamador.es\/blog\/como-viajar-con-instrumento-musical-en-avion\/#respond"]}]},{"@type":"WebPage","@id":"https:\/\/www.reclamador.es\/blog\/como-viajar-con-instrumento-musical-en-avion\/","url":"https:\/\/www.reclamador.es\/blog\/como-viajar-con-instrumento-musical-en-avion\/","name":"\u00bfSe puede llevar instrumentos musicales en el avi\u00f3n??","isPartOf":{"@id":"https:\/\/www.reclamador.es\/blog\/#website"},"primaryImageOfPage":{"@id":"https:\/\/www.reclamador.es\/blog\/como-viajar-con-instrumento-musical-en-avion\/#primaryimage"},"image":{"@id":"https:\/\/www.reclamador.es\/blog\/como-viajar-con-instrumento-musical-en-avion\/#primaryimage"},"thumbnailUrl":"https:\/\/i0.wp.com\/www.reclamador.es\/blog\/wp-content\/uploads\/2020\/01\/guitarra-viajar-con-instrumentos-musicales-en-avion.jpg?fit=1200%2C630&ssl=1","datePublished":"2024-01-06T09:00:00+00:00","dateModified":"2025-05-09T10:53:55+00:00","description":"\u00bfTienes que llevar instrumentos musicales en el avi\u00f3n y no sabes si va en el equipaje de mano o facturado? Te explicamos c\u00f3mo viajar con guitarra o viol\u00edn.","breadcrumb":{"@id":"https:\/\/www.reclamador.es\/blog\/como-viajar-con-instrumento-musical-en-avion\/#breadcrumb"},"inLanguage":"es","potentialAction":[{"@type":"ReadAction","target":["https:\/\/www.reclamador.es\/blog\/como-viajar-con-instrumento-musical-en-avion\/"]}]},{"@type":"ImageObject","inLanguage":"es","@id":"https:\/\/www.reclamador.es\/blog\/como-viajar-con-instrumento-musical-en-avion\/#primaryimage","url":"https:\/\/i0.wp.com\/www.reclamador.es\/blog\/wp-content\/uploads\/2020\/01\/guitarra-viajar-con-instrumentos-musicales-en-avion.jpg?fit=1200%2C630&ssl=1","contentUrl":"https:\/\/i0.wp.com\/www.reclamador.es\/blog\/wp-content\/uploads\/2020\/01\/guitarra-viajar-con-instrumentos-musicales-en-avion.jpg?fit=1200%2C630&ssl=1","width":1200,"height":630,"caption":"Viajar con instrumentos musicales en el avi\u00f3n"},{"@type":"BreadcrumbList","@id":"https:\/\/www.reclamador.es\/blog\/como-viajar-con-instrumento-musical-en-avion\/#breadcrumb","itemListElement":[{"@type":"ListItem","position":1,"name":"Portada","item":"https:\/\/www.reclamador.es\/blog\/"},{"@type":"ListItem","position":2,"name":"Llevar instrumentos musicales en un viaje en avi\u00f3n"}]},{"@type":"WebSite","@id":"https:\/\/www.reclamador.es\/blog\/#website","url":"https:\/\/www.reclamador.es\/blog\/","name":"Rebeldes con causa, el blog de reclamador.es","description":"Noticias, entrevistas y consejos sobre reclamaciones","publisher":{"@id":"https:\/\/www.reclamador.es\/blog\/#organization"},"potentialAction":[{"@type":"SearchAction","target":{"@type":"EntryPoint","urlTemplate":"https:\/\/www.reclamador.es\/blog\/?s={search_term_string}"},"query-input":{"@type":"PropertyValueSpecification","valueRequired":true,"valueName":"search_term_string"}}],"inLanguage":"es"},{"@type":"Organization","@id":"https:\/\/www.reclamador.es\/blog\/#organization","name":"reclamador.es","url":"https:\/\/www.reclamador.es\/blog\/","logo":{"@type":"ImageObject","inLanguage":"es","@id":"https:\/\/www.reclamador.es\/blog\/#\/schema\/logo\/image\/","url":"https:\/\/i0.wp.com\/www.reclamador.es\/blog\/wp-content\/uploads\/2020\/01\/logo-reclamador.png?fit=1200%2C144&ssl=1","contentUrl":"https:\/\/i0.wp.com\/www.reclamador.es\/blog\/wp-content\/uploads\/2020\/01\/logo-reclamador.png?fit=1200%2C144&ssl=1","width":1200,"height":144,"caption":"reclamador.es"},"image":{"@id":"https:\/\/www.reclamador.es\/blog\/#\/schema\/logo\/image\/"},"sameAs":["https:\/\/www.facebook.com\/reclamador.es","https:\/\/x.com\/reclamador","https:\/\/www.instagram.com\/reclamador.es\/","https:\/\/www.linkedin.com\/company\/reclamador-es","https:\/\/www.youtube.com\/user\/Reclamadores"]},{"@type":"Person","@id":"https:\/\/www.reclamador.es\/blog\/#\/schema\/person\/2a9d121a6362255b8129c6fda9caffd5","name":"Alicia Ria\u00f1o","image":{"@type":"ImageObject","inLanguage":"es","@id":"https:\/\/secure.gravatar.com\/avatar\/2915f7664bf5ed4baf932328fabfe761f32f21ec1b577e7d54a7fee6613de25f?s=96&d=mm&r=g","url":"https:\/\/secure.gravatar.com\/avatar\/2915f7664bf5ed4baf932328fabfe761f32f21ec1b577e7d54a7fee6613de25f?s=96&d=mm&r=g","contentUrl":"https:\/\/secure.gravatar.com\/avatar\/2915f7664bf5ed4baf932328fabfe761f32f21ec1b577e7d54a7fee6613de25f?s=96&d=mm&r=g","caption":"Alicia Ria\u00f1o"},"description":"Periodista experta en comunicaci\u00f3n y marketing digital. Escribo para acercar la informaci\u00f3n legal de forma sencilla y comprensible a las personas.","sameAs":["https:\/\/www.linkedin.com\/in\/alicia-r-932a2959"],"url":"https:\/\/www.reclamador.es\/blog\/author\/alicia-riano\/"}]}},"jetpack_featured_media_url":"https:\/\/i0.wp.com\/www.reclamador.es\/blog\/wp-content\/uploads\/2020\/01\/guitarra-viajar-con-instrumentos-musicales-en-avion.jpg?fit=1200%2C630&ssl=1","jetpack-related-posts":[{"id":4773,"url":"https:\/\/www.reclamador.es\/blog\/equipajes-especiales\/","url_meta":{"origin":23999,"position":0},"title":"\u00bfQu\u00e9 se considera equipaje especial en un vuelo y c\u00f3mo se factura?","author":"Equipo reclamador","date":"27 febrero, 2024","format":false,"excerpt":"Hay tantos tipos de viajeros en el mundo como aficiones y empleos. Lo que uno pueda necesitar no lo necesita el otro y, quiz\u00e1s, nunca te hab\u00edas parado a pensar si est\u00e1 permitido viajar con todo el material que necesitas. Todo esto podr\u00eda entrar en lo que se denomina equipaje\u2026","rel":"","context":"En \u00abConsejos legales\u00bb","block_context":{"text":"Consejos legales","link":"https:\/\/www.reclamador.es\/blog\/consejos\/"},"img":{"alt_text":"reclamador - Surf, bicis, instrumentos musicales... c\u00f3mo facturar equipaje especial","src":"https:\/\/i0.wp.com\/www.reclamador.es\/blog\/wp-content\/uploads\/2024\/02\/equipaje-especial-surf-bicicleta-deportes-instrumentos-aerolineas-1200x630-1.jpg?fit=1200%2C630&ssl=1&resize=350%2C200","width":350,"height":200,"srcset":"https:\/\/i0.wp.com\/www.reclamador.es\/blog\/wp-content\/uploads\/2024\/02\/equipaje-especial-surf-bicicleta-deportes-instrumentos-aerolineas-1200x630-1.jpg?fit=1200%2C630&ssl=1&resize=350%2C200 1x, https:\/\/i0.wp.com\/www.reclamador.es\/blog\/wp-content\/uploads\/2024\/02\/equipaje-especial-surf-bicicleta-deportes-instrumentos-aerolineas-1200x630-1.jpg?fit=1200%2C630&ssl=1&resize=525%2C300 1.5x, https:\/\/i0.wp.com\/www.reclamador.es\/blog\/wp-content\/uploads\/2024\/02\/equipaje-especial-surf-bicicleta-deportes-instrumentos-aerolineas-1200x630-1.jpg?fit=1200%2C630&ssl=1&resize=700%2C400 2x, https:\/\/i0.wp.com\/www.reclamador.es\/blog\/wp-content\/uploads\/2024\/02\/equipaje-especial-surf-bicicleta-deportes-instrumentos-aerolineas-1200x630-1.jpg?fit=1200%2C630&ssl=1&resize=1050%2C600 3x"},"classes":[]},{"id":18816,"url":"https:\/\/www.reclamador.es\/blog\/consejos-para-tu-equipaje-antes-de-volar\/","url_meta":{"origin":23999,"position":1},"title":"Consejos para preparar el equipaje antes de un vuelo","author":"Equipo reclamador","date":"8 agosto, 2023","format":false,"excerpt":"*Contenido revisado mayo 2025 La tarea de hacer la maleta para viajar en avi\u00f3n y\u00a0preparar todo el equipaje, es de esas cosas que pueden parecer muy sencillas, pero que no lo son tanto. Ya sea por espacio en la maleta o por las restricciones que existan, antes de volar, es\u2026","rel":"","context":"En \u00abConsejos legales\u00bb","block_context":{"text":"Consejos legales","link":"https:\/\/www.reclamador.es\/blog\/consejos\/"},"img":{"alt_text":"hacer la maleta reclamador","src":"https:\/\/i0.wp.com\/www.reclamador.es\/blog\/wp-content\/uploads\/2019\/08\/hacer-la-maleta-viaje-avion_destacada.jpg?fit=800%2C419&ssl=1&resize=350%2C200","width":350,"height":200,"srcset":"https:\/\/i0.wp.com\/www.reclamador.es\/blog\/wp-content\/uploads\/2019\/08\/hacer-la-maleta-viaje-avion_destacada.jpg?fit=800%2C419&ssl=1&resize=350%2C200 1x, https:\/\/i0.wp.com\/www.reclamador.es\/blog\/wp-content\/uploads\/2019\/08\/hacer-la-maleta-viaje-avion_destacada.jpg?fit=800%2C419&ssl=1&resize=525%2C300 1.5x, https:\/\/i0.wp.com\/www.reclamador.es\/blog\/wp-content\/uploads\/2019\/08\/hacer-la-maleta-viaje-avion_destacada.jpg?fit=800%2C419&ssl=1&resize=700%2C400 2x"},"classes":[]},{"id":33651,"url":"https:\/\/www.reclamador.es\/blog\/raquetas-de-tenis-en-avion-pala-de-padel\/","url_meta":{"origin":23999,"position":2},"title":"\u00bfRaquetas de tenis o palas de p\u00e1del como equipaje de mano o facturado para volar?","author":"Equipo reclamador","date":"30 enero, 2025","format":false,"excerpt":"\u00bfSe puede llevar una raqueta como equipaje de mano en un vuelo? \u00bfY una pala de p\u00e1del? Puede parecer algo anecd\u00f3tico, pero no lo es. La afici\u00f3n por estos deportes es cada vez mayor y muchos aficionados y aficionadas a los deportes de raqueta planean viajes y vacaciones en lugares\u2026","rel":"","context":"En \u00abConsejos legales\u00bb","block_context":{"text":"Consejos legales","link":"https:\/\/www.reclamador.es\/blog\/consejos\/"},"img":{"alt_text":"equipaje de mano o equipaje facturado raquetas de tenis y palas de padel - aerolineas - reclamador.es","src":"https:\/\/i0.wp.com\/www.reclamador.es\/blog\/wp-content\/uploads\/2025\/01\/raqueta-de-tenis-equipaje-de-mano-1200x630-1.jpg?fit=1200%2C630&ssl=1&resize=350%2C200","width":350,"height":200,"srcset":"https:\/\/i0.wp.com\/www.reclamador.es\/blog\/wp-content\/uploads\/2025\/01\/raqueta-de-tenis-equipaje-de-mano-1200x630-1.jpg?fit=1200%2C630&ssl=1&resize=350%2C200 1x, https:\/\/i0.wp.com\/www.reclamador.es\/blog\/wp-content\/uploads\/2025\/01\/raqueta-de-tenis-equipaje-de-mano-1200x630-1.jpg?fit=1200%2C630&ssl=1&resize=525%2C300 1.5x, https:\/\/i0.wp.com\/www.reclamador.es\/blog\/wp-content\/uploads\/2025\/01\/raqueta-de-tenis-equipaje-de-mano-1200x630-1.jpg?fit=1200%2C630&ssl=1&resize=700%2C400 2x, https:\/\/i0.wp.com\/www.reclamador.es\/blog\/wp-content\/uploads\/2025\/01\/raqueta-de-tenis-equipaje-de-mano-1200x630-1.jpg?fit=1200%2C630&ssl=1&resize=1050%2C600 3x"},"classes":[]},{"id":29280,"url":"https:\/\/www.reclamador.es\/blog\/problemas-habituales-equipaje-facturado\/","url_meta":{"origin":23999,"position":3},"title":"Problemas m\u00e1s habituales que sufren los pasajeros a\u00e9reos con el equipaje facturado","author":"Equipo reclamador","date":"17 febrero, 2022","format":false,"excerpt":"*Contenido actualizado mayo 2025 Los problemas de equipaje son, por volumen, la tercera causa de reclamaci\u00f3n a compa\u00f1\u00edas a\u00e9reas, por detr\u00e1s de las cancelaciones de vuelos y los retrasos. Pero \u00bfCu\u00e1les son esos problemas a los que se enfrentan los viajeros con su equipaje facturado? Pues, adem\u00e1s del extrav\u00edo del\u2026","rel":"","context":"En \u00abConsejos legales\u00bb","block_context":{"text":"Consejos legales","link":"https:\/\/www.reclamador.es\/blog\/consejos\/"},"img":{"alt_text":"problemas con el equipaje facturado","src":"https:\/\/i0.wp.com\/www.reclamador.es\/blog\/wp-content\/uploads\/2022\/02\/problemas-equipaje-aerolineas-danos-en-el-equipaje.jpg?fit=1200%2C668&ssl=1&resize=350%2C200","width":350,"height":200,"srcset":"https:\/\/i0.wp.com\/www.reclamador.es\/blog\/wp-content\/uploads\/2022\/02\/problemas-equipaje-aerolineas-danos-en-el-equipaje.jpg?fit=1200%2C668&ssl=1&resize=350%2C200 1x, https:\/\/i0.wp.com\/www.reclamador.es\/blog\/wp-content\/uploads\/2022\/02\/problemas-equipaje-aerolineas-danos-en-el-equipaje.jpg?fit=1200%2C668&ssl=1&resize=525%2C300 1.5x, https:\/\/i0.wp.com\/www.reclamador.es\/blog\/wp-content\/uploads\/2022\/02\/problemas-equipaje-aerolineas-danos-en-el-equipaje.jpg?fit=1200%2C668&ssl=1&resize=700%2C400 2x, https:\/\/i0.wp.com\/www.reclamador.es\/blog\/wp-content\/uploads\/2022\/02\/problemas-equipaje-aerolineas-danos-en-el-equipaje.jpg?fit=1200%2C668&ssl=1&resize=1050%2C600 3x"},"classes":[]},{"id":34867,"url":"https:\/\/www.reclamador.es\/blog\/power-bank-en-el-avion\/","url_meta":{"origin":23999,"position":4},"title":"\u00bfQu\u00e9 tipo de power bank puedes llevar en el avi\u00f3n?","author":"Alicia Ria\u00f1o","date":"25 agosto, 2025","format":false,"excerpt":"Las power banks, o bater\u00edas port\u00e1tiles, son un gran aliado en viajes, tanto por ocio como desplazamiento por trabajo, pero dadas las numerosas restricciones que encontramos a d\u00eda de hoy con elementos tecnol\u00f3gicos a la hora de volar, muchas personas se preguntan si se puede llevar una power bank en\u2026","rel":"","context":"En \u00abConsejos legales\u00bb","block_context":{"text":"Consejos legales","link":"https:\/\/www.reclamador.es\/blog\/consejos\/"},"img":{"alt_text":"tipo de power bank que se puede llevar en un avion","src":"https:\/\/i0.wp.com\/www.reclamador.es\/blog\/wp-content\/uploads\/2025\/08\/llevar-power-bank-en-el-avion.jpg?fit=1200%2C630&ssl=1&resize=350%2C200","width":350,"height":200,"srcset":"https:\/\/i0.wp.com\/www.reclamador.es\/blog\/wp-content\/uploads\/2025\/08\/llevar-power-bank-en-el-avion.jpg?fit=1200%2C630&ssl=1&resize=350%2C200 1x, https:\/\/i0.wp.com\/www.reclamador.es\/blog\/wp-content\/uploads\/2025\/08\/llevar-power-bank-en-el-avion.jpg?fit=1200%2C630&ssl=1&resize=525%2C300 1.5x, https:\/\/i0.wp.com\/www.reclamador.es\/blog\/wp-content\/uploads\/2025\/08\/llevar-power-bank-en-el-avion.jpg?fit=1200%2C630&ssl=1&resize=700%2C400 2x, https:\/\/i0.wp.com\/www.reclamador.es\/blog\/wp-content\/uploads\/2025\/08\/llevar-power-bank-en-el-avion.jpg?fit=1200%2C630&ssl=1&resize=1050%2C600 3x"},"classes":[]},{"id":566,"url":"https:\/\/www.reclamador.es\/blog\/reclamaciones-de-equipajes-compartidos\/","url_meta":{"origin":23999,"position":5},"title":"\u00bfCompart\u00edas maleta en tu viaje en avi\u00f3n y se ha perdido? Reclamaciones de equipajes compartidos por varias personas","author":"Equipo reclamador","date":"22 febrero, 2025","format":false,"excerpt":"Hacer el equipaje en \u00e9poca vacacional (o en cualquier viaje que tengas a lo largo del a\u00f1o) puede traerte dolores de cabeza. Las medidas m\u00e1ximas que las aerol\u00edneas permiten llevar a los viajeros en cabina a veces se quedan cortas para transportar todo lo que necesitas durante tu viaje. Es\u2026","rel":"","context":"En \u00abConsejos legales\u00bb","block_context":{"text":"Consejos legales","link":"https:\/\/www.reclamador.es\/blog\/consejos\/"},"img":{"alt_text":"guia para Reclamar equipaje compartido con amigos o familiares","src":"https:\/\/i0.wp.com\/www.reclamador.es\/blog\/wp-content\/uploads\/2020\/08\/reclamaciones-de-equipajes-compartidos-por-varias-personas-1200x630-1.jpg?fit=1200%2C630&ssl=1&resize=350%2C200","width":350,"height":200,"srcset":"https:\/\/i0.wp.com\/www.reclamador.es\/blog\/wp-content\/uploads\/2020\/08\/reclamaciones-de-equipajes-compartidos-por-varias-personas-1200x630-1.jpg?fit=1200%2C630&ssl=1&resize=350%2C200 1x, https:\/\/i0.wp.com\/www.reclamador.es\/blog\/wp-content\/uploads\/2020\/08\/reclamaciones-de-equipajes-compartidos-por-varias-personas-1200x630-1.jpg?fit=1200%2C630&ssl=1&resize=525%2C300 1.5x, https:\/\/i0.wp.com\/www.reclamador.es\/blog\/wp-content\/uploads\/2020\/08\/reclamaciones-de-equipajes-compartidos-por-varias-personas-1200x630-1.jpg?fit=1200%2C630&ssl=1&resize=700%2C400 2x, https:\/\/i0.wp.com\/www.reclamador.es\/blog\/wp-content\/uploads\/2020\/08\/reclamaciones-de-equipajes-compartidos-por-varias-personas-1200x630-1.jpg?fit=1200%2C630&ssl=1&resize=1050%2C600 3x"},"classes":[]}],"jetpack_sharing_enabled":true,"_links":{"self":[{"href":"https:\/\/www.reclamador.es\/blog\/wp-json\/wp\/v2\/posts\/23999","targetHints":{"allow":["GET"]}}],"collection":[{"href":"https:\/\/www.reclamador.es\/blog\/wp-json\/wp\/v2\/posts"}],"about":[{"href":"https:\/\/www.reclamador.es\/blog\/wp-json\/wp\/v2\/types\/post"}],"author":[{"embeddable":true,"href":"https:\/\/www.reclamador.es\/blog\/wp-json\/wp\/v2\/users\/28"}],"replies":[{"embeddable":true,"href":"https:\/\/www.reclamador.es\/blog\/wp-json\/wp\/v2\/comments?post=23999"}],"version-history":[{"count":10,"href":"https:\/\/www.reclamador.es\/blog\/wp-json\/wp\/v2\/posts\/23999\/revisions"}],"predecessor-version":[{"id":34125,"href":"https:\/\/www.reclamador.es\/blog\/wp-json\/wp\/v2\/posts\/23999\/revisions\/34125"}],"wp:featuredmedia":[{"embeddable":true,"href":"https:\/\/www.reclamador.es\/blog\/wp-json\/wp\/v2\/media\/33389"}],"wp:attachment":[{"href":"https:\/\/www.reclamador.es\/blog\/wp-json\/wp\/v2\/media?parent=23999"}],"wp:term":[{"taxonomy":"category","embeddable":true,"href":"https:\/\/www.reclamador.es\/blog\/wp-json\/wp\/v2\/categories?post=23999"},{"taxonomy":"post_tag","embeddable":true,"href":"https:\/\/www.reclamador.es\/blog\/wp-json\/wp\/v2\/tags?post=23999"}],"curies":[{"name":"wp","href":"https:\/\/api.w.org\/{rel}","templated":true}]}}