{"id":23699,"date":"2019-11-22T10:33:48","date_gmt":"2019-11-22T09:33:48","guid":{"rendered":"https:\/\/www.reclamador.es\/blog\/?p=23699"},"modified":"2025-05-09T13:31:26","modified_gmt":"2025-05-09T11:31:26","slug":"sentencia-equipaje-de-mano-de-ryanair","status":"publish","type":"post","link":"https:\/\/www.reclamador.es\/blog\/sentencia-equipaje-de-mano-de-ryanair\/","title":{"rendered":"\u00bfEs abusivo el suplemento por equipaje de mano de Ryanair?"},"content":{"rendered":"<div class=\"ttr_start\"><\/div>\n\n<div class=\"kk-star-ratings kksr-auto kksr-align-right kksr-valign-top\"\n    data-payload='{&quot;align&quot;:&quot;right&quot;,&quot;id&quot;:&quot;23699&quot;,&quot;slug&quot;:&quot;default&quot;,&quot;valign&quot;:&quot;top&quot;,&quot;ignore&quot;:&quot;&quot;,&quot;reference&quot;:&quot;auto&quot;,&quot;class&quot;:&quot;&quot;,&quot;count&quot;:&quot;2&quot;,&quot;legendonly&quot;:&quot;&quot;,&quot;readonly&quot;:&quot;&quot;,&quot;score&quot;:&quot;3.5&quot;,&quot;starsonly&quot;:&quot;&quot;,&quot;best&quot;:&quot;5&quot;,&quot;gap&quot;:&quot;3&quot;,&quot;greet&quot;:&quot;Valora este art\u00edculo&quot;,&quot;legend&quot;:&quot;3.5\\\/5 - (2 votos)&quot;,&quot;size&quot;:&quot;20&quot;,&quot;title&quot;:&quot;\u00bfEs abusivo el suplemento por equipaje de mano de Ryanair?&quot;,&quot;width&quot;:&quot;79&quot;,&quot;_legend&quot;:&quot;{score}\\\/{best} - ({count} {votes})&quot;,&quot;font_factor&quot;:&quot;1.25&quot;}'>\n            \n<div class=\"kksr-stars\">\n    \n<div class=\"kksr-stars-inactive\">\n            <div class=\"kksr-star\" data-star=\"1\" style=\"padding-right: 3px\">\n            \n\n<div class=\"kksr-icon\" style=\"width: 20px; height: 20px;\"><\/div>\n        <\/div>\n            <div class=\"kksr-star\" data-star=\"2\" style=\"padding-right: 3px\">\n            \n\n<div class=\"kksr-icon\" style=\"width: 20px; height: 20px;\"><\/div>\n        <\/div>\n            <div class=\"kksr-star\" data-star=\"3\" style=\"padding-right: 3px\">\n            \n\n<div class=\"kksr-icon\" style=\"width: 20px; height: 20px;\"><\/div>\n        <\/div>\n            <div class=\"kksr-star\" data-star=\"4\" style=\"padding-right: 3px\">\n            \n\n<div class=\"kksr-icon\" style=\"width: 20px; height: 20px;\"><\/div>\n        <\/div>\n            <div class=\"kksr-star\" data-star=\"5\" style=\"padding-right: 3px\">\n            \n\n<div class=\"kksr-icon\" style=\"width: 20px; height: 20px;\"><\/div>\n        <\/div>\n    <\/div>\n    \n<div class=\"kksr-stars-active\" style=\"width: 79px;\">\n            <div class=\"kksr-star\" style=\"padding-right: 3px\">\n            \n\n<div class=\"kksr-icon\" style=\"width: 20px; height: 20px;\"><\/div>\n        <\/div>\n            <div class=\"kksr-star\" style=\"padding-right: 3px\">\n            \n\n<div class=\"kksr-icon\" style=\"width: 20px; height: 20px;\"><\/div>\n        <\/div>\n            <div class=\"kksr-star\" style=\"padding-right: 3px\">\n            \n\n<div class=\"kksr-icon\" style=\"width: 20px; height: 20px;\"><\/div>\n        <\/div>\n            <div class=\"kksr-star\" style=\"padding-right: 3px\">\n            \n\n<div class=\"kksr-icon\" style=\"width: 20px; height: 20px;\"><\/div>\n        <\/div>\n            <div class=\"kksr-star\" style=\"padding-right: 3px\">\n            \n\n<div class=\"kksr-icon\" style=\"width: 20px; height: 20px;\"><\/div>\n        <\/div>\n    <\/div>\n<\/div>\n                \n\n<div class=\"kksr-legend\" style=\"font-size: 16px;\">\n            3.5\/5 - (2 votos)    <\/div>\n    <\/div>\n<figure id=\"attachment_33225\" aria-describedby=\"caption-attachment-33225\" style=\"width: 1200px\" class=\"wp-caption aligncenter\"><img data-recalc-dims=\"1\" loading=\"lazy\" decoding=\"async\" class=\"size-full wp-image-33225\" src=\"https:\/\/i0.wp.com\/www.reclamador.es\/blog\/wp-content\/uploads\/2019\/11\/ryanair-sentencia-equipaje-de-mano.jpg?resize=1200%2C630&#038;ssl=1\" alt=\"An\u00e1lisis sentencia Ryanair equipaje de mano\" width=\"1200\" height=\"630\" srcset=\"https:\/\/i0.wp.com\/www.reclamador.es\/blog\/wp-content\/uploads\/2019\/11\/ryanair-sentencia-equipaje-de-mano.jpg?w=1200&amp;ssl=1 1200w, https:\/\/i0.wp.com\/www.reclamador.es\/blog\/wp-content\/uploads\/2019\/11\/ryanair-sentencia-equipaje-de-mano.jpg?resize=800%2C420&amp;ssl=1 800w, https:\/\/i0.wp.com\/www.reclamador.es\/blog\/wp-content\/uploads\/2019\/11\/ryanair-sentencia-equipaje-de-mano.jpg?resize=150%2C79&amp;ssl=1 150w, https:\/\/i0.wp.com\/www.reclamador.es\/blog\/wp-content\/uploads\/2019\/11\/ryanair-sentencia-equipaje-de-mano.jpg?resize=768%2C403&amp;ssl=1 768w\" sizes=\"auto, (max-width: 1000px) 100vw, 1000px\" \/><figcaption id=\"caption-attachment-33225\" class=\"wp-caption-text\"><em>An\u00e1lisis sentencia Ryanair equipaje de mano<\/em><\/figcaption><\/figure>\n<p><span style=\"font-weight: 400;\">Recientemente, hemos conocido una sentencia del Juzgado de lo Mercantil N\u00ba13 de Madrid que condena a <strong><a href=\"https:\/\/www.reclamador.es\/aerolineas\/ryanair\/\">Ryanair<\/a><\/strong> a la devoluci\u00f3n de las cantidades abonadas por una pasajera de Ryanair en concepto de suplemento de equipaje de mano al no tener contratada la tarifa <em>priority<\/em> de la compa\u00f1\u00eda a\u00e9rea irlandesa. Tarifa que permite subir dos bultos como equipaje de mano al avi\u00f3n. Se trata de un bolso de peque\u00f1as dimensiones y una maleta de hasta 10 kg de peso de 55x40x20 cent\u00edmetros.\u00a0<\/span><\/p>\n<p><span style=\"font-weight: 400;\">Pero no solo eso. En esta sentencia se considera que este suplemento es abusivo. Esto dar\u00e1 lugar a que casos similares, en los que se cobran suplementos adicionales cuyo fin es aumentar el precio final del billete, tengan similar declaraci\u00f3n ante los tribunales.<\/span><\/p>\n<h2><b>Cl\u00e1usula abusiva de Ryanair por el equipaje de mano<\/b><\/h2>\n<p><span style=\"font-weight: 400;\">Aunque se trata s\u00f3lo de una sentencia, y no ten\u00eda por objeto la declaraci\u00f3n de nulidad de ninguna cl\u00e1usula contractual, sino solo la devoluci\u00f3n del importe que se oblig\u00f3 a pagar a la pasajera, marca el camino de casos semejantes en que se piden cantidades adicionales de forma totalmente artificiosa y que sirven, en realidad, para aumentar el precio final del billete, al imponer restricciones ficticias y no amparadas en norma alguna que solo pueden superarse si pagas una cantidad adicional.<\/span><\/p>\n<p><span style=\"font-weight: 400;\">Ryanair justificaba el suplemento en el Reglamento europeo 1008\/2008 que permiti\u00f3 la liberalizaci\u00f3n de precios en la navegaci\u00f3n a\u00e9rea y que por lo tanto, pod\u00eda fijar un precio para determinadas situaciones como el equipaje de mano.<\/span><\/p>\n<p><span style=\"font-weight: 400;\">Sin embargo, la Juez, recordando la Sentencia del Tribunal de Justicia de la Uni\u00f3n Europea de 18 de septiembre de 2014, que resolvi\u00f3 sobre un asunto semejante a solicitud del Instituto Gallego de Consumo, se\u00f1ala que <\/span><i><span style=\"font-weight: 400;\">\"el cambio en la pol\u00edtica comercial de Ryanair respecto de las tarifas aplicables al de equipaje, no est\u00e1 amparada por el Reglamento 1008\/2008 y la jurisprudencia que lo interpreta y no puede ser sino considerada abusiva al cercenar los derechos que el pasajero tiene reconocidos por ley (Art\u00edculo 97 LNA)\"<\/span><\/i><span style=\"font-weight: 400;\">.\u00a0<\/span><\/p>\n<h6 style=\"text-align: center;\"><strong><a href=\"https:\/\/reclamador-static.s3.amazonaws.com\/redactor\/Jdo%20Mercantil%2013%20Madrid%2024%20octubre%202019.pdf\">Descarga aqu\u00ed la sentencia completa<\/a><\/strong><\/h6>\n<h2><strong>En reclamador.es valoramos positivamente esta sentencia contra la pol\u00edtica de equipaje de mano de Ryanair<\/strong><\/h2>\n<p><span style=\"font-weight: 400;\">Desde reclamador.es aplaudimos esta sentencia porque pone el foco en otra pr\u00e1ctica abusiva que ha de ser desterrada. Esta vez en el transporte a\u00e9reo. Pues adem\u00e1s de declarar la abusividad de esta exigencia en una de las aerol\u00edneas que m\u00e1s viajeros transporta en Espa\u00f1a, creemos que abrir\u00e1 la puerta para casos semejantes en otras aerol\u00edneas o conceptos que, al igual que este suplemento, cuyo \u00fanico fin sea aumentar el precio final del billete.\u00a0<\/span><\/p>\n<h2><strong>El retraso o p\u00e9rdida de equipaje se puede reclamar\u00a0<\/strong><\/h2>\n<p>Si tu maleta no aparece por la cinta de equipajes, debes dirigirte al mostrador de la aerol\u00ednea y rellenar el <strong><a href=\"https:\/\/www.reclamador.es\/ayuda\/aerolineas\/que-documento-es-el-pir\/\">Parte de Irregularidad de Equipaje<\/a><\/strong> (PIR). Si has salido del aeropuerto sin rellenar este documento, puedes acceder a la p\u00e1gina web de la compa\u00f1\u00eda a\u00e9rea y completarlo, eso s\u00ed, para que tu <a href=\"https:\/\/www.reclamador.es\/aerolineas\/problemas-equipaje\/\">reclamaci\u00f3n por equipaje<\/a> posterior sea v\u00e1lida, debes rellenar el PIR en un plazo de 7 d\u00edas.<\/p>\n<p>Aqu\u00ed debemos <strong>diferenciar entre retraso de equipaje y p\u00e9rdida de equipaje.<\/strong> Si la maleta aparece antes de que transcurran 21 d\u00edas, se considera retraso y podr\u00e1s reclamar todos los gastos (acreditables con facturas) que te hubiera supuesto el retraso en la entrega del equipaje. Pasados esos 21 d\u00edas, se considera equipaje perdido. En este caso, tienes derecho a reclamar una indemnizaci\u00f3n econ\u00f3mica.<\/p>\n<p>No lo dudes. Si has sufrido problemas con tu equipaje, ponte en contacto con nuestro equipo de expertos en reclamaciones a\u00e9reas. Estudiaremos tu caso sin compromiso.<\/p>\n<h2 style=\"text-align: center;\"><a class=\"button-lead\" href=\"https:\/\/www.reclamador.es\/form\/complaint\/luggage\/\" rel=\"nofollow noopener\"><b>Comienza tu reclamaci\u00f3n de equipaje<\/b><\/a><\/h2>\n<p style=\"text-align: center;\">\n<div class=\"ttr_end\"><\/div>","protected":false},"excerpt":{"rendered":"<p>Recientemente, hemos conocido una sentencia del Juzgado de lo Mercantil N\u00ba13 de Madrid que condena a Ryanair a la devoluci\u00f3n de las cantidades abonadas por una pasajera de Ryanair en concepto de suplemento de equipaje de mano al no tener contratada la tarifa priority de la compa\u00f1\u00eda a\u00e9rea irlandesa. Tarifa que permite subir dos bultos [&hellip;]<\/p>\n","protected":false},"author":42,"featured_media":33225,"comment_status":"open","ping_status":"open","sticky":false,"template":"","format":"standard","meta":{"_acf_changed":false,"_genesis_hide_title":false,"_genesis_hide_breadcrumbs":false,"_genesis_hide_singular_image":false,"_genesis_hide_footer_widgets":false,"_genesis_custom_body_class":"","_genesis_custom_post_class":"","_genesis_layout":"","_jetpack_newsletter_access":"","_jetpack_dont_email_post_to_subs":false,"_jetpack_newsletter_tier_id":0,"_jetpack_memberships_contains_paywalled_content":false,"_jetpack_memberships_contains_paid_content":false,"footnotes":""},"categories":[392],"tags":[654],"class_list":{"0":"post-23699","1":"post","2":"type-post","3":"status-publish","4":"format-standard","5":"has-post-thumbnail","7":"category-noticias","8":"tag-equipaje","9":"entry"},"acf":[],"yoast_head":"<!-- This site is optimized with the Yoast SEO plugin v27.4 - https:\/\/yoast.com\/product\/yoast-seo-wordpress\/ -->\n<title>El suplemento por equipaje de mano de Ryanair es abusivo<\/title>\n<meta name=\"description\" content=\"Sentencia de un juzgado madrile\u00f1o sobre la pol\u00edtica comercial de equipaje de mano de Ryanair. Condena a un pasajero a devolver lo pagado por este concepto.\" \/>\n<meta name=\"robots\" content=\"index, follow, max-snippet:-1, max-image-preview:large, max-video-preview:-1\" \/>\n<link rel=\"canonical\" href=\"https:\/\/www.reclamador.es\/blog\/sentencia-equipaje-de-mano-de-ryanair\/\" \/>\n<meta property=\"og:locale\" content=\"es_ES\" \/>\n<meta property=\"og:type\" content=\"article\" \/>\n<meta property=\"og:title\" content=\"El suplemento por equipaje de mano de Ryanair es abusivo\" \/>\n<meta property=\"og:description\" content=\"Sentencia de un juzgado madrile\u00f1o sobre la pol\u00edtica comercial de equipaje de mano de Ryanair. Condena a un pasajero a devolver lo pagado por este concepto.\" \/>\n<meta property=\"og:url\" content=\"https:\/\/www.reclamador.es\/blog\/sentencia-equipaje-de-mano-de-ryanair\/\" \/>\n<meta property=\"og:site_name\" content=\"Rebeldes con causa, el blog de reclamador.es\" \/>\n<meta property=\"article:publisher\" content=\"https:\/\/www.facebook.com\/reclamador.es\" \/>\n<meta property=\"article:published_time\" content=\"2019-11-22T09:33:48+00:00\" \/>\n<meta property=\"article:modified_time\" content=\"2025-05-09T11:31:26+00:00\" \/>\n<meta property=\"og:image\" content=\"https:\/\/www.reclamador.es\/blog\/wp-content\/uploads\/2019\/11\/ryanair-sentencia-equipaje-de-mano.jpg\" \/>\n\t<meta property=\"og:image:width\" content=\"1200\" \/>\n\t<meta property=\"og:image:height\" content=\"630\" \/>\n\t<meta property=\"og:image:type\" content=\"image\/jpeg\" \/>\n<meta name=\"author\" content=\"Irene Becerra\" \/>\n<meta name=\"twitter:card\" content=\"summary_large_image\" \/>\n<meta name=\"twitter:creator\" content=\"@reclamador\" \/>\n<meta name=\"twitter:site\" content=\"@reclamador\" \/>\n<meta name=\"twitter:label1\" content=\"Escrito por\" \/>\n\t<meta name=\"twitter:data1\" content=\"Irene Becerra\" \/>\n\t<meta name=\"twitter:label2\" content=\"Tiempo de lectura\" \/>\n\t<meta name=\"twitter:data2\" content=\"4 minutos\" \/>\n<script type=\"application\/ld+json\" class=\"yoast-schema-graph\">{\"@context\":\"https:\\\/\\\/schema.org\",\"@graph\":[{\"@type\":\"Article\",\"@id\":\"https:\\\/\\\/www.reclamador.es\\\/blog\\\/sentencia-equipaje-de-mano-de-ryanair\\\/#article\",\"isPartOf\":{\"@id\":\"https:\\\/\\\/www.reclamador.es\\\/blog\\\/sentencia-equipaje-de-mano-de-ryanair\\\/\"},\"author\":{\"name\":\"Irene Becerra\",\"@id\":\"https:\\\/\\\/www.reclamador.es\\\/blog\\\/#\\\/schema\\\/person\\\/167c6a8e7ae112e44868f235dc20bacb\"},\"headline\":\"\u00bfEs abusivo el suplemento por equipaje de mano de Ryanair?\",\"datePublished\":\"2019-11-22T09:33:48+00:00\",\"dateModified\":\"2025-05-09T11:31:26+00:00\",\"mainEntityOfPage\":{\"@id\":\"https:\\\/\\\/www.reclamador.es\\\/blog\\\/sentencia-equipaje-de-mano-de-ryanair\\\/\"},\"wordCount\":662,\"commentCount\":1,\"publisher\":{\"@id\":\"https:\\\/\\\/www.reclamador.es\\\/blog\\\/#organization\"},\"image\":{\"@id\":\"https:\\\/\\\/www.reclamador.es\\\/blog\\\/sentencia-equipaje-de-mano-de-ryanair\\\/#primaryimage\"},\"thumbnailUrl\":\"https:\\\/\\\/i0.wp.com\\\/www.reclamador.es\\\/blog\\\/wp-content\\\/uploads\\\/2019\\\/11\\\/ryanair-sentencia-equipaje-de-mano.jpg?fit=1200%2C630&ssl=1\",\"keywords\":[\"equipaje\"],\"articleSection\":[\"Noticias y actualidad\"],\"inLanguage\":\"es\",\"potentialAction\":[{\"@type\":\"CommentAction\",\"name\":\"Comment\",\"target\":[\"https:\\\/\\\/www.reclamador.es\\\/blog\\\/sentencia-equipaje-de-mano-de-ryanair\\\/#respond\"]}]},{\"@type\":\"WebPage\",\"@id\":\"https:\\\/\\\/www.reclamador.es\\\/blog\\\/sentencia-equipaje-de-mano-de-ryanair\\\/\",\"url\":\"https:\\\/\\\/www.reclamador.es\\\/blog\\\/sentencia-equipaje-de-mano-de-ryanair\\\/\",\"name\":\"El suplemento por equipaje de mano de Ryanair es abusivo\",\"isPartOf\":{\"@id\":\"https:\\\/\\\/www.reclamador.es\\\/blog\\\/#website\"},\"primaryImageOfPage\":{\"@id\":\"https:\\\/\\\/www.reclamador.es\\\/blog\\\/sentencia-equipaje-de-mano-de-ryanair\\\/#primaryimage\"},\"image\":{\"@id\":\"https:\\\/\\\/www.reclamador.es\\\/blog\\\/sentencia-equipaje-de-mano-de-ryanair\\\/#primaryimage\"},\"thumbnailUrl\":\"https:\\\/\\\/i0.wp.com\\\/www.reclamador.es\\\/blog\\\/wp-content\\\/uploads\\\/2019\\\/11\\\/ryanair-sentencia-equipaje-de-mano.jpg?fit=1200%2C630&ssl=1\",\"datePublished\":\"2019-11-22T09:33:48+00:00\",\"dateModified\":\"2025-05-09T11:31:26+00:00\",\"description\":\"Sentencia de un juzgado madrile\u00f1o sobre la pol\u00edtica comercial de equipaje de mano de Ryanair. Condena a un pasajero a devolver lo pagado por este concepto.\",\"breadcrumb\":{\"@id\":\"https:\\\/\\\/www.reclamador.es\\\/blog\\\/sentencia-equipaje-de-mano-de-ryanair\\\/#breadcrumb\"},\"inLanguage\":\"es\",\"potentialAction\":[{\"@type\":\"ReadAction\",\"target\":[\"https:\\\/\\\/www.reclamador.es\\\/blog\\\/sentencia-equipaje-de-mano-de-ryanair\\\/\"]}]},{\"@type\":\"ImageObject\",\"inLanguage\":\"es\",\"@id\":\"https:\\\/\\\/www.reclamador.es\\\/blog\\\/sentencia-equipaje-de-mano-de-ryanair\\\/#primaryimage\",\"url\":\"https:\\\/\\\/i0.wp.com\\\/www.reclamador.es\\\/blog\\\/wp-content\\\/uploads\\\/2019\\\/11\\\/ryanair-sentencia-equipaje-de-mano.jpg?fit=1200%2C630&ssl=1\",\"contentUrl\":\"https:\\\/\\\/i0.wp.com\\\/www.reclamador.es\\\/blog\\\/wp-content\\\/uploads\\\/2019\\\/11\\\/ryanair-sentencia-equipaje-de-mano.jpg?fit=1200%2C630&ssl=1\",\"width\":1200,\"height\":630,\"caption\":\"An\u00e1lisis sentencia Ryanair equipaje de mano\"},{\"@type\":\"BreadcrumbList\",\"@id\":\"https:\\\/\\\/www.reclamador.es\\\/blog\\\/sentencia-equipaje-de-mano-de-ryanair\\\/#breadcrumb\",\"itemListElement\":[{\"@type\":\"ListItem\",\"position\":1,\"name\":\"Portada\",\"item\":\"https:\\\/\\\/www.reclamador.es\\\/blog\\\/\"},{\"@type\":\"ListItem\",\"position\":2,\"name\":\"\u00bfEs abusivo el suplemento por equipaje de mano de Ryanair?\"}]},{\"@type\":\"WebSite\",\"@id\":\"https:\\\/\\\/www.reclamador.es\\\/blog\\\/#website\",\"url\":\"https:\\\/\\\/www.reclamador.es\\\/blog\\\/\",\"name\":\"Rebeldes con causa, el blog de reclamador.es\",\"description\":\"Noticias, entrevistas y consejos sobre reclamaciones\",\"publisher\":{\"@id\":\"https:\\\/\\\/www.reclamador.es\\\/blog\\\/#organization\"},\"potentialAction\":[{\"@type\":\"SearchAction\",\"target\":{\"@type\":\"EntryPoint\",\"urlTemplate\":\"https:\\\/\\\/www.reclamador.es\\\/blog\\\/?s={search_term_string}\"},\"query-input\":{\"@type\":\"PropertyValueSpecification\",\"valueRequired\":true,\"valueName\":\"search_term_string\"}}],\"inLanguage\":\"es\"},{\"@type\":\"Organization\",\"@id\":\"https:\\\/\\\/www.reclamador.es\\\/blog\\\/#organization\",\"name\":\"reclamador.es\",\"url\":\"https:\\\/\\\/www.reclamador.es\\\/blog\\\/\",\"logo\":{\"@type\":\"ImageObject\",\"inLanguage\":\"es\",\"@id\":\"https:\\\/\\\/www.reclamador.es\\\/blog\\\/#\\\/schema\\\/logo\\\/image\\\/\",\"url\":\"https:\\\/\\\/i0.wp.com\\\/www.reclamador.es\\\/blog\\\/wp-content\\\/uploads\\\/2020\\\/01\\\/logo-reclamador.png?fit=1200%2C144&ssl=1\",\"contentUrl\":\"https:\\\/\\\/i0.wp.com\\\/www.reclamador.es\\\/blog\\\/wp-content\\\/uploads\\\/2020\\\/01\\\/logo-reclamador.png?fit=1200%2C144&ssl=1\",\"width\":1200,\"height\":144,\"caption\":\"reclamador.es\"},\"image\":{\"@id\":\"https:\\\/\\\/www.reclamador.es\\\/blog\\\/#\\\/schema\\\/logo\\\/image\\\/\"},\"sameAs\":[\"https:\\\/\\\/www.facebook.com\\\/reclamador.es\",\"https:\\\/\\\/x.com\\\/reclamador\",\"https:\\\/\\\/www.instagram.com\\\/reclamador.es\\\/\",\"https:\\\/\\\/www.linkedin.com\\\/company\\\/reclamador-es\",\"https:\\\/\\\/www.youtube.com\\\/user\\\/Reclamadores\"]},{\"@type\":\"Person\",\"@id\":\"https:\\\/\\\/www.reclamador.es\\\/blog\\\/#\\\/schema\\\/person\\\/167c6a8e7ae112e44868f235dc20bacb\",\"name\":\"Irene Becerra\",\"image\":{\"@type\":\"ImageObject\",\"inLanguage\":\"es\",\"@id\":\"https:\\\/\\\/secure.gravatar.com\\\/avatar\\\/ca9343d7488e27ecc3f2fc5cd280c1a0977f52cdd93ab62b6a2d12e47f9c6e1a?s=96&d=mm&r=g\",\"url\":\"https:\\\/\\\/secure.gravatar.com\\\/avatar\\\/ca9343d7488e27ecc3f2fc5cd280c1a0977f52cdd93ab62b6a2d12e47f9c6e1a?s=96&d=mm&r=g\",\"contentUrl\":\"https:\\\/\\\/secure.gravatar.com\\\/avatar\\\/ca9343d7488e27ecc3f2fc5cd280c1a0977f52cdd93ab62b6a2d12e47f9c6e1a?s=96&d=mm&r=g\",\"caption\":\"Irene Becerra\"},\"description\":\"Directora Legal Corporativa. Disfruto conociendo el mundo y todas sus culturas. Mi labor se centra en que los procesos legales sean \u00f3ptimos y ajustados a Derecho.\",\"sameAs\":[\"https:\\\/\\\/www.linkedin.com\\\/in\\\/irene-becerra-correro\\\/\"],\"url\":\"https:\\\/\\\/www.reclamador.es\\\/blog\\\/author\\\/irene-becerra\\\/\"}]}<\/script>\n<!-- \/ Yoast SEO plugin. -->","yoast_head_json":{"title":"El suplemento por equipaje de mano de Ryanair es abusivo","description":"Sentencia de un juzgado madrile\u00f1o sobre la pol\u00edtica comercial de equipaje de mano de Ryanair. Condena a un pasajero a devolver lo pagado por este concepto.","robots":{"index":"index","follow":"follow","max-snippet":"max-snippet:-1","max-image-preview":"max-image-preview:large","max-video-preview":"max-video-preview:-1"},"canonical":"https:\/\/www.reclamador.es\/blog\/sentencia-equipaje-de-mano-de-ryanair\/","og_locale":"es_ES","og_type":"article","og_title":"El suplemento por equipaje de mano de Ryanair es abusivo","og_description":"Sentencia de un juzgado madrile\u00f1o sobre la pol\u00edtica comercial de equipaje de mano de Ryanair. Condena a un pasajero a devolver lo pagado por este concepto.","og_url":"https:\/\/www.reclamador.es\/blog\/sentencia-equipaje-de-mano-de-ryanair\/","og_site_name":"Rebeldes con causa, el blog de reclamador.es","article_publisher":"https:\/\/www.facebook.com\/reclamador.es","article_published_time":"2019-11-22T09:33:48+00:00","article_modified_time":"2025-05-09T11:31:26+00:00","og_image":[{"width":1200,"height":630,"url":"https:\/\/www.reclamador.es\/blog\/wp-content\/uploads\/2019\/11\/ryanair-sentencia-equipaje-de-mano.jpg","type":"image\/jpeg"}],"author":"Irene Becerra","twitter_card":"summary_large_image","twitter_creator":"@reclamador","twitter_site":"@reclamador","twitter_misc":{"Escrito por":"Irene Becerra","Tiempo de lectura":"4 minutos"},"schema":{"@context":"https:\/\/schema.org","@graph":[{"@type":"Article","@id":"https:\/\/www.reclamador.es\/blog\/sentencia-equipaje-de-mano-de-ryanair\/#article","isPartOf":{"@id":"https:\/\/www.reclamador.es\/blog\/sentencia-equipaje-de-mano-de-ryanair\/"},"author":{"name":"Irene Becerra","@id":"https:\/\/www.reclamador.es\/blog\/#\/schema\/person\/167c6a8e7ae112e44868f235dc20bacb"},"headline":"\u00bfEs abusivo el suplemento por equipaje de mano de Ryanair?","datePublished":"2019-11-22T09:33:48+00:00","dateModified":"2025-05-09T11:31:26+00:00","mainEntityOfPage":{"@id":"https:\/\/www.reclamador.es\/blog\/sentencia-equipaje-de-mano-de-ryanair\/"},"wordCount":662,"commentCount":1,"publisher":{"@id":"https:\/\/www.reclamador.es\/blog\/#organization"},"image":{"@id":"https:\/\/www.reclamador.es\/blog\/sentencia-equipaje-de-mano-de-ryanair\/#primaryimage"},"thumbnailUrl":"https:\/\/i0.wp.com\/www.reclamador.es\/blog\/wp-content\/uploads\/2019\/11\/ryanair-sentencia-equipaje-de-mano.jpg?fit=1200%2C630&ssl=1","keywords":["equipaje"],"articleSection":["Noticias y actualidad"],"inLanguage":"es","potentialAction":[{"@type":"CommentAction","name":"Comment","target":["https:\/\/www.reclamador.es\/blog\/sentencia-equipaje-de-mano-de-ryanair\/#respond"]}]},{"@type":"WebPage","@id":"https:\/\/www.reclamador.es\/blog\/sentencia-equipaje-de-mano-de-ryanair\/","url":"https:\/\/www.reclamador.es\/blog\/sentencia-equipaje-de-mano-de-ryanair\/","name":"El suplemento por equipaje de mano de Ryanair es abusivo","isPartOf":{"@id":"https:\/\/www.reclamador.es\/blog\/#website"},"primaryImageOfPage":{"@id":"https:\/\/www.reclamador.es\/blog\/sentencia-equipaje-de-mano-de-ryanair\/#primaryimage"},"image":{"@id":"https:\/\/www.reclamador.es\/blog\/sentencia-equipaje-de-mano-de-ryanair\/#primaryimage"},"thumbnailUrl":"https:\/\/i0.wp.com\/www.reclamador.es\/blog\/wp-content\/uploads\/2019\/11\/ryanair-sentencia-equipaje-de-mano.jpg?fit=1200%2C630&ssl=1","datePublished":"2019-11-22T09:33:48+00:00","dateModified":"2025-05-09T11:31:26+00:00","description":"Sentencia de un juzgado madrile\u00f1o sobre la pol\u00edtica comercial de equipaje de mano de Ryanair. Condena a un pasajero a devolver lo pagado por este concepto.","breadcrumb":{"@id":"https:\/\/www.reclamador.es\/blog\/sentencia-equipaje-de-mano-de-ryanair\/#breadcrumb"},"inLanguage":"es","potentialAction":[{"@type":"ReadAction","target":["https:\/\/www.reclamador.es\/blog\/sentencia-equipaje-de-mano-de-ryanair\/"]}]},{"@type":"ImageObject","inLanguage":"es","@id":"https:\/\/www.reclamador.es\/blog\/sentencia-equipaje-de-mano-de-ryanair\/#primaryimage","url":"https:\/\/i0.wp.com\/www.reclamador.es\/blog\/wp-content\/uploads\/2019\/11\/ryanair-sentencia-equipaje-de-mano.jpg?fit=1200%2C630&ssl=1","contentUrl":"https:\/\/i0.wp.com\/www.reclamador.es\/blog\/wp-content\/uploads\/2019\/11\/ryanair-sentencia-equipaje-de-mano.jpg?fit=1200%2C630&ssl=1","width":1200,"height":630,"caption":"An\u00e1lisis sentencia Ryanair equipaje de mano"},{"@type":"BreadcrumbList","@id":"https:\/\/www.reclamador.es\/blog\/sentencia-equipaje-de-mano-de-ryanair\/#breadcrumb","itemListElement":[{"@type":"ListItem","position":1,"name":"Portada","item":"https:\/\/www.reclamador.es\/blog\/"},{"@type":"ListItem","position":2,"name":"\u00bfEs abusivo el suplemento por equipaje de mano de Ryanair?"}]},{"@type":"WebSite","@id":"https:\/\/www.reclamador.es\/blog\/#website","url":"https:\/\/www.reclamador.es\/blog\/","name":"Rebeldes con causa, el blog de reclamador.es","description":"Noticias, entrevistas y consejos sobre reclamaciones","publisher":{"@id":"https:\/\/www.reclamador.es\/blog\/#organization"},"potentialAction":[{"@type":"SearchAction","target":{"@type":"EntryPoint","urlTemplate":"https:\/\/www.reclamador.es\/blog\/?s={search_term_string}"},"query-input":{"@type":"PropertyValueSpecification","valueRequired":true,"valueName":"search_term_string"}}],"inLanguage":"es"},{"@type":"Organization","@id":"https:\/\/www.reclamador.es\/blog\/#organization","name":"reclamador.es","url":"https:\/\/www.reclamador.es\/blog\/","logo":{"@type":"ImageObject","inLanguage":"es","@id":"https:\/\/www.reclamador.es\/blog\/#\/schema\/logo\/image\/","url":"https:\/\/i0.wp.com\/www.reclamador.es\/blog\/wp-content\/uploads\/2020\/01\/logo-reclamador.png?fit=1200%2C144&ssl=1","contentUrl":"https:\/\/i0.wp.com\/www.reclamador.es\/blog\/wp-content\/uploads\/2020\/01\/logo-reclamador.png?fit=1200%2C144&ssl=1","width":1200,"height":144,"caption":"reclamador.es"},"image":{"@id":"https:\/\/www.reclamador.es\/blog\/#\/schema\/logo\/image\/"},"sameAs":["https:\/\/www.facebook.com\/reclamador.es","https:\/\/x.com\/reclamador","https:\/\/www.instagram.com\/reclamador.es\/","https:\/\/www.linkedin.com\/company\/reclamador-es","https:\/\/www.youtube.com\/user\/Reclamadores"]},{"@type":"Person","@id":"https:\/\/www.reclamador.es\/blog\/#\/schema\/person\/167c6a8e7ae112e44868f235dc20bacb","name":"Irene Becerra","image":{"@type":"ImageObject","inLanguage":"es","@id":"https:\/\/secure.gravatar.com\/avatar\/ca9343d7488e27ecc3f2fc5cd280c1a0977f52cdd93ab62b6a2d12e47f9c6e1a?s=96&d=mm&r=g","url":"https:\/\/secure.gravatar.com\/avatar\/ca9343d7488e27ecc3f2fc5cd280c1a0977f52cdd93ab62b6a2d12e47f9c6e1a?s=96&d=mm&r=g","contentUrl":"https:\/\/secure.gravatar.com\/avatar\/ca9343d7488e27ecc3f2fc5cd280c1a0977f52cdd93ab62b6a2d12e47f9c6e1a?s=96&d=mm&r=g","caption":"Irene Becerra"},"description":"Directora Legal Corporativa. Disfruto conociendo el mundo y todas sus culturas. Mi labor se centra en que los procesos legales sean \u00f3ptimos y ajustados a Derecho.","sameAs":["https:\/\/www.linkedin.com\/in\/irene-becerra-correro\/"],"url":"https:\/\/www.reclamador.es\/blog\/author\/irene-becerra\/"}]}},"jetpack_featured_media_url":"https:\/\/i0.wp.com\/www.reclamador.es\/blog\/wp-content\/uploads\/2019\/11\/ryanair-sentencia-equipaje-de-mano.jpg?fit=1200%2C630&ssl=1","jetpack-related-posts":[{"id":15317,"url":"https:\/\/www.reclamador.es\/blog\/politica-equipajes-ryanair\/","url_meta":{"origin":23699,"position":0},"title":"Maleta de mano en Ryanair: desde 6 a 25 euros por trayecto","author":"Equipo reclamador","date":"24 agosto, 2018","format":false,"excerpt":"Ryanair es noticia cada verano. El a\u00f1o pasado por estas fechas,\u00a0la compa\u00f1\u00eda low cost introdujo una medida enfocada a sacar beneficio:\u00a0pagar m\u00e1s para viajar junto a tu acompa\u00f1ante.\u00a0Ahora, la aerol\u00ednea irlandesa introduce otro cambio encaminado a cobrar por llevar el equipaje de mano en el avi\u00f3n, ya sea en cabina\u2026","rel":"","context":"En \u00abNoticias y actualidad\u00bb","block_context":{"text":"Noticias y actualidad","link":"https:\/\/www.reclamador.es\/blog\/noticias\/"},"img":{"alt_text":"","src":"https:\/\/i0.wp.com\/www.reclamador.es\/blog\/wp-content\/uploads\/2017\/09\/ryanair-logo.jpg?fit=1200%2C800&ssl=1&resize=350%2C200","width":350,"height":200,"srcset":"https:\/\/i0.wp.com\/www.reclamador.es\/blog\/wp-content\/uploads\/2017\/09\/ryanair-logo.jpg?fit=1200%2C800&ssl=1&resize=350%2C200 1x, https:\/\/i0.wp.com\/www.reclamador.es\/blog\/wp-content\/uploads\/2017\/09\/ryanair-logo.jpg?fit=1200%2C800&ssl=1&resize=525%2C300 1.5x, https:\/\/i0.wp.com\/www.reclamador.es\/blog\/wp-content\/uploads\/2017\/09\/ryanair-logo.jpg?fit=1200%2C800&ssl=1&resize=700%2C400 2x, https:\/\/i0.wp.com\/www.reclamador.es\/blog\/wp-content\/uploads\/2017\/09\/ryanair-logo.jpg?fit=1200%2C800&ssl=1&resize=1050%2C600 3x"},"classes":[]},{"id":35260,"url":"https:\/\/www.reclamador.es\/blog\/equipaje-de-mano-gratuito-aerolineas-medidas-exactas\/","url_meta":{"origin":23699,"position":1},"title":"Equipaje de mano gratuito en Ryanair, Vueling, easyJet, Iberia\u2026 Medidas exactas 2025 y 2026","author":"Alicia Ria\u00f1o","date":"14 noviembre, 2025","format":false,"excerpt":"Las pol\u00edticas de equipaje de mano est\u00e1n cambiando en muchas aerol\u00edneas, especialmente en las de bajo coste. Sin entrar a debatir o analizar sobre el asunto, en este art\u00edculo vamos a informar de las medidas del equipaje de mano gratuito en las aerol\u00edneas que m\u00e1s pasajeros transportan en Espa\u00f1a o\u2026","rel":"","context":"En \u00abConsejos legales\u00bb","block_context":{"text":"Consejos legales","link":"https:\/\/www.reclamador.es\/blog\/consejos\/"},"img":{"alt_text":"medidas equipaje de mano gratis por aerolinea","src":"https:\/\/i0.wp.com\/www.reclamador.es\/blog\/wp-content\/uploads\/2025\/11\/medidas-equipaje-de-mano-gratis-por-aerolinea.jpg?fit=1200%2C630&ssl=1&resize=350%2C200","width":350,"height":200,"srcset":"https:\/\/i0.wp.com\/www.reclamador.es\/blog\/wp-content\/uploads\/2025\/11\/medidas-equipaje-de-mano-gratis-por-aerolinea.jpg?fit=1200%2C630&ssl=1&resize=350%2C200 1x, https:\/\/i0.wp.com\/www.reclamador.es\/blog\/wp-content\/uploads\/2025\/11\/medidas-equipaje-de-mano-gratis-por-aerolinea.jpg?fit=1200%2C630&ssl=1&resize=525%2C300 1.5x, https:\/\/i0.wp.com\/www.reclamador.es\/blog\/wp-content\/uploads\/2025\/11\/medidas-equipaje-de-mano-gratis-por-aerolinea.jpg?fit=1200%2C630&ssl=1&resize=700%2C400 2x, https:\/\/i0.wp.com\/www.reclamador.es\/blog\/wp-content\/uploads\/2025\/11\/medidas-equipaje-de-mano-gratis-por-aerolinea.jpg?fit=1200%2C630&ssl=1&resize=1050%2C600 3x"},"classes":[]},{"id":33651,"url":"https:\/\/www.reclamador.es\/blog\/raquetas-de-tenis-en-avion-pala-de-padel\/","url_meta":{"origin":23699,"position":2},"title":"\u00bfRaquetas de tenis o palas de p\u00e1del como equipaje de mano o facturado para volar?","author":"Equipo reclamador","date":"30 enero, 2025","format":false,"excerpt":"\u00bfSe puede llevar una raqueta como equipaje de mano en un vuelo? \u00bfY una pala de p\u00e1del? Puede parecer algo anecd\u00f3tico, pero no lo es. La afici\u00f3n por estos deportes es cada vez mayor y muchos aficionados y aficionadas a los deportes de raqueta planean viajes y vacaciones en lugares\u2026","rel":"","context":"En \u00abConsejos legales\u00bb","block_context":{"text":"Consejos legales","link":"https:\/\/www.reclamador.es\/blog\/consejos\/"},"img":{"alt_text":"equipaje de mano o equipaje facturado raquetas de tenis y palas de padel - aerolineas - reclamador.es","src":"https:\/\/i0.wp.com\/www.reclamador.es\/blog\/wp-content\/uploads\/2025\/01\/raqueta-de-tenis-equipaje-de-mano-1200x630-1.jpg?fit=1200%2C630&ssl=1&resize=350%2C200","width":350,"height":200,"srcset":"https:\/\/i0.wp.com\/www.reclamador.es\/blog\/wp-content\/uploads\/2025\/01\/raqueta-de-tenis-equipaje-de-mano-1200x630-1.jpg?fit=1200%2C630&ssl=1&resize=350%2C200 1x, https:\/\/i0.wp.com\/www.reclamador.es\/blog\/wp-content\/uploads\/2025\/01\/raqueta-de-tenis-equipaje-de-mano-1200x630-1.jpg?fit=1200%2C630&ssl=1&resize=525%2C300 1.5x, https:\/\/i0.wp.com\/www.reclamador.es\/blog\/wp-content\/uploads\/2025\/01\/raqueta-de-tenis-equipaje-de-mano-1200x630-1.jpg?fit=1200%2C630&ssl=1&resize=700%2C400 2x, https:\/\/i0.wp.com\/www.reclamador.es\/blog\/wp-content\/uploads\/2025\/01\/raqueta-de-tenis-equipaje-de-mano-1200x630-1.jpg?fit=1200%2C630&ssl=1&resize=1050%2C600 3x"},"classes":[]},{"id":35247,"url":"https:\/\/www.reclamador.es\/blog\/como-elegir-mochilas-para-viajar-en-avion\/","url_meta":{"origin":23699,"position":3},"title":"\u00bfC\u00f3mo elegir mochilas para viajar en avi\u00f3n?","author":"Alicia Ria\u00f1o","date":"17 noviembre, 2025","format":false,"excerpt":"En reclamador.es somos conscientes de los cambios que se han producido en relaci\u00f3n al equipaje de mano en vuelos, especialmente en aerol\u00edneas de bajo coste, como Ryanair. Por eso, en el anterior art\u00edculo habl\u00e1bamos sobre las medidas exactas permitidas gratis como equipaje de mano en hasta 8 aerol\u00edneas y, ahora,\u2026","rel":"","context":"En \u00abConsejos legales\u00bb","block_context":{"text":"Consejos legales","link":"https:\/\/www.reclamador.es\/blog\/consejos\/"},"img":{"alt_text":"tipos mochilas equipaje de mano gratis","src":"https:\/\/i0.wp.com\/www.reclamador.es\/blog\/wp-content\/uploads\/2025\/11\/mochilas-para-viajar-en-avion.jpg?fit=1200%2C630&ssl=1&resize=350%2C200","width":350,"height":200,"srcset":"https:\/\/i0.wp.com\/www.reclamador.es\/blog\/wp-content\/uploads\/2025\/11\/mochilas-para-viajar-en-avion.jpg?fit=1200%2C630&ssl=1&resize=350%2C200 1x, https:\/\/i0.wp.com\/www.reclamador.es\/blog\/wp-content\/uploads\/2025\/11\/mochilas-para-viajar-en-avion.jpg?fit=1200%2C630&ssl=1&resize=525%2C300 1.5x, https:\/\/i0.wp.com\/www.reclamador.es\/blog\/wp-content\/uploads\/2025\/11\/mochilas-para-viajar-en-avion.jpg?fit=1200%2C630&ssl=1&resize=700%2C400 2x, https:\/\/i0.wp.com\/www.reclamador.es\/blog\/wp-content\/uploads\/2025\/11\/mochilas-para-viajar-en-avion.jpg?fit=1200%2C630&ssl=1&resize=1050%2C600 3x"},"classes":[]},{"id":34301,"url":"https:\/\/www.reclamador.es\/blog\/mejores-tipos-de-maletas-segun-tu-viaje\/","url_meta":{"origin":23699,"position":4},"title":"Los mejores tipos de maletas seg\u00fan tu viaje","author":"Alicia Ria\u00f1o","date":"23 mayo, 2025","format":false,"excerpt":"Dadas las cada vez m\u00e1s restrictivas pol\u00edticas de equipaje de las aerol\u00edneas, as\u00ed como los diferentes tipos de bolsas, mochilas y maletas existentes y permitidas seg\u00fan cada tarifa y cada compa\u00f1\u00eda a\u00e9rea, vamos a abordar en este art\u00edculo los mejores tipos de maletas seg\u00fan tu viaje.\u00a0 Maleta de mano: la\u2026","rel":"","context":"En \u00abConsejos legales\u00bb","block_context":{"text":"Consejos legales","link":"https:\/\/www.reclamador.es\/blog\/consejos\/"},"img":{"alt_text":"tipos de maletas para volar","src":"https:\/\/i0.wp.com\/www.reclamador.es\/blog\/wp-content\/uploads\/2025\/05\/los-mejores-tipos-de-maletas-segun-tu-viaje-1200x630-1.jpg?fit=1200%2C630&ssl=1&resize=350%2C200","width":350,"height":200,"srcset":"https:\/\/i0.wp.com\/www.reclamador.es\/blog\/wp-content\/uploads\/2025\/05\/los-mejores-tipos-de-maletas-segun-tu-viaje-1200x630-1.jpg?fit=1200%2C630&ssl=1&resize=350%2C200 1x, https:\/\/i0.wp.com\/www.reclamador.es\/blog\/wp-content\/uploads\/2025\/05\/los-mejores-tipos-de-maletas-segun-tu-viaje-1200x630-1.jpg?fit=1200%2C630&ssl=1&resize=525%2C300 1.5x, https:\/\/i0.wp.com\/www.reclamador.es\/blog\/wp-content\/uploads\/2025\/05\/los-mejores-tipos-de-maletas-segun-tu-viaje-1200x630-1.jpg?fit=1200%2C630&ssl=1&resize=700%2C400 2x, https:\/\/i0.wp.com\/www.reclamador.es\/blog\/wp-content\/uploads\/2025\/05\/los-mejores-tipos-de-maletas-segun-tu-viaje-1200x630-1.jpg?fit=1200%2C630&ssl=1&resize=1050%2C600 3x"},"classes":[]},{"id":8606,"url":"https:\/\/www.reclamador.es\/blog\/costes-extras-aerolineas-ryanair-eleccion-asiento\/","url_meta":{"origin":23699,"position":5},"title":"\u00bfEs Ryanair la \u00fanica aerol\u00ednea que te cobra por viajar al lado de tu acompa\u00f1ante?","author":"Equipo reclamador","date":"20 junio, 2017","format":false,"excerpt":"Si quieres viajar con tu familia o amigos (en la misma reserva) en un vuelo de Ryanair, o pagas asiento o el sistema os asignar\u00e1 asientos separados.\u00a0Esta nueva pol\u00edtica supuestamente se ha implantado porque los usuarios de esta aerol\u00ednea no hacen mucho uso de la reserva de asientos anticipada y\u2026","rel":"","context":"En \u00abNoticias y actualidad\u00bb","block_context":{"text":"Noticias y actualidad","link":"https:\/\/www.reclamador.es\/blog\/noticias\/"},"img":{"alt_text":"","src":"https:\/\/i0.wp.com\/www.reclamador.es\/blog\/wp-content\/uploads\/2017\/06\/ryanair-new-boeing-sky-interiors-2.jpg?fit=1200%2C800&ssl=1&resize=350%2C200","width":350,"height":200,"srcset":"https:\/\/i0.wp.com\/www.reclamador.es\/blog\/wp-content\/uploads\/2017\/06\/ryanair-new-boeing-sky-interiors-2.jpg?fit=1200%2C800&ssl=1&resize=350%2C200 1x, https:\/\/i0.wp.com\/www.reclamador.es\/blog\/wp-content\/uploads\/2017\/06\/ryanair-new-boeing-sky-interiors-2.jpg?fit=1200%2C800&ssl=1&resize=525%2C300 1.5x, https:\/\/i0.wp.com\/www.reclamador.es\/blog\/wp-content\/uploads\/2017\/06\/ryanair-new-boeing-sky-interiors-2.jpg?fit=1200%2C800&ssl=1&resize=700%2C400 2x, https:\/\/i0.wp.com\/www.reclamador.es\/blog\/wp-content\/uploads\/2017\/06\/ryanair-new-boeing-sky-interiors-2.jpg?fit=1200%2C800&ssl=1&resize=1050%2C600 3x"},"classes":[]}],"jetpack_sharing_enabled":true,"_links":{"self":[{"href":"https:\/\/www.reclamador.es\/blog\/wp-json\/wp\/v2\/posts\/23699","targetHints":{"allow":["GET"]}}],"collection":[{"href":"https:\/\/www.reclamador.es\/blog\/wp-json\/wp\/v2\/posts"}],"about":[{"href":"https:\/\/www.reclamador.es\/blog\/wp-json\/wp\/v2\/types\/post"}],"author":[{"embeddable":true,"href":"https:\/\/www.reclamador.es\/blog\/wp-json\/wp\/v2\/users\/42"}],"replies":[{"embeddable":true,"href":"https:\/\/www.reclamador.es\/blog\/wp-json\/wp\/v2\/comments?post=23699"}],"version-history":[{"count":9,"href":"https:\/\/www.reclamador.es\/blog\/wp-json\/wp\/v2\/posts\/23699\/revisions"}],"predecessor-version":[{"id":34147,"href":"https:\/\/www.reclamador.es\/blog\/wp-json\/wp\/v2\/posts\/23699\/revisions\/34147"}],"wp:featuredmedia":[{"embeddable":true,"href":"https:\/\/www.reclamador.es\/blog\/wp-json\/wp\/v2\/media\/33225"}],"wp:attachment":[{"href":"https:\/\/www.reclamador.es\/blog\/wp-json\/wp\/v2\/media?parent=23699"}],"wp:term":[{"taxonomy":"category","embeddable":true,"href":"https:\/\/www.reclamador.es\/blog\/wp-json\/wp\/v2\/categories?post=23699"},{"taxonomy":"post_tag","embeddable":true,"href":"https:\/\/www.reclamador.es\/blog\/wp-json\/wp\/v2\/tags?post=23699"}],"curies":[{"name":"wp","href":"https:\/\/api.w.org\/{rel}","templated":true}]}}