{"id":23609,"date":"2019-11-12T12:02:06","date_gmt":"2019-11-12T11:02:06","guid":{"rendered":"https:\/\/www.reclamador.es\/blog\/?p=23609"},"modified":"2020-06-08T10:28:37","modified_gmt":"2020-06-08T08:28:37","slug":"donde-se-reclama-mas-via-judicial-perfil-2019","status":"publish","type":"post","link":"https:\/\/www.reclamador.es\/blog\/donde-se-reclama-mas-via-judicial-perfil-2019\/","title":{"rendered":"\u00bfEn qu\u00e9 comunidades se utiliza m\u00e1s la v\u00eda judicial para reclamar?"},"content":{"rendered":"<div class=\"ttr_start\"><\/div>\n\n<div class=\"kk-star-ratings kksr-auto kksr-align-right kksr-valign-top\"\n    data-payload='{&quot;align&quot;:&quot;right&quot;,&quot;id&quot;:&quot;23609&quot;,&quot;slug&quot;:&quot;default&quot;,&quot;valign&quot;:&quot;top&quot;,&quot;ignore&quot;:&quot;&quot;,&quot;reference&quot;:&quot;auto&quot;,&quot;class&quot;:&quot;&quot;,&quot;count&quot;:&quot;1&quot;,&quot;legendonly&quot;:&quot;&quot;,&quot;readonly&quot;:&quot;&quot;,&quot;score&quot;:&quot;5&quot;,&quot;starsonly&quot;:&quot;&quot;,&quot;best&quot;:&quot;5&quot;,&quot;gap&quot;:&quot;3&quot;,&quot;greet&quot;:&quot;Valora este art\u00edculo&quot;,&quot;legend&quot;:&quot;5\\\/5 - (1 voto)&quot;,&quot;size&quot;:&quot;20&quot;,&quot;title&quot;:&quot;\u00bfEn qu\u00e9 comunidades se utiliza m\u00e1s la v\u00eda judicial para reclamar?&quot;,&quot;width&quot;:&quot;113.5&quot;,&quot;_legend&quot;:&quot;{score}\\\/{best} - ({count} {votes})&quot;,&quot;font_factor&quot;:&quot;1.25&quot;}'>\n            \n<div class=\"kksr-stars\">\n    \n<div class=\"kksr-stars-inactive\">\n            <div class=\"kksr-star\" data-star=\"1\" style=\"padding-right: 3px\">\n            \n\n<div class=\"kksr-icon\" style=\"width: 20px; height: 20px;\"><\/div>\n        <\/div>\n            <div class=\"kksr-star\" data-star=\"2\" style=\"padding-right: 3px\">\n            \n\n<div class=\"kksr-icon\" style=\"width: 20px; height: 20px;\"><\/div>\n        <\/div>\n            <div class=\"kksr-star\" data-star=\"3\" style=\"padding-right: 3px\">\n            \n\n<div class=\"kksr-icon\" style=\"width: 20px; height: 20px;\"><\/div>\n        <\/div>\n            <div class=\"kksr-star\" data-star=\"4\" style=\"padding-right: 3px\">\n            \n\n<div class=\"kksr-icon\" style=\"width: 20px; height: 20px;\"><\/div>\n        <\/div>\n            <div class=\"kksr-star\" data-star=\"5\" style=\"padding-right: 3px\">\n            \n\n<div class=\"kksr-icon\" style=\"width: 20px; height: 20px;\"><\/div>\n        <\/div>\n    <\/div>\n    \n<div class=\"kksr-stars-active\" style=\"width: 113.5px;\">\n            <div class=\"kksr-star\" style=\"padding-right: 3px\">\n            \n\n<div class=\"kksr-icon\" style=\"width: 20px; height: 20px;\"><\/div>\n        <\/div>\n            <div class=\"kksr-star\" style=\"padding-right: 3px\">\n            \n\n<div class=\"kksr-icon\" style=\"width: 20px; height: 20px;\"><\/div>\n        <\/div>\n            <div class=\"kksr-star\" style=\"padding-right: 3px\">\n            \n\n<div class=\"kksr-icon\" style=\"width: 20px; height: 20px;\"><\/div>\n        <\/div>\n            <div class=\"kksr-star\" style=\"padding-right: 3px\">\n            \n\n<div class=\"kksr-icon\" style=\"width: 20px; height: 20px;\"><\/div>\n        <\/div>\n            <div class=\"kksr-star\" style=\"padding-right: 3px\">\n            \n\n<div class=\"kksr-icon\" style=\"width: 20px; height: 20px;\"><\/div>\n        <\/div>\n    <\/div>\n<\/div>\n                \n\n<div class=\"kksr-legend\" style=\"font-size: 16px;\">\n            5\/5 - (1 voto)    <\/div>\n    <\/div>\n<figure id=\"attachment_23613\" aria-describedby=\"caption-attachment-23613\" style=\"width: 1200px\" class=\"wp-caption aligncenter\"><img data-recalc-dims=\"1\" loading=\"lazy\" decoding=\"async\" class=\"size-full wp-image-23613\" src=\"https:\/\/i0.wp.com\/www.reclamador.es\/blog\/wp-content\/uploads\/2019\/11\/PERFIL-RECLAMADOR-como-se-reclama.jpg?resize=1200%2C628&#038;ssl=1\" alt=\"perfil reclamador 2019\" width=\"1200\" height=\"628\" srcset=\"https:\/\/i0.wp.com\/www.reclamador.es\/blog\/wp-content\/uploads\/2019\/11\/PERFIL-RECLAMADOR-como-se-reclama.jpg?w=1200&amp;ssl=1 1200w, https:\/\/i0.wp.com\/www.reclamador.es\/blog\/wp-content\/uploads\/2019\/11\/PERFIL-RECLAMADOR-como-se-reclama.jpg?resize=150%2C79&amp;ssl=1 150w, https:\/\/i0.wp.com\/www.reclamador.es\/blog\/wp-content\/uploads\/2019\/11\/PERFIL-RECLAMADOR-como-se-reclama.jpg?resize=300%2C157&amp;ssl=1 300w, https:\/\/i0.wp.com\/www.reclamador.es\/blog\/wp-content\/uploads\/2019\/11\/PERFIL-RECLAMADOR-como-se-reclama.jpg?resize=768%2C402&amp;ssl=1 768w, https:\/\/i0.wp.com\/www.reclamador.es\/blog\/wp-content\/uploads\/2019\/11\/PERFIL-RECLAMADOR-como-se-reclama.jpg?resize=1024%2C536&amp;ssl=1 1024w\" sizes=\"auto, (max-width: 1000px) 100vw, 1000px\" \/><figcaption id=\"caption-attachment-23613\" class=\"wp-caption-text\"><em>Perfil del consumidor reclamador 2019<\/em><\/figcaption><\/figure>\n<p>La reclamaci\u00f3n judicial o administrativa es la v\u00eda m\u00e1s eficaz para solventar problemas con las empresas. En reclamador.es hemos realizado un estudio junto a\u00a0Adhara Research Marketing Tools, para saber d\u00f3nde se reclama m\u00e1s en Espa\u00f1a en v\u00eda judicial y el comportamiento de un consumidor al sentirse injustamente tratado por compa\u00f1\u00edas de los principales sectores en los que interact\u00faa, por ejemplo, compa\u00f1\u00edas de telefon\u00eda (telecomunicaciones), <a href=\"https:\/\/www.reclamador.es\/aerolineas\/\">aerol\u00edneas<\/a> o el <a href=\"https:\/\/www.reclamador.es\/banco\/\">sector bancario<\/a>.<\/p>\n<h6 style=\"text-align: center;\"><strong>Te interesa: en reclamador.es te ayudamos a conseguir tu <a href=\"https:\/\/www.reclamador.es\/aerolineas\/retraso-vuelo\/\">compensaci\u00f3n econ\u00f3mica por retraso de un vuelo<\/a><\/strong><\/h6>\n<h2><strong>\u00bfD\u00f3nde se reclama m\u00e1s en Espa\u00f1a en v\u00eda judicial para solucionar problemas con las empresas?<\/strong><\/h2>\n<p>Por encima de la media nacional (12,6%) y en el Top 3 de comunidades donde los consumidores mencionan que han acudido en alguna ocasi\u00f3n a la v\u00eda judicial\/administrativa al sentirse injustamente tratados por una empresa, se encuentran <strong>Regi\u00f3n de Murcia, Canarias y Navarra,<\/strong> respectivamente.<\/p>\n<p>En lo m\u00e1s alto del ranking, <strong>Regi\u00f3n de Murcia<\/strong>, donde el <strong>17,3%<\/strong> afirma que ha usado esta v\u00eda al sentirse defraudado o injustamente tratado. A continuaci\u00f3n, los consumidores de <strong>Canarias<\/strong>. Aqu\u00ed, el <strong>16,4%<\/strong> ha referido el uso de esta v\u00eda. Y completa este Top 3, <strong>Navarra<\/strong>. En esta comunidad, el <strong>15,7%<\/strong> de los encuestados ha reclamado en v\u00eda judicial o administrativa al sentirse injustamente tratado por una empresa.<\/p>\n<h6 style=\"text-align: center;\"><a href=\"https:\/\/www.reclamador.es\/blog\/perfil-reclamador-consumidor-2018\/\"><strong>Perfil del consumidor reclamador en Espa\u00f1a en 2018<\/strong><\/a><\/h6>\n<h2><strong>\u00bfEn qu\u00e9 comunidades aut\u00f3nomas se utiliza menos la v\u00eda judicial para solucionar problemas con las empresas?<\/strong><\/h2>\n<p>Las comunidades donde menos consumidores han afirmado reclamar administrativa o judicialmente al sentirse defraudados por una empresa, seg\u00fan el estudio de reclamador.es, son <strong>Pa\u00eds Vasco <\/strong>(6,5%)<strong>, Catalu\u00f1a <\/strong>(6,8%)<strong> y Arag\u00f3n <\/strong>(9,7%).<\/p>\n<p><img data-recalc-dims=\"1\" loading=\"lazy\" decoding=\"async\" class=\"aligncenter wp-image-23634 size-full\" src=\"https:\/\/i0.wp.com\/www.reclamador.es\/blog\/wp-content\/uploads\/2019\/11\/191025_NdP_Reclamaciones_Comunidad_Autonoma.png?resize=842%2C1191&#038;ssl=1\" alt=\"\" width=\"842\" height=\"1191\" srcset=\"https:\/\/i0.wp.com\/www.reclamador.es\/blog\/wp-content\/uploads\/2019\/11\/191025_NdP_Reclamaciones_Comunidad_Autonoma.png?w=842&amp;ssl=1 842w, https:\/\/i0.wp.com\/www.reclamador.es\/blog\/wp-content\/uploads\/2019\/11\/191025_NdP_Reclamaciones_Comunidad_Autonoma.png?resize=106%2C150&amp;ssl=1 106w, https:\/\/i0.wp.com\/www.reclamador.es\/blog\/wp-content\/uploads\/2019\/11\/191025_NdP_Reclamaciones_Comunidad_Autonoma.png?resize=212%2C300&amp;ssl=1 212w, https:\/\/i0.wp.com\/www.reclamador.es\/blog\/wp-content\/uploads\/2019\/11\/191025_NdP_Reclamaciones_Comunidad_Autonoma.png?resize=768%2C1086&amp;ssl=1 768w, https:\/\/i0.wp.com\/www.reclamador.es\/blog\/wp-content\/uploads\/2019\/11\/191025_NdP_Reclamaciones_Comunidad_Autonoma.png?resize=724%2C1024&amp;ssl=1 724w\" sizes=\"auto, (max-width: 842px) 100vw, 842px\" \/><\/p>\n<h2><strong>\u00bfEn qu\u00e9 comunidades m\u00e1s consumidores no hicieron nada al sentirse injustamente tratados?<\/strong><\/h2>\n<p>Pese al buen dato en <strong>Regi\u00f3n de Murcia y Canarias,<\/strong> hay que destacar que <strong>Canarias (3,9%) <\/strong>tambi\u00e9n se sit\u00faa en el Top 3 de comunidades donde los encuestados no hicieron nada ante un problema con una compa\u00f1\u00eda. Solo superada por <strong>Catalu\u00f1a y Andaluc\u00eda<\/strong>, donde el 4,1% y 4%, respectivamente, afirma no haber hecho nada al sentirse defraudado o injustamente tratado por una empresa. Por su parte, <strong>Regi\u00f3n de Murcia<\/strong> (3,8%), sigue en este aspecto muy de cerca a Canarias, situ\u00e1ndose como la cuarta comunidad aut\u00f3noma donde un mayor porcentaje de encuestados respondieron que no hicieron nada al sentirse injustamente tratados por una empresa. En cambio, en <strong>Navarra<\/strong>, el 0% de los encuestados manifest\u00f3 que no hizo nada.<\/p>\n<h6 style=\"text-align: center;\"><strong>No lo dudes, protege tus derechos como consumidor y <a href=\"https:\/\/www.reclamador.es\/banco\/gastos-de-formalizacion\/\">reclama lo pagado de m\u00e1s por gastos de hipoteca<\/a><\/strong><\/h6>\n<h2><strong>Reclamaciones en v\u00eda telef\u00f3nica o la oficina del consumidor<\/strong><\/h2>\n<p>Los consumidores al sentirse defraudados o injustamente tratados por una empresa, reclamaron mayoritariamente a la compa\u00f1\u00eda telef\u00f3nicamente o v\u00eda email o a trav\u00e9s de la Oficina del Consumidor. A nivel nacional, el dato que se obtiene del estudio que hemos realizado en reclamador.es, es que el 48,6% de los encuestados eligen la v\u00eda telef\u00f3nica\/email\/oficina del consumidor para intentar solventar sus problemas con las empresas.<\/p>\n<p>Destaca aqu\u00ed <strong>Navarra<\/strong>, comunidad aut\u00f3noma donde un mayor porcentaje de encuestados afirma haber reclamado por esta v\u00eda ante un problema con una empresa. Concretamente, el 64,8% de los encuestados en la Comunidad Foral de Navarra.<\/p>\n<h2 style=\"text-align: center;\"><a class=\"button-lead\" href=\"https:\/\/www.reclamador.es\/form\/complaint\/cancellation\/\" rel=\"nofollow noopener\">Reclama tu compensaci\u00f3n por vuelo cancelado<\/a><\/h2>\n<p>Si te ha parecido interesante este estudio sobre d\u00f3nde se reclama m\u00e1s en Espa\u00f1a en v\u00eda judicial, comp\u00e1rtelo!<\/p>\n<p>\ud83d\ude42<\/p>\n<div class=\"ttr_end\"><\/div>","protected":false},"excerpt":{"rendered":"<p>La reclamaci\u00f3n judicial o administrativa es la v\u00eda m\u00e1s eficaz para solventar problemas con las empresas. En reclamador.es hemos realizado un estudio junto a\u00a0Adhara Research Marketing Tools, para saber d\u00f3nde se reclama m\u00e1s en Espa\u00f1a en v\u00eda judicial y el comportamiento de un consumidor al sentirse injustamente tratado por compa\u00f1\u00edas de los principales sectores en [&hellip;]<\/p>\n","protected":false},"author":1,"featured_media":23614,"comment_status":"open","ping_status":"open","sticky":false,"template":"","format":"standard","meta":{"_acf_changed":false,"_genesis_hide_title":false,"_genesis_hide_breadcrumbs":false,"_genesis_hide_singular_image":false,"_genesis_hide_footer_widgets":false,"_genesis_custom_body_class":"","_genesis_custom_post_class":"","_genesis_layout":"","_jetpack_newsletter_access":"","_jetpack_dont_email_post_to_subs":false,"_jetpack_newsletter_tier_id":0,"_jetpack_memberships_contains_paywalled_content":false,"_jetpack_memberships_contains_paid_content":false,"footnotes":""},"categories":[392],"tags":[380,648],"class_list":{"0":"post-23609","1":"post","2":"type-post","3":"status-publish","4":"format-standard","5":"has-post-thumbnail","7":"category-noticias","8":"tag-aerolineas","9":"tag-branding","10":"entry"},"acf":[],"yoast_head":"<!-- This site is optimized with the Yoast SEO plugin v27.4 - https:\/\/yoast.com\/product\/yoast-seo-wordpress\/ -->\n<title>\u00bfD\u00f3nde se reclama m\u00e1s en Espa\u00f1a en v\u00eda judicial? Perfil reclamador 2019<\/title>\n<meta name=\"description\" content=\"En reclamador.es, hemos analizado qu\u00e9 hacen los consumidores en Espa\u00f1a al sentirse injustamente tratados por las empresas. \u00bfD\u00f3nde se reclama m\u00e1s?\" \/>\n<meta name=\"robots\" content=\"index, follow, max-snippet:-1, max-image-preview:large, max-video-preview:-1\" \/>\n<link rel=\"canonical\" href=\"https:\/\/www.reclamador.es\/blog\/donde-se-reclama-mas-via-judicial-perfil-2019\/\" \/>\n<meta property=\"og:locale\" content=\"es_ES\" \/>\n<meta property=\"og:type\" content=\"article\" \/>\n<meta property=\"og:title\" content=\"\u00bfD\u00f3nde se reclama m\u00e1s en Espa\u00f1a en v\u00eda judicial? Perfil reclamador 2019\" \/>\n<meta property=\"og:description\" content=\"En reclamador.es, hemos analizado qu\u00e9 hacen los consumidores en Espa\u00f1a al sentirse injustamente tratados por las empresas. \u00bfD\u00f3nde se reclama m\u00e1s?\" \/>\n<meta property=\"og:url\" content=\"https:\/\/www.reclamador.es\/blog\/donde-se-reclama-mas-via-judicial-perfil-2019\/\" \/>\n<meta property=\"og:site_name\" content=\"Rebeldes con causa, el blog de reclamador.es\" \/>\n<meta property=\"article:publisher\" content=\"https:\/\/www.facebook.com\/reclamador.es\" \/>\n<meta property=\"article:published_time\" content=\"2019-11-12T11:02:06+00:00\" \/>\n<meta property=\"article:modified_time\" content=\"2020-06-08T08:28:37+00:00\" \/>\n<meta property=\"og:image\" content=\"https:\/\/i0.wp.com\/www.reclamador.es\/blog\/wp-content\/uploads\/2019\/11\/PERFIL-RECLAMADOR-como-se-reclama_destacada.jpg?fit=800%2C419&ssl=1\" \/>\n\t<meta property=\"og:image:width\" content=\"800\" \/>\n\t<meta property=\"og:image:height\" content=\"419\" \/>\n\t<meta property=\"og:image:type\" content=\"image\/jpeg\" \/>\n<meta name=\"author\" content=\"Equipo reclamador\" \/>\n<meta name=\"twitter:card\" content=\"summary_large_image\" \/>\n<meta name=\"twitter:creator\" content=\"@reclamador\" \/>\n<meta name=\"twitter:site\" content=\"@reclamador\" \/>\n<meta name=\"twitter:label1\" content=\"Escrito por\" \/>\n\t<meta name=\"twitter:data1\" content=\"Equipo reclamador\" \/>\n\t<meta name=\"twitter:label2\" content=\"Tiempo de lectura\" \/>\n\t<meta name=\"twitter:data2\" content=\"3 minutos\" \/>\n<script type=\"application\/ld+json\" class=\"yoast-schema-graph\">{\"@context\":\"https:\\\/\\\/schema.org\",\"@graph\":[{\"@type\":\"Article\",\"@id\":\"https:\\\/\\\/www.reclamador.es\\\/blog\\\/donde-se-reclama-mas-via-judicial-perfil-2019\\\/#article\",\"isPartOf\":{\"@id\":\"https:\\\/\\\/www.reclamador.es\\\/blog\\\/donde-se-reclama-mas-via-judicial-perfil-2019\\\/\"},\"author\":{\"name\":\"Equipo reclamador\",\"@id\":\"https:\\\/\\\/www.reclamador.es\\\/blog\\\/#\\\/schema\\\/person\\\/1ed83eef8b6566cb5e4c812d9bc5c4bf\"},\"headline\":\"\u00bfEn qu\u00e9 comunidades se utiliza m\u00e1s la v\u00eda judicial para reclamar?\",\"datePublished\":\"2019-11-12T11:02:06+00:00\",\"dateModified\":\"2020-06-08T08:28:37+00:00\",\"mainEntityOfPage\":{\"@id\":\"https:\\\/\\\/www.reclamador.es\\\/blog\\\/donde-se-reclama-mas-via-judicial-perfil-2019\\\/\"},\"wordCount\":621,\"commentCount\":1,\"publisher\":{\"@id\":\"https:\\\/\\\/www.reclamador.es\\\/blog\\\/#organization\"},\"image\":{\"@id\":\"https:\\\/\\\/www.reclamador.es\\\/blog\\\/donde-se-reclama-mas-via-judicial-perfil-2019\\\/#primaryimage\"},\"thumbnailUrl\":\"https:\\\/\\\/i0.wp.com\\\/www.reclamador.es\\\/blog\\\/wp-content\\\/uploads\\\/2019\\\/11\\\/PERFIL-RECLAMADOR-como-se-reclama_destacada.jpg?fit=800%2C419&ssl=1\",\"keywords\":[\"aerol\u00edneas\",\"branding\"],\"articleSection\":[\"Noticias y actualidad\"],\"inLanguage\":\"es\",\"potentialAction\":[{\"@type\":\"CommentAction\",\"name\":\"Comment\",\"target\":[\"https:\\\/\\\/www.reclamador.es\\\/blog\\\/donde-se-reclama-mas-via-judicial-perfil-2019\\\/#respond\"]}]},{\"@type\":\"WebPage\",\"@id\":\"https:\\\/\\\/www.reclamador.es\\\/blog\\\/donde-se-reclama-mas-via-judicial-perfil-2019\\\/\",\"url\":\"https:\\\/\\\/www.reclamador.es\\\/blog\\\/donde-se-reclama-mas-via-judicial-perfil-2019\\\/\",\"name\":\"\u00bfD\u00f3nde se reclama m\u00e1s en Espa\u00f1a en v\u00eda judicial? Perfil reclamador 2019\",\"isPartOf\":{\"@id\":\"https:\\\/\\\/www.reclamador.es\\\/blog\\\/#website\"},\"primaryImageOfPage\":{\"@id\":\"https:\\\/\\\/www.reclamador.es\\\/blog\\\/donde-se-reclama-mas-via-judicial-perfil-2019\\\/#primaryimage\"},\"image\":{\"@id\":\"https:\\\/\\\/www.reclamador.es\\\/blog\\\/donde-se-reclama-mas-via-judicial-perfil-2019\\\/#primaryimage\"},\"thumbnailUrl\":\"https:\\\/\\\/i0.wp.com\\\/www.reclamador.es\\\/blog\\\/wp-content\\\/uploads\\\/2019\\\/11\\\/PERFIL-RECLAMADOR-como-se-reclama_destacada.jpg?fit=800%2C419&ssl=1\",\"datePublished\":\"2019-11-12T11:02:06+00:00\",\"dateModified\":\"2020-06-08T08:28:37+00:00\",\"description\":\"En reclamador.es, hemos analizado qu\u00e9 hacen los consumidores en Espa\u00f1a al sentirse injustamente tratados por las empresas. \u00bfD\u00f3nde se reclama m\u00e1s?\",\"breadcrumb\":{\"@id\":\"https:\\\/\\\/www.reclamador.es\\\/blog\\\/donde-se-reclama-mas-via-judicial-perfil-2019\\\/#breadcrumb\"},\"inLanguage\":\"es\",\"potentialAction\":[{\"@type\":\"ReadAction\",\"target\":[\"https:\\\/\\\/www.reclamador.es\\\/blog\\\/donde-se-reclama-mas-via-judicial-perfil-2019\\\/\"]}]},{\"@type\":\"ImageObject\",\"inLanguage\":\"es\",\"@id\":\"https:\\\/\\\/www.reclamador.es\\\/blog\\\/donde-se-reclama-mas-via-judicial-perfil-2019\\\/#primaryimage\",\"url\":\"https:\\\/\\\/i0.wp.com\\\/www.reclamador.es\\\/blog\\\/wp-content\\\/uploads\\\/2019\\\/11\\\/PERFIL-RECLAMADOR-como-se-reclama_destacada.jpg?fit=800%2C419&ssl=1\",\"contentUrl\":\"https:\\\/\\\/i0.wp.com\\\/www.reclamador.es\\\/blog\\\/wp-content\\\/uploads\\\/2019\\\/11\\\/PERFIL-RECLAMADOR-como-se-reclama_destacada.jpg?fit=800%2C419&ssl=1\",\"width\":800,\"height\":419,\"caption\":\"estudio perfil reclamador consumidor espa\u00f1a 2019\"},{\"@type\":\"BreadcrumbList\",\"@id\":\"https:\\\/\\\/www.reclamador.es\\\/blog\\\/donde-se-reclama-mas-via-judicial-perfil-2019\\\/#breadcrumb\",\"itemListElement\":[{\"@type\":\"ListItem\",\"position\":1,\"name\":\"Portada\",\"item\":\"https:\\\/\\\/www.reclamador.es\\\/blog\\\/\"},{\"@type\":\"ListItem\",\"position\":2,\"name\":\"\u00bfEn qu\u00e9 comunidades se utiliza m\u00e1s la v\u00eda judicial para reclamar?\"}]},{\"@type\":\"WebSite\",\"@id\":\"https:\\\/\\\/www.reclamador.es\\\/blog\\\/#website\",\"url\":\"https:\\\/\\\/www.reclamador.es\\\/blog\\\/\",\"name\":\"Rebeldes con causa, el blog de reclamador.es\",\"description\":\"Noticias, entrevistas y consejos sobre reclamaciones\",\"publisher\":{\"@id\":\"https:\\\/\\\/www.reclamador.es\\\/blog\\\/#organization\"},\"potentialAction\":[{\"@type\":\"SearchAction\",\"target\":{\"@type\":\"EntryPoint\",\"urlTemplate\":\"https:\\\/\\\/www.reclamador.es\\\/blog\\\/?s={search_term_string}\"},\"query-input\":{\"@type\":\"PropertyValueSpecification\",\"valueRequired\":true,\"valueName\":\"search_term_string\"}}],\"inLanguage\":\"es\"},{\"@type\":\"Organization\",\"@id\":\"https:\\\/\\\/www.reclamador.es\\\/blog\\\/#organization\",\"name\":\"reclamador.es\",\"url\":\"https:\\\/\\\/www.reclamador.es\\\/blog\\\/\",\"logo\":{\"@type\":\"ImageObject\",\"inLanguage\":\"es\",\"@id\":\"https:\\\/\\\/www.reclamador.es\\\/blog\\\/#\\\/schema\\\/logo\\\/image\\\/\",\"url\":\"https:\\\/\\\/i0.wp.com\\\/www.reclamador.es\\\/blog\\\/wp-content\\\/uploads\\\/2020\\\/01\\\/logo-reclamador.png?fit=1200%2C144&ssl=1\",\"contentUrl\":\"https:\\\/\\\/i0.wp.com\\\/www.reclamador.es\\\/blog\\\/wp-content\\\/uploads\\\/2020\\\/01\\\/logo-reclamador.png?fit=1200%2C144&ssl=1\",\"width\":1200,\"height\":144,\"caption\":\"reclamador.es\"},\"image\":{\"@id\":\"https:\\\/\\\/www.reclamador.es\\\/blog\\\/#\\\/schema\\\/logo\\\/image\\\/\"},\"sameAs\":[\"https:\\\/\\\/www.facebook.com\\\/reclamador.es\",\"https:\\\/\\\/x.com\\\/reclamador\",\"https:\\\/\\\/www.instagram.com\\\/reclamador.es\\\/\",\"https:\\\/\\\/www.linkedin.com\\\/company\\\/reclamador-es\",\"https:\\\/\\\/www.youtube.com\\\/user\\\/Reclamadores\"]},{\"@type\":\"Person\",\"@id\":\"https:\\\/\\\/www.reclamador.es\\\/blog\\\/#\\\/schema\\\/person\\\/1ed83eef8b6566cb5e4c812d9bc5c4bf\",\"name\":\"Equipo reclamador\",\"image\":{\"@type\":\"ImageObject\",\"inLanguage\":\"es\",\"@id\":\"https:\\\/\\\/secure.gravatar.com\\\/avatar\\\/6442ecdc2c4472c600c113f34d340feca47107d6aa4f42f1e3e75a2a8e28a760?s=96&d=mm&r=g\",\"url\":\"https:\\\/\\\/secure.gravatar.com\\\/avatar\\\/6442ecdc2c4472c600c113f34d340feca47107d6aa4f42f1e3e75a2a8e28a760?s=96&d=mm&r=g\",\"contentUrl\":\"https:\\\/\\\/secure.gravatar.com\\\/avatar\\\/6442ecdc2c4472c600c113f34d340feca47107d6aa4f42f1e3e75a2a8e28a760?s=96&d=mm&r=g\",\"caption\":\"Equipo reclamador\"},\"description\":\"Las personas que hacen posible reclamador.es\",\"url\":\"https:\\\/\\\/www.reclamador.es\\\/blog\\\/author\\\/administrador\\\/\"}]}<\/script>\n<!-- \/ Yoast SEO plugin. -->","yoast_head_json":{"title":"\u00bfD\u00f3nde se reclama m\u00e1s en Espa\u00f1a en v\u00eda judicial? Perfil reclamador 2019","description":"En reclamador.es, hemos analizado qu\u00e9 hacen los consumidores en Espa\u00f1a al sentirse injustamente tratados por las empresas. \u00bfD\u00f3nde se reclama m\u00e1s?","robots":{"index":"index","follow":"follow","max-snippet":"max-snippet:-1","max-image-preview":"max-image-preview:large","max-video-preview":"max-video-preview:-1"},"canonical":"https:\/\/www.reclamador.es\/blog\/donde-se-reclama-mas-via-judicial-perfil-2019\/","og_locale":"es_ES","og_type":"article","og_title":"\u00bfD\u00f3nde se reclama m\u00e1s en Espa\u00f1a en v\u00eda judicial? Perfil reclamador 2019","og_description":"En reclamador.es, hemos analizado qu\u00e9 hacen los consumidores en Espa\u00f1a al sentirse injustamente tratados por las empresas. \u00bfD\u00f3nde se reclama m\u00e1s?","og_url":"https:\/\/www.reclamador.es\/blog\/donde-se-reclama-mas-via-judicial-perfil-2019\/","og_site_name":"Rebeldes con causa, el blog de reclamador.es","article_publisher":"https:\/\/www.facebook.com\/reclamador.es","article_published_time":"2019-11-12T11:02:06+00:00","article_modified_time":"2020-06-08T08:28:37+00:00","og_image":[{"width":800,"height":419,"url":"https:\/\/i0.wp.com\/www.reclamador.es\/blog\/wp-content\/uploads\/2019\/11\/PERFIL-RECLAMADOR-como-se-reclama_destacada.jpg?fit=800%2C419&ssl=1","type":"image\/jpeg"}],"author":"Equipo reclamador","twitter_card":"summary_large_image","twitter_creator":"@reclamador","twitter_site":"@reclamador","twitter_misc":{"Escrito por":"Equipo reclamador","Tiempo de lectura":"3 minutos"},"schema":{"@context":"https:\/\/schema.org","@graph":[{"@type":"Article","@id":"https:\/\/www.reclamador.es\/blog\/donde-se-reclama-mas-via-judicial-perfil-2019\/#article","isPartOf":{"@id":"https:\/\/www.reclamador.es\/blog\/donde-se-reclama-mas-via-judicial-perfil-2019\/"},"author":{"name":"Equipo reclamador","@id":"https:\/\/www.reclamador.es\/blog\/#\/schema\/person\/1ed83eef8b6566cb5e4c812d9bc5c4bf"},"headline":"\u00bfEn qu\u00e9 comunidades se utiliza m\u00e1s la v\u00eda judicial para reclamar?","datePublished":"2019-11-12T11:02:06+00:00","dateModified":"2020-06-08T08:28:37+00:00","mainEntityOfPage":{"@id":"https:\/\/www.reclamador.es\/blog\/donde-se-reclama-mas-via-judicial-perfil-2019\/"},"wordCount":621,"commentCount":1,"publisher":{"@id":"https:\/\/www.reclamador.es\/blog\/#organization"},"image":{"@id":"https:\/\/www.reclamador.es\/blog\/donde-se-reclama-mas-via-judicial-perfil-2019\/#primaryimage"},"thumbnailUrl":"https:\/\/i0.wp.com\/www.reclamador.es\/blog\/wp-content\/uploads\/2019\/11\/PERFIL-RECLAMADOR-como-se-reclama_destacada.jpg?fit=800%2C419&ssl=1","keywords":["aerol\u00edneas","branding"],"articleSection":["Noticias y actualidad"],"inLanguage":"es","potentialAction":[{"@type":"CommentAction","name":"Comment","target":["https:\/\/www.reclamador.es\/blog\/donde-se-reclama-mas-via-judicial-perfil-2019\/#respond"]}]},{"@type":"WebPage","@id":"https:\/\/www.reclamador.es\/blog\/donde-se-reclama-mas-via-judicial-perfil-2019\/","url":"https:\/\/www.reclamador.es\/blog\/donde-se-reclama-mas-via-judicial-perfil-2019\/","name":"\u00bfD\u00f3nde se reclama m\u00e1s en Espa\u00f1a en v\u00eda judicial? Perfil reclamador 2019","isPartOf":{"@id":"https:\/\/www.reclamador.es\/blog\/#website"},"primaryImageOfPage":{"@id":"https:\/\/www.reclamador.es\/blog\/donde-se-reclama-mas-via-judicial-perfil-2019\/#primaryimage"},"image":{"@id":"https:\/\/www.reclamador.es\/blog\/donde-se-reclama-mas-via-judicial-perfil-2019\/#primaryimage"},"thumbnailUrl":"https:\/\/i0.wp.com\/www.reclamador.es\/blog\/wp-content\/uploads\/2019\/11\/PERFIL-RECLAMADOR-como-se-reclama_destacada.jpg?fit=800%2C419&ssl=1","datePublished":"2019-11-12T11:02:06+00:00","dateModified":"2020-06-08T08:28:37+00:00","description":"En reclamador.es, hemos analizado qu\u00e9 hacen los consumidores en Espa\u00f1a al sentirse injustamente tratados por las empresas. \u00bfD\u00f3nde se reclama m\u00e1s?","breadcrumb":{"@id":"https:\/\/www.reclamador.es\/blog\/donde-se-reclama-mas-via-judicial-perfil-2019\/#breadcrumb"},"inLanguage":"es","potentialAction":[{"@type":"ReadAction","target":["https:\/\/www.reclamador.es\/blog\/donde-se-reclama-mas-via-judicial-perfil-2019\/"]}]},{"@type":"ImageObject","inLanguage":"es","@id":"https:\/\/www.reclamador.es\/blog\/donde-se-reclama-mas-via-judicial-perfil-2019\/#primaryimage","url":"https:\/\/i0.wp.com\/www.reclamador.es\/blog\/wp-content\/uploads\/2019\/11\/PERFIL-RECLAMADOR-como-se-reclama_destacada.jpg?fit=800%2C419&ssl=1","contentUrl":"https:\/\/i0.wp.com\/www.reclamador.es\/blog\/wp-content\/uploads\/2019\/11\/PERFIL-RECLAMADOR-como-se-reclama_destacada.jpg?fit=800%2C419&ssl=1","width":800,"height":419,"caption":"estudio perfil reclamador consumidor espa\u00f1a 2019"},{"@type":"BreadcrumbList","@id":"https:\/\/www.reclamador.es\/blog\/donde-se-reclama-mas-via-judicial-perfil-2019\/#breadcrumb","itemListElement":[{"@type":"ListItem","position":1,"name":"Portada","item":"https:\/\/www.reclamador.es\/blog\/"},{"@type":"ListItem","position":2,"name":"\u00bfEn qu\u00e9 comunidades se utiliza m\u00e1s la v\u00eda judicial para reclamar?"}]},{"@type":"WebSite","@id":"https:\/\/www.reclamador.es\/blog\/#website","url":"https:\/\/www.reclamador.es\/blog\/","name":"Rebeldes con causa, el blog de reclamador.es","description":"Noticias, entrevistas y consejos sobre reclamaciones","publisher":{"@id":"https:\/\/www.reclamador.es\/blog\/#organization"},"potentialAction":[{"@type":"SearchAction","target":{"@type":"EntryPoint","urlTemplate":"https:\/\/www.reclamador.es\/blog\/?s={search_term_string}"},"query-input":{"@type":"PropertyValueSpecification","valueRequired":true,"valueName":"search_term_string"}}],"inLanguage":"es"},{"@type":"Organization","@id":"https:\/\/www.reclamador.es\/blog\/#organization","name":"reclamador.es","url":"https:\/\/www.reclamador.es\/blog\/","logo":{"@type":"ImageObject","inLanguage":"es","@id":"https:\/\/www.reclamador.es\/blog\/#\/schema\/logo\/image\/","url":"https:\/\/i0.wp.com\/www.reclamador.es\/blog\/wp-content\/uploads\/2020\/01\/logo-reclamador.png?fit=1200%2C144&ssl=1","contentUrl":"https:\/\/i0.wp.com\/www.reclamador.es\/blog\/wp-content\/uploads\/2020\/01\/logo-reclamador.png?fit=1200%2C144&ssl=1","width":1200,"height":144,"caption":"reclamador.es"},"image":{"@id":"https:\/\/www.reclamador.es\/blog\/#\/schema\/logo\/image\/"},"sameAs":["https:\/\/www.facebook.com\/reclamador.es","https:\/\/x.com\/reclamador","https:\/\/www.instagram.com\/reclamador.es\/","https:\/\/www.linkedin.com\/company\/reclamador-es","https:\/\/www.youtube.com\/user\/Reclamadores"]},{"@type":"Person","@id":"https:\/\/www.reclamador.es\/blog\/#\/schema\/person\/1ed83eef8b6566cb5e4c812d9bc5c4bf","name":"Equipo reclamador","image":{"@type":"ImageObject","inLanguage":"es","@id":"https:\/\/secure.gravatar.com\/avatar\/6442ecdc2c4472c600c113f34d340feca47107d6aa4f42f1e3e75a2a8e28a760?s=96&d=mm&r=g","url":"https:\/\/secure.gravatar.com\/avatar\/6442ecdc2c4472c600c113f34d340feca47107d6aa4f42f1e3e75a2a8e28a760?s=96&d=mm&r=g","contentUrl":"https:\/\/secure.gravatar.com\/avatar\/6442ecdc2c4472c600c113f34d340feca47107d6aa4f42f1e3e75a2a8e28a760?s=96&d=mm&r=g","caption":"Equipo reclamador"},"description":"Las personas que hacen posible reclamador.es","url":"https:\/\/www.reclamador.es\/blog\/author\/administrador\/"}]}},"jetpack_featured_media_url":"https:\/\/i0.wp.com\/www.reclamador.es\/blog\/wp-content\/uploads\/2019\/11\/PERFIL-RECLAMADOR-como-se-reclama_destacada.jpg?fit=800%2C419&ssl=1","jetpack-related-posts":[{"id":20465,"url":"https:\/\/www.reclamador.es\/blog\/perfil-reclamador-consumidor-2018\/","url_meta":{"origin":23609,"position":0},"title":"Telecos, bancos y aseguradoras: las compa\u00f1\u00edas m\u00e1s reclamadas en 2018","author":"Equipo reclamador","date":"17 diciembre, 2018","format":false,"excerpt":"Por segundo a\u00f1o consecutivo, en reclamador.es hemos analizado el perfil reclamador del consumidor. Los datos muestran que en Espa\u00f1a nos quejamos, pero casi no reclamamos. En cifras, el\u00a087,3% de los encuestados ha manifestado sentirse en alguna ocasi\u00f3n defraudado o injustamente tratado por una empresa. Y se ha quejado por ello,\u2026","rel":"","context":"En \u00abNoticias y actualidad\u00bb","block_context":{"text":"Noticias y actualidad","link":"https:\/\/www.reclamador.es\/blog\/noticias\/"},"img":{"alt_text":"estudio reclamador.es perfil reclamador del consumidor","src":"https:\/\/i0.wp.com\/www.reclamador.es\/blog\/wp-content\/uploads\/2018\/12\/perfil-reclamador-del-consumidor.jpg?fit=1200%2C800&ssl=1&resize=350%2C200","width":350,"height":200,"srcset":"https:\/\/i0.wp.com\/www.reclamador.es\/blog\/wp-content\/uploads\/2018\/12\/perfil-reclamador-del-consumidor.jpg?fit=1200%2C800&ssl=1&resize=350%2C200 1x, https:\/\/i0.wp.com\/www.reclamador.es\/blog\/wp-content\/uploads\/2018\/12\/perfil-reclamador-del-consumidor.jpg?fit=1200%2C800&ssl=1&resize=525%2C300 1.5x, https:\/\/i0.wp.com\/www.reclamador.es\/blog\/wp-content\/uploads\/2018\/12\/perfil-reclamador-del-consumidor.jpg?fit=1200%2C800&ssl=1&resize=700%2C400 2x, https:\/\/i0.wp.com\/www.reclamador.es\/blog\/wp-content\/uploads\/2018\/12\/perfil-reclamador-del-consumidor.jpg?fit=1200%2C800&ssl=1&resize=1050%2C600 3x"},"classes":[]},{"id":18354,"url":"https:\/\/www.reclamador.es\/blog\/modificar-sistema-de-costas\/","url_meta":{"origin":23609,"position":1},"title":"reclamador.es pide que se modifique el actual sistema de costas","author":"Equipo reclamador","date":"30 mayo, 2018","format":false,"excerpt":"Actualizaci\u00f3n 2021: tributaci\u00f3n de las costas procesales En reclamador.es pedimos que se\u00a0modifique el actual sistema de costas, para que en cualquier juicio y por cualquier cuant\u00eda, la aerol\u00ednea pague las costas del procedimiento, facilitando la resoluci\u00f3n prejudicial de los conflictos, como ocurre en los conflictos entre aerol\u00edneas y clientes, donde\u2026","rel":"","context":"En \u00abNoticias y actualidad\u00bb","block_context":{"text":"Noticias y actualidad","link":"https:\/\/www.reclamador.es\/blog\/noticias\/"},"img":{"alt_text":"modificaci\u00f3n sistema de costas reclamador","src":"https:\/\/i0.wp.com\/www.reclamador.es\/blog\/wp-content\/uploads\/2018\/05\/MINISTERIO-DE-JUSTICIA-reclamador.jpg?fit=1194%2C800&ssl=1&resize=350%2C200","width":350,"height":200,"srcset":"https:\/\/i0.wp.com\/www.reclamador.es\/blog\/wp-content\/uploads\/2018\/05\/MINISTERIO-DE-JUSTICIA-reclamador.jpg?fit=1194%2C800&ssl=1&resize=350%2C200 1x, https:\/\/i0.wp.com\/www.reclamador.es\/blog\/wp-content\/uploads\/2018\/05\/MINISTERIO-DE-JUSTICIA-reclamador.jpg?fit=1194%2C800&ssl=1&resize=525%2C300 1.5x, https:\/\/i0.wp.com\/www.reclamador.es\/blog\/wp-content\/uploads\/2018\/05\/MINISTERIO-DE-JUSTICIA-reclamador.jpg?fit=1194%2C800&ssl=1&resize=700%2C400 2x, https:\/\/i0.wp.com\/www.reclamador.es\/blog\/wp-content\/uploads\/2018\/05\/MINISTERIO-DE-JUSTICIA-reclamador.jpg?fit=1194%2C800&ssl=1&resize=1050%2C600 3x"},"classes":[]},{"id":16070,"url":"https:\/\/www.reclamador.es\/blog\/estudio-reclamador-espanol\/","url_meta":{"origin":23609,"position":2},"title":"Y t\u00fa, \u00bfte quejas o reclamas?","author":"Equipo reclamador","date":"14 noviembre, 2017","format":false,"excerpt":"Imagina que, por el motivo que sea, te sientes defraudado o injustamente tratado. \u00bfQu\u00e9 haces? \u00bfTe quedas de brazos cruzados o te quejas a los cuatro vientos? \u00bfEres conformista o decides reclamar lo que no te gusta? Tranquilo, en reclamador.es hemos hecho un estudio en el que se muestra, a\u2026","rel":"","context":"En \u00abNoticias y actualidad\u00bb","block_context":{"text":"Noticias y actualidad","link":"https:\/\/www.reclamador.es\/blog\/noticias\/"},"img":{"alt_text":"Gr\u00e1fico: razones por las que no sigui\u00f3 adelante con la reclamaci\u00f3n. Estudio de reclamador.es, compa\u00f1\u00eda online de reclamaciones","src":"https:\/\/i0.wp.com\/www.reclamador.es\/blog\/wp-content\/uploads\/2017\/11\/reescala-grafico-perfil-reclamador-1.png?resize=350%2C200&ssl=1","width":350,"height":200,"srcset":"https:\/\/i0.wp.com\/www.reclamador.es\/blog\/wp-content\/uploads\/2017\/11\/reescala-grafico-perfil-reclamador-1.png?resize=350%2C200&ssl=1 1x, https:\/\/i0.wp.com\/www.reclamador.es\/blog\/wp-content\/uploads\/2017\/11\/reescala-grafico-perfil-reclamador-1.png?resize=525%2C300&ssl=1 1.5x, https:\/\/i0.wp.com\/www.reclamador.es\/blog\/wp-content\/uploads\/2017\/11\/reescala-grafico-perfil-reclamador-1.png?resize=700%2C400&ssl=1 2x, https:\/\/i0.wp.com\/www.reclamador.es\/blog\/wp-content\/uploads\/2017\/11\/reescala-grafico-perfil-reclamador-1.png?resize=1050%2C600&ssl=1 3x"},"classes":[]},{"id":17365,"url":"https:\/\/www.reclamador.es\/blog\/las-mujeres-reclaman-menos\/","url_meta":{"origin":23609,"position":3},"title":"Radiograf\u00eda de g\u00e9nero: las mujeres reclaman menos","author":"Alicia Ria\u00f1o","date":"8 marzo, 2018","format":false,"excerpt":"\u201cLa prueba para saber si puedes o no hacer un trabajo no deber\u00eda ser la organizaci\u00f3n de tus cromosomas\u201d. Estas palabras fueron pronunciadas por Bella Abzug, pol\u00edtica nacida en 1920 en Estados Unidos y, que hoy en reclamador.es, queremos destacar, pues, como cada 8 de marzo, celebramos el D\u00eda Internacional\u2026","rel":"","context":"En \u00abNoticias y actualidad\u00bb","block_context":{"text":"Noticias y actualidad","link":"https:\/\/www.reclamador.es\/blog\/noticias\/"},"img":{"alt_text":"reclamador - las mujeres reclaman menos","src":"https:\/\/i0.wp.com\/www.reclamador.es\/blog\/wp-content\/uploads\/2018\/03\/dia-internacional-de-la-mujer-reclamador.jpg?fit=1200%2C800&ssl=1&resize=350%2C200","width":350,"height":200,"srcset":"https:\/\/i0.wp.com\/www.reclamador.es\/blog\/wp-content\/uploads\/2018\/03\/dia-internacional-de-la-mujer-reclamador.jpg?fit=1200%2C800&ssl=1&resize=350%2C200 1x, https:\/\/i0.wp.com\/www.reclamador.es\/blog\/wp-content\/uploads\/2018\/03\/dia-internacional-de-la-mujer-reclamador.jpg?fit=1200%2C800&ssl=1&resize=525%2C300 1.5x, https:\/\/i0.wp.com\/www.reclamador.es\/blog\/wp-content\/uploads\/2018\/03\/dia-internacional-de-la-mujer-reclamador.jpg?fit=1200%2C800&ssl=1&resize=700%2C400 2x, https:\/\/i0.wp.com\/www.reclamador.es\/blog\/wp-content\/uploads\/2018\/03\/dia-internacional-de-la-mujer-reclamador.jpg?fit=1200%2C800&ssl=1&resize=1050%2C600 3x"},"classes":[]},{"id":20199,"url":"https:\/\/www.reclamador.es\/blog\/vuelos-retrasados-estudio-derechos-pasajeros\/","url_meta":{"origin":23609,"position":4},"title":"Vuelos retrasados o cancelados y los derechos de los pasajeros: an\u00e1lisis de la efectividad del Reglamento 261","author":"Equipo reclamador","date":"13 noviembre, 2020","format":false,"excerpt":"Si has sufrido un retraso o cancelaci\u00f3n de vuelo es posible que sepas qu\u00e9 es el Reglamento 261. Pues entre otras muchas cosas, regula la compensaci\u00f3n econ\u00f3mica que corresponde a los pasajeros a\u00e9reos en estos casos. Con este reglamento en la mano, cuando la aerol\u00ednea cancela tu vuelo o sufres\u2026","rel":"","context":"En \u00abNoticias y actualidad\u00bb","block_context":{"text":"Noticias y actualidad","link":"https:\/\/www.reclamador.es\/blog\/noticias\/"},"img":{"alt_text":"aerolineas reclamaciones reclamador","src":"https:\/\/i0.wp.com\/www.reclamador.es\/blog\/wp-content\/uploads\/2020\/11\/aerolineas-reglamento-261-reclamador.jpg?fit=1200%2C696&ssl=1&resize=350%2C200","width":350,"height":200,"srcset":"https:\/\/i0.wp.com\/www.reclamador.es\/blog\/wp-content\/uploads\/2020\/11\/aerolineas-reglamento-261-reclamador.jpg?fit=1200%2C696&ssl=1&resize=350%2C200 1x, https:\/\/i0.wp.com\/www.reclamador.es\/blog\/wp-content\/uploads\/2020\/11\/aerolineas-reglamento-261-reclamador.jpg?fit=1200%2C696&ssl=1&resize=525%2C300 1.5x, https:\/\/i0.wp.com\/www.reclamador.es\/blog\/wp-content\/uploads\/2020\/11\/aerolineas-reglamento-261-reclamador.jpg?fit=1200%2C696&ssl=1&resize=700%2C400 2x, https:\/\/i0.wp.com\/www.reclamador.es\/blog\/wp-content\/uploads\/2020\/11\/aerolineas-reglamento-261-reclamador.jpg?fit=1200%2C696&ssl=1&resize=1050%2C600 3x"},"classes":[]},{"id":20303,"url":"https:\/\/www.reclamador.es\/blog\/pablo-rabanal-comision-justicia-del-senado\/","url_meta":{"origin":23609,"position":5},"title":"reclamador.es presenta en la Comisi\u00f3n de Justicia del Senado la realidad de los consumidores en los juzgados","author":"Equipo reclamador","date":"27 noviembre, 2018","format":false,"excerpt":"Pablo Rabanal, CEO de reclamador.es, present\u00f3 ayer, 26 de noviembre, en la Comisi\u00f3n de Justicia del Senado las reivindicaciones de nuestra compa\u00f1\u00eda respecto a las mejoras que debe asumir la justicia espa\u00f1ola para adaptarse a los cambios que demanda la sociedad. Esta ponencia se enmarc\u00f3 dentro de la presentaci\u00f3n de\u2026","rel":"","context":"En \u00abConoce todo lo que sucede en reclamador.es\u00bb","block_context":{"text":"Conoce todo lo que sucede en reclamador.es","link":"https:\/\/www.reclamador.es\/blog\/reclamadores\/"},"img":{"alt_text":"","src":"https:\/\/i0.wp.com\/www.reclamador.es\/blog\/wp-content\/uploads\/2018\/11\/reclamador.es-en-el-senado.jpg?fit=1200%2C637&ssl=1&resize=350%2C200","width":350,"height":200,"srcset":"https:\/\/i0.wp.com\/www.reclamador.es\/blog\/wp-content\/uploads\/2018\/11\/reclamador.es-en-el-senado.jpg?fit=1200%2C637&ssl=1&resize=350%2C200 1x, https:\/\/i0.wp.com\/www.reclamador.es\/blog\/wp-content\/uploads\/2018\/11\/reclamador.es-en-el-senado.jpg?fit=1200%2C637&ssl=1&resize=525%2C300 1.5x, https:\/\/i0.wp.com\/www.reclamador.es\/blog\/wp-content\/uploads\/2018\/11\/reclamador.es-en-el-senado.jpg?fit=1200%2C637&ssl=1&resize=700%2C400 2x, https:\/\/i0.wp.com\/www.reclamador.es\/blog\/wp-content\/uploads\/2018\/11\/reclamador.es-en-el-senado.jpg?fit=1200%2C637&ssl=1&resize=1050%2C600 3x"},"classes":[]}],"jetpack_sharing_enabled":true,"_links":{"self":[{"href":"https:\/\/www.reclamador.es\/blog\/wp-json\/wp\/v2\/posts\/23609","targetHints":{"allow":["GET"]}}],"collection":[{"href":"https:\/\/www.reclamador.es\/blog\/wp-json\/wp\/v2\/posts"}],"about":[{"href":"https:\/\/www.reclamador.es\/blog\/wp-json\/wp\/v2\/types\/post"}],"author":[{"embeddable":true,"href":"https:\/\/www.reclamador.es\/blog\/wp-json\/wp\/v2\/users\/1"}],"replies":[{"embeddable":true,"href":"https:\/\/www.reclamador.es\/blog\/wp-json\/wp\/v2\/comments?post=23609"}],"version-history":[{"count":11,"href":"https:\/\/www.reclamador.es\/blog\/wp-json\/wp\/v2\/posts\/23609\/revisions"}],"predecessor-version":[{"id":23814,"href":"https:\/\/www.reclamador.es\/blog\/wp-json\/wp\/v2\/posts\/23609\/revisions\/23814"}],"wp:featuredmedia":[{"embeddable":true,"href":"https:\/\/www.reclamador.es\/blog\/wp-json\/wp\/v2\/media\/23614"}],"wp:attachment":[{"href":"https:\/\/www.reclamador.es\/blog\/wp-json\/wp\/v2\/media?parent=23609"}],"wp:term":[{"taxonomy":"category","embeddable":true,"href":"https:\/\/www.reclamador.es\/blog\/wp-json\/wp\/v2\/categories?post=23609"},{"taxonomy":"post_tag","embeddable":true,"href":"https:\/\/www.reclamador.es\/blog\/wp-json\/wp\/v2\/tags?post=23609"}],"curies":[{"name":"wp","href":"https:\/\/api.w.org\/{rel}","templated":true}]}}