{"id":23282,"date":"2019-11-04T12:59:52","date_gmt":"2019-11-04T11:59:52","guid":{"rendered":"https:\/\/www.reclamador.es\/blog\/?p=23282"},"modified":"2023-11-20T13:16:30","modified_gmt":"2023-11-20T12:16:30","slug":"tjue-sentencia-tarjeta-de-embarque-no-es-obligatoria-para-reclamar","status":"publish","type":"post","link":"https:\/\/www.reclamador.es\/blog\/tjue-sentencia-tarjeta-de-embarque-no-es-obligatoria-para-reclamar\/","title":{"rendered":"Sentencia TJUE: la tarjeta de embarque no es obligatoria para reclamar"},"content":{"rendered":"<div class=\"ttr_start\"><\/div>\n\n<div class=\"kk-star-ratings kksr-auto kksr-align-right kksr-valign-top\"\n    data-payload='{&quot;align&quot;:&quot;right&quot;,&quot;id&quot;:&quot;23282&quot;,&quot;slug&quot;:&quot;default&quot;,&quot;valign&quot;:&quot;top&quot;,&quot;ignore&quot;:&quot;&quot;,&quot;reference&quot;:&quot;auto&quot;,&quot;class&quot;:&quot;&quot;,&quot;count&quot;:&quot;1&quot;,&quot;legendonly&quot;:&quot;&quot;,&quot;readonly&quot;:&quot;&quot;,&quot;score&quot;:&quot;5&quot;,&quot;starsonly&quot;:&quot;&quot;,&quot;best&quot;:&quot;5&quot;,&quot;gap&quot;:&quot;3&quot;,&quot;greet&quot;:&quot;Valora este art\u00edculo&quot;,&quot;legend&quot;:&quot;5\\\/5 - (1 voto)&quot;,&quot;size&quot;:&quot;20&quot;,&quot;title&quot;:&quot;Sentencia TJUE: la tarjeta de embarque no es obligatoria para reclamar&quot;,&quot;width&quot;:&quot;113.5&quot;,&quot;_legend&quot;:&quot;{score}\\\/{best} - ({count} {votes})&quot;,&quot;font_factor&quot;:&quot;1.25&quot;}'>\n            \n<div class=\"kksr-stars\">\n    \n<div class=\"kksr-stars-inactive\">\n            <div class=\"kksr-star\" data-star=\"1\" style=\"padding-right: 3px\">\n            \n\n<div class=\"kksr-icon\" style=\"width: 20px; height: 20px;\"><\/div>\n        <\/div>\n            <div class=\"kksr-star\" data-star=\"2\" style=\"padding-right: 3px\">\n            \n\n<div class=\"kksr-icon\" style=\"width: 20px; height: 20px;\"><\/div>\n        <\/div>\n            <div class=\"kksr-star\" data-star=\"3\" style=\"padding-right: 3px\">\n            \n\n<div class=\"kksr-icon\" style=\"width: 20px; height: 20px;\"><\/div>\n        <\/div>\n            <div class=\"kksr-star\" data-star=\"4\" style=\"padding-right: 3px\">\n            \n\n<div class=\"kksr-icon\" style=\"width: 20px; height: 20px;\"><\/div>\n        <\/div>\n            <div class=\"kksr-star\" data-star=\"5\" style=\"padding-right: 3px\">\n            \n\n<div class=\"kksr-icon\" style=\"width: 20px; height: 20px;\"><\/div>\n        <\/div>\n    <\/div>\n    \n<div class=\"kksr-stars-active\" style=\"width: 113.5px;\">\n            <div class=\"kksr-star\" style=\"padding-right: 3px\">\n            \n\n<div class=\"kksr-icon\" style=\"width: 20px; height: 20px;\"><\/div>\n        <\/div>\n            <div class=\"kksr-star\" style=\"padding-right: 3px\">\n            \n\n<div class=\"kksr-icon\" style=\"width: 20px; height: 20px;\"><\/div>\n        <\/div>\n            <div class=\"kksr-star\" style=\"padding-right: 3px\">\n            \n\n<div class=\"kksr-icon\" style=\"width: 20px; height: 20px;\"><\/div>\n        <\/div>\n            <div class=\"kksr-star\" style=\"padding-right: 3px\">\n            \n\n<div class=\"kksr-icon\" style=\"width: 20px; height: 20px;\"><\/div>\n        <\/div>\n            <div class=\"kksr-star\" style=\"padding-right: 3px\">\n            \n\n<div class=\"kksr-icon\" style=\"width: 20px; height: 20px;\"><\/div>\n        <\/div>\n    <\/div>\n<\/div>\n                \n\n<div class=\"kksr-legend\" style=\"font-size: 16px;\">\n            5\/5 - (1 voto)    <\/div>\n    <\/div>\n<figure id=\"attachment_23344\" aria-describedby=\"caption-attachment-23344\" style=\"width: 1200px\" class=\"wp-caption aligncenter\"><img data-recalc-dims=\"1\" loading=\"lazy\" decoding=\"async\" class=\"wp-image-23344 size-full\" src=\"https:\/\/i0.wp.com\/www.reclamador.es\/blog\/wp-content\/uploads\/2019\/11\/tarjeta_embarque.jpg?resize=1200%2C628&#038;ssl=1\" alt=\"TJUE tarjeta de embarque reclamador\" width=\"1200\" height=\"628\" srcset=\"https:\/\/i0.wp.com\/www.reclamador.es\/blog\/wp-content\/uploads\/2019\/11\/tarjeta_embarque.jpg?w=1200&amp;ssl=1 1200w, https:\/\/i0.wp.com\/www.reclamador.es\/blog\/wp-content\/uploads\/2019\/11\/tarjeta_embarque.jpg?resize=150%2C79&amp;ssl=1 150w, https:\/\/i0.wp.com\/www.reclamador.es\/blog\/wp-content\/uploads\/2019\/11\/tarjeta_embarque.jpg?resize=300%2C157&amp;ssl=1 300w, https:\/\/i0.wp.com\/www.reclamador.es\/blog\/wp-content\/uploads\/2019\/11\/tarjeta_embarque.jpg?resize=768%2C402&amp;ssl=1 768w, https:\/\/i0.wp.com\/www.reclamador.es\/blog\/wp-content\/uploads\/2019\/11\/tarjeta_embarque.jpg?resize=1024%2C536&amp;ssl=1 1024w\" sizes=\"auto, (max-width: 1000px) 100vw, 1000px\" \/><figcaption id=\"caption-attachment-23344\" class=\"wp-caption-text\">Sentencia del TJUE en relaci\u00f3n a la tarjeta de embarque en las reclamaciones a\u00e9reas<\/figcaption><\/figure>\n<p>El Tribunal de Justicia de la Uni\u00f3n Europea se ha pronunciado sobre la necesidad de disponer de la tarjeta de embarque para realizar una reclamaci\u00f3n frente a una compa\u00f1\u00eda a\u00e9rea por <strong><a href=\"https:\/\/www.reclamador.es\/aerolineas\/retraso-vuelo\/\">retrasos<\/a><\/strong> o <strong><a href=\"https:\/\/www.reclamador.es\/aerolineas\/cancelacion-vuelo\/\">cancelaciones de vuelos<\/a><\/strong>. En la sentencia, el TJUE\u00a0determina que los pasajeros a\u00e9reos podr\u00e1n reclamar las compensaciones econ\u00f3micas correspondientes sin tarjeta de embarque.<\/p>\n<p>Se trata de una sentencia muy esperada y la resoluci\u00f3n de la misma es muy positiva para todos los pasajeros a\u00e9reos. Hasta ahora, las aerol\u00edneas se escudaban en la falta de la tarjeta de embarque para rechazar las reclamaciones de sus clientes y no indemnizarlos.<\/p>\n<h2><strong>Los derechos de los pasajeros a\u00e9reos m\u00e1s protegidos gracias a esta sentencia del TJUE<\/strong><\/h2>\n<p>Gracias a esta sentencia del Tribunal de Justicia de la Uni\u00f3n Europea, los pasajeros a\u00e9reos no se ver\u00e1n desprotegidos por no contar con la tarjeta de embarque, pues la justicia europea considera que se trata de un documento que \u00fanicamente confirma una informaci\u00f3n de la que ya dispone la propia aerol\u00ednea y, por tanto, esta no puede negarse a compensar por cancelaciones, grandes retrasos u overbooking tan solo bas\u00e1ndose en la falta de la tarjeta de embarque.<\/p>\n<p>Se trata de una decisi\u00f3n que protege los <a href=\"https:\/\/www.reclamador.es\/tus-derechos\/derechos-del-pasajero\/\">derechos de los pasajeros a\u00e9reos<\/a> en Europa y que debe ser aplicada en Espa\u00f1a y por las aerol\u00edneas que operan en nuestro pa\u00eds. No disponer de una tarjeta de embarque ya no es excusa para que las aerol\u00edneas no compensen econ\u00f3micamente seg\u00fan lo establecido en el Reglamento 261.<\/p>\n<h2><strong>Sobre la tarjeta de embarque<\/strong><\/h2>\n<p>La tarjeta de embarque es un documento (en formato papel o digital) que sirve para poder acceder al avi\u00f3n en el momento del vuelo. Adem\u00e1s, acredita que un pasajero haya ocupado su plaza en dicho viaje y, por tanto, es un elemento muy importante y, especialmente, lo era hasta ahora, que la justicia europea ha dado un paso m\u00e1s en su af\u00e1n de proteger a los pasajeros y ha zanjado la cuesti\u00f3n sobre si era un documento imprescindible a la hora de llevar a cabo una reclamaci\u00f3n (sobre todo retrasos de vuelo).<\/p>\n<p>En reclamador.es nos hemos encontrado muchos problemas con los usuarios que hab\u00edan utilizado una tarjeta de embarque electr\u00f3nica a trav\u00e9s de la app de la aerol\u00ednea, porque\u00a0una vez pasado el vuelo ya no estaba disponible o era borrada del dispositivo por el propio usuario. Lo que dejaba en el aire la viabilidad de la reclamaci\u00f3n frente a la compa\u00f1\u00eda a\u00e9rea.<\/p>\n<p><strong>\u201cA partir de ahora bastar\u00e1 para hacer la reclamaci\u00f3n con la reserva y la confirmaci\u00f3n del vuelo\u201d. <\/strong>Una medida que aplaudimos en\u00a0reclamador.es.<\/p>\n<h2 style=\"text-align: center;\"><a class=\"button-lead\" href=\"https:\/\/www.reclamador.es\/aerolineas\/\" rel=\" noopener\">\u00bfNecesitas reclamar a una aerol\u00ednea? Podemos ayudarte<\/a><\/h2>\n<p>Si te ha parecido interesante esta noticia sobre la sentencia del TJUE que dictamina que la tarjeta de embarque ya no es obligatoria para reclamar una compensaci\u00f3n econ\u00f3mica, comp\u00e1rtela!<\/p>\n<div class=\"ttr_end\"><\/div>","protected":false},"excerpt":{"rendered":"<p>El Tribunal de Justicia de la Uni\u00f3n Europea se ha pronunciado sobre la necesidad de disponer de la tarjeta de embarque para realizar una reclamaci\u00f3n frente a una compa\u00f1\u00eda a\u00e9rea por retrasos o cancelaciones de vuelos. En la sentencia, el TJUE\u00a0determina que los pasajeros a\u00e9reos podr\u00e1n reclamar las compensaciones econ\u00f3micas correspondientes sin tarjeta de embarque. [&hellip;]<\/p>\n","protected":false},"author":35,"featured_media":23286,"comment_status":"open","ping_status":"open","sticky":false,"template":"","format":"standard","meta":{"_acf_changed":false,"_genesis_hide_title":false,"_genesis_hide_breadcrumbs":false,"_genesis_hide_singular_image":false,"_genesis_hide_footer_widgets":false,"_genesis_custom_body_class":"","_genesis_custom_post_class":"","_genesis_layout":"","_jetpack_newsletter_access":"","_jetpack_dont_email_post_to_subs":false,"_jetpack_newsletter_tier_id":0,"_jetpack_memberships_contains_paywalled_content":false,"_jetpack_memberships_contains_paid_content":false,"footnotes":""},"categories":[392],"tags":[380,289,385],"class_list":{"0":"post-23282","1":"post","2":"type-post","3":"status-publish","4":"format-standard","5":"has-post-thumbnail","7":"category-noticias","8":"tag-aerolineas","9":"tag-reclamacion","10":"tag-sentencia","11":"entry"},"acf":[],"yoast_head":"<!-- This site is optimized with the Yoast SEO plugin v27.4 - https:\/\/yoast.com\/product\/yoast-seo-wordpress\/ -->\n<title>La tarjeta de embarque ya no es obligatoria para reclamar a las aerol\u00edneas<\/title>\n<meta name=\"description\" content=\"El TJUE sentencia que la tarjeta de embarque ya no es obligatoria para reclamar una compensaci\u00f3n por retraso, cancelaci\u00f3n u overbooking.\" \/>\n<meta name=\"robots\" content=\"index, follow, max-snippet:-1, max-image-preview:large, max-video-preview:-1\" \/>\n<link rel=\"canonical\" href=\"https:\/\/www.reclamador.es\/blog\/tjue-sentencia-tarjeta-de-embarque-no-es-obligatoria-para-reclamar\/\" \/>\n<meta property=\"og:locale\" content=\"es_ES\" \/>\n<meta property=\"og:type\" content=\"article\" \/>\n<meta property=\"og:title\" content=\"La tarjeta de embarque ya no es obligatoria para reclamar a las aerol\u00edneas\" \/>\n<meta property=\"og:description\" content=\"El TJUE sentencia que la tarjeta de embarque ya no es obligatoria para reclamar una compensaci\u00f3n por retraso, cancelaci\u00f3n u overbooking.\" \/>\n<meta property=\"og:url\" content=\"https:\/\/www.reclamador.es\/blog\/tjue-sentencia-tarjeta-de-embarque-no-es-obligatoria-para-reclamar\/\" \/>\n<meta property=\"og:site_name\" content=\"Rebeldes con causa, el blog de reclamador.es\" \/>\n<meta property=\"article:publisher\" content=\"https:\/\/www.facebook.com\/reclamador.es\" \/>\n<meta property=\"article:published_time\" content=\"2019-11-04T11:59:52+00:00\" \/>\n<meta property=\"article:modified_time\" content=\"2023-11-20T12:16:30+00:00\" \/>\n<meta property=\"og:image\" content=\"https:\/\/i0.wp.com\/www.reclamador.es\/blog\/wp-content\/uploads\/2019\/11\/191104_tarjeta_embarque_destacada.jpg?fit=800%2C419&ssl=1\" \/>\n\t<meta property=\"og:image:width\" content=\"800\" \/>\n\t<meta property=\"og:image:height\" content=\"419\" \/>\n\t<meta property=\"og:image:type\" content=\"image\/jpeg\" \/>\n<meta name=\"author\" content=\"Esperanza Palacio\" \/>\n<meta name=\"twitter:card\" content=\"summary_large_image\" \/>\n<meta name=\"twitter:creator\" content=\"@reclamador\" \/>\n<meta name=\"twitter:site\" content=\"@reclamador\" \/>\n<meta name=\"twitter:label1\" content=\"Escrito por\" \/>\n\t<meta name=\"twitter:data1\" content=\"Esperanza Palacio\" \/>\n\t<meta name=\"twitter:label2\" content=\"Tiempo de lectura\" \/>\n\t<meta name=\"twitter:data2\" content=\"3 minutos\" \/>\n<script type=\"application\/ld+json\" class=\"yoast-schema-graph\">{\"@context\":\"https:\\\/\\\/schema.org\",\"@graph\":[{\"@type\":\"Article\",\"@id\":\"https:\\\/\\\/www.reclamador.es\\\/blog\\\/tjue-sentencia-tarjeta-de-embarque-no-es-obligatoria-para-reclamar\\\/#article\",\"isPartOf\":{\"@id\":\"https:\\\/\\\/www.reclamador.es\\\/blog\\\/tjue-sentencia-tarjeta-de-embarque-no-es-obligatoria-para-reclamar\\\/\"},\"author\":{\"name\":\"Esperanza Palacio\",\"@id\":\"https:\\\/\\\/www.reclamador.es\\\/blog\\\/#\\\/schema\\\/person\\\/cf3cb2d85efd763e4aba87a7b1e7f9c6\"},\"headline\":\"Sentencia TJUE: la tarjeta de embarque no es obligatoria para reclamar\",\"datePublished\":\"2019-11-04T11:59:52+00:00\",\"dateModified\":\"2023-11-20T12:16:30+00:00\",\"mainEntityOfPage\":{\"@id\":\"https:\\\/\\\/www.reclamador.es\\\/blog\\\/tjue-sentencia-tarjeta-de-embarque-no-es-obligatoria-para-reclamar\\\/\"},\"wordCount\":545,\"commentCount\":5,\"publisher\":{\"@id\":\"https:\\\/\\\/www.reclamador.es\\\/blog\\\/#organization\"},\"image\":{\"@id\":\"https:\\\/\\\/www.reclamador.es\\\/blog\\\/tjue-sentencia-tarjeta-de-embarque-no-es-obligatoria-para-reclamar\\\/#primaryimage\"},\"thumbnailUrl\":\"https:\\\/\\\/i0.wp.com\\\/www.reclamador.es\\\/blog\\\/wp-content\\\/uploads\\\/2019\\\/11\\\/191104_tarjeta_embarque_destacada.jpg?fit=800%2C419&ssl=1\",\"keywords\":[\"aerol\u00edneas\",\"reclamaci\u00f3n\",\"sentencia\"],\"articleSection\":[\"Noticias y actualidad\"],\"inLanguage\":\"es\",\"potentialAction\":[{\"@type\":\"CommentAction\",\"name\":\"Comment\",\"target\":[\"https:\\\/\\\/www.reclamador.es\\\/blog\\\/tjue-sentencia-tarjeta-de-embarque-no-es-obligatoria-para-reclamar\\\/#respond\"]}]},{\"@type\":\"WebPage\",\"@id\":\"https:\\\/\\\/www.reclamador.es\\\/blog\\\/tjue-sentencia-tarjeta-de-embarque-no-es-obligatoria-para-reclamar\\\/\",\"url\":\"https:\\\/\\\/www.reclamador.es\\\/blog\\\/tjue-sentencia-tarjeta-de-embarque-no-es-obligatoria-para-reclamar\\\/\",\"name\":\"La tarjeta de embarque ya no es obligatoria para reclamar a las aerol\u00edneas\",\"isPartOf\":{\"@id\":\"https:\\\/\\\/www.reclamador.es\\\/blog\\\/#website\"},\"primaryImageOfPage\":{\"@id\":\"https:\\\/\\\/www.reclamador.es\\\/blog\\\/tjue-sentencia-tarjeta-de-embarque-no-es-obligatoria-para-reclamar\\\/#primaryimage\"},\"image\":{\"@id\":\"https:\\\/\\\/www.reclamador.es\\\/blog\\\/tjue-sentencia-tarjeta-de-embarque-no-es-obligatoria-para-reclamar\\\/#primaryimage\"},\"thumbnailUrl\":\"https:\\\/\\\/i0.wp.com\\\/www.reclamador.es\\\/blog\\\/wp-content\\\/uploads\\\/2019\\\/11\\\/191104_tarjeta_embarque_destacada.jpg?fit=800%2C419&ssl=1\",\"datePublished\":\"2019-11-04T11:59:52+00:00\",\"dateModified\":\"2023-11-20T12:16:30+00:00\",\"description\":\"El TJUE sentencia que la tarjeta de embarque ya no es obligatoria para reclamar una compensaci\u00f3n por retraso, cancelaci\u00f3n u overbooking.\",\"breadcrumb\":{\"@id\":\"https:\\\/\\\/www.reclamador.es\\\/blog\\\/tjue-sentencia-tarjeta-de-embarque-no-es-obligatoria-para-reclamar\\\/#breadcrumb\"},\"inLanguage\":\"es\",\"potentialAction\":[{\"@type\":\"ReadAction\",\"target\":[\"https:\\\/\\\/www.reclamador.es\\\/blog\\\/tjue-sentencia-tarjeta-de-embarque-no-es-obligatoria-para-reclamar\\\/\"]}]},{\"@type\":\"ImageObject\",\"inLanguage\":\"es\",\"@id\":\"https:\\\/\\\/www.reclamador.es\\\/blog\\\/tjue-sentencia-tarjeta-de-embarque-no-es-obligatoria-para-reclamar\\\/#primaryimage\",\"url\":\"https:\\\/\\\/i0.wp.com\\\/www.reclamador.es\\\/blog\\\/wp-content\\\/uploads\\\/2019\\\/11\\\/191104_tarjeta_embarque_destacada.jpg?fit=800%2C419&ssl=1\",\"contentUrl\":\"https:\\\/\\\/i0.wp.com\\\/www.reclamador.es\\\/blog\\\/wp-content\\\/uploads\\\/2019\\\/11\\\/191104_tarjeta_embarque_destacada.jpg?fit=800%2C419&ssl=1\",\"width\":800,\"height\":419,\"caption\":\"TJUE tarjeta de embarque reclamador\"},{\"@type\":\"BreadcrumbList\",\"@id\":\"https:\\\/\\\/www.reclamador.es\\\/blog\\\/tjue-sentencia-tarjeta-de-embarque-no-es-obligatoria-para-reclamar\\\/#breadcrumb\",\"itemListElement\":[{\"@type\":\"ListItem\",\"position\":1,\"name\":\"Portada\",\"item\":\"https:\\\/\\\/www.reclamador.es\\\/blog\\\/\"},{\"@type\":\"ListItem\",\"position\":2,\"name\":\"Sentencia TJUE: la tarjeta de embarque no es obligatoria para reclamar\"}]},{\"@type\":\"WebSite\",\"@id\":\"https:\\\/\\\/www.reclamador.es\\\/blog\\\/#website\",\"url\":\"https:\\\/\\\/www.reclamador.es\\\/blog\\\/\",\"name\":\"Rebeldes con causa, el blog de reclamador.es\",\"description\":\"Noticias, entrevistas y consejos sobre reclamaciones\",\"publisher\":{\"@id\":\"https:\\\/\\\/www.reclamador.es\\\/blog\\\/#organization\"},\"potentialAction\":[{\"@type\":\"SearchAction\",\"target\":{\"@type\":\"EntryPoint\",\"urlTemplate\":\"https:\\\/\\\/www.reclamador.es\\\/blog\\\/?s={search_term_string}\"},\"query-input\":{\"@type\":\"PropertyValueSpecification\",\"valueRequired\":true,\"valueName\":\"search_term_string\"}}],\"inLanguage\":\"es\"},{\"@type\":\"Organization\",\"@id\":\"https:\\\/\\\/www.reclamador.es\\\/blog\\\/#organization\",\"name\":\"reclamador.es\",\"url\":\"https:\\\/\\\/www.reclamador.es\\\/blog\\\/\",\"logo\":{\"@type\":\"ImageObject\",\"inLanguage\":\"es\",\"@id\":\"https:\\\/\\\/www.reclamador.es\\\/blog\\\/#\\\/schema\\\/logo\\\/image\\\/\",\"url\":\"https:\\\/\\\/i0.wp.com\\\/www.reclamador.es\\\/blog\\\/wp-content\\\/uploads\\\/2020\\\/01\\\/logo-reclamador.png?fit=1200%2C144&ssl=1\",\"contentUrl\":\"https:\\\/\\\/i0.wp.com\\\/www.reclamador.es\\\/blog\\\/wp-content\\\/uploads\\\/2020\\\/01\\\/logo-reclamador.png?fit=1200%2C144&ssl=1\",\"width\":1200,\"height\":144,\"caption\":\"reclamador.es\"},\"image\":{\"@id\":\"https:\\\/\\\/www.reclamador.es\\\/blog\\\/#\\\/schema\\\/logo\\\/image\\\/\"},\"sameAs\":[\"https:\\\/\\\/www.facebook.com\\\/reclamador.es\",\"https:\\\/\\\/x.com\\\/reclamador\",\"https:\\\/\\\/www.instagram.com\\\/reclamador.es\\\/\",\"https:\\\/\\\/www.linkedin.com\\\/company\\\/reclamador-es\",\"https:\\\/\\\/www.youtube.com\\\/user\\\/Reclamadores\"]},{\"@type\":\"Person\",\"@id\":\"https:\\\/\\\/www.reclamador.es\\\/blog\\\/#\\\/schema\\\/person\\\/cf3cb2d85efd763e4aba87a7b1e7f9c6\",\"name\":\"Esperanza Palacio\",\"image\":{\"@type\":\"ImageObject\",\"inLanguage\":\"es\",\"@id\":\"https:\\\/\\\/secure.gravatar.com\\\/avatar\\\/0a2c5600eed3726bc2d809c3f26661b114305369d00dc45f7c4370f239422eb7?s=96&d=mm&r=g\",\"url\":\"https:\\\/\\\/secure.gravatar.com\\\/avatar\\\/0a2c5600eed3726bc2d809c3f26661b114305369d00dc45f7c4370f239422eb7?s=96&d=mm&r=g\",\"contentUrl\":\"https:\\\/\\\/secure.gravatar.com\\\/avatar\\\/0a2c5600eed3726bc2d809c3f26661b114305369d00dc45f7c4370f239422eb7?s=96&d=mm&r=g\",\"caption\":\"Esperanza Palacio\"},\"url\":\"https:\\\/\\\/www.reclamador.es\\\/blog\\\/author\\\/esperanza-palacio\\\/\"}]}<\/script>\n<!-- \/ Yoast SEO plugin. -->","yoast_head_json":{"title":"La tarjeta de embarque ya no es obligatoria para reclamar a las aerol\u00edneas","description":"El TJUE sentencia que la tarjeta de embarque ya no es obligatoria para reclamar una compensaci\u00f3n por retraso, cancelaci\u00f3n u overbooking.","robots":{"index":"index","follow":"follow","max-snippet":"max-snippet:-1","max-image-preview":"max-image-preview:large","max-video-preview":"max-video-preview:-1"},"canonical":"https:\/\/www.reclamador.es\/blog\/tjue-sentencia-tarjeta-de-embarque-no-es-obligatoria-para-reclamar\/","og_locale":"es_ES","og_type":"article","og_title":"La tarjeta de embarque ya no es obligatoria para reclamar a las aerol\u00edneas","og_description":"El TJUE sentencia que la tarjeta de embarque ya no es obligatoria para reclamar una compensaci\u00f3n por retraso, cancelaci\u00f3n u overbooking.","og_url":"https:\/\/www.reclamador.es\/blog\/tjue-sentencia-tarjeta-de-embarque-no-es-obligatoria-para-reclamar\/","og_site_name":"Rebeldes con causa, el blog de reclamador.es","article_publisher":"https:\/\/www.facebook.com\/reclamador.es","article_published_time":"2019-11-04T11:59:52+00:00","article_modified_time":"2023-11-20T12:16:30+00:00","og_image":[{"width":800,"height":419,"url":"https:\/\/i0.wp.com\/www.reclamador.es\/blog\/wp-content\/uploads\/2019\/11\/191104_tarjeta_embarque_destacada.jpg?fit=800%2C419&ssl=1","type":"image\/jpeg"}],"author":"Esperanza Palacio","twitter_card":"summary_large_image","twitter_creator":"@reclamador","twitter_site":"@reclamador","twitter_misc":{"Escrito por":"Esperanza Palacio","Tiempo de lectura":"3 minutos"},"schema":{"@context":"https:\/\/schema.org","@graph":[{"@type":"Article","@id":"https:\/\/www.reclamador.es\/blog\/tjue-sentencia-tarjeta-de-embarque-no-es-obligatoria-para-reclamar\/#article","isPartOf":{"@id":"https:\/\/www.reclamador.es\/blog\/tjue-sentencia-tarjeta-de-embarque-no-es-obligatoria-para-reclamar\/"},"author":{"name":"Esperanza Palacio","@id":"https:\/\/www.reclamador.es\/blog\/#\/schema\/person\/cf3cb2d85efd763e4aba87a7b1e7f9c6"},"headline":"Sentencia TJUE: la tarjeta de embarque no es obligatoria para reclamar","datePublished":"2019-11-04T11:59:52+00:00","dateModified":"2023-11-20T12:16:30+00:00","mainEntityOfPage":{"@id":"https:\/\/www.reclamador.es\/blog\/tjue-sentencia-tarjeta-de-embarque-no-es-obligatoria-para-reclamar\/"},"wordCount":545,"commentCount":5,"publisher":{"@id":"https:\/\/www.reclamador.es\/blog\/#organization"},"image":{"@id":"https:\/\/www.reclamador.es\/blog\/tjue-sentencia-tarjeta-de-embarque-no-es-obligatoria-para-reclamar\/#primaryimage"},"thumbnailUrl":"https:\/\/i0.wp.com\/www.reclamador.es\/blog\/wp-content\/uploads\/2019\/11\/191104_tarjeta_embarque_destacada.jpg?fit=800%2C419&ssl=1","keywords":["aerol\u00edneas","reclamaci\u00f3n","sentencia"],"articleSection":["Noticias y actualidad"],"inLanguage":"es","potentialAction":[{"@type":"CommentAction","name":"Comment","target":["https:\/\/www.reclamador.es\/blog\/tjue-sentencia-tarjeta-de-embarque-no-es-obligatoria-para-reclamar\/#respond"]}]},{"@type":"WebPage","@id":"https:\/\/www.reclamador.es\/blog\/tjue-sentencia-tarjeta-de-embarque-no-es-obligatoria-para-reclamar\/","url":"https:\/\/www.reclamador.es\/blog\/tjue-sentencia-tarjeta-de-embarque-no-es-obligatoria-para-reclamar\/","name":"La tarjeta de embarque ya no es obligatoria para reclamar a las aerol\u00edneas","isPartOf":{"@id":"https:\/\/www.reclamador.es\/blog\/#website"},"primaryImageOfPage":{"@id":"https:\/\/www.reclamador.es\/blog\/tjue-sentencia-tarjeta-de-embarque-no-es-obligatoria-para-reclamar\/#primaryimage"},"image":{"@id":"https:\/\/www.reclamador.es\/blog\/tjue-sentencia-tarjeta-de-embarque-no-es-obligatoria-para-reclamar\/#primaryimage"},"thumbnailUrl":"https:\/\/i0.wp.com\/www.reclamador.es\/blog\/wp-content\/uploads\/2019\/11\/191104_tarjeta_embarque_destacada.jpg?fit=800%2C419&ssl=1","datePublished":"2019-11-04T11:59:52+00:00","dateModified":"2023-11-20T12:16:30+00:00","description":"El TJUE sentencia que la tarjeta de embarque ya no es obligatoria para reclamar una compensaci\u00f3n por retraso, cancelaci\u00f3n u overbooking.","breadcrumb":{"@id":"https:\/\/www.reclamador.es\/blog\/tjue-sentencia-tarjeta-de-embarque-no-es-obligatoria-para-reclamar\/#breadcrumb"},"inLanguage":"es","potentialAction":[{"@type":"ReadAction","target":["https:\/\/www.reclamador.es\/blog\/tjue-sentencia-tarjeta-de-embarque-no-es-obligatoria-para-reclamar\/"]}]},{"@type":"ImageObject","inLanguage":"es","@id":"https:\/\/www.reclamador.es\/blog\/tjue-sentencia-tarjeta-de-embarque-no-es-obligatoria-para-reclamar\/#primaryimage","url":"https:\/\/i0.wp.com\/www.reclamador.es\/blog\/wp-content\/uploads\/2019\/11\/191104_tarjeta_embarque_destacada.jpg?fit=800%2C419&ssl=1","contentUrl":"https:\/\/i0.wp.com\/www.reclamador.es\/blog\/wp-content\/uploads\/2019\/11\/191104_tarjeta_embarque_destacada.jpg?fit=800%2C419&ssl=1","width":800,"height":419,"caption":"TJUE tarjeta de embarque reclamador"},{"@type":"BreadcrumbList","@id":"https:\/\/www.reclamador.es\/blog\/tjue-sentencia-tarjeta-de-embarque-no-es-obligatoria-para-reclamar\/#breadcrumb","itemListElement":[{"@type":"ListItem","position":1,"name":"Portada","item":"https:\/\/www.reclamador.es\/blog\/"},{"@type":"ListItem","position":2,"name":"Sentencia TJUE: la tarjeta de embarque no es obligatoria para reclamar"}]},{"@type":"WebSite","@id":"https:\/\/www.reclamador.es\/blog\/#website","url":"https:\/\/www.reclamador.es\/blog\/","name":"Rebeldes con causa, el blog de reclamador.es","description":"Noticias, entrevistas y consejos sobre reclamaciones","publisher":{"@id":"https:\/\/www.reclamador.es\/blog\/#organization"},"potentialAction":[{"@type":"SearchAction","target":{"@type":"EntryPoint","urlTemplate":"https:\/\/www.reclamador.es\/blog\/?s={search_term_string}"},"query-input":{"@type":"PropertyValueSpecification","valueRequired":true,"valueName":"search_term_string"}}],"inLanguage":"es"},{"@type":"Organization","@id":"https:\/\/www.reclamador.es\/blog\/#organization","name":"reclamador.es","url":"https:\/\/www.reclamador.es\/blog\/","logo":{"@type":"ImageObject","inLanguage":"es","@id":"https:\/\/www.reclamador.es\/blog\/#\/schema\/logo\/image\/","url":"https:\/\/i0.wp.com\/www.reclamador.es\/blog\/wp-content\/uploads\/2020\/01\/logo-reclamador.png?fit=1200%2C144&ssl=1","contentUrl":"https:\/\/i0.wp.com\/www.reclamador.es\/blog\/wp-content\/uploads\/2020\/01\/logo-reclamador.png?fit=1200%2C144&ssl=1","width":1200,"height":144,"caption":"reclamador.es"},"image":{"@id":"https:\/\/www.reclamador.es\/blog\/#\/schema\/logo\/image\/"},"sameAs":["https:\/\/www.facebook.com\/reclamador.es","https:\/\/x.com\/reclamador","https:\/\/www.instagram.com\/reclamador.es\/","https:\/\/www.linkedin.com\/company\/reclamador-es","https:\/\/www.youtube.com\/user\/Reclamadores"]},{"@type":"Person","@id":"https:\/\/www.reclamador.es\/blog\/#\/schema\/person\/cf3cb2d85efd763e4aba87a7b1e7f9c6","name":"Esperanza Palacio","image":{"@type":"ImageObject","inLanguage":"es","@id":"https:\/\/secure.gravatar.com\/avatar\/0a2c5600eed3726bc2d809c3f26661b114305369d00dc45f7c4370f239422eb7?s=96&d=mm&r=g","url":"https:\/\/secure.gravatar.com\/avatar\/0a2c5600eed3726bc2d809c3f26661b114305369d00dc45f7c4370f239422eb7?s=96&d=mm&r=g","contentUrl":"https:\/\/secure.gravatar.com\/avatar\/0a2c5600eed3726bc2d809c3f26661b114305369d00dc45f7c4370f239422eb7?s=96&d=mm&r=g","caption":"Esperanza Palacio"},"url":"https:\/\/www.reclamador.es\/blog\/author\/esperanza-palacio\/"}]}},"jetpack_featured_media_url":"https:\/\/i0.wp.com\/www.reclamador.es\/blog\/wp-content\/uploads\/2019\/11\/191104_tarjeta_embarque_destacada.jpg?fit=800%2C419&ssl=1","jetpack-related-posts":[{"id":18021,"url":"https:\/\/www.reclamador.es\/blog\/tjue-avala-indemnizaciones-huelgas-de-pilotos\/","url_meta":{"origin":23282,"position":0},"title":"El TJUE avala las indemnizaciones a los pasajeros ante una huelga de personal","author":"Equipo reclamador","date":"27 abril, 2018","format":false,"excerpt":"Los retrasos y las cancelaciones de los vuelos por culpa de las huelgas de personal de la compa\u00f1\u00eda a\u00e9rea son reclamables. As\u00ed lo dictamin\u00f3 el TJUE el pasado 17 de abril, dando un paso m\u00e1s en la protecci\u00f3n de los derechos de los pasajeros. El Tribunal de Justicia de la\u2026","rel":"","context":"En \u00abNoticias y actualidad\u00bb","block_context":{"text":"Noticias y actualidad","link":"https:\/\/www.reclamador.es\/blog\/noticias\/"},"img":{"alt_text":"huelga personal aerolineas indemnizacion reclamador","src":"https:\/\/i0.wp.com\/www.reclamador.es\/blog\/wp-content\/uploads\/2018\/04\/sentenia-TJUE-huelga-aerolineas-reclamador.jpg?fit=1200%2C800&ssl=1&resize=350%2C200","width":350,"height":200,"srcset":"https:\/\/i0.wp.com\/www.reclamador.es\/blog\/wp-content\/uploads\/2018\/04\/sentenia-TJUE-huelga-aerolineas-reclamador.jpg?fit=1200%2C800&ssl=1&resize=350%2C200 1x, https:\/\/i0.wp.com\/www.reclamador.es\/blog\/wp-content\/uploads\/2018\/04\/sentenia-TJUE-huelga-aerolineas-reclamador.jpg?fit=1200%2C800&ssl=1&resize=525%2C300 1.5x, https:\/\/i0.wp.com\/www.reclamador.es\/blog\/wp-content\/uploads\/2018\/04\/sentenia-TJUE-huelga-aerolineas-reclamador.jpg?fit=1200%2C800&ssl=1&resize=700%2C400 2x, https:\/\/i0.wp.com\/www.reclamador.es\/blog\/wp-content\/uploads\/2018\/04\/sentenia-TJUE-huelga-aerolineas-reclamador.jpg?fit=1200%2C800&ssl=1&resize=1050%2C600 3x"},"classes":[]},{"id":28615,"url":"https:\/\/www.reclamador.es\/blog\/vuelo-adelantado-sentencias-tjue\/","url_meta":{"origin":23282,"position":1},"title":"TJUE: Si el vuelo se adelanta m\u00e1s de una hora, los viajeros tienen derecho a reclamar","author":"Almudena Vel\u00e1zquez","date":"23 diciembre, 2021","format":false,"excerpt":"Hasta ahora, hemos hablado mucho sobre los derechos de los pasajeros a\u00e9reos que sufren un retraso en su vuelo y llegan a destino con m\u00e1s de tres horas de retraso, situaci\u00f3n que da derecho a solicitar una compensaci\u00f3n econ\u00f3mica. Pero, \u00bfy si lo que ocurre es que la compa\u00f1\u00eda a\u00e9rea\u2026","rel":"","context":"En \u00abNoticias y actualidad\u00bb","block_context":{"text":"Noticias y actualidad","link":"https:\/\/www.reclamador.es\/blog\/noticias\/"},"img":{"alt_text":"reclamar adelanto de hora de vuelo","src":"https:\/\/i0.wp.com\/www.reclamador.es\/blog\/wp-content\/uploads\/2021\/12\/sentencia-europa-vuelo-adelantado.jpg?fit=1200%2C687&ssl=1&resize=350%2C200","width":350,"height":200,"srcset":"https:\/\/i0.wp.com\/www.reclamador.es\/blog\/wp-content\/uploads\/2021\/12\/sentencia-europa-vuelo-adelantado.jpg?fit=1200%2C687&ssl=1&resize=350%2C200 1x, https:\/\/i0.wp.com\/www.reclamador.es\/blog\/wp-content\/uploads\/2021\/12\/sentencia-europa-vuelo-adelantado.jpg?fit=1200%2C687&ssl=1&resize=525%2C300 1.5x, https:\/\/i0.wp.com\/www.reclamador.es\/blog\/wp-content\/uploads\/2021\/12\/sentencia-europa-vuelo-adelantado.jpg?fit=1200%2C687&ssl=1&resize=700%2C400 2x, https:\/\/i0.wp.com\/www.reclamador.es\/blog\/wp-content\/uploads\/2021\/12\/sentencia-europa-vuelo-adelantado.jpg?fit=1200%2C687&ssl=1&resize=1050%2C600 3x"},"classes":[]},{"id":26283,"url":"https:\/\/www.reclamador.es\/blog\/tjue-avala-cesion-derechos-reclamar-terceros\/","url_meta":{"origin":23282,"position":2},"title":"Europa avala la cesi\u00f3n de derechos para reclamar por terceros","author":"Equipo reclamador","date":"24 noviembre, 2020","format":false,"excerpt":"El Tribunal de Justicia de la Uni\u00f3n Europea se ha pronunciado sobre la cesi\u00f3n de derechos de cobro de los viajeros que sufren grandes retrasos de vuelos o cancelaciones. La Sentencia dictada por el Tribunal de Justicia de la Uni\u00f3n Europea (TJUE) en la cuesti\u00f3n prejudicial 519\/19 marca un importante\u2026","rel":"","context":"En \u00abNoticias y actualidad\u00bb","block_context":{"text":"Noticias y actualidad","link":"https:\/\/www.reclamador.es\/blog\/noticias\/"},"img":{"alt_text":"sentencia tjue cesion de derechos","src":"https:\/\/i0.wp.com\/www.reclamador.es\/blog\/wp-content\/uploads\/2020\/11\/ryanair-sentencia-europa-cesion-de-derechos-terceros-reclamar.jpg?fit=1200%2C630&ssl=1&resize=350%2C200","width":350,"height":200,"srcset":"https:\/\/i0.wp.com\/www.reclamador.es\/blog\/wp-content\/uploads\/2020\/11\/ryanair-sentencia-europa-cesion-de-derechos-terceros-reclamar.jpg?fit=1200%2C630&ssl=1&resize=350%2C200 1x, https:\/\/i0.wp.com\/www.reclamador.es\/blog\/wp-content\/uploads\/2020\/11\/ryanair-sentencia-europa-cesion-de-derechos-terceros-reclamar.jpg?fit=1200%2C630&ssl=1&resize=525%2C300 1.5x, https:\/\/i0.wp.com\/www.reclamador.es\/blog\/wp-content\/uploads\/2020\/11\/ryanair-sentencia-europa-cesion-de-derechos-terceros-reclamar.jpg?fit=1200%2C630&ssl=1&resize=700%2C400 2x, https:\/\/i0.wp.com\/www.reclamador.es\/blog\/wp-content\/uploads\/2020\/11\/ryanair-sentencia-europa-cesion-de-derechos-terceros-reclamar.jpg?fit=1200%2C630&ssl=1&resize=1050%2C600 3x"},"classes":[]},{"id":35238,"url":"https:\/\/www.reclamador.es\/blog\/tarjeta-embarque-digital-ryanair-obliga-pasajeros\/","url_meta":{"origin":23282,"position":3},"title":"Ryanair obliga a los viajeros a disponer de tarjeta de embarque digital","author":"Alicia Ria\u00f1o","date":"11 noviembre, 2025","format":false,"excerpt":"Es la noticia de la semana en el sector a\u00e9reo o tur\u00edstico. Desde el 12 de noviembre de 2025, Ryanair obliga a sus pasajeros a disponer de una tarjeta de embarque 100 % digital, impidiendo el acceso al avi\u00f3n con este documento en papel. Por lo que, en principio, la\u2026","rel":"","context":"En \u00abNoticias y actualidad\u00bb","block_context":{"text":"Noticias y actualidad","link":"https:\/\/www.reclamador.es\/blog\/noticias\/"},"img":{"alt_text":"","src":"https:\/\/i0.wp.com\/www.reclamador.es\/blog\/wp-content\/uploads\/2025\/11\/tarjeta-de-embarque-digital-de-Ryanair-noticias.jpg?fit=1201%2C630&ssl=1&resize=350%2C200","width":350,"height":200,"srcset":"https:\/\/i0.wp.com\/www.reclamador.es\/blog\/wp-content\/uploads\/2025\/11\/tarjeta-de-embarque-digital-de-Ryanair-noticias.jpg?fit=1201%2C630&ssl=1&resize=350%2C200 1x, https:\/\/i0.wp.com\/www.reclamador.es\/blog\/wp-content\/uploads\/2025\/11\/tarjeta-de-embarque-digital-de-Ryanair-noticias.jpg?fit=1201%2C630&ssl=1&resize=525%2C300 1.5x, https:\/\/i0.wp.com\/www.reclamador.es\/blog\/wp-content\/uploads\/2025\/11\/tarjeta-de-embarque-digital-de-Ryanair-noticias.jpg?fit=1201%2C630&ssl=1&resize=700%2C400 2x, https:\/\/i0.wp.com\/www.reclamador.es\/blog\/wp-content\/uploads\/2025\/11\/tarjeta-de-embarque-digital-de-Ryanair-noticias.jpg?fit=1201%2C630&ssl=1&resize=1050%2C600 3x"},"classes":[]},{"id":25778,"url":"https:\/\/www.reclamador.es\/blog\/sentencia-tjue-indemnizacion-por-perdida-de-equipaje-debe-regularse-cada-caso\/","url_meta":{"origin":23282,"position":4},"title":"La indemnizaci\u00f3n por p\u00e9rdida de equipaje debe regularse en cada caso","author":"Equipo reclamador","date":"9 julio, 2020","format":false,"excerpt":"El Tribunal de Justicia de la UE ya se ha pronunciado sobre la cuesti\u00f3n prejudicial promovida por reclamador.es en relaci\u00f3n a la cuant\u00eda de la indemnizaci\u00f3n por p\u00e9rdida de equipaje que deben abonar las aerol\u00edneas a sus pasajeros.\u00a0 Sentencia TJUE indemnizaci\u00f3n por p\u00e9rdida de equipaje El TJUE sigue lo expuesto\u2026","rel":"","context":"En \u00abNoticias y actualidad\u00bb","block_context":{"text":"Noticias y actualidad","link":"https:\/\/www.reclamador.es\/blog\/noticias\/"},"img":{"alt_text":"sentencia tjue indemnizacion por perdida de equipaje reclamador","src":"https:\/\/i0.wp.com\/www.reclamador.es\/blog\/wp-content\/uploads\/2020\/07\/sentencia-indemnizacion-por-perdida-de-equipaje_destacada.jpg?fit=800%2C419&ssl=1&resize=350%2C200","width":350,"height":200,"srcset":"https:\/\/i0.wp.com\/www.reclamador.es\/blog\/wp-content\/uploads\/2020\/07\/sentencia-indemnizacion-por-perdida-de-equipaje_destacada.jpg?fit=800%2C419&ssl=1&resize=350%2C200 1x, https:\/\/i0.wp.com\/www.reclamador.es\/blog\/wp-content\/uploads\/2020\/07\/sentencia-indemnizacion-por-perdida-de-equipaje_destacada.jpg?fit=800%2C419&ssl=1&resize=525%2C300 1.5x, https:\/\/i0.wp.com\/www.reclamador.es\/blog\/wp-content\/uploads\/2020\/07\/sentencia-indemnizacion-por-perdida-de-equipaje_destacada.jpg?fit=800%2C419&ssl=1&resize=700%2C400 2x"},"classes":[]},{"id":35806,"url":"https:\/\/www.reclamador.es\/blog\/sentencia-europa-comision-de-intermediacion-agencias-de-viajes\/","url_meta":{"origin":23282,"position":5},"title":"Sentencia de la justicia europea sobre la comisi\u00f3n de intermediaci\u00f3n de las agencias de viajes","author":"Leticia Grande","date":"24 marzo, 2026","format":false,"excerpt":"Hoy os traemos una importante sentencia del Tribunal de Justicia de la Uni\u00f3n Europea (TJUE) sobre la devoluci\u00f3n de la comisi\u00f3n de intermediaci\u00f3n en reclamaciones a\u00e9reas. Se trata de una sentencia de la Sala Cuarta del TJUE de 15 de enero de 2026 (asunto C45-24).\u00a0 \u00bfQu\u00e9 juzgaba el TJUE sobre\u2026","rel":"","context":"En \u00abNoticias y actualidad\u00bb","block_context":{"text":"Noticias y actualidad","link":"https:\/\/www.reclamador.es\/blog\/noticias\/"},"img":{"alt_text":"comisi\u00f3n de intermediaci\u00f3n","src":"https:\/\/i0.wp.com\/www.reclamador.es\/blog\/wp-content\/uploads\/2026\/03\/comision-de-intermediacion-agencia-viajes-sentencia-europa.jpg?fit=1200%2C630&ssl=1&resize=350%2C200","width":350,"height":200,"srcset":"https:\/\/i0.wp.com\/www.reclamador.es\/blog\/wp-content\/uploads\/2026\/03\/comision-de-intermediacion-agencia-viajes-sentencia-europa.jpg?fit=1200%2C630&ssl=1&resize=350%2C200 1x, https:\/\/i0.wp.com\/www.reclamador.es\/blog\/wp-content\/uploads\/2026\/03\/comision-de-intermediacion-agencia-viajes-sentencia-europa.jpg?fit=1200%2C630&ssl=1&resize=525%2C300 1.5x, https:\/\/i0.wp.com\/www.reclamador.es\/blog\/wp-content\/uploads\/2026\/03\/comision-de-intermediacion-agencia-viajes-sentencia-europa.jpg?fit=1200%2C630&ssl=1&resize=700%2C400 2x, https:\/\/i0.wp.com\/www.reclamador.es\/blog\/wp-content\/uploads\/2026\/03\/comision-de-intermediacion-agencia-viajes-sentencia-europa.jpg?fit=1200%2C630&ssl=1&resize=1050%2C600 3x"},"classes":[]}],"jetpack_sharing_enabled":true,"_links":{"self":[{"href":"https:\/\/www.reclamador.es\/blog\/wp-json\/wp\/v2\/posts\/23282","targetHints":{"allow":["GET"]}}],"collection":[{"href":"https:\/\/www.reclamador.es\/blog\/wp-json\/wp\/v2\/posts"}],"about":[{"href":"https:\/\/www.reclamador.es\/blog\/wp-json\/wp\/v2\/types\/post"}],"author":[{"embeddable":true,"href":"https:\/\/www.reclamador.es\/blog\/wp-json\/wp\/v2\/users\/35"}],"replies":[{"embeddable":true,"href":"https:\/\/www.reclamador.es\/blog\/wp-json\/wp\/v2\/comments?post=23282"}],"version-history":[{"count":6,"href":"https:\/\/www.reclamador.es\/blog\/wp-json\/wp\/v2\/posts\/23282\/revisions"}],"predecessor-version":[{"id":31729,"href":"https:\/\/www.reclamador.es\/blog\/wp-json\/wp\/v2\/posts\/23282\/revisions\/31729"}],"wp:featuredmedia":[{"embeddable":true,"href":"https:\/\/www.reclamador.es\/blog\/wp-json\/wp\/v2\/media\/23286"}],"wp:attachment":[{"href":"https:\/\/www.reclamador.es\/blog\/wp-json\/wp\/v2\/media?parent=23282"}],"wp:term":[{"taxonomy":"category","embeddable":true,"href":"https:\/\/www.reclamador.es\/blog\/wp-json\/wp\/v2\/categories?post=23282"},{"taxonomy":"post_tag","embeddable":true,"href":"https:\/\/www.reclamador.es\/blog\/wp-json\/wp\/v2\/tags?post=23282"}],"curies":[{"name":"wp","href":"https:\/\/api.w.org\/{rel}","templated":true}]}}