{"id":22902,"date":"2021-07-02T10:55:00","date_gmt":"2021-07-02T08:55:00","guid":{"rendered":"https:\/\/www.reclamador.es\/blog\/?p=22902"},"modified":"2023-10-18T11:02:20","modified_gmt":"2023-10-18T09:02:20","slug":"renovar-demanda-empleo-internet-por-comunidades-autonomas","status":"publish","type":"post","link":"https:\/\/www.reclamador.es\/blog\/renovar-demanda-empleo-internet-por-comunidades-autonomas\/","title":{"rendered":"Webs donde renovar la demanda de empleo online por comunidades aut\u00f3nomas"},"content":{"rendered":"<div class=\"ttr_start\"><\/div>\n\n<div class=\"kk-star-ratings kksr-auto kksr-align-right kksr-valign-top\"\n    data-payload='{&quot;align&quot;:&quot;right&quot;,&quot;id&quot;:&quot;22902&quot;,&quot;slug&quot;:&quot;default&quot;,&quot;valign&quot;:&quot;top&quot;,&quot;ignore&quot;:&quot;&quot;,&quot;reference&quot;:&quot;auto&quot;,&quot;class&quot;:&quot;&quot;,&quot;count&quot;:&quot;8&quot;,&quot;legendonly&quot;:&quot;&quot;,&quot;readonly&quot;:&quot;&quot;,&quot;score&quot;:&quot;3.9&quot;,&quot;starsonly&quot;:&quot;&quot;,&quot;best&quot;:&quot;5&quot;,&quot;gap&quot;:&quot;3&quot;,&quot;greet&quot;:&quot;Valora este art\u00edculo&quot;,&quot;legend&quot;:&quot;3.9\\\/5 - (8 votos)&quot;,&quot;size&quot;:&quot;20&quot;,&quot;title&quot;:&quot;Webs donde renovar la demanda de empleo online por comunidades aut\u00f3nomas&quot;,&quot;width&quot;:&quot;88.2&quot;,&quot;_legend&quot;:&quot;{score}\\\/{best} - ({count} {votes})&quot;,&quot;font_factor&quot;:&quot;1.25&quot;}'>\n            \n<div class=\"kksr-stars\">\n    \n<div class=\"kksr-stars-inactive\">\n            <div class=\"kksr-star\" data-star=\"1\" style=\"padding-right: 3px\">\n            \n\n<div class=\"kksr-icon\" style=\"width: 20px; height: 20px;\"><\/div>\n        <\/div>\n            <div class=\"kksr-star\" data-star=\"2\" style=\"padding-right: 3px\">\n            \n\n<div class=\"kksr-icon\" style=\"width: 20px; height: 20px;\"><\/div>\n        <\/div>\n            <div class=\"kksr-star\" data-star=\"3\" style=\"padding-right: 3px\">\n            \n\n<div class=\"kksr-icon\" style=\"width: 20px; height: 20px;\"><\/div>\n        <\/div>\n            <div class=\"kksr-star\" data-star=\"4\" style=\"padding-right: 3px\">\n            \n\n<div class=\"kksr-icon\" style=\"width: 20px; height: 20px;\"><\/div>\n        <\/div>\n            <div class=\"kksr-star\" data-star=\"5\" style=\"padding-right: 3px\">\n            \n\n<div class=\"kksr-icon\" style=\"width: 20px; height: 20px;\"><\/div>\n        <\/div>\n    <\/div>\n    \n<div class=\"kksr-stars-active\" style=\"width: 88.2px;\">\n            <div class=\"kksr-star\" style=\"padding-right: 3px\">\n            \n\n<div class=\"kksr-icon\" style=\"width: 20px; height: 20px;\"><\/div>\n        <\/div>\n            <div class=\"kksr-star\" style=\"padding-right: 3px\">\n            \n\n<div class=\"kksr-icon\" style=\"width: 20px; height: 20px;\"><\/div>\n        <\/div>\n            <div class=\"kksr-star\" style=\"padding-right: 3px\">\n            \n\n<div class=\"kksr-icon\" style=\"width: 20px; height: 20px;\"><\/div>\n        <\/div>\n            <div class=\"kksr-star\" style=\"padding-right: 3px\">\n            \n\n<div class=\"kksr-icon\" style=\"width: 20px; height: 20px;\"><\/div>\n        <\/div>\n            <div class=\"kksr-star\" style=\"padding-right: 3px\">\n            \n\n<div class=\"kksr-icon\" style=\"width: 20px; height: 20px;\"><\/div>\n        <\/div>\n    <\/div>\n<\/div>\n                \n\n<div class=\"kksr-legend\" style=\"font-size: 16px;\">\n            3.9\/5 - (8 votos)    <\/div>\n    <\/div>\n<figure id=\"attachment_23407\" aria-describedby=\"caption-attachment-23407\" style=\"width: 1200px\" class=\"wp-caption aligncenter\"><img data-recalc-dims=\"1\" loading=\"lazy\" decoding=\"async\" class=\"wp-image-23407 size-full\" src=\"https:\/\/i0.wp.com\/www.reclamador.es\/blog\/wp-content\/uploads\/2019\/10\/renovar-paro-por-internet-en-cada-comunidad-autonoma-2.jpg?resize=1200%2C628&#038;ssl=1\" alt=\"renovar paro por internet en cada comunidad aut\u00f3noma\" width=\"1200\" height=\"628\" srcset=\"https:\/\/i0.wp.com\/www.reclamador.es\/blog\/wp-content\/uploads\/2019\/10\/renovar-paro-por-internet-en-cada-comunidad-autonoma-2.jpg?w=1200&amp;ssl=1 1200w, https:\/\/i0.wp.com\/www.reclamador.es\/blog\/wp-content\/uploads\/2019\/10\/renovar-paro-por-internet-en-cada-comunidad-autonoma-2.jpg?resize=150%2C79&amp;ssl=1 150w, https:\/\/i0.wp.com\/www.reclamador.es\/blog\/wp-content\/uploads\/2019\/10\/renovar-paro-por-internet-en-cada-comunidad-autonoma-2.jpg?resize=300%2C157&amp;ssl=1 300w, https:\/\/i0.wp.com\/www.reclamador.es\/blog\/wp-content\/uploads\/2019\/10\/renovar-paro-por-internet-en-cada-comunidad-autonoma-2.jpg?resize=768%2C402&amp;ssl=1 768w, https:\/\/i0.wp.com\/www.reclamador.es\/blog\/wp-content\/uploads\/2019\/10\/renovar-paro-por-internet-en-cada-comunidad-autonoma-2.jpg?resize=1024%2C536&amp;ssl=1 1024w\" sizes=\"auto, (max-width: 1000px) 100vw, 1000px\" \/><figcaption id=\"caption-attachment-23407\" class=\"wp-caption-text\"><em>Listado de web donde acceder para renovar la demanda de empleo por internet<\/em><\/figcaption><\/figure>\n<p>El paro se debe renovar. Es m\u00e1s, se trata de una de los principales deberes de los demandantes de empleo. Para ello, no hace falta desplazarse hasta las oficinas de lo servicios de empleo correspondientes. Se puede hacer online. Eso s\u00ed, seg\u00fan en la comunidad aut\u00f3noma que debas sellar el paro, deber\u00e1s acceder a una p\u00e1gina web u otra. Porque s\u00ed, existe un servicio de empleo por cada autonom\u00eda y es aqu\u00ed donde debes inscribirte como demandante de empleo y, tambi\u00e9n, renovar esa inscripci\u00f3n.<\/p>\n<h6 style=\"text-align: center;\"><strong>Te interesa: <a href=\"https:\/\/www.reclamador.es\/blog\/sellar-el-paro-por-internet\/\">todo lo que debes saber antes de sellar el paro por Internet<\/a><\/strong><\/h6>\n<p>Para facilitarte renovar la demanda de empleo por Internet, en reclamador.es, hemos recopilado todos los enlaces a cada uno de los servicios auton\u00f3micos de empleo, para que accedas lo m\u00e1s r\u00e1pidamente posible al que te corresponda. Aqu\u00ed encontrar\u00e1s, desde c\u00f3mo sellar el paro online en Andaluc\u00eda hasta las indicaciones para renovar demanda de empleo por Internet en Ceuta y Melilla.<\/p>\n<ol class=\"boxed\">\n<li><a href=\"#andalucia\">Andaluc\u00eda<\/a><\/li>\n<li><a href=\"#aragon\">Arag\u00f3n<\/a><\/li>\n<li><a href=\"#asturias\">Principado de Asturias<\/a><\/li>\n<li><a href=\"#baleares\">Islas Baleares<\/a><\/li>\n<li><a href=\"#Canarias\">Canarias<\/a><\/li>\n<li><a href=\"#Cantabria\">Cantabria<\/a><\/li>\n<li><a href=\"#Cataluna\">Catalu\u00f1a<\/a><\/li>\n<li><a href=\"#Mancha\">Castilla-La Mancha<\/a><\/li>\n<li><a href=\"#CastillaLeon\">Castilla y Le\u00f3n<\/a><\/li>\n<li><a href=\"#extremadura\">Extremadura<\/a><\/li>\n<li><a href=\"#galicia\">Galicia<\/a><\/li>\n<li><a href=\"#Rioja\">La Rioja<\/a><\/li>\n<li><a href=\"#Madrid\">Comunidad de Madrid<\/a><\/li>\n<li><a href=\"#Murcia\">Regi\u00f3n de Murcia<\/a><\/li>\n<li><a href=\"#navarra\">Navarra<\/a><\/li>\n<li><a href=\"#euskadi\">Pa\u00eds Vasco<\/a><\/li>\n<li><a href=\"#comunidadvalenciana\">Comunidad Valenciana<\/a><\/li>\n<li><a href=\"#ceutamelilla\">Ceuta y Melilla<\/a><\/li>\n<\/ol>\n<h2 id=\"andalucia\"><b>Sellar el paro por Internet en Andaluc\u00eda<\/b><\/h2>\n<p><span style=\"font-weight: 400;\">En la p\u00e1gina web del Servicio Andaluz de Empleo podr\u00e1s <\/span><span style=\"font-weight: 400;\">renovar, reinscribir, modificar tu demanda de empleo.<\/span><span style=\"font-weight: 400;\">\u00a0<\/span><br \/>\n<a href=\"https:\/\/ws054.juntadeandalucia.es\/autenticacion\/login?service=https%3A%2F%2Fws054.juntadeandalucia.es%2Fapdweb%2Fweb%2Fguest%2Fhome\" target=\"_blank\" rel=\"nofollow noopener noreferrer\">Para sellar el paro por Internet en Andaluc\u00eda pulsa sobre este enlace<\/a><\/p>\n<h2 id=\"aragon\"><b>Arag\u00f3n: \u00bfd\u00f3nde sellar el paro en Internet?\u00a0<\/b><\/h2>\n<p><span style=\"font-weight: 400;\">En Arag\u00f3n, para la gesti\u00f3n de la demanda online de empleo deber\u00e1s acceder a la p\u00e1gina web del Instituto Aragon\u00e9s de Empleo y en la secci\u00f3n \u201cciudadanos\u201d encontrar\u00e1s el apartado donde te muestran m\u00e1s informaci\u00f3n para poder sellar el paro por Internet en Arag\u00f3n.\u00a0<\/span><br \/>\n<a href=\"https:\/\/inaem.aragon.es\/gestion-de-la-demanda-online\" target=\"_blank\" rel=\"nofollow noopener noreferrer\">Aqu\u00ed puedes acceder directamente al \u00e1rea de gesti\u00f3n de la demanda online<\/a><\/p>\n<h2 id=\"asturias\"><b>Sellar el paro en Internet en Asturias<\/b><\/h2>\n<p><span style=\"font-weight: 400;\">En la p\u00e1gina web del Gobierno del Principado de Asturias encontrar\u00e1s un apartado para renovar la demanda de empleo. Si quieres llegar directamente, accede a \"trabajar en Asturias\" y a continuaci\u00f3n pulsa sobre \"<a href=\"https:\/\/www.asturias.es\/caracteristica\/-\/categories\/574413?p_r_p_categoryId=574413\">en desempleo<\/a>\".\u00a0<\/span><\/p>\n<h2 id=\"baleares\"><b>Inscribirse y renovar demanda de empleo por Internet en las Islas Baleares<\/b><\/h2>\n<p><span style=\"font-weight: 400;\">Para estos tr\u00e1mites, debes acceder a la p\u00e1gina del <\/span><a href=\"https:\/\/soib.es\/\" target=\"_blank\" rel=\"nofollow noopener noreferrer\"><b>SOIB<\/b><\/a><span style=\"font-weight: 400;\">. en el apartado \u201cEmpleo\u201d encontrar\u00e1s el \u00e1rea de demandas, donde acceder tanto a inscribirte como a renovar el paro.<\/span><\/p>\n<p>Desde el <strong>1 de junio de 2021<\/strong>, el gobierno balear ha modificado el sistema de renovaci\u00f3n de la demanda de empleo. Todas las novedades est\u00e1n explicadas en su p\u00e1gina web.<\/p>\n<h2 id=\"Canarias\"><b>Sellar paro Internet: Canarias<\/b><\/h2>\n<p><span style=\"font-weight: 400;\">El Gobierno de Canarias ofrece la posibilidad de renovar la demanda de empleo a trav\u00e9s del Servicio Canario de Empleo.\u00a0<\/span><br \/>\n<a href=\"https:\/\/www3.gobiernodecanarias.org\/empleo\/portal\/web\/sce\/contenido_web_estatico\/el_sce_sede_electronica_servicios_inscripcion_renovacion_demanda_empleo\" target=\"_blank\" rel=\"nofollow noopener noreferrer\">Para acceder directamente haz click en este enlace<\/a><\/p>\n<h2 id=\"Cantabria\"><b>Renovar el paro en Cantabria<\/b><\/h2>\n<p><span style=\"font-weight: 400;\">En la p\u00e1gina web de Emplea Cantabria podr\u00e1s acceder a la informaci\u00f3n y tr\u00e1mites del Servicio C\u00e1ntabro de Empleo. En el apartado \u201cDemanda de Empleo\u201d encontrar\u00e1s la informaci\u00f3n y enlaces necesarios para sellar el paro en Internet en esta comunidad aut\u00f3noma.\u00a0<\/span><br \/>\n<a href=\"https:\/\/www.empleacantabria.es\/demanda-de-empleo\" target=\"_blank\" rel=\"nofollow noopener noreferrer\">Pulsa en este enlace para acceder al apartado Demanda de Empleo<b><\/b><\/a><\/p>\n<h2 id=\"cataluna\"><b>Sellar el paro por Internet en Catalu\u00f1a<\/b><\/h2>\n<p><span style=\"font-weight: 400;\">En la p\u00e1gina web del Servei P\u00fablic d\u00b4Ocupaci\u00f3 de Catalunya podr\u00e1s inscribirte y renovar tu demanda de empleo. En este enlace accedes directamente al \u00e1rea de <\/span><a href=\"https:\/\/serveiocupacio.gencat.cat\/es\/tramits\/tramits-per-a-les-persones\/\" target=\"_blank\" rel=\"nofollow noopener noreferrer\"><span style=\"font-weight: 400;\">\u201ctr\u00e1mites\u201d<\/span><\/a><span style=\"font-weight: 400;\"> donde podr\u00e1s sellar el paro por Internet.\u00a0<\/span><\/p>\n<h2 id=\"Mancha\"><b>Inscribirse y renovar el paro en Castilla-La Mancha\u00a0<\/b><\/h2>\n<p><span style=\"font-weight: 400;\">Estos tr\u00e1mites podr\u00e1s realizarlos en la Oficina Virtual de la Consejer\u00eda de Empresas y Empleo de Castilla-La Mancha. Para ello, <\/span><a href=\"https:\/\/e-empleo.jccm.es\/OVI\/\" target=\"_blank\" rel=\"nofollow noopener noreferrer\"><span style=\"font-weight: 400;\">pulsa sobre este enlace<\/span><\/a><span style=\"font-weight: 400;\">.\u00a0<\/span><\/p>\n<p>En su portal web, se anuncia la siguiente modificaci\u00f3n en el tr\u00e1mite: <em>\"Desde el 1 de julio\u00a0<span class=\"font-weight-bold\">LAS RENOVACIONES\u00a0<u>HAN DEJADO DE SER AUTOM\u00c1TICAS<\/u><\/span> y cada persona, deber\u00e1 responsabilizarse de la renovaci\u00f3n de su demanda, en las fechas indicadas en su tarjeta\".<\/em><\/p>\n<h2 id=\"CastillaLeon\"><b>Sellar el paro Internet: Castilla y Le\u00f3n<\/b><\/h2>\n<p><span style=\"font-weight: 400;\">En la Oficina Virtual del Servicio P\u00fablico de Empleo de Castilla y Le\u00f3n podr\u00e1s renovar tu demanda de empleo.\u00a0<\/span><br \/>\n<a href=\"https:\/\/empleocastillayleon.jcyl.es\/oficinavirtual\/comprobarPIN.do?srvc=mostrarLeerDni&amp;tpdstn=2\" target=\"_blank\" rel=\"nofollow noopener noreferrer\">Pulsa en este enlace para sellar el paro por Internet en Castilla y Le\u00f3n<b><\/b><\/a><\/p>\n<h2 id=\"extremadura\"><b>Renovaci\u00f3n tarjeta demanda empleo Extremadura<\/b><\/h2>\n<p><span style=\"font-weight: 400;\">En la web de <\/span><a href=\"http:\/\/extremaduratrabaja.gobex.es\/index.php?modulo=contenidos&amp;id_menu=152\" target=\"_blank\" rel=\"&quot;nofollow noopener noreferrer\"><span style=\"font-weight: 400;\">\u201cExtremadura Trabaja\u201d<\/span><\/a><span style=\"font-weight: 400;\"> puedes acceder a los tr\u00e1mites online de consulta y renovaci\u00f3n de la demanda.\u00a0<\/span><\/p>\n<h6 style=\"text-align: center;\"><strong>Te interesa: <a href=\"https:\/\/www.reclamador.es\/blog\/abogado-laboralista\/\">c\u00f3mo te puede ayudar un abogado laboralista<\/a><\/strong><\/h6>\n<h2 id=\"galicia\"><b>Renovar demanda de empleo por Internet en Galicia<\/b><\/h2>\n<p><span style=\"font-weight: 400;\">Para renovar el paro por Internet en Galicia debes acceder a \u201cEmprego Galicia\u201d. Aqu\u00ed encontrar\u00e1s el apartado <\/span><a href=\"https:\/\/emprego.xunta.gal\/portal\/index.php\/gl\/?option=com_content&amp;view=article&amp;id=209\" target=\"_blank\" rel=\"nofollow noopener noreferrer\"><span style=\"font-weight: 400;\">\u201cRenovaci\u00f3n de la demanda\u201d<\/span><\/a><span style=\"font-weight: 400;\">, donde podr\u00e1s realizar este tr\u00e1mite.\u00a0<\/span><\/p>\n<h2 id=\"Rioja\"><b>Sellar el paro en La Rioja por Internet<\/b><\/h2>\n<p><span style=\"font-weight: 400;\">Para este tr\u00e1mite, accede a la <\/span><a href=\"https:\/\/www.larioja.org\/empleo-formacion\/es\/oficina-electronica\" target=\"_blank\" rel=\"nofollow noopener noreferrer\"><span style=\"font-weight: 400;\">Oficina Electr\u00f3nica<\/span><\/a><span style=\"font-weight: 400;\"> en el apartado sobre demandantes de empleo.<\/span><\/p>\n<h2 id=\"Madrid\"><b>Sellar paro Internet: Comunidad de Madrid<\/b><\/h2>\n<p><span style=\"font-weight: 400;\">Si necesitas renovar la demanda de empleo en Madrid, debes acceder a la p\u00e1gina web de la Comunidad, en el apartado de empleo encontrar\u00e1s un \u00e1rea denominada \u201cGesti\u00f3n telem\u00e1tica de la demanda de empleo\u201d. Aqu\u00ed encontrar\u00e1s toda la informaci\u00f3n.\u00a0<\/span><br \/>\n<a href=\"https:\/\/www.comunidad.madrid\/servicios\/empleo\/gestion-telematica-demanda-empleo\" target=\"_blank\" rel=\"nofollow noopener noreferrer\">Pulsa en este enlace para sellar el paro por Internet en la Comunidad de Madrid<\/a><\/p>\n<h2 id=\"Murcia\"><b>Sefcarm: Renovar el paro en la Regi\u00f3n de Murcia<\/b><\/h2>\n<p><span style=\"font-weight: 400;\">En el apartado <\/span><a href=\"https:\/\/www.sefcarm.es\/web\/pagina?IDCONTENIDO=30461&amp;IDTIPO=100&amp;RASTRO=c$m30000\" target=\"_blank\" rel=\"nofollow noopener noreferrer\">\u201cTu oficina SEF en casa\u201d<\/a><span style=\"font-weight: 400;\"> podr\u00e1s realizar diversos tr\u00e1mites, entre ellos, inscribirte como demandante de empleo.\u00a0<\/span><\/p>\n<h2 id=\"navarra\"><b>Renovar demanda de empleo por Internet en Navarra<\/b><\/h2>\n<p><span style=\"font-weight: 400;\">En la p\u00e1gina web oficial del Gobierno de Navarra puedes acceder al tr\u00e1mite de renovaci\u00f3n online de la demanda de empleo. Para ello, <\/span><a href=\"https:\/\/www.navarra.es\/home_es\/Servicios\/ficha\/6576\/Gestionar-la-demanda-de-empleo\" target=\"_blank\" rel=\"nofollow noopener noreferrer\"><span style=\"font-weight: 400;\">pulsa sobre este enlace.<\/span><\/a><span style=\"font-weight: 400;\">\u00a0<\/span><\/p>\n<h2 id=\"euskadi\"><b>Lanbide: renovar el paro en el Pa\u00eds Vasco<\/b><\/h2>\n<p><span style=\"font-weight: 400;\">Lanbide es el portal de empleo del Pa\u00eds Vasco. Para renovar el paro, deber\u00e1s registrarte y acceder a tu \u00e1rea privada. Aqu\u00ed, entre otros tr\u00e1mites y consultas que podr\u00e1s realizar, se encuentra la renovaci\u00f3n del DARDE.\u00a0<\/span><br \/>\n<a href=\"https:\/\/www.lanbide.euskadi.eus\/general\/-\/informacion\/como-renovar-la-demanda\/\" target=\"_blank\" rel=\"nofollow noopener noreferrer\">Pulsa en este enlace para acceder a la explicaci\u00f3n de Lanbidenet para renovar el paro<\/a><\/p>\n<h2 id=\"comunidadvalenciana\"><b>Renovar el paro por Internet en la Comunidad Valenciana<\/b><\/h2>\n<p><span style=\"font-weight: 400;\">Labora es el portal de empleo de la Comunidad Valenciana. Para este tr\u00e1mite, accede al apartado <\/span><a href=\"http:\/\/www.labora.gva.es\/es\/renovacion\" target=\"_blank\" rel=\"nofollow noopener noreferrer\"><span style=\"font-weight: 400;\">\u201cRenovaci\u00f3n Darde\u201d<\/span><\/a><span style=\"font-weight: 400;\"> y encontrar\u00e1s toda la informaci\u00f3n que necesitas y el enlace para llevar a cabo la renovaci\u00f3n de la demanda de empleo.\u00a0<\/span><\/p>\n<h2 id=\"ceutamelilla\"><b>Sellar el paro por Internet en Ceuta y Melilla\u00a0<\/b><\/h2>\n<p><span style=\"font-weight: 400;\">En este caso, los tr\u00e1mites se realizan en la propia web del Servicio P\u00fablico de Empleo Estatal (SEPE) a trav\u00e9s de <\/span><a href=\"https:\/\/sede.sepe.gob.es\/GesUsuariosSEDE\/GestionUsuariosTrabajaWeb\/login_recurso_protegido.do?acceso=ciudadano&amp;CSRFFormToken=null&amp;GAREASONCODE=-1&amp;GARESOURCEID=AccesoDemandaWEB&amp;GAURI=https:\/\/sede.sepe.gob.es\/AccesoDemandaWEB\/accesoDemanda.do&amp;Reason=-1&amp;APPID=AccesoDemandaWEB&amp;URI=https:\/\/sede.sepe.gob.es\/AccesoDemandaWEB\/accesoDemanda.do\" target=\"_blank\" rel=\"nofollow noopener noreferrer\"><span style=\"font-weight: 400;\">\u201cMis tr\u00e1mites de demanda\u201d<\/span><\/a><span style=\"font-weight: 400;\">.\u00a0<\/span><\/p>\n<p>\ud83d\ude09<\/p>\n<div class=\"ttr_end\"><\/div>","protected":false},"excerpt":{"rendered":"<p>El paro se debe renovar. Es m\u00e1s, se trata de una de los principales deberes de los demandantes de empleo. Para ello, no hace falta desplazarse hasta las oficinas de lo servicios de empleo correspondientes. Se puede hacer online. Eso s\u00ed, seg\u00fan en la comunidad aut\u00f3noma que debas sellar el paro, deber\u00e1s acceder a una [&hellip;]<\/p>\n","protected":false},"author":1,"featured_media":23090,"comment_status":"open","ping_status":"open","sticky":false,"template":"","format":"standard","meta":{"_acf_changed":false,"_genesis_hide_title":false,"_genesis_hide_breadcrumbs":false,"_genesis_hide_singular_image":false,"_genesis_hide_footer_widgets":false,"_genesis_custom_body_class":"","_genesis_custom_post_class":"","_genesis_layout":"","_jetpack_newsletter_access":"","_jetpack_dont_email_post_to_subs":false,"_jetpack_newsletter_tier_id":0,"_jetpack_memberships_contains_paywalled_content":false,"_jetpack_memberships_contains_paid_content":false,"footnotes":""},"categories":[393],"tags":[289],"class_list":{"0":"post-22902","1":"post","2":"type-post","3":"status-publish","4":"format-standard","5":"has-post-thumbnail","7":"category-consejos","8":"tag-reclamacion","9":"entry"},"acf":[],"yoast_head":"<!-- This site is optimized with the Yoast SEO plugin v27.4 - https:\/\/yoast.com\/product\/yoast-seo-wordpress\/ -->\n<title>D\u00f3nde renovar demanda de empleo por internet seg\u00fan cada Comunidad<\/title>\n<meta name=\"description\" content=\"Hemos recopilado todas las p\u00e1ginas web donde puedes renovar demanda de empleo por internet. Encontrar\u00e1s informaci\u00f3n sobre d\u00f3nde sellar el paro.\" \/>\n<meta name=\"robots\" content=\"index, follow, max-snippet:-1, max-image-preview:large, max-video-preview:-1\" \/>\n<link rel=\"canonical\" href=\"https:\/\/www.reclamador.es\/blog\/renovar-demanda-empleo-internet-por-comunidades-autonomas\/\" \/>\n<meta property=\"og:locale\" content=\"es_ES\" \/>\n<meta property=\"og:type\" content=\"article\" \/>\n<meta property=\"og:title\" content=\"D\u00f3nde renovar demanda de empleo por internet seg\u00fan cada Comunidad\" \/>\n<meta property=\"og:description\" content=\"Hemos recopilado todas las p\u00e1ginas web donde puedes renovar demanda de empleo por internet. Encontrar\u00e1s informaci\u00f3n sobre d\u00f3nde sellar el paro.\" \/>\n<meta property=\"og:url\" content=\"https:\/\/www.reclamador.es\/blog\/renovar-demanda-empleo-internet-por-comunidades-autonomas\/\" \/>\n<meta property=\"og:site_name\" content=\"Rebeldes con causa, el blog de reclamador.es\" \/>\n<meta property=\"article:publisher\" content=\"https:\/\/www.facebook.com\/reclamador.es\" \/>\n<meta property=\"article:published_time\" content=\"2021-07-02T08:55:00+00:00\" \/>\n<meta property=\"article:modified_time\" content=\"2023-10-18T09:02:20+00:00\" \/>\n<meta property=\"og:image\" content=\"https:\/\/i0.wp.com\/www.reclamador.es\/blog\/wp-content\/uploads\/2019\/10\/renovar-paro-por-internet-en-cada-comunidad-autonoma_destacada.jpg?fit=800%2C419&ssl=1\" \/>\n\t<meta property=\"og:image:width\" content=\"800\" \/>\n\t<meta property=\"og:image:height\" content=\"419\" \/>\n\t<meta property=\"og:image:type\" content=\"image\/jpeg\" \/>\n<meta name=\"author\" content=\"Equipo reclamador\" \/>\n<meta name=\"twitter:card\" content=\"summary_large_image\" \/>\n<meta name=\"twitter:creator\" content=\"@reclamador\" \/>\n<meta name=\"twitter:site\" content=\"@reclamador\" \/>\n<meta name=\"twitter:label1\" content=\"Escrito por\" \/>\n\t<meta name=\"twitter:data1\" content=\"Equipo reclamador\" \/>\n\t<meta name=\"twitter:label2\" content=\"Tiempo de lectura\" \/>\n\t<meta name=\"twitter:data2\" content=\"6 minutos\" \/>\n<script type=\"application\/ld+json\" class=\"yoast-schema-graph\">{\"@context\":\"https:\\\/\\\/schema.org\",\"@graph\":[{\"@type\":\"Article\",\"@id\":\"https:\\\/\\\/www.reclamador.es\\\/blog\\\/renovar-demanda-empleo-internet-por-comunidades-autonomas\\\/#article\",\"isPartOf\":{\"@id\":\"https:\\\/\\\/www.reclamador.es\\\/blog\\\/renovar-demanda-empleo-internet-por-comunidades-autonomas\\\/\"},\"author\":{\"name\":\"Equipo reclamador\",\"@id\":\"https:\\\/\\\/www.reclamador.es\\\/blog\\\/#\\\/schema\\\/person\\\/1ed83eef8b6566cb5e4c812d9bc5c4bf\"},\"headline\":\"Webs donde renovar la demanda de empleo online por comunidades aut\u00f3nomas\",\"datePublished\":\"2021-07-02T08:55:00+00:00\",\"dateModified\":\"2023-10-18T09:02:20+00:00\",\"mainEntityOfPage\":{\"@id\":\"https:\\\/\\\/www.reclamador.es\\\/blog\\\/renovar-demanda-empleo-internet-por-comunidades-autonomas\\\/\"},\"wordCount\":1143,\"commentCount\":9,\"publisher\":{\"@id\":\"https:\\\/\\\/www.reclamador.es\\\/blog\\\/#organization\"},\"image\":{\"@id\":\"https:\\\/\\\/www.reclamador.es\\\/blog\\\/renovar-demanda-empleo-internet-por-comunidades-autonomas\\\/#primaryimage\"},\"thumbnailUrl\":\"https:\\\/\\\/i0.wp.com\\\/www.reclamador.es\\\/blog\\\/wp-content\\\/uploads\\\/2019\\\/10\\\/renovar-paro-por-internet-en-cada-comunidad-autonoma_destacada.jpg?fit=800%2C419&ssl=1\",\"keywords\":[\"reclamaci\u00f3n\"],\"articleSection\":[\"Consejos legales\"],\"inLanguage\":\"es\",\"potentialAction\":[{\"@type\":\"CommentAction\",\"name\":\"Comment\",\"target\":[\"https:\\\/\\\/www.reclamador.es\\\/blog\\\/renovar-demanda-empleo-internet-por-comunidades-autonomas\\\/#respond\"]}]},{\"@type\":\"WebPage\",\"@id\":\"https:\\\/\\\/www.reclamador.es\\\/blog\\\/renovar-demanda-empleo-internet-por-comunidades-autonomas\\\/\",\"url\":\"https:\\\/\\\/www.reclamador.es\\\/blog\\\/renovar-demanda-empleo-internet-por-comunidades-autonomas\\\/\",\"name\":\"D\u00f3nde renovar demanda de empleo por internet seg\u00fan cada Comunidad\",\"isPartOf\":{\"@id\":\"https:\\\/\\\/www.reclamador.es\\\/blog\\\/#website\"},\"primaryImageOfPage\":{\"@id\":\"https:\\\/\\\/www.reclamador.es\\\/blog\\\/renovar-demanda-empleo-internet-por-comunidades-autonomas\\\/#primaryimage\"},\"image\":{\"@id\":\"https:\\\/\\\/www.reclamador.es\\\/blog\\\/renovar-demanda-empleo-internet-por-comunidades-autonomas\\\/#primaryimage\"},\"thumbnailUrl\":\"https:\\\/\\\/i0.wp.com\\\/www.reclamador.es\\\/blog\\\/wp-content\\\/uploads\\\/2019\\\/10\\\/renovar-paro-por-internet-en-cada-comunidad-autonoma_destacada.jpg?fit=800%2C419&ssl=1\",\"datePublished\":\"2021-07-02T08:55:00+00:00\",\"dateModified\":\"2023-10-18T09:02:20+00:00\",\"description\":\"Hemos recopilado todas las p\u00e1ginas web donde puedes renovar demanda de empleo por internet. Encontrar\u00e1s informaci\u00f3n sobre d\u00f3nde sellar el paro.\",\"breadcrumb\":{\"@id\":\"https:\\\/\\\/www.reclamador.es\\\/blog\\\/renovar-demanda-empleo-internet-por-comunidades-autonomas\\\/#breadcrumb\"},\"inLanguage\":\"es\",\"potentialAction\":[{\"@type\":\"ReadAction\",\"target\":[\"https:\\\/\\\/www.reclamador.es\\\/blog\\\/renovar-demanda-empleo-internet-por-comunidades-autonomas\\\/\"]}]},{\"@type\":\"ImageObject\",\"inLanguage\":\"es\",\"@id\":\"https:\\\/\\\/www.reclamador.es\\\/blog\\\/renovar-demanda-empleo-internet-por-comunidades-autonomas\\\/#primaryimage\",\"url\":\"https:\\\/\\\/i0.wp.com\\\/www.reclamador.es\\\/blog\\\/wp-content\\\/uploads\\\/2019\\\/10\\\/renovar-paro-por-internet-en-cada-comunidad-autonoma_destacada.jpg?fit=800%2C419&ssl=1\",\"contentUrl\":\"https:\\\/\\\/i0.wp.com\\\/www.reclamador.es\\\/blog\\\/wp-content\\\/uploads\\\/2019\\\/10\\\/renovar-paro-por-internet-en-cada-comunidad-autonoma_destacada.jpg?fit=800%2C419&ssl=1\",\"width\":800,\"height\":419,\"caption\":\"renovar paro por internet en cada comunidad autonoma\"},{\"@type\":\"BreadcrumbList\",\"@id\":\"https:\\\/\\\/www.reclamador.es\\\/blog\\\/renovar-demanda-empleo-internet-por-comunidades-autonomas\\\/#breadcrumb\",\"itemListElement\":[{\"@type\":\"ListItem\",\"position\":1,\"name\":\"Portada\",\"item\":\"https:\\\/\\\/www.reclamador.es\\\/blog\\\/\"},{\"@type\":\"ListItem\",\"position\":2,\"name\":\"Webs donde renovar la demanda de empleo online por comunidades aut\u00f3nomas\"}]},{\"@type\":\"WebSite\",\"@id\":\"https:\\\/\\\/www.reclamador.es\\\/blog\\\/#website\",\"url\":\"https:\\\/\\\/www.reclamador.es\\\/blog\\\/\",\"name\":\"Rebeldes con causa, el blog de reclamador.es\",\"description\":\"Noticias, entrevistas y consejos sobre reclamaciones\",\"publisher\":{\"@id\":\"https:\\\/\\\/www.reclamador.es\\\/blog\\\/#organization\"},\"potentialAction\":[{\"@type\":\"SearchAction\",\"target\":{\"@type\":\"EntryPoint\",\"urlTemplate\":\"https:\\\/\\\/www.reclamador.es\\\/blog\\\/?s={search_term_string}\"},\"query-input\":{\"@type\":\"PropertyValueSpecification\",\"valueRequired\":true,\"valueName\":\"search_term_string\"}}],\"inLanguage\":\"es\"},{\"@type\":\"Organization\",\"@id\":\"https:\\\/\\\/www.reclamador.es\\\/blog\\\/#organization\",\"name\":\"reclamador.es\",\"url\":\"https:\\\/\\\/www.reclamador.es\\\/blog\\\/\",\"logo\":{\"@type\":\"ImageObject\",\"inLanguage\":\"es\",\"@id\":\"https:\\\/\\\/www.reclamador.es\\\/blog\\\/#\\\/schema\\\/logo\\\/image\\\/\",\"url\":\"https:\\\/\\\/i0.wp.com\\\/www.reclamador.es\\\/blog\\\/wp-content\\\/uploads\\\/2020\\\/01\\\/logo-reclamador.png?fit=1200%2C144&ssl=1\",\"contentUrl\":\"https:\\\/\\\/i0.wp.com\\\/www.reclamador.es\\\/blog\\\/wp-content\\\/uploads\\\/2020\\\/01\\\/logo-reclamador.png?fit=1200%2C144&ssl=1\",\"width\":1200,\"height\":144,\"caption\":\"reclamador.es\"},\"image\":{\"@id\":\"https:\\\/\\\/www.reclamador.es\\\/blog\\\/#\\\/schema\\\/logo\\\/image\\\/\"},\"sameAs\":[\"https:\\\/\\\/www.facebook.com\\\/reclamador.es\",\"https:\\\/\\\/x.com\\\/reclamador\",\"https:\\\/\\\/www.instagram.com\\\/reclamador.es\\\/\",\"https:\\\/\\\/www.linkedin.com\\\/company\\\/reclamador-es\",\"https:\\\/\\\/www.youtube.com\\\/user\\\/Reclamadores\"]},{\"@type\":\"Person\",\"@id\":\"https:\\\/\\\/www.reclamador.es\\\/blog\\\/#\\\/schema\\\/person\\\/1ed83eef8b6566cb5e4c812d9bc5c4bf\",\"name\":\"Equipo reclamador\",\"image\":{\"@type\":\"ImageObject\",\"inLanguage\":\"es\",\"@id\":\"https:\\\/\\\/secure.gravatar.com\\\/avatar\\\/6442ecdc2c4472c600c113f34d340feca47107d6aa4f42f1e3e75a2a8e28a760?s=96&d=mm&r=g\",\"url\":\"https:\\\/\\\/secure.gravatar.com\\\/avatar\\\/6442ecdc2c4472c600c113f34d340feca47107d6aa4f42f1e3e75a2a8e28a760?s=96&d=mm&r=g\",\"contentUrl\":\"https:\\\/\\\/secure.gravatar.com\\\/avatar\\\/6442ecdc2c4472c600c113f34d340feca47107d6aa4f42f1e3e75a2a8e28a760?s=96&d=mm&r=g\",\"caption\":\"Equipo reclamador\"},\"description\":\"Las personas que hacen posible reclamador.es\",\"url\":\"https:\\\/\\\/www.reclamador.es\\\/blog\\\/author\\\/administrador\\\/\"}]}<\/script>\n<!-- \/ Yoast SEO plugin. -->","yoast_head_json":{"title":"D\u00f3nde renovar demanda de empleo por internet seg\u00fan cada Comunidad","description":"Hemos recopilado todas las p\u00e1ginas web donde puedes renovar demanda de empleo por internet. Encontrar\u00e1s informaci\u00f3n sobre d\u00f3nde sellar el paro.","robots":{"index":"index","follow":"follow","max-snippet":"max-snippet:-1","max-image-preview":"max-image-preview:large","max-video-preview":"max-video-preview:-1"},"canonical":"https:\/\/www.reclamador.es\/blog\/renovar-demanda-empleo-internet-por-comunidades-autonomas\/","og_locale":"es_ES","og_type":"article","og_title":"D\u00f3nde renovar demanda de empleo por internet seg\u00fan cada Comunidad","og_description":"Hemos recopilado todas las p\u00e1ginas web donde puedes renovar demanda de empleo por internet. Encontrar\u00e1s informaci\u00f3n sobre d\u00f3nde sellar el paro.","og_url":"https:\/\/www.reclamador.es\/blog\/renovar-demanda-empleo-internet-por-comunidades-autonomas\/","og_site_name":"Rebeldes con causa, el blog de reclamador.es","article_publisher":"https:\/\/www.facebook.com\/reclamador.es","article_published_time":"2021-07-02T08:55:00+00:00","article_modified_time":"2023-10-18T09:02:20+00:00","og_image":[{"width":800,"height":419,"url":"https:\/\/i0.wp.com\/www.reclamador.es\/blog\/wp-content\/uploads\/2019\/10\/renovar-paro-por-internet-en-cada-comunidad-autonoma_destacada.jpg?fit=800%2C419&ssl=1","type":"image\/jpeg"}],"author":"Equipo reclamador","twitter_card":"summary_large_image","twitter_creator":"@reclamador","twitter_site":"@reclamador","twitter_misc":{"Escrito por":"Equipo reclamador","Tiempo de lectura":"6 minutos"},"schema":{"@context":"https:\/\/schema.org","@graph":[{"@type":"Article","@id":"https:\/\/www.reclamador.es\/blog\/renovar-demanda-empleo-internet-por-comunidades-autonomas\/#article","isPartOf":{"@id":"https:\/\/www.reclamador.es\/blog\/renovar-demanda-empleo-internet-por-comunidades-autonomas\/"},"author":{"name":"Equipo reclamador","@id":"https:\/\/www.reclamador.es\/blog\/#\/schema\/person\/1ed83eef8b6566cb5e4c812d9bc5c4bf"},"headline":"Webs donde renovar la demanda de empleo online por comunidades aut\u00f3nomas","datePublished":"2021-07-02T08:55:00+00:00","dateModified":"2023-10-18T09:02:20+00:00","mainEntityOfPage":{"@id":"https:\/\/www.reclamador.es\/blog\/renovar-demanda-empleo-internet-por-comunidades-autonomas\/"},"wordCount":1143,"commentCount":9,"publisher":{"@id":"https:\/\/www.reclamador.es\/blog\/#organization"},"image":{"@id":"https:\/\/www.reclamador.es\/blog\/renovar-demanda-empleo-internet-por-comunidades-autonomas\/#primaryimage"},"thumbnailUrl":"https:\/\/i0.wp.com\/www.reclamador.es\/blog\/wp-content\/uploads\/2019\/10\/renovar-paro-por-internet-en-cada-comunidad-autonoma_destacada.jpg?fit=800%2C419&ssl=1","keywords":["reclamaci\u00f3n"],"articleSection":["Consejos legales"],"inLanguage":"es","potentialAction":[{"@type":"CommentAction","name":"Comment","target":["https:\/\/www.reclamador.es\/blog\/renovar-demanda-empleo-internet-por-comunidades-autonomas\/#respond"]}]},{"@type":"WebPage","@id":"https:\/\/www.reclamador.es\/blog\/renovar-demanda-empleo-internet-por-comunidades-autonomas\/","url":"https:\/\/www.reclamador.es\/blog\/renovar-demanda-empleo-internet-por-comunidades-autonomas\/","name":"D\u00f3nde renovar demanda de empleo por internet seg\u00fan cada Comunidad","isPartOf":{"@id":"https:\/\/www.reclamador.es\/blog\/#website"},"primaryImageOfPage":{"@id":"https:\/\/www.reclamador.es\/blog\/renovar-demanda-empleo-internet-por-comunidades-autonomas\/#primaryimage"},"image":{"@id":"https:\/\/www.reclamador.es\/blog\/renovar-demanda-empleo-internet-por-comunidades-autonomas\/#primaryimage"},"thumbnailUrl":"https:\/\/i0.wp.com\/www.reclamador.es\/blog\/wp-content\/uploads\/2019\/10\/renovar-paro-por-internet-en-cada-comunidad-autonoma_destacada.jpg?fit=800%2C419&ssl=1","datePublished":"2021-07-02T08:55:00+00:00","dateModified":"2023-10-18T09:02:20+00:00","description":"Hemos recopilado todas las p\u00e1ginas web donde puedes renovar demanda de empleo por internet. Encontrar\u00e1s informaci\u00f3n sobre d\u00f3nde sellar el paro.","breadcrumb":{"@id":"https:\/\/www.reclamador.es\/blog\/renovar-demanda-empleo-internet-por-comunidades-autonomas\/#breadcrumb"},"inLanguage":"es","potentialAction":[{"@type":"ReadAction","target":["https:\/\/www.reclamador.es\/blog\/renovar-demanda-empleo-internet-por-comunidades-autonomas\/"]}]},{"@type":"ImageObject","inLanguage":"es","@id":"https:\/\/www.reclamador.es\/blog\/renovar-demanda-empleo-internet-por-comunidades-autonomas\/#primaryimage","url":"https:\/\/i0.wp.com\/www.reclamador.es\/blog\/wp-content\/uploads\/2019\/10\/renovar-paro-por-internet-en-cada-comunidad-autonoma_destacada.jpg?fit=800%2C419&ssl=1","contentUrl":"https:\/\/i0.wp.com\/www.reclamador.es\/blog\/wp-content\/uploads\/2019\/10\/renovar-paro-por-internet-en-cada-comunidad-autonoma_destacada.jpg?fit=800%2C419&ssl=1","width":800,"height":419,"caption":"renovar paro por internet en cada comunidad autonoma"},{"@type":"BreadcrumbList","@id":"https:\/\/www.reclamador.es\/blog\/renovar-demanda-empleo-internet-por-comunidades-autonomas\/#breadcrumb","itemListElement":[{"@type":"ListItem","position":1,"name":"Portada","item":"https:\/\/www.reclamador.es\/blog\/"},{"@type":"ListItem","position":2,"name":"Webs donde renovar la demanda de empleo online por comunidades aut\u00f3nomas"}]},{"@type":"WebSite","@id":"https:\/\/www.reclamador.es\/blog\/#website","url":"https:\/\/www.reclamador.es\/blog\/","name":"Rebeldes con causa, el blog de reclamador.es","description":"Noticias, entrevistas y consejos sobre reclamaciones","publisher":{"@id":"https:\/\/www.reclamador.es\/blog\/#organization"},"potentialAction":[{"@type":"SearchAction","target":{"@type":"EntryPoint","urlTemplate":"https:\/\/www.reclamador.es\/blog\/?s={search_term_string}"},"query-input":{"@type":"PropertyValueSpecification","valueRequired":true,"valueName":"search_term_string"}}],"inLanguage":"es"},{"@type":"Organization","@id":"https:\/\/www.reclamador.es\/blog\/#organization","name":"reclamador.es","url":"https:\/\/www.reclamador.es\/blog\/","logo":{"@type":"ImageObject","inLanguage":"es","@id":"https:\/\/www.reclamador.es\/blog\/#\/schema\/logo\/image\/","url":"https:\/\/i0.wp.com\/www.reclamador.es\/blog\/wp-content\/uploads\/2020\/01\/logo-reclamador.png?fit=1200%2C144&ssl=1","contentUrl":"https:\/\/i0.wp.com\/www.reclamador.es\/blog\/wp-content\/uploads\/2020\/01\/logo-reclamador.png?fit=1200%2C144&ssl=1","width":1200,"height":144,"caption":"reclamador.es"},"image":{"@id":"https:\/\/www.reclamador.es\/blog\/#\/schema\/logo\/image\/"},"sameAs":["https:\/\/www.facebook.com\/reclamador.es","https:\/\/x.com\/reclamador","https:\/\/www.instagram.com\/reclamador.es\/","https:\/\/www.linkedin.com\/company\/reclamador-es","https:\/\/www.youtube.com\/user\/Reclamadores"]},{"@type":"Person","@id":"https:\/\/www.reclamador.es\/blog\/#\/schema\/person\/1ed83eef8b6566cb5e4c812d9bc5c4bf","name":"Equipo reclamador","image":{"@type":"ImageObject","inLanguage":"es","@id":"https:\/\/secure.gravatar.com\/avatar\/6442ecdc2c4472c600c113f34d340feca47107d6aa4f42f1e3e75a2a8e28a760?s=96&d=mm&r=g","url":"https:\/\/secure.gravatar.com\/avatar\/6442ecdc2c4472c600c113f34d340feca47107d6aa4f42f1e3e75a2a8e28a760?s=96&d=mm&r=g","contentUrl":"https:\/\/secure.gravatar.com\/avatar\/6442ecdc2c4472c600c113f34d340feca47107d6aa4f42f1e3e75a2a8e28a760?s=96&d=mm&r=g","caption":"Equipo reclamador"},"description":"Las personas que hacen posible reclamador.es","url":"https:\/\/www.reclamador.es\/blog\/author\/administrador\/"}]}},"jetpack_featured_media_url":"https:\/\/i0.wp.com\/www.reclamador.es\/blog\/wp-content\/uploads\/2019\/10\/renovar-paro-por-internet-en-cada-comunidad-autonoma_destacada.jpg?fit=800%2C419&ssl=1","jetpack-related-posts":[{"id":19105,"url":"https:\/\/www.reclamador.es\/blog\/sellar-el-paro-por-internet\/","url_meta":{"origin":22902,"position":0},"title":"Todo lo que debes saber antes de sellar el paro online","author":"Equipo reclamador","date":"4 febrero, 2023","format":false,"excerpt":"Lo que hasta hace relativamente se conoc\u00eda como \u201csellar la cartilla del paro\u201d ahora tambi\u00e9n puede hacerse por Internet. Si te manejas fluidamente con las nuevas tecnolog\u00edas y eres demandante de empleo, ya no es necesario que te desplaces hasta la sede del SEPE (antiguo INEM) para que el funcionario\u2026","rel":"","context":"En \u00abConsejos legales\u00bb","block_context":{"text":"Consejos legales","link":"https:\/\/www.reclamador.es\/blog\/consejos\/"},"img":{"alt_text":"renovando la demanda de empleo - sellar el paro online","src":"https:\/\/i0.wp.com\/www.reclamador.es\/blog\/wp-content\/uploads\/2020\/10\/sellar-el-paro-online.jpg?fit=1200%2C630&ssl=1&resize=350%2C200","width":350,"height":200,"srcset":"https:\/\/i0.wp.com\/www.reclamador.es\/blog\/wp-content\/uploads\/2020\/10\/sellar-el-paro-online.jpg?fit=1200%2C630&ssl=1&resize=350%2C200 1x, https:\/\/i0.wp.com\/www.reclamador.es\/blog\/wp-content\/uploads\/2020\/10\/sellar-el-paro-online.jpg?fit=1200%2C630&ssl=1&resize=525%2C300 1.5x, https:\/\/i0.wp.com\/www.reclamador.es\/blog\/wp-content\/uploads\/2020\/10\/sellar-el-paro-online.jpg?fit=1200%2C630&ssl=1&resize=700%2C400 2x, https:\/\/i0.wp.com\/www.reclamador.es\/blog\/wp-content\/uploads\/2020\/10\/sellar-el-paro-online.jpg?fit=1200%2C630&ssl=1&resize=1050%2C600 3x"},"classes":[]},{"id":4725,"url":"https:\/\/www.reclamador.es\/blog\/plan-prepara\/","url_meta":{"origin":22902,"position":1},"title":"Plan Prepara: \u00bfEn qu\u00e9 consiste? \u00bfQui\u00e9n puede acceder?","author":"Equipo reclamador","date":"10 agosto, 2016","format":false,"excerpt":"Muchas personas que se encuentran en paro desconocen la existencia del Plan Prepara, o bien saben que existe algo con ese nombre pero no de qu\u00e9 se trata exactamente, y es algo que puede interesarles si han agotado todas las prestaciones. El Plan Prepara consiste en una ayuda econ\u00f3mica concedida\u2026","rel":"","context":"En \u00abConsejos legales\u00bb","block_context":{"text":"Consejos legales","link":"https:\/\/www.reclamador.es\/blog\/consejos\/"},"img":{"alt_text":"desempleo paro plan prepara","src":"https:\/\/i0.wp.com\/www.reclamador.es\/blog\/wp-content\/uploads\/2016\/08\/programa-plan-prepara-paro-espana.jpg?fit=1198%2C630&ssl=1&resize=350%2C200","width":350,"height":200,"srcset":"https:\/\/i0.wp.com\/www.reclamador.es\/blog\/wp-content\/uploads\/2016\/08\/programa-plan-prepara-paro-espana.jpg?fit=1198%2C630&ssl=1&resize=350%2C200 1x, https:\/\/i0.wp.com\/www.reclamador.es\/blog\/wp-content\/uploads\/2016\/08\/programa-plan-prepara-paro-espana.jpg?fit=1198%2C630&ssl=1&resize=525%2C300 1.5x, https:\/\/i0.wp.com\/www.reclamador.es\/blog\/wp-content\/uploads\/2016\/08\/programa-plan-prepara-paro-espana.jpg?fit=1198%2C630&ssl=1&resize=700%2C400 2x, https:\/\/i0.wp.com\/www.reclamador.es\/blog\/wp-content\/uploads\/2016\/08\/programa-plan-prepara-paro-espana.jpg?fit=1198%2C630&ssl=1&resize=1050%2C600 3x"},"classes":[]},{"id":30147,"url":"https:\/\/www.reclamador.es\/blog\/derecho-paro-empleadas-hogar\/","url_meta":{"origin":22902,"position":2},"title":"Novedades del derecho a paro de empleadas y empleados del hogar","author":"Almudena Vel\u00e1zquez","date":"29 septiembre, 2022","format":false,"excerpt":"A principios del mes de septiembre de este 2022, se produjeron importantes novedades en relaci\u00f3n al derecho a percibir la prestaci\u00f3n por desempleo de las empleadas y empleados dom\u00e9sticos, m\u00e1s conocido como el paro de las empleadas del hogar.\u00a0 Desde que se aprobara en uno de los primeros Consejos de\u2026","rel":"","context":"En \u00abNoticias y actualidad\u00bb","block_context":{"text":"Noticias y actualidad","link":"https:\/\/www.reclamador.es\/blog\/noticias\/"},"img":{"alt_text":"analisis normativa derecho a paro de las empleadas y empleados de hogar","src":"https:\/\/i0.wp.com\/www.reclamador.es\/blog\/wp-content\/uploads\/2022\/09\/derecho-a-paro-de-las-empleadas-y-empleados-de-hogar-1.jpg?fit=1200%2C696&ssl=1&resize=350%2C200","width":350,"height":200,"srcset":"https:\/\/i0.wp.com\/www.reclamador.es\/blog\/wp-content\/uploads\/2022\/09\/derecho-a-paro-de-las-empleadas-y-empleados-de-hogar-1.jpg?fit=1200%2C696&ssl=1&resize=350%2C200 1x, https:\/\/i0.wp.com\/www.reclamador.es\/blog\/wp-content\/uploads\/2022\/09\/derecho-a-paro-de-las-empleadas-y-empleados-de-hogar-1.jpg?fit=1200%2C696&ssl=1&resize=525%2C300 1.5x, https:\/\/i0.wp.com\/www.reclamador.es\/blog\/wp-content\/uploads\/2022\/09\/derecho-a-paro-de-las-empleadas-y-empleados-de-hogar-1.jpg?fit=1200%2C696&ssl=1&resize=700%2C400 2x, https:\/\/i0.wp.com\/www.reclamador.es\/blog\/wp-content\/uploads\/2022\/09\/derecho-a-paro-de-las-empleadas-y-empleados-de-hogar-1.jpg?fit=1200%2C696&ssl=1&resize=1050%2C600 3x"},"classes":[]},{"id":18074,"url":"https:\/\/www.reclamador.es\/blog\/subsidio-liberados-de-prision\/","url_meta":{"origin":22902,"position":3},"title":"Derecho a paro al salir de la c\u00e1rcel: subsidio de liberados de prisi\u00f3n","author":"Alicia Ria\u00f1o","date":"7 mayo, 2018","format":false,"excerpt":"Se trata de una de las \u201cleyendas urbano-jur\u00eddicas\u201d m\u00e1s extendidas. \u201cAl salir de la c\u00e1rcel se tiene derecho a paro\u201d. Esta frase hace, en la mayor\u00eda de los casos, referencia al subsidio de liberados de prisi\u00f3n, una prestaci\u00f3n a la que tienen derecho los excarcelados cuando no pueden acceder a\u2026","rel":"","context":"En \u00abConsejos legales\u00bb","block_context":{"text":"Consejos legales","link":"https:\/\/www.reclamador.es\/blog\/consejos\/"},"img":{"alt_text":"","src":"https:\/\/i0.wp.com\/www.reclamador.es\/blog\/wp-content\/uploads\/2018\/05\/Modelo_-_galer%C3%ADa_4.jpg?fit=1067%2C800&ssl=1&resize=350%2C200","width":350,"height":200,"srcset":"https:\/\/i0.wp.com\/www.reclamador.es\/blog\/wp-content\/uploads\/2018\/05\/Modelo_-_galer%C3%ADa_4.jpg?fit=1067%2C800&ssl=1&resize=350%2C200 1x, https:\/\/i0.wp.com\/www.reclamador.es\/blog\/wp-content\/uploads\/2018\/05\/Modelo_-_galer%C3%ADa_4.jpg?fit=1067%2C800&ssl=1&resize=525%2C300 1.5x, https:\/\/i0.wp.com\/www.reclamador.es\/blog\/wp-content\/uploads\/2018\/05\/Modelo_-_galer%C3%ADa_4.jpg?fit=1067%2C800&ssl=1&resize=700%2C400 2x, https:\/\/i0.wp.com\/www.reclamador.es\/blog\/wp-content\/uploads\/2018\/05\/Modelo_-_galer%C3%ADa_4.jpg?fit=1067%2C800&ssl=1&resize=1050%2C600 3x"},"classes":[]},{"id":18785,"url":"https:\/\/www.reclamador.es\/blog\/derechos-trabajadores-san-fermin\/","url_meta":{"origin":22902,"position":4},"title":"Sanfermines y otros eventos de verano: que tus derechos laborales no se vayan de fiesta","author":"Equipo reclamador","date":"5 julio, 2019","format":false,"excerpt":"\u201cPamplonesas, pamploneses, gora San Ferm\u00edn\u201d. Con estas palabras durante el chupinazo, el pr\u00f3ximo s\u00e1bado 6 de julio, dar\u00e1n comienzo las fiestas m\u00e1s esperadas de la capital de Navarra: los sanfermines. Durar\u00e1n hasta el 14 de julio y llenar\u00e1n de vida y de color rojiblanco las calles de la ciudad. Esta\u2026","rel":"","context":"En \u00abConsejos legales\u00bb","block_context":{"text":"Consejos legales","link":"https:\/\/www.reclamador.es\/blog\/consejos\/"},"img":{"alt_text":"Derechos trabajadores en San Ferm\u00edn y otras fiestas","src":"https:\/\/i0.wp.com\/www.reclamador.es\/blog\/wp-content\/uploads\/2019\/07\/pixabay-san-fermin-derechos-trabajadores.jpg?fit=1200%2C630&ssl=1&resize=350%2C200","width":350,"height":200,"srcset":"https:\/\/i0.wp.com\/www.reclamador.es\/blog\/wp-content\/uploads\/2019\/07\/pixabay-san-fermin-derechos-trabajadores.jpg?fit=1200%2C630&ssl=1&resize=350%2C200 1x, https:\/\/i0.wp.com\/www.reclamador.es\/blog\/wp-content\/uploads\/2019\/07\/pixabay-san-fermin-derechos-trabajadores.jpg?fit=1200%2C630&ssl=1&resize=525%2C300 1.5x, https:\/\/i0.wp.com\/www.reclamador.es\/blog\/wp-content\/uploads\/2019\/07\/pixabay-san-fermin-derechos-trabajadores.jpg?fit=1200%2C630&ssl=1&resize=700%2C400 2x, https:\/\/i0.wp.com\/www.reclamador.es\/blog\/wp-content\/uploads\/2019\/07\/pixabay-san-fermin-derechos-trabajadores.jpg?fit=1200%2C630&ssl=1&resize=1050%2C600 3x"},"classes":[]},{"id":4336,"url":"https:\/\/www.reclamador.es\/blog\/renta-activa-de-insercion\/","url_meta":{"origin":22902,"position":5},"title":"\u00bfQu\u00e9 es la Renta Activa de Inserci\u00f3n (RAI)?","author":"Equipo reclamador","date":"29 junio, 2016","format":false,"excerpt":"A grandes rasgos, la Renta Activa de Inserci\u00f3n (RAI) es una ayuda econ\u00f3mica cuyo principal objetivo es fomentar la integraci\u00f3n y reinserci\u00f3n en la vida social y laboral a aquellas personas que, ya sea por causa de desempleo u otros agravantes de car\u00e1cter personal, est\u00e9n pasando por alguna situaci\u00f3n especialmente\u2026","rel":"","context":"En \u00abConsejos legales\u00bb","block_context":{"text":"Consejos legales","link":"https:\/\/www.reclamador.es\/blog\/consejos\/"},"img":{"alt_text":"Renta Activa de Inserci\u00f3n - reclamador","src":"https:\/\/i0.wp.com\/www.reclamador.es\/blog\/wp-content\/uploads\/2016\/06\/RAI-renta-activa-de-insercion.jpg?fit=1200%2C630&ssl=1&resize=350%2C200","width":350,"height":200,"srcset":"https:\/\/i0.wp.com\/www.reclamador.es\/blog\/wp-content\/uploads\/2016\/06\/RAI-renta-activa-de-insercion.jpg?fit=1200%2C630&ssl=1&resize=350%2C200 1x, https:\/\/i0.wp.com\/www.reclamador.es\/blog\/wp-content\/uploads\/2016\/06\/RAI-renta-activa-de-insercion.jpg?fit=1200%2C630&ssl=1&resize=525%2C300 1.5x, https:\/\/i0.wp.com\/www.reclamador.es\/blog\/wp-content\/uploads\/2016\/06\/RAI-renta-activa-de-insercion.jpg?fit=1200%2C630&ssl=1&resize=700%2C400 2x, https:\/\/i0.wp.com\/www.reclamador.es\/blog\/wp-content\/uploads\/2016\/06\/RAI-renta-activa-de-insercion.jpg?fit=1200%2C630&ssl=1&resize=1050%2C600 3x"},"classes":[]}],"jetpack_sharing_enabled":true,"_links":{"self":[{"href":"https:\/\/www.reclamador.es\/blog\/wp-json\/wp\/v2\/posts\/22902","targetHints":{"allow":["GET"]}}],"collection":[{"href":"https:\/\/www.reclamador.es\/blog\/wp-json\/wp\/v2\/posts"}],"about":[{"href":"https:\/\/www.reclamador.es\/blog\/wp-json\/wp\/v2\/types\/post"}],"author":[{"embeddable":true,"href":"https:\/\/www.reclamador.es\/blog\/wp-json\/wp\/v2\/users\/1"}],"replies":[{"embeddable":true,"href":"https:\/\/www.reclamador.es\/blog\/wp-json\/wp\/v2\/comments?post=22902"}],"version-history":[{"count":22,"href":"https:\/\/www.reclamador.es\/blog\/wp-json\/wp\/v2\/posts\/22902\/revisions"}],"predecessor-version":[{"id":31499,"href":"https:\/\/www.reclamador.es\/blog\/wp-json\/wp\/v2\/posts\/22902\/revisions\/31499"}],"wp:featuredmedia":[{"embeddable":true,"href":"https:\/\/www.reclamador.es\/blog\/wp-json\/wp\/v2\/media\/23090"}],"wp:attachment":[{"href":"https:\/\/www.reclamador.es\/blog\/wp-json\/wp\/v2\/media?parent=22902"}],"wp:term":[{"taxonomy":"category","embeddable":true,"href":"https:\/\/www.reclamador.es\/blog\/wp-json\/wp\/v2\/categories?post=22902"},{"taxonomy":"post_tag","embeddable":true,"href":"https:\/\/www.reclamador.es\/blog\/wp-json\/wp\/v2\/tags?post=22902"}],"curies":[{"name":"wp","href":"https:\/\/api.w.org\/{rel}","templated":true}]}}