{"id":22718,"date":"2021-08-28T11:28:00","date_gmt":"2021-08-28T09:28:00","guid":{"rendered":"https:\/\/www.reclamador.es\/blog\/?p=22718"},"modified":"2024-09-26T10:42:22","modified_gmt":"2024-09-26T08:42:22","slug":"reclamar-indemnizaciones-por-accidente-en-metro","status":"publish","type":"post","link":"https:\/\/www.reclamador.es\/blog\/reclamar-indemnizaciones-por-accidente-en-metro\/","title":{"rendered":"Lesiones y accidentes viajando en metro: \u00bfc\u00f3mo y a qui\u00e9n reclamar?"},"content":{"rendered":"<div class=\"ttr_start\"><\/div>\n\n<div class=\"kk-star-ratings kksr-auto kksr-align-right kksr-valign-top\"\n    data-payload='{&quot;align&quot;:&quot;right&quot;,&quot;id&quot;:&quot;22718&quot;,&quot;slug&quot;:&quot;default&quot;,&quot;valign&quot;:&quot;top&quot;,&quot;ignore&quot;:&quot;&quot;,&quot;reference&quot;:&quot;auto&quot;,&quot;class&quot;:&quot;&quot;,&quot;count&quot;:&quot;1&quot;,&quot;legendonly&quot;:&quot;&quot;,&quot;readonly&quot;:&quot;&quot;,&quot;score&quot;:&quot;5&quot;,&quot;starsonly&quot;:&quot;&quot;,&quot;best&quot;:&quot;5&quot;,&quot;gap&quot;:&quot;3&quot;,&quot;greet&quot;:&quot;Valora este art\u00edculo&quot;,&quot;legend&quot;:&quot;5\\\/5 - (1 voto)&quot;,&quot;size&quot;:&quot;20&quot;,&quot;title&quot;:&quot;Lesiones y accidentes viajando en metro: \u00bfc\u00f3mo y a qui\u00e9n reclamar?&quot;,&quot;width&quot;:&quot;113.5&quot;,&quot;_legend&quot;:&quot;{score}\\\/{best} - ({count} {votes})&quot;,&quot;font_factor&quot;:&quot;1.25&quot;}'>\n            \n<div class=\"kksr-stars\">\n    \n<div class=\"kksr-stars-inactive\">\n            <div class=\"kksr-star\" data-star=\"1\" style=\"padding-right: 3px\">\n            \n\n<div class=\"kksr-icon\" style=\"width: 20px; height: 20px;\"><\/div>\n        <\/div>\n            <div class=\"kksr-star\" data-star=\"2\" style=\"padding-right: 3px\">\n            \n\n<div class=\"kksr-icon\" style=\"width: 20px; height: 20px;\"><\/div>\n        <\/div>\n            <div class=\"kksr-star\" data-star=\"3\" style=\"padding-right: 3px\">\n            \n\n<div class=\"kksr-icon\" style=\"width: 20px; height: 20px;\"><\/div>\n        <\/div>\n            <div class=\"kksr-star\" data-star=\"4\" style=\"padding-right: 3px\">\n            \n\n<div class=\"kksr-icon\" style=\"width: 20px; height: 20px;\"><\/div>\n        <\/div>\n            <div class=\"kksr-star\" data-star=\"5\" style=\"padding-right: 3px\">\n            \n\n<div class=\"kksr-icon\" style=\"width: 20px; height: 20px;\"><\/div>\n        <\/div>\n    <\/div>\n    \n<div class=\"kksr-stars-active\" style=\"width: 113.5px;\">\n            <div class=\"kksr-star\" style=\"padding-right: 3px\">\n            \n\n<div class=\"kksr-icon\" style=\"width: 20px; height: 20px;\"><\/div>\n        <\/div>\n            <div class=\"kksr-star\" style=\"padding-right: 3px\">\n            \n\n<div class=\"kksr-icon\" style=\"width: 20px; height: 20px;\"><\/div>\n        <\/div>\n            <div class=\"kksr-star\" style=\"padding-right: 3px\">\n            \n\n<div class=\"kksr-icon\" style=\"width: 20px; height: 20px;\"><\/div>\n        <\/div>\n            <div class=\"kksr-star\" style=\"padding-right: 3px\">\n            \n\n<div class=\"kksr-icon\" style=\"width: 20px; height: 20px;\"><\/div>\n        <\/div>\n            <div class=\"kksr-star\" style=\"padding-right: 3px\">\n            \n\n<div class=\"kksr-icon\" style=\"width: 20px; height: 20px;\"><\/div>\n        <\/div>\n    <\/div>\n<\/div>\n                \n\n<div class=\"kksr-legend\" style=\"font-size: 16px;\">\n            5\/5 - (1 voto)    <\/div>\n    <\/div>\n<figure id=\"attachment_32929\" aria-describedby=\"caption-attachment-32929\" style=\"width: 1200px\" class=\"wp-caption aligncenter\"><img data-recalc-dims=\"1\" loading=\"lazy\" decoding=\"async\" class=\"size-full wp-image-32929\" src=\"https:\/\/i0.wp.com\/www.reclamador.es\/blog\/wp-content\/uploads\/2019\/08\/accidentes-en-el-metro-reclamar.jpg?resize=1200%2C630&#038;ssl=1\" alt=\"\" width=\"1200\" height=\"630\" srcset=\"https:\/\/i0.wp.com\/www.reclamador.es\/blog\/wp-content\/uploads\/2019\/08\/accidentes-en-el-metro-reclamar.jpg?w=1200&amp;ssl=1 1200w, https:\/\/i0.wp.com\/www.reclamador.es\/blog\/wp-content\/uploads\/2019\/08\/accidentes-en-el-metro-reclamar.jpg?resize=800%2C420&amp;ssl=1 800w, https:\/\/i0.wp.com\/www.reclamador.es\/blog\/wp-content\/uploads\/2019\/08\/accidentes-en-el-metro-reclamar.jpg?resize=150%2C79&amp;ssl=1 150w, https:\/\/i0.wp.com\/www.reclamador.es\/blog\/wp-content\/uploads\/2019\/08\/accidentes-en-el-metro-reclamar.jpg?resize=768%2C403&amp;ssl=1 768w\" sizes=\"auto, (max-width: 1000px) 100vw, 1000px\" \/><figcaption id=\"caption-attachment-32929\" class=\"wp-caption-text\"><em>Reclamaciones por lesiones en accidentes en el metro<\/em><\/figcaption><\/figure>\n<p><span style=\"font-weight: 400;\">Uno de los accidentes que se producen con mayor frecuencia en la sociedad \u2013as\u00ed como de los m\u00e1s desconocidos\u2013 es aqu\u00e9l que se produce viajando en <\/span><a href=\"https:\/\/www.reclamador.es\/blog\/ocurre-sufro-accidente-viajando-transporte-publico\/\"><b>transporte p\u00fablico<\/b><\/a><span style=\"font-weight: 400;\">. De esta manera, y ante la desinformaci\u00f3n existente al respecto, es habitual que aquellas personas que sufran un incidente en este tipo de medios se pregunten <\/span><b>qu\u00e9 hacer en caso de sufrir lesiones, golpes o da\u00f1os morales derivados del percance<\/b><span style=\"font-weight: 400;\">. En este post hablamos sobre indemnizaciones por accidente en el metro u otros medios de transporte p\u00fablico.\u00a0<\/span><\/p>\n<p><span style=\"font-weight: 400;\">Vamos a explicarte <\/span><b>qu\u00e9 puedes reclamar, c\u00f3mo y ante qui\u00e9n<\/b><span style=\"font-weight: 400;\"> si has sufrido un accidente viajando en uno de los transportes p\u00fablicos m\u00e1s utilizados en nuestro pa\u00eds: <\/span><b>el metro<\/b><span style=\"font-weight: 400;\">. Descubre en este post m\u00e1s informaci\u00f3n sobre\u00a0<strong>indemnizaciones por accidente en el metro.<\/strong><\/span><\/p>\n<h2 id=\"lesion\">\u00bfPuedo lesionarme viajando en metro?<\/h2>\n<p><span style=\"font-weight: 400;\">S\u00ed. Pese a lo que pueda creerse, sufrir lesiones viajando en metro es algo habitual. Produci\u00e9ndose estas, no solamente dentro del propio vag\u00f3n del tren, sino tambi\u00e9n, en las instalaciones y andenes del subterr\u00e1neo. Ca\u00eddas a causa de agua en el pavimento o un mal estado del mismo, frenazos de las escaleras mec\u00e1nicas o compuertas mal cerradas. Estos son algunos ejemplos por los que un usuario puede verse envuelto en un accidente en el metro.\u00a0<\/span><\/p>\n<p><span style=\"font-weight: 400;\">En cualquiera de los casos, <strong>los viajeros tendr\u00e1n derecho a reclamar una indemnizaci\u00f3n<\/strong> derivada de los da\u00f1os que se hayan podido producir con motivo del incidente.\u00a0<\/span><\/p>\n<h2 id=\"accidentemetro\">\u00bfQu\u00e9 pasa si tengo un accidente en el metro?<\/h2>\n<p><span style=\"font-weight: 400;\">Si has sufrido un accidente viajando en metro, es recomendable que sepas que podr\u00e1s reclamarlo siempre que este haya derivado en alguna lesi\u00f3n, da\u00f1o o padecimiento, independientemente de su gravedad. Y es que, la empresa de transporte debe hacer frente, en cualquier caso, a los gastos generados por accidente. Tanto de los leves como los de mayor grado.<\/span><\/p>\n<h6 style=\"text-align: center;\"><strong>Te interesa: <a href=\"https:\/\/www.reclamador.es\/blog\/que-es-lucro-cesante-como-reclamar\/\">qu\u00e9 es el lucro cesante y cu\u00e1ndo se reclama<\/a><\/strong><\/h6>\n<h2 id=\"billete\">El billete o ticket de metro: clave a la hora de reclamar<\/h2>\n<p><span style=\"font-weight: 400;\">Generalmente, todos los usuarios que viajan en metro lo hacen utilizando una tarjeta de transporte o un billete sencillo, que puede expedirse en las m\u00e1quinas u oficinas de las distintas estaciones del subterr\u00e1neo. En cualquier caso, cuando un viajero paga por cualquiera de estos documentos, obtiene de forma autom\u00e1tica un seguro, incluido en el propio ticket. Se trata del <\/span><b>Seguro Obligatorio del Viajero (SOV)<\/b><span style=\"font-weight: 400;\">.<\/span><\/p>\n<p><span style=\"font-weight: 400;\">El SOV, por tanto, <\/span><span style=\"font-weight: 400;\">obedecer\u00e1 a la contrataci\u00f3n de una empresa aseguradora que trabaja con la de transporte; cubriendo las posibles indemnizaciones por lesiones que puedan ocurrir, as\u00ed como la asistencia m\u00e9dica requerida en caso de accidente.<\/span><\/p>\n<p>Habitualmente, este seguro ofrece una cobertura <b>incluso cuando el incidente no ha sido ocasionado a consecuencia de la negligencia o falta de pericia del conductor o personal del metro<\/b><span style=\"font-weight: 400;\">.<\/span><\/p>\n<h2 id=\"pasosreclamar\">Pasos para reclamar un accidente en metro<\/h2>\n<p>Lo m\u00e1s importante para poder reclamar una indemnizaci\u00f3n derivada de un accidente en metro, es poder demostrar que fuiste v\u00edctima del incidente.<\/p>\n<p>Para ello, ser\u00e1 de especial inter\u00e9s:<\/p>\n<ol>\n<li>Guardar el billete o tarjeta de transporte utilizada.<\/li>\n<li>Fotografiar el lugar de los hechos,<\/li>\n<li>Contar con un parte m\u00e9dico y\/o policial en caso de haber sido necesaria una presencia sanitaria o de seguridad en el metro.<\/li>\n<li>Observar si ha habido testigos.<\/li>\n<\/ol>\n<p>Todo ello, facilitar\u00e1 la emisi\u00f3n de un <b>atestado del accidente.<\/b><\/p>\n<p><span style=\"font-weight: 400;\">Una vez recopiladas las pruebas, existir\u00e1n dos v\u00edas por las que reclamar: <\/span><\/p>\n<ul>\n<li><b>V\u00eda civil.<\/b><span style=\"font-weight: 400;\">\u00a0Esta la m\u00e1s habitual. <\/span><\/li>\n<li><span style=\"font-weight: 400;\"><strong>La v\u00eda penal<\/strong>. Solo se recomienda en caso de que el accidente haya derivado en padecimientos graves o fallecimientos. En cualquier caso, es aconsejable contar con la ayuda de un profesional en la materia. El experto te asesorar\u00e1 en caso de dudas o complicaciones en el proceso de reclamaci\u00f3n.<\/span><\/li>\n<\/ul>\n<h2 id=\"indemnizacionmetro\">C\u00e1lculo de las indemnizaciones por accidente en el metro<\/h2>\n<p><span style=\"font-weight: 400;\">Para calcular qu\u00e9 indemnizaci\u00f3n podr\u00e1s reclamar en caso de haber sufrido lesiones o da\u00f1os como consecuencia de un accidente en metro, ser\u00e1 necesario atender al <\/span><a href=\"https:\/\/www.reclamador.es\/blog\/reclamacion-accidente-de-trafico-baremo\/\"><b>Baremo de Accidentes de Tr\u00e1fico<\/b><\/a><span style=\"font-weight: 400;\">. En este baremo, se establecen distintos puntos\u00a0 en funci\u00f3n de cada lesi\u00f3n y su posible agravante. Adem\u00e1s, se especifican las cantidades econ\u00f3micas correspondientes a <\/span><span style=\"font-weight: 400;\">los d\u00edas de baja o a aquellos en los que el perjudicado no haya podido realizar sus tareas habituales con normalidad.\u00a0<\/span><\/p>\n<div class=\"ttr_end\"><\/div>","protected":false},"excerpt":{"rendered":"<p>Uno de los accidentes que se producen con mayor frecuencia en la sociedad \u2013as\u00ed como de los m\u00e1s desconocidos\u2013 es aqu\u00e9l que se produce viajando en transporte p\u00fablico. De esta manera, y ante la desinformaci\u00f3n existente al respecto, es habitual que aquellas personas que sufran un incidente en este tipo de medios se pregunten qu\u00e9 [&hellip;]<\/p>\n","protected":false},"author":1,"featured_media":32929,"comment_status":"open","ping_status":"open","sticky":false,"template":"","format":"standard","meta":{"_acf_changed":false,"_genesis_hide_title":false,"_genesis_hide_breadcrumbs":false,"_genesis_hide_singular_image":false,"_genesis_hide_footer_widgets":false,"_genesis_custom_body_class":"","_genesis_custom_post_class":"","_genesis_layout":"","_jetpack_newsletter_access":"","_jetpack_dont_email_post_to_subs":false,"_jetpack_newsletter_tier_id":0,"_jetpack_memberships_contains_paywalled_content":false,"_jetpack_memberships_contains_paid_content":false,"footnotes":""},"categories":[393],"tags":[382],"class_list":{"0":"post-22718","1":"post","2":"type-post","3":"status-publish","4":"format-standard","5":"has-post-thumbnail","7":"category-consejos","8":"tag-accidentes","9":"entry"},"acf":[],"yoast_head":"<!-- This site is optimized with the Yoast SEO plugin v27.4 - https:\/\/yoast.com\/product\/yoast-seo-wordpress\/ -->\n<title>Indemnizaciones por accidente en el metro: qu\u00e9 se puede reclamar<\/title>\n<meta name=\"description\" content=\"Indemnizaciones por accidente en el metro o transporte p\u00fablico. Descubre en qu\u00e9 casos es posible reclamar si, por ejemplo, sufres una ca\u00edda en el metro.\" \/>\n<meta name=\"robots\" content=\"index, follow, max-snippet:-1, max-image-preview:large, max-video-preview:-1\" \/>\n<link rel=\"canonical\" href=\"https:\/\/www.reclamador.es\/blog\/reclamar-indemnizaciones-por-accidente-en-metro\/\" \/>\n<meta property=\"og:locale\" content=\"es_ES\" \/>\n<meta property=\"og:type\" content=\"article\" \/>\n<meta property=\"og:title\" content=\"Indemnizaciones por accidente en el metro: qu\u00e9 se puede reclamar\" \/>\n<meta property=\"og:description\" content=\"Indemnizaciones por accidente en el metro o transporte p\u00fablico. Descubre en qu\u00e9 casos es posible reclamar si, por ejemplo, sufres una ca\u00edda en el metro.\" \/>\n<meta property=\"og:url\" content=\"https:\/\/www.reclamador.es\/blog\/reclamar-indemnizaciones-por-accidente-en-metro\/\" \/>\n<meta property=\"og:site_name\" content=\"Rebeldes con causa, el blog de reclamador.es\" \/>\n<meta property=\"article:publisher\" content=\"https:\/\/www.facebook.com\/reclamador.es\" \/>\n<meta property=\"article:published_time\" content=\"2021-08-28T09:28:00+00:00\" \/>\n<meta property=\"article:modified_time\" content=\"2024-09-26T08:42:22+00:00\" \/>\n<meta property=\"og:image\" content=\"https:\/\/www.reclamador.es\/blog\/wp-content\/uploads\/2019\/08\/accidentes-en-el-metro-reclamar.jpg\" \/>\n\t<meta property=\"og:image:width\" content=\"1200\" \/>\n\t<meta property=\"og:image:height\" content=\"630\" \/>\n\t<meta property=\"og:image:type\" content=\"image\/jpeg\" \/>\n<meta name=\"author\" content=\"Equipo reclamador\" \/>\n<meta name=\"twitter:card\" content=\"summary_large_image\" \/>\n<meta name=\"twitter:creator\" content=\"@reclamador\" \/>\n<meta name=\"twitter:site\" content=\"@reclamador\" \/>\n<meta name=\"twitter:label1\" content=\"Escrito por\" \/>\n\t<meta name=\"twitter:data1\" content=\"Equipo reclamador\" \/>\n\t<meta name=\"twitter:label2\" content=\"Tiempo de lectura\" \/>\n\t<meta name=\"twitter:data2\" content=\"4 minutos\" \/>\n<script type=\"application\/ld+json\" class=\"yoast-schema-graph\">{\"@context\":\"https:\\\/\\\/schema.org\",\"@graph\":[{\"@type\":\"Article\",\"@id\":\"https:\\\/\\\/www.reclamador.es\\\/blog\\\/reclamar-indemnizaciones-por-accidente-en-metro\\\/#article\",\"isPartOf\":{\"@id\":\"https:\\\/\\\/www.reclamador.es\\\/blog\\\/reclamar-indemnizaciones-por-accidente-en-metro\\\/\"},\"author\":{\"name\":\"Equipo reclamador\",\"@id\":\"https:\\\/\\\/www.reclamador.es\\\/blog\\\/#\\\/schema\\\/person\\\/1ed83eef8b6566cb5e4c812d9bc5c4bf\"},\"headline\":\"Lesiones y accidentes viajando en metro: \u00bfc\u00f3mo y a qui\u00e9n reclamar?\",\"datePublished\":\"2021-08-28T09:28:00+00:00\",\"dateModified\":\"2024-09-26T08:42:22+00:00\",\"mainEntityOfPage\":{\"@id\":\"https:\\\/\\\/www.reclamador.es\\\/blog\\\/reclamar-indemnizaciones-por-accidente-en-metro\\\/\"},\"wordCount\":772,\"commentCount\":29,\"publisher\":{\"@id\":\"https:\\\/\\\/www.reclamador.es\\\/blog\\\/#organization\"},\"image\":{\"@id\":\"https:\\\/\\\/www.reclamador.es\\\/blog\\\/reclamar-indemnizaciones-por-accidente-en-metro\\\/#primaryimage\"},\"thumbnailUrl\":\"https:\\\/\\\/i0.wp.com\\\/www.reclamador.es\\\/blog\\\/wp-content\\\/uploads\\\/2019\\\/08\\\/accidentes-en-el-metro-reclamar.jpg?fit=1200%2C630&ssl=1\",\"keywords\":[\"accidentes\"],\"articleSection\":[\"Consejos legales\"],\"inLanguage\":\"es\",\"potentialAction\":[{\"@type\":\"CommentAction\",\"name\":\"Comment\",\"target\":[\"https:\\\/\\\/www.reclamador.es\\\/blog\\\/reclamar-indemnizaciones-por-accidente-en-metro\\\/#respond\"]}]},{\"@type\":\"WebPage\",\"@id\":\"https:\\\/\\\/www.reclamador.es\\\/blog\\\/reclamar-indemnizaciones-por-accidente-en-metro\\\/\",\"url\":\"https:\\\/\\\/www.reclamador.es\\\/blog\\\/reclamar-indemnizaciones-por-accidente-en-metro\\\/\",\"name\":\"Indemnizaciones por accidente en el metro: qu\u00e9 se puede reclamar\",\"isPartOf\":{\"@id\":\"https:\\\/\\\/www.reclamador.es\\\/blog\\\/#website\"},\"primaryImageOfPage\":{\"@id\":\"https:\\\/\\\/www.reclamador.es\\\/blog\\\/reclamar-indemnizaciones-por-accidente-en-metro\\\/#primaryimage\"},\"image\":{\"@id\":\"https:\\\/\\\/www.reclamador.es\\\/blog\\\/reclamar-indemnizaciones-por-accidente-en-metro\\\/#primaryimage\"},\"thumbnailUrl\":\"https:\\\/\\\/i0.wp.com\\\/www.reclamador.es\\\/blog\\\/wp-content\\\/uploads\\\/2019\\\/08\\\/accidentes-en-el-metro-reclamar.jpg?fit=1200%2C630&ssl=1\",\"datePublished\":\"2021-08-28T09:28:00+00:00\",\"dateModified\":\"2024-09-26T08:42:22+00:00\",\"description\":\"Indemnizaciones por accidente en el metro o transporte p\u00fablico. Descubre en qu\u00e9 casos es posible reclamar si, por ejemplo, sufres una ca\u00edda en el metro.\",\"breadcrumb\":{\"@id\":\"https:\\\/\\\/www.reclamador.es\\\/blog\\\/reclamar-indemnizaciones-por-accidente-en-metro\\\/#breadcrumb\"},\"inLanguage\":\"es\",\"potentialAction\":[{\"@type\":\"ReadAction\",\"target\":[\"https:\\\/\\\/www.reclamador.es\\\/blog\\\/reclamar-indemnizaciones-por-accidente-en-metro\\\/\"]}]},{\"@type\":\"ImageObject\",\"inLanguage\":\"es\",\"@id\":\"https:\\\/\\\/www.reclamador.es\\\/blog\\\/reclamar-indemnizaciones-por-accidente-en-metro\\\/#primaryimage\",\"url\":\"https:\\\/\\\/i0.wp.com\\\/www.reclamador.es\\\/blog\\\/wp-content\\\/uploads\\\/2019\\\/08\\\/accidentes-en-el-metro-reclamar.jpg?fit=1200%2C630&ssl=1\",\"contentUrl\":\"https:\\\/\\\/i0.wp.com\\\/www.reclamador.es\\\/blog\\\/wp-content\\\/uploads\\\/2019\\\/08\\\/accidentes-en-el-metro-reclamar.jpg?fit=1200%2C630&ssl=1\",\"width\":1200,\"height\":630,\"caption\":\"Reclamaciones por lesiones en accidentes en el metro\"},{\"@type\":\"BreadcrumbList\",\"@id\":\"https:\\\/\\\/www.reclamador.es\\\/blog\\\/reclamar-indemnizaciones-por-accidente-en-metro\\\/#breadcrumb\",\"itemListElement\":[{\"@type\":\"ListItem\",\"position\":1,\"name\":\"Portada\",\"item\":\"https:\\\/\\\/www.reclamador.es\\\/blog\\\/\"},{\"@type\":\"ListItem\",\"position\":2,\"name\":\"Lesiones y accidentes viajando en metro: \u00bfc\u00f3mo y a qui\u00e9n reclamar?\"}]},{\"@type\":\"WebSite\",\"@id\":\"https:\\\/\\\/www.reclamador.es\\\/blog\\\/#website\",\"url\":\"https:\\\/\\\/www.reclamador.es\\\/blog\\\/\",\"name\":\"Rebeldes con causa, el blog de reclamador.es\",\"description\":\"Noticias, entrevistas y consejos sobre reclamaciones\",\"publisher\":{\"@id\":\"https:\\\/\\\/www.reclamador.es\\\/blog\\\/#organization\"},\"potentialAction\":[{\"@type\":\"SearchAction\",\"target\":{\"@type\":\"EntryPoint\",\"urlTemplate\":\"https:\\\/\\\/www.reclamador.es\\\/blog\\\/?s={search_term_string}\"},\"query-input\":{\"@type\":\"PropertyValueSpecification\",\"valueRequired\":true,\"valueName\":\"search_term_string\"}}],\"inLanguage\":\"es\"},{\"@type\":\"Organization\",\"@id\":\"https:\\\/\\\/www.reclamador.es\\\/blog\\\/#organization\",\"name\":\"reclamador.es\",\"url\":\"https:\\\/\\\/www.reclamador.es\\\/blog\\\/\",\"logo\":{\"@type\":\"ImageObject\",\"inLanguage\":\"es\",\"@id\":\"https:\\\/\\\/www.reclamador.es\\\/blog\\\/#\\\/schema\\\/logo\\\/image\\\/\",\"url\":\"https:\\\/\\\/i0.wp.com\\\/www.reclamador.es\\\/blog\\\/wp-content\\\/uploads\\\/2020\\\/01\\\/logo-reclamador.png?fit=1200%2C144&ssl=1\",\"contentUrl\":\"https:\\\/\\\/i0.wp.com\\\/www.reclamador.es\\\/blog\\\/wp-content\\\/uploads\\\/2020\\\/01\\\/logo-reclamador.png?fit=1200%2C144&ssl=1\",\"width\":1200,\"height\":144,\"caption\":\"reclamador.es\"},\"image\":{\"@id\":\"https:\\\/\\\/www.reclamador.es\\\/blog\\\/#\\\/schema\\\/logo\\\/image\\\/\"},\"sameAs\":[\"https:\\\/\\\/www.facebook.com\\\/reclamador.es\",\"https:\\\/\\\/x.com\\\/reclamador\",\"https:\\\/\\\/www.instagram.com\\\/reclamador.es\\\/\",\"https:\\\/\\\/www.linkedin.com\\\/company\\\/reclamador-es\",\"https:\\\/\\\/www.youtube.com\\\/user\\\/Reclamadores\"]},{\"@type\":\"Person\",\"@id\":\"https:\\\/\\\/www.reclamador.es\\\/blog\\\/#\\\/schema\\\/person\\\/1ed83eef8b6566cb5e4c812d9bc5c4bf\",\"name\":\"Equipo reclamador\",\"image\":{\"@type\":\"ImageObject\",\"inLanguage\":\"es\",\"@id\":\"https:\\\/\\\/secure.gravatar.com\\\/avatar\\\/6442ecdc2c4472c600c113f34d340feca47107d6aa4f42f1e3e75a2a8e28a760?s=96&d=mm&r=g\",\"url\":\"https:\\\/\\\/secure.gravatar.com\\\/avatar\\\/6442ecdc2c4472c600c113f34d340feca47107d6aa4f42f1e3e75a2a8e28a760?s=96&d=mm&r=g\",\"contentUrl\":\"https:\\\/\\\/secure.gravatar.com\\\/avatar\\\/6442ecdc2c4472c600c113f34d340feca47107d6aa4f42f1e3e75a2a8e28a760?s=96&d=mm&r=g\",\"caption\":\"Equipo reclamador\"},\"description\":\"Las personas que hacen posible reclamador.es\",\"url\":\"https:\\\/\\\/www.reclamador.es\\\/blog\\\/author\\\/administrador\\\/\"}]}<\/script>\n<!-- \/ Yoast SEO plugin. -->","yoast_head_json":{"title":"Indemnizaciones por accidente en el metro: qu\u00e9 se puede reclamar","description":"Indemnizaciones por accidente en el metro o transporte p\u00fablico. Descubre en qu\u00e9 casos es posible reclamar si, por ejemplo, sufres una ca\u00edda en el metro.","robots":{"index":"index","follow":"follow","max-snippet":"max-snippet:-1","max-image-preview":"max-image-preview:large","max-video-preview":"max-video-preview:-1"},"canonical":"https:\/\/www.reclamador.es\/blog\/reclamar-indemnizaciones-por-accidente-en-metro\/","og_locale":"es_ES","og_type":"article","og_title":"Indemnizaciones por accidente en el metro: qu\u00e9 se puede reclamar","og_description":"Indemnizaciones por accidente en el metro o transporte p\u00fablico. Descubre en qu\u00e9 casos es posible reclamar si, por ejemplo, sufres una ca\u00edda en el metro.","og_url":"https:\/\/www.reclamador.es\/blog\/reclamar-indemnizaciones-por-accidente-en-metro\/","og_site_name":"Rebeldes con causa, el blog de reclamador.es","article_publisher":"https:\/\/www.facebook.com\/reclamador.es","article_published_time":"2021-08-28T09:28:00+00:00","article_modified_time":"2024-09-26T08:42:22+00:00","og_image":[{"width":1200,"height":630,"url":"https:\/\/www.reclamador.es\/blog\/wp-content\/uploads\/2019\/08\/accidentes-en-el-metro-reclamar.jpg","type":"image\/jpeg"}],"author":"Equipo reclamador","twitter_card":"summary_large_image","twitter_creator":"@reclamador","twitter_site":"@reclamador","twitter_misc":{"Escrito por":"Equipo reclamador","Tiempo de lectura":"4 minutos"},"schema":{"@context":"https:\/\/schema.org","@graph":[{"@type":"Article","@id":"https:\/\/www.reclamador.es\/blog\/reclamar-indemnizaciones-por-accidente-en-metro\/#article","isPartOf":{"@id":"https:\/\/www.reclamador.es\/blog\/reclamar-indemnizaciones-por-accidente-en-metro\/"},"author":{"name":"Equipo reclamador","@id":"https:\/\/www.reclamador.es\/blog\/#\/schema\/person\/1ed83eef8b6566cb5e4c812d9bc5c4bf"},"headline":"Lesiones y accidentes viajando en metro: \u00bfc\u00f3mo y a qui\u00e9n reclamar?","datePublished":"2021-08-28T09:28:00+00:00","dateModified":"2024-09-26T08:42:22+00:00","mainEntityOfPage":{"@id":"https:\/\/www.reclamador.es\/blog\/reclamar-indemnizaciones-por-accidente-en-metro\/"},"wordCount":772,"commentCount":29,"publisher":{"@id":"https:\/\/www.reclamador.es\/blog\/#organization"},"image":{"@id":"https:\/\/www.reclamador.es\/blog\/reclamar-indemnizaciones-por-accidente-en-metro\/#primaryimage"},"thumbnailUrl":"https:\/\/i0.wp.com\/www.reclamador.es\/blog\/wp-content\/uploads\/2019\/08\/accidentes-en-el-metro-reclamar.jpg?fit=1200%2C630&ssl=1","keywords":["accidentes"],"articleSection":["Consejos legales"],"inLanguage":"es","potentialAction":[{"@type":"CommentAction","name":"Comment","target":["https:\/\/www.reclamador.es\/blog\/reclamar-indemnizaciones-por-accidente-en-metro\/#respond"]}]},{"@type":"WebPage","@id":"https:\/\/www.reclamador.es\/blog\/reclamar-indemnizaciones-por-accidente-en-metro\/","url":"https:\/\/www.reclamador.es\/blog\/reclamar-indemnizaciones-por-accidente-en-metro\/","name":"Indemnizaciones por accidente en el metro: qu\u00e9 se puede reclamar","isPartOf":{"@id":"https:\/\/www.reclamador.es\/blog\/#website"},"primaryImageOfPage":{"@id":"https:\/\/www.reclamador.es\/blog\/reclamar-indemnizaciones-por-accidente-en-metro\/#primaryimage"},"image":{"@id":"https:\/\/www.reclamador.es\/blog\/reclamar-indemnizaciones-por-accidente-en-metro\/#primaryimage"},"thumbnailUrl":"https:\/\/i0.wp.com\/www.reclamador.es\/blog\/wp-content\/uploads\/2019\/08\/accidentes-en-el-metro-reclamar.jpg?fit=1200%2C630&ssl=1","datePublished":"2021-08-28T09:28:00+00:00","dateModified":"2024-09-26T08:42:22+00:00","description":"Indemnizaciones por accidente en el metro o transporte p\u00fablico. Descubre en qu\u00e9 casos es posible reclamar si, por ejemplo, sufres una ca\u00edda en el metro.","breadcrumb":{"@id":"https:\/\/www.reclamador.es\/blog\/reclamar-indemnizaciones-por-accidente-en-metro\/#breadcrumb"},"inLanguage":"es","potentialAction":[{"@type":"ReadAction","target":["https:\/\/www.reclamador.es\/blog\/reclamar-indemnizaciones-por-accidente-en-metro\/"]}]},{"@type":"ImageObject","inLanguage":"es","@id":"https:\/\/www.reclamador.es\/blog\/reclamar-indemnizaciones-por-accidente-en-metro\/#primaryimage","url":"https:\/\/i0.wp.com\/www.reclamador.es\/blog\/wp-content\/uploads\/2019\/08\/accidentes-en-el-metro-reclamar.jpg?fit=1200%2C630&ssl=1","contentUrl":"https:\/\/i0.wp.com\/www.reclamador.es\/blog\/wp-content\/uploads\/2019\/08\/accidentes-en-el-metro-reclamar.jpg?fit=1200%2C630&ssl=1","width":1200,"height":630,"caption":"Reclamaciones por lesiones en accidentes en el metro"},{"@type":"BreadcrumbList","@id":"https:\/\/www.reclamador.es\/blog\/reclamar-indemnizaciones-por-accidente-en-metro\/#breadcrumb","itemListElement":[{"@type":"ListItem","position":1,"name":"Portada","item":"https:\/\/www.reclamador.es\/blog\/"},{"@type":"ListItem","position":2,"name":"Lesiones y accidentes viajando en metro: \u00bfc\u00f3mo y a qui\u00e9n reclamar?"}]},{"@type":"WebSite","@id":"https:\/\/www.reclamador.es\/blog\/#website","url":"https:\/\/www.reclamador.es\/blog\/","name":"Rebeldes con causa, el blog de reclamador.es","description":"Noticias, entrevistas y consejos sobre reclamaciones","publisher":{"@id":"https:\/\/www.reclamador.es\/blog\/#organization"},"potentialAction":[{"@type":"SearchAction","target":{"@type":"EntryPoint","urlTemplate":"https:\/\/www.reclamador.es\/blog\/?s={search_term_string}"},"query-input":{"@type":"PropertyValueSpecification","valueRequired":true,"valueName":"search_term_string"}}],"inLanguage":"es"},{"@type":"Organization","@id":"https:\/\/www.reclamador.es\/blog\/#organization","name":"reclamador.es","url":"https:\/\/www.reclamador.es\/blog\/","logo":{"@type":"ImageObject","inLanguage":"es","@id":"https:\/\/www.reclamador.es\/blog\/#\/schema\/logo\/image\/","url":"https:\/\/i0.wp.com\/www.reclamador.es\/blog\/wp-content\/uploads\/2020\/01\/logo-reclamador.png?fit=1200%2C144&ssl=1","contentUrl":"https:\/\/i0.wp.com\/www.reclamador.es\/blog\/wp-content\/uploads\/2020\/01\/logo-reclamador.png?fit=1200%2C144&ssl=1","width":1200,"height":144,"caption":"reclamador.es"},"image":{"@id":"https:\/\/www.reclamador.es\/blog\/#\/schema\/logo\/image\/"},"sameAs":["https:\/\/www.facebook.com\/reclamador.es","https:\/\/x.com\/reclamador","https:\/\/www.instagram.com\/reclamador.es\/","https:\/\/www.linkedin.com\/company\/reclamador-es","https:\/\/www.youtube.com\/user\/Reclamadores"]},{"@type":"Person","@id":"https:\/\/www.reclamador.es\/blog\/#\/schema\/person\/1ed83eef8b6566cb5e4c812d9bc5c4bf","name":"Equipo reclamador","image":{"@type":"ImageObject","inLanguage":"es","@id":"https:\/\/secure.gravatar.com\/avatar\/6442ecdc2c4472c600c113f34d340feca47107d6aa4f42f1e3e75a2a8e28a760?s=96&d=mm&r=g","url":"https:\/\/secure.gravatar.com\/avatar\/6442ecdc2c4472c600c113f34d340feca47107d6aa4f42f1e3e75a2a8e28a760?s=96&d=mm&r=g","contentUrl":"https:\/\/secure.gravatar.com\/avatar\/6442ecdc2c4472c600c113f34d340feca47107d6aa4f42f1e3e75a2a8e28a760?s=96&d=mm&r=g","caption":"Equipo reclamador"},"description":"Las personas que hacen posible reclamador.es","url":"https:\/\/www.reclamador.es\/blog\/author\/administrador\/"}]}},"jetpack_featured_media_url":"https:\/\/i0.wp.com\/www.reclamador.es\/blog\/wp-content\/uploads\/2019\/08\/accidentes-en-el-metro-reclamar.jpg?fit=1200%2C630&ssl=1","jetpack-related-posts":[{"id":7685,"url":"https:\/\/www.reclamador.es\/blog\/ocurre-sufro-accidente-viajando-transporte-publico\/","url_meta":{"origin":22718,"position":0},"title":"Accidente en transporte p\u00fablico: qu\u00e9 debes hacer y qu\u00e9 puedes reclamar","author":"Equipo reclamador","date":"7 abril, 2024","format":false,"excerpt":"Autob\u00fas, metro, tranv\u00eda, tren de cercan\u00edas\u2026 Seg\u00fan la ciudad o el municipio donde nos encontremos, las opciones para viajar en transporte p\u00fablico se multiplican. De todos los m\u00e9todos de transporte p\u00fablico, los accidentes en autob\u00fas son los m\u00e1s habituales. Si resultas perjudicado por un accidente donde no eres responsable, tienes\u2026","rel":"","context":"En \u00abConsejos legales\u00bb","block_context":{"text":"Consejos legales","link":"https:\/\/www.reclamador.es\/blog\/consejos\/"},"img":{"alt_text":"accidente en transporte p\u00fablico espa\u00f1a","src":"https:\/\/i0.wp.com\/www.reclamador.es\/blog\/wp-content\/uploads\/2024\/04\/accidente-transporte-publico-metro-autobus-tren-caida-golpe.jpg?fit=1200%2C630&ssl=1&resize=350%2C200","width":350,"height":200,"srcset":"https:\/\/i0.wp.com\/www.reclamador.es\/blog\/wp-content\/uploads\/2024\/04\/accidente-transporte-publico-metro-autobus-tren-caida-golpe.jpg?fit=1200%2C630&ssl=1&resize=350%2C200 1x, https:\/\/i0.wp.com\/www.reclamador.es\/blog\/wp-content\/uploads\/2024\/04\/accidente-transporte-publico-metro-autobus-tren-caida-golpe.jpg?fit=1200%2C630&ssl=1&resize=525%2C300 1.5x, https:\/\/i0.wp.com\/www.reclamador.es\/blog\/wp-content\/uploads\/2024\/04\/accidente-transporte-publico-metro-autobus-tren-caida-golpe.jpg?fit=1200%2C630&ssl=1&resize=700%2C400 2x, https:\/\/i0.wp.com\/www.reclamador.es\/blog\/wp-content\/uploads\/2024\/04\/accidente-transporte-publico-metro-autobus-tren-caida-golpe.jpg?fit=1200%2C630&ssl=1&resize=1050%2C600 3x"},"classes":[]},{"id":21644,"url":"https:\/\/www.reclamador.es\/blog\/accidentes-vtc-indemnizaciones\/","url_meta":{"origin":22718,"position":1},"title":"Uber, Cabify y otros VTC: c\u00f3mo reclamar una indemnizaci\u00f3n por accidente","author":"Equipo reclamador","date":"12 septiembre, 2020","format":false,"excerpt":"M\u00e1s de 13.100. Este es el n\u00famero de licencias de VTC que hab\u00eda en Espa\u00f1a a comienzos de 2019. Dada su actividad, principalmente por el centro y \u00e1reas metropolitanas de las ciudades, lo m\u00e1s habitual es que sus trayectos sean cortos y por v\u00edas urbanas o a puntos de gran\u2026","rel":"","context":"En \u00abConsejos legales\u00bb","block_context":{"text":"Consejos legales","link":"https:\/\/www.reclamador.es\/blog\/consejos\/"},"img":{"alt_text":"app uber - reclamar accidente de tr\u00e1fico VTC","src":"https:\/\/i0.wp.com\/www.reclamador.es\/blog\/wp-content\/uploads\/2019\/09\/accidente-en-uber-cabify.jpg?fit=1200%2C630&ssl=1&resize=350%2C200","width":350,"height":200,"srcset":"https:\/\/i0.wp.com\/www.reclamador.es\/blog\/wp-content\/uploads\/2019\/09\/accidente-en-uber-cabify.jpg?fit=1200%2C630&ssl=1&resize=350%2C200 1x, https:\/\/i0.wp.com\/www.reclamador.es\/blog\/wp-content\/uploads\/2019\/09\/accidente-en-uber-cabify.jpg?fit=1200%2C630&ssl=1&resize=525%2C300 1.5x, https:\/\/i0.wp.com\/www.reclamador.es\/blog\/wp-content\/uploads\/2019\/09\/accidente-en-uber-cabify.jpg?fit=1200%2C630&ssl=1&resize=700%2C400 2x, https:\/\/i0.wp.com\/www.reclamador.es\/blog\/wp-content\/uploads\/2019\/09\/accidente-en-uber-cabify.jpg?fit=1200%2C630&ssl=1&resize=1050%2C600 3x"},"classes":[]},{"id":19292,"url":"https:\/\/www.reclamador.es\/blog\/accidentes-embarcar-desembarcar-avion\/","url_meta":{"origin":22718,"position":2},"title":"Accidentes al embarcar o desembarcar de un avi\u00f3n: \u00bfqu\u00e9 puedo reclamar?","author":"Equipo reclamador","date":"1 septiembre, 2020","format":false,"excerpt":"Recorrer la pasarela de embarque hasta el avi\u00f3n, bajar las escaleras, montar en el autob\u00fas que lleva a los pasajeros de la terminal al avi\u00f3n y viceversa. En definitiva, acciones para embarcar o desembarcar de la aeronave. Tropezar en alguno de estos lugares no es raro, siendo casi siempre peque\u00f1os\u2026","rel":"","context":"En \u00abNoticias y actualidad\u00bb","block_context":{"text":"Noticias y actualidad","link":"https:\/\/www.reclamador.es\/blog\/noticias\/"},"img":{"alt_text":"Accidentes al embarcar o desembarcar del avi\u00f3n: \u00bfa qui\u00e9n reclamar?","src":"https:\/\/i0.wp.com\/www.reclamador.es\/blog\/wp-content\/uploads\/2018\/08\/vueling-accidentes.jpg?fit=1200%2C803&ssl=1&resize=350%2C200","width":350,"height":200,"srcset":"https:\/\/i0.wp.com\/www.reclamador.es\/blog\/wp-content\/uploads\/2018\/08\/vueling-accidentes.jpg?fit=1200%2C803&ssl=1&resize=350%2C200 1x, https:\/\/i0.wp.com\/www.reclamador.es\/blog\/wp-content\/uploads\/2018\/08\/vueling-accidentes.jpg?fit=1200%2C803&ssl=1&resize=525%2C300 1.5x, https:\/\/i0.wp.com\/www.reclamador.es\/blog\/wp-content\/uploads\/2018\/08\/vueling-accidentes.jpg?fit=1200%2C803&ssl=1&resize=700%2C400 2x, https:\/\/i0.wp.com\/www.reclamador.es\/blog\/wp-content\/uploads\/2018\/08\/vueling-accidentes.jpg?fit=1200%2C803&ssl=1&resize=1050%2C600 3x"},"classes":[]},{"id":7775,"url":"https:\/\/www.reclamador.es\/blog\/indemnizacion-accidente-leve\/","url_meta":{"origin":22718,"position":3},"title":"\u00bfQu\u00e9 hacer si la aseguradora no quiere pagar la indemnizaci\u00f3n por accidente leve?","author":"Equipo reclamador","date":"4 julio, 2020","format":false,"excerpt":"Hay ocasiones en las que se producen accidentes de tr\u00e1fico de baja intensidad. Y las compa\u00f1\u00edas aseguradoras se niegan a pagar indemnizaciones por lesiones o da\u00f1os derivadas de estos accidentes leves.\u00a0Estos casos son altamente frecuentes cuando se produce un latigazo cervical. Para que tenga lugar una lesi\u00f3n cervical de este\u2026","rel":"","context":"En \u00abConsejos legales\u00bb","block_context":{"text":"Consejos legales","link":"https:\/\/www.reclamador.es\/blog\/consejos\/"},"img":{"alt_text":"conductor - accidente leve","src":"https:\/\/i0.wp.com\/www.reclamador.es\/blog\/wp-content\/uploads\/2019\/06\/indemnizacion-accidente-leve-de-trafico.jpg?fit=1200%2C630&ssl=1&resize=350%2C200","width":350,"height":200,"srcset":"https:\/\/i0.wp.com\/www.reclamador.es\/blog\/wp-content\/uploads\/2019\/06\/indemnizacion-accidente-leve-de-trafico.jpg?fit=1200%2C630&ssl=1&resize=350%2C200 1x, https:\/\/i0.wp.com\/www.reclamador.es\/blog\/wp-content\/uploads\/2019\/06\/indemnizacion-accidente-leve-de-trafico.jpg?fit=1200%2C630&ssl=1&resize=525%2C300 1.5x, https:\/\/i0.wp.com\/www.reclamador.es\/blog\/wp-content\/uploads\/2019\/06\/indemnizacion-accidente-leve-de-trafico.jpg?fit=1200%2C630&ssl=1&resize=700%2C400 2x, https:\/\/i0.wp.com\/www.reclamador.es\/blog\/wp-content\/uploads\/2019\/06\/indemnizacion-accidente-leve-de-trafico.jpg?fit=1200%2C630&ssl=1&resize=1050%2C600 3x"},"classes":[]},{"id":1332,"url":"https:\/\/www.reclamador.es\/blog\/como-reclamar-una-indemnizacion-tras-sufrir-un-accidente-de-trafico\/","url_meta":{"origin":22718,"position":4},"title":"\u00bfC\u00f3mo reclamar una indemnizaci\u00f3n tras sufrir un accidente de tr\u00e1fico?","author":"Equipo reclamador","date":"30 marzo, 2023","format":false,"excerpt":"C\u00f3mo reclamar una indemnizaci\u00f3n tras sufrir un accidente de tr\u00e1fico","rel":"","context":"En \u00abConsejos legales\u00bb","block_context":{"text":"Consejos legales","link":"https:\/\/www.reclamador.es\/blog\/consejos\/"},"img":{"alt_text":"C\u00f3mo reclamar una indemnizaci\u00f3n tras sufrir un accidente de tr\u00e1fico","src":"https:\/\/i0.wp.com\/www.reclamador.es\/blog\/wp-content\/uploads\/2015\/03\/Como-reclamar-una-indemnizacion-tras-sufrir-un-accidente-de-trafico.jpg?fit=1200%2C675&ssl=1&resize=350%2C200","width":350,"height":200,"srcset":"https:\/\/i0.wp.com\/www.reclamador.es\/blog\/wp-content\/uploads\/2015\/03\/Como-reclamar-una-indemnizacion-tras-sufrir-un-accidente-de-trafico.jpg?fit=1200%2C675&ssl=1&resize=350%2C200 1x, https:\/\/i0.wp.com\/www.reclamador.es\/blog\/wp-content\/uploads\/2015\/03\/Como-reclamar-una-indemnizacion-tras-sufrir-un-accidente-de-trafico.jpg?fit=1200%2C675&ssl=1&resize=525%2C300 1.5x, https:\/\/i0.wp.com\/www.reclamador.es\/blog\/wp-content\/uploads\/2015\/03\/Como-reclamar-una-indemnizacion-tras-sufrir-un-accidente-de-trafico.jpg?fit=1200%2C675&ssl=1&resize=700%2C400 2x, https:\/\/i0.wp.com\/www.reclamador.es\/blog\/wp-content\/uploads\/2015\/03\/Como-reclamar-una-indemnizacion-tras-sufrir-un-accidente-de-trafico.jpg?fit=1200%2C675&ssl=1&resize=1050%2C600 3x"},"classes":[]},{"id":7715,"url":"https:\/\/www.reclamador.es\/blog\/ciclista-sufrido-atropello-pasos-reclamar\/","url_meta":{"origin":22718,"position":5},"title":"Ciclista atropellado. Pasos para reclamar","author":"Equipo reclamador","date":"21 diciembre, 2018","format":false,"excerpt":"*Contenido actualizado enero 2022 El uso de la bicicleta se ha incrementado de forma considerable en los \u00faltimos a\u00f1os. La utilizamos como medio de transporte, mantenernos en forma o salir a la monta\u00f1a. En otras palabras, utilizamos cada vez m\u00e1s la bicicleta por ocio y como medio de transporte. Pero\u2026","rel":"","context":"En \u00abConsejos legales\u00bb","block_context":{"text":"Consejos legales","link":"https:\/\/www.reclamador.es\/blog\/consejos\/"},"img":{"alt_text":"atropello a ciclista - abogados reclamador","src":"https:\/\/i0.wp.com\/www.reclamador.es\/blog\/wp-content\/uploads\/2017\/04\/reclamaciones-ciclista-atropellado.jpg?fit=1193%2C739&ssl=1&resize=350%2C200","width":350,"height":200,"srcset":"https:\/\/i0.wp.com\/www.reclamador.es\/blog\/wp-content\/uploads\/2017\/04\/reclamaciones-ciclista-atropellado.jpg?fit=1193%2C739&ssl=1&resize=350%2C200 1x, https:\/\/i0.wp.com\/www.reclamador.es\/blog\/wp-content\/uploads\/2017\/04\/reclamaciones-ciclista-atropellado.jpg?fit=1193%2C739&ssl=1&resize=525%2C300 1.5x, https:\/\/i0.wp.com\/www.reclamador.es\/blog\/wp-content\/uploads\/2017\/04\/reclamaciones-ciclista-atropellado.jpg?fit=1193%2C739&ssl=1&resize=700%2C400 2x, https:\/\/i0.wp.com\/www.reclamador.es\/blog\/wp-content\/uploads\/2017\/04\/reclamaciones-ciclista-atropellado.jpg?fit=1193%2C739&ssl=1&resize=1050%2C600 3x"},"classes":[]}],"jetpack_sharing_enabled":true,"_links":{"self":[{"href":"https:\/\/www.reclamador.es\/blog\/wp-json\/wp\/v2\/posts\/22718","targetHints":{"allow":["GET"]}}],"collection":[{"href":"https:\/\/www.reclamador.es\/blog\/wp-json\/wp\/v2\/posts"}],"about":[{"href":"https:\/\/www.reclamador.es\/blog\/wp-json\/wp\/v2\/types\/post"}],"author":[{"embeddable":true,"href":"https:\/\/www.reclamador.es\/blog\/wp-json\/wp\/v2\/users\/1"}],"replies":[{"embeddable":true,"href":"https:\/\/www.reclamador.es\/blog\/wp-json\/wp\/v2\/comments?post=22718"}],"version-history":[{"count":10,"href":"https:\/\/www.reclamador.es\/blog\/wp-json\/wp\/v2\/posts\/22718\/revisions"}],"predecessor-version":[{"id":32931,"href":"https:\/\/www.reclamador.es\/blog\/wp-json\/wp\/v2\/posts\/22718\/revisions\/32931"}],"wp:featuredmedia":[{"embeddable":true,"href":"https:\/\/www.reclamador.es\/blog\/wp-json\/wp\/v2\/media\/32929"}],"wp:attachment":[{"href":"https:\/\/www.reclamador.es\/blog\/wp-json\/wp\/v2\/media?parent=22718"}],"wp:term":[{"taxonomy":"category","embeddable":true,"href":"https:\/\/www.reclamador.es\/blog\/wp-json\/wp\/v2\/categories?post=22718"},{"taxonomy":"post_tag","embeddable":true,"href":"https:\/\/www.reclamador.es\/blog\/wp-json\/wp\/v2\/tags?post=22718"}],"curies":[{"name":"wp","href":"https:\/\/api.w.org\/{rel}","templated":true}]}}