{"id":22493,"date":"2024-06-21T09:00:00","date_gmt":"2024-06-21T07:00:00","guid":{"rendered":"https:\/\/www.reclamador.es\/blog\/?p=22493"},"modified":"2025-05-12T10:01:32","modified_gmt":"2025-05-12T08:01:32","slug":"redes-sociales-verano-cosas-no-publicar","status":"publish","type":"post","link":"https:\/\/www.reclamador.es\/blog\/redes-sociales-verano-cosas-no-publicar\/","title":{"rendered":"Tres cosas que no debes publicar en redes sociales en vacaciones"},"content":{"rendered":"<div class=\"ttr_start\"><\/div>\n\n<div class=\"kk-star-ratings kksr-auto kksr-align-right kksr-valign-top\"\n    data-payload='{&quot;align&quot;:&quot;right&quot;,&quot;id&quot;:&quot;22493&quot;,&quot;slug&quot;:&quot;default&quot;,&quot;valign&quot;:&quot;top&quot;,&quot;ignore&quot;:&quot;&quot;,&quot;reference&quot;:&quot;auto&quot;,&quot;class&quot;:&quot;&quot;,&quot;count&quot;:&quot;1&quot;,&quot;legendonly&quot;:&quot;&quot;,&quot;readonly&quot;:&quot;&quot;,&quot;score&quot;:&quot;5&quot;,&quot;starsonly&quot;:&quot;&quot;,&quot;best&quot;:&quot;5&quot;,&quot;gap&quot;:&quot;3&quot;,&quot;greet&quot;:&quot;Valora este art\u00edculo&quot;,&quot;legend&quot;:&quot;5\\\/5 - (1 voto)&quot;,&quot;size&quot;:&quot;20&quot;,&quot;title&quot;:&quot;Tres cosas que no debes publicar en redes sociales en vacaciones&quot;,&quot;width&quot;:&quot;113.5&quot;,&quot;_legend&quot;:&quot;{score}\\\/{best} - ({count} {votes})&quot;,&quot;font_factor&quot;:&quot;1.25&quot;}'>\n            \n<div class=\"kksr-stars\">\n    \n<div class=\"kksr-stars-inactive\">\n            <div class=\"kksr-star\" data-star=\"1\" style=\"padding-right: 3px\">\n            \n\n<div class=\"kksr-icon\" style=\"width: 20px; height: 20px;\"><\/div>\n        <\/div>\n            <div class=\"kksr-star\" data-star=\"2\" style=\"padding-right: 3px\">\n            \n\n<div class=\"kksr-icon\" style=\"width: 20px; height: 20px;\"><\/div>\n        <\/div>\n            <div class=\"kksr-star\" data-star=\"3\" style=\"padding-right: 3px\">\n            \n\n<div class=\"kksr-icon\" style=\"width: 20px; height: 20px;\"><\/div>\n        <\/div>\n            <div class=\"kksr-star\" data-star=\"4\" style=\"padding-right: 3px\">\n            \n\n<div class=\"kksr-icon\" style=\"width: 20px; height: 20px;\"><\/div>\n        <\/div>\n            <div class=\"kksr-star\" data-star=\"5\" style=\"padding-right: 3px\">\n            \n\n<div class=\"kksr-icon\" style=\"width: 20px; height: 20px;\"><\/div>\n        <\/div>\n    <\/div>\n    \n<div class=\"kksr-stars-active\" style=\"width: 113.5px;\">\n            <div class=\"kksr-star\" style=\"padding-right: 3px\">\n            \n\n<div class=\"kksr-icon\" style=\"width: 20px; height: 20px;\"><\/div>\n        <\/div>\n            <div class=\"kksr-star\" style=\"padding-right: 3px\">\n            \n\n<div class=\"kksr-icon\" style=\"width: 20px; height: 20px;\"><\/div>\n        <\/div>\n            <div class=\"kksr-star\" style=\"padding-right: 3px\">\n            \n\n<div class=\"kksr-icon\" style=\"width: 20px; height: 20px;\"><\/div>\n        <\/div>\n            <div class=\"kksr-star\" style=\"padding-right: 3px\">\n            \n\n<div class=\"kksr-icon\" style=\"width: 20px; height: 20px;\"><\/div>\n        <\/div>\n            <div class=\"kksr-star\" style=\"padding-right: 3px\">\n            \n\n<div class=\"kksr-icon\" style=\"width: 20px; height: 20px;\"><\/div>\n        <\/div>\n    <\/div>\n<\/div>\n                \n\n<div class=\"kksr-legend\" style=\"font-size: 16px;\">\n            5\/5 - (1 voto)    <\/div>\n    <\/div>\n<figure id=\"attachment_33121\" aria-describedby=\"caption-attachment-33121\" style=\"width: 1200px\" class=\"wp-caption aligncenter\"><img data-recalc-dims=\"1\" loading=\"lazy\" decoding=\"async\" class=\"size-full wp-image-33121\" src=\"https:\/\/i0.wp.com\/www.reclamador.es\/blog\/wp-content\/uploads\/2021\/07\/publicar-en-redes-sociales.jpg?resize=1200%2C630&#038;ssl=1\" alt=\"Qu\u00e9 no publicar en redes sociales foto familia vacaciones redes sociales\" width=\"1200\" height=\"630\" srcset=\"https:\/\/i0.wp.com\/www.reclamador.es\/blog\/wp-content\/uploads\/2021\/07\/publicar-en-redes-sociales.jpg?w=1200&amp;ssl=1 1200w, https:\/\/i0.wp.com\/www.reclamador.es\/blog\/wp-content\/uploads\/2021\/07\/publicar-en-redes-sociales.jpg?resize=800%2C420&amp;ssl=1 800w, https:\/\/i0.wp.com\/www.reclamador.es\/blog\/wp-content\/uploads\/2021\/07\/publicar-en-redes-sociales.jpg?resize=150%2C79&amp;ssl=1 150w, https:\/\/i0.wp.com\/www.reclamador.es\/blog\/wp-content\/uploads\/2021\/07\/publicar-en-redes-sociales.jpg?resize=768%2C403&amp;ssl=1 768w\" sizes=\"auto, (max-width: 1000px) 100vw, 1000px\" \/><figcaption id=\"caption-attachment-33121\" class=\"wp-caption-text\"><em>Qu\u00e9 no publicar en redes sociales en verano<\/em><\/figcaption><\/figure>\n<p><span style=\"font-weight: 400;\">Seguro que muchos ya est\u00e1is de vacaciones o deseando que se lleguen esos d\u00edas para pasarlos lejos de casa, o en ella, pero descansando y disfrutando de familia o amigos. Con las redes sociales, ahora, adem\u00e1s, se cuenta a los seguidores todo lo que ocurre en vacaciones. Pero esto tiene, al menos, un gran inconveniente: <strong>la seguridad.<\/strong>\u00a0<\/span><\/p>\n<p><span style=\"font-weight: 400;\">Exponerse en redes sociales para contar las <strong><a href=\"https:\/\/www.reclamador.es\/blog\/reclamaciones-postvacacionales\/\">vacaciones<\/a><\/strong>, supone poner a disposici\u00f3n de los usuarios de esa red, informaci\u00f3n sensible. Por ejemplo, cu\u00e1ndo se est\u00e1 fuera de casa o por cu\u00e1nto tiempo. <\/span><\/p>\n<p><span style=\"font-weight: 400;\">Por todo ello, en reclamador.es hemos recopilado <strong>3<\/strong> <strong>cosas que no deber\u00edas publicar en<\/strong> <strong>redes sociales en verano<\/strong>, o al menos prestarle mayor cuidado. \u00a1Contin\u00faa leyendo!<\/span><\/p>\n<h2><strong>Qu\u00e9 no publicar en redes sociales en verano<\/strong><\/h2>\n<h3><b>1. Fecha exacta en la que realizar\u00e1s el viaje<\/b><\/h3>\n<p><span style=\"font-weight: 400;\">Si tu perfil en redes sociales es p\u00fablico y tu vivienda queda sola durante las vacaciones, el consejo es no publicar en Instagram, Facebook o Twitter que no est\u00e1s en casa ni especificar los d\u00edas que disfrutar\u00e1s de esas merecidas vacaciones. Con este consejo se puede evitar que terceros con no muy buenas intenciones conozcan d\u00f3nde te encuentras en ese momento.<\/span><\/p>\n<h3><b>2. No compartas tu ubicaci\u00f3n real en redes sociales<\/b><\/h3>\n<p><span style=\"font-weight: 400;\">Como en el apartado anterior, la idea es que terceros no conozcan de primera mano todos tus movimientos en verano. Al igual que para evitar robos pedimos a familiares o vecinos que se acerquen a casa para recoger el correo o mover las persianas mientras estamos de viaje, durante esos d\u00edas es recomendable no mostrar en redes sociales la ubicaci\u00f3n exacta para que no la utilicen de manera fraudulenta.\u00a0<\/span><\/p>\n<h3><b>3. Pon especial atenci\u00f3n a las im\u00e1genes o v\u00eddeos que subes<\/b><\/h3>\n<p><span style=\"font-weight: 400;\">Si en las fotograf\u00edas o v\u00eddeos que pretendes publicar en cualquier red social aparece un menor de edad, debes saber que necesitas el consentimiento de sus progenitores para subirla. Igualmente, si aparecen terceros en la imagen es aconsejable comentarles que vas a publicar esa imagen, por ejemplo, en Instagram, pues existe el <strong>Derecho a la Propia Imagen<\/strong>, recogido en el Art\u00edculo 18 de la Constituci\u00f3n Espa\u00f1ola y desarrollado en la <a href=\"https:\/\/www.boe.es\/buscar\/act.php?id=BOE-A-1982-11196\" target=\"_blank\" rel=\"noopener\">Ley Org\u00e1nica 1\/1982<\/a>, de 5 de mayo, de protecci\u00f3n civil del derecho al honor, a la intimidad personal y familiar y a la propia imagen.<\/span><\/p>\n<p><span style=\"font-weight: 400;\">Ten en cuenta que el Art\u00edculo 7 de esta Ley Org\u00e1nica se\u00f1ala que <\/span><i><span style=\"font-weight: 400;\">\u201c<\/span><\/i><i><span style=\"font-weight: 400;\">Tendr\u00e1n la consideraci\u00f3n de intromisiones ileg\u00edtimas en el \u00e1mbito de protecci\u00f3n delimitado por el art\u00edculo segundo de esta Ley [&#8230;] La captaci\u00f3n, reproducci\u00f3n o publicaci\u00f3n por fotograf\u00eda, filme, o cualquier otro procedimiento, de la imagen de una persona en lugares o momentos de su vida privada o fuera de ellos\u201d.\u00a0<\/span><\/i><\/p>\n<h2><strong>Si tu viaje en avi\u00f3n se ha retrasado o cancelado, reclama<\/strong><\/h2>\n<p>Y ya fuera de los riesgos de publicar determinada informaci\u00f3n en redes sociales en tus vacaciones, te contamos que si para llegar a tu destino de vacaciones, vas a coger un avi\u00f3n, puedes sufrir incidentes que te ayudamos a reclamar.<\/p>\n<p>Si la aerol\u00ednea te informa con menos de dos semanas de antelaci\u00f3n de la <a href=\"https:\/\/www.reclamador.es\/aerolineas\/cancelacion-vuelo\/\">cancelaci\u00f3n<\/a> de tu vuelo o bien este se retrasa y llegas a destino con <a href=\"https:\/\/www.reclamador.es\/aerolineas\/retraso-vuelo\/\">m\u00e1s de 3 horas de retraso<\/a>, tienes derecho a reclamar una indemnizaci\u00f3n, que va desde los 250 \u20ac hasta los 600 \u20ac, en funci\u00f3n de la distancia.<\/p>\n<p>Si la aerol\u00ednea pierde tu <a href=\"https:\/\/www.reclamador.es\/aerolineas\/problemas-equipaje\/\">equipaje<\/a>, tambi\u00e9n tienes derecho a reclamar una indemnizaci\u00f3n, que puede ser de hasta 1.813 \u20ac (cifra actualizada en mayo 2025). Incluso, si por <a href=\"https:\/\/www.reclamador.es\/aerolineas\/overbooking\/\">overbooking<\/a> la compa\u00f1\u00eda a\u00e9rea te deniega el embarque, tienes derecho a reclamar.<\/p>\n<p>No lo dudes, si has sufrido una de estas incidencias en tu vuelo en verano, cons\u00faltanos.<\/p>\n<h2 style=\"text-align: center;\"><a class=\"button-lead\" href=\"https:\/\/www.reclamador.es\/aerolineas\/\"><b>\u00bfNecesitas ayuda para hacer una reclamaci\u00f3n de vuelo?<\/b><\/a><\/h2>\n<div class=\"ttr_end\"><\/div>","protected":false},"excerpt":{"rendered":"<p>Seguro que muchos ya est\u00e1is de vacaciones o deseando que se lleguen esos d\u00edas para pasarlos lejos de casa, o en ella, pero descansando y disfrutando de familia o amigos. Con las redes sociales, ahora, adem\u00e1s, se cuenta a los seguidores todo lo que ocurre en vacaciones. Pero esto tiene, al menos, un gran inconveniente: [&hellip;]<\/p>\n","protected":false},"author":28,"featured_media":33121,"comment_status":"open","ping_status":"open","sticky":false,"template":"","format":"standard","meta":{"_acf_changed":false,"_genesis_hide_title":false,"_genesis_hide_breadcrumbs":false,"_genesis_hide_singular_image":false,"_genesis_hide_footer_widgets":false,"_genesis_custom_body_class":"","_genesis_custom_post_class":"","_genesis_layout":"","_jetpack_newsletter_access":"","_jetpack_dont_email_post_to_subs":false,"_jetpack_newsletter_tier_id":0,"_jetpack_memberships_contains_paywalled_content":false,"_jetpack_memberships_contains_paid_content":false,"footnotes":""},"categories":[393],"tags":[380],"class_list":{"0":"post-22493","1":"post","2":"type-post","3":"status-publish","4":"format-standard","5":"has-post-thumbnail","7":"category-consejos","8":"tag-aerolineas","9":"entry"},"acf":[],"yoast_head":"<!-- This site is optimized with the Yoast SEO plugin v27.4 - https:\/\/yoast.com\/product\/yoast-seo-wordpress\/ -->\n<title>Redes sociales en verano: 3 cosas que no deber\u00edas publicar<\/title>\n<meta name=\"description\" content=\"Hemos recopilado varias cosas que no deber\u00edas publicar en redes sociales en verano para evitar problemas de seguridad y proteger los derechos de terceros.\" \/>\n<meta name=\"robots\" content=\"index, follow, max-snippet:-1, max-image-preview:large, max-video-preview:-1\" \/>\n<link rel=\"canonical\" href=\"https:\/\/www.reclamador.es\/blog\/redes-sociales-verano-cosas-no-publicar\/\" \/>\n<meta property=\"og:locale\" content=\"es_ES\" \/>\n<meta property=\"og:type\" content=\"article\" \/>\n<meta property=\"og:title\" content=\"Redes sociales en verano: 3 cosas que no deber\u00edas publicar\" \/>\n<meta property=\"og:description\" content=\"Hemos recopilado varias cosas que no deber\u00edas publicar en redes sociales en verano para evitar problemas de seguridad y proteger los derechos de terceros.\" \/>\n<meta property=\"og:url\" content=\"https:\/\/www.reclamador.es\/blog\/redes-sociales-verano-cosas-no-publicar\/\" \/>\n<meta property=\"og:site_name\" content=\"Rebeldes con causa, el blog de reclamador.es\" \/>\n<meta property=\"article:publisher\" content=\"https:\/\/www.facebook.com\/reclamador.es\" \/>\n<meta property=\"article:published_time\" content=\"2024-06-21T07:00:00+00:00\" \/>\n<meta property=\"article:modified_time\" content=\"2025-05-12T08:01:32+00:00\" \/>\n<meta property=\"og:image\" content=\"https:\/\/www.reclamador.es\/blog\/wp-content\/uploads\/2021\/07\/publicar-en-redes-sociales.jpg\" \/>\n\t<meta property=\"og:image:width\" content=\"1200\" \/>\n\t<meta property=\"og:image:height\" content=\"630\" \/>\n\t<meta property=\"og:image:type\" content=\"image\/jpeg\" \/>\n<meta name=\"author\" content=\"Alicia Ria\u00f1o\" \/>\n<meta name=\"twitter:card\" content=\"summary_large_image\" \/>\n<meta name=\"twitter:creator\" content=\"@reclamador\" \/>\n<meta name=\"twitter:site\" content=\"@reclamador\" \/>\n<meta name=\"twitter:label1\" content=\"Escrito por\" \/>\n\t<meta name=\"twitter:data1\" content=\"Alicia Ria\u00f1o\" \/>\n\t<meta name=\"twitter:label2\" content=\"Tiempo de lectura\" \/>\n\t<meta name=\"twitter:data2\" content=\"4 minutos\" \/>\n<script type=\"application\/ld+json\" class=\"yoast-schema-graph\">{\"@context\":\"https:\\\/\\\/schema.org\",\"@graph\":[{\"@type\":\"Article\",\"@id\":\"https:\\\/\\\/www.reclamador.es\\\/blog\\\/redes-sociales-verano-cosas-no-publicar\\\/#article\",\"isPartOf\":{\"@id\":\"https:\\\/\\\/www.reclamador.es\\\/blog\\\/redes-sociales-verano-cosas-no-publicar\\\/\"},\"author\":{\"name\":\"Alicia Ria\u00f1o\",\"@id\":\"https:\\\/\\\/www.reclamador.es\\\/blog\\\/#\\\/schema\\\/person\\\/2a9d121a6362255b8129c6fda9caffd5\"},\"headline\":\"Tres cosas que no debes publicar en redes sociales en vacaciones\",\"datePublished\":\"2024-06-21T07:00:00+00:00\",\"dateModified\":\"2025-05-12T08:01:32+00:00\",\"mainEntityOfPage\":{\"@id\":\"https:\\\/\\\/www.reclamador.es\\\/blog\\\/redes-sociales-verano-cosas-no-publicar\\\/\"},\"wordCount\":676,\"commentCount\":1,\"publisher\":{\"@id\":\"https:\\\/\\\/www.reclamador.es\\\/blog\\\/#organization\"},\"image\":{\"@id\":\"https:\\\/\\\/www.reclamador.es\\\/blog\\\/redes-sociales-verano-cosas-no-publicar\\\/#primaryimage\"},\"thumbnailUrl\":\"https:\\\/\\\/i0.wp.com\\\/www.reclamador.es\\\/blog\\\/wp-content\\\/uploads\\\/2021\\\/07\\\/publicar-en-redes-sociales.jpg?fit=1200%2C630&ssl=1\",\"keywords\":[\"aerol\u00edneas\"],\"articleSection\":[\"Consejos legales\"],\"inLanguage\":\"es\",\"potentialAction\":[{\"@type\":\"CommentAction\",\"name\":\"Comment\",\"target\":[\"https:\\\/\\\/www.reclamador.es\\\/blog\\\/redes-sociales-verano-cosas-no-publicar\\\/#respond\"]}]},{\"@type\":\"WebPage\",\"@id\":\"https:\\\/\\\/www.reclamador.es\\\/blog\\\/redes-sociales-verano-cosas-no-publicar\\\/\",\"url\":\"https:\\\/\\\/www.reclamador.es\\\/blog\\\/redes-sociales-verano-cosas-no-publicar\\\/\",\"name\":\"Redes sociales en verano: 3 cosas que no deber\u00edas publicar\",\"isPartOf\":{\"@id\":\"https:\\\/\\\/www.reclamador.es\\\/blog\\\/#website\"},\"primaryImageOfPage\":{\"@id\":\"https:\\\/\\\/www.reclamador.es\\\/blog\\\/redes-sociales-verano-cosas-no-publicar\\\/#primaryimage\"},\"image\":{\"@id\":\"https:\\\/\\\/www.reclamador.es\\\/blog\\\/redes-sociales-verano-cosas-no-publicar\\\/#primaryimage\"},\"thumbnailUrl\":\"https:\\\/\\\/i0.wp.com\\\/www.reclamador.es\\\/blog\\\/wp-content\\\/uploads\\\/2021\\\/07\\\/publicar-en-redes-sociales.jpg?fit=1200%2C630&ssl=1\",\"datePublished\":\"2024-06-21T07:00:00+00:00\",\"dateModified\":\"2025-05-12T08:01:32+00:00\",\"description\":\"Hemos recopilado varias cosas que no deber\u00edas publicar en redes sociales en verano para evitar problemas de seguridad y proteger los derechos de terceros.\",\"breadcrumb\":{\"@id\":\"https:\\\/\\\/www.reclamador.es\\\/blog\\\/redes-sociales-verano-cosas-no-publicar\\\/#breadcrumb\"},\"inLanguage\":\"es\",\"potentialAction\":[{\"@type\":\"ReadAction\",\"target\":[\"https:\\\/\\\/www.reclamador.es\\\/blog\\\/redes-sociales-verano-cosas-no-publicar\\\/\"]}]},{\"@type\":\"ImageObject\",\"inLanguage\":\"es\",\"@id\":\"https:\\\/\\\/www.reclamador.es\\\/blog\\\/redes-sociales-verano-cosas-no-publicar\\\/#primaryimage\",\"url\":\"https:\\\/\\\/i0.wp.com\\\/www.reclamador.es\\\/blog\\\/wp-content\\\/uploads\\\/2021\\\/07\\\/publicar-en-redes-sociales.jpg?fit=1200%2C630&ssl=1\",\"contentUrl\":\"https:\\\/\\\/i0.wp.com\\\/www.reclamador.es\\\/blog\\\/wp-content\\\/uploads\\\/2021\\\/07\\\/publicar-en-redes-sociales.jpg?fit=1200%2C630&ssl=1\",\"width\":1200,\"height\":630,\"caption\":\"Qu\u00e9 no publicar en redes sociales\"},{\"@type\":\"BreadcrumbList\",\"@id\":\"https:\\\/\\\/www.reclamador.es\\\/blog\\\/redes-sociales-verano-cosas-no-publicar\\\/#breadcrumb\",\"itemListElement\":[{\"@type\":\"ListItem\",\"position\":1,\"name\":\"Portada\",\"item\":\"https:\\\/\\\/www.reclamador.es\\\/blog\\\/\"},{\"@type\":\"ListItem\",\"position\":2,\"name\":\"Tres cosas que no debes publicar en redes sociales en vacaciones\"}]},{\"@type\":\"WebSite\",\"@id\":\"https:\\\/\\\/www.reclamador.es\\\/blog\\\/#website\",\"url\":\"https:\\\/\\\/www.reclamador.es\\\/blog\\\/\",\"name\":\"Rebeldes con causa, el blog de reclamador.es\",\"description\":\"Noticias, entrevistas y consejos sobre reclamaciones\",\"publisher\":{\"@id\":\"https:\\\/\\\/www.reclamador.es\\\/blog\\\/#organization\"},\"potentialAction\":[{\"@type\":\"SearchAction\",\"target\":{\"@type\":\"EntryPoint\",\"urlTemplate\":\"https:\\\/\\\/www.reclamador.es\\\/blog\\\/?s={search_term_string}\"},\"query-input\":{\"@type\":\"PropertyValueSpecification\",\"valueRequired\":true,\"valueName\":\"search_term_string\"}}],\"inLanguage\":\"es\"},{\"@type\":\"Organization\",\"@id\":\"https:\\\/\\\/www.reclamador.es\\\/blog\\\/#organization\",\"name\":\"reclamador.es\",\"url\":\"https:\\\/\\\/www.reclamador.es\\\/blog\\\/\",\"logo\":{\"@type\":\"ImageObject\",\"inLanguage\":\"es\",\"@id\":\"https:\\\/\\\/www.reclamador.es\\\/blog\\\/#\\\/schema\\\/logo\\\/image\\\/\",\"url\":\"https:\\\/\\\/i0.wp.com\\\/www.reclamador.es\\\/blog\\\/wp-content\\\/uploads\\\/2020\\\/01\\\/logo-reclamador.png?fit=1200%2C144&ssl=1\",\"contentUrl\":\"https:\\\/\\\/i0.wp.com\\\/www.reclamador.es\\\/blog\\\/wp-content\\\/uploads\\\/2020\\\/01\\\/logo-reclamador.png?fit=1200%2C144&ssl=1\",\"width\":1200,\"height\":144,\"caption\":\"reclamador.es\"},\"image\":{\"@id\":\"https:\\\/\\\/www.reclamador.es\\\/blog\\\/#\\\/schema\\\/logo\\\/image\\\/\"},\"sameAs\":[\"https:\\\/\\\/www.facebook.com\\\/reclamador.es\",\"https:\\\/\\\/x.com\\\/reclamador\",\"https:\\\/\\\/www.instagram.com\\\/reclamador.es\\\/\",\"https:\\\/\\\/www.linkedin.com\\\/company\\\/reclamador-es\",\"https:\\\/\\\/www.youtube.com\\\/user\\\/Reclamadores\"]},{\"@type\":\"Person\",\"@id\":\"https:\\\/\\\/www.reclamador.es\\\/blog\\\/#\\\/schema\\\/person\\\/2a9d121a6362255b8129c6fda9caffd5\",\"name\":\"Alicia Ria\u00f1o\",\"image\":{\"@type\":\"ImageObject\",\"inLanguage\":\"es\",\"@id\":\"https:\\\/\\\/secure.gravatar.com\\\/avatar\\\/2915f7664bf5ed4baf932328fabfe761f32f21ec1b577e7d54a7fee6613de25f?s=96&d=mm&r=g\",\"url\":\"https:\\\/\\\/secure.gravatar.com\\\/avatar\\\/2915f7664bf5ed4baf932328fabfe761f32f21ec1b577e7d54a7fee6613de25f?s=96&d=mm&r=g\",\"contentUrl\":\"https:\\\/\\\/secure.gravatar.com\\\/avatar\\\/2915f7664bf5ed4baf932328fabfe761f32f21ec1b577e7d54a7fee6613de25f?s=96&d=mm&r=g\",\"caption\":\"Alicia Ria\u00f1o\"},\"description\":\"Periodista experta en comunicaci\u00f3n y marketing digital. Escribo para acercar la informaci\u00f3n legal de forma sencilla y comprensible a las personas.\",\"sameAs\":[\"https:\\\/\\\/www.linkedin.com\\\/in\\\/alicia-r-932a2959\"],\"url\":\"https:\\\/\\\/www.reclamador.es\\\/blog\\\/author\\\/alicia-riano\\\/\"}]}<\/script>\n<!-- \/ Yoast SEO plugin. -->","yoast_head_json":{"title":"Redes sociales en verano: 3 cosas que no deber\u00edas publicar","description":"Hemos recopilado varias cosas que no deber\u00edas publicar en redes sociales en verano para evitar problemas de seguridad y proteger los derechos de terceros.","robots":{"index":"index","follow":"follow","max-snippet":"max-snippet:-1","max-image-preview":"max-image-preview:large","max-video-preview":"max-video-preview:-1"},"canonical":"https:\/\/www.reclamador.es\/blog\/redes-sociales-verano-cosas-no-publicar\/","og_locale":"es_ES","og_type":"article","og_title":"Redes sociales en verano: 3 cosas que no deber\u00edas publicar","og_description":"Hemos recopilado varias cosas que no deber\u00edas publicar en redes sociales en verano para evitar problemas de seguridad y proteger los derechos de terceros.","og_url":"https:\/\/www.reclamador.es\/blog\/redes-sociales-verano-cosas-no-publicar\/","og_site_name":"Rebeldes con causa, el blog de reclamador.es","article_publisher":"https:\/\/www.facebook.com\/reclamador.es","article_published_time":"2024-06-21T07:00:00+00:00","article_modified_time":"2025-05-12T08:01:32+00:00","og_image":[{"width":1200,"height":630,"url":"https:\/\/www.reclamador.es\/blog\/wp-content\/uploads\/2021\/07\/publicar-en-redes-sociales.jpg","type":"image\/jpeg"}],"author":"Alicia Ria\u00f1o","twitter_card":"summary_large_image","twitter_creator":"@reclamador","twitter_site":"@reclamador","twitter_misc":{"Escrito por":"Alicia Ria\u00f1o","Tiempo de lectura":"4 minutos"},"schema":{"@context":"https:\/\/schema.org","@graph":[{"@type":"Article","@id":"https:\/\/www.reclamador.es\/blog\/redes-sociales-verano-cosas-no-publicar\/#article","isPartOf":{"@id":"https:\/\/www.reclamador.es\/blog\/redes-sociales-verano-cosas-no-publicar\/"},"author":{"name":"Alicia Ria\u00f1o","@id":"https:\/\/www.reclamador.es\/blog\/#\/schema\/person\/2a9d121a6362255b8129c6fda9caffd5"},"headline":"Tres cosas que no debes publicar en redes sociales en vacaciones","datePublished":"2024-06-21T07:00:00+00:00","dateModified":"2025-05-12T08:01:32+00:00","mainEntityOfPage":{"@id":"https:\/\/www.reclamador.es\/blog\/redes-sociales-verano-cosas-no-publicar\/"},"wordCount":676,"commentCount":1,"publisher":{"@id":"https:\/\/www.reclamador.es\/blog\/#organization"},"image":{"@id":"https:\/\/www.reclamador.es\/blog\/redes-sociales-verano-cosas-no-publicar\/#primaryimage"},"thumbnailUrl":"https:\/\/i0.wp.com\/www.reclamador.es\/blog\/wp-content\/uploads\/2021\/07\/publicar-en-redes-sociales.jpg?fit=1200%2C630&ssl=1","keywords":["aerol\u00edneas"],"articleSection":["Consejos legales"],"inLanguage":"es","potentialAction":[{"@type":"CommentAction","name":"Comment","target":["https:\/\/www.reclamador.es\/blog\/redes-sociales-verano-cosas-no-publicar\/#respond"]}]},{"@type":"WebPage","@id":"https:\/\/www.reclamador.es\/blog\/redes-sociales-verano-cosas-no-publicar\/","url":"https:\/\/www.reclamador.es\/blog\/redes-sociales-verano-cosas-no-publicar\/","name":"Redes sociales en verano: 3 cosas que no deber\u00edas publicar","isPartOf":{"@id":"https:\/\/www.reclamador.es\/blog\/#website"},"primaryImageOfPage":{"@id":"https:\/\/www.reclamador.es\/blog\/redes-sociales-verano-cosas-no-publicar\/#primaryimage"},"image":{"@id":"https:\/\/www.reclamador.es\/blog\/redes-sociales-verano-cosas-no-publicar\/#primaryimage"},"thumbnailUrl":"https:\/\/i0.wp.com\/www.reclamador.es\/blog\/wp-content\/uploads\/2021\/07\/publicar-en-redes-sociales.jpg?fit=1200%2C630&ssl=1","datePublished":"2024-06-21T07:00:00+00:00","dateModified":"2025-05-12T08:01:32+00:00","description":"Hemos recopilado varias cosas que no deber\u00edas publicar en redes sociales en verano para evitar problemas de seguridad y proteger los derechos de terceros.","breadcrumb":{"@id":"https:\/\/www.reclamador.es\/blog\/redes-sociales-verano-cosas-no-publicar\/#breadcrumb"},"inLanguage":"es","potentialAction":[{"@type":"ReadAction","target":["https:\/\/www.reclamador.es\/blog\/redes-sociales-verano-cosas-no-publicar\/"]}]},{"@type":"ImageObject","inLanguage":"es","@id":"https:\/\/www.reclamador.es\/blog\/redes-sociales-verano-cosas-no-publicar\/#primaryimage","url":"https:\/\/i0.wp.com\/www.reclamador.es\/blog\/wp-content\/uploads\/2021\/07\/publicar-en-redes-sociales.jpg?fit=1200%2C630&ssl=1","contentUrl":"https:\/\/i0.wp.com\/www.reclamador.es\/blog\/wp-content\/uploads\/2021\/07\/publicar-en-redes-sociales.jpg?fit=1200%2C630&ssl=1","width":1200,"height":630,"caption":"Qu\u00e9 no publicar en redes sociales"},{"@type":"BreadcrumbList","@id":"https:\/\/www.reclamador.es\/blog\/redes-sociales-verano-cosas-no-publicar\/#breadcrumb","itemListElement":[{"@type":"ListItem","position":1,"name":"Portada","item":"https:\/\/www.reclamador.es\/blog\/"},{"@type":"ListItem","position":2,"name":"Tres cosas que no debes publicar en redes sociales en vacaciones"}]},{"@type":"WebSite","@id":"https:\/\/www.reclamador.es\/blog\/#website","url":"https:\/\/www.reclamador.es\/blog\/","name":"Rebeldes con causa, el blog de reclamador.es","description":"Noticias, entrevistas y consejos sobre reclamaciones","publisher":{"@id":"https:\/\/www.reclamador.es\/blog\/#organization"},"potentialAction":[{"@type":"SearchAction","target":{"@type":"EntryPoint","urlTemplate":"https:\/\/www.reclamador.es\/blog\/?s={search_term_string}"},"query-input":{"@type":"PropertyValueSpecification","valueRequired":true,"valueName":"search_term_string"}}],"inLanguage":"es"},{"@type":"Organization","@id":"https:\/\/www.reclamador.es\/blog\/#organization","name":"reclamador.es","url":"https:\/\/www.reclamador.es\/blog\/","logo":{"@type":"ImageObject","inLanguage":"es","@id":"https:\/\/www.reclamador.es\/blog\/#\/schema\/logo\/image\/","url":"https:\/\/i0.wp.com\/www.reclamador.es\/blog\/wp-content\/uploads\/2020\/01\/logo-reclamador.png?fit=1200%2C144&ssl=1","contentUrl":"https:\/\/i0.wp.com\/www.reclamador.es\/blog\/wp-content\/uploads\/2020\/01\/logo-reclamador.png?fit=1200%2C144&ssl=1","width":1200,"height":144,"caption":"reclamador.es"},"image":{"@id":"https:\/\/www.reclamador.es\/blog\/#\/schema\/logo\/image\/"},"sameAs":["https:\/\/www.facebook.com\/reclamador.es","https:\/\/x.com\/reclamador","https:\/\/www.instagram.com\/reclamador.es\/","https:\/\/www.linkedin.com\/company\/reclamador-es","https:\/\/www.youtube.com\/user\/Reclamadores"]},{"@type":"Person","@id":"https:\/\/www.reclamador.es\/blog\/#\/schema\/person\/2a9d121a6362255b8129c6fda9caffd5","name":"Alicia Ria\u00f1o","image":{"@type":"ImageObject","inLanguage":"es","@id":"https:\/\/secure.gravatar.com\/avatar\/2915f7664bf5ed4baf932328fabfe761f32f21ec1b577e7d54a7fee6613de25f?s=96&d=mm&r=g","url":"https:\/\/secure.gravatar.com\/avatar\/2915f7664bf5ed4baf932328fabfe761f32f21ec1b577e7d54a7fee6613de25f?s=96&d=mm&r=g","contentUrl":"https:\/\/secure.gravatar.com\/avatar\/2915f7664bf5ed4baf932328fabfe761f32f21ec1b577e7d54a7fee6613de25f?s=96&d=mm&r=g","caption":"Alicia Ria\u00f1o"},"description":"Periodista experta en comunicaci\u00f3n y marketing digital. Escribo para acercar la informaci\u00f3n legal de forma sencilla y comprensible a las personas.","sameAs":["https:\/\/www.linkedin.com\/in\/alicia-r-932a2959"],"url":"https:\/\/www.reclamador.es\/blog\/author\/alicia-riano\/"}]}},"jetpack_featured_media_url":"https:\/\/i0.wp.com\/www.reclamador.es\/blog\/wp-content\/uploads\/2021\/07\/publicar-en-redes-sociales.jpg?fit=1200%2C630&ssl=1","jetpack-related-posts":[{"id":30959,"url":"https:\/\/www.reclamador.es\/blog\/tips-para-preparar-tus-vacaciones-con-antelacion\/","url_meta":{"origin":22493,"position":0},"title":"Tips para preparar tus vacaciones con antelaci\u00f3n","author":"Equipo reclamador","date":"1 mayo, 2025","format":false,"excerpt":"Si no has encontrado todav\u00eda viaje para este verano, a\u00fan puedes planear las vacaciones que ten\u00edas pensadas, pero que no se te vaya el tiempo para conseguir las mejores combinaciones y por un precio asequible. Para asegurarte un buen viaje, la organizaci\u00f3n aqu\u00ed va a ser clave. Y cuanta m\u00e1s\u2026","rel":"","context":"En \u00abNoticias y actualidad\u00bb","block_context":{"text":"Noticias y actualidad","link":"https:\/\/www.reclamador.es\/blog\/noticias\/"},"img":{"alt_text":"Tips preparar vacaciones con antelaci\u00f3n","src":"https:\/\/i0.wp.com\/www.reclamador.es\/blog\/wp-content\/uploads\/2023\/05\/tips-preparar-vacaciones-con-antelacion.jpg?fit=1200%2C675&ssl=1&resize=350%2C200","width":350,"height":200,"srcset":"https:\/\/i0.wp.com\/www.reclamador.es\/blog\/wp-content\/uploads\/2023\/05\/tips-preparar-vacaciones-con-antelacion.jpg?fit=1200%2C675&ssl=1&resize=350%2C200 1x, https:\/\/i0.wp.com\/www.reclamador.es\/blog\/wp-content\/uploads\/2023\/05\/tips-preparar-vacaciones-con-antelacion.jpg?fit=1200%2C675&ssl=1&resize=525%2C300 1.5x, https:\/\/i0.wp.com\/www.reclamador.es\/blog\/wp-content\/uploads\/2023\/05\/tips-preparar-vacaciones-con-antelacion.jpg?fit=1200%2C675&ssl=1&resize=700%2C400 2x, https:\/\/i0.wp.com\/www.reclamador.es\/blog\/wp-content\/uploads\/2023\/05\/tips-preparar-vacaciones-con-antelacion.jpg?fit=1200%2C675&ssl=1&resize=1050%2C600 3x"},"classes":[]},{"id":23030,"url":"https:\/\/www.reclamador.es\/blog\/dias-de-vacaciones-por-ano-trabajado\/","url_meta":{"origin":22493,"position":1},"title":"\u00bfCu\u00e1ntos d\u00edas de vacaciones corresponden al a\u00f1o?","author":"Equipo reclamador","date":"13 septiembre, 2020","format":false,"excerpt":"\u00a0 *Contenido actualizado mayo 2025 \u00bfCu\u00e1ntas vacaciones me corresponden? Esta es, sin duda, una de las grandes preguntas en el \u00e1mbito laboral y que tambi\u00e9n m\u00e1s reciben los abogados laboralistas. Y es respondida en el Estatuto de los trabajadores. Por eso, en esta ocasi\u00f3n, en reclamador.es vamos a desglosarte cu\u00e1ntos\u2026","rel":"","context":"En \u00abConsejos legales\u00bb","block_context":{"text":"Consejos legales","link":"https:\/\/www.reclamador.es\/blog\/consejos\/"},"img":{"alt_text":"cuantas vacaciones me corresponden por mes trabajado","src":"https:\/\/i0.wp.com\/www.reclamador.es\/blog\/wp-content\/uploads\/2020\/09\/dias-de-vacaciones-por-mes-trabajado-cuantas-vacaciones-me-corresponden.jpg?fit=1198%2C634&ssl=1&resize=350%2C200","width":350,"height":200,"srcset":"https:\/\/i0.wp.com\/www.reclamador.es\/blog\/wp-content\/uploads\/2020\/09\/dias-de-vacaciones-por-mes-trabajado-cuantas-vacaciones-me-corresponden.jpg?fit=1198%2C634&ssl=1&resize=350%2C200 1x, https:\/\/i0.wp.com\/www.reclamador.es\/blog\/wp-content\/uploads\/2020\/09\/dias-de-vacaciones-por-mes-trabajado-cuantas-vacaciones-me-corresponden.jpg?fit=1198%2C634&ssl=1&resize=525%2C300 1.5x, https:\/\/i0.wp.com\/www.reclamador.es\/blog\/wp-content\/uploads\/2020\/09\/dias-de-vacaciones-por-mes-trabajado-cuantas-vacaciones-me-corresponden.jpg?fit=1198%2C634&ssl=1&resize=700%2C400 2x, https:\/\/i0.wp.com\/www.reclamador.es\/blog\/wp-content\/uploads\/2020\/09\/dias-de-vacaciones-por-mes-trabajado-cuantas-vacaciones-me-corresponden.jpg?fit=1198%2C634&ssl=1&resize=1050%2C600 3x"},"classes":[]},{"id":30886,"url":"https:\/\/www.reclamador.es\/blog\/me-cancelan-el-vuelo-y-no-llego-al-trabajo\/","url_meta":{"origin":22493,"position":2},"title":"Te cancelan un vuelo y no puedes ir a trabajar: \u00bfpueden sancionarte?","author":"Equipo reclamador","date":"7 septiembre, 2024","format":false,"excerpt":"Puentes, Semana Santa, verano, Navidad\u2026 Muchos son los periodos del a\u00f1o en los que disfrutamos de descansos por d\u00edas festivos y vacaciones. Las vacaciones son un derecho innegociable de cualquier trabajador, y tienes derecho a reivindicarlas. En alguna ocasi\u00f3n puede ocurrir que, por un atasco o si te cancelan el\u2026","rel":"","context":"En \u00abNoticias y actualidad\u00bb","block_context":{"text":"Noticias y actualidad","link":"https:\/\/www.reclamador.es\/blog\/noticias\/"},"img":{"alt_text":"Me cancelan el vuelo y no llego al trabajo","src":"https:\/\/i0.wp.com\/www.reclamador.es\/blog\/wp-content\/uploads\/2023\/04\/Me-cancelan-el-vuelo-y-no-llego-al-trabajo.jpg?fit=1200%2C675&ssl=1&resize=350%2C200","width":350,"height":200,"srcset":"https:\/\/i0.wp.com\/www.reclamador.es\/blog\/wp-content\/uploads\/2023\/04\/Me-cancelan-el-vuelo-y-no-llego-al-trabajo.jpg?fit=1200%2C675&ssl=1&resize=350%2C200 1x, https:\/\/i0.wp.com\/www.reclamador.es\/blog\/wp-content\/uploads\/2023\/04\/Me-cancelan-el-vuelo-y-no-llego-al-trabajo.jpg?fit=1200%2C675&ssl=1&resize=525%2C300 1.5x, https:\/\/i0.wp.com\/www.reclamador.es\/blog\/wp-content\/uploads\/2023\/04\/Me-cancelan-el-vuelo-y-no-llego-al-trabajo.jpg?fit=1200%2C675&ssl=1&resize=700%2C400 2x, https:\/\/i0.wp.com\/www.reclamador.es\/blog\/wp-content\/uploads\/2023\/04\/Me-cancelan-el-vuelo-y-no-llego-al-trabajo.jpg?fit=1200%2C675&ssl=1&resize=1050%2C600 3x"},"classes":[]},{"id":25547,"url":"https:\/\/www.reclamador.es\/blog\/consejos-para-reservar-vacaciones-verano-covid-19\/","url_meta":{"origin":22493,"position":3},"title":"4 consejos para reservar las vacaciones del \"verano del Covid-19&#8243;","author":"Alicia Ria\u00f1o","date":"11 junio, 2020","format":false,"excerpt":"El verano 2020 ser\u00e1 el verano del Covid-19. Un periodo muy deseado por muchos y que traer\u00e1 consigo importantes medidas de seguridad sanitarias y que deparar\u00e1 un verano inusual para muchos, con cambios en los destinos y sin actividades como podr\u00edan ser los grandes festivales musicales, uno de los sectores\u2026","rel":"","context":"En \u00abConsejos legales\u00bb","block_context":{"text":"Consejos legales","link":"https:\/\/www.reclamador.es\/blog\/consejos\/"},"img":{"alt_text":"consejos reservar vacaciones verano covid 19","src":"https:\/\/i0.wp.com\/www.reclamador.es\/blog\/wp-content\/uploads\/2020\/06\/reservar-vacaciones-verano-covid19_destacada.jpg?fit=1200%2C629&ssl=1&resize=350%2C200","width":350,"height":200,"srcset":"https:\/\/i0.wp.com\/www.reclamador.es\/blog\/wp-content\/uploads\/2020\/06\/reservar-vacaciones-verano-covid19_destacada.jpg?fit=1200%2C629&ssl=1&resize=350%2C200 1x, https:\/\/i0.wp.com\/www.reclamador.es\/blog\/wp-content\/uploads\/2020\/06\/reservar-vacaciones-verano-covid19_destacada.jpg?fit=1200%2C629&ssl=1&resize=525%2C300 1.5x, https:\/\/i0.wp.com\/www.reclamador.es\/blog\/wp-content\/uploads\/2020\/06\/reservar-vacaciones-verano-covid19_destacada.jpg?fit=1200%2C629&ssl=1&resize=700%2C400 2x, https:\/\/i0.wp.com\/www.reclamador.es\/blog\/wp-content\/uploads\/2020\/06\/reservar-vacaciones-verano-covid19_destacada.jpg?fit=1200%2C629&ssl=1&resize=1050%2C600 3x"},"classes":[]},{"id":31177,"url":"https:\/\/www.reclamador.es\/blog\/vacaciones-guardar-ticket-facturas-contratos-reclamar\/","url_meta":{"origin":22493,"position":4},"title":"Estas vacaciones, no te olvides de guardar todos los ticket, facturas y contratos","author":"Alicia Ria\u00f1o","date":"11 julio, 2023","format":false,"excerpt":"\u00a1Las vacaciones est\u00e1n aqu\u00ed y es el momento perfecto para relajarse y disfrutar! Pero antes de que te sumerjas por completo en la diversi\u00f3n, hay una tarea importante que no debes pasar por alto: guardar todos los tickets, facturas y contratos relacionados con tus viajes y actividades. Puede parecer algo\u2026","rel":"","context":"En \u00abConsejos legales\u00bb","block_context":{"text":"Consejos legales","link":"https:\/\/www.reclamador.es\/blog\/consejos\/"},"img":{"alt_text":"reclamaciones de verano vacaciones","src":"https:\/\/i0.wp.com\/www.reclamador.es\/blog\/wp-content\/uploads\/2023\/07\/ticket-facturas-vacaciones-verano-reclamador.jpg?fit=1200%2C688&ssl=1&resize=350%2C200","width":350,"height":200,"srcset":"https:\/\/i0.wp.com\/www.reclamador.es\/blog\/wp-content\/uploads\/2023\/07\/ticket-facturas-vacaciones-verano-reclamador.jpg?fit=1200%2C688&ssl=1&resize=350%2C200 1x, https:\/\/i0.wp.com\/www.reclamador.es\/blog\/wp-content\/uploads\/2023\/07\/ticket-facturas-vacaciones-verano-reclamador.jpg?fit=1200%2C688&ssl=1&resize=525%2C300 1.5x, https:\/\/i0.wp.com\/www.reclamador.es\/blog\/wp-content\/uploads\/2023\/07\/ticket-facturas-vacaciones-verano-reclamador.jpg?fit=1200%2C688&ssl=1&resize=700%2C400 2x, https:\/\/i0.wp.com\/www.reclamador.es\/blog\/wp-content\/uploads\/2023\/07\/ticket-facturas-vacaciones-verano-reclamador.jpg?fit=1200%2C688&ssl=1&resize=1050%2C600 3x"},"classes":[]},{"id":18028,"url":"https:\/\/www.reclamador.es\/blog\/7-derechos-menos-conocidos-trabajadores\/","url_meta":{"origin":22493,"position":5},"title":"Siete derechos poco conocidos por los trabajadores","author":"Alicia Ria\u00f1o","date":"29 abril, 2022","format":false,"excerpt":"Hay derechos que todos los trabajadores conocen, como, por ejemplo, el de huelga o asociaci\u00f3n. En cambio, existen otros derechos reconocidos en la normativa laboral que son m\u00e1s desconocidos, como el derecho a un d\u00eda libre por mudanza o a recibir intereses en caso de impago de salario. Por ello,\u2026","rel":"","context":"En \u00abNoticias y actualidad\u00bb","block_context":{"text":"Noticias y actualidad","link":"https:\/\/www.reclamador.es\/blog\/noticias\/"},"img":{"alt_text":"reclamador derechos trabajadores desconocidos","src":"https:\/\/i0.wp.com\/www.reclamador.es\/blog\/wp-content\/uploads\/2018\/04\/derechos-desconocidos-trabajadores-reclamador.jpg?fit=1200%2C800&ssl=1&resize=350%2C200","width":350,"height":200,"srcset":"https:\/\/i0.wp.com\/www.reclamador.es\/blog\/wp-content\/uploads\/2018\/04\/derechos-desconocidos-trabajadores-reclamador.jpg?fit=1200%2C800&ssl=1&resize=350%2C200 1x, https:\/\/i0.wp.com\/www.reclamador.es\/blog\/wp-content\/uploads\/2018\/04\/derechos-desconocidos-trabajadores-reclamador.jpg?fit=1200%2C800&ssl=1&resize=525%2C300 1.5x, https:\/\/i0.wp.com\/www.reclamador.es\/blog\/wp-content\/uploads\/2018\/04\/derechos-desconocidos-trabajadores-reclamador.jpg?fit=1200%2C800&ssl=1&resize=700%2C400 2x, https:\/\/i0.wp.com\/www.reclamador.es\/blog\/wp-content\/uploads\/2018\/04\/derechos-desconocidos-trabajadores-reclamador.jpg?fit=1200%2C800&ssl=1&resize=1050%2C600 3x"},"classes":[]}],"jetpack_sharing_enabled":true,"_links":{"self":[{"href":"https:\/\/www.reclamador.es\/blog\/wp-json\/wp\/v2\/posts\/22493","targetHints":{"allow":["GET"]}}],"collection":[{"href":"https:\/\/www.reclamador.es\/blog\/wp-json\/wp\/v2\/posts"}],"about":[{"href":"https:\/\/www.reclamador.es\/blog\/wp-json\/wp\/v2\/types\/post"}],"author":[{"embeddable":true,"href":"https:\/\/www.reclamador.es\/blog\/wp-json\/wp\/v2\/users\/28"}],"replies":[{"embeddable":true,"href":"https:\/\/www.reclamador.es\/blog\/wp-json\/wp\/v2\/comments?post=22493"}],"version-history":[{"count":15,"href":"https:\/\/www.reclamador.es\/blog\/wp-json\/wp\/v2\/posts\/22493\/revisions"}],"predecessor-version":[{"id":34168,"href":"https:\/\/www.reclamador.es\/blog\/wp-json\/wp\/v2\/posts\/22493\/revisions\/34168"}],"wp:featuredmedia":[{"embeddable":true,"href":"https:\/\/www.reclamador.es\/blog\/wp-json\/wp\/v2\/media\/33121"}],"wp:attachment":[{"href":"https:\/\/www.reclamador.es\/blog\/wp-json\/wp\/v2\/media?parent=22493"}],"wp:term":[{"taxonomy":"category","embeddable":true,"href":"https:\/\/www.reclamador.es\/blog\/wp-json\/wp\/v2\/categories?post=22493"},{"taxonomy":"post_tag","embeddable":true,"href":"https:\/\/www.reclamador.es\/blog\/wp-json\/wp\/v2\/tags?post=22493"}],"curies":[{"name":"wp","href":"https:\/\/api.w.org\/{rel}","templated":true}]}}