{"id":22374,"date":"2020-03-13T16:10:00","date_gmt":"2020-03-13T15:10:00","guid":{"rendered":"https:\/\/www.reclamador.es\/blog\/?p=22374"},"modified":"2025-04-14T13:36:39","modified_gmt":"2025-04-14T11:36:39","slug":"que-pasa-empleados-cuando-fallece-empleador","status":"publish","type":"post","link":"https:\/\/www.reclamador.es\/blog\/que-pasa-empleados-cuando-fallece-empleador\/","title":{"rendered":"\u00bfQu\u00e9 ocurre con los trabajadores si fallece el titular de la empresa?"},"content":{"rendered":"<div class=\"ttr_start\"><\/div>\n\n<div class=\"kk-star-ratings kksr-auto kksr-align-right kksr-valign-top\"\n    data-payload='{&quot;align&quot;:&quot;right&quot;,&quot;id&quot;:&quot;22374&quot;,&quot;slug&quot;:&quot;default&quot;,&quot;valign&quot;:&quot;top&quot;,&quot;ignore&quot;:&quot;&quot;,&quot;reference&quot;:&quot;auto&quot;,&quot;class&quot;:&quot;&quot;,&quot;count&quot;:&quot;19&quot;,&quot;legendonly&quot;:&quot;&quot;,&quot;readonly&quot;:&quot;&quot;,&quot;score&quot;:&quot;4.2&quot;,&quot;starsonly&quot;:&quot;&quot;,&quot;best&quot;:&quot;5&quot;,&quot;gap&quot;:&quot;3&quot;,&quot;greet&quot;:&quot;Valora este art\u00edculo&quot;,&quot;legend&quot;:&quot;4.2\\\/5 - (19 votos)&quot;,&quot;size&quot;:&quot;20&quot;,&quot;title&quot;:&quot;\u00bfQu\u00e9 ocurre con los trabajadores si fallece el titular de la empresa?&quot;,&quot;width&quot;:&quot;95.1&quot;,&quot;_legend&quot;:&quot;{score}\\\/{best} - ({count} {votes})&quot;,&quot;font_factor&quot;:&quot;1.25&quot;}'>\n            \n<div class=\"kksr-stars\">\n    \n<div class=\"kksr-stars-inactive\">\n            <div class=\"kksr-star\" data-star=\"1\" style=\"padding-right: 3px\">\n            \n\n<div class=\"kksr-icon\" style=\"width: 20px; height: 20px;\"><\/div>\n        <\/div>\n            <div class=\"kksr-star\" data-star=\"2\" style=\"padding-right: 3px\">\n            \n\n<div class=\"kksr-icon\" style=\"width: 20px; height: 20px;\"><\/div>\n        <\/div>\n            <div class=\"kksr-star\" data-star=\"3\" style=\"padding-right: 3px\">\n            \n\n<div class=\"kksr-icon\" style=\"width: 20px; height: 20px;\"><\/div>\n        <\/div>\n            <div class=\"kksr-star\" data-star=\"4\" style=\"padding-right: 3px\">\n            \n\n<div class=\"kksr-icon\" style=\"width: 20px; height: 20px;\"><\/div>\n        <\/div>\n            <div class=\"kksr-star\" data-star=\"5\" style=\"padding-right: 3px\">\n            \n\n<div class=\"kksr-icon\" style=\"width: 20px; height: 20px;\"><\/div>\n        <\/div>\n    <\/div>\n    \n<div class=\"kksr-stars-active\" style=\"width: 95.1px;\">\n            <div class=\"kksr-star\" style=\"padding-right: 3px\">\n            \n\n<div class=\"kksr-icon\" style=\"width: 20px; height: 20px;\"><\/div>\n        <\/div>\n            <div class=\"kksr-star\" style=\"padding-right: 3px\">\n            \n\n<div class=\"kksr-icon\" style=\"width: 20px; height: 20px;\"><\/div>\n        <\/div>\n            <div class=\"kksr-star\" style=\"padding-right: 3px\">\n            \n\n<div class=\"kksr-icon\" style=\"width: 20px; height: 20px;\"><\/div>\n        <\/div>\n            <div class=\"kksr-star\" style=\"padding-right: 3px\">\n            \n\n<div class=\"kksr-icon\" style=\"width: 20px; height: 20px;\"><\/div>\n        <\/div>\n            <div class=\"kksr-star\" style=\"padding-right: 3px\">\n            \n\n<div class=\"kksr-icon\" style=\"width: 20px; height: 20px;\"><\/div>\n        <\/div>\n    <\/div>\n<\/div>\n                \n\n<div class=\"kksr-legend\" style=\"font-size: 16px;\">\n            4.2\/5 - (19 votos)    <\/div>\n    <\/div>\n<figure id=\"attachment_33999\" aria-describedby=\"caption-attachment-33999\" style=\"width: 1200px\" class=\"wp-caption aligncenter\"><img data-recalc-dims=\"1\" loading=\"lazy\" decoding=\"async\" class=\"size-full wp-image-33999\" src=\"https:\/\/i0.wp.com\/www.reclamador.es\/blog\/wp-content\/uploads\/2020\/03\/que-pasa-con-los-trabajadores-cuando-muere-el-jefe-indemnizacion-paro-muerte-del-empresario.jpg?resize=1200%2C630&#038;ssl=1\" alt=\"indemnizacion, paro, despido, qu\u00e9 pasa con los trabajadores cuando fallece el empleador\" width=\"1200\" height=\"630\" srcset=\"https:\/\/i0.wp.com\/www.reclamador.es\/blog\/wp-content\/uploads\/2020\/03\/que-pasa-con-los-trabajadores-cuando-muere-el-jefe-indemnizacion-paro-muerte-del-empresario.jpg?w=1200&amp;ssl=1 1200w, https:\/\/i0.wp.com\/www.reclamador.es\/blog\/wp-content\/uploads\/2020\/03\/que-pasa-con-los-trabajadores-cuando-muere-el-jefe-indemnizacion-paro-muerte-del-empresario.jpg?resize=800%2C420&amp;ssl=1 800w, https:\/\/i0.wp.com\/www.reclamador.es\/blog\/wp-content\/uploads\/2020\/03\/que-pasa-con-los-trabajadores-cuando-muere-el-jefe-indemnizacion-paro-muerte-del-empresario.jpg?resize=150%2C79&amp;ssl=1 150w, https:\/\/i0.wp.com\/www.reclamador.es\/blog\/wp-content\/uploads\/2020\/03\/que-pasa-con-los-trabajadores-cuando-muere-el-jefe-indemnizacion-paro-muerte-del-empresario.jpg?resize=768%2C403&amp;ssl=1 768w\" sizes=\"auto, (max-width: 1000px) 100vw, 1000px\" \/><figcaption id=\"caption-attachment-33999\" class=\"wp-caption-text\"><em>Qu\u00e9 pasa con los empleados cuando fallece el empleador<\/em><\/figcaption><\/figure>\n<p><strong>*Contenido modificado abril 2025<\/strong><\/p>\n<p>Se trata de un momento de gran incertidumbre que genera numerosas dudas entre los trabajadores. \u00bfQu\u00e9 pasar\u00e1 con la empresa tras la muerte del empresario? \u00bfY con los empleados? Pues bien, en caso de encontrarte en esta situaci\u00f3n, debes saber que tras el fallecimiento del\u00a0<span style=\"font-weight: 400;\">empresario -\u201cPersona F\u00edsica\u201d- <strong>surgen dos posibles escenarios. Esos escenarios son:<\/strong><\/span><\/p>\n<ul>\n<li style=\"font-weight: 400;\"><span style=\"font-weight: 400;\">Los herederos contin\u00faan con la actividad empresarial, es decir, la actividad empresarial contin\u00faa.<\/span><\/li>\n<li style=\"font-weight: 400;\"><span style=\"font-weight: 400;\">Que se produzca el cese por fallecimiento del titular de la empresa.<\/span><\/li>\n<\/ul>\n<p>En reclamador.es te explicamos detalladamente\u00a0qu\u00e9 pasa con los empleados cuando fallece el empleador en ambos escenarios:<\/p>\n<h2><b>Los herederos contin\u00faan con la actividad empresarial<\/b><\/h2>\n<p><span style=\"font-weight: 400;\">En este caso, tanto si los herederos deciden continuar ellos mismos con la empresa como si deciden venderla, nos encontramos ante una sucesi\u00f3n de empresas o cambio de titularidad, que como explic\u00e1bamos en el post <a href=\"https:\/\/www.reclamador.es\/blog\/cambio-titularidad-empresa-trabajadores\/\">\u201cCambio de due\u00f1os de una empresa\u201d<\/a>, se encuentra regulado en el <a href=\"https:\/\/www.boe.es\/buscar\/act.php?id=BOE-A-2015-11430\" target=\"_blank\" rel=\"nofollow noopener noreferrer\">Art\u00edculo 44 del Estatuto de los Trabajadores<\/a>.\u00a0<\/span><\/p>\n<p><span style=\"font-weight: 400;\">En el Estatuto de los trabajadores se recoge que esta situaci\u00f3n no extinguir\u00e1 la relaci\u00f3n laboral del trabajador con la empresa, por lo que continuar\u00e1 prestando servicio como lo ven\u00eda haciendo hasta el fallecimiento del empresario.\u00a0<\/span><\/p>\n<h2><b>Cese de la actividad por fallecimiento del titular de la empresa: Extinci\u00f3n contrato por fallecimiento del empleador<\/b><\/h2>\n<p><span style=\"font-weight: 400;\">Esa situaci\u00f3n s\u00ed implica importantes cambios para el trabajador. Los herederos deben comunicar a los empleados que se produce el <strong>cierre de la empresa tras el fallecimiento del empresario.<\/strong> Esta situaci\u00f3n, en definitiva, justifica la <strong>finalizaci\u00f3n del contrato de trabajo.\u00a0<\/strong><\/span><\/p>\n<p><span style=\"font-weight: 400;\">El fallecimiento del empresario individual en este supuesto tiene como consecuencia directa la extinci\u00f3n del contrato del trabajador.\u00a0<\/span><\/p>\n<h3><b>Indemnizaci\u00f3n por fallecimiento del empresario<\/b><\/h3>\n<p><span style=\"font-weight: 400;\">Si existe un cierre definitivo de la empresa tras el fallecimiento del empresario individual, <strong>el trabajador s\u00ed tendr\u00e1 derecho a indemnizaci\u00f3n.<\/strong> Esta indemnizaci\u00f3n ser\u00e1 de un mes de salario, incluyendo la parte proporcional de las pagas extras, salvo que el convenio colectivo mejore esta cantidad.\u00a0<\/span><\/p>\n<h3><b>\u00bfY derecho a paro por cierre de empresa como consecuencia de la muerte del empresario?\u00a0<\/b><\/h3>\n<p><span style=\"font-weight: 400;\">La extinci\u00f3n del contrato por fallecimiento del empresario da derecho a los trabajadores a percibir el paro, siempre y cuando cumplan con el resto de requisitos establecidos para cobrar el paro.\u00a0<\/span><\/p>\n<h6 style=\"text-align: center;\"><strong>Te puede interesar: <a href=\"https:\/\/www.reclamador.es\/blog\/subsidio-de-desempleo\/\">\u00bfEs lo mismo prestaci\u00f3n y subsidio de desempleo?<\/a><\/strong><\/h6>\n<p><span style=\"font-weight: 400;\">Respecto a cu\u00e1ndo se producir\u00eda esa extinci\u00f3n del contrato, se tomar\u00e1 como fecha el d\u00eda de la comunicaci\u00f3n por parte de los herederos a los trabajadores de la decisi\u00f3n del cierre definitivo de la empresa.\u00a0<\/span><\/p>\n<div class=\"ttr_end\"><\/div>","protected":false},"excerpt":{"rendered":"<p>*Contenido modificado abril 2025 Se trata de un momento de gran incertidumbre que genera numerosas dudas entre los trabajadores. \u00bfQu\u00e9 pasar\u00e1 con la empresa tras la muerte del empresario? \u00bfY con los empleados? Pues bien, en caso de encontrarte en esta situaci\u00f3n, debes saber que tras el fallecimiento del\u00a0empresario -\u201cPersona F\u00edsica\u201d- surgen dos posibles escenarios. [&hellip;]<\/p>\n","protected":false},"author":1,"featured_media":33999,"comment_status":"open","ping_status":"open","sticky":false,"template":"","format":"standard","meta":{"_acf_changed":false,"_genesis_hide_title":false,"_genesis_hide_breadcrumbs":false,"_genesis_hide_singular_image":false,"_genesis_hide_footer_widgets":false,"_genesis_custom_body_class":"","_genesis_custom_post_class":"","_genesis_layout":"","_jetpack_newsletter_access":"","_jetpack_dont_email_post_to_subs":false,"_jetpack_newsletter_tier_id":0,"_jetpack_memberships_contains_paywalled_content":false,"_jetpack_memberships_contains_paid_content":false,"footnotes":""},"categories":[393],"tags":[255,762],"class_list":{"0":"post-22374","1":"post","2":"type-post","3":"status-publish","4":"format-standard","5":"has-post-thumbnail","7":"category-consejos","8":"tag-indemnizacion","9":"tag-servicios","10":"entry"},"acf":[],"yoast_head":"<!-- This site is optimized with the Yoast SEO plugin v27.4 - https:\/\/yoast.com\/product\/yoast-seo-wordpress\/ -->\n<title>\u00bfQu\u00e9 pasa con los empleados cuando fallece el empleador?<\/title>\n<meta name=\"description\" content=\"\u00bfQu\u00e9 pasa con los trabajadores cuando fallece el empleador? 2 opciones: que los herederos contin\u00faen con la actividad o que cierre la empresa.\" \/>\n<meta name=\"robots\" content=\"index, follow, max-snippet:-1, max-image-preview:large, max-video-preview:-1\" \/>\n<link rel=\"canonical\" href=\"https:\/\/www.reclamador.es\/blog\/que-pasa-empleados-cuando-fallece-empleador\/\" \/>\n<meta property=\"og:locale\" content=\"es_ES\" \/>\n<meta property=\"og:type\" content=\"article\" \/>\n<meta property=\"og:title\" content=\"\u00bfQu\u00e9 pasa con los empleados cuando fallece el empleador?\" \/>\n<meta property=\"og:description\" content=\"\u00bfQu\u00e9 pasa con los trabajadores cuando fallece el empleador? 2 opciones: que los herederos contin\u00faen con la actividad o que cierre la empresa.\" \/>\n<meta property=\"og:url\" content=\"https:\/\/www.reclamador.es\/blog\/que-pasa-empleados-cuando-fallece-empleador\/\" \/>\n<meta property=\"og:site_name\" content=\"Rebeldes con causa, el blog de reclamador.es\" \/>\n<meta property=\"article:publisher\" content=\"https:\/\/www.facebook.com\/reclamador.es\" \/>\n<meta property=\"article:published_time\" content=\"2020-03-13T15:10:00+00:00\" \/>\n<meta property=\"article:modified_time\" content=\"2025-04-14T11:36:39+00:00\" \/>\n<meta property=\"og:image\" content=\"https:\/\/www.reclamador.es\/blog\/wp-content\/uploads\/2020\/03\/que-pasa-con-los-trabajadores-cuando-muere-el-jefe-indemnizacion-paro-muerte-del-empresario.jpg\" \/>\n\t<meta property=\"og:image:width\" content=\"1200\" \/>\n\t<meta property=\"og:image:height\" content=\"630\" \/>\n\t<meta property=\"og:image:type\" content=\"image\/jpeg\" \/>\n<meta name=\"author\" content=\"Equipo reclamador\" \/>\n<meta name=\"twitter:card\" content=\"summary_large_image\" \/>\n<meta name=\"twitter:creator\" content=\"@reclamador\" \/>\n<meta name=\"twitter:site\" content=\"@reclamador\" \/>\n<meta name=\"twitter:label1\" content=\"Escrito por\" \/>\n\t<meta name=\"twitter:data1\" content=\"Equipo reclamador\" \/>\n\t<meta name=\"twitter:label2\" content=\"Tiempo de lectura\" \/>\n\t<meta name=\"twitter:data2\" content=\"3 minutos\" \/>\n<script type=\"application\/ld+json\" class=\"yoast-schema-graph\">{\"@context\":\"https:\\\/\\\/schema.org\",\"@graph\":[{\"@type\":\"Article\",\"@id\":\"https:\\\/\\\/www.reclamador.es\\\/blog\\\/que-pasa-empleados-cuando-fallece-empleador\\\/#article\",\"isPartOf\":{\"@id\":\"https:\\\/\\\/www.reclamador.es\\\/blog\\\/que-pasa-empleados-cuando-fallece-empleador\\\/\"},\"author\":{\"name\":\"Equipo reclamador\",\"@id\":\"https:\\\/\\\/www.reclamador.es\\\/blog\\\/#\\\/schema\\\/person\\\/1ed83eef8b6566cb5e4c812d9bc5c4bf\"},\"headline\":\"\u00bfQu\u00e9 ocurre con los trabajadores si fallece el titular de la empresa?\",\"datePublished\":\"2020-03-13T15:10:00+00:00\",\"dateModified\":\"2025-04-14T11:36:39+00:00\",\"mainEntityOfPage\":{\"@id\":\"https:\\\/\\\/www.reclamador.es\\\/blog\\\/que-pasa-empleados-cuando-fallece-empleador\\\/\"},\"wordCount\":471,\"commentCount\":80,\"publisher\":{\"@id\":\"https:\\\/\\\/www.reclamador.es\\\/blog\\\/#organization\"},\"image\":{\"@id\":\"https:\\\/\\\/www.reclamador.es\\\/blog\\\/que-pasa-empleados-cuando-fallece-empleador\\\/#primaryimage\"},\"thumbnailUrl\":\"https:\\\/\\\/i0.wp.com\\\/www.reclamador.es\\\/blog\\\/wp-content\\\/uploads\\\/2020\\\/03\\\/que-pasa-con-los-trabajadores-cuando-muere-el-jefe-indemnizacion-paro-muerte-del-empresario.jpg?fit=1200%2C630&ssl=1\",\"keywords\":[\"indemnizaci\u00f3n\",\"servicios\"],\"articleSection\":[\"Consejos legales\"],\"inLanguage\":\"es\",\"potentialAction\":[{\"@type\":\"CommentAction\",\"name\":\"Comment\",\"target\":[\"https:\\\/\\\/www.reclamador.es\\\/blog\\\/que-pasa-empleados-cuando-fallece-empleador\\\/#respond\"]}]},{\"@type\":\"WebPage\",\"@id\":\"https:\\\/\\\/www.reclamador.es\\\/blog\\\/que-pasa-empleados-cuando-fallece-empleador\\\/\",\"url\":\"https:\\\/\\\/www.reclamador.es\\\/blog\\\/que-pasa-empleados-cuando-fallece-empleador\\\/\",\"name\":\"\u00bfQu\u00e9 pasa con los empleados cuando fallece el empleador?\",\"isPartOf\":{\"@id\":\"https:\\\/\\\/www.reclamador.es\\\/blog\\\/#website\"},\"primaryImageOfPage\":{\"@id\":\"https:\\\/\\\/www.reclamador.es\\\/blog\\\/que-pasa-empleados-cuando-fallece-empleador\\\/#primaryimage\"},\"image\":{\"@id\":\"https:\\\/\\\/www.reclamador.es\\\/blog\\\/que-pasa-empleados-cuando-fallece-empleador\\\/#primaryimage\"},\"thumbnailUrl\":\"https:\\\/\\\/i0.wp.com\\\/www.reclamador.es\\\/blog\\\/wp-content\\\/uploads\\\/2020\\\/03\\\/que-pasa-con-los-trabajadores-cuando-muere-el-jefe-indemnizacion-paro-muerte-del-empresario.jpg?fit=1200%2C630&ssl=1\",\"datePublished\":\"2020-03-13T15:10:00+00:00\",\"dateModified\":\"2025-04-14T11:36:39+00:00\",\"description\":\"\u00bfQu\u00e9 pasa con los trabajadores cuando fallece el empleador? 2 opciones: que los herederos contin\u00faen con la actividad o que cierre la empresa.\",\"breadcrumb\":{\"@id\":\"https:\\\/\\\/www.reclamador.es\\\/blog\\\/que-pasa-empleados-cuando-fallece-empleador\\\/#breadcrumb\"},\"inLanguage\":\"es\",\"potentialAction\":[{\"@type\":\"ReadAction\",\"target\":[\"https:\\\/\\\/www.reclamador.es\\\/blog\\\/que-pasa-empleados-cuando-fallece-empleador\\\/\"]}]},{\"@type\":\"ImageObject\",\"inLanguage\":\"es\",\"@id\":\"https:\\\/\\\/www.reclamador.es\\\/blog\\\/que-pasa-empleados-cuando-fallece-empleador\\\/#primaryimage\",\"url\":\"https:\\\/\\\/i0.wp.com\\\/www.reclamador.es\\\/blog\\\/wp-content\\\/uploads\\\/2020\\\/03\\\/que-pasa-con-los-trabajadores-cuando-muere-el-jefe-indemnizacion-paro-muerte-del-empresario.jpg?fit=1200%2C630&ssl=1\",\"contentUrl\":\"https:\\\/\\\/i0.wp.com\\\/www.reclamador.es\\\/blog\\\/wp-content\\\/uploads\\\/2020\\\/03\\\/que-pasa-con-los-trabajadores-cuando-muere-el-jefe-indemnizacion-paro-muerte-del-empresario.jpg?fit=1200%2C630&ssl=1\",\"width\":1200,\"height\":630,\"caption\":\"Qu\u00e9 pasa con los trabajadores cuando fallece el empresario\"},{\"@type\":\"BreadcrumbList\",\"@id\":\"https:\\\/\\\/www.reclamador.es\\\/blog\\\/que-pasa-empleados-cuando-fallece-empleador\\\/#breadcrumb\",\"itemListElement\":[{\"@type\":\"ListItem\",\"position\":1,\"name\":\"Portada\",\"item\":\"https:\\\/\\\/www.reclamador.es\\\/blog\\\/\"},{\"@type\":\"ListItem\",\"position\":2,\"name\":\"\u00bfQu\u00e9 ocurre con los trabajadores si fallece el titular de la empresa?\"}]},{\"@type\":\"WebSite\",\"@id\":\"https:\\\/\\\/www.reclamador.es\\\/blog\\\/#website\",\"url\":\"https:\\\/\\\/www.reclamador.es\\\/blog\\\/\",\"name\":\"Rebeldes con causa, el blog de reclamador.es\",\"description\":\"Noticias, entrevistas y consejos sobre reclamaciones\",\"publisher\":{\"@id\":\"https:\\\/\\\/www.reclamador.es\\\/blog\\\/#organization\"},\"potentialAction\":[{\"@type\":\"SearchAction\",\"target\":{\"@type\":\"EntryPoint\",\"urlTemplate\":\"https:\\\/\\\/www.reclamador.es\\\/blog\\\/?s={search_term_string}\"},\"query-input\":{\"@type\":\"PropertyValueSpecification\",\"valueRequired\":true,\"valueName\":\"search_term_string\"}}],\"inLanguage\":\"es\"},{\"@type\":\"Organization\",\"@id\":\"https:\\\/\\\/www.reclamador.es\\\/blog\\\/#organization\",\"name\":\"reclamador.es\",\"url\":\"https:\\\/\\\/www.reclamador.es\\\/blog\\\/\",\"logo\":{\"@type\":\"ImageObject\",\"inLanguage\":\"es\",\"@id\":\"https:\\\/\\\/www.reclamador.es\\\/blog\\\/#\\\/schema\\\/logo\\\/image\\\/\",\"url\":\"https:\\\/\\\/i0.wp.com\\\/www.reclamador.es\\\/blog\\\/wp-content\\\/uploads\\\/2020\\\/01\\\/logo-reclamador.png?fit=1200%2C144&ssl=1\",\"contentUrl\":\"https:\\\/\\\/i0.wp.com\\\/www.reclamador.es\\\/blog\\\/wp-content\\\/uploads\\\/2020\\\/01\\\/logo-reclamador.png?fit=1200%2C144&ssl=1\",\"width\":1200,\"height\":144,\"caption\":\"reclamador.es\"},\"image\":{\"@id\":\"https:\\\/\\\/www.reclamador.es\\\/blog\\\/#\\\/schema\\\/logo\\\/image\\\/\"},\"sameAs\":[\"https:\\\/\\\/www.facebook.com\\\/reclamador.es\",\"https:\\\/\\\/x.com\\\/reclamador\",\"https:\\\/\\\/www.instagram.com\\\/reclamador.es\\\/\",\"https:\\\/\\\/www.linkedin.com\\\/company\\\/reclamador-es\",\"https:\\\/\\\/www.youtube.com\\\/user\\\/Reclamadores\"]},{\"@type\":\"Person\",\"@id\":\"https:\\\/\\\/www.reclamador.es\\\/blog\\\/#\\\/schema\\\/person\\\/1ed83eef8b6566cb5e4c812d9bc5c4bf\",\"name\":\"Equipo reclamador\",\"image\":{\"@type\":\"ImageObject\",\"inLanguage\":\"es\",\"@id\":\"https:\\\/\\\/secure.gravatar.com\\\/avatar\\\/6442ecdc2c4472c600c113f34d340feca47107d6aa4f42f1e3e75a2a8e28a760?s=96&d=mm&r=g\",\"url\":\"https:\\\/\\\/secure.gravatar.com\\\/avatar\\\/6442ecdc2c4472c600c113f34d340feca47107d6aa4f42f1e3e75a2a8e28a760?s=96&d=mm&r=g\",\"contentUrl\":\"https:\\\/\\\/secure.gravatar.com\\\/avatar\\\/6442ecdc2c4472c600c113f34d340feca47107d6aa4f42f1e3e75a2a8e28a760?s=96&d=mm&r=g\",\"caption\":\"Equipo reclamador\"},\"description\":\"Las personas que hacen posible reclamador.es\",\"url\":\"https:\\\/\\\/www.reclamador.es\\\/blog\\\/author\\\/administrador\\\/\"}]}<\/script>\n<!-- \/ Yoast SEO plugin. -->","yoast_head_json":{"title":"\u00bfQu\u00e9 pasa con los empleados cuando fallece el empleador?","description":"\u00bfQu\u00e9 pasa con los trabajadores cuando fallece el empleador? 2 opciones: que los herederos contin\u00faen con la actividad o que cierre la empresa.","robots":{"index":"index","follow":"follow","max-snippet":"max-snippet:-1","max-image-preview":"max-image-preview:large","max-video-preview":"max-video-preview:-1"},"canonical":"https:\/\/www.reclamador.es\/blog\/que-pasa-empleados-cuando-fallece-empleador\/","og_locale":"es_ES","og_type":"article","og_title":"\u00bfQu\u00e9 pasa con los empleados cuando fallece el empleador?","og_description":"\u00bfQu\u00e9 pasa con los trabajadores cuando fallece el empleador? 2 opciones: que los herederos contin\u00faen con la actividad o que cierre la empresa.","og_url":"https:\/\/www.reclamador.es\/blog\/que-pasa-empleados-cuando-fallece-empleador\/","og_site_name":"Rebeldes con causa, el blog de reclamador.es","article_publisher":"https:\/\/www.facebook.com\/reclamador.es","article_published_time":"2020-03-13T15:10:00+00:00","article_modified_time":"2025-04-14T11:36:39+00:00","og_image":[{"width":1200,"height":630,"url":"https:\/\/www.reclamador.es\/blog\/wp-content\/uploads\/2020\/03\/que-pasa-con-los-trabajadores-cuando-muere-el-jefe-indemnizacion-paro-muerte-del-empresario.jpg","type":"image\/jpeg"}],"author":"Equipo reclamador","twitter_card":"summary_large_image","twitter_creator":"@reclamador","twitter_site":"@reclamador","twitter_misc":{"Escrito por":"Equipo reclamador","Tiempo de lectura":"3 minutos"},"schema":{"@context":"https:\/\/schema.org","@graph":[{"@type":"Article","@id":"https:\/\/www.reclamador.es\/blog\/que-pasa-empleados-cuando-fallece-empleador\/#article","isPartOf":{"@id":"https:\/\/www.reclamador.es\/blog\/que-pasa-empleados-cuando-fallece-empleador\/"},"author":{"name":"Equipo reclamador","@id":"https:\/\/www.reclamador.es\/blog\/#\/schema\/person\/1ed83eef8b6566cb5e4c812d9bc5c4bf"},"headline":"\u00bfQu\u00e9 ocurre con los trabajadores si fallece el titular de la empresa?","datePublished":"2020-03-13T15:10:00+00:00","dateModified":"2025-04-14T11:36:39+00:00","mainEntityOfPage":{"@id":"https:\/\/www.reclamador.es\/blog\/que-pasa-empleados-cuando-fallece-empleador\/"},"wordCount":471,"commentCount":80,"publisher":{"@id":"https:\/\/www.reclamador.es\/blog\/#organization"},"image":{"@id":"https:\/\/www.reclamador.es\/blog\/que-pasa-empleados-cuando-fallece-empleador\/#primaryimage"},"thumbnailUrl":"https:\/\/i0.wp.com\/www.reclamador.es\/blog\/wp-content\/uploads\/2020\/03\/que-pasa-con-los-trabajadores-cuando-muere-el-jefe-indemnizacion-paro-muerte-del-empresario.jpg?fit=1200%2C630&ssl=1","keywords":["indemnizaci\u00f3n","servicios"],"articleSection":["Consejos legales"],"inLanguage":"es","potentialAction":[{"@type":"CommentAction","name":"Comment","target":["https:\/\/www.reclamador.es\/blog\/que-pasa-empleados-cuando-fallece-empleador\/#respond"]}]},{"@type":"WebPage","@id":"https:\/\/www.reclamador.es\/blog\/que-pasa-empleados-cuando-fallece-empleador\/","url":"https:\/\/www.reclamador.es\/blog\/que-pasa-empleados-cuando-fallece-empleador\/","name":"\u00bfQu\u00e9 pasa con los empleados cuando fallece el empleador?","isPartOf":{"@id":"https:\/\/www.reclamador.es\/blog\/#website"},"primaryImageOfPage":{"@id":"https:\/\/www.reclamador.es\/blog\/que-pasa-empleados-cuando-fallece-empleador\/#primaryimage"},"image":{"@id":"https:\/\/www.reclamador.es\/blog\/que-pasa-empleados-cuando-fallece-empleador\/#primaryimage"},"thumbnailUrl":"https:\/\/i0.wp.com\/www.reclamador.es\/blog\/wp-content\/uploads\/2020\/03\/que-pasa-con-los-trabajadores-cuando-muere-el-jefe-indemnizacion-paro-muerte-del-empresario.jpg?fit=1200%2C630&ssl=1","datePublished":"2020-03-13T15:10:00+00:00","dateModified":"2025-04-14T11:36:39+00:00","description":"\u00bfQu\u00e9 pasa con los trabajadores cuando fallece el empleador? 2 opciones: que los herederos contin\u00faen con la actividad o que cierre la empresa.","breadcrumb":{"@id":"https:\/\/www.reclamador.es\/blog\/que-pasa-empleados-cuando-fallece-empleador\/#breadcrumb"},"inLanguage":"es","potentialAction":[{"@type":"ReadAction","target":["https:\/\/www.reclamador.es\/blog\/que-pasa-empleados-cuando-fallece-empleador\/"]}]},{"@type":"ImageObject","inLanguage":"es","@id":"https:\/\/www.reclamador.es\/blog\/que-pasa-empleados-cuando-fallece-empleador\/#primaryimage","url":"https:\/\/i0.wp.com\/www.reclamador.es\/blog\/wp-content\/uploads\/2020\/03\/que-pasa-con-los-trabajadores-cuando-muere-el-jefe-indemnizacion-paro-muerte-del-empresario.jpg?fit=1200%2C630&ssl=1","contentUrl":"https:\/\/i0.wp.com\/www.reclamador.es\/blog\/wp-content\/uploads\/2020\/03\/que-pasa-con-los-trabajadores-cuando-muere-el-jefe-indemnizacion-paro-muerte-del-empresario.jpg?fit=1200%2C630&ssl=1","width":1200,"height":630,"caption":"Qu\u00e9 pasa con los trabajadores cuando fallece el empresario"},{"@type":"BreadcrumbList","@id":"https:\/\/www.reclamador.es\/blog\/que-pasa-empleados-cuando-fallece-empleador\/#breadcrumb","itemListElement":[{"@type":"ListItem","position":1,"name":"Portada","item":"https:\/\/www.reclamador.es\/blog\/"},{"@type":"ListItem","position":2,"name":"\u00bfQu\u00e9 ocurre con los trabajadores si fallece el titular de la empresa?"}]},{"@type":"WebSite","@id":"https:\/\/www.reclamador.es\/blog\/#website","url":"https:\/\/www.reclamador.es\/blog\/","name":"Rebeldes con causa, el blog de reclamador.es","description":"Noticias, entrevistas y consejos sobre reclamaciones","publisher":{"@id":"https:\/\/www.reclamador.es\/blog\/#organization"},"potentialAction":[{"@type":"SearchAction","target":{"@type":"EntryPoint","urlTemplate":"https:\/\/www.reclamador.es\/blog\/?s={search_term_string}"},"query-input":{"@type":"PropertyValueSpecification","valueRequired":true,"valueName":"search_term_string"}}],"inLanguage":"es"},{"@type":"Organization","@id":"https:\/\/www.reclamador.es\/blog\/#organization","name":"reclamador.es","url":"https:\/\/www.reclamador.es\/blog\/","logo":{"@type":"ImageObject","inLanguage":"es","@id":"https:\/\/www.reclamador.es\/blog\/#\/schema\/logo\/image\/","url":"https:\/\/i0.wp.com\/www.reclamador.es\/blog\/wp-content\/uploads\/2020\/01\/logo-reclamador.png?fit=1200%2C144&ssl=1","contentUrl":"https:\/\/i0.wp.com\/www.reclamador.es\/blog\/wp-content\/uploads\/2020\/01\/logo-reclamador.png?fit=1200%2C144&ssl=1","width":1200,"height":144,"caption":"reclamador.es"},"image":{"@id":"https:\/\/www.reclamador.es\/blog\/#\/schema\/logo\/image\/"},"sameAs":["https:\/\/www.facebook.com\/reclamador.es","https:\/\/x.com\/reclamador","https:\/\/www.instagram.com\/reclamador.es\/","https:\/\/www.linkedin.com\/company\/reclamador-es","https:\/\/www.youtube.com\/user\/Reclamadores"]},{"@type":"Person","@id":"https:\/\/www.reclamador.es\/blog\/#\/schema\/person\/1ed83eef8b6566cb5e4c812d9bc5c4bf","name":"Equipo reclamador","image":{"@type":"ImageObject","inLanguage":"es","@id":"https:\/\/secure.gravatar.com\/avatar\/6442ecdc2c4472c600c113f34d340feca47107d6aa4f42f1e3e75a2a8e28a760?s=96&d=mm&r=g","url":"https:\/\/secure.gravatar.com\/avatar\/6442ecdc2c4472c600c113f34d340feca47107d6aa4f42f1e3e75a2a8e28a760?s=96&d=mm&r=g","contentUrl":"https:\/\/secure.gravatar.com\/avatar\/6442ecdc2c4472c600c113f34d340feca47107d6aa4f42f1e3e75a2a8e28a760?s=96&d=mm&r=g","caption":"Equipo reclamador"},"description":"Las personas que hacen posible reclamador.es","url":"https:\/\/www.reclamador.es\/blog\/author\/administrador\/"}]}},"jetpack_featured_media_url":"https:\/\/i0.wp.com\/www.reclamador.es\/blog\/wp-content\/uploads\/2020\/03\/que-pasa-con-los-trabajadores-cuando-muere-el-jefe-indemnizacion-paro-muerte-del-empresario.jpg?fit=1200%2C630&ssl=1","jetpack-related-posts":[{"id":21249,"url":"https:\/\/www.reclamador.es\/blog\/cambio-titularidad-empresa-trabajadores\/","url_meta":{"origin":22374,"position":0},"title":"Cambio de due\u00f1os en una empresa: \u00bfqu\u00e9 ocurre con los trabajadores?","author":"Equipo reclamador","date":"5 marzo, 2019","format":false,"excerpt":"Sucesi\u00f3n empresarial. Este es el t\u00e9rmino t\u00e9cnico que recibe el cambio de due\u00f1os de una compa\u00f1\u00eda. Tambi\u00e9n es conocido como subrogaci\u00f3n empresarial. Se trata de una situaci\u00f3n muy habitual en nuestro pa\u00eds, pero que no por ello deja de generar inseguridad entre los trabajadores de aquellas empresas que cambian de\u2026","rel":"","context":"En \u00abConsejos legales\u00bb","block_context":{"text":"Consejos legales","link":"https:\/\/www.reclamador.es\/blog\/consejos\/"},"img":{"alt_text":"abogado laboralista reclamador cambio de titularidad de empresa","src":"https:\/\/i0.wp.com\/www.reclamador.es\/blog\/wp-content\/uploads\/2019\/03\/trabajadores-cambio-duenos-empresa.jpg?fit=1200%2C799&ssl=1&resize=350%2C200","width":350,"height":200,"srcset":"https:\/\/i0.wp.com\/www.reclamador.es\/blog\/wp-content\/uploads\/2019\/03\/trabajadores-cambio-duenos-empresa.jpg?fit=1200%2C799&ssl=1&resize=350%2C200 1x, https:\/\/i0.wp.com\/www.reclamador.es\/blog\/wp-content\/uploads\/2019\/03\/trabajadores-cambio-duenos-empresa.jpg?fit=1200%2C799&ssl=1&resize=525%2C300 1.5x, https:\/\/i0.wp.com\/www.reclamador.es\/blog\/wp-content\/uploads\/2019\/03\/trabajadores-cambio-duenos-empresa.jpg?fit=1200%2C799&ssl=1&resize=700%2C400 2x, https:\/\/i0.wp.com\/www.reclamador.es\/blog\/wp-content\/uploads\/2019\/03\/trabajadores-cambio-duenos-empresa.jpg?fit=1200%2C799&ssl=1&resize=1050%2C600 3x"},"classes":[]},{"id":3980,"url":"https:\/\/www.reclamador.es\/blog\/indemnizacion-por-despido-tras-cerrar-empresa\/","url_meta":{"origin":22374,"position":1},"title":"\u00bfQui\u00e9n paga la indemnizaci\u00f3n por despido tras cerrar una empresa?","author":"Equipo reclamador","date":"3 marzo, 2024","format":false,"excerpt":"*Contenido ampliado abril 2025 La indemnizaci\u00f3n por despido en general y los derechos del trabajador tras el despido en el cierre de una empresa generan mucha confusi\u00f3n. La compleja casu\u00edstica alrededor de este asunto y la mara\u00f1a legal que lo rodea no facilitan las cosas. Intentemos aportar luz en este\u2026","rel":"","context":"En \u00abConsejos legales\u00bb","block_context":{"text":"Consejos legales","link":"https:\/\/www.reclamador.es\/blog\/consejos\/"},"img":{"alt_text":"derechos trabajadores despido por cierre de empresa","src":"https:\/\/i0.wp.com\/www.reclamador.es\/blog\/wp-content\/uploads\/2017\/04\/indemnizacion-despido-por-cierre-de-empresa.jpg?fit=1200%2C660&ssl=1&resize=350%2C200","width":350,"height":200,"srcset":"https:\/\/i0.wp.com\/www.reclamador.es\/blog\/wp-content\/uploads\/2017\/04\/indemnizacion-despido-por-cierre-de-empresa.jpg?fit=1200%2C660&ssl=1&resize=350%2C200 1x, https:\/\/i0.wp.com\/www.reclamador.es\/blog\/wp-content\/uploads\/2017\/04\/indemnizacion-despido-por-cierre-de-empresa.jpg?fit=1200%2C660&ssl=1&resize=525%2C300 1.5x, https:\/\/i0.wp.com\/www.reclamador.es\/blog\/wp-content\/uploads\/2017\/04\/indemnizacion-despido-por-cierre-de-empresa.jpg?fit=1200%2C660&ssl=1&resize=700%2C400 2x, https:\/\/i0.wp.com\/www.reclamador.es\/blog\/wp-content\/uploads\/2017\/04\/indemnizacion-despido-por-cierre-de-empresa.jpg?fit=1200%2C660&ssl=1&resize=1050%2C600 3x"},"classes":[]},{"id":9403,"url":"https:\/\/www.reclamador.es\/blog\/ser-consumidor-o-no-para-reclamar-clausula-suelo\/","url_meta":{"origin":22374,"position":2},"title":"Ser o no ser consumidor, esa es la cuesti\u00f3n (para reclamar a un banco)","author":"Equipo reclamador","date":"21 agosto, 2017","format":false,"excerpt":"Probablemente hayas escuchado que es m\u00e1s f\u00e1cil recuperar el dinero que te cobraron de m\u00e1s los bancos si eres un consumidor. Algunos se han encontrado con advertencias a la hora de iniciar una reclamaci\u00f3n. Esto ha pasado porque les han advertido de que no ser\u00e1n considerados consumidores. Y, por lo\u2026","rel":"","context":"En \u00abConsejos legales\u00bb","block_context":{"text":"Consejos legales","link":"https:\/\/www.reclamador.es\/blog\/consejos\/"},"img":{"alt_text":"","src":"https:\/\/i0.wp.com\/www.reclamador.es\/blog\/wp-content\/uploads\/2017\/08\/Lidia-en-bbva.jpg?fit=1200%2C750&ssl=1&resize=350%2C200","width":350,"height":200,"srcset":"https:\/\/i0.wp.com\/www.reclamador.es\/blog\/wp-content\/uploads\/2017\/08\/Lidia-en-bbva.jpg?fit=1200%2C750&ssl=1&resize=350%2C200 1x, https:\/\/i0.wp.com\/www.reclamador.es\/blog\/wp-content\/uploads\/2017\/08\/Lidia-en-bbva.jpg?fit=1200%2C750&ssl=1&resize=525%2C300 1.5x, https:\/\/i0.wp.com\/www.reclamador.es\/blog\/wp-content\/uploads\/2017\/08\/Lidia-en-bbva.jpg?fit=1200%2C750&ssl=1&resize=700%2C400 2x, https:\/\/i0.wp.com\/www.reclamador.es\/blog\/wp-content\/uploads\/2017\/08\/Lidia-en-bbva.jpg?fit=1200%2C750&ssl=1&resize=1050%2C600 3x"},"classes":[]},{"id":18456,"url":"https:\/\/www.reclamador.es\/blog\/consecuencias-legales-amor-en-el-trabajo\/","url_meta":{"origin":22374,"position":3},"title":"Amor en la oficina: \u00bfdespido por relaci\u00f3n sentimental?","author":"Equipo reclamador","date":"7 junio, 2018","format":false,"excerpt":"Dicen que el roce hace el cari\u00f1o. Y cuando se pasan 8 horas al d\u00eda compartiendo oficina, m\u00e1s. Que surja el amor entre compa\u00f1eros de trabajo es algo habitual. Tan habitual como que, actualmente, un 31% de los empleados de nuestro pa\u00eds afirma haber mantenido relaciones sentimentales con alguien de\u2026","rel":"","context":"En \u00abConsejos legales\u00bb","block_context":{"text":"Consejos legales","link":"https:\/\/www.reclamador.es\/blog\/consejos\/"},"img":{"alt_text":"","src":"https:\/\/i0.wp.com\/www.reclamador.es\/blog\/wp-content\/uploads\/2018\/06\/relaciones-sentimentales-trabajo-reclamador.png?fit=1200%2C800&ssl=1&resize=350%2C200","width":350,"height":200,"srcset":"https:\/\/i0.wp.com\/www.reclamador.es\/blog\/wp-content\/uploads\/2018\/06\/relaciones-sentimentales-trabajo-reclamador.png?fit=1200%2C800&ssl=1&resize=350%2C200 1x, https:\/\/i0.wp.com\/www.reclamador.es\/blog\/wp-content\/uploads\/2018\/06\/relaciones-sentimentales-trabajo-reclamador.png?fit=1200%2C800&ssl=1&resize=525%2C300 1.5x, https:\/\/i0.wp.com\/www.reclamador.es\/blog\/wp-content\/uploads\/2018\/06\/relaciones-sentimentales-trabajo-reclamador.png?fit=1200%2C800&ssl=1&resize=700%2C400 2x, https:\/\/i0.wp.com\/www.reclamador.es\/blog\/wp-content\/uploads\/2018\/06\/relaciones-sentimentales-trabajo-reclamador.png?fit=1200%2C800&ssl=1&resize=1050%2C600 3x"},"classes":[]},{"id":17822,"url":"https:\/\/www.reclamador.es\/blog\/baja-voluntaria-trabajador\/","url_meta":{"origin":22374,"position":4},"title":"Baja voluntaria: derechos y deberes de los trabajadores","author":"Alicia Ria\u00f1o","date":"15 mayo, 2020","format":false,"excerpt":"Son diversos los motivos que pueden llevar a un trabajador a solicitar en su empresa la baja voluntaria. Pero esa solicitud trae consigo numerosas dudas para los trabajadores, por ejemplo, \u00bfC\u00f3mo se debe comunicar a la empresa que se desea causar baja de la empresa? \u00bfes posible retractarse de una\u2026","rel":"","context":"En \u00abConsejos legales\u00bb","block_context":{"text":"Consejos legales","link":"https:\/\/www.reclamador.es\/blog\/consejos\/"},"img":{"alt_text":"gu\u00eda para pedir baja voluntaria","src":"https:\/\/i0.wp.com\/www.reclamador.es\/blog\/wp-content\/uploads\/2018\/04\/baja-voluntaria-abogados-reclamador-1.jpg?fit=1049%2C694&ssl=1&resize=350%2C200","width":350,"height":200,"srcset":"https:\/\/i0.wp.com\/www.reclamador.es\/blog\/wp-content\/uploads\/2018\/04\/baja-voluntaria-abogados-reclamador-1.jpg?fit=1049%2C694&ssl=1&resize=350%2C200 1x, https:\/\/i0.wp.com\/www.reclamador.es\/blog\/wp-content\/uploads\/2018\/04\/baja-voluntaria-abogados-reclamador-1.jpg?fit=1049%2C694&ssl=1&resize=525%2C300 1.5x, https:\/\/i0.wp.com\/www.reclamador.es\/blog\/wp-content\/uploads\/2018\/04\/baja-voluntaria-abogados-reclamador-1.jpg?fit=1049%2C694&ssl=1&resize=700%2C400 2x"},"classes":[]},{"id":22658,"url":"https:\/\/www.reclamador.es\/blog\/que-son-los-salarios-de-tramitacion\/","url_meta":{"origin":22374,"position":5},"title":"\u00bfQu\u00e9 son los salarios de tramitaci\u00f3n?","author":"Equipo reclamador","date":"16 noviembre, 2021","format":false,"excerpt":"Cuando un juez declara un despido como improcedente, el empresario tiene dos opciones. La primera de ellas es abonar la indemnizaci\u00f3n por despido improcedente fijada por ley. Con esto, ese trabajador deja de formar parte de la plantilla de la compa\u00f1\u00eda. O bien, tiene la alternativa de readmitir al trabajador\u2026","rel":"","context":"En \u00abConsejos legales\u00bb","block_context":{"text":"Consejos legales","link":"https:\/\/www.reclamador.es\/blog\/consejos\/"},"img":{"alt_text":"abogados laborales - salarios de tramitacion","src":"https:\/\/i0.wp.com\/www.reclamador.es\/blog\/wp-content\/uploads\/2019\/08\/salarios-de-tramitacion-abogados-laborales.jpg?fit=1200%2C686&ssl=1&resize=350%2C200","width":350,"height":200,"srcset":"https:\/\/i0.wp.com\/www.reclamador.es\/blog\/wp-content\/uploads\/2019\/08\/salarios-de-tramitacion-abogados-laborales.jpg?fit=1200%2C686&ssl=1&resize=350%2C200 1x, https:\/\/i0.wp.com\/www.reclamador.es\/blog\/wp-content\/uploads\/2019\/08\/salarios-de-tramitacion-abogados-laborales.jpg?fit=1200%2C686&ssl=1&resize=525%2C300 1.5x, https:\/\/i0.wp.com\/www.reclamador.es\/blog\/wp-content\/uploads\/2019\/08\/salarios-de-tramitacion-abogados-laborales.jpg?fit=1200%2C686&ssl=1&resize=700%2C400 2x, https:\/\/i0.wp.com\/www.reclamador.es\/blog\/wp-content\/uploads\/2019\/08\/salarios-de-tramitacion-abogados-laborales.jpg?fit=1200%2C686&ssl=1&resize=1050%2C600 3x"},"classes":[]}],"jetpack_sharing_enabled":true,"_links":{"self":[{"href":"https:\/\/www.reclamador.es\/blog\/wp-json\/wp\/v2\/posts\/22374","targetHints":{"allow":["GET"]}}],"collection":[{"href":"https:\/\/www.reclamador.es\/blog\/wp-json\/wp\/v2\/posts"}],"about":[{"href":"https:\/\/www.reclamador.es\/blog\/wp-json\/wp\/v2\/types\/post"}],"author":[{"embeddable":true,"href":"https:\/\/www.reclamador.es\/blog\/wp-json\/wp\/v2\/users\/1"}],"replies":[{"embeddable":true,"href":"https:\/\/www.reclamador.es\/blog\/wp-json\/wp\/v2\/comments?post=22374"}],"version-history":[{"count":24,"href":"https:\/\/www.reclamador.es\/blog\/wp-json\/wp\/v2\/posts\/22374\/revisions"}],"predecessor-version":[{"id":34002,"href":"https:\/\/www.reclamador.es\/blog\/wp-json\/wp\/v2\/posts\/22374\/revisions\/34002"}],"wp:featuredmedia":[{"embeddable":true,"href":"https:\/\/www.reclamador.es\/blog\/wp-json\/wp\/v2\/media\/33999"}],"wp:attachment":[{"href":"https:\/\/www.reclamador.es\/blog\/wp-json\/wp\/v2\/media?parent=22374"}],"wp:term":[{"taxonomy":"category","embeddable":true,"href":"https:\/\/www.reclamador.es\/blog\/wp-json\/wp\/v2\/categories?post=22374"},{"taxonomy":"post_tag","embeddable":true,"href":"https:\/\/www.reclamador.es\/blog\/wp-json\/wp\/v2\/tags?post=22374"}],"curies":[{"name":"wp","href":"https:\/\/api.w.org\/{rel}","templated":true}]}}