{"id":22363,"date":"2019-06-21T13:53:59","date_gmt":"2019-06-21T11:53:59","guid":{"rendered":"https:\/\/www.reclamador.es\/blog\/?p=22363"},"modified":"2022-12-16T10:49:08","modified_gmt":"2022-12-16T09:49:08","slug":"dia-mundial-de-llevar-el-perro-al-trabajo","status":"publish","type":"post","link":"https:\/\/www.reclamador.es\/blog\/dia-mundial-de-llevar-el-perro-al-trabajo\/","title":{"rendered":"D\u00eda Mundial de llevar el perro al trabajo en reclamador.es"},"content":{"rendered":"<div class=\"ttr_start\"><\/div>\n\n<div class=\"kk-star-ratings kksr-auto kksr-align-right kksr-valign-top\"\n    data-payload='{&quot;align&quot;:&quot;right&quot;,&quot;id&quot;:&quot;22363&quot;,&quot;slug&quot;:&quot;default&quot;,&quot;valign&quot;:&quot;top&quot;,&quot;ignore&quot;:&quot;&quot;,&quot;reference&quot;:&quot;auto&quot;,&quot;class&quot;:&quot;&quot;,&quot;count&quot;:&quot;3&quot;,&quot;legendonly&quot;:&quot;&quot;,&quot;readonly&quot;:&quot;&quot;,&quot;score&quot;:&quot;5&quot;,&quot;starsonly&quot;:&quot;&quot;,&quot;best&quot;:&quot;5&quot;,&quot;gap&quot;:&quot;3&quot;,&quot;greet&quot;:&quot;Valora este art\u00edculo&quot;,&quot;legend&quot;:&quot;5\\\/5 - (3 votos)&quot;,&quot;size&quot;:&quot;20&quot;,&quot;title&quot;:&quot;D\u00eda Mundial de llevar el perro al trabajo en reclamador.es&quot;,&quot;width&quot;:&quot;113.5&quot;,&quot;_legend&quot;:&quot;{score}\\\/{best} - ({count} {votes})&quot;,&quot;font_factor&quot;:&quot;1.25&quot;}'>\n            \n<div class=\"kksr-stars\">\n    \n<div class=\"kksr-stars-inactive\">\n            <div class=\"kksr-star\" data-star=\"1\" style=\"padding-right: 3px\">\n            \n\n<div class=\"kksr-icon\" style=\"width: 20px; height: 20px;\"><\/div>\n        <\/div>\n            <div class=\"kksr-star\" data-star=\"2\" style=\"padding-right: 3px\">\n            \n\n<div class=\"kksr-icon\" style=\"width: 20px; height: 20px;\"><\/div>\n        <\/div>\n            <div class=\"kksr-star\" data-star=\"3\" style=\"padding-right: 3px\">\n            \n\n<div class=\"kksr-icon\" style=\"width: 20px; height: 20px;\"><\/div>\n        <\/div>\n            <div class=\"kksr-star\" data-star=\"4\" style=\"padding-right: 3px\">\n            \n\n<div class=\"kksr-icon\" style=\"width: 20px; height: 20px;\"><\/div>\n        <\/div>\n            <div class=\"kksr-star\" data-star=\"5\" style=\"padding-right: 3px\">\n            \n\n<div class=\"kksr-icon\" style=\"width: 20px; height: 20px;\"><\/div>\n        <\/div>\n    <\/div>\n    \n<div class=\"kksr-stars-active\" style=\"width: 113.5px;\">\n            <div class=\"kksr-star\" style=\"padding-right: 3px\">\n            \n\n<div class=\"kksr-icon\" style=\"width: 20px; height: 20px;\"><\/div>\n        <\/div>\n            <div class=\"kksr-star\" style=\"padding-right: 3px\">\n            \n\n<div class=\"kksr-icon\" style=\"width: 20px; height: 20px;\"><\/div>\n        <\/div>\n            <div class=\"kksr-star\" style=\"padding-right: 3px\">\n            \n\n<div class=\"kksr-icon\" style=\"width: 20px; height: 20px;\"><\/div>\n        <\/div>\n            <div class=\"kksr-star\" style=\"padding-right: 3px\">\n            \n\n<div class=\"kksr-icon\" style=\"width: 20px; height: 20px;\"><\/div>\n        <\/div>\n            <div class=\"kksr-star\" style=\"padding-right: 3px\">\n            \n\n<div class=\"kksr-icon\" style=\"width: 20px; height: 20px;\"><\/div>\n        <\/div>\n    <\/div>\n<\/div>\n                \n\n<div class=\"kksr-legend\" style=\"font-size: 16px;\">\n            5\/5 - (3 votos)    <\/div>\n    <\/div>\n<p><img data-recalc-dims=\"1\" loading=\"lazy\" decoding=\"async\" class=\"aligncenter size-full wp-image-22367\" src=\"https:\/\/i0.wp.com\/www.reclamador.es\/blog\/wp-content\/uploads\/2019\/06\/reclamador-Dia-Mundia-del-perro-en-la-oficina-blog-1.jpg?resize=1200%2C800&#038;ssl=1\" alt=\"\" width=\"1200\" height=\"800\" srcset=\"https:\/\/i0.wp.com\/www.reclamador.es\/blog\/wp-content\/uploads\/2019\/06\/reclamador-Dia-Mundia-del-perro-en-la-oficina-blog-1.jpg?w=1200&amp;ssl=1 1200w, https:\/\/i0.wp.com\/www.reclamador.es\/blog\/wp-content\/uploads\/2019\/06\/reclamador-Dia-Mundia-del-perro-en-la-oficina-blog-1.jpg?resize=150%2C100&amp;ssl=1 150w, https:\/\/i0.wp.com\/www.reclamador.es\/blog\/wp-content\/uploads\/2019\/06\/reclamador-Dia-Mundia-del-perro-en-la-oficina-blog-1.jpg?resize=300%2C200&amp;ssl=1 300w, https:\/\/i0.wp.com\/www.reclamador.es\/blog\/wp-content\/uploads\/2019\/06\/reclamador-Dia-Mundia-del-perro-en-la-oficina-blog-1.jpg?resize=768%2C512&amp;ssl=1 768w, https:\/\/i0.wp.com\/www.reclamador.es\/blog\/wp-content\/uploads\/2019\/06\/reclamador-Dia-Mundia-del-perro-en-la-oficina-blog-1.jpg?resize=1024%2C683&amp;ssl=1 1024w\" sizes=\"auto, (max-width: 1000px) 100vw, 1000px\" \/><\/p>\n<p><span style=\"font-weight: 400;\">Hoy, 21 de junio, se celebra el <strong>D\u00eda Mundial de llevar el perro al trabajo<\/strong> y, por primera vez, en reclamador.es hemos invitado a los trabajadores a venir a la oficina acompa\u00f1ados por sus mascotas. Comienza as\u00ed una jornada en la que se tiene como objetivo fomentar la sociabilidad y la conciliaci\u00f3n, adem\u00e1s de disfrutar de la compa\u00f1\u00eda de distintos perros. Es lo que se conoce como \u2018<\/span><i><span style=\"font-weight: 400;\">Take your dog to work day\u2019<\/span><\/i><span style=\"font-weight: 400;\">. <\/span><\/p>\n<p><span style=\"font-weight: 400;\">Esta iniciativa, <\/span><span style=\"font-weight: 400;\">que naci\u00f3 en Reino Unido hace dos d\u00e9cadas, se ha ido poco a poco implantando en Espa\u00f1a; pues son numerosos los beneficios de pasar un d\u00eda en el trabajo con la mascota.<\/span><\/p>\n<p><span style=\"font-weight: 400;\">Algunos a\u00f1os despu\u00e9s de surgir esta iniciativa en el pa\u00eds ingl\u00e9s, la idea lleg\u00f3 a Estados Unidos, lugar en el que se estableci\u00f3 que el D\u00eda Mundial de llevar el perro al trabajo ser\u00eda el 24 de junio o, en su defecto, el viernes m\u00e1s pr\u00f3ximo a esta fecha. <\/span><\/p>\n<p><span style=\"font-weight: 400;\">Sin duda, las mascotas est\u00e1n cada vez m\u00e1s presentes en \u00e1mbitos o circunstancias que, hasta hace poco, eran inimaginables. As\u00ed, por ejemplo, a d\u00eda de hoy, algunos centros sanitarios permiten la visita de los perros a los pacientes durante su hospitalizaci\u00f3n o los utilizan de manera terap\u00e9utica. Tambi\u00e9n las residencias de la tercera edad se est\u00e1n abriendo a aceptar visitantes de cuatro patas, pues son conscientes de la mejora del estado de \u00e1nimo de nuestros mayores cuando reciben el cari\u00f1o de estos animales. <\/span><\/p>\n<h2><b>Nico \u00a0y Kobu, entre los perros que hoy son uno m\u00e1s en reclamador.es<\/b><\/h2>\n<p><span style=\"font-weight: 400;\">Nico, un Golden de 13 a\u00f1os y Kobu, Pastor Leon\u00e9s de 5 a\u00f1os, son dos de los animales que hoy pasan el d\u00eda en reclamador.es acompa\u00f1ando a los empleados en sus tareas cotidianas. Cari\u00f1osos y muy tranquilos pasan el rato junto a los empleados de la compa\u00f1\u00eda online.<\/span><\/p>\n<figure id=\"attachment_22367\" aria-describedby=\"caption-attachment-22367\" style=\"width: 1200px\" class=\"wp-caption aligncenter\"><img data-recalc-dims=\"1\" loading=\"lazy\" decoding=\"async\" class=\"wp-image-22367 size-full\" src=\"https:\/\/i0.wp.com\/www.reclamador.es\/blog\/wp-content\/uploads\/2019\/06\/reclamador-Dia-Mundia-del-perro-en-la-oficina-blog-1.jpg?resize=1200%2C800&#038;ssl=1\" alt=\"reclamador perros oficina\" width=\"1200\" height=\"800\" srcset=\"https:\/\/i0.wp.com\/www.reclamador.es\/blog\/wp-content\/uploads\/2019\/06\/reclamador-Dia-Mundia-del-perro-en-la-oficina-blog-1.jpg?w=1200&amp;ssl=1 1200w, https:\/\/i0.wp.com\/www.reclamador.es\/blog\/wp-content\/uploads\/2019\/06\/reclamador-Dia-Mundia-del-perro-en-la-oficina-blog-1.jpg?resize=150%2C100&amp;ssl=1 150w, https:\/\/i0.wp.com\/www.reclamador.es\/blog\/wp-content\/uploads\/2019\/06\/reclamador-Dia-Mundia-del-perro-en-la-oficina-blog-1.jpg?resize=300%2C200&amp;ssl=1 300w, https:\/\/i0.wp.com\/www.reclamador.es\/blog\/wp-content\/uploads\/2019\/06\/reclamador-Dia-Mundia-del-perro-en-la-oficina-blog-1.jpg?resize=768%2C512&amp;ssl=1 768w, https:\/\/i0.wp.com\/www.reclamador.es\/blog\/wp-content\/uploads\/2019\/06\/reclamador-Dia-Mundia-del-perro-en-la-oficina-blog-1.jpg?resize=1024%2C683&amp;ssl=1 1024w\" sizes=\"auto, (max-width: 1000px) 100vw, 1000px\" \/><figcaption id=\"caption-attachment-22367\" class=\"wp-caption-text\"><em>De izquierda a derecha: Princess, Kobu y Gora, junta a las trabajadoras de reclamador.es<\/em><\/figcaption><\/figure>\n<p><span style=\"font-weight: 400;\">Tambi\u00e9n se encuentran en las oficinas de reclamador.es en Madrid (Legazpi-Matadero) Princess, Gora y Bety.<\/span><\/p>\n<p><span style=\"font-weight: 400;\">Princess es una perrita mestiza de 6 a\u00f1os muy sociable; Gora, una setter ingl\u00e9s de 9 a\u00f1os que hace las delicias del resto de compa\u00f1eros que no pueden evitar pararse a acariciarla cuando pasan a su lado; \u00a0Bety, una Pinscher de 7 a\u00f1os, es la m\u00e1s peque\u00f1a, por tama\u00f1o, y juguetona de los animales que acuden a las oficinas de reclamador.es en esta jornada.<\/span><\/p>\n<h2><b>Beneficios de trabajar junto a tu perro<\/b><\/h2>\n<p><span style=\"font-weight: 400;\">Entre los principales beneficios de pasar una jornada laboral con el perro se encuentran, principalmente: <\/span><\/p>\n<ul>\n<li style=\"font-weight: 400;\"><span style=\"font-weight: 400;\">Reduce el estr\u00e9s y la ansiedad en el puesto de trabajo<\/span><span style=\"font-weight: 400;\">.<\/span><\/li>\n<li style=\"font-weight: 400;\"><span style=\"font-weight: 400;\">Aumenta la satisfacci\u00f3n laboral<\/span><span style=\"font-weight: 400;\">.<\/span><\/li>\n<li style=\"font-weight: 400;\"><span style=\"font-weight: 400;\">Permite una mayor socializaci\u00f3n entre trabajadores<\/span><span style=\"font-weight: 400;\">.<\/span><\/li>\n<\/ul>\n<p><span style=\"font-weight: 400;\">Todo ello sin olvidar los beneficios para el propio animal. Entre otros, estar junto a su ser querido y no pasar tantas horas solo o sin la compa\u00f1\u00eda de su due\u00f1o. En definitiva, ambas partes ganan.<\/span><\/p>\n<p><span style=\"font-weight: 400;\">As\u00ed te lo cont\u00e1bamos en directo en Antena 3 Noticias:<\/span><\/p>\n<p><iframe loading=\"lazy\" src=\"https:\/\/www.youtube.com\/embed\/mbOSW4OS8yU\" width=\"560\" height=\"315\" frameborder=\"0\" allowfullscreen=\"allowfullscreen\"><\/iframe><\/p>\n<h2 style=\"text-align: center;\"><b>\u00a1Feliz D\u00eda Mundial del Perro en el Trabajo!<\/b><\/h2>\n<div class=\"ttr_end\"><\/div>","protected":false},"excerpt":{"rendered":"<p>Hoy, 21 de junio, se celebra el D\u00eda Mundial de llevar el perro al trabajo y, por primera vez, en reclamador.es hemos invitado a los trabajadores a venir a la oficina acompa\u00f1ados por sus mascotas. Comienza as\u00ed una jornada en la que se tiene como objetivo fomentar la sociabilidad y la conciliaci\u00f3n, adem\u00e1s de disfrutar [&hellip;]<\/p>\n","protected":false},"author":1,"featured_media":22367,"comment_status":"open","ping_status":"open","sticky":false,"template":"","format":"standard","meta":{"_acf_changed":false,"_genesis_hide_title":false,"_genesis_hide_breadcrumbs":false,"_genesis_hide_singular_image":false,"_genesis_hide_footer_widgets":false,"_genesis_custom_body_class":"","_genesis_custom_post_class":"","_genesis_layout":"","_jetpack_newsletter_access":"","_jetpack_dont_email_post_to_subs":false,"_jetpack_newsletter_tier_id":0,"_jetpack_memberships_contains_paywalled_content":false,"_jetpack_memberships_contains_paid_content":false,"footnotes":""},"categories":[396],"tags":[648],"class_list":{"0":"post-22363","1":"post","2":"type-post","3":"status-publish","4":"format-standard","5":"has-post-thumbnail","7":"category-reclamadores","8":"tag-branding","9":"entry"},"acf":[],"yoast_head":"<!-- This site is optimized with the Yoast SEO plugin v27.4 - https:\/\/yoast.com\/product\/yoast-seo-wordpress\/ -->\n<title>D\u00eda Mundial de llevar el perro al trabajo: as\u00ed lo vivimos en reclamador.es<\/title>\n<meta name=\"description\" content=\"21\/05\/2019, D\u00eda Mundial de llevar el perro al trabajo y en reclamador.es lo celebramos con Princess, Nico, Kobu, Gora y Bety que vienen a visitarnos.\" \/>\n<meta name=\"robots\" content=\"index, follow, max-snippet:-1, max-image-preview:large, max-video-preview:-1\" \/>\n<link rel=\"canonical\" href=\"https:\/\/www.reclamador.es\/blog\/dia-mundial-de-llevar-el-perro-al-trabajo\/\" \/>\n<meta property=\"og:locale\" content=\"es_ES\" \/>\n<meta property=\"og:type\" content=\"article\" \/>\n<meta property=\"og:title\" content=\"D\u00eda Mundial de llevar el perro al trabajo: as\u00ed lo vivimos en reclamador.es\" \/>\n<meta property=\"og:description\" content=\"21\/05\/2019, D\u00eda Mundial de llevar el perro al trabajo y en reclamador.es lo celebramos con Princess, Nico, Kobu, Gora y Bety que vienen a visitarnos.\" \/>\n<meta property=\"og:url\" content=\"https:\/\/www.reclamador.es\/blog\/dia-mundial-de-llevar-el-perro-al-trabajo\/\" \/>\n<meta property=\"og:site_name\" content=\"Rebeldes con causa, el blog de reclamador.es\" \/>\n<meta property=\"article:publisher\" content=\"https:\/\/www.facebook.com\/reclamador.es\" \/>\n<meta property=\"article:published_time\" content=\"2019-06-21T11:53:59+00:00\" \/>\n<meta property=\"article:modified_time\" content=\"2022-12-16T09:49:08+00:00\" \/>\n<meta property=\"og:image\" content=\"https:\/\/i0.wp.com\/www.reclamador.es\/blog\/wp-content\/uploads\/2019\/06\/reclamador-Dia-Mundia-del-perro-en-la-oficina-blog-1.jpg?fit=1200%2C800&ssl=1\" \/>\n\t<meta property=\"og:image:width\" content=\"1200\" \/>\n\t<meta property=\"og:image:height\" content=\"800\" \/>\n\t<meta property=\"og:image:type\" content=\"image\/jpeg\" \/>\n<meta name=\"author\" content=\"Equipo reclamador\" \/>\n<meta name=\"twitter:card\" content=\"summary_large_image\" \/>\n<meta name=\"twitter:creator\" content=\"@reclamador\" \/>\n<meta name=\"twitter:site\" content=\"@reclamador\" \/>\n<meta name=\"twitter:label1\" content=\"Escrito por\" \/>\n\t<meta name=\"twitter:data1\" content=\"Equipo reclamador\" \/>\n\t<meta name=\"twitter:label2\" content=\"Tiempo de lectura\" \/>\n\t<meta name=\"twitter:data2\" content=\"3 minutos\" \/>\n<script type=\"application\/ld+json\" class=\"yoast-schema-graph\">{\"@context\":\"https:\\\/\\\/schema.org\",\"@graph\":[{\"@type\":\"Article\",\"@id\":\"https:\\\/\\\/www.reclamador.es\\\/blog\\\/dia-mundial-de-llevar-el-perro-al-trabajo\\\/#article\",\"isPartOf\":{\"@id\":\"https:\\\/\\\/www.reclamador.es\\\/blog\\\/dia-mundial-de-llevar-el-perro-al-trabajo\\\/\"},\"author\":{\"name\":\"Equipo reclamador\",\"@id\":\"https:\\\/\\\/www.reclamador.es\\\/blog\\\/#\\\/schema\\\/person\\\/1ed83eef8b6566cb5e4c812d9bc5c4bf\"},\"headline\":\"D\u00eda Mundial de llevar el perro al trabajo en reclamador.es\",\"datePublished\":\"2019-06-21T11:53:59+00:00\",\"dateModified\":\"2022-12-16T09:49:08+00:00\",\"mainEntityOfPage\":{\"@id\":\"https:\\\/\\\/www.reclamador.es\\\/blog\\\/dia-mundial-de-llevar-el-perro-al-trabajo\\\/\"},\"wordCount\":555,\"commentCount\":1,\"publisher\":{\"@id\":\"https:\\\/\\\/www.reclamador.es\\\/blog\\\/#organization\"},\"image\":{\"@id\":\"https:\\\/\\\/www.reclamador.es\\\/blog\\\/dia-mundial-de-llevar-el-perro-al-trabajo\\\/#primaryimage\"},\"thumbnailUrl\":\"https:\\\/\\\/i0.wp.com\\\/www.reclamador.es\\\/blog\\\/wp-content\\\/uploads\\\/2019\\\/06\\\/reclamador-Dia-Mundia-del-perro-en-la-oficina-blog-1.jpg?fit=1200%2C800&ssl=1\",\"keywords\":[\"branding\"],\"articleSection\":[\"Conoce todo lo que sucede en reclamador.es\"],\"inLanguage\":\"es\",\"potentialAction\":[{\"@type\":\"CommentAction\",\"name\":\"Comment\",\"target\":[\"https:\\\/\\\/www.reclamador.es\\\/blog\\\/dia-mundial-de-llevar-el-perro-al-trabajo\\\/#respond\"]}]},{\"@type\":\"WebPage\",\"@id\":\"https:\\\/\\\/www.reclamador.es\\\/blog\\\/dia-mundial-de-llevar-el-perro-al-trabajo\\\/\",\"url\":\"https:\\\/\\\/www.reclamador.es\\\/blog\\\/dia-mundial-de-llevar-el-perro-al-trabajo\\\/\",\"name\":\"D\u00eda Mundial de llevar el perro al trabajo: as\u00ed lo vivimos en reclamador.es\",\"isPartOf\":{\"@id\":\"https:\\\/\\\/www.reclamador.es\\\/blog\\\/#website\"},\"primaryImageOfPage\":{\"@id\":\"https:\\\/\\\/www.reclamador.es\\\/blog\\\/dia-mundial-de-llevar-el-perro-al-trabajo\\\/#primaryimage\"},\"image\":{\"@id\":\"https:\\\/\\\/www.reclamador.es\\\/blog\\\/dia-mundial-de-llevar-el-perro-al-trabajo\\\/#primaryimage\"},\"thumbnailUrl\":\"https:\\\/\\\/i0.wp.com\\\/www.reclamador.es\\\/blog\\\/wp-content\\\/uploads\\\/2019\\\/06\\\/reclamador-Dia-Mundia-del-perro-en-la-oficina-blog-1.jpg?fit=1200%2C800&ssl=1\",\"datePublished\":\"2019-06-21T11:53:59+00:00\",\"dateModified\":\"2022-12-16T09:49:08+00:00\",\"description\":\"21\\\/05\\\/2019, D\u00eda Mundial de llevar el perro al trabajo y en reclamador.es lo celebramos con Princess, Nico, Kobu, Gora y Bety que vienen a visitarnos.\",\"breadcrumb\":{\"@id\":\"https:\\\/\\\/www.reclamador.es\\\/blog\\\/dia-mundial-de-llevar-el-perro-al-trabajo\\\/#breadcrumb\"},\"inLanguage\":\"es\",\"potentialAction\":[{\"@type\":\"ReadAction\",\"target\":[\"https:\\\/\\\/www.reclamador.es\\\/blog\\\/dia-mundial-de-llevar-el-perro-al-trabajo\\\/\"]}]},{\"@type\":\"ImageObject\",\"inLanguage\":\"es\",\"@id\":\"https:\\\/\\\/www.reclamador.es\\\/blog\\\/dia-mundial-de-llevar-el-perro-al-trabajo\\\/#primaryimage\",\"url\":\"https:\\\/\\\/i0.wp.com\\\/www.reclamador.es\\\/blog\\\/wp-content\\\/uploads\\\/2019\\\/06\\\/reclamador-Dia-Mundia-del-perro-en-la-oficina-blog-1.jpg?fit=1200%2C800&ssl=1\",\"contentUrl\":\"https:\\\/\\\/i0.wp.com\\\/www.reclamador.es\\\/blog\\\/wp-content\\\/uploads\\\/2019\\\/06\\\/reclamador-Dia-Mundia-del-perro-en-la-oficina-blog-1.jpg?fit=1200%2C800&ssl=1\",\"width\":1200,\"height\":800},{\"@type\":\"BreadcrumbList\",\"@id\":\"https:\\\/\\\/www.reclamador.es\\\/blog\\\/dia-mundial-de-llevar-el-perro-al-trabajo\\\/#breadcrumb\",\"itemListElement\":[{\"@type\":\"ListItem\",\"position\":1,\"name\":\"Portada\",\"item\":\"https:\\\/\\\/www.reclamador.es\\\/blog\\\/\"},{\"@type\":\"ListItem\",\"position\":2,\"name\":\"D\u00eda Mundial de llevar el perro al trabajo en reclamador.es\"}]},{\"@type\":\"WebSite\",\"@id\":\"https:\\\/\\\/www.reclamador.es\\\/blog\\\/#website\",\"url\":\"https:\\\/\\\/www.reclamador.es\\\/blog\\\/\",\"name\":\"Rebeldes con causa, el blog de reclamador.es\",\"description\":\"Noticias, entrevistas y consejos sobre reclamaciones\",\"publisher\":{\"@id\":\"https:\\\/\\\/www.reclamador.es\\\/blog\\\/#organization\"},\"potentialAction\":[{\"@type\":\"SearchAction\",\"target\":{\"@type\":\"EntryPoint\",\"urlTemplate\":\"https:\\\/\\\/www.reclamador.es\\\/blog\\\/?s={search_term_string}\"},\"query-input\":{\"@type\":\"PropertyValueSpecification\",\"valueRequired\":true,\"valueName\":\"search_term_string\"}}],\"inLanguage\":\"es\"},{\"@type\":\"Organization\",\"@id\":\"https:\\\/\\\/www.reclamador.es\\\/blog\\\/#organization\",\"name\":\"reclamador.es\",\"url\":\"https:\\\/\\\/www.reclamador.es\\\/blog\\\/\",\"logo\":{\"@type\":\"ImageObject\",\"inLanguage\":\"es\",\"@id\":\"https:\\\/\\\/www.reclamador.es\\\/blog\\\/#\\\/schema\\\/logo\\\/image\\\/\",\"url\":\"https:\\\/\\\/i0.wp.com\\\/www.reclamador.es\\\/blog\\\/wp-content\\\/uploads\\\/2020\\\/01\\\/logo-reclamador.png?fit=1200%2C144&ssl=1\",\"contentUrl\":\"https:\\\/\\\/i0.wp.com\\\/www.reclamador.es\\\/blog\\\/wp-content\\\/uploads\\\/2020\\\/01\\\/logo-reclamador.png?fit=1200%2C144&ssl=1\",\"width\":1200,\"height\":144,\"caption\":\"reclamador.es\"},\"image\":{\"@id\":\"https:\\\/\\\/www.reclamador.es\\\/blog\\\/#\\\/schema\\\/logo\\\/image\\\/\"},\"sameAs\":[\"https:\\\/\\\/www.facebook.com\\\/reclamador.es\",\"https:\\\/\\\/x.com\\\/reclamador\",\"https:\\\/\\\/www.instagram.com\\\/reclamador.es\\\/\",\"https:\\\/\\\/www.linkedin.com\\\/company\\\/reclamador-es\",\"https:\\\/\\\/www.youtube.com\\\/user\\\/Reclamadores\"]},{\"@type\":\"Person\",\"@id\":\"https:\\\/\\\/www.reclamador.es\\\/blog\\\/#\\\/schema\\\/person\\\/1ed83eef8b6566cb5e4c812d9bc5c4bf\",\"name\":\"Equipo reclamador\",\"image\":{\"@type\":\"ImageObject\",\"inLanguage\":\"es\",\"@id\":\"https:\\\/\\\/secure.gravatar.com\\\/avatar\\\/6442ecdc2c4472c600c113f34d340feca47107d6aa4f42f1e3e75a2a8e28a760?s=96&d=mm&r=g\",\"url\":\"https:\\\/\\\/secure.gravatar.com\\\/avatar\\\/6442ecdc2c4472c600c113f34d340feca47107d6aa4f42f1e3e75a2a8e28a760?s=96&d=mm&r=g\",\"contentUrl\":\"https:\\\/\\\/secure.gravatar.com\\\/avatar\\\/6442ecdc2c4472c600c113f34d340feca47107d6aa4f42f1e3e75a2a8e28a760?s=96&d=mm&r=g\",\"caption\":\"Equipo reclamador\"},\"description\":\"Las personas que hacen posible reclamador.es\",\"url\":\"https:\\\/\\\/www.reclamador.es\\\/blog\\\/author\\\/administrador\\\/\"}]}<\/script>\n<!-- \/ Yoast SEO plugin. -->","yoast_head_json":{"title":"D\u00eda Mundial de llevar el perro al trabajo: as\u00ed lo vivimos en reclamador.es","description":"21\/05\/2019, D\u00eda Mundial de llevar el perro al trabajo y en reclamador.es lo celebramos con Princess, Nico, Kobu, Gora y Bety que vienen a visitarnos.","robots":{"index":"index","follow":"follow","max-snippet":"max-snippet:-1","max-image-preview":"max-image-preview:large","max-video-preview":"max-video-preview:-1"},"canonical":"https:\/\/www.reclamador.es\/blog\/dia-mundial-de-llevar-el-perro-al-trabajo\/","og_locale":"es_ES","og_type":"article","og_title":"D\u00eda Mundial de llevar el perro al trabajo: as\u00ed lo vivimos en reclamador.es","og_description":"21\/05\/2019, D\u00eda Mundial de llevar el perro al trabajo y en reclamador.es lo celebramos con Princess, Nico, Kobu, Gora y Bety que vienen a visitarnos.","og_url":"https:\/\/www.reclamador.es\/blog\/dia-mundial-de-llevar-el-perro-al-trabajo\/","og_site_name":"Rebeldes con causa, el blog de reclamador.es","article_publisher":"https:\/\/www.facebook.com\/reclamador.es","article_published_time":"2019-06-21T11:53:59+00:00","article_modified_time":"2022-12-16T09:49:08+00:00","og_image":[{"width":1200,"height":800,"url":"https:\/\/i0.wp.com\/www.reclamador.es\/blog\/wp-content\/uploads\/2019\/06\/reclamador-Dia-Mundia-del-perro-en-la-oficina-blog-1.jpg?fit=1200%2C800&ssl=1","type":"image\/jpeg"}],"author":"Equipo reclamador","twitter_card":"summary_large_image","twitter_creator":"@reclamador","twitter_site":"@reclamador","twitter_misc":{"Escrito por":"Equipo reclamador","Tiempo de lectura":"3 minutos"},"schema":{"@context":"https:\/\/schema.org","@graph":[{"@type":"Article","@id":"https:\/\/www.reclamador.es\/blog\/dia-mundial-de-llevar-el-perro-al-trabajo\/#article","isPartOf":{"@id":"https:\/\/www.reclamador.es\/blog\/dia-mundial-de-llevar-el-perro-al-trabajo\/"},"author":{"name":"Equipo reclamador","@id":"https:\/\/www.reclamador.es\/blog\/#\/schema\/person\/1ed83eef8b6566cb5e4c812d9bc5c4bf"},"headline":"D\u00eda Mundial de llevar el perro al trabajo en reclamador.es","datePublished":"2019-06-21T11:53:59+00:00","dateModified":"2022-12-16T09:49:08+00:00","mainEntityOfPage":{"@id":"https:\/\/www.reclamador.es\/blog\/dia-mundial-de-llevar-el-perro-al-trabajo\/"},"wordCount":555,"commentCount":1,"publisher":{"@id":"https:\/\/www.reclamador.es\/blog\/#organization"},"image":{"@id":"https:\/\/www.reclamador.es\/blog\/dia-mundial-de-llevar-el-perro-al-trabajo\/#primaryimage"},"thumbnailUrl":"https:\/\/i0.wp.com\/www.reclamador.es\/blog\/wp-content\/uploads\/2019\/06\/reclamador-Dia-Mundia-del-perro-en-la-oficina-blog-1.jpg?fit=1200%2C800&ssl=1","keywords":["branding"],"articleSection":["Conoce todo lo que sucede en reclamador.es"],"inLanguage":"es","potentialAction":[{"@type":"CommentAction","name":"Comment","target":["https:\/\/www.reclamador.es\/blog\/dia-mundial-de-llevar-el-perro-al-trabajo\/#respond"]}]},{"@type":"WebPage","@id":"https:\/\/www.reclamador.es\/blog\/dia-mundial-de-llevar-el-perro-al-trabajo\/","url":"https:\/\/www.reclamador.es\/blog\/dia-mundial-de-llevar-el-perro-al-trabajo\/","name":"D\u00eda Mundial de llevar el perro al trabajo: as\u00ed lo vivimos en reclamador.es","isPartOf":{"@id":"https:\/\/www.reclamador.es\/blog\/#website"},"primaryImageOfPage":{"@id":"https:\/\/www.reclamador.es\/blog\/dia-mundial-de-llevar-el-perro-al-trabajo\/#primaryimage"},"image":{"@id":"https:\/\/www.reclamador.es\/blog\/dia-mundial-de-llevar-el-perro-al-trabajo\/#primaryimage"},"thumbnailUrl":"https:\/\/i0.wp.com\/www.reclamador.es\/blog\/wp-content\/uploads\/2019\/06\/reclamador-Dia-Mundia-del-perro-en-la-oficina-blog-1.jpg?fit=1200%2C800&ssl=1","datePublished":"2019-06-21T11:53:59+00:00","dateModified":"2022-12-16T09:49:08+00:00","description":"21\/05\/2019, D\u00eda Mundial de llevar el perro al trabajo y en reclamador.es lo celebramos con Princess, Nico, Kobu, Gora y Bety que vienen a visitarnos.","breadcrumb":{"@id":"https:\/\/www.reclamador.es\/blog\/dia-mundial-de-llevar-el-perro-al-trabajo\/#breadcrumb"},"inLanguage":"es","potentialAction":[{"@type":"ReadAction","target":["https:\/\/www.reclamador.es\/blog\/dia-mundial-de-llevar-el-perro-al-trabajo\/"]}]},{"@type":"ImageObject","inLanguage":"es","@id":"https:\/\/www.reclamador.es\/blog\/dia-mundial-de-llevar-el-perro-al-trabajo\/#primaryimage","url":"https:\/\/i0.wp.com\/www.reclamador.es\/blog\/wp-content\/uploads\/2019\/06\/reclamador-Dia-Mundia-del-perro-en-la-oficina-blog-1.jpg?fit=1200%2C800&ssl=1","contentUrl":"https:\/\/i0.wp.com\/www.reclamador.es\/blog\/wp-content\/uploads\/2019\/06\/reclamador-Dia-Mundia-del-perro-en-la-oficina-blog-1.jpg?fit=1200%2C800&ssl=1","width":1200,"height":800},{"@type":"BreadcrumbList","@id":"https:\/\/www.reclamador.es\/blog\/dia-mundial-de-llevar-el-perro-al-trabajo\/#breadcrumb","itemListElement":[{"@type":"ListItem","position":1,"name":"Portada","item":"https:\/\/www.reclamador.es\/blog\/"},{"@type":"ListItem","position":2,"name":"D\u00eda Mundial de llevar el perro al trabajo en reclamador.es"}]},{"@type":"WebSite","@id":"https:\/\/www.reclamador.es\/blog\/#website","url":"https:\/\/www.reclamador.es\/blog\/","name":"Rebeldes con causa, el blog de reclamador.es","description":"Noticias, entrevistas y consejos sobre reclamaciones","publisher":{"@id":"https:\/\/www.reclamador.es\/blog\/#organization"},"potentialAction":[{"@type":"SearchAction","target":{"@type":"EntryPoint","urlTemplate":"https:\/\/www.reclamador.es\/blog\/?s={search_term_string}"},"query-input":{"@type":"PropertyValueSpecification","valueRequired":true,"valueName":"search_term_string"}}],"inLanguage":"es"},{"@type":"Organization","@id":"https:\/\/www.reclamador.es\/blog\/#organization","name":"reclamador.es","url":"https:\/\/www.reclamador.es\/blog\/","logo":{"@type":"ImageObject","inLanguage":"es","@id":"https:\/\/www.reclamador.es\/blog\/#\/schema\/logo\/image\/","url":"https:\/\/i0.wp.com\/www.reclamador.es\/blog\/wp-content\/uploads\/2020\/01\/logo-reclamador.png?fit=1200%2C144&ssl=1","contentUrl":"https:\/\/i0.wp.com\/www.reclamador.es\/blog\/wp-content\/uploads\/2020\/01\/logo-reclamador.png?fit=1200%2C144&ssl=1","width":1200,"height":144,"caption":"reclamador.es"},"image":{"@id":"https:\/\/www.reclamador.es\/blog\/#\/schema\/logo\/image\/"},"sameAs":["https:\/\/www.facebook.com\/reclamador.es","https:\/\/x.com\/reclamador","https:\/\/www.instagram.com\/reclamador.es\/","https:\/\/www.linkedin.com\/company\/reclamador-es","https:\/\/www.youtube.com\/user\/Reclamadores"]},{"@type":"Person","@id":"https:\/\/www.reclamador.es\/blog\/#\/schema\/person\/1ed83eef8b6566cb5e4c812d9bc5c4bf","name":"Equipo reclamador","image":{"@type":"ImageObject","inLanguage":"es","@id":"https:\/\/secure.gravatar.com\/avatar\/6442ecdc2c4472c600c113f34d340feca47107d6aa4f42f1e3e75a2a8e28a760?s=96&d=mm&r=g","url":"https:\/\/secure.gravatar.com\/avatar\/6442ecdc2c4472c600c113f34d340feca47107d6aa4f42f1e3e75a2a8e28a760?s=96&d=mm&r=g","contentUrl":"https:\/\/secure.gravatar.com\/avatar\/6442ecdc2c4472c600c113f34d340feca47107d6aa4f42f1e3e75a2a8e28a760?s=96&d=mm&r=g","caption":"Equipo reclamador"},"description":"Las personas que hacen posible reclamador.es","url":"https:\/\/www.reclamador.es\/blog\/author\/administrador\/"}]}},"jetpack_featured_media_url":"https:\/\/i0.wp.com\/www.reclamador.es\/blog\/wp-content\/uploads\/2019\/06\/reclamador-Dia-Mundia-del-perro-en-la-oficina-blog-1.jpg?fit=1200%2C800&ssl=1","jetpack-related-posts":[{"id":27168,"url":"https:\/\/www.reclamador.es\/blog\/custodia-mascota-divorcio\/","url_meta":{"origin":22363,"position":0},"title":"La custodia de las mascotas en un divorcio","author":"Cristina Naveda","date":"30 agosto, 2021","format":false,"excerpt":"Son muchas las cuestiones a tomar en consideraci\u00f3n a la hora de dar el paso de divorciarse. Entre ellos, uno de los que m\u00e1s dudas genera es qu\u00e9 pasa con la mascota (perro, gato, tortuga, etc\u00e9tera), o, en otras palabras, \u00bfqui\u00e9n se queda con la custodia de las mascotas cuando\u2026","rel":"","context":"En \u00abConsejos legales\u00bb","block_context":{"text":"Consejos legales","link":"https:\/\/www.reclamador.es\/blog\/consejos\/"},"img":{"alt_text":"custodia perros y gatos divorcio","src":"https:\/\/i0.wp.com\/www.reclamador.es\/blog\/wp-content\/uploads\/2021\/08\/custodia-de-la-mascota-en-un-divorcio.jpg?fit=1200%2C675&ssl=1&resize=350%2C200","width":350,"height":200,"srcset":"https:\/\/i0.wp.com\/www.reclamador.es\/blog\/wp-content\/uploads\/2021\/08\/custodia-de-la-mascota-en-un-divorcio.jpg?fit=1200%2C675&ssl=1&resize=350%2C200 1x, https:\/\/i0.wp.com\/www.reclamador.es\/blog\/wp-content\/uploads\/2021\/08\/custodia-de-la-mascota-en-un-divorcio.jpg?fit=1200%2C675&ssl=1&resize=525%2C300 1.5x, https:\/\/i0.wp.com\/www.reclamador.es\/blog\/wp-content\/uploads\/2021\/08\/custodia-de-la-mascota-en-un-divorcio.jpg?fit=1200%2C675&ssl=1&resize=700%2C400 2x, https:\/\/i0.wp.com\/www.reclamador.es\/blog\/wp-content\/uploads\/2021\/08\/custodia-de-la-mascota-en-un-divorcio.jpg?fit=1200%2C675&ssl=1&resize=1050%2C600 3x"},"classes":[]},{"id":26119,"url":"https:\/\/www.reclamador.es\/blog\/dejar-herencia-mascota\/","url_meta":{"origin":22363,"position":1},"title":"\u00bfEs posible dejar la herencia a una mascota? En Espa\u00f1a, no","author":"Equipo reclamador","date":"24 septiembre, 2022","format":false,"excerpt":"Te acompa\u00f1an en todo momento, te dan cari\u00f1o, se les quiere como un miembro m\u00e1s de la familia. Entonces \u00bfse podr\u00eda dejar una parte de la herencia a esa mascota que te ha acompa\u00f1ado durante los \u00faltimos a\u00f1os? La respuesta es no. Las leyes espa\u00f1olas no recogen que un animal\u2026","rel":"","context":"En \u00abConsejos legales\u00bb","block_context":{"text":"Consejos legales","link":"https:\/\/www.reclamador.es\/blog\/consejos\/"},"img":{"alt_text":"mujer perro mascota \u00bfPuedo dejar la herencia a mi mascota?","src":"https:\/\/i0.wp.com\/www.reclamador.es\/blog\/wp-content\/uploads\/2020\/09\/dejar-herencia-a-la-mascota.jpg?fit=1200%2C630&ssl=1&resize=350%2C200","width":350,"height":200,"srcset":"https:\/\/i0.wp.com\/www.reclamador.es\/blog\/wp-content\/uploads\/2020\/09\/dejar-herencia-a-la-mascota.jpg?fit=1200%2C630&ssl=1&resize=350%2C200 1x, https:\/\/i0.wp.com\/www.reclamador.es\/blog\/wp-content\/uploads\/2020\/09\/dejar-herencia-a-la-mascota.jpg?fit=1200%2C630&ssl=1&resize=525%2C300 1.5x, https:\/\/i0.wp.com\/www.reclamador.es\/blog\/wp-content\/uploads\/2020\/09\/dejar-herencia-a-la-mascota.jpg?fit=1200%2C630&ssl=1&resize=700%2C400 2x, https:\/\/i0.wp.com\/www.reclamador.es\/blog\/wp-content\/uploads\/2020\/09\/dejar-herencia-a-la-mascota.jpg?fit=1200%2C630&ssl=1&resize=1050%2C600 3x"},"classes":[]},{"id":1212,"url":"https:\/\/www.reclamador.es\/blog\/viajar-en-avion-con-mascotas\/","url_meta":{"origin":22363,"position":2},"title":"Viajar en avi\u00f3n con mascotas","author":"Equipo reclamador","date":"22 julio, 2016","format":false,"excerpt":"*Texto revisado septiembre 2022 El transporte de las mascotas en los aviones var\u00eda dependiendo de la compa\u00f1\u00eda a\u00e9rea. Pero por lo general, cuando el animal excede de las medidas que exige la aerol\u00ednea para volar en cabina, \u00e9stas tienen que hacerlo en la bodega, con las consiguientes consecuencias negativas que\u2026","rel":"","context":"En \u00abConsejos legales\u00bb","block_context":{"text":"Consejos legales","link":"https:\/\/www.reclamador.es\/blog\/consejos\/"},"img":{"alt_text":"viajar con mascotas en avion","src":"https:\/\/i0.wp.com\/www.reclamador.es\/blog\/wp-content\/uploads\/2016\/07\/viajar-con-mascotas-en-avion.jpg?fit=1200%2C778&ssl=1&resize=350%2C200","width":350,"height":200,"srcset":"https:\/\/i0.wp.com\/www.reclamador.es\/blog\/wp-content\/uploads\/2016\/07\/viajar-con-mascotas-en-avion.jpg?fit=1200%2C778&ssl=1&resize=350%2C200 1x, https:\/\/i0.wp.com\/www.reclamador.es\/blog\/wp-content\/uploads\/2016\/07\/viajar-con-mascotas-en-avion.jpg?fit=1200%2C778&ssl=1&resize=525%2C300 1.5x, https:\/\/i0.wp.com\/www.reclamador.es\/blog\/wp-content\/uploads\/2016\/07\/viajar-con-mascotas-en-avion.jpg?fit=1200%2C778&ssl=1&resize=700%2C400 2x, https:\/\/i0.wp.com\/www.reclamador.es\/blog\/wp-content\/uploads\/2016\/07\/viajar-con-mascotas-en-avion.jpg?fit=1200%2C778&ssl=1&resize=1050%2C600 3x"},"classes":[]},{"id":29384,"url":"https:\/\/www.reclamador.es\/blog\/dia-mujer-en-reclamador\/","url_meta":{"origin":22363,"position":3},"title":"El papel de las mujeres trabajadoras en reclamador.es","author":"Equipo reclamador","date":"8 marzo, 2022","format":false,"excerpt":"Cada 8 de marzo, desde 1908, se celebra el D\u00eda Internacional de la Mujer o D\u00eda Internacional de la Mujer Trabajadora. En esta fecha, se conmemora y reivindica el papel de la mujer en la sociedad y se pretende dar visibilidad a todos los logros conseguidos a lo largo de\u2026","rel":"","context":"En \u00abConoce todo lo que sucede en reclamador.es\u00bb","block_context":{"text":"Conoce todo lo que sucede en reclamador.es","link":"https:\/\/www.reclamador.es\/blog\/reclamadores\/"},"img":{"alt_text":"dia de la mujer","src":"https:\/\/i0.wp.com\/www.reclamador.es\/blog\/wp-content\/uploads\/2022\/03\/dia-de-la-mujer-8M-reclamador.es_.jpg?fit=1200%2C698&ssl=1&resize=350%2C200","width":350,"height":200,"srcset":"https:\/\/i0.wp.com\/www.reclamador.es\/blog\/wp-content\/uploads\/2022\/03\/dia-de-la-mujer-8M-reclamador.es_.jpg?fit=1200%2C698&ssl=1&resize=350%2C200 1x, https:\/\/i0.wp.com\/www.reclamador.es\/blog\/wp-content\/uploads\/2022\/03\/dia-de-la-mujer-8M-reclamador.es_.jpg?fit=1200%2C698&ssl=1&resize=525%2C300 1.5x, https:\/\/i0.wp.com\/www.reclamador.es\/blog\/wp-content\/uploads\/2022\/03\/dia-de-la-mujer-8M-reclamador.es_.jpg?fit=1200%2C698&ssl=1&resize=700%2C400 2x, https:\/\/i0.wp.com\/www.reclamador.es\/blog\/wp-content\/uploads\/2022\/03\/dia-de-la-mujer-8M-reclamador.es_.jpg?fit=1200%2C698&ssl=1&resize=1050%2C600 3x"},"classes":[]},{"id":30288,"url":"https:\/\/www.reclamador.es\/blog\/aniversario-cumplimos-10-anos-defendiendo-los-derechos-de-los-consumidores\/","url_meta":{"origin":22363,"position":4},"title":"\u00a1Estamos de aniversario! Cumplimos 10 a\u00f1os defendiendo los derechos de los consumidores","author":"Equipo reclamador","date":"18 octubre, 2022","format":false,"excerpt":"2012-2022. 10 a\u00f1os han pasado desde que Pablo Rabanal fund\u00f3 nuestra empresa. El actual CEO de la compa\u00f1\u00eda, apost\u00f3 entonces por un modelo totalmente innovador y con apenas 4 personas trabajando sac\u00f3 adelante esta legaltech que, a d\u00eda de hoy, se ha convertido en un referente en el sector de\u2026","rel":"","context":"En \u00abConoce todo lo que sucede en reclamador.es\u00bb","block_context":{"text":"Conoce todo lo que sucede en reclamador.es","link":"https:\/\/www.reclamador.es\/blog\/reclamadores\/"},"img":{"alt_text":"10 a\u00f1os de reclamador.es","src":"https:\/\/i0.wp.com\/www.reclamador.es\/blog\/wp-content\/uploads\/2022\/10\/blog-1200x675-reclamador-aniversario.jpg?fit=1200%2C675&ssl=1&resize=350%2C200","width":350,"height":200,"srcset":"https:\/\/i0.wp.com\/www.reclamador.es\/blog\/wp-content\/uploads\/2022\/10\/blog-1200x675-reclamador-aniversario.jpg?fit=1200%2C675&ssl=1&resize=350%2C200 1x, https:\/\/i0.wp.com\/www.reclamador.es\/blog\/wp-content\/uploads\/2022\/10\/blog-1200x675-reclamador-aniversario.jpg?fit=1200%2C675&ssl=1&resize=525%2C300 1.5x, https:\/\/i0.wp.com\/www.reclamador.es\/blog\/wp-content\/uploads\/2022\/10\/blog-1200x675-reclamador-aniversario.jpg?fit=1200%2C675&ssl=1&resize=700%2C400 2x, https:\/\/i0.wp.com\/www.reclamador.es\/blog\/wp-content\/uploads\/2022\/10\/blog-1200x675-reclamador-aniversario.jpg?fit=1200%2C675&ssl=1&resize=1050%2C600 3x"},"classes":[]},{"id":30780,"url":"https:\/\/www.reclamador.es\/blog\/reclamador-junto-al-dia-europeo-de-la-igualdad-salarial\/","url_meta":{"origin":22363,"position":5},"title":"reclamador junto al D\u00eda Europeo de la Igualdad Salarial","author":"Equipo reclamador","date":"22 febrero, 2023","format":false,"excerpt":"D\u00eda Europeo de la Igualdad Salarial","rel":"","context":"En \u00abNoticias y actualidad\u00bb","block_context":{"text":"Noticias y actualidad","link":"https:\/\/www.reclamador.es\/blog\/noticias\/"},"img":{"alt_text":"D\u00eda Europeo de la Igualdad Salarial","src":"https:\/\/i0.wp.com\/www.reclamador.es\/blog\/wp-content\/uploads\/2023\/02\/igualdad-salarial.jpg?fit=1200%2C675&ssl=1&resize=350%2C200","width":350,"height":200,"srcset":"https:\/\/i0.wp.com\/www.reclamador.es\/blog\/wp-content\/uploads\/2023\/02\/igualdad-salarial.jpg?fit=1200%2C675&ssl=1&resize=350%2C200 1x, https:\/\/i0.wp.com\/www.reclamador.es\/blog\/wp-content\/uploads\/2023\/02\/igualdad-salarial.jpg?fit=1200%2C675&ssl=1&resize=525%2C300 1.5x, https:\/\/i0.wp.com\/www.reclamador.es\/blog\/wp-content\/uploads\/2023\/02\/igualdad-salarial.jpg?fit=1200%2C675&ssl=1&resize=700%2C400 2x, https:\/\/i0.wp.com\/www.reclamador.es\/blog\/wp-content\/uploads\/2023\/02\/igualdad-salarial.jpg?fit=1200%2C675&ssl=1&resize=1050%2C600 3x"},"classes":[]}],"jetpack_sharing_enabled":true,"_links":{"self":[{"href":"https:\/\/www.reclamador.es\/blog\/wp-json\/wp\/v2\/posts\/22363","targetHints":{"allow":["GET"]}}],"collection":[{"href":"https:\/\/www.reclamador.es\/blog\/wp-json\/wp\/v2\/posts"}],"about":[{"href":"https:\/\/www.reclamador.es\/blog\/wp-json\/wp\/v2\/types\/post"}],"author":[{"embeddable":true,"href":"https:\/\/www.reclamador.es\/blog\/wp-json\/wp\/v2\/users\/1"}],"replies":[{"embeddable":true,"href":"https:\/\/www.reclamador.es\/blog\/wp-json\/wp\/v2\/comments?post=22363"}],"version-history":[{"count":5,"href":"https:\/\/www.reclamador.es\/blog\/wp-json\/wp\/v2\/posts\/22363\/revisions"}],"predecessor-version":[{"id":24770,"href":"https:\/\/www.reclamador.es\/blog\/wp-json\/wp\/v2\/posts\/22363\/revisions\/24770"}],"wp:featuredmedia":[{"embeddable":true,"href":"https:\/\/www.reclamador.es\/blog\/wp-json\/wp\/v2\/media\/22367"}],"wp:attachment":[{"href":"https:\/\/www.reclamador.es\/blog\/wp-json\/wp\/v2\/media?parent=22363"}],"wp:term":[{"taxonomy":"category","embeddable":true,"href":"https:\/\/www.reclamador.es\/blog\/wp-json\/wp\/v2\/categories?post=22363"},{"taxonomy":"post_tag","embeddable":true,"href":"https:\/\/www.reclamador.es\/blog\/wp-json\/wp\/v2\/tags?post=22363"}],"curies":[{"name":"wp","href":"https:\/\/api.w.org\/{rel}","templated":true}]}}