{"id":22181,"date":"2022-06-24T08:56:00","date_gmt":"2022-06-24T06:56:00","guid":{"rendered":"https:\/\/www.reclamador.es\/blog\/?p=22181"},"modified":"2023-10-23T10:13:45","modified_gmt":"2023-10-23T08:13:45","slug":"campamentos-verano-ninos","status":"publish","type":"post","link":"https:\/\/www.reclamador.es\/blog\/campamentos-verano-ninos\/","title":{"rendered":"Campamentos de verano para ni\u00f1os: \u00bfde qui\u00e9n es la responsabilidad legal?"},"content":{"rendered":"<div class=\"ttr_start\"><\/div>\n\n<div class=\"kk-star-ratings kksr-auto kksr-align-right kksr-valign-top\"\n    data-payload='{&quot;align&quot;:&quot;right&quot;,&quot;id&quot;:&quot;22181&quot;,&quot;slug&quot;:&quot;default&quot;,&quot;valign&quot;:&quot;top&quot;,&quot;ignore&quot;:&quot;&quot;,&quot;reference&quot;:&quot;auto&quot;,&quot;class&quot;:&quot;&quot;,&quot;count&quot;:&quot;2&quot;,&quot;legendonly&quot;:&quot;&quot;,&quot;readonly&quot;:&quot;&quot;,&quot;score&quot;:&quot;5&quot;,&quot;starsonly&quot;:&quot;&quot;,&quot;best&quot;:&quot;5&quot;,&quot;gap&quot;:&quot;3&quot;,&quot;greet&quot;:&quot;Valora este art\u00edculo&quot;,&quot;legend&quot;:&quot;5\\\/5 - (2 votos)&quot;,&quot;size&quot;:&quot;20&quot;,&quot;title&quot;:&quot;Campamentos de verano para ni\u00f1os: \u00bfde qui\u00e9n es la responsabilidad legal?&quot;,&quot;width&quot;:&quot;113.5&quot;,&quot;_legend&quot;:&quot;{score}\\\/{best} - ({count} {votes})&quot;,&quot;font_factor&quot;:&quot;1.25&quot;}'>\n            \n<div class=\"kksr-stars\">\n    \n<div class=\"kksr-stars-inactive\">\n            <div class=\"kksr-star\" data-star=\"1\" style=\"padding-right: 3px\">\n            \n\n<div class=\"kksr-icon\" style=\"width: 20px; height: 20px;\"><\/div>\n        <\/div>\n            <div class=\"kksr-star\" data-star=\"2\" style=\"padding-right: 3px\">\n            \n\n<div class=\"kksr-icon\" style=\"width: 20px; height: 20px;\"><\/div>\n        <\/div>\n            <div class=\"kksr-star\" data-star=\"3\" style=\"padding-right: 3px\">\n            \n\n<div class=\"kksr-icon\" style=\"width: 20px; height: 20px;\"><\/div>\n        <\/div>\n            <div class=\"kksr-star\" data-star=\"4\" style=\"padding-right: 3px\">\n            \n\n<div class=\"kksr-icon\" style=\"width: 20px; height: 20px;\"><\/div>\n        <\/div>\n            <div class=\"kksr-star\" data-star=\"5\" style=\"padding-right: 3px\">\n            \n\n<div class=\"kksr-icon\" style=\"width: 20px; height: 20px;\"><\/div>\n        <\/div>\n    <\/div>\n    \n<div class=\"kksr-stars-active\" style=\"width: 113.5px;\">\n            <div class=\"kksr-star\" style=\"padding-right: 3px\">\n            \n\n<div class=\"kksr-icon\" style=\"width: 20px; height: 20px;\"><\/div>\n        <\/div>\n            <div class=\"kksr-star\" style=\"padding-right: 3px\">\n            \n\n<div class=\"kksr-icon\" style=\"width: 20px; height: 20px;\"><\/div>\n        <\/div>\n            <div class=\"kksr-star\" style=\"padding-right: 3px\">\n            \n\n<div class=\"kksr-icon\" style=\"width: 20px; height: 20px;\"><\/div>\n        <\/div>\n            <div class=\"kksr-star\" style=\"padding-right: 3px\">\n            \n\n<div class=\"kksr-icon\" style=\"width: 20px; height: 20px;\"><\/div>\n        <\/div>\n            <div class=\"kksr-star\" style=\"padding-right: 3px\">\n            \n\n<div class=\"kksr-icon\" style=\"width: 20px; height: 20px;\"><\/div>\n        <\/div>\n    <\/div>\n<\/div>\n                \n\n<div class=\"kksr-legend\" style=\"font-size: 16px;\">\n            5\/5 - (2 votos)    <\/div>\n    <\/div>\n<figure id=\"attachment_29917\" aria-describedby=\"caption-attachment-29917\" style=\"width: 1200px\" class=\"wp-caption aligncenter\"><img data-recalc-dims=\"1\" loading=\"lazy\" decoding=\"async\" class=\"size-full wp-image-29917\" src=\"https:\/\/i0.wp.com\/www.reclamador.es\/blog\/wp-content\/uploads\/2021\/07\/responsabilidad-legal-hijos-campamentos-de-verano.jpg?resize=1200%2C678&#038;ssl=1\" alt=\"campamento de verano\" width=\"1200\" height=\"678\" srcset=\"https:\/\/i0.wp.com\/www.reclamador.es\/blog\/wp-content\/uploads\/2021\/07\/responsabilidad-legal-hijos-campamentos-de-verano.jpg?w=1200&amp;ssl=1 1200w, https:\/\/i0.wp.com\/www.reclamador.es\/blog\/wp-content\/uploads\/2021\/07\/responsabilidad-legal-hijos-campamentos-de-verano.jpg?resize=800%2C452&amp;ssl=1 800w, https:\/\/i0.wp.com\/www.reclamador.es\/blog\/wp-content\/uploads\/2021\/07\/responsabilidad-legal-hijos-campamentos-de-verano.jpg?resize=150%2C85&amp;ssl=1 150w, https:\/\/i0.wp.com\/www.reclamador.es\/blog\/wp-content\/uploads\/2021\/07\/responsabilidad-legal-hijos-campamentos-de-verano.jpg?resize=768%2C434&amp;ssl=1 768w\" sizes=\"auto, (max-width: 1000px) 100vw, 1000px\" \/><figcaption id=\"caption-attachment-29917\" class=\"wp-caption-text\"><em>Responsabilidad legal en campamentos de verano<\/em><\/figcaption><\/figure>\n<p><span style=\"font-weight: 400;\">El curso escolar llega a su fin. E<\/span><span style=\"font-weight: 400;\">ntre las principales opciones que eligen padres y madres para poder compaginar trabajo y cuidado de los menores durante los d\u00edas de verano, destacan los <\/span><b>campamentos de verano<\/b><span style=\"font-weight: 400;\">.<\/span><\/p>\n<p><span style=\"font-weight: 400;\">Independientemente del lugar, la duraci\u00f3n o el tipo de campamento, es importante que los progenitores tengan una serie de conocimientos y consideraciones previas antes de la matriculaci\u00f3n de los menores. <\/span><b>\u00bfQui\u00e9n es el responsable legal de las actividades que se van a desarrollar? \u00bfQu\u00e9 pasa si mi hijo tiene un accidente? \u00bfCu\u00e1ntos monitores tiene que haber?<\/b><\/p>\n<p><span style=\"font-weight: 400;\">En reclamador.es hemos dado respuesta a estas y otras dudas que pueden surgirte a la hora de apuntar a tu peque\u00f1o a un campamento de verano. \u00a1Vamos!<\/span><\/p>\n<h2 id=\"responsable\"><b>\u00bfQui\u00e9n es el responsable del cuidado de mi hijo en los campamentos de verano?<\/b><\/h2>\n<p><span style=\"font-weight: 400;\">El centro o entidad organizadora \u2013ya sea un campamento, una guarder\u00eda, una granja escuela, etc.\u2013 tiene la responsabilidad del cuidado de los menores <\/span><b>desde el momento en el que \u00e9stos entren en \u00e9l hasta que finalice el contrato<\/b><span style=\"font-weight: 400;\">. Esto es, hasta la salida de los ni\u00f1os. <\/span><\/p>\n<p><span style=\"font-weight: 400;\">Esta responsabilidad no s\u00f3lo abarca este periodo de tiempo, sino que adem\u00e1s, <\/span><b>incluye tanto el lugar f\u00edsico en el que se encuentre el campamento, como aquellas zonas a las que los peque\u00f1os se tengan que desplazar<\/b><span style=\"font-weight: 400;\"> para realizar alg\u00fan tipo de excursi\u00f3n o actividad. Por tanto, ser\u00e1 el centro quien tenga la obligaci\u00f3n de mantener a los menores fuera de peligro en todo momento. Y, de la misma manera, responsabilizarse de lo que pueda llegar a ocurrir y de las indemnizaciones que pudieran derivarse.<\/span><\/p>\n<h2 id=\"actividades\"><b>\u00bfQu\u00e9 actividades puede realizar mi hijo durante el campamento?<\/b><\/h2>\n<p><span style=\"font-weight: 400;\">Por norma general, las actividades que se desarrollen en un campamento tendr\u00e1n que estar <\/span><b>establecidas y delimitadas por la edad de los menores<\/b><span style=\"font-weight: 400;\">, adem\u00e1s de haber sido comunicadas a los padres o tutores de los ni\u00f1os <\/span><b>con previo aviso<\/b><span style=\"font-weight: 400;\">. <\/span><\/p>\n<p><span style=\"font-weight: 400;\">De la misma manera, y cuando las actividades se desarrollen en un lugar o entorno que no es el habitual \u2013rutas, excursiones, piscinas municipales\u2013 el campamento tendr\u00e1 que <\/span><b>notificarlo a las familias de los menores de manera detallada<\/b><span style=\"font-weight: 400;\">, teniendo que proporcionar, en algunos casos,<\/span><b> la titulaci\u00f3n de los monitores <\/b><span style=\"font-weight: 400;\">que las impartir\u00e1n. Especialmente, cuando estas actividades impliquen la presencia de profesionales de otros sectores, como deportes de aventura o nataci\u00f3n.<\/span><\/p>\n<h2 id=\"monitores\"><b>\u00bfCu\u00e1ntos monitores debe haber en un campamento?<\/b><\/h2>\n<p><span style=\"font-weight: 400;\">Actualmente, no existe una respuesta determinada para esta pregunta. Y es que, el n\u00famero de monitores depender\u00e1, en cada caso, del centro y de las caracter\u00edsticas de los menores.<\/span><\/p>\n<p><span style=\"font-weight: 400;\">A d\u00eda de hoy, <\/span><b>no existe una legislaci\u00f3n general v\u00e1lida para todos los casos<\/b><span style=\"font-weight: 400;\">, sino que se tiene en cuenta cada situaci\u00f3n en particular, atendiendo a la actividad desarrollada en el campamento de verano y a la comunidad aut\u00f3noma en la que se encuentre el mismo.<\/span><\/p>\n<p><span style=\"font-weight: 400;\">No obstante, y de manera orientativa, resulta interesante saber que s\u00ed existe un ratio monitor-ni\u00f1o. Esta relaci\u00f3n establece, de manera aproximada, que tendr\u00e1 que haber: <\/span><b>1 monitor por cada 8-9 menores de seis a\u00f1os; 1 monitor por cada 12-15 menores de diez a\u00f1os; y 1 monitor por cada 18-20 menores de diecisiete a\u00f1os<\/b><span style=\"font-weight: 400;\">. <\/span><\/p>\n<h6 style=\"text-align: center;\"><strong>Te puede interesar: <a href=\"https:\/\/www.reclamador.es\/blog\/viajar-con-ninos-en-el-coche-de-forma-segura\/\">Consejos para viajar con ni\u00f1os en el coche de forma segura este verano<\/a><\/strong><\/h6>\n<h2 id=\"accidente\"><b>\u00bfQu\u00e9 pasa si mi hijo tiene un accidente durante su estancia en el campamento? Posibles reclamaciones<\/b><\/h2>\n<p><span style=\"font-weight: 400;\">Antes de nada, desde reclamador.es, te aconsejamos que compruebes si el campamento de verano dispone de un seguro m\u00e9dico que pueda cubrir los gastos sanitarios derivados del accidente. Tambi\u00e9n, si cuenta con uno de responsabilidad civil. <strong>Esto facilitar\u00e1 el trabajo posterior en caso de que hubiera que reclamar al centro por los da\u00f1os y perjuicios<\/strong> ocasionados al menor.<\/span><\/p>\n<p><span style=\"font-weight: 400;\">En caso de reclamar, el procedimiento se podr\u00e1 comenzar enviando un burofax dirigido al centro. Si el campamento no accede a llegar a un acuerdo de manera amistosa, podr\u00e1 presentarse una demanda en el Juzgado de Primera Instancia. <\/span><\/p>\n<p><span style=\"font-weight: 400;\">Recuerda que <strong>el plazo para reclamar ser\u00e1 de un a\u00f1o. A contar desde la fecha en la que tuvo lugar el accidente<\/strong>. Adem\u00e1s, es necesario para que la reclamaci\u00f3n (e indemnizaci\u00f3n futura) prospere, que se produzca un da\u00f1o. Este da\u00f1o puede ser desde da\u00f1os personales (como unas lesiones) a materiales (rotura de ropa o material) o gastos (medicamentos no cubiertos por la Seguridad Social), por ejemplo. Si no se produce un da\u00f1o no ser\u00e1 posible plantear una reclamaci\u00f3n en este sentido.\u00a0<\/span><\/p>\n<p><span style=\"font-weight: 400;\">Tambi\u00e9n, es recomendable <strong>aportar todas las pruebas de las que se disponga<\/strong> para justificar la reclamaci\u00f3n presentada. Esto es: fotograf\u00edas, partes e informes m\u00e9dicos, actas policiales, testimonios de testigos, etc.<\/span><\/p>\n<h6 style=\"text-align: center;\"><strong>Nota: el centro no se har\u00e1 responsable de los da\u00f1os cuando el accidente se haya producido por una causa de fuerza mayor. Es decir, por sucesos imprevisibles e inevitables como circunstancias meteorol\u00f3gicas o actos terroristas.<\/strong><\/h6>\n<h2 id=\"publico\"><b>\u00bfY si el campamento pertenece a un colegio p\u00fablico?<\/b><\/h2>\n<p><span style=\"font-weight: 400;\">En este caso, cuando el campamento de verano se lleva a cabo en las propias instalaciones de un colegio p\u00fablico, el <\/span><b>art\u00edculo 106 de la Constituci\u00f3n Espa\u00f1ola aclara que la responsabilidad del menor es del centro<\/b><span style=\"font-weight: 400;\">. Y, por tanto, recae en \u00e9l la obligaci\u00f3n de hacerse cargo de aquello que pudiera pasar. As\u00ed como del pago de las indemnizaciones derivadas del propio accidente, si las hubiera.<\/span><\/p>\n<div class=\"ttr_end\"><\/div>","protected":false},"excerpt":{"rendered":"<p>El curso escolar llega a su fin. Entre las principales opciones que eligen padres y madres para poder compaginar trabajo y cuidado de los menores durante los d\u00edas de verano, destacan los campamentos de verano. Independientemente del lugar, la duraci\u00f3n o el tipo de campamento, es importante que los progenitores tengan una serie de conocimientos [&hellip;]<\/p>\n","protected":false},"author":1,"featured_media":29917,"comment_status":"open","ping_status":"open","sticky":false,"template":"","format":"standard","meta":{"_acf_changed":false,"_genesis_hide_title":false,"_genesis_hide_breadcrumbs":false,"_genesis_hide_singular_image":false,"_genesis_hide_footer_widgets":false,"_genesis_custom_body_class":"","_genesis_custom_post_class":"","_genesis_layout":"","_jetpack_newsletter_access":"","_jetpack_dont_email_post_to_subs":false,"_jetpack_newsletter_tier_id":0,"_jetpack_memberships_contains_paywalled_content":false,"_jetpack_memberships_contains_paid_content":false,"footnotes":""},"categories":[393],"tags":[762],"class_list":{"0":"post-22181","1":"post","2":"type-post","3":"status-publish","4":"format-standard","5":"has-post-thumbnail","7":"category-consejos","8":"tag-servicios","9":"entry"},"acf":[],"yoast_head":"<!-- This site is optimized with the Yoast SEO plugin v27.4 - https:\/\/yoast.com\/product\/yoast-seo-wordpress\/ -->\n<title>Campamentos de verano: preguntas y respuestas para padres<\/title>\n<meta name=\"description\" content=\"Recopilamos las principales dudas legales que pueden surgirle a los padres a la hora de apuntar a sus hijos a campamentos de verano\" \/>\n<meta name=\"robots\" content=\"index, follow, max-snippet:-1, max-image-preview:large, max-video-preview:-1\" \/>\n<link rel=\"canonical\" href=\"https:\/\/www.reclamador.es\/blog\/campamentos-verano-ninos\/\" \/>\n<meta property=\"og:locale\" content=\"es_ES\" \/>\n<meta property=\"og:type\" content=\"article\" \/>\n<meta property=\"og:title\" content=\"Campamentos de verano: preguntas y respuestas para padres\" \/>\n<meta property=\"og:description\" content=\"Recopilamos las principales dudas legales que pueden surgirle a los padres a la hora de apuntar a sus hijos a campamentos de verano\" \/>\n<meta property=\"og:url\" content=\"https:\/\/www.reclamador.es\/blog\/campamentos-verano-ninos\/\" \/>\n<meta property=\"og:site_name\" content=\"Rebeldes con causa, el blog de reclamador.es\" \/>\n<meta property=\"article:publisher\" content=\"https:\/\/www.facebook.com\/reclamador.es\" \/>\n<meta property=\"article:published_time\" content=\"2022-06-24T06:56:00+00:00\" \/>\n<meta property=\"article:modified_time\" content=\"2023-10-23T08:13:45+00:00\" \/>\n<meta property=\"og:image\" content=\"https:\/\/i0.wp.com\/www.reclamador.es\/blog\/wp-content\/uploads\/2021\/07\/responsabilidad-legal-hijos-campamentos-de-verano.jpg?fit=1200%2C678&ssl=1\" \/>\n\t<meta property=\"og:image:width\" content=\"1200\" \/>\n\t<meta property=\"og:image:height\" content=\"678\" \/>\n\t<meta property=\"og:image:type\" content=\"image\/jpeg\" \/>\n<meta name=\"author\" content=\"Equipo reclamador\" \/>\n<meta name=\"twitter:card\" content=\"summary_large_image\" \/>\n<meta name=\"twitter:creator\" content=\"@reclamador\" \/>\n<meta name=\"twitter:site\" content=\"@reclamador\" \/>\n<meta name=\"twitter:label1\" content=\"Escrito por\" \/>\n\t<meta name=\"twitter:data1\" content=\"Equipo reclamador\" \/>\n\t<meta name=\"twitter:label2\" content=\"Tiempo de lectura\" \/>\n\t<meta name=\"twitter:data2\" content=\"5 minutos\" \/>\n<script type=\"application\/ld+json\" class=\"yoast-schema-graph\">{\"@context\":\"https:\\\/\\\/schema.org\",\"@graph\":[{\"@type\":\"Article\",\"@id\":\"https:\\\/\\\/www.reclamador.es\\\/blog\\\/campamentos-verano-ninos\\\/#article\",\"isPartOf\":{\"@id\":\"https:\\\/\\\/www.reclamador.es\\\/blog\\\/campamentos-verano-ninos\\\/\"},\"author\":{\"name\":\"Equipo reclamador\",\"@id\":\"https:\\\/\\\/www.reclamador.es\\\/blog\\\/#\\\/schema\\\/person\\\/1ed83eef8b6566cb5e4c812d9bc5c4bf\"},\"headline\":\"Campamentos de verano para ni\u00f1os: \u00bfde qui\u00e9n es la responsabilidad legal?\",\"datePublished\":\"2022-06-24T06:56:00+00:00\",\"dateModified\":\"2023-10-23T08:13:45+00:00\",\"mainEntityOfPage\":{\"@id\":\"https:\\\/\\\/www.reclamador.es\\\/blog\\\/campamentos-verano-ninos\\\/\"},\"wordCount\":949,\"commentCount\":6,\"publisher\":{\"@id\":\"https:\\\/\\\/www.reclamador.es\\\/blog\\\/#organization\"},\"image\":{\"@id\":\"https:\\\/\\\/www.reclamador.es\\\/blog\\\/campamentos-verano-ninos\\\/#primaryimage\"},\"thumbnailUrl\":\"https:\\\/\\\/i0.wp.com\\\/www.reclamador.es\\\/blog\\\/wp-content\\\/uploads\\\/2021\\\/07\\\/responsabilidad-legal-hijos-campamentos-de-verano.jpg?fit=1200%2C678&ssl=1\",\"keywords\":[\"servicios\"],\"articleSection\":[\"Consejos legales\"],\"inLanguage\":\"es\",\"potentialAction\":[{\"@type\":\"CommentAction\",\"name\":\"Comment\",\"target\":[\"https:\\\/\\\/www.reclamador.es\\\/blog\\\/campamentos-verano-ninos\\\/#respond\"]}]},{\"@type\":\"WebPage\",\"@id\":\"https:\\\/\\\/www.reclamador.es\\\/blog\\\/campamentos-verano-ninos\\\/\",\"url\":\"https:\\\/\\\/www.reclamador.es\\\/blog\\\/campamentos-verano-ninos\\\/\",\"name\":\"Campamentos de verano: preguntas y respuestas para padres\",\"isPartOf\":{\"@id\":\"https:\\\/\\\/www.reclamador.es\\\/blog\\\/#website\"},\"primaryImageOfPage\":{\"@id\":\"https:\\\/\\\/www.reclamador.es\\\/blog\\\/campamentos-verano-ninos\\\/#primaryimage\"},\"image\":{\"@id\":\"https:\\\/\\\/www.reclamador.es\\\/blog\\\/campamentos-verano-ninos\\\/#primaryimage\"},\"thumbnailUrl\":\"https:\\\/\\\/i0.wp.com\\\/www.reclamador.es\\\/blog\\\/wp-content\\\/uploads\\\/2021\\\/07\\\/responsabilidad-legal-hijos-campamentos-de-verano.jpg?fit=1200%2C678&ssl=1\",\"datePublished\":\"2022-06-24T06:56:00+00:00\",\"dateModified\":\"2023-10-23T08:13:45+00:00\",\"description\":\"Recopilamos las principales dudas legales que pueden surgirle a los padres a la hora de apuntar a sus hijos a campamentos de verano\",\"breadcrumb\":{\"@id\":\"https:\\\/\\\/www.reclamador.es\\\/blog\\\/campamentos-verano-ninos\\\/#breadcrumb\"},\"inLanguage\":\"es\",\"potentialAction\":[{\"@type\":\"ReadAction\",\"target\":[\"https:\\\/\\\/www.reclamador.es\\\/blog\\\/campamentos-verano-ninos\\\/\"]}]},{\"@type\":\"ImageObject\",\"inLanguage\":\"es\",\"@id\":\"https:\\\/\\\/www.reclamador.es\\\/blog\\\/campamentos-verano-ninos\\\/#primaryimage\",\"url\":\"https:\\\/\\\/i0.wp.com\\\/www.reclamador.es\\\/blog\\\/wp-content\\\/uploads\\\/2021\\\/07\\\/responsabilidad-legal-hijos-campamentos-de-verano.jpg?fit=1200%2C678&ssl=1\",\"contentUrl\":\"https:\\\/\\\/i0.wp.com\\\/www.reclamador.es\\\/blog\\\/wp-content\\\/uploads\\\/2021\\\/07\\\/responsabilidad-legal-hijos-campamentos-de-verano.jpg?fit=1200%2C678&ssl=1\",\"width\":1200,\"height\":678,\"caption\":\"Responsabilidad legal en campamentos de verano\"},{\"@type\":\"BreadcrumbList\",\"@id\":\"https:\\\/\\\/www.reclamador.es\\\/blog\\\/campamentos-verano-ninos\\\/#breadcrumb\",\"itemListElement\":[{\"@type\":\"ListItem\",\"position\":1,\"name\":\"Portada\",\"item\":\"https:\\\/\\\/www.reclamador.es\\\/blog\\\/\"},{\"@type\":\"ListItem\",\"position\":2,\"name\":\"Campamentos de verano para ni\u00f1os: \u00bfde qui\u00e9n es la responsabilidad legal?\"}]},{\"@type\":\"WebSite\",\"@id\":\"https:\\\/\\\/www.reclamador.es\\\/blog\\\/#website\",\"url\":\"https:\\\/\\\/www.reclamador.es\\\/blog\\\/\",\"name\":\"Rebeldes con causa, el blog de reclamador.es\",\"description\":\"Noticias, entrevistas y consejos sobre reclamaciones\",\"publisher\":{\"@id\":\"https:\\\/\\\/www.reclamador.es\\\/blog\\\/#organization\"},\"potentialAction\":[{\"@type\":\"SearchAction\",\"target\":{\"@type\":\"EntryPoint\",\"urlTemplate\":\"https:\\\/\\\/www.reclamador.es\\\/blog\\\/?s={search_term_string}\"},\"query-input\":{\"@type\":\"PropertyValueSpecification\",\"valueRequired\":true,\"valueName\":\"search_term_string\"}}],\"inLanguage\":\"es\"},{\"@type\":\"Organization\",\"@id\":\"https:\\\/\\\/www.reclamador.es\\\/blog\\\/#organization\",\"name\":\"reclamador.es\",\"url\":\"https:\\\/\\\/www.reclamador.es\\\/blog\\\/\",\"logo\":{\"@type\":\"ImageObject\",\"inLanguage\":\"es\",\"@id\":\"https:\\\/\\\/www.reclamador.es\\\/blog\\\/#\\\/schema\\\/logo\\\/image\\\/\",\"url\":\"https:\\\/\\\/i0.wp.com\\\/www.reclamador.es\\\/blog\\\/wp-content\\\/uploads\\\/2020\\\/01\\\/logo-reclamador.png?fit=1200%2C144&ssl=1\",\"contentUrl\":\"https:\\\/\\\/i0.wp.com\\\/www.reclamador.es\\\/blog\\\/wp-content\\\/uploads\\\/2020\\\/01\\\/logo-reclamador.png?fit=1200%2C144&ssl=1\",\"width\":1200,\"height\":144,\"caption\":\"reclamador.es\"},\"image\":{\"@id\":\"https:\\\/\\\/www.reclamador.es\\\/blog\\\/#\\\/schema\\\/logo\\\/image\\\/\"},\"sameAs\":[\"https:\\\/\\\/www.facebook.com\\\/reclamador.es\",\"https:\\\/\\\/x.com\\\/reclamador\",\"https:\\\/\\\/www.instagram.com\\\/reclamador.es\\\/\",\"https:\\\/\\\/www.linkedin.com\\\/company\\\/reclamador-es\",\"https:\\\/\\\/www.youtube.com\\\/user\\\/Reclamadores\"]},{\"@type\":\"Person\",\"@id\":\"https:\\\/\\\/www.reclamador.es\\\/blog\\\/#\\\/schema\\\/person\\\/1ed83eef8b6566cb5e4c812d9bc5c4bf\",\"name\":\"Equipo reclamador\",\"image\":{\"@type\":\"ImageObject\",\"inLanguage\":\"es\",\"@id\":\"https:\\\/\\\/secure.gravatar.com\\\/avatar\\\/6442ecdc2c4472c600c113f34d340feca47107d6aa4f42f1e3e75a2a8e28a760?s=96&d=mm&r=g\",\"url\":\"https:\\\/\\\/secure.gravatar.com\\\/avatar\\\/6442ecdc2c4472c600c113f34d340feca47107d6aa4f42f1e3e75a2a8e28a760?s=96&d=mm&r=g\",\"contentUrl\":\"https:\\\/\\\/secure.gravatar.com\\\/avatar\\\/6442ecdc2c4472c600c113f34d340feca47107d6aa4f42f1e3e75a2a8e28a760?s=96&d=mm&r=g\",\"caption\":\"Equipo reclamador\"},\"description\":\"Las personas que hacen posible reclamador.es\",\"url\":\"https:\\\/\\\/www.reclamador.es\\\/blog\\\/author\\\/administrador\\\/\"}]}<\/script>\n<!-- \/ Yoast SEO plugin. -->","yoast_head_json":{"title":"Campamentos de verano: preguntas y respuestas para padres","description":"Recopilamos las principales dudas legales que pueden surgirle a los padres a la hora de apuntar a sus hijos a campamentos de verano","robots":{"index":"index","follow":"follow","max-snippet":"max-snippet:-1","max-image-preview":"max-image-preview:large","max-video-preview":"max-video-preview:-1"},"canonical":"https:\/\/www.reclamador.es\/blog\/campamentos-verano-ninos\/","og_locale":"es_ES","og_type":"article","og_title":"Campamentos de verano: preguntas y respuestas para padres","og_description":"Recopilamos las principales dudas legales que pueden surgirle a los padres a la hora de apuntar a sus hijos a campamentos de verano","og_url":"https:\/\/www.reclamador.es\/blog\/campamentos-verano-ninos\/","og_site_name":"Rebeldes con causa, el blog de reclamador.es","article_publisher":"https:\/\/www.facebook.com\/reclamador.es","article_published_time":"2022-06-24T06:56:00+00:00","article_modified_time":"2023-10-23T08:13:45+00:00","og_image":[{"width":1200,"height":678,"url":"https:\/\/i0.wp.com\/www.reclamador.es\/blog\/wp-content\/uploads\/2021\/07\/responsabilidad-legal-hijos-campamentos-de-verano.jpg?fit=1200%2C678&ssl=1","type":"image\/jpeg"}],"author":"Equipo reclamador","twitter_card":"summary_large_image","twitter_creator":"@reclamador","twitter_site":"@reclamador","twitter_misc":{"Escrito por":"Equipo reclamador","Tiempo de lectura":"5 minutos"},"schema":{"@context":"https:\/\/schema.org","@graph":[{"@type":"Article","@id":"https:\/\/www.reclamador.es\/blog\/campamentos-verano-ninos\/#article","isPartOf":{"@id":"https:\/\/www.reclamador.es\/blog\/campamentos-verano-ninos\/"},"author":{"name":"Equipo reclamador","@id":"https:\/\/www.reclamador.es\/blog\/#\/schema\/person\/1ed83eef8b6566cb5e4c812d9bc5c4bf"},"headline":"Campamentos de verano para ni\u00f1os: \u00bfde qui\u00e9n es la responsabilidad legal?","datePublished":"2022-06-24T06:56:00+00:00","dateModified":"2023-10-23T08:13:45+00:00","mainEntityOfPage":{"@id":"https:\/\/www.reclamador.es\/blog\/campamentos-verano-ninos\/"},"wordCount":949,"commentCount":6,"publisher":{"@id":"https:\/\/www.reclamador.es\/blog\/#organization"},"image":{"@id":"https:\/\/www.reclamador.es\/blog\/campamentos-verano-ninos\/#primaryimage"},"thumbnailUrl":"https:\/\/i0.wp.com\/www.reclamador.es\/blog\/wp-content\/uploads\/2021\/07\/responsabilidad-legal-hijos-campamentos-de-verano.jpg?fit=1200%2C678&ssl=1","keywords":["servicios"],"articleSection":["Consejos legales"],"inLanguage":"es","potentialAction":[{"@type":"CommentAction","name":"Comment","target":["https:\/\/www.reclamador.es\/blog\/campamentos-verano-ninos\/#respond"]}]},{"@type":"WebPage","@id":"https:\/\/www.reclamador.es\/blog\/campamentos-verano-ninos\/","url":"https:\/\/www.reclamador.es\/blog\/campamentos-verano-ninos\/","name":"Campamentos de verano: preguntas y respuestas para padres","isPartOf":{"@id":"https:\/\/www.reclamador.es\/blog\/#website"},"primaryImageOfPage":{"@id":"https:\/\/www.reclamador.es\/blog\/campamentos-verano-ninos\/#primaryimage"},"image":{"@id":"https:\/\/www.reclamador.es\/blog\/campamentos-verano-ninos\/#primaryimage"},"thumbnailUrl":"https:\/\/i0.wp.com\/www.reclamador.es\/blog\/wp-content\/uploads\/2021\/07\/responsabilidad-legal-hijos-campamentos-de-verano.jpg?fit=1200%2C678&ssl=1","datePublished":"2022-06-24T06:56:00+00:00","dateModified":"2023-10-23T08:13:45+00:00","description":"Recopilamos las principales dudas legales que pueden surgirle a los padres a la hora de apuntar a sus hijos a campamentos de verano","breadcrumb":{"@id":"https:\/\/www.reclamador.es\/blog\/campamentos-verano-ninos\/#breadcrumb"},"inLanguage":"es","potentialAction":[{"@type":"ReadAction","target":["https:\/\/www.reclamador.es\/blog\/campamentos-verano-ninos\/"]}]},{"@type":"ImageObject","inLanguage":"es","@id":"https:\/\/www.reclamador.es\/blog\/campamentos-verano-ninos\/#primaryimage","url":"https:\/\/i0.wp.com\/www.reclamador.es\/blog\/wp-content\/uploads\/2021\/07\/responsabilidad-legal-hijos-campamentos-de-verano.jpg?fit=1200%2C678&ssl=1","contentUrl":"https:\/\/i0.wp.com\/www.reclamador.es\/blog\/wp-content\/uploads\/2021\/07\/responsabilidad-legal-hijos-campamentos-de-verano.jpg?fit=1200%2C678&ssl=1","width":1200,"height":678,"caption":"Responsabilidad legal en campamentos de verano"},{"@type":"BreadcrumbList","@id":"https:\/\/www.reclamador.es\/blog\/campamentos-verano-ninos\/#breadcrumb","itemListElement":[{"@type":"ListItem","position":1,"name":"Portada","item":"https:\/\/www.reclamador.es\/blog\/"},{"@type":"ListItem","position":2,"name":"Campamentos de verano para ni\u00f1os: \u00bfde qui\u00e9n es la responsabilidad legal?"}]},{"@type":"WebSite","@id":"https:\/\/www.reclamador.es\/blog\/#website","url":"https:\/\/www.reclamador.es\/blog\/","name":"Rebeldes con causa, el blog de reclamador.es","description":"Noticias, entrevistas y consejos sobre reclamaciones","publisher":{"@id":"https:\/\/www.reclamador.es\/blog\/#organization"},"potentialAction":[{"@type":"SearchAction","target":{"@type":"EntryPoint","urlTemplate":"https:\/\/www.reclamador.es\/blog\/?s={search_term_string}"},"query-input":{"@type":"PropertyValueSpecification","valueRequired":true,"valueName":"search_term_string"}}],"inLanguage":"es"},{"@type":"Organization","@id":"https:\/\/www.reclamador.es\/blog\/#organization","name":"reclamador.es","url":"https:\/\/www.reclamador.es\/blog\/","logo":{"@type":"ImageObject","inLanguage":"es","@id":"https:\/\/www.reclamador.es\/blog\/#\/schema\/logo\/image\/","url":"https:\/\/i0.wp.com\/www.reclamador.es\/blog\/wp-content\/uploads\/2020\/01\/logo-reclamador.png?fit=1200%2C144&ssl=1","contentUrl":"https:\/\/i0.wp.com\/www.reclamador.es\/blog\/wp-content\/uploads\/2020\/01\/logo-reclamador.png?fit=1200%2C144&ssl=1","width":1200,"height":144,"caption":"reclamador.es"},"image":{"@id":"https:\/\/www.reclamador.es\/blog\/#\/schema\/logo\/image\/"},"sameAs":["https:\/\/www.facebook.com\/reclamador.es","https:\/\/x.com\/reclamador","https:\/\/www.instagram.com\/reclamador.es\/","https:\/\/www.linkedin.com\/company\/reclamador-es","https:\/\/www.youtube.com\/user\/Reclamadores"]},{"@type":"Person","@id":"https:\/\/www.reclamador.es\/blog\/#\/schema\/person\/1ed83eef8b6566cb5e4c812d9bc5c4bf","name":"Equipo reclamador","image":{"@type":"ImageObject","inLanguage":"es","@id":"https:\/\/secure.gravatar.com\/avatar\/6442ecdc2c4472c600c113f34d340feca47107d6aa4f42f1e3e75a2a8e28a760?s=96&d=mm&r=g","url":"https:\/\/secure.gravatar.com\/avatar\/6442ecdc2c4472c600c113f34d340feca47107d6aa4f42f1e3e75a2a8e28a760?s=96&d=mm&r=g","contentUrl":"https:\/\/secure.gravatar.com\/avatar\/6442ecdc2c4472c600c113f34d340feca47107d6aa4f42f1e3e75a2a8e28a760?s=96&d=mm&r=g","caption":"Equipo reclamador"},"description":"Las personas que hacen posible reclamador.es","url":"https:\/\/www.reclamador.es\/blog\/author\/administrador\/"}]}},"jetpack_featured_media_url":"https:\/\/i0.wp.com\/www.reclamador.es\/blog\/wp-content\/uploads\/2021\/07\/responsabilidad-legal-hijos-campamentos-de-verano.jpg?fit=1200%2C678&ssl=1","jetpack-related-posts":[{"id":22384,"url":"https:\/\/www.reclamador.es\/blog\/accidentes-piscinas-verano\/","url_meta":{"origin":22181,"position":0},"title":"Accidentes en piscinas: \u00bfde qui\u00e9n es la responsabilidad en cada caso?","author":"Equipo reclamador","date":"16 junio, 2024","format":false,"excerpt":"Las piscinas son uno de los s\u00edmbolos del verano. Sin duda, es tiempo de descansar al sol, desconectar y darse un buen ba\u00f1o. Pero, \u00a1cuidado! Los accidentes en piscinas, como resbalones, cortes, golpes o ahogamientos pueden ser tambi\u00e9n protagonistas en los chapuzones en verano. En este sentido, en reclamador.es, vamos\u2026","rel":"","context":"En \u00abConsejos legales\u00bb","block_context":{"text":"Consejos legales","link":"https:\/\/www.reclamador.es\/blog\/consejos\/"},"img":{"alt_text":"accidentes en piscinas","src":"https:\/\/i0.wp.com\/www.reclamador.es\/blog\/wp-content\/uploads\/2019\/07\/accidentes-en-piscinas.jpg?fit=1200%2C677&ssl=1&resize=350%2C200","width":350,"height":200,"srcset":"https:\/\/i0.wp.com\/www.reclamador.es\/blog\/wp-content\/uploads\/2019\/07\/accidentes-en-piscinas.jpg?fit=1200%2C677&ssl=1&resize=350%2C200 1x, https:\/\/i0.wp.com\/www.reclamador.es\/blog\/wp-content\/uploads\/2019\/07\/accidentes-en-piscinas.jpg?fit=1200%2C677&ssl=1&resize=525%2C300 1.5x, https:\/\/i0.wp.com\/www.reclamador.es\/blog\/wp-content\/uploads\/2019\/07\/accidentes-en-piscinas.jpg?fit=1200%2C677&ssl=1&resize=700%2C400 2x, https:\/\/i0.wp.com\/www.reclamador.es\/blog\/wp-content\/uploads\/2019\/07\/accidentes-en-piscinas.jpg?fit=1200%2C677&ssl=1&resize=1050%2C600 3x"},"classes":[]},{"id":34186,"url":"https:\/\/www.reclamador.es\/blog\/puede-un-menor-viajar-en-avion-solo\/","url_meta":{"origin":22181,"position":1},"title":"\u00bfCu\u00e1ndo puede un menor viajar solo en avi\u00f3n?","author":"Alicia Ria\u00f1o","date":"12 mayo, 2025","format":false,"excerpt":"Seguramente, a la pregunta \u00bfpuede un menor viajar en avi\u00f3n solo? est\u00e9s pensando que depender\u00e1 de la edad, pues puede no ser lo mismo tener 17 a\u00f1os y querer hacer un viaje con amigos en avi\u00f3n para pasar, por ejemplo, las vacaciones de verano en Ibiza, que hablar de un\u2026","rel":"","context":"En \u00abConsejos legales\u00bb","block_context":{"text":"Consejos legales","link":"https:\/\/www.reclamador.es\/blog\/consejos\/"},"img":{"alt_text":"puede un menor viajar en avion solo Espa\u00f1a internacional","src":"https:\/\/i0.wp.com\/www.reclamador.es\/blog\/wp-content\/uploads\/2025\/05\/cuando-puede-viajar-solo-un-menor-en-un-avion-1200x630-1.jpg?fit=1200%2C630&ssl=1&resize=350%2C200","width":350,"height":200,"srcset":"https:\/\/i0.wp.com\/www.reclamador.es\/blog\/wp-content\/uploads\/2025\/05\/cuando-puede-viajar-solo-un-menor-en-un-avion-1200x630-1.jpg?fit=1200%2C630&ssl=1&resize=350%2C200 1x, https:\/\/i0.wp.com\/www.reclamador.es\/blog\/wp-content\/uploads\/2025\/05\/cuando-puede-viajar-solo-un-menor-en-un-avion-1200x630-1.jpg?fit=1200%2C630&ssl=1&resize=525%2C300 1.5x, https:\/\/i0.wp.com\/www.reclamador.es\/blog\/wp-content\/uploads\/2025\/05\/cuando-puede-viajar-solo-un-menor-en-un-avion-1200x630-1.jpg?fit=1200%2C630&ssl=1&resize=700%2C400 2x, https:\/\/i0.wp.com\/www.reclamador.es\/blog\/wp-content\/uploads\/2025\/05\/cuando-puede-viajar-solo-un-menor-en-un-avion-1200x630-1.jpg?fit=1200%2C630&ssl=1&resize=1050%2C600 3x"},"classes":[]},{"id":31325,"url":"https:\/\/www.reclamador.es\/blog\/ranking-verano-2023\/","url_meta":{"origin":22181,"position":2},"title":"Ranking verano 2023: Ryanair y Vueling, las aerol\u00edneas m\u00e1s reclamadas","author":"Equipo reclamador","date":"14 septiembre, 2023","format":false,"excerpt":"El verano siempre impacta con fuerza en el sector a\u00e9reo. No en vano, m\u00e1s de 12.000 personas han reclamado contra las aerol\u00edneas en los meses centrales de este verano con reclamador.es. Dado este importante volumen, hemos elaborado un ranking con las aerol\u00edneas m\u00e1s reclamadas entre junio, julio y agosto, para\u2026","rel":"","context":"En \u00abNoticias y actualidad\u00bb","block_context":{"text":"Noticias y actualidad","link":"https:\/\/www.reclamador.es\/blog\/noticias\/"},"img":{"alt_text":"reclamador.es reclamaciones a aerol\u00edneas ranking","src":"https:\/\/i0.wp.com\/www.reclamador.es\/blog\/wp-content\/uploads\/2023\/09\/Ranking-aerolineas-mas-reclamadas-verano-2023.jpg?fit=1200%2C639&ssl=1&resize=350%2C200","width":350,"height":200,"srcset":"https:\/\/i0.wp.com\/www.reclamador.es\/blog\/wp-content\/uploads\/2023\/09\/Ranking-aerolineas-mas-reclamadas-verano-2023.jpg?fit=1200%2C639&ssl=1&resize=350%2C200 1x, https:\/\/i0.wp.com\/www.reclamador.es\/blog\/wp-content\/uploads\/2023\/09\/Ranking-aerolineas-mas-reclamadas-verano-2023.jpg?fit=1200%2C639&ssl=1&resize=525%2C300 1.5x, https:\/\/i0.wp.com\/www.reclamador.es\/blog\/wp-content\/uploads\/2023\/09\/Ranking-aerolineas-mas-reclamadas-verano-2023.jpg?fit=1200%2C639&ssl=1&resize=700%2C400 2x, https:\/\/i0.wp.com\/www.reclamador.es\/blog\/wp-content\/uploads\/2023\/09\/Ranking-aerolineas-mas-reclamadas-verano-2023.jpg?fit=1200%2C639&ssl=1&resize=1050%2C600 3x"},"classes":[]},{"id":22493,"url":"https:\/\/www.reclamador.es\/blog\/redes-sociales-verano-cosas-no-publicar\/","url_meta":{"origin":22181,"position":3},"title":"Tres cosas que no debes publicar en redes sociales en vacaciones","author":"Alicia Ria\u00f1o","date":"21 junio, 2024","format":false,"excerpt":"Seguro que muchos ya est\u00e1is de vacaciones o deseando que se lleguen esos d\u00edas para pasarlos lejos de casa, o en ella, pero descansando y disfrutando de familia o amigos. Con las redes sociales, ahora, adem\u00e1s, se cuenta a los seguidores todo lo que ocurre en vacaciones. Pero esto tiene,\u2026","rel":"","context":"En \u00abConsejos legales\u00bb","block_context":{"text":"Consejos legales","link":"https:\/\/www.reclamador.es\/blog\/consejos\/"},"img":{"alt_text":"Qu\u00e9 no publicar en redes sociales foto familia vacaciones redes sociales","src":"https:\/\/i0.wp.com\/www.reclamador.es\/blog\/wp-content\/uploads\/2021\/07\/publicar-en-redes-sociales.jpg?fit=1200%2C630&ssl=1&resize=350%2C200","width":350,"height":200,"srcset":"https:\/\/i0.wp.com\/www.reclamador.es\/blog\/wp-content\/uploads\/2021\/07\/publicar-en-redes-sociales.jpg?fit=1200%2C630&ssl=1&resize=350%2C200 1x, https:\/\/i0.wp.com\/www.reclamador.es\/blog\/wp-content\/uploads\/2021\/07\/publicar-en-redes-sociales.jpg?fit=1200%2C630&ssl=1&resize=525%2C300 1.5x, https:\/\/i0.wp.com\/www.reclamador.es\/blog\/wp-content\/uploads\/2021\/07\/publicar-en-redes-sociales.jpg?fit=1200%2C630&ssl=1&resize=700%2C400 2x, https:\/\/i0.wp.com\/www.reclamador.es\/blog\/wp-content\/uploads\/2021\/07\/publicar-en-redes-sociales.jpg?fit=1200%2C630&ssl=1&resize=1050%2C600 3x"},"classes":[]},{"id":35937,"url":"https:\/\/www.reclamador.es\/blog\/vuelos-verano-2026-cancelaciones-plazo-reclamar\/","url_meta":{"origin":22181,"position":4},"title":"\u00bfYa tienes los vuelos contratados para este verano 2026? Ojo con las cancelaciones","author":"Alicia Ria\u00f1o","date":"29 abril, 2026","format":false,"excerpt":"Despu\u00e9s de Semana Santa son muchas las personas que dan el paso de contratar sus vacaciones de verano. Este 2026 viene marcado por la clara subida de precios y la inestabilidad geopol\u00edtica en zonas que antes serv\u00edan no solo como destino vacacional sino tambi\u00e9n como nudo de comunicaciones y escalas,\u2026","rel":"","context":"En \u00abConsejos legales\u00bb","block_context":{"text":"Consejos legales","link":"https:\/\/www.reclamador.es\/blog\/consejos\/"},"img":{"alt_text":"vuelos verano 2026 - cancelacion vuelo precio combustible","src":"https:\/\/i0.wp.com\/www.reclamador.es\/blog\/wp-content\/uploads\/2026\/04\/vuelos-verano-2026-cancelaciones-por-combustible.jpg?fit=1200%2C672&ssl=1&resize=350%2C200","width":350,"height":200,"srcset":"https:\/\/i0.wp.com\/www.reclamador.es\/blog\/wp-content\/uploads\/2026\/04\/vuelos-verano-2026-cancelaciones-por-combustible.jpg?fit=1200%2C672&ssl=1&resize=350%2C200 1x, https:\/\/i0.wp.com\/www.reclamador.es\/blog\/wp-content\/uploads\/2026\/04\/vuelos-verano-2026-cancelaciones-por-combustible.jpg?fit=1200%2C672&ssl=1&resize=525%2C300 1.5x, https:\/\/i0.wp.com\/www.reclamador.es\/blog\/wp-content\/uploads\/2026\/04\/vuelos-verano-2026-cancelaciones-por-combustible.jpg?fit=1200%2C672&ssl=1&resize=700%2C400 2x, https:\/\/i0.wp.com\/www.reclamador.es\/blog\/wp-content\/uploads\/2026\/04\/vuelos-verano-2026-cancelaciones-por-combustible.jpg?fit=1200%2C672&ssl=1&resize=1050%2C600 3x"},"classes":[]},{"id":8828,"url":"https:\/\/www.reclamador.es\/blog\/condiciones-trabajo-en-verano\/","url_meta":{"origin":22181,"position":5},"title":"\u00bfQu\u00e9 condiciones deben tener los trabajos de verano?","author":"Equipo reclamador","date":"4 julio, 2017","format":false,"excerpt":"El mes de junio suele ser bueno para la ca\u00edda del paro. En concreto, este a\u00f1o\u00a0ha bajado en casi 100.000 personas\u00a0seg\u00fan los datos del Ministerio de Empleo y Seguridad Social conocidos hoy. Esto se explica teniendo en cuenta el peso que tiene en nuestro pa\u00eds el turismo estival. Sin embargo,\u00a0s\u00f3lo\u2026","rel":"","context":"En \u00abConsejos legales\u00bb","block_context":{"text":"Consejos legales","link":"https:\/\/www.reclamador.es\/blog\/consejos\/"},"img":{"alt_text":"","src":"https:\/\/i0.wp.com\/www.reclamador.es\/blog\/wp-content\/uploads\/2017\/07\/cocinero-trabajando-verano.jpg?fit=1200%2C800&ssl=1&resize=350%2C200","width":350,"height":200,"srcset":"https:\/\/i0.wp.com\/www.reclamador.es\/blog\/wp-content\/uploads\/2017\/07\/cocinero-trabajando-verano.jpg?fit=1200%2C800&ssl=1&resize=350%2C200 1x, https:\/\/i0.wp.com\/www.reclamador.es\/blog\/wp-content\/uploads\/2017\/07\/cocinero-trabajando-verano.jpg?fit=1200%2C800&ssl=1&resize=525%2C300 1.5x, https:\/\/i0.wp.com\/www.reclamador.es\/blog\/wp-content\/uploads\/2017\/07\/cocinero-trabajando-verano.jpg?fit=1200%2C800&ssl=1&resize=700%2C400 2x, https:\/\/i0.wp.com\/www.reclamador.es\/blog\/wp-content\/uploads\/2017\/07\/cocinero-trabajando-verano.jpg?fit=1200%2C800&ssl=1&resize=1050%2C600 3x"},"classes":[]}],"jetpack_sharing_enabled":true,"_links":{"self":[{"href":"https:\/\/www.reclamador.es\/blog\/wp-json\/wp\/v2\/posts\/22181","targetHints":{"allow":["GET"]}}],"collection":[{"href":"https:\/\/www.reclamador.es\/blog\/wp-json\/wp\/v2\/posts"}],"about":[{"href":"https:\/\/www.reclamador.es\/blog\/wp-json\/wp\/v2\/types\/post"}],"author":[{"embeddable":true,"href":"https:\/\/www.reclamador.es\/blog\/wp-json\/wp\/v2\/users\/1"}],"replies":[{"embeddable":true,"href":"https:\/\/www.reclamador.es\/blog\/wp-json\/wp\/v2\/comments?post=22181"}],"version-history":[{"count":12,"href":"https:\/\/www.reclamador.es\/blog\/wp-json\/wp\/v2\/posts\/22181\/revisions"}],"predecessor-version":[{"id":31560,"href":"https:\/\/www.reclamador.es\/blog\/wp-json\/wp\/v2\/posts\/22181\/revisions\/31560"}],"wp:featuredmedia":[{"embeddable":true,"href":"https:\/\/www.reclamador.es\/blog\/wp-json\/wp\/v2\/media\/29917"}],"wp:attachment":[{"href":"https:\/\/www.reclamador.es\/blog\/wp-json\/wp\/v2\/media?parent=22181"}],"wp:term":[{"taxonomy":"category","embeddable":true,"href":"https:\/\/www.reclamador.es\/blog\/wp-json\/wp\/v2\/categories?post=22181"},{"taxonomy":"post_tag","embeddable":true,"href":"https:\/\/www.reclamador.es\/blog\/wp-json\/wp\/v2\/tags?post=22181"}],"curies":[{"name":"wp","href":"https:\/\/api.w.org\/{rel}","templated":true}]}}