{"id":22047,"date":"2019-05-29T11:54:16","date_gmt":"2019-05-29T09:54:16","guid":{"rendered":"https:\/\/www.reclamador.es\/blog\/?p=22047"},"modified":"2025-01-29T09:49:57","modified_gmt":"2025-01-29T08:49:57","slug":"decelera-menorca-pablo-rabanal","status":"publish","type":"post","link":"https:\/\/www.reclamador.es\/blog\/decelera-menorca-pablo-rabanal\/","title":{"rendered":"Decelera Menorca o c\u00f3mo reiniciar un proyecto para luego impulsarlo"},"content":{"rendered":"<div class=\"ttr_start\"><\/div>\n\n<div class=\"kk-star-ratings kksr-auto kksr-align-right kksr-valign-top\"\n    data-payload='{&quot;align&quot;:&quot;right&quot;,&quot;id&quot;:&quot;22047&quot;,&quot;slug&quot;:&quot;default&quot;,&quot;valign&quot;:&quot;top&quot;,&quot;ignore&quot;:&quot;&quot;,&quot;reference&quot;:&quot;auto&quot;,&quot;class&quot;:&quot;&quot;,&quot;count&quot;:&quot;2&quot;,&quot;legendonly&quot;:&quot;&quot;,&quot;readonly&quot;:&quot;&quot;,&quot;score&quot;:&quot;5&quot;,&quot;starsonly&quot;:&quot;&quot;,&quot;best&quot;:&quot;5&quot;,&quot;gap&quot;:&quot;3&quot;,&quot;greet&quot;:&quot;Valora este art\u00edculo&quot;,&quot;legend&quot;:&quot;5\\\/5 - (2 votos)&quot;,&quot;size&quot;:&quot;20&quot;,&quot;title&quot;:&quot;Decelera Menorca o c\u00f3mo reiniciar un proyecto para luego impulsarlo&quot;,&quot;width&quot;:&quot;113.5&quot;,&quot;_legend&quot;:&quot;{score}\\\/{best} - ({count} {votes})&quot;,&quot;font_factor&quot;:&quot;1.25&quot;}'>\n            \n<div class=\"kksr-stars\">\n    \n<div class=\"kksr-stars-inactive\">\n            <div class=\"kksr-star\" data-star=\"1\" style=\"padding-right: 3px\">\n            \n\n<div class=\"kksr-icon\" style=\"width: 20px; height: 20px;\"><\/div>\n        <\/div>\n            <div class=\"kksr-star\" data-star=\"2\" style=\"padding-right: 3px\">\n            \n\n<div class=\"kksr-icon\" style=\"width: 20px; height: 20px;\"><\/div>\n        <\/div>\n            <div class=\"kksr-star\" data-star=\"3\" style=\"padding-right: 3px\">\n            \n\n<div class=\"kksr-icon\" style=\"width: 20px; height: 20px;\"><\/div>\n        <\/div>\n            <div class=\"kksr-star\" data-star=\"4\" style=\"padding-right: 3px\">\n            \n\n<div class=\"kksr-icon\" style=\"width: 20px; height: 20px;\"><\/div>\n        <\/div>\n            <div class=\"kksr-star\" data-star=\"5\" style=\"padding-right: 3px\">\n            \n\n<div class=\"kksr-icon\" style=\"width: 20px; height: 20px;\"><\/div>\n        <\/div>\n    <\/div>\n    \n<div class=\"kksr-stars-active\" style=\"width: 113.5px;\">\n            <div class=\"kksr-star\" style=\"padding-right: 3px\">\n            \n\n<div class=\"kksr-icon\" style=\"width: 20px; height: 20px;\"><\/div>\n        <\/div>\n            <div class=\"kksr-star\" style=\"padding-right: 3px\">\n            \n\n<div class=\"kksr-icon\" style=\"width: 20px; height: 20px;\"><\/div>\n        <\/div>\n            <div class=\"kksr-star\" style=\"padding-right: 3px\">\n            \n\n<div class=\"kksr-icon\" style=\"width: 20px; height: 20px;\"><\/div>\n        <\/div>\n            <div class=\"kksr-star\" style=\"padding-right: 3px\">\n            \n\n<div class=\"kksr-icon\" style=\"width: 20px; height: 20px;\"><\/div>\n        <\/div>\n            <div class=\"kksr-star\" style=\"padding-right: 3px\">\n            \n\n<div class=\"kksr-icon\" style=\"width: 20px; height: 20px;\"><\/div>\n        <\/div>\n    <\/div>\n<\/div>\n                \n\n<div class=\"kksr-legend\" style=\"font-size: 16px;\">\n            5\/5 - (2 votos)    <\/div>\n    <\/div>\n<figure id=\"attachment_22058\" aria-describedby=\"caption-attachment-22058\" style=\"width: 1200px\" class=\"wp-caption alignnone\"><img data-recalc-dims=\"1\" loading=\"lazy\" decoding=\"async\" class=\"size-full wp-image-22058\" src=\"https:\/\/i0.wp.com\/www.reclamador.es\/blog\/wp-content\/uploads\/2019\/05\/decelera-pablo-rabanal.png?resize=1200%2C800&#038;ssl=1\" alt=\"Pablo Rabanal, CEO de reclamador.es, en Decelera Menorca 2019\" width=\"1200\" height=\"800\" srcset=\"https:\/\/i0.wp.com\/www.reclamador.es\/blog\/wp-content\/uploads\/2019\/05\/decelera-pablo-rabanal.png?w=1200&amp;ssl=1 1200w, https:\/\/i0.wp.com\/www.reclamador.es\/blog\/wp-content\/uploads\/2019\/05\/decelera-pablo-rabanal.png?resize=150%2C100&amp;ssl=1 150w, https:\/\/i0.wp.com\/www.reclamador.es\/blog\/wp-content\/uploads\/2019\/05\/decelera-pablo-rabanal.png?resize=300%2C200&amp;ssl=1 300w, https:\/\/i0.wp.com\/www.reclamador.es\/blog\/wp-content\/uploads\/2019\/05\/decelera-pablo-rabanal.png?resize=768%2C512&amp;ssl=1 768w, https:\/\/i0.wp.com\/www.reclamador.es\/blog\/wp-content\/uploads\/2019\/05\/decelera-pablo-rabanal.png?resize=1024%2C683&amp;ssl=1 1024w\" sizes=\"auto, (max-width: 1000px) 100vw, 1000px\" \/><figcaption id=\"caption-attachment-22058\" class=\"wp-caption-text\"><em>Pablo Rabanal, CEO de reclamador.es, en Decelera Menorca 2019<\/em><\/figcaption><\/figure>\n<p>Decelera Menorca \u2013antes Menorca Millennials\u2013 se ha convertido ya en sin\u00f3nimo de \u00e9xito para todas aquellas startups tecno-sostenibles que buscan financiaci\u00f3n para sus proyectos.<\/p>\n<p>En su quinta edici\u00f3n, que se celebra del 24 de mayo al 4 de junio en la isla balear que le da nombre, se dejan a un lado los trajes de chaqueta, las corbatas e incluso los zapatos para aprender en charlas informales sobre c\u00f3mo emprender y desenvolverse dentro del ecosistema como empresa emergente. Y la f\u00f3rmula parece que funciona: ya han participado m\u00e1s de 150 startups desde su origen y casi una de cada dos consigue captar inversiones.<\/p>\n<p>As\u00ed, nuestro CEO\u00a0<strong>Pablo Rabanal,<\/strong> ha acudido a la cita junto a emprendedores, inversores y mentores para explicar su experiencia en <strong>reclamador.es<\/strong> y aconsejar a los futuros alumnos, contando tantos \u00e9xitos como fracasos de su experiencia tras fundar nuestra compa\u00f1\u00eda en 2012. No en vano, Pablo es uno de los emprendedores incluidos en la prestigiosa red de <strong><a href=\"https:\/\/spain.endeavor.org\/\" target=\"_blank\" rel=\"noopener noreferrer\">Endeavor Espa\u00f1a<\/a>.<\/strong><\/p>\n<h2><strong>Decelera Menorca: reclinados en puf porque ayuda a pensar de una forma m\u00e1s rela<\/strong><strong>jada <\/strong><\/h2>\n<p>En Decelera Menorca, el programa propone \u201cdesacelerar\u201d para tomar impulso. Frenar para luego coger carrerilla y llevar a la pr\u00e1ctica el proyecto en s\u00ed. Es decir, para levantar un idea, los responsables de <em>Decelera Menorca<\/em> instan a los emprendedores a que se <em>desaceleren<\/em>, se inspiren e impulsen sus planes a otro ritmo, en lugar de estar todo el d\u00eda tratando de \u201cproducir una obra maestra\u201d. Para ello, qu\u00e9 mejor que tumbarse en un c\u00f3modo puf en una terraza con vistas al mar. Playa, luz, clima agradable y jornadas de desconexi\u00f3n para absorber la m\u00e1xima informaci\u00f3n posible de todos los integrantes de esta comunidad.<\/p>\n<p>En esta edici\u00f3n de 2019 han participado una veintena de startups, seleccionadas de un total de\u00a0500 proyectos emprendedores, procedentes de 77 nacionalidades diferentes, de todos los continentes.<\/p>\n<h2><strong>\u00bfConoces\u00a0reclamador.es?\u00a0<\/strong><\/h2>\n<p>Somos una compa\u00f1\u00eda online de servicios legales. La empresa fue fundada en el a\u00f1o 2012 por el emprendedor Pablo Rabanal y desde entonces unimos tecnolog\u00eda y un gran equipo de profesionales del Derecho para defender a nuestros clientes. Todo el proceso es online, sin necesidad de desplazamientos, con un ordenador, m\u00f3vil o tablet podr\u00e1s descubrir en qu\u00e9 casos te ayuda reclamador.es y comenzar tu reclamaci\u00f3n, sabiendo que a tu lado estar\u00e1 un amplio equipo de abogados expertos en la materia que desees que te defendamos o asesoremos legalmente.<\/p>\n<div>\n<div dir=\"ltr\" data-smartmail=\"gmail_signature\">\n<div dir=\"ltr\">\n<h2 style=\"text-align: center;\"><a class=\"button-lead\" href=\"https:\/\/www.reclamador.es\/\"><span style=\"font-weight: 400;\"><strong>\u00bfQuieres saber en qu\u00e9 casos te ayudamos?<\/strong><\/span><\/a><\/h2>\n<\/div>\n<\/div>\n<\/div>\n<p style=\"text-align: left;\">Si te ha parecido interesante esta noticia sobre la participaci\u00f3n de Pablo Rabanal en Decelera Menorca 2019, \u00a1comp\u00e1rtela en tus redes!<\/p>\n<p style=\"text-align: left;\">\ud83d\ude42<\/p>\n<div class=\"ttr_end\"><\/div>","protected":false},"excerpt":{"rendered":"<p>Decelera Menorca \u2013antes Menorca Millennials\u2013 se ha convertido ya en sin\u00f3nimo de \u00e9xito para todas aquellas startups tecno-sostenibles que buscan financiaci\u00f3n para sus proyectos. En su quinta edici\u00f3n, que se celebra del 24 de mayo al 4 de junio en la isla balear que le da nombre, se dejan a un lado los trajes de [&hellip;]<\/p>\n","protected":false},"author":3,"featured_media":22058,"comment_status":"open","ping_status":"open","sticky":false,"template":"","format":"standard","meta":{"_acf_changed":false,"_genesis_hide_title":false,"_genesis_hide_breadcrumbs":false,"_genesis_hide_singular_image":false,"_genesis_hide_footer_widgets":false,"_genesis_custom_body_class":"","_genesis_custom_post_class":"","_genesis_layout":"","_jetpack_newsletter_access":"","_jetpack_dont_email_post_to_subs":false,"_jetpack_newsletter_tier_id":0,"_jetpack_memberships_contains_paywalled_content":false,"_jetpack_memberships_contains_paid_content":false,"footnotes":""},"categories":[392],"tags":[648,758],"class_list":{"0":"post-22047","1":"post","2":"type-post","3":"status-publish","4":"format-standard","5":"has-post-thumbnail","7":"category-noticias","8":"tag-branding","9":"tag-evento","10":"entry"},"acf":[],"yoast_head":"<!-- This site is optimized with the Yoast SEO plugin v27.4 - https:\/\/yoast.com\/product\/yoast-seo-wordpress\/ -->\n<title>Pablo Rabanal participa en Decelera Menorca 2019<\/title>\n<meta name=\"description\" content=\"Pablo Rabanal, CEO de reclamador, ha participado en el evento Decelera Menorca, donde se han dado cita m\u00e1s de 20 startups de todos los continentes.\" \/>\n<meta name=\"robots\" content=\"index, follow, max-snippet:-1, max-image-preview:large, max-video-preview:-1\" \/>\n<link rel=\"canonical\" href=\"https:\/\/www.reclamador.es\/blog\/decelera-menorca-pablo-rabanal\/\" \/>\n<meta property=\"og:locale\" content=\"es_ES\" \/>\n<meta property=\"og:type\" content=\"article\" \/>\n<meta property=\"og:title\" content=\"Pablo Rabanal participa en Decelera Menorca 2019\" \/>\n<meta property=\"og:description\" content=\"Pablo Rabanal, CEO de reclamador, ha participado en el evento Decelera Menorca, donde se han dado cita m\u00e1s de 20 startups de todos los continentes.\" \/>\n<meta property=\"og:url\" content=\"https:\/\/www.reclamador.es\/blog\/decelera-menorca-pablo-rabanal\/\" \/>\n<meta property=\"og:site_name\" content=\"Rebeldes con causa, el blog de reclamador.es\" \/>\n<meta property=\"article:publisher\" content=\"https:\/\/www.facebook.com\/reclamador.es\" \/>\n<meta property=\"article:published_time\" content=\"2019-05-29T09:54:16+00:00\" \/>\n<meta property=\"article:modified_time\" content=\"2025-01-29T08:49:57+00:00\" \/>\n<meta property=\"og:image\" content=\"https:\/\/www.reclamador.es\/blog\/wp-content\/uploads\/2019\/05\/decelera-pablo-rabanal.png\" \/>\n\t<meta property=\"og:image:width\" content=\"1200\" \/>\n\t<meta property=\"og:image:height\" content=\"800\" \/>\n\t<meta property=\"og:image:type\" content=\"image\/png\" \/>\n<meta name=\"author\" content=\"Cristina Naveda\" \/>\n<meta name=\"twitter:card\" content=\"summary_large_image\" \/>\n<meta name=\"twitter:creator\" content=\"@reclamador\" \/>\n<meta name=\"twitter:site\" content=\"@reclamador\" \/>\n<meta name=\"twitter:label1\" content=\"Escrito por\" \/>\n\t<meta name=\"twitter:data1\" content=\"Cristina Naveda\" \/>\n\t<meta name=\"twitter:label2\" content=\"Tiempo de lectura\" \/>\n\t<meta name=\"twitter:data2\" content=\"3 minutos\" \/>\n<script type=\"application\/ld+json\" class=\"yoast-schema-graph\">{\"@context\":\"https:\\\/\\\/schema.org\",\"@graph\":[{\"@type\":\"Article\",\"@id\":\"https:\\\/\\\/www.reclamador.es\\\/blog\\\/decelera-menorca-pablo-rabanal\\\/#article\",\"isPartOf\":{\"@id\":\"https:\\\/\\\/www.reclamador.es\\\/blog\\\/decelera-menorca-pablo-rabanal\\\/\"},\"author\":{\"name\":\"Cristina Naveda\",\"@id\":\"https:\\\/\\\/www.reclamador.es\\\/blog\\\/#\\\/schema\\\/person\\\/c446a02b3fcf1607a8a2139c36fbe583\"},\"headline\":\"Decelera Menorca o c\u00f3mo reiniciar un proyecto para luego impulsarlo\",\"datePublished\":\"2019-05-29T09:54:16+00:00\",\"dateModified\":\"2025-01-29T08:49:57+00:00\",\"mainEntityOfPage\":{\"@id\":\"https:\\\/\\\/www.reclamador.es\\\/blog\\\/decelera-menorca-pablo-rabanal\\\/\"},\"wordCount\":471,\"commentCount\":0,\"publisher\":{\"@id\":\"https:\\\/\\\/www.reclamador.es\\\/blog\\\/#organization\"},\"image\":{\"@id\":\"https:\\\/\\\/www.reclamador.es\\\/blog\\\/decelera-menorca-pablo-rabanal\\\/#primaryimage\"},\"thumbnailUrl\":\"https:\\\/\\\/i0.wp.com\\\/www.reclamador.es\\\/blog\\\/wp-content\\\/uploads\\\/2019\\\/05\\\/decelera-pablo-rabanal.png?fit=1200%2C800&ssl=1\",\"keywords\":[\"branding\",\"evento\"],\"articleSection\":[\"Noticias y actualidad\"],\"inLanguage\":\"es\",\"potentialAction\":[{\"@type\":\"CommentAction\",\"name\":\"Comment\",\"target\":[\"https:\\\/\\\/www.reclamador.es\\\/blog\\\/decelera-menorca-pablo-rabanal\\\/#respond\"]}]},{\"@type\":\"WebPage\",\"@id\":\"https:\\\/\\\/www.reclamador.es\\\/blog\\\/decelera-menorca-pablo-rabanal\\\/\",\"url\":\"https:\\\/\\\/www.reclamador.es\\\/blog\\\/decelera-menorca-pablo-rabanal\\\/\",\"name\":\"Pablo Rabanal participa en Decelera Menorca 2019\",\"isPartOf\":{\"@id\":\"https:\\\/\\\/www.reclamador.es\\\/blog\\\/#website\"},\"primaryImageOfPage\":{\"@id\":\"https:\\\/\\\/www.reclamador.es\\\/blog\\\/decelera-menorca-pablo-rabanal\\\/#primaryimage\"},\"image\":{\"@id\":\"https:\\\/\\\/www.reclamador.es\\\/blog\\\/decelera-menorca-pablo-rabanal\\\/#primaryimage\"},\"thumbnailUrl\":\"https:\\\/\\\/i0.wp.com\\\/www.reclamador.es\\\/blog\\\/wp-content\\\/uploads\\\/2019\\\/05\\\/decelera-pablo-rabanal.png?fit=1200%2C800&ssl=1\",\"datePublished\":\"2019-05-29T09:54:16+00:00\",\"dateModified\":\"2025-01-29T08:49:57+00:00\",\"description\":\"Pablo Rabanal, CEO de reclamador, ha participado en el evento Decelera Menorca, donde se han dado cita m\u00e1s de 20 startups de todos los continentes.\",\"breadcrumb\":{\"@id\":\"https:\\\/\\\/www.reclamador.es\\\/blog\\\/decelera-menorca-pablo-rabanal\\\/#breadcrumb\"},\"inLanguage\":\"es\",\"potentialAction\":[{\"@type\":\"ReadAction\",\"target\":[\"https:\\\/\\\/www.reclamador.es\\\/blog\\\/decelera-menorca-pablo-rabanal\\\/\"]}]},{\"@type\":\"ImageObject\",\"inLanguage\":\"es\",\"@id\":\"https:\\\/\\\/www.reclamador.es\\\/blog\\\/decelera-menorca-pablo-rabanal\\\/#primaryimage\",\"url\":\"https:\\\/\\\/i0.wp.com\\\/www.reclamador.es\\\/blog\\\/wp-content\\\/uploads\\\/2019\\\/05\\\/decelera-pablo-rabanal.png?fit=1200%2C800&ssl=1\",\"contentUrl\":\"https:\\\/\\\/i0.wp.com\\\/www.reclamador.es\\\/blog\\\/wp-content\\\/uploads\\\/2019\\\/05\\\/decelera-pablo-rabanal.png?fit=1200%2C800&ssl=1\",\"width\":1200,\"height\":800,\"caption\":\"Pablo Rabanal, CEO de reclamador.es, en Decelera Menorca 2019\"},{\"@type\":\"BreadcrumbList\",\"@id\":\"https:\\\/\\\/www.reclamador.es\\\/blog\\\/decelera-menorca-pablo-rabanal\\\/#breadcrumb\",\"itemListElement\":[{\"@type\":\"ListItem\",\"position\":1,\"name\":\"Portada\",\"item\":\"https:\\\/\\\/www.reclamador.es\\\/blog\\\/\"},{\"@type\":\"ListItem\",\"position\":2,\"name\":\"Decelera Menorca o c\u00f3mo reiniciar un proyecto para luego impulsarlo\"}]},{\"@type\":\"WebSite\",\"@id\":\"https:\\\/\\\/www.reclamador.es\\\/blog\\\/#website\",\"url\":\"https:\\\/\\\/www.reclamador.es\\\/blog\\\/\",\"name\":\"Rebeldes con causa, el blog de reclamador.es\",\"description\":\"Noticias, entrevistas y consejos sobre reclamaciones\",\"publisher\":{\"@id\":\"https:\\\/\\\/www.reclamador.es\\\/blog\\\/#organization\"},\"potentialAction\":[{\"@type\":\"SearchAction\",\"target\":{\"@type\":\"EntryPoint\",\"urlTemplate\":\"https:\\\/\\\/www.reclamador.es\\\/blog\\\/?s={search_term_string}\"},\"query-input\":{\"@type\":\"PropertyValueSpecification\",\"valueRequired\":true,\"valueName\":\"search_term_string\"}}],\"inLanguage\":\"es\"},{\"@type\":\"Organization\",\"@id\":\"https:\\\/\\\/www.reclamador.es\\\/blog\\\/#organization\",\"name\":\"reclamador.es\",\"url\":\"https:\\\/\\\/www.reclamador.es\\\/blog\\\/\",\"logo\":{\"@type\":\"ImageObject\",\"inLanguage\":\"es\",\"@id\":\"https:\\\/\\\/www.reclamador.es\\\/blog\\\/#\\\/schema\\\/logo\\\/image\\\/\",\"url\":\"https:\\\/\\\/i0.wp.com\\\/www.reclamador.es\\\/blog\\\/wp-content\\\/uploads\\\/2020\\\/01\\\/logo-reclamador.png?fit=1200%2C144&ssl=1\",\"contentUrl\":\"https:\\\/\\\/i0.wp.com\\\/www.reclamador.es\\\/blog\\\/wp-content\\\/uploads\\\/2020\\\/01\\\/logo-reclamador.png?fit=1200%2C144&ssl=1\",\"width\":1200,\"height\":144,\"caption\":\"reclamador.es\"},\"image\":{\"@id\":\"https:\\\/\\\/www.reclamador.es\\\/blog\\\/#\\\/schema\\\/logo\\\/image\\\/\"},\"sameAs\":[\"https:\\\/\\\/www.facebook.com\\\/reclamador.es\",\"https:\\\/\\\/x.com\\\/reclamador\",\"https:\\\/\\\/www.instagram.com\\\/reclamador.es\\\/\",\"https:\\\/\\\/www.linkedin.com\\\/company\\\/reclamador-es\",\"https:\\\/\\\/www.youtube.com\\\/user\\\/Reclamadores\"]},{\"@type\":\"Person\",\"@id\":\"https:\\\/\\\/www.reclamador.es\\\/blog\\\/#\\\/schema\\\/person\\\/c446a02b3fcf1607a8a2139c36fbe583\",\"name\":\"Cristina Naveda\",\"image\":{\"@type\":\"ImageObject\",\"inLanguage\":\"es\",\"@id\":\"https:\\\/\\\/secure.gravatar.com\\\/avatar\\\/1df04000ab560ffd4824a3ce70f826eb8bd6a9bfc6cc9097a363e6cd67f07ec0?s=96&d=mm&r=g\",\"url\":\"https:\\\/\\\/secure.gravatar.com\\\/avatar\\\/1df04000ab560ffd4824a3ce70f826eb8bd6a9bfc6cc9097a363e6cd67f07ec0?s=96&d=mm&r=g\",\"contentUrl\":\"https:\\\/\\\/secure.gravatar.com\\\/avatar\\\/1df04000ab560ffd4824a3ce70f826eb8bd6a9bfc6cc9097a363e6cd67f07ec0?s=96&d=mm&r=g\",\"caption\":\"Cristina Naveda\"},\"description\":\"Me encanta unir la informaci\u00f3n con las personas. Me esfuerzo para que reclamador haga bien esa uni\u00f3n desde el equipo de comunicaci\u00f3n.\",\"url\":\"https:\\\/\\\/www.reclamador.es\\\/blog\\\/author\\\/cristina\\\/\"}]}<\/script>\n<!-- \/ Yoast SEO plugin. -->","yoast_head_json":{"title":"Pablo Rabanal participa en Decelera Menorca 2019","description":"Pablo Rabanal, CEO de reclamador, ha participado en el evento Decelera Menorca, donde se han dado cita m\u00e1s de 20 startups de todos los continentes.","robots":{"index":"index","follow":"follow","max-snippet":"max-snippet:-1","max-image-preview":"max-image-preview:large","max-video-preview":"max-video-preview:-1"},"canonical":"https:\/\/www.reclamador.es\/blog\/decelera-menorca-pablo-rabanal\/","og_locale":"es_ES","og_type":"article","og_title":"Pablo Rabanal participa en Decelera Menorca 2019","og_description":"Pablo Rabanal, CEO de reclamador, ha participado en el evento Decelera Menorca, donde se han dado cita m\u00e1s de 20 startups de todos los continentes.","og_url":"https:\/\/www.reclamador.es\/blog\/decelera-menorca-pablo-rabanal\/","og_site_name":"Rebeldes con causa, el blog de reclamador.es","article_publisher":"https:\/\/www.facebook.com\/reclamador.es","article_published_time":"2019-05-29T09:54:16+00:00","article_modified_time":"2025-01-29T08:49:57+00:00","og_image":[{"width":1200,"height":800,"url":"https:\/\/www.reclamador.es\/blog\/wp-content\/uploads\/2019\/05\/decelera-pablo-rabanal.png","type":"image\/png"}],"author":"Cristina Naveda","twitter_card":"summary_large_image","twitter_creator":"@reclamador","twitter_site":"@reclamador","twitter_misc":{"Escrito por":"Cristina Naveda","Tiempo de lectura":"3 minutos"},"schema":{"@context":"https:\/\/schema.org","@graph":[{"@type":"Article","@id":"https:\/\/www.reclamador.es\/blog\/decelera-menorca-pablo-rabanal\/#article","isPartOf":{"@id":"https:\/\/www.reclamador.es\/blog\/decelera-menorca-pablo-rabanal\/"},"author":{"name":"Cristina Naveda","@id":"https:\/\/www.reclamador.es\/blog\/#\/schema\/person\/c446a02b3fcf1607a8a2139c36fbe583"},"headline":"Decelera Menorca o c\u00f3mo reiniciar un proyecto para luego impulsarlo","datePublished":"2019-05-29T09:54:16+00:00","dateModified":"2025-01-29T08:49:57+00:00","mainEntityOfPage":{"@id":"https:\/\/www.reclamador.es\/blog\/decelera-menorca-pablo-rabanal\/"},"wordCount":471,"commentCount":0,"publisher":{"@id":"https:\/\/www.reclamador.es\/blog\/#organization"},"image":{"@id":"https:\/\/www.reclamador.es\/blog\/decelera-menorca-pablo-rabanal\/#primaryimage"},"thumbnailUrl":"https:\/\/i0.wp.com\/www.reclamador.es\/blog\/wp-content\/uploads\/2019\/05\/decelera-pablo-rabanal.png?fit=1200%2C800&ssl=1","keywords":["branding","evento"],"articleSection":["Noticias y actualidad"],"inLanguage":"es","potentialAction":[{"@type":"CommentAction","name":"Comment","target":["https:\/\/www.reclamador.es\/blog\/decelera-menorca-pablo-rabanal\/#respond"]}]},{"@type":"WebPage","@id":"https:\/\/www.reclamador.es\/blog\/decelera-menorca-pablo-rabanal\/","url":"https:\/\/www.reclamador.es\/blog\/decelera-menorca-pablo-rabanal\/","name":"Pablo Rabanal participa en Decelera Menorca 2019","isPartOf":{"@id":"https:\/\/www.reclamador.es\/blog\/#website"},"primaryImageOfPage":{"@id":"https:\/\/www.reclamador.es\/blog\/decelera-menorca-pablo-rabanal\/#primaryimage"},"image":{"@id":"https:\/\/www.reclamador.es\/blog\/decelera-menorca-pablo-rabanal\/#primaryimage"},"thumbnailUrl":"https:\/\/i0.wp.com\/www.reclamador.es\/blog\/wp-content\/uploads\/2019\/05\/decelera-pablo-rabanal.png?fit=1200%2C800&ssl=1","datePublished":"2019-05-29T09:54:16+00:00","dateModified":"2025-01-29T08:49:57+00:00","description":"Pablo Rabanal, CEO de reclamador, ha participado en el evento Decelera Menorca, donde se han dado cita m\u00e1s de 20 startups de todos los continentes.","breadcrumb":{"@id":"https:\/\/www.reclamador.es\/blog\/decelera-menorca-pablo-rabanal\/#breadcrumb"},"inLanguage":"es","potentialAction":[{"@type":"ReadAction","target":["https:\/\/www.reclamador.es\/blog\/decelera-menorca-pablo-rabanal\/"]}]},{"@type":"ImageObject","inLanguage":"es","@id":"https:\/\/www.reclamador.es\/blog\/decelera-menorca-pablo-rabanal\/#primaryimage","url":"https:\/\/i0.wp.com\/www.reclamador.es\/blog\/wp-content\/uploads\/2019\/05\/decelera-pablo-rabanal.png?fit=1200%2C800&ssl=1","contentUrl":"https:\/\/i0.wp.com\/www.reclamador.es\/blog\/wp-content\/uploads\/2019\/05\/decelera-pablo-rabanal.png?fit=1200%2C800&ssl=1","width":1200,"height":800,"caption":"Pablo Rabanal, CEO de reclamador.es, en Decelera Menorca 2019"},{"@type":"BreadcrumbList","@id":"https:\/\/www.reclamador.es\/blog\/decelera-menorca-pablo-rabanal\/#breadcrumb","itemListElement":[{"@type":"ListItem","position":1,"name":"Portada","item":"https:\/\/www.reclamador.es\/blog\/"},{"@type":"ListItem","position":2,"name":"Decelera Menorca o c\u00f3mo reiniciar un proyecto para luego impulsarlo"}]},{"@type":"WebSite","@id":"https:\/\/www.reclamador.es\/blog\/#website","url":"https:\/\/www.reclamador.es\/blog\/","name":"Rebeldes con causa, el blog de reclamador.es","description":"Noticias, entrevistas y consejos sobre reclamaciones","publisher":{"@id":"https:\/\/www.reclamador.es\/blog\/#organization"},"potentialAction":[{"@type":"SearchAction","target":{"@type":"EntryPoint","urlTemplate":"https:\/\/www.reclamador.es\/blog\/?s={search_term_string}"},"query-input":{"@type":"PropertyValueSpecification","valueRequired":true,"valueName":"search_term_string"}}],"inLanguage":"es"},{"@type":"Organization","@id":"https:\/\/www.reclamador.es\/blog\/#organization","name":"reclamador.es","url":"https:\/\/www.reclamador.es\/blog\/","logo":{"@type":"ImageObject","inLanguage":"es","@id":"https:\/\/www.reclamador.es\/blog\/#\/schema\/logo\/image\/","url":"https:\/\/i0.wp.com\/www.reclamador.es\/blog\/wp-content\/uploads\/2020\/01\/logo-reclamador.png?fit=1200%2C144&ssl=1","contentUrl":"https:\/\/i0.wp.com\/www.reclamador.es\/blog\/wp-content\/uploads\/2020\/01\/logo-reclamador.png?fit=1200%2C144&ssl=1","width":1200,"height":144,"caption":"reclamador.es"},"image":{"@id":"https:\/\/www.reclamador.es\/blog\/#\/schema\/logo\/image\/"},"sameAs":["https:\/\/www.facebook.com\/reclamador.es","https:\/\/x.com\/reclamador","https:\/\/www.instagram.com\/reclamador.es\/","https:\/\/www.linkedin.com\/company\/reclamador-es","https:\/\/www.youtube.com\/user\/Reclamadores"]},{"@type":"Person","@id":"https:\/\/www.reclamador.es\/blog\/#\/schema\/person\/c446a02b3fcf1607a8a2139c36fbe583","name":"Cristina Naveda","image":{"@type":"ImageObject","inLanguage":"es","@id":"https:\/\/secure.gravatar.com\/avatar\/1df04000ab560ffd4824a3ce70f826eb8bd6a9bfc6cc9097a363e6cd67f07ec0?s=96&d=mm&r=g","url":"https:\/\/secure.gravatar.com\/avatar\/1df04000ab560ffd4824a3ce70f826eb8bd6a9bfc6cc9097a363e6cd67f07ec0?s=96&d=mm&r=g","contentUrl":"https:\/\/secure.gravatar.com\/avatar\/1df04000ab560ffd4824a3ce70f826eb8bd6a9bfc6cc9097a363e6cd67f07ec0?s=96&d=mm&r=g","caption":"Cristina Naveda"},"description":"Me encanta unir la informaci\u00f3n con las personas. Me esfuerzo para que reclamador haga bien esa uni\u00f3n desde el equipo de comunicaci\u00f3n.","url":"https:\/\/www.reclamador.es\/blog\/author\/cristina\/"}]}},"jetpack_featured_media_url":"https:\/\/i0.wp.com\/www.reclamador.es\/blog\/wp-content\/uploads\/2019\/05\/decelera-pablo-rabanal.png?fit=1200%2C800&ssl=1","jetpack-related-posts":[{"id":8229,"url":"https:\/\/www.reclamador.es\/blog\/pablo-rabanal-participa-congreso-legaltech\/","url_meta":{"origin":22047,"position":0},"title":"Pablo Rabanal: \u201ccontribuimos a dinamizar el sector legaltech en Espa\u00f1a y queremos ser un referente de ello\u201d","author":"Pablo Rabanal","date":"19 mayo, 2017","format":false,"excerpt":"Estamos haciendo accesible la justicia a golpe de click. Y as\u00ed lo expuse esta semana en el Congreso LegalTech y Startups Jur\u00eddicas\u00a0que se celebr\u00f3 en San Sebasti\u00e1n. Un encuentro en el que he podido compartir muchas experiencias con otros compa\u00f1eros del sector que tambi\u00e9n han entendido, como nosotros en reclamador.es,\u2026","rel":"","context":"En \u00abNoticias y actualidad\u00bb","block_context":{"text":"Noticias y actualidad","link":"https:\/\/www.reclamador.es\/blog\/noticias\/"},"img":{"alt_text":"","src":"https:\/\/i0.wp.com\/www.reclamador.es\/blog\/wp-content\/uploads\/2017\/05\/pablo-donosti-legaltech.png?fit=1200%2C800&ssl=1&resize=350%2C200","width":350,"height":200,"srcset":"https:\/\/i0.wp.com\/www.reclamador.es\/blog\/wp-content\/uploads\/2017\/05\/pablo-donosti-legaltech.png?fit=1200%2C800&ssl=1&resize=350%2C200 1x, https:\/\/i0.wp.com\/www.reclamador.es\/blog\/wp-content\/uploads\/2017\/05\/pablo-donosti-legaltech.png?fit=1200%2C800&ssl=1&resize=525%2C300 1.5x, https:\/\/i0.wp.com\/www.reclamador.es\/blog\/wp-content\/uploads\/2017\/05\/pablo-donosti-legaltech.png?fit=1200%2C800&ssl=1&resize=700%2C400 2x, https:\/\/i0.wp.com\/www.reclamador.es\/blog\/wp-content\/uploads\/2017\/05\/pablo-donosti-legaltech.png?fit=1200%2C800&ssl=1&resize=1050%2C600 3x"},"classes":[]},{"id":17378,"url":"https:\/\/www.reclamador.es\/blog\/francisco-polo-visita-reclamador\/","url_meta":{"origin":22047,"position":1},"title":"Francisco Polo: \u201cSe tiene que hablar m\u00e1s y mejor de las startups espa\u00f1olas\u201d","author":"Equipo reclamador","date":"9 marzo, 2018","format":false,"excerpt":"Innovaci\u00f3n y tecnolog\u00eda. Estas han sido las dos palabras m\u00e1s repetidas en el encuentro que hemos mantenido esta semana con Francisco Polo, secretario federal de Emprendimiento, Ciencia e Innovaci\u00f3n del PSOE. Polo, quien posee una larga carrera como emprendedor y activista por la regeneraci\u00f3n democr\u00e1tica y la justicia social, est\u00e1\u2026","rel":"","context":"En \u00abNoticias y actualidad\u00bb","block_context":{"text":"Noticias y actualidad","link":"https:\/\/www.reclamador.es\/blog\/noticias\/"},"img":{"alt_text":"visita PSOE reclamador","src":"https:\/\/i0.wp.com\/www.reclamador.es\/blog\/wp-content\/uploads\/2018\/03\/pablo-rabanal-francisco-polo-reclamador.png?fit=1200%2C800&ssl=1&resize=350%2C200","width":350,"height":200,"srcset":"https:\/\/i0.wp.com\/www.reclamador.es\/blog\/wp-content\/uploads\/2018\/03\/pablo-rabanal-francisco-polo-reclamador.png?fit=1200%2C800&ssl=1&resize=350%2C200 1x, https:\/\/i0.wp.com\/www.reclamador.es\/blog\/wp-content\/uploads\/2018\/03\/pablo-rabanal-francisco-polo-reclamador.png?fit=1200%2C800&ssl=1&resize=525%2C300 1.5x, https:\/\/i0.wp.com\/www.reclamador.es\/blog\/wp-content\/uploads\/2018\/03\/pablo-rabanal-francisco-polo-reclamador.png?fit=1200%2C800&ssl=1&resize=700%2C400 2x, https:\/\/i0.wp.com\/www.reclamador.es\/blog\/wp-content\/uploads\/2018\/03\/pablo-rabanal-francisco-polo-reclamador.png?fit=1200%2C800&ssl=1&resize=1050%2C600 3x"},"classes":[]},{"id":21872,"url":"https:\/\/www.reclamador.es\/blog\/pablo-rabanal-reclamador-congreso-nacional-abogacia\/","url_meta":{"origin":22047,"position":2},"title":"Pablo Rabanal, CEO de reclamador.es: \u201cel acceso a los abogados se est\u00e1 digitalizando\u201d","author":"Equipo reclamador","date":"14 mayo, 2019","format":false,"excerpt":"La transformaci\u00f3n digital es ya una realidad en gran parte del tejido empresarial espa\u00f1ol. Palabras como legaltech o fintech se han abierto un hueco en la sociedad y ponen de manifiesto cuestiones como la robotizaci\u00f3n y la automatizaci\u00f3n de los procesos de gesti\u00f3n, lo que redunda en ahorro de tiempo\u2026","rel":"","context":"En \u00abConoce todo lo que sucede en reclamador.es\u00bb","block_context":{"text":"Conoce todo lo que sucede en reclamador.es","link":"https:\/\/www.reclamador.es\/blog\/reclamadores\/"},"img":{"alt_text":"","src":"https:\/\/i0.wp.com\/www.reclamador.es\/blog\/wp-content\/uploads\/2019\/05\/editada-congreso.png?fit=1200%2C800&ssl=1&resize=350%2C200","width":350,"height":200,"srcset":"https:\/\/i0.wp.com\/www.reclamador.es\/blog\/wp-content\/uploads\/2019\/05\/editada-congreso.png?fit=1200%2C800&ssl=1&resize=350%2C200 1x, https:\/\/i0.wp.com\/www.reclamador.es\/blog\/wp-content\/uploads\/2019\/05\/editada-congreso.png?fit=1200%2C800&ssl=1&resize=525%2C300 1.5x, https:\/\/i0.wp.com\/www.reclamador.es\/blog\/wp-content\/uploads\/2019\/05\/editada-congreso.png?fit=1200%2C800&ssl=1&resize=700%2C400 2x, https:\/\/i0.wp.com\/www.reclamador.es\/blog\/wp-content\/uploads\/2019\/05\/editada-congreso.png?fit=1200%2C800&ssl=1&resize=1050%2C600 3x"},"classes":[]},{"id":22921,"url":"https:\/\/www.reclamador.es\/blog\/reclamador-es-vuelve-a-south-summit\/","url_meta":{"origin":22047,"position":3},"title":"reclamador.es vuelve a South Summit, uno de los espacios de referencia para el emprendimiento en Madrid","author":"Cristina Naveda","date":"7 octubre, 2019","format":false,"excerpt":"Inteligencia artificial. Estas han sido las dos palabras m\u00e1s repetidas en la sexta edi\u00adci\u00f3n de South Summit, que cerr\u00f3 sus puertas La Nave, el pasado viernes en Madrid. Como hervidero de ideas y personas, se trata de la cita anual por excelencia que convierte a la capital durante cuatro d\u00edas\u2026","rel":"","context":"En \u00abConoce todo lo que sucede en reclamador.es\u00bb","block_context":{"text":"Conoce todo lo que sucede en reclamador.es","link":"https:\/\/www.reclamador.es\/blog\/reclamadores\/"},"img":{"alt_text":"reclamador South Summit2019","src":"https:\/\/i0.wp.com\/www.reclamador.es\/blog\/wp-content\/uploads\/2019\/10\/pablo-rabanal-SouthSummit2019_destacada.jpg?fit=800%2C419&ssl=1&resize=350%2C200","width":350,"height":200,"srcset":"https:\/\/i0.wp.com\/www.reclamador.es\/blog\/wp-content\/uploads\/2019\/10\/pablo-rabanal-SouthSummit2019_destacada.jpg?fit=800%2C419&ssl=1&resize=350%2C200 1x, https:\/\/i0.wp.com\/www.reclamador.es\/blog\/wp-content\/uploads\/2019\/10\/pablo-rabanal-SouthSummit2019_destacada.jpg?fit=800%2C419&ssl=1&resize=525%2C300 1.5x, https:\/\/i0.wp.com\/www.reclamador.es\/blog\/wp-content\/uploads\/2019\/10\/pablo-rabanal-SouthSummit2019_destacada.jpg?fit=800%2C419&ssl=1&resize=700%2C400 2x"},"classes":[]},{"id":21431,"url":"https:\/\/www.reclamador.es\/blog\/reclamador-premio-spanish-legaltech-awards-2019\/","url_meta":{"origin":22047,"position":4},"title":"reclamador.es, premio Mejor Ejecuci\u00f3n de Negocio en los &#8216;Spanish Legaltech Awards 2019&#8217;","author":"Equipo reclamador","date":"25 marzo, 2019","format":false,"excerpt":"\u00a1De nuevo estamos de enhorabuena! Hemos sido premiados como empresa con mejor ejecuci\u00f3n del modelo de negocio en la I Edici\u00f3n de \u201cSpanish Legaltech Awards 2019\u201d, unos galardones organizados por la consultora Finnovating, en el marco del evento \u201cLegaltech Unconference\u2019\u2019 el pasado 21 de marzo en Madrid. Como los propios\u2026","rel":"","context":"En \u00abConoce todo lo que sucede en reclamador.es\u00bb","block_context":{"text":"Conoce todo lo que sucede en reclamador.es","link":"https:\/\/www.reclamador.es\/blog\/reclamadores\/"},"img":{"alt_text":"","src":"https:\/\/i0.wp.com\/www.reclamador.es\/blog\/wp-content\/uploads\/2019\/03\/LegalTech-Awards-2019-reclamador-Pablo-Rabanal.jpg?fit=1200%2C799&ssl=1&resize=350%2C200","width":350,"height":200,"srcset":"https:\/\/i0.wp.com\/www.reclamador.es\/blog\/wp-content\/uploads\/2019\/03\/LegalTech-Awards-2019-reclamador-Pablo-Rabanal.jpg?fit=1200%2C799&ssl=1&resize=350%2C200 1x, https:\/\/i0.wp.com\/www.reclamador.es\/blog\/wp-content\/uploads\/2019\/03\/LegalTech-Awards-2019-reclamador-Pablo-Rabanal.jpg?fit=1200%2C799&ssl=1&resize=525%2C300 1.5x, https:\/\/i0.wp.com\/www.reclamador.es\/blog\/wp-content\/uploads\/2019\/03\/LegalTech-Awards-2019-reclamador-Pablo-Rabanal.jpg?fit=1200%2C799&ssl=1&resize=700%2C400 2x, https:\/\/i0.wp.com\/www.reclamador.es\/blog\/wp-content\/uploads\/2019\/03\/LegalTech-Awards-2019-reclamador-Pablo-Rabanal.jpg?fit=1200%2C799&ssl=1&resize=1050%2C600 3x"},"classes":[]},{"id":20303,"url":"https:\/\/www.reclamador.es\/blog\/pablo-rabanal-comision-justicia-del-senado\/","url_meta":{"origin":22047,"position":5},"title":"reclamador.es presenta en la Comisi\u00f3n de Justicia del Senado la realidad de los consumidores en los juzgados","author":"Equipo reclamador","date":"27 noviembre, 2018","format":false,"excerpt":"Pablo Rabanal, CEO de reclamador.es, present\u00f3 ayer, 26 de noviembre, en la Comisi\u00f3n de Justicia del Senado las reivindicaciones de nuestra compa\u00f1\u00eda respecto a las mejoras que debe asumir la justicia espa\u00f1ola para adaptarse a los cambios que demanda la sociedad. Esta ponencia se enmarc\u00f3 dentro de la presentaci\u00f3n de\u2026","rel":"","context":"En \u00abConoce todo lo que sucede en reclamador.es\u00bb","block_context":{"text":"Conoce todo lo que sucede en reclamador.es","link":"https:\/\/www.reclamador.es\/blog\/reclamadores\/"},"img":{"alt_text":"","src":"https:\/\/i0.wp.com\/www.reclamador.es\/blog\/wp-content\/uploads\/2018\/11\/reclamador.es-en-el-senado.jpg?fit=1200%2C637&ssl=1&resize=350%2C200","width":350,"height":200,"srcset":"https:\/\/i0.wp.com\/www.reclamador.es\/blog\/wp-content\/uploads\/2018\/11\/reclamador.es-en-el-senado.jpg?fit=1200%2C637&ssl=1&resize=350%2C200 1x, https:\/\/i0.wp.com\/www.reclamador.es\/blog\/wp-content\/uploads\/2018\/11\/reclamador.es-en-el-senado.jpg?fit=1200%2C637&ssl=1&resize=525%2C300 1.5x, https:\/\/i0.wp.com\/www.reclamador.es\/blog\/wp-content\/uploads\/2018\/11\/reclamador.es-en-el-senado.jpg?fit=1200%2C637&ssl=1&resize=700%2C400 2x, https:\/\/i0.wp.com\/www.reclamador.es\/blog\/wp-content\/uploads\/2018\/11\/reclamador.es-en-el-senado.jpg?fit=1200%2C637&ssl=1&resize=1050%2C600 3x"},"classes":[]}],"jetpack_sharing_enabled":true,"_links":{"self":[{"href":"https:\/\/www.reclamador.es\/blog\/wp-json\/wp\/v2\/posts\/22047","targetHints":{"allow":["GET"]}}],"collection":[{"href":"https:\/\/www.reclamador.es\/blog\/wp-json\/wp\/v2\/posts"}],"about":[{"href":"https:\/\/www.reclamador.es\/blog\/wp-json\/wp\/v2\/types\/post"}],"author":[{"embeddable":true,"href":"https:\/\/www.reclamador.es\/blog\/wp-json\/wp\/v2\/users\/3"}],"replies":[{"embeddable":true,"href":"https:\/\/www.reclamador.es\/blog\/wp-json\/wp\/v2\/comments?post=22047"}],"version-history":[{"count":15,"href":"https:\/\/www.reclamador.es\/blog\/wp-json\/wp\/v2\/posts\/22047\/revisions"}],"predecessor-version":[{"id":33643,"href":"https:\/\/www.reclamador.es\/blog\/wp-json\/wp\/v2\/posts\/22047\/revisions\/33643"}],"wp:featuredmedia":[{"embeddable":true,"href":"https:\/\/www.reclamador.es\/blog\/wp-json\/wp\/v2\/media\/22058"}],"wp:attachment":[{"href":"https:\/\/www.reclamador.es\/blog\/wp-json\/wp\/v2\/media?parent=22047"}],"wp:term":[{"taxonomy":"category","embeddable":true,"href":"https:\/\/www.reclamador.es\/blog\/wp-json\/wp\/v2\/categories?post=22047"},{"taxonomy":"post_tag","embeddable":true,"href":"https:\/\/www.reclamador.es\/blog\/wp-json\/wp\/v2\/tags?post=22047"}],"curies":[{"name":"wp","href":"https:\/\/api.w.org\/{rel}","templated":true}]}}