{"id":21894,"date":"2020-05-17T11:35:00","date_gmt":"2020-05-17T09:35:00","guid":{"rendered":"https:\/\/www.reclamador.es\/blog\/?p=21894"},"modified":"2025-05-06T12:28:20","modified_gmt":"2025-05-06T10:28:20","slug":"alquiler-con-opcion-compra","status":"publish","type":"post","link":"https:\/\/www.reclamador.es\/blog\/alquiler-con-opcion-compra\/","title":{"rendered":"Alquiler con opci\u00f3n a compra: todo lo que debes conocer"},"content":{"rendered":"<div class=\"ttr_start\"><\/div>\n\n<div class=\"kk-star-ratings kksr-auto kksr-align-right kksr-valign-top\"\n    data-payload='{&quot;align&quot;:&quot;right&quot;,&quot;id&quot;:&quot;21894&quot;,&quot;slug&quot;:&quot;default&quot;,&quot;valign&quot;:&quot;top&quot;,&quot;ignore&quot;:&quot;&quot;,&quot;reference&quot;:&quot;auto&quot;,&quot;class&quot;:&quot;&quot;,&quot;count&quot;:&quot;42&quot;,&quot;legendonly&quot;:&quot;&quot;,&quot;readonly&quot;:&quot;&quot;,&quot;score&quot;:&quot;3.6&quot;,&quot;starsonly&quot;:&quot;&quot;,&quot;best&quot;:&quot;5&quot;,&quot;gap&quot;:&quot;3&quot;,&quot;greet&quot;:&quot;Valora este art\u00edculo&quot;,&quot;legend&quot;:&quot;3.6\\\/5 - (42 votos)&quot;,&quot;size&quot;:&quot;20&quot;,&quot;title&quot;:&quot;Alquiler con opci\u00f3n a compra: todo lo que debes conocer&quot;,&quot;width&quot;:&quot;81.3&quot;,&quot;_legend&quot;:&quot;{score}\\\/{best} - ({count} {votes})&quot;,&quot;font_factor&quot;:&quot;1.25&quot;}'>\n            \n<div class=\"kksr-stars\">\n    \n<div class=\"kksr-stars-inactive\">\n            <div class=\"kksr-star\" data-star=\"1\" style=\"padding-right: 3px\">\n            \n\n<div class=\"kksr-icon\" style=\"width: 20px; height: 20px;\"><\/div>\n        <\/div>\n            <div class=\"kksr-star\" data-star=\"2\" style=\"padding-right: 3px\">\n            \n\n<div class=\"kksr-icon\" style=\"width: 20px; height: 20px;\"><\/div>\n        <\/div>\n            <div class=\"kksr-star\" data-star=\"3\" style=\"padding-right: 3px\">\n            \n\n<div class=\"kksr-icon\" style=\"width: 20px; height: 20px;\"><\/div>\n        <\/div>\n            <div class=\"kksr-star\" data-star=\"4\" style=\"padding-right: 3px\">\n            \n\n<div class=\"kksr-icon\" style=\"width: 20px; height: 20px;\"><\/div>\n        <\/div>\n            <div class=\"kksr-star\" data-star=\"5\" style=\"padding-right: 3px\">\n            \n\n<div class=\"kksr-icon\" style=\"width: 20px; height: 20px;\"><\/div>\n        <\/div>\n    <\/div>\n    \n<div class=\"kksr-stars-active\" style=\"width: 81.3px;\">\n            <div class=\"kksr-star\" style=\"padding-right: 3px\">\n            \n\n<div class=\"kksr-icon\" style=\"width: 20px; height: 20px;\"><\/div>\n        <\/div>\n            <div class=\"kksr-star\" style=\"padding-right: 3px\">\n            \n\n<div class=\"kksr-icon\" style=\"width: 20px; height: 20px;\"><\/div>\n        <\/div>\n            <div class=\"kksr-star\" style=\"padding-right: 3px\">\n            \n\n<div class=\"kksr-icon\" style=\"width: 20px; height: 20px;\"><\/div>\n        <\/div>\n            <div class=\"kksr-star\" style=\"padding-right: 3px\">\n            \n\n<div class=\"kksr-icon\" style=\"width: 20px; height: 20px;\"><\/div>\n        <\/div>\n            <div class=\"kksr-star\" style=\"padding-right: 3px\">\n            \n\n<div class=\"kksr-icon\" style=\"width: 20px; height: 20px;\"><\/div>\n        <\/div>\n    <\/div>\n<\/div>\n                \n\n<div class=\"kksr-legend\" style=\"font-size: 16px;\">\n            3.6\/5 - (42 votos)    <\/div>\n    <\/div>\n<figure id=\"attachment_34082\" aria-describedby=\"caption-attachment-34082\" style=\"width: 1200px\" class=\"wp-caption aligncenter\"><img data-recalc-dims=\"1\" loading=\"lazy\" decoding=\"async\" class=\"size-full wp-image-34082\" src=\"https:\/\/i0.wp.com\/www.reclamador.es\/blog\/wp-content\/uploads\/2020\/05\/alquiler-con-opcion-a-compra.jpg?resize=1200%2C630&#038;ssl=1\" alt=\"alquiler con derecho a compra\" width=\"1200\" height=\"630\" srcset=\"https:\/\/i0.wp.com\/www.reclamador.es\/blog\/wp-content\/uploads\/2020\/05\/alquiler-con-opcion-a-compra.jpg?w=1200&amp;ssl=1 1200w, https:\/\/i0.wp.com\/www.reclamador.es\/blog\/wp-content\/uploads\/2020\/05\/alquiler-con-opcion-a-compra.jpg?resize=800%2C420&amp;ssl=1 800w, https:\/\/i0.wp.com\/www.reclamador.es\/blog\/wp-content\/uploads\/2020\/05\/alquiler-con-opcion-a-compra.jpg?resize=150%2C79&amp;ssl=1 150w, https:\/\/i0.wp.com\/www.reclamador.es\/blog\/wp-content\/uploads\/2020\/05\/alquiler-con-opcion-a-compra.jpg?resize=768%2C403&amp;ssl=1 768w\" sizes=\"auto, (max-width: 1000px) 100vw, 1000px\" \/><figcaption id=\"caption-attachment-34082\" class=\"wp-caption-text\"><em>Alquiler con opci\u00f3n a compra<\/em><\/figcaption><\/figure>\n<p><strong>*Contenido editado mayo 2025<\/strong><\/p>\n<p><span style=\"font-weight: 400;\">Acceder a una vivienda se ha convertido en una gesta, especialmente para los m\u00e1s j\u00f3venes que buscan la emancipaci\u00f3n del hogar familiar. Hace unos a\u00f1os vivimos una gran burbuja que dispar\u00f3 enormemente los precios de <a href=\"https:\/\/www.reclamador.es\/blog\/viviendas-sobre-plano\/\">compra de una vivienda<\/a>, por ello, surgi\u00f3 una figura hasta entonces poco usada y que, hoy en d\u00eda, pese a que esos precios est\u00e1n m\u00e1s contenidos, sigue siendo una opci\u00f3n para aquellos que desean ser propietarios pero no cuentan con la liquidez suficiente a corto plazo. Se trata del <strong>alquiler con opci\u00f3n a compra.<\/strong> Una figura que permite que lo abonado de alquiler no caiga en saco roto y sirva, en parte, para en el futuro poder comprar esa misma vivienda. <\/span><\/p>\n<h2 id=\"definicion\"><b>\u00bfEn qu\u00e9 consiste un contrato de alquiler con opci\u00f3n a compra?<\/b><\/h2>\n<p><span style=\"font-weight: 400;\">El alquiler con opci\u00f3n a compra es una f\u00f3rmula a trav\u00e9s de la cual un inquilino puede vivir en la vivienda en cuesti\u00f3n en r\u00e9gimen de alquiler, por un tiempo estipulado en el contrato y al finalizar ese plazo, tiene derecho a comprar esa vivienda al precio que se fij\u00f3 previamente. De este precio hay que descontar la cantidad (totalidad o parte) que el <a href=\"https:\/\/www.reclamador.es\/blog\/derechos-del-inquilino\/\">inquilino<\/a> haya estado pagando mensualmente para ese fin.<\/span><\/p>\n<h3><b>Los detalles, lo que indique el contrato<\/b><\/h3>\n<p><span style=\"font-weight: 400;\">No existe una regulaci\u00f3n marco que indique en qu\u00e9 condiciones espec\u00edficas se tienen que desarrollar este tipo de contratos, que en realidad son dos: uno de compraventa y otro de alquiler. Aunque est\u00e9n recogidos ambos en el mismo documento. S\u00ed que se recogen alusiones en el C\u00f3digo Civil y en el <a href=\"https:\/\/www.boe.es\/buscar\/act.php?id=BOE-A-1947-3843\" target=\"_blank\" rel=\"noopener noreferrer\">art\u00edculo 14 del Reglamento Hipotecario<\/a>, as\u00ed como en la Ley de Arrendamientos Urbanos.<\/span><\/p>\n<p>El citado art\u00edculo 14 del Reglamento Hipotecario se\u00f1ala lo siguiente:<\/p>\n<p class=\"parrafo\"><em>\"Ser\u00e1 inscribible el contrato de opci\u00f3n de compra o el pacto o estipulaci\u00f3n expresa que lo determine en alg\u00fan otro contrato inscribible, siempre que adem\u00e1s de las circunstancias necesarias para la inscripci\u00f3n re\u00fana las siguientes:<\/em><\/p>\n<p class=\"parrafo_2\"><em>Primera. Convenio expreso de las partes para que se inscriba.<\/em><\/p>\n<p class=\"parrafo\"><em>Segunda. Precio estipulado para la adquisici\u00f3n de la finca y, en su caso, el que se hubiere convenido para conceder la opci\u00f3n.<\/em><\/p>\n<p class=\"parrafo\"><em>Tercera. Plazo para el ejercicio de la opci\u00f3n, que no podr\u00e1 exceder de cuatro a\u00f1os.<\/em><\/p>\n<p class=\"parrafo_2\"><em>En el arriendo con opci\u00f3n de compra la duraci\u00f3n de la opci\u00f3n podr\u00e1 alcanzar la totalidad del plazo de aqu\u00e9l, pero caducar\u00e1 necesariamente en caso de pr\u00f3rroga, t\u00e1cita o legal, del contrato de arrendamiento.\"<\/em><\/p>\n<h6 style=\"text-align: center;\"><strong>Es un contrato en el que prima la aplicaci\u00f3n de la autonom\u00eda de la voluntad y libertad de las partes.<\/strong><\/h6>\n<h2 id=\"requisitos\"><b>\u00bfQu\u00e9 requisitos m\u00ednimos tiene que tener el contrato?<\/b><\/h2>\n<p><span style=\"font-weight: 400;\">Aun as\u00ed, hay una serie de requisitos que tienen que ser comunes:<\/span><\/p>\n<ul>\n<li style=\"font-weight: 400;\"><span style=\"font-weight: 400;\">Que el<strong> precio para la futura compra est\u00e9 fijado<\/strong> en el contrato.<\/span><\/li>\n<li style=\"font-weight: 400;\"><span style=\"font-weight: 400;\">Tiene que estar <strong>recogido el plazo en el que se podr\u00e1 adquirir la vivienda<\/strong>.<\/span><\/li>\n<li style=\"font-weight: 400;\"><span style=\"font-weight: 400;\">El inquilino tiene la facultad de decidir si hace la compra en ese plazo, aunque el arrendador no quiera.<\/span><\/li>\n<li style=\"font-weight: 400;\"><span style=\"font-weight: 400;\">En la mayor\u00eda se recoge una <strong>prima<\/strong>. Es una cantidad que se abona al arrendador por la concesi\u00f3n de la opci\u00f3n a compra. En muchos de ellos esta cantidad se descuenta si la compra llega a producirse y se pierde si finalmente no llega a buen puerto.<\/span><\/li>\n<\/ul>\n<h2 id=\"plazo\"><b>\u00bfCu\u00e1l es el plazo m\u00e1ximo para una opci\u00f3n a compra?<\/b><\/h2>\n<p><span style=\"font-weight: 400;\">Para ejercer la opci\u00f3n a compra el arrendatario tiene que manifestar la decisi\u00f3n de hacerla efectiva dentro del plazo fijado. La forma habitual de establecerlo es mediante notario, aunque se puede recoger en el propio contrato otra manera distinta. Cabe destacar, que s\u00f3lo la designaci\u00f3n de notar\u00eda no basta, sino que se tiene que llevar a cabo el acta notarial.<\/span><\/p>\n<p><span style=\"font-weight: 400;\">Respecto al plazo, lo habitual es que se acuerde al inicio del alquiler por las partes. Aunque si no se hace, y no se llegue a un acuerdo entre el arrendador y el arrendatario, un juez puede decidirlo.<\/span><\/p>\n<h2 id=\"ventajasydesventajas\"><b>Ventajas e inconvenientes del alquiler con opci\u00f3n a compra<\/b><\/h2>\n<p><span style=\"font-weight: 400;\">Este tipo de contratos tiene una serie de ventajas y de inconvenientes tanto para el inquilino como para el <a href=\"https:\/\/www.reclamador.es\/blog\/obligaciones-derechos-propietario-vivienda-alquiler\/\">propietario<\/a>. Vamos a verlas en detalle.<\/span><\/p>\n<h3><b>Alquiler con opci\u00f3n a compra: Ventajas e inconvenientes para el propietario<\/b><\/h3>\n<p><b>Inconvenientes para el propietario<\/b><\/p>\n<ul>\n<li style=\"font-weight: 400;\"><span style=\"font-weight: 400;\">Puede perder tiempo si lo que quer\u00eda era deshacerse de la vivienda vendi\u00e9ndola y finalmente el inquilino decide no comprarla.<\/span><\/li>\n<li style=\"font-weight: 400;\"><span style=\"font-weight: 400;\">Durante el tiempo que dure el contrato no puede vender la propiedad aunque le hagan una mejor oferta que la que firm\u00f3 con el inquilino.<\/span><\/li>\n<li style=\"font-weight: 400;\"><span style=\"font-weight: 400;\">Si suben los precios de las viviendas, no tiene margen para aumentarlo, ya que queda fijado de antemano en el contrato.<\/span><\/li>\n<\/ul>\n<p><b>Ventajas para el propietario<\/b><\/p>\n<ul>\n<li style=\"font-weight: 400;\"><span style=\"font-weight: 400;\">Gana dinero con el alquiler desde el primer momento.<\/span><\/li>\n<li style=\"font-weight: 400;\"><span style=\"font-weight: 400;\">Tiene un buen seguro de impago del alquiler por la alta prima inicial que se suele abonar.<\/span><\/li>\n<li style=\"font-weight: 400;\"><span style=\"font-weight: 400;\">Es una forma de sacarle partido a la vivienda de forma inmediata y sin renunciar a una futura venta.<\/span><\/li>\n<li style=\"font-weight: 400;\"><span style=\"font-weight: 400;\">Sigue teniendo derecho a beneficios fiscales por alquilar su vivienda.<\/span><\/li>\n<li style=\"font-weight: 400;\"><span style=\"font-weight: 400;\">Si finalmente el inquilino no compra la casa, se queda con lo abonado en la prima.<\/span><\/li>\n<\/ul>\n<h3><b>Alquiler con opci\u00f3n a compra: Ventajas e inconvenientes para el inquilino<\/b><\/h3>\n<p><b>Inconvenientes<\/b><\/p>\n<ul>\n<li style=\"font-weight: 400;\"><span style=\"font-weight: 400;\">Pierde la prima abonada inicialmente si finalmente no opta por la compra de la vivienda.<\/span><\/li>\n<li style=\"font-weight: 400;\"><span style=\"font-weight: 400;\">Si durante el tiempo de alquiler bajan los precios de las viviendas, no podr\u00e1 beneficiarse en ese inmueble en cuesti\u00f3n, ya que el precio est\u00e1 fijado previamente.<\/span><\/li>\n<li style=\"font-weight: 400;\"><span style=\"font-weight: 400;\">La carga fiscal para el inquilino es importante. El contrato est\u00e1 sujeto a una doble tributaci\u00f3n por el Impuesto de Transmisiones Patrimoniales, por el alquiler y por la opci\u00f3n de compra:<\/span><\/li>\n<li style=\"font-weight: 400;\"><span style=\"font-weight: 400;\">Por el arrendamiento, el arrendatario tiene obligaci\u00f3n de liquidar el impuesto por ITP en el plazo m\u00e1ximo de 30 d\u00edas desde la firma del contrato, siendo el arrendador responsable subsidiario si el inquilino no lo hiciera. <\/span><\/li>\n<li style=\"font-weight: 400;\"><span style=\"font-weight: 400;\">La opci\u00f3n de compra estar\u00e1 igualmente sujeto al Impuesto de Transmisiones Patrimoniales, siendo la base imponible el precio pagado por la opci\u00f3n, que tiene un plazo de 30 d\u00edas desde la firma del documento privado para proceder a su liquidaci\u00f3n conforme al tipo aplicable en cada comunidad aut\u00f3noma.<\/span><\/li>\n<\/ul>\n<p><b>Ventajas<\/b><\/p>\n<ul>\n<li style=\"font-weight: 400;\"><span style=\"font-weight: 400;\">Una parte de lo que se paga de alquiler m\u00e1s la prima se descuenta posteriormente del precio de la vivienda.<\/span><\/li>\n<li style=\"font-weight: 400;\"><span style=\"font-weight: 400;\">Se tiene la compra asegurada si se opta por ella.<\/span><\/li>\n<li style=\"font-weight: 400;\"><span style=\"font-weight: 400;\">Puede adquirir la vivienda en cualquier momento del alquiler.<\/span><\/li>\n<\/ul>\n<h2><strong>\u00bfEn qu\u00e9 casos te ayuda reclamador.es?<\/strong><\/h2>\n<p><strong>Actualizado mayo 2025. <\/strong>Actualmente, en\u00a0reclamador.es, estamos trabajando en mejorar nuestra oferta actual de servicios. Mientras, te ayudamos con\u00a0reclamaciones a aerol\u00edneas\u00a0y a\u00a0bancos, as\u00ed como, reclamaciones de\u00a0plusval\u00eda municipal. Adem\u00e1s, hemos lanzado nuestro servicio de\u00a0<a href=\"https:\/\/www.reclamador.es\/ley-segunda-oportunidad\/\" target=\"_blank\" rel=\"noopener noreferrer\" data-saferedirecturl=\"https:\/\/www.google.com\/url?q=https:\/\/www.reclamador.es\/ley-segunda-oportunidad\/&amp;source=gmail&amp;ust=1697621751064000&amp;usg=AOvVaw3sxohFncJuxThIeXHjYXIm\">cancelaci\u00f3n de deudas con la Ley de Segunda Oportunidad<\/a>.<\/p>\n<p>No lo dudes, ante, por ejemplo, <a href=\"https:\/\/www.reclamador.es\/banco\/revolving\/\">reclamaciones de tarjetas revolving<\/a> o si has sufrido una incidencia con tu vuelo por una <a href=\"https:\/\/www.reclamador.es\/aerolineas\/cancelacion-vuelo\/\">cancelaci\u00f3n<\/a>, cont\u00e1ctanos. Y no te olvides, si tienes deudas que quieres eliminar, tambi\u00e9n estamos aqu\u00ed para ayudarte legalmente.<\/p>\n<div class=\"ttr_end\"><\/div>","protected":false},"excerpt":{"rendered":"<p>*Contenido editado mayo 2025 Acceder a una vivienda se ha convertido en una gesta, especialmente para los m\u00e1s j\u00f3venes que buscan la emancipaci\u00f3n del hogar familiar. Hace unos a\u00f1os vivimos una gran burbuja que dispar\u00f3 enormemente los precios de compra de una vivienda, por ello, surgi\u00f3 una figura hasta entonces poco usada y que, hoy [&hellip;]<\/p>\n","protected":false},"author":1,"featured_media":34082,"comment_status":"open","ping_status":"open","sticky":false,"template":"","format":"standard","meta":{"_acf_changed":false,"_genesis_hide_title":false,"_genesis_hide_breadcrumbs":false,"_genesis_hide_singular_image":false,"_genesis_hide_footer_widgets":false,"_genesis_custom_body_class":"","_genesis_custom_post_class":"","_genesis_layout":"","_jetpack_newsletter_access":"","_jetpack_dont_email_post_to_subs":false,"_jetpack_newsletter_tier_id":0,"_jetpack_memberships_contains_paywalled_content":false,"_jetpack_memberships_contains_paid_content":false,"footnotes":""},"categories":[393],"tags":[278],"class_list":{"0":"post-21894","1":"post","2":"type-post","3":"status-publish","4":"format-standard","5":"has-post-thumbnail","7":"category-consejos","8":"tag-banca","9":"entry"},"acf":[],"yoast_head":"<!-- This site is optimized with the Yoast SEO plugin v27.4 - https:\/\/yoast.com\/product\/yoast-seo-wordpress\/ -->\n<title>Alquiler con opci\u00f3n a compra: ventajas e inconvenientes<\/title>\n<meta name=\"description\" content=\"En qu\u00e9 consiste un contrato de alquiler con opci\u00f3n a compra y cu\u00e1les son las ventajas y desventajas para inquilinos y propietarios.\" \/>\n<meta name=\"robots\" content=\"index, follow, max-snippet:-1, max-image-preview:large, max-video-preview:-1\" \/>\n<link rel=\"canonical\" href=\"https:\/\/www.reclamador.es\/blog\/alquiler-con-opcion-compra\/\" \/>\n<meta property=\"og:locale\" content=\"es_ES\" \/>\n<meta property=\"og:type\" content=\"article\" \/>\n<meta property=\"og:title\" content=\"Alquiler con opci\u00f3n a compra: ventajas e inconvenientes\" \/>\n<meta property=\"og:description\" content=\"En qu\u00e9 consiste un contrato de alquiler con opci\u00f3n a compra y cu\u00e1les son las ventajas y desventajas para inquilinos y propietarios.\" \/>\n<meta property=\"og:url\" content=\"https:\/\/www.reclamador.es\/blog\/alquiler-con-opcion-compra\/\" \/>\n<meta property=\"og:site_name\" content=\"Rebeldes con causa, el blog de reclamador.es\" \/>\n<meta property=\"article:publisher\" content=\"https:\/\/www.facebook.com\/reclamador.es\" \/>\n<meta property=\"article:published_time\" content=\"2020-05-17T09:35:00+00:00\" \/>\n<meta property=\"article:modified_time\" content=\"2025-05-06T10:28:20+00:00\" \/>\n<meta property=\"og:image\" content=\"https:\/\/www.reclamador.es\/blog\/wp-content\/uploads\/2020\/05\/alquiler-con-opcion-a-compra.jpg\" \/>\n\t<meta property=\"og:image:width\" content=\"1200\" \/>\n\t<meta property=\"og:image:height\" content=\"630\" \/>\n\t<meta property=\"og:image:type\" content=\"image\/jpeg\" \/>\n<meta name=\"author\" content=\"Equipo reclamador\" \/>\n<meta name=\"twitter:card\" content=\"summary_large_image\" \/>\n<meta name=\"twitter:creator\" content=\"@reclamador\" \/>\n<meta name=\"twitter:site\" content=\"@reclamador\" \/>\n<meta name=\"twitter:label1\" content=\"Escrito por\" \/>\n\t<meta name=\"twitter:data1\" content=\"Equipo reclamador\" \/>\n\t<meta name=\"twitter:label2\" content=\"Tiempo de lectura\" \/>\n\t<meta name=\"twitter:data2\" content=\"6 minutos\" \/>\n<script type=\"application\/ld+json\" class=\"yoast-schema-graph\">{\"@context\":\"https:\\\/\\\/schema.org\",\"@graph\":[{\"@type\":\"Article\",\"@id\":\"https:\\\/\\\/www.reclamador.es\\\/blog\\\/alquiler-con-opcion-compra\\\/#article\",\"isPartOf\":{\"@id\":\"https:\\\/\\\/www.reclamador.es\\\/blog\\\/alquiler-con-opcion-compra\\\/\"},\"author\":{\"name\":\"Equipo reclamador\",\"@id\":\"https:\\\/\\\/www.reclamador.es\\\/blog\\\/#\\\/schema\\\/person\\\/1ed83eef8b6566cb5e4c812d9bc5c4bf\"},\"headline\":\"Alquiler con opci\u00f3n a compra: todo lo que debes conocer\",\"datePublished\":\"2020-05-17T09:35:00+00:00\",\"dateModified\":\"2025-05-06T10:28:20+00:00\",\"mainEntityOfPage\":{\"@id\":\"https:\\\/\\\/www.reclamador.es\\\/blog\\\/alquiler-con-opcion-compra\\\/\"},\"wordCount\":1226,\"commentCount\":63,\"publisher\":{\"@id\":\"https:\\\/\\\/www.reclamador.es\\\/blog\\\/#organization\"},\"image\":{\"@id\":\"https:\\\/\\\/www.reclamador.es\\\/blog\\\/alquiler-con-opcion-compra\\\/#primaryimage\"},\"thumbnailUrl\":\"https:\\\/\\\/i0.wp.com\\\/www.reclamador.es\\\/blog\\\/wp-content\\\/uploads\\\/2020\\\/05\\\/alquiler-con-opcion-a-compra.jpg?fit=1200%2C630&ssl=1\",\"keywords\":[\"banca\"],\"articleSection\":[\"Consejos legales\"],\"inLanguage\":\"es\",\"potentialAction\":[{\"@type\":\"CommentAction\",\"name\":\"Comment\",\"target\":[\"https:\\\/\\\/www.reclamador.es\\\/blog\\\/alquiler-con-opcion-compra\\\/#respond\"]}]},{\"@type\":\"WebPage\",\"@id\":\"https:\\\/\\\/www.reclamador.es\\\/blog\\\/alquiler-con-opcion-compra\\\/\",\"url\":\"https:\\\/\\\/www.reclamador.es\\\/blog\\\/alquiler-con-opcion-compra\\\/\",\"name\":\"Alquiler con opci\u00f3n a compra: ventajas e inconvenientes\",\"isPartOf\":{\"@id\":\"https:\\\/\\\/www.reclamador.es\\\/blog\\\/#website\"},\"primaryImageOfPage\":{\"@id\":\"https:\\\/\\\/www.reclamador.es\\\/blog\\\/alquiler-con-opcion-compra\\\/#primaryimage\"},\"image\":{\"@id\":\"https:\\\/\\\/www.reclamador.es\\\/blog\\\/alquiler-con-opcion-compra\\\/#primaryimage\"},\"thumbnailUrl\":\"https:\\\/\\\/i0.wp.com\\\/www.reclamador.es\\\/blog\\\/wp-content\\\/uploads\\\/2020\\\/05\\\/alquiler-con-opcion-a-compra.jpg?fit=1200%2C630&ssl=1\",\"datePublished\":\"2020-05-17T09:35:00+00:00\",\"dateModified\":\"2025-05-06T10:28:20+00:00\",\"description\":\"En qu\u00e9 consiste un contrato de alquiler con opci\u00f3n a compra y cu\u00e1les son las ventajas y desventajas para inquilinos y propietarios.\",\"breadcrumb\":{\"@id\":\"https:\\\/\\\/www.reclamador.es\\\/blog\\\/alquiler-con-opcion-compra\\\/#breadcrumb\"},\"inLanguage\":\"es\",\"potentialAction\":[{\"@type\":\"ReadAction\",\"target\":[\"https:\\\/\\\/www.reclamador.es\\\/blog\\\/alquiler-con-opcion-compra\\\/\"]}]},{\"@type\":\"ImageObject\",\"inLanguage\":\"es\",\"@id\":\"https:\\\/\\\/www.reclamador.es\\\/blog\\\/alquiler-con-opcion-compra\\\/#primaryimage\",\"url\":\"https:\\\/\\\/i0.wp.com\\\/www.reclamador.es\\\/blog\\\/wp-content\\\/uploads\\\/2020\\\/05\\\/alquiler-con-opcion-a-compra.jpg?fit=1200%2C630&ssl=1\",\"contentUrl\":\"https:\\\/\\\/i0.wp.com\\\/www.reclamador.es\\\/blog\\\/wp-content\\\/uploads\\\/2020\\\/05\\\/alquiler-con-opcion-a-compra.jpg?fit=1200%2C630&ssl=1\",\"width\":1200,\"height\":630,\"caption\":\"Alquiler con opci\u00f3n a compra\"},{\"@type\":\"BreadcrumbList\",\"@id\":\"https:\\\/\\\/www.reclamador.es\\\/blog\\\/alquiler-con-opcion-compra\\\/#breadcrumb\",\"itemListElement\":[{\"@type\":\"ListItem\",\"position\":1,\"name\":\"Portada\",\"item\":\"https:\\\/\\\/www.reclamador.es\\\/blog\\\/\"},{\"@type\":\"ListItem\",\"position\":2,\"name\":\"Alquiler con opci\u00f3n a compra: todo lo que debes conocer\"}]},{\"@type\":\"WebSite\",\"@id\":\"https:\\\/\\\/www.reclamador.es\\\/blog\\\/#website\",\"url\":\"https:\\\/\\\/www.reclamador.es\\\/blog\\\/\",\"name\":\"Rebeldes con causa, el blog de reclamador.es\",\"description\":\"Noticias, entrevistas y consejos sobre reclamaciones\",\"publisher\":{\"@id\":\"https:\\\/\\\/www.reclamador.es\\\/blog\\\/#organization\"},\"potentialAction\":[{\"@type\":\"SearchAction\",\"target\":{\"@type\":\"EntryPoint\",\"urlTemplate\":\"https:\\\/\\\/www.reclamador.es\\\/blog\\\/?s={search_term_string}\"},\"query-input\":{\"@type\":\"PropertyValueSpecification\",\"valueRequired\":true,\"valueName\":\"search_term_string\"}}],\"inLanguage\":\"es\"},{\"@type\":\"Organization\",\"@id\":\"https:\\\/\\\/www.reclamador.es\\\/blog\\\/#organization\",\"name\":\"reclamador.es\",\"url\":\"https:\\\/\\\/www.reclamador.es\\\/blog\\\/\",\"logo\":{\"@type\":\"ImageObject\",\"inLanguage\":\"es\",\"@id\":\"https:\\\/\\\/www.reclamador.es\\\/blog\\\/#\\\/schema\\\/logo\\\/image\\\/\",\"url\":\"https:\\\/\\\/i0.wp.com\\\/www.reclamador.es\\\/blog\\\/wp-content\\\/uploads\\\/2020\\\/01\\\/logo-reclamador.png?fit=1200%2C144&ssl=1\",\"contentUrl\":\"https:\\\/\\\/i0.wp.com\\\/www.reclamador.es\\\/blog\\\/wp-content\\\/uploads\\\/2020\\\/01\\\/logo-reclamador.png?fit=1200%2C144&ssl=1\",\"width\":1200,\"height\":144,\"caption\":\"reclamador.es\"},\"image\":{\"@id\":\"https:\\\/\\\/www.reclamador.es\\\/blog\\\/#\\\/schema\\\/logo\\\/image\\\/\"},\"sameAs\":[\"https:\\\/\\\/www.facebook.com\\\/reclamador.es\",\"https:\\\/\\\/x.com\\\/reclamador\",\"https:\\\/\\\/www.instagram.com\\\/reclamador.es\\\/\",\"https:\\\/\\\/www.linkedin.com\\\/company\\\/reclamador-es\",\"https:\\\/\\\/www.youtube.com\\\/user\\\/Reclamadores\"]},{\"@type\":\"Person\",\"@id\":\"https:\\\/\\\/www.reclamador.es\\\/blog\\\/#\\\/schema\\\/person\\\/1ed83eef8b6566cb5e4c812d9bc5c4bf\",\"name\":\"Equipo reclamador\",\"image\":{\"@type\":\"ImageObject\",\"inLanguage\":\"es\",\"@id\":\"https:\\\/\\\/secure.gravatar.com\\\/avatar\\\/6442ecdc2c4472c600c113f34d340feca47107d6aa4f42f1e3e75a2a8e28a760?s=96&d=mm&r=g\",\"url\":\"https:\\\/\\\/secure.gravatar.com\\\/avatar\\\/6442ecdc2c4472c600c113f34d340feca47107d6aa4f42f1e3e75a2a8e28a760?s=96&d=mm&r=g\",\"contentUrl\":\"https:\\\/\\\/secure.gravatar.com\\\/avatar\\\/6442ecdc2c4472c600c113f34d340feca47107d6aa4f42f1e3e75a2a8e28a760?s=96&d=mm&r=g\",\"caption\":\"Equipo reclamador\"},\"description\":\"Las personas que hacen posible reclamador.es\",\"url\":\"https:\\\/\\\/www.reclamador.es\\\/blog\\\/author\\\/administrador\\\/\"}]}<\/script>\n<!-- \/ Yoast SEO plugin. -->","yoast_head_json":{"title":"Alquiler con opci\u00f3n a compra: ventajas e inconvenientes","description":"En qu\u00e9 consiste un contrato de alquiler con opci\u00f3n a compra y cu\u00e1les son las ventajas y desventajas para inquilinos y propietarios.","robots":{"index":"index","follow":"follow","max-snippet":"max-snippet:-1","max-image-preview":"max-image-preview:large","max-video-preview":"max-video-preview:-1"},"canonical":"https:\/\/www.reclamador.es\/blog\/alquiler-con-opcion-compra\/","og_locale":"es_ES","og_type":"article","og_title":"Alquiler con opci\u00f3n a compra: ventajas e inconvenientes","og_description":"En qu\u00e9 consiste un contrato de alquiler con opci\u00f3n a compra y cu\u00e1les son las ventajas y desventajas para inquilinos y propietarios.","og_url":"https:\/\/www.reclamador.es\/blog\/alquiler-con-opcion-compra\/","og_site_name":"Rebeldes con causa, el blog de reclamador.es","article_publisher":"https:\/\/www.facebook.com\/reclamador.es","article_published_time":"2020-05-17T09:35:00+00:00","article_modified_time":"2025-05-06T10:28:20+00:00","og_image":[{"width":1200,"height":630,"url":"https:\/\/www.reclamador.es\/blog\/wp-content\/uploads\/2020\/05\/alquiler-con-opcion-a-compra.jpg","type":"image\/jpeg"}],"author":"Equipo reclamador","twitter_card":"summary_large_image","twitter_creator":"@reclamador","twitter_site":"@reclamador","twitter_misc":{"Escrito por":"Equipo reclamador","Tiempo de lectura":"6 minutos"},"schema":{"@context":"https:\/\/schema.org","@graph":[{"@type":"Article","@id":"https:\/\/www.reclamador.es\/blog\/alquiler-con-opcion-compra\/#article","isPartOf":{"@id":"https:\/\/www.reclamador.es\/blog\/alquiler-con-opcion-compra\/"},"author":{"name":"Equipo reclamador","@id":"https:\/\/www.reclamador.es\/blog\/#\/schema\/person\/1ed83eef8b6566cb5e4c812d9bc5c4bf"},"headline":"Alquiler con opci\u00f3n a compra: todo lo que debes conocer","datePublished":"2020-05-17T09:35:00+00:00","dateModified":"2025-05-06T10:28:20+00:00","mainEntityOfPage":{"@id":"https:\/\/www.reclamador.es\/blog\/alquiler-con-opcion-compra\/"},"wordCount":1226,"commentCount":63,"publisher":{"@id":"https:\/\/www.reclamador.es\/blog\/#organization"},"image":{"@id":"https:\/\/www.reclamador.es\/blog\/alquiler-con-opcion-compra\/#primaryimage"},"thumbnailUrl":"https:\/\/i0.wp.com\/www.reclamador.es\/blog\/wp-content\/uploads\/2020\/05\/alquiler-con-opcion-a-compra.jpg?fit=1200%2C630&ssl=1","keywords":["banca"],"articleSection":["Consejos legales"],"inLanguage":"es","potentialAction":[{"@type":"CommentAction","name":"Comment","target":["https:\/\/www.reclamador.es\/blog\/alquiler-con-opcion-compra\/#respond"]}]},{"@type":"WebPage","@id":"https:\/\/www.reclamador.es\/blog\/alquiler-con-opcion-compra\/","url":"https:\/\/www.reclamador.es\/blog\/alquiler-con-opcion-compra\/","name":"Alquiler con opci\u00f3n a compra: ventajas e inconvenientes","isPartOf":{"@id":"https:\/\/www.reclamador.es\/blog\/#website"},"primaryImageOfPage":{"@id":"https:\/\/www.reclamador.es\/blog\/alquiler-con-opcion-compra\/#primaryimage"},"image":{"@id":"https:\/\/www.reclamador.es\/blog\/alquiler-con-opcion-compra\/#primaryimage"},"thumbnailUrl":"https:\/\/i0.wp.com\/www.reclamador.es\/blog\/wp-content\/uploads\/2020\/05\/alquiler-con-opcion-a-compra.jpg?fit=1200%2C630&ssl=1","datePublished":"2020-05-17T09:35:00+00:00","dateModified":"2025-05-06T10:28:20+00:00","description":"En qu\u00e9 consiste un contrato de alquiler con opci\u00f3n a compra y cu\u00e1les son las ventajas y desventajas para inquilinos y propietarios.","breadcrumb":{"@id":"https:\/\/www.reclamador.es\/blog\/alquiler-con-opcion-compra\/#breadcrumb"},"inLanguage":"es","potentialAction":[{"@type":"ReadAction","target":["https:\/\/www.reclamador.es\/blog\/alquiler-con-opcion-compra\/"]}]},{"@type":"ImageObject","inLanguage":"es","@id":"https:\/\/www.reclamador.es\/blog\/alquiler-con-opcion-compra\/#primaryimage","url":"https:\/\/i0.wp.com\/www.reclamador.es\/blog\/wp-content\/uploads\/2020\/05\/alquiler-con-opcion-a-compra.jpg?fit=1200%2C630&ssl=1","contentUrl":"https:\/\/i0.wp.com\/www.reclamador.es\/blog\/wp-content\/uploads\/2020\/05\/alquiler-con-opcion-a-compra.jpg?fit=1200%2C630&ssl=1","width":1200,"height":630,"caption":"Alquiler con opci\u00f3n a compra"},{"@type":"BreadcrumbList","@id":"https:\/\/www.reclamador.es\/blog\/alquiler-con-opcion-compra\/#breadcrumb","itemListElement":[{"@type":"ListItem","position":1,"name":"Portada","item":"https:\/\/www.reclamador.es\/blog\/"},{"@type":"ListItem","position":2,"name":"Alquiler con opci\u00f3n a compra: todo lo que debes conocer"}]},{"@type":"WebSite","@id":"https:\/\/www.reclamador.es\/blog\/#website","url":"https:\/\/www.reclamador.es\/blog\/","name":"Rebeldes con causa, el blog de reclamador.es","description":"Noticias, entrevistas y consejos sobre reclamaciones","publisher":{"@id":"https:\/\/www.reclamador.es\/blog\/#organization"},"potentialAction":[{"@type":"SearchAction","target":{"@type":"EntryPoint","urlTemplate":"https:\/\/www.reclamador.es\/blog\/?s={search_term_string}"},"query-input":{"@type":"PropertyValueSpecification","valueRequired":true,"valueName":"search_term_string"}}],"inLanguage":"es"},{"@type":"Organization","@id":"https:\/\/www.reclamador.es\/blog\/#organization","name":"reclamador.es","url":"https:\/\/www.reclamador.es\/blog\/","logo":{"@type":"ImageObject","inLanguage":"es","@id":"https:\/\/www.reclamador.es\/blog\/#\/schema\/logo\/image\/","url":"https:\/\/i0.wp.com\/www.reclamador.es\/blog\/wp-content\/uploads\/2020\/01\/logo-reclamador.png?fit=1200%2C144&ssl=1","contentUrl":"https:\/\/i0.wp.com\/www.reclamador.es\/blog\/wp-content\/uploads\/2020\/01\/logo-reclamador.png?fit=1200%2C144&ssl=1","width":1200,"height":144,"caption":"reclamador.es"},"image":{"@id":"https:\/\/www.reclamador.es\/blog\/#\/schema\/logo\/image\/"},"sameAs":["https:\/\/www.facebook.com\/reclamador.es","https:\/\/x.com\/reclamador","https:\/\/www.instagram.com\/reclamador.es\/","https:\/\/www.linkedin.com\/company\/reclamador-es","https:\/\/www.youtube.com\/user\/Reclamadores"]},{"@type":"Person","@id":"https:\/\/www.reclamador.es\/blog\/#\/schema\/person\/1ed83eef8b6566cb5e4c812d9bc5c4bf","name":"Equipo reclamador","image":{"@type":"ImageObject","inLanguage":"es","@id":"https:\/\/secure.gravatar.com\/avatar\/6442ecdc2c4472c600c113f34d340feca47107d6aa4f42f1e3e75a2a8e28a760?s=96&d=mm&r=g","url":"https:\/\/secure.gravatar.com\/avatar\/6442ecdc2c4472c600c113f34d340feca47107d6aa4f42f1e3e75a2a8e28a760?s=96&d=mm&r=g","contentUrl":"https:\/\/secure.gravatar.com\/avatar\/6442ecdc2c4472c600c113f34d340feca47107d6aa4f42f1e3e75a2a8e28a760?s=96&d=mm&r=g","caption":"Equipo reclamador"},"description":"Las personas que hacen posible reclamador.es","url":"https:\/\/www.reclamador.es\/blog\/author\/administrador\/"}]}},"jetpack_featured_media_url":"https:\/\/i0.wp.com\/www.reclamador.es\/blog\/wp-content\/uploads\/2020\/05\/alquiler-con-opcion-a-compra.jpg?fit=1200%2C630&ssl=1","jetpack-related-posts":[{"id":18868,"url":"https:\/\/www.reclamador.es\/blog\/derechos-del-inquilino\/","url_meta":{"origin":21894,"position":0},"title":"Vivienda de alquiler: 5 derechos y 5 obligaciones que tienes como inquilino","author":"Equipo reclamador","date":"30 septiembre, 2021","format":false,"excerpt":"*Contenido modificado mayo 2025 Cada d\u00eda, son miles las personas que buscan alquilar un piso o firman contratos de arrendamiento para comenzar una nueva vida. Vivir como inquilino, aunque esto suponga no ser el propietario de la vivienda, otorga al habitante una serie de derechos y obligaciones convenientes de conocer.\u2026","rel":"","context":"En \u00abConsejos legales\u00bb","block_context":{"text":"Consejos legales","link":"https:\/\/www.reclamador.es\/blog\/consejos\/"},"img":{"alt_text":"Derechos del inquilino: recuperar la fianza depositada al comenzar el contrato de alquiler cuando dejes la casa en buenas condiciones","src":"https:\/\/i0.wp.com\/www.reclamador.es\/blog\/wp-content\/uploads\/2018\/07\/apartamento-vivienda.jpg?fit=1200%2C675&ssl=1&resize=350%2C200","width":350,"height":200,"srcset":"https:\/\/i0.wp.com\/www.reclamador.es\/blog\/wp-content\/uploads\/2018\/07\/apartamento-vivienda.jpg?fit=1200%2C675&ssl=1&resize=350%2C200 1x, https:\/\/i0.wp.com\/www.reclamador.es\/blog\/wp-content\/uploads\/2018\/07\/apartamento-vivienda.jpg?fit=1200%2C675&ssl=1&resize=525%2C300 1.5x, https:\/\/i0.wp.com\/www.reclamador.es\/blog\/wp-content\/uploads\/2018\/07\/apartamento-vivienda.jpg?fit=1200%2C675&ssl=1&resize=700%2C400 2x, https:\/\/i0.wp.com\/www.reclamador.es\/blog\/wp-content\/uploads\/2018\/07\/apartamento-vivienda.jpg?fit=1200%2C675&ssl=1&resize=1050%2C600 3x"},"classes":[]},{"id":32634,"url":"https:\/\/www.reclamador.es\/blog\/consecuencias-estar-fichero-morosos\/","url_meta":{"origin":21894,"position":1},"title":"\u00bfQu\u00e9 pasa si est\u00e1s en un fichero de morosos? Las consecuencias que tiene estar en estos listados","author":"Equipo reclamador","date":"19 agosto, 2024","format":false,"excerpt":"*Contenido ampliado septiembre 2025 Estar en un fichero de morosos puede tener un impacto significativo en tu vida financiera y personal. Si te encuentras en esta situaci\u00f3n, es crucial entender las consecuencias y c\u00f3mo puedes manejarlo. En reclamador.es, estamos aqu\u00ed para ayudarte a comprender y, si es posible, solucionar este\u2026","rel":"","context":"En \u00abConsejos legales\u00bb","block_context":{"text":"Consejos legales","link":"https:\/\/www.reclamador.es\/blog\/consejos\/"},"img":{"alt_text":"reclamador.es Consecuencias de estar en un fichero de morosos","src":"https:\/\/i0.wp.com\/www.reclamador.es\/blog\/wp-content\/uploads\/2024\/08\/impacto-de-estar-en-un-fichero-de-morosos-1200x630-1.jpg?fit=1200%2C630&ssl=1&resize=350%2C200","width":350,"height":200,"srcset":"https:\/\/i0.wp.com\/www.reclamador.es\/blog\/wp-content\/uploads\/2024\/08\/impacto-de-estar-en-un-fichero-de-morosos-1200x630-1.jpg?fit=1200%2C630&ssl=1&resize=350%2C200 1x, https:\/\/i0.wp.com\/www.reclamador.es\/blog\/wp-content\/uploads\/2024\/08\/impacto-de-estar-en-un-fichero-de-morosos-1200x630-1.jpg?fit=1200%2C630&ssl=1&resize=525%2C300 1.5x, https:\/\/i0.wp.com\/www.reclamador.es\/blog\/wp-content\/uploads\/2024\/08\/impacto-de-estar-en-un-fichero-de-morosos-1200x630-1.jpg?fit=1200%2C630&ssl=1&resize=700%2C400 2x, https:\/\/i0.wp.com\/www.reclamador.es\/blog\/wp-content\/uploads\/2024\/08\/impacto-de-estar-en-un-fichero-de-morosos-1200x630-1.jpg?fit=1200%2C630&ssl=1&resize=1050%2C600 3x"},"classes":[]},{"id":23803,"url":"https:\/\/www.reclamador.es\/blog\/propietario-entrar-en-la-vivienda-alquilada\/","url_meta":{"origin":21894,"position":2},"title":"\u00bfPuede el propietario entrar en la vivienda alquilada?","author":"Equipo reclamador","date":"11 mayo, 2021","format":false,"excerpt":"*Contenido modificado mayo 2025 \u00bfCu\u00e1ndo puede un casero entrar en la casa alquilada? Esta cuesti\u00f3n es una de las m\u00e1s controvertidas en los arrendamientos de vivienda. Pero la ley es clara al respecto. El propietario (arrendador) no puede entrar en la vivienda alquilada sin autorizaci\u00f3n del inquilino (arrendatario). Es m\u00e1s,\u2026","rel":"","context":"En \u00abConsejos legales\u00bb","block_context":{"text":"Consejos legales","link":"https:\/\/www.reclamador.es\/blog\/consejos\/"},"img":{"alt_text":"vivienda alquiler - puede el propietario entrar en la vivienda alquilada 2025","src":"https:\/\/i0.wp.com\/www.reclamador.es\/blog\/wp-content\/uploads\/2021\/05\/el-propietario-puede-entrar-en-la-vivienda-alquilada.jpg?fit=1200%2C630&ssl=1&resize=350%2C200","width":350,"height":200,"srcset":"https:\/\/i0.wp.com\/www.reclamador.es\/blog\/wp-content\/uploads\/2021\/05\/el-propietario-puede-entrar-en-la-vivienda-alquilada.jpg?fit=1200%2C630&ssl=1&resize=350%2C200 1x, https:\/\/i0.wp.com\/www.reclamador.es\/blog\/wp-content\/uploads\/2021\/05\/el-propietario-puede-entrar-en-la-vivienda-alquilada.jpg?fit=1200%2C630&ssl=1&resize=525%2C300 1.5x, https:\/\/i0.wp.com\/www.reclamador.es\/blog\/wp-content\/uploads\/2021\/05\/el-propietario-puede-entrar-en-la-vivienda-alquilada.jpg?fit=1200%2C630&ssl=1&resize=700%2C400 2x, https:\/\/i0.wp.com\/www.reclamador.es\/blog\/wp-content\/uploads\/2021\/05\/el-propietario-puede-entrar-en-la-vivienda-alquilada.jpg?fit=1200%2C630&ssl=1&resize=1050%2C600 3x"},"classes":[]},{"id":21837,"url":"https:\/\/www.reclamador.es\/blog\/preguntas-no-tan-frecuentes-alquiler\/","url_meta":{"origin":21894,"position":3},"title":"5 preguntas aparentemente no tan frecuentes sobre el alquiler de vivienda","author":"Equipo reclamador","date":"10 mayo, 2019","format":false,"excerpt":"Seg\u00fan reflejan los \u00faltimos datos arrojados por el Instituto Nacional de Estad\u00edstica, en Espa\u00f1a, del total de hogares contabilizados en 2018, el 17,8% se encontraban en r\u00e9gimen de alquiler. El aumento de los precios de la compraventa de viviendas y las dificultades para acceder a hipotecas ha provocado un importante\u2026","rel":"","context":"En \u00abConsejos legales\u00bb","block_context":{"text":"Consejos legales","link":"https:\/\/www.reclamador.es\/blog\/consejos\/"},"img":{"alt_text":"Preguntas poco frecuentes sobre alquiler de vivienda","src":"https:\/\/i0.wp.com\/www.reclamador.es\/blog\/wp-content\/uploads\/2019\/05\/preguntas-alquiler-de-vivienda.jpg?fit=1200%2C630&ssl=1&resize=350%2C200","width":350,"height":200,"srcset":"https:\/\/i0.wp.com\/www.reclamador.es\/blog\/wp-content\/uploads\/2019\/05\/preguntas-alquiler-de-vivienda.jpg?fit=1200%2C630&ssl=1&resize=350%2C200 1x, https:\/\/i0.wp.com\/www.reclamador.es\/blog\/wp-content\/uploads\/2019\/05\/preguntas-alquiler-de-vivienda.jpg?fit=1200%2C630&ssl=1&resize=525%2C300 1.5x, https:\/\/i0.wp.com\/www.reclamador.es\/blog\/wp-content\/uploads\/2019\/05\/preguntas-alquiler-de-vivienda.jpg?fit=1200%2C630&ssl=1&resize=700%2C400 2x, https:\/\/i0.wp.com\/www.reclamador.es\/blog\/wp-content\/uploads\/2019\/05\/preguntas-alquiler-de-vivienda.jpg?fit=1200%2C630&ssl=1&resize=1050%2C600 3x"},"classes":[]},{"id":31086,"url":"https:\/\/www.reclamador.es\/blog\/que-tener-en-cuenta-buscar-un-alquiler\/","url_meta":{"origin":21894,"position":4},"title":"\u00bfQu\u00e9 tener en cuenta a la hora de buscar un alquiler?","author":"Equipo reclamador","date":"22 junio, 2023","format":false,"excerpt":"La b\u00fasqueda de una vivienda en alquiler supone enormes quebraderos de cabeza para los inquilinos. Los elevados precios, la escasez de vivienda, la zona donde se ubica\u2026 Son numerosas las circunstancias que todo arrendatario debe tener en cuenta a la hora de buscar un alquiler de vivienda. Por ello, en\u2026","rel":"","context":"En \u00abConsejos legales\u00bb","block_context":{"text":"Consejos legales","link":"https:\/\/www.reclamador.es\/blog\/consejos\/"},"img":{"alt_text":"","src":"https:\/\/i0.wp.com\/www.reclamador.es\/blog\/wp-content\/uploads\/2023\/06\/que-tener-en-cuenta-a-la-hora-de-buscar-un-alquiler-1200x675-1-1.jpg?fit=1200%2C675&ssl=1&resize=350%2C200","width":350,"height":200,"srcset":"https:\/\/i0.wp.com\/www.reclamador.es\/blog\/wp-content\/uploads\/2023\/06\/que-tener-en-cuenta-a-la-hora-de-buscar-un-alquiler-1200x675-1-1.jpg?fit=1200%2C675&ssl=1&resize=350%2C200 1x, https:\/\/i0.wp.com\/www.reclamador.es\/blog\/wp-content\/uploads\/2023\/06\/que-tener-en-cuenta-a-la-hora-de-buscar-un-alquiler-1200x675-1-1.jpg?fit=1200%2C675&ssl=1&resize=525%2C300 1.5x, https:\/\/i0.wp.com\/www.reclamador.es\/blog\/wp-content\/uploads\/2023\/06\/que-tener-en-cuenta-a-la-hora-de-buscar-un-alquiler-1200x675-1-1.jpg?fit=1200%2C675&ssl=1&resize=700%2C400 2x, https:\/\/i0.wp.com\/www.reclamador.es\/blog\/wp-content\/uploads\/2023\/06\/que-tener-en-cuenta-a-la-hora-de-buscar-un-alquiler-1200x675-1-1.jpg?fit=1200%2C675&ssl=1&resize=1050%2C600 3x"},"classes":[]},{"id":9403,"url":"https:\/\/www.reclamador.es\/blog\/ser-consumidor-o-no-para-reclamar-clausula-suelo\/","url_meta":{"origin":21894,"position":5},"title":"Ser o no ser consumidor, esa es la cuesti\u00f3n (para reclamar a un banco)","author":"Equipo reclamador","date":"21 agosto, 2017","format":false,"excerpt":"Probablemente hayas escuchado que es m\u00e1s f\u00e1cil recuperar el dinero que te cobraron de m\u00e1s los bancos si eres un consumidor. Algunos se han encontrado con advertencias a la hora de iniciar una reclamaci\u00f3n. Esto ha pasado porque les han advertido de que no ser\u00e1n considerados consumidores. Y, por lo\u2026","rel":"","context":"En \u00abConsejos legales\u00bb","block_context":{"text":"Consejos legales","link":"https:\/\/www.reclamador.es\/blog\/consejos\/"},"img":{"alt_text":"","src":"https:\/\/i0.wp.com\/www.reclamador.es\/blog\/wp-content\/uploads\/2017\/08\/Lidia-en-bbva.jpg?fit=1200%2C750&ssl=1&resize=350%2C200","width":350,"height":200,"srcset":"https:\/\/i0.wp.com\/www.reclamador.es\/blog\/wp-content\/uploads\/2017\/08\/Lidia-en-bbva.jpg?fit=1200%2C750&ssl=1&resize=350%2C200 1x, https:\/\/i0.wp.com\/www.reclamador.es\/blog\/wp-content\/uploads\/2017\/08\/Lidia-en-bbva.jpg?fit=1200%2C750&ssl=1&resize=525%2C300 1.5x, https:\/\/i0.wp.com\/www.reclamador.es\/blog\/wp-content\/uploads\/2017\/08\/Lidia-en-bbva.jpg?fit=1200%2C750&ssl=1&resize=700%2C400 2x, https:\/\/i0.wp.com\/www.reclamador.es\/blog\/wp-content\/uploads\/2017\/08\/Lidia-en-bbva.jpg?fit=1200%2C750&ssl=1&resize=1050%2C600 3x"},"classes":[]}],"jetpack_sharing_enabled":true,"_links":{"self":[{"href":"https:\/\/www.reclamador.es\/blog\/wp-json\/wp\/v2\/posts\/21894","targetHints":{"allow":["GET"]}}],"collection":[{"href":"https:\/\/www.reclamador.es\/blog\/wp-json\/wp\/v2\/posts"}],"about":[{"href":"https:\/\/www.reclamador.es\/blog\/wp-json\/wp\/v2\/types\/post"}],"author":[{"embeddable":true,"href":"https:\/\/www.reclamador.es\/blog\/wp-json\/wp\/v2\/users\/1"}],"replies":[{"embeddable":true,"href":"https:\/\/www.reclamador.es\/blog\/wp-json\/wp\/v2\/comments?post=21894"}],"version-history":[{"count":11,"href":"https:\/\/www.reclamador.es\/blog\/wp-json\/wp\/v2\/posts\/21894\/revisions"}],"predecessor-version":[{"id":34083,"href":"https:\/\/www.reclamador.es\/blog\/wp-json\/wp\/v2\/posts\/21894\/revisions\/34083"}],"wp:featuredmedia":[{"embeddable":true,"href":"https:\/\/www.reclamador.es\/blog\/wp-json\/wp\/v2\/media\/34082"}],"wp:attachment":[{"href":"https:\/\/www.reclamador.es\/blog\/wp-json\/wp\/v2\/media?parent=21894"}],"wp:term":[{"taxonomy":"category","embeddable":true,"href":"https:\/\/www.reclamador.es\/blog\/wp-json\/wp\/v2\/categories?post=21894"},{"taxonomy":"post_tag","embeddable":true,"href":"https:\/\/www.reclamador.es\/blog\/wp-json\/wp\/v2\/tags?post=21894"}],"curies":[{"name":"wp","href":"https:\/\/api.w.org\/{rel}","templated":true}]}}