{"id":21601,"date":"2020-11-23T17:03:53","date_gmt":"2020-11-23T16:03:53","guid":{"rendered":"https:\/\/www.reclamador.es\/blog\/?p=21601"},"modified":"2025-07-31T11:24:47","modified_gmt":"2025-07-31T09:24:47","slug":"caidas-mas-comunes-accidentes","status":"publish","type":"post","link":"https:\/\/www.reclamador.es\/blog\/caidas-mas-comunes-accidentes\/","title":{"rendered":"\u00bfCu\u00e1les son las causas de las ca\u00eddas m\u00e1s habituales? Tropiezos con alcantarillas, con ra\u00edces de \u00e1rboles&#8230;"},"content":{"rendered":"<div class=\"ttr_start\"><\/div>\n\n<div class=\"kk-star-ratings kksr-auto kksr-align-right kksr-valign-top\"\n    data-payload='{&quot;align&quot;:&quot;right&quot;,&quot;id&quot;:&quot;21601&quot;,&quot;slug&quot;:&quot;default&quot;,&quot;valign&quot;:&quot;top&quot;,&quot;ignore&quot;:&quot;&quot;,&quot;reference&quot;:&quot;auto&quot;,&quot;class&quot;:&quot;&quot;,&quot;count&quot;:&quot;2&quot;,&quot;legendonly&quot;:&quot;&quot;,&quot;readonly&quot;:&quot;&quot;,&quot;score&quot;:&quot;5&quot;,&quot;starsonly&quot;:&quot;&quot;,&quot;best&quot;:&quot;5&quot;,&quot;gap&quot;:&quot;3&quot;,&quot;greet&quot;:&quot;Valora este art\u00edculo&quot;,&quot;legend&quot;:&quot;5\\\/5 - (2 votos)&quot;,&quot;size&quot;:&quot;20&quot;,&quot;title&quot;:&quot;\u00bfCu\u00e1les son las causas de las ca\u00eddas m\u00e1s habituales? Tropiezos con alcantarillas, con ra\u00edces de \u00e1rboles...&quot;,&quot;width&quot;:&quot;113.5&quot;,&quot;_legend&quot;:&quot;{score}\\\/{best} - ({count} {votes})&quot;,&quot;font_factor&quot;:&quot;1.25&quot;}'>\n            \n<div class=\"kksr-stars\">\n    \n<div class=\"kksr-stars-inactive\">\n            <div class=\"kksr-star\" data-star=\"1\" style=\"padding-right: 3px\">\n            \n\n<div class=\"kksr-icon\" style=\"width: 20px; height: 20px;\"><\/div>\n        <\/div>\n            <div class=\"kksr-star\" data-star=\"2\" style=\"padding-right: 3px\">\n            \n\n<div class=\"kksr-icon\" style=\"width: 20px; height: 20px;\"><\/div>\n        <\/div>\n            <div class=\"kksr-star\" data-star=\"3\" style=\"padding-right: 3px\">\n            \n\n<div class=\"kksr-icon\" style=\"width: 20px; height: 20px;\"><\/div>\n        <\/div>\n            <div class=\"kksr-star\" data-star=\"4\" style=\"padding-right: 3px\">\n            \n\n<div class=\"kksr-icon\" style=\"width: 20px; height: 20px;\"><\/div>\n        <\/div>\n            <div class=\"kksr-star\" data-star=\"5\" style=\"padding-right: 3px\">\n            \n\n<div class=\"kksr-icon\" style=\"width: 20px; height: 20px;\"><\/div>\n        <\/div>\n    <\/div>\n    \n<div class=\"kksr-stars-active\" style=\"width: 113.5px;\">\n            <div class=\"kksr-star\" style=\"padding-right: 3px\">\n            \n\n<div class=\"kksr-icon\" style=\"width: 20px; height: 20px;\"><\/div>\n        <\/div>\n            <div class=\"kksr-star\" style=\"padding-right: 3px\">\n            \n\n<div class=\"kksr-icon\" style=\"width: 20px; height: 20px;\"><\/div>\n        <\/div>\n            <div class=\"kksr-star\" style=\"padding-right: 3px\">\n            \n\n<div class=\"kksr-icon\" style=\"width: 20px; height: 20px;\"><\/div>\n        <\/div>\n            <div class=\"kksr-star\" style=\"padding-right: 3px\">\n            \n\n<div class=\"kksr-icon\" style=\"width: 20px; height: 20px;\"><\/div>\n        <\/div>\n            <div class=\"kksr-star\" style=\"padding-right: 3px\">\n            \n\n<div class=\"kksr-icon\" style=\"width: 20px; height: 20px;\"><\/div>\n        <\/div>\n    <\/div>\n<\/div>\n                \n\n<div class=\"kksr-legend\" style=\"font-size: 16px;\">\n            5\/5 - (2 votos)    <\/div>\n    <\/div>\n<figure id=\"attachment_34685\" aria-describedby=\"caption-attachment-34685\" style=\"width: 1200px\" class=\"wp-caption aligncenter\"><img data-recalc-dims=\"1\" loading=\"lazy\" decoding=\"async\" class=\"size-full wp-image-34685\" src=\"https:\/\/i0.wp.com\/www.reclamador.es\/blog\/wp-content\/uploads\/2019\/04\/Diseno-sin-titulo-4.jpg?resize=1200%2C630&#038;ssl=1\" alt=\"alcantarilla en la calle, ra\u00edces de \u00e1rboles, causas de ca\u00eddas frecuentes en Espa\u00f1a\" width=\"1200\" height=\"630\" srcset=\"https:\/\/i0.wp.com\/www.reclamador.es\/blog\/wp-content\/uploads\/2019\/04\/Diseno-sin-titulo-4.jpg?w=1200&amp;ssl=1 1200w, https:\/\/i0.wp.com\/www.reclamador.es\/blog\/wp-content\/uploads\/2019\/04\/Diseno-sin-titulo-4.jpg?resize=800%2C420&amp;ssl=1 800w, https:\/\/i0.wp.com\/www.reclamador.es\/blog\/wp-content\/uploads\/2019\/04\/Diseno-sin-titulo-4.jpg?resize=150%2C79&amp;ssl=1 150w, https:\/\/i0.wp.com\/www.reclamador.es\/blog\/wp-content\/uploads\/2019\/04\/Diseno-sin-titulo-4.jpg?resize=768%2C403&amp;ssl=1 768w\" sizes=\"auto, (max-width: 1000px) 100vw, 1000px\" \/><figcaption id=\"caption-attachment-34685\" class=\"wp-caption-text\"><em>Causas de ca\u00eddas m\u00e1s comunes<\/em><\/figcaption><\/figure>\n<p><strong>*Contenido ampliado julio 2025<\/strong><\/p>\n<p><span style=\"font-weight: 400;\">Vas dando un paseo por el centro de la ciudad, hablando por tel\u00e9fono y, de repente, est\u00e1s en el suelo. Miras hacia atr\u00e1s y ves varias baldosas levantadas o las ra\u00edces del \u00e1rbol cercano que sobresalen en la acera. Esta es, seguramente, una de las ca\u00eddas m\u00e1s habituales que, probablemente, en alguna ocasi\u00f3n has sufrido. Normalmente, este tipo de contratiempos no supone m\u00e1s que un peque\u00f1o rasgu\u00f1o. Pero no siempre es as\u00ed. <strong>En ocasiones, esta ca\u00edda, y otras que a continuaci\u00f3n te contamos, supone problemas en articulaciones, esguinces o roturas de alg\u00fan hueso,<\/strong> y conlleva una indemnizaci\u00f3n por accidente. <\/span><\/p>\n<p><span style=\"font-weight: 400;\">En reclamador.es hemos recopilado las ca\u00eddas m\u00e1s t\u00edpicas, tanto en la calle como en otros lugares p\u00fablicos y que pueden tener finalmente como resultado una lesi\u00f3n ocurrida por la misma y te vamos a contar si es posible reclamar en cada caso.<\/span><\/p>\n<h2><b>Causas de ca\u00eddas: Obras o socavones sin se\u00f1alizar<\/b><\/h2>\n<p><span style=\"font-weight: 400;\">Una de las causas de ca\u00eddas m\u00e1s frecuente es una <strong>mala se\u00f1alizaci\u00f3n, o la falta de la misma, en obras p\u00fablicas o privadas.<\/strong> Algunas de ellas pueden conllevar la realizaci\u00f3n de agujeros o \u201csocavones\u201d en las aceras. \u00a0<\/span><\/p>\n<p><span style=\"font-weight: 400;\">Si estas zanjas no est\u00e1n bien se\u00f1alizadas y como consecuencia de ello sufres una ca\u00edda, el responsable de la obra (o el agujero en cuesti\u00f3n) ser\u00e1 quien deba hacerse cargo de la indemnizaci\u00f3n por los da\u00f1os sufridos, si corresponde.<\/span><\/p>\n<h2><b>Ca\u00eddas en supermercado<\/b><\/h2>\n<p><span style=\"font-weight: 400;\">Otra situaci\u00f3n habitual es una <\/span><a href=\"https:\/\/www.reclamador.es\/blog\/caida-en-centro-comercial-derechos\/\"><span style=\"font-weight: 400;\">ca\u00edda en un centro comercial<\/span><\/a><span style=\"font-weight: 400;\"> o supermercado. En estos \u00faltimos es habitual que pueda derramarse alg\u00fan producto l\u00edquido y provoque que el suelo est\u00e9 mojado. Tambi\u00e9n es posible que ocurra que hayan limpiado el suelo y est\u00e9 h\u00famedo. En ambos casos el peligro de ca\u00edda es alto. Y, por ello, se debe se\u00f1alizar de forma visible la zona y avisar de que el suelo est\u00e1 deslizante.<\/span><\/p>\n<p><span style=\"font-weight: 400;\">Si sufres da\u00f1os por una ca\u00edda en un supermercado y el establecimiento no lo ten\u00eda debidamente se\u00f1alizado, vas a tener <strong>derecho a pedir una indemnizaci\u00f3n por el accidente.<\/strong><\/span><\/p>\n<h2><b>Ra\u00edces de \u00e1rboles y ramas<\/b><\/h2>\n<p><span style=\"font-weight: 400;\">Los \u00e1rboles en nuestros pueblos y ciudades no solo hacen que tengamos unas calles bonitas, sino que adem\u00e1s sirven de pulm\u00f3n frente a los altos niveles de contaminaci\u00f3n. Pero en algunas ocasiones, pueden tambi\u00e9n provocar situaciones no deseables para los viandantes.<\/span><\/p>\n<p><span style=\"font-weight: 400;\">Sonado son los casos de la ca\u00edda de ramas de los mismos, debido en parte a fuertes rachas de viento sumadas a la falta de tala de los mismos. En este caso, los propietarios de los \u00e1rboles o en su caso el Ayuntamiento responder\u00e1n de los posibles da\u00f1os que se provoquen.<\/span><\/p>\n<p><span style=\"font-weight: 400;\">Pero adem\u00e1s, puede ocurrir tambi\u00e9n que sus ra\u00edces sobresalgan del pavimento y puedan provocar tropiezos y, en el peor de los casos, ca\u00eddas.<\/span><\/p>\n<h2><b>Baldosas sueltas en el suelo<\/b><\/h2>\n<p><span style=\"font-weight: 400;\">Nuestros ayuntamientos tienen la responsabilidad de conservar las v\u00edas p\u00fablica en buen estado. Y eso implica tambi\u00e9n que no haya agujeros o baldosas sueltas en la misma. \u00bfPero qui\u00e9n no se ha encontrado paseando con alguna loseta o baldosa del acerado p\u00fablico en mal estado o levantado? Lo cierto es que si por causa de esta situaci\u00f3n de la calle sufres lesiones tras una ca\u00edda, tienes derecho a recibir una indemnizaci\u00f3n y es el consistorio competente el obligado a pagarla. Ten en cuenta que en estos casos, tanto el parte de la ambulancia que te recoja en el lugar de la ca\u00edda, como los testigos, son casi imprescindibles para lograr el \u00e9xito de la reclamaci\u00f3n por accidente.<\/span><\/p>\n<h2><b>Causas de ca\u00eddas: Tapas de alcantarillas levantadas<\/b><\/h2>\n<p><span style=\"font-weight: 400;\">Dicen que, por ejemplo en Madrid, existe una ciudad subterr\u00e1nea compuesta por el sistema de alcantarillado que conecta pr\u00e1cticamente toda la villa. Pero es importante que esa ciudad permanezca con sus puertas cerradas y evitar as\u00ed accidentes no deseados.<\/span><\/p>\n<p><span style=\"font-weight: 400;\">Por eso, que las tapaderas de las alcantarillas de nuestros pueblos y ciudades permanezcan en su sitio y no sean levantadas ser\u00e1 fundamental para que no caiga nadie dentro ni que tampoco se produzcan tropiezos por la mala colocaci\u00f3n de las mismas.<\/span><\/p>\n<p><span style=\"font-weight: 400;\">Si se produce una ca\u00edda por una mala se\u00f1alizaci\u00f3n de las alcantarillas puedes reclamar una indemnizaci\u00f3n por los da\u00f1os sufridos.<\/span><\/p>\n<h2><b>Falta de adaptaci\u00f3n para personas con movilidad reducida<\/b><\/h2>\n<p><span style=\"font-weight: 400;\">Algunas ciudades son ejemplo en lo que a movilidad de sus viandantes se refiere. Otras, en cambio, siguen manteniendo una serie de barreras arquitect\u00f3nicas que hacen que los desplazamientos de personas con movilidad reducida por sus calles se convierta en una odisea. <\/span><\/p>\n<p><span style=\"font-weight: 400;\">Rampas inexistentes para cruzar pasos de peatones, otras con mucha pendiente, y otro tipo de barreras pueden provocar en ocasiones ca\u00eddas y accidentes de personas que pueden ir en silla de ruedas o con muletas. Provocando, adem\u00e1s, lesiones y secuelas por el accidente a estas personas con movilidad reducida. Si existen rampas en mal estado y como consecuencia una persona con movilidad reducida sufre un accidente con lesiones, podr\u00e1 reclamar las mismas.<\/span><\/p>\n<h2><b>Ca\u00edda en el finger del aeropuerto<\/b><\/h2>\n<p><span style=\"font-weight: 400;\">Las pasarelas de acceso a los aviones, m\u00e1s conocidas como los \u201cfinger\u201d de los aeropuertos, son las que conectan la terminal de embarque de pasajeros con las propias aeronaves. Son estructuras que van fijadas al avi\u00f3n y que en ocasiones de mucho viento podemos notar c\u00f3mo se mueven cuando estamos embarcando.<\/span><\/p>\n<p><span style=\"font-weight: 400;\">Si los operarios no lo fijaran bien, podr\u00eda tener como consecuencia que se moviera en exceso, provocando ca\u00eddas en el mismo y, en el peor de los casos, lesiones para los accidentados.<\/span><\/p>\n<p><span style=\"font-weight: 400;\">Si esto ocurriera, ser\u00eda responsabilidad de la empresa encargada de las actuaciones t\u00e9cnicas de fijaci\u00f3n de la pasarela, por lo que se podr\u00eda solicitar una compensaci\u00f3n por los da\u00f1os sufridos.<\/span><\/p>\n<h2><b>Autob\u00fas que te transporta al avi\u00f3n<\/b><\/h2>\n<p><span style=\"font-weight: 400;\">Otra forma de <a href=\"https:\/\/www.reclamador.es\/blog\/accidentes-embarcar-desembarcar-avion\/\">embarcar desde el aeropuerto hasta el avi\u00f3n<\/a>, si este se encuentra en la pista alejado de la terminal, es a trav\u00e9s de un autob\u00fas. Este te recoge al pie de la propia terminal y te deja en las escaleras de acceso a la aeronave.<\/span><\/p>\n<p><span style=\"font-weight: 400;\">\u00bfQu\u00e9 ocurre si sufres un accidente en ese trayecto? Si sufres una ca\u00edda o el autob\u00fas tiene un accidente durante el trayecto mencionado, vas a estar cubierto por el seguro que la aerol\u00ednea tiene en estos casos. Por tanto, vas a tener derecho a indemnizaci\u00f3n por lesiones sufridas en accidentes de este tipo. As\u00ed, por ejemplo, conseguimos que una clienta de reclamador.es obtuviera 4.300\u20ac como consecuencia de una ca\u00edda al bajar de uno de estos autobuses mientras desembarcaba. \u00a0<\/span><\/p>\n<h2><b>Aspectos importantes si sufres una ca\u00edda<\/b><\/h2>\n<p><span style=\"font-weight: 400;\">Ahora que ya conoces hasta 8 causas de ca\u00eddas, si has sufrido alguno de los accidentes mencionados anteriormente, es importante que tengas en cuenta estos consejos:<\/span><\/p>\n<ul>\n<li style=\"font-weight: 400;\"><span style=\"font-weight: 400;\">Pide ayuda si te ocurre y qu\u00e9date con los datos de las personas que lo han presenciado para que puedan testificar sobre lo ocurrido posteriormente.<\/span><\/li>\n<li style=\"font-weight: 400;\"><span style=\"font-weight: 400;\">Avisa a la polic\u00eda para que levante un atestado.<\/span><\/li>\n<li style=\"font-weight: 400;\"><span style=\"font-weight: 400;\">Es muy aconsejable que pidas una ambulancia si la situaci\u00f3n lo requiere.<\/span><\/li>\n<li style=\"font-weight: 400;\"><span style=\"font-weight: 400;\">En todo caso, acude al m\u00e9dico para que pueda valorar tus posibles lesiones lo antes posible.<\/span><\/li>\n<li style=\"font-weight: 400;\"><span style=\"font-weight: 400;\">Y guarda todos los documentos que te proporcionen los m\u00e9dicos sobre el accidente y tus lesiones.<\/span><\/li>\n<\/ul>\n<p><span style=\"font-weight: 400;\">Estos consejos te ayudar\u00e1n a conseguir una indemnizaci\u00f3n por accidente si te corresponde. Recuerda que este tipo de indemnizaciones est\u00e1n recogidas en el <a href=\"https:\/\/www.reclamador.es\/blog\/reclamacion-accidente-de-trafico-baremo\/\">baremo de accidentes<\/a> que se actualiza cada cierto tiempo.<\/span><\/p>\n<div class=\"ttr_end\"><\/div>","protected":false},"excerpt":{"rendered":"<p>*Contenido ampliado julio 2025 Vas dando un paseo por el centro de la ciudad, hablando por tel\u00e9fono y, de repente, est\u00e1s en el suelo. Miras hacia atr\u00e1s y ves varias baldosas levantadas o las ra\u00edces del \u00e1rbol cercano que sobresalen en la acera. Esta es, seguramente, una de las ca\u00eddas m\u00e1s habituales que, probablemente, en [&hellip;]<\/p>\n","protected":false},"author":1,"featured_media":34685,"comment_status":"open","ping_status":"open","sticky":false,"template":"","format":"standard","meta":{"_acf_changed":false,"_genesis_hide_title":false,"_genesis_hide_breadcrumbs":false,"_genesis_hide_singular_image":false,"_genesis_hide_footer_widgets":false,"_genesis_custom_body_class":"","_genesis_custom_post_class":"","_genesis_layout":"","_jetpack_newsletter_access":"","_jetpack_dont_email_post_to_subs":false,"_jetpack_newsletter_tier_id":0,"_jetpack_memberships_contains_paywalled_content":false,"_jetpack_memberships_contains_paid_content":false,"footnotes":""},"categories":[393],"tags":[382,255],"class_list":{"0":"post-21601","1":"post","2":"type-post","3":"status-publish","4":"format-standard","5":"has-post-thumbnail","7":"category-consejos","8":"tag-accidentes","9":"tag-indemnizacion","10":"entry"},"acf":[],"yoast_head":"<!-- This site is optimized with the Yoast SEO plugin v27.4 - https:\/\/yoast.com\/product\/yoast-seo-wordpress\/ -->\n<title>\u00bfCu\u00e1les son las causas de ca\u00eddas m\u00e1s frecuentes? 2025<\/title>\n<meta name=\"description\" content=\"Causas de ca\u00eddas m\u00e1s frecuentes: Ra\u00edces de \u00e1rboles, alcantarillas abiertas, suelo mojado en supermercados... \u00a1Hasta 8!\" \/>\n<meta name=\"robots\" content=\"index, follow, max-snippet:-1, max-image-preview:large, max-video-preview:-1\" \/>\n<link rel=\"canonical\" href=\"https:\/\/www.reclamador.es\/blog\/caidas-mas-comunes-accidentes\/\" \/>\n<meta property=\"og:locale\" content=\"es_ES\" \/>\n<meta property=\"og:type\" content=\"article\" \/>\n<meta property=\"og:title\" content=\"\u00bfCu\u00e1les son las causas de ca\u00eddas m\u00e1s frecuentes? 2025\" \/>\n<meta property=\"og:description\" content=\"Causas de ca\u00eddas m\u00e1s frecuentes: Ra\u00edces de \u00e1rboles, alcantarillas abiertas, suelo mojado en supermercados... \u00a1Hasta 8!\" \/>\n<meta property=\"og:url\" content=\"https:\/\/www.reclamador.es\/blog\/caidas-mas-comunes-accidentes\/\" \/>\n<meta property=\"og:site_name\" content=\"Rebeldes con causa, el blog de reclamador.es\" \/>\n<meta property=\"article:publisher\" content=\"https:\/\/www.facebook.com\/reclamador.es\" \/>\n<meta property=\"article:published_time\" content=\"2020-11-23T16:03:53+00:00\" \/>\n<meta property=\"article:modified_time\" content=\"2025-07-31T09:24:47+00:00\" \/>\n<meta property=\"og:image\" content=\"https:\/\/www.reclamador.es\/blog\/wp-content\/uploads\/2019\/04\/Diseno-sin-titulo-4.jpg\" \/>\n\t<meta property=\"og:image:width\" content=\"1200\" \/>\n\t<meta property=\"og:image:height\" content=\"630\" \/>\n\t<meta property=\"og:image:type\" content=\"image\/jpeg\" \/>\n<meta name=\"author\" content=\"Equipo reclamador\" \/>\n<meta name=\"twitter:card\" content=\"summary_large_image\" \/>\n<meta name=\"twitter:creator\" content=\"@reclamador\" \/>\n<meta name=\"twitter:site\" content=\"@reclamador\" \/>\n<meta name=\"twitter:label1\" content=\"Escrito por\" \/>\n\t<meta name=\"twitter:data1\" content=\"Equipo reclamador\" \/>\n\t<meta name=\"twitter:label2\" content=\"Tiempo de lectura\" \/>\n\t<meta name=\"twitter:data2\" content=\"6 minutos\" \/>\n<script type=\"application\/ld+json\" class=\"yoast-schema-graph\">{\"@context\":\"https:\\\/\\\/schema.org\",\"@graph\":[{\"@type\":\"Article\",\"@id\":\"https:\\\/\\\/www.reclamador.es\\\/blog\\\/caidas-mas-comunes-accidentes\\\/#article\",\"isPartOf\":{\"@id\":\"https:\\\/\\\/www.reclamador.es\\\/blog\\\/caidas-mas-comunes-accidentes\\\/\"},\"author\":{\"name\":\"Equipo reclamador\",\"@id\":\"https:\\\/\\\/www.reclamador.es\\\/blog\\\/#\\\/schema\\\/person\\\/1ed83eef8b6566cb5e4c812d9bc5c4bf\"},\"headline\":\"\u00bfCu\u00e1les son las causas de las ca\u00eddas m\u00e1s habituales? Tropiezos con alcantarillas, con ra\u00edces de \u00e1rboles&#8230;\",\"datePublished\":\"2020-11-23T16:03:53+00:00\",\"dateModified\":\"2025-07-31T09:24:47+00:00\",\"mainEntityOfPage\":{\"@id\":\"https:\\\/\\\/www.reclamador.es\\\/blog\\\/caidas-mas-comunes-accidentes\\\/\"},\"wordCount\":1342,\"commentCount\":3,\"publisher\":{\"@id\":\"https:\\\/\\\/www.reclamador.es\\\/blog\\\/#organization\"},\"image\":{\"@id\":\"https:\\\/\\\/www.reclamador.es\\\/blog\\\/caidas-mas-comunes-accidentes\\\/#primaryimage\"},\"thumbnailUrl\":\"https:\\\/\\\/i0.wp.com\\\/www.reclamador.es\\\/blog\\\/wp-content\\\/uploads\\\/2019\\\/04\\\/Diseno-sin-titulo-4.jpg?fit=1200%2C630&ssl=1\",\"keywords\":[\"accidentes\",\"indemnizaci\u00f3n\"],\"articleSection\":[\"Consejos legales\"],\"inLanguage\":\"es\",\"potentialAction\":[{\"@type\":\"CommentAction\",\"name\":\"Comment\",\"target\":[\"https:\\\/\\\/www.reclamador.es\\\/blog\\\/caidas-mas-comunes-accidentes\\\/#respond\"]}]},{\"@type\":\"WebPage\",\"@id\":\"https:\\\/\\\/www.reclamador.es\\\/blog\\\/caidas-mas-comunes-accidentes\\\/\",\"url\":\"https:\\\/\\\/www.reclamador.es\\\/blog\\\/caidas-mas-comunes-accidentes\\\/\",\"name\":\"\u00bfCu\u00e1les son las causas de ca\u00eddas m\u00e1s frecuentes? 2025\",\"isPartOf\":{\"@id\":\"https:\\\/\\\/www.reclamador.es\\\/blog\\\/#website\"},\"primaryImageOfPage\":{\"@id\":\"https:\\\/\\\/www.reclamador.es\\\/blog\\\/caidas-mas-comunes-accidentes\\\/#primaryimage\"},\"image\":{\"@id\":\"https:\\\/\\\/www.reclamador.es\\\/blog\\\/caidas-mas-comunes-accidentes\\\/#primaryimage\"},\"thumbnailUrl\":\"https:\\\/\\\/i0.wp.com\\\/www.reclamador.es\\\/blog\\\/wp-content\\\/uploads\\\/2019\\\/04\\\/Diseno-sin-titulo-4.jpg?fit=1200%2C630&ssl=1\",\"datePublished\":\"2020-11-23T16:03:53+00:00\",\"dateModified\":\"2025-07-31T09:24:47+00:00\",\"description\":\"Causas de ca\u00eddas m\u00e1s frecuentes: Ra\u00edces de \u00e1rboles, alcantarillas abiertas, suelo mojado en supermercados... \u00a1Hasta 8!\",\"breadcrumb\":{\"@id\":\"https:\\\/\\\/www.reclamador.es\\\/blog\\\/caidas-mas-comunes-accidentes\\\/#breadcrumb\"},\"inLanguage\":\"es\",\"potentialAction\":[{\"@type\":\"ReadAction\",\"target\":[\"https:\\\/\\\/www.reclamador.es\\\/blog\\\/caidas-mas-comunes-accidentes\\\/\"]}]},{\"@type\":\"ImageObject\",\"inLanguage\":\"es\",\"@id\":\"https:\\\/\\\/www.reclamador.es\\\/blog\\\/caidas-mas-comunes-accidentes\\\/#primaryimage\",\"url\":\"https:\\\/\\\/i0.wp.com\\\/www.reclamador.es\\\/blog\\\/wp-content\\\/uploads\\\/2019\\\/04\\\/Diseno-sin-titulo-4.jpg?fit=1200%2C630&ssl=1\",\"contentUrl\":\"https:\\\/\\\/i0.wp.com\\\/www.reclamador.es\\\/blog\\\/wp-content\\\/uploads\\\/2019\\\/04\\\/Diseno-sin-titulo-4.jpg?fit=1200%2C630&ssl=1\",\"width\":1200,\"height\":630,\"caption\":\"Causas de ca\u00eddas m\u00e1s comunes\"},{\"@type\":\"BreadcrumbList\",\"@id\":\"https:\\\/\\\/www.reclamador.es\\\/blog\\\/caidas-mas-comunes-accidentes\\\/#breadcrumb\",\"itemListElement\":[{\"@type\":\"ListItem\",\"position\":1,\"name\":\"Portada\",\"item\":\"https:\\\/\\\/www.reclamador.es\\\/blog\\\/\"},{\"@type\":\"ListItem\",\"position\":2,\"name\":\"\u00bfCu\u00e1les son las causas de las ca\u00eddas m\u00e1s habituales? Tropiezos con alcantarillas, con ra\u00edces de \u00e1rboles&#8230;\"}]},{\"@type\":\"WebSite\",\"@id\":\"https:\\\/\\\/www.reclamador.es\\\/blog\\\/#website\",\"url\":\"https:\\\/\\\/www.reclamador.es\\\/blog\\\/\",\"name\":\"Rebeldes con causa, el blog de reclamador.es\",\"description\":\"Noticias, entrevistas y consejos sobre reclamaciones\",\"publisher\":{\"@id\":\"https:\\\/\\\/www.reclamador.es\\\/blog\\\/#organization\"},\"potentialAction\":[{\"@type\":\"SearchAction\",\"target\":{\"@type\":\"EntryPoint\",\"urlTemplate\":\"https:\\\/\\\/www.reclamador.es\\\/blog\\\/?s={search_term_string}\"},\"query-input\":{\"@type\":\"PropertyValueSpecification\",\"valueRequired\":true,\"valueName\":\"search_term_string\"}}],\"inLanguage\":\"es\"},{\"@type\":\"Organization\",\"@id\":\"https:\\\/\\\/www.reclamador.es\\\/blog\\\/#organization\",\"name\":\"reclamador.es\",\"url\":\"https:\\\/\\\/www.reclamador.es\\\/blog\\\/\",\"logo\":{\"@type\":\"ImageObject\",\"inLanguage\":\"es\",\"@id\":\"https:\\\/\\\/www.reclamador.es\\\/blog\\\/#\\\/schema\\\/logo\\\/image\\\/\",\"url\":\"https:\\\/\\\/i0.wp.com\\\/www.reclamador.es\\\/blog\\\/wp-content\\\/uploads\\\/2020\\\/01\\\/logo-reclamador.png?fit=1200%2C144&ssl=1\",\"contentUrl\":\"https:\\\/\\\/i0.wp.com\\\/www.reclamador.es\\\/blog\\\/wp-content\\\/uploads\\\/2020\\\/01\\\/logo-reclamador.png?fit=1200%2C144&ssl=1\",\"width\":1200,\"height\":144,\"caption\":\"reclamador.es\"},\"image\":{\"@id\":\"https:\\\/\\\/www.reclamador.es\\\/blog\\\/#\\\/schema\\\/logo\\\/image\\\/\"},\"sameAs\":[\"https:\\\/\\\/www.facebook.com\\\/reclamador.es\",\"https:\\\/\\\/x.com\\\/reclamador\",\"https:\\\/\\\/www.instagram.com\\\/reclamador.es\\\/\",\"https:\\\/\\\/www.linkedin.com\\\/company\\\/reclamador-es\",\"https:\\\/\\\/www.youtube.com\\\/user\\\/Reclamadores\"]},{\"@type\":\"Person\",\"@id\":\"https:\\\/\\\/www.reclamador.es\\\/blog\\\/#\\\/schema\\\/person\\\/1ed83eef8b6566cb5e4c812d9bc5c4bf\",\"name\":\"Equipo reclamador\",\"image\":{\"@type\":\"ImageObject\",\"inLanguage\":\"es\",\"@id\":\"https:\\\/\\\/secure.gravatar.com\\\/avatar\\\/6442ecdc2c4472c600c113f34d340feca47107d6aa4f42f1e3e75a2a8e28a760?s=96&d=mm&r=g\",\"url\":\"https:\\\/\\\/secure.gravatar.com\\\/avatar\\\/6442ecdc2c4472c600c113f34d340feca47107d6aa4f42f1e3e75a2a8e28a760?s=96&d=mm&r=g\",\"contentUrl\":\"https:\\\/\\\/secure.gravatar.com\\\/avatar\\\/6442ecdc2c4472c600c113f34d340feca47107d6aa4f42f1e3e75a2a8e28a760?s=96&d=mm&r=g\",\"caption\":\"Equipo reclamador\"},\"description\":\"Las personas que hacen posible reclamador.es\",\"url\":\"https:\\\/\\\/www.reclamador.es\\\/blog\\\/author\\\/administrador\\\/\"}]}<\/script>\n<!-- \/ Yoast SEO plugin. -->","yoast_head_json":{"title":"\u00bfCu\u00e1les son las causas de ca\u00eddas m\u00e1s frecuentes? 2025","description":"Causas de ca\u00eddas m\u00e1s frecuentes: Ra\u00edces de \u00e1rboles, alcantarillas abiertas, suelo mojado en supermercados... \u00a1Hasta 8!","robots":{"index":"index","follow":"follow","max-snippet":"max-snippet:-1","max-image-preview":"max-image-preview:large","max-video-preview":"max-video-preview:-1"},"canonical":"https:\/\/www.reclamador.es\/blog\/caidas-mas-comunes-accidentes\/","og_locale":"es_ES","og_type":"article","og_title":"\u00bfCu\u00e1les son las causas de ca\u00eddas m\u00e1s frecuentes? 2025","og_description":"Causas de ca\u00eddas m\u00e1s frecuentes: Ra\u00edces de \u00e1rboles, alcantarillas abiertas, suelo mojado en supermercados... \u00a1Hasta 8!","og_url":"https:\/\/www.reclamador.es\/blog\/caidas-mas-comunes-accidentes\/","og_site_name":"Rebeldes con causa, el blog de reclamador.es","article_publisher":"https:\/\/www.facebook.com\/reclamador.es","article_published_time":"2020-11-23T16:03:53+00:00","article_modified_time":"2025-07-31T09:24:47+00:00","og_image":[{"width":1200,"height":630,"url":"https:\/\/www.reclamador.es\/blog\/wp-content\/uploads\/2019\/04\/Diseno-sin-titulo-4.jpg","type":"image\/jpeg"}],"author":"Equipo reclamador","twitter_card":"summary_large_image","twitter_creator":"@reclamador","twitter_site":"@reclamador","twitter_misc":{"Escrito por":"Equipo reclamador","Tiempo de lectura":"6 minutos"},"schema":{"@context":"https:\/\/schema.org","@graph":[{"@type":"Article","@id":"https:\/\/www.reclamador.es\/blog\/caidas-mas-comunes-accidentes\/#article","isPartOf":{"@id":"https:\/\/www.reclamador.es\/blog\/caidas-mas-comunes-accidentes\/"},"author":{"name":"Equipo reclamador","@id":"https:\/\/www.reclamador.es\/blog\/#\/schema\/person\/1ed83eef8b6566cb5e4c812d9bc5c4bf"},"headline":"\u00bfCu\u00e1les son las causas de las ca\u00eddas m\u00e1s habituales? Tropiezos con alcantarillas, con ra\u00edces de \u00e1rboles&#8230;","datePublished":"2020-11-23T16:03:53+00:00","dateModified":"2025-07-31T09:24:47+00:00","mainEntityOfPage":{"@id":"https:\/\/www.reclamador.es\/blog\/caidas-mas-comunes-accidentes\/"},"wordCount":1342,"commentCount":3,"publisher":{"@id":"https:\/\/www.reclamador.es\/blog\/#organization"},"image":{"@id":"https:\/\/www.reclamador.es\/blog\/caidas-mas-comunes-accidentes\/#primaryimage"},"thumbnailUrl":"https:\/\/i0.wp.com\/www.reclamador.es\/blog\/wp-content\/uploads\/2019\/04\/Diseno-sin-titulo-4.jpg?fit=1200%2C630&ssl=1","keywords":["accidentes","indemnizaci\u00f3n"],"articleSection":["Consejos legales"],"inLanguage":"es","potentialAction":[{"@type":"CommentAction","name":"Comment","target":["https:\/\/www.reclamador.es\/blog\/caidas-mas-comunes-accidentes\/#respond"]}]},{"@type":"WebPage","@id":"https:\/\/www.reclamador.es\/blog\/caidas-mas-comunes-accidentes\/","url":"https:\/\/www.reclamador.es\/blog\/caidas-mas-comunes-accidentes\/","name":"\u00bfCu\u00e1les son las causas de ca\u00eddas m\u00e1s frecuentes? 2025","isPartOf":{"@id":"https:\/\/www.reclamador.es\/blog\/#website"},"primaryImageOfPage":{"@id":"https:\/\/www.reclamador.es\/blog\/caidas-mas-comunes-accidentes\/#primaryimage"},"image":{"@id":"https:\/\/www.reclamador.es\/blog\/caidas-mas-comunes-accidentes\/#primaryimage"},"thumbnailUrl":"https:\/\/i0.wp.com\/www.reclamador.es\/blog\/wp-content\/uploads\/2019\/04\/Diseno-sin-titulo-4.jpg?fit=1200%2C630&ssl=1","datePublished":"2020-11-23T16:03:53+00:00","dateModified":"2025-07-31T09:24:47+00:00","description":"Causas de ca\u00eddas m\u00e1s frecuentes: Ra\u00edces de \u00e1rboles, alcantarillas abiertas, suelo mojado en supermercados... \u00a1Hasta 8!","breadcrumb":{"@id":"https:\/\/www.reclamador.es\/blog\/caidas-mas-comunes-accidentes\/#breadcrumb"},"inLanguage":"es","potentialAction":[{"@type":"ReadAction","target":["https:\/\/www.reclamador.es\/blog\/caidas-mas-comunes-accidentes\/"]}]},{"@type":"ImageObject","inLanguage":"es","@id":"https:\/\/www.reclamador.es\/blog\/caidas-mas-comunes-accidentes\/#primaryimage","url":"https:\/\/i0.wp.com\/www.reclamador.es\/blog\/wp-content\/uploads\/2019\/04\/Diseno-sin-titulo-4.jpg?fit=1200%2C630&ssl=1","contentUrl":"https:\/\/i0.wp.com\/www.reclamador.es\/blog\/wp-content\/uploads\/2019\/04\/Diseno-sin-titulo-4.jpg?fit=1200%2C630&ssl=1","width":1200,"height":630,"caption":"Causas de ca\u00eddas m\u00e1s comunes"},{"@type":"BreadcrumbList","@id":"https:\/\/www.reclamador.es\/blog\/caidas-mas-comunes-accidentes\/#breadcrumb","itemListElement":[{"@type":"ListItem","position":1,"name":"Portada","item":"https:\/\/www.reclamador.es\/blog\/"},{"@type":"ListItem","position":2,"name":"\u00bfCu\u00e1les son las causas de las ca\u00eddas m\u00e1s habituales? Tropiezos con alcantarillas, con ra\u00edces de \u00e1rboles&#8230;"}]},{"@type":"WebSite","@id":"https:\/\/www.reclamador.es\/blog\/#website","url":"https:\/\/www.reclamador.es\/blog\/","name":"Rebeldes con causa, el blog de reclamador.es","description":"Noticias, entrevistas y consejos sobre reclamaciones","publisher":{"@id":"https:\/\/www.reclamador.es\/blog\/#organization"},"potentialAction":[{"@type":"SearchAction","target":{"@type":"EntryPoint","urlTemplate":"https:\/\/www.reclamador.es\/blog\/?s={search_term_string}"},"query-input":{"@type":"PropertyValueSpecification","valueRequired":true,"valueName":"search_term_string"}}],"inLanguage":"es"},{"@type":"Organization","@id":"https:\/\/www.reclamador.es\/blog\/#organization","name":"reclamador.es","url":"https:\/\/www.reclamador.es\/blog\/","logo":{"@type":"ImageObject","inLanguage":"es","@id":"https:\/\/www.reclamador.es\/blog\/#\/schema\/logo\/image\/","url":"https:\/\/i0.wp.com\/www.reclamador.es\/blog\/wp-content\/uploads\/2020\/01\/logo-reclamador.png?fit=1200%2C144&ssl=1","contentUrl":"https:\/\/i0.wp.com\/www.reclamador.es\/blog\/wp-content\/uploads\/2020\/01\/logo-reclamador.png?fit=1200%2C144&ssl=1","width":1200,"height":144,"caption":"reclamador.es"},"image":{"@id":"https:\/\/www.reclamador.es\/blog\/#\/schema\/logo\/image\/"},"sameAs":["https:\/\/www.facebook.com\/reclamador.es","https:\/\/x.com\/reclamador","https:\/\/www.instagram.com\/reclamador.es\/","https:\/\/www.linkedin.com\/company\/reclamador-es","https:\/\/www.youtube.com\/user\/Reclamadores"]},{"@type":"Person","@id":"https:\/\/www.reclamador.es\/blog\/#\/schema\/person\/1ed83eef8b6566cb5e4c812d9bc5c4bf","name":"Equipo reclamador","image":{"@type":"ImageObject","inLanguage":"es","@id":"https:\/\/secure.gravatar.com\/avatar\/6442ecdc2c4472c600c113f34d340feca47107d6aa4f42f1e3e75a2a8e28a760?s=96&d=mm&r=g","url":"https:\/\/secure.gravatar.com\/avatar\/6442ecdc2c4472c600c113f34d340feca47107d6aa4f42f1e3e75a2a8e28a760?s=96&d=mm&r=g","contentUrl":"https:\/\/secure.gravatar.com\/avatar\/6442ecdc2c4472c600c113f34d340feca47107d6aa4f42f1e3e75a2a8e28a760?s=96&d=mm&r=g","caption":"Equipo reclamador"},"description":"Las personas que hacen posible reclamador.es","url":"https:\/\/www.reclamador.es\/blog\/author\/administrador\/"}]}},"jetpack_featured_media_url":"https:\/\/i0.wp.com\/www.reclamador.es\/blog\/wp-content\/uploads\/2019\/04\/Diseno-sin-titulo-4.jpg?fit=1200%2C630&ssl=1","jetpack-related-posts":[{"id":17717,"url":"https:\/\/www.reclamador.es\/blog\/que-cubre-seguro-destrozos-temporales\/","url_meta":{"origin":21601,"position":0},"title":"Da\u00f1os por temporales de lluvia o viento: \u00bfqu\u00e9 y a qui\u00e9n reclamar?","author":"Equipo reclamador","date":"18 enero, 2023","format":false,"excerpt":"Despu\u00e9s de la tempestad llega la calma. Con esa calma, comienzan los trabajos para cuantificar los estragos de temporales en coches y viviendas. Independientemente del periodo del a\u00f1o en el que nos encontremos, son numerosos los fen\u00f3menos atmosf\u00e9ricos a los que nos podemos enfrentar seg\u00fan el punto geogr\u00e1fico del pa\u00eds\u2026","rel":"","context":"En \u00abConsejos legales\u00bb","block_context":{"text":"Consejos legales","link":"https:\/\/www.reclamador.es\/blog\/consejos\/"},"img":{"alt_text":"fenomenos atmosfericos: danas y tormentas","src":"https:\/\/i0.wp.com\/www.reclamador.es\/blog\/wp-content\/uploads\/2019\/09\/danos-vivienda-coche-por-fenomenos-atmosfericos.jpg?fit=1200%2C800&ssl=1&resize=350%2C200","width":350,"height":200,"srcset":"https:\/\/i0.wp.com\/www.reclamador.es\/blog\/wp-content\/uploads\/2019\/09\/danos-vivienda-coche-por-fenomenos-atmosfericos.jpg?fit=1200%2C800&ssl=1&resize=350%2C200 1x, https:\/\/i0.wp.com\/www.reclamador.es\/blog\/wp-content\/uploads\/2019\/09\/danos-vivienda-coche-por-fenomenos-atmosfericos.jpg?fit=1200%2C800&ssl=1&resize=525%2C300 1.5x, https:\/\/i0.wp.com\/www.reclamador.es\/blog\/wp-content\/uploads\/2019\/09\/danos-vivienda-coche-por-fenomenos-atmosfericos.jpg?fit=1200%2C800&ssl=1&resize=700%2C400 2x, https:\/\/i0.wp.com\/www.reclamador.es\/blog\/wp-content\/uploads\/2019\/09\/danos-vivienda-coche-por-fenomenos-atmosfericos.jpg?fit=1200%2C800&ssl=1&resize=1050%2C600 3x"},"classes":[]},{"id":3048,"url":"https:\/\/www.reclamador.es\/blog\/accidente-de-moto-indemnizacion-danos-pasos-para-reclamar\/","url_meta":{"origin":21601,"position":1},"title":"Accidente de moto: indemnizaci\u00f3n, da\u00f1os y pasos para reclamar","author":"Equipo reclamador","date":"18 mayo, 2015","format":false,"excerpt":"Seg\u00fan datos de la DGT, la cifra de v\u00edctimas en accidentes de tr\u00e1fico con ciclomotores de 2013 es de mil ciento treinta y siete personas, afortunadamente cifra inferior a la del a\u00f1o 2012, pero todav\u00eda sigue siendo una cifra alta. En la actualidad los accidentes causados por veh\u00edculos de motor\u2026","rel":"","context":"En \u00abConsejos legales\u00bb","block_context":{"text":"Consejos legales","link":"https:\/\/www.reclamador.es\/blog\/consejos\/"},"img":{"alt_text":"","src":"https:\/\/i0.wp.com\/www.reclamador.es\/blog\/wp-content\/uploads\/2015\/05\/indemnizacion-por-accidente.jpg?fit=1200%2C800&ssl=1&resize=350%2C200","width":350,"height":200,"srcset":"https:\/\/i0.wp.com\/www.reclamador.es\/blog\/wp-content\/uploads\/2015\/05\/indemnizacion-por-accidente.jpg?fit=1200%2C800&ssl=1&resize=350%2C200 1x, https:\/\/i0.wp.com\/www.reclamador.es\/blog\/wp-content\/uploads\/2015\/05\/indemnizacion-por-accidente.jpg?fit=1200%2C800&ssl=1&resize=525%2C300 1.5x, https:\/\/i0.wp.com\/www.reclamador.es\/blog\/wp-content\/uploads\/2015\/05\/indemnizacion-por-accidente.jpg?fit=1200%2C800&ssl=1&resize=700%2C400 2x, https:\/\/i0.wp.com\/www.reclamador.es\/blog\/wp-content\/uploads\/2015\/05\/indemnizacion-por-accidente.jpg?fit=1200%2C800&ssl=1&resize=1050%2C600 3x"},"classes":[]},{"id":2831,"url":"https:\/\/www.reclamador.es\/blog\/caida-en-centro-comercial-derechos\/","url_meta":{"origin":21601,"position":2},"title":"Ca\u00edda en un centro comercial: \u00bfqu\u00e9 derechos tenemos?","author":"Equipo reclamador","date":"15 abril, 2016","format":false,"excerpt":"*Contenido actualizado mayo 2025 Normalmente, los establecimientos comerciales abiertos al p\u00fablico, como son restaurantes, hoteles, aeropuertos, centros comerciales, tiendas, supermercados, etc., cumplen con el Real Decreto 314\/2006, de 17 de marzo, por el que se aprueba el C\u00f3digo T\u00e9cnico de la Edificaci\u00f3n. Normativa que regula las exigencias b\u00e1sicas de calidad\u2026","rel":"","context":"En \u00abConsejos legales\u00bb","block_context":{"text":"Consejos legales","link":"https:\/\/www.reclamador.es\/blog\/consejos\/"},"img":{"alt_text":"indemnizacion por caida en centro comercial - derechos","src":"https:\/\/i0.wp.com\/www.reclamador.es\/blog\/wp-content\/uploads\/2016\/04\/caida-en-un-centro-comercial-que-hacer.jpg?fit=1200%2C630&ssl=1&resize=350%2C200","width":350,"height":200,"srcset":"https:\/\/i0.wp.com\/www.reclamador.es\/blog\/wp-content\/uploads\/2016\/04\/caida-en-un-centro-comercial-que-hacer.jpg?fit=1200%2C630&ssl=1&resize=350%2C200 1x, https:\/\/i0.wp.com\/www.reclamador.es\/blog\/wp-content\/uploads\/2016\/04\/caida-en-un-centro-comercial-que-hacer.jpg?fit=1200%2C630&ssl=1&resize=525%2C300 1.5x, https:\/\/i0.wp.com\/www.reclamador.es\/blog\/wp-content\/uploads\/2016\/04\/caida-en-un-centro-comercial-que-hacer.jpg?fit=1200%2C630&ssl=1&resize=700%2C400 2x, https:\/\/i0.wp.com\/www.reclamador.es\/blog\/wp-content\/uploads\/2016\/04\/caida-en-un-centro-comercial-que-hacer.jpg?fit=1200%2C630&ssl=1&resize=1050%2C600 3x"},"classes":[]},{"id":2368,"url":"https:\/\/www.reclamador.es\/blog\/que-hacer-tras-una-caida-en-la-calle\/","url_meta":{"origin":21601,"position":3},"title":"\u00bfQu\u00e9 hacer tras una ca\u00edda en la calle?","author":"Equipo reclamador","date":"8 mayo, 2015","format":false,"excerpt":"*Contenido editado mayo 2025 Adoquines rotos o en mal estado, calles con capas de hielo y nieve... Cada vez es m\u00e1s habitual que, desde la administraci\u00f3n p\u00fablica, no se proceda a la reparaci\u00f3n ni adecuado mantenimiento del mobiliario p\u00fablico urbano, estando el mismo en un triste y decadente estado de\u2026","rel":"","context":"En \u00abConsejos legales\u00bb","block_context":{"text":"Consejos legales","link":"https:\/\/www.reclamador.es\/blog\/consejos\/"},"img":{"alt_text":"reclamar caida en la calle","src":"https:\/\/i0.wp.com\/www.reclamador.es\/blog\/wp-content\/uploads\/2015\/05\/caida-en-la-calle.jpg?fit=1200%2C631&ssl=1&resize=350%2C200","width":350,"height":200,"srcset":"https:\/\/i0.wp.com\/www.reclamador.es\/blog\/wp-content\/uploads\/2015\/05\/caida-en-la-calle.jpg?fit=1200%2C631&ssl=1&resize=350%2C200 1x, https:\/\/i0.wp.com\/www.reclamador.es\/blog\/wp-content\/uploads\/2015\/05\/caida-en-la-calle.jpg?fit=1200%2C631&ssl=1&resize=525%2C300 1.5x, https:\/\/i0.wp.com\/www.reclamador.es\/blog\/wp-content\/uploads\/2015\/05\/caida-en-la-calle.jpg?fit=1200%2C631&ssl=1&resize=700%2C400 2x, https:\/\/i0.wp.com\/www.reclamador.es\/blog\/wp-content\/uploads\/2015\/05\/caida-en-la-calle.jpg?fit=1200%2C631&ssl=1&resize=1050%2C600 3x"},"classes":[]},{"id":22718,"url":"https:\/\/www.reclamador.es\/blog\/reclamar-indemnizaciones-por-accidente-en-metro\/","url_meta":{"origin":21601,"position":4},"title":"Lesiones y accidentes viajando en metro: \u00bfc\u00f3mo y a qui\u00e9n reclamar?","author":"Equipo reclamador","date":"28 agosto, 2021","format":false,"excerpt":"Uno de los accidentes que se producen con mayor frecuencia en la sociedad \u2013as\u00ed como de los m\u00e1s desconocidos\u2013 es aqu\u00e9l que se produce viajando en transporte p\u00fablico. De esta manera, y ante la desinformaci\u00f3n existente al respecto, es habitual que aquellas personas que sufran un incidente en este tipo\u2026","rel":"","context":"En \u00abConsejos legales\u00bb","block_context":{"text":"Consejos legales","link":"https:\/\/www.reclamador.es\/blog\/consejos\/"},"img":{"alt_text":"","src":"https:\/\/i0.wp.com\/www.reclamador.es\/blog\/wp-content\/uploads\/2019\/08\/accidentes-en-el-metro-reclamar.jpg?fit=1200%2C630&ssl=1&resize=350%2C200","width":350,"height":200,"srcset":"https:\/\/i0.wp.com\/www.reclamador.es\/blog\/wp-content\/uploads\/2019\/08\/accidentes-en-el-metro-reclamar.jpg?fit=1200%2C630&ssl=1&resize=350%2C200 1x, https:\/\/i0.wp.com\/www.reclamador.es\/blog\/wp-content\/uploads\/2019\/08\/accidentes-en-el-metro-reclamar.jpg?fit=1200%2C630&ssl=1&resize=525%2C300 1.5x, https:\/\/i0.wp.com\/www.reclamador.es\/blog\/wp-content\/uploads\/2019\/08\/accidentes-en-el-metro-reclamar.jpg?fit=1200%2C630&ssl=1&resize=700%2C400 2x, https:\/\/i0.wp.com\/www.reclamador.es\/blog\/wp-content\/uploads\/2019\/08\/accidentes-en-el-metro-reclamar.jpg?fit=1200%2C630&ssl=1&resize=1050%2C600 3x"},"classes":[]},{"id":22065,"url":"https:\/\/www.reclamador.es\/blog\/cuando-no-cubre-seguro-coche\/","url_meta":{"origin":21601,"position":5},"title":"10 situaciones no cubiertas por el seguro del autom\u00f3vil en un accidente de tr\u00e1fico","author":"Esperanza Palacio","date":"8 octubre, 2019","format":false,"excerpt":"Contenido reeditado a fecha 10\/01\/2023 No todo vale. Esta frase que seguro has escuchado e, incluso, utilizado en alguna ocasi\u00f3n, tambi\u00e9n es aplicable a la cobertura de los seguros en accidentes de tr\u00e1fico. Pues las p\u00f3lizas suelen excluir determinadas circunstancias por las cuales, de producirse, quedan exoneradas de la responsabilidad\u2026","rel":"","context":"En \u00abConsejos legales\u00bb","block_context":{"text":"Consejos legales","link":"https:\/\/www.reclamador.es\/blog\/consejos\/"},"img":{"alt_text":"qu\u00e9 no cubre el seguro obligatorio reclamador","src":"https:\/\/i0.wp.com\/www.reclamador.es\/blog\/wp-content\/uploads\/2019\/10\/que-no-cubre-el-seguro-obligatorio-accidentes-trafico-reclamador_destacada.jpg?fit=800%2C419&ssl=1&resize=350%2C200","width":350,"height":200,"srcset":"https:\/\/i0.wp.com\/www.reclamador.es\/blog\/wp-content\/uploads\/2019\/10\/que-no-cubre-el-seguro-obligatorio-accidentes-trafico-reclamador_destacada.jpg?fit=800%2C419&ssl=1&resize=350%2C200 1x, https:\/\/i0.wp.com\/www.reclamador.es\/blog\/wp-content\/uploads\/2019\/10\/que-no-cubre-el-seguro-obligatorio-accidentes-trafico-reclamador_destacada.jpg?fit=800%2C419&ssl=1&resize=525%2C300 1.5x, https:\/\/i0.wp.com\/www.reclamador.es\/blog\/wp-content\/uploads\/2019\/10\/que-no-cubre-el-seguro-obligatorio-accidentes-trafico-reclamador_destacada.jpg?fit=800%2C419&ssl=1&resize=700%2C400 2x"},"classes":[]}],"jetpack_sharing_enabled":true,"_links":{"self":[{"href":"https:\/\/www.reclamador.es\/blog\/wp-json\/wp\/v2\/posts\/21601","targetHints":{"allow":["GET"]}}],"collection":[{"href":"https:\/\/www.reclamador.es\/blog\/wp-json\/wp\/v2\/posts"}],"about":[{"href":"https:\/\/www.reclamador.es\/blog\/wp-json\/wp\/v2\/types\/post"}],"author":[{"embeddable":true,"href":"https:\/\/www.reclamador.es\/blog\/wp-json\/wp\/v2\/users\/1"}],"replies":[{"embeddable":true,"href":"https:\/\/www.reclamador.es\/blog\/wp-json\/wp\/v2\/comments?post=21601"}],"version-history":[{"count":20,"href":"https:\/\/www.reclamador.es\/blog\/wp-json\/wp\/v2\/posts\/21601\/revisions"}],"predecessor-version":[{"id":34688,"href":"https:\/\/www.reclamador.es\/blog\/wp-json\/wp\/v2\/posts\/21601\/revisions\/34688"}],"wp:featuredmedia":[{"embeddable":true,"href":"https:\/\/www.reclamador.es\/blog\/wp-json\/wp\/v2\/media\/34685"}],"wp:attachment":[{"href":"https:\/\/www.reclamador.es\/blog\/wp-json\/wp\/v2\/media?parent=21601"}],"wp:term":[{"taxonomy":"category","embeddable":true,"href":"https:\/\/www.reclamador.es\/blog\/wp-json\/wp\/v2\/categories?post=21601"},{"taxonomy":"post_tag","embeddable":true,"href":"https:\/\/www.reclamador.es\/blog\/wp-json\/wp\/v2\/tags?post=21601"}],"curies":[{"name":"wp","href":"https:\/\/api.w.org\/{rel}","templated":true}]}}