{"id":21475,"date":"2022-03-20T13:59:00","date_gmt":"2022-03-20T12:59:00","guid":{"rendered":"https:\/\/www.reclamador.es\/blog\/?p=21475"},"modified":"2025-07-31T11:38:45","modified_gmt":"2025-07-31T09:38:45","slug":"accidente-coche-autoescuela","status":"publish","type":"post","link":"https:\/\/www.reclamador.es\/blog\/accidente-coche-autoescuela\/","title":{"rendered":"\u00bfQu\u00e9 derechos tienes si sufres un accidente en un coche de autoescuela?"},"content":{"rendered":"<div class=\"ttr_start\"><\/div>\n\n<div class=\"kk-star-ratings kksr-auto kksr-align-right kksr-valign-top\"\n    data-payload='{&quot;align&quot;:&quot;right&quot;,&quot;id&quot;:&quot;21475&quot;,&quot;slug&quot;:&quot;default&quot;,&quot;valign&quot;:&quot;top&quot;,&quot;ignore&quot;:&quot;&quot;,&quot;reference&quot;:&quot;auto&quot;,&quot;class&quot;:&quot;&quot;,&quot;count&quot;:&quot;2&quot;,&quot;legendonly&quot;:&quot;&quot;,&quot;readonly&quot;:&quot;&quot;,&quot;score&quot;:&quot;5&quot;,&quot;starsonly&quot;:&quot;&quot;,&quot;best&quot;:&quot;5&quot;,&quot;gap&quot;:&quot;3&quot;,&quot;greet&quot;:&quot;Valora este art\u00edculo&quot;,&quot;legend&quot;:&quot;5\\\/5 - (2 votos)&quot;,&quot;size&quot;:&quot;20&quot;,&quot;title&quot;:&quot;\u00bfQu\u00e9 derechos tienes si sufres un accidente en un coche de autoescuela?&quot;,&quot;width&quot;:&quot;113.5&quot;,&quot;_legend&quot;:&quot;{score}\\\/{best} - ({count} {votes})&quot;,&quot;font_factor&quot;:&quot;1.25&quot;}'>\n            \n<div class=\"kksr-stars\">\n    \n<div class=\"kksr-stars-inactive\">\n            <div class=\"kksr-star\" data-star=\"1\" style=\"padding-right: 3px\">\n            \n\n<div class=\"kksr-icon\" style=\"width: 20px; height: 20px;\"><\/div>\n        <\/div>\n            <div class=\"kksr-star\" data-star=\"2\" style=\"padding-right: 3px\">\n            \n\n<div class=\"kksr-icon\" style=\"width: 20px; height: 20px;\"><\/div>\n        <\/div>\n            <div class=\"kksr-star\" data-star=\"3\" style=\"padding-right: 3px\">\n            \n\n<div class=\"kksr-icon\" style=\"width: 20px; height: 20px;\"><\/div>\n        <\/div>\n            <div class=\"kksr-star\" data-star=\"4\" style=\"padding-right: 3px\">\n            \n\n<div class=\"kksr-icon\" style=\"width: 20px; height: 20px;\"><\/div>\n        <\/div>\n            <div class=\"kksr-star\" data-star=\"5\" style=\"padding-right: 3px\">\n            \n\n<div class=\"kksr-icon\" style=\"width: 20px; height: 20px;\"><\/div>\n        <\/div>\n    <\/div>\n    \n<div class=\"kksr-stars-active\" style=\"width: 113.5px;\">\n            <div class=\"kksr-star\" style=\"padding-right: 3px\">\n            \n\n<div class=\"kksr-icon\" style=\"width: 20px; height: 20px;\"><\/div>\n        <\/div>\n            <div class=\"kksr-star\" style=\"padding-right: 3px\">\n            \n\n<div class=\"kksr-icon\" style=\"width: 20px; height: 20px;\"><\/div>\n        <\/div>\n            <div class=\"kksr-star\" style=\"padding-right: 3px\">\n            \n\n<div class=\"kksr-icon\" style=\"width: 20px; height: 20px;\"><\/div>\n        <\/div>\n            <div class=\"kksr-star\" style=\"padding-right: 3px\">\n            \n\n<div class=\"kksr-icon\" style=\"width: 20px; height: 20px;\"><\/div>\n        <\/div>\n            <div class=\"kksr-star\" style=\"padding-right: 3px\">\n            \n\n<div class=\"kksr-icon\" style=\"width: 20px; height: 20px;\"><\/div>\n        <\/div>\n    <\/div>\n<\/div>\n                \n\n<div class=\"kksr-legend\" style=\"font-size: 16px;\">\n            5\/5 - (2 votos)    <\/div>\n    <\/div>\n<figure id=\"attachment_21480\" aria-describedby=\"caption-attachment-21480\" style=\"width: 1200px\" class=\"wp-caption aligncenter\"><img data-recalc-dims=\"1\" loading=\"lazy\" decoding=\"async\" class=\"size-full wp-image-21480\" src=\"https:\/\/i0.wp.com\/www.reclamador.es\/blog\/wp-content\/uploads\/2019\/03\/coche-autoescuela-min.png?resize=1200%2C800&#038;ssl=1\" alt=\"coche de autoescuela antes de accidente\" width=\"1200\" height=\"800\" srcset=\"https:\/\/i0.wp.com\/www.reclamador.es\/blog\/wp-content\/uploads\/2019\/03\/coche-autoescuela-min.png?w=1200&amp;ssl=1 1200w, https:\/\/i0.wp.com\/www.reclamador.es\/blog\/wp-content\/uploads\/2019\/03\/coche-autoescuela-min.png?resize=150%2C100&amp;ssl=1 150w, https:\/\/i0.wp.com\/www.reclamador.es\/blog\/wp-content\/uploads\/2019\/03\/coche-autoescuela-min.png?resize=300%2C200&amp;ssl=1 300w, https:\/\/i0.wp.com\/www.reclamador.es\/blog\/wp-content\/uploads\/2019\/03\/coche-autoescuela-min.png?resize=768%2C512&amp;ssl=1 768w, https:\/\/i0.wp.com\/www.reclamador.es\/blog\/wp-content\/uploads\/2019\/03\/coche-autoescuela-min.png?resize=1024%2C683&amp;ssl=1 1024w\" sizes=\"auto, (max-width: 1000px) 100vw, 1000px\" \/><figcaption id=\"caption-attachment-21480\" class=\"wp-caption-text\"><em>Accidente en coche de autoescuela: \u00bfcorresponde indemnizaci\u00f3n?<\/em><\/figcaption><\/figure>\n<p><span style=\"font-weight: 400;\">Cada a\u00f1o miles de personas, tras haber aprobado el examen te\u00f3rico de conducir, realizan clases pr\u00e1cticas en autoescuelas de toda Espa\u00f1a. Esto hace que sean muchos los coches tripulados por personas que todav\u00eda no gozan del permiso de circulaci\u00f3n pero que, con la supervisi\u00f3n de un profesor, recorren calles y carreteras para conseguir oficialmente su carn\u00e9 de conducir.<\/span><\/p>\n<p><span style=\"font-weight: 400;\"><strong>\u00bfTe has planteado en alguna ocasi\u00f3n qu\u00e9 seguro cubre los da\u00f1os en caso de accidente de tr\u00e1fico o qui\u00e9n es el responsable en un accidente en el que se ve involucrado un coche de autoescuela?<\/strong> Sigue leyendo y conocer\u00e1s estas y otras dudas sobre accidentes de tr\u00e1fico con coches de autoescuela.<\/span><\/p>\n<ol class=\"boxed\">\n<li><a href=\"#accidente\">\u00bfQu\u00e9 ocurre si tengo un accidente en una clase de autoescuela?<\/a><\/li>\n<li><a href=\"#responsable\">\u00bfEl alumno que conduce es el responsable si tengo un accidente?<\/a><\/li>\n<li><a href=\"#indemnizacion\">\u00bfQu\u00e9 cubre la indemnizaci\u00f3n si tengo un accidente?<\/a><\/li>\n<li><a href=\"#alumno\">\u00bfY si soy alumno pero no voy conduciendo?<\/a><\/li>\n<li><a href=\"#moto\">Accidente en clase de moto<\/a><\/li>\n<li><a href=\"#aseguradora\">\u00bfTe ha indemnizado correctamente la aseguradora?<\/a><\/li>\n<\/ol>\n<h2 id=\"accidente\"><strong>\u00bfQu\u00e9 ocurre si tengo un accidente en una clase de autoescuela o durante el examen de conducir?<\/strong><\/h2>\n<p><span style=\"font-weight: 400;\">Cuando sufres un accidente en un veh\u00edculo puede ser por responsabilidad del conductor del veh\u00edculo en el que viajas, ya seas t\u00fa u otra persona, o bien por un tercero que viaje en otro veh\u00edculo. En el caso de que el accidente sea provocado por este \u00faltimo, deber\u00edas estar cubierto por su seguro. Hay que tener en cuenta que <strong>en Espa\u00f1a es obligatorio el seguro a terceros<\/strong> para todos los veh\u00edculos que se pongan en circulaci\u00f3n. Si no lo tiene, ser\u00e1 el <a href=\"https:\/\/www.reclamador.es\/blog\/consorcio-compensacion-seguros-accidentes-trafico\/\">Consorcio de Compensaci\u00f3n de Seguros<\/a> el que cubrir\u00e1 tu indemnizaci\u00f3n.<\/span><\/p>\n<p><span style=\"font-weight: 400;\">Por contra, si el accidente es producido por el veh\u00edculo en el que viajas, el seguro de la autoescuela se har\u00e1 cargo del da\u00f1o a terceros que se haya podido producir.<\/span><\/p>\n<h2 id=\"responsable\"><strong>\u00bfEl alumno que conduce es el responsable si hay un accidente?<\/strong><\/h2>\n<p><span style=\"font-weight: 400;\"><strong>Si eres el alumno que iba conduciendo el coche en ese momento y has provocado el accidente, la normativa contempla que no eres t\u00fa el responsable del mismo.<\/strong> En estos casos, va a ser siempre el profesor que llevas al lado con unos pedales adicionales el que se considera a todos los efectos responsable de lo ocurrido, tal como establece la Ley de Tr\u00e1fico.<\/span><\/p>\n<p><span style=\"font-weight: 400;\">Por tanto, si provocas el accidente y sufres da\u00f1os el seguro te va a cubrir exactamente igual que si fueras un pasajero m\u00e1s del veh\u00edculo que no iba conduciendo.<\/span><\/p>\n<h2 id=\"indemnizaci\u00f3n\"><strong>\u00bfQu\u00e9 cubre la indemnizaci\u00f3n si tengo un accidente?<\/strong><\/h2>\n<p><span style=\"font-weight: 400;\">En cualquiera de los casos, sea culpa del conductor de tu veh\u00edculo o de un tercero, la indemnizaci\u00f3n va a cubrirte los da\u00f1os que sufras por el accidente. Al ser alumno de la autoescuela est\u00e1s siempre protegido ante este tipo de siniestros. <\/span><\/p>\n<h2 id=\"alumno\"><strong>\u00bfY si soy alumno pero no voy conduciendo?<\/strong><\/h2>\n<p><span style=\"font-weight: 400;\">Es habitual que cuando realizas clases de conducir vayas acompa\u00f1ado de otros alumnos, y que os vay\u00e1is turnando para impartir las mismas. Es por eso que en caso de ocurrir un accidente, puedan ver afectados estos integrantes del veh\u00edculo.<\/span><\/p>\n<p><span style=\"font-weight: 400;\">En este caso, <strong>estar\u00e1n tambi\u00e9n siempre cubiertos por el seguro<\/strong> del propio coche de autoescuela o del tercero responsable del siniestro.<\/span><\/p>\n<h2 id=\"moto\"><strong>Accidente en clase de moto<\/strong><\/h2>\n<p><span style=\"font-weight: 400;\">En Espa\u00f1a, para sacarte los \u00a0permisos de conducir motocicletas tipo AM, A1, A2 y A, adem\u00e1s de superar un test te\u00f3rico, <strong>vas a tener que hacer tambi\u00e9n clases pr\u00e1cticas<\/strong>.<\/span><\/p>\n<p><span style=\"font-weight: 400;\">En estos casos el profesor no va en la moto con el alumno, sino que va detr\u00e1s del mismo, por lo que en caso de posible accidente no puede evitarlo pisando el pedal correspondiente como en un coche.<\/span><\/p>\n<h6 style=\"text-align: center;\"><a href=\"https:\/\/www.reclamador.es\/blog\/indemnizaciones-latigazo-cervical-accidentes-de-trafico\/\">\u00bfLatigazo cervical por accidente de tr\u00e1fico?<\/a><\/h6>\n<p><span style=\"font-weight: 400;\">Si ocurre un accidente y ser el responsable el alumno motorista, <strong>habr\u00e1 que examinar el caso<\/strong> para ver a qui\u00e9n corresponde la responsabilidad, si se segu\u00edan las instrucciones del profesor, etc. <\/span><\/p>\n<p><span style=\"font-weight: 400;\"><strong>No hay una orientaci\u00f3n clara aunque s\u00ed hay sentencias<\/strong> en las que, en caso de no existir seguro de responsabilidad civil que cubra al alumno, se establece una obligaci\u00f3n de indemnizar por parte del titular de la autoescuela, e incluso por el propio profesor, al tener \u00e9ste la obligaci\u00f3n de ense\u00f1ar al alumno a conducir para poder aprobar el examen. <\/span><\/p>\n<p><span style=\"font-weight: 400;\">Desde reclamador.es recomendamos que preguntes a la autoescuela si cuenta con un seguro de responsabilidad civil que cubra los posibles accidentes que puedan producirse en moto durante las pr\u00e1cticas y la celebraci\u00f3n de los ex\u00e1menes. As\u00ed te aseguras la cobertura en caso de tener un accidente.<\/span><\/p>\n\n<div class=\"ttr_end\"><\/div>","protected":false},"excerpt":{"rendered":"<p>Cada a\u00f1o miles de personas, tras haber aprobado el examen te\u00f3rico de conducir, realizan clases pr\u00e1cticas en autoescuelas de toda Espa\u00f1a. Esto hace que sean muchos los coches tripulados por personas que todav\u00eda no gozan del permiso de circulaci\u00f3n pero que, con la supervisi\u00f3n de un profesor, recorren calles y carreteras para conseguir oficialmente su [&hellip;]<\/p>\n","protected":false},"author":1,"featured_media":21480,"comment_status":"open","ping_status":"open","sticky":false,"template":"","format":"standard","meta":{"_acf_changed":false,"_genesis_hide_title":false,"_genesis_hide_breadcrumbs":false,"_genesis_hide_singular_image":false,"_genesis_hide_footer_widgets":false,"_genesis_custom_body_class":"","_genesis_custom_post_class":"","_genesis_layout":"","_jetpack_newsletter_access":"","_jetpack_dont_email_post_to_subs":false,"_jetpack_newsletter_tier_id":0,"_jetpack_memberships_contains_paywalled_content":false,"_jetpack_memberships_contains_paid_content":false,"footnotes":""},"categories":[393],"tags":[382,255],"class_list":{"0":"post-21475","1":"post","2":"type-post","3":"status-publish","4":"format-standard","5":"has-post-thumbnail","7":"category-consejos","8":"tag-accidentes","9":"tag-indemnizacion","10":"entry"},"acf":[],"yoast_head":"<!-- This site is optimized with the Yoast SEO plugin v27.4 - https:\/\/yoast.com\/product\/yoast-seo-wordpress\/ -->\n<title>Indemnizaci\u00f3n por Accidente en Coche de Autoescuela<\/title>\n<meta name=\"description\" content=\"\u00bfHas sufrido un accidente tomando clases en un coche de autoescuela? En este post te contamos si tienes derecho a indemnizaci\u00f3n. No te lo pierdas!\" \/>\n<meta name=\"robots\" content=\"index, follow, max-snippet:-1, max-image-preview:large, max-video-preview:-1\" \/>\n<link rel=\"canonical\" href=\"https:\/\/www.reclamador.es\/blog\/accidente-coche-autoescuela\/\" \/>\n<meta property=\"og:locale\" content=\"es_ES\" \/>\n<meta property=\"og:type\" content=\"article\" \/>\n<meta property=\"og:title\" content=\"Indemnizaci\u00f3n por Accidente en Coche de Autoescuela\" \/>\n<meta property=\"og:description\" content=\"\u00bfHas sufrido un accidente tomando clases en un coche de autoescuela? En este post te contamos si tienes derecho a indemnizaci\u00f3n. No te lo pierdas!\" \/>\n<meta property=\"og:url\" content=\"https:\/\/www.reclamador.es\/blog\/accidente-coche-autoescuela\/\" \/>\n<meta property=\"og:site_name\" content=\"Rebeldes con causa, el blog de reclamador.es\" \/>\n<meta property=\"article:publisher\" content=\"https:\/\/www.facebook.com\/reclamador.es\" \/>\n<meta property=\"article:published_time\" content=\"2022-03-20T12:59:00+00:00\" \/>\n<meta property=\"article:modified_time\" content=\"2025-07-31T09:38:45+00:00\" \/>\n<meta property=\"og:image\" content=\"https:\/\/www.reclamador.es\/blog\/wp-content\/uploads\/2019\/03\/coche-autoescuela-min.png\" \/>\n\t<meta property=\"og:image:width\" content=\"1200\" \/>\n\t<meta property=\"og:image:height\" content=\"800\" \/>\n\t<meta property=\"og:image:type\" content=\"image\/png\" \/>\n<meta name=\"author\" content=\"Equipo reclamador\" \/>\n<meta name=\"twitter:card\" content=\"summary_large_image\" \/>\n<meta name=\"twitter:creator\" content=\"@reclamador\" \/>\n<meta name=\"twitter:site\" content=\"@reclamador\" \/>\n<meta name=\"twitter:label1\" content=\"Escrito por\" \/>\n\t<meta name=\"twitter:data1\" content=\"Equipo reclamador\" \/>\n\t<meta name=\"twitter:label2\" content=\"Tiempo de lectura\" \/>\n\t<meta name=\"twitter:data2\" content=\"4 minutos\" \/>\n<script type=\"application\/ld+json\" class=\"yoast-schema-graph\">{\"@context\":\"https:\\\/\\\/schema.org\",\"@graph\":[{\"@type\":\"Article\",\"@id\":\"https:\\\/\\\/www.reclamador.es\\\/blog\\\/accidente-coche-autoescuela\\\/#article\",\"isPartOf\":{\"@id\":\"https:\\\/\\\/www.reclamador.es\\\/blog\\\/accidente-coche-autoescuela\\\/\"},\"author\":{\"name\":\"Equipo reclamador\",\"@id\":\"https:\\\/\\\/www.reclamador.es\\\/blog\\\/#\\\/schema\\\/person\\\/1ed83eef8b6566cb5e4c812d9bc5c4bf\"},\"headline\":\"\u00bfQu\u00e9 derechos tienes si sufres un accidente en un coche de autoescuela?\",\"datePublished\":\"2022-03-20T12:59:00+00:00\",\"dateModified\":\"2025-07-31T09:38:45+00:00\",\"mainEntityOfPage\":{\"@id\":\"https:\\\/\\\/www.reclamador.es\\\/blog\\\/accidente-coche-autoescuela\\\/\"},\"wordCount\":818,\"commentCount\":0,\"publisher\":{\"@id\":\"https:\\\/\\\/www.reclamador.es\\\/blog\\\/#organization\"},\"image\":{\"@id\":\"https:\\\/\\\/www.reclamador.es\\\/blog\\\/accidente-coche-autoescuela\\\/#primaryimage\"},\"thumbnailUrl\":\"https:\\\/\\\/i0.wp.com\\\/www.reclamador.es\\\/blog\\\/wp-content\\\/uploads\\\/2019\\\/03\\\/coche-autoescuela-min.png?fit=1200%2C800&ssl=1\",\"keywords\":[\"accidentes\",\"indemnizaci\u00f3n\"],\"articleSection\":[\"Consejos legales\"],\"inLanguage\":\"es\",\"potentialAction\":[{\"@type\":\"CommentAction\",\"name\":\"Comment\",\"target\":[\"https:\\\/\\\/www.reclamador.es\\\/blog\\\/accidente-coche-autoescuela\\\/#respond\"]}]},{\"@type\":\"WebPage\",\"@id\":\"https:\\\/\\\/www.reclamador.es\\\/blog\\\/accidente-coche-autoescuela\\\/\",\"url\":\"https:\\\/\\\/www.reclamador.es\\\/blog\\\/accidente-coche-autoescuela\\\/\",\"name\":\"Indemnizaci\u00f3n por Accidente en Coche de Autoescuela\",\"isPartOf\":{\"@id\":\"https:\\\/\\\/www.reclamador.es\\\/blog\\\/#website\"},\"primaryImageOfPage\":{\"@id\":\"https:\\\/\\\/www.reclamador.es\\\/blog\\\/accidente-coche-autoescuela\\\/#primaryimage\"},\"image\":{\"@id\":\"https:\\\/\\\/www.reclamador.es\\\/blog\\\/accidente-coche-autoescuela\\\/#primaryimage\"},\"thumbnailUrl\":\"https:\\\/\\\/i0.wp.com\\\/www.reclamador.es\\\/blog\\\/wp-content\\\/uploads\\\/2019\\\/03\\\/coche-autoescuela-min.png?fit=1200%2C800&ssl=1\",\"datePublished\":\"2022-03-20T12:59:00+00:00\",\"dateModified\":\"2025-07-31T09:38:45+00:00\",\"description\":\"\u00bfHas sufrido un accidente tomando clases en un coche de autoescuela? En este post te contamos si tienes derecho a indemnizaci\u00f3n. No te lo pierdas!\",\"breadcrumb\":{\"@id\":\"https:\\\/\\\/www.reclamador.es\\\/blog\\\/accidente-coche-autoescuela\\\/#breadcrumb\"},\"inLanguage\":\"es\",\"potentialAction\":[{\"@type\":\"ReadAction\",\"target\":[\"https:\\\/\\\/www.reclamador.es\\\/blog\\\/accidente-coche-autoescuela\\\/\"]}]},{\"@type\":\"ImageObject\",\"inLanguage\":\"es\",\"@id\":\"https:\\\/\\\/www.reclamador.es\\\/blog\\\/accidente-coche-autoescuela\\\/#primaryimage\",\"url\":\"https:\\\/\\\/i0.wp.com\\\/www.reclamador.es\\\/blog\\\/wp-content\\\/uploads\\\/2019\\\/03\\\/coche-autoescuela-min.png?fit=1200%2C800&ssl=1\",\"contentUrl\":\"https:\\\/\\\/i0.wp.com\\\/www.reclamador.es\\\/blog\\\/wp-content\\\/uploads\\\/2019\\\/03\\\/coche-autoescuela-min.png?fit=1200%2C800&ssl=1\",\"width\":1200,\"height\":800,\"caption\":\"Accidente en coche de autoescuela: \u00bfcorresponde indemnizaci\u00f3n?\"},{\"@type\":\"BreadcrumbList\",\"@id\":\"https:\\\/\\\/www.reclamador.es\\\/blog\\\/accidente-coche-autoescuela\\\/#breadcrumb\",\"itemListElement\":[{\"@type\":\"ListItem\",\"position\":1,\"name\":\"Portada\",\"item\":\"https:\\\/\\\/www.reclamador.es\\\/blog\\\/\"},{\"@type\":\"ListItem\",\"position\":2,\"name\":\"\u00bfQu\u00e9 derechos tienes si sufres un accidente en un coche de autoescuela?\"}]},{\"@type\":\"WebSite\",\"@id\":\"https:\\\/\\\/www.reclamador.es\\\/blog\\\/#website\",\"url\":\"https:\\\/\\\/www.reclamador.es\\\/blog\\\/\",\"name\":\"Rebeldes con causa, el blog de reclamador.es\",\"description\":\"Noticias, entrevistas y consejos sobre reclamaciones\",\"publisher\":{\"@id\":\"https:\\\/\\\/www.reclamador.es\\\/blog\\\/#organization\"},\"potentialAction\":[{\"@type\":\"SearchAction\",\"target\":{\"@type\":\"EntryPoint\",\"urlTemplate\":\"https:\\\/\\\/www.reclamador.es\\\/blog\\\/?s={search_term_string}\"},\"query-input\":{\"@type\":\"PropertyValueSpecification\",\"valueRequired\":true,\"valueName\":\"search_term_string\"}}],\"inLanguage\":\"es\"},{\"@type\":\"Organization\",\"@id\":\"https:\\\/\\\/www.reclamador.es\\\/blog\\\/#organization\",\"name\":\"reclamador.es\",\"url\":\"https:\\\/\\\/www.reclamador.es\\\/blog\\\/\",\"logo\":{\"@type\":\"ImageObject\",\"inLanguage\":\"es\",\"@id\":\"https:\\\/\\\/www.reclamador.es\\\/blog\\\/#\\\/schema\\\/logo\\\/image\\\/\",\"url\":\"https:\\\/\\\/i0.wp.com\\\/www.reclamador.es\\\/blog\\\/wp-content\\\/uploads\\\/2020\\\/01\\\/logo-reclamador.png?fit=1200%2C144&ssl=1\",\"contentUrl\":\"https:\\\/\\\/i0.wp.com\\\/www.reclamador.es\\\/blog\\\/wp-content\\\/uploads\\\/2020\\\/01\\\/logo-reclamador.png?fit=1200%2C144&ssl=1\",\"width\":1200,\"height\":144,\"caption\":\"reclamador.es\"},\"image\":{\"@id\":\"https:\\\/\\\/www.reclamador.es\\\/blog\\\/#\\\/schema\\\/logo\\\/image\\\/\"},\"sameAs\":[\"https:\\\/\\\/www.facebook.com\\\/reclamador.es\",\"https:\\\/\\\/x.com\\\/reclamador\",\"https:\\\/\\\/www.instagram.com\\\/reclamador.es\\\/\",\"https:\\\/\\\/www.linkedin.com\\\/company\\\/reclamador-es\",\"https:\\\/\\\/www.youtube.com\\\/user\\\/Reclamadores\"]},{\"@type\":\"Person\",\"@id\":\"https:\\\/\\\/www.reclamador.es\\\/blog\\\/#\\\/schema\\\/person\\\/1ed83eef8b6566cb5e4c812d9bc5c4bf\",\"name\":\"Equipo reclamador\",\"image\":{\"@type\":\"ImageObject\",\"inLanguage\":\"es\",\"@id\":\"https:\\\/\\\/secure.gravatar.com\\\/avatar\\\/6442ecdc2c4472c600c113f34d340feca47107d6aa4f42f1e3e75a2a8e28a760?s=96&d=mm&r=g\",\"url\":\"https:\\\/\\\/secure.gravatar.com\\\/avatar\\\/6442ecdc2c4472c600c113f34d340feca47107d6aa4f42f1e3e75a2a8e28a760?s=96&d=mm&r=g\",\"contentUrl\":\"https:\\\/\\\/secure.gravatar.com\\\/avatar\\\/6442ecdc2c4472c600c113f34d340feca47107d6aa4f42f1e3e75a2a8e28a760?s=96&d=mm&r=g\",\"caption\":\"Equipo reclamador\"},\"description\":\"Las personas que hacen posible reclamador.es\",\"url\":\"https:\\\/\\\/www.reclamador.es\\\/blog\\\/author\\\/administrador\\\/\"}]}<\/script>\n<!-- \/ Yoast SEO plugin. -->","yoast_head_json":{"title":"Indemnizaci\u00f3n por Accidente en Coche de Autoescuela","description":"\u00bfHas sufrido un accidente tomando clases en un coche de autoescuela? En este post te contamos si tienes derecho a indemnizaci\u00f3n. No te lo pierdas!","robots":{"index":"index","follow":"follow","max-snippet":"max-snippet:-1","max-image-preview":"max-image-preview:large","max-video-preview":"max-video-preview:-1"},"canonical":"https:\/\/www.reclamador.es\/blog\/accidente-coche-autoescuela\/","og_locale":"es_ES","og_type":"article","og_title":"Indemnizaci\u00f3n por Accidente en Coche de Autoescuela","og_description":"\u00bfHas sufrido un accidente tomando clases en un coche de autoescuela? En este post te contamos si tienes derecho a indemnizaci\u00f3n. No te lo pierdas!","og_url":"https:\/\/www.reclamador.es\/blog\/accidente-coche-autoescuela\/","og_site_name":"Rebeldes con causa, el blog de reclamador.es","article_publisher":"https:\/\/www.facebook.com\/reclamador.es","article_published_time":"2022-03-20T12:59:00+00:00","article_modified_time":"2025-07-31T09:38:45+00:00","og_image":[{"width":1200,"height":800,"url":"https:\/\/www.reclamador.es\/blog\/wp-content\/uploads\/2019\/03\/coche-autoescuela-min.png","type":"image\/png"}],"author":"Equipo reclamador","twitter_card":"summary_large_image","twitter_creator":"@reclamador","twitter_site":"@reclamador","twitter_misc":{"Escrito por":"Equipo reclamador","Tiempo de lectura":"4 minutos"},"schema":{"@context":"https:\/\/schema.org","@graph":[{"@type":"Article","@id":"https:\/\/www.reclamador.es\/blog\/accidente-coche-autoescuela\/#article","isPartOf":{"@id":"https:\/\/www.reclamador.es\/blog\/accidente-coche-autoescuela\/"},"author":{"name":"Equipo reclamador","@id":"https:\/\/www.reclamador.es\/blog\/#\/schema\/person\/1ed83eef8b6566cb5e4c812d9bc5c4bf"},"headline":"\u00bfQu\u00e9 derechos tienes si sufres un accidente en un coche de autoescuela?","datePublished":"2022-03-20T12:59:00+00:00","dateModified":"2025-07-31T09:38:45+00:00","mainEntityOfPage":{"@id":"https:\/\/www.reclamador.es\/blog\/accidente-coche-autoescuela\/"},"wordCount":818,"commentCount":0,"publisher":{"@id":"https:\/\/www.reclamador.es\/blog\/#organization"},"image":{"@id":"https:\/\/www.reclamador.es\/blog\/accidente-coche-autoescuela\/#primaryimage"},"thumbnailUrl":"https:\/\/i0.wp.com\/www.reclamador.es\/blog\/wp-content\/uploads\/2019\/03\/coche-autoescuela-min.png?fit=1200%2C800&ssl=1","keywords":["accidentes","indemnizaci\u00f3n"],"articleSection":["Consejos legales"],"inLanguage":"es","potentialAction":[{"@type":"CommentAction","name":"Comment","target":["https:\/\/www.reclamador.es\/blog\/accidente-coche-autoescuela\/#respond"]}]},{"@type":"WebPage","@id":"https:\/\/www.reclamador.es\/blog\/accidente-coche-autoescuela\/","url":"https:\/\/www.reclamador.es\/blog\/accidente-coche-autoescuela\/","name":"Indemnizaci\u00f3n por Accidente en Coche de Autoescuela","isPartOf":{"@id":"https:\/\/www.reclamador.es\/blog\/#website"},"primaryImageOfPage":{"@id":"https:\/\/www.reclamador.es\/blog\/accidente-coche-autoescuela\/#primaryimage"},"image":{"@id":"https:\/\/www.reclamador.es\/blog\/accidente-coche-autoescuela\/#primaryimage"},"thumbnailUrl":"https:\/\/i0.wp.com\/www.reclamador.es\/blog\/wp-content\/uploads\/2019\/03\/coche-autoescuela-min.png?fit=1200%2C800&ssl=1","datePublished":"2022-03-20T12:59:00+00:00","dateModified":"2025-07-31T09:38:45+00:00","description":"\u00bfHas sufrido un accidente tomando clases en un coche de autoescuela? En este post te contamos si tienes derecho a indemnizaci\u00f3n. No te lo pierdas!","breadcrumb":{"@id":"https:\/\/www.reclamador.es\/blog\/accidente-coche-autoescuela\/#breadcrumb"},"inLanguage":"es","potentialAction":[{"@type":"ReadAction","target":["https:\/\/www.reclamador.es\/blog\/accidente-coche-autoescuela\/"]}]},{"@type":"ImageObject","inLanguage":"es","@id":"https:\/\/www.reclamador.es\/blog\/accidente-coche-autoescuela\/#primaryimage","url":"https:\/\/i0.wp.com\/www.reclamador.es\/blog\/wp-content\/uploads\/2019\/03\/coche-autoescuela-min.png?fit=1200%2C800&ssl=1","contentUrl":"https:\/\/i0.wp.com\/www.reclamador.es\/blog\/wp-content\/uploads\/2019\/03\/coche-autoescuela-min.png?fit=1200%2C800&ssl=1","width":1200,"height":800,"caption":"Accidente en coche de autoescuela: \u00bfcorresponde indemnizaci\u00f3n?"},{"@type":"BreadcrumbList","@id":"https:\/\/www.reclamador.es\/blog\/accidente-coche-autoescuela\/#breadcrumb","itemListElement":[{"@type":"ListItem","position":1,"name":"Portada","item":"https:\/\/www.reclamador.es\/blog\/"},{"@type":"ListItem","position":2,"name":"\u00bfQu\u00e9 derechos tienes si sufres un accidente en un coche de autoescuela?"}]},{"@type":"WebSite","@id":"https:\/\/www.reclamador.es\/blog\/#website","url":"https:\/\/www.reclamador.es\/blog\/","name":"Rebeldes con causa, el blog de reclamador.es","description":"Noticias, entrevistas y consejos sobre reclamaciones","publisher":{"@id":"https:\/\/www.reclamador.es\/blog\/#organization"},"potentialAction":[{"@type":"SearchAction","target":{"@type":"EntryPoint","urlTemplate":"https:\/\/www.reclamador.es\/blog\/?s={search_term_string}"},"query-input":{"@type":"PropertyValueSpecification","valueRequired":true,"valueName":"search_term_string"}}],"inLanguage":"es"},{"@type":"Organization","@id":"https:\/\/www.reclamador.es\/blog\/#organization","name":"reclamador.es","url":"https:\/\/www.reclamador.es\/blog\/","logo":{"@type":"ImageObject","inLanguage":"es","@id":"https:\/\/www.reclamador.es\/blog\/#\/schema\/logo\/image\/","url":"https:\/\/i0.wp.com\/www.reclamador.es\/blog\/wp-content\/uploads\/2020\/01\/logo-reclamador.png?fit=1200%2C144&ssl=1","contentUrl":"https:\/\/i0.wp.com\/www.reclamador.es\/blog\/wp-content\/uploads\/2020\/01\/logo-reclamador.png?fit=1200%2C144&ssl=1","width":1200,"height":144,"caption":"reclamador.es"},"image":{"@id":"https:\/\/www.reclamador.es\/blog\/#\/schema\/logo\/image\/"},"sameAs":["https:\/\/www.facebook.com\/reclamador.es","https:\/\/x.com\/reclamador","https:\/\/www.instagram.com\/reclamador.es\/","https:\/\/www.linkedin.com\/company\/reclamador-es","https:\/\/www.youtube.com\/user\/Reclamadores"]},{"@type":"Person","@id":"https:\/\/www.reclamador.es\/blog\/#\/schema\/person\/1ed83eef8b6566cb5e4c812d9bc5c4bf","name":"Equipo reclamador","image":{"@type":"ImageObject","inLanguage":"es","@id":"https:\/\/secure.gravatar.com\/avatar\/6442ecdc2c4472c600c113f34d340feca47107d6aa4f42f1e3e75a2a8e28a760?s=96&d=mm&r=g","url":"https:\/\/secure.gravatar.com\/avatar\/6442ecdc2c4472c600c113f34d340feca47107d6aa4f42f1e3e75a2a8e28a760?s=96&d=mm&r=g","contentUrl":"https:\/\/secure.gravatar.com\/avatar\/6442ecdc2c4472c600c113f34d340feca47107d6aa4f42f1e3e75a2a8e28a760?s=96&d=mm&r=g","caption":"Equipo reclamador"},"description":"Las personas que hacen posible reclamador.es","url":"https:\/\/www.reclamador.es\/blog\/author\/administrador\/"}]}},"jetpack_featured_media_url":"https:\/\/i0.wp.com\/www.reclamador.es\/blog\/wp-content\/uploads\/2019\/03\/coche-autoescuela-min.png?fit=1200%2C800&ssl=1","jetpack-related-posts":[{"id":22065,"url":"https:\/\/www.reclamador.es\/blog\/cuando-no-cubre-seguro-coche\/","url_meta":{"origin":21475,"position":0},"title":"10 situaciones no cubiertas por el seguro del autom\u00f3vil en un accidente de tr\u00e1fico","author":"Esperanza Palacio","date":"8 octubre, 2019","format":false,"excerpt":"Contenido reeditado a fecha 10\/01\/2023 No todo vale. Esta frase que seguro has escuchado e, incluso, utilizado en alguna ocasi\u00f3n, tambi\u00e9n es aplicable a la cobertura de los seguros en accidentes de tr\u00e1fico. Pues las p\u00f3lizas suelen excluir determinadas circunstancias por las cuales, de producirse, quedan exoneradas de la responsabilidad\u2026","rel":"","context":"En \u00abConsejos legales\u00bb","block_context":{"text":"Consejos legales","link":"https:\/\/www.reclamador.es\/blog\/consejos\/"},"img":{"alt_text":"qu\u00e9 no cubre el seguro obligatorio reclamador","src":"https:\/\/i0.wp.com\/www.reclamador.es\/blog\/wp-content\/uploads\/2019\/10\/que-no-cubre-el-seguro-obligatorio-accidentes-trafico-reclamador_destacada.jpg?fit=800%2C419&ssl=1&resize=350%2C200","width":350,"height":200,"srcset":"https:\/\/i0.wp.com\/www.reclamador.es\/blog\/wp-content\/uploads\/2019\/10\/que-no-cubre-el-seguro-obligatorio-accidentes-trafico-reclamador_destacada.jpg?fit=800%2C419&ssl=1&resize=350%2C200 1x, https:\/\/i0.wp.com\/www.reclamador.es\/blog\/wp-content\/uploads\/2019\/10\/que-no-cubre-el-seguro-obligatorio-accidentes-trafico-reclamador_destacada.jpg?fit=800%2C419&ssl=1&resize=525%2C300 1.5x, https:\/\/i0.wp.com\/www.reclamador.es\/blog\/wp-content\/uploads\/2019\/10\/que-no-cubre-el-seguro-obligatorio-accidentes-trafico-reclamador_destacada.jpg?fit=800%2C419&ssl=1&resize=700%2C400 2x"},"classes":[]},{"id":21790,"url":"https:\/\/www.reclamador.es\/blog\/accidente-coche-de-caballos-indemnizacion\/","url_meta":{"origin":21475,"position":1},"title":"Reclamaciones e indemnizaciones por accidente en coche de caballos","author":"Equipo reclamador","date":"6 mayo, 2019","format":false,"excerpt":"En muchos n\u00facleos urbanos del sur de Espa\u00f1a conviven veh\u00edculos a motor y coches de caballos como medio de transporte de viajeros. Este segundo, un medio de transporte que en estas fechas se multiplica en el sur de Espa\u00f1a, pues tienen lugar las famosas ferias. Una de las m\u00e1s conocidas\u2026","rel":"","context":"En \u00abConsejos legales\u00bb","block_context":{"text":"Consejos legales","link":"https:\/\/www.reclamador.es\/blog\/consejos\/"},"img":{"alt_text":"Accidente en coche de caballos - espa\u00f1a","src":"https:\/\/i0.wp.com\/www.reclamador.es\/blog\/wp-content\/uploads\/2019\/05\/sevilla-accidente-coche-de-caballos.jpg?fit=1200%2C630&ssl=1&resize=350%2C200","width":350,"height":200,"srcset":"https:\/\/i0.wp.com\/www.reclamador.es\/blog\/wp-content\/uploads\/2019\/05\/sevilla-accidente-coche-de-caballos.jpg?fit=1200%2C630&ssl=1&resize=350%2C200 1x, https:\/\/i0.wp.com\/www.reclamador.es\/blog\/wp-content\/uploads\/2019\/05\/sevilla-accidente-coche-de-caballos.jpg?fit=1200%2C630&ssl=1&resize=525%2C300 1.5x, https:\/\/i0.wp.com\/www.reclamador.es\/blog\/wp-content\/uploads\/2019\/05\/sevilla-accidente-coche-de-caballos.jpg?fit=1200%2C630&ssl=1&resize=700%2C400 2x, https:\/\/i0.wp.com\/www.reclamador.es\/blog\/wp-content\/uploads\/2019\/05\/sevilla-accidente-coche-de-caballos.jpg?fit=1200%2C630&ssl=1&resize=1050%2C600 3x"},"classes":[]},{"id":21262,"url":"https:\/\/www.reclamador.es\/blog\/accidente-trafico-por-alcance-indemnizacion\/","url_meta":{"origin":21475,"position":2},"title":"Accidente de tr\u00e1fico por alcance: \u00bfQu\u00e9 es?, \u00bfqui\u00e9n es el culpable?, \u00bfcu\u00e1ndo corresponde indemnizaci\u00f3n?","author":"Equipo reclamador","date":"10 agosto, 2020","format":false,"excerpt":"*Contenido actualizado abril 2025 Una situaci\u00f3n habitual en las carreteras: un veh\u00edculo llega a una rotonda y frena al ver que una moto se acerca y no puede continuar la marcha. Detr\u00e1s del veh\u00edculo parado llega otra coche que colisiona por detr\u00e1s con el primero, al no darle tiempo a\u2026","rel":"","context":"En \u00abConsejos legales\u00bb","block_context":{"text":"Consejos legales","link":"https:\/\/www.reclamador.es\/blog\/consejos\/"},"img":{"alt_text":"accidente por alcance","src":"https:\/\/i0.wp.com\/www.reclamador.es\/blog\/wp-content\/uploads\/2020\/08\/accidente-por-alcance-colision-trasera-abogados.jpg?fit=1200%2C685&ssl=1&resize=350%2C200","width":350,"height":200,"srcset":"https:\/\/i0.wp.com\/www.reclamador.es\/blog\/wp-content\/uploads\/2020\/08\/accidente-por-alcance-colision-trasera-abogados.jpg?fit=1200%2C685&ssl=1&resize=350%2C200 1x, https:\/\/i0.wp.com\/www.reclamador.es\/blog\/wp-content\/uploads\/2020\/08\/accidente-por-alcance-colision-trasera-abogados.jpg?fit=1200%2C685&ssl=1&resize=525%2C300 1.5x, https:\/\/i0.wp.com\/www.reclamador.es\/blog\/wp-content\/uploads\/2020\/08\/accidente-por-alcance-colision-trasera-abogados.jpg?fit=1200%2C685&ssl=1&resize=700%2C400 2x, https:\/\/i0.wp.com\/www.reclamador.es\/blog\/wp-content\/uploads\/2020\/08\/accidente-por-alcance-colision-trasera-abogados.jpg?fit=1200%2C685&ssl=1&resize=1050%2C600 3x"},"classes":[]},{"id":1332,"url":"https:\/\/www.reclamador.es\/blog\/como-reclamar-una-indemnizacion-tras-sufrir-un-accidente-de-trafico\/","url_meta":{"origin":21475,"position":3},"title":"\u00bfC\u00f3mo reclamar una indemnizaci\u00f3n tras sufrir un accidente de tr\u00e1fico?","author":"Equipo reclamador","date":"30 marzo, 2023","format":false,"excerpt":"C\u00f3mo reclamar una indemnizaci\u00f3n tras sufrir un accidente de tr\u00e1fico","rel":"","context":"En \u00abConsejos legales\u00bb","block_context":{"text":"Consejos legales","link":"https:\/\/www.reclamador.es\/blog\/consejos\/"},"img":{"alt_text":"C\u00f3mo reclamar una indemnizaci\u00f3n tras sufrir un accidente de tr\u00e1fico","src":"https:\/\/i0.wp.com\/www.reclamador.es\/blog\/wp-content\/uploads\/2015\/03\/Como-reclamar-una-indemnizacion-tras-sufrir-un-accidente-de-trafico.jpg?fit=1200%2C675&ssl=1&resize=350%2C200","width":350,"height":200,"srcset":"https:\/\/i0.wp.com\/www.reclamador.es\/blog\/wp-content\/uploads\/2015\/03\/Como-reclamar-una-indemnizacion-tras-sufrir-un-accidente-de-trafico.jpg?fit=1200%2C675&ssl=1&resize=350%2C200 1x, https:\/\/i0.wp.com\/www.reclamador.es\/blog\/wp-content\/uploads\/2015\/03\/Como-reclamar-una-indemnizacion-tras-sufrir-un-accidente-de-trafico.jpg?fit=1200%2C675&ssl=1&resize=525%2C300 1.5x, https:\/\/i0.wp.com\/www.reclamador.es\/blog\/wp-content\/uploads\/2015\/03\/Como-reclamar-una-indemnizacion-tras-sufrir-un-accidente-de-trafico.jpg?fit=1200%2C675&ssl=1&resize=700%2C400 2x, https:\/\/i0.wp.com\/www.reclamador.es\/blog\/wp-content\/uploads\/2015\/03\/Como-reclamar-una-indemnizacion-tras-sufrir-un-accidente-de-trafico.jpg?fit=1200%2C675&ssl=1&resize=1050%2C600 3x"},"classes":[]},{"id":7775,"url":"https:\/\/www.reclamador.es\/blog\/indemnizacion-accidente-leve\/","url_meta":{"origin":21475,"position":4},"title":"\u00bfQu\u00e9 hacer si la aseguradora no quiere pagar la indemnizaci\u00f3n por accidente leve?","author":"Equipo reclamador","date":"4 julio, 2020","format":false,"excerpt":"Hay ocasiones en las que se producen accidentes de tr\u00e1fico de baja intensidad. Y las compa\u00f1\u00edas aseguradoras se niegan a pagar indemnizaciones por lesiones o da\u00f1os derivadas de estos accidentes leves.\u00a0Estos casos son altamente frecuentes cuando se produce un latigazo cervical. Para que tenga lugar una lesi\u00f3n cervical de este\u2026","rel":"","context":"En \u00abConsejos legales\u00bb","block_context":{"text":"Consejos legales","link":"https:\/\/www.reclamador.es\/blog\/consejos\/"},"img":{"alt_text":"conductor - accidente leve","src":"https:\/\/i0.wp.com\/www.reclamador.es\/blog\/wp-content\/uploads\/2019\/06\/indemnizacion-accidente-leve-de-trafico.jpg?fit=1200%2C630&ssl=1&resize=350%2C200","width":350,"height":200,"srcset":"https:\/\/i0.wp.com\/www.reclamador.es\/blog\/wp-content\/uploads\/2019\/06\/indemnizacion-accidente-leve-de-trafico.jpg?fit=1200%2C630&ssl=1&resize=350%2C200 1x, https:\/\/i0.wp.com\/www.reclamador.es\/blog\/wp-content\/uploads\/2019\/06\/indemnizacion-accidente-leve-de-trafico.jpg?fit=1200%2C630&ssl=1&resize=525%2C300 1.5x, https:\/\/i0.wp.com\/www.reclamador.es\/blog\/wp-content\/uploads\/2019\/06\/indemnizacion-accidente-leve-de-trafico.jpg?fit=1200%2C630&ssl=1&resize=700%2C400 2x, https:\/\/i0.wp.com\/www.reclamador.es\/blog\/wp-content\/uploads\/2019\/06\/indemnizacion-accidente-leve-de-trafico.jpg?fit=1200%2C630&ssl=1&resize=1050%2C600 3x"},"classes":[]},{"id":22561,"url":"https:\/\/www.reclamador.es\/blog\/consejos-seguridad-evitar-accidentes-trafico\/","url_meta":{"origin":21475,"position":5},"title":"Consejos de seguridad para evitar accidentes de tr\u00e1fico este verano","author":"Equipo reclamador","date":"25 julio, 2023","format":false,"excerpt":"Los meses de verano son los preferidos por muchos viajeros para hacer sus escapadas. Se espera un importante volumen de desplazamientos tanto v\u00eda a\u00e9rea, como por carretera o tren. Con millones de personas optando por viajar en coche este verano, es crucial considerar algunos consejos b\u00e1sicos pero fundamentales para garantizar\u2026","rel":"","context":"En \u00abConsejos legales\u00bb","block_context":{"text":"Consejos legales","link":"https:\/\/www.reclamador.es\/blog\/consejos\/"},"img":{"alt_text":"evitar accidente de trafico reclamador","src":"https:\/\/i0.wp.com\/www.reclamador.es\/blog\/wp-content\/uploads\/2019\/07\/consejos-para-evitar-accidentes-de-trafico-reclamador.jpg?fit=1200%2C799&ssl=1&resize=350%2C200","width":350,"height":200,"srcset":"https:\/\/i0.wp.com\/www.reclamador.es\/blog\/wp-content\/uploads\/2019\/07\/consejos-para-evitar-accidentes-de-trafico-reclamador.jpg?fit=1200%2C799&ssl=1&resize=350%2C200 1x, https:\/\/i0.wp.com\/www.reclamador.es\/blog\/wp-content\/uploads\/2019\/07\/consejos-para-evitar-accidentes-de-trafico-reclamador.jpg?fit=1200%2C799&ssl=1&resize=525%2C300 1.5x, https:\/\/i0.wp.com\/www.reclamador.es\/blog\/wp-content\/uploads\/2019\/07\/consejos-para-evitar-accidentes-de-trafico-reclamador.jpg?fit=1200%2C799&ssl=1&resize=700%2C400 2x, https:\/\/i0.wp.com\/www.reclamador.es\/blog\/wp-content\/uploads\/2019\/07\/consejos-para-evitar-accidentes-de-trafico-reclamador.jpg?fit=1200%2C799&ssl=1&resize=1050%2C600 3x"},"classes":[]}],"jetpack_sharing_enabled":true,"_links":{"self":[{"href":"https:\/\/www.reclamador.es\/blog\/wp-json\/wp\/v2\/posts\/21475","targetHints":{"allow":["GET"]}}],"collection":[{"href":"https:\/\/www.reclamador.es\/blog\/wp-json\/wp\/v2\/posts"}],"about":[{"href":"https:\/\/www.reclamador.es\/blog\/wp-json\/wp\/v2\/types\/post"}],"author":[{"embeddable":true,"href":"https:\/\/www.reclamador.es\/blog\/wp-json\/wp\/v2\/users\/1"}],"replies":[{"embeddable":true,"href":"https:\/\/www.reclamador.es\/blog\/wp-json\/wp\/v2\/comments?post=21475"}],"version-history":[{"count":7,"href":"https:\/\/www.reclamador.es\/blog\/wp-json\/wp\/v2\/posts\/21475\/revisions"}],"predecessor-version":[{"id":34691,"href":"https:\/\/www.reclamador.es\/blog\/wp-json\/wp\/v2\/posts\/21475\/revisions\/34691"}],"wp:featuredmedia":[{"embeddable":true,"href":"https:\/\/www.reclamador.es\/blog\/wp-json\/wp\/v2\/media\/21480"}],"wp:attachment":[{"href":"https:\/\/www.reclamador.es\/blog\/wp-json\/wp\/v2\/media?parent=21475"}],"wp:term":[{"taxonomy":"category","embeddable":true,"href":"https:\/\/www.reclamador.es\/blog\/wp-json\/wp\/v2\/categories?post=21475"},{"taxonomy":"post_tag","embeddable":true,"href":"https:\/\/www.reclamador.es\/blog\/wp-json\/wp\/v2\/tags?post=21475"}],"curies":[{"name":"wp","href":"https:\/\/api.w.org\/{rel}","templated":true}]}}