{"id":21472,"date":"2019-03-29T10:52:02","date_gmt":"2019-03-29T09:52:02","guid":{"rendered":"https:\/\/www.reclamador.es\/blog\/?p=21472"},"modified":"2022-12-15T15:20:53","modified_gmt":"2022-12-15T14:20:53","slug":"legaltech-reclaman-descongestion-justicia-elta","status":"publish","type":"post","link":"https:\/\/www.reclamador.es\/blog\/legaltech-reclaman-descongestion-justicia-elta\/","title":{"rendered":"Las Legaltech reclaman la descongesti\u00f3n de la Justicia"},"content":{"rendered":"<div class=\"ttr_start\"><\/div>\n\n<div class=\"kk-star-ratings kksr-auto kksr-align-right kksr-valign-top\"\n    data-payload='{&quot;align&quot;:&quot;right&quot;,&quot;id&quot;:&quot;21472&quot;,&quot;slug&quot;:&quot;default&quot;,&quot;valign&quot;:&quot;top&quot;,&quot;ignore&quot;:&quot;&quot;,&quot;reference&quot;:&quot;auto&quot;,&quot;class&quot;:&quot;&quot;,&quot;count&quot;:&quot;2&quot;,&quot;legendonly&quot;:&quot;&quot;,&quot;readonly&quot;:&quot;&quot;,&quot;score&quot;:&quot;5&quot;,&quot;starsonly&quot;:&quot;&quot;,&quot;best&quot;:&quot;5&quot;,&quot;gap&quot;:&quot;3&quot;,&quot;greet&quot;:&quot;Valora este art\u00edculo&quot;,&quot;legend&quot;:&quot;5\\\/5 - (2 votos)&quot;,&quot;size&quot;:&quot;20&quot;,&quot;title&quot;:&quot;Las Legaltech reclaman la descongesti\u00f3n de la Justicia&quot;,&quot;width&quot;:&quot;113.5&quot;,&quot;_legend&quot;:&quot;{score}\\\/{best} - ({count} {votes})&quot;,&quot;font_factor&quot;:&quot;1.25&quot;}'>\n            \n<div class=\"kksr-stars\">\n    \n<div class=\"kksr-stars-inactive\">\n            <div class=\"kksr-star\" data-star=\"1\" style=\"padding-right: 3px\">\n            \n\n<div class=\"kksr-icon\" style=\"width: 20px; height: 20px;\"><\/div>\n        <\/div>\n            <div class=\"kksr-star\" data-star=\"2\" style=\"padding-right: 3px\">\n            \n\n<div class=\"kksr-icon\" style=\"width: 20px; height: 20px;\"><\/div>\n        <\/div>\n            <div class=\"kksr-star\" data-star=\"3\" style=\"padding-right: 3px\">\n            \n\n<div class=\"kksr-icon\" style=\"width: 20px; height: 20px;\"><\/div>\n        <\/div>\n            <div class=\"kksr-star\" data-star=\"4\" style=\"padding-right: 3px\">\n            \n\n<div class=\"kksr-icon\" style=\"width: 20px; height: 20px;\"><\/div>\n        <\/div>\n            <div class=\"kksr-star\" data-star=\"5\" style=\"padding-right: 3px\">\n            \n\n<div class=\"kksr-icon\" style=\"width: 20px; height: 20px;\"><\/div>\n        <\/div>\n    <\/div>\n    \n<div class=\"kksr-stars-active\" style=\"width: 113.5px;\">\n            <div class=\"kksr-star\" style=\"padding-right: 3px\">\n            \n\n<div class=\"kksr-icon\" style=\"width: 20px; height: 20px;\"><\/div>\n        <\/div>\n            <div class=\"kksr-star\" style=\"padding-right: 3px\">\n            \n\n<div class=\"kksr-icon\" style=\"width: 20px; height: 20px;\"><\/div>\n        <\/div>\n            <div class=\"kksr-star\" style=\"padding-right: 3px\">\n            \n\n<div class=\"kksr-icon\" style=\"width: 20px; height: 20px;\"><\/div>\n        <\/div>\n            <div class=\"kksr-star\" style=\"padding-right: 3px\">\n            \n\n<div class=\"kksr-icon\" style=\"width: 20px; height: 20px;\"><\/div>\n        <\/div>\n            <div class=\"kksr-star\" style=\"padding-right: 3px\">\n            \n\n<div class=\"kksr-icon\" style=\"width: 20px; height: 20px;\"><\/div>\n        <\/div>\n    <\/div>\n<\/div>\n                \n\n<div class=\"kksr-legend\" style=\"font-size: 16px;\">\n            5\/5 - (2 votos)    <\/div>\n    <\/div>\n<figure id=\"attachment_21473\" aria-describedby=\"caption-attachment-21473\" style=\"width: 1200px\" class=\"wp-caption aligncenter\"><img data-recalc-dims=\"1\" loading=\"lazy\" decoding=\"async\" class=\"size-full wp-image-21473\" src=\"https:\/\/i0.wp.com\/www.reclamador.es\/blog\/wp-content\/uploads\/2019\/03\/aspectos-clave-de-la-financiacion-de-las-legaltech.jpg?resize=1200%2C800&#038;ssl=1\" alt=\"ELTA reclamador Financiacion Legaltech\" width=\"1200\" height=\"800\" srcset=\"https:\/\/i0.wp.com\/www.reclamador.es\/blog\/wp-content\/uploads\/2019\/03\/aspectos-clave-de-la-financiacion-de-las-legaltech.jpg?w=1200&amp;ssl=1 1200w, https:\/\/i0.wp.com\/www.reclamador.es\/blog\/wp-content\/uploads\/2019\/03\/aspectos-clave-de-la-financiacion-de-las-legaltech.jpg?resize=150%2C100&amp;ssl=1 150w, https:\/\/i0.wp.com\/www.reclamador.es\/blog\/wp-content\/uploads\/2019\/03\/aspectos-clave-de-la-financiacion-de-las-legaltech.jpg?resize=300%2C200&amp;ssl=1 300w, https:\/\/i0.wp.com\/www.reclamador.es\/blog\/wp-content\/uploads\/2019\/03\/aspectos-clave-de-la-financiacion-de-las-legaltech.jpg?resize=768%2C512&amp;ssl=1 768w, https:\/\/i0.wp.com\/www.reclamador.es\/blog\/wp-content\/uploads\/2019\/03\/aspectos-clave-de-la-financiacion-de-las-legaltech.jpg?resize=1024%2C683&amp;ssl=1 1024w\" sizes=\"auto, (max-width: 1000px) 100vw, 1000px\" \/><figcaption id=\"caption-attachment-21473\" class=\"wp-caption-text\"><em>Ponentes del evento \"Aspectos clave de la financiaci\u00f3n de las Legaltech\"<\/em><\/figcaption><\/figure>\n<p><span style=\"font-weight: 400;\">Las empresas legaltech m\u00e1s potentes de Espa\u00f1a se han reunido esta semana en Madrid para reclamar la descongesti\u00f3n de la Justicia adem\u00e1s de abordar uno de los aspectos esenciales a la hora de desarrollar una legaltech: <strong>la financiaci\u00f3n<\/strong>. La Asociaci\u00f3n Europea de LegalTech (<\/span><span style=\"font-weight: 400;\">ELTA<\/span><span style=\"font-weight: 400;\">), de la que <a href=\"https:\/\/www.reclamador.es\/blog\/presentacion-elta-icam\/\">reclamador.es<\/a> forma parte, organiz\u00f3 ayer un desayuno de trabajo junto con el Banco Sabadell y Latham &amp; Watkins. <\/span><\/p>\n<p><span style=\"font-weight: 400;\">El acto fue presentado por Mar\u00eda Jes\u00fas Gonz\u00e1lez-Espejo, Vicepresidenta de ELTA y Socia del <\/span><a href=\"https:\/\/institutodeinnovacionlegal.com\/\" target=\"_blank\" rel=\"nofollow noopener noreferrer\"><span style=\"font-weight: 400;\">Instituto de Innovaci\u00f3n Legal<\/span><\/a><span style=\"font-weight: 400;\">, y cont\u00f3 con dos mesas redondas. En la primera de ellas \u2018La visi\u00f3n de las empresas Legaltech sobre la financiaci\u00f3n\u2019, participaron como ponentes Pablo Rabanal, CEO y fundador de reclamador.es; Agust\u00edn Tour\u00f3n, Co-fundador de <\/span><a href=\"https:\/\/www.councilbox.com\/\" target=\"_blank\" rel=\"nofollow noopener noreferrer\"><span style=\"font-weight: 400;\">COUNCILBOX<\/span><\/a><span style=\"font-weight: 400;\"> &amp; Streaming Galicia; \u00a0Juan Pablo Rodrigo Vigil, CEO y Fundador de <\/span><a href=\"https:\/\/croowly.es\/\" target=\"_blank\" rel=\"noopener noreferrer\"><span style=\"font-weight: 400;\">Croowly<\/span><\/a><span style=\"font-weight: 400;\"> y Ver\u00f3nica Fortes, General Manager de <\/span><span style=\"font-weight: 400;\">Easyleapp<\/span><span style=\"font-weight: 400;\">. Esther Montalv\u00e1, representante del ICAM, fue la encargada de moderar esta primera mesa redonda. <\/span><\/p>\n<figure id=\"attachment_21478\" aria-describedby=\"caption-attachment-21478\" style=\"width: 1200px\" class=\"wp-caption aligncenter\"><img data-recalc-dims=\"1\" loading=\"lazy\" decoding=\"async\" class=\"wp-image-21478 size-full\" src=\"https:\/\/i0.wp.com\/www.reclamador.es\/blog\/wp-content\/uploads\/2019\/03\/mesa-redonda-financiacion-de-las-legaltech-reclamador.jpg?resize=1200%2C800&#038;ssl=1\" alt=\"\" width=\"1200\" height=\"800\" srcset=\"https:\/\/i0.wp.com\/www.reclamador.es\/blog\/wp-content\/uploads\/2019\/03\/mesa-redonda-financiacion-de-las-legaltech-reclamador.jpg?w=1200&amp;ssl=1 1200w, https:\/\/i0.wp.com\/www.reclamador.es\/blog\/wp-content\/uploads\/2019\/03\/mesa-redonda-financiacion-de-las-legaltech-reclamador.jpg?resize=150%2C100&amp;ssl=1 150w, https:\/\/i0.wp.com\/www.reclamador.es\/blog\/wp-content\/uploads\/2019\/03\/mesa-redonda-financiacion-de-las-legaltech-reclamador.jpg?resize=300%2C200&amp;ssl=1 300w, https:\/\/i0.wp.com\/www.reclamador.es\/blog\/wp-content\/uploads\/2019\/03\/mesa-redonda-financiacion-de-las-legaltech-reclamador.jpg?resize=768%2C512&amp;ssl=1 768w, https:\/\/i0.wp.com\/www.reclamador.es\/blog\/wp-content\/uploads\/2019\/03\/mesa-redonda-financiacion-de-las-legaltech-reclamador.jpg?resize=1024%2C683&amp;ssl=1 1024w\" sizes=\"auto, (max-width: 1000px) 100vw, 1000px\" \/><figcaption id=\"caption-attachment-21478\" class=\"wp-caption-text\"><em>De Izq a der: Ver\u00f3nica Fortes, GM de Easyleapp; Agust\u00edn Toru\u00f3n, Co-fundador de Councilbox; Pablo Rabal, CEO de reclamador.es; Esther Montalv\u00e1, vocal del ICAM y Juan Pablo Rodrigo Vigil, CEO de Croowly.<\/em><\/figcaption><\/figure>\n<p><span style=\"font-weight: 400;\">En la segunda de las mesas, \u2018La visi\u00f3n de los financiadores de la Legaltech\u2019 participaron Carlos Blanco, Managing Partner y Co-fundador de <\/span><a href=\"https:\/\/encomenda.com\/\" target=\"_blank\" rel=\"noopener noreferrer\"><span style=\"font-weight: 400;\">Encomenda VC<\/span><\/a><span style=\"font-weight: 400;\">; Marta Campillo Casado, Programme Coordinator &amp; <\/span><a href=\"https:\/\/bstartup.bancsabadell.com\/\" target=\"_blank\" rel=\"noopener noreferrer\"><span style=\"font-weight: 400;\">BStartup10<\/span><\/a><span style=\"font-weight: 400;\"> Analyst en Sabadell y Javier Villaseca, Fundador de Socios inversores. El moderador de esta mesa fue Manuel De\u00f3, socio de M&amp;A de <a href=\"https:\/\/www.lw.com\/es\/\" target=\"_blank\" rel=\"noopener noreferrer\">Latham &amp; Watkins<\/a>. <\/span><\/p>\n<figure id=\"attachment_21476\" aria-describedby=\"caption-attachment-21476\" style=\"width: 1200px\" class=\"wp-caption aligncenter\"><img data-recalc-dims=\"1\" loading=\"lazy\" decoding=\"async\" class=\"wp-image-21476 size-full\" src=\"https:\/\/i0.wp.com\/www.reclamador.es\/blog\/wp-content\/uploads\/2019\/03\/evento-elta-2.png?resize=1200%2C800&#038;ssl=1\" alt=\"\" width=\"1200\" height=\"800\" srcset=\"https:\/\/i0.wp.com\/www.reclamador.es\/blog\/wp-content\/uploads\/2019\/03\/evento-elta-2.png?w=1200&amp;ssl=1 1200w, https:\/\/i0.wp.com\/www.reclamador.es\/blog\/wp-content\/uploads\/2019\/03\/evento-elta-2.png?resize=150%2C100&amp;ssl=1 150w, https:\/\/i0.wp.com\/www.reclamador.es\/blog\/wp-content\/uploads\/2019\/03\/evento-elta-2.png?resize=300%2C200&amp;ssl=1 300w, https:\/\/i0.wp.com\/www.reclamador.es\/blog\/wp-content\/uploads\/2019\/03\/evento-elta-2.png?resize=768%2C512&amp;ssl=1 768w, https:\/\/i0.wp.com\/www.reclamador.es\/blog\/wp-content\/uploads\/2019\/03\/evento-elta-2.png?resize=1024%2C683&amp;ssl=1 1024w\" sizes=\"auto, (max-width: 1000px) 100vw, 1000px\" \/><figcaption id=\"caption-attachment-21476\" class=\"wp-caption-text\"><em>De Izq a der: Javier Villaseca, Fundador de Socios inversores; Marta Campillo Casado, Programme Coordinator &amp; BStartup10 Analyst en Sabadell; Manuel De\u00f3, socio de M&amp;A de Latham &amp; Watkins y Carlos Blanco, Managing Partner y Co-fundador de Encomenda VC.<\/em><\/figcaption><\/figure>\n<h2><strong>Pablo Rabanal: \"Falta foco en modernizar la Justicia\"<\/strong><\/h2>\n<p><span style=\"font-weight: 400;\">Adem\u00e1s de abordar los pasos que ha ido dando reclamador.es desde que solo era la idea de nuestro fundador, Pablo Rabanal aprovech\u00f3 para explicar a los asistentes al evento la necesidad de modernizaci\u00f3n de la Justicia, comparando casos como el de Alemania y Espa\u00f1a en uno de los pleitos en los que somos l\u00edderes en nuestro pa\u00eds, los mercantiles.<\/span><i><span style=\"font-weight: 400;\"> \u201cEn reclamador.es nos encontramos con casos en los que tardamos en monetizar 800 d\u00edas los juicios que llevamos. A las aerol\u00edneas -pleitos mercantiles de cuant\u00eda inferior a 2.000\u20ac- \u00a0les cuesta lo mismo pagar el d\u00eda 1 que el d\u00eda 300, pues no se condena en costas. En cambio, en Alemania, el 70% de los casos se resuelven por acuerdo. Sin llegar a la v\u00eda judicial, pues el coste del procedimiento en Alemania puede suponer m\u00e1s del doble. Por ello, falta foco en modernizar la Justicia\u201d<\/span><\/i><span style=\"font-weight: 400;\">, subray\u00f3 nuestro CEO durante el evento. <\/span><\/p>\n<h6 style=\"text-align: center;\"><strong><a href=\"#mc4wp-form-1 \">Suscr\u00edbete a nuestro bolet\u00edn semanal<\/a> si quieres que te sigamos informando.<\/strong><\/h6>\n<p>Si te ha gustado esta noticia, comp\u00e1rtela en tus redes sociales!<\/p>\n<div class=\"ttr_end\"><\/div>","protected":false},"excerpt":{"rendered":"<p>Las empresas legaltech m\u00e1s potentes de Espa\u00f1a se han reunido esta semana en Madrid para reclamar la descongesti\u00f3n de la Justicia adem\u00e1s de abordar uno de los aspectos esenciales a la hora de desarrollar una legaltech: la financiaci\u00f3n. La Asociaci\u00f3n Europea de LegalTech (ELTA), de la que reclamador.es forma parte, organiz\u00f3 ayer un desayuno de [&hellip;]<\/p>\n","protected":false},"author":1,"featured_media":21473,"comment_status":"open","ping_status":"open","sticky":false,"template":"","format":"standard","meta":{"_acf_changed":false,"_genesis_hide_title":false,"_genesis_hide_breadcrumbs":false,"_genesis_hide_singular_image":false,"_genesis_hide_footer_widgets":false,"_genesis_custom_body_class":"","_genesis_custom_post_class":"","_genesis_layout":"","_jetpack_newsletter_access":"","_jetpack_dont_email_post_to_subs":false,"_jetpack_newsletter_tier_id":0,"_jetpack_memberships_contains_paywalled_content":false,"_jetpack_memberships_contains_paid_content":false,"footnotes":""},"categories":[392],"tags":[648,758],"class_list":{"0":"post-21472","1":"post","2":"type-post","3":"status-publish","4":"format-standard","5":"has-post-thumbnail","7":"category-noticias","8":"tag-branding","9":"tag-evento","10":"entry"},"acf":[],"yoast_head":"<!-- This site is optimized with the Yoast SEO plugin v27.4 - https:\/\/yoast.com\/product\/yoast-seo-wordpress\/ -->\n<title>Jornada &quot;Aspectos clave de la financiaci\u00f3n de las Legaltech&quot;<\/title>\n<meta name=\"description\" content=\"ELTA organiz\u00f3 el 28 de marzo el evento &quot;Aspectos clave de la financiaci\u00f3n de las Legaltech&quot; en que particip\u00f3 como ponente Pablo Rabanal, CEO de reclamador.\" \/>\n<meta name=\"robots\" content=\"index, follow, max-snippet:-1, max-image-preview:large, max-video-preview:-1\" \/>\n<link rel=\"canonical\" href=\"https:\/\/www.reclamador.es\/blog\/legaltech-reclaman-descongestion-justicia-elta\/\" \/>\n<meta property=\"og:locale\" content=\"es_ES\" \/>\n<meta property=\"og:type\" content=\"article\" \/>\n<meta property=\"og:title\" content=\"Jornada &quot;Aspectos clave de la financiaci\u00f3n de las Legaltech&quot;\" \/>\n<meta property=\"og:description\" content=\"ELTA organiz\u00f3 el 28 de marzo el evento &quot;Aspectos clave de la financiaci\u00f3n de las Legaltech&quot; en que particip\u00f3 como ponente Pablo Rabanal, CEO de reclamador.\" \/>\n<meta property=\"og:url\" content=\"https:\/\/www.reclamador.es\/blog\/legaltech-reclaman-descongestion-justicia-elta\/\" \/>\n<meta property=\"og:site_name\" content=\"Rebeldes con causa, el blog de reclamador.es\" \/>\n<meta property=\"article:publisher\" content=\"https:\/\/www.facebook.com\/reclamador.es\" \/>\n<meta property=\"article:published_time\" content=\"2019-03-29T09:52:02+00:00\" \/>\n<meta property=\"article:modified_time\" content=\"2022-12-15T14:20:53+00:00\" \/>\n<meta property=\"og:image\" content=\"https:\/\/i0.wp.com\/www.reclamador.es\/blog\/wp-content\/uploads\/2019\/03\/aspectos-clave-de-la-financiacion-de-las-legaltech.jpg?fit=1200%2C800&ssl=1\" \/>\n\t<meta property=\"og:image:width\" content=\"1200\" \/>\n\t<meta property=\"og:image:height\" content=\"800\" \/>\n\t<meta property=\"og:image:type\" content=\"image\/jpeg\" \/>\n<meta name=\"author\" content=\"Equipo reclamador\" \/>\n<meta name=\"twitter:card\" content=\"summary_large_image\" \/>\n<meta name=\"twitter:creator\" content=\"@reclamador\" \/>\n<meta name=\"twitter:site\" content=\"@reclamador\" \/>\n<meta name=\"twitter:label1\" content=\"Escrito por\" \/>\n\t<meta name=\"twitter:data1\" content=\"Equipo reclamador\" \/>\n\t<meta name=\"twitter:label2\" content=\"Tiempo de lectura\" \/>\n\t<meta name=\"twitter:data2\" content=\"3 minutos\" \/>\n<script type=\"application\/ld+json\" class=\"yoast-schema-graph\">{\"@context\":\"https:\\\/\\\/schema.org\",\"@graph\":[{\"@type\":\"Article\",\"@id\":\"https:\\\/\\\/www.reclamador.es\\\/blog\\\/legaltech-reclaman-descongestion-justicia-elta\\\/#article\",\"isPartOf\":{\"@id\":\"https:\\\/\\\/www.reclamador.es\\\/blog\\\/legaltech-reclaman-descongestion-justicia-elta\\\/\"},\"author\":{\"name\":\"Equipo reclamador\",\"@id\":\"https:\\\/\\\/www.reclamador.es\\\/blog\\\/#\\\/schema\\\/person\\\/1ed83eef8b6566cb5e4c812d9bc5c4bf\"},\"headline\":\"Las Legaltech reclaman la descongesti\u00f3n de la Justicia\",\"datePublished\":\"2019-03-29T09:52:02+00:00\",\"dateModified\":\"2022-12-15T14:20:53+00:00\",\"mainEntityOfPage\":{\"@id\":\"https:\\\/\\\/www.reclamador.es\\\/blog\\\/legaltech-reclaman-descongestion-justicia-elta\\\/\"},\"wordCount\":539,\"commentCount\":0,\"publisher\":{\"@id\":\"https:\\\/\\\/www.reclamador.es\\\/blog\\\/#organization\"},\"image\":{\"@id\":\"https:\\\/\\\/www.reclamador.es\\\/blog\\\/legaltech-reclaman-descongestion-justicia-elta\\\/#primaryimage\"},\"thumbnailUrl\":\"https:\\\/\\\/i0.wp.com\\\/www.reclamador.es\\\/blog\\\/wp-content\\\/uploads\\\/2019\\\/03\\\/aspectos-clave-de-la-financiacion-de-las-legaltech.jpg?fit=1200%2C800&ssl=1\",\"keywords\":[\"branding\",\"evento\"],\"articleSection\":[\"Noticias y actualidad\"],\"inLanguage\":\"es\",\"potentialAction\":[{\"@type\":\"CommentAction\",\"name\":\"Comment\",\"target\":[\"https:\\\/\\\/www.reclamador.es\\\/blog\\\/legaltech-reclaman-descongestion-justicia-elta\\\/#respond\"]}]},{\"@type\":\"WebPage\",\"@id\":\"https:\\\/\\\/www.reclamador.es\\\/blog\\\/legaltech-reclaman-descongestion-justicia-elta\\\/\",\"url\":\"https:\\\/\\\/www.reclamador.es\\\/blog\\\/legaltech-reclaman-descongestion-justicia-elta\\\/\",\"name\":\"Jornada \\\"Aspectos clave de la financiaci\u00f3n de las Legaltech\\\"\",\"isPartOf\":{\"@id\":\"https:\\\/\\\/www.reclamador.es\\\/blog\\\/#website\"},\"primaryImageOfPage\":{\"@id\":\"https:\\\/\\\/www.reclamador.es\\\/blog\\\/legaltech-reclaman-descongestion-justicia-elta\\\/#primaryimage\"},\"image\":{\"@id\":\"https:\\\/\\\/www.reclamador.es\\\/blog\\\/legaltech-reclaman-descongestion-justicia-elta\\\/#primaryimage\"},\"thumbnailUrl\":\"https:\\\/\\\/i0.wp.com\\\/www.reclamador.es\\\/blog\\\/wp-content\\\/uploads\\\/2019\\\/03\\\/aspectos-clave-de-la-financiacion-de-las-legaltech.jpg?fit=1200%2C800&ssl=1\",\"datePublished\":\"2019-03-29T09:52:02+00:00\",\"dateModified\":\"2022-12-15T14:20:53+00:00\",\"description\":\"ELTA organiz\u00f3 el 28 de marzo el evento \\\"Aspectos clave de la financiaci\u00f3n de las Legaltech\\\" en que particip\u00f3 como ponente Pablo Rabanal, CEO de reclamador.\",\"breadcrumb\":{\"@id\":\"https:\\\/\\\/www.reclamador.es\\\/blog\\\/legaltech-reclaman-descongestion-justicia-elta\\\/#breadcrumb\"},\"inLanguage\":\"es\",\"potentialAction\":[{\"@type\":\"ReadAction\",\"target\":[\"https:\\\/\\\/www.reclamador.es\\\/blog\\\/legaltech-reclaman-descongestion-justicia-elta\\\/\"]}]},{\"@type\":\"ImageObject\",\"inLanguage\":\"es\",\"@id\":\"https:\\\/\\\/www.reclamador.es\\\/blog\\\/legaltech-reclaman-descongestion-justicia-elta\\\/#primaryimage\",\"url\":\"https:\\\/\\\/i0.wp.com\\\/www.reclamador.es\\\/blog\\\/wp-content\\\/uploads\\\/2019\\\/03\\\/aspectos-clave-de-la-financiacion-de-las-legaltech.jpg?fit=1200%2C800&ssl=1\",\"contentUrl\":\"https:\\\/\\\/i0.wp.com\\\/www.reclamador.es\\\/blog\\\/wp-content\\\/uploads\\\/2019\\\/03\\\/aspectos-clave-de-la-financiacion-de-las-legaltech.jpg?fit=1200%2C800&ssl=1\",\"width\":1200,\"height\":800,\"caption\":\"Ponentes del evento Aspectos clave de la financiaci\u00f3n de las Legaltech\"},{\"@type\":\"BreadcrumbList\",\"@id\":\"https:\\\/\\\/www.reclamador.es\\\/blog\\\/legaltech-reclaman-descongestion-justicia-elta\\\/#breadcrumb\",\"itemListElement\":[{\"@type\":\"ListItem\",\"position\":1,\"name\":\"Portada\",\"item\":\"https:\\\/\\\/www.reclamador.es\\\/blog\\\/\"},{\"@type\":\"ListItem\",\"position\":2,\"name\":\"Las Legaltech reclaman la descongesti\u00f3n de la Justicia\"}]},{\"@type\":\"WebSite\",\"@id\":\"https:\\\/\\\/www.reclamador.es\\\/blog\\\/#website\",\"url\":\"https:\\\/\\\/www.reclamador.es\\\/blog\\\/\",\"name\":\"Rebeldes con causa, el blog de reclamador.es\",\"description\":\"Noticias, entrevistas y consejos sobre reclamaciones\",\"publisher\":{\"@id\":\"https:\\\/\\\/www.reclamador.es\\\/blog\\\/#organization\"},\"potentialAction\":[{\"@type\":\"SearchAction\",\"target\":{\"@type\":\"EntryPoint\",\"urlTemplate\":\"https:\\\/\\\/www.reclamador.es\\\/blog\\\/?s={search_term_string}\"},\"query-input\":{\"@type\":\"PropertyValueSpecification\",\"valueRequired\":true,\"valueName\":\"search_term_string\"}}],\"inLanguage\":\"es\"},{\"@type\":\"Organization\",\"@id\":\"https:\\\/\\\/www.reclamador.es\\\/blog\\\/#organization\",\"name\":\"reclamador.es\",\"url\":\"https:\\\/\\\/www.reclamador.es\\\/blog\\\/\",\"logo\":{\"@type\":\"ImageObject\",\"inLanguage\":\"es\",\"@id\":\"https:\\\/\\\/www.reclamador.es\\\/blog\\\/#\\\/schema\\\/logo\\\/image\\\/\",\"url\":\"https:\\\/\\\/i0.wp.com\\\/www.reclamador.es\\\/blog\\\/wp-content\\\/uploads\\\/2020\\\/01\\\/logo-reclamador.png?fit=1200%2C144&ssl=1\",\"contentUrl\":\"https:\\\/\\\/i0.wp.com\\\/www.reclamador.es\\\/blog\\\/wp-content\\\/uploads\\\/2020\\\/01\\\/logo-reclamador.png?fit=1200%2C144&ssl=1\",\"width\":1200,\"height\":144,\"caption\":\"reclamador.es\"},\"image\":{\"@id\":\"https:\\\/\\\/www.reclamador.es\\\/blog\\\/#\\\/schema\\\/logo\\\/image\\\/\"},\"sameAs\":[\"https:\\\/\\\/www.facebook.com\\\/reclamador.es\",\"https:\\\/\\\/x.com\\\/reclamador\",\"https:\\\/\\\/www.instagram.com\\\/reclamador.es\\\/\",\"https:\\\/\\\/www.linkedin.com\\\/company\\\/reclamador-es\",\"https:\\\/\\\/www.youtube.com\\\/user\\\/Reclamadores\"]},{\"@type\":\"Person\",\"@id\":\"https:\\\/\\\/www.reclamador.es\\\/blog\\\/#\\\/schema\\\/person\\\/1ed83eef8b6566cb5e4c812d9bc5c4bf\",\"name\":\"Equipo reclamador\",\"image\":{\"@type\":\"ImageObject\",\"inLanguage\":\"es\",\"@id\":\"https:\\\/\\\/secure.gravatar.com\\\/avatar\\\/6442ecdc2c4472c600c113f34d340feca47107d6aa4f42f1e3e75a2a8e28a760?s=96&d=mm&r=g\",\"url\":\"https:\\\/\\\/secure.gravatar.com\\\/avatar\\\/6442ecdc2c4472c600c113f34d340feca47107d6aa4f42f1e3e75a2a8e28a760?s=96&d=mm&r=g\",\"contentUrl\":\"https:\\\/\\\/secure.gravatar.com\\\/avatar\\\/6442ecdc2c4472c600c113f34d340feca47107d6aa4f42f1e3e75a2a8e28a760?s=96&d=mm&r=g\",\"caption\":\"Equipo reclamador\"},\"description\":\"Las personas que hacen posible reclamador.es\",\"url\":\"https:\\\/\\\/www.reclamador.es\\\/blog\\\/author\\\/administrador\\\/\"}]}<\/script>\n<!-- \/ Yoast SEO plugin. -->","yoast_head_json":{"title":"Jornada \"Aspectos clave de la financiaci\u00f3n de las Legaltech\"","description":"ELTA organiz\u00f3 el 28 de marzo el evento \"Aspectos clave de la financiaci\u00f3n de las Legaltech\" en que particip\u00f3 como ponente Pablo Rabanal, CEO de reclamador.","robots":{"index":"index","follow":"follow","max-snippet":"max-snippet:-1","max-image-preview":"max-image-preview:large","max-video-preview":"max-video-preview:-1"},"canonical":"https:\/\/www.reclamador.es\/blog\/legaltech-reclaman-descongestion-justicia-elta\/","og_locale":"es_ES","og_type":"article","og_title":"Jornada \"Aspectos clave de la financiaci\u00f3n de las Legaltech\"","og_description":"ELTA organiz\u00f3 el 28 de marzo el evento \"Aspectos clave de la financiaci\u00f3n de las Legaltech\" en que particip\u00f3 como ponente Pablo Rabanal, CEO de reclamador.","og_url":"https:\/\/www.reclamador.es\/blog\/legaltech-reclaman-descongestion-justicia-elta\/","og_site_name":"Rebeldes con causa, el blog de reclamador.es","article_publisher":"https:\/\/www.facebook.com\/reclamador.es","article_published_time":"2019-03-29T09:52:02+00:00","article_modified_time":"2022-12-15T14:20:53+00:00","og_image":[{"width":1200,"height":800,"url":"https:\/\/i0.wp.com\/www.reclamador.es\/blog\/wp-content\/uploads\/2019\/03\/aspectos-clave-de-la-financiacion-de-las-legaltech.jpg?fit=1200%2C800&ssl=1","type":"image\/jpeg"}],"author":"Equipo reclamador","twitter_card":"summary_large_image","twitter_creator":"@reclamador","twitter_site":"@reclamador","twitter_misc":{"Escrito por":"Equipo reclamador","Tiempo de lectura":"3 minutos"},"schema":{"@context":"https:\/\/schema.org","@graph":[{"@type":"Article","@id":"https:\/\/www.reclamador.es\/blog\/legaltech-reclaman-descongestion-justicia-elta\/#article","isPartOf":{"@id":"https:\/\/www.reclamador.es\/blog\/legaltech-reclaman-descongestion-justicia-elta\/"},"author":{"name":"Equipo reclamador","@id":"https:\/\/www.reclamador.es\/blog\/#\/schema\/person\/1ed83eef8b6566cb5e4c812d9bc5c4bf"},"headline":"Las Legaltech reclaman la descongesti\u00f3n de la Justicia","datePublished":"2019-03-29T09:52:02+00:00","dateModified":"2022-12-15T14:20:53+00:00","mainEntityOfPage":{"@id":"https:\/\/www.reclamador.es\/blog\/legaltech-reclaman-descongestion-justicia-elta\/"},"wordCount":539,"commentCount":0,"publisher":{"@id":"https:\/\/www.reclamador.es\/blog\/#organization"},"image":{"@id":"https:\/\/www.reclamador.es\/blog\/legaltech-reclaman-descongestion-justicia-elta\/#primaryimage"},"thumbnailUrl":"https:\/\/i0.wp.com\/www.reclamador.es\/blog\/wp-content\/uploads\/2019\/03\/aspectos-clave-de-la-financiacion-de-las-legaltech.jpg?fit=1200%2C800&ssl=1","keywords":["branding","evento"],"articleSection":["Noticias y actualidad"],"inLanguage":"es","potentialAction":[{"@type":"CommentAction","name":"Comment","target":["https:\/\/www.reclamador.es\/blog\/legaltech-reclaman-descongestion-justicia-elta\/#respond"]}]},{"@type":"WebPage","@id":"https:\/\/www.reclamador.es\/blog\/legaltech-reclaman-descongestion-justicia-elta\/","url":"https:\/\/www.reclamador.es\/blog\/legaltech-reclaman-descongestion-justicia-elta\/","name":"Jornada \"Aspectos clave de la financiaci\u00f3n de las Legaltech\"","isPartOf":{"@id":"https:\/\/www.reclamador.es\/blog\/#website"},"primaryImageOfPage":{"@id":"https:\/\/www.reclamador.es\/blog\/legaltech-reclaman-descongestion-justicia-elta\/#primaryimage"},"image":{"@id":"https:\/\/www.reclamador.es\/blog\/legaltech-reclaman-descongestion-justicia-elta\/#primaryimage"},"thumbnailUrl":"https:\/\/i0.wp.com\/www.reclamador.es\/blog\/wp-content\/uploads\/2019\/03\/aspectos-clave-de-la-financiacion-de-las-legaltech.jpg?fit=1200%2C800&ssl=1","datePublished":"2019-03-29T09:52:02+00:00","dateModified":"2022-12-15T14:20:53+00:00","description":"ELTA organiz\u00f3 el 28 de marzo el evento \"Aspectos clave de la financiaci\u00f3n de las Legaltech\" en que particip\u00f3 como ponente Pablo Rabanal, CEO de reclamador.","breadcrumb":{"@id":"https:\/\/www.reclamador.es\/blog\/legaltech-reclaman-descongestion-justicia-elta\/#breadcrumb"},"inLanguage":"es","potentialAction":[{"@type":"ReadAction","target":["https:\/\/www.reclamador.es\/blog\/legaltech-reclaman-descongestion-justicia-elta\/"]}]},{"@type":"ImageObject","inLanguage":"es","@id":"https:\/\/www.reclamador.es\/blog\/legaltech-reclaman-descongestion-justicia-elta\/#primaryimage","url":"https:\/\/i0.wp.com\/www.reclamador.es\/blog\/wp-content\/uploads\/2019\/03\/aspectos-clave-de-la-financiacion-de-las-legaltech.jpg?fit=1200%2C800&ssl=1","contentUrl":"https:\/\/i0.wp.com\/www.reclamador.es\/blog\/wp-content\/uploads\/2019\/03\/aspectos-clave-de-la-financiacion-de-las-legaltech.jpg?fit=1200%2C800&ssl=1","width":1200,"height":800,"caption":"Ponentes del evento Aspectos clave de la financiaci\u00f3n de las Legaltech"},{"@type":"BreadcrumbList","@id":"https:\/\/www.reclamador.es\/blog\/legaltech-reclaman-descongestion-justicia-elta\/#breadcrumb","itemListElement":[{"@type":"ListItem","position":1,"name":"Portada","item":"https:\/\/www.reclamador.es\/blog\/"},{"@type":"ListItem","position":2,"name":"Las Legaltech reclaman la descongesti\u00f3n de la Justicia"}]},{"@type":"WebSite","@id":"https:\/\/www.reclamador.es\/blog\/#website","url":"https:\/\/www.reclamador.es\/blog\/","name":"Rebeldes con causa, el blog de reclamador.es","description":"Noticias, entrevistas y consejos sobre reclamaciones","publisher":{"@id":"https:\/\/www.reclamador.es\/blog\/#organization"},"potentialAction":[{"@type":"SearchAction","target":{"@type":"EntryPoint","urlTemplate":"https:\/\/www.reclamador.es\/blog\/?s={search_term_string}"},"query-input":{"@type":"PropertyValueSpecification","valueRequired":true,"valueName":"search_term_string"}}],"inLanguage":"es"},{"@type":"Organization","@id":"https:\/\/www.reclamador.es\/blog\/#organization","name":"reclamador.es","url":"https:\/\/www.reclamador.es\/blog\/","logo":{"@type":"ImageObject","inLanguage":"es","@id":"https:\/\/www.reclamador.es\/blog\/#\/schema\/logo\/image\/","url":"https:\/\/i0.wp.com\/www.reclamador.es\/blog\/wp-content\/uploads\/2020\/01\/logo-reclamador.png?fit=1200%2C144&ssl=1","contentUrl":"https:\/\/i0.wp.com\/www.reclamador.es\/blog\/wp-content\/uploads\/2020\/01\/logo-reclamador.png?fit=1200%2C144&ssl=1","width":1200,"height":144,"caption":"reclamador.es"},"image":{"@id":"https:\/\/www.reclamador.es\/blog\/#\/schema\/logo\/image\/"},"sameAs":["https:\/\/www.facebook.com\/reclamador.es","https:\/\/x.com\/reclamador","https:\/\/www.instagram.com\/reclamador.es\/","https:\/\/www.linkedin.com\/company\/reclamador-es","https:\/\/www.youtube.com\/user\/Reclamadores"]},{"@type":"Person","@id":"https:\/\/www.reclamador.es\/blog\/#\/schema\/person\/1ed83eef8b6566cb5e4c812d9bc5c4bf","name":"Equipo reclamador","image":{"@type":"ImageObject","inLanguage":"es","@id":"https:\/\/secure.gravatar.com\/avatar\/6442ecdc2c4472c600c113f34d340feca47107d6aa4f42f1e3e75a2a8e28a760?s=96&d=mm&r=g","url":"https:\/\/secure.gravatar.com\/avatar\/6442ecdc2c4472c600c113f34d340feca47107d6aa4f42f1e3e75a2a8e28a760?s=96&d=mm&r=g","contentUrl":"https:\/\/secure.gravatar.com\/avatar\/6442ecdc2c4472c600c113f34d340feca47107d6aa4f42f1e3e75a2a8e28a760?s=96&d=mm&r=g","caption":"Equipo reclamador"},"description":"Las personas que hacen posible reclamador.es","url":"https:\/\/www.reclamador.es\/blog\/author\/administrador\/"}]}},"jetpack_featured_media_url":"https:\/\/i0.wp.com\/www.reclamador.es\/blog\/wp-content\/uploads\/2019\/03\/aspectos-clave-de-la-financiacion-de-las-legaltech.jpg?fit=1200%2C800&ssl=1","jetpack-related-posts":[{"id":19977,"url":"https:\/\/www.reclamador.es\/blog\/ironhack-jornada-legaltech-producto\/","url_meta":{"origin":21472,"position":0},"title":"Jornada \u201cLegaltech y Producto\u201d","author":"Equipo reclamador","date":"17 octubre, 2018","format":false,"excerpt":"Este martes, 16 de octubre, tuvo lugar la Jornada \u201cLegaltech y Producto\u201d, organizada conjuntamente entre Ironhack y reclamador.es en el espacio Matadero Madrid de la capital. Jornada \u201cLegaltech y Producto\u201d El evento, al que asistieron casi medio centenar de interesados en las nuevas tecnolog\u00edas y el sector legal, se centr\u00f3\u2026","rel":"","context":"En \u00abConoce todo lo que sucede en reclamador.es\u00bb","block_context":{"text":"Conoce todo lo que sucede en reclamador.es","link":"https:\/\/www.reclamador.es\/blog\/reclamadores\/"},"img":{"alt_text":"evento reclamador e ironhack Legaltech y Producto","src":"https:\/\/i0.wp.com\/www.reclamador.es\/blog\/wp-content\/uploads\/2018\/10\/marcelo-royan-evento-ironhack-reclamador.jpg?fit=1194%2C794&ssl=1&resize=350%2C200","width":350,"height":200,"srcset":"https:\/\/i0.wp.com\/www.reclamador.es\/blog\/wp-content\/uploads\/2018\/10\/marcelo-royan-evento-ironhack-reclamador.jpg?fit=1194%2C794&ssl=1&resize=350%2C200 1x, https:\/\/i0.wp.com\/www.reclamador.es\/blog\/wp-content\/uploads\/2018\/10\/marcelo-royan-evento-ironhack-reclamador.jpg?fit=1194%2C794&ssl=1&resize=525%2C300 1.5x, https:\/\/i0.wp.com\/www.reclamador.es\/blog\/wp-content\/uploads\/2018\/10\/marcelo-royan-evento-ironhack-reclamador.jpg?fit=1194%2C794&ssl=1&resize=700%2C400 2x, https:\/\/i0.wp.com\/www.reclamador.es\/blog\/wp-content\/uploads\/2018\/10\/marcelo-royan-evento-ironhack-reclamador.jpg?fit=1194%2C794&ssl=1&resize=1050%2C600 3x"},"classes":[]},{"id":21431,"url":"https:\/\/www.reclamador.es\/blog\/reclamador-premio-spanish-legaltech-awards-2019\/","url_meta":{"origin":21472,"position":1},"title":"reclamador.es, premio Mejor Ejecuci\u00f3n de Negocio en los &#8216;Spanish Legaltech Awards 2019&#8217;","author":"Equipo reclamador","date":"25 marzo, 2019","format":false,"excerpt":"\u00a1De nuevo estamos de enhorabuena! Hemos sido premiados como empresa con mejor ejecuci\u00f3n del modelo de negocio en la I Edici\u00f3n de \u201cSpanish Legaltech Awards 2019\u201d, unos galardones organizados por la consultora Finnovating, en el marco del evento \u201cLegaltech Unconference\u2019\u2019 el pasado 21 de marzo en Madrid. Como los propios\u2026","rel":"","context":"En \u00abConoce todo lo que sucede en reclamador.es\u00bb","block_context":{"text":"Conoce todo lo que sucede en reclamador.es","link":"https:\/\/www.reclamador.es\/blog\/reclamadores\/"},"img":{"alt_text":"","src":"https:\/\/i0.wp.com\/www.reclamador.es\/blog\/wp-content\/uploads\/2019\/03\/LegalTech-Awards-2019-reclamador-Pablo-Rabanal.jpg?fit=1200%2C799&ssl=1&resize=350%2C200","width":350,"height":200,"srcset":"https:\/\/i0.wp.com\/www.reclamador.es\/blog\/wp-content\/uploads\/2019\/03\/LegalTech-Awards-2019-reclamador-Pablo-Rabanal.jpg?fit=1200%2C799&ssl=1&resize=350%2C200 1x, https:\/\/i0.wp.com\/www.reclamador.es\/blog\/wp-content\/uploads\/2019\/03\/LegalTech-Awards-2019-reclamador-Pablo-Rabanal.jpg?fit=1200%2C799&ssl=1&resize=525%2C300 1.5x, https:\/\/i0.wp.com\/www.reclamador.es\/blog\/wp-content\/uploads\/2019\/03\/LegalTech-Awards-2019-reclamador-Pablo-Rabanal.jpg?fit=1200%2C799&ssl=1&resize=700%2C400 2x, https:\/\/i0.wp.com\/www.reclamador.es\/blog\/wp-content\/uploads\/2019\/03\/LegalTech-Awards-2019-reclamador-Pablo-Rabanal.jpg?fit=1200%2C799&ssl=1&resize=1050%2C600 3x"},"classes":[]},{"id":8229,"url":"https:\/\/www.reclamador.es\/blog\/pablo-rabanal-participa-congreso-legaltech\/","url_meta":{"origin":21472,"position":2},"title":"Pablo Rabanal: \u201ccontribuimos a dinamizar el sector legaltech en Espa\u00f1a y queremos ser un referente de ello\u201d","author":"Pablo Rabanal","date":"19 mayo, 2017","format":false,"excerpt":"Estamos haciendo accesible la justicia a golpe de click. Y as\u00ed lo expuse esta semana en el Congreso LegalTech y Startups Jur\u00eddicas\u00a0que se celebr\u00f3 en San Sebasti\u00e1n. Un encuentro en el que he podido compartir muchas experiencias con otros compa\u00f1eros del sector que tambi\u00e9n han entendido, como nosotros en reclamador.es,\u2026","rel":"","context":"En \u00abNoticias y actualidad\u00bb","block_context":{"text":"Noticias y actualidad","link":"https:\/\/www.reclamador.es\/blog\/noticias\/"},"img":{"alt_text":"","src":"https:\/\/i0.wp.com\/www.reclamador.es\/blog\/wp-content\/uploads\/2017\/05\/pablo-donosti-legaltech.png?fit=1200%2C800&ssl=1&resize=350%2C200","width":350,"height":200,"srcset":"https:\/\/i0.wp.com\/www.reclamador.es\/blog\/wp-content\/uploads\/2017\/05\/pablo-donosti-legaltech.png?fit=1200%2C800&ssl=1&resize=350%2C200 1x, https:\/\/i0.wp.com\/www.reclamador.es\/blog\/wp-content\/uploads\/2017\/05\/pablo-donosti-legaltech.png?fit=1200%2C800&ssl=1&resize=525%2C300 1.5x, https:\/\/i0.wp.com\/www.reclamador.es\/blog\/wp-content\/uploads\/2017\/05\/pablo-donosti-legaltech.png?fit=1200%2C800&ssl=1&resize=700%2C400 2x, https:\/\/i0.wp.com\/www.reclamador.es\/blog\/wp-content\/uploads\/2017\/05\/pablo-donosti-legaltech.png?fit=1200%2C800&ssl=1&resize=1050%2C600 3x"},"classes":[]},{"id":20303,"url":"https:\/\/www.reclamador.es\/blog\/pablo-rabanal-comision-justicia-del-senado\/","url_meta":{"origin":21472,"position":3},"title":"reclamador.es presenta en la Comisi\u00f3n de Justicia del Senado la realidad de los consumidores en los juzgados","author":"Equipo reclamador","date":"27 noviembre, 2018","format":false,"excerpt":"Pablo Rabanal, CEO de reclamador.es, present\u00f3 ayer, 26 de noviembre, en la Comisi\u00f3n de Justicia del Senado las reivindicaciones de nuestra compa\u00f1\u00eda respecto a las mejoras que debe asumir la justicia espa\u00f1ola para adaptarse a los cambios que demanda la sociedad. Esta ponencia se enmarc\u00f3 dentro de la presentaci\u00f3n de\u2026","rel":"","context":"En \u00abConoce todo lo que sucede en reclamador.es\u00bb","block_context":{"text":"Conoce todo lo que sucede en reclamador.es","link":"https:\/\/www.reclamador.es\/blog\/reclamadores\/"},"img":{"alt_text":"","src":"https:\/\/i0.wp.com\/www.reclamador.es\/blog\/wp-content\/uploads\/2018\/11\/reclamador.es-en-el-senado.jpg?fit=1200%2C637&ssl=1&resize=350%2C200","width":350,"height":200,"srcset":"https:\/\/i0.wp.com\/www.reclamador.es\/blog\/wp-content\/uploads\/2018\/11\/reclamador.es-en-el-senado.jpg?fit=1200%2C637&ssl=1&resize=350%2C200 1x, https:\/\/i0.wp.com\/www.reclamador.es\/blog\/wp-content\/uploads\/2018\/11\/reclamador.es-en-el-senado.jpg?fit=1200%2C637&ssl=1&resize=525%2C300 1.5x, https:\/\/i0.wp.com\/www.reclamador.es\/blog\/wp-content\/uploads\/2018\/11\/reclamador.es-en-el-senado.jpg?fit=1200%2C637&ssl=1&resize=700%2C400 2x, https:\/\/i0.wp.com\/www.reclamador.es\/blog\/wp-content\/uploads\/2018\/11\/reclamador.es-en-el-senado.jpg?fit=1200%2C637&ssl=1&resize=1050%2C600 3x"},"classes":[]},{"id":21018,"url":"https:\/\/www.reclamador.es\/blog\/presentacion-elta-icam\/","url_meta":{"origin":21472,"position":4},"title":"\u201cLa tecnolog\u00eda es una oportunidad que hay que aprovechar\u201d, Pablo Rabanal en la presentaci\u00f3n de ELTA en el ICAM","author":"Equipo reclamador","date":"8 febrero, 2019","format":false,"excerpt":"El cap\u00edtulo espa\u00f1ol de European Legal Tech Assosiation (ELTA) se present\u00f3 ayer en el ICAM (Ilustre Colegio de Abogados de Madrid) en la madrile\u00f1a calle de Serrano. En la cita estuvieron presentes m\u00e1s de una decena de miembros que forman esta asociaci\u00f3n en Espa\u00f1a. Entre ellos, reclamador.es de la mano\u2026","rel":"","context":"En \u00abConoce todo lo que sucede en reclamador.es\u00bb","block_context":{"text":"Conoce todo lo que sucede en reclamador.es","link":"https:\/\/www.reclamador.es\/blog\/reclamadores\/"},"img":{"alt_text":"presenta de ELTA en el ICAM","src":"https:\/\/i0.wp.com\/www.reclamador.es\/blog\/wp-content\/uploads\/2019\/02\/IMG_3560.jpg?fit=1200%2C800&ssl=1&resize=350%2C200","width":350,"height":200,"srcset":"https:\/\/i0.wp.com\/www.reclamador.es\/blog\/wp-content\/uploads\/2019\/02\/IMG_3560.jpg?fit=1200%2C800&ssl=1&resize=350%2C200 1x, https:\/\/i0.wp.com\/www.reclamador.es\/blog\/wp-content\/uploads\/2019\/02\/IMG_3560.jpg?fit=1200%2C800&ssl=1&resize=525%2C300 1.5x, https:\/\/i0.wp.com\/www.reclamador.es\/blog\/wp-content\/uploads\/2019\/02\/IMG_3560.jpg?fit=1200%2C800&ssl=1&resize=700%2C400 2x, https:\/\/i0.wp.com\/www.reclamador.es\/blog\/wp-content\/uploads\/2019\/02\/IMG_3560.jpg?fit=1200%2C800&ssl=1&resize=1050%2C600 3x"},"classes":[]},{"id":22921,"url":"https:\/\/www.reclamador.es\/blog\/reclamador-es-vuelve-a-south-summit\/","url_meta":{"origin":21472,"position":5},"title":"reclamador.es vuelve a South Summit, uno de los espacios de referencia para el emprendimiento en Madrid","author":"Cristina Naveda","date":"7 octubre, 2019","format":false,"excerpt":"Inteligencia artificial. Estas han sido las dos palabras m\u00e1s repetidas en la sexta edi\u00adci\u00f3n de South Summit, que cerr\u00f3 sus puertas La Nave, el pasado viernes en Madrid. Como hervidero de ideas y personas, se trata de la cita anual por excelencia que convierte a la capital durante cuatro d\u00edas\u2026","rel":"","context":"En \u00abConoce todo lo que sucede en reclamador.es\u00bb","block_context":{"text":"Conoce todo lo que sucede en reclamador.es","link":"https:\/\/www.reclamador.es\/blog\/reclamadores\/"},"img":{"alt_text":"reclamador South Summit2019","src":"https:\/\/i0.wp.com\/www.reclamador.es\/blog\/wp-content\/uploads\/2019\/10\/pablo-rabanal-SouthSummit2019_destacada.jpg?fit=800%2C419&ssl=1&resize=350%2C200","width":350,"height":200,"srcset":"https:\/\/i0.wp.com\/www.reclamador.es\/blog\/wp-content\/uploads\/2019\/10\/pablo-rabanal-SouthSummit2019_destacada.jpg?fit=800%2C419&ssl=1&resize=350%2C200 1x, https:\/\/i0.wp.com\/www.reclamador.es\/blog\/wp-content\/uploads\/2019\/10\/pablo-rabanal-SouthSummit2019_destacada.jpg?fit=800%2C419&ssl=1&resize=525%2C300 1.5x, https:\/\/i0.wp.com\/www.reclamador.es\/blog\/wp-content\/uploads\/2019\/10\/pablo-rabanal-SouthSummit2019_destacada.jpg?fit=800%2C419&ssl=1&resize=700%2C400 2x"},"classes":[]}],"jetpack_sharing_enabled":true,"_links":{"self":[{"href":"https:\/\/www.reclamador.es\/blog\/wp-json\/wp\/v2\/posts\/21472","targetHints":{"allow":["GET"]}}],"collection":[{"href":"https:\/\/www.reclamador.es\/blog\/wp-json\/wp\/v2\/posts"}],"about":[{"href":"https:\/\/www.reclamador.es\/blog\/wp-json\/wp\/v2\/types\/post"}],"author":[{"embeddable":true,"href":"https:\/\/www.reclamador.es\/blog\/wp-json\/wp\/v2\/users\/1"}],"replies":[{"embeddable":true,"href":"https:\/\/www.reclamador.es\/blog\/wp-json\/wp\/v2\/comments?post=21472"}],"version-history":[{"count":20,"href":"https:\/\/www.reclamador.es\/blog\/wp-json\/wp\/v2\/posts\/21472\/revisions"}],"predecessor-version":[{"id":30524,"href":"https:\/\/www.reclamador.es\/blog\/wp-json\/wp\/v2\/posts\/21472\/revisions\/30524"}],"wp:featuredmedia":[{"embeddable":true,"href":"https:\/\/www.reclamador.es\/blog\/wp-json\/wp\/v2\/media\/21473"}],"wp:attachment":[{"href":"https:\/\/www.reclamador.es\/blog\/wp-json\/wp\/v2\/media?parent=21472"}],"wp:term":[{"taxonomy":"category","embeddable":true,"href":"https:\/\/www.reclamador.es\/blog\/wp-json\/wp\/v2\/categories?post=21472"},{"taxonomy":"post_tag","embeddable":true,"href":"https:\/\/www.reclamador.es\/blog\/wp-json\/wp\/v2\/tags?post=21472"}],"curies":[{"name":"wp","href":"https:\/\/api.w.org\/{rel}","templated":true}]}}