{"id":21431,"date":"2019-03-25T13:14:11","date_gmt":"2019-03-25T12:14:11","guid":{"rendered":"https:\/\/www.reclamador.es\/blog\/?p=21431"},"modified":"2025-01-29T09:49:12","modified_gmt":"2025-01-29T08:49:12","slug":"reclamador-premio-spanish-legaltech-awards-2019","status":"publish","type":"post","link":"https:\/\/www.reclamador.es\/blog\/reclamador-premio-spanish-legaltech-awards-2019\/","title":{"rendered":"reclamador.es, premio Mejor Ejecuci\u00f3n de Negocio en los &#8216;Spanish Legaltech Awards 2019&#8217;"},"content":{"rendered":"<div class=\"ttr_start\"><\/div>\n\n<div class=\"kk-star-ratings kksr-auto kksr-align-right kksr-valign-top\"\n    data-payload='{&quot;align&quot;:&quot;right&quot;,&quot;id&quot;:&quot;21431&quot;,&quot;slug&quot;:&quot;default&quot;,&quot;valign&quot;:&quot;top&quot;,&quot;ignore&quot;:&quot;&quot;,&quot;reference&quot;:&quot;auto&quot;,&quot;class&quot;:&quot;&quot;,&quot;count&quot;:&quot;3&quot;,&quot;legendonly&quot;:&quot;&quot;,&quot;readonly&quot;:&quot;&quot;,&quot;score&quot;:&quot;5&quot;,&quot;starsonly&quot;:&quot;&quot;,&quot;best&quot;:&quot;5&quot;,&quot;gap&quot;:&quot;3&quot;,&quot;greet&quot;:&quot;Valora este art\u00edculo&quot;,&quot;legend&quot;:&quot;5\\\/5 - (3 votos)&quot;,&quot;size&quot;:&quot;20&quot;,&quot;title&quot;:&quot;reclamador.es, premio Mejor Ejecuci\u00f3n de Negocio en los \\u0026#039;Spanish Legaltech Awards 2019\\u0026#039;&quot;,&quot;width&quot;:&quot;113.5&quot;,&quot;_legend&quot;:&quot;{score}\\\/{best} - ({count} {votes})&quot;,&quot;font_factor&quot;:&quot;1.25&quot;}'>\n            \n<div class=\"kksr-stars\">\n    \n<div class=\"kksr-stars-inactive\">\n            <div class=\"kksr-star\" data-star=\"1\" style=\"padding-right: 3px\">\n            \n\n<div class=\"kksr-icon\" style=\"width: 20px; height: 20px;\"><\/div>\n        <\/div>\n            <div class=\"kksr-star\" data-star=\"2\" style=\"padding-right: 3px\">\n            \n\n<div class=\"kksr-icon\" style=\"width: 20px; height: 20px;\"><\/div>\n        <\/div>\n            <div class=\"kksr-star\" data-star=\"3\" style=\"padding-right: 3px\">\n            \n\n<div class=\"kksr-icon\" style=\"width: 20px; height: 20px;\"><\/div>\n        <\/div>\n            <div class=\"kksr-star\" data-star=\"4\" style=\"padding-right: 3px\">\n            \n\n<div class=\"kksr-icon\" style=\"width: 20px; height: 20px;\"><\/div>\n        <\/div>\n            <div class=\"kksr-star\" data-star=\"5\" style=\"padding-right: 3px\">\n            \n\n<div class=\"kksr-icon\" style=\"width: 20px; height: 20px;\"><\/div>\n        <\/div>\n    <\/div>\n    \n<div class=\"kksr-stars-active\" style=\"width: 113.5px;\">\n            <div class=\"kksr-star\" style=\"padding-right: 3px\">\n            \n\n<div class=\"kksr-icon\" style=\"width: 20px; height: 20px;\"><\/div>\n        <\/div>\n            <div class=\"kksr-star\" style=\"padding-right: 3px\">\n            \n\n<div class=\"kksr-icon\" style=\"width: 20px; height: 20px;\"><\/div>\n        <\/div>\n            <div class=\"kksr-star\" style=\"padding-right: 3px\">\n            \n\n<div class=\"kksr-icon\" style=\"width: 20px; height: 20px;\"><\/div>\n        <\/div>\n            <div class=\"kksr-star\" style=\"padding-right: 3px\">\n            \n\n<div class=\"kksr-icon\" style=\"width: 20px; height: 20px;\"><\/div>\n        <\/div>\n            <div class=\"kksr-star\" style=\"padding-right: 3px\">\n            \n\n<div class=\"kksr-icon\" style=\"width: 20px; height: 20px;\"><\/div>\n        <\/div>\n    <\/div>\n<\/div>\n                \n\n<div class=\"kksr-legend\" style=\"font-size: 16px;\">\n            5\/5 - (3 votos)    <\/div>\n    <\/div>\n<figure id=\"attachment_21432\" aria-describedby=\"caption-attachment-21432\" style=\"width: 1200px\" class=\"wp-caption aligncenter\"><img data-recalc-dims=\"1\" loading=\"lazy\" decoding=\"async\" class=\"wp-image-21432 size-full\" src=\"https:\/\/i0.wp.com\/www.reclamador.es\/blog\/wp-content\/uploads\/2019\/03\/LegalTech-Awards-2019-reclamador-Pablo-Rabanal.jpg?resize=1200%2C799&#038;ssl=1\" alt=\"\" width=\"1200\" height=\"799\" srcset=\"https:\/\/i0.wp.com\/www.reclamador.es\/blog\/wp-content\/uploads\/2019\/03\/LegalTech-Awards-2019-reclamador-Pablo-Rabanal.jpg?w=1200&amp;ssl=1 1200w, https:\/\/i0.wp.com\/www.reclamador.es\/blog\/wp-content\/uploads\/2019\/03\/LegalTech-Awards-2019-reclamador-Pablo-Rabanal.jpg?resize=150%2C100&amp;ssl=1 150w, https:\/\/i0.wp.com\/www.reclamador.es\/blog\/wp-content\/uploads\/2019\/03\/LegalTech-Awards-2019-reclamador-Pablo-Rabanal.jpg?resize=300%2C200&amp;ssl=1 300w, https:\/\/i0.wp.com\/www.reclamador.es\/blog\/wp-content\/uploads\/2019\/03\/LegalTech-Awards-2019-reclamador-Pablo-Rabanal.jpg?resize=768%2C511&amp;ssl=1 768w, https:\/\/i0.wp.com\/www.reclamador.es\/blog\/wp-content\/uploads\/2019\/03\/LegalTech-Awards-2019-reclamador-Pablo-Rabanal.jpg?resize=1024%2C682&amp;ssl=1 1024w\" sizes=\"auto, (max-width: 1000px) 100vw, 1000px\" \/><figcaption id=\"caption-attachment-21432\" class=\"wp-caption-text\"><em>Pablo Rabanal, CEO y fundador de reclamador.es (izq) recogiendo el premio de Empresa con mejor ejecuci\u00f3n del modelo de negocio en la I Edici\u00f3n de \u201cSpanish Legaltech Awards 2019\u201d, de la mano de \u00c1lvaro Gonz\u00e1lez, responsable del \u00e1rea legaltech de Finnovating.<\/em><\/figcaption><\/figure>\n<p><span style=\"font-weight: 400;\"><strong>\u00a1De nuevo estamos de enhorabuena!<\/strong> Hemos sido premiados como empresa con mejor ejecuci\u00f3n del modelo de negocio en la I Edici\u00f3n de <\/span><span style=\"font-weight: 400;\">\u201cSpanish Legaltech Awards 2019\u201d, unos galardones organizados por la consultora Finnovating, en el marco del evento <\/span><strong>\u201cLegaltech Unconference\u2019<\/strong><span style=\"font-weight: 400;\">\u2019 <\/span><span style=\"font-weight: 400;\">el pasado 21 de marzo en Madrid.<\/span><\/p>\n<p><span style=\"font-weight: 400;\">Como los propios organizadores explican, las unconference o conferencias son \u201cencuentros privados exclusivos\u201d que re\u00fanen a fundadores y CEOs para definir el futuro de un sector. En este caso, el Legaltech.<\/span><\/p>\n<p><span style=\"font-weight: 400;\">En ese sentido, la l\u00ednea de encuentros privados de Finnovating <\/span><span style=\"font-weight: 400;\">reuni\u00f3 la semana pasada en la capital a <strong>los 80 principales CEOs en Espa\u00f1a de compa\u00f1\u00edas LegalTech<\/strong>. Una jornada que sirvi\u00f3 para potenciar, adem\u00e1s, la innovaci\u00f3n y desarrollo en el sector Legaltech debatiendo retos, oportunidades y tendencias de sus distintas \u00e1reas: Digital Evidence, Management Software, Smart Contracts, Blockchain, Litigation Funding. <\/span><\/p>\n<p><span style=\"font-weight: 400;\">Adem\u00e1s de reclamador.es, representantes de importantes startups espa\u00f1olas como Signaturit, Lleida.net, Mail Certificado, Bounsel, Evicertia, etc\u00e9tera, acudieron a esta cita que tuvo como partners al Consejo General de la Abogac\u00eda Espa\u00f1ola, GMV, Hogan Lovells, Pinsent Masons y Utopicus.<\/span><\/p>\n<h2><strong>Legaltech Awards 2019<\/strong><\/h2>\n<p><span style=\"font-weight: 400;\">El reconocimiento a <\/span><span style=\"font-weight: 400;\">empresa con mejor ejecuci\u00f3n del modelo de negocio<\/span><span style=\"font-weight: 400;\"> fue recogido por nuestro CEO, Pablo Rabanal.\u00a0<\/span><span style=\"font-weight: 400;\">Se trata de un galard\u00f3n que reconoce la presencia de nuestra compa\u00f1\u00eda en el sector LegalTech espa\u00f1ol y del que estamos muy orgullosos. \u00a0<\/span><\/p>\n<figure id=\"attachment_21434\" aria-describedby=\"caption-attachment-21434\" style=\"width: 1200px\" class=\"wp-caption aligncenter\"><img data-recalc-dims=\"1\" loading=\"lazy\" decoding=\"async\" class=\"size-full wp-image-21434\" src=\"https:\/\/i0.wp.com\/www.reclamador.es\/blog\/wp-content\/uploads\/2019\/03\/LegalTech-Awards-2019-premiados-reclamados.jpg?resize=1200%2C799&#038;ssl=1\" alt=\"Premios Spanish Legaltech Awards 2019 reclamador\" width=\"1200\" height=\"799\" srcset=\"https:\/\/i0.wp.com\/www.reclamador.es\/blog\/wp-content\/uploads\/2019\/03\/LegalTech-Awards-2019-premiados-reclamados.jpg?w=1200&amp;ssl=1 1200w, https:\/\/i0.wp.com\/www.reclamador.es\/blog\/wp-content\/uploads\/2019\/03\/LegalTech-Awards-2019-premiados-reclamados.jpg?resize=150%2C100&amp;ssl=1 150w, https:\/\/i0.wp.com\/www.reclamador.es\/blog\/wp-content\/uploads\/2019\/03\/LegalTech-Awards-2019-premiados-reclamados.jpg?resize=300%2C200&amp;ssl=1 300w, https:\/\/i0.wp.com\/www.reclamador.es\/blog\/wp-content\/uploads\/2019\/03\/LegalTech-Awards-2019-premiados-reclamados.jpg?resize=768%2C511&amp;ssl=1 768w, https:\/\/i0.wp.com\/www.reclamador.es\/blog\/wp-content\/uploads\/2019\/03\/LegalTech-Awards-2019-premiados-reclamados.jpg?resize=1024%2C682&amp;ssl=1 1024w\" sizes=\"auto, (max-width: 1000px) 100vw, 1000px\" \/><figcaption id=\"caption-attachment-21434\" class=\"wp-caption-text\"><em>Premiados Spanish Legaltech Awards 2019<\/em><\/figcaption><\/figure>\n<p><span style=\"font-weight: 400;\">Este premio, junto a otros recientes que hemos conseguido en reclamador.es, como estar entre las <a href=\"https:\/\/www.reclamador.es\/blog\/resultados-facturacion-reclamador-2018\/\">250 empresas europeas que m\u00e1s r\u00e1pido crecen en Europa<\/a>, seg\u00fan el ranking \u201cFT 1000 \u2013 Europe\u2019s Fastest Growing Companies 2019\u201d, publicado en el diario Financial Times, son un importante reconocimiento al esfuerzo y trabajo que realizamos d\u00eda tras d\u00eda para cumplir nuestras metas y objetivos y defender los derechos de todos los clientes que conf\u00edan en reclamador.es.<\/span><\/p>\n<p><span style=\"font-weight: 400;\">Junto a reclamador.es, el resto de premiados en \u201cSpanish Legaltech Awards 2019\u201d<\/span> <span style=\"font-weight: 400;\">fueron Virginia Corona, de LexgoApp, en la categor\u00eda Mujer Emprendedora Legaltech; BiometricVox como startup m\u00e1s innovadora; Testamenta en la categor\u00eda de startup con m\u00e1s impacto social y Lawyou en la categor\u00eda de voto del p\u00fablico. <\/span><\/p>\n<h6 style=\"text-align: center;\"><strong><a href=\"#mc4wp-form-1 \">Suscr\u00edbete a nuestro bolet\u00edn semanal<\/a> si quieres que te sigamos informando.<\/strong><\/h6>\n<p>Si te ha gustado esta noticia, comp\u00e1rtela en tus redes sociales!<\/p>\n<p>\ud83d\ude09<\/p>\n<div class=\"ttr_end\"><\/div>","protected":false},"excerpt":{"rendered":"<p>\u00a1De nuevo estamos de enhorabuena! Hemos sido premiados como empresa con mejor ejecuci\u00f3n del modelo de negocio en la I Edici\u00f3n de \u201cSpanish Legaltech Awards 2019\u201d, unos galardones organizados por la consultora Finnovating, en el marco del evento \u201cLegaltech Unconference\u2019\u2019 el pasado 21 de marzo en Madrid. Como los propios organizadores explican, las unconference o [&hellip;]<\/p>\n","protected":false},"author":1,"featured_media":21432,"comment_status":"open","ping_status":"open","sticky":false,"template":"","format":"standard","meta":{"_acf_changed":false,"_genesis_hide_title":false,"_genesis_hide_breadcrumbs":false,"_genesis_hide_singular_image":false,"_genesis_hide_footer_widgets":false,"_genesis_custom_body_class":"","_genesis_custom_post_class":"","_genesis_layout":"","_jetpack_newsletter_access":"","_jetpack_dont_email_post_to_subs":false,"_jetpack_newsletter_tier_id":0,"_jetpack_memberships_contains_paywalled_content":false,"_jetpack_memberships_contains_paid_content":false,"footnotes":""},"categories":[396],"tags":[648,758,759],"class_list":{"0":"post-21431","1":"post","2":"type-post","3":"status-publish","4":"format-standard","5":"has-post-thumbnail","7":"category-reclamadores","8":"tag-branding","9":"tag-evento","10":"tag-premio","11":"entry"},"acf":[],"yoast_head":"<!-- This site is optimized with the Yoast SEO plugin v27.4 - https:\/\/yoast.com\/product\/yoast-seo-wordpress\/ -->\n<title>reclamador.es galardonado en los Spanish Legaltech Awards 2019<\/title>\n<meta name=\"description\" content=\"El 21\/03\/19 Pablo Rabanal, CEO de reclamador recogi\u00f3 el premio a nuestra compa\u00f1\u00eda como Mejor Ejecuci\u00f3n de Negocio en los &#039;Spanish Legaltech Awards 2019&#039;.\" \/>\n<meta name=\"robots\" content=\"index, follow, max-snippet:-1, max-image-preview:large, max-video-preview:-1\" \/>\n<link rel=\"canonical\" href=\"https:\/\/www.reclamador.es\/blog\/reclamador-premio-spanish-legaltech-awards-2019\/\" \/>\n<meta property=\"og:locale\" content=\"es_ES\" \/>\n<meta property=\"og:type\" content=\"article\" \/>\n<meta property=\"og:title\" content=\"reclamador.es galardonado en los Spanish Legaltech Awards 2019\" \/>\n<meta property=\"og:description\" content=\"El 21\/03\/19 Pablo Rabanal, CEO de reclamador recogi\u00f3 el premio a nuestra compa\u00f1\u00eda como Mejor Ejecuci\u00f3n de Negocio en los &#039;Spanish Legaltech Awards 2019&#039;.\" \/>\n<meta property=\"og:url\" content=\"https:\/\/www.reclamador.es\/blog\/reclamador-premio-spanish-legaltech-awards-2019\/\" \/>\n<meta property=\"og:site_name\" content=\"Rebeldes con causa, el blog de reclamador.es\" \/>\n<meta property=\"article:publisher\" content=\"https:\/\/www.facebook.com\/reclamador.es\" \/>\n<meta property=\"article:published_time\" content=\"2019-03-25T12:14:11+00:00\" \/>\n<meta property=\"article:modified_time\" content=\"2025-01-29T08:49:12+00:00\" \/>\n<meta property=\"og:image\" content=\"https:\/\/www.reclamador.es\/blog\/wp-content\/uploads\/2019\/03\/LegalTech-Awards-2019-reclamador-Pablo-Rabanal.jpg\" \/>\n\t<meta property=\"og:image:width\" content=\"1200\" \/>\n\t<meta property=\"og:image:height\" content=\"799\" \/>\n\t<meta property=\"og:image:type\" content=\"image\/jpeg\" \/>\n<meta name=\"author\" content=\"Equipo reclamador\" \/>\n<meta name=\"twitter:card\" content=\"summary_large_image\" \/>\n<meta name=\"twitter:creator\" content=\"@reclamador\" \/>\n<meta name=\"twitter:site\" content=\"@reclamador\" \/>\n<meta name=\"twitter:label1\" content=\"Escrito por\" \/>\n\t<meta name=\"twitter:data1\" content=\"Equipo reclamador\" \/>\n\t<meta name=\"twitter:label2\" content=\"Tiempo de lectura\" \/>\n\t<meta name=\"twitter:data2\" content=\"3 minutos\" \/>\n<script type=\"application\/ld+json\" class=\"yoast-schema-graph\">{\"@context\":\"https:\\\/\\\/schema.org\",\"@graph\":[{\"@type\":\"Article\",\"@id\":\"https:\\\/\\\/www.reclamador.es\\\/blog\\\/reclamador-premio-spanish-legaltech-awards-2019\\\/#article\",\"isPartOf\":{\"@id\":\"https:\\\/\\\/www.reclamador.es\\\/blog\\\/reclamador-premio-spanish-legaltech-awards-2019\\\/\"},\"author\":{\"name\":\"Equipo reclamador\",\"@id\":\"https:\\\/\\\/www.reclamador.es\\\/blog\\\/#\\\/schema\\\/person\\\/1ed83eef8b6566cb5e4c812d9bc5c4bf\"},\"headline\":\"reclamador.es, premio Mejor Ejecuci\u00f3n de Negocio en los &#8216;Spanish Legaltech Awards 2019&#8217;\",\"datePublished\":\"2019-03-25T12:14:11+00:00\",\"dateModified\":\"2025-01-29T08:49:12+00:00\",\"mainEntityOfPage\":{\"@id\":\"https:\\\/\\\/www.reclamador.es\\\/blog\\\/reclamador-premio-spanish-legaltech-awards-2019\\\/\"},\"wordCount\":465,\"commentCount\":1,\"publisher\":{\"@id\":\"https:\\\/\\\/www.reclamador.es\\\/blog\\\/#organization\"},\"image\":{\"@id\":\"https:\\\/\\\/www.reclamador.es\\\/blog\\\/reclamador-premio-spanish-legaltech-awards-2019\\\/#primaryimage\"},\"thumbnailUrl\":\"https:\\\/\\\/i0.wp.com\\\/www.reclamador.es\\\/blog\\\/wp-content\\\/uploads\\\/2019\\\/03\\\/LegalTech-Awards-2019-reclamador-Pablo-Rabanal.jpg?fit=1200%2C799&ssl=1\",\"keywords\":[\"branding\",\"evento\",\"premio\"],\"articleSection\":[\"Conoce todo lo que sucede en reclamador.es\"],\"inLanguage\":\"es\",\"potentialAction\":[{\"@type\":\"CommentAction\",\"name\":\"Comment\",\"target\":[\"https:\\\/\\\/www.reclamador.es\\\/blog\\\/reclamador-premio-spanish-legaltech-awards-2019\\\/#respond\"]}]},{\"@type\":\"WebPage\",\"@id\":\"https:\\\/\\\/www.reclamador.es\\\/blog\\\/reclamador-premio-spanish-legaltech-awards-2019\\\/\",\"url\":\"https:\\\/\\\/www.reclamador.es\\\/blog\\\/reclamador-premio-spanish-legaltech-awards-2019\\\/\",\"name\":\"reclamador.es galardonado en los Spanish Legaltech Awards 2019\",\"isPartOf\":{\"@id\":\"https:\\\/\\\/www.reclamador.es\\\/blog\\\/#website\"},\"primaryImageOfPage\":{\"@id\":\"https:\\\/\\\/www.reclamador.es\\\/blog\\\/reclamador-premio-spanish-legaltech-awards-2019\\\/#primaryimage\"},\"image\":{\"@id\":\"https:\\\/\\\/www.reclamador.es\\\/blog\\\/reclamador-premio-spanish-legaltech-awards-2019\\\/#primaryimage\"},\"thumbnailUrl\":\"https:\\\/\\\/i0.wp.com\\\/www.reclamador.es\\\/blog\\\/wp-content\\\/uploads\\\/2019\\\/03\\\/LegalTech-Awards-2019-reclamador-Pablo-Rabanal.jpg?fit=1200%2C799&ssl=1\",\"datePublished\":\"2019-03-25T12:14:11+00:00\",\"dateModified\":\"2025-01-29T08:49:12+00:00\",\"description\":\"El 21\\\/03\\\/19 Pablo Rabanal, CEO de reclamador recogi\u00f3 el premio a nuestra compa\u00f1\u00eda como Mejor Ejecuci\u00f3n de Negocio en los 'Spanish Legaltech Awards 2019'.\",\"breadcrumb\":{\"@id\":\"https:\\\/\\\/www.reclamador.es\\\/blog\\\/reclamador-premio-spanish-legaltech-awards-2019\\\/#breadcrumb\"},\"inLanguage\":\"es\",\"potentialAction\":[{\"@type\":\"ReadAction\",\"target\":[\"https:\\\/\\\/www.reclamador.es\\\/blog\\\/reclamador-premio-spanish-legaltech-awards-2019\\\/\"]}]},{\"@type\":\"ImageObject\",\"inLanguage\":\"es\",\"@id\":\"https:\\\/\\\/www.reclamador.es\\\/blog\\\/reclamador-premio-spanish-legaltech-awards-2019\\\/#primaryimage\",\"url\":\"https:\\\/\\\/i0.wp.com\\\/www.reclamador.es\\\/blog\\\/wp-content\\\/uploads\\\/2019\\\/03\\\/LegalTech-Awards-2019-reclamador-Pablo-Rabanal.jpg?fit=1200%2C799&ssl=1\",\"contentUrl\":\"https:\\\/\\\/i0.wp.com\\\/www.reclamador.es\\\/blog\\\/wp-content\\\/uploads\\\/2019\\\/03\\\/LegalTech-Awards-2019-reclamador-Pablo-Rabanal.jpg?fit=1200%2C799&ssl=1\",\"width\":1200,\"height\":799},{\"@type\":\"BreadcrumbList\",\"@id\":\"https:\\\/\\\/www.reclamador.es\\\/blog\\\/reclamador-premio-spanish-legaltech-awards-2019\\\/#breadcrumb\",\"itemListElement\":[{\"@type\":\"ListItem\",\"position\":1,\"name\":\"Portada\",\"item\":\"https:\\\/\\\/www.reclamador.es\\\/blog\\\/\"},{\"@type\":\"ListItem\",\"position\":2,\"name\":\"reclamador.es, premio Mejor Ejecuci\u00f3n de Negocio en los &#8216;Spanish Legaltech Awards 2019&#8217;\"}]},{\"@type\":\"WebSite\",\"@id\":\"https:\\\/\\\/www.reclamador.es\\\/blog\\\/#website\",\"url\":\"https:\\\/\\\/www.reclamador.es\\\/blog\\\/\",\"name\":\"Rebeldes con causa, el blog de reclamador.es\",\"description\":\"Noticias, entrevistas y consejos sobre reclamaciones\",\"publisher\":{\"@id\":\"https:\\\/\\\/www.reclamador.es\\\/blog\\\/#organization\"},\"potentialAction\":[{\"@type\":\"SearchAction\",\"target\":{\"@type\":\"EntryPoint\",\"urlTemplate\":\"https:\\\/\\\/www.reclamador.es\\\/blog\\\/?s={search_term_string}\"},\"query-input\":{\"@type\":\"PropertyValueSpecification\",\"valueRequired\":true,\"valueName\":\"search_term_string\"}}],\"inLanguage\":\"es\"},{\"@type\":\"Organization\",\"@id\":\"https:\\\/\\\/www.reclamador.es\\\/blog\\\/#organization\",\"name\":\"reclamador.es\",\"url\":\"https:\\\/\\\/www.reclamador.es\\\/blog\\\/\",\"logo\":{\"@type\":\"ImageObject\",\"inLanguage\":\"es\",\"@id\":\"https:\\\/\\\/www.reclamador.es\\\/blog\\\/#\\\/schema\\\/logo\\\/image\\\/\",\"url\":\"https:\\\/\\\/i0.wp.com\\\/www.reclamador.es\\\/blog\\\/wp-content\\\/uploads\\\/2020\\\/01\\\/logo-reclamador.png?fit=1200%2C144&ssl=1\",\"contentUrl\":\"https:\\\/\\\/i0.wp.com\\\/www.reclamador.es\\\/blog\\\/wp-content\\\/uploads\\\/2020\\\/01\\\/logo-reclamador.png?fit=1200%2C144&ssl=1\",\"width\":1200,\"height\":144,\"caption\":\"reclamador.es\"},\"image\":{\"@id\":\"https:\\\/\\\/www.reclamador.es\\\/blog\\\/#\\\/schema\\\/logo\\\/image\\\/\"},\"sameAs\":[\"https:\\\/\\\/www.facebook.com\\\/reclamador.es\",\"https:\\\/\\\/x.com\\\/reclamador\",\"https:\\\/\\\/www.instagram.com\\\/reclamador.es\\\/\",\"https:\\\/\\\/www.linkedin.com\\\/company\\\/reclamador-es\",\"https:\\\/\\\/www.youtube.com\\\/user\\\/Reclamadores\"]},{\"@type\":\"Person\",\"@id\":\"https:\\\/\\\/www.reclamador.es\\\/blog\\\/#\\\/schema\\\/person\\\/1ed83eef8b6566cb5e4c812d9bc5c4bf\",\"name\":\"Equipo reclamador\",\"image\":{\"@type\":\"ImageObject\",\"inLanguage\":\"es\",\"@id\":\"https:\\\/\\\/secure.gravatar.com\\\/avatar\\\/6442ecdc2c4472c600c113f34d340feca47107d6aa4f42f1e3e75a2a8e28a760?s=96&d=mm&r=g\",\"url\":\"https:\\\/\\\/secure.gravatar.com\\\/avatar\\\/6442ecdc2c4472c600c113f34d340feca47107d6aa4f42f1e3e75a2a8e28a760?s=96&d=mm&r=g\",\"contentUrl\":\"https:\\\/\\\/secure.gravatar.com\\\/avatar\\\/6442ecdc2c4472c600c113f34d340feca47107d6aa4f42f1e3e75a2a8e28a760?s=96&d=mm&r=g\",\"caption\":\"Equipo reclamador\"},\"description\":\"Las personas que hacen posible reclamador.es\",\"url\":\"https:\\\/\\\/www.reclamador.es\\\/blog\\\/author\\\/administrador\\\/\"}]}<\/script>\n<!-- \/ Yoast SEO plugin. -->","yoast_head_json":{"title":"reclamador.es galardonado en los Spanish Legaltech Awards 2019","description":"El 21\/03\/19 Pablo Rabanal, CEO de reclamador recogi\u00f3 el premio a nuestra compa\u00f1\u00eda como Mejor Ejecuci\u00f3n de Negocio en los 'Spanish Legaltech Awards 2019'.","robots":{"index":"index","follow":"follow","max-snippet":"max-snippet:-1","max-image-preview":"max-image-preview:large","max-video-preview":"max-video-preview:-1"},"canonical":"https:\/\/www.reclamador.es\/blog\/reclamador-premio-spanish-legaltech-awards-2019\/","og_locale":"es_ES","og_type":"article","og_title":"reclamador.es galardonado en los Spanish Legaltech Awards 2019","og_description":"El 21\/03\/19 Pablo Rabanal, CEO de reclamador recogi\u00f3 el premio a nuestra compa\u00f1\u00eda como Mejor Ejecuci\u00f3n de Negocio en los 'Spanish Legaltech Awards 2019'.","og_url":"https:\/\/www.reclamador.es\/blog\/reclamador-premio-spanish-legaltech-awards-2019\/","og_site_name":"Rebeldes con causa, el blog de reclamador.es","article_publisher":"https:\/\/www.facebook.com\/reclamador.es","article_published_time":"2019-03-25T12:14:11+00:00","article_modified_time":"2025-01-29T08:49:12+00:00","og_image":[{"width":1200,"height":799,"url":"https:\/\/www.reclamador.es\/blog\/wp-content\/uploads\/2019\/03\/LegalTech-Awards-2019-reclamador-Pablo-Rabanal.jpg","type":"image\/jpeg"}],"author":"Equipo reclamador","twitter_card":"summary_large_image","twitter_creator":"@reclamador","twitter_site":"@reclamador","twitter_misc":{"Escrito por":"Equipo reclamador","Tiempo de lectura":"3 minutos"},"schema":{"@context":"https:\/\/schema.org","@graph":[{"@type":"Article","@id":"https:\/\/www.reclamador.es\/blog\/reclamador-premio-spanish-legaltech-awards-2019\/#article","isPartOf":{"@id":"https:\/\/www.reclamador.es\/blog\/reclamador-premio-spanish-legaltech-awards-2019\/"},"author":{"name":"Equipo reclamador","@id":"https:\/\/www.reclamador.es\/blog\/#\/schema\/person\/1ed83eef8b6566cb5e4c812d9bc5c4bf"},"headline":"reclamador.es, premio Mejor Ejecuci\u00f3n de Negocio en los &#8216;Spanish Legaltech Awards 2019&#8217;","datePublished":"2019-03-25T12:14:11+00:00","dateModified":"2025-01-29T08:49:12+00:00","mainEntityOfPage":{"@id":"https:\/\/www.reclamador.es\/blog\/reclamador-premio-spanish-legaltech-awards-2019\/"},"wordCount":465,"commentCount":1,"publisher":{"@id":"https:\/\/www.reclamador.es\/blog\/#organization"},"image":{"@id":"https:\/\/www.reclamador.es\/blog\/reclamador-premio-spanish-legaltech-awards-2019\/#primaryimage"},"thumbnailUrl":"https:\/\/i0.wp.com\/www.reclamador.es\/blog\/wp-content\/uploads\/2019\/03\/LegalTech-Awards-2019-reclamador-Pablo-Rabanal.jpg?fit=1200%2C799&ssl=1","keywords":["branding","evento","premio"],"articleSection":["Conoce todo lo que sucede en reclamador.es"],"inLanguage":"es","potentialAction":[{"@type":"CommentAction","name":"Comment","target":["https:\/\/www.reclamador.es\/blog\/reclamador-premio-spanish-legaltech-awards-2019\/#respond"]}]},{"@type":"WebPage","@id":"https:\/\/www.reclamador.es\/blog\/reclamador-premio-spanish-legaltech-awards-2019\/","url":"https:\/\/www.reclamador.es\/blog\/reclamador-premio-spanish-legaltech-awards-2019\/","name":"reclamador.es galardonado en los Spanish Legaltech Awards 2019","isPartOf":{"@id":"https:\/\/www.reclamador.es\/blog\/#website"},"primaryImageOfPage":{"@id":"https:\/\/www.reclamador.es\/blog\/reclamador-premio-spanish-legaltech-awards-2019\/#primaryimage"},"image":{"@id":"https:\/\/www.reclamador.es\/blog\/reclamador-premio-spanish-legaltech-awards-2019\/#primaryimage"},"thumbnailUrl":"https:\/\/i0.wp.com\/www.reclamador.es\/blog\/wp-content\/uploads\/2019\/03\/LegalTech-Awards-2019-reclamador-Pablo-Rabanal.jpg?fit=1200%2C799&ssl=1","datePublished":"2019-03-25T12:14:11+00:00","dateModified":"2025-01-29T08:49:12+00:00","description":"El 21\/03\/19 Pablo Rabanal, CEO de reclamador recogi\u00f3 el premio a nuestra compa\u00f1\u00eda como Mejor Ejecuci\u00f3n de Negocio en los 'Spanish Legaltech Awards 2019'.","breadcrumb":{"@id":"https:\/\/www.reclamador.es\/blog\/reclamador-premio-spanish-legaltech-awards-2019\/#breadcrumb"},"inLanguage":"es","potentialAction":[{"@type":"ReadAction","target":["https:\/\/www.reclamador.es\/blog\/reclamador-premio-spanish-legaltech-awards-2019\/"]}]},{"@type":"ImageObject","inLanguage":"es","@id":"https:\/\/www.reclamador.es\/blog\/reclamador-premio-spanish-legaltech-awards-2019\/#primaryimage","url":"https:\/\/i0.wp.com\/www.reclamador.es\/blog\/wp-content\/uploads\/2019\/03\/LegalTech-Awards-2019-reclamador-Pablo-Rabanal.jpg?fit=1200%2C799&ssl=1","contentUrl":"https:\/\/i0.wp.com\/www.reclamador.es\/blog\/wp-content\/uploads\/2019\/03\/LegalTech-Awards-2019-reclamador-Pablo-Rabanal.jpg?fit=1200%2C799&ssl=1","width":1200,"height":799},{"@type":"BreadcrumbList","@id":"https:\/\/www.reclamador.es\/blog\/reclamador-premio-spanish-legaltech-awards-2019\/#breadcrumb","itemListElement":[{"@type":"ListItem","position":1,"name":"Portada","item":"https:\/\/www.reclamador.es\/blog\/"},{"@type":"ListItem","position":2,"name":"reclamador.es, premio Mejor Ejecuci\u00f3n de Negocio en los &#8216;Spanish Legaltech Awards 2019&#8217;"}]},{"@type":"WebSite","@id":"https:\/\/www.reclamador.es\/blog\/#website","url":"https:\/\/www.reclamador.es\/blog\/","name":"Rebeldes con causa, el blog de reclamador.es","description":"Noticias, entrevistas y consejos sobre reclamaciones","publisher":{"@id":"https:\/\/www.reclamador.es\/blog\/#organization"},"potentialAction":[{"@type":"SearchAction","target":{"@type":"EntryPoint","urlTemplate":"https:\/\/www.reclamador.es\/blog\/?s={search_term_string}"},"query-input":{"@type":"PropertyValueSpecification","valueRequired":true,"valueName":"search_term_string"}}],"inLanguage":"es"},{"@type":"Organization","@id":"https:\/\/www.reclamador.es\/blog\/#organization","name":"reclamador.es","url":"https:\/\/www.reclamador.es\/blog\/","logo":{"@type":"ImageObject","inLanguage":"es","@id":"https:\/\/www.reclamador.es\/blog\/#\/schema\/logo\/image\/","url":"https:\/\/i0.wp.com\/www.reclamador.es\/blog\/wp-content\/uploads\/2020\/01\/logo-reclamador.png?fit=1200%2C144&ssl=1","contentUrl":"https:\/\/i0.wp.com\/www.reclamador.es\/blog\/wp-content\/uploads\/2020\/01\/logo-reclamador.png?fit=1200%2C144&ssl=1","width":1200,"height":144,"caption":"reclamador.es"},"image":{"@id":"https:\/\/www.reclamador.es\/blog\/#\/schema\/logo\/image\/"},"sameAs":["https:\/\/www.facebook.com\/reclamador.es","https:\/\/x.com\/reclamador","https:\/\/www.instagram.com\/reclamador.es\/","https:\/\/www.linkedin.com\/company\/reclamador-es","https:\/\/www.youtube.com\/user\/Reclamadores"]},{"@type":"Person","@id":"https:\/\/www.reclamador.es\/blog\/#\/schema\/person\/1ed83eef8b6566cb5e4c812d9bc5c4bf","name":"Equipo reclamador","image":{"@type":"ImageObject","inLanguage":"es","@id":"https:\/\/secure.gravatar.com\/avatar\/6442ecdc2c4472c600c113f34d340feca47107d6aa4f42f1e3e75a2a8e28a760?s=96&d=mm&r=g","url":"https:\/\/secure.gravatar.com\/avatar\/6442ecdc2c4472c600c113f34d340feca47107d6aa4f42f1e3e75a2a8e28a760?s=96&d=mm&r=g","contentUrl":"https:\/\/secure.gravatar.com\/avatar\/6442ecdc2c4472c600c113f34d340feca47107d6aa4f42f1e3e75a2a8e28a760?s=96&d=mm&r=g","caption":"Equipo reclamador"},"description":"Las personas que hacen posible reclamador.es","url":"https:\/\/www.reclamador.es\/blog\/author\/administrador\/"}]}},"jetpack_featured_media_url":"https:\/\/i0.wp.com\/www.reclamador.es\/blog\/wp-content\/uploads\/2019\/03\/LegalTech-Awards-2019-reclamador-Pablo-Rabanal.jpg?fit=1200%2C799&ssl=1","jetpack-related-posts":[{"id":19977,"url":"https:\/\/www.reclamador.es\/blog\/ironhack-jornada-legaltech-producto\/","url_meta":{"origin":21431,"position":0},"title":"Jornada \u201cLegaltech y Producto\u201d","author":"Equipo reclamador","date":"17 octubre, 2018","format":false,"excerpt":"Este martes, 16 de octubre, tuvo lugar la Jornada \u201cLegaltech y Producto\u201d, organizada conjuntamente entre Ironhack y reclamador.es en el espacio Matadero Madrid de la capital. Jornada \u201cLegaltech y Producto\u201d El evento, al que asistieron casi medio centenar de interesados en las nuevas tecnolog\u00edas y el sector legal, se centr\u00f3\u2026","rel":"","context":"En \u00abConoce todo lo que sucede en reclamador.es\u00bb","block_context":{"text":"Conoce todo lo que sucede en reclamador.es","link":"https:\/\/www.reclamador.es\/blog\/reclamadores\/"},"img":{"alt_text":"evento reclamador e ironhack Legaltech y Producto","src":"https:\/\/i0.wp.com\/www.reclamador.es\/blog\/wp-content\/uploads\/2018\/10\/marcelo-royan-evento-ironhack-reclamador.jpg?fit=1194%2C794&ssl=1&resize=350%2C200","width":350,"height":200,"srcset":"https:\/\/i0.wp.com\/www.reclamador.es\/blog\/wp-content\/uploads\/2018\/10\/marcelo-royan-evento-ironhack-reclamador.jpg?fit=1194%2C794&ssl=1&resize=350%2C200 1x, https:\/\/i0.wp.com\/www.reclamador.es\/blog\/wp-content\/uploads\/2018\/10\/marcelo-royan-evento-ironhack-reclamador.jpg?fit=1194%2C794&ssl=1&resize=525%2C300 1.5x, https:\/\/i0.wp.com\/www.reclamador.es\/blog\/wp-content\/uploads\/2018\/10\/marcelo-royan-evento-ironhack-reclamador.jpg?fit=1194%2C794&ssl=1&resize=700%2C400 2x, https:\/\/i0.wp.com\/www.reclamador.es\/blog\/wp-content\/uploads\/2018\/10\/marcelo-royan-evento-ironhack-reclamador.jpg?fit=1194%2C794&ssl=1&resize=1050%2C600 3x"},"classes":[]},{"id":21472,"url":"https:\/\/www.reclamador.es\/blog\/legaltech-reclaman-descongestion-justicia-elta\/","url_meta":{"origin":21431,"position":1},"title":"Las Legaltech reclaman la descongesti\u00f3n de la Justicia","author":"Equipo reclamador","date":"29 marzo, 2019","format":false,"excerpt":"Las empresas legaltech m\u00e1s potentes de Espa\u00f1a se han reunido esta semana en Madrid para reclamar la descongesti\u00f3n de la Justicia adem\u00e1s de abordar uno de los aspectos esenciales a la hora de desarrollar una legaltech: la financiaci\u00f3n. La Asociaci\u00f3n Europea de LegalTech (ELTA), de la que reclamador.es forma parte,\u2026","rel":"","context":"En \u00abNoticias y actualidad\u00bb","block_context":{"text":"Noticias y actualidad","link":"https:\/\/www.reclamador.es\/blog\/noticias\/"},"img":{"alt_text":"ELTA reclamador Financiacion Legaltech","src":"https:\/\/i0.wp.com\/www.reclamador.es\/blog\/wp-content\/uploads\/2019\/03\/aspectos-clave-de-la-financiacion-de-las-legaltech.jpg?fit=1200%2C800&ssl=1&resize=350%2C200","width":350,"height":200,"srcset":"https:\/\/i0.wp.com\/www.reclamador.es\/blog\/wp-content\/uploads\/2019\/03\/aspectos-clave-de-la-financiacion-de-las-legaltech.jpg?fit=1200%2C800&ssl=1&resize=350%2C200 1x, https:\/\/i0.wp.com\/www.reclamador.es\/blog\/wp-content\/uploads\/2019\/03\/aspectos-clave-de-la-financiacion-de-las-legaltech.jpg?fit=1200%2C800&ssl=1&resize=525%2C300 1.5x, https:\/\/i0.wp.com\/www.reclamador.es\/blog\/wp-content\/uploads\/2019\/03\/aspectos-clave-de-la-financiacion-de-las-legaltech.jpg?fit=1200%2C800&ssl=1&resize=700%2C400 2x, https:\/\/i0.wp.com\/www.reclamador.es\/blog\/wp-content\/uploads\/2019\/03\/aspectos-clave-de-la-financiacion-de-las-legaltech.jpg?fit=1200%2C800&ssl=1&resize=1050%2C600 3x"},"classes":[]},{"id":8229,"url":"https:\/\/www.reclamador.es\/blog\/pablo-rabanal-participa-congreso-legaltech\/","url_meta":{"origin":21431,"position":2},"title":"Pablo Rabanal: \u201ccontribuimos a dinamizar el sector legaltech en Espa\u00f1a y queremos ser un referente de ello\u201d","author":"Pablo Rabanal","date":"19 mayo, 2017","format":false,"excerpt":"Estamos haciendo accesible la justicia a golpe de click. Y as\u00ed lo expuse esta semana en el Congreso LegalTech y Startups Jur\u00eddicas\u00a0que se celebr\u00f3 en San Sebasti\u00e1n. Un encuentro en el que he podido compartir muchas experiencias con otros compa\u00f1eros del sector que tambi\u00e9n han entendido, como nosotros en reclamador.es,\u2026","rel":"","context":"En \u00abNoticias y actualidad\u00bb","block_context":{"text":"Noticias y actualidad","link":"https:\/\/www.reclamador.es\/blog\/noticias\/"},"img":{"alt_text":"","src":"https:\/\/i0.wp.com\/www.reclamador.es\/blog\/wp-content\/uploads\/2017\/05\/pablo-donosti-legaltech.png?fit=1200%2C800&ssl=1&resize=350%2C200","width":350,"height":200,"srcset":"https:\/\/i0.wp.com\/www.reclamador.es\/blog\/wp-content\/uploads\/2017\/05\/pablo-donosti-legaltech.png?fit=1200%2C800&ssl=1&resize=350%2C200 1x, https:\/\/i0.wp.com\/www.reclamador.es\/blog\/wp-content\/uploads\/2017\/05\/pablo-donosti-legaltech.png?fit=1200%2C800&ssl=1&resize=525%2C300 1.5x, https:\/\/i0.wp.com\/www.reclamador.es\/blog\/wp-content\/uploads\/2017\/05\/pablo-donosti-legaltech.png?fit=1200%2C800&ssl=1&resize=700%2C400 2x, https:\/\/i0.wp.com\/www.reclamador.es\/blog\/wp-content\/uploads\/2017\/05\/pablo-donosti-legaltech.png?fit=1200%2C800&ssl=1&resize=1050%2C600 3x"},"classes":[]},{"id":30288,"url":"https:\/\/www.reclamador.es\/blog\/aniversario-cumplimos-10-anos-defendiendo-los-derechos-de-los-consumidores\/","url_meta":{"origin":21431,"position":3},"title":"\u00a1Estamos de aniversario! Cumplimos 10 a\u00f1os defendiendo los derechos de los consumidores","author":"Equipo reclamador","date":"18 octubre, 2022","format":false,"excerpt":"2012-2022. 10 a\u00f1os han pasado desde que Pablo Rabanal fund\u00f3 nuestra empresa. El actual CEO de la compa\u00f1\u00eda, apost\u00f3 entonces por un modelo totalmente innovador y con apenas 4 personas trabajando sac\u00f3 adelante esta legaltech que, a d\u00eda de hoy, se ha convertido en un referente en el sector de\u2026","rel":"","context":"En \u00abConoce todo lo que sucede en reclamador.es\u00bb","block_context":{"text":"Conoce todo lo que sucede en reclamador.es","link":"https:\/\/www.reclamador.es\/blog\/reclamadores\/"},"img":{"alt_text":"10 a\u00f1os de reclamador.es","src":"https:\/\/i0.wp.com\/www.reclamador.es\/blog\/wp-content\/uploads\/2022\/10\/blog-1200x675-reclamador-aniversario.jpg?fit=1200%2C675&ssl=1&resize=350%2C200","width":350,"height":200,"srcset":"https:\/\/i0.wp.com\/www.reclamador.es\/blog\/wp-content\/uploads\/2022\/10\/blog-1200x675-reclamador-aniversario.jpg?fit=1200%2C675&ssl=1&resize=350%2C200 1x, https:\/\/i0.wp.com\/www.reclamador.es\/blog\/wp-content\/uploads\/2022\/10\/blog-1200x675-reclamador-aniversario.jpg?fit=1200%2C675&ssl=1&resize=525%2C300 1.5x, https:\/\/i0.wp.com\/www.reclamador.es\/blog\/wp-content\/uploads\/2022\/10\/blog-1200x675-reclamador-aniversario.jpg?fit=1200%2C675&ssl=1&resize=700%2C400 2x, https:\/\/i0.wp.com\/www.reclamador.es\/blog\/wp-content\/uploads\/2022\/10\/blog-1200x675-reclamador-aniversario.jpg?fit=1200%2C675&ssl=1&resize=1050%2C600 3x"},"classes":[]},{"id":20303,"url":"https:\/\/www.reclamador.es\/blog\/pablo-rabanal-comision-justicia-del-senado\/","url_meta":{"origin":21431,"position":4},"title":"reclamador.es presenta en la Comisi\u00f3n de Justicia del Senado la realidad de los consumidores en los juzgados","author":"Equipo reclamador","date":"27 noviembre, 2018","format":false,"excerpt":"Pablo Rabanal, CEO de reclamador.es, present\u00f3 ayer, 26 de noviembre, en la Comisi\u00f3n de Justicia del Senado las reivindicaciones de nuestra compa\u00f1\u00eda respecto a las mejoras que debe asumir la justicia espa\u00f1ola para adaptarse a los cambios que demanda la sociedad. Esta ponencia se enmarc\u00f3 dentro de la presentaci\u00f3n de\u2026","rel":"","context":"En \u00abConoce todo lo que sucede en reclamador.es\u00bb","block_context":{"text":"Conoce todo lo que sucede en reclamador.es","link":"https:\/\/www.reclamador.es\/blog\/reclamadores\/"},"img":{"alt_text":"","src":"https:\/\/i0.wp.com\/www.reclamador.es\/blog\/wp-content\/uploads\/2018\/11\/reclamador.es-en-el-senado.jpg?fit=1200%2C637&ssl=1&resize=350%2C200","width":350,"height":200,"srcset":"https:\/\/i0.wp.com\/www.reclamador.es\/blog\/wp-content\/uploads\/2018\/11\/reclamador.es-en-el-senado.jpg?fit=1200%2C637&ssl=1&resize=350%2C200 1x, https:\/\/i0.wp.com\/www.reclamador.es\/blog\/wp-content\/uploads\/2018\/11\/reclamador.es-en-el-senado.jpg?fit=1200%2C637&ssl=1&resize=525%2C300 1.5x, https:\/\/i0.wp.com\/www.reclamador.es\/blog\/wp-content\/uploads\/2018\/11\/reclamador.es-en-el-senado.jpg?fit=1200%2C637&ssl=1&resize=700%2C400 2x, https:\/\/i0.wp.com\/www.reclamador.es\/blog\/wp-content\/uploads\/2018\/11\/reclamador.es-en-el-senado.jpg?fit=1200%2C637&ssl=1&resize=1050%2C600 3x"},"classes":[]},{"id":21018,"url":"https:\/\/www.reclamador.es\/blog\/presentacion-elta-icam\/","url_meta":{"origin":21431,"position":5},"title":"\u201cLa tecnolog\u00eda es una oportunidad que hay que aprovechar\u201d, Pablo Rabanal en la presentaci\u00f3n de ELTA en el ICAM","author":"Equipo reclamador","date":"8 febrero, 2019","format":false,"excerpt":"El cap\u00edtulo espa\u00f1ol de European Legal Tech Assosiation (ELTA) se present\u00f3 ayer en el ICAM (Ilustre Colegio de Abogados de Madrid) en la madrile\u00f1a calle de Serrano. En la cita estuvieron presentes m\u00e1s de una decena de miembros que forman esta asociaci\u00f3n en Espa\u00f1a. Entre ellos, reclamador.es de la mano\u2026","rel":"","context":"En \u00abConoce todo lo que sucede en reclamador.es\u00bb","block_context":{"text":"Conoce todo lo que sucede en reclamador.es","link":"https:\/\/www.reclamador.es\/blog\/reclamadores\/"},"img":{"alt_text":"presenta de ELTA en el ICAM","src":"https:\/\/i0.wp.com\/www.reclamador.es\/blog\/wp-content\/uploads\/2019\/02\/IMG_3560.jpg?fit=1200%2C800&ssl=1&resize=350%2C200","width":350,"height":200,"srcset":"https:\/\/i0.wp.com\/www.reclamador.es\/blog\/wp-content\/uploads\/2019\/02\/IMG_3560.jpg?fit=1200%2C800&ssl=1&resize=350%2C200 1x, https:\/\/i0.wp.com\/www.reclamador.es\/blog\/wp-content\/uploads\/2019\/02\/IMG_3560.jpg?fit=1200%2C800&ssl=1&resize=525%2C300 1.5x, https:\/\/i0.wp.com\/www.reclamador.es\/blog\/wp-content\/uploads\/2019\/02\/IMG_3560.jpg?fit=1200%2C800&ssl=1&resize=700%2C400 2x, https:\/\/i0.wp.com\/www.reclamador.es\/blog\/wp-content\/uploads\/2019\/02\/IMG_3560.jpg?fit=1200%2C800&ssl=1&resize=1050%2C600 3x"},"classes":[]}],"jetpack_sharing_enabled":true,"_links":{"self":[{"href":"https:\/\/www.reclamador.es\/blog\/wp-json\/wp\/v2\/posts\/21431","targetHints":{"allow":["GET"]}}],"collection":[{"href":"https:\/\/www.reclamador.es\/blog\/wp-json\/wp\/v2\/posts"}],"about":[{"href":"https:\/\/www.reclamador.es\/blog\/wp-json\/wp\/v2\/types\/post"}],"author":[{"embeddable":true,"href":"https:\/\/www.reclamador.es\/blog\/wp-json\/wp\/v2\/users\/1"}],"replies":[{"embeddable":true,"href":"https:\/\/www.reclamador.es\/blog\/wp-json\/wp\/v2\/comments?post=21431"}],"version-history":[{"count":6,"href":"https:\/\/www.reclamador.es\/blog\/wp-json\/wp\/v2\/posts\/21431\/revisions"}],"predecessor-version":[{"id":33642,"href":"https:\/\/www.reclamador.es\/blog\/wp-json\/wp\/v2\/posts\/21431\/revisions\/33642"}],"wp:featuredmedia":[{"embeddable":true,"href":"https:\/\/www.reclamador.es\/blog\/wp-json\/wp\/v2\/media\/21432"}],"wp:attachment":[{"href":"https:\/\/www.reclamador.es\/blog\/wp-json\/wp\/v2\/media?parent=21431"}],"wp:term":[{"taxonomy":"category","embeddable":true,"href":"https:\/\/www.reclamador.es\/blog\/wp-json\/wp\/v2\/categories?post=21431"},{"taxonomy":"post_tag","embeddable":true,"href":"https:\/\/www.reclamador.es\/blog\/wp-json\/wp\/v2\/tags?post=21431"}],"curies":[{"name":"wp","href":"https:\/\/api.w.org\/{rel}","templated":true}]}}