{"id":21422,"date":"2019-03-22T11:40:46","date_gmt":"2019-03-22T10:40:46","guid":{"rendered":"https:\/\/www.reclamador.es\/blog\/?p=21422"},"modified":"2025-04-01T19:37:51","modified_gmt":"2025-04-01T17:37:51","slug":"tipos-contrato-trabajo","status":"publish","type":"post","link":"https:\/\/www.reclamador.es\/blog\/tipos-contrato-trabajo\/","title":{"rendered":"Estos son los tipos de contrato de trabajo que existen en Espa\u00f1a"},"content":{"rendered":"<div class=\"ttr_start\"><\/div>\n\n<div class=\"kk-star-ratings kksr-auto kksr-align-right kksr-valign-top\"\n    data-payload='{&quot;align&quot;:&quot;right&quot;,&quot;id&quot;:&quot;21422&quot;,&quot;slug&quot;:&quot;default&quot;,&quot;valign&quot;:&quot;top&quot;,&quot;ignore&quot;:&quot;&quot;,&quot;reference&quot;:&quot;auto&quot;,&quot;class&quot;:&quot;&quot;,&quot;count&quot;:&quot;363&quot;,&quot;legendonly&quot;:&quot;&quot;,&quot;readonly&quot;:&quot;&quot;,&quot;score&quot;:&quot;4.7&quot;,&quot;starsonly&quot;:&quot;&quot;,&quot;best&quot;:&quot;5&quot;,&quot;gap&quot;:&quot;3&quot;,&quot;greet&quot;:&quot;Valora este art\u00edculo&quot;,&quot;legend&quot;:&quot;4.7\\\/5 - (363 votos)&quot;,&quot;size&quot;:&quot;20&quot;,&quot;title&quot;:&quot;Estos son los tipos de contrato de trabajo que existen en Espa\u00f1a&quot;,&quot;width&quot;:&quot;106.6&quot;,&quot;_legend&quot;:&quot;{score}\\\/{best} - ({count} {votes})&quot;,&quot;font_factor&quot;:&quot;1.25&quot;}'>\n            \n<div class=\"kksr-stars\">\n    \n<div class=\"kksr-stars-inactive\">\n            <div class=\"kksr-star\" data-star=\"1\" style=\"padding-right: 3px\">\n            \n\n<div class=\"kksr-icon\" style=\"width: 20px; height: 20px;\"><\/div>\n        <\/div>\n            <div class=\"kksr-star\" data-star=\"2\" style=\"padding-right: 3px\">\n            \n\n<div class=\"kksr-icon\" style=\"width: 20px; height: 20px;\"><\/div>\n        <\/div>\n            <div class=\"kksr-star\" data-star=\"3\" style=\"padding-right: 3px\">\n            \n\n<div class=\"kksr-icon\" style=\"width: 20px; height: 20px;\"><\/div>\n        <\/div>\n            <div class=\"kksr-star\" data-star=\"4\" style=\"padding-right: 3px\">\n            \n\n<div class=\"kksr-icon\" style=\"width: 20px; height: 20px;\"><\/div>\n        <\/div>\n            <div class=\"kksr-star\" data-star=\"5\" style=\"padding-right: 3px\">\n            \n\n<div class=\"kksr-icon\" style=\"width: 20px; height: 20px;\"><\/div>\n        <\/div>\n    <\/div>\n    \n<div class=\"kksr-stars-active\" style=\"width: 106.6px;\">\n            <div class=\"kksr-star\" style=\"padding-right: 3px\">\n            \n\n<div class=\"kksr-icon\" style=\"width: 20px; height: 20px;\"><\/div>\n        <\/div>\n            <div class=\"kksr-star\" style=\"padding-right: 3px\">\n            \n\n<div class=\"kksr-icon\" style=\"width: 20px; height: 20px;\"><\/div>\n        <\/div>\n            <div class=\"kksr-star\" style=\"padding-right: 3px\">\n            \n\n<div class=\"kksr-icon\" style=\"width: 20px; height: 20px;\"><\/div>\n        <\/div>\n            <div class=\"kksr-star\" style=\"padding-right: 3px\">\n            \n\n<div class=\"kksr-icon\" style=\"width: 20px; height: 20px;\"><\/div>\n        <\/div>\n            <div class=\"kksr-star\" style=\"padding-right: 3px\">\n            \n\n<div class=\"kksr-icon\" style=\"width: 20px; height: 20px;\"><\/div>\n        <\/div>\n    <\/div>\n<\/div>\n                \n\n<div class=\"kksr-legend\" style=\"font-size: 16px;\">\n            4.7\/5 - (363 votos)    <\/div>\n    <\/div>\n<figure id=\"attachment_21423\" aria-describedby=\"caption-attachment-21423\" style=\"width: 1200px\" class=\"wp-caption aligncenter\"><img data-recalc-dims=\"1\" loading=\"lazy\" decoding=\"async\" class=\"size-full wp-image-21423\" src=\"https:\/\/i0.wp.com\/www.reclamador.es\/blog\/wp-content\/uploads\/2019\/03\/contratos-reclamador-min.png?resize=1200%2C800&#038;ssl=1\" alt=\"persona firmando contrato de trabajo\" width=\"1200\" height=\"800\" srcset=\"https:\/\/i0.wp.com\/www.reclamador.es\/blog\/wp-content\/uploads\/2019\/03\/contratos-reclamador-min.png?w=1200&amp;ssl=1 1200w, https:\/\/i0.wp.com\/www.reclamador.es\/blog\/wp-content\/uploads\/2019\/03\/contratos-reclamador-min.png?resize=150%2C100&amp;ssl=1 150w, https:\/\/i0.wp.com\/www.reclamador.es\/blog\/wp-content\/uploads\/2019\/03\/contratos-reclamador-min.png?resize=300%2C200&amp;ssl=1 300w, https:\/\/i0.wp.com\/www.reclamador.es\/blog\/wp-content\/uploads\/2019\/03\/contratos-reclamador-min.png?resize=768%2C512&amp;ssl=1 768w, https:\/\/i0.wp.com\/www.reclamador.es\/blog\/wp-content\/uploads\/2019\/03\/contratos-reclamador-min.png?resize=1024%2C683&amp;ssl=1 1024w\" sizes=\"auto, (max-width: 1000px) 100vw, 1000px\" \/><figcaption id=\"caption-attachment-21423\" class=\"wp-caption-text\"><em>\u00bfQuieres saber los tipos de contrato que hay en Espa\u00f1a?<\/em><\/figcaption><\/figure>\n<p><span style=\"font-weight: 400;\">Una de las caracter\u00edsticas que tiene el sistema laboral espa\u00f1ol es la variedad en los tipos de contrato que se pueden formalizar. Las diversas reformas laborales que se han producido en los \u00faltimos a\u00f1os han ido reduciendo el n\u00famero, pero a\u00fan as\u00ed son varias las opciones que el empresariado espa\u00f1ol tiene a su disposici\u00f3n para contratar a los trabajadores.<\/span><\/p>\n<p><span style=\"font-weight: 400;\">Es por ello que desde reclamador.es queremos desarrollar cu\u00e1les son los tipos de contratos de trabajo que existen actualmente, sus condiciones, y sus caracter\u00edsticas en caso de <strong>despido<\/strong>.<\/span><\/p>\n<ol class=\"boxed\">\n<li><a href=\"#indefinidos\"><span style=\"font-weight: 400;\">Contrato indefinido<\/span><\/a><\/li>\n<li><a href=\"#discontinuos\">Fijos discontinuos<\/a><\/li>\n<li><a href=\"#clausulas\">Con cl\u00e1usulas espec\u00edficas del contrato indefinido<\/a><\/li>\n<li><a href=\"#temporales\">Contrato temporal<\/a><\/li>\n<li><a href=\"#eventual\">Eventual por las circunstancias de la producci\u00f3n<\/a><\/li>\n<li><a href=\"#obra\">Por obra o servicio<\/a><\/li>\n<li><a href=\"#interinidad\">Interinidad<\/a><\/li>\n<li><a href=\"#formativos\">Contrato formativo<\/a><\/li>\n<li><a href=\"#formacion\">Para la formaci\u00f3n y el aprendizaje<\/a><\/li>\n<li><a href=\"#practicas\">Contrato en pr\u00e1cticas<\/a><\/li>\n<li><a href=\"#jornada\">Por tipo de jornada: tiempo completo o parcial<\/a><\/li>\n<li><a href=\"#abogado\">\u00bfNecesitas asesoramiento de un abogado laboralista?<\/a><\/li>\n<\/ol>\n<h2 id=\"indefinidos\"><strong><span style=\"font-family: -apple-system, BlinkMacSystemFont, 'Segoe UI', Roboto, Oxygen-Sans, Ubuntu, Cantarell, 'Helvetica Neue', sans-serif;\">Contrato indefinido<\/span><\/strong><\/h2>\n<p><span style=\"font-weight: 400;\">Los contratos indefinidos son aquellos que se formalizan sin una fecha de terminaci\u00f3n concreta. En ellos, puede haber un periodo de prueba de hasta 6 meses dependiendo de la empresa y formaci\u00f3n del trabajador, no pudiendo superar la duraci\u00f3n m\u00e1xima que venga indicada en el Estatuto de los Trabajadores o en el Convenio Colectivo vigente. Dentro de estos podemos encontrarnos con algunas particularidades que son las siguientes:<\/span><\/p>\n<h3 id=\"discontinuos\"><strong><span style=\"font-family: -apple-system, BlinkMacSystemFont, 'Segoe UI', Roboto, Oxygen-Sans, Ubuntu, Cantarell, 'Helvetica Neue', sans-serif;\">Fijos discontinuos<\/span><\/strong><\/h3>\n<p><span style=\"font-weight: 400;\">Este tipo de contratos lo usan empresas que tiene actividad s\u00f3lo en una \u00e9poca del a\u00f1o. Estamos hablando de negocios como pueden ser, por ejemplo, hoteles que cierran durante la temporada baja o parques de atracciones. <\/span><\/p>\n<p><span style=\"font-weight: 400;\">La particularidad de este contrato es que s\u00f3lo trabajas el tiempo que la empresa tiene actividad. Pero formas parte de la plantilla de forma indefinida. Es decir, tienes asegurado tu puesto de trabajo siempre y cuando la empresa tenga actividad. Durante el per\u00edodo en el que no hay actividad, el trabajador no percibe salario alguno, pasando a percibir el paro (salvo que acceda a otro puesto de trabajo hasta nuevo llamamiento).<\/span><\/p>\n<h3 id=\"clausulas\"><strong><span style=\"font-family: -apple-system, BlinkMacSystemFont, 'Segoe UI', Roboto, Oxygen-Sans, Ubuntu, Cantarell, 'Helvetica Neue', sans-serif;\">Con cl\u00e1usulas espec\u00edficas del contrato indefinido<\/span><\/strong><\/h3>\n<p><span style=\"font-weight: 400;\">Aunque incluimos aqu\u00ed las particularidades de los contratos que vamos a exponer a continuaci\u00f3n, se pueden dar tambi\u00e9n para contratos temporales y formativos. Estas cl\u00e1usulas espec\u00edficas son las que se dan para ciertos colectivos sociales y sirven para incentivar su contrataci\u00f3n.<\/span><\/p>\n<p><span style=\"font-weight: 400;\">En concreto, son las siguientes:<\/span><\/p>\n<ul>\n<li style=\"font-weight: 400;\"><span style=\"font-weight: 400;\">Personas con discapacidad. Tambi\u00e9n las que tienen discapacidad y est\u00e1n en centros especiales de empleo o procedentes de enclaves laborales.<\/span><\/li>\n<li style=\"font-weight: 400;\"><span style=\"font-weight: 400;\">Trabajadores en situaci\u00f3n de exclusi\u00f3n social.<\/span><\/li>\n<li style=\"font-weight: 400;\"><span style=\"font-weight: 400;\">Los trabajadores que tengan acreditada por la administraci\u00f3n competente la condici\u00f3n de v\u00edctima de violencia de g\u00e9nero, v\u00edctima violencia dom\u00e9stica, v\u00edctima del terrorismo o v\u00edctima de trata de seres humanos.<\/span><\/li>\n<li style=\"font-weight: 400;\"><span style=\"font-weight: 400;\">Trabajadores en situaci\u00f3n de exclusi\u00f3n social por empresas de inserci\u00f3n.<\/span><\/li>\n<li style=\"font-weight: 400;\"><span style=\"font-weight: 400;\">Para un familiar de trabajador aut\u00f3nomo.<\/span><\/li>\n<li style=\"font-weight: 400;\"><span style=\"font-weight: 400;\">Para trabajadores mayores de 52 a\u00f1os beneficiarios de los subsidios por desempleo\u200b.<\/span><\/li>\n<li style=\"font-weight: 400;\"><span style=\"font-weight: 400;\">Servicio del hogar familiar.<\/span><\/li>\n<li style=\"font-weight: 400;\"><span style=\"font-weight: 400;\">Para penados en instituciones penitenciarias.<\/span><\/li>\n<li style=\"font-weight: 400;\"><span style=\"font-weight: 400;\">De trabajo en grupo.<\/span><\/li>\n<li style=\"font-weight: 400;\"><span style=\"font-weight: 400;\">Alta direcci\u00f3n.<\/span><\/li>\n<\/ul>\n<h2 id=\"temporales\"><strong>Contrato temporal<\/strong><\/h2>\n<p><span style=\"font-weight: 400;\">Los contratos temporales son aquellos que se firman por un periodo de duraci\u00f3n determinado. Se pueden dar de diferentes tipos.<\/span><\/p>\n<h3 id=\"eventual\"><strong><span style=\"font-family: -apple-system, BlinkMacSystemFont, 'Segoe UI', Roboto, Oxygen-Sans, Ubuntu, Cantarell, 'Helvetica Neue', sans-serif;\">Eventual por las circunstancias de la producci\u00f3n<\/span><\/strong><\/h3>\n<p><span style=\"font-weight: 400;\">Este tipo de contrato temporal se formaliza cuando las circunstancias del mercado, la acumulaci\u00f3n de tareas o un exceso de los pedidos no pueden ser absorbidos por la plantilla actual de la empresa.<\/span><\/p>\n<p><span style=\"font-weight: 400;\">En el convenio colectivo correspondiente vendr\u00e1n determinadas las actividades en las que se pueden contratar empleados eventuales. Tambi\u00e9n qu\u00e9 cantidad de contratos de este tipo se pueden realizar por parte de la empresa.<\/span><\/p>\n<p><span style=\"font-weight: 400;\">La duraci\u00f3n de este tipo de contratos no puede ser superior a los 6 meses en el mismo a\u00f1o. O si el convenio lo contempla, no puede superar los 12 meses dentro de un per\u00edodo de 18.<\/span><\/p>\n<p><span style=\"font-weight: 400;\">Hay que tener en cuenta que si el trabajador ha estado contratado durante 24 meses dentro de un periodo de 30 se considerar\u00e1 un empleado fijo. Independientemente de que esa contrataci\u00f3n sea de la misma empresa o de otras empresas de un mismo grupo, y tambi\u00e9n de si es en el mismo o diferente puesto de trabajo.<\/span><\/p>\n<p><span style=\"font-weight: 400;\">Cuando se da por extinguido este tipo de contratos, la indemnizaci\u00f3n correspondiente es de 12 d\u00edas de salario por a\u00f1o trabajado. Siempre y cuando el convenio aplicable no establezca una indemnizaci\u00f3n mayor.<\/span><\/p>\n<h3 id=\"obra\"><strong><span style=\"font-family: -apple-system, BlinkMacSystemFont, 'Segoe UI', Roboto, Oxygen-Sans, Ubuntu, Cantarell, 'Helvetica Neue', sans-serif;\">Contrato por obra o servicio<\/span><\/strong><\/h3>\n<p><span style=\"font-weight: 400;\">Este tipo de contrato temporal tiene dos particularidades: te contratan para una obra o servicio que tiene una duraci\u00f3n determinada pero dicha duraci\u00f3n no est\u00e1 establecida de antemano. Este tipo de contrato no puede usarse para cualquier puesto de trabajo dentro de la empresa. Ser\u00e1n los convenios colectivos aplicables en cada caso los que lo determinen. Pero por norma general, no pueden formalizarse para cubrir puestos que se desprendan de la actividad habitual de la empresa.<\/span><\/p>\n<p><span style=\"font-weight: 400;\">Respecto a la duraci\u00f3n, ser\u00e1 la necesaria para la realizaci\u00f3n de la obra o servicio. Con la particularidad de que no puede ser superior a tres a\u00f1os ampliable por uno m\u00e1s seg\u00fan el convenio de aplicaci\u00f3n. Si el trabajador pasado este plazo sigue en plantilla, pasar\u00e1 autom\u00e1ticamente a ser indefinido.\u00a0Cuando se da por extinguido este tipo de contratos, la indemnizaci\u00f3n correspondiente es de 12 d\u00edas de salario por a\u00f1o trabajado.<\/span><\/p>\n<h3 id=\"interinidad\"><strong><span style=\"font-family: -apple-system, BlinkMacSystemFont, 'Segoe UI', Roboto, Oxygen-Sans, Ubuntu, Cantarell, 'Helvetica Neue', sans-serif;\">Interinidad<\/span><\/strong><\/h3>\n<p><span style=\"font-weight: 400;\">El objetivo de este tipo de contrato no es otro que sustituir a un trabajador en su puesto laboral. Esta sustituci\u00f3n es temporal ya que el trabajador original tiene derecho a la reincorporaci\u00f3n. Puede darse para cubrir una baja por maternidad, una excedencia, etc.<\/span><\/p>\n<p><span style=\"font-weight: 400;\">Este tipo de contratos se entender\u00e1 como extinguido cuando el trabajador al que se ha sustituido se reincorpore a su puesto. Si pasado este tiempo, el empleado interino sigue prestando servicios en la empresa, se entender\u00e1 como contratado de forma indefinida.\u00a0<\/span><span style=\"font-weight: 400;\">Al finalizar este contrato no habr\u00e1 derecho a percibir indemnizaci\u00f3n alguna. <\/span><\/p>\n<p><iframe loading=\"lazy\" title=\"YouTube video player\" src=\"https:\/\/www.youtube-nocookie.com\/embed\/--7t7BFlhZU?si=w0BCRLy9ihBEl2OY\" width=\"560\" height=\"315\" frameborder=\"0\" allowfullscreen=\"allowfullscreen\"><\/iframe><\/p>\n<h2 id=\"formativos\"><strong><span style=\"font-family: -apple-system, BlinkMacSystemFont, 'Segoe UI', Roboto, Oxygen-Sans, Ubuntu, Cantarell, 'Helvetica Neue', sans-serif;\">Contrato formativo<\/span><\/strong><\/h2>\n<h3 id=\"formacion\"><strong>Para la formaci\u00f3n y el aprendizaje<\/strong><\/h3>\n<p><span style=\"font-weight: 400;\">La finalidad de este tipo de contrato es que el trabajador reciba \u00a0formaci\u00f3n te\u00f3rica y pr\u00e1ctica para que pueda desempe\u00f1ar un oficio o trabajo para el que sea necesario un nivel de cualificaci\u00f3n.<\/span><\/p>\n<p><span style=\"font-weight: 400;\">Con este tipo de contratos, el trabajador tendr\u00e1 que recibir al menos un 15% del tiempo de la jornada en formaci\u00f3n. Si el trabajador acredita por medio de un certificado de la Administraci\u00f3n P\u00fablica que compete que ha realizado un curso de formaci\u00f3n profesional ocupacional adecuado al puesto, no ser\u00e1 necesario impartir m\u00e1s formaci\u00f3n te\u00f3rica.<\/span><\/p>\n<p><span style=\"font-weight: 400;\">Para que se pueda formalizar este tipo de contratos tienen que darse una serie de requisitos:<\/span><\/p>\n<ul>\n<li style=\"font-weight: 400;\"><span style=\"font-weight: 400;\">Por parte de la empresa: en el Convenio se recoger\u00e1 el n\u00famero m\u00e1ximo de contratos de este tipo que puede tener la empresa. As\u00ed como tambi\u00e9n para qu\u00e9 puestos.<\/span><\/li>\n<li style=\"font-weight: 400;\"><span style=\"font-weight: 400;\">Respecto a los trabajadores, pueden optar a esta modalidad de contrato los mayores de 16 y menores de 25 a\u00f1os que no tengan una titulaci\u00f3n requerida para hacer un contrato en pr\u00e1cticas. Si la persona tiene discapacidad no se tendr\u00e1 en cuenta la edad.<\/span><\/li>\n<\/ul>\n<p><span style=\"font-weight: 400;\">Hay que tener en cuenta que el trabajador con este contrato no podr\u00e1 hacer horas extras ni en horario nocturno. Tampoco a turnos.<\/span><\/p>\n<h6 style=\"text-align: center;\"><strong><a href=\"https:\/\/www.reclamador.es\/blog\/guia-completa-contrato-en-practicas\/\">Gu\u00eda completa del contrato en pr\u00e1cticas<\/a><\/strong><\/h6>\n<p><span style=\"font-weight: 400;\">Como m\u00e1ximo, la duraci\u00f3n de este contrato ser\u00e1 de tres a\u00f1os, y por norma general, como m\u00ednimo de uno. Una vez que el trabajador finalice el contrato, no podr\u00e1 ser contratado mediante esta modalidad ni por la misma empresa ni por otras para la misma ocupaci\u00f3n. Adem\u00e1s, si siguiera prestando sus servicios, se entender\u00e1 que el contrato pasa a ser indefinido.<\/span><\/p>\n<p><span style=\"font-weight: 400;\">Al acabar, el trabajador tiene derecho a un certificado por parte de la empresa, y podr\u00e1 pedir a la administraci\u00f3n que le expida el \u201ccertificado de profesionalidad\u201d que le corresponda. <\/span><\/p>\n<p><span style=\"font-weight: 400;\">Hay que tener el cuenta que la terminaci\u00f3n de este contrato no da lugar a indemnizaci\u00f3n alguna para el trabajador.<\/span><\/p>\n<h3 id=\"practicas\"><strong><span style=\"font-family: -apple-system, BlinkMacSystemFont, 'Segoe UI', Roboto, Oxygen-Sans, Ubuntu, Cantarell, 'Helvetica Neue', sans-serif;\">Contrato en pr\u00e1cticas<\/span><\/strong><\/h3>\n<p><span style=\"font-weight: 400;\">Este tipo de contrato es el que se formaliza cuando un trabajador con una formaci\u00f3n determinada la pone en pr\u00e1ctica en la empresa. Existen una serie de requisitos:<\/span><\/p>\n<ul>\n<li style=\"font-weight: 400;\"><span style=\"font-weight: 400;\"><strong>Para la empresa.<\/strong> No puede contratar a un trabajador con este contrato por un tiempo superior a dos a\u00f1os, ni tampoco que haya tenido este tipo de contrato en otras empresas. Para ello, la empresa tiene que solicitar a la administraci\u00f3n un certificado que lo demuestre. Tampoco ser\u00e1 posible hacer este contrato para una formaci\u00f3n adquirida mediante un contrato para la formaci\u00f3n y el aprendizaje.<\/span><\/li>\n<li style=\"font-weight: 400;\"><span style=\"font-weight: 400;\"><strong>Para el trabajador<\/strong>. Tiene que tener un t\u00edtulo universitario, de formaci\u00f3n profesional o uno que le habilite para el ejercicio profesional. No puede haber transcurrido m\u00e1s de 5 a\u00f1os desde su obtenci\u00f3n (o 7 si el trabajador tiene discapacidad).<\/span><\/li>\n<\/ul>\n<p><span style=\"font-weight: 400;\">Respecto a la duraci\u00f3n de los contratos en pr\u00e1cticas, no puede ser superior a dos a\u00f1os ni inferior a 6 meses. Se pueden efectuar dos pr\u00f3rrogas, que tendr\u00e1n que ser como m\u00ednimo de 6 meses. Si cuando pasen los dos a\u00f1os el trabajador sigue prestando sus servicios, se entender\u00e1 como indefinido.<\/span><\/p>\n<p><span style=\"font-weight: 400;\">El trabajador tiene derecho a un certificado por parte de la empresa al final del per\u00edodo.<\/span><\/p>\n<p><span style=\"font-weight: 400;\">Respecto al salario, no puede ser inferior al 60% del salario que marque el convenio durante el primer a\u00f1o y del 75% el segundo a\u00f1o. Al igual que en los contratos formativos para la formaci\u00f3n y el aprendizaje, los trabajadores no tendr\u00e1 derecho a recibir indemnizaci\u00f3n por fin de contrato.<\/span><\/p>\n<h2 id=\"jornada\"><strong><span style=\"font-family: -apple-system, BlinkMacSystemFont, 'Segoe UI', Roboto, Oxygen-Sans, Ubuntu, Cantarell, 'Helvetica Neue', sans-serif;\">Por tipo de jornada: contrato a tiempo completo o contrato a tiempo parcial<\/span><\/strong><\/h2>\n<p><span style=\"font-weight: 400;\">Adem\u00e1s de lo comentado anteriormente, hay que tener en cuenta el tipo de jornada del mismo. Nos referimos al tiempo semanal que se dedica a la ocupaci\u00f3n laboral. Si se le dedica 40 horas, se considerar\u00e1 que es un contrato a tiempo completo. Si la duraci\u00f3n es menor, sea cu\u00e1l sea la misma, se considerar\u00e1 a tiempo parcial.<\/span><\/p>\n<h2><strong>\u00bfNecesitas asesoramiento de un abogado laboralista?<\/strong><\/h2>\n<p>Si tu relaci\u00f3n laboral con la empresa termina de forma unilateral por parte de la misma, y no te indemnizan por un despido como corresponde en funci\u00f3n a tu tipo de contrato, tienes derecho a recibir reclamarlo. Si tienes dudas, puedes ponerte en contacto con un abogado laboralista que te asesorar\u00e1 y ayudar\u00e1 durante todo el proceso.<\/p>\n<p>Si te ha gustado este post sobre los tipos de contratos de trabajo, \u00a1comp\u00e1rtelo en tus redes!<\/p>\n<p style=\"text-align: center;\">\ud83d\ude09<\/p>\n<div class=\"ttr_end\"><\/div>","protected":false},"excerpt":{"rendered":"<p>Una de las caracter\u00edsticas que tiene el sistema laboral espa\u00f1ol es la variedad en los tipos de contrato que se pueden formalizar. Las diversas reformas laborales que se han producido en los \u00faltimos a\u00f1os han ido reduciendo el n\u00famero, pero a\u00fan as\u00ed son varias las opciones que el empresariado espa\u00f1ol tiene a su disposici\u00f3n para [&hellip;]<\/p>\n","protected":false},"author":40,"featured_media":21423,"comment_status":"open","ping_status":"open","sticky":false,"template":"","format":"standard","meta":{"_acf_changed":false,"_genesis_hide_title":false,"_genesis_hide_breadcrumbs":false,"_genesis_hide_singular_image":false,"_genesis_hide_footer_widgets":false,"_genesis_custom_body_class":"","_genesis_custom_post_class":"","_genesis_layout":"","_jetpack_newsletter_access":"","_jetpack_dont_email_post_to_subs":false,"_jetpack_newsletter_tier_id":0,"_jetpack_memberships_contains_paywalled_content":false,"_jetpack_memberships_contains_paid_content":false,"footnotes":""},"categories":[393],"tags":[697,266,289],"class_list":{"0":"post-21422","1":"post","2":"type-post","3":"status-publish","4":"format-standard","5":"has-post-thumbnail","7":"category-consejos","8":"tag-contrato","9":"tag-laboral","10":"tag-reclamacion","11":"entry"},"acf":[],"yoast_head":"<!-- This site is optimized with the Yoast SEO plugin v27.4 - https:\/\/yoast.com\/product\/yoast-seo-wordpress\/ -->\n<title>Tipos de Contratos de Trabajo en Espa\u00f1a<\/title>\n<meta name=\"description\" content=\"Descubre todos los tipos de contratos de trabajo en Espa\u00f1a, indefinido, temporal, formativo y qu\u00e9 derechos tiene el trabajador en cada caso ante despido.\" \/>\n<meta name=\"robots\" content=\"index, follow, max-snippet:-1, max-image-preview:large, max-video-preview:-1\" \/>\n<link rel=\"canonical\" href=\"https:\/\/www.reclamador.es\/blog\/tipos-contrato-trabajo\/\" \/>\n<meta property=\"og:locale\" content=\"es_ES\" \/>\n<meta property=\"og:type\" content=\"article\" \/>\n<meta property=\"og:title\" content=\"Tipos de Contratos de Trabajo en Espa\u00f1a\" \/>\n<meta property=\"og:description\" content=\"Descubre todos los tipos de contratos de trabajo en Espa\u00f1a, indefinido, temporal, formativo y qu\u00e9 derechos tiene el trabajador en cada caso ante despido.\" \/>\n<meta property=\"og:url\" content=\"https:\/\/www.reclamador.es\/blog\/tipos-contrato-trabajo\/\" \/>\n<meta property=\"og:site_name\" content=\"Rebeldes con causa, el blog de reclamador.es\" \/>\n<meta property=\"article:publisher\" content=\"https:\/\/www.facebook.com\/reclamador.es\" \/>\n<meta property=\"article:published_time\" content=\"2019-03-22T10:40:46+00:00\" \/>\n<meta property=\"article:modified_time\" content=\"2025-04-01T17:37:51+00:00\" \/>\n<meta property=\"og:image\" content=\"https:\/\/www.reclamador.es\/blog\/wp-content\/uploads\/2019\/03\/contratos-reclamador-min.png\" \/>\n\t<meta property=\"og:image:width\" content=\"1200\" \/>\n\t<meta property=\"og:image:height\" content=\"800\" \/>\n\t<meta property=\"og:image:type\" content=\"image\/png\" \/>\n<meta name=\"author\" content=\"Laura M\u00e9ndez\" \/>\n<meta name=\"twitter:card\" content=\"summary_large_image\" \/>\n<meta name=\"twitter:creator\" content=\"@reclamador\" \/>\n<meta name=\"twitter:site\" content=\"@reclamador\" \/>\n<meta name=\"twitter:label1\" content=\"Escrito por\" \/>\n\t<meta name=\"twitter:data1\" content=\"Laura M\u00e9ndez\" \/>\n\t<meta name=\"twitter:label2\" content=\"Tiempo de lectura\" \/>\n\t<meta name=\"twitter:data2\" content=\"9 minutos\" \/>\n<script type=\"application\/ld+json\" class=\"yoast-schema-graph\">{\"@context\":\"https:\\\/\\\/schema.org\",\"@graph\":[{\"@type\":\"Article\",\"@id\":\"https:\\\/\\\/www.reclamador.es\\\/blog\\\/tipos-contrato-trabajo\\\/#article\",\"isPartOf\":{\"@id\":\"https:\\\/\\\/www.reclamador.es\\\/blog\\\/tipos-contrato-trabajo\\\/\"},\"author\":{\"name\":\"Laura M\u00e9ndez\",\"@id\":\"https:\\\/\\\/www.reclamador.es\\\/blog\\\/#\\\/schema\\\/person\\\/010bed1a8d9fa061c6103c79842d907a\"},\"headline\":\"Estos son los tipos de contrato de trabajo que existen en Espa\u00f1a\",\"datePublished\":\"2019-03-22T10:40:46+00:00\",\"dateModified\":\"2025-04-01T17:37:51+00:00\",\"mainEntityOfPage\":{\"@id\":\"https:\\\/\\\/www.reclamador.es\\\/blog\\\/tipos-contrato-trabajo\\\/\"},\"wordCount\":1814,\"commentCount\":13,\"publisher\":{\"@id\":\"https:\\\/\\\/www.reclamador.es\\\/blog\\\/#organization\"},\"image\":{\"@id\":\"https:\\\/\\\/www.reclamador.es\\\/blog\\\/tipos-contrato-trabajo\\\/#primaryimage\"},\"thumbnailUrl\":\"https:\\\/\\\/i0.wp.com\\\/www.reclamador.es\\\/blog\\\/wp-content\\\/uploads\\\/2019\\\/03\\\/contratos-reclamador-min.png?fit=1200%2C800&ssl=1\",\"keywords\":[\"contrato\",\"laboral\",\"reclamaci\u00f3n\"],\"articleSection\":[\"Consejos legales\"],\"inLanguage\":\"es\",\"potentialAction\":[{\"@type\":\"CommentAction\",\"name\":\"Comment\",\"target\":[\"https:\\\/\\\/www.reclamador.es\\\/blog\\\/tipos-contrato-trabajo\\\/#respond\"]}]},{\"@type\":\"WebPage\",\"@id\":\"https:\\\/\\\/www.reclamador.es\\\/blog\\\/tipos-contrato-trabajo\\\/\",\"url\":\"https:\\\/\\\/www.reclamador.es\\\/blog\\\/tipos-contrato-trabajo\\\/\",\"name\":\"Tipos de Contratos de Trabajo en Espa\u00f1a\",\"isPartOf\":{\"@id\":\"https:\\\/\\\/www.reclamador.es\\\/blog\\\/#website\"},\"primaryImageOfPage\":{\"@id\":\"https:\\\/\\\/www.reclamador.es\\\/blog\\\/tipos-contrato-trabajo\\\/#primaryimage\"},\"image\":{\"@id\":\"https:\\\/\\\/www.reclamador.es\\\/blog\\\/tipos-contrato-trabajo\\\/#primaryimage\"},\"thumbnailUrl\":\"https:\\\/\\\/i0.wp.com\\\/www.reclamador.es\\\/blog\\\/wp-content\\\/uploads\\\/2019\\\/03\\\/contratos-reclamador-min.png?fit=1200%2C800&ssl=1\",\"datePublished\":\"2019-03-22T10:40:46+00:00\",\"dateModified\":\"2025-04-01T17:37:51+00:00\",\"description\":\"Descubre todos los tipos de contratos de trabajo en Espa\u00f1a, indefinido, temporal, formativo y qu\u00e9 derechos tiene el trabajador en cada caso ante despido.\",\"breadcrumb\":{\"@id\":\"https:\\\/\\\/www.reclamador.es\\\/blog\\\/tipos-contrato-trabajo\\\/#breadcrumb\"},\"inLanguage\":\"es\",\"potentialAction\":[{\"@type\":\"ReadAction\",\"target\":[\"https:\\\/\\\/www.reclamador.es\\\/blog\\\/tipos-contrato-trabajo\\\/\"]}]},{\"@type\":\"ImageObject\",\"inLanguage\":\"es\",\"@id\":\"https:\\\/\\\/www.reclamador.es\\\/blog\\\/tipos-contrato-trabajo\\\/#primaryimage\",\"url\":\"https:\\\/\\\/i0.wp.com\\\/www.reclamador.es\\\/blog\\\/wp-content\\\/uploads\\\/2019\\\/03\\\/contratos-reclamador-min.png?fit=1200%2C800&ssl=1\",\"contentUrl\":\"https:\\\/\\\/i0.wp.com\\\/www.reclamador.es\\\/blog\\\/wp-content\\\/uploads\\\/2019\\\/03\\\/contratos-reclamador-min.png?fit=1200%2C800&ssl=1\",\"width\":1200,\"height\":800,\"caption\":\"\u00bfQuieres saber los tipos de contrato que hay en Espa\u00f1a?\"},{\"@type\":\"BreadcrumbList\",\"@id\":\"https:\\\/\\\/www.reclamador.es\\\/blog\\\/tipos-contrato-trabajo\\\/#breadcrumb\",\"itemListElement\":[{\"@type\":\"ListItem\",\"position\":1,\"name\":\"Portada\",\"item\":\"https:\\\/\\\/www.reclamador.es\\\/blog\\\/\"},{\"@type\":\"ListItem\",\"position\":2,\"name\":\"Estos son los tipos de contrato de trabajo que existen en Espa\u00f1a\"}]},{\"@type\":\"WebSite\",\"@id\":\"https:\\\/\\\/www.reclamador.es\\\/blog\\\/#website\",\"url\":\"https:\\\/\\\/www.reclamador.es\\\/blog\\\/\",\"name\":\"Rebeldes con causa, el blog de reclamador.es\",\"description\":\"Noticias, entrevistas y consejos sobre reclamaciones\",\"publisher\":{\"@id\":\"https:\\\/\\\/www.reclamador.es\\\/blog\\\/#organization\"},\"potentialAction\":[{\"@type\":\"SearchAction\",\"target\":{\"@type\":\"EntryPoint\",\"urlTemplate\":\"https:\\\/\\\/www.reclamador.es\\\/blog\\\/?s={search_term_string}\"},\"query-input\":{\"@type\":\"PropertyValueSpecification\",\"valueRequired\":true,\"valueName\":\"search_term_string\"}}],\"inLanguage\":\"es\"},{\"@type\":\"Organization\",\"@id\":\"https:\\\/\\\/www.reclamador.es\\\/blog\\\/#organization\",\"name\":\"reclamador.es\",\"url\":\"https:\\\/\\\/www.reclamador.es\\\/blog\\\/\",\"logo\":{\"@type\":\"ImageObject\",\"inLanguage\":\"es\",\"@id\":\"https:\\\/\\\/www.reclamador.es\\\/blog\\\/#\\\/schema\\\/logo\\\/image\\\/\",\"url\":\"https:\\\/\\\/i0.wp.com\\\/www.reclamador.es\\\/blog\\\/wp-content\\\/uploads\\\/2020\\\/01\\\/logo-reclamador.png?fit=1200%2C144&ssl=1\",\"contentUrl\":\"https:\\\/\\\/i0.wp.com\\\/www.reclamador.es\\\/blog\\\/wp-content\\\/uploads\\\/2020\\\/01\\\/logo-reclamador.png?fit=1200%2C144&ssl=1\",\"width\":1200,\"height\":144,\"caption\":\"reclamador.es\"},\"image\":{\"@id\":\"https:\\\/\\\/www.reclamador.es\\\/blog\\\/#\\\/schema\\\/logo\\\/image\\\/\"},\"sameAs\":[\"https:\\\/\\\/www.facebook.com\\\/reclamador.es\",\"https:\\\/\\\/x.com\\\/reclamador\",\"https:\\\/\\\/www.instagram.com\\\/reclamador.es\\\/\",\"https:\\\/\\\/www.linkedin.com\\\/company\\\/reclamador-es\",\"https:\\\/\\\/www.youtube.com\\\/user\\\/Reclamadores\"]},{\"@type\":\"Person\",\"@id\":\"https:\\\/\\\/www.reclamador.es\\\/blog\\\/#\\\/schema\\\/person\\\/010bed1a8d9fa061c6103c79842d907a\",\"name\":\"Laura M\u00e9ndez\",\"image\":{\"@type\":\"ImageObject\",\"inLanguage\":\"es\",\"@id\":\"https:\\\/\\\/secure.gravatar.com\\\/avatar\\\/39bd04e654bb127992bd01cd4257add44b62609a71e906e6692504e260125495?s=96&d=mm&r=g\",\"url\":\"https:\\\/\\\/secure.gravatar.com\\\/avatar\\\/39bd04e654bb127992bd01cd4257add44b62609a71e906e6692504e260125495?s=96&d=mm&r=g\",\"contentUrl\":\"https:\\\/\\\/secure.gravatar.com\\\/avatar\\\/39bd04e654bb127992bd01cd4257add44b62609a71e906e6692504e260125495?s=96&d=mm&r=g\",\"caption\":\"Laura M\u00e9ndez\"},\"sameAs\":[\"https:\\\/\\\/www.linkedin.com\\\/in\\\/lauramendezberciano\\\/\"],\"url\":\"https:\\\/\\\/www.reclamador.es\\\/blog\\\/author\\\/laura-mendez\\\/\"}]}<\/script>\n<!-- \/ Yoast SEO plugin. -->","yoast_head_json":{"title":"Tipos de Contratos de Trabajo en Espa\u00f1a","description":"Descubre todos los tipos de contratos de trabajo en Espa\u00f1a, indefinido, temporal, formativo y qu\u00e9 derechos tiene el trabajador en cada caso ante despido.","robots":{"index":"index","follow":"follow","max-snippet":"max-snippet:-1","max-image-preview":"max-image-preview:large","max-video-preview":"max-video-preview:-1"},"canonical":"https:\/\/www.reclamador.es\/blog\/tipos-contrato-trabajo\/","og_locale":"es_ES","og_type":"article","og_title":"Tipos de Contratos de Trabajo en Espa\u00f1a","og_description":"Descubre todos los tipos de contratos de trabajo en Espa\u00f1a, indefinido, temporal, formativo y qu\u00e9 derechos tiene el trabajador en cada caso ante despido.","og_url":"https:\/\/www.reclamador.es\/blog\/tipos-contrato-trabajo\/","og_site_name":"Rebeldes con causa, el blog de reclamador.es","article_publisher":"https:\/\/www.facebook.com\/reclamador.es","article_published_time":"2019-03-22T10:40:46+00:00","article_modified_time":"2025-04-01T17:37:51+00:00","og_image":[{"width":1200,"height":800,"url":"https:\/\/www.reclamador.es\/blog\/wp-content\/uploads\/2019\/03\/contratos-reclamador-min.png","type":"image\/png"}],"author":"Laura M\u00e9ndez","twitter_card":"summary_large_image","twitter_creator":"@reclamador","twitter_site":"@reclamador","twitter_misc":{"Escrito por":"Laura M\u00e9ndez","Tiempo de lectura":"9 minutos"},"schema":{"@context":"https:\/\/schema.org","@graph":[{"@type":"Article","@id":"https:\/\/www.reclamador.es\/blog\/tipos-contrato-trabajo\/#article","isPartOf":{"@id":"https:\/\/www.reclamador.es\/blog\/tipos-contrato-trabajo\/"},"author":{"name":"Laura M\u00e9ndez","@id":"https:\/\/www.reclamador.es\/blog\/#\/schema\/person\/010bed1a8d9fa061c6103c79842d907a"},"headline":"Estos son los tipos de contrato de trabajo que existen en Espa\u00f1a","datePublished":"2019-03-22T10:40:46+00:00","dateModified":"2025-04-01T17:37:51+00:00","mainEntityOfPage":{"@id":"https:\/\/www.reclamador.es\/blog\/tipos-contrato-trabajo\/"},"wordCount":1814,"commentCount":13,"publisher":{"@id":"https:\/\/www.reclamador.es\/blog\/#organization"},"image":{"@id":"https:\/\/www.reclamador.es\/blog\/tipos-contrato-trabajo\/#primaryimage"},"thumbnailUrl":"https:\/\/i0.wp.com\/www.reclamador.es\/blog\/wp-content\/uploads\/2019\/03\/contratos-reclamador-min.png?fit=1200%2C800&ssl=1","keywords":["contrato","laboral","reclamaci\u00f3n"],"articleSection":["Consejos legales"],"inLanguage":"es","potentialAction":[{"@type":"CommentAction","name":"Comment","target":["https:\/\/www.reclamador.es\/blog\/tipos-contrato-trabajo\/#respond"]}]},{"@type":"WebPage","@id":"https:\/\/www.reclamador.es\/blog\/tipos-contrato-trabajo\/","url":"https:\/\/www.reclamador.es\/blog\/tipos-contrato-trabajo\/","name":"Tipos de Contratos de Trabajo en Espa\u00f1a","isPartOf":{"@id":"https:\/\/www.reclamador.es\/blog\/#website"},"primaryImageOfPage":{"@id":"https:\/\/www.reclamador.es\/blog\/tipos-contrato-trabajo\/#primaryimage"},"image":{"@id":"https:\/\/www.reclamador.es\/blog\/tipos-contrato-trabajo\/#primaryimage"},"thumbnailUrl":"https:\/\/i0.wp.com\/www.reclamador.es\/blog\/wp-content\/uploads\/2019\/03\/contratos-reclamador-min.png?fit=1200%2C800&ssl=1","datePublished":"2019-03-22T10:40:46+00:00","dateModified":"2025-04-01T17:37:51+00:00","description":"Descubre todos los tipos de contratos de trabajo en Espa\u00f1a, indefinido, temporal, formativo y qu\u00e9 derechos tiene el trabajador en cada caso ante despido.","breadcrumb":{"@id":"https:\/\/www.reclamador.es\/blog\/tipos-contrato-trabajo\/#breadcrumb"},"inLanguage":"es","potentialAction":[{"@type":"ReadAction","target":["https:\/\/www.reclamador.es\/blog\/tipos-contrato-trabajo\/"]}]},{"@type":"ImageObject","inLanguage":"es","@id":"https:\/\/www.reclamador.es\/blog\/tipos-contrato-trabajo\/#primaryimage","url":"https:\/\/i0.wp.com\/www.reclamador.es\/blog\/wp-content\/uploads\/2019\/03\/contratos-reclamador-min.png?fit=1200%2C800&ssl=1","contentUrl":"https:\/\/i0.wp.com\/www.reclamador.es\/blog\/wp-content\/uploads\/2019\/03\/contratos-reclamador-min.png?fit=1200%2C800&ssl=1","width":1200,"height":800,"caption":"\u00bfQuieres saber los tipos de contrato que hay en Espa\u00f1a?"},{"@type":"BreadcrumbList","@id":"https:\/\/www.reclamador.es\/blog\/tipos-contrato-trabajo\/#breadcrumb","itemListElement":[{"@type":"ListItem","position":1,"name":"Portada","item":"https:\/\/www.reclamador.es\/blog\/"},{"@type":"ListItem","position":2,"name":"Estos son los tipos de contrato de trabajo que existen en Espa\u00f1a"}]},{"@type":"WebSite","@id":"https:\/\/www.reclamador.es\/blog\/#website","url":"https:\/\/www.reclamador.es\/blog\/","name":"Rebeldes con causa, el blog de reclamador.es","description":"Noticias, entrevistas y consejos sobre reclamaciones","publisher":{"@id":"https:\/\/www.reclamador.es\/blog\/#organization"},"potentialAction":[{"@type":"SearchAction","target":{"@type":"EntryPoint","urlTemplate":"https:\/\/www.reclamador.es\/blog\/?s={search_term_string}"},"query-input":{"@type":"PropertyValueSpecification","valueRequired":true,"valueName":"search_term_string"}}],"inLanguage":"es"},{"@type":"Organization","@id":"https:\/\/www.reclamador.es\/blog\/#organization","name":"reclamador.es","url":"https:\/\/www.reclamador.es\/blog\/","logo":{"@type":"ImageObject","inLanguage":"es","@id":"https:\/\/www.reclamador.es\/blog\/#\/schema\/logo\/image\/","url":"https:\/\/i0.wp.com\/www.reclamador.es\/blog\/wp-content\/uploads\/2020\/01\/logo-reclamador.png?fit=1200%2C144&ssl=1","contentUrl":"https:\/\/i0.wp.com\/www.reclamador.es\/blog\/wp-content\/uploads\/2020\/01\/logo-reclamador.png?fit=1200%2C144&ssl=1","width":1200,"height":144,"caption":"reclamador.es"},"image":{"@id":"https:\/\/www.reclamador.es\/blog\/#\/schema\/logo\/image\/"},"sameAs":["https:\/\/www.facebook.com\/reclamador.es","https:\/\/x.com\/reclamador","https:\/\/www.instagram.com\/reclamador.es\/","https:\/\/www.linkedin.com\/company\/reclamador-es","https:\/\/www.youtube.com\/user\/Reclamadores"]},{"@type":"Person","@id":"https:\/\/www.reclamador.es\/blog\/#\/schema\/person\/010bed1a8d9fa061c6103c79842d907a","name":"Laura M\u00e9ndez","image":{"@type":"ImageObject","inLanguage":"es","@id":"https:\/\/secure.gravatar.com\/avatar\/39bd04e654bb127992bd01cd4257add44b62609a71e906e6692504e260125495?s=96&d=mm&r=g","url":"https:\/\/secure.gravatar.com\/avatar\/39bd04e654bb127992bd01cd4257add44b62609a71e906e6692504e260125495?s=96&d=mm&r=g","contentUrl":"https:\/\/secure.gravatar.com\/avatar\/39bd04e654bb127992bd01cd4257add44b62609a71e906e6692504e260125495?s=96&d=mm&r=g","caption":"Laura M\u00e9ndez"},"sameAs":["https:\/\/www.linkedin.com\/in\/lauramendezberciano\/"],"url":"https:\/\/www.reclamador.es\/blog\/author\/laura-mendez\/"}]}},"jetpack_featured_media_url":"https:\/\/i0.wp.com\/www.reclamador.es\/blog\/wp-content\/uploads\/2019\/03\/contratos-reclamador-min.png?fit=1200%2C800&ssl=1","jetpack-related-posts":[{"id":18218,"url":"https:\/\/www.reclamador.es\/blog\/guia-completa-contrato-en-practicas\/","url_meta":{"origin":21422,"position":0},"title":"Gu\u00eda completa sobre el contrato en pr\u00e1cticas","author":"Equipo reclamador","date":"3 septiembre, 2021","format":false,"excerpt":"En Espa\u00f1a tenemos gran variedad de tipos de contratos. Tanto de duraci\u00f3n indefinida como determinada, son varias las opciones que tienen empresarios y trabajadores para formalizar la relaci\u00f3n laboral entre ambos. Uno de ellos es el contrato en pr\u00e1cticas. Seg\u00fan el propio SEPE, \u201cel contrato en pr\u00e1cticas tiene por objeto\u2026","rel":"","context":"En \u00abConsejos legales\u00bb","block_context":{"text":"Consejos legales","link":"https:\/\/www.reclamador.es\/blog\/consejos\/"},"img":{"alt_text":"La finalidad del contrato en pr\u00e1cticas es que el trabajador obtenga la pr\u00e1ctica profesional adecuada al nivel de estudios cursados","src":"https:\/\/i0.wp.com\/www.reclamador.es\/blog\/wp-content\/uploads\/2018\/05\/contrato-en-practicas.jpg?fit=1200%2C800&ssl=1&resize=350%2C200","width":350,"height":200,"srcset":"https:\/\/i0.wp.com\/www.reclamador.es\/blog\/wp-content\/uploads\/2018\/05\/contrato-en-practicas.jpg?fit=1200%2C800&ssl=1&resize=350%2C200 1x, https:\/\/i0.wp.com\/www.reclamador.es\/blog\/wp-content\/uploads\/2018\/05\/contrato-en-practicas.jpg?fit=1200%2C800&ssl=1&resize=525%2C300 1.5x, https:\/\/i0.wp.com\/www.reclamador.es\/blog\/wp-content\/uploads\/2018\/05\/contrato-en-practicas.jpg?fit=1200%2C800&ssl=1&resize=700%2C400 2x, https:\/\/i0.wp.com\/www.reclamador.es\/blog\/wp-content\/uploads\/2018\/05\/contrato-en-practicas.jpg?fit=1200%2C800&ssl=1&resize=1050%2C600 3x"},"classes":[]},{"id":4845,"url":"https:\/\/www.reclamador.es\/blog\/estatuto-de-los-trabajadores\/","url_meta":{"origin":21422,"position":1},"title":"\u00bfQu\u00e9 regula el Estatuto de los Trabajadores?","author":"Equipo reclamador","date":"21 septiembre, 2016","format":false,"excerpt":"Actualmente, el Estatuto de los Trabajadores vigente es el del Real Decreto Legislativo 2\/2015, de 23 de octubre, que aprob\u00f3 el texto refundido tras numerosas reformas legislativas. Su misi\u00f3n es regular las relaciones laborales, aquellas que surgen entre el empleador y el empleado a partir de un contrato de trabajo.\u2026","rel":"","context":"En \u00abConsejos legales\u00bb","block_context":{"text":"Consejos legales","link":"https:\/\/www.reclamador.es\/blog\/consejos\/"},"img":{"alt_text":"Estatuto de los Trabajadores","src":"https:\/\/i0.wp.com\/www.reclamador.es\/blog\/wp-content\/uploads\/2016\/09\/estatuto-de-los-trabajadores-cosas-que-saber.jpg?fit=1200%2C630&ssl=1&resize=350%2C200","width":350,"height":200,"srcset":"https:\/\/i0.wp.com\/www.reclamador.es\/blog\/wp-content\/uploads\/2016\/09\/estatuto-de-los-trabajadores-cosas-que-saber.jpg?fit=1200%2C630&ssl=1&resize=350%2C200 1x, https:\/\/i0.wp.com\/www.reclamador.es\/blog\/wp-content\/uploads\/2016\/09\/estatuto-de-los-trabajadores-cosas-que-saber.jpg?fit=1200%2C630&ssl=1&resize=525%2C300 1.5x, https:\/\/i0.wp.com\/www.reclamador.es\/blog\/wp-content\/uploads\/2016\/09\/estatuto-de-los-trabajadores-cosas-que-saber.jpg?fit=1200%2C630&ssl=1&resize=700%2C400 2x, https:\/\/i0.wp.com\/www.reclamador.es\/blog\/wp-content\/uploads\/2016\/09\/estatuto-de-los-trabajadores-cosas-que-saber.jpg?fit=1200%2C630&ssl=1&resize=1050%2C600 3x"},"classes":[]},{"id":15712,"url":"https:\/\/www.reclamador.es\/blog\/contrato-temporal-fraude-ley\/","url_meta":{"origin":21422,"position":2},"title":"Contrato temporal en fraude de ley: qu\u00e9 hacer cuando se te acaba","author":"Equipo reclamador","date":"28 septiembre, 2017","format":false,"excerpt":"Seis meses. Es lo que ha durado la racha positiva del empleo en Espa\u00f1a.\u00a0El fin de agosto y de la alta temporada tur\u00edstica han tra\u00eddo malas noticias para el mercado laboral: una crecida del paro que implica la mayor destrucci\u00f3n de puestos de trabajo desde el a\u00f1o 2008. Ahora, ya\u2026","rel":"","context":"En \u00abNoticias y actualidad\u00bb","block_context":{"text":"Noticias y actualidad","link":"https:\/\/www.reclamador.es\/blog\/noticias\/"},"img":{"alt_text":"Contrato en fraude de ley - reclamador","src":"https:\/\/i0.wp.com\/www.reclamador.es\/blog\/wp-content\/uploads\/2017\/09\/reclamar-contrato-en-fraude-de-ley.jpg?fit=1200%2C630&ssl=1&resize=350%2C200","width":350,"height":200,"srcset":"https:\/\/i0.wp.com\/www.reclamador.es\/blog\/wp-content\/uploads\/2017\/09\/reclamar-contrato-en-fraude-de-ley.jpg?fit=1200%2C630&ssl=1&resize=350%2C200 1x, https:\/\/i0.wp.com\/www.reclamador.es\/blog\/wp-content\/uploads\/2017\/09\/reclamar-contrato-en-fraude-de-ley.jpg?fit=1200%2C630&ssl=1&resize=525%2C300 1.5x, https:\/\/i0.wp.com\/www.reclamador.es\/blog\/wp-content\/uploads\/2017\/09\/reclamar-contrato-en-fraude-de-ley.jpg?fit=1200%2C630&ssl=1&resize=700%2C400 2x, https:\/\/i0.wp.com\/www.reclamador.es\/blog\/wp-content\/uploads\/2017\/09\/reclamar-contrato-en-fraude-de-ley.jpg?fit=1200%2C630&ssl=1&resize=1050%2C600 3x"},"classes":[]},{"id":21087,"url":"https:\/\/www.reclamador.es\/blog\/contrato-ett-trabajadores\/","url_meta":{"origin":21422,"position":3},"title":"\u00bfEn qu\u00e9 consisten las Empresas de Trabajo Temporal? Ventajas e inconvenientes de las ETT","author":"Equipo reclamador","date":"18 febrero, 2019","format":false,"excerpt":"4,1 millones. Esta es la cifra que muestra el n\u00famero de contratos laborales firmados por medio de una ETT en 2018. Un 6,4% m\u00e1s que el a\u00f1o anterior, seg\u00fan datos del Observatorio Sectorial DBK Informa. Esto hace que tambi\u00e9n se produzcan reclamaciones laborales en ETT. Aunque es llamativa, esta cantidad\u2026","rel":"","context":"En \u00abConsejos legales\u00bb","block_context":{"text":"Consejos legales","link":"https:\/\/www.reclamador.es\/blog\/consejos\/"},"img":{"alt_text":"manos escribiendo en ordenador","src":"https:\/\/i0.wp.com\/www.reclamador.es\/blog\/wp-content\/uploads\/2019\/02\/ett-reclamador.png?fit=1200%2C800&ssl=1&resize=350%2C200","width":350,"height":200,"srcset":"https:\/\/i0.wp.com\/www.reclamador.es\/blog\/wp-content\/uploads\/2019\/02\/ett-reclamador.png?fit=1200%2C800&ssl=1&resize=350%2C200 1x, https:\/\/i0.wp.com\/www.reclamador.es\/blog\/wp-content\/uploads\/2019\/02\/ett-reclamador.png?fit=1200%2C800&ssl=1&resize=525%2C300 1.5x, https:\/\/i0.wp.com\/www.reclamador.es\/blog\/wp-content\/uploads\/2019\/02\/ett-reclamador.png?fit=1200%2C800&ssl=1&resize=700%2C400 2x, https:\/\/i0.wp.com\/www.reclamador.es\/blog\/wp-content\/uploads\/2019\/02\/ett-reclamador.png?fit=1200%2C800&ssl=1&resize=1050%2C600 3x"},"classes":[]},{"id":18785,"url":"https:\/\/www.reclamador.es\/blog\/derechos-trabajadores-san-fermin\/","url_meta":{"origin":21422,"position":4},"title":"Sanfermines y otros eventos de verano: que tus derechos laborales no se vayan de fiesta","author":"Equipo reclamador","date":"5 julio, 2019","format":false,"excerpt":"\u201cPamplonesas, pamploneses, gora San Ferm\u00edn\u201d. Con estas palabras durante el chupinazo, el pr\u00f3ximo s\u00e1bado 6 de julio, dar\u00e1n comienzo las fiestas m\u00e1s esperadas de la capital de Navarra: los sanfermines. Durar\u00e1n hasta el 14 de julio y llenar\u00e1n de vida y de color rojiblanco las calles de la ciudad. Esta\u2026","rel":"","context":"En \u00abConsejos legales\u00bb","block_context":{"text":"Consejos legales","link":"https:\/\/www.reclamador.es\/blog\/consejos\/"},"img":{"alt_text":"Derechos trabajadores en San Ferm\u00edn y otras fiestas","src":"https:\/\/i0.wp.com\/www.reclamador.es\/blog\/wp-content\/uploads\/2019\/07\/pixabay-san-fermin-derechos-trabajadores.jpg?fit=1200%2C630&ssl=1&resize=350%2C200","width":350,"height":200,"srcset":"https:\/\/i0.wp.com\/www.reclamador.es\/blog\/wp-content\/uploads\/2019\/07\/pixabay-san-fermin-derechos-trabajadores.jpg?fit=1200%2C630&ssl=1&resize=350%2C200 1x, https:\/\/i0.wp.com\/www.reclamador.es\/blog\/wp-content\/uploads\/2019\/07\/pixabay-san-fermin-derechos-trabajadores.jpg?fit=1200%2C630&ssl=1&resize=525%2C300 1.5x, https:\/\/i0.wp.com\/www.reclamador.es\/blog\/wp-content\/uploads\/2019\/07\/pixabay-san-fermin-derechos-trabajadores.jpg?fit=1200%2C630&ssl=1&resize=700%2C400 2x, https:\/\/i0.wp.com\/www.reclamador.es\/blog\/wp-content\/uploads\/2019\/07\/pixabay-san-fermin-derechos-trabajadores.jpg?fit=1200%2C630&ssl=1&resize=1050%2C600 3x"},"classes":[]},{"id":19121,"url":"https:\/\/www.reclamador.es\/blog\/finalizacion-contrato-temporal-que-corresponde\/","url_meta":{"origin":21422,"position":5},"title":"Finalizaci\u00f3n de un contrato temporal: \u00bfqu\u00e9 me corresponde?","author":"Equipo reclamador","date":"31 agosto, 2018","format":false,"excerpt":"*Contenido actualizado mayo 2025 Con la actual normativa laboral, en Espa\u00f1a en 2025 \u00fanicamente se pueden realizar dos tipos de contrato temporal: contrato temporal de sustituci\u00f3n y el contrato temporal por circunstancias de la producci\u00f3n (muy usado en verano o campa\u00f1as). Pero pese a que se intenta primar el contrato\u2026","rel":"","context":"En \u00abConsejos legales\u00bb","block_context":{"text":"Consejos legales","link":"https:\/\/www.reclamador.es\/blog\/consejos\/"},"img":{"alt_text":"Fin contrato temporal: finiquito e indemnizaci\u00f3n","src":"https:\/\/i0.wp.com\/www.reclamador.es\/blog\/wp-content\/uploads\/2018\/08\/finiquito-indemnzacion-fin-contrato-temporal.jpg?fit=1200%2C630&ssl=1&resize=350%2C200","width":350,"height":200,"srcset":"https:\/\/i0.wp.com\/www.reclamador.es\/blog\/wp-content\/uploads\/2018\/08\/finiquito-indemnzacion-fin-contrato-temporal.jpg?fit=1200%2C630&ssl=1&resize=350%2C200 1x, https:\/\/i0.wp.com\/www.reclamador.es\/blog\/wp-content\/uploads\/2018\/08\/finiquito-indemnzacion-fin-contrato-temporal.jpg?fit=1200%2C630&ssl=1&resize=525%2C300 1.5x, https:\/\/i0.wp.com\/www.reclamador.es\/blog\/wp-content\/uploads\/2018\/08\/finiquito-indemnzacion-fin-contrato-temporal.jpg?fit=1200%2C630&ssl=1&resize=700%2C400 2x, https:\/\/i0.wp.com\/www.reclamador.es\/blog\/wp-content\/uploads\/2018\/08\/finiquito-indemnzacion-fin-contrato-temporal.jpg?fit=1200%2C630&ssl=1&resize=1050%2C600 3x"},"classes":[]}],"jetpack_sharing_enabled":true,"_links":{"self":[{"href":"https:\/\/www.reclamador.es\/blog\/wp-json\/wp\/v2\/posts\/21422","targetHints":{"allow":["GET"]}}],"collection":[{"href":"https:\/\/www.reclamador.es\/blog\/wp-json\/wp\/v2\/posts"}],"about":[{"href":"https:\/\/www.reclamador.es\/blog\/wp-json\/wp\/v2\/types\/post"}],"author":[{"embeddable":true,"href":"https:\/\/www.reclamador.es\/blog\/wp-json\/wp\/v2\/users\/40"}],"replies":[{"embeddable":true,"href":"https:\/\/www.reclamador.es\/blog\/wp-json\/wp\/v2\/comments?post=21422"}],"version-history":[{"count":15,"href":"https:\/\/www.reclamador.es\/blog\/wp-json\/wp\/v2\/posts\/21422\/revisions"}],"predecessor-version":[{"id":33869,"href":"https:\/\/www.reclamador.es\/blog\/wp-json\/wp\/v2\/posts\/21422\/revisions\/33869"}],"wp:featuredmedia":[{"embeddable":true,"href":"https:\/\/www.reclamador.es\/blog\/wp-json\/wp\/v2\/media\/21423"}],"wp:attachment":[{"href":"https:\/\/www.reclamador.es\/blog\/wp-json\/wp\/v2\/media?parent=21422"}],"wp:term":[{"taxonomy":"category","embeddable":true,"href":"https:\/\/www.reclamador.es\/blog\/wp-json\/wp\/v2\/categories?post=21422"},{"taxonomy":"post_tag","embeddable":true,"href":"https:\/\/www.reclamador.es\/blog\/wp-json\/wp\/v2\/tags?post=21422"}],"curies":[{"name":"wp","href":"https:\/\/api.w.org\/{rel}","templated":true}]}}