{"id":21412,"date":"2019-03-21T11:58:28","date_gmt":"2019-03-21T10:58:28","guid":{"rendered":"https:\/\/www.reclamador.es\/blog\/?p=21412"},"modified":"2023-12-05T10:46:50","modified_gmt":"2023-12-05T09:46:50","slug":"accidente-en-blablacar","status":"publish","type":"post","link":"https:\/\/www.reclamador.es\/blog\/accidente-en-blablacar\/","title":{"rendered":"Accidente en BlaBlaCar: \u00bfqu\u00e9 cubre el seguro a los pasajeros?"},"content":{"rendered":"<div class=\"ttr_start\"><\/div>\n\n<div class=\"kk-star-ratings kksr-auto kksr-align-right kksr-valign-top\"\n    data-payload='{&quot;align&quot;:&quot;right&quot;,&quot;id&quot;:&quot;21412&quot;,&quot;slug&quot;:&quot;default&quot;,&quot;valign&quot;:&quot;top&quot;,&quot;ignore&quot;:&quot;&quot;,&quot;reference&quot;:&quot;auto&quot;,&quot;class&quot;:&quot;&quot;,&quot;count&quot;:&quot;2&quot;,&quot;legendonly&quot;:&quot;&quot;,&quot;readonly&quot;:&quot;&quot;,&quot;score&quot;:&quot;4&quot;,&quot;starsonly&quot;:&quot;&quot;,&quot;best&quot;:&quot;5&quot;,&quot;gap&quot;:&quot;3&quot;,&quot;greet&quot;:&quot;Valora este art\u00edculo&quot;,&quot;legend&quot;:&quot;4\\\/5 - (2 votos)&quot;,&quot;size&quot;:&quot;20&quot;,&quot;title&quot;:&quot;Accidente en BlaBlaCar: \u00bfqu\u00e9 cubre el seguro a los pasajeros?&quot;,&quot;width&quot;:&quot;90.5&quot;,&quot;_legend&quot;:&quot;{score}\\\/{best} - ({count} {votes})&quot;,&quot;font_factor&quot;:&quot;1.25&quot;}'>\n            \n<div class=\"kksr-stars\">\n    \n<div class=\"kksr-stars-inactive\">\n            <div class=\"kksr-star\" data-star=\"1\" style=\"padding-right: 3px\">\n            \n\n<div class=\"kksr-icon\" style=\"width: 20px; height: 20px;\"><\/div>\n        <\/div>\n            <div class=\"kksr-star\" data-star=\"2\" style=\"padding-right: 3px\">\n            \n\n<div class=\"kksr-icon\" style=\"width: 20px; height: 20px;\"><\/div>\n        <\/div>\n            <div class=\"kksr-star\" data-star=\"3\" style=\"padding-right: 3px\">\n            \n\n<div class=\"kksr-icon\" style=\"width: 20px; height: 20px;\"><\/div>\n        <\/div>\n            <div class=\"kksr-star\" data-star=\"4\" style=\"padding-right: 3px\">\n            \n\n<div class=\"kksr-icon\" style=\"width: 20px; height: 20px;\"><\/div>\n        <\/div>\n            <div class=\"kksr-star\" data-star=\"5\" style=\"padding-right: 3px\">\n            \n\n<div class=\"kksr-icon\" style=\"width: 20px; height: 20px;\"><\/div>\n        <\/div>\n    <\/div>\n    \n<div class=\"kksr-stars-active\" style=\"width: 90.5px;\">\n            <div class=\"kksr-star\" style=\"padding-right: 3px\">\n            \n\n<div class=\"kksr-icon\" style=\"width: 20px; height: 20px;\"><\/div>\n        <\/div>\n            <div class=\"kksr-star\" style=\"padding-right: 3px\">\n            \n\n<div class=\"kksr-icon\" style=\"width: 20px; height: 20px;\"><\/div>\n        <\/div>\n            <div class=\"kksr-star\" style=\"padding-right: 3px\">\n            \n\n<div class=\"kksr-icon\" style=\"width: 20px; height: 20px;\"><\/div>\n        <\/div>\n            <div class=\"kksr-star\" style=\"padding-right: 3px\">\n            \n\n<div class=\"kksr-icon\" style=\"width: 20px; height: 20px;\"><\/div>\n        <\/div>\n            <div class=\"kksr-star\" style=\"padding-right: 3px\">\n            \n\n<div class=\"kksr-icon\" style=\"width: 20px; height: 20px;\"><\/div>\n        <\/div>\n    <\/div>\n<\/div>\n                \n\n<div class=\"kksr-legend\" style=\"font-size: 16px;\">\n            4\/5 - (2 votos)    <\/div>\n    <\/div>\n<figure id=\"attachment_21415\" aria-describedby=\"caption-attachment-21415\" style=\"width: 1200px\" class=\"wp-caption aligncenter\"><img data-recalc-dims=\"1\" loading=\"lazy\" decoding=\"async\" class=\"size-full wp-image-21415\" src=\"https:\/\/i0.wp.com\/www.reclamador.es\/blog\/wp-content\/uploads\/2019\/03\/blablacar-reclamador-min.png?resize=1200%2C800&#038;ssl=1\" alt=\"coche parado de blablacar en la carretera\" width=\"1200\" height=\"800\" srcset=\"https:\/\/i0.wp.com\/www.reclamador.es\/blog\/wp-content\/uploads\/2019\/03\/blablacar-reclamador-min.png?w=1200&amp;ssl=1 1200w, https:\/\/i0.wp.com\/www.reclamador.es\/blog\/wp-content\/uploads\/2019\/03\/blablacar-reclamador-min.png?resize=150%2C100&amp;ssl=1 150w, https:\/\/i0.wp.com\/www.reclamador.es\/blog\/wp-content\/uploads\/2019\/03\/blablacar-reclamador-min.png?resize=300%2C200&amp;ssl=1 300w, https:\/\/i0.wp.com\/www.reclamador.es\/blog\/wp-content\/uploads\/2019\/03\/blablacar-reclamador-min.png?resize=768%2C512&amp;ssl=1 768w, https:\/\/i0.wp.com\/www.reclamador.es\/blog\/wp-content\/uploads\/2019\/03\/blablacar-reclamador-min.png?resize=1024%2C683&amp;ssl=1 1024w\" sizes=\"auto, (max-width: 1000px) 100vw, 1000px\" \/><figcaption id=\"caption-attachment-21415\" class=\"wp-caption-text\"><em>\u00bfTe cubre el seguro si te quedas parado viajando en BlaBlaCar?<\/em><\/figcaption><\/figure>\n<p><em>*Post actualizado diciembre 2023<\/em><\/p>\n<p><span style=\"font-weight: 400;\">La empresa francesa BlaBlaCar, que pone en contacto a viajeros y conductores para compartir los costes de un viaje en coche, lleva en Espa\u00f1a desde el a\u00f1o 2010. Desde entonces, muchos son los usuarios -m\u00e1s de 5 millones-, los que han optado por esta opci\u00f3n para llegar a su destino. <strong>En ella, los conductores no obtienen beneficios por ello, seg\u00fan la compa\u00f1\u00eda<\/strong>. BlaBlaCar explica que el objetivo de esta plataforma no es otro que compartir gastos y ser una de las formas m\u00e1s racionales y eficientes de movilidad del mercado. <\/span><span style=\"font-weight: 400;\">Para embarcarte con seguridad en el viaje en coche compartido es necesario que conozcas varios aspectos<\/span><span style=\"font-weight: 400;\">. Porque como en cualquier otro tipo de viaje por carretera, se puede sufrir un <strong>accidente de tr\u00e1fico<\/strong>. Y es importante conocer qu\u00e9 cubre la p\u00f3liza de los seguros en estos viajes.<\/span><\/p>\n<h2><b>\u00bfEl seguro del coche cubre el viaje compartido?<\/b><\/h2>\n<p><span style=\"font-weight: 400;\">Al no haber lucro por parte del conductor, <strong>lo habitual es que los seguros particulares cubran los viajes compartidos con otros usuarios<\/strong>. No obstante, si eres conductor y quieres hacer uso de esta plataforma para compartir alguno de los gastos de tu viaje, lo mejor es que consultes tu p\u00f3liza o bien que te pongas en contacto con el tomador de tu seguro para verificar si esto es realmente as\u00ed.<\/span><\/p>\n<p><span style=\"font-weight: 400;\">En el caso de que no lo cubra y que est\u00e9s convencido a usar BlaBlaCar, el consejo de nuestros abogados expertos es que <\/span><b>ampl\u00edes la cobertura<\/b><span style=\"font-weight: 400;\">. Siempre es mejor estar protegido ante lo que pueda suceder.<\/span><\/p>\n<h2><b>\u00bfHay coberturas adicionales por viajar en BlaBlaCar?<\/b><\/h2>\n<p><span style=\"font-weight: 400;\">Adem\u00e1s del seguro del veh\u00edculo en el que viajes, al ser usuario de la plataforma para compartir coche, vas a tener una serie de garant\u00edas adicionales gracias al acuerdo que la compa\u00f1\u00eda tiene con la empresa de seguros <strong>AXA<\/strong>.<\/span><\/p>\n<p><span style=\"font-weight: 400;\">La cobertura ampliada cuando viajas en BlaBlaCar recoge:<\/span><\/p>\n<ul>\n<li style=\"font-weight: 400;\"><span style=\"font-weight: 400;\"><strong>Asistencia en carretera<\/strong>. Entre otras, permite estar cubierto ante falta de combustible, aver\u00eda, accidente, incendio o robo. Tanto al conductor como al resto de los tripulantes del veh\u00edculo. Esto incluye la reparaci\u00f3n en carretera de la aver\u00eda si fuera posible.<\/span><\/li>\n<li style=\"font-weight: 400;\"><span style=\"font-weight: 400;\"><strong>Protecci\u00f3n legal<\/strong>. El seguro tambi\u00e9n pone al servicio del conductor protecci\u00f3n legal. Consiste en un tel\u00e9fono para asesorarse legalmente 24 horas. Adem\u00e1s, cubre frente a multas que hayan podido ocasionar los viajeros y reclamaciones de da\u00f1os frente a terceros.<\/span><\/li>\n<li style=\"font-weight: 400;\"><span style=\"font-weight: 400;\"><strong>Da\u00f1os personales del conductor<\/strong>.<\/span><\/li>\n<li style=\"font-weight: 400;\"><span style=\"font-weight: 400;\"><strong>Cobertura para los viajeros que olviden objetos en el coche<\/strong>. Si alg\u00fan viajero se deja olvidado alg\u00fan objeto en el coche, el conductor puede solicitar al seguro el env\u00edo a la direcci\u00f3n del usuario sin coste alguno para ninguno de los dos.<\/span><\/li>\n<\/ul>\n<h2><b>He tenido un accidente viajando en BlaBlaCar, \u00bfestoy cubierto por el seguro?<\/b><\/h2>\n<p><span style=\"font-weight: 400;\">Si sufres un accidente viajando en BlaBlaCar, vas a poder reclamar una indemnizaci\u00f3n al seguro del veh\u00edculo que haya tenido la culpa. Adem\u00e1s, como has podido ver, en el seguro adicional que la compa\u00f1\u00eda ofrece a sus usuarios, se contemplan los accidentes, tanto para el conductor como para los pasajeros, por lo que tanto <strong>si el accidente es producido por el conductor como por un tercero, vas a estar cubierto<\/strong>.<\/span><\/p>\n<p><span style=\"font-weight: 400;\">Adem\u00e1s, muchos conductores tienen p\u00f3lizas de seguros ampliadas que cubren m\u00e1s casos que las b\u00e1sicas. Si tienes dudas pregunta al conductor antes de reservar el viaje.<\/span><\/p>\n<h2><b>\u00bfY si la aseguradora no me da la indemnizaci\u00f3n por accidente que me corresponde?<\/b><\/h2>\n<p><span style=\"font-weight: 400;\">Hay ocasiones en la que la aseguradora obstaculiza el pago de la indemnizaci\u00f3n u ofrece menos de lo que corresponde seg\u00fan la Ley del Baremo. Por eso, el consejo de nuestros abogados expertos en accidentes de tr\u00e1fico es que te pongas en manos de profesionales. De esta forma te indicar\u00e1n cu\u00e1l es la cantidad real que te corresponde de indemnizaci\u00f3n tras un accidente y de esta forma poder maximizar tu indemnizaci\u00f3n.<\/span><\/p>\n<div class=\"ttr_end\"><\/div>","protected":false},"excerpt":{"rendered":"<p>*Post actualizado diciembre 2023 La empresa francesa BlaBlaCar, que pone en contacto a viajeros y conductores para compartir los costes de un viaje en coche, lleva en Espa\u00f1a desde el a\u00f1o 2010. Desde entonces, muchos son los usuarios -m\u00e1s de 5 millones-, los que han optado por esta opci\u00f3n para llegar a su destino. En [&hellip;]<\/p>\n","protected":false},"author":35,"featured_media":21415,"comment_status":"open","ping_status":"open","sticky":false,"template":"","format":"standard","meta":{"_acf_changed":false,"_genesis_hide_title":false,"_genesis_hide_breadcrumbs":false,"_genesis_hide_singular_image":false,"_genesis_hide_footer_widgets":false,"_genesis_custom_body_class":"","_genesis_custom_post_class":"","_genesis_layout":"","_jetpack_newsletter_access":"","_jetpack_dont_email_post_to_subs":false,"_jetpack_newsletter_tier_id":0,"_jetpack_memberships_contains_paywalled_content":false,"_jetpack_memberships_contains_paid_content":false,"footnotes":""},"categories":[393],"tags":[255,289],"class_list":{"0":"post-21412","1":"post","2":"type-post","3":"status-publish","4":"format-standard","5":"has-post-thumbnail","7":"category-consejos","8":"tag-indemnizacion","9":"tag-reclamacion","10":"entry"},"acf":[],"yoast_head":"<!-- This site is optimized with the Yoast SEO plugin v27.4 - https:\/\/yoast.com\/product\/yoast-seo-wordpress\/ -->\n<title>Accidente viajando en BlaBlaCar: \u00bfQu\u00e9 hago?<\/title>\n<meta name=\"description\" content=\"\u00bfTe has preguntado alguna vez qu\u00e9 ocurre si tienes un accidente viajando en BlaBlaCar? \u00bfY si se te olvida alg\u00fan objeto? Te damos las claves!\" \/>\n<meta name=\"robots\" content=\"index, follow, max-snippet:-1, max-image-preview:large, max-video-preview:-1\" \/>\n<link rel=\"canonical\" href=\"https:\/\/www.reclamador.es\/blog\/accidente-en-blablacar\/\" \/>\n<meta property=\"og:locale\" content=\"es_ES\" \/>\n<meta property=\"og:type\" content=\"article\" \/>\n<meta property=\"og:title\" content=\"Accidente viajando en BlaBlaCar: \u00bfQu\u00e9 hago?\" \/>\n<meta property=\"og:description\" content=\"\u00bfTe has preguntado alguna vez qu\u00e9 ocurre si tienes un accidente viajando en BlaBlaCar? \u00bfY si se te olvida alg\u00fan objeto? Te damos las claves!\" \/>\n<meta property=\"og:url\" content=\"https:\/\/www.reclamador.es\/blog\/accidente-en-blablacar\/\" \/>\n<meta property=\"og:site_name\" content=\"Rebeldes con causa, el blog de reclamador.es\" \/>\n<meta property=\"article:publisher\" content=\"https:\/\/www.facebook.com\/reclamador.es\" \/>\n<meta property=\"article:published_time\" content=\"2019-03-21T10:58:28+00:00\" \/>\n<meta property=\"article:modified_time\" content=\"2023-12-05T09:46:50+00:00\" \/>\n<meta property=\"og:image\" content=\"https:\/\/i0.wp.com\/www.reclamador.es\/blog\/wp-content\/uploads\/2019\/03\/blablacar-reclamador-min.png?fit=1200%2C800&ssl=1\" \/>\n\t<meta property=\"og:image:width\" content=\"1200\" \/>\n\t<meta property=\"og:image:height\" content=\"800\" \/>\n\t<meta property=\"og:image:type\" content=\"image\/png\" \/>\n<meta name=\"author\" content=\"Esperanza Palacio\" \/>\n<meta name=\"twitter:card\" content=\"summary_large_image\" \/>\n<meta name=\"twitter:creator\" content=\"@reclamador\" \/>\n<meta name=\"twitter:site\" content=\"@reclamador\" \/>\n<meta name=\"twitter:label1\" content=\"Escrito por\" \/>\n\t<meta name=\"twitter:data1\" content=\"Esperanza Palacio\" \/>\n\t<meta name=\"twitter:label2\" content=\"Tiempo de lectura\" \/>\n\t<meta name=\"twitter:data2\" content=\"3 minutos\" \/>\n<script type=\"application\/ld+json\" class=\"yoast-schema-graph\">{\"@context\":\"https:\\\/\\\/schema.org\",\"@graph\":[{\"@type\":\"Article\",\"@id\":\"https:\\\/\\\/www.reclamador.es\\\/blog\\\/accidente-en-blablacar\\\/#article\",\"isPartOf\":{\"@id\":\"https:\\\/\\\/www.reclamador.es\\\/blog\\\/accidente-en-blablacar\\\/\"},\"author\":{\"name\":\"Esperanza Palacio\",\"@id\":\"https:\\\/\\\/www.reclamador.es\\\/blog\\\/#\\\/schema\\\/person\\\/cf3cb2d85efd763e4aba87a7b1e7f9c6\"},\"headline\":\"Accidente en BlaBlaCar: \u00bfqu\u00e9 cubre el seguro a los pasajeros?\",\"datePublished\":\"2019-03-21T10:58:28+00:00\",\"dateModified\":\"2023-12-05T09:46:50+00:00\",\"mainEntityOfPage\":{\"@id\":\"https:\\\/\\\/www.reclamador.es\\\/blog\\\/accidente-en-blablacar\\\/\"},\"wordCount\":698,\"commentCount\":4,\"publisher\":{\"@id\":\"https:\\\/\\\/www.reclamador.es\\\/blog\\\/#organization\"},\"image\":{\"@id\":\"https:\\\/\\\/www.reclamador.es\\\/blog\\\/accidente-en-blablacar\\\/#primaryimage\"},\"thumbnailUrl\":\"https:\\\/\\\/i0.wp.com\\\/www.reclamador.es\\\/blog\\\/wp-content\\\/uploads\\\/2019\\\/03\\\/blablacar-reclamador-min.png?fit=1200%2C800&ssl=1\",\"keywords\":[\"indemnizaci\u00f3n\",\"reclamaci\u00f3n\"],\"articleSection\":[\"Consejos legales\"],\"inLanguage\":\"es\",\"potentialAction\":[{\"@type\":\"CommentAction\",\"name\":\"Comment\",\"target\":[\"https:\\\/\\\/www.reclamador.es\\\/blog\\\/accidente-en-blablacar\\\/#respond\"]}]},{\"@type\":\"WebPage\",\"@id\":\"https:\\\/\\\/www.reclamador.es\\\/blog\\\/accidente-en-blablacar\\\/\",\"url\":\"https:\\\/\\\/www.reclamador.es\\\/blog\\\/accidente-en-blablacar\\\/\",\"name\":\"Accidente viajando en BlaBlaCar: \u00bfQu\u00e9 hago?\",\"isPartOf\":{\"@id\":\"https:\\\/\\\/www.reclamador.es\\\/blog\\\/#website\"},\"primaryImageOfPage\":{\"@id\":\"https:\\\/\\\/www.reclamador.es\\\/blog\\\/accidente-en-blablacar\\\/#primaryimage\"},\"image\":{\"@id\":\"https:\\\/\\\/www.reclamador.es\\\/blog\\\/accidente-en-blablacar\\\/#primaryimage\"},\"thumbnailUrl\":\"https:\\\/\\\/i0.wp.com\\\/www.reclamador.es\\\/blog\\\/wp-content\\\/uploads\\\/2019\\\/03\\\/blablacar-reclamador-min.png?fit=1200%2C800&ssl=1\",\"datePublished\":\"2019-03-21T10:58:28+00:00\",\"dateModified\":\"2023-12-05T09:46:50+00:00\",\"description\":\"\u00bfTe has preguntado alguna vez qu\u00e9 ocurre si tienes un accidente viajando en BlaBlaCar? \u00bfY si se te olvida alg\u00fan objeto? Te damos las claves!\",\"breadcrumb\":{\"@id\":\"https:\\\/\\\/www.reclamador.es\\\/blog\\\/accidente-en-blablacar\\\/#breadcrumb\"},\"inLanguage\":\"es\",\"potentialAction\":[{\"@type\":\"ReadAction\",\"target\":[\"https:\\\/\\\/www.reclamador.es\\\/blog\\\/accidente-en-blablacar\\\/\"]}]},{\"@type\":\"ImageObject\",\"inLanguage\":\"es\",\"@id\":\"https:\\\/\\\/www.reclamador.es\\\/blog\\\/accidente-en-blablacar\\\/#primaryimage\",\"url\":\"https:\\\/\\\/i0.wp.com\\\/www.reclamador.es\\\/blog\\\/wp-content\\\/uploads\\\/2019\\\/03\\\/blablacar-reclamador-min.png?fit=1200%2C800&ssl=1\",\"contentUrl\":\"https:\\\/\\\/i0.wp.com\\\/www.reclamador.es\\\/blog\\\/wp-content\\\/uploads\\\/2019\\\/03\\\/blablacar-reclamador-min.png?fit=1200%2C800&ssl=1\",\"width\":1200,\"height\":800,\"caption\":\"\u00bfTe cubre el seguro si te quedas parado viajando en BlaBlaCar?\"},{\"@type\":\"BreadcrumbList\",\"@id\":\"https:\\\/\\\/www.reclamador.es\\\/blog\\\/accidente-en-blablacar\\\/#breadcrumb\",\"itemListElement\":[{\"@type\":\"ListItem\",\"position\":1,\"name\":\"Portada\",\"item\":\"https:\\\/\\\/www.reclamador.es\\\/blog\\\/\"},{\"@type\":\"ListItem\",\"position\":2,\"name\":\"Accidente en BlaBlaCar: \u00bfqu\u00e9 cubre el seguro a los pasajeros?\"}]},{\"@type\":\"WebSite\",\"@id\":\"https:\\\/\\\/www.reclamador.es\\\/blog\\\/#website\",\"url\":\"https:\\\/\\\/www.reclamador.es\\\/blog\\\/\",\"name\":\"Rebeldes con causa, el blog de reclamador.es\",\"description\":\"Noticias, entrevistas y consejos sobre reclamaciones\",\"publisher\":{\"@id\":\"https:\\\/\\\/www.reclamador.es\\\/blog\\\/#organization\"},\"potentialAction\":[{\"@type\":\"SearchAction\",\"target\":{\"@type\":\"EntryPoint\",\"urlTemplate\":\"https:\\\/\\\/www.reclamador.es\\\/blog\\\/?s={search_term_string}\"},\"query-input\":{\"@type\":\"PropertyValueSpecification\",\"valueRequired\":true,\"valueName\":\"search_term_string\"}}],\"inLanguage\":\"es\"},{\"@type\":\"Organization\",\"@id\":\"https:\\\/\\\/www.reclamador.es\\\/blog\\\/#organization\",\"name\":\"reclamador.es\",\"url\":\"https:\\\/\\\/www.reclamador.es\\\/blog\\\/\",\"logo\":{\"@type\":\"ImageObject\",\"inLanguage\":\"es\",\"@id\":\"https:\\\/\\\/www.reclamador.es\\\/blog\\\/#\\\/schema\\\/logo\\\/image\\\/\",\"url\":\"https:\\\/\\\/i0.wp.com\\\/www.reclamador.es\\\/blog\\\/wp-content\\\/uploads\\\/2020\\\/01\\\/logo-reclamador.png?fit=1200%2C144&ssl=1\",\"contentUrl\":\"https:\\\/\\\/i0.wp.com\\\/www.reclamador.es\\\/blog\\\/wp-content\\\/uploads\\\/2020\\\/01\\\/logo-reclamador.png?fit=1200%2C144&ssl=1\",\"width\":1200,\"height\":144,\"caption\":\"reclamador.es\"},\"image\":{\"@id\":\"https:\\\/\\\/www.reclamador.es\\\/blog\\\/#\\\/schema\\\/logo\\\/image\\\/\"},\"sameAs\":[\"https:\\\/\\\/www.facebook.com\\\/reclamador.es\",\"https:\\\/\\\/x.com\\\/reclamador\",\"https:\\\/\\\/www.instagram.com\\\/reclamador.es\\\/\",\"https:\\\/\\\/www.linkedin.com\\\/company\\\/reclamador-es\",\"https:\\\/\\\/www.youtube.com\\\/user\\\/Reclamadores\"]},{\"@type\":\"Person\",\"@id\":\"https:\\\/\\\/www.reclamador.es\\\/blog\\\/#\\\/schema\\\/person\\\/cf3cb2d85efd763e4aba87a7b1e7f9c6\",\"name\":\"Esperanza Palacio\",\"image\":{\"@type\":\"ImageObject\",\"inLanguage\":\"es\",\"@id\":\"https:\\\/\\\/secure.gravatar.com\\\/avatar\\\/0a2c5600eed3726bc2d809c3f26661b114305369d00dc45f7c4370f239422eb7?s=96&d=mm&r=g\",\"url\":\"https:\\\/\\\/secure.gravatar.com\\\/avatar\\\/0a2c5600eed3726bc2d809c3f26661b114305369d00dc45f7c4370f239422eb7?s=96&d=mm&r=g\",\"contentUrl\":\"https:\\\/\\\/secure.gravatar.com\\\/avatar\\\/0a2c5600eed3726bc2d809c3f26661b114305369d00dc45f7c4370f239422eb7?s=96&d=mm&r=g\",\"caption\":\"Esperanza Palacio\"},\"url\":\"https:\\\/\\\/www.reclamador.es\\\/blog\\\/author\\\/esperanza-palacio\\\/\"}]}<\/script>\n<!-- \/ Yoast SEO plugin. -->","yoast_head_json":{"title":"Accidente viajando en BlaBlaCar: \u00bfQu\u00e9 hago?","description":"\u00bfTe has preguntado alguna vez qu\u00e9 ocurre si tienes un accidente viajando en BlaBlaCar? \u00bfY si se te olvida alg\u00fan objeto? Te damos las claves!","robots":{"index":"index","follow":"follow","max-snippet":"max-snippet:-1","max-image-preview":"max-image-preview:large","max-video-preview":"max-video-preview:-1"},"canonical":"https:\/\/www.reclamador.es\/blog\/accidente-en-blablacar\/","og_locale":"es_ES","og_type":"article","og_title":"Accidente viajando en BlaBlaCar: \u00bfQu\u00e9 hago?","og_description":"\u00bfTe has preguntado alguna vez qu\u00e9 ocurre si tienes un accidente viajando en BlaBlaCar? \u00bfY si se te olvida alg\u00fan objeto? Te damos las claves!","og_url":"https:\/\/www.reclamador.es\/blog\/accidente-en-blablacar\/","og_site_name":"Rebeldes con causa, el blog de reclamador.es","article_publisher":"https:\/\/www.facebook.com\/reclamador.es","article_published_time":"2019-03-21T10:58:28+00:00","article_modified_time":"2023-12-05T09:46:50+00:00","og_image":[{"width":1200,"height":800,"url":"https:\/\/i0.wp.com\/www.reclamador.es\/blog\/wp-content\/uploads\/2019\/03\/blablacar-reclamador-min.png?fit=1200%2C800&ssl=1","type":"image\/png"}],"author":"Esperanza Palacio","twitter_card":"summary_large_image","twitter_creator":"@reclamador","twitter_site":"@reclamador","twitter_misc":{"Escrito por":"Esperanza Palacio","Tiempo de lectura":"3 minutos"},"schema":{"@context":"https:\/\/schema.org","@graph":[{"@type":"Article","@id":"https:\/\/www.reclamador.es\/blog\/accidente-en-blablacar\/#article","isPartOf":{"@id":"https:\/\/www.reclamador.es\/blog\/accidente-en-blablacar\/"},"author":{"name":"Esperanza Palacio","@id":"https:\/\/www.reclamador.es\/blog\/#\/schema\/person\/cf3cb2d85efd763e4aba87a7b1e7f9c6"},"headline":"Accidente en BlaBlaCar: \u00bfqu\u00e9 cubre el seguro a los pasajeros?","datePublished":"2019-03-21T10:58:28+00:00","dateModified":"2023-12-05T09:46:50+00:00","mainEntityOfPage":{"@id":"https:\/\/www.reclamador.es\/blog\/accidente-en-blablacar\/"},"wordCount":698,"commentCount":4,"publisher":{"@id":"https:\/\/www.reclamador.es\/blog\/#organization"},"image":{"@id":"https:\/\/www.reclamador.es\/blog\/accidente-en-blablacar\/#primaryimage"},"thumbnailUrl":"https:\/\/i0.wp.com\/www.reclamador.es\/blog\/wp-content\/uploads\/2019\/03\/blablacar-reclamador-min.png?fit=1200%2C800&ssl=1","keywords":["indemnizaci\u00f3n","reclamaci\u00f3n"],"articleSection":["Consejos legales"],"inLanguage":"es","potentialAction":[{"@type":"CommentAction","name":"Comment","target":["https:\/\/www.reclamador.es\/blog\/accidente-en-blablacar\/#respond"]}]},{"@type":"WebPage","@id":"https:\/\/www.reclamador.es\/blog\/accidente-en-blablacar\/","url":"https:\/\/www.reclamador.es\/blog\/accidente-en-blablacar\/","name":"Accidente viajando en BlaBlaCar: \u00bfQu\u00e9 hago?","isPartOf":{"@id":"https:\/\/www.reclamador.es\/blog\/#website"},"primaryImageOfPage":{"@id":"https:\/\/www.reclamador.es\/blog\/accidente-en-blablacar\/#primaryimage"},"image":{"@id":"https:\/\/www.reclamador.es\/blog\/accidente-en-blablacar\/#primaryimage"},"thumbnailUrl":"https:\/\/i0.wp.com\/www.reclamador.es\/blog\/wp-content\/uploads\/2019\/03\/blablacar-reclamador-min.png?fit=1200%2C800&ssl=1","datePublished":"2019-03-21T10:58:28+00:00","dateModified":"2023-12-05T09:46:50+00:00","description":"\u00bfTe has preguntado alguna vez qu\u00e9 ocurre si tienes un accidente viajando en BlaBlaCar? \u00bfY si se te olvida alg\u00fan objeto? Te damos las claves!","breadcrumb":{"@id":"https:\/\/www.reclamador.es\/blog\/accidente-en-blablacar\/#breadcrumb"},"inLanguage":"es","potentialAction":[{"@type":"ReadAction","target":["https:\/\/www.reclamador.es\/blog\/accidente-en-blablacar\/"]}]},{"@type":"ImageObject","inLanguage":"es","@id":"https:\/\/www.reclamador.es\/blog\/accidente-en-blablacar\/#primaryimage","url":"https:\/\/i0.wp.com\/www.reclamador.es\/blog\/wp-content\/uploads\/2019\/03\/blablacar-reclamador-min.png?fit=1200%2C800&ssl=1","contentUrl":"https:\/\/i0.wp.com\/www.reclamador.es\/blog\/wp-content\/uploads\/2019\/03\/blablacar-reclamador-min.png?fit=1200%2C800&ssl=1","width":1200,"height":800,"caption":"\u00bfTe cubre el seguro si te quedas parado viajando en BlaBlaCar?"},{"@type":"BreadcrumbList","@id":"https:\/\/www.reclamador.es\/blog\/accidente-en-blablacar\/#breadcrumb","itemListElement":[{"@type":"ListItem","position":1,"name":"Portada","item":"https:\/\/www.reclamador.es\/blog\/"},{"@type":"ListItem","position":2,"name":"Accidente en BlaBlaCar: \u00bfqu\u00e9 cubre el seguro a los pasajeros?"}]},{"@type":"WebSite","@id":"https:\/\/www.reclamador.es\/blog\/#website","url":"https:\/\/www.reclamador.es\/blog\/","name":"Rebeldes con causa, el blog de reclamador.es","description":"Noticias, entrevistas y consejos sobre reclamaciones","publisher":{"@id":"https:\/\/www.reclamador.es\/blog\/#organization"},"potentialAction":[{"@type":"SearchAction","target":{"@type":"EntryPoint","urlTemplate":"https:\/\/www.reclamador.es\/blog\/?s={search_term_string}"},"query-input":{"@type":"PropertyValueSpecification","valueRequired":true,"valueName":"search_term_string"}}],"inLanguage":"es"},{"@type":"Organization","@id":"https:\/\/www.reclamador.es\/blog\/#organization","name":"reclamador.es","url":"https:\/\/www.reclamador.es\/blog\/","logo":{"@type":"ImageObject","inLanguage":"es","@id":"https:\/\/www.reclamador.es\/blog\/#\/schema\/logo\/image\/","url":"https:\/\/i0.wp.com\/www.reclamador.es\/blog\/wp-content\/uploads\/2020\/01\/logo-reclamador.png?fit=1200%2C144&ssl=1","contentUrl":"https:\/\/i0.wp.com\/www.reclamador.es\/blog\/wp-content\/uploads\/2020\/01\/logo-reclamador.png?fit=1200%2C144&ssl=1","width":1200,"height":144,"caption":"reclamador.es"},"image":{"@id":"https:\/\/www.reclamador.es\/blog\/#\/schema\/logo\/image\/"},"sameAs":["https:\/\/www.facebook.com\/reclamador.es","https:\/\/x.com\/reclamador","https:\/\/www.instagram.com\/reclamador.es\/","https:\/\/www.linkedin.com\/company\/reclamador-es","https:\/\/www.youtube.com\/user\/Reclamadores"]},{"@type":"Person","@id":"https:\/\/www.reclamador.es\/blog\/#\/schema\/person\/cf3cb2d85efd763e4aba87a7b1e7f9c6","name":"Esperanza Palacio","image":{"@type":"ImageObject","inLanguage":"es","@id":"https:\/\/secure.gravatar.com\/avatar\/0a2c5600eed3726bc2d809c3f26661b114305369d00dc45f7c4370f239422eb7?s=96&d=mm&r=g","url":"https:\/\/secure.gravatar.com\/avatar\/0a2c5600eed3726bc2d809c3f26661b114305369d00dc45f7c4370f239422eb7?s=96&d=mm&r=g","contentUrl":"https:\/\/secure.gravatar.com\/avatar\/0a2c5600eed3726bc2d809c3f26661b114305369d00dc45f7c4370f239422eb7?s=96&d=mm&r=g","caption":"Esperanza Palacio"},"url":"https:\/\/www.reclamador.es\/blog\/author\/esperanza-palacio\/"}]}},"jetpack_featured_media_url":"https:\/\/i0.wp.com\/www.reclamador.es\/blog\/wp-content\/uploads\/2019\/03\/blablacar-reclamador-min.png?fit=1200%2C800&ssl=1","jetpack-related-posts":[{"id":19414,"url":"https:\/\/www.reclamador.es\/blog\/viajar-extranjero-con-coche-que-cubre-seguro\/","url_meta":{"origin":21412,"position":0},"title":"Viaje por Europa con el coche: \u00bfqu\u00e9 cubre el seguro?","author":"Equipo reclamador","date":"29 marzo, 2022","format":false,"excerpt":"Por su cercan\u00eda, Portugal, Francia y Andorra son tres destinos para viajar en coche desde Espa\u00f1a. Los m\u00e1s aventureros se atreven a conducir hasta Italia, Bulgaria o Ruman\u00eda, entro otros muchos destinos. Y ahora, con el conflicto b\u00e9lico en Ucrania, muchos voluntarios han cogido su coche hasta la frontera de\u2026","rel":"","context":"En \u00abConsejos legales\u00bb","block_context":{"text":"Consejos legales","link":"https:\/\/www.reclamador.es\/blog\/consejos\/"},"img":{"alt_text":"Viajar al extranjero con el coche: no todas las coberturas contratadas tienen aplicaci\u00f3n en caso de tener un accidente","src":"https:\/\/i0.wp.com\/www.reclamador.es\/blog\/wp-content\/uploads\/2020\/11\/conducir-europa-viajes.jpg?fit=1200%2C900&ssl=1&resize=350%2C200","width":350,"height":200,"srcset":"https:\/\/i0.wp.com\/www.reclamador.es\/blog\/wp-content\/uploads\/2020\/11\/conducir-europa-viajes.jpg?fit=1200%2C900&ssl=1&resize=350%2C200 1x, https:\/\/i0.wp.com\/www.reclamador.es\/blog\/wp-content\/uploads\/2020\/11\/conducir-europa-viajes.jpg?fit=1200%2C900&ssl=1&resize=525%2C300 1.5x, https:\/\/i0.wp.com\/www.reclamador.es\/blog\/wp-content\/uploads\/2020\/11\/conducir-europa-viajes.jpg?fit=1200%2C900&ssl=1&resize=700%2C400 2x, https:\/\/i0.wp.com\/www.reclamador.es\/blog\/wp-content\/uploads\/2020\/11\/conducir-europa-viajes.jpg?fit=1200%2C900&ssl=1&resize=1050%2C600 3x"},"classes":[]},{"id":21475,"url":"https:\/\/www.reclamador.es\/blog\/accidente-coche-autoescuela\/","url_meta":{"origin":21412,"position":1},"title":"\u00bfQu\u00e9 derechos tienes si sufres un accidente en un coche de autoescuela?","author":"Equipo reclamador","date":"20 marzo, 2022","format":false,"excerpt":"Cada a\u00f1o miles de personas, tras haber aprobado el examen te\u00f3rico de conducir, realizan clases pr\u00e1cticas en autoescuelas de toda Espa\u00f1a. Esto hace que sean muchos los coches tripulados por personas que todav\u00eda no gozan del permiso de circulaci\u00f3n pero que, con la supervisi\u00f3n de un profesor, recorren calles y\u2026","rel":"","context":"En \u00abConsejos legales\u00bb","block_context":{"text":"Consejos legales","link":"https:\/\/www.reclamador.es\/blog\/consejos\/"},"img":{"alt_text":"coche de autoescuela antes de accidente","src":"https:\/\/i0.wp.com\/www.reclamador.es\/blog\/wp-content\/uploads\/2019\/03\/coche-autoescuela-min.png?fit=1200%2C800&ssl=1&resize=350%2C200","width":350,"height":200,"srcset":"https:\/\/i0.wp.com\/www.reclamador.es\/blog\/wp-content\/uploads\/2019\/03\/coche-autoescuela-min.png?fit=1200%2C800&ssl=1&resize=350%2C200 1x, https:\/\/i0.wp.com\/www.reclamador.es\/blog\/wp-content\/uploads\/2019\/03\/coche-autoescuela-min.png?fit=1200%2C800&ssl=1&resize=525%2C300 1.5x, https:\/\/i0.wp.com\/www.reclamador.es\/blog\/wp-content\/uploads\/2019\/03\/coche-autoescuela-min.png?fit=1200%2C800&ssl=1&resize=700%2C400 2x, https:\/\/i0.wp.com\/www.reclamador.es\/blog\/wp-content\/uploads\/2019\/03\/coche-autoescuela-min.png?fit=1200%2C800&ssl=1&resize=1050%2C600 3x"},"classes":[]},{"id":22065,"url":"https:\/\/www.reclamador.es\/blog\/cuando-no-cubre-seguro-coche\/","url_meta":{"origin":21412,"position":2},"title":"10 situaciones no cubiertas por el seguro del autom\u00f3vil en un accidente de tr\u00e1fico","author":"Esperanza Palacio","date":"8 octubre, 2019","format":false,"excerpt":"Contenido reeditado a fecha 10\/01\/2023 No todo vale. Esta frase que seguro has escuchado e, incluso, utilizado en alguna ocasi\u00f3n, tambi\u00e9n es aplicable a la cobertura de los seguros en accidentes de tr\u00e1fico. Pues las p\u00f3lizas suelen excluir determinadas circunstancias por las cuales, de producirse, quedan exoneradas de la responsabilidad\u2026","rel":"","context":"En \u00abConsejos legales\u00bb","block_context":{"text":"Consejos legales","link":"https:\/\/www.reclamador.es\/blog\/consejos\/"},"img":{"alt_text":"qu\u00e9 no cubre el seguro obligatorio reclamador","src":"https:\/\/i0.wp.com\/www.reclamador.es\/blog\/wp-content\/uploads\/2019\/10\/que-no-cubre-el-seguro-obligatorio-accidentes-trafico-reclamador_destacada.jpg?fit=800%2C419&ssl=1&resize=350%2C200","width":350,"height":200,"srcset":"https:\/\/i0.wp.com\/www.reclamador.es\/blog\/wp-content\/uploads\/2019\/10\/que-no-cubre-el-seguro-obligatorio-accidentes-trafico-reclamador_destacada.jpg?fit=800%2C419&ssl=1&resize=350%2C200 1x, https:\/\/i0.wp.com\/www.reclamador.es\/blog\/wp-content\/uploads\/2019\/10\/que-no-cubre-el-seguro-obligatorio-accidentes-trafico-reclamador_destacada.jpg?fit=800%2C419&ssl=1&resize=525%2C300 1.5x, https:\/\/i0.wp.com\/www.reclamador.es\/blog\/wp-content\/uploads\/2019\/10\/que-no-cubre-el-seguro-obligatorio-accidentes-trafico-reclamador_destacada.jpg?fit=800%2C419&ssl=1&resize=700%2C400 2x"},"classes":[]},{"id":7685,"url":"https:\/\/www.reclamador.es\/blog\/ocurre-sufro-accidente-viajando-transporte-publico\/","url_meta":{"origin":21412,"position":3},"title":"Accidente en transporte p\u00fablico: qu\u00e9 debes hacer y qu\u00e9 puedes reclamar","author":"Equipo reclamador","date":"7 abril, 2024","format":false,"excerpt":"Autob\u00fas, metro, tranv\u00eda, tren de cercan\u00edas\u2026 Seg\u00fan la ciudad o el municipio donde nos encontremos, las opciones para viajar en transporte p\u00fablico se multiplican. De todos los m\u00e9todos de transporte p\u00fablico, los accidentes en autob\u00fas son los m\u00e1s habituales. Si resultas perjudicado por un accidente donde no eres responsable, tienes\u2026","rel":"","context":"En \u00abConsejos legales\u00bb","block_context":{"text":"Consejos legales","link":"https:\/\/www.reclamador.es\/blog\/consejos\/"},"img":{"alt_text":"accidente en transporte p\u00fablico espa\u00f1a","src":"https:\/\/i0.wp.com\/www.reclamador.es\/blog\/wp-content\/uploads\/2024\/04\/accidente-transporte-publico-metro-autobus-tren-caida-golpe.jpg?fit=1200%2C630&ssl=1&resize=350%2C200","width":350,"height":200,"srcset":"https:\/\/i0.wp.com\/www.reclamador.es\/blog\/wp-content\/uploads\/2024\/04\/accidente-transporte-publico-metro-autobus-tren-caida-golpe.jpg?fit=1200%2C630&ssl=1&resize=350%2C200 1x, https:\/\/i0.wp.com\/www.reclamador.es\/blog\/wp-content\/uploads\/2024\/04\/accidente-transporte-publico-metro-autobus-tren-caida-golpe.jpg?fit=1200%2C630&ssl=1&resize=525%2C300 1.5x, https:\/\/i0.wp.com\/www.reclamador.es\/blog\/wp-content\/uploads\/2024\/04\/accidente-transporte-publico-metro-autobus-tren-caida-golpe.jpg?fit=1200%2C630&ssl=1&resize=700%2C400 2x, https:\/\/i0.wp.com\/www.reclamador.es\/blog\/wp-content\/uploads\/2024\/04\/accidente-transporte-publico-metro-autobus-tren-caida-golpe.jpg?fit=1200%2C630&ssl=1&resize=1050%2C600 3x"},"classes":[]},{"id":21790,"url":"https:\/\/www.reclamador.es\/blog\/accidente-coche-de-caballos-indemnizacion\/","url_meta":{"origin":21412,"position":4},"title":"Reclamaciones e indemnizaciones por accidente en coche de caballos","author":"Equipo reclamador","date":"6 mayo, 2019","format":false,"excerpt":"En muchos n\u00facleos urbanos del sur de Espa\u00f1a conviven veh\u00edculos a motor y coches de caballos como medio de transporte de viajeros. Este segundo, un medio de transporte que en estas fechas se multiplica en el sur de Espa\u00f1a, pues tienen lugar las famosas ferias. Una de las m\u00e1s conocidas\u2026","rel":"","context":"En \u00abConsejos legales\u00bb","block_context":{"text":"Consejos legales","link":"https:\/\/www.reclamador.es\/blog\/consejos\/"},"img":{"alt_text":"Accidente en coche de caballos - espa\u00f1a","src":"https:\/\/i0.wp.com\/www.reclamador.es\/blog\/wp-content\/uploads\/2019\/05\/sevilla-accidente-coche-de-caballos.jpg?fit=1200%2C630&ssl=1&resize=350%2C200","width":350,"height":200,"srcset":"https:\/\/i0.wp.com\/www.reclamador.es\/blog\/wp-content\/uploads\/2019\/05\/sevilla-accidente-coche-de-caballos.jpg?fit=1200%2C630&ssl=1&resize=350%2C200 1x, https:\/\/i0.wp.com\/www.reclamador.es\/blog\/wp-content\/uploads\/2019\/05\/sevilla-accidente-coche-de-caballos.jpg?fit=1200%2C630&ssl=1&resize=525%2C300 1.5x, https:\/\/i0.wp.com\/www.reclamador.es\/blog\/wp-content\/uploads\/2019\/05\/sevilla-accidente-coche-de-caballos.jpg?fit=1200%2C630&ssl=1&resize=700%2C400 2x, https:\/\/i0.wp.com\/www.reclamador.es\/blog\/wp-content\/uploads\/2019\/05\/sevilla-accidente-coche-de-caballos.jpg?fit=1200%2C630&ssl=1&resize=1050%2C600 3x"},"classes":[]},{"id":30490,"url":"https:\/\/www.reclamador.es\/blog\/preparar-coche-ante-frio\/","url_meta":{"origin":21412,"position":5},"title":"Consejos para viajar en coche ahora que llega el fr\u00edo","author":"Equipo reclamador","date":"1 diciembre, 2022","format":false,"excerpt":"La temporada de fr\u00edo, lluvias, heladas e, incluso, nevadas, ya ha llegado. El final del oto\u00f1o y el invierno tiene varias fechas marcadas en el calendario para hacer escapadas en coche o avi\u00f3n, como son el puente de diciembre o la Navidad, donde los desplazamientos se multiplican respecto a otras\u2026","rel":"","context":"En \u00abConsejos legales\u00bb","block_context":{"text":"Consejos legales","link":"https:\/\/www.reclamador.es\/blog\/consejos\/"},"img":{"alt_text":"consejos viajes en carretera en invierno","src":"https:\/\/i0.wp.com\/www.reclamador.es\/blog\/wp-content\/uploads\/2022\/12\/preparar-el-coche-ante-el-frio.jpg?fit=1200%2C643&ssl=1&resize=350%2C200","width":350,"height":200,"srcset":"https:\/\/i0.wp.com\/www.reclamador.es\/blog\/wp-content\/uploads\/2022\/12\/preparar-el-coche-ante-el-frio.jpg?fit=1200%2C643&ssl=1&resize=350%2C200 1x, https:\/\/i0.wp.com\/www.reclamador.es\/blog\/wp-content\/uploads\/2022\/12\/preparar-el-coche-ante-el-frio.jpg?fit=1200%2C643&ssl=1&resize=525%2C300 1.5x, https:\/\/i0.wp.com\/www.reclamador.es\/blog\/wp-content\/uploads\/2022\/12\/preparar-el-coche-ante-el-frio.jpg?fit=1200%2C643&ssl=1&resize=700%2C400 2x, https:\/\/i0.wp.com\/www.reclamador.es\/blog\/wp-content\/uploads\/2022\/12\/preparar-el-coche-ante-el-frio.jpg?fit=1200%2C643&ssl=1&resize=1050%2C600 3x"},"classes":[]}],"jetpack_sharing_enabled":true,"_links":{"self":[{"href":"https:\/\/www.reclamador.es\/blog\/wp-json\/wp\/v2\/posts\/21412","targetHints":{"allow":["GET"]}}],"collection":[{"href":"https:\/\/www.reclamador.es\/blog\/wp-json\/wp\/v2\/posts"}],"about":[{"href":"https:\/\/www.reclamador.es\/blog\/wp-json\/wp\/v2\/types\/post"}],"author":[{"embeddable":true,"href":"https:\/\/www.reclamador.es\/blog\/wp-json\/wp\/v2\/users\/35"}],"replies":[{"embeddable":true,"href":"https:\/\/www.reclamador.es\/blog\/wp-json\/wp\/v2\/comments?post=21412"}],"version-history":[{"count":6,"href":"https:\/\/www.reclamador.es\/blog\/wp-json\/wp\/v2\/posts\/21412\/revisions"}],"predecessor-version":[{"id":31802,"href":"https:\/\/www.reclamador.es\/blog\/wp-json\/wp\/v2\/posts\/21412\/revisions\/31802"}],"wp:featuredmedia":[{"embeddable":true,"href":"https:\/\/www.reclamador.es\/blog\/wp-json\/wp\/v2\/media\/21415"}],"wp:attachment":[{"href":"https:\/\/www.reclamador.es\/blog\/wp-json\/wp\/v2\/media?parent=21412"}],"wp:term":[{"taxonomy":"category","embeddable":true,"href":"https:\/\/www.reclamador.es\/blog\/wp-json\/wp\/v2\/categories?post=21412"},{"taxonomy":"post_tag","embeddable":true,"href":"https:\/\/www.reclamador.es\/blog\/wp-json\/wp\/v2\/tags?post=21412"}],"curies":[{"name":"wp","href":"https:\/\/api.w.org\/{rel}","templated":true}]}}