{"id":21262,"date":"2020-08-10T12:13:35","date_gmt":"2020-08-10T10:13:35","guid":{"rendered":"https:\/\/www.reclamador.es\/blog\/?p=21262"},"modified":"2025-04-03T10:15:42","modified_gmt":"2025-04-03T08:15:42","slug":"accidente-trafico-por-alcance-indemnizacion","status":"publish","type":"post","link":"https:\/\/www.reclamador.es\/blog\/accidente-trafico-por-alcance-indemnizacion\/","title":{"rendered":"Accidente de tr\u00e1fico por alcance: \u00bfQu\u00e9 es?, \u00bfqui\u00e9n es el culpable?, \u00bfcu\u00e1ndo corresponde indemnizaci\u00f3n?"},"content":{"rendered":"<div class=\"ttr_start\"><\/div>\n\n<div class=\"kk-star-ratings kksr-auto kksr-align-right kksr-valign-top\"\n    data-payload='{&quot;align&quot;:&quot;right&quot;,&quot;id&quot;:&quot;21262&quot;,&quot;slug&quot;:&quot;default&quot;,&quot;valign&quot;:&quot;top&quot;,&quot;ignore&quot;:&quot;&quot;,&quot;reference&quot;:&quot;auto&quot;,&quot;class&quot;:&quot;&quot;,&quot;count&quot;:&quot;11&quot;,&quot;legendonly&quot;:&quot;&quot;,&quot;readonly&quot;:&quot;&quot;,&quot;score&quot;:&quot;4.2&quot;,&quot;starsonly&quot;:&quot;&quot;,&quot;best&quot;:&quot;5&quot;,&quot;gap&quot;:&quot;3&quot;,&quot;greet&quot;:&quot;Valora este art\u00edculo&quot;,&quot;legend&quot;:&quot;4.2\\\/5 - (11 votos)&quot;,&quot;size&quot;:&quot;20&quot;,&quot;title&quot;:&quot;Accidente de tr\u00e1fico por alcance: \u00bfQu\u00e9 es?, \u00bfqui\u00e9n es el culpable?, \u00bfcu\u00e1ndo corresponde indemnizaci\u00f3n?&quot;,&quot;width&quot;:&quot;95.1&quot;,&quot;_legend&quot;:&quot;{score}\\\/{best} - ({count} {votes})&quot;,&quot;font_factor&quot;:&quot;1.25&quot;}'>\n            \n<div class=\"kksr-stars\">\n    \n<div class=\"kksr-stars-inactive\">\n            <div class=\"kksr-star\" data-star=\"1\" style=\"padding-right: 3px\">\n            \n\n<div class=\"kksr-icon\" style=\"width: 20px; height: 20px;\"><\/div>\n        <\/div>\n            <div class=\"kksr-star\" data-star=\"2\" style=\"padding-right: 3px\">\n            \n\n<div class=\"kksr-icon\" style=\"width: 20px; height: 20px;\"><\/div>\n        <\/div>\n            <div class=\"kksr-star\" data-star=\"3\" style=\"padding-right: 3px\">\n            \n\n<div class=\"kksr-icon\" style=\"width: 20px; height: 20px;\"><\/div>\n        <\/div>\n            <div class=\"kksr-star\" data-star=\"4\" style=\"padding-right: 3px\">\n            \n\n<div class=\"kksr-icon\" style=\"width: 20px; height: 20px;\"><\/div>\n        <\/div>\n            <div class=\"kksr-star\" data-star=\"5\" style=\"padding-right: 3px\">\n            \n\n<div class=\"kksr-icon\" style=\"width: 20px; height: 20px;\"><\/div>\n        <\/div>\n    <\/div>\n    \n<div class=\"kksr-stars-active\" style=\"width: 95.1px;\">\n            <div class=\"kksr-star\" style=\"padding-right: 3px\">\n            \n\n<div class=\"kksr-icon\" style=\"width: 20px; height: 20px;\"><\/div>\n        <\/div>\n            <div class=\"kksr-star\" style=\"padding-right: 3px\">\n            \n\n<div class=\"kksr-icon\" style=\"width: 20px; height: 20px;\"><\/div>\n        <\/div>\n            <div class=\"kksr-star\" style=\"padding-right: 3px\">\n            \n\n<div class=\"kksr-icon\" style=\"width: 20px; height: 20px;\"><\/div>\n        <\/div>\n            <div class=\"kksr-star\" style=\"padding-right: 3px\">\n            \n\n<div class=\"kksr-icon\" style=\"width: 20px; height: 20px;\"><\/div>\n        <\/div>\n            <div class=\"kksr-star\" style=\"padding-right: 3px\">\n            \n\n<div class=\"kksr-icon\" style=\"width: 20px; height: 20px;\"><\/div>\n        <\/div>\n    <\/div>\n<\/div>\n                \n\n<div class=\"kksr-legend\" style=\"font-size: 16px;\">\n            4.2\/5 - (11 votos)    <\/div>\n    <\/div>\n<figure id=\"attachment_28414\" aria-describedby=\"caption-attachment-28414\" style=\"width: 1200px\" class=\"wp-caption aligncenter\"><img data-recalc-dims=\"1\" loading=\"lazy\" decoding=\"async\" class=\"size-full wp-image-28414\" src=\"https:\/\/i0.wp.com\/www.reclamador.es\/blog\/wp-content\/uploads\/2020\/08\/accidente-por-alcance-colision-trasera-abogados.jpg?resize=1200%2C685&#038;ssl=1\" alt=\"accidente por alcance \" width=\"1200\" height=\"685\" srcset=\"https:\/\/i0.wp.com\/www.reclamador.es\/blog\/wp-content\/uploads\/2020\/08\/accidente-por-alcance-colision-trasera-abogados.jpg?w=1200&amp;ssl=1 1200w, https:\/\/i0.wp.com\/www.reclamador.es\/blog\/wp-content\/uploads\/2020\/08\/accidente-por-alcance-colision-trasera-abogados.jpg?resize=800%2C457&amp;ssl=1 800w, https:\/\/i0.wp.com\/www.reclamador.es\/blog\/wp-content\/uploads\/2020\/08\/accidente-por-alcance-colision-trasera-abogados.jpg?resize=150%2C86&amp;ssl=1 150w, https:\/\/i0.wp.com\/www.reclamador.es\/blog\/wp-content\/uploads\/2020\/08\/accidente-por-alcance-colision-trasera-abogados.jpg?resize=768%2C438&amp;ssl=1 768w\" sizes=\"auto, (max-width: 1000px) 100vw, 1000px\" \/><figcaption id=\"caption-attachment-28414\" class=\"wp-caption-text\"><em>Culpables y posible indemnizaci\u00f3n en un accidente por alcance<\/em><\/figcaption><\/figure>\n<p><strong>*Contenido actualizado abril 2025<\/strong><\/p>\n<p><span style=\"font-weight: 400;\">Una situaci\u00f3n habitual en las carreteras: un veh\u00edculo llega a una rotonda y frena al ver que una moto se acerca y no puede continuar la marcha. Detr\u00e1s del veh\u00edculo parado llega otra coche que colisiona por detr\u00e1s con el primero, al no darle tiempo a frenar. Esto es lo que se conoce <strong>accidente por alcance<\/strong> y, como dec\u00edamos, se trata de uno de los siniestros m\u00e1s frecuentes.<\/span><\/p>\n<h2>\u00bfCu\u00e1l es la principal causa del golpe por alcance?<\/h2>\n<p class=\"\" data-start=\"154\" data-end=\"541\">Los accidentes por alcance, es decir, cuando un veh\u00edculo choca contra la parte trasera de otro, son muy comunes en carretera y zonas urbanas. <strong data-start=\"296\" data-end=\"387\">La principal causa de los accidentes por alcance es la falta de distancia de seguridad.<\/strong> Muchos conductores no mantienen el espacio suficiente con el veh\u00edculo que va delante, lo que reduce su capacidad de reacci\u00f3n ante frenazos inesperados.<\/p>\n<p class=\"\" data-start=\"543\" data-end=\"611\">Otros factores que contribuyen a este tipo de accidentes incluyen:<\/p>\n<ul data-start=\"612\" data-end=\"839\">\n<li class=\"\" data-start=\"612\" data-end=\"668\">\n<p class=\"\" data-start=\"614\" data-end=\"668\">Distracciones al volante (uso del m\u00f3vil, GPS, etc.).<\/p>\n<\/li>\n<li class=\"\" data-start=\"612\" data-end=\"668\">\n<p class=\"\" data-start=\"614\" data-end=\"668\">Conducci\u00f3n agresiva o a gran velocidad.<\/p>\n<\/li>\n<li class=\"\" data-start=\"713\" data-end=\"787\">\n<p class=\"\" data-start=\"715\" data-end=\"787\">Condiciones clim\u00e1ticas adversas, que aumentan la distancia de frenado.<\/p>\n<\/li>\n<li class=\"\" data-start=\"788\" data-end=\"839\">\n<p class=\"\" data-start=\"790\" data-end=\"839\">Fallos mec\u00e1nicos, como problemas en los frenos.<\/p>\n<\/li>\n<\/ul>\n<h2><strong>Culpable en un accidente por alcance<\/strong><\/h2>\n<p><span style=\"font-weight: 400;\">Lo primero a determinar es el culpable del siniestro. <strong>El veh\u00edculo que golpea al turismo parado es considerado culpable del accidente.<\/strong> Esto conlleva que ser\u00e1 este conductor, su seguro, quien se encargue de abonar los da\u00f1os ocasionados al primer veh\u00edculo. Tambi\u00e9n las indemnizaciones por las lesiones, si las hubiera, a los ocupantes de ambos turismos. <\/span><\/p>\n<p><span style=\"font-weight: 400;\">El <\/span><a href=\"https:\/\/www.reclamador.es\/blog\/indemnizaciones-latigazo-cervical-accidentes-de-trafico\/\"><span style=\"font-weight: 400;\">latigazo cervical<\/span><\/a><span style=\"font-weight: 400;\"> es la lesi\u00f3n m\u00e1s com\u00fan en un golpe por alcance, pero dependiendo de la velocidad a la que circulase el culpable del siniestro, las consecuencias del accidente, tanto personales como materiales, pueden ser mucho mayores. <\/span><\/p>\n<p><span style=\"font-weight: 400;\">Es muy importante que los s\u00edntomas se hayan manifestado dentro de las 72 horas posteriores al accidente o se haya atendido m\u00e9dicamente a la v\u00edctima en este plazo.<\/span><\/p>\n<h6 style=\"text-align: center;\"><a href=\"https:\/\/www.reclamador.es\/ayuda\/gestiones\/guia-para-empezar-a-reclamar-tras-sufrir-un-accidente\/\"><strong>Gu\u00eda para reclamar una indemnizaci\u00f3n por accidente de tr\u00e1fico<\/strong><\/a><\/h6>\n<h2><b>Accidente en cadena: \u00bfQui\u00e9n es el culpable? <\/b><\/h2>\n<p><span style=\"font-weight: 400;\">Otra situaci\u00f3n habitual son los accidentes en cadena, es decir, cuando intervienen m\u00e1s de veh\u00edculos en las colisiones traseras. Si en un golpe por detr\u00e1s, donde \u00fanicamente se ven involucrados dos veh\u00edculos, parece que tenemos claro que el culpable del siniestro es el coche que golpea, en estos casos -accidentes en cadena- la culpabilidad no est\u00e1 tan clara para los conductores. <\/span><\/p>\n<p><span style=\"font-weight: 400;\">Nos podemos encontrar, principalmente, con dos situaciones: alcance por lanzamiento y doble accidente trasero. <\/span><\/p>\n<h3><b>1. Alcance por lanzamiento: \u00bfQui\u00e9n es el culpable del accidente?<\/b><\/h3>\n<p><span style=\"font-weight: 400;\">Esta situaci\u00f3n se produce cuando un coche golpea con fuerza al que tiene inmediatamente delante y, de la inercia, ese coche que ha sido golpeado colisiona a su vez con el veh\u00edculo que ten\u00eda delante. Esto se denomina alcance por lanzamiento.\u00a0<\/span><\/p>\n<p><span style=\"font-weight: 400;\">En los casos de lanzamiento, por norma general, el culpable del accidente ser\u00e1 el primero que impact\u00f3 y ser\u00e1 la compa\u00f1\u00eda aseguradora de este veh\u00edculo quien deba resarcir los da\u00f1os, materiales y personales, del resto de veh\u00edculos implicados.<\/span><\/p>\n<h6 style=\"text-align: center;\"><a href=\"https:\/\/www.reclamador.es\/blog\/obligaciones-aseguradoras\/\"><strong>Obligaciones desconocidas de las aseguradoras en un accidente de tr\u00e1fico<\/strong><\/a><\/h6>\n<h3><b>2. Doble accidente por choque trasero<\/b><\/h3>\n<p><span style=\"font-weight: 400;\">La segunda de las situaciones es el <\/span><b>doble alcance trasero<\/b><span style=\"font-weight: 400;\">. Este accidente en cadena se produce cuando en una colisi\u00f3n por alcance se ven involucrados m\u00e1s de dos coches. En otras palabras, el turismo que colisiona en la parte trasera con el veh\u00edculo que ten\u00eda inmediatamente delante es golpeado tambi\u00e9n por el coche &#8211; o cualquier otro veh\u00edculo- que circulaba inmediatamente detr\u00e1s. La pregunta aqu\u00ed al rellenar el parte de accidente entre los implicados es clara <strong>\u00bfQui\u00e9n es el culpable? <\/strong><\/span><\/p>\n<p><span style=\"font-weight: 400;\">En este caso, la respuesta es id\u00e9ntica al accidente por alcance \u00fanicamente entre dos veh\u00edculos. Es decir, <strong>el culpable del accidente ser\u00e1 en cada caso quien colisione con el siguiente.<\/strong> \u00a0En otras palabras, aqu\u00ed habr\u00e1 m\u00e1s de un culpable del siniestro. Por tanto, la indemnizaci\u00f3n de este accidente en cadena corresponder\u00e1 ser abonada a cada compa\u00f1\u00eda aseguradora. <\/span><\/p>\n<h2><b>Indemnizaci\u00f3n por accidente<\/b><\/h2>\n<p><span style=\"font-weight: 400;\">Los ocupantes de los veh\u00edculos involucrados en un accidente de tr\u00e1fico que sufran lesiones derivadas de este siniestro tienen derecho a reclamar una indemnizaci\u00f3n a la aseguradora del veh\u00edculo culpable. Tambi\u00e9n en los casos de colisi\u00f3n por alcance. <\/span><\/p>\n<h6 style=\"text-align: center;\"><strong>El \u00fanico ocupante que no tendr\u00e1 derecho a reclamar indemnizaci\u00f3n es el conductor del veh\u00edculo culpable del accidente.\u00a0<\/strong><\/h6>\n<p><span style=\"font-weight: 400;\">Existe un <\/span><a href=\"https:\/\/www.reclamador.es\/blog\/reclamacion-accidente-de-trafico-baremo\/\"><span style=\"font-weight: 400;\">baremo<\/span><\/a><span style=\"font-weight: 400;\"> donde se recogen las indemnizaciones correspondientes seg\u00fan el tipo de lesi\u00f3n, secuelas, d\u00edas de curaci\u00f3n, etc\u00e9tera. Para saber cu\u00e1l es la m\u00e1xima indemnizaci\u00f3n que por ley corresponde a las v\u00edctimas de un accidente de tr\u00e1fico por colisi\u00f3n trasera, hay que acudir a las tablas de este baremo y realizar el c\u00e1lculo.<\/span><\/p>\n<div class=\"ttr_end\"><\/div>","protected":false},"excerpt":{"rendered":"<p>*Contenido actualizado abril 2025 Una situaci\u00f3n habitual en las carreteras: un veh\u00edculo llega a una rotonda y frena al ver que una moto se acerca y no puede continuar la marcha. Detr\u00e1s del veh\u00edculo parado llega otra coche que colisiona por detr\u00e1s con el primero, al no darle tiempo a frenar. Esto es lo que [&hellip;]<\/p>\n","protected":false},"author":1,"featured_media":28414,"comment_status":"open","ping_status":"open","sticky":false,"template":"","format":"standard","meta":{"_acf_changed":false,"_genesis_hide_title":false,"_genesis_hide_breadcrumbs":false,"_genesis_hide_singular_image":false,"_genesis_hide_footer_widgets":false,"_genesis_custom_body_class":"","_genesis_custom_post_class":"","_genesis_layout":"","_jetpack_newsletter_access":"","_jetpack_dont_email_post_to_subs":false,"_jetpack_newsletter_tier_id":0,"_jetpack_memberships_contains_paywalled_content":false,"_jetpack_memberships_contains_paid_content":false,"footnotes":""},"categories":[393],"tags":[255,289,762],"class_list":{"0":"post-21262","1":"post","2":"type-post","3":"status-publish","4":"format-standard","5":"has-post-thumbnail","7":"category-consejos","8":"tag-indemnizacion","9":"tag-reclamacion","10":"tag-servicios","11":"entry"},"acf":[],"yoast_head":"<!-- This site is optimized with the Yoast SEO plugin v27.4 - https:\/\/yoast.com\/product\/yoast-seo-wordpress\/ -->\n<title>Accidente por alcance: \u00bfQui\u00e9n es culpable? \u00bfHay indemnizaci\u00f3n?<\/title>\n<meta name=\"description\" content=\"\u00bfQui\u00e9n es el culpable de un accidente por alcance o golpe por detr\u00e1s? \u00bfQu\u00e9 indemnizaci\u00f3n corresponde en un choque por alcance en 2025?\" \/>\n<meta name=\"robots\" content=\"index, follow, max-snippet:-1, max-image-preview:large, max-video-preview:-1\" \/>\n<link rel=\"canonical\" href=\"https:\/\/www.reclamador.es\/blog\/accidente-trafico-por-alcance-indemnizacion\/\" \/>\n<meta property=\"og:locale\" content=\"es_ES\" \/>\n<meta property=\"og:type\" content=\"article\" \/>\n<meta property=\"og:title\" content=\"Accidente por alcance: \u00bfQui\u00e9n es culpable? \u00bfHay indemnizaci\u00f3n?\" \/>\n<meta property=\"og:description\" content=\"\u00bfQui\u00e9n es el culpable de un accidente por alcance o golpe por detr\u00e1s? \u00bfQu\u00e9 indemnizaci\u00f3n corresponde en un choque por alcance en 2025?\" \/>\n<meta property=\"og:url\" content=\"https:\/\/www.reclamador.es\/blog\/accidente-trafico-por-alcance-indemnizacion\/\" \/>\n<meta property=\"og:site_name\" content=\"Rebeldes con causa, el blog de reclamador.es\" \/>\n<meta property=\"article:publisher\" content=\"https:\/\/www.facebook.com\/reclamador.es\" \/>\n<meta property=\"article:published_time\" content=\"2020-08-10T10:13:35+00:00\" \/>\n<meta property=\"article:modified_time\" content=\"2025-04-03T08:15:42+00:00\" \/>\n<meta property=\"og:image\" content=\"https:\/\/www.reclamador.es\/blog\/wp-content\/uploads\/2020\/08\/accidente-por-alcance-colision-trasera-abogados.jpg\" \/>\n\t<meta property=\"og:image:width\" content=\"1200\" \/>\n\t<meta property=\"og:image:height\" content=\"685\" \/>\n\t<meta property=\"og:image:type\" content=\"image\/jpeg\" \/>\n<meta name=\"author\" content=\"Equipo reclamador\" \/>\n<meta name=\"twitter:card\" content=\"summary_large_image\" \/>\n<meta name=\"twitter:creator\" content=\"@reclamador\" \/>\n<meta name=\"twitter:site\" content=\"@reclamador\" \/>\n<meta name=\"twitter:label1\" content=\"Escrito por\" \/>\n\t<meta name=\"twitter:data1\" content=\"Equipo reclamador\" \/>\n\t<meta name=\"twitter:label2\" content=\"Tiempo de lectura\" \/>\n\t<meta name=\"twitter:data2\" content=\"4 minutos\" \/>\n<script type=\"application\/ld+json\" class=\"yoast-schema-graph\">{\"@context\":\"https:\\\/\\\/schema.org\",\"@graph\":[{\"@type\":\"Article\",\"@id\":\"https:\\\/\\\/www.reclamador.es\\\/blog\\\/accidente-trafico-por-alcance-indemnizacion\\\/#article\",\"isPartOf\":{\"@id\":\"https:\\\/\\\/www.reclamador.es\\\/blog\\\/accidente-trafico-por-alcance-indemnizacion\\\/\"},\"author\":{\"name\":\"Equipo reclamador\",\"@id\":\"https:\\\/\\\/www.reclamador.es\\\/blog\\\/#\\\/schema\\\/person\\\/1ed83eef8b6566cb5e4c812d9bc5c4bf\"},\"headline\":\"Accidente de tr\u00e1fico por alcance: \u00bfQu\u00e9 es?, \u00bfqui\u00e9n es el culpable?, \u00bfcu\u00e1ndo corresponde indemnizaci\u00f3n?\",\"datePublished\":\"2020-08-10T10:13:35+00:00\",\"dateModified\":\"2025-04-03T08:15:42+00:00\",\"mainEntityOfPage\":{\"@id\":\"https:\\\/\\\/www.reclamador.es\\\/blog\\\/accidente-trafico-por-alcance-indemnizacion\\\/\"},\"wordCount\":864,\"commentCount\":140,\"publisher\":{\"@id\":\"https:\\\/\\\/www.reclamador.es\\\/blog\\\/#organization\"},\"image\":{\"@id\":\"https:\\\/\\\/www.reclamador.es\\\/blog\\\/accidente-trafico-por-alcance-indemnizacion\\\/#primaryimage\"},\"thumbnailUrl\":\"https:\\\/\\\/i0.wp.com\\\/www.reclamador.es\\\/blog\\\/wp-content\\\/uploads\\\/2020\\\/08\\\/accidente-por-alcance-colision-trasera-abogados.jpg?fit=1200%2C685&ssl=1\",\"keywords\":[\"indemnizaci\u00f3n\",\"reclamaci\u00f3n\",\"servicios\"],\"articleSection\":[\"Consejos legales\"],\"inLanguage\":\"es\",\"potentialAction\":[{\"@type\":\"CommentAction\",\"name\":\"Comment\",\"target\":[\"https:\\\/\\\/www.reclamador.es\\\/blog\\\/accidente-trafico-por-alcance-indemnizacion\\\/#respond\"]}]},{\"@type\":\"WebPage\",\"@id\":\"https:\\\/\\\/www.reclamador.es\\\/blog\\\/accidente-trafico-por-alcance-indemnizacion\\\/\",\"url\":\"https:\\\/\\\/www.reclamador.es\\\/blog\\\/accidente-trafico-por-alcance-indemnizacion\\\/\",\"name\":\"Accidente por alcance: \u00bfQui\u00e9n es culpable? \u00bfHay indemnizaci\u00f3n?\",\"isPartOf\":{\"@id\":\"https:\\\/\\\/www.reclamador.es\\\/blog\\\/#website\"},\"primaryImageOfPage\":{\"@id\":\"https:\\\/\\\/www.reclamador.es\\\/blog\\\/accidente-trafico-por-alcance-indemnizacion\\\/#primaryimage\"},\"image\":{\"@id\":\"https:\\\/\\\/www.reclamador.es\\\/blog\\\/accidente-trafico-por-alcance-indemnizacion\\\/#primaryimage\"},\"thumbnailUrl\":\"https:\\\/\\\/i0.wp.com\\\/www.reclamador.es\\\/blog\\\/wp-content\\\/uploads\\\/2020\\\/08\\\/accidente-por-alcance-colision-trasera-abogados.jpg?fit=1200%2C685&ssl=1\",\"datePublished\":\"2020-08-10T10:13:35+00:00\",\"dateModified\":\"2025-04-03T08:15:42+00:00\",\"description\":\"\u00bfQui\u00e9n es el culpable de un accidente por alcance o golpe por detr\u00e1s? \u00bfQu\u00e9 indemnizaci\u00f3n corresponde en un choque por alcance en 2025?\",\"breadcrumb\":{\"@id\":\"https:\\\/\\\/www.reclamador.es\\\/blog\\\/accidente-trafico-por-alcance-indemnizacion\\\/#breadcrumb\"},\"inLanguage\":\"es\",\"potentialAction\":[{\"@type\":\"ReadAction\",\"target\":[\"https:\\\/\\\/www.reclamador.es\\\/blog\\\/accidente-trafico-por-alcance-indemnizacion\\\/\"]}]},{\"@type\":\"ImageObject\",\"inLanguage\":\"es\",\"@id\":\"https:\\\/\\\/www.reclamador.es\\\/blog\\\/accidente-trafico-por-alcance-indemnizacion\\\/#primaryimage\",\"url\":\"https:\\\/\\\/i0.wp.com\\\/www.reclamador.es\\\/blog\\\/wp-content\\\/uploads\\\/2020\\\/08\\\/accidente-por-alcance-colision-trasera-abogados.jpg?fit=1200%2C685&ssl=1\",\"contentUrl\":\"https:\\\/\\\/i0.wp.com\\\/www.reclamador.es\\\/blog\\\/wp-content\\\/uploads\\\/2020\\\/08\\\/accidente-por-alcance-colision-trasera-abogados.jpg?fit=1200%2C685&ssl=1\",\"width\":1200,\"height\":685,\"caption\":\"Culpables y posible indemnizaci\u00f3n en un accidente de tr\u00e1fico por alcance\"},{\"@type\":\"BreadcrumbList\",\"@id\":\"https:\\\/\\\/www.reclamador.es\\\/blog\\\/accidente-trafico-por-alcance-indemnizacion\\\/#breadcrumb\",\"itemListElement\":[{\"@type\":\"ListItem\",\"position\":1,\"name\":\"Portada\",\"item\":\"https:\\\/\\\/www.reclamador.es\\\/blog\\\/\"},{\"@type\":\"ListItem\",\"position\":2,\"name\":\"Accidente de tr\u00e1fico por alcance: \u00bfQu\u00e9 es?, \u00bfqui\u00e9n es el culpable?, \u00bfcu\u00e1ndo corresponde indemnizaci\u00f3n?\"}]},{\"@type\":\"WebSite\",\"@id\":\"https:\\\/\\\/www.reclamador.es\\\/blog\\\/#website\",\"url\":\"https:\\\/\\\/www.reclamador.es\\\/blog\\\/\",\"name\":\"Rebeldes con causa, el blog de reclamador.es\",\"description\":\"Noticias, entrevistas y consejos sobre reclamaciones\",\"publisher\":{\"@id\":\"https:\\\/\\\/www.reclamador.es\\\/blog\\\/#organization\"},\"potentialAction\":[{\"@type\":\"SearchAction\",\"target\":{\"@type\":\"EntryPoint\",\"urlTemplate\":\"https:\\\/\\\/www.reclamador.es\\\/blog\\\/?s={search_term_string}\"},\"query-input\":{\"@type\":\"PropertyValueSpecification\",\"valueRequired\":true,\"valueName\":\"search_term_string\"}}],\"inLanguage\":\"es\"},{\"@type\":\"Organization\",\"@id\":\"https:\\\/\\\/www.reclamador.es\\\/blog\\\/#organization\",\"name\":\"reclamador.es\",\"url\":\"https:\\\/\\\/www.reclamador.es\\\/blog\\\/\",\"logo\":{\"@type\":\"ImageObject\",\"inLanguage\":\"es\",\"@id\":\"https:\\\/\\\/www.reclamador.es\\\/blog\\\/#\\\/schema\\\/logo\\\/image\\\/\",\"url\":\"https:\\\/\\\/i0.wp.com\\\/www.reclamador.es\\\/blog\\\/wp-content\\\/uploads\\\/2020\\\/01\\\/logo-reclamador.png?fit=1200%2C144&ssl=1\",\"contentUrl\":\"https:\\\/\\\/i0.wp.com\\\/www.reclamador.es\\\/blog\\\/wp-content\\\/uploads\\\/2020\\\/01\\\/logo-reclamador.png?fit=1200%2C144&ssl=1\",\"width\":1200,\"height\":144,\"caption\":\"reclamador.es\"},\"image\":{\"@id\":\"https:\\\/\\\/www.reclamador.es\\\/blog\\\/#\\\/schema\\\/logo\\\/image\\\/\"},\"sameAs\":[\"https:\\\/\\\/www.facebook.com\\\/reclamador.es\",\"https:\\\/\\\/x.com\\\/reclamador\",\"https:\\\/\\\/www.instagram.com\\\/reclamador.es\\\/\",\"https:\\\/\\\/www.linkedin.com\\\/company\\\/reclamador-es\",\"https:\\\/\\\/www.youtube.com\\\/user\\\/Reclamadores\"]},{\"@type\":\"Person\",\"@id\":\"https:\\\/\\\/www.reclamador.es\\\/blog\\\/#\\\/schema\\\/person\\\/1ed83eef8b6566cb5e4c812d9bc5c4bf\",\"name\":\"Equipo reclamador\",\"image\":{\"@type\":\"ImageObject\",\"inLanguage\":\"es\",\"@id\":\"https:\\\/\\\/secure.gravatar.com\\\/avatar\\\/6442ecdc2c4472c600c113f34d340feca47107d6aa4f42f1e3e75a2a8e28a760?s=96&d=mm&r=g\",\"url\":\"https:\\\/\\\/secure.gravatar.com\\\/avatar\\\/6442ecdc2c4472c600c113f34d340feca47107d6aa4f42f1e3e75a2a8e28a760?s=96&d=mm&r=g\",\"contentUrl\":\"https:\\\/\\\/secure.gravatar.com\\\/avatar\\\/6442ecdc2c4472c600c113f34d340feca47107d6aa4f42f1e3e75a2a8e28a760?s=96&d=mm&r=g\",\"caption\":\"Equipo reclamador\"},\"description\":\"Las personas que hacen posible reclamador.es\",\"url\":\"https:\\\/\\\/www.reclamador.es\\\/blog\\\/author\\\/administrador\\\/\"}]}<\/script>\n<!-- \/ Yoast SEO plugin. -->","yoast_head_json":{"title":"Accidente por alcance: \u00bfQui\u00e9n es culpable? \u00bfHay indemnizaci\u00f3n?","description":"\u00bfQui\u00e9n es el culpable de un accidente por alcance o golpe por detr\u00e1s? \u00bfQu\u00e9 indemnizaci\u00f3n corresponde en un choque por alcance en 2025?","robots":{"index":"index","follow":"follow","max-snippet":"max-snippet:-1","max-image-preview":"max-image-preview:large","max-video-preview":"max-video-preview:-1"},"canonical":"https:\/\/www.reclamador.es\/blog\/accidente-trafico-por-alcance-indemnizacion\/","og_locale":"es_ES","og_type":"article","og_title":"Accidente por alcance: \u00bfQui\u00e9n es culpable? \u00bfHay indemnizaci\u00f3n?","og_description":"\u00bfQui\u00e9n es el culpable de un accidente por alcance o golpe por detr\u00e1s? \u00bfQu\u00e9 indemnizaci\u00f3n corresponde en un choque por alcance en 2025?","og_url":"https:\/\/www.reclamador.es\/blog\/accidente-trafico-por-alcance-indemnizacion\/","og_site_name":"Rebeldes con causa, el blog de reclamador.es","article_publisher":"https:\/\/www.facebook.com\/reclamador.es","article_published_time":"2020-08-10T10:13:35+00:00","article_modified_time":"2025-04-03T08:15:42+00:00","og_image":[{"width":1200,"height":685,"url":"https:\/\/www.reclamador.es\/blog\/wp-content\/uploads\/2020\/08\/accidente-por-alcance-colision-trasera-abogados.jpg","type":"image\/jpeg"}],"author":"Equipo reclamador","twitter_card":"summary_large_image","twitter_creator":"@reclamador","twitter_site":"@reclamador","twitter_misc":{"Escrito por":"Equipo reclamador","Tiempo de lectura":"4 minutos"},"schema":{"@context":"https:\/\/schema.org","@graph":[{"@type":"Article","@id":"https:\/\/www.reclamador.es\/blog\/accidente-trafico-por-alcance-indemnizacion\/#article","isPartOf":{"@id":"https:\/\/www.reclamador.es\/blog\/accidente-trafico-por-alcance-indemnizacion\/"},"author":{"name":"Equipo reclamador","@id":"https:\/\/www.reclamador.es\/blog\/#\/schema\/person\/1ed83eef8b6566cb5e4c812d9bc5c4bf"},"headline":"Accidente de tr\u00e1fico por alcance: \u00bfQu\u00e9 es?, \u00bfqui\u00e9n es el culpable?, \u00bfcu\u00e1ndo corresponde indemnizaci\u00f3n?","datePublished":"2020-08-10T10:13:35+00:00","dateModified":"2025-04-03T08:15:42+00:00","mainEntityOfPage":{"@id":"https:\/\/www.reclamador.es\/blog\/accidente-trafico-por-alcance-indemnizacion\/"},"wordCount":864,"commentCount":140,"publisher":{"@id":"https:\/\/www.reclamador.es\/blog\/#organization"},"image":{"@id":"https:\/\/www.reclamador.es\/blog\/accidente-trafico-por-alcance-indemnizacion\/#primaryimage"},"thumbnailUrl":"https:\/\/i0.wp.com\/www.reclamador.es\/blog\/wp-content\/uploads\/2020\/08\/accidente-por-alcance-colision-trasera-abogados.jpg?fit=1200%2C685&ssl=1","keywords":["indemnizaci\u00f3n","reclamaci\u00f3n","servicios"],"articleSection":["Consejos legales"],"inLanguage":"es","potentialAction":[{"@type":"CommentAction","name":"Comment","target":["https:\/\/www.reclamador.es\/blog\/accidente-trafico-por-alcance-indemnizacion\/#respond"]}]},{"@type":"WebPage","@id":"https:\/\/www.reclamador.es\/blog\/accidente-trafico-por-alcance-indemnizacion\/","url":"https:\/\/www.reclamador.es\/blog\/accidente-trafico-por-alcance-indemnizacion\/","name":"Accidente por alcance: \u00bfQui\u00e9n es culpable? \u00bfHay indemnizaci\u00f3n?","isPartOf":{"@id":"https:\/\/www.reclamador.es\/blog\/#website"},"primaryImageOfPage":{"@id":"https:\/\/www.reclamador.es\/blog\/accidente-trafico-por-alcance-indemnizacion\/#primaryimage"},"image":{"@id":"https:\/\/www.reclamador.es\/blog\/accidente-trafico-por-alcance-indemnizacion\/#primaryimage"},"thumbnailUrl":"https:\/\/i0.wp.com\/www.reclamador.es\/blog\/wp-content\/uploads\/2020\/08\/accidente-por-alcance-colision-trasera-abogados.jpg?fit=1200%2C685&ssl=1","datePublished":"2020-08-10T10:13:35+00:00","dateModified":"2025-04-03T08:15:42+00:00","description":"\u00bfQui\u00e9n es el culpable de un accidente por alcance o golpe por detr\u00e1s? \u00bfQu\u00e9 indemnizaci\u00f3n corresponde en un choque por alcance en 2025?","breadcrumb":{"@id":"https:\/\/www.reclamador.es\/blog\/accidente-trafico-por-alcance-indemnizacion\/#breadcrumb"},"inLanguage":"es","potentialAction":[{"@type":"ReadAction","target":["https:\/\/www.reclamador.es\/blog\/accidente-trafico-por-alcance-indemnizacion\/"]}]},{"@type":"ImageObject","inLanguage":"es","@id":"https:\/\/www.reclamador.es\/blog\/accidente-trafico-por-alcance-indemnizacion\/#primaryimage","url":"https:\/\/i0.wp.com\/www.reclamador.es\/blog\/wp-content\/uploads\/2020\/08\/accidente-por-alcance-colision-trasera-abogados.jpg?fit=1200%2C685&ssl=1","contentUrl":"https:\/\/i0.wp.com\/www.reclamador.es\/blog\/wp-content\/uploads\/2020\/08\/accidente-por-alcance-colision-trasera-abogados.jpg?fit=1200%2C685&ssl=1","width":1200,"height":685,"caption":"Culpables y posible indemnizaci\u00f3n en un accidente de tr\u00e1fico por alcance"},{"@type":"BreadcrumbList","@id":"https:\/\/www.reclamador.es\/blog\/accidente-trafico-por-alcance-indemnizacion\/#breadcrumb","itemListElement":[{"@type":"ListItem","position":1,"name":"Portada","item":"https:\/\/www.reclamador.es\/blog\/"},{"@type":"ListItem","position":2,"name":"Accidente de tr\u00e1fico por alcance: \u00bfQu\u00e9 es?, \u00bfqui\u00e9n es el culpable?, \u00bfcu\u00e1ndo corresponde indemnizaci\u00f3n?"}]},{"@type":"WebSite","@id":"https:\/\/www.reclamador.es\/blog\/#website","url":"https:\/\/www.reclamador.es\/blog\/","name":"Rebeldes con causa, el blog de reclamador.es","description":"Noticias, entrevistas y consejos sobre reclamaciones","publisher":{"@id":"https:\/\/www.reclamador.es\/blog\/#organization"},"potentialAction":[{"@type":"SearchAction","target":{"@type":"EntryPoint","urlTemplate":"https:\/\/www.reclamador.es\/blog\/?s={search_term_string}"},"query-input":{"@type":"PropertyValueSpecification","valueRequired":true,"valueName":"search_term_string"}}],"inLanguage":"es"},{"@type":"Organization","@id":"https:\/\/www.reclamador.es\/blog\/#organization","name":"reclamador.es","url":"https:\/\/www.reclamador.es\/blog\/","logo":{"@type":"ImageObject","inLanguage":"es","@id":"https:\/\/www.reclamador.es\/blog\/#\/schema\/logo\/image\/","url":"https:\/\/i0.wp.com\/www.reclamador.es\/blog\/wp-content\/uploads\/2020\/01\/logo-reclamador.png?fit=1200%2C144&ssl=1","contentUrl":"https:\/\/i0.wp.com\/www.reclamador.es\/blog\/wp-content\/uploads\/2020\/01\/logo-reclamador.png?fit=1200%2C144&ssl=1","width":1200,"height":144,"caption":"reclamador.es"},"image":{"@id":"https:\/\/www.reclamador.es\/blog\/#\/schema\/logo\/image\/"},"sameAs":["https:\/\/www.facebook.com\/reclamador.es","https:\/\/x.com\/reclamador","https:\/\/www.instagram.com\/reclamador.es\/","https:\/\/www.linkedin.com\/company\/reclamador-es","https:\/\/www.youtube.com\/user\/Reclamadores"]},{"@type":"Person","@id":"https:\/\/www.reclamador.es\/blog\/#\/schema\/person\/1ed83eef8b6566cb5e4c812d9bc5c4bf","name":"Equipo reclamador","image":{"@type":"ImageObject","inLanguage":"es","@id":"https:\/\/secure.gravatar.com\/avatar\/6442ecdc2c4472c600c113f34d340feca47107d6aa4f42f1e3e75a2a8e28a760?s=96&d=mm&r=g","url":"https:\/\/secure.gravatar.com\/avatar\/6442ecdc2c4472c600c113f34d340feca47107d6aa4f42f1e3e75a2a8e28a760?s=96&d=mm&r=g","contentUrl":"https:\/\/secure.gravatar.com\/avatar\/6442ecdc2c4472c600c113f34d340feca47107d6aa4f42f1e3e75a2a8e28a760?s=96&d=mm&r=g","caption":"Equipo reclamador"},"description":"Las personas que hacen posible reclamador.es","url":"https:\/\/www.reclamador.es\/blog\/author\/administrador\/"}]}},"jetpack_featured_media_url":"https:\/\/i0.wp.com\/www.reclamador.es\/blog\/wp-content\/uploads\/2020\/08\/accidente-por-alcance-colision-trasera-abogados.jpg?fit=1200%2C685&ssl=1","jetpack-related-posts":[{"id":7775,"url":"https:\/\/www.reclamador.es\/blog\/indemnizacion-accidente-leve\/","url_meta":{"origin":21262,"position":0},"title":"\u00bfQu\u00e9 hacer si la aseguradora no quiere pagar la indemnizaci\u00f3n por accidente leve?","author":"Equipo reclamador","date":"4 julio, 2020","format":false,"excerpt":"Hay ocasiones en las que se producen accidentes de tr\u00e1fico de baja intensidad. Y las compa\u00f1\u00edas aseguradoras se niegan a pagar indemnizaciones por lesiones o da\u00f1os derivadas de estos accidentes leves.\u00a0Estos casos son altamente frecuentes cuando se produce un latigazo cervical. Para que tenga lugar una lesi\u00f3n cervical de este\u2026","rel":"","context":"En \u00abConsejos legales\u00bb","block_context":{"text":"Consejos legales","link":"https:\/\/www.reclamador.es\/blog\/consejos\/"},"img":{"alt_text":"conductor - accidente leve","src":"https:\/\/i0.wp.com\/www.reclamador.es\/blog\/wp-content\/uploads\/2019\/06\/indemnizacion-accidente-leve-de-trafico.jpg?fit=1200%2C630&ssl=1&resize=350%2C200","width":350,"height":200,"srcset":"https:\/\/i0.wp.com\/www.reclamador.es\/blog\/wp-content\/uploads\/2019\/06\/indemnizacion-accidente-leve-de-trafico.jpg?fit=1200%2C630&ssl=1&resize=350%2C200 1x, https:\/\/i0.wp.com\/www.reclamador.es\/blog\/wp-content\/uploads\/2019\/06\/indemnizacion-accidente-leve-de-trafico.jpg?fit=1200%2C630&ssl=1&resize=525%2C300 1.5x, https:\/\/i0.wp.com\/www.reclamador.es\/blog\/wp-content\/uploads\/2019\/06\/indemnizacion-accidente-leve-de-trafico.jpg?fit=1200%2C630&ssl=1&resize=700%2C400 2x, https:\/\/i0.wp.com\/www.reclamador.es\/blog\/wp-content\/uploads\/2019\/06\/indemnizacion-accidente-leve-de-trafico.jpg?fit=1200%2C630&ssl=1&resize=1050%2C600 3x"},"classes":[]},{"id":21644,"url":"https:\/\/www.reclamador.es\/blog\/accidentes-vtc-indemnizaciones\/","url_meta":{"origin":21262,"position":1},"title":"Uber, Cabify y otros VTC: c\u00f3mo reclamar una indemnizaci\u00f3n por accidente","author":"Equipo reclamador","date":"12 septiembre, 2020","format":false,"excerpt":"M\u00e1s de 13.100. Este es el n\u00famero de licencias de VTC que hab\u00eda en Espa\u00f1a a comienzos de 2019. Dada su actividad, principalmente por el centro y \u00e1reas metropolitanas de las ciudades, lo m\u00e1s habitual es que sus trayectos sean cortos y por v\u00edas urbanas o a puntos de gran\u2026","rel":"","context":"En \u00abConsejos legales\u00bb","block_context":{"text":"Consejos legales","link":"https:\/\/www.reclamador.es\/blog\/consejos\/"},"img":{"alt_text":"app uber - reclamar accidente de tr\u00e1fico VTC","src":"https:\/\/i0.wp.com\/www.reclamador.es\/blog\/wp-content\/uploads\/2019\/09\/accidente-en-uber-cabify.jpg?fit=1200%2C630&ssl=1&resize=350%2C200","width":350,"height":200,"srcset":"https:\/\/i0.wp.com\/www.reclamador.es\/blog\/wp-content\/uploads\/2019\/09\/accidente-en-uber-cabify.jpg?fit=1200%2C630&ssl=1&resize=350%2C200 1x, https:\/\/i0.wp.com\/www.reclamador.es\/blog\/wp-content\/uploads\/2019\/09\/accidente-en-uber-cabify.jpg?fit=1200%2C630&ssl=1&resize=525%2C300 1.5x, https:\/\/i0.wp.com\/www.reclamador.es\/blog\/wp-content\/uploads\/2019\/09\/accidente-en-uber-cabify.jpg?fit=1200%2C630&ssl=1&resize=700%2C400 2x, https:\/\/i0.wp.com\/www.reclamador.es\/blog\/wp-content\/uploads\/2019\/09\/accidente-en-uber-cabify.jpg?fit=1200%2C630&ssl=1&resize=1050%2C600 3x"},"classes":[]},{"id":22065,"url":"https:\/\/www.reclamador.es\/blog\/cuando-no-cubre-seguro-coche\/","url_meta":{"origin":21262,"position":2},"title":"10 situaciones no cubiertas por el seguro del autom\u00f3vil en un accidente de tr\u00e1fico","author":"Esperanza Palacio","date":"8 octubre, 2019","format":false,"excerpt":"Contenido reeditado a fecha 10\/01\/2023 No todo vale. Esta frase que seguro has escuchado e, incluso, utilizado en alguna ocasi\u00f3n, tambi\u00e9n es aplicable a la cobertura de los seguros en accidentes de tr\u00e1fico. Pues las p\u00f3lizas suelen excluir determinadas circunstancias por las cuales, de producirse, quedan exoneradas de la responsabilidad\u2026","rel":"","context":"En \u00abConsejos legales\u00bb","block_context":{"text":"Consejos legales","link":"https:\/\/www.reclamador.es\/blog\/consejos\/"},"img":{"alt_text":"qu\u00e9 no cubre el seguro obligatorio reclamador","src":"https:\/\/i0.wp.com\/www.reclamador.es\/blog\/wp-content\/uploads\/2019\/10\/que-no-cubre-el-seguro-obligatorio-accidentes-trafico-reclamador_destacada.jpg?fit=800%2C419&ssl=1&resize=350%2C200","width":350,"height":200,"srcset":"https:\/\/i0.wp.com\/www.reclamador.es\/blog\/wp-content\/uploads\/2019\/10\/que-no-cubre-el-seguro-obligatorio-accidentes-trafico-reclamador_destacada.jpg?fit=800%2C419&ssl=1&resize=350%2C200 1x, https:\/\/i0.wp.com\/www.reclamador.es\/blog\/wp-content\/uploads\/2019\/10\/que-no-cubre-el-seguro-obligatorio-accidentes-trafico-reclamador_destacada.jpg?fit=800%2C419&ssl=1&resize=525%2C300 1.5x, https:\/\/i0.wp.com\/www.reclamador.es\/blog\/wp-content\/uploads\/2019\/10\/que-no-cubre-el-seguro-obligatorio-accidentes-trafico-reclamador_destacada.jpg?fit=800%2C419&ssl=1&resize=700%2C400 2x"},"classes":[]},{"id":21229,"url":"https:\/\/www.reclamador.es\/blog\/obligaciones-aseguradoras\/","url_meta":{"origin":21262,"position":3},"title":"6 obligaciones de las aseguradoras frente a un accidente de tr\u00e1fico","author":"Equipo reclamador","date":"27 noviembre, 2023","format":false,"excerpt":"Sin duda, concienciar a la poblaci\u00f3n y reducir la accidentalidad vial es uno de los principales objetivos a los que se enfrentan las autoridades competentes a\u00f1o tras a\u00f1o. No en vano, se lanzan \u2013entre otros ejemplos\u2013 campa\u00f1as de sensibilizaci\u00f3n para evitar el alcohol al volante, el exceso de velocidad o\u2026","rel":"","context":"En \u00abConsejos legales\u00bb","block_context":{"text":"Consejos legales","link":"https:\/\/www.reclamador.es\/blog\/consejos\/"},"img":{"alt_text":"seguro accidente de trafico","src":"https:\/\/i0.wp.com\/www.reclamador.es\/blog\/wp-content\/uploads\/2019\/02\/obligaciones-de-la-aseguradora-en-un-accidente-de-trafico.jpg?fit=1200%2C630&ssl=1&resize=350%2C200","width":350,"height":200,"srcset":"https:\/\/i0.wp.com\/www.reclamador.es\/blog\/wp-content\/uploads\/2019\/02\/obligaciones-de-la-aseguradora-en-un-accidente-de-trafico.jpg?fit=1200%2C630&ssl=1&resize=350%2C200 1x, https:\/\/i0.wp.com\/www.reclamador.es\/blog\/wp-content\/uploads\/2019\/02\/obligaciones-de-la-aseguradora-en-un-accidente-de-trafico.jpg?fit=1200%2C630&ssl=1&resize=525%2C300 1.5x, https:\/\/i0.wp.com\/www.reclamador.es\/blog\/wp-content\/uploads\/2019\/02\/obligaciones-de-la-aseguradora-en-un-accidente-de-trafico.jpg?fit=1200%2C630&ssl=1&resize=700%2C400 2x, https:\/\/i0.wp.com\/www.reclamador.es\/blog\/wp-content\/uploads\/2019\/02\/obligaciones-de-la-aseguradora-en-un-accidente-de-trafico.jpg?fit=1200%2C630&ssl=1&resize=1050%2C600 3x"},"classes":[]},{"id":18107,"url":"https:\/\/www.reclamador.es\/blog\/consorcio-compensacion-seguros-accidentes-trafico\/","url_meta":{"origin":21262,"position":4},"title":"Accidentes de tr\u00e1fico y el Consorcio de Compensaci\u00f3n de Seguros","author":"Equipo reclamador","date":"7 mayo, 2021","format":false,"excerpt":"\u00bfSabr\u00edas decir de memoria alguna situaci\u00f3n por la cual la indemnizaci\u00f3n que te corresponde tras sufrir un accidente no la paga el seguro del veh\u00edculo culpable sino el Consorcio de Compensaci\u00f3n de Seguros? Antes de detallarte en qu\u00e9 situaci\u00f3n te indemnizar\u00e1 este organismo, vamos a explicar qu\u00e9 es el Consorcio\u2026","rel":"","context":"En \u00abConsejos legales\u00bb","block_context":{"text":"Consejos legales","link":"https:\/\/www.reclamador.es\/blog\/consejos\/"},"img":{"alt_text":"accidente consorcio compensacion seguros","src":"https:\/\/i0.wp.com\/www.reclamador.es\/blog\/wp-content\/uploads\/2018\/05\/reclamador-consorcio-de-compensacion-de-seguros.jpg?fit=1200%2C700&ssl=1&resize=350%2C200","width":350,"height":200,"srcset":"https:\/\/i0.wp.com\/www.reclamador.es\/blog\/wp-content\/uploads\/2018\/05\/reclamador-consorcio-de-compensacion-de-seguros.jpg?fit=1200%2C700&ssl=1&resize=350%2C200 1x, https:\/\/i0.wp.com\/www.reclamador.es\/blog\/wp-content\/uploads\/2018\/05\/reclamador-consorcio-de-compensacion-de-seguros.jpg?fit=1200%2C700&ssl=1&resize=525%2C300 1.5x, https:\/\/i0.wp.com\/www.reclamador.es\/blog\/wp-content\/uploads\/2018\/05\/reclamador-consorcio-de-compensacion-de-seguros.jpg?fit=1200%2C700&ssl=1&resize=700%2C400 2x, https:\/\/i0.wp.com\/www.reclamador.es\/blog\/wp-content\/uploads\/2018\/05\/reclamador-consorcio-de-compensacion-de-seguros.jpg?fit=1200%2C700&ssl=1&resize=1050%2C600 3x"},"classes":[]},{"id":2451,"url":"https:\/\/www.reclamador.es\/blog\/decalogo-de-cosas-a-saber-tras-un-accidente-de-trafico\/","url_meta":{"origin":21262,"position":5},"title":"\u00bfC\u00f3mo actuar en caso de accidente de tr\u00e1fico?","author":"Equipo reclamador","date":"30 noviembre, 2021","format":false,"excerpt":"Los \u00faltimos datos de a\u00f1o completo ofrecidos por la DGT sobre accidentes de tr\u00e1fico son de 2020. El pasado a\u00f1o, se produjeron en Espa\u00f1a un total de 72.959 accidentes de tr\u00e1fico con v\u00edctimas, en los que, adem\u00e1s 1.370 personas perdieron la vida. As\u00ed, la DGT tambi\u00e9n informa que 94.562 personas\u2026","rel":"","context":"En \u00abConsejos legales\u00bb","block_context":{"text":"Consejos legales","link":"https:\/\/www.reclamador.es\/blog\/consejos\/"},"img":{"alt_text":"reclamador - abogados accidentes de tr\u00e1fico","src":"https:\/\/i0.wp.com\/www.reclamador.es\/blog\/wp-content\/uploads\/2018\/12\/como-actuar-en-caso-de-accidente-de-trafico.jpg?fit=1199%2C687&ssl=1&resize=350%2C200","width":350,"height":200,"srcset":"https:\/\/i0.wp.com\/www.reclamador.es\/blog\/wp-content\/uploads\/2018\/12\/como-actuar-en-caso-de-accidente-de-trafico.jpg?fit=1199%2C687&ssl=1&resize=350%2C200 1x, https:\/\/i0.wp.com\/www.reclamador.es\/blog\/wp-content\/uploads\/2018\/12\/como-actuar-en-caso-de-accidente-de-trafico.jpg?fit=1199%2C687&ssl=1&resize=525%2C300 1.5x, https:\/\/i0.wp.com\/www.reclamador.es\/blog\/wp-content\/uploads\/2018\/12\/como-actuar-en-caso-de-accidente-de-trafico.jpg?fit=1199%2C687&ssl=1&resize=700%2C400 2x, https:\/\/i0.wp.com\/www.reclamador.es\/blog\/wp-content\/uploads\/2018\/12\/como-actuar-en-caso-de-accidente-de-trafico.jpg?fit=1199%2C687&ssl=1&resize=1050%2C600 3x"},"classes":[]}],"jetpack_sharing_enabled":true,"_links":{"self":[{"href":"https:\/\/www.reclamador.es\/blog\/wp-json\/wp\/v2\/posts\/21262","targetHints":{"allow":["GET"]}}],"collection":[{"href":"https:\/\/www.reclamador.es\/blog\/wp-json\/wp\/v2\/posts"}],"about":[{"href":"https:\/\/www.reclamador.es\/blog\/wp-json\/wp\/v2\/types\/post"}],"author":[{"embeddable":true,"href":"https:\/\/www.reclamador.es\/blog\/wp-json\/wp\/v2\/users\/1"}],"replies":[{"embeddable":true,"href":"https:\/\/www.reclamador.es\/blog\/wp-json\/wp\/v2\/comments?post=21262"}],"version-history":[{"count":25,"href":"https:\/\/www.reclamador.es\/blog\/wp-json\/wp\/v2\/posts\/21262\/revisions"}],"predecessor-version":[{"id":33911,"href":"https:\/\/www.reclamador.es\/blog\/wp-json\/wp\/v2\/posts\/21262\/revisions\/33911"}],"wp:featuredmedia":[{"embeddable":true,"href":"https:\/\/www.reclamador.es\/blog\/wp-json\/wp\/v2\/media\/28414"}],"wp:attachment":[{"href":"https:\/\/www.reclamador.es\/blog\/wp-json\/wp\/v2\/media?parent=21262"}],"wp:term":[{"taxonomy":"category","embeddable":true,"href":"https:\/\/www.reclamador.es\/blog\/wp-json\/wp\/v2\/categories?post=21262"},{"taxonomy":"post_tag","embeddable":true,"href":"https:\/\/www.reclamador.es\/blog\/wp-json\/wp\/v2\/tags?post=21262"}],"curies":[{"name":"wp","href":"https:\/\/api.w.org\/{rel}","templated":true}]}}