{"id":21087,"date":"2019-02-18T10:08:30","date_gmt":"2019-02-18T09:08:30","guid":{"rendered":"https:\/\/www.reclamador.es\/blog\/?p=21087"},"modified":"2023-10-18T12:34:09","modified_gmt":"2023-10-18T10:34:09","slug":"contrato-ett-trabajadores","status":"publish","type":"post","link":"https:\/\/www.reclamador.es\/blog\/contrato-ett-trabajadores\/","title":{"rendered":"\u00bfEn qu\u00e9 consisten las Empresas de Trabajo Temporal? Ventajas e inconvenientes de las ETT"},"content":{"rendered":"<div class=\"ttr_start\"><\/div>\n\n<div class=\"kk-star-ratings kksr-auto kksr-align-right kksr-valign-top\"\n    data-payload='{&quot;align&quot;:&quot;right&quot;,&quot;id&quot;:&quot;21087&quot;,&quot;slug&quot;:&quot;default&quot;,&quot;valign&quot;:&quot;top&quot;,&quot;ignore&quot;:&quot;&quot;,&quot;reference&quot;:&quot;auto&quot;,&quot;class&quot;:&quot;&quot;,&quot;count&quot;:&quot;4&quot;,&quot;legendonly&quot;:&quot;&quot;,&quot;readonly&quot;:&quot;&quot;,&quot;score&quot;:&quot;5&quot;,&quot;starsonly&quot;:&quot;&quot;,&quot;best&quot;:&quot;5&quot;,&quot;gap&quot;:&quot;3&quot;,&quot;greet&quot;:&quot;Valora este art\u00edculo&quot;,&quot;legend&quot;:&quot;5\\\/5 - (4 votos)&quot;,&quot;size&quot;:&quot;20&quot;,&quot;title&quot;:&quot;\u00bfEn qu\u00e9 consisten las Empresas de Trabajo Temporal? Ventajas e inconvenientes de las ETT&quot;,&quot;width&quot;:&quot;113.5&quot;,&quot;_legend&quot;:&quot;{score}\\\/{best} - ({count} {votes})&quot;,&quot;font_factor&quot;:&quot;1.25&quot;}'>\n            \n<div class=\"kksr-stars\">\n    \n<div class=\"kksr-stars-inactive\">\n            <div class=\"kksr-star\" data-star=\"1\" style=\"padding-right: 3px\">\n            \n\n<div class=\"kksr-icon\" style=\"width: 20px; height: 20px;\"><\/div>\n        <\/div>\n            <div class=\"kksr-star\" data-star=\"2\" style=\"padding-right: 3px\">\n            \n\n<div class=\"kksr-icon\" style=\"width: 20px; height: 20px;\"><\/div>\n        <\/div>\n            <div class=\"kksr-star\" data-star=\"3\" style=\"padding-right: 3px\">\n            \n\n<div class=\"kksr-icon\" style=\"width: 20px; height: 20px;\"><\/div>\n        <\/div>\n            <div class=\"kksr-star\" data-star=\"4\" style=\"padding-right: 3px\">\n            \n\n<div class=\"kksr-icon\" style=\"width: 20px; height: 20px;\"><\/div>\n        <\/div>\n            <div class=\"kksr-star\" data-star=\"5\" style=\"padding-right: 3px\">\n            \n\n<div class=\"kksr-icon\" style=\"width: 20px; height: 20px;\"><\/div>\n        <\/div>\n    <\/div>\n    \n<div class=\"kksr-stars-active\" style=\"width: 113.5px;\">\n            <div class=\"kksr-star\" style=\"padding-right: 3px\">\n            \n\n<div class=\"kksr-icon\" style=\"width: 20px; height: 20px;\"><\/div>\n        <\/div>\n            <div class=\"kksr-star\" style=\"padding-right: 3px\">\n            \n\n<div class=\"kksr-icon\" style=\"width: 20px; height: 20px;\"><\/div>\n        <\/div>\n            <div class=\"kksr-star\" style=\"padding-right: 3px\">\n            \n\n<div class=\"kksr-icon\" style=\"width: 20px; height: 20px;\"><\/div>\n        <\/div>\n            <div class=\"kksr-star\" style=\"padding-right: 3px\">\n            \n\n<div class=\"kksr-icon\" style=\"width: 20px; height: 20px;\"><\/div>\n        <\/div>\n            <div class=\"kksr-star\" style=\"padding-right: 3px\">\n            \n\n<div class=\"kksr-icon\" style=\"width: 20px; height: 20px;\"><\/div>\n        <\/div>\n    <\/div>\n<\/div>\n                \n\n<div class=\"kksr-legend\" style=\"font-size: 16px;\">\n            5\/5 - (4 votos)    <\/div>\n    <\/div>\n<figure id=\"attachment_21088\" aria-describedby=\"caption-attachment-21088\" style=\"width: 1200px\" class=\"wp-caption alignnone\"><img data-recalc-dims=\"1\" loading=\"lazy\" decoding=\"async\" class=\"wp-image-21088 size-full\" src=\"https:\/\/i0.wp.com\/www.reclamador.es\/blog\/wp-content\/uploads\/2019\/02\/ett-reclamador.png?resize=1200%2C800&#038;ssl=1\" alt=\"manos escribiendo en ordenador en una ett\" width=\"1200\" height=\"800\" srcset=\"https:\/\/i0.wp.com\/www.reclamador.es\/blog\/wp-content\/uploads\/2019\/02\/ett-reclamador.png?w=1200&amp;ssl=1 1200w, https:\/\/i0.wp.com\/www.reclamador.es\/blog\/wp-content\/uploads\/2019\/02\/ett-reclamador.png?resize=150%2C100&amp;ssl=1 150w, https:\/\/i0.wp.com\/www.reclamador.es\/blog\/wp-content\/uploads\/2019\/02\/ett-reclamador.png?resize=300%2C200&amp;ssl=1 300w, https:\/\/i0.wp.com\/www.reclamador.es\/blog\/wp-content\/uploads\/2019\/02\/ett-reclamador.png?resize=768%2C512&amp;ssl=1 768w, https:\/\/i0.wp.com\/www.reclamador.es\/blog\/wp-content\/uploads\/2019\/02\/ett-reclamador.png?resize=1024%2C683&amp;ssl=1 1024w\" sizes=\"auto, (max-width: 1000px) 100vw, 1000px\" \/><figcaption id=\"caption-attachment-21088\" class=\"wp-caption-text\"><em>Empresas de Trabajo Temporal: Ventajas e inconvenientes<\/em><\/figcaption><\/figure>\n<p><b>4,1 millones<\/b><span style=\"font-weight: 400;\">. Esta es la cifra que muestra el n\u00famero de contratos laborales firmados por medio de una ETT en 2018. Un 6,4% m\u00e1s que el a\u00f1o anterior, seg\u00fan datos del Observatorio Sectorial <\/span><i><span style=\"font-weight: 400;\">DBK Informa<\/span><\/i><span style=\"font-weight: 400;\">. Esto hace que tambi\u00e9n se produzcan reclamaciones laborales en ETT.<\/span><\/p>\n<p><span style=\"font-weight: 400;\">Aunque es llamativa, esta cantidad de relaciones laborales establecidas a trav\u00e9s de empresas temporales tiene su porqu\u00e9. Y no es otro que la necesidad de encontrar un empleo, sumado al incremento de las ETT en nuestro pa\u00eds desde 2014. A esto, hay que a\u00f1adirle el hecho de que el mercado laboral es, actualmente, precario y estacional; basado en la hosteler\u00eda y en el sector servicios.<\/span><\/p>\n<p><span style=\"font-weight: 400;\">Todo ello deriva en que, a d\u00eda de hoy, <\/span><b>existan en Espa\u00f1a m\u00e1s de 260 empresas de trabajo temporal<\/b><span style=\"font-weight: 400;\">.<\/span><\/p>\n<p><span style=\"font-weight: 400;\">No obstante, y a pesar del claro crecimiento de las ETT, se hace necesario recordar <\/span><b>en qu\u00e9 consisten este tipo de empresas y qu\u00e9 ventajas e inconvenientes suponen<\/b><span style=\"font-weight: 400;\"> para los empleados que recurren a ellas.<\/span><\/p>\n<h2><b>\u00bfQu\u00e9 es una ETT y c\u00f3mo funciona?<\/b><\/h2>\n<p><span style=\"font-weight: 400;\">Una Empresa de Trabajo Temporal (ETT) es una <\/span><b>empresa privada que contrata a trabajadores para cederlos de manera pasajera a otras empresas<\/b><span style=\"font-weight: 400;\">, en las que los empleados desarrollan su actividad laboral. A esas otras compa\u00f1\u00edas se las conoce como <\/span><b>empresas usuarias<\/b><span style=\"font-weight: 400;\">.<\/span><\/p>\n<p><span style=\"font-weight: 400;\">El funcionamiento de las ETT es, por tanto, muy sencillo. Contrata y cede. No obstante, entre la empresa de trabajo temporal y la usuaria tiene que existir <\/span><b>un contrato mercantil previo<\/b><span style=\"font-weight: 400;\">, en el que queden establecidas las condiciones de su relaci\u00f3n. De esta manera, la ETT es la que capta, forme y contrate a los trabajadores de manera temporal, ya que posteriormente, se desarrollar\u00e1n profesionalmente en la segunda empresa, en la usuaria, que ser\u00e1 quien controle y dirija el trabajo desempe\u00f1ado por el empleado.<\/span><\/p>\n<p><span style=\"font-weight: 400;\">Eso s\u00ed. Es importante saber que, en Espa\u00f1a, la contrataci\u00f3n de trabajadores para cederlos de manera temporal s\u00f3lo podr\u00e1 efectuarse a trav\u00e9s de empresas de trabajo temporal que hayan sido autorizadas por la Direcci\u00f3n Provincial de Trabajo y Seguridad Social de cada provincia.<\/span><\/p>\n<h6 style=\"text-align: center;\"><b>Te puede interesar: <\/b><a href=\"https:\/\/www.reclamador.es\/blog\/empleados-ett\/\"><b>En la piel de un empleado de ETT: as\u00ed es el salto a plantilla de un trabajador temporal<\/b><\/a><\/h6>\n<h2><b>\u00bfQu\u00e9 ventajas e inconvenientes presentan las ETT para el empleado?<\/b><\/h2>\n<p><span style=\"font-weight: 400;\">Desde el punto de vista del trabajador de una empresa de trabajo temporal, las ETT presentan las siguientes ventajas e inconvenientes:<\/span><\/p>\n<h3><b>Ventajas:<\/b><\/h3>\n<ul>\n<li><b>Entrada al mercado laboral. <span style=\"font-weight: 400;\">A pesar de tratarse de puestos de trabajo de duraci\u00f3n temporal, este tipo de empresas son una clara puerta para entrar en el mercado laboral. Y es que, en ocasiones, la b\u00fasqueda de trabajo se ve complicada, por ejemplo, por carecer de la suficiente experiencia o encontrarse en situaci\u00f3n de desempleo con una edad avanzada. En estos casos, las ETT no s\u00f3lo forman, sino que, adem\u00e1s, dan a determinados grupos de la sociedad la oportunidad de tener un trabajo que, en un primer momento, pudiera parecer inalcanzable.<\/span><span style=\"font-weight: 400;\"><br \/>\n<\/span><\/b><\/li>\n<li style=\"font-weight: 400;\"><b>Cotizaci\u00f3n en la Seguridad Social<\/b><span style=\"font-weight: 400;\">. Sin duda, es uno de los aspectos que m\u00e1s interesan a los trabajadores. Y es que, las ETT garantizan a todos sus empleados el hecho de cotizar en la Seguridad Social, pues <\/span><span style=\"font-weight: 400;\">son <\/span><span style=\"font-weight: 400;\">muy rigurosas en el cumplimiento del alta de las personas contratadas.<\/span><\/li>\n<li style=\"font-weight: 400;\"><b>Compaginar distintas actividades<\/b><span style=\"font-weight: 400;\">. Al ofrecer trabajos temporales y espor\u00e1dicos, son muchas las personas que recurren a las ETT en momentos puntuales para poder compaginar el trabajo con otras actividades. Por ejemplo, en verano, son muchos los estudiantes que solicitan empleos de fines de semana o que s\u00f3lo abarquen la estaci\u00f3n estival. De esta manera, pueden ganar experiencia, dinero y continuar con sus actividades al t\u00e9rmino de la relaci\u00f3n laboral.<\/span><\/li>\n<\/ul>\n<h3><b>Inconvenientes<\/b><span style=\"font-weight: 400;\">:<\/span><\/h3>\n<ul>\n<li style=\"font-weight: 400;\"><b>Inestabilidad laboral<\/b><span style=\"font-weight: 400;\">. Sin duda, es el principal inconveniente de este tipo de empresas. Al ofrecer \u00fanicamente contratos temporales, los empleados que consigan un puesto de trabajo por medio de una ETT deben saber que esa relaci\u00f3n laboral ser\u00e1 de determinada duraci\u00f3n. De esta manera, los trabajos que consigan podr\u00e1n durar apenas unos d\u00edas, semanas e incluso, horas. <\/span><\/li>\n<li style=\"font-weight: 400;\"><b>Sin bonificaciones no salariales o ventajas<\/b><span style=\"font-weight: 400;\">. Es interesante saber que, aquellos empleados contratados por la empresa usuaria por medio de una ETT, pueden no resultar beneficiarios de determinadas bonificaciones no salariales de las que el resto de empleados, los de plantilla, s\u00ed pueden disfrutar. Es el caso, por ejemplo, de la cesta de navidad o el seguro m\u00e9dico privado. Esta diferencia supone, en muchos casos, un obst\u00e1culo para la completa integraci\u00f3n del empleado de ETT en la empresa usuaria. <\/span><\/li>\n<li style=\"font-weight: 400;\"><b>Indemnizaciones menores en caso de despido<\/b><span style=\"font-weight: 400;\">. Actualmente, existe una brecha regulatoria en la manera de indemnizar a los empleados contratados de manera temporal. De este modo, los trabajadores recibir\u00e1n una indemnizaci\u00f3n de 12 d\u00edas por a\u00f1o trabajado frente a la de 33 de un despido improcedente y un tope de 24 mensualidades. Y, la de 20 y una anualidad, en caso de despido procedente.<\/span><\/li>\n<\/ul>\n<p style=\"text-align: left;\">Si te ha parecido interesante este contenido, \u00a1comp\u00e1rtelo en tus redes!<\/p>\n<p style=\"text-align: center;\">\ud83d\ude42<\/p>\n<div class=\"ttr_end\"><\/div>","protected":false},"excerpt":{"rendered":"<p>4,1 millones. Esta es la cifra que muestra el n\u00famero de contratos laborales firmados por medio de una ETT en 2018. Un 6,4% m\u00e1s que el a\u00f1o anterior, seg\u00fan datos del Observatorio Sectorial DBK Informa. Esto hace que tambi\u00e9n se produzcan reclamaciones laborales en ETT. Aunque es llamativa, esta cantidad de relaciones laborales establecidas a [&hellip;]<\/p>\n","protected":false},"author":1,"featured_media":21088,"comment_status":"open","ping_status":"open","sticky":false,"template":"","format":"standard","meta":{"_acf_changed":false,"_genesis_hide_title":false,"_genesis_hide_breadcrumbs":false,"_genesis_hide_singular_image":false,"_genesis_hide_footer_widgets":false,"_genesis_custom_body_class":"","_genesis_custom_post_class":"","_genesis_layout":"","_jetpack_newsletter_access":"","_jetpack_dont_email_post_to_subs":false,"_jetpack_newsletter_tier_id":0,"_jetpack_memberships_contains_paywalled_content":false,"_jetpack_memberships_contains_paid_content":false,"footnotes":""},"categories":[393],"tags":[762],"class_list":{"0":"post-21087","1":"post","2":"type-post","3":"status-publish","4":"format-standard","5":"has-post-thumbnail","7":"category-consejos","8":"tag-servicios","9":"entry"},"acf":[],"yoast_head":"<!-- This site is optimized with the Yoast SEO plugin v27.4 - https:\/\/yoast.com\/product\/yoast-seo-wordpress\/ -->\n<title>Contrato por ETT: ventajas e inconvenientes para los trabajadores<\/title>\n<meta name=\"description\" content=\"En reclamador.es hemos analizado los pros y los contras de trabajar en una ETT. Si est\u00e1s trabando a trav\u00e9s de una empresa de trabajo temporal, te interesa!\" \/>\n<meta name=\"robots\" content=\"index, follow, max-snippet:-1, max-image-preview:large, max-video-preview:-1\" \/>\n<link rel=\"canonical\" href=\"https:\/\/www.reclamador.es\/blog\/contrato-ett-trabajadores\/\" \/>\n<meta property=\"og:locale\" content=\"es_ES\" \/>\n<meta property=\"og:type\" content=\"article\" \/>\n<meta property=\"og:title\" content=\"Contrato por ETT: ventajas e inconvenientes para los trabajadores\" \/>\n<meta property=\"og:description\" content=\"En reclamador.es hemos analizado los pros y los contras de trabajar en una ETT. Si est\u00e1s trabando a trav\u00e9s de una empresa de trabajo temporal, te interesa!\" \/>\n<meta property=\"og:url\" content=\"https:\/\/www.reclamador.es\/blog\/contrato-ett-trabajadores\/\" \/>\n<meta property=\"og:site_name\" content=\"Rebeldes con causa, el blog de reclamador.es\" \/>\n<meta property=\"article:publisher\" content=\"https:\/\/www.facebook.com\/reclamador.es\" \/>\n<meta property=\"article:published_time\" content=\"2019-02-18T09:08:30+00:00\" \/>\n<meta property=\"article:modified_time\" content=\"2023-10-18T10:34:09+00:00\" \/>\n<meta property=\"og:image\" content=\"https:\/\/www.reclamador.es\/blog\/wp-content\/uploads\/2019\/02\/ett-reclamador.png\" \/>\n\t<meta property=\"og:image:width\" content=\"1200\" \/>\n\t<meta property=\"og:image:height\" content=\"800\" \/>\n\t<meta property=\"og:image:type\" content=\"image\/png\" \/>\n<meta name=\"author\" content=\"Equipo reclamador\" \/>\n<meta name=\"twitter:card\" content=\"summary_large_image\" \/>\n<meta name=\"twitter:creator\" content=\"@reclamador\" \/>\n<meta name=\"twitter:site\" content=\"@reclamador\" \/>\n<meta name=\"twitter:label1\" content=\"Escrito por\" \/>\n\t<meta name=\"twitter:data1\" content=\"Equipo reclamador\" \/>\n\t<meta name=\"twitter:label2\" content=\"Tiempo de lectura\" \/>\n\t<meta name=\"twitter:data2\" content=\"4 minutos\" \/>\n<script type=\"application\/ld+json\" class=\"yoast-schema-graph\">{\"@context\":\"https:\\\/\\\/schema.org\",\"@graph\":[{\"@type\":\"Article\",\"@id\":\"https:\\\/\\\/www.reclamador.es\\\/blog\\\/contrato-ett-trabajadores\\\/#article\",\"isPartOf\":{\"@id\":\"https:\\\/\\\/www.reclamador.es\\\/blog\\\/contrato-ett-trabajadores\\\/\"},\"author\":{\"name\":\"Equipo reclamador\",\"@id\":\"https:\\\/\\\/www.reclamador.es\\\/blog\\\/#\\\/schema\\\/person\\\/1ed83eef8b6566cb5e4c812d9bc5c4bf\"},\"headline\":\"\u00bfEn qu\u00e9 consisten las Empresas de Trabajo Temporal? Ventajas e inconvenientes de las ETT\",\"datePublished\":\"2019-02-18T09:08:30+00:00\",\"dateModified\":\"2023-10-18T10:34:09+00:00\",\"mainEntityOfPage\":{\"@id\":\"https:\\\/\\\/www.reclamador.es\\\/blog\\\/contrato-ett-trabajadores\\\/\"},\"wordCount\":879,\"commentCount\":23,\"publisher\":{\"@id\":\"https:\\\/\\\/www.reclamador.es\\\/blog\\\/#organization\"},\"image\":{\"@id\":\"https:\\\/\\\/www.reclamador.es\\\/blog\\\/contrato-ett-trabajadores\\\/#primaryimage\"},\"thumbnailUrl\":\"https:\\\/\\\/i0.wp.com\\\/www.reclamador.es\\\/blog\\\/wp-content\\\/uploads\\\/2019\\\/02\\\/ett-reclamador.png?fit=1200%2C800&ssl=1\",\"keywords\":[\"servicios\"],\"articleSection\":[\"Consejos legales\"],\"inLanguage\":\"es\",\"potentialAction\":[{\"@type\":\"CommentAction\",\"name\":\"Comment\",\"target\":[\"https:\\\/\\\/www.reclamador.es\\\/blog\\\/contrato-ett-trabajadores\\\/#respond\"]}]},{\"@type\":\"WebPage\",\"@id\":\"https:\\\/\\\/www.reclamador.es\\\/blog\\\/contrato-ett-trabajadores\\\/\",\"url\":\"https:\\\/\\\/www.reclamador.es\\\/blog\\\/contrato-ett-trabajadores\\\/\",\"name\":\"Contrato por ETT: ventajas e inconvenientes para los trabajadores\",\"isPartOf\":{\"@id\":\"https:\\\/\\\/www.reclamador.es\\\/blog\\\/#website\"},\"primaryImageOfPage\":{\"@id\":\"https:\\\/\\\/www.reclamador.es\\\/blog\\\/contrato-ett-trabajadores\\\/#primaryimage\"},\"image\":{\"@id\":\"https:\\\/\\\/www.reclamador.es\\\/blog\\\/contrato-ett-trabajadores\\\/#primaryimage\"},\"thumbnailUrl\":\"https:\\\/\\\/i0.wp.com\\\/www.reclamador.es\\\/blog\\\/wp-content\\\/uploads\\\/2019\\\/02\\\/ett-reclamador.png?fit=1200%2C800&ssl=1\",\"datePublished\":\"2019-02-18T09:08:30+00:00\",\"dateModified\":\"2023-10-18T10:34:09+00:00\",\"description\":\"En reclamador.es hemos analizado los pros y los contras de trabajar en una ETT. Si est\u00e1s trabando a trav\u00e9s de una empresa de trabajo temporal, te interesa!\",\"breadcrumb\":{\"@id\":\"https:\\\/\\\/www.reclamador.es\\\/blog\\\/contrato-ett-trabajadores\\\/#breadcrumb\"},\"inLanguage\":\"es\",\"potentialAction\":[{\"@type\":\"ReadAction\",\"target\":[\"https:\\\/\\\/www.reclamador.es\\\/blog\\\/contrato-ett-trabajadores\\\/\"]}]},{\"@type\":\"ImageObject\",\"inLanguage\":\"es\",\"@id\":\"https:\\\/\\\/www.reclamador.es\\\/blog\\\/contrato-ett-trabajadores\\\/#primaryimage\",\"url\":\"https:\\\/\\\/i0.wp.com\\\/www.reclamador.es\\\/blog\\\/wp-content\\\/uploads\\\/2019\\\/02\\\/ett-reclamador.png?fit=1200%2C800&ssl=1\",\"contentUrl\":\"https:\\\/\\\/i0.wp.com\\\/www.reclamador.es\\\/blog\\\/wp-content\\\/uploads\\\/2019\\\/02\\\/ett-reclamador.png?fit=1200%2C800&ssl=1\",\"width\":1200,\"height\":800,\"caption\":\"Empresas de Trabajo Temporal: Ventajas e inconvenientes\"},{\"@type\":\"BreadcrumbList\",\"@id\":\"https:\\\/\\\/www.reclamador.es\\\/blog\\\/contrato-ett-trabajadores\\\/#breadcrumb\",\"itemListElement\":[{\"@type\":\"ListItem\",\"position\":1,\"name\":\"Portada\",\"item\":\"https:\\\/\\\/www.reclamador.es\\\/blog\\\/\"},{\"@type\":\"ListItem\",\"position\":2,\"name\":\"\u00bfEn qu\u00e9 consisten las Empresas de Trabajo Temporal? Ventajas e inconvenientes de las ETT\"}]},{\"@type\":\"WebSite\",\"@id\":\"https:\\\/\\\/www.reclamador.es\\\/blog\\\/#website\",\"url\":\"https:\\\/\\\/www.reclamador.es\\\/blog\\\/\",\"name\":\"Rebeldes con causa, el blog de reclamador.es\",\"description\":\"Noticias, entrevistas y consejos sobre reclamaciones\",\"publisher\":{\"@id\":\"https:\\\/\\\/www.reclamador.es\\\/blog\\\/#organization\"},\"potentialAction\":[{\"@type\":\"SearchAction\",\"target\":{\"@type\":\"EntryPoint\",\"urlTemplate\":\"https:\\\/\\\/www.reclamador.es\\\/blog\\\/?s={search_term_string}\"},\"query-input\":{\"@type\":\"PropertyValueSpecification\",\"valueRequired\":true,\"valueName\":\"search_term_string\"}}],\"inLanguage\":\"es\"},{\"@type\":\"Organization\",\"@id\":\"https:\\\/\\\/www.reclamador.es\\\/blog\\\/#organization\",\"name\":\"reclamador.es\",\"url\":\"https:\\\/\\\/www.reclamador.es\\\/blog\\\/\",\"logo\":{\"@type\":\"ImageObject\",\"inLanguage\":\"es\",\"@id\":\"https:\\\/\\\/www.reclamador.es\\\/blog\\\/#\\\/schema\\\/logo\\\/image\\\/\",\"url\":\"https:\\\/\\\/i0.wp.com\\\/www.reclamador.es\\\/blog\\\/wp-content\\\/uploads\\\/2020\\\/01\\\/logo-reclamador.png?fit=1200%2C144&ssl=1\",\"contentUrl\":\"https:\\\/\\\/i0.wp.com\\\/www.reclamador.es\\\/blog\\\/wp-content\\\/uploads\\\/2020\\\/01\\\/logo-reclamador.png?fit=1200%2C144&ssl=1\",\"width\":1200,\"height\":144,\"caption\":\"reclamador.es\"},\"image\":{\"@id\":\"https:\\\/\\\/www.reclamador.es\\\/blog\\\/#\\\/schema\\\/logo\\\/image\\\/\"},\"sameAs\":[\"https:\\\/\\\/www.facebook.com\\\/reclamador.es\",\"https:\\\/\\\/x.com\\\/reclamador\",\"https:\\\/\\\/www.instagram.com\\\/reclamador.es\\\/\",\"https:\\\/\\\/www.linkedin.com\\\/company\\\/reclamador-es\",\"https:\\\/\\\/www.youtube.com\\\/user\\\/Reclamadores\"]},{\"@type\":\"Person\",\"@id\":\"https:\\\/\\\/www.reclamador.es\\\/blog\\\/#\\\/schema\\\/person\\\/1ed83eef8b6566cb5e4c812d9bc5c4bf\",\"name\":\"Equipo reclamador\",\"image\":{\"@type\":\"ImageObject\",\"inLanguage\":\"es\",\"@id\":\"https:\\\/\\\/secure.gravatar.com\\\/avatar\\\/6442ecdc2c4472c600c113f34d340feca47107d6aa4f42f1e3e75a2a8e28a760?s=96&d=mm&r=g\",\"url\":\"https:\\\/\\\/secure.gravatar.com\\\/avatar\\\/6442ecdc2c4472c600c113f34d340feca47107d6aa4f42f1e3e75a2a8e28a760?s=96&d=mm&r=g\",\"contentUrl\":\"https:\\\/\\\/secure.gravatar.com\\\/avatar\\\/6442ecdc2c4472c600c113f34d340feca47107d6aa4f42f1e3e75a2a8e28a760?s=96&d=mm&r=g\",\"caption\":\"Equipo reclamador\"},\"description\":\"Las personas que hacen posible reclamador.es\",\"url\":\"https:\\\/\\\/www.reclamador.es\\\/blog\\\/author\\\/administrador\\\/\"}]}<\/script>\n<!-- \/ Yoast SEO plugin. -->","yoast_head_json":{"title":"Contrato por ETT: ventajas e inconvenientes para los trabajadores","description":"En reclamador.es hemos analizado los pros y los contras de trabajar en una ETT. Si est\u00e1s trabando a trav\u00e9s de una empresa de trabajo temporal, te interesa!","robots":{"index":"index","follow":"follow","max-snippet":"max-snippet:-1","max-image-preview":"max-image-preview:large","max-video-preview":"max-video-preview:-1"},"canonical":"https:\/\/www.reclamador.es\/blog\/contrato-ett-trabajadores\/","og_locale":"es_ES","og_type":"article","og_title":"Contrato por ETT: ventajas e inconvenientes para los trabajadores","og_description":"En reclamador.es hemos analizado los pros y los contras de trabajar en una ETT. Si est\u00e1s trabando a trav\u00e9s de una empresa de trabajo temporal, te interesa!","og_url":"https:\/\/www.reclamador.es\/blog\/contrato-ett-trabajadores\/","og_site_name":"Rebeldes con causa, el blog de reclamador.es","article_publisher":"https:\/\/www.facebook.com\/reclamador.es","article_published_time":"2019-02-18T09:08:30+00:00","article_modified_time":"2023-10-18T10:34:09+00:00","og_image":[{"width":1200,"height":800,"url":"https:\/\/www.reclamador.es\/blog\/wp-content\/uploads\/2019\/02\/ett-reclamador.png","type":"image\/png"}],"author":"Equipo reclamador","twitter_card":"summary_large_image","twitter_creator":"@reclamador","twitter_site":"@reclamador","twitter_misc":{"Escrito por":"Equipo reclamador","Tiempo de lectura":"4 minutos"},"schema":{"@context":"https:\/\/schema.org","@graph":[{"@type":"Article","@id":"https:\/\/www.reclamador.es\/blog\/contrato-ett-trabajadores\/#article","isPartOf":{"@id":"https:\/\/www.reclamador.es\/blog\/contrato-ett-trabajadores\/"},"author":{"name":"Equipo reclamador","@id":"https:\/\/www.reclamador.es\/blog\/#\/schema\/person\/1ed83eef8b6566cb5e4c812d9bc5c4bf"},"headline":"\u00bfEn qu\u00e9 consisten las Empresas de Trabajo Temporal? Ventajas e inconvenientes de las ETT","datePublished":"2019-02-18T09:08:30+00:00","dateModified":"2023-10-18T10:34:09+00:00","mainEntityOfPage":{"@id":"https:\/\/www.reclamador.es\/blog\/contrato-ett-trabajadores\/"},"wordCount":879,"commentCount":23,"publisher":{"@id":"https:\/\/www.reclamador.es\/blog\/#organization"},"image":{"@id":"https:\/\/www.reclamador.es\/blog\/contrato-ett-trabajadores\/#primaryimage"},"thumbnailUrl":"https:\/\/i0.wp.com\/www.reclamador.es\/blog\/wp-content\/uploads\/2019\/02\/ett-reclamador.png?fit=1200%2C800&ssl=1","keywords":["servicios"],"articleSection":["Consejos legales"],"inLanguage":"es","potentialAction":[{"@type":"CommentAction","name":"Comment","target":["https:\/\/www.reclamador.es\/blog\/contrato-ett-trabajadores\/#respond"]}]},{"@type":"WebPage","@id":"https:\/\/www.reclamador.es\/blog\/contrato-ett-trabajadores\/","url":"https:\/\/www.reclamador.es\/blog\/contrato-ett-trabajadores\/","name":"Contrato por ETT: ventajas e inconvenientes para los trabajadores","isPartOf":{"@id":"https:\/\/www.reclamador.es\/blog\/#website"},"primaryImageOfPage":{"@id":"https:\/\/www.reclamador.es\/blog\/contrato-ett-trabajadores\/#primaryimage"},"image":{"@id":"https:\/\/www.reclamador.es\/blog\/contrato-ett-trabajadores\/#primaryimage"},"thumbnailUrl":"https:\/\/i0.wp.com\/www.reclamador.es\/blog\/wp-content\/uploads\/2019\/02\/ett-reclamador.png?fit=1200%2C800&ssl=1","datePublished":"2019-02-18T09:08:30+00:00","dateModified":"2023-10-18T10:34:09+00:00","description":"En reclamador.es hemos analizado los pros y los contras de trabajar en una ETT. Si est\u00e1s trabando a trav\u00e9s de una empresa de trabajo temporal, te interesa!","breadcrumb":{"@id":"https:\/\/www.reclamador.es\/blog\/contrato-ett-trabajadores\/#breadcrumb"},"inLanguage":"es","potentialAction":[{"@type":"ReadAction","target":["https:\/\/www.reclamador.es\/blog\/contrato-ett-trabajadores\/"]}]},{"@type":"ImageObject","inLanguage":"es","@id":"https:\/\/www.reclamador.es\/blog\/contrato-ett-trabajadores\/#primaryimage","url":"https:\/\/i0.wp.com\/www.reclamador.es\/blog\/wp-content\/uploads\/2019\/02\/ett-reclamador.png?fit=1200%2C800&ssl=1","contentUrl":"https:\/\/i0.wp.com\/www.reclamador.es\/blog\/wp-content\/uploads\/2019\/02\/ett-reclamador.png?fit=1200%2C800&ssl=1","width":1200,"height":800,"caption":"Empresas de Trabajo Temporal: Ventajas e inconvenientes"},{"@type":"BreadcrumbList","@id":"https:\/\/www.reclamador.es\/blog\/contrato-ett-trabajadores\/#breadcrumb","itemListElement":[{"@type":"ListItem","position":1,"name":"Portada","item":"https:\/\/www.reclamador.es\/blog\/"},{"@type":"ListItem","position":2,"name":"\u00bfEn qu\u00e9 consisten las Empresas de Trabajo Temporal? Ventajas e inconvenientes de las ETT"}]},{"@type":"WebSite","@id":"https:\/\/www.reclamador.es\/blog\/#website","url":"https:\/\/www.reclamador.es\/blog\/","name":"Rebeldes con causa, el blog de reclamador.es","description":"Noticias, entrevistas y consejos sobre reclamaciones","publisher":{"@id":"https:\/\/www.reclamador.es\/blog\/#organization"},"potentialAction":[{"@type":"SearchAction","target":{"@type":"EntryPoint","urlTemplate":"https:\/\/www.reclamador.es\/blog\/?s={search_term_string}"},"query-input":{"@type":"PropertyValueSpecification","valueRequired":true,"valueName":"search_term_string"}}],"inLanguage":"es"},{"@type":"Organization","@id":"https:\/\/www.reclamador.es\/blog\/#organization","name":"reclamador.es","url":"https:\/\/www.reclamador.es\/blog\/","logo":{"@type":"ImageObject","inLanguage":"es","@id":"https:\/\/www.reclamador.es\/blog\/#\/schema\/logo\/image\/","url":"https:\/\/i0.wp.com\/www.reclamador.es\/blog\/wp-content\/uploads\/2020\/01\/logo-reclamador.png?fit=1200%2C144&ssl=1","contentUrl":"https:\/\/i0.wp.com\/www.reclamador.es\/blog\/wp-content\/uploads\/2020\/01\/logo-reclamador.png?fit=1200%2C144&ssl=1","width":1200,"height":144,"caption":"reclamador.es"},"image":{"@id":"https:\/\/www.reclamador.es\/blog\/#\/schema\/logo\/image\/"},"sameAs":["https:\/\/www.facebook.com\/reclamador.es","https:\/\/x.com\/reclamador","https:\/\/www.instagram.com\/reclamador.es\/","https:\/\/www.linkedin.com\/company\/reclamador-es","https:\/\/www.youtube.com\/user\/Reclamadores"]},{"@type":"Person","@id":"https:\/\/www.reclamador.es\/blog\/#\/schema\/person\/1ed83eef8b6566cb5e4c812d9bc5c4bf","name":"Equipo reclamador","image":{"@type":"ImageObject","inLanguage":"es","@id":"https:\/\/secure.gravatar.com\/avatar\/6442ecdc2c4472c600c113f34d340feca47107d6aa4f42f1e3e75a2a8e28a760?s=96&d=mm&r=g","url":"https:\/\/secure.gravatar.com\/avatar\/6442ecdc2c4472c600c113f34d340feca47107d6aa4f42f1e3e75a2a8e28a760?s=96&d=mm&r=g","contentUrl":"https:\/\/secure.gravatar.com\/avatar\/6442ecdc2c4472c600c113f34d340feca47107d6aa4f42f1e3e75a2a8e28a760?s=96&d=mm&r=g","caption":"Equipo reclamador"},"description":"Las personas que hacen posible reclamador.es","url":"https:\/\/www.reclamador.es\/blog\/author\/administrador\/"}]}},"jetpack_featured_media_url":"https:\/\/i0.wp.com\/www.reclamador.es\/blog\/wp-content\/uploads\/2019\/02\/ett-reclamador.png?fit=1200%2C800&ssl=1","jetpack-related-posts":[{"id":22017,"url":"https:\/\/www.reclamador.es\/blog\/cuanto-se-cobra-estando-de-baja\/","url_meta":{"origin":21087,"position":0},"title":"\u00bfCu\u00e1nto se cobra estando de baja?","author":"Laura M\u00e9ndez","date":"12 noviembre, 2019","format":false,"excerpt":"Cu\u00e1nto se cobra estando de baja, o mejor dicho, qu\u00e9 retribuci\u00f3n se percibe en una situaci\u00f3n de incapacidad temporal, que es el nombre t\u00e9cnico que recibe la situaci\u00f3n de baja m\u00e9dica, o qui\u00e9n paga el sueldo durante ese tiempo, son dos de las grandes dudas que surgen a los trabajadores\u2026","rel":"","context":"En \u00abConsejos legales\u00bb","block_context":{"text":"Consejos legales","link":"https:\/\/www.reclamador.es\/blog\/consejos\/"},"img":{"alt_text":"cuanto se cobra por incapacidad temporal y quien paga reclamador","src":"https:\/\/i0.wp.com\/www.reclamador.es\/blog\/wp-content\/uploads\/2019\/05\/cuanto-se-cobra-estando-de-baja.jpg?fit=1200%2C799&ssl=1&resize=350%2C200","width":350,"height":200,"srcset":"https:\/\/i0.wp.com\/www.reclamador.es\/blog\/wp-content\/uploads\/2019\/05\/cuanto-se-cobra-estando-de-baja.jpg?fit=1200%2C799&ssl=1&resize=350%2C200 1x, https:\/\/i0.wp.com\/www.reclamador.es\/blog\/wp-content\/uploads\/2019\/05\/cuanto-se-cobra-estando-de-baja.jpg?fit=1200%2C799&ssl=1&resize=525%2C300 1.5x, https:\/\/i0.wp.com\/www.reclamador.es\/blog\/wp-content\/uploads\/2019\/05\/cuanto-se-cobra-estando-de-baja.jpg?fit=1200%2C799&ssl=1&resize=700%2C400 2x, https:\/\/i0.wp.com\/www.reclamador.es\/blog\/wp-content\/uploads\/2019\/05\/cuanto-se-cobra-estando-de-baja.jpg?fit=1200%2C799&ssl=1&resize=1050%2C600 3x"},"classes":[]},{"id":19121,"url":"https:\/\/www.reclamador.es\/blog\/finalizacion-contrato-temporal-que-corresponde\/","url_meta":{"origin":21087,"position":1},"title":"Finalizaci\u00f3n de un contrato temporal: \u00bfqu\u00e9 me corresponde?","author":"Equipo reclamador","date":"31 agosto, 2018","format":false,"excerpt":"*Contenido actualizado mayo 2025 Con la actual normativa laboral, en Espa\u00f1a en 2025 \u00fanicamente se pueden realizar dos tipos de contrato temporal: contrato temporal de sustituci\u00f3n y el contrato temporal por circunstancias de la producci\u00f3n (muy usado en verano o campa\u00f1as). Pero pese a que se intenta primar el contrato\u2026","rel":"","context":"En \u00abConsejos legales\u00bb","block_context":{"text":"Consejos legales","link":"https:\/\/www.reclamador.es\/blog\/consejos\/"},"img":{"alt_text":"Fin contrato temporal: finiquito e indemnizaci\u00f3n","src":"https:\/\/i0.wp.com\/www.reclamador.es\/blog\/wp-content\/uploads\/2018\/08\/finiquito-indemnzacion-fin-contrato-temporal.jpg?fit=1200%2C630&ssl=1&resize=350%2C200","width":350,"height":200,"srcset":"https:\/\/i0.wp.com\/www.reclamador.es\/blog\/wp-content\/uploads\/2018\/08\/finiquito-indemnzacion-fin-contrato-temporal.jpg?fit=1200%2C630&ssl=1&resize=350%2C200 1x, https:\/\/i0.wp.com\/www.reclamador.es\/blog\/wp-content\/uploads\/2018\/08\/finiquito-indemnzacion-fin-contrato-temporal.jpg?fit=1200%2C630&ssl=1&resize=525%2C300 1.5x, https:\/\/i0.wp.com\/www.reclamador.es\/blog\/wp-content\/uploads\/2018\/08\/finiquito-indemnzacion-fin-contrato-temporal.jpg?fit=1200%2C630&ssl=1&resize=700%2C400 2x, https:\/\/i0.wp.com\/www.reclamador.es\/blog\/wp-content\/uploads\/2018\/08\/finiquito-indemnzacion-fin-contrato-temporal.jpg?fit=1200%2C630&ssl=1&resize=1050%2C600 3x"},"classes":[]},{"id":15712,"url":"https:\/\/www.reclamador.es\/blog\/contrato-temporal-fraude-ley\/","url_meta":{"origin":21087,"position":2},"title":"Contrato temporal en fraude de ley: qu\u00e9 hacer cuando se te acaba","author":"Equipo reclamador","date":"28 septiembre, 2017","format":false,"excerpt":"Seis meses. Es lo que ha durado la racha positiva del empleo en Espa\u00f1a.\u00a0El fin de agosto y de la alta temporada tur\u00edstica han tra\u00eddo malas noticias para el mercado laboral: una crecida del paro que implica la mayor destrucci\u00f3n de puestos de trabajo desde el a\u00f1o 2008. Ahora, ya\u2026","rel":"","context":"En \u00abNoticias y actualidad\u00bb","block_context":{"text":"Noticias y actualidad","link":"https:\/\/www.reclamador.es\/blog\/noticias\/"},"img":{"alt_text":"Contrato en fraude de ley - reclamador","src":"https:\/\/i0.wp.com\/www.reclamador.es\/blog\/wp-content\/uploads\/2017\/09\/reclamar-contrato-en-fraude-de-ley.jpg?fit=1200%2C630&ssl=1&resize=350%2C200","width":350,"height":200,"srcset":"https:\/\/i0.wp.com\/www.reclamador.es\/blog\/wp-content\/uploads\/2017\/09\/reclamar-contrato-en-fraude-de-ley.jpg?fit=1200%2C630&ssl=1&resize=350%2C200 1x, https:\/\/i0.wp.com\/www.reclamador.es\/blog\/wp-content\/uploads\/2017\/09\/reclamar-contrato-en-fraude-de-ley.jpg?fit=1200%2C630&ssl=1&resize=525%2C300 1.5x, https:\/\/i0.wp.com\/www.reclamador.es\/blog\/wp-content\/uploads\/2017\/09\/reclamar-contrato-en-fraude-de-ley.jpg?fit=1200%2C630&ssl=1&resize=700%2C400 2x, https:\/\/i0.wp.com\/www.reclamador.es\/blog\/wp-content\/uploads\/2017\/09\/reclamar-contrato-en-fraude-de-ley.jpg?fit=1200%2C630&ssl=1&resize=1050%2C600 3x"},"classes":[]},{"id":28678,"url":"https:\/\/www.reclamador.es\/blog\/reforma-laboral-principales-novedades\/","url_meta":{"origin":21087,"position":3},"title":"Reforma laboral: principales novedades para trabajadores y empresarios","author":"Almudena Vel\u00e1zquez","date":"4 enero, 2022","format":false,"excerpt":"Ya est\u00e1 publicada y en vigor -salvo lo relativo a los contratos de formaci\u00f3n- la reforma laboral. A falta de su confirmaci\u00f3n en el Congreso, el Real Decreto-ley 32\/2021, de 28 de diciembre, trae importantes novedades para los trabajadores y los empresarios, tanto en materia de contrato temporales, como para\u2026","rel":"","context":"En \u00abNoticias y actualidad\u00bb","block_context":{"text":"Noticias y actualidad","link":"https:\/\/www.reclamador.es\/blog\/noticias\/"},"img":{"alt_text":"cambios trabajadores reforma laboral","src":"https:\/\/i0.wp.com\/www.reclamador.es\/blog\/wp-content\/uploads\/2021\/12\/novedades-reforma-laboral.jpg?fit=1200%2C675&ssl=1&resize=350%2C200","width":350,"height":200,"srcset":"https:\/\/i0.wp.com\/www.reclamador.es\/blog\/wp-content\/uploads\/2021\/12\/novedades-reforma-laboral.jpg?fit=1200%2C675&ssl=1&resize=350%2C200 1x, https:\/\/i0.wp.com\/www.reclamador.es\/blog\/wp-content\/uploads\/2021\/12\/novedades-reforma-laboral.jpg?fit=1200%2C675&ssl=1&resize=525%2C300 1.5x, https:\/\/i0.wp.com\/www.reclamador.es\/blog\/wp-content\/uploads\/2021\/12\/novedades-reforma-laboral.jpg?fit=1200%2C675&ssl=1&resize=700%2C400 2x, https:\/\/i0.wp.com\/www.reclamador.es\/blog\/wp-content\/uploads\/2021\/12\/novedades-reforma-laboral.jpg?fit=1200%2C675&ssl=1&resize=1050%2C600 3x"},"classes":[]},{"id":18785,"url":"https:\/\/www.reclamador.es\/blog\/derechos-trabajadores-san-fermin\/","url_meta":{"origin":21087,"position":4},"title":"Sanfermines y otros eventos de verano: que tus derechos laborales no se vayan de fiesta","author":"Equipo reclamador","date":"5 julio, 2019","format":false,"excerpt":"\u201cPamplonesas, pamploneses, gora San Ferm\u00edn\u201d. Con estas palabras durante el chupinazo, el pr\u00f3ximo s\u00e1bado 6 de julio, dar\u00e1n comienzo las fiestas m\u00e1s esperadas de la capital de Navarra: los sanfermines. Durar\u00e1n hasta el 14 de julio y llenar\u00e1n de vida y de color rojiblanco las calles de la ciudad. Esta\u2026","rel":"","context":"En \u00abConsejos legales\u00bb","block_context":{"text":"Consejos legales","link":"https:\/\/www.reclamador.es\/blog\/consejos\/"},"img":{"alt_text":"Derechos trabajadores en San Ferm\u00edn y otras fiestas","src":"https:\/\/i0.wp.com\/www.reclamador.es\/blog\/wp-content\/uploads\/2019\/07\/pixabay-san-fermin-derechos-trabajadores.jpg?fit=1200%2C630&ssl=1&resize=350%2C200","width":350,"height":200,"srcset":"https:\/\/i0.wp.com\/www.reclamador.es\/blog\/wp-content\/uploads\/2019\/07\/pixabay-san-fermin-derechos-trabajadores.jpg?fit=1200%2C630&ssl=1&resize=350%2C200 1x, https:\/\/i0.wp.com\/www.reclamador.es\/blog\/wp-content\/uploads\/2019\/07\/pixabay-san-fermin-derechos-trabajadores.jpg?fit=1200%2C630&ssl=1&resize=525%2C300 1.5x, https:\/\/i0.wp.com\/www.reclamador.es\/blog\/wp-content\/uploads\/2019\/07\/pixabay-san-fermin-derechos-trabajadores.jpg?fit=1200%2C630&ssl=1&resize=700%2C400 2x, https:\/\/i0.wp.com\/www.reclamador.es\/blog\/wp-content\/uploads\/2019\/07\/pixabay-san-fermin-derechos-trabajadores.jpg?fit=1200%2C630&ssl=1&resize=1050%2C600 3x"},"classes":[]},{"id":24633,"url":"https:\/\/www.reclamador.es\/blog\/erte-guia-para-trabajadores\/","url_meta":{"origin":21087,"position":5},"title":"Preguntas y respuestas sobre los ERTE","author":"Equipo reclamador","date":"17 marzo, 2020","format":false,"excerpt":"Desde el comienzo de la crisis sanitaria del COVID-19 y la declaraci\u00f3n del Estado de Alarma en nuestro pa\u00eds, son muchas empresas las que han tenido que realizar un expediente de regulaci\u00f3n de empleo temporal, m\u00e1s conocido por sus iniciales, ERTE, durante el periodo que deban permanecer cerrados.\u00a0 Las dudas\u2026","rel":"","context":"En \u00abConsejos legales\u00bb","block_context":{"text":"Consejos legales","link":"https:\/\/www.reclamador.es\/blog\/consejos\/"},"img":{"alt_text":"","src":"https:\/\/i0.wp.com\/www.reclamador.es\/blog\/wp-content\/uploads\/2020\/03\/erte-coronavirus_destacada.jpg?fit=800%2C419&ssl=1&resize=350%2C200","width":350,"height":200,"srcset":"https:\/\/i0.wp.com\/www.reclamador.es\/blog\/wp-content\/uploads\/2020\/03\/erte-coronavirus_destacada.jpg?fit=800%2C419&ssl=1&resize=350%2C200 1x, https:\/\/i0.wp.com\/www.reclamador.es\/blog\/wp-content\/uploads\/2020\/03\/erte-coronavirus_destacada.jpg?fit=800%2C419&ssl=1&resize=525%2C300 1.5x, https:\/\/i0.wp.com\/www.reclamador.es\/blog\/wp-content\/uploads\/2020\/03\/erte-coronavirus_destacada.jpg?fit=800%2C419&ssl=1&resize=700%2C400 2x"},"classes":[]}],"jetpack_sharing_enabled":true,"_links":{"self":[{"href":"https:\/\/www.reclamador.es\/blog\/wp-json\/wp\/v2\/posts\/21087","targetHints":{"allow":["GET"]}}],"collection":[{"href":"https:\/\/www.reclamador.es\/blog\/wp-json\/wp\/v2\/posts"}],"about":[{"href":"https:\/\/www.reclamador.es\/blog\/wp-json\/wp\/v2\/types\/post"}],"author":[{"embeddable":true,"href":"https:\/\/www.reclamador.es\/blog\/wp-json\/wp\/v2\/users\/1"}],"replies":[{"embeddable":true,"href":"https:\/\/www.reclamador.es\/blog\/wp-json\/wp\/v2\/comments?post=21087"}],"version-history":[{"count":7,"href":"https:\/\/www.reclamador.es\/blog\/wp-json\/wp\/v2\/posts\/21087\/revisions"}],"predecessor-version":[{"id":23200,"href":"https:\/\/www.reclamador.es\/blog\/wp-json\/wp\/v2\/posts\/21087\/revisions\/23200"}],"wp:featuredmedia":[{"embeddable":true,"href":"https:\/\/www.reclamador.es\/blog\/wp-json\/wp\/v2\/media\/21088"}],"wp:attachment":[{"href":"https:\/\/www.reclamador.es\/blog\/wp-json\/wp\/v2\/media?parent=21087"}],"wp:term":[{"taxonomy":"category","embeddable":true,"href":"https:\/\/www.reclamador.es\/blog\/wp-json\/wp\/v2\/categories?post=21087"},{"taxonomy":"post_tag","embeddable":true,"href":"https:\/\/www.reclamador.es\/blog\/wp-json\/wp\/v2\/tags?post=21087"}],"curies":[{"name":"wp","href":"https:\/\/api.w.org\/{rel}","templated":true}]}}