{"id":21006,"date":"2019-02-07T13:24:42","date_gmt":"2019-02-07T12:24:42","guid":{"rendered":"https:\/\/www.reclamador.es\/blog\/?p=21006"},"modified":"2022-11-24T16:01:55","modified_gmt":"2022-11-24T15:01:55","slug":"ranking-aerolineas-mas-reclamadas-2018","status":"publish","type":"post","link":"https:\/\/www.reclamador.es\/blog\/ranking-aerolineas-mas-reclamadas-2018\/","title":{"rendered":"\u00bfCu\u00e1l fue la aerol\u00ednea m\u00e1s reclamada en 2018?"},"content":{"rendered":"<div class=\"ttr_start\"><\/div>\n\n<div class=\"kk-star-ratings kksr-auto kksr-align-right kksr-valign-top\"\n    data-payload='{&quot;align&quot;:&quot;right&quot;,&quot;id&quot;:&quot;21006&quot;,&quot;slug&quot;:&quot;default&quot;,&quot;valign&quot;:&quot;top&quot;,&quot;ignore&quot;:&quot;&quot;,&quot;reference&quot;:&quot;auto&quot;,&quot;class&quot;:&quot;&quot;,&quot;count&quot;:&quot;4&quot;,&quot;legendonly&quot;:&quot;&quot;,&quot;readonly&quot;:&quot;&quot;,&quot;score&quot;:&quot;5&quot;,&quot;starsonly&quot;:&quot;&quot;,&quot;best&quot;:&quot;5&quot;,&quot;gap&quot;:&quot;3&quot;,&quot;greet&quot;:&quot;Valora este art\u00edculo&quot;,&quot;legend&quot;:&quot;5\\\/5 - (4 votos)&quot;,&quot;size&quot;:&quot;20&quot;,&quot;title&quot;:&quot;\u00bfCu\u00e1l fue la aerol\u00ednea m\u00e1s reclamada en 2018?&quot;,&quot;width&quot;:&quot;113.5&quot;,&quot;_legend&quot;:&quot;{score}\\\/{best} - ({count} {votes})&quot;,&quot;font_factor&quot;:&quot;1.25&quot;}'>\n            \n<div class=\"kksr-stars\">\n    \n<div class=\"kksr-stars-inactive\">\n            <div class=\"kksr-star\" data-star=\"1\" style=\"padding-right: 3px\">\n            \n\n<div class=\"kksr-icon\" style=\"width: 20px; height: 20px;\"><\/div>\n        <\/div>\n            <div class=\"kksr-star\" data-star=\"2\" style=\"padding-right: 3px\">\n            \n\n<div class=\"kksr-icon\" style=\"width: 20px; height: 20px;\"><\/div>\n        <\/div>\n            <div class=\"kksr-star\" data-star=\"3\" style=\"padding-right: 3px\">\n            \n\n<div class=\"kksr-icon\" style=\"width: 20px; height: 20px;\"><\/div>\n        <\/div>\n            <div class=\"kksr-star\" data-star=\"4\" style=\"padding-right: 3px\">\n            \n\n<div class=\"kksr-icon\" style=\"width: 20px; height: 20px;\"><\/div>\n        <\/div>\n            <div class=\"kksr-star\" data-star=\"5\" style=\"padding-right: 3px\">\n            \n\n<div class=\"kksr-icon\" style=\"width: 20px; height: 20px;\"><\/div>\n        <\/div>\n    <\/div>\n    \n<div class=\"kksr-stars-active\" style=\"width: 113.5px;\">\n            <div class=\"kksr-star\" style=\"padding-right: 3px\">\n            \n\n<div class=\"kksr-icon\" style=\"width: 20px; height: 20px;\"><\/div>\n        <\/div>\n            <div class=\"kksr-star\" style=\"padding-right: 3px\">\n            \n\n<div class=\"kksr-icon\" style=\"width: 20px; height: 20px;\"><\/div>\n        <\/div>\n            <div class=\"kksr-star\" style=\"padding-right: 3px\">\n            \n\n<div class=\"kksr-icon\" style=\"width: 20px; height: 20px;\"><\/div>\n        <\/div>\n            <div class=\"kksr-star\" style=\"padding-right: 3px\">\n            \n\n<div class=\"kksr-icon\" style=\"width: 20px; height: 20px;\"><\/div>\n        <\/div>\n            <div class=\"kksr-star\" style=\"padding-right: 3px\">\n            \n\n<div class=\"kksr-icon\" style=\"width: 20px; height: 20px;\"><\/div>\n        <\/div>\n    <\/div>\n<\/div>\n                \n\n<div class=\"kksr-legend\" style=\"font-size: 16px;\">\n            5\/5 - (4 votos)    <\/div>\n    <\/div>\n<figure id=\"attachment_21012\" aria-describedby=\"caption-attachment-21012\" style=\"width: 1200px\" class=\"wp-caption aligncenter\"><img data-recalc-dims=\"1\" loading=\"lazy\" decoding=\"async\" class=\"size-full wp-image-21012\" src=\"https:\/\/i0.wp.com\/www.reclamador.es\/blog\/wp-content\/uploads\/2019\/02\/aerolineas-mas-reclamadas-en-2018.jpg?resize=1200%2C799&#038;ssl=1\" alt=\"aerolineas mas reclamadas 2018 reclamador.es\" width=\"1200\" height=\"799\" srcset=\"https:\/\/i0.wp.com\/www.reclamador.es\/blog\/wp-content\/uploads\/2019\/02\/aerolineas-mas-reclamadas-en-2018.jpg?w=1200&amp;ssl=1 1200w, https:\/\/i0.wp.com\/www.reclamador.es\/blog\/wp-content\/uploads\/2019\/02\/aerolineas-mas-reclamadas-en-2018.jpg?resize=150%2C100&amp;ssl=1 150w, https:\/\/i0.wp.com\/www.reclamador.es\/blog\/wp-content\/uploads\/2019\/02\/aerolineas-mas-reclamadas-en-2018.jpg?resize=300%2C200&amp;ssl=1 300w, https:\/\/i0.wp.com\/www.reclamador.es\/blog\/wp-content\/uploads\/2019\/02\/aerolineas-mas-reclamadas-en-2018.jpg?resize=768%2C511&amp;ssl=1 768w, https:\/\/i0.wp.com\/www.reclamador.es\/blog\/wp-content\/uploads\/2019\/02\/aerolineas-mas-reclamadas-en-2018.jpg?resize=1024%2C682&amp;ssl=1 1024w\" sizes=\"auto, (max-width: 1000px) 100vw, 1000px\" \/><figcaption id=\"caption-attachment-21012\" class=\"wp-caption-text\"><em>Vueling, Ryanair e Iberia, las tres aerol\u00edneas m\u00e1s reclamadas<\/em><\/figcaption><\/figure>\n<p>Vueling, Ryanair e Iberia. Estas son las tres aerol\u00edneas que durante el pasado 2018 recibieron m\u00e1s reclamaciones en nuestra web. Como ya sucediera en 2016, Vueling vuelve a la primera posici\u00f3n del ranking, desbancando a Ryanair a la segunda posici\u00f3n. Iberia, por su parte, mantiene el tercer puesto que ya ocupara tambi\u00e9n en el a\u00f1o 2017.<\/p>\n<p>En cifras, Vueling, con m\u00e1s de 19.900 reclamaciones iniciadas en reclamador.es en 2018 fue la aerol\u00ednea m\u00e1s reclamada. Supone el 32% del total de las reclamaciones a aerol\u00edneas registradas en nuestra compa\u00f1\u00eda durante el pasado a\u00f1o.<\/p>\n<h6 style=\"text-align: center;\"><strong>En total, reclamador.es registr\u00f3 en 2018 m\u00e1s de 61.000 reclamaciones en su web, frente a casi un centenar de aerol\u00edneas diferentes.<\/strong><\/h6>\n<p>En segunda posici\u00f3n se sit\u00faa <strong>Ryanair, con m\u00e1s de 15.000 reclamaciones<\/strong>, lo que significa el 25% del total de reclamaciones iniciadas en nuestra web. La aerol\u00ednea de bajo coste irlandesa, que en 2017 se situaba al frente de la clasificaci\u00f3n, desciende una posici\u00f3n, pero se mantiene como una de las m\u00e1s reclamadas. Esto se debe, principalmente, a los <a href=\"https:\/\/www.reclamador.es\/blog\/pasajeros-derechos-huelga-ryanair\/\">paros de los tripulantes de cabina<\/a> de la compa\u00f1\u00eda sucedidos el pasado verano. Huelgas que s\u00ed son reclamables y por las que <strong>reclamador.es ya ha conseguido m\u00e1s de un centenar de sentencias favorables<\/strong> para sus clientes en diferentes juzgados espa\u00f1oles.<\/p>\n<p>A continuaci\u00f3n, en la tabla de aerol\u00edneas m\u00e1s reclamadas en 2018 se encuentra el <strong>Grupo<\/strong> <strong>Iberia (Iberia, Iberia Express y Air Nostrum), con casi 6.500 denuncias<\/strong>, el 11% del total de las quejas a compa\u00f1\u00edas a\u00e9reas registradas en reclamador.es.<\/p>\n<p>Tras estas compa\u00f1\u00edas, que concentran el 68% de las reclamaciones a aerol\u00edneas iniciadas en reclamador.es, les siguen Air Europa, en cuarta posici\u00f3n con m\u00e1s de 3.000 reclamaciones (5%) y el Grupo Norwegian (compuesto por Norwegian Air International y Norwegian Air Shuttle) con casi 2.000 reclamaciones (3%).<\/p>\n<p>En sexta posici\u00f3n del ranking se encuentra TAP Air Portugal (3%), con m\u00e1s de 1.540 quejas ejercidas por sus pasajeros. Significativo ascenso en el ranking de la compa\u00f1\u00eda portuguesa, que en 2017 se situaba en la decimocuarta posici\u00f3n y que en 2018 se ha convertido en la sexta aerol\u00ednea con m\u00e1s reclamaciones abiertas en la compa\u00f1\u00eda online.<\/p>\n<p>Completan el top 10 de aerol\u00edneas m\u00e1s reclamadas 2018 EasyJet (m\u00e1s de 1.520 reclamaciones), Lufthansa (con m\u00e1s de 880 reclamaciones) y con 729 reclamaciones cada una American Airlines y Air France.<\/p>\n<p><img data-recalc-dims=\"1\" loading=\"lazy\" decoding=\"async\" class=\"aligncenter size-full wp-image-21033\" src=\"https:\/\/i0.wp.com\/www.reclamador.es\/blog\/wp-content\/uploads\/2019\/02\/Ranking-Aerolineas-VERSION-2018-V800px-ancho-1.png?resize=800%2C1594&#038;ssl=1\" alt=\"\" width=\"800\" height=\"1594\" srcset=\"https:\/\/i0.wp.com\/www.reclamador.es\/blog\/wp-content\/uploads\/2019\/02\/Ranking-Aerolineas-VERSION-2018-V800px-ancho-1.png?w=800&amp;ssl=1 800w, https:\/\/i0.wp.com\/www.reclamador.es\/blog\/wp-content\/uploads\/2019\/02\/Ranking-Aerolineas-VERSION-2018-V800px-ancho-1.png?resize=75%2C150&amp;ssl=1 75w, https:\/\/i0.wp.com\/www.reclamador.es\/blog\/wp-content\/uploads\/2019\/02\/Ranking-Aerolineas-VERSION-2018-V800px-ancho-1.png?resize=151%2C300&amp;ssl=1 151w, https:\/\/i0.wp.com\/www.reclamador.es\/blog\/wp-content\/uploads\/2019\/02\/Ranking-Aerolineas-VERSION-2018-V800px-ancho-1.png?resize=768%2C1530&amp;ssl=1 768w, https:\/\/i0.wp.com\/www.reclamador.es\/blog\/wp-content\/uploads\/2019\/02\/Ranking-Aerolineas-VERSION-2018-V800px-ancho-1.png?resize=514%2C1024&amp;ssl=1 514w\" sizes=\"auto, (max-width: 800px) 100vw, 800px\" \/><\/p>\n<h2><strong>Retrasos y cancelaciones de vuelos: las reclamaciones m\u00e1s recurrentes de los pasajeros a\u00e9reos<\/strong><\/h2>\n<p>En cuanto al tipo de reclamaci\u00f3n, los <a href=\"https:\/\/www.reclamador.es\/aerolineas\/retraso-vuelo\/\">retrasos<\/a> suponen el 53% de las m\u00e1s de 61.000 reclamaciones gestionadas por reclamador.es frente a las compa\u00f1\u00edas a\u00e9reas.<\/p>\n<p>A continuaci\u00f3n, las <a href=\"https:\/\/www.reclamador.es\/aerolineas\/cancelacion-vuelo\/\">cancelaciones de vuelos<\/a>, donde se incluyen las reclamaciones por la conocida como cl\u00e1usula \u201cno-show\u201d, que suponen el 44% de las reclamaciones realizadas por la compa\u00f1\u00eda online. Los <a href=\"https:\/\/www.reclamador.es\/aerolineas\/problemas-equipaje\/\">problemas con las maletas<\/a> suponen el 2% y las reclamaciones por <a href=\"https:\/\/www.reclamador.es\/aerolineas\/overbooking\/\">overbooking<\/a> el 1% del total gestionado.<\/p>\n<p>De los datos anteriores se deduce que el 97% de las reclamaciones tienen como consecuencia un retraso o cancelaci\u00f3n de un vuelo.<\/p>\n<p>Ante estas incidencias que se repiten en los aeropuertos de manera continuada, y ante la indefensi\u00f3n de los usuarios, reclamador.es recuerda que, seg\u00fan el <strong>Reglamento 261, <\/strong>se pueden solicitar entre <strong>250 y 600\u20ac como indemnizaci\u00f3n, <\/strong>seg\u00fan la distancia del vuelo, m\u00e1s los gastos generados en el caso de retrasos, cancelaciones y denegaciones de embarque.<\/p>\n<p>En el supuesto de incidencias con las maletas, la compensaci\u00f3n econ\u00f3mica puede ascender hasta 1.400\u20ac. reclamador.es anima a los consumidores a reclamar sus derechos frente a las aerol\u00edneas de la mano de profesionales para hacer valer sus derechos.<\/p>\n<h2 style=\"text-align: center;\"><strong><a class=\"button-lead\" href=\"https:\/\/www.reclamador.es\/aerolineas\/\">\u00bfQuieres hacer una reclamaci\u00f3n a una aerol\u00ednea?<\/a><\/strong><\/h2>\n<p>Si te ha parecido interesante este ranking de las aerol\u00edneas m\u00e1s reclamadas 2018, comp\u00e1rtelo en tus redes<\/p>\n<p>\ud83d\ude42<\/p>\n<div class=\"ttr_end\"><\/div>","protected":false},"excerpt":{"rendered":"<p>Vueling, Ryanair e Iberia. Estas son las tres aerol\u00edneas que durante el pasado 2018 recibieron m\u00e1s reclamaciones en nuestra web. Como ya sucediera en 2016, Vueling vuelve a la primera posici\u00f3n del ranking, desbancando a Ryanair a la segunda posici\u00f3n. Iberia, por su parte, mantiene el tercer puesto que ya ocupara tambi\u00e9n en el a\u00f1o [&hellip;]<\/p>\n","protected":false},"author":1,"featured_media":21012,"comment_status":"open","ping_status":"open","sticky":false,"template":"","format":"standard","meta":{"_acf_changed":false,"_genesis_hide_title":false,"_genesis_hide_breadcrumbs":false,"_genesis_hide_singular_image":false,"_genesis_hide_footer_widgets":false,"_genesis_custom_body_class":"","_genesis_custom_post_class":"","_genesis_layout":"","_jetpack_newsletter_access":"","_jetpack_dont_email_post_to_subs":false,"_jetpack_newsletter_tier_id":0,"_jetpack_memberships_contains_paywalled_content":false,"_jetpack_memberships_contains_paid_content":false,"footnotes":""},"categories":[392],"tags":[380,289],"class_list":{"0":"post-21006","1":"post","2":"type-post","3":"status-publish","4":"format-standard","5":"has-post-thumbnail","7":"category-noticias","8":"tag-aerolineas","9":"tag-reclamacion","10":"entry"},"acf":[],"yoast_head":"<!-- This site is optimized with the Yoast SEO plugin v27.4 - https:\/\/yoast.com\/product\/yoast-seo-wordpress\/ -->\n<title>Aerol\u00edneas m\u00e1s reclamadas 2018: Vueling, Ryanair, Iberia<\/title>\n<meta name=\"description\" content=\"Por este orden, Vueling, Ryanair e Iberia fueron las aerol\u00edneas m\u00e1s reclamadas en 2018 en la web de reclamador.es. Les siguen Air Europa y Grupo Norwegian.\" \/>\n<meta name=\"robots\" content=\"index, follow, max-snippet:-1, max-image-preview:large, max-video-preview:-1\" \/>\n<link rel=\"canonical\" href=\"https:\/\/www.reclamador.es\/blog\/ranking-aerolineas-mas-reclamadas-2018\/\" \/>\n<meta property=\"og:locale\" content=\"es_ES\" \/>\n<meta property=\"og:type\" content=\"article\" \/>\n<meta property=\"og:title\" content=\"Aerol\u00edneas m\u00e1s reclamadas 2018: Vueling, Ryanair, Iberia\" \/>\n<meta property=\"og:description\" content=\"Por este orden, Vueling, Ryanair e Iberia fueron las aerol\u00edneas m\u00e1s reclamadas en 2018 en la web de reclamador.es. Les siguen Air Europa y Grupo Norwegian.\" \/>\n<meta property=\"og:url\" content=\"https:\/\/www.reclamador.es\/blog\/ranking-aerolineas-mas-reclamadas-2018\/\" \/>\n<meta property=\"og:site_name\" content=\"Rebeldes con causa, el blog de reclamador.es\" \/>\n<meta property=\"article:publisher\" content=\"https:\/\/www.facebook.com\/reclamador.es\" \/>\n<meta property=\"article:published_time\" content=\"2019-02-07T12:24:42+00:00\" \/>\n<meta property=\"article:modified_time\" content=\"2022-11-24T15:01:55+00:00\" \/>\n<meta property=\"og:image\" content=\"https:\/\/i0.wp.com\/www.reclamador.es\/blog\/wp-content\/uploads\/2019\/02\/aerolineas-mas-reclamadas-en-2018.jpg?fit=1200%2C799&ssl=1\" \/>\n\t<meta property=\"og:image:width\" content=\"1200\" \/>\n\t<meta property=\"og:image:height\" content=\"799\" \/>\n\t<meta property=\"og:image:type\" content=\"image\/jpeg\" \/>\n<meta name=\"author\" content=\"Equipo reclamador\" \/>\n<meta name=\"twitter:card\" content=\"summary_large_image\" \/>\n<meta name=\"twitter:creator\" content=\"@reclamador\" \/>\n<meta name=\"twitter:site\" content=\"@reclamador\" \/>\n<meta name=\"twitter:label1\" content=\"Escrito por\" \/>\n\t<meta name=\"twitter:data1\" content=\"Equipo reclamador\" \/>\n\t<meta name=\"twitter:label2\" content=\"Tiempo de lectura\" \/>\n\t<meta name=\"twitter:data2\" content=\"3 minutos\" \/>\n<script type=\"application\/ld+json\" class=\"yoast-schema-graph\">{\"@context\":\"https:\\\/\\\/schema.org\",\"@graph\":[{\"@type\":\"Article\",\"@id\":\"https:\\\/\\\/www.reclamador.es\\\/blog\\\/ranking-aerolineas-mas-reclamadas-2018\\\/#article\",\"isPartOf\":{\"@id\":\"https:\\\/\\\/www.reclamador.es\\\/blog\\\/ranking-aerolineas-mas-reclamadas-2018\\\/\"},\"author\":{\"name\":\"Equipo reclamador\",\"@id\":\"https:\\\/\\\/www.reclamador.es\\\/blog\\\/#\\\/schema\\\/person\\\/1ed83eef8b6566cb5e4c812d9bc5c4bf\"},\"headline\":\"\u00bfCu\u00e1l fue la aerol\u00ednea m\u00e1s reclamada en 2018?\",\"datePublished\":\"2019-02-07T12:24:42+00:00\",\"dateModified\":\"2022-11-24T15:01:55+00:00\",\"mainEntityOfPage\":{\"@id\":\"https:\\\/\\\/www.reclamador.es\\\/blog\\\/ranking-aerolineas-mas-reclamadas-2018\\\/\"},\"wordCount\":671,\"commentCount\":1,\"publisher\":{\"@id\":\"https:\\\/\\\/www.reclamador.es\\\/blog\\\/#organization\"},\"image\":{\"@id\":\"https:\\\/\\\/www.reclamador.es\\\/blog\\\/ranking-aerolineas-mas-reclamadas-2018\\\/#primaryimage\"},\"thumbnailUrl\":\"https:\\\/\\\/i0.wp.com\\\/www.reclamador.es\\\/blog\\\/wp-content\\\/uploads\\\/2019\\\/02\\\/aerolineas-mas-reclamadas-en-2018.jpg?fit=1200%2C799&ssl=1\",\"keywords\":[\"aerol\u00edneas\",\"reclamaci\u00f3n\"],\"articleSection\":[\"Noticias y actualidad\"],\"inLanguage\":\"es\",\"potentialAction\":[{\"@type\":\"CommentAction\",\"name\":\"Comment\",\"target\":[\"https:\\\/\\\/www.reclamador.es\\\/blog\\\/ranking-aerolineas-mas-reclamadas-2018\\\/#respond\"]}]},{\"@type\":\"WebPage\",\"@id\":\"https:\\\/\\\/www.reclamador.es\\\/blog\\\/ranking-aerolineas-mas-reclamadas-2018\\\/\",\"url\":\"https:\\\/\\\/www.reclamador.es\\\/blog\\\/ranking-aerolineas-mas-reclamadas-2018\\\/\",\"name\":\"Aerol\u00edneas m\u00e1s reclamadas 2018: Vueling, Ryanair, Iberia\",\"isPartOf\":{\"@id\":\"https:\\\/\\\/www.reclamador.es\\\/blog\\\/#website\"},\"primaryImageOfPage\":{\"@id\":\"https:\\\/\\\/www.reclamador.es\\\/blog\\\/ranking-aerolineas-mas-reclamadas-2018\\\/#primaryimage\"},\"image\":{\"@id\":\"https:\\\/\\\/www.reclamador.es\\\/blog\\\/ranking-aerolineas-mas-reclamadas-2018\\\/#primaryimage\"},\"thumbnailUrl\":\"https:\\\/\\\/i0.wp.com\\\/www.reclamador.es\\\/blog\\\/wp-content\\\/uploads\\\/2019\\\/02\\\/aerolineas-mas-reclamadas-en-2018.jpg?fit=1200%2C799&ssl=1\",\"datePublished\":\"2019-02-07T12:24:42+00:00\",\"dateModified\":\"2022-11-24T15:01:55+00:00\",\"description\":\"Por este orden, Vueling, Ryanair e Iberia fueron las aerol\u00edneas m\u00e1s reclamadas en 2018 en la web de reclamador.es. Les siguen Air Europa y Grupo Norwegian.\",\"breadcrumb\":{\"@id\":\"https:\\\/\\\/www.reclamador.es\\\/blog\\\/ranking-aerolineas-mas-reclamadas-2018\\\/#breadcrumb\"},\"inLanguage\":\"es\",\"potentialAction\":[{\"@type\":\"ReadAction\",\"target\":[\"https:\\\/\\\/www.reclamador.es\\\/blog\\\/ranking-aerolineas-mas-reclamadas-2018\\\/\"]}]},{\"@type\":\"ImageObject\",\"inLanguage\":\"es\",\"@id\":\"https:\\\/\\\/www.reclamador.es\\\/blog\\\/ranking-aerolineas-mas-reclamadas-2018\\\/#primaryimage\",\"url\":\"https:\\\/\\\/i0.wp.com\\\/www.reclamador.es\\\/blog\\\/wp-content\\\/uploads\\\/2019\\\/02\\\/aerolineas-mas-reclamadas-en-2018.jpg?fit=1200%2C799&ssl=1\",\"contentUrl\":\"https:\\\/\\\/i0.wp.com\\\/www.reclamador.es\\\/blog\\\/wp-content\\\/uploads\\\/2019\\\/02\\\/aerolineas-mas-reclamadas-en-2018.jpg?fit=1200%2C799&ssl=1\",\"width\":1200,\"height\":799,\"caption\":\"Vueling, Ryanair e Iberia, las tres aerol\u00edneas m\u00e1s reclamadas\"},{\"@type\":\"BreadcrumbList\",\"@id\":\"https:\\\/\\\/www.reclamador.es\\\/blog\\\/ranking-aerolineas-mas-reclamadas-2018\\\/#breadcrumb\",\"itemListElement\":[{\"@type\":\"ListItem\",\"position\":1,\"name\":\"Portada\",\"item\":\"https:\\\/\\\/www.reclamador.es\\\/blog\\\/\"},{\"@type\":\"ListItem\",\"position\":2,\"name\":\"\u00bfCu\u00e1l fue la aerol\u00ednea m\u00e1s reclamada en 2018?\"}]},{\"@type\":\"WebSite\",\"@id\":\"https:\\\/\\\/www.reclamador.es\\\/blog\\\/#website\",\"url\":\"https:\\\/\\\/www.reclamador.es\\\/blog\\\/\",\"name\":\"Rebeldes con causa, el blog de reclamador.es\",\"description\":\"Noticias, entrevistas y consejos sobre reclamaciones\",\"publisher\":{\"@id\":\"https:\\\/\\\/www.reclamador.es\\\/blog\\\/#organization\"},\"potentialAction\":[{\"@type\":\"SearchAction\",\"target\":{\"@type\":\"EntryPoint\",\"urlTemplate\":\"https:\\\/\\\/www.reclamador.es\\\/blog\\\/?s={search_term_string}\"},\"query-input\":{\"@type\":\"PropertyValueSpecification\",\"valueRequired\":true,\"valueName\":\"search_term_string\"}}],\"inLanguage\":\"es\"},{\"@type\":\"Organization\",\"@id\":\"https:\\\/\\\/www.reclamador.es\\\/blog\\\/#organization\",\"name\":\"reclamador.es\",\"url\":\"https:\\\/\\\/www.reclamador.es\\\/blog\\\/\",\"logo\":{\"@type\":\"ImageObject\",\"inLanguage\":\"es\",\"@id\":\"https:\\\/\\\/www.reclamador.es\\\/blog\\\/#\\\/schema\\\/logo\\\/image\\\/\",\"url\":\"https:\\\/\\\/i0.wp.com\\\/www.reclamador.es\\\/blog\\\/wp-content\\\/uploads\\\/2020\\\/01\\\/logo-reclamador.png?fit=1200%2C144&ssl=1\",\"contentUrl\":\"https:\\\/\\\/i0.wp.com\\\/www.reclamador.es\\\/blog\\\/wp-content\\\/uploads\\\/2020\\\/01\\\/logo-reclamador.png?fit=1200%2C144&ssl=1\",\"width\":1200,\"height\":144,\"caption\":\"reclamador.es\"},\"image\":{\"@id\":\"https:\\\/\\\/www.reclamador.es\\\/blog\\\/#\\\/schema\\\/logo\\\/image\\\/\"},\"sameAs\":[\"https:\\\/\\\/www.facebook.com\\\/reclamador.es\",\"https:\\\/\\\/x.com\\\/reclamador\",\"https:\\\/\\\/www.instagram.com\\\/reclamador.es\\\/\",\"https:\\\/\\\/www.linkedin.com\\\/company\\\/reclamador-es\",\"https:\\\/\\\/www.youtube.com\\\/user\\\/Reclamadores\"]},{\"@type\":\"Person\",\"@id\":\"https:\\\/\\\/www.reclamador.es\\\/blog\\\/#\\\/schema\\\/person\\\/1ed83eef8b6566cb5e4c812d9bc5c4bf\",\"name\":\"Equipo reclamador\",\"image\":{\"@type\":\"ImageObject\",\"inLanguage\":\"es\",\"@id\":\"https:\\\/\\\/secure.gravatar.com\\\/avatar\\\/6442ecdc2c4472c600c113f34d340feca47107d6aa4f42f1e3e75a2a8e28a760?s=96&d=mm&r=g\",\"url\":\"https:\\\/\\\/secure.gravatar.com\\\/avatar\\\/6442ecdc2c4472c600c113f34d340feca47107d6aa4f42f1e3e75a2a8e28a760?s=96&d=mm&r=g\",\"contentUrl\":\"https:\\\/\\\/secure.gravatar.com\\\/avatar\\\/6442ecdc2c4472c600c113f34d340feca47107d6aa4f42f1e3e75a2a8e28a760?s=96&d=mm&r=g\",\"caption\":\"Equipo reclamador\"},\"description\":\"Las personas que hacen posible reclamador.es\",\"url\":\"https:\\\/\\\/www.reclamador.es\\\/blog\\\/author\\\/administrador\\\/\"}]}<\/script>\n<!-- \/ Yoast SEO plugin. -->","yoast_head_json":{"title":"Aerol\u00edneas m\u00e1s reclamadas 2018: Vueling, Ryanair, Iberia","description":"Por este orden, Vueling, Ryanair e Iberia fueron las aerol\u00edneas m\u00e1s reclamadas en 2018 en la web de reclamador.es. Les siguen Air Europa y Grupo Norwegian.","robots":{"index":"index","follow":"follow","max-snippet":"max-snippet:-1","max-image-preview":"max-image-preview:large","max-video-preview":"max-video-preview:-1"},"canonical":"https:\/\/www.reclamador.es\/blog\/ranking-aerolineas-mas-reclamadas-2018\/","og_locale":"es_ES","og_type":"article","og_title":"Aerol\u00edneas m\u00e1s reclamadas 2018: Vueling, Ryanair, Iberia","og_description":"Por este orden, Vueling, Ryanair e Iberia fueron las aerol\u00edneas m\u00e1s reclamadas en 2018 en la web de reclamador.es. Les siguen Air Europa y Grupo Norwegian.","og_url":"https:\/\/www.reclamador.es\/blog\/ranking-aerolineas-mas-reclamadas-2018\/","og_site_name":"Rebeldes con causa, el blog de reclamador.es","article_publisher":"https:\/\/www.facebook.com\/reclamador.es","article_published_time":"2019-02-07T12:24:42+00:00","article_modified_time":"2022-11-24T15:01:55+00:00","og_image":[{"width":1200,"height":799,"url":"https:\/\/i0.wp.com\/www.reclamador.es\/blog\/wp-content\/uploads\/2019\/02\/aerolineas-mas-reclamadas-en-2018.jpg?fit=1200%2C799&ssl=1","type":"image\/jpeg"}],"author":"Equipo reclamador","twitter_card":"summary_large_image","twitter_creator":"@reclamador","twitter_site":"@reclamador","twitter_misc":{"Escrito por":"Equipo reclamador","Tiempo de lectura":"3 minutos"},"schema":{"@context":"https:\/\/schema.org","@graph":[{"@type":"Article","@id":"https:\/\/www.reclamador.es\/blog\/ranking-aerolineas-mas-reclamadas-2018\/#article","isPartOf":{"@id":"https:\/\/www.reclamador.es\/blog\/ranking-aerolineas-mas-reclamadas-2018\/"},"author":{"name":"Equipo reclamador","@id":"https:\/\/www.reclamador.es\/blog\/#\/schema\/person\/1ed83eef8b6566cb5e4c812d9bc5c4bf"},"headline":"\u00bfCu\u00e1l fue la aerol\u00ednea m\u00e1s reclamada en 2018?","datePublished":"2019-02-07T12:24:42+00:00","dateModified":"2022-11-24T15:01:55+00:00","mainEntityOfPage":{"@id":"https:\/\/www.reclamador.es\/blog\/ranking-aerolineas-mas-reclamadas-2018\/"},"wordCount":671,"commentCount":1,"publisher":{"@id":"https:\/\/www.reclamador.es\/blog\/#organization"},"image":{"@id":"https:\/\/www.reclamador.es\/blog\/ranking-aerolineas-mas-reclamadas-2018\/#primaryimage"},"thumbnailUrl":"https:\/\/i0.wp.com\/www.reclamador.es\/blog\/wp-content\/uploads\/2019\/02\/aerolineas-mas-reclamadas-en-2018.jpg?fit=1200%2C799&ssl=1","keywords":["aerol\u00edneas","reclamaci\u00f3n"],"articleSection":["Noticias y actualidad"],"inLanguage":"es","potentialAction":[{"@type":"CommentAction","name":"Comment","target":["https:\/\/www.reclamador.es\/blog\/ranking-aerolineas-mas-reclamadas-2018\/#respond"]}]},{"@type":"WebPage","@id":"https:\/\/www.reclamador.es\/blog\/ranking-aerolineas-mas-reclamadas-2018\/","url":"https:\/\/www.reclamador.es\/blog\/ranking-aerolineas-mas-reclamadas-2018\/","name":"Aerol\u00edneas m\u00e1s reclamadas 2018: Vueling, Ryanair, Iberia","isPartOf":{"@id":"https:\/\/www.reclamador.es\/blog\/#website"},"primaryImageOfPage":{"@id":"https:\/\/www.reclamador.es\/blog\/ranking-aerolineas-mas-reclamadas-2018\/#primaryimage"},"image":{"@id":"https:\/\/www.reclamador.es\/blog\/ranking-aerolineas-mas-reclamadas-2018\/#primaryimage"},"thumbnailUrl":"https:\/\/i0.wp.com\/www.reclamador.es\/blog\/wp-content\/uploads\/2019\/02\/aerolineas-mas-reclamadas-en-2018.jpg?fit=1200%2C799&ssl=1","datePublished":"2019-02-07T12:24:42+00:00","dateModified":"2022-11-24T15:01:55+00:00","description":"Por este orden, Vueling, Ryanair e Iberia fueron las aerol\u00edneas m\u00e1s reclamadas en 2018 en la web de reclamador.es. Les siguen Air Europa y Grupo Norwegian.","breadcrumb":{"@id":"https:\/\/www.reclamador.es\/blog\/ranking-aerolineas-mas-reclamadas-2018\/#breadcrumb"},"inLanguage":"es","potentialAction":[{"@type":"ReadAction","target":["https:\/\/www.reclamador.es\/blog\/ranking-aerolineas-mas-reclamadas-2018\/"]}]},{"@type":"ImageObject","inLanguage":"es","@id":"https:\/\/www.reclamador.es\/blog\/ranking-aerolineas-mas-reclamadas-2018\/#primaryimage","url":"https:\/\/i0.wp.com\/www.reclamador.es\/blog\/wp-content\/uploads\/2019\/02\/aerolineas-mas-reclamadas-en-2018.jpg?fit=1200%2C799&ssl=1","contentUrl":"https:\/\/i0.wp.com\/www.reclamador.es\/blog\/wp-content\/uploads\/2019\/02\/aerolineas-mas-reclamadas-en-2018.jpg?fit=1200%2C799&ssl=1","width":1200,"height":799,"caption":"Vueling, Ryanair e Iberia, las tres aerol\u00edneas m\u00e1s reclamadas"},{"@type":"BreadcrumbList","@id":"https:\/\/www.reclamador.es\/blog\/ranking-aerolineas-mas-reclamadas-2018\/#breadcrumb","itemListElement":[{"@type":"ListItem","position":1,"name":"Portada","item":"https:\/\/www.reclamador.es\/blog\/"},{"@type":"ListItem","position":2,"name":"\u00bfCu\u00e1l fue la aerol\u00ednea m\u00e1s reclamada en 2018?"}]},{"@type":"WebSite","@id":"https:\/\/www.reclamador.es\/blog\/#website","url":"https:\/\/www.reclamador.es\/blog\/","name":"Rebeldes con causa, el blog de reclamador.es","description":"Noticias, entrevistas y consejos sobre reclamaciones","publisher":{"@id":"https:\/\/www.reclamador.es\/blog\/#organization"},"potentialAction":[{"@type":"SearchAction","target":{"@type":"EntryPoint","urlTemplate":"https:\/\/www.reclamador.es\/blog\/?s={search_term_string}"},"query-input":{"@type":"PropertyValueSpecification","valueRequired":true,"valueName":"search_term_string"}}],"inLanguage":"es"},{"@type":"Organization","@id":"https:\/\/www.reclamador.es\/blog\/#organization","name":"reclamador.es","url":"https:\/\/www.reclamador.es\/blog\/","logo":{"@type":"ImageObject","inLanguage":"es","@id":"https:\/\/www.reclamador.es\/blog\/#\/schema\/logo\/image\/","url":"https:\/\/i0.wp.com\/www.reclamador.es\/blog\/wp-content\/uploads\/2020\/01\/logo-reclamador.png?fit=1200%2C144&ssl=1","contentUrl":"https:\/\/i0.wp.com\/www.reclamador.es\/blog\/wp-content\/uploads\/2020\/01\/logo-reclamador.png?fit=1200%2C144&ssl=1","width":1200,"height":144,"caption":"reclamador.es"},"image":{"@id":"https:\/\/www.reclamador.es\/blog\/#\/schema\/logo\/image\/"},"sameAs":["https:\/\/www.facebook.com\/reclamador.es","https:\/\/x.com\/reclamador","https:\/\/www.instagram.com\/reclamador.es\/","https:\/\/www.linkedin.com\/company\/reclamador-es","https:\/\/www.youtube.com\/user\/Reclamadores"]},{"@type":"Person","@id":"https:\/\/www.reclamador.es\/blog\/#\/schema\/person\/1ed83eef8b6566cb5e4c812d9bc5c4bf","name":"Equipo reclamador","image":{"@type":"ImageObject","inLanguage":"es","@id":"https:\/\/secure.gravatar.com\/avatar\/6442ecdc2c4472c600c113f34d340feca47107d6aa4f42f1e3e75a2a8e28a760?s=96&d=mm&r=g","url":"https:\/\/secure.gravatar.com\/avatar\/6442ecdc2c4472c600c113f34d340feca47107d6aa4f42f1e3e75a2a8e28a760?s=96&d=mm&r=g","contentUrl":"https:\/\/secure.gravatar.com\/avatar\/6442ecdc2c4472c600c113f34d340feca47107d6aa4f42f1e3e75a2a8e28a760?s=96&d=mm&r=g","caption":"Equipo reclamador"},"description":"Las personas que hacen posible reclamador.es","url":"https:\/\/www.reclamador.es\/blog\/author\/administrador\/"}]}},"jetpack_featured_media_url":"https:\/\/i0.wp.com\/www.reclamador.es\/blog\/wp-content\/uploads\/2019\/02\/aerolineas-mas-reclamadas-en-2018.jpg?fit=1200%2C799&ssl=1","jetpack-related-posts":[{"id":31928,"url":"https:\/\/www.reclamador.es\/blog\/ranking-aerolineas-mas-reclamadas-2023\/","url_meta":{"origin":21006,"position":0},"title":"Ranking aerol\u00edneas m\u00e1s reclamadas en 2023: Vueling a la cabeza","author":"Equipo reclamador","date":"30 enero, 2024","format":false,"excerpt":"Como cada a\u00f1o, en reclamador.es hemos preparado el ranking de las aerol\u00edneas m\u00e1s reclamadas por los viajeros, para conocer cu\u00e1les son las compa\u00f1\u00edas a\u00e9reas que m\u00e1s incidencias sufren cada a\u00f1o. Seg\u00fan nuestros datos, m\u00e1s de 39.000 personas han reclamado a 184 compa\u00f1\u00edas a\u00e9reas a lo largo de 2023. Las reclamaciones\u2026","rel":"","context":"En \u00abNoticias y actualidad\u00bb","block_context":{"text":"Noticias y actualidad","link":"https:\/\/www.reclamador.es\/blog\/noticias\/"},"img":{"alt_text":"","src":"https:\/\/i0.wp.com\/www.reclamador.es\/blog\/wp-content\/uploads\/2024\/01\/plane-2605014_1280.jpg?fit=1200%2C630&ssl=1&resize=350%2C200","width":350,"height":200,"srcset":"https:\/\/i0.wp.com\/www.reclamador.es\/blog\/wp-content\/uploads\/2024\/01\/plane-2605014_1280.jpg?fit=1200%2C630&ssl=1&resize=350%2C200 1x, https:\/\/i0.wp.com\/www.reclamador.es\/blog\/wp-content\/uploads\/2024\/01\/plane-2605014_1280.jpg?fit=1200%2C630&ssl=1&resize=525%2C300 1.5x, https:\/\/i0.wp.com\/www.reclamador.es\/blog\/wp-content\/uploads\/2024\/01\/plane-2605014_1280.jpg?fit=1200%2C630&ssl=1&resize=700%2C400 2x, https:\/\/i0.wp.com\/www.reclamador.es\/blog\/wp-content\/uploads\/2024\/01\/plane-2605014_1280.jpg?fit=1200%2C630&ssl=1&resize=1050%2C600 3x"},"classes":[]},{"id":16846,"url":"https:\/\/www.reclamador.es\/blog\/aerolineas-mas-reclamadas-2017\/","url_meta":{"origin":21006,"position":1},"title":"Viajero, toma nota: las aerol\u00edneas m\u00e1s reclamadas en 2017","author":"Equipo reclamador","date":"25 enero, 2018","format":false,"excerpt":"Nos gusta viajar. Aprovechar un par de d\u00edas libres para coger un avi\u00f3n y desconectar. Conocer rincones de Espa\u00f1a y del resto del mundo. Prueba de ello es que por los aeropuertos espa\u00f1oles pasaron el a\u00f1o pasado 249,2 millones de viajeros. Sobrepasando as\u00ed en un 8,2% el tr\u00e1fico de pasajeros\u2026","rel":"","context":"En \u00abNoticias y actualidad\u00bb","block_context":{"text":"Noticias y actualidad","link":"https:\/\/www.reclamador.es\/blog\/noticias\/"},"img":{"alt_text":"aerolineas problem\u00e1ticas 2017","src":"https:\/\/i0.wp.com\/www.reclamador.es\/blog\/wp-content\/uploads\/2018\/01\/Ranking_aerolineas2017.jpg?fit=1200%2C800&ssl=1&resize=350%2C200","width":350,"height":200,"srcset":"https:\/\/i0.wp.com\/www.reclamador.es\/blog\/wp-content\/uploads\/2018\/01\/Ranking_aerolineas2017.jpg?fit=1200%2C800&ssl=1&resize=350%2C200 1x, https:\/\/i0.wp.com\/www.reclamador.es\/blog\/wp-content\/uploads\/2018\/01\/Ranking_aerolineas2017.jpg?fit=1200%2C800&ssl=1&resize=525%2C300 1.5x, https:\/\/i0.wp.com\/www.reclamador.es\/blog\/wp-content\/uploads\/2018\/01\/Ranking_aerolineas2017.jpg?fit=1200%2C800&ssl=1&resize=700%2C400 2x, https:\/\/i0.wp.com\/www.reclamador.es\/blog\/wp-content\/uploads\/2018\/01\/Ranking_aerolineas2017.jpg?fit=1200%2C800&ssl=1&resize=1050%2C600 3x"},"classes":[]},{"id":32504,"url":"https:\/\/www.reclamador.es\/blog\/que-aerolineas-hacen-overbooking\/","url_meta":{"origin":21006,"position":2},"title":"\u00bfQu\u00e9 aerol\u00edneas hacen overbooking?","author":"Equipo reclamador","date":"18 junio, 2024","format":false,"excerpt":"El overbooking, o sobreventa de billetes, es una pr\u00e1ctica com\u00fan en la industria a\u00e9rea que puede causar muchos inconvenientes a los pasajeros. En reclamador.es hemos recopilado datos de las reclamaciones que hemos gestionado por overbooking a cada aerol\u00ednea, para ofrecerte una visi\u00f3n clara de las compa\u00f1\u00edas a\u00e9reas que m\u00e1s practican\u2026","rel":"","context":"En \u00abNoticias y actualidad\u00bb","block_context":{"text":"Noticias y actualidad","link":"https:\/\/www.reclamador.es\/blog\/noticias\/"},"img":{"alt_text":"ranking reclamaciones aerol\u00edneas overbooking reclamador","src":"https:\/\/i0.wp.com\/www.reclamador.es\/blog\/wp-content\/uploads\/2024\/06\/que-aerolineas-hacen-overbooking-1200x630-1.jpg?fit=1200%2C630&ssl=1&resize=350%2C200","width":350,"height":200,"srcset":"https:\/\/i0.wp.com\/www.reclamador.es\/blog\/wp-content\/uploads\/2024\/06\/que-aerolineas-hacen-overbooking-1200x630-1.jpg?fit=1200%2C630&ssl=1&resize=350%2C200 1x, https:\/\/i0.wp.com\/www.reclamador.es\/blog\/wp-content\/uploads\/2024\/06\/que-aerolineas-hacen-overbooking-1200x630-1.jpg?fit=1200%2C630&ssl=1&resize=525%2C300 1.5x, https:\/\/i0.wp.com\/www.reclamador.es\/blog\/wp-content\/uploads\/2024\/06\/que-aerolineas-hacen-overbooking-1200x630-1.jpg?fit=1200%2C630&ssl=1&resize=700%2C400 2x, https:\/\/i0.wp.com\/www.reclamador.es\/blog\/wp-content\/uploads\/2024\/06\/que-aerolineas-hacen-overbooking-1200x630-1.jpg?fit=1200%2C630&ssl=1&resize=1050%2C600 3x"},"classes":[]},{"id":32839,"url":"https:\/\/www.reclamador.es\/blog\/ranking-aerolineas-mas-reclamadas-verano\/","url_meta":{"origin":21006,"position":3},"title":"Ranking verano 2024: las aerol\u00edneas m\u00e1s reclamadas","author":"Equipo reclamador","date":"17 septiembre, 2024","format":false,"excerpt":"Durante los meses de junio, julio y agosto de 2024, reclamador.es ha registrado m\u00e1s de 13.000 reclamaciones contra 113 aerol\u00edneas, con Ryanair y Vueling liderando la lista de las m\u00e1s reclamadas por incidentes como retrasos (49 %) y cancelaciones (39,5 %). Las indemnizaciones pueden alcanzar los 600 \u20ac, m\u00e1s los\u2026","rel":"","context":"En \u00abNoticias y actualidad\u00bb","block_context":{"text":"Noticias y actualidad","link":"https:\/\/www.reclamador.es\/blog\/noticias\/"},"img":{"alt_text":"ryanair aeropuerto - aerolinea m\u00e1s reclamada","src":"https:\/\/i0.wp.com\/www.reclamador.es\/blog\/wp-content\/uploads\/2024\/09\/ranking-aerolineas-mas-reclamadas-verano-2024-1200x630-1.jpg?fit=1200%2C630&ssl=1&resize=350%2C200","width":350,"height":200,"srcset":"https:\/\/i0.wp.com\/www.reclamador.es\/blog\/wp-content\/uploads\/2024\/09\/ranking-aerolineas-mas-reclamadas-verano-2024-1200x630-1.jpg?fit=1200%2C630&ssl=1&resize=350%2C200 1x, https:\/\/i0.wp.com\/www.reclamador.es\/blog\/wp-content\/uploads\/2024\/09\/ranking-aerolineas-mas-reclamadas-verano-2024-1200x630-1.jpg?fit=1200%2C630&ssl=1&resize=525%2C300 1.5x, https:\/\/i0.wp.com\/www.reclamador.es\/blog\/wp-content\/uploads\/2024\/09\/ranking-aerolineas-mas-reclamadas-verano-2024-1200x630-1.jpg?fit=1200%2C630&ssl=1&resize=700%2C400 2x, https:\/\/i0.wp.com\/www.reclamador.es\/blog\/wp-content\/uploads\/2024\/09\/ranking-aerolineas-mas-reclamadas-verano-2024-1200x630-1.jpg?fit=1200%2C630&ssl=1&resize=1050%2C600 3x"},"classes":[]},{"id":31325,"url":"https:\/\/www.reclamador.es\/blog\/ranking-verano-2023\/","url_meta":{"origin":21006,"position":4},"title":"Ranking verano 2023: Ryanair y Vueling, las aerol\u00edneas m\u00e1s reclamadas","author":"Equipo reclamador","date":"14 septiembre, 2023","format":false,"excerpt":"El verano siempre impacta con fuerza en el sector a\u00e9reo. No en vano, m\u00e1s de 12.000 personas han reclamado contra las aerol\u00edneas en los meses centrales de este verano con reclamador.es. Dado este importante volumen, hemos elaborado un ranking con las aerol\u00edneas m\u00e1s reclamadas entre junio, julio y agosto, para\u2026","rel":"","context":"En \u00abNoticias y actualidad\u00bb","block_context":{"text":"Noticias y actualidad","link":"https:\/\/www.reclamador.es\/blog\/noticias\/"},"img":{"alt_text":"reclamador.es reclamaciones a aerol\u00edneas ranking","src":"https:\/\/i0.wp.com\/www.reclamador.es\/blog\/wp-content\/uploads\/2023\/09\/Ranking-aerolineas-mas-reclamadas-verano-2023.jpg?fit=1200%2C639&ssl=1&resize=350%2C200","width":350,"height":200,"srcset":"https:\/\/i0.wp.com\/www.reclamador.es\/blog\/wp-content\/uploads\/2023\/09\/Ranking-aerolineas-mas-reclamadas-verano-2023.jpg?fit=1200%2C639&ssl=1&resize=350%2C200 1x, https:\/\/i0.wp.com\/www.reclamador.es\/blog\/wp-content\/uploads\/2023\/09\/Ranking-aerolineas-mas-reclamadas-verano-2023.jpg?fit=1200%2C639&ssl=1&resize=525%2C300 1.5x, https:\/\/i0.wp.com\/www.reclamador.es\/blog\/wp-content\/uploads\/2023\/09\/Ranking-aerolineas-mas-reclamadas-verano-2023.jpg?fit=1200%2C639&ssl=1&resize=700%2C400 2x, https:\/\/i0.wp.com\/www.reclamador.es\/blog\/wp-content\/uploads\/2023\/09\/Ranking-aerolineas-mas-reclamadas-verano-2023.jpg?fit=1200%2C639&ssl=1&resize=1050%2C600 3x"},"classes":[]},{"id":35712,"url":"https:\/\/www.reclamador.es\/blog\/se-puede-cargar-el-movil-en-el-avion\/","url_meta":{"origin":21006,"position":5},"title":"\u00bfSe puede cargar el m\u00f3vil en el avi\u00f3n? Ryanair, Wizz Air, Iberia, Binter o Vueling","author":"Alicia Ria\u00f1o","date":"4 marzo, 2026","format":false,"excerpt":"El tel\u00e9fono m\u00f3vil ya no solo se usa para hacer o recibir llamadas. Es m\u00e1s, para muchas personas eso ya es para lo que menos utilizan su dispositivo. Hoy en d\u00eda, el m\u00f3vil sirve de televisi\u00f3n, radio, c\u00e1mara de fotos, ordenador, mapa, etc\u00e9tera. Por eso, quedarse sin bater\u00eda es una\u2026","rel":"","context":"En \u00abConsejos legales\u00bb","block_context":{"text":"Consejos legales","link":"https:\/\/www.reclamador.es\/blog\/consejos\/"},"img":{"alt_text":"\u00bfse puede cargar el m\u00f3vil en el avi\u00f3n?","src":"https:\/\/i0.wp.com\/www.reclamador.es\/blog\/wp-content\/uploads\/2026\/03\/enchufes-en-avion-se-puede-cargar-el-movil-en-vuelo.jpg?fit=1200%2C630&ssl=1&resize=350%2C200","width":350,"height":200,"srcset":"https:\/\/i0.wp.com\/www.reclamador.es\/blog\/wp-content\/uploads\/2026\/03\/enchufes-en-avion-se-puede-cargar-el-movil-en-vuelo.jpg?fit=1200%2C630&ssl=1&resize=350%2C200 1x, https:\/\/i0.wp.com\/www.reclamador.es\/blog\/wp-content\/uploads\/2026\/03\/enchufes-en-avion-se-puede-cargar-el-movil-en-vuelo.jpg?fit=1200%2C630&ssl=1&resize=525%2C300 1.5x, https:\/\/i0.wp.com\/www.reclamador.es\/blog\/wp-content\/uploads\/2026\/03\/enchufes-en-avion-se-puede-cargar-el-movil-en-vuelo.jpg?fit=1200%2C630&ssl=1&resize=700%2C400 2x, https:\/\/i0.wp.com\/www.reclamador.es\/blog\/wp-content\/uploads\/2026\/03\/enchufes-en-avion-se-puede-cargar-el-movil-en-vuelo.jpg?fit=1200%2C630&ssl=1&resize=1050%2C600 3x"},"classes":[]}],"jetpack_sharing_enabled":true,"_links":{"self":[{"href":"https:\/\/www.reclamador.es\/blog\/wp-json\/wp\/v2\/posts\/21006","targetHints":{"allow":["GET"]}}],"collection":[{"href":"https:\/\/www.reclamador.es\/blog\/wp-json\/wp\/v2\/posts"}],"about":[{"href":"https:\/\/www.reclamador.es\/blog\/wp-json\/wp\/v2\/types\/post"}],"author":[{"embeddable":true,"href":"https:\/\/www.reclamador.es\/blog\/wp-json\/wp\/v2\/users\/1"}],"replies":[{"embeddable":true,"href":"https:\/\/www.reclamador.es\/blog\/wp-json\/wp\/v2\/comments?post=21006"}],"version-history":[{"count":9,"href":"https:\/\/www.reclamador.es\/blog\/wp-json\/wp\/v2\/posts\/21006\/revisions"}],"predecessor-version":[{"id":28487,"href":"https:\/\/www.reclamador.es\/blog\/wp-json\/wp\/v2\/posts\/21006\/revisions\/28487"}],"wp:featuredmedia":[{"embeddable":true,"href":"https:\/\/www.reclamador.es\/blog\/wp-json\/wp\/v2\/media\/21012"}],"wp:attachment":[{"href":"https:\/\/www.reclamador.es\/blog\/wp-json\/wp\/v2\/media?parent=21006"}],"wp:term":[{"taxonomy":"category","embeddable":true,"href":"https:\/\/www.reclamador.es\/blog\/wp-json\/wp\/v2\/categories?post=21006"},{"taxonomy":"post_tag","embeddable":true,"href":"https:\/\/www.reclamador.es\/blog\/wp-json\/wp\/v2\/tags?post=21006"}],"curies":[{"name":"wp","href":"https:\/\/api.w.org\/{rel}","templated":true}]}}