{"id":20981,"date":"2019-02-06T11:21:42","date_gmt":"2019-02-06T10:21:42","guid":{"rendered":"https:\/\/www.reclamador.es\/blog\/?p=20981"},"modified":"2023-11-20T10:32:00","modified_gmt":"2023-11-20T09:32:00","slug":"afectados-ryanair-derechos","status":"publish","type":"post","link":"https:\/\/www.reclamador.es\/blog\/afectados-ryanair-derechos\/","title":{"rendered":"Otra vez, Ryanair: vuelo Praga-Madrid"},"content":{"rendered":"<div class=\"ttr_start\"><\/div>\n\n<div class=\"kk-star-ratings kksr-auto kksr-align-right kksr-valign-top\"\n    data-payload='{&quot;align&quot;:&quot;right&quot;,&quot;id&quot;:&quot;20981&quot;,&quot;slug&quot;:&quot;default&quot;,&quot;valign&quot;:&quot;top&quot;,&quot;ignore&quot;:&quot;&quot;,&quot;reference&quot;:&quot;auto&quot;,&quot;class&quot;:&quot;&quot;,&quot;count&quot;:&quot;4&quot;,&quot;legendonly&quot;:&quot;&quot;,&quot;readonly&quot;:&quot;&quot;,&quot;score&quot;:&quot;5&quot;,&quot;starsonly&quot;:&quot;&quot;,&quot;best&quot;:&quot;5&quot;,&quot;gap&quot;:&quot;3&quot;,&quot;greet&quot;:&quot;Valora este art\u00edculo&quot;,&quot;legend&quot;:&quot;5\\\/5 - (4 votos)&quot;,&quot;size&quot;:&quot;20&quot;,&quot;title&quot;:&quot;Otra vez, Ryanair: vuelo Praga-Madrid&quot;,&quot;width&quot;:&quot;113.5&quot;,&quot;_legend&quot;:&quot;{score}\\\/{best} - ({count} {votes})&quot;,&quot;font_factor&quot;:&quot;1.25&quot;}'>\n            \n<div class=\"kksr-stars\">\n    \n<div class=\"kksr-stars-inactive\">\n            <div class=\"kksr-star\" data-star=\"1\" style=\"padding-right: 3px\">\n            \n\n<div class=\"kksr-icon\" style=\"width: 20px; height: 20px;\"><\/div>\n        <\/div>\n            <div class=\"kksr-star\" data-star=\"2\" style=\"padding-right: 3px\">\n            \n\n<div class=\"kksr-icon\" style=\"width: 20px; height: 20px;\"><\/div>\n        <\/div>\n            <div class=\"kksr-star\" data-star=\"3\" style=\"padding-right: 3px\">\n            \n\n<div class=\"kksr-icon\" style=\"width: 20px; height: 20px;\"><\/div>\n        <\/div>\n            <div class=\"kksr-star\" data-star=\"4\" style=\"padding-right: 3px\">\n            \n\n<div class=\"kksr-icon\" style=\"width: 20px; height: 20px;\"><\/div>\n        <\/div>\n            <div class=\"kksr-star\" data-star=\"5\" style=\"padding-right: 3px\">\n            \n\n<div class=\"kksr-icon\" style=\"width: 20px; height: 20px;\"><\/div>\n        <\/div>\n    <\/div>\n    \n<div class=\"kksr-stars-active\" style=\"width: 113.5px;\">\n            <div class=\"kksr-star\" style=\"padding-right: 3px\">\n            \n\n<div class=\"kksr-icon\" style=\"width: 20px; height: 20px;\"><\/div>\n        <\/div>\n            <div class=\"kksr-star\" style=\"padding-right: 3px\">\n            \n\n<div class=\"kksr-icon\" style=\"width: 20px; height: 20px;\"><\/div>\n        <\/div>\n            <div class=\"kksr-star\" style=\"padding-right: 3px\">\n            \n\n<div class=\"kksr-icon\" style=\"width: 20px; height: 20px;\"><\/div>\n        <\/div>\n            <div class=\"kksr-star\" style=\"padding-right: 3px\">\n            \n\n<div class=\"kksr-icon\" style=\"width: 20px; height: 20px;\"><\/div>\n        <\/div>\n            <div class=\"kksr-star\" style=\"padding-right: 3px\">\n            \n\n<div class=\"kksr-icon\" style=\"width: 20px; height: 20px;\"><\/div>\n        <\/div>\n    <\/div>\n<\/div>\n                \n\n<div class=\"kksr-legend\" style=\"font-size: 16px;\">\n            5\/5 - (4 votos)    <\/div>\n    <\/div>\n<figure id=\"attachment_20986\" aria-describedby=\"caption-attachment-20986\" style=\"width: 1129px\" class=\"wp-caption aligncenter\"><img data-recalc-dims=\"1\" loading=\"lazy\" decoding=\"async\" class=\"size-full wp-image-20986\" src=\"https:\/\/i0.wp.com\/www.reclamador.es\/blog\/wp-content\/uploads\/2019\/02\/afectados-ryanair-vuelo-praga-madrid.jpg?resize=1129%2C800&#038;ssl=1\" alt=\"afectados vuelo praga madrid ryanair reclamar indemnizacion\" width=\"1129\" height=\"800\" srcset=\"https:\/\/i0.wp.com\/www.reclamador.es\/blog\/wp-content\/uploads\/2019\/02\/afectados-ryanair-vuelo-praga-madrid.jpg?w=1129&amp;ssl=1 1129w, https:\/\/i0.wp.com\/www.reclamador.es\/blog\/wp-content\/uploads\/2019\/02\/afectados-ryanair-vuelo-praga-madrid.jpg?resize=150%2C106&amp;ssl=1 150w, https:\/\/i0.wp.com\/www.reclamador.es\/blog\/wp-content\/uploads\/2019\/02\/afectados-ryanair-vuelo-praga-madrid.jpg?resize=300%2C213&amp;ssl=1 300w, https:\/\/i0.wp.com\/www.reclamador.es\/blog\/wp-content\/uploads\/2019\/02\/afectados-ryanair-vuelo-praga-madrid.jpg?resize=768%2C544&amp;ssl=1 768w, https:\/\/i0.wp.com\/www.reclamador.es\/blog\/wp-content\/uploads\/2019\/02\/afectados-ryanair-vuelo-praga-madrid.jpg?resize=1024%2C726&amp;ssl=1 1024w\" sizes=\"auto, (max-width: 1000px) 100vw, 1000px\" \/><figcaption id=\"caption-attachment-20986\" class=\"wp-caption-text\"><em>Derechos de los pasajeros del vuelo Praga-Madrid de Ryanair<\/em><\/figcaption><\/figure>\n<p><span style=\"font-weight: 400;\">La compa\u00f1\u00eda low-cost Ryanair vuelve a estar en el ojo del hurac\u00e1n. El vuelo <\/span><span style=\"font-weight: 400;\">FR 2767 Praga-Madrid del pasado domingo 3 de febrero lleg\u00f3 a la capital espa\u00f1ola con m\u00e1s de 20 horas de retraso, obligando a sus pasajeros a permanecer durante m\u00e1s de 6 horas dentro de la aeronave, al parecer, sin facilitar la asistencia que, por ley, correspond\u00eda. <\/span><\/p>\n<p><span style=\"font-weight: 400;\">Un trayecto que se hace, aproximadamente, en 3 horas, dur\u00f3 m\u00e1s de un d\u00eda. Pero no solo eso, los casi 200 afectados no pudieron salir del avi\u00f3n y durante este periodo dentro de la aeronave no recibieron alimentos y la informaci\u00f3n facilitada por la low-cost brillaba por su ausencia. Por si fuera poco, los pasajeros del vuelo FR 2767 tuvieron que buscarse un hotel en la ciudad de Praga para pasar la noche debido a este retraso del vuelo Praga-Madrid.<\/span> <span style=\"font-weight: 400;\">Circunstancia que correspond\u00eda a Ryanair. <\/span><\/p>\n<p><span style=\"font-weight: 400;\">Seg\u00fan la informaci\u00f3n a la que hemos podido tener acceso en reclamador.es, en principio y a falta de un an\u00e1lisis pormenorizado de la situaci\u00f3n, no nos encontrar\u00edamos ante una situaci\u00f3n de fuerza mayor, pues otros aviones s\u00ed estaban consiguiendo despegar del aeropuerto de Praga. Al parecer, el principal problema fue operacional, circunstancia recogida en la normativa aplicable como reclamable para los pasajeros. <\/span><\/p>\n<p><span style=\"font-weight: 400;\">Seg\u00fan los pasajeros de este vuelo, otros aviones s\u00ed estaban consiguiendo despegar<\/span><span style=\"font-weight: 400;\">-con retraso y ciertas incidencias<\/span><span style=\"font-weight: 400;\">&#8211; pese a la importante capa de nieve. Con los trabajos que deb\u00edan realizarse en el avi\u00f3n de Ryanair para su puesta a punto para el correcto despegue, los tripulantes de la compa\u00f1\u00eda a\u00e9rea superaban las horas establecidas de vuelo, por lo que el avi\u00f3n no pudo despegar como consecuencia de dichos problemas operacionales de Ryanair, no por la situaci\u00f3n climatol\u00f3gica adversa. Todo ello seg\u00fan las primeras informaciones conocidas.<\/span><\/p>\n<h6 style=\"text-align: center;\"><strong><a href=\"https:\/\/www.reclamador.es\/tus-derechos\/derechos-del-pasajero\/\">Derechos del pasajero a\u00e9reo<\/a><\/strong><\/h6>\n<h2><strong>Afectados Ryanair Praga Madrid: esto debe abonarles la compa\u00f1\u00eda a\u00e9rea<\/strong><\/h2>\n<p><span style=\"font-weight: 400;\">Los pasajeros afectados por el vuelo Praga-Madrid de Ryanair podr\u00e1n reclamar a la compa\u00f1\u00eda a\u00e9rea los siguientes conceptos: <\/span><\/p>\n<ul>\n<li style=\"font-weight: 400;\"><span style=\"font-weight: 400;\">Compensaci\u00f3n econ\u00f3mica de 400\u20ac (vuelo de media distancia).<\/span><\/li>\n<li style=\"font-weight: 400;\"><span style=\"font-weight: 400;\">La noche de hotel abonada por el pasajero que debi\u00f3 ser pagada por Ryanair.<\/span><\/li>\n<li style=\"font-weight: 400;\"><span style=\"font-weight: 400;\">El traslado al hotel, as\u00ed como el retorno al aeropuerto.<\/span><\/li>\n<li style=\"font-weight: 400;\"><span style=\"font-weight: 400;\">Los gastos de alimentos en los que hubieran incurrido los pasajeros. <\/span><\/li>\n<li style=\"font-weight: 400;\"><span style=\"font-weight: 400;\">Da\u00f1os morales. P<\/span><span style=\"font-weight: 400;\">or la situaci\u00f3n de agobio generada al ser obligados a permanecer dentro del avi\u00f3n sin poder salir y sin recibir ning\u00fan tipo de asistencia o informaci\u00f3n.<\/span><\/li>\n<\/ul>\n<h2><b>Las huelgas de sus tripulantes: otra batalla de Ryanair con sus pasajeros<\/b><\/h2>\n<p><span style=\"font-weight: 400;\">El verano de 2018 ha sido muy movido en Ryanair debido a las <a href=\"https:\/\/www.reclamador.es\/blog\/pasajeros-derechos-huelga-ryanair\/\">huelgas de sus pilotos y tripulantes de cabina<\/a>. Miles de pasajeros vieron cancelados sus vuelos por los diferentes paros de los trabajadores de la compa\u00f1\u00eda irlandesa. Estas huelgas, que Ryanair se ha negado a abonar de manera amistosa en muchas ocasiones, son reclamables. <\/span><\/p>\n<p>En reclamador.es ya disponemos de m\u00e1s de un centenar de sentencias en las que se condena a la low cost a pagar las correspondientes indemnizaciones a nuestros clientes como consecuencia de estos paros de 2018,<strong>\u00a0<span style=\"font-weight: 400;\">evidenciando que Ryanair no ten\u00eda raz\u00f3n cuando public\u00f3 su nota de prensa afirmando que no procede compensar a sus pasajeros por la huelga de personal.<\/span><\/strong><\/p>\n<h6 style=\"text-align: center;\"><a href=\"https:\/\/www.reclamador.es\/aerolineas\/cancelacion-vuelo\/ryanair\/\"><strong>Reclamar vuelos cancelados Ryanair<\/strong><\/a><\/h6>\n<h2><b>La segunda aerol\u00ednea m\u00e1s reclamada por sus pasajeros en reclamador.es<\/b><\/h2>\n<p><span style=\"font-weight: 400;\">Sus retrasos por problemas operacionales y sus huelgas, han situado a Ryanair como la segunda aerol\u00ednea m\u00e1s reclamada el pasado a\u00f1o. Solo por detr\u00e1s de Vueling. <\/span><\/p>\n<p><span style=\"font-weight: 400;\">En total, m\u00e1s de 15.000 reclamaciones abiertas en nuestra web contra la aerol\u00ednea irlandesa. Principalmente por retrasos y cancelaciones de vuelos. <\/span><\/p>\n<p><span style=\"font-weight: 400;\">Si has sufrido un retraso o cancelaci\u00f3n de vuelo, o eres uno de los afectados por el vuelo FR 2767 Praga Madrid, cons\u00faltanos. Estudiaremos tu caso sin compromiso y, si es viable, te enviaremos un informe con la cantidad m\u00e1xima que podr\u00edas recuperar. No lo dudes, protege tus derechos como pasajero a\u00e9reo de la mano de nuestros abogados expertos. El proceso es 100% online y solo cobramos si t\u00fa ganas. (Salvo que exista un incumplimiento o resoluci\u00f3n contractual por tu parte conforme a\u00a0<a href=\"https:\/\/www.reclamador.es\/condiciones-generales\/\" target=\"_blank\" rel=\"noopener noreferrer\">nuestras CCGG<\/a>).<\/span><\/p>\n<h2 style=\"text-align: center;\"><a class=\"button-lead\" href=\"https:\/\/www.reclamador.es\/aerolineas\/ryanair\/\">Inicia tu reclamaci\u00f3n frente a Ryanair con reclamador.es<\/a><\/h2>\n<p>Si te ha parecido interesante esta noticia sobre el vuelo Ryanair Praga-Madrid, \u00a1comp\u00e1rtela en tus redes!<\/p>\n<div class=\"ttr_end\"><\/div>","protected":false},"excerpt":{"rendered":"<p>La compa\u00f1\u00eda low-cost Ryanair vuelve a estar en el ojo del hurac\u00e1n. El vuelo FR 2767 Praga-Madrid del pasado domingo 3 de febrero lleg\u00f3 a la capital espa\u00f1ola con m\u00e1s de 20 horas de retraso, obligando a sus pasajeros a permanecer durante m\u00e1s de 6 horas dentro de la aeronave, al parecer, sin facilitar la [&hellip;]<\/p>\n","protected":false},"author":1,"featured_media":20986,"comment_status":"open","ping_status":"open","sticky":false,"template":"","format":"standard","meta":{"_acf_changed":false,"_genesis_hide_title":false,"_genesis_hide_breadcrumbs":false,"_genesis_hide_singular_image":false,"_genesis_hide_footer_widgets":false,"_genesis_custom_body_class":"","_genesis_custom_post_class":"","_genesis_layout":"","_jetpack_newsletter_access":"","_jetpack_dont_email_post_to_subs":false,"_jetpack_newsletter_tier_id":0,"_jetpack_memberships_contains_paywalled_content":false,"_jetpack_memberships_contains_paid_content":false,"footnotes":""},"categories":[392],"tags":[380,255,289,663],"class_list":{"0":"post-20981","1":"post","2":"type-post","3":"status-publish","4":"format-standard","5":"has-post-thumbnail","7":"category-noticias","8":"tag-aerolineas","9":"tag-indemnizacion","10":"tag-reclamacion","11":"tag-retraso","12":"entry"},"acf":[],"yoast_head":"<!-- This site is optimized with the Yoast SEO plugin v27.4 - https:\/\/yoast.com\/product\/yoast-seo-wordpress\/ -->\n<title>Afectados Ryanair Praga-Madrid: esto pueden reclamar<\/title>\n<meta name=\"description\" content=\"El vuelo FR 2767 Praga Madrid de Ryanair del 03\/02 lleg\u00f3 a destino con m\u00e1s de un d\u00eda de retraso. Explicamos los derechos de los afectados de este vuelo.\" \/>\n<meta name=\"robots\" content=\"index, follow, max-snippet:-1, max-image-preview:large, max-video-preview:-1\" \/>\n<link rel=\"canonical\" href=\"https:\/\/www.reclamador.es\/blog\/afectados-ryanair-derechos\/\" \/>\n<meta property=\"og:locale\" content=\"es_ES\" \/>\n<meta property=\"og:type\" content=\"article\" \/>\n<meta property=\"og:title\" content=\"Afectados Ryanair Praga-Madrid: esto pueden reclamar\" \/>\n<meta property=\"og:description\" content=\"El vuelo FR 2767 Praga Madrid de Ryanair del 03\/02 lleg\u00f3 a destino con m\u00e1s de un d\u00eda de retraso. Explicamos los derechos de los afectados de este vuelo.\" \/>\n<meta property=\"og:url\" content=\"https:\/\/www.reclamador.es\/blog\/afectados-ryanair-derechos\/\" \/>\n<meta property=\"og:site_name\" content=\"Rebeldes con causa, el blog de reclamador.es\" \/>\n<meta property=\"article:publisher\" content=\"https:\/\/www.facebook.com\/reclamador.es\" \/>\n<meta property=\"article:published_time\" content=\"2019-02-06T10:21:42+00:00\" \/>\n<meta property=\"article:modified_time\" content=\"2023-11-20T09:32:00+00:00\" \/>\n<meta property=\"og:image\" content=\"https:\/\/i0.wp.com\/www.reclamador.es\/blog\/wp-content\/uploads\/2019\/02\/afectados-ryanair-vuelo-praga-madrid.jpg?fit=1129%2C800&ssl=1\" \/>\n\t<meta property=\"og:image:width\" content=\"1129\" \/>\n\t<meta property=\"og:image:height\" content=\"800\" \/>\n\t<meta property=\"og:image:type\" content=\"image\/jpeg\" \/>\n<meta name=\"author\" content=\"Equipo reclamador\" \/>\n<meta name=\"twitter:card\" content=\"summary_large_image\" \/>\n<meta name=\"twitter:creator\" content=\"@reclamador\" \/>\n<meta name=\"twitter:site\" content=\"@reclamador\" \/>\n<meta name=\"twitter:label1\" content=\"Escrito por\" \/>\n\t<meta name=\"twitter:data1\" content=\"Equipo reclamador\" \/>\n\t<meta name=\"twitter:label2\" content=\"Tiempo de lectura\" \/>\n\t<meta name=\"twitter:data2\" content=\"4 minutos\" \/>\n<script type=\"application\/ld+json\" class=\"yoast-schema-graph\">{\"@context\":\"https:\\\/\\\/schema.org\",\"@graph\":[{\"@type\":\"Article\",\"@id\":\"https:\\\/\\\/www.reclamador.es\\\/blog\\\/afectados-ryanair-derechos\\\/#article\",\"isPartOf\":{\"@id\":\"https:\\\/\\\/www.reclamador.es\\\/blog\\\/afectados-ryanair-derechos\\\/\"},\"author\":{\"name\":\"Equipo reclamador\",\"@id\":\"https:\\\/\\\/www.reclamador.es\\\/blog\\\/#\\\/schema\\\/person\\\/1ed83eef8b6566cb5e4c812d9bc5c4bf\"},\"headline\":\"Otra vez, Ryanair: vuelo Praga-Madrid\",\"datePublished\":\"2019-02-06T10:21:42+00:00\",\"dateModified\":\"2023-11-20T09:32:00+00:00\",\"mainEntityOfPage\":{\"@id\":\"https:\\\/\\\/www.reclamador.es\\\/blog\\\/afectados-ryanair-derechos\\\/\"},\"wordCount\":766,\"commentCount\":0,\"publisher\":{\"@id\":\"https:\\\/\\\/www.reclamador.es\\\/blog\\\/#organization\"},\"image\":{\"@id\":\"https:\\\/\\\/www.reclamador.es\\\/blog\\\/afectados-ryanair-derechos\\\/#primaryimage\"},\"thumbnailUrl\":\"https:\\\/\\\/i0.wp.com\\\/www.reclamador.es\\\/blog\\\/wp-content\\\/uploads\\\/2019\\\/02\\\/afectados-ryanair-vuelo-praga-madrid.jpg?fit=1129%2C800&ssl=1\",\"keywords\":[\"aerol\u00edneas\",\"indemnizaci\u00f3n\",\"reclamaci\u00f3n\",\"retraso\"],\"articleSection\":[\"Noticias y actualidad\"],\"inLanguage\":\"es\",\"potentialAction\":[{\"@type\":\"CommentAction\",\"name\":\"Comment\",\"target\":[\"https:\\\/\\\/www.reclamador.es\\\/blog\\\/afectados-ryanair-derechos\\\/#respond\"]}]},{\"@type\":\"WebPage\",\"@id\":\"https:\\\/\\\/www.reclamador.es\\\/blog\\\/afectados-ryanair-derechos\\\/\",\"url\":\"https:\\\/\\\/www.reclamador.es\\\/blog\\\/afectados-ryanair-derechos\\\/\",\"name\":\"Afectados Ryanair Praga-Madrid: esto pueden reclamar\",\"isPartOf\":{\"@id\":\"https:\\\/\\\/www.reclamador.es\\\/blog\\\/#website\"},\"primaryImageOfPage\":{\"@id\":\"https:\\\/\\\/www.reclamador.es\\\/blog\\\/afectados-ryanair-derechos\\\/#primaryimage\"},\"image\":{\"@id\":\"https:\\\/\\\/www.reclamador.es\\\/blog\\\/afectados-ryanair-derechos\\\/#primaryimage\"},\"thumbnailUrl\":\"https:\\\/\\\/i0.wp.com\\\/www.reclamador.es\\\/blog\\\/wp-content\\\/uploads\\\/2019\\\/02\\\/afectados-ryanair-vuelo-praga-madrid.jpg?fit=1129%2C800&ssl=1\",\"datePublished\":\"2019-02-06T10:21:42+00:00\",\"dateModified\":\"2023-11-20T09:32:00+00:00\",\"description\":\"El vuelo FR 2767 Praga Madrid de Ryanair del 03\\\/02 lleg\u00f3 a destino con m\u00e1s de un d\u00eda de retraso. Explicamos los derechos de los afectados de este vuelo.\",\"breadcrumb\":{\"@id\":\"https:\\\/\\\/www.reclamador.es\\\/blog\\\/afectados-ryanair-derechos\\\/#breadcrumb\"},\"inLanguage\":\"es\",\"potentialAction\":[{\"@type\":\"ReadAction\",\"target\":[\"https:\\\/\\\/www.reclamador.es\\\/blog\\\/afectados-ryanair-derechos\\\/\"]}]},{\"@type\":\"ImageObject\",\"inLanguage\":\"es\",\"@id\":\"https:\\\/\\\/www.reclamador.es\\\/blog\\\/afectados-ryanair-derechos\\\/#primaryimage\",\"url\":\"https:\\\/\\\/i0.wp.com\\\/www.reclamador.es\\\/blog\\\/wp-content\\\/uploads\\\/2019\\\/02\\\/afectados-ryanair-vuelo-praga-madrid.jpg?fit=1129%2C800&ssl=1\",\"contentUrl\":\"https:\\\/\\\/i0.wp.com\\\/www.reclamador.es\\\/blog\\\/wp-content\\\/uploads\\\/2019\\\/02\\\/afectados-ryanair-vuelo-praga-madrid.jpg?fit=1129%2C800&ssl=1\",\"width\":1129,\"height\":800,\"caption\":\"Derechos de los pasajeros del vuelo Praga-Madrid de Ryanair\"},{\"@type\":\"BreadcrumbList\",\"@id\":\"https:\\\/\\\/www.reclamador.es\\\/blog\\\/afectados-ryanair-derechos\\\/#breadcrumb\",\"itemListElement\":[{\"@type\":\"ListItem\",\"position\":1,\"name\":\"Portada\",\"item\":\"https:\\\/\\\/www.reclamador.es\\\/blog\\\/\"},{\"@type\":\"ListItem\",\"position\":2,\"name\":\"Otra vez, Ryanair: vuelo Praga-Madrid\"}]},{\"@type\":\"WebSite\",\"@id\":\"https:\\\/\\\/www.reclamador.es\\\/blog\\\/#website\",\"url\":\"https:\\\/\\\/www.reclamador.es\\\/blog\\\/\",\"name\":\"Rebeldes con causa, el blog de reclamador.es\",\"description\":\"Noticias, entrevistas y consejos sobre reclamaciones\",\"publisher\":{\"@id\":\"https:\\\/\\\/www.reclamador.es\\\/blog\\\/#organization\"},\"potentialAction\":[{\"@type\":\"SearchAction\",\"target\":{\"@type\":\"EntryPoint\",\"urlTemplate\":\"https:\\\/\\\/www.reclamador.es\\\/blog\\\/?s={search_term_string}\"},\"query-input\":{\"@type\":\"PropertyValueSpecification\",\"valueRequired\":true,\"valueName\":\"search_term_string\"}}],\"inLanguage\":\"es\"},{\"@type\":\"Organization\",\"@id\":\"https:\\\/\\\/www.reclamador.es\\\/blog\\\/#organization\",\"name\":\"reclamador.es\",\"url\":\"https:\\\/\\\/www.reclamador.es\\\/blog\\\/\",\"logo\":{\"@type\":\"ImageObject\",\"inLanguage\":\"es\",\"@id\":\"https:\\\/\\\/www.reclamador.es\\\/blog\\\/#\\\/schema\\\/logo\\\/image\\\/\",\"url\":\"https:\\\/\\\/i0.wp.com\\\/www.reclamador.es\\\/blog\\\/wp-content\\\/uploads\\\/2020\\\/01\\\/logo-reclamador.png?fit=1200%2C144&ssl=1\",\"contentUrl\":\"https:\\\/\\\/i0.wp.com\\\/www.reclamador.es\\\/blog\\\/wp-content\\\/uploads\\\/2020\\\/01\\\/logo-reclamador.png?fit=1200%2C144&ssl=1\",\"width\":1200,\"height\":144,\"caption\":\"reclamador.es\"},\"image\":{\"@id\":\"https:\\\/\\\/www.reclamador.es\\\/blog\\\/#\\\/schema\\\/logo\\\/image\\\/\"},\"sameAs\":[\"https:\\\/\\\/www.facebook.com\\\/reclamador.es\",\"https:\\\/\\\/x.com\\\/reclamador\",\"https:\\\/\\\/www.instagram.com\\\/reclamador.es\\\/\",\"https:\\\/\\\/www.linkedin.com\\\/company\\\/reclamador-es\",\"https:\\\/\\\/www.youtube.com\\\/user\\\/Reclamadores\"]},{\"@type\":\"Person\",\"@id\":\"https:\\\/\\\/www.reclamador.es\\\/blog\\\/#\\\/schema\\\/person\\\/1ed83eef8b6566cb5e4c812d9bc5c4bf\",\"name\":\"Equipo reclamador\",\"image\":{\"@type\":\"ImageObject\",\"inLanguage\":\"es\",\"@id\":\"https:\\\/\\\/secure.gravatar.com\\\/avatar\\\/6442ecdc2c4472c600c113f34d340feca47107d6aa4f42f1e3e75a2a8e28a760?s=96&d=mm&r=g\",\"url\":\"https:\\\/\\\/secure.gravatar.com\\\/avatar\\\/6442ecdc2c4472c600c113f34d340feca47107d6aa4f42f1e3e75a2a8e28a760?s=96&d=mm&r=g\",\"contentUrl\":\"https:\\\/\\\/secure.gravatar.com\\\/avatar\\\/6442ecdc2c4472c600c113f34d340feca47107d6aa4f42f1e3e75a2a8e28a760?s=96&d=mm&r=g\",\"caption\":\"Equipo reclamador\"},\"description\":\"Las personas que hacen posible reclamador.es\",\"url\":\"https:\\\/\\\/www.reclamador.es\\\/blog\\\/author\\\/administrador\\\/\"}]}<\/script>\n<!-- \/ Yoast SEO plugin. -->","yoast_head_json":{"title":"Afectados Ryanair Praga-Madrid: esto pueden reclamar","description":"El vuelo FR 2767 Praga Madrid de Ryanair del 03\/02 lleg\u00f3 a destino con m\u00e1s de un d\u00eda de retraso. Explicamos los derechos de los afectados de este vuelo.","robots":{"index":"index","follow":"follow","max-snippet":"max-snippet:-1","max-image-preview":"max-image-preview:large","max-video-preview":"max-video-preview:-1"},"canonical":"https:\/\/www.reclamador.es\/blog\/afectados-ryanair-derechos\/","og_locale":"es_ES","og_type":"article","og_title":"Afectados Ryanair Praga-Madrid: esto pueden reclamar","og_description":"El vuelo FR 2767 Praga Madrid de Ryanair del 03\/02 lleg\u00f3 a destino con m\u00e1s de un d\u00eda de retraso. Explicamos los derechos de los afectados de este vuelo.","og_url":"https:\/\/www.reclamador.es\/blog\/afectados-ryanair-derechos\/","og_site_name":"Rebeldes con causa, el blog de reclamador.es","article_publisher":"https:\/\/www.facebook.com\/reclamador.es","article_published_time":"2019-02-06T10:21:42+00:00","article_modified_time":"2023-11-20T09:32:00+00:00","og_image":[{"width":1129,"height":800,"url":"https:\/\/i0.wp.com\/www.reclamador.es\/blog\/wp-content\/uploads\/2019\/02\/afectados-ryanair-vuelo-praga-madrid.jpg?fit=1129%2C800&ssl=1","type":"image\/jpeg"}],"author":"Equipo reclamador","twitter_card":"summary_large_image","twitter_creator":"@reclamador","twitter_site":"@reclamador","twitter_misc":{"Escrito por":"Equipo reclamador","Tiempo de lectura":"4 minutos"},"schema":{"@context":"https:\/\/schema.org","@graph":[{"@type":"Article","@id":"https:\/\/www.reclamador.es\/blog\/afectados-ryanair-derechos\/#article","isPartOf":{"@id":"https:\/\/www.reclamador.es\/blog\/afectados-ryanair-derechos\/"},"author":{"name":"Equipo reclamador","@id":"https:\/\/www.reclamador.es\/blog\/#\/schema\/person\/1ed83eef8b6566cb5e4c812d9bc5c4bf"},"headline":"Otra vez, Ryanair: vuelo Praga-Madrid","datePublished":"2019-02-06T10:21:42+00:00","dateModified":"2023-11-20T09:32:00+00:00","mainEntityOfPage":{"@id":"https:\/\/www.reclamador.es\/blog\/afectados-ryanair-derechos\/"},"wordCount":766,"commentCount":0,"publisher":{"@id":"https:\/\/www.reclamador.es\/blog\/#organization"},"image":{"@id":"https:\/\/www.reclamador.es\/blog\/afectados-ryanair-derechos\/#primaryimage"},"thumbnailUrl":"https:\/\/i0.wp.com\/www.reclamador.es\/blog\/wp-content\/uploads\/2019\/02\/afectados-ryanair-vuelo-praga-madrid.jpg?fit=1129%2C800&ssl=1","keywords":["aerol\u00edneas","indemnizaci\u00f3n","reclamaci\u00f3n","retraso"],"articleSection":["Noticias y actualidad"],"inLanguage":"es","potentialAction":[{"@type":"CommentAction","name":"Comment","target":["https:\/\/www.reclamador.es\/blog\/afectados-ryanair-derechos\/#respond"]}]},{"@type":"WebPage","@id":"https:\/\/www.reclamador.es\/blog\/afectados-ryanair-derechos\/","url":"https:\/\/www.reclamador.es\/blog\/afectados-ryanair-derechos\/","name":"Afectados Ryanair Praga-Madrid: esto pueden reclamar","isPartOf":{"@id":"https:\/\/www.reclamador.es\/blog\/#website"},"primaryImageOfPage":{"@id":"https:\/\/www.reclamador.es\/blog\/afectados-ryanair-derechos\/#primaryimage"},"image":{"@id":"https:\/\/www.reclamador.es\/blog\/afectados-ryanair-derechos\/#primaryimage"},"thumbnailUrl":"https:\/\/i0.wp.com\/www.reclamador.es\/blog\/wp-content\/uploads\/2019\/02\/afectados-ryanair-vuelo-praga-madrid.jpg?fit=1129%2C800&ssl=1","datePublished":"2019-02-06T10:21:42+00:00","dateModified":"2023-11-20T09:32:00+00:00","description":"El vuelo FR 2767 Praga Madrid de Ryanair del 03\/02 lleg\u00f3 a destino con m\u00e1s de un d\u00eda de retraso. Explicamos los derechos de los afectados de este vuelo.","breadcrumb":{"@id":"https:\/\/www.reclamador.es\/blog\/afectados-ryanair-derechos\/#breadcrumb"},"inLanguage":"es","potentialAction":[{"@type":"ReadAction","target":["https:\/\/www.reclamador.es\/blog\/afectados-ryanair-derechos\/"]}]},{"@type":"ImageObject","inLanguage":"es","@id":"https:\/\/www.reclamador.es\/blog\/afectados-ryanair-derechos\/#primaryimage","url":"https:\/\/i0.wp.com\/www.reclamador.es\/blog\/wp-content\/uploads\/2019\/02\/afectados-ryanair-vuelo-praga-madrid.jpg?fit=1129%2C800&ssl=1","contentUrl":"https:\/\/i0.wp.com\/www.reclamador.es\/blog\/wp-content\/uploads\/2019\/02\/afectados-ryanair-vuelo-praga-madrid.jpg?fit=1129%2C800&ssl=1","width":1129,"height":800,"caption":"Derechos de los pasajeros del vuelo Praga-Madrid de Ryanair"},{"@type":"BreadcrumbList","@id":"https:\/\/www.reclamador.es\/blog\/afectados-ryanair-derechos\/#breadcrumb","itemListElement":[{"@type":"ListItem","position":1,"name":"Portada","item":"https:\/\/www.reclamador.es\/blog\/"},{"@type":"ListItem","position":2,"name":"Otra vez, Ryanair: vuelo Praga-Madrid"}]},{"@type":"WebSite","@id":"https:\/\/www.reclamador.es\/blog\/#website","url":"https:\/\/www.reclamador.es\/blog\/","name":"Rebeldes con causa, el blog de reclamador.es","description":"Noticias, entrevistas y consejos sobre reclamaciones","publisher":{"@id":"https:\/\/www.reclamador.es\/blog\/#organization"},"potentialAction":[{"@type":"SearchAction","target":{"@type":"EntryPoint","urlTemplate":"https:\/\/www.reclamador.es\/blog\/?s={search_term_string}"},"query-input":{"@type":"PropertyValueSpecification","valueRequired":true,"valueName":"search_term_string"}}],"inLanguage":"es"},{"@type":"Organization","@id":"https:\/\/www.reclamador.es\/blog\/#organization","name":"reclamador.es","url":"https:\/\/www.reclamador.es\/blog\/","logo":{"@type":"ImageObject","inLanguage":"es","@id":"https:\/\/www.reclamador.es\/blog\/#\/schema\/logo\/image\/","url":"https:\/\/i0.wp.com\/www.reclamador.es\/blog\/wp-content\/uploads\/2020\/01\/logo-reclamador.png?fit=1200%2C144&ssl=1","contentUrl":"https:\/\/i0.wp.com\/www.reclamador.es\/blog\/wp-content\/uploads\/2020\/01\/logo-reclamador.png?fit=1200%2C144&ssl=1","width":1200,"height":144,"caption":"reclamador.es"},"image":{"@id":"https:\/\/www.reclamador.es\/blog\/#\/schema\/logo\/image\/"},"sameAs":["https:\/\/www.facebook.com\/reclamador.es","https:\/\/x.com\/reclamador","https:\/\/www.instagram.com\/reclamador.es\/","https:\/\/www.linkedin.com\/company\/reclamador-es","https:\/\/www.youtube.com\/user\/Reclamadores"]},{"@type":"Person","@id":"https:\/\/www.reclamador.es\/blog\/#\/schema\/person\/1ed83eef8b6566cb5e4c812d9bc5c4bf","name":"Equipo reclamador","image":{"@type":"ImageObject","inLanguage":"es","@id":"https:\/\/secure.gravatar.com\/avatar\/6442ecdc2c4472c600c113f34d340feca47107d6aa4f42f1e3e75a2a8e28a760?s=96&d=mm&r=g","url":"https:\/\/secure.gravatar.com\/avatar\/6442ecdc2c4472c600c113f34d340feca47107d6aa4f42f1e3e75a2a8e28a760?s=96&d=mm&r=g","contentUrl":"https:\/\/secure.gravatar.com\/avatar\/6442ecdc2c4472c600c113f34d340feca47107d6aa4f42f1e3e75a2a8e28a760?s=96&d=mm&r=g","caption":"Equipo reclamador"},"description":"Las personas que hacen posible reclamador.es","url":"https:\/\/www.reclamador.es\/blog\/author\/administrador\/"}]}},"jetpack_featured_media_url":"https:\/\/i0.wp.com\/www.reclamador.es\/blog\/wp-content\/uploads\/2019\/02\/afectados-ryanair-vuelo-praga-madrid.jpg?fit=1129%2C800&ssl=1","jetpack-related-posts":[{"id":23890,"url":"https:\/\/www.reclamador.es\/blog\/guia-aeropuerto-de-praga\/","url_meta":{"origin":20981,"position":0},"title":"\u00bfC\u00f3mo ir del aeropuerto de Praga al centro de la ciudad?","author":"Equipo reclamador","date":"1 enero, 2024","format":false,"excerpt":"M\u00e1s de 226.000 viajeros y viajeras llegaron en 2023 a Praga desde Espa\u00f1a, lo que sit\u00faa a nuestro pa\u00eds en el puesto 12 del ranking de turistas que visitaron la capital de la Rep\u00fablica Checa ese a\u00f1o. Ryanair, Iberia o Czech Airlines conectan las capitales de ambos pa\u00edses con vuelos\u2026","rel":"","context":"En \u00abNoticias y actualidad\u00bb","block_context":{"text":"Noticias y actualidad","link":"https:\/\/www.reclamador.es\/blog\/noticias\/"},"img":{"alt_text":"guia transporte C\u00f3mo ir del aeropuerto de Praga al centro","src":"https:\/\/i0.wp.com\/www.reclamador.es\/blog\/wp-content\/uploads\/2020\/01\/guia-para-ir-del-aeropuerto-de-Praga-al-Centro.jpg?fit=1200%2C630&ssl=1&resize=350%2C200","width":350,"height":200,"srcset":"https:\/\/i0.wp.com\/www.reclamador.es\/blog\/wp-content\/uploads\/2020\/01\/guia-para-ir-del-aeropuerto-de-Praga-al-Centro.jpg?fit=1200%2C630&ssl=1&resize=350%2C200 1x, https:\/\/i0.wp.com\/www.reclamador.es\/blog\/wp-content\/uploads\/2020\/01\/guia-para-ir-del-aeropuerto-de-Praga-al-Centro.jpg?fit=1200%2C630&ssl=1&resize=525%2C300 1.5x, https:\/\/i0.wp.com\/www.reclamador.es\/blog\/wp-content\/uploads\/2020\/01\/guia-para-ir-del-aeropuerto-de-Praga-al-Centro.jpg?fit=1200%2C630&ssl=1&resize=700%2C400 2x, https:\/\/i0.wp.com\/www.reclamador.es\/blog\/wp-content\/uploads\/2020\/01\/guia-para-ir-del-aeropuerto-de-Praga-al-Centro.jpg?fit=1200%2C630&ssl=1&resize=1050%2C600 3x"},"classes":[]},{"id":33379,"url":"https:\/\/www.reclamador.es\/blog\/entrevista-emanuel-reclamador-de-aerolineas-ryanair\/","url_meta":{"origin":20981,"position":1},"title":"Emanuel Agius, reclamador de aerol\u00edneas: \u201cHa sido una gesti\u00f3n impecable, con una ayuda exquisita para mandar los datos necesarios. Os pongo un 10\u201d","author":"Cristina Naveda","date":"23 diciembre, 2024","format":false,"excerpt":"Uno de cada cinco vuelos en Espa\u00f1a ha llegado con retraso a su destino este 2024, seg\u00fan datos de Eurocontrol. Los motivos suelen ser muy diferentes. Pero el que m\u00e1s predomina, sin duda, es el denominado \u2018efecto cadena': es decir distintas causan provocan retrasos de varios minutos que al sumarse\u2026","rel":"","context":"En \u00abConoce todo lo que sucede en reclamador.es\u00bb","block_context":{"text":"Conoce todo lo que sucede en reclamador.es","link":"https:\/\/www.reclamador.es\/blog\/reclamadores\/"},"img":{"alt_text":"caso real - reclamador de aerolineas por retraso de ryanair - reclamador.es","src":"https:\/\/i0.wp.com\/www.reclamador.es\/blog\/wp-content\/uploads\/2024\/12\/entrevista-cliente-aerolineas-Emanuel-Agius-1200x630-1.jpg?fit=1200%2C630&ssl=1&resize=350%2C200","width":350,"height":200,"srcset":"https:\/\/i0.wp.com\/www.reclamador.es\/blog\/wp-content\/uploads\/2024\/12\/entrevista-cliente-aerolineas-Emanuel-Agius-1200x630-1.jpg?fit=1200%2C630&ssl=1&resize=350%2C200 1x, https:\/\/i0.wp.com\/www.reclamador.es\/blog\/wp-content\/uploads\/2024\/12\/entrevista-cliente-aerolineas-Emanuel-Agius-1200x630-1.jpg?fit=1200%2C630&ssl=1&resize=525%2C300 1.5x, https:\/\/i0.wp.com\/www.reclamador.es\/blog\/wp-content\/uploads\/2024\/12\/entrevista-cliente-aerolineas-Emanuel-Agius-1200x630-1.jpg?fit=1200%2C630&ssl=1&resize=700%2C400 2x, https:\/\/i0.wp.com\/www.reclamador.es\/blog\/wp-content\/uploads\/2024\/12\/entrevista-cliente-aerolineas-Emanuel-Agius-1200x630-1.jpg?fit=1200%2C630&ssl=1&resize=1050%2C600 3x"},"classes":[]},{"id":29920,"url":"https:\/\/www.reclamador.es\/blog\/huelgas-ryanair-desde-2018-mas-1300-reclamaciones-ganadas\/","url_meta":{"origin":20981,"position":2},"title":"M\u00e1s de 1.300 reclamaciones ganadas a Ryanair por sus huelgas de personal","author":"Equipo reclamador","date":"28 junio, 2022","format":false,"excerpt":"El inicio del verano 2022 ha empezado con turbulencias en el sector a\u00e9reo. Tanto los TCP de Ryanair en varios pa\u00edses europeos, entre ellos Espa\u00f1a, como los trabajadores de easyJet en nuestro pa\u00eds han convocado diversas jornadas de huelga. A lo que hay que sumar las cancelaciones por falta de\u2026","rel":"","context":"En \u00abNoticias y actualidad\u00bb","block_context":{"text":"Noticias y actualidad","link":"https:\/\/www.reclamador.es\/blog\/noticias\/"},"img":{"alt_text":"reclamaciones ganadas huelgas ryanair","src":"https:\/\/i0.wp.com\/www.reclamador.es\/blog\/wp-content\/uploads\/2022\/06\/huelgas-de-ryanair-reclamaciones-ganadas-desde-2018-1.jpg?fit=1200%2C673&ssl=1&resize=350%2C200","width":350,"height":200,"srcset":"https:\/\/i0.wp.com\/www.reclamador.es\/blog\/wp-content\/uploads\/2022\/06\/huelgas-de-ryanair-reclamaciones-ganadas-desde-2018-1.jpg?fit=1200%2C673&ssl=1&resize=350%2C200 1x, https:\/\/i0.wp.com\/www.reclamador.es\/blog\/wp-content\/uploads\/2022\/06\/huelgas-de-ryanair-reclamaciones-ganadas-desde-2018-1.jpg?fit=1200%2C673&ssl=1&resize=525%2C300 1.5x, https:\/\/i0.wp.com\/www.reclamador.es\/blog\/wp-content\/uploads\/2022\/06\/huelgas-de-ryanair-reclamaciones-ganadas-desde-2018-1.jpg?fit=1200%2C673&ssl=1&resize=700%2C400 2x, https:\/\/i0.wp.com\/www.reclamador.es\/blog\/wp-content\/uploads\/2022\/06\/huelgas-de-ryanair-reclamaciones-ganadas-desde-2018-1.jpg?fit=1200%2C673&ssl=1&resize=1050%2C600 3x"},"classes":[]},{"id":18773,"url":"https:\/\/www.reclamador.es\/blog\/pasajeros-derechos-huelga-ryanair\/","url_meta":{"origin":20981,"position":3},"title":"Huelga Ryanair verano 2022: todo lo que corresponde si la aerol\u00ednea cancela o retrasa el vuelo","author":"Equipo reclamador","date":"15 junio, 2022","format":false,"excerpt":"El turismo vuelve con fuerza en el verano 2022. Se esperan cifras de desplazamientos iguales e, incluso, superiores al \u00faltimo verano \u201cnormal\u201d antes de la crisis sanitaria de la Covid-19. E igual que pasara en los \u00faltimos a\u00f1os prepandemia, se esperan diversos paros de diferentes colectivos de trabajadores de Ryanair.\u2026","rel":"","context":"En \u00abNoticias y actualidad\u00bb","block_context":{"text":"Noticias y actualidad","link":"https:\/\/www.reclamador.es\/blog\/noticias\/"},"img":{"alt_text":"huelga ryanair 2022","src":"https:\/\/i0.wp.com\/www.reclamador.es\/blog\/wp-content\/uploads\/2022\/06\/huelga-ryanair-junio-julio-2022-pedir-indemnizacion.jpg?fit=1200%2C698&ssl=1&resize=350%2C200","width":350,"height":200,"srcset":"https:\/\/i0.wp.com\/www.reclamador.es\/blog\/wp-content\/uploads\/2022\/06\/huelga-ryanair-junio-julio-2022-pedir-indemnizacion.jpg?fit=1200%2C698&ssl=1&resize=350%2C200 1x, https:\/\/i0.wp.com\/www.reclamador.es\/blog\/wp-content\/uploads\/2022\/06\/huelga-ryanair-junio-julio-2022-pedir-indemnizacion.jpg?fit=1200%2C698&ssl=1&resize=525%2C300 1.5x, https:\/\/i0.wp.com\/www.reclamador.es\/blog\/wp-content\/uploads\/2022\/06\/huelga-ryanair-junio-julio-2022-pedir-indemnizacion.jpg?fit=1200%2C698&ssl=1&resize=700%2C400 2x, https:\/\/i0.wp.com\/www.reclamador.es\/blog\/wp-content\/uploads\/2022\/06\/huelga-ryanair-junio-julio-2022-pedir-indemnizacion.jpg?fit=1200%2C698&ssl=1&resize=1050%2C600 3x"},"classes":[]},{"id":31302,"url":"https:\/\/www.reclamador.es\/blog\/reclame-a-ryanair-por-mas-de-5-horas-de-retraso-en-un-vuelo-y-a-los-3-meses-ya-tenia-el-dinero-de-la-reclamacion-ingresado\/","url_meta":{"origin":20981,"position":4},"title":"\u201cReclam\u00e9 a Ryanair por m\u00e1s de 5 horas de retraso en un vuelo y a los 3 meses ya ten\u00eda el dinero de la reclamaci\u00f3n ingresado\u201d","author":"Cristina Naveda","date":"7 septiembre, 2023","format":false,"excerpt":"Esta semana charlamos con Paula Corbill\u00f3n. Esta ingeniera qu\u00edmica, que vive fuera de Espa\u00f1a por motivos laborales, nos cuenta su experiencia tras sufrir un gran retraso con Ryanair en el vuelo al volver para disfrutar de unos d\u00edas con su familia. Disfruta del senderismo y sobre todo, nos cuenta que\u2026","rel":"","context":"En \u00abConoce todo lo que sucede en reclamador.es\u00bb","block_context":{"text":"Conoce todo lo que sucede en reclamador.es","link":"https:\/\/www.reclamador.es\/blog\/reclamadores\/"},"img":{"alt_text":"entrevista cliente reclamador reclamaci\u00f3n a Ryanair","src":"https:\/\/i0.wp.com\/www.reclamador.es\/blog\/wp-content\/uploads\/2023\/09\/entrevista-cliente-aerolineas-Paula-Corbillon-1200x630-1.jpg?fit=1200%2C630&ssl=1&resize=350%2C200","width":350,"height":200,"srcset":"https:\/\/i0.wp.com\/www.reclamador.es\/blog\/wp-content\/uploads\/2023\/09\/entrevista-cliente-aerolineas-Paula-Corbillon-1200x630-1.jpg?fit=1200%2C630&ssl=1&resize=350%2C200 1x, https:\/\/i0.wp.com\/www.reclamador.es\/blog\/wp-content\/uploads\/2023\/09\/entrevista-cliente-aerolineas-Paula-Corbillon-1200x630-1.jpg?fit=1200%2C630&ssl=1&resize=525%2C300 1.5x, https:\/\/i0.wp.com\/www.reclamador.es\/blog\/wp-content\/uploads\/2023\/09\/entrevista-cliente-aerolineas-Paula-Corbillon-1200x630-1.jpg?fit=1200%2C630&ssl=1&resize=700%2C400 2x, https:\/\/i0.wp.com\/www.reclamador.es\/blog\/wp-content\/uploads\/2023\/09\/entrevista-cliente-aerolineas-Paula-Corbillon-1200x630-1.jpg?fit=1200%2C630&ssl=1&resize=1050%2C600 3x"},"classes":[]},{"id":7776,"url":"https:\/\/www.reclamador.es\/blog\/habeis-conseguido-lo-que-no-imaginabamos-os-recomendare-siempre-chapo\/","url_meta":{"origin":20981,"position":5},"title":"\"Hab\u00e9is conseguido lo que no imagin\u00e1bamos. Os recomendar\u00e9 siempre&#8230; \u00a1chap\u00f3!\"","author":"Cristina Naveda","date":"17 mayo, 2017","format":false,"excerpt":"Nos encanta conocer\u00a0mejor a nuestros clientes y cont\u00e1rtelo. Por eso, esta semana, te invitamos a descubrir\u00a0la historia de Juan Carlos Largo, uno de los numerosos afectados que nos llegan\u00a0por incidentes en los vuelos de la compa\u00f1\u00eda Ryanair. En su caso, la compa\u00f1\u00eda irlandesa justific\u00f3\u00a0la causa del retraso de su vuelo\u2026","rel":"","context":"En \u00abConoce todo lo que sucede en reclamador.es\u00bb","block_context":{"text":"Conoce todo lo que sucede en reclamador.es","link":"https:\/\/www.reclamador.es\/blog\/reclamadores\/"},"img":{"alt_text":"","src":"https:\/\/i0.wp.com\/www.reclamador.es\/blog\/wp-content\/uploads\/2017\/04\/1494431818108_copia.jpg?fit=1200%2C800&ssl=1&resize=350%2C200","width":350,"height":200,"srcset":"https:\/\/i0.wp.com\/www.reclamador.es\/blog\/wp-content\/uploads\/2017\/04\/1494431818108_copia.jpg?fit=1200%2C800&ssl=1&resize=350%2C200 1x, https:\/\/i0.wp.com\/www.reclamador.es\/blog\/wp-content\/uploads\/2017\/04\/1494431818108_copia.jpg?fit=1200%2C800&ssl=1&resize=525%2C300 1.5x, https:\/\/i0.wp.com\/www.reclamador.es\/blog\/wp-content\/uploads\/2017\/04\/1494431818108_copia.jpg?fit=1200%2C800&ssl=1&resize=700%2C400 2x, https:\/\/i0.wp.com\/www.reclamador.es\/blog\/wp-content\/uploads\/2017\/04\/1494431818108_copia.jpg?fit=1200%2C800&ssl=1&resize=1050%2C600 3x"},"classes":[]}],"jetpack_sharing_enabled":true,"_links":{"self":[{"href":"https:\/\/www.reclamador.es\/blog\/wp-json\/wp\/v2\/posts\/20981","targetHints":{"allow":["GET"]}}],"collection":[{"href":"https:\/\/www.reclamador.es\/blog\/wp-json\/wp\/v2\/posts"}],"about":[{"href":"https:\/\/www.reclamador.es\/blog\/wp-json\/wp\/v2\/types\/post"}],"author":[{"embeddable":true,"href":"https:\/\/www.reclamador.es\/blog\/wp-json\/wp\/v2\/users\/1"}],"replies":[{"embeddable":true,"href":"https:\/\/www.reclamador.es\/blog\/wp-json\/wp\/v2\/comments?post=20981"}],"version-history":[{"count":16,"href":"https:\/\/www.reclamador.es\/blog\/wp-json\/wp\/v2\/posts\/20981\/revisions"}],"predecessor-version":[{"id":31679,"href":"https:\/\/www.reclamador.es\/blog\/wp-json\/wp\/v2\/posts\/20981\/revisions\/31679"}],"wp:featuredmedia":[{"embeddable":true,"href":"https:\/\/www.reclamador.es\/blog\/wp-json\/wp\/v2\/media\/20986"}],"wp:attachment":[{"href":"https:\/\/www.reclamador.es\/blog\/wp-json\/wp\/v2\/media?parent=20981"}],"wp:term":[{"taxonomy":"category","embeddable":true,"href":"https:\/\/www.reclamador.es\/blog\/wp-json\/wp\/v2\/categories?post=20981"},{"taxonomy":"post_tag","embeddable":true,"href":"https:\/\/www.reclamador.es\/blog\/wp-json\/wp\/v2\/tags?post=20981"}],"curies":[{"name":"wp","href":"https:\/\/api.w.org\/{rel}","templated":true}]}}