{"id":20789,"date":"2019-01-16T12:37:42","date_gmt":"2019-01-16T11:37:42","guid":{"rendered":"https:\/\/www.reclamador.es\/blog\/?p=20789"},"modified":"2025-04-07T11:56:38","modified_gmt":"2025-04-07T09:56:38","slug":"reclamacion-lista-de-espera-sanidad-publica","status":"publish","type":"post","link":"https:\/\/www.reclamador.es\/blog\/reclamacion-lista-de-espera-sanidad-publica\/","title":{"rendered":"Retrasos en las listas de espera para los pacientes: \u00bfcu\u00e1ndo se puede reclamar?"},"content":{"rendered":"<div class=\"ttr_start\"><\/div>\n\n<div class=\"kk-star-ratings kksr-auto kksr-align-right kksr-valign-top\"\n    data-payload='{&quot;align&quot;:&quot;right&quot;,&quot;id&quot;:&quot;20789&quot;,&quot;slug&quot;:&quot;default&quot;,&quot;valign&quot;:&quot;top&quot;,&quot;ignore&quot;:&quot;&quot;,&quot;reference&quot;:&quot;auto&quot;,&quot;class&quot;:&quot;&quot;,&quot;count&quot;:&quot;23&quot;,&quot;legendonly&quot;:&quot;&quot;,&quot;readonly&quot;:&quot;&quot;,&quot;score&quot;:&quot;4&quot;,&quot;starsonly&quot;:&quot;&quot;,&quot;best&quot;:&quot;5&quot;,&quot;gap&quot;:&quot;3&quot;,&quot;greet&quot;:&quot;Valora este art\u00edculo&quot;,&quot;legend&quot;:&quot;4\\\/5 - (23 votos)&quot;,&quot;size&quot;:&quot;20&quot;,&quot;title&quot;:&quot;Retrasos en las listas de espera para los pacientes: \u00bfcu\u00e1ndo se puede reclamar?&quot;,&quot;width&quot;:&quot;90.5&quot;,&quot;_legend&quot;:&quot;{score}\\\/{best} - ({count} {votes})&quot;,&quot;font_factor&quot;:&quot;1.25&quot;}'>\n            \n<div class=\"kksr-stars\">\n    \n<div class=\"kksr-stars-inactive\">\n            <div class=\"kksr-star\" data-star=\"1\" style=\"padding-right: 3px\">\n            \n\n<div class=\"kksr-icon\" style=\"width: 20px; height: 20px;\"><\/div>\n        <\/div>\n            <div class=\"kksr-star\" data-star=\"2\" style=\"padding-right: 3px\">\n            \n\n<div class=\"kksr-icon\" style=\"width: 20px; height: 20px;\"><\/div>\n        <\/div>\n            <div class=\"kksr-star\" data-star=\"3\" style=\"padding-right: 3px\">\n            \n\n<div class=\"kksr-icon\" style=\"width: 20px; height: 20px;\"><\/div>\n        <\/div>\n            <div class=\"kksr-star\" data-star=\"4\" style=\"padding-right: 3px\">\n            \n\n<div class=\"kksr-icon\" style=\"width: 20px; height: 20px;\"><\/div>\n        <\/div>\n            <div class=\"kksr-star\" data-star=\"5\" style=\"padding-right: 3px\">\n            \n\n<div class=\"kksr-icon\" style=\"width: 20px; height: 20px;\"><\/div>\n        <\/div>\n    <\/div>\n    \n<div class=\"kksr-stars-active\" style=\"width: 90.5px;\">\n            <div class=\"kksr-star\" style=\"padding-right: 3px\">\n            \n\n<div class=\"kksr-icon\" style=\"width: 20px; height: 20px;\"><\/div>\n        <\/div>\n            <div class=\"kksr-star\" style=\"padding-right: 3px\">\n            \n\n<div class=\"kksr-icon\" style=\"width: 20px; height: 20px;\"><\/div>\n        <\/div>\n            <div class=\"kksr-star\" style=\"padding-right: 3px\">\n            \n\n<div class=\"kksr-icon\" style=\"width: 20px; height: 20px;\"><\/div>\n        <\/div>\n            <div class=\"kksr-star\" style=\"padding-right: 3px\">\n            \n\n<div class=\"kksr-icon\" style=\"width: 20px; height: 20px;\"><\/div>\n        <\/div>\n            <div class=\"kksr-star\" style=\"padding-right: 3px\">\n            \n\n<div class=\"kksr-icon\" style=\"width: 20px; height: 20px;\"><\/div>\n        <\/div>\n    <\/div>\n<\/div>\n                \n\n<div class=\"kksr-legend\" style=\"font-size: 16px;\">\n            4\/5 - (23 votos)    <\/div>\n    <\/div>\n<figure id=\"attachment_20798\" aria-describedby=\"caption-attachment-20798\" style=\"width: 1157px\" class=\"wp-caption aligncenter\"><img data-recalc-dims=\"1\" loading=\"lazy\" decoding=\"async\" class=\"wp-image-20798 size-full\" src=\"https:\/\/i0.wp.com\/www.reclamador.es\/blog\/wp-content\/uploads\/2019\/01\/reclamacion-lista-de-espera-reclamador.jpg?resize=1157%2C800&#038;ssl=1\" alt=\"reclamacion retraso lista de espera en seguridad social reclamador\" width=\"1157\" height=\"800\" srcset=\"https:\/\/i0.wp.com\/www.reclamador.es\/blog\/wp-content\/uploads\/2019\/01\/reclamacion-lista-de-espera-reclamador.jpg?w=1157&amp;ssl=1 1157w, https:\/\/i0.wp.com\/www.reclamador.es\/blog\/wp-content\/uploads\/2019\/01\/reclamacion-lista-de-espera-reclamador.jpg?resize=150%2C104&amp;ssl=1 150w, https:\/\/i0.wp.com\/www.reclamador.es\/blog\/wp-content\/uploads\/2019\/01\/reclamacion-lista-de-espera-reclamador.jpg?resize=300%2C207&amp;ssl=1 300w, https:\/\/i0.wp.com\/www.reclamador.es\/blog\/wp-content\/uploads\/2019\/01\/reclamacion-lista-de-espera-reclamador.jpg?resize=768%2C531&amp;ssl=1 768w, https:\/\/i0.wp.com\/www.reclamador.es\/blog\/wp-content\/uploads\/2019\/01\/reclamacion-lista-de-espera-reclamador.jpg?resize=1024%2C708&amp;ssl=1 1024w\" sizes=\"auto, (max-width: 1000px) 100vw, 1000px\" \/><figcaption id=\"caption-attachment-20798\" class=\"wp-caption-text\"><em>Reclamaci\u00f3n lista de espera en la Sanidad P\u00fablica 2025<\/em><\/figcaption><\/figure>\n<p><strong>* Datos actualizados abril 2025<\/strong><\/p>\n<p><span style=\"font-weight: 400;\">Uno de los principales problemas a los que se enfrenta la sanidad p\u00fablica en Espa\u00f1a son sus largas listas de espera. Tanto para intervenciones quir\u00fargicas como para pruebas diagn\u00f3sticas. Traumatolog\u00eda, Oftalmolog\u00eda y Cirug\u00eda General, son por este orden \u2013 y seg\u00fan el Sistema Nacional de Salud (SNS)- las especialidades con m\u00e1s pacientes en lista de espera para operarse hasta el primer semestre de 2024.<\/span><\/p>\n<p><span style=\"font-weight: 400;\">Son muchas las dolencias que precisan de una r\u00e1pida intervenci\u00f3n para evitar posibles complicaciones o empeoramientos, de ah\u00ed la problem\u00e1tica para los pacientes de esperar y esperar para realizarse una prueba m\u00e9dica o someterse a una operaci\u00f3n.\u00a0Planteado este grave problema para los pacientes, en reclamador.es vamos a explicarte qu\u00e9 pasa si durante esa espera el paciente empeora. <strong>\u00bfPodr\u00eda reclamar una indemnizaci\u00f3n? \u00bfSe puede reclamar en el servicio de atenci\u00f3n al paciente por retrasos en las listas de espera? \u00bfY en los juzgados, merece la pena reclamar?<\/strong><\/span><\/p>\n<ol class=\"boxed\" type=\"a\">\n<li><a href=\"#normativas\">Normativas sobre plazos m\u00e1ximos de espera para los pacientes<\/a><\/li>\n<li><a href=\"#atencionpaciente\">Reclamaci\u00f3n atenci\u00f3n al paciente lista de espera<\/a><\/li>\n<li><a href=\"#reclamacionlista\">Reclamaci\u00f3n lista de espera: indemnizaci\u00f3n para el paciente<\/a><\/li>\n<li><a href=\"#sanidadprivada\">De la sanidad p\u00fablica a la privada<\/a><\/li>\n<li><a href=\"#demostrar\">\u00bfC\u00f3mo demostrar que el retraso en la lista de espera ha sido el origen de las nuevas lesiones?<\/a><\/li>\n<\/ol>\n<h2 id=\"normativas\"><strong>Normativas sobre plazos m\u00e1ximos de espera para los pacientes<\/strong><\/h2>\n<p><span style=\"font-weight: 400;\">La competencia de sanidad est\u00e1 derivada a las comunidades aut\u00f3nomas. Fijan en sus diferentes normativas los plazos m\u00e1ximos de espera para los pacientes. As\u00ed, por ejemplo, pese a que en <strong>Andaluc\u00eda<\/strong> el plazo es de 180 d\u00edas, en muchas ocasiones este plazo se supera, llegando incluso a duplicarse y existir listas de espera que llegan a un a\u00f1o. Hasta un a\u00f1o se establece el<\/span><strong> plazo m\u00e1ximo en Catalu\u00f1a<\/strong><span style=\"font-weight: 400;\"> para procesos quir\u00fargicos programados de prioridad baja o 90 d\u00edas para pruebas diagn\u00f3sticas y consultas de especialistas de prioridad ordinaria.<\/span><\/p>\n<p><span style=\"font-weight: 400;\">Recientemente se han fijado los plazos m\u00e1ximos de listas de espera en <strong>Asturias<\/strong>, alcanzando un m\u00e1ximo de 60 d\u00edas para mamograf\u00edas, resonancias, TACs y colonoscopias, y 180 d\u00edas en casos de cirug\u00edas card\u00edacas, ginecol\u00f3gicas, implantes de pr\u00f3tesis, o cataratas.<\/span><\/p>\n<p><span style=\"font-weight: 400;\"><strong>Madrid<\/strong>, por su parte, tiene el plazo fijado igual que en Andaluc\u00eda, m\u00e1ximo de 180 d\u00edas.<\/span><\/p>\n<p><span style=\"font-weight: 400;\">Adem\u00e1s existe el <a href=\"https:\/\/www.boe.es\/buscar\/doc.php?id=BOE-A-2011-14190\" target=\"_blank\" rel=\"noopener noreferrer\">Real Decreto 1039\/2011<\/a> por el que se establecen una serie de criterios b\u00e1sicos para determinar los plazos m\u00e1ximos de las listas de espera. No obstante, seg\u00fan los \u00faltimos datos, del primer semestre de 2024, por entonces, eran m\u00e1s de 848.000 personas las que se encuentraban a la espera de operarse por el Sistema Nacional de Salud.<\/span><\/p>\n<h2 id=\"atencionpaciente\"><strong>Reclamaci\u00f3n en atenci\u00f3n al paciente lista de espera<\/strong><\/h2>\n<p><span class=\"relative -mx-px my-[-0.2rem] rounded-sm px-px py-[0.2rem]\">Cuando un paciente enfrenta demoras que superan los plazos establecidos para una consulta, prueba diagn\u00f3stica o intervenci\u00f3n quir\u00fargica, tiene derecho a presentar una <strong data-start=\"167\" data-end=\"223\">reclamaci\u00f3n ante el servicio de atenci\u00f3n al paciente<\/strong> <strong>del centro sanitario correspondiente<\/strong>.<\/span> <span class=\"relative -mx-px my-[-0.2rem] rounded-sm px-px py-[0.2rem]\">Este servicio est\u00e1 dise\u00f1ado para atender y gestionar las quejas y sugerencias de los usuarios, buscando soluciones que garanticen una atenci\u00f3n sanitaria adecuada y oportuna.<\/span>\u200b<\/p>\n<p><span class=\"relative -mx-px my-[-0.2rem] rounded-sm px-px py-[0.2rem]\">Es fundamental que el paciente <strong>aporte toda la documentaci\u00f3n relevante, como informes m\u00e9dicos y comunicaciones previas, para respaldar su reclamaci\u00f3n.<\/strong><\/span> <span class=\"relative -mx-px my-[-0.2rem] rounded-sm px-px py-[0.2rem]\">En algunos casos, si se demuestra que la demora ha causado un perjuicio en la salud del paciente, es posible solicitar una indemnizaci\u00f3n por los da\u00f1os sufridos.<\/span>\u200b<\/p>\n<p>Mantenerse informado sobre los derechos como paciente y las v\u00edas disponibles para presentar reclamaciones es esencial para garantizar una atenci\u00f3n sanitaria de calidad y en tiempos razonables.<\/p>\n<h2 id=\"reclamacionlista\"><b>Reclamaci\u00f3n lista de espera: indemnizaci\u00f3n para el paciente<\/b><\/h2>\n<p><span style=\"font-weight: 400;\">A los dolores, molestias y desesperaci\u00f3n por la llegada del momento de realizar una determinada prueba m\u00e9dica o intervenci\u00f3n quir\u00fargica, se suma el posible agravamiento de los s\u00edntomas o la evoluci\u00f3n de la enfermedad a etapas m\u00e1s complicadas de curaci\u00f3n.<\/span><\/p>\n<p><span style=\"font-weight: 400;\">Si esto ocurre, el afectado podr\u00eda <a href=\"https:\/\/www.reclamador.es\/ayuda\/negligencias\/guia-para-hacer-una-reclamacion-por-negligencia\/\">reclamar una indemnizaci\u00f3n al Servicio de Salud<\/a> de la comunidad aut\u00f3noma por los da\u00f1os derivados del retraso en la realizaci\u00f3n de la prueba, consulta con el especialista u operaci\u00f3n.<\/span><\/p>\n<p><span style=\"font-weight: 400;\">Para ello hay que demostrar que esas nuevas dolencias o secuelas son derivadas del retraso de ese procedimiento m\u00e9dico y que, de haberlo realizado con anterioridad, se podr\u00edan haber evitado o reducido.<\/span><\/p>\n<p><span style=\"font-weight: 400;\">Como en otras <a href=\"https:\/\/www.reclamador.es\/ayuda\/negligencias\/como-y-donde-denunciar-una-negligencia-medica\/\">reclamaciones por negligencia m\u00e9dica<\/a>, se trata de determinar el nexo causal, es decir, la relaci\u00f3n causa (retraso en la lista de espera) y efecto (secuelas u otras enfermedades derivadas).<\/span><\/p>\n<h6 style=\"text-align: center;\"><a href=\"https:\/\/www.reclamador.es\/blog\/reclamar-negligencia-via-civil-penal-contencioso\/\"><strong>V\u00edas para reclamar una negligencia m\u00e9dica<\/strong><\/a><\/h6>\n<h2 id=\"sanidadprivada\"><b>De la sanidad p\u00fablica a la privada<\/b><\/h2>\n<p><span style=\"font-weight: 400;\">Una de las opciones por la que est\u00e1 determinando la sanidad p\u00fablica en la actualidad es ofrecer la realizaci\u00f3n de las pruebas, tratamiento u operaci\u00f3n en un centro de salud privado.<\/span><\/p>\n<p><span style=\"font-weight: 400;\">El paciente es libre de aceptar este cambio de centro o, por el contrario, preferir ser atendido en su centro de referencia con el m\u00e9dico que ha llevado su caso. En reclamador.es aconsejamos a los pacientes que se nieguen a ser tratados en otros centros firmen un documento que no les vuelva a situar nuevamente al final de la lista de espera en la sanidad p\u00fablica.<\/span><\/p>\n<p><span style=\"font-weight: 400;\">Otra opci\u00f3n que tienen los pacientes, ante la angustia provocada por el excesivo retraso de las listas de espera, es acudir a la sanidad privada y solicitar posteriormente el reintegro de los gastos en los que haya incurrido por los perjuicios padecidos como consecuencia del funcionamiento deficiente de la Administraci\u00f3n Sanitaria.<\/span><\/p>\n<h2 id=\"demostrar\"><b>\u00bfC\u00f3mo demostrar que el retraso en la lista de espera ha sido el origen de las nuevas lesiones?<\/b><\/h2>\n<p><span style=\"font-weight: 400;\">Aqu\u00ed es fundamental, al igual que en otras situaciones indemnizables por mala praxis, el perito m\u00e9dico, quien, con el historial cl\u00ednico y el an\u00e1lisis del resto de documentaci\u00f3n, determina que existe ese nexo entre el retraso en realizar una prueba o una intervenci\u00f3n quir\u00fargica es el desencadenante de una lesi\u00f3n o agravamiento de una enfermedad.<\/span><\/p>\n<p><span style=\"font-weight: 400;\">Posteriormente, si el perito m\u00e9dico determina que ha existido un da\u00f1o derivado de un retraso en la lista de espera quir\u00fargica y, por tanto, se puede considerar que se ha producido una mala praxis, es el<\/span><a href=\"https:\/\/www.reclamador.es\/blog\/abogado-negligencias-medicas\/\"> <span style=\"font-weight: 400;\">abogado experto en negligencias m\u00e9dicas<\/span><\/a><span style=\"font-weight: 400;\"> quien estudia la mejor v\u00eda de actuaci\u00f3n.<\/span><\/p>\n<p><span style=\"font-weight: 400;\">En reclamador.es aconsejamos a los pacientes que se consideren v\u00edctimas de un retraso en las listas de espera quir\u00fargicas, que consulten con un equipo especializado en negligencias m\u00e9dicas.\u00a0<\/span><\/p>\n<p>Si te ha parecido interesante este contenido sobre reclamaci\u00f3n lista de espera, comp\u00e1rtelo en tus redes!<\/p>\n<p>\ud83d\ude09<\/p>\n<div class=\"ttr_end\"><\/div>","protected":false},"excerpt":{"rendered":"<p>* Datos actualizados abril 2025 Uno de los principales problemas a los que se enfrenta la sanidad p\u00fablica en Espa\u00f1a son sus largas listas de espera. Tanto para intervenciones quir\u00fargicas como para pruebas diagn\u00f3sticas. Traumatolog\u00eda, Oftalmolog\u00eda y Cirug\u00eda General, son por este orden \u2013 y seg\u00fan el Sistema Nacional de Salud (SNS)- las especialidades con [&hellip;]<\/p>\n","protected":false},"author":1,"featured_media":20798,"comment_status":"open","ping_status":"open","sticky":false,"template":"","format":"standard","meta":{"_acf_changed":false,"_genesis_hide_title":false,"_genesis_hide_breadcrumbs":false,"_genesis_hide_singular_image":false,"_genesis_hide_footer_widgets":false,"_genesis_custom_body_class":"","_genesis_custom_post_class":"","_genesis_layout":"","_jetpack_newsletter_access":"","_jetpack_dont_email_post_to_subs":false,"_jetpack_newsletter_tier_id":0,"_jetpack_memberships_contains_paywalled_content":false,"_jetpack_memberships_contains_paid_content":false,"footnotes":""},"categories":[393],"tags":[255,289,762],"class_list":{"0":"post-20789","1":"post","2":"type-post","3":"status-publish","4":"format-standard","5":"has-post-thumbnail","7":"category-consejos","8":"tag-indemnizacion","9":"tag-reclamacion","10":"tag-servicios","11":"entry"},"acf":[],"yoast_head":"<!-- This site is optimized with the Yoast SEO plugin v27.4 - https:\/\/yoast.com\/product\/yoast-seo-wordpress\/ -->\n<title>Reclamaci\u00f3n lista de espera en la Seguridad Social en 2025<\/title>\n<meta name=\"description\" content=\"\u00bfLlevas mucho esperando para una operaci\u00f3n o consulta en la sanidad p\u00fablica? Te contamos cuando reclamar por lista de espera en 2025.\" \/>\n<meta name=\"robots\" content=\"index, follow, max-snippet:-1, max-image-preview:large, max-video-preview:-1\" \/>\n<link rel=\"canonical\" href=\"https:\/\/www.reclamador.es\/blog\/reclamacion-lista-de-espera-sanidad-publica\/\" \/>\n<meta property=\"og:locale\" content=\"es_ES\" \/>\n<meta property=\"og:type\" content=\"article\" \/>\n<meta property=\"og:title\" content=\"Reclamaci\u00f3n lista de espera en la Seguridad Social en 2025\" \/>\n<meta property=\"og:description\" content=\"\u00bfLlevas mucho esperando para una operaci\u00f3n o consulta en la sanidad p\u00fablica? Te contamos cuando reclamar por lista de espera en 2025.\" \/>\n<meta property=\"og:url\" content=\"https:\/\/www.reclamador.es\/blog\/reclamacion-lista-de-espera-sanidad-publica\/\" \/>\n<meta property=\"og:site_name\" content=\"Rebeldes con causa, el blog de reclamador.es\" \/>\n<meta property=\"article:publisher\" content=\"https:\/\/www.facebook.com\/reclamador.es\" \/>\n<meta property=\"article:published_time\" content=\"2019-01-16T11:37:42+00:00\" \/>\n<meta property=\"article:modified_time\" content=\"2025-04-07T09:56:38+00:00\" \/>\n<meta property=\"og:image\" content=\"https:\/\/www.reclamador.es\/blog\/wp-content\/uploads\/2019\/01\/reclamacion-lista-de-espera-reclamador.jpg\" \/>\n\t<meta property=\"og:image:width\" content=\"1157\" \/>\n\t<meta property=\"og:image:height\" content=\"800\" \/>\n\t<meta property=\"og:image:type\" content=\"image\/jpeg\" \/>\n<meta name=\"author\" content=\"Equipo reclamador\" \/>\n<meta name=\"twitter:card\" content=\"summary_large_image\" \/>\n<meta name=\"twitter:creator\" content=\"@reclamador\" \/>\n<meta name=\"twitter:site\" content=\"@reclamador\" \/>\n<meta name=\"twitter:label1\" content=\"Escrito por\" \/>\n\t<meta name=\"twitter:data1\" content=\"Equipo reclamador\" \/>\n\t<meta name=\"twitter:label2\" content=\"Tiempo de lectura\" \/>\n\t<meta name=\"twitter:data2\" content=\"6 minutos\" \/>\n<script type=\"application\/ld+json\" class=\"yoast-schema-graph\">{\"@context\":\"https:\\\/\\\/schema.org\",\"@graph\":[{\"@type\":\"Article\",\"@id\":\"https:\\\/\\\/www.reclamador.es\\\/blog\\\/reclamacion-lista-de-espera-sanidad-publica\\\/#article\",\"isPartOf\":{\"@id\":\"https:\\\/\\\/www.reclamador.es\\\/blog\\\/reclamacion-lista-de-espera-sanidad-publica\\\/\"},\"author\":{\"name\":\"Equipo reclamador\",\"@id\":\"https:\\\/\\\/www.reclamador.es\\\/blog\\\/#\\\/schema\\\/person\\\/1ed83eef8b6566cb5e4c812d9bc5c4bf\"},\"headline\":\"Retrasos en las listas de espera para los pacientes: \u00bfcu\u00e1ndo se puede reclamar?\",\"datePublished\":\"2019-01-16T11:37:42+00:00\",\"dateModified\":\"2025-04-07T09:56:38+00:00\",\"mainEntityOfPage\":{\"@id\":\"https:\\\/\\\/www.reclamador.es\\\/blog\\\/reclamacion-lista-de-espera-sanidad-publica\\\/\"},\"wordCount\":1172,\"commentCount\":235,\"publisher\":{\"@id\":\"https:\\\/\\\/www.reclamador.es\\\/blog\\\/#organization\"},\"image\":{\"@id\":\"https:\\\/\\\/www.reclamador.es\\\/blog\\\/reclamacion-lista-de-espera-sanidad-publica\\\/#primaryimage\"},\"thumbnailUrl\":\"https:\\\/\\\/i0.wp.com\\\/www.reclamador.es\\\/blog\\\/wp-content\\\/uploads\\\/2019\\\/01\\\/reclamacion-lista-de-espera-reclamador.jpg?fit=1157%2C800&ssl=1\",\"keywords\":[\"indemnizaci\u00f3n\",\"reclamaci\u00f3n\",\"servicios\"],\"articleSection\":[\"Consejos legales\"],\"inLanguage\":\"es\",\"potentialAction\":[{\"@type\":\"CommentAction\",\"name\":\"Comment\",\"target\":[\"https:\\\/\\\/www.reclamador.es\\\/blog\\\/reclamacion-lista-de-espera-sanidad-publica\\\/#respond\"]}]},{\"@type\":\"WebPage\",\"@id\":\"https:\\\/\\\/www.reclamador.es\\\/blog\\\/reclamacion-lista-de-espera-sanidad-publica\\\/\",\"url\":\"https:\\\/\\\/www.reclamador.es\\\/blog\\\/reclamacion-lista-de-espera-sanidad-publica\\\/\",\"name\":\"Reclamaci\u00f3n lista de espera en la Seguridad Social en 2025\",\"isPartOf\":{\"@id\":\"https:\\\/\\\/www.reclamador.es\\\/blog\\\/#website\"},\"primaryImageOfPage\":{\"@id\":\"https:\\\/\\\/www.reclamador.es\\\/blog\\\/reclamacion-lista-de-espera-sanidad-publica\\\/#primaryimage\"},\"image\":{\"@id\":\"https:\\\/\\\/www.reclamador.es\\\/blog\\\/reclamacion-lista-de-espera-sanidad-publica\\\/#primaryimage\"},\"thumbnailUrl\":\"https:\\\/\\\/i0.wp.com\\\/www.reclamador.es\\\/blog\\\/wp-content\\\/uploads\\\/2019\\\/01\\\/reclamacion-lista-de-espera-reclamador.jpg?fit=1157%2C800&ssl=1\",\"datePublished\":\"2019-01-16T11:37:42+00:00\",\"dateModified\":\"2025-04-07T09:56:38+00:00\",\"description\":\"\u00bfLlevas mucho esperando para una operaci\u00f3n o consulta en la sanidad p\u00fablica? Te contamos cuando reclamar por lista de espera en 2025.\",\"breadcrumb\":{\"@id\":\"https:\\\/\\\/www.reclamador.es\\\/blog\\\/reclamacion-lista-de-espera-sanidad-publica\\\/#breadcrumb\"},\"inLanguage\":\"es\",\"potentialAction\":[{\"@type\":\"ReadAction\",\"target\":[\"https:\\\/\\\/www.reclamador.es\\\/blog\\\/reclamacion-lista-de-espera-sanidad-publica\\\/\"]}]},{\"@type\":\"ImageObject\",\"inLanguage\":\"es\",\"@id\":\"https:\\\/\\\/www.reclamador.es\\\/blog\\\/reclamacion-lista-de-espera-sanidad-publica\\\/#primaryimage\",\"url\":\"https:\\\/\\\/i0.wp.com\\\/www.reclamador.es\\\/blog\\\/wp-content\\\/uploads\\\/2019\\\/01\\\/reclamacion-lista-de-espera-reclamador.jpg?fit=1157%2C800&ssl=1\",\"contentUrl\":\"https:\\\/\\\/i0.wp.com\\\/www.reclamador.es\\\/blog\\\/wp-content\\\/uploads\\\/2019\\\/01\\\/reclamacion-lista-de-espera-reclamador.jpg?fit=1157%2C800&ssl=1\",\"width\":1157,\"height\":800,\"caption\":\"reclamaci\u00f3n lista de espera en la Sanidad P\u00fablica\"},{\"@type\":\"BreadcrumbList\",\"@id\":\"https:\\\/\\\/www.reclamador.es\\\/blog\\\/reclamacion-lista-de-espera-sanidad-publica\\\/#breadcrumb\",\"itemListElement\":[{\"@type\":\"ListItem\",\"position\":1,\"name\":\"Portada\",\"item\":\"https:\\\/\\\/www.reclamador.es\\\/blog\\\/\"},{\"@type\":\"ListItem\",\"position\":2,\"name\":\"Retrasos en las listas de espera para los pacientes: \u00bfcu\u00e1ndo se puede reclamar?\"}]},{\"@type\":\"WebSite\",\"@id\":\"https:\\\/\\\/www.reclamador.es\\\/blog\\\/#website\",\"url\":\"https:\\\/\\\/www.reclamador.es\\\/blog\\\/\",\"name\":\"Rebeldes con causa, el blog de reclamador.es\",\"description\":\"Noticias, entrevistas y consejos sobre reclamaciones\",\"publisher\":{\"@id\":\"https:\\\/\\\/www.reclamador.es\\\/blog\\\/#organization\"},\"potentialAction\":[{\"@type\":\"SearchAction\",\"target\":{\"@type\":\"EntryPoint\",\"urlTemplate\":\"https:\\\/\\\/www.reclamador.es\\\/blog\\\/?s={search_term_string}\"},\"query-input\":{\"@type\":\"PropertyValueSpecification\",\"valueRequired\":true,\"valueName\":\"search_term_string\"}}],\"inLanguage\":\"es\"},{\"@type\":\"Organization\",\"@id\":\"https:\\\/\\\/www.reclamador.es\\\/blog\\\/#organization\",\"name\":\"reclamador.es\",\"url\":\"https:\\\/\\\/www.reclamador.es\\\/blog\\\/\",\"logo\":{\"@type\":\"ImageObject\",\"inLanguage\":\"es\",\"@id\":\"https:\\\/\\\/www.reclamador.es\\\/blog\\\/#\\\/schema\\\/logo\\\/image\\\/\",\"url\":\"https:\\\/\\\/i0.wp.com\\\/www.reclamador.es\\\/blog\\\/wp-content\\\/uploads\\\/2020\\\/01\\\/logo-reclamador.png?fit=1200%2C144&ssl=1\",\"contentUrl\":\"https:\\\/\\\/i0.wp.com\\\/www.reclamador.es\\\/blog\\\/wp-content\\\/uploads\\\/2020\\\/01\\\/logo-reclamador.png?fit=1200%2C144&ssl=1\",\"width\":1200,\"height\":144,\"caption\":\"reclamador.es\"},\"image\":{\"@id\":\"https:\\\/\\\/www.reclamador.es\\\/blog\\\/#\\\/schema\\\/logo\\\/image\\\/\"},\"sameAs\":[\"https:\\\/\\\/www.facebook.com\\\/reclamador.es\",\"https:\\\/\\\/x.com\\\/reclamador\",\"https:\\\/\\\/www.instagram.com\\\/reclamador.es\\\/\",\"https:\\\/\\\/www.linkedin.com\\\/company\\\/reclamador-es\",\"https:\\\/\\\/www.youtube.com\\\/user\\\/Reclamadores\"]},{\"@type\":\"Person\",\"@id\":\"https:\\\/\\\/www.reclamador.es\\\/blog\\\/#\\\/schema\\\/person\\\/1ed83eef8b6566cb5e4c812d9bc5c4bf\",\"name\":\"Equipo reclamador\",\"image\":{\"@type\":\"ImageObject\",\"inLanguage\":\"es\",\"@id\":\"https:\\\/\\\/secure.gravatar.com\\\/avatar\\\/6442ecdc2c4472c600c113f34d340feca47107d6aa4f42f1e3e75a2a8e28a760?s=96&d=mm&r=g\",\"url\":\"https:\\\/\\\/secure.gravatar.com\\\/avatar\\\/6442ecdc2c4472c600c113f34d340feca47107d6aa4f42f1e3e75a2a8e28a760?s=96&d=mm&r=g\",\"contentUrl\":\"https:\\\/\\\/secure.gravatar.com\\\/avatar\\\/6442ecdc2c4472c600c113f34d340feca47107d6aa4f42f1e3e75a2a8e28a760?s=96&d=mm&r=g\",\"caption\":\"Equipo reclamador\"},\"description\":\"Las personas que hacen posible reclamador.es\",\"url\":\"https:\\\/\\\/www.reclamador.es\\\/blog\\\/author\\\/administrador\\\/\"}]}<\/script>\n<!-- \/ Yoast SEO plugin. -->","yoast_head_json":{"title":"Reclamaci\u00f3n lista de espera en la Seguridad Social en 2025","description":"\u00bfLlevas mucho esperando para una operaci\u00f3n o consulta en la sanidad p\u00fablica? Te contamos cuando reclamar por lista de espera en 2025.","robots":{"index":"index","follow":"follow","max-snippet":"max-snippet:-1","max-image-preview":"max-image-preview:large","max-video-preview":"max-video-preview:-1"},"canonical":"https:\/\/www.reclamador.es\/blog\/reclamacion-lista-de-espera-sanidad-publica\/","og_locale":"es_ES","og_type":"article","og_title":"Reclamaci\u00f3n lista de espera en la Seguridad Social en 2025","og_description":"\u00bfLlevas mucho esperando para una operaci\u00f3n o consulta en la sanidad p\u00fablica? Te contamos cuando reclamar por lista de espera en 2025.","og_url":"https:\/\/www.reclamador.es\/blog\/reclamacion-lista-de-espera-sanidad-publica\/","og_site_name":"Rebeldes con causa, el blog de reclamador.es","article_publisher":"https:\/\/www.facebook.com\/reclamador.es","article_published_time":"2019-01-16T11:37:42+00:00","article_modified_time":"2025-04-07T09:56:38+00:00","og_image":[{"width":1157,"height":800,"url":"https:\/\/www.reclamador.es\/blog\/wp-content\/uploads\/2019\/01\/reclamacion-lista-de-espera-reclamador.jpg","type":"image\/jpeg"}],"author":"Equipo reclamador","twitter_card":"summary_large_image","twitter_creator":"@reclamador","twitter_site":"@reclamador","twitter_misc":{"Escrito por":"Equipo reclamador","Tiempo de lectura":"6 minutos"},"schema":{"@context":"https:\/\/schema.org","@graph":[{"@type":"Article","@id":"https:\/\/www.reclamador.es\/blog\/reclamacion-lista-de-espera-sanidad-publica\/#article","isPartOf":{"@id":"https:\/\/www.reclamador.es\/blog\/reclamacion-lista-de-espera-sanidad-publica\/"},"author":{"name":"Equipo reclamador","@id":"https:\/\/www.reclamador.es\/blog\/#\/schema\/person\/1ed83eef8b6566cb5e4c812d9bc5c4bf"},"headline":"Retrasos en las listas de espera para los pacientes: \u00bfcu\u00e1ndo se puede reclamar?","datePublished":"2019-01-16T11:37:42+00:00","dateModified":"2025-04-07T09:56:38+00:00","mainEntityOfPage":{"@id":"https:\/\/www.reclamador.es\/blog\/reclamacion-lista-de-espera-sanidad-publica\/"},"wordCount":1172,"commentCount":235,"publisher":{"@id":"https:\/\/www.reclamador.es\/blog\/#organization"},"image":{"@id":"https:\/\/www.reclamador.es\/blog\/reclamacion-lista-de-espera-sanidad-publica\/#primaryimage"},"thumbnailUrl":"https:\/\/i0.wp.com\/www.reclamador.es\/blog\/wp-content\/uploads\/2019\/01\/reclamacion-lista-de-espera-reclamador.jpg?fit=1157%2C800&ssl=1","keywords":["indemnizaci\u00f3n","reclamaci\u00f3n","servicios"],"articleSection":["Consejos legales"],"inLanguage":"es","potentialAction":[{"@type":"CommentAction","name":"Comment","target":["https:\/\/www.reclamador.es\/blog\/reclamacion-lista-de-espera-sanidad-publica\/#respond"]}]},{"@type":"WebPage","@id":"https:\/\/www.reclamador.es\/blog\/reclamacion-lista-de-espera-sanidad-publica\/","url":"https:\/\/www.reclamador.es\/blog\/reclamacion-lista-de-espera-sanidad-publica\/","name":"Reclamaci\u00f3n lista de espera en la Seguridad Social en 2025","isPartOf":{"@id":"https:\/\/www.reclamador.es\/blog\/#website"},"primaryImageOfPage":{"@id":"https:\/\/www.reclamador.es\/blog\/reclamacion-lista-de-espera-sanidad-publica\/#primaryimage"},"image":{"@id":"https:\/\/www.reclamador.es\/blog\/reclamacion-lista-de-espera-sanidad-publica\/#primaryimage"},"thumbnailUrl":"https:\/\/i0.wp.com\/www.reclamador.es\/blog\/wp-content\/uploads\/2019\/01\/reclamacion-lista-de-espera-reclamador.jpg?fit=1157%2C800&ssl=1","datePublished":"2019-01-16T11:37:42+00:00","dateModified":"2025-04-07T09:56:38+00:00","description":"\u00bfLlevas mucho esperando para una operaci\u00f3n o consulta en la sanidad p\u00fablica? Te contamos cuando reclamar por lista de espera en 2025.","breadcrumb":{"@id":"https:\/\/www.reclamador.es\/blog\/reclamacion-lista-de-espera-sanidad-publica\/#breadcrumb"},"inLanguage":"es","potentialAction":[{"@type":"ReadAction","target":["https:\/\/www.reclamador.es\/blog\/reclamacion-lista-de-espera-sanidad-publica\/"]}]},{"@type":"ImageObject","inLanguage":"es","@id":"https:\/\/www.reclamador.es\/blog\/reclamacion-lista-de-espera-sanidad-publica\/#primaryimage","url":"https:\/\/i0.wp.com\/www.reclamador.es\/blog\/wp-content\/uploads\/2019\/01\/reclamacion-lista-de-espera-reclamador.jpg?fit=1157%2C800&ssl=1","contentUrl":"https:\/\/i0.wp.com\/www.reclamador.es\/blog\/wp-content\/uploads\/2019\/01\/reclamacion-lista-de-espera-reclamador.jpg?fit=1157%2C800&ssl=1","width":1157,"height":800,"caption":"reclamaci\u00f3n lista de espera en la Sanidad P\u00fablica"},{"@type":"BreadcrumbList","@id":"https:\/\/www.reclamador.es\/blog\/reclamacion-lista-de-espera-sanidad-publica\/#breadcrumb","itemListElement":[{"@type":"ListItem","position":1,"name":"Portada","item":"https:\/\/www.reclamador.es\/blog\/"},{"@type":"ListItem","position":2,"name":"Retrasos en las listas de espera para los pacientes: \u00bfcu\u00e1ndo se puede reclamar?"}]},{"@type":"WebSite","@id":"https:\/\/www.reclamador.es\/blog\/#website","url":"https:\/\/www.reclamador.es\/blog\/","name":"Rebeldes con causa, el blog de reclamador.es","description":"Noticias, entrevistas y consejos sobre reclamaciones","publisher":{"@id":"https:\/\/www.reclamador.es\/blog\/#organization"},"potentialAction":[{"@type":"SearchAction","target":{"@type":"EntryPoint","urlTemplate":"https:\/\/www.reclamador.es\/blog\/?s={search_term_string}"},"query-input":{"@type":"PropertyValueSpecification","valueRequired":true,"valueName":"search_term_string"}}],"inLanguage":"es"},{"@type":"Organization","@id":"https:\/\/www.reclamador.es\/blog\/#organization","name":"reclamador.es","url":"https:\/\/www.reclamador.es\/blog\/","logo":{"@type":"ImageObject","inLanguage":"es","@id":"https:\/\/www.reclamador.es\/blog\/#\/schema\/logo\/image\/","url":"https:\/\/i0.wp.com\/www.reclamador.es\/blog\/wp-content\/uploads\/2020\/01\/logo-reclamador.png?fit=1200%2C144&ssl=1","contentUrl":"https:\/\/i0.wp.com\/www.reclamador.es\/blog\/wp-content\/uploads\/2020\/01\/logo-reclamador.png?fit=1200%2C144&ssl=1","width":1200,"height":144,"caption":"reclamador.es"},"image":{"@id":"https:\/\/www.reclamador.es\/blog\/#\/schema\/logo\/image\/"},"sameAs":["https:\/\/www.facebook.com\/reclamador.es","https:\/\/x.com\/reclamador","https:\/\/www.instagram.com\/reclamador.es\/","https:\/\/www.linkedin.com\/company\/reclamador-es","https:\/\/www.youtube.com\/user\/Reclamadores"]},{"@type":"Person","@id":"https:\/\/www.reclamador.es\/blog\/#\/schema\/person\/1ed83eef8b6566cb5e4c812d9bc5c4bf","name":"Equipo reclamador","image":{"@type":"ImageObject","inLanguage":"es","@id":"https:\/\/secure.gravatar.com\/avatar\/6442ecdc2c4472c600c113f34d340feca47107d6aa4f42f1e3e75a2a8e28a760?s=96&d=mm&r=g","url":"https:\/\/secure.gravatar.com\/avatar\/6442ecdc2c4472c600c113f34d340feca47107d6aa4f42f1e3e75a2a8e28a760?s=96&d=mm&r=g","contentUrl":"https:\/\/secure.gravatar.com\/avatar\/6442ecdc2c4472c600c113f34d340feca47107d6aa4f42f1e3e75a2a8e28a760?s=96&d=mm&r=g","caption":"Equipo reclamador"},"description":"Las personas que hacen posible reclamador.es","url":"https:\/\/www.reclamador.es\/blog\/author\/administrador\/"}]}},"jetpack_featured_media_url":"https:\/\/i0.wp.com\/www.reclamador.es\/blog\/wp-content\/uploads\/2019\/01\/reclamacion-lista-de-espera-reclamador.jpg?fit=1157%2C800&ssl=1","jetpack-related-posts":[{"id":20873,"url":"https:\/\/www.reclamador.es\/blog\/solicitar-reembolso-gastos-medicos\/","url_meta":{"origin":20789,"position":0},"title":"\u00bfCu\u00e1ndo es posible pasar la factura de los gastos sanitarios a la Seguridad Social?","author":"Esperanza Palacio","date":"24 enero, 2019","format":false,"excerpt":"Quiz\u00e1, lo primero que te ha sorprendido es la posibilidad de que la Sanidad P\u00fablica asuma el coste de un tratamiento no realizado en uno de los centros del Sistema Nacional de Salud (propios o concertados). Pues s\u00ed, es posible, pero las situaciones contempladas para que esto se produzca son\u2026","rel":"","context":"En \u00abConsejos legales\u00bb","block_context":{"text":"Consejos legales","link":"https:\/\/www.reclamador.es\/blog\/consejos\/"},"img":{"alt_text":"reembolso gastos medicos sanidad publica","src":"https:\/\/i0.wp.com\/www.reclamador.es\/blog\/wp-content\/uploads\/2019\/01\/reembolso-gastos-seguridad-social.jpg?fit=1200%2C800&ssl=1&resize=350%2C200","width":350,"height":200,"srcset":"https:\/\/i0.wp.com\/www.reclamador.es\/blog\/wp-content\/uploads\/2019\/01\/reembolso-gastos-seguridad-social.jpg?fit=1200%2C800&ssl=1&resize=350%2C200 1x, https:\/\/i0.wp.com\/www.reclamador.es\/blog\/wp-content\/uploads\/2019\/01\/reembolso-gastos-seguridad-social.jpg?fit=1200%2C800&ssl=1&resize=525%2C300 1.5x, https:\/\/i0.wp.com\/www.reclamador.es\/blog\/wp-content\/uploads\/2019\/01\/reembolso-gastos-seguridad-social.jpg?fit=1200%2C800&ssl=1&resize=700%2C400 2x, https:\/\/i0.wp.com\/www.reclamador.es\/blog\/wp-content\/uploads\/2019\/01\/reembolso-gastos-seguridad-social.jpg?fit=1200%2C800&ssl=1&resize=1050%2C600 3x"},"classes":[]},{"id":17157,"url":"https:\/\/www.reclamador.es\/blog\/entrevista-negligencia-medica-mm\/","url_meta":{"origin":20789,"position":1},"title":"M. M., v\u00edctima de una negligencia m\u00e9dica: \u201cMe realizaron una ligadura de trompas sin mi consentimiento\u201d","author":"Cristina Naveda","date":"21 febrero, 2018","format":false,"excerpt":"Esta semana os traemos un caso real reclamaci\u00f3n de negligencia m\u00e9dica.\u00a0 Queremos darle voz a M. M., quien fue v\u00edctima de una negligencia m\u00e9dica con 23 a\u00f1os. En el nacimiento de su tercer hijo se le practic\u00f3 una ligadura de trompas. El procedimiento quir\u00fargico se le practic\u00f3 en el Hospital\u2026","rel":"","context":"En \u00abConoce todo lo que sucede en reclamador.es\u00bb","block_context":{"text":"Conoce todo lo que sucede en reclamador.es","link":"https:\/\/www.reclamador.es\/blog\/reclamadores\/"},"img":{"alt_text":"caso real negligencia","src":"https:\/\/i0.wp.com\/www.reclamador.es\/blog\/wp-content\/uploads\/2018\/02\/caso-real-reclamacion-de-negligencia-medica.jpg?fit=1200%2C794&ssl=1&resize=350%2C200","width":350,"height":200,"srcset":"https:\/\/i0.wp.com\/www.reclamador.es\/blog\/wp-content\/uploads\/2018\/02\/caso-real-reclamacion-de-negligencia-medica.jpg?fit=1200%2C794&ssl=1&resize=350%2C200 1x, https:\/\/i0.wp.com\/www.reclamador.es\/blog\/wp-content\/uploads\/2018\/02\/caso-real-reclamacion-de-negligencia-medica.jpg?fit=1200%2C794&ssl=1&resize=525%2C300 1.5x, https:\/\/i0.wp.com\/www.reclamador.es\/blog\/wp-content\/uploads\/2018\/02\/caso-real-reclamacion-de-negligencia-medica.jpg?fit=1200%2C794&ssl=1&resize=700%2C400 2x, https:\/\/i0.wp.com\/www.reclamador.es\/blog\/wp-content\/uploads\/2018\/02\/caso-real-reclamacion-de-negligencia-medica.jpg?fit=1200%2C794&ssl=1&resize=1050%2C600 3x"},"classes":[]},{"id":20960,"url":"https:\/\/www.reclamador.es\/blog\/blefaroplastia-mal-hecha\/","url_meta":{"origin":20789,"position":2},"title":"\u00bfQu\u00e9 es una blefaroplastia y cu\u00e1ndo se considera que est\u00e1 mal realizada?","author":"Equipo reclamador","date":"4 febrero, 2019","format":false,"excerpt":"*Actualizado en abril de 2023 Blefaroplastia es el t\u00e9rmino t\u00e9cnico que recibe la operaci\u00f3n de p\u00e1rpados u \u00f3rbito-palpebrales. Se trata, seg\u00fan la Sociedad Espa\u00f1ola de Cirug\u00eda Pl\u00e1stica, Reparadora y Est\u00e9tica de la tercera intervenci\u00f3n de cirug\u00eda pl\u00e1stica m\u00e1s demandada en Espa\u00f1a, \u00fanicamente por detr\u00e1s de la cirug\u00eda de aumento de\u2026","rel":"","context":"En \u00abConsejos legales\u00bb","block_context":{"text":"Consejos legales","link":"https:\/\/www.reclamador.es\/blog\/consejos\/"},"img":{"alt_text":"Blefaroplastia mal hecha","src":"https:\/\/i0.wp.com\/www.reclamador.es\/blog\/wp-content\/uploads\/2019\/02\/Blefaroplastia-mal-hecha.jpg?fit=1200%2C675&ssl=1&resize=350%2C200","width":350,"height":200,"srcset":"https:\/\/i0.wp.com\/www.reclamador.es\/blog\/wp-content\/uploads\/2019\/02\/Blefaroplastia-mal-hecha.jpg?fit=1200%2C675&ssl=1&resize=350%2C200 1x, https:\/\/i0.wp.com\/www.reclamador.es\/blog\/wp-content\/uploads\/2019\/02\/Blefaroplastia-mal-hecha.jpg?fit=1200%2C675&ssl=1&resize=525%2C300 1.5x, https:\/\/i0.wp.com\/www.reclamador.es\/blog\/wp-content\/uploads\/2019\/02\/Blefaroplastia-mal-hecha.jpg?fit=1200%2C675&ssl=1&resize=700%2C400 2x, https:\/\/i0.wp.com\/www.reclamador.es\/blog\/wp-content\/uploads\/2019\/02\/Blefaroplastia-mal-hecha.jpg?fit=1200%2C675&ssl=1&resize=1050%2C600 3x"},"classes":[]},{"id":21829,"url":"https:\/\/www.reclamador.es\/blog\/derecho-segunda-opinion-medica\/","url_meta":{"origin":20789,"position":3},"title":"Tienes derecho a recibir una segunda opini\u00f3n m\u00e9dica en la sanidad p\u00fablica","author":"Equipo reclamador","date":"9 mayo, 2019","format":false,"excerpt":"*Contenido revisado junio 2025 Entre tus derechos como paciente de la sanidad p\u00fablica, independientemente de la comunidad aut\u00f3noma en la que residas, se encuentra la segunda opini\u00f3n m\u00e9dica. Esto no es m\u00e1s que el derecho a obtener un segundo diagn\u00f3stico completo por parte de un m\u00e9dico diferente al que realiz\u00f3\u2026","rel":"","context":"En \u00abConsejos legales\u00bb","block_context":{"text":"Consejos legales","link":"https:\/\/www.reclamador.es\/blog\/consejos\/"},"img":{"alt_text":"negligencias medicas reclamador segunda opinion medica","src":"https:\/\/i0.wp.com\/www.reclamador.es\/blog\/wp-content\/uploads\/2019\/05\/segunda-opinion-medica.jpg?fit=1200%2C799&ssl=1&resize=350%2C200","width":350,"height":200,"srcset":"https:\/\/i0.wp.com\/www.reclamador.es\/blog\/wp-content\/uploads\/2019\/05\/segunda-opinion-medica.jpg?fit=1200%2C799&ssl=1&resize=350%2C200 1x, https:\/\/i0.wp.com\/www.reclamador.es\/blog\/wp-content\/uploads\/2019\/05\/segunda-opinion-medica.jpg?fit=1200%2C799&ssl=1&resize=525%2C300 1.5x, https:\/\/i0.wp.com\/www.reclamador.es\/blog\/wp-content\/uploads\/2019\/05\/segunda-opinion-medica.jpg?fit=1200%2C799&ssl=1&resize=700%2C400 2x, https:\/\/i0.wp.com\/www.reclamador.es\/blog\/wp-content\/uploads\/2019\/05\/segunda-opinion-medica.jpg?fit=1200%2C799&ssl=1&resize=1050%2C600 3x"},"classes":[]},{"id":22707,"url":"https:\/\/www.reclamador.es\/blog\/reclamar-intoxicacion-alimentaria-en-un-hospital\/","url_meta":{"origin":20789,"position":4},"title":"Si la intoxicaci\u00f3n alimentaria se produce por la comida del hospital: \u00bfse puede reclamar?","author":"Equipo reclamador","date":"29 septiembre, 2021","format":false,"excerpt":"Cuando piensas en intoxicaciones alimentarias seguro que se te viene m\u00e1s a la cabeza una comida en mal estado en el t\u00edpico chiringuitos o bar e, incluso, productos comprados en supermercados, pero tambi\u00e9n puedes ser v\u00edctima de una intoxicaci\u00f3n alimentaria en un hospital. En estos casos, es decir, cuando la\u2026","rel":"","context":"En \u00abConsejos legales\u00bb","block_context":{"text":"Consejos legales","link":"https:\/\/www.reclamador.es\/blog\/consejos\/"},"img":{"alt_text":"comida de hospital - intoxicacion alimentaria","src":"https:\/\/i0.wp.com\/www.reclamador.es\/blog\/wp-content\/uploads\/2019\/08\/reclamador-intoxicacion-alimentaria-en-un-hospital-reclamar.jpg?fit=1200%2C630&ssl=1&resize=350%2C200","width":350,"height":200,"srcset":"https:\/\/i0.wp.com\/www.reclamador.es\/blog\/wp-content\/uploads\/2019\/08\/reclamador-intoxicacion-alimentaria-en-un-hospital-reclamar.jpg?fit=1200%2C630&ssl=1&resize=350%2C200 1x, https:\/\/i0.wp.com\/www.reclamador.es\/blog\/wp-content\/uploads\/2019\/08\/reclamador-intoxicacion-alimentaria-en-un-hospital-reclamar.jpg?fit=1200%2C630&ssl=1&resize=525%2C300 1.5x, https:\/\/i0.wp.com\/www.reclamador.es\/blog\/wp-content\/uploads\/2019\/08\/reclamador-intoxicacion-alimentaria-en-un-hospital-reclamar.jpg?fit=1200%2C630&ssl=1&resize=700%2C400 2x, https:\/\/i0.wp.com\/www.reclamador.es\/blog\/wp-content\/uploads\/2019\/08\/reclamador-intoxicacion-alimentaria-en-un-hospital-reclamar.jpg?fit=1200%2C630&ssl=1&resize=1050%2C600 3x"},"classes":[]},{"id":19234,"url":"https:\/\/www.reclamador.es\/blog\/donde-es-dificil-reclamar-negligencia-medica\/","url_meta":{"origin":20789,"position":5},"title":"\u00bfD\u00f3nde es m\u00e1s dif\u00edcil reclamar una negligencia m\u00e9dica?","author":"Equipo reclamador","date":"21 agosto, 2020","format":false,"excerpt":"Islas Canarias y Comunidad Valenciana. Estas son las dos autonom\u00edas donde los pacientes de la sanidad p\u00fablica tienen m\u00e1s dif\u00edcil cursar una reclamaci\u00f3n por negligencia m\u00e9dica. \u00bfPor qu\u00e9? Ninguna de ellas dispone de seguro de responsabilidad civil\/patrimonial. Esto da lugar a que la v\u00eda de reclamaci\u00f3n de estos casos sea\u2026","rel":"","context":"En \u00abNoticias y actualidad\u00bb","block_context":{"text":"Noticias y actualidad","link":"https:\/\/www.reclamador.es\/blog\/noticias\/"},"img":{"alt_text":"puerta hospital - negligencia m\u00e9dica","src":"https:\/\/i0.wp.com\/www.reclamador.es\/blog\/wp-content\/uploads\/2020\/08\/comunidades-espana-mas-dificil-reclamar-negligencia-medica-entrada-hospital.jpg?fit=1200%2C630&ssl=1&resize=350%2C200","width":350,"height":200,"srcset":"https:\/\/i0.wp.com\/www.reclamador.es\/blog\/wp-content\/uploads\/2020\/08\/comunidades-espana-mas-dificil-reclamar-negligencia-medica-entrada-hospital.jpg?fit=1200%2C630&ssl=1&resize=350%2C200 1x, https:\/\/i0.wp.com\/www.reclamador.es\/blog\/wp-content\/uploads\/2020\/08\/comunidades-espana-mas-dificil-reclamar-negligencia-medica-entrada-hospital.jpg?fit=1200%2C630&ssl=1&resize=525%2C300 1.5x, https:\/\/i0.wp.com\/www.reclamador.es\/blog\/wp-content\/uploads\/2020\/08\/comunidades-espana-mas-dificil-reclamar-negligencia-medica-entrada-hospital.jpg?fit=1200%2C630&ssl=1&resize=700%2C400 2x, https:\/\/i0.wp.com\/www.reclamador.es\/blog\/wp-content\/uploads\/2020\/08\/comunidades-espana-mas-dificil-reclamar-negligencia-medica-entrada-hospital.jpg?fit=1200%2C630&ssl=1&resize=1050%2C600 3x"},"classes":[]}],"jetpack_sharing_enabled":true,"_links":{"self":[{"href":"https:\/\/www.reclamador.es\/blog\/wp-json\/wp\/v2\/posts\/20789","targetHints":{"allow":["GET"]}}],"collection":[{"href":"https:\/\/www.reclamador.es\/blog\/wp-json\/wp\/v2\/posts"}],"about":[{"href":"https:\/\/www.reclamador.es\/blog\/wp-json\/wp\/v2\/types\/post"}],"author":[{"embeddable":true,"href":"https:\/\/www.reclamador.es\/blog\/wp-json\/wp\/v2\/users\/1"}],"replies":[{"embeddable":true,"href":"https:\/\/www.reclamador.es\/blog\/wp-json\/wp\/v2\/comments?post=20789"}],"version-history":[{"count":19,"href":"https:\/\/www.reclamador.es\/blog\/wp-json\/wp\/v2\/posts\/20789\/revisions"}],"predecessor-version":[{"id":33939,"href":"https:\/\/www.reclamador.es\/blog\/wp-json\/wp\/v2\/posts\/20789\/revisions\/33939"}],"wp:featuredmedia":[{"embeddable":true,"href":"https:\/\/www.reclamador.es\/blog\/wp-json\/wp\/v2\/media\/20798"}],"wp:attachment":[{"href":"https:\/\/www.reclamador.es\/blog\/wp-json\/wp\/v2\/media?parent=20789"}],"wp:term":[{"taxonomy":"category","embeddable":true,"href":"https:\/\/www.reclamador.es\/blog\/wp-json\/wp\/v2\/categories?post=20789"},{"taxonomy":"post_tag","embeddable":true,"href":"https:\/\/www.reclamador.es\/blog\/wp-json\/wp\/v2\/tags?post=20789"}],"curies":[{"name":"wp","href":"https:\/\/api.w.org\/{rel}","templated":true}]}}