{"id":20573,"date":"2024-05-15T11:00:00","date_gmt":"2024-05-15T09:00:00","guid":{"rendered":"https:\/\/www.reclamador.es\/blog\/?p=20573"},"modified":"2024-10-14T11:00:25","modified_gmt":"2024-10-14T09:00:25","slug":"viajar-ninos-avion","status":"publish","type":"post","link":"https:\/\/www.reclamador.es\/blog\/viajar-ninos-avion\/","title":{"rendered":"Consejos b\u00e1sicos para viajar en avi\u00f3n con ni\u00f1os y beb\u00e9s"},"content":{"rendered":"<div class=\"ttr_start\"><\/div>\n\n<div class=\"kk-star-ratings kksr-auto kksr-align-right kksr-valign-top\"\n    data-payload='{&quot;align&quot;:&quot;right&quot;,&quot;id&quot;:&quot;20573&quot;,&quot;slug&quot;:&quot;default&quot;,&quot;valign&quot;:&quot;top&quot;,&quot;ignore&quot;:&quot;&quot;,&quot;reference&quot;:&quot;auto&quot;,&quot;class&quot;:&quot;&quot;,&quot;count&quot;:&quot;8&quot;,&quot;legendonly&quot;:&quot;&quot;,&quot;readonly&quot;:&quot;&quot;,&quot;score&quot;:&quot;4.6&quot;,&quot;starsonly&quot;:&quot;&quot;,&quot;best&quot;:&quot;5&quot;,&quot;gap&quot;:&quot;3&quot;,&quot;greet&quot;:&quot;Valora este art\u00edculo&quot;,&quot;legend&quot;:&quot;4.6\\\/5 - (8 votos)&quot;,&quot;size&quot;:&quot;20&quot;,&quot;title&quot;:&quot;Consejos b\u00e1sicos para viajar en avi\u00f3n con ni\u00f1os y beb\u00e9s&quot;,&quot;width&quot;:&quot;104.3&quot;,&quot;_legend&quot;:&quot;{score}\\\/{best} - ({count} {votes})&quot;,&quot;font_factor&quot;:&quot;1.25&quot;}'>\n            \n<div class=\"kksr-stars\">\n    \n<div class=\"kksr-stars-inactive\">\n            <div class=\"kksr-star\" data-star=\"1\" style=\"padding-right: 3px\">\n            \n\n<div class=\"kksr-icon\" style=\"width: 20px; height: 20px;\"><\/div>\n        <\/div>\n            <div class=\"kksr-star\" data-star=\"2\" style=\"padding-right: 3px\">\n            \n\n<div class=\"kksr-icon\" style=\"width: 20px; height: 20px;\"><\/div>\n        <\/div>\n            <div class=\"kksr-star\" data-star=\"3\" style=\"padding-right: 3px\">\n            \n\n<div class=\"kksr-icon\" style=\"width: 20px; height: 20px;\"><\/div>\n        <\/div>\n            <div class=\"kksr-star\" data-star=\"4\" style=\"padding-right: 3px\">\n            \n\n<div class=\"kksr-icon\" style=\"width: 20px; height: 20px;\"><\/div>\n        <\/div>\n            <div class=\"kksr-star\" data-star=\"5\" style=\"padding-right: 3px\">\n            \n\n<div class=\"kksr-icon\" style=\"width: 20px; height: 20px;\"><\/div>\n        <\/div>\n    <\/div>\n    \n<div class=\"kksr-stars-active\" style=\"width: 104.3px;\">\n            <div class=\"kksr-star\" style=\"padding-right: 3px\">\n            \n\n<div class=\"kksr-icon\" style=\"width: 20px; height: 20px;\"><\/div>\n        <\/div>\n            <div class=\"kksr-star\" style=\"padding-right: 3px\">\n            \n\n<div class=\"kksr-icon\" style=\"width: 20px; height: 20px;\"><\/div>\n        <\/div>\n            <div class=\"kksr-star\" style=\"padding-right: 3px\">\n            \n\n<div class=\"kksr-icon\" style=\"width: 20px; height: 20px;\"><\/div>\n        <\/div>\n            <div class=\"kksr-star\" style=\"padding-right: 3px\">\n            \n\n<div class=\"kksr-icon\" style=\"width: 20px; height: 20px;\"><\/div>\n        <\/div>\n            <div class=\"kksr-star\" style=\"padding-right: 3px\">\n            \n\n<div class=\"kksr-icon\" style=\"width: 20px; height: 20px;\"><\/div>\n        <\/div>\n    <\/div>\n<\/div>\n                \n\n<div class=\"kksr-legend\" style=\"font-size: 16px;\">\n            4.6\/5 - (8 votos)    <\/div>\n    <\/div>\n<figure id=\"attachment_33062\" aria-describedby=\"caption-attachment-33062\" style=\"width: 1200px\" class=\"wp-caption aligncenter\"><img data-recalc-dims=\"1\" loading=\"lazy\" decoding=\"async\" class=\"size-full wp-image-33062\" src=\"https:\/\/i0.wp.com\/www.reclamador.es\/blog\/wp-content\/uploads\/2022\/09\/viajar-con-ninos-en-avion-2.jpg?resize=1200%2C630&#038;ssl=1\" alt=\"viajar con ni\u00f1os en avi\u00f3n\" width=\"1200\" height=\"630\" srcset=\"https:\/\/i0.wp.com\/www.reclamador.es\/blog\/wp-content\/uploads\/2022\/09\/viajar-con-ninos-en-avion-2.jpg?w=1200&amp;ssl=1 1200w, https:\/\/i0.wp.com\/www.reclamador.es\/blog\/wp-content\/uploads\/2022\/09\/viajar-con-ninos-en-avion-2.jpg?resize=800%2C420&amp;ssl=1 800w, https:\/\/i0.wp.com\/www.reclamador.es\/blog\/wp-content\/uploads\/2022\/09\/viajar-con-ninos-en-avion-2.jpg?resize=150%2C79&amp;ssl=1 150w, https:\/\/i0.wp.com\/www.reclamador.es\/blog\/wp-content\/uploads\/2022\/09\/viajar-con-ninos-en-avion-2.jpg?resize=768%2C403&amp;ssl=1 768w\" sizes=\"auto, (max-width: 1000px) 100vw, 1000px\" \/><figcaption id=\"caption-attachment-33062\" class=\"wp-caption-text\"><em>Viajar con ni\u00f1os en avi\u00f3n: mayores y menores de 2 a\u00f1os<\/em><\/figcaption><\/figure>\n<p><span style=\"font-weight: 400;\">A la hora de planear una escapada con los m\u00e1s chiquitines, pueden surgir algunas dudas. <\/span><b>\u00bfA partir de qu\u00e9 edad deben pagar el billete de avi\u00f3n? \u00bfSe deben facturar los carritos de beb\u00e9? \u00bfC\u00f3mo se hace? \u00bfPuedo reclamar una <a href=\"https:\/\/www.reclamador.es\/aerolineas\/retraso-vuelo\/\">indemnizaci\u00f3n por retraso<\/a> o <a href=\"https:\/\/www.reclamador.es\/aerolineas\/cancelacion-vuelo\/\">cancelaci\u00f3n<\/a> por ellos?<\/b><\/p>\n<p><span style=\"font-weight: 400;\">En este post vamos a ofrecer una serie de consejos para que <a href=\"https:\/\/www.reclamador.es\/blog\/viajes-en-avion-de-embarazadas-bebes-y-ancianos\/\">volar con ni\u00f1os<\/a> o con beb\u00e9s no se convierta en un quebradero de cabeza. Pero, antes de continuar, ten en cuenta que vamos a dividir esta gu\u00eda en dos partes: viajar con ni\u00f1os en avi\u00f3n mayores de 2 a\u00f1os y viajar con beb\u00e9s en avi\u00f3n. \u00a1Ahora entender\u00e1s por qu\u00e9!<\/span><\/p>\n<h2 id=\"bebes\"><b>1. Gu\u00eda para viajar en avi\u00f3n con beb\u00e9s<\/b><\/h2>\n<p><span style=\"font-weight: 400;\">Antes de comenzar, hay que tener en cuenta que <strong>se consideran beb\u00e9s a aquellos menores que no superen los dos a\u00f1os de edad<\/strong>. Y aunque cada aerol\u00ednea cuente con su propia normativa al respecto, la mayor\u00eda de ellas act\u00faan de manera similar ante vuelos en los que hay menores de este tipo. En el siguiente apartado, vamos a despejarte algunas de las principales dudas que pueden surgirte a la hora de subirte en una aeronave con tu beb\u00e9.<\/span><\/p>\n<h6 style=\"text-align: center;\"><strong><a href=\"https:\/\/www.reclamador.es\/blog\/cosas-que-hacer-en-viaje-largo\/\">\u00bfQu\u00e9 hacer durante un viaje largo en avi\u00f3n?<\/a><\/strong><\/h6>\n<ul>\n<li id=\"meses\">\n<h3><b>\u00bfA partir de cu\u00e1ntos meses puedo volar con mi beb\u00e9 en avi\u00f3n?<\/b><\/h3>\n<\/li>\n<\/ul>\n<p><span style=\"font-weight: 400;\">Como norma general, un beb\u00e9 puede viajar en avi\u00f3n en cualquier momento, siempre que hubieran pasado unas determinadas horas o d\u00edas desde su nacimiento. No obstante, y seg\u00fan recomendaciones m\u00e9dicas,<strong> es aconsejable esperar a que el peque\u00f1o tenga, al menos, dos meses de vida<\/strong> para realizar su primer vuelo. Igualmente, cada aerol\u00ednea tiene su pol\u00edtica en estos casos, que debe ser consultada.<\/span><\/p>\n<ul>\n<li id=\"billete\">\n<h3><b>\u00bfTengo que comprarle un billete de avi\u00f3n a mi beb\u00e9?<\/b><\/h3>\n<\/li>\n<\/ul>\n<p><span style=\"font-weight: 400;\">Generalmente, para que un beb\u00e9 viaje en avi\u00f3n, no necesita comprar un billete a su nombre. En estos casos, lo que hacen las compa\u00f1\u00edas a\u00e9reas, es cobrar al adulto que viaja con el menor <strong>un peque\u00f1o porcentaje del precio del trayecto o bien una cantidad fija por beb\u00e9<\/strong>. Y, como decimos, este recargo puede variar en funci\u00f3n de la <a href=\"https:\/\/www.reclamador.es\/aerolineas\/\">aerol\u00ednea<\/a> con la que se viaje. Es por este motivo por lo que el beb\u00e9 no tiene derecho a un asiento propio, y deber\u00e1 ir sentado sobre las piernas del responsable que viaje con \u00e9l, que tendr\u00e1 que superar, en cualquier caso, la mayor\u00eda de edad.<\/span><\/p>\n<h6 style=\"text-align: center;\"><b>Nota<\/b><span style=\"font-weight: 400;\">: <strong>Hay que tener en cuenta que los beb\u00e9s, al no tener la consideraci\u00f3n de pasajero, quedar\u00e1n exentos de los efectos del Reglamento 261, por lo que no tendr\u00e1n derecho a recibir una compensaci\u00f3n econ\u00f3mica en caso de que el vuelo en el que viajen sufra una cancelaci\u00f3n o un retraso superior a las 3 horas.<\/strong><\/span><\/h6>\n<ul>\n<li id=\"equipaje\">\n<h3><b>\u00bfPuede llevar equipaje mi beb\u00e9? \u00bfCu\u00e1l?<\/b><\/h3>\n<\/li>\n<\/ul>\n<p><span style=\"font-weight: 400;\">De la misma manera que un beb\u00e9 no tiene derecho a ocupar un asiento, s\u00ed lo tendr\u00e1 para llevar equipaje. Al menos, en cierto modo. Pues, a su acompa\u00f1ante, se le permitir\u00e1 <a href=\"https:\/\/www.reclamador.es\/blog\/sentencia-reclamador-air-china-carrito-bebe\/\">embarcar en el avi\u00f3n con la sillita o el carrito<\/a> del menor sin que cuente como equipaje propio. Esa sillita o carro, que deber\u00e1n ser plegables, podr\u00e1 utilizarse hasta el momento previo a embarcar. Llegado el momento, deber\u00e1 ser entregado al personal de la aerol\u00ednea para que se encargue de su transporte a la aeronave. <\/span><\/p>\n<p><span style=\"font-weight: 400;\">No obstante, aunque pr\u00e1cticamente todas las aerol\u00edneas permiten el transporte de este tipo de objetos de manera gratuita, <strong>es aconsejable consultarlo con la propia compa\u00f1\u00eda<\/strong> para evitar sorpresas en el \u00faltimo momento.<\/span><\/p>\n<p><span style=\"font-weight: 400;\">En cuanto al equipaje de mano, el beb\u00e9 no tiene derecho a llevar una maleta propia. Por tanto, debe ser el acompa\u00f1ante quien utilice su propio equipaje de mano para portar aquellas cosas que pueda necesitar el menor durante el vuelo. Ropa limpia, baberos o pa\u00f1ales, por ejemplo. Para saber exactamente qu\u00e9 equipaje puede llevar el beb\u00e9, consulta la pol\u00edtica de cada compa\u00f1\u00eda a\u00e9rea, por ejemplo, <a href=\"https:\/\/help.ryanair.com\/hc\/es-es\/categories\/12503095332497-Viajar-con-ni%C3%B1os\" target=\"_blank\" rel=\"noopener\">Ryanair<\/a> se\u00f1ala que <em>\"permitimos llevar una bolsa de beb\u00e9 de hasta 5 kg (dimensiones: 45 x 35 x 20 cm) para los beb\u00e9s que viajen en el regazo de un adulto\".\u00a0<\/em><\/span><\/p>\n<ul>\n<li id=\"comida\">\n<h3><b>\u00bfPuedo llevar en el avi\u00f3n alimentos o bebidas para mi beb\u00e9?<\/b><\/h3>\n<\/li>\n<\/ul>\n<p><span style=\"font-weight: 400;\">Por lo general,<strong> las aerol\u00edneas permiten llevar a bordo aquellos <a href=\"https:\/\/www.reclamador.es\/blog\/llevar-comida-equipaje-mano\/\">alimentos y bebidas infantiles<\/a> que el beb\u00e9 pueda necesitar<\/strong> durante el vuelo. Incluso, permiten llevar en cabina botellas de agua y leche en polvo. No obstante, desde reclamador.es, te recomendamos que lleves contigo lo necesario para la duraci\u00f3n del trayecto para evitar problemas en el control de seguridad. En algunas ocasiones, el personal hace a los responsables del beb\u00e9 probar los alimentos que llevan consigo para asegurarse de que no son sustancias t\u00f3xicas o peligrosas.<\/span><\/p>\n<ul>\n<li id=\"docu\">\n<h3><b>Viajar con beb\u00e9s en avi\u00f3n documentaci\u00f3n necesaria<\/b><\/h3>\n<\/li>\n<\/ul>\n<p><span style=\"font-weight: 400;\">La documentaci\u00f3n necesaria a la hora de volar con un beb\u00e9 variar\u00e1 en funci\u00f3n del destino al que se viaje. De esta manera, cuando se vuela en territorio nacional, esto es, sin salir de Espa\u00f1a, <strong>bastar\u00e1 con presentar el libro de familia en el que est\u00e9 incluido el menor o el registro civil de su nacimiento<\/strong>. A\u00fan as\u00ed, es aconsejable llevar tambi\u00e9n el DNI del peque\u00f1o.<\/span><\/p>\n<p><span style=\"font-weight: 400;\">Para vuelos internacionales, ser\u00e1 necesario que el responsable del menor lleve consigo <strong>el pasaporte<\/strong> del mismo. De nuevo, <strong>es recomendable llevar el DNI<\/strong> del beb\u00e9, aunque no es obligatorio.<\/span><\/p>\n<h2 id=\"ninos\"><b>2. Gu\u00eda para viajar en avi\u00f3n con ni\u00f1os a partir de 2 a\u00f1os<\/b><\/h2>\n<p><span style=\"font-weight: 400;\">Es probable que, en vez de volar con un menor de 2 a\u00f1os, lo hagas con un ni\u00f1o que supere esta edad. En este caso, la normativa cambia y el ni\u00f1o en cuesti\u00f3n s\u00ed est\u00e1 obligado a tener un billete de avi\u00f3n a su nombre. De esta manera, <strong>tendr\u00e1 derecho a ocupar un asiento y a llevar su propio equipaje de mano<\/strong>. As\u00ed mismo, <strong>se ver\u00e1 protegido por el Reglamento Europeo 261<\/strong>. De esta manera, el menor s\u00ed podr\u00eda reclamar una indemnizaci\u00f3n en caso de que su vuelo se viese cancelado o sufriera un retraso de m\u00e1s de 3 horas.<\/span><\/p>\n<h6 style=\"text-align: center;\"><a href=\"https:\/\/www.reclamador.es\/aerolineas\/problemas-equipaje\/\"><strong>\u00bfProblemas con el equipaje en un vuelo? Te ayudamos a reclamar una indemnizaci\u00f3n<\/strong><\/a><\/h6>\n<ul>\n<li>\n<h3><strong>Viajar con ni\u00f1os en avi\u00f3n documentaci\u00f3n necesaria<\/strong><\/h3>\n<\/li>\n<\/ul>\n<p><span style=\"font-weight: 400;\">El procedimiento para subir al avi\u00f3n ser\u00e1 el mismo que el que debe realizar un adulto. Es decir, pasar por el control de seguridad y embarcar en la aeronave presentando su billete de avi\u00f3n y DNI o pasaporte, en funci\u00f3n del destino del vuelo. Tambi\u00e9n <strong>podr\u00e1 viajar utilizando \u00fanicamente el libro de familia en vuelos internos en Espa\u00f1a, siempre y cuando el menor no supere los 14 a\u00f1os<\/strong>.<\/span><\/p>\n<p><span style=\"font-weight: 400;\">Si precisa de carrito o sillita especial, ocurrir\u00e1 lo mismo que en el caso de los menores de dos a\u00f1os. Se entregar\u00e1 en el momento de embarcar en el avi\u00f3n y se le devolver\u00e1 una vez se haya aterrizado.<\/span><\/p>\n<div class=\"ttr_end\"><\/div>","protected":false},"excerpt":{"rendered":"<p>A la hora de planear una escapada con los m\u00e1s chiquitines, pueden surgir algunas dudas. \u00bfA partir de qu\u00e9 edad deben pagar el billete de avi\u00f3n? \u00bfSe deben facturar los carritos de beb\u00e9? \u00bfC\u00f3mo se hace? \u00bfPuedo reclamar una indemnizaci\u00f3n por retraso o cancelaci\u00f3n por ellos? En este post vamos a ofrecer una serie de [&hellip;]<\/p>\n","protected":false},"author":1,"featured_media":33062,"comment_status":"open","ping_status":"open","sticky":false,"template":"","format":"standard","meta":{"_acf_changed":false,"_genesis_hide_title":false,"_genesis_hide_breadcrumbs":false,"_genesis_hide_singular_image":false,"_genesis_hide_footer_widgets":false,"_genesis_custom_body_class":"","_genesis_custom_post_class":"","_genesis_layout":"","_jetpack_newsletter_access":"","_jetpack_dont_email_post_to_subs":false,"_jetpack_newsletter_tier_id":0,"_jetpack_memberships_contains_paywalled_content":false,"_jetpack_memberships_contains_paid_content":false,"footnotes":""},"categories":[393],"tags":[380],"class_list":{"0":"post-20573","1":"post","2":"type-post","3":"status-publish","4":"format-standard","5":"has-post-thumbnail","7":"category-consejos","8":"tag-aerolineas","9":"entry"},"acf":[],"yoast_head":"<!-- This site is optimized with the Yoast SEO plugin v27.4 - https:\/\/yoast.com\/product\/yoast-seo-wordpress\/ -->\n<title>Viajar con ni\u00f1os en avi\u00f3n: cosas que debes tener en cuenta<\/title>\n<meta name=\"description\" content=\"\u00bfPueden llevar equipaje los ni\u00f1os y los beb\u00e9s? \u00bfqu\u00e9 pasa con los alimentos infantiles en el equipaje de mano? Consejos para viajar con ni\u00f1os en avi\u00f3n .\" \/>\n<meta name=\"robots\" content=\"index, follow, max-snippet:-1, max-image-preview:large, max-video-preview:-1\" \/>\n<link rel=\"canonical\" href=\"https:\/\/www.reclamador.es\/blog\/viajar-ninos-avion\/\" \/>\n<meta property=\"og:locale\" content=\"es_ES\" \/>\n<meta property=\"og:type\" content=\"article\" \/>\n<meta property=\"og:title\" content=\"Viajar con ni\u00f1os en avi\u00f3n: cosas que debes tener en cuenta\" \/>\n<meta property=\"og:description\" content=\"\u00bfPueden llevar equipaje los ni\u00f1os y los beb\u00e9s? \u00bfqu\u00e9 pasa con los alimentos infantiles en el equipaje de mano? Consejos para viajar con ni\u00f1os en avi\u00f3n .\" \/>\n<meta property=\"og:url\" content=\"https:\/\/www.reclamador.es\/blog\/viajar-ninos-avion\/\" \/>\n<meta property=\"og:site_name\" content=\"Rebeldes con causa, el blog de reclamador.es\" \/>\n<meta property=\"article:publisher\" content=\"https:\/\/www.facebook.com\/reclamador.es\" \/>\n<meta property=\"article:published_time\" content=\"2024-05-15T09:00:00+00:00\" \/>\n<meta property=\"article:modified_time\" content=\"2024-10-14T09:00:25+00:00\" \/>\n<meta property=\"og:image\" content=\"https:\/\/www.reclamador.es\/blog\/wp-content\/uploads\/2022\/09\/viajar-con-ninos-en-avion-2.jpg\" \/>\n\t<meta property=\"og:image:width\" content=\"1200\" \/>\n\t<meta property=\"og:image:height\" content=\"630\" \/>\n\t<meta property=\"og:image:type\" content=\"image\/jpeg\" \/>\n<meta name=\"author\" content=\"Equipo reclamador\" \/>\n<meta name=\"twitter:card\" content=\"summary_large_image\" \/>\n<meta name=\"twitter:creator\" content=\"@reclamador\" \/>\n<meta name=\"twitter:site\" content=\"@reclamador\" \/>\n<meta name=\"twitter:label1\" content=\"Escrito por\" \/>\n\t<meta name=\"twitter:data1\" content=\"Equipo reclamador\" \/>\n\t<meta name=\"twitter:label2\" content=\"Tiempo de lectura\" \/>\n\t<meta name=\"twitter:data2\" content=\"6 minutos\" \/>\n<script type=\"application\/ld+json\" class=\"yoast-schema-graph\">{\"@context\":\"https:\\\/\\\/schema.org\",\"@graph\":[{\"@type\":\"Article\",\"@id\":\"https:\\\/\\\/www.reclamador.es\\\/blog\\\/viajar-ninos-avion\\\/#article\",\"isPartOf\":{\"@id\":\"https:\\\/\\\/www.reclamador.es\\\/blog\\\/viajar-ninos-avion\\\/\"},\"author\":{\"name\":\"Equipo reclamador\",\"@id\":\"https:\\\/\\\/www.reclamador.es\\\/blog\\\/#\\\/schema\\\/person\\\/1ed83eef8b6566cb5e4c812d9bc5c4bf\"},\"headline\":\"Consejos b\u00e1sicos para viajar en avi\u00f3n con ni\u00f1os y beb\u00e9s\",\"datePublished\":\"2024-05-15T09:00:00+00:00\",\"dateModified\":\"2024-10-14T09:00:25+00:00\",\"mainEntityOfPage\":{\"@id\":\"https:\\\/\\\/www.reclamador.es\\\/blog\\\/viajar-ninos-avion\\\/\"},\"wordCount\":1226,\"commentCount\":0,\"publisher\":{\"@id\":\"https:\\\/\\\/www.reclamador.es\\\/blog\\\/#organization\"},\"image\":{\"@id\":\"https:\\\/\\\/www.reclamador.es\\\/blog\\\/viajar-ninos-avion\\\/#primaryimage\"},\"thumbnailUrl\":\"https:\\\/\\\/i0.wp.com\\\/www.reclamador.es\\\/blog\\\/wp-content\\\/uploads\\\/2022\\\/09\\\/viajar-con-ninos-en-avion-2.jpg?fit=1200%2C630&ssl=1\",\"keywords\":[\"aerol\u00edneas\"],\"articleSection\":[\"Consejos legales\"],\"inLanguage\":\"es\",\"potentialAction\":[{\"@type\":\"CommentAction\",\"name\":\"Comment\",\"target\":[\"https:\\\/\\\/www.reclamador.es\\\/blog\\\/viajar-ninos-avion\\\/#respond\"]}]},{\"@type\":\"WebPage\",\"@id\":\"https:\\\/\\\/www.reclamador.es\\\/blog\\\/viajar-ninos-avion\\\/\",\"url\":\"https:\\\/\\\/www.reclamador.es\\\/blog\\\/viajar-ninos-avion\\\/\",\"name\":\"Viajar con ni\u00f1os en avi\u00f3n: cosas que debes tener en cuenta\",\"isPartOf\":{\"@id\":\"https:\\\/\\\/www.reclamador.es\\\/blog\\\/#website\"},\"primaryImageOfPage\":{\"@id\":\"https:\\\/\\\/www.reclamador.es\\\/blog\\\/viajar-ninos-avion\\\/#primaryimage\"},\"image\":{\"@id\":\"https:\\\/\\\/www.reclamador.es\\\/blog\\\/viajar-ninos-avion\\\/#primaryimage\"},\"thumbnailUrl\":\"https:\\\/\\\/i0.wp.com\\\/www.reclamador.es\\\/blog\\\/wp-content\\\/uploads\\\/2022\\\/09\\\/viajar-con-ninos-en-avion-2.jpg?fit=1200%2C630&ssl=1\",\"datePublished\":\"2024-05-15T09:00:00+00:00\",\"dateModified\":\"2024-10-14T09:00:25+00:00\",\"description\":\"\u00bfPueden llevar equipaje los ni\u00f1os y los beb\u00e9s? \u00bfqu\u00e9 pasa con los alimentos infantiles en el equipaje de mano? Consejos para viajar con ni\u00f1os en avi\u00f3n .\",\"breadcrumb\":{\"@id\":\"https:\\\/\\\/www.reclamador.es\\\/blog\\\/viajar-ninos-avion\\\/#breadcrumb\"},\"inLanguage\":\"es\",\"potentialAction\":[{\"@type\":\"ReadAction\",\"target\":[\"https:\\\/\\\/www.reclamador.es\\\/blog\\\/viajar-ninos-avion\\\/\"]}]},{\"@type\":\"ImageObject\",\"inLanguage\":\"es\",\"@id\":\"https:\\\/\\\/www.reclamador.es\\\/blog\\\/viajar-ninos-avion\\\/#primaryimage\",\"url\":\"https:\\\/\\\/i0.wp.com\\\/www.reclamador.es\\\/blog\\\/wp-content\\\/uploads\\\/2022\\\/09\\\/viajar-con-ninos-en-avion-2.jpg?fit=1200%2C630&ssl=1\",\"contentUrl\":\"https:\\\/\\\/i0.wp.com\\\/www.reclamador.es\\\/blog\\\/wp-content\\\/uploads\\\/2022\\\/09\\\/viajar-con-ninos-en-avion-2.jpg?fit=1200%2C630&ssl=1\",\"width\":1200,\"height\":630,\"caption\":\"Viajar con ni\u00f1os en avi\u00f3n: mayores y menores de 2 a\u00f1os\"},{\"@type\":\"BreadcrumbList\",\"@id\":\"https:\\\/\\\/www.reclamador.es\\\/blog\\\/viajar-ninos-avion\\\/#breadcrumb\",\"itemListElement\":[{\"@type\":\"ListItem\",\"position\":1,\"name\":\"Portada\",\"item\":\"https:\\\/\\\/www.reclamador.es\\\/blog\\\/\"},{\"@type\":\"ListItem\",\"position\":2,\"name\":\"Consejos b\u00e1sicos para viajar en avi\u00f3n con ni\u00f1os y beb\u00e9s\"}]},{\"@type\":\"WebSite\",\"@id\":\"https:\\\/\\\/www.reclamador.es\\\/blog\\\/#website\",\"url\":\"https:\\\/\\\/www.reclamador.es\\\/blog\\\/\",\"name\":\"Rebeldes con causa, el blog de reclamador.es\",\"description\":\"Noticias, entrevistas y consejos sobre reclamaciones\",\"publisher\":{\"@id\":\"https:\\\/\\\/www.reclamador.es\\\/blog\\\/#organization\"},\"potentialAction\":[{\"@type\":\"SearchAction\",\"target\":{\"@type\":\"EntryPoint\",\"urlTemplate\":\"https:\\\/\\\/www.reclamador.es\\\/blog\\\/?s={search_term_string}\"},\"query-input\":{\"@type\":\"PropertyValueSpecification\",\"valueRequired\":true,\"valueName\":\"search_term_string\"}}],\"inLanguage\":\"es\"},{\"@type\":\"Organization\",\"@id\":\"https:\\\/\\\/www.reclamador.es\\\/blog\\\/#organization\",\"name\":\"reclamador.es\",\"url\":\"https:\\\/\\\/www.reclamador.es\\\/blog\\\/\",\"logo\":{\"@type\":\"ImageObject\",\"inLanguage\":\"es\",\"@id\":\"https:\\\/\\\/www.reclamador.es\\\/blog\\\/#\\\/schema\\\/logo\\\/image\\\/\",\"url\":\"https:\\\/\\\/i0.wp.com\\\/www.reclamador.es\\\/blog\\\/wp-content\\\/uploads\\\/2020\\\/01\\\/logo-reclamador.png?fit=1200%2C144&ssl=1\",\"contentUrl\":\"https:\\\/\\\/i0.wp.com\\\/www.reclamador.es\\\/blog\\\/wp-content\\\/uploads\\\/2020\\\/01\\\/logo-reclamador.png?fit=1200%2C144&ssl=1\",\"width\":1200,\"height\":144,\"caption\":\"reclamador.es\"},\"image\":{\"@id\":\"https:\\\/\\\/www.reclamador.es\\\/blog\\\/#\\\/schema\\\/logo\\\/image\\\/\"},\"sameAs\":[\"https:\\\/\\\/www.facebook.com\\\/reclamador.es\",\"https:\\\/\\\/x.com\\\/reclamador\",\"https:\\\/\\\/www.instagram.com\\\/reclamador.es\\\/\",\"https:\\\/\\\/www.linkedin.com\\\/company\\\/reclamador-es\",\"https:\\\/\\\/www.youtube.com\\\/user\\\/Reclamadores\"]},{\"@type\":\"Person\",\"@id\":\"https:\\\/\\\/www.reclamador.es\\\/blog\\\/#\\\/schema\\\/person\\\/1ed83eef8b6566cb5e4c812d9bc5c4bf\",\"name\":\"Equipo reclamador\",\"image\":{\"@type\":\"ImageObject\",\"inLanguage\":\"es\",\"@id\":\"https:\\\/\\\/secure.gravatar.com\\\/avatar\\\/6442ecdc2c4472c600c113f34d340feca47107d6aa4f42f1e3e75a2a8e28a760?s=96&d=mm&r=g\",\"url\":\"https:\\\/\\\/secure.gravatar.com\\\/avatar\\\/6442ecdc2c4472c600c113f34d340feca47107d6aa4f42f1e3e75a2a8e28a760?s=96&d=mm&r=g\",\"contentUrl\":\"https:\\\/\\\/secure.gravatar.com\\\/avatar\\\/6442ecdc2c4472c600c113f34d340feca47107d6aa4f42f1e3e75a2a8e28a760?s=96&d=mm&r=g\",\"caption\":\"Equipo reclamador\"},\"description\":\"Las personas que hacen posible reclamador.es\",\"url\":\"https:\\\/\\\/www.reclamador.es\\\/blog\\\/author\\\/administrador\\\/\"}]}<\/script>\n<!-- \/ Yoast SEO plugin. -->","yoast_head_json":{"title":"Viajar con ni\u00f1os en avi\u00f3n: cosas que debes tener en cuenta","description":"\u00bfPueden llevar equipaje los ni\u00f1os y los beb\u00e9s? \u00bfqu\u00e9 pasa con los alimentos infantiles en el equipaje de mano? Consejos para viajar con ni\u00f1os en avi\u00f3n .","robots":{"index":"index","follow":"follow","max-snippet":"max-snippet:-1","max-image-preview":"max-image-preview:large","max-video-preview":"max-video-preview:-1"},"canonical":"https:\/\/www.reclamador.es\/blog\/viajar-ninos-avion\/","og_locale":"es_ES","og_type":"article","og_title":"Viajar con ni\u00f1os en avi\u00f3n: cosas que debes tener en cuenta","og_description":"\u00bfPueden llevar equipaje los ni\u00f1os y los beb\u00e9s? \u00bfqu\u00e9 pasa con los alimentos infantiles en el equipaje de mano? Consejos para viajar con ni\u00f1os en avi\u00f3n .","og_url":"https:\/\/www.reclamador.es\/blog\/viajar-ninos-avion\/","og_site_name":"Rebeldes con causa, el blog de reclamador.es","article_publisher":"https:\/\/www.facebook.com\/reclamador.es","article_published_time":"2024-05-15T09:00:00+00:00","article_modified_time":"2024-10-14T09:00:25+00:00","og_image":[{"width":1200,"height":630,"url":"https:\/\/www.reclamador.es\/blog\/wp-content\/uploads\/2022\/09\/viajar-con-ninos-en-avion-2.jpg","type":"image\/jpeg"}],"author":"Equipo reclamador","twitter_card":"summary_large_image","twitter_creator":"@reclamador","twitter_site":"@reclamador","twitter_misc":{"Escrito por":"Equipo reclamador","Tiempo de lectura":"6 minutos"},"schema":{"@context":"https:\/\/schema.org","@graph":[{"@type":"Article","@id":"https:\/\/www.reclamador.es\/blog\/viajar-ninos-avion\/#article","isPartOf":{"@id":"https:\/\/www.reclamador.es\/blog\/viajar-ninos-avion\/"},"author":{"name":"Equipo reclamador","@id":"https:\/\/www.reclamador.es\/blog\/#\/schema\/person\/1ed83eef8b6566cb5e4c812d9bc5c4bf"},"headline":"Consejos b\u00e1sicos para viajar en avi\u00f3n con ni\u00f1os y beb\u00e9s","datePublished":"2024-05-15T09:00:00+00:00","dateModified":"2024-10-14T09:00:25+00:00","mainEntityOfPage":{"@id":"https:\/\/www.reclamador.es\/blog\/viajar-ninos-avion\/"},"wordCount":1226,"commentCount":0,"publisher":{"@id":"https:\/\/www.reclamador.es\/blog\/#organization"},"image":{"@id":"https:\/\/www.reclamador.es\/blog\/viajar-ninos-avion\/#primaryimage"},"thumbnailUrl":"https:\/\/i0.wp.com\/www.reclamador.es\/blog\/wp-content\/uploads\/2022\/09\/viajar-con-ninos-en-avion-2.jpg?fit=1200%2C630&ssl=1","keywords":["aerol\u00edneas"],"articleSection":["Consejos legales"],"inLanguage":"es","potentialAction":[{"@type":"CommentAction","name":"Comment","target":["https:\/\/www.reclamador.es\/blog\/viajar-ninos-avion\/#respond"]}]},{"@type":"WebPage","@id":"https:\/\/www.reclamador.es\/blog\/viajar-ninos-avion\/","url":"https:\/\/www.reclamador.es\/blog\/viajar-ninos-avion\/","name":"Viajar con ni\u00f1os en avi\u00f3n: cosas que debes tener en cuenta","isPartOf":{"@id":"https:\/\/www.reclamador.es\/blog\/#website"},"primaryImageOfPage":{"@id":"https:\/\/www.reclamador.es\/blog\/viajar-ninos-avion\/#primaryimage"},"image":{"@id":"https:\/\/www.reclamador.es\/blog\/viajar-ninos-avion\/#primaryimage"},"thumbnailUrl":"https:\/\/i0.wp.com\/www.reclamador.es\/blog\/wp-content\/uploads\/2022\/09\/viajar-con-ninos-en-avion-2.jpg?fit=1200%2C630&ssl=1","datePublished":"2024-05-15T09:00:00+00:00","dateModified":"2024-10-14T09:00:25+00:00","description":"\u00bfPueden llevar equipaje los ni\u00f1os y los beb\u00e9s? \u00bfqu\u00e9 pasa con los alimentos infantiles en el equipaje de mano? Consejos para viajar con ni\u00f1os en avi\u00f3n .","breadcrumb":{"@id":"https:\/\/www.reclamador.es\/blog\/viajar-ninos-avion\/#breadcrumb"},"inLanguage":"es","potentialAction":[{"@type":"ReadAction","target":["https:\/\/www.reclamador.es\/blog\/viajar-ninos-avion\/"]}]},{"@type":"ImageObject","inLanguage":"es","@id":"https:\/\/www.reclamador.es\/blog\/viajar-ninos-avion\/#primaryimage","url":"https:\/\/i0.wp.com\/www.reclamador.es\/blog\/wp-content\/uploads\/2022\/09\/viajar-con-ninos-en-avion-2.jpg?fit=1200%2C630&ssl=1","contentUrl":"https:\/\/i0.wp.com\/www.reclamador.es\/blog\/wp-content\/uploads\/2022\/09\/viajar-con-ninos-en-avion-2.jpg?fit=1200%2C630&ssl=1","width":1200,"height":630,"caption":"Viajar con ni\u00f1os en avi\u00f3n: mayores y menores de 2 a\u00f1os"},{"@type":"BreadcrumbList","@id":"https:\/\/www.reclamador.es\/blog\/viajar-ninos-avion\/#breadcrumb","itemListElement":[{"@type":"ListItem","position":1,"name":"Portada","item":"https:\/\/www.reclamador.es\/blog\/"},{"@type":"ListItem","position":2,"name":"Consejos b\u00e1sicos para viajar en avi\u00f3n con ni\u00f1os y beb\u00e9s"}]},{"@type":"WebSite","@id":"https:\/\/www.reclamador.es\/blog\/#website","url":"https:\/\/www.reclamador.es\/blog\/","name":"Rebeldes con causa, el blog de reclamador.es","description":"Noticias, entrevistas y consejos sobre reclamaciones","publisher":{"@id":"https:\/\/www.reclamador.es\/blog\/#organization"},"potentialAction":[{"@type":"SearchAction","target":{"@type":"EntryPoint","urlTemplate":"https:\/\/www.reclamador.es\/blog\/?s={search_term_string}"},"query-input":{"@type":"PropertyValueSpecification","valueRequired":true,"valueName":"search_term_string"}}],"inLanguage":"es"},{"@type":"Organization","@id":"https:\/\/www.reclamador.es\/blog\/#organization","name":"reclamador.es","url":"https:\/\/www.reclamador.es\/blog\/","logo":{"@type":"ImageObject","inLanguage":"es","@id":"https:\/\/www.reclamador.es\/blog\/#\/schema\/logo\/image\/","url":"https:\/\/i0.wp.com\/www.reclamador.es\/blog\/wp-content\/uploads\/2020\/01\/logo-reclamador.png?fit=1200%2C144&ssl=1","contentUrl":"https:\/\/i0.wp.com\/www.reclamador.es\/blog\/wp-content\/uploads\/2020\/01\/logo-reclamador.png?fit=1200%2C144&ssl=1","width":1200,"height":144,"caption":"reclamador.es"},"image":{"@id":"https:\/\/www.reclamador.es\/blog\/#\/schema\/logo\/image\/"},"sameAs":["https:\/\/www.facebook.com\/reclamador.es","https:\/\/x.com\/reclamador","https:\/\/www.instagram.com\/reclamador.es\/","https:\/\/www.linkedin.com\/company\/reclamador-es","https:\/\/www.youtube.com\/user\/Reclamadores"]},{"@type":"Person","@id":"https:\/\/www.reclamador.es\/blog\/#\/schema\/person\/1ed83eef8b6566cb5e4c812d9bc5c4bf","name":"Equipo reclamador","image":{"@type":"ImageObject","inLanguage":"es","@id":"https:\/\/secure.gravatar.com\/avatar\/6442ecdc2c4472c600c113f34d340feca47107d6aa4f42f1e3e75a2a8e28a760?s=96&d=mm&r=g","url":"https:\/\/secure.gravatar.com\/avatar\/6442ecdc2c4472c600c113f34d340feca47107d6aa4f42f1e3e75a2a8e28a760?s=96&d=mm&r=g","contentUrl":"https:\/\/secure.gravatar.com\/avatar\/6442ecdc2c4472c600c113f34d340feca47107d6aa4f42f1e3e75a2a8e28a760?s=96&d=mm&r=g","caption":"Equipo reclamador"},"description":"Las personas que hacen posible reclamador.es","url":"https:\/\/www.reclamador.es\/blog\/author\/administrador\/"}]}},"jetpack_featured_media_url":"https:\/\/i0.wp.com\/www.reclamador.es\/blog\/wp-content\/uploads\/2022\/09\/viajar-con-ninos-en-avion-2.jpg?fit=1200%2C630&ssl=1","jetpack-related-posts":[{"id":24002,"url":"https:\/\/www.reclamador.es\/blog\/consejos-para-dormir-en-el-avion\/","url_meta":{"origin":20573,"position":0},"title":"Trucos para dormir en el avi\u00f3n en viajes largos","author":"Alicia Ria\u00f1o","date":"6 diciembre, 2024","format":false,"excerpt":"Una de las premisas en los viajes largos en avi\u00f3n es intentar dormir unas horas para que ese trayecto se haga m\u00e1s ameno. Incluso en los viajes de media distancia, esos que duran entre 2 y 3 horas, la mayor\u00eda de pasajeros a\u00e9reos intenta \u201cdar una cabezadita\u201d para no aburrirse\u2026","rel":"","context":"En \u00abConsejos legales\u00bb","block_context":{"text":"Consejos legales","link":"https:\/\/www.reclamador.es\/blog\/consejos\/"},"img":{"alt_text":"Consejos para saber c\u00f3mo dormir o descansar en el avi\u00f3n","src":"https:\/\/i0.wp.com\/www.reclamador.es\/blog\/wp-content\/uploads\/2019\/12\/consejos-para-dormir-en-el-avion.jpg?fit=1200%2C630&ssl=1&resize=350%2C200","width":350,"height":200,"srcset":"https:\/\/i0.wp.com\/www.reclamador.es\/blog\/wp-content\/uploads\/2019\/12\/consejos-para-dormir-en-el-avion.jpg?fit=1200%2C630&ssl=1&resize=350%2C200 1x, https:\/\/i0.wp.com\/www.reclamador.es\/blog\/wp-content\/uploads\/2019\/12\/consejos-para-dormir-en-el-avion.jpg?fit=1200%2C630&ssl=1&resize=525%2C300 1.5x, https:\/\/i0.wp.com\/www.reclamador.es\/blog\/wp-content\/uploads\/2019\/12\/consejos-para-dormir-en-el-avion.jpg?fit=1200%2C630&ssl=1&resize=700%2C400 2x, https:\/\/i0.wp.com\/www.reclamador.es\/blog\/wp-content\/uploads\/2019\/12\/consejos-para-dormir-en-el-avion.jpg?fit=1200%2C630&ssl=1&resize=1050%2C600 3x"},"classes":[]},{"id":440,"url":"https:\/\/www.reclamador.es\/blog\/viajes-en-avion-de-embarazadas-bebes-y-ancianos\/","url_meta":{"origin":20573,"position":1},"title":"Viajes en avi\u00f3n: beb\u00e9s, embarazadas y ancianos","author":"Equipo reclamador","date":"25 agosto, 2022","format":false,"excerpt":"En reclamador.es queremos resolver algunas dudas que se plantea a aquellos que van a coger un avi\u00f3n, como, por ejemplo, si pueden impedir el embarque de una embarazada, prohibir volar a beb\u00e9s o si est\u00e1n obligadas las aerol\u00edneas a ayudar a ancianos. Viajar en avi\u00f3n embarazada Los trayectos en avi\u00f3n,\u2026","rel":"","context":"En \u00abConsejos legales\u00bb","block_context":{"text":"Consejos legales","link":"https:\/\/www.reclamador.es\/blog\/consejos\/"},"img":{"alt_text":"Viajar en avi\u00f3n embarazada","src":"https:\/\/i0.wp.com\/www.reclamador.es\/blog\/wp-content\/uploads\/2020\/01\/Viajar-en-avion-embarazada.jpg?fit=1200%2C693&ssl=1&resize=350%2C200","width":350,"height":200,"srcset":"https:\/\/i0.wp.com\/www.reclamador.es\/blog\/wp-content\/uploads\/2020\/01\/Viajar-en-avion-embarazada.jpg?fit=1200%2C693&ssl=1&resize=350%2C200 1x, https:\/\/i0.wp.com\/www.reclamador.es\/blog\/wp-content\/uploads\/2020\/01\/Viajar-en-avion-embarazada.jpg?fit=1200%2C693&ssl=1&resize=525%2C300 1.5x, https:\/\/i0.wp.com\/www.reclamador.es\/blog\/wp-content\/uploads\/2020\/01\/Viajar-en-avion-embarazada.jpg?fit=1200%2C693&ssl=1&resize=700%2C400 2x, https:\/\/i0.wp.com\/www.reclamador.es\/blog\/wp-content\/uploads\/2020\/01\/Viajar-en-avion-embarazada.jpg?fit=1200%2C693&ssl=1&resize=1050%2C600 3x"},"classes":[]},{"id":33838,"url":"https:\/\/www.reclamador.es\/blog\/documentacion-ninos-viajar-avion-fuera-espana\/","url_meta":{"origin":20573,"position":2},"title":"Documentaci\u00f3n necesaria para que los menores viajen en avi\u00f3n fuera de Espa\u00f1a","author":"Alicia Ria\u00f1o","date":"1 abril, 2025","format":false,"excerpt":"Por ocio o por necesidad, la realidad es que cada vez aumentan m\u00e1s los viajes en avi\u00f3n con ni\u00f1os y beb\u00e9s. Y de ese incremento en el n\u00famero de menores que viajan en avi\u00f3n en Espa\u00f1a, surge la gran duda entre las familias: \u00bfQu\u00e9 documentos son necesarios para viajar con\u2026","rel":"","context":"En \u00abConsejos legales\u00bb","block_context":{"text":"Consejos legales","link":"https:\/\/www.reclamador.es\/blog\/consejos\/"},"img":{"alt_text":"documentos para que menores viajen fuera de espa\u00f1a","src":"https:\/\/i0.wp.com\/www.reclamador.es\/blog\/wp-content\/uploads\/2025\/04\/documentacion-nin%CC%83os-para-viajar-en-avion-fuera-de-espan%CC%83a-1200x630-1.jpg?fit=1200%2C630&ssl=1&resize=350%2C200","width":350,"height":200,"srcset":"https:\/\/i0.wp.com\/www.reclamador.es\/blog\/wp-content\/uploads\/2025\/04\/documentacion-nin%CC%83os-para-viajar-en-avion-fuera-de-espan%CC%83a-1200x630-1.jpg?fit=1200%2C630&ssl=1&resize=350%2C200 1x, https:\/\/i0.wp.com\/www.reclamador.es\/blog\/wp-content\/uploads\/2025\/04\/documentacion-nin%CC%83os-para-viajar-en-avion-fuera-de-espan%CC%83a-1200x630-1.jpg?fit=1200%2C630&ssl=1&resize=525%2C300 1.5x, https:\/\/i0.wp.com\/www.reclamador.es\/blog\/wp-content\/uploads\/2025\/04\/documentacion-nin%CC%83os-para-viajar-en-avion-fuera-de-espan%CC%83a-1200x630-1.jpg?fit=1200%2C630&ssl=1&resize=700%2C400 2x, https:\/\/i0.wp.com\/www.reclamador.es\/blog\/wp-content\/uploads\/2025\/04\/documentacion-nin%CC%83os-para-viajar-en-avion-fuera-de-espan%CC%83a-1200x630-1.jpg?fit=1200%2C630&ssl=1&resize=1050%2C600 3x"},"classes":[]},{"id":22319,"url":"https:\/\/www.reclamador.es\/blog\/cosas-que-hacer-en-viaje-largo\/","url_meta":{"origin":20573,"position":3},"title":"\u00bfQu\u00e9 hacer en un viaje largo en avi\u00f3n? 6 recomendaciones para combatir el aburrimiento","author":"Alicia Ria\u00f1o","date":"30 agosto, 2024","format":false,"excerpt":"\u00bfEst\u00e1s planificando tu pr\u00f3ximo viaje y temes que al pasar muchas horas dentro de un avi\u00f3n puedas aburrirte? En reclamador.es hemos preparado este art\u00edculo donde te damos ideas para que se te haga m\u00e1s ameno el trayecto. \u00a0A continuaci\u00f3n te mostramos 6 cosas que hacer en el avi\u00f3n para no\u2026","rel":"","context":"En \u00abConsejos legales\u00bb","block_context":{"text":"Consejos legales","link":"https:\/\/www.reclamador.es\/blog\/consejos\/"},"img":{"alt_text":"que es viaje largo en avion - que hacer - reclador","src":"https:\/\/i0.wp.com\/www.reclamador.es\/blog\/wp-content\/uploads\/2020\/03\/que-hacer-durante-un-viaje-largo-en-avion-1200x630-1.jpg?fit=1200%2C630&ssl=1&resize=350%2C200","width":350,"height":200,"srcset":"https:\/\/i0.wp.com\/www.reclamador.es\/blog\/wp-content\/uploads\/2020\/03\/que-hacer-durante-un-viaje-largo-en-avion-1200x630-1.jpg?fit=1200%2C630&ssl=1&resize=350%2C200 1x, https:\/\/i0.wp.com\/www.reclamador.es\/blog\/wp-content\/uploads\/2020\/03\/que-hacer-durante-un-viaje-largo-en-avion-1200x630-1.jpg?fit=1200%2C630&ssl=1&resize=525%2C300 1.5x, https:\/\/i0.wp.com\/www.reclamador.es\/blog\/wp-content\/uploads\/2020\/03\/que-hacer-durante-un-viaje-largo-en-avion-1200x630-1.jpg?fit=1200%2C630&ssl=1&resize=700%2C400 2x, https:\/\/i0.wp.com\/www.reclamador.es\/blog\/wp-content\/uploads\/2020\/03\/que-hacer-durante-un-viaje-largo-en-avion-1200x630-1.jpg?fit=1200%2C630&ssl=1&resize=1050%2C600 3x"},"classes":[]},{"id":31902,"url":"https:\/\/www.reclamador.es\/blog\/carrito-de-bebe-roto-por-la-aerolinea-que-hacer\/","url_meta":{"origin":20573,"position":4},"title":"Carrito de beb\u00e9 roto por la aerol\u00ednea: \u00bfqu\u00e9 hacer?","author":"Alicia Ria\u00f1o","date":"23 enero, 2024","format":false,"excerpt":"*Contenido actualizado mayo 2025 Si ya hay que tener en cuenta numerosas circunstancias para viajar con beb\u00e9s en avi\u00f3n, cuando, adem\u00e1s, le sumas el inconveniente de llegar al destino y ver el carrito de beb\u00e9 roto por la aerol\u00ednea, esas vacaciones so\u00f1adas se pueden convertir en una pesadilla. Por eso,\u2026","rel":"","context":"En \u00abConsejos legales\u00bb","block_context":{"text":"Consejos legales","link":"https:\/\/www.reclamador.es\/blog\/consejos\/"},"img":{"alt_text":"silla paseo avion rota - reclamaciones","src":"https:\/\/i0.wp.com\/www.reclamador.es\/blog\/wp-content\/uploads\/2024\/01\/carrito-de-bebe-roto-por-la-aerolinea.jpg?fit=1200%2C675&ssl=1&resize=350%2C200","width":350,"height":200,"srcset":"https:\/\/i0.wp.com\/www.reclamador.es\/blog\/wp-content\/uploads\/2024\/01\/carrito-de-bebe-roto-por-la-aerolinea.jpg?fit=1200%2C675&ssl=1&resize=350%2C200 1x, https:\/\/i0.wp.com\/www.reclamador.es\/blog\/wp-content\/uploads\/2024\/01\/carrito-de-bebe-roto-por-la-aerolinea.jpg?fit=1200%2C675&ssl=1&resize=525%2C300 1.5x, https:\/\/i0.wp.com\/www.reclamador.es\/blog\/wp-content\/uploads\/2024\/01\/carrito-de-bebe-roto-por-la-aerolinea.jpg?fit=1200%2C675&ssl=1&resize=700%2C400 2x, https:\/\/i0.wp.com\/www.reclamador.es\/blog\/wp-content\/uploads\/2024\/01\/carrito-de-bebe-roto-por-la-aerolinea.jpg?fit=1200%2C675&ssl=1&resize=1050%2C600 3x"},"classes":[]},{"id":33896,"url":"https:\/\/www.reclamador.es\/blog\/que-documentacion-necesitan-los-menores-para-volar-dentro-espana\/","url_meta":{"origin":20573,"position":5},"title":"\u00bfQu\u00e9 documentaci\u00f3n necesitan los menores para volar dentro de Espa\u00f1a?","author":"Alicia Ria\u00f1o","date":"2 abril, 2025","format":false,"excerpt":"En el \u00faltimo post de nuestro blog os explic\u00e1bamos la documentaci\u00f3n para ni\u00f1os para viajar en avi\u00f3n fuera de Espa\u00f1a. Y, ahora, vamos a explicar los documentos que necesita un menor para volar dentro de nuestras fronteras.\u00a0 Documentaci\u00f3n ni\u00f1os para viajar en avi\u00f3n dentro de Espa\u00f1a Para viajar en avi\u00f3n\u2026","rel":"","context":"En \u00abConsejos legales\u00bb","block_context":{"text":"Consejos legales","link":"https:\/\/www.reclamador.es\/blog\/consejos\/"},"img":{"alt_text":"vuelos nacionales - documentacion ni\u00f1os","src":"https:\/\/i0.wp.com\/www.reclamador.es\/blog\/wp-content\/uploads\/2025\/04\/documentacion-ninos-para-viajar-en-avion-dentro-de-espana-1200x630-1.jpg?fit=1200%2C630&ssl=1&resize=350%2C200","width":350,"height":200,"srcset":"https:\/\/i0.wp.com\/www.reclamador.es\/blog\/wp-content\/uploads\/2025\/04\/documentacion-ninos-para-viajar-en-avion-dentro-de-espana-1200x630-1.jpg?fit=1200%2C630&ssl=1&resize=350%2C200 1x, https:\/\/i0.wp.com\/www.reclamador.es\/blog\/wp-content\/uploads\/2025\/04\/documentacion-ninos-para-viajar-en-avion-dentro-de-espana-1200x630-1.jpg?fit=1200%2C630&ssl=1&resize=525%2C300 1.5x, https:\/\/i0.wp.com\/www.reclamador.es\/blog\/wp-content\/uploads\/2025\/04\/documentacion-ninos-para-viajar-en-avion-dentro-de-espana-1200x630-1.jpg?fit=1200%2C630&ssl=1&resize=700%2C400 2x, https:\/\/i0.wp.com\/www.reclamador.es\/blog\/wp-content\/uploads\/2025\/04\/documentacion-ninos-para-viajar-en-avion-dentro-de-espana-1200x630-1.jpg?fit=1200%2C630&ssl=1&resize=1050%2C600 3x"},"classes":[]}],"jetpack_sharing_enabled":true,"_links":{"self":[{"href":"https:\/\/www.reclamador.es\/blog\/wp-json\/wp\/v2\/posts\/20573","targetHints":{"allow":["GET"]}}],"collection":[{"href":"https:\/\/www.reclamador.es\/blog\/wp-json\/wp\/v2\/posts"}],"about":[{"href":"https:\/\/www.reclamador.es\/blog\/wp-json\/wp\/v2\/types\/post"}],"author":[{"embeddable":true,"href":"https:\/\/www.reclamador.es\/blog\/wp-json\/wp\/v2\/users\/1"}],"replies":[{"embeddable":true,"href":"https:\/\/www.reclamador.es\/blog\/wp-json\/wp\/v2\/comments?post=20573"}],"version-history":[{"count":15,"href":"https:\/\/www.reclamador.es\/blog\/wp-json\/wp\/v2\/posts\/20573\/revisions"}],"predecessor-version":[{"id":33063,"href":"https:\/\/www.reclamador.es\/blog\/wp-json\/wp\/v2\/posts\/20573\/revisions\/33063"}],"wp:featuredmedia":[{"embeddable":true,"href":"https:\/\/www.reclamador.es\/blog\/wp-json\/wp\/v2\/media\/33062"}],"wp:attachment":[{"href":"https:\/\/www.reclamador.es\/blog\/wp-json\/wp\/v2\/media?parent=20573"}],"wp:term":[{"taxonomy":"category","embeddable":true,"href":"https:\/\/www.reclamador.es\/blog\/wp-json\/wp\/v2\/categories?post=20573"},{"taxonomy":"post_tag","embeddable":true,"href":"https:\/\/www.reclamador.es\/blog\/wp-json\/wp\/v2\/tags?post=20573"}],"curies":[{"name":"wp","href":"https:\/\/api.w.org\/{rel}","templated":true}]}}