{"id":20436,"date":"2019-12-06T13:36:00","date_gmt":"2019-12-06T12:36:00","guid":{"rendered":"https:\/\/www.reclamador.es\/blog\/?p=20436"},"modified":"2023-11-20T12:05:19","modified_gmt":"2023-11-20T11:05:19","slug":"pueden-adelantar-vuelo","status":"publish","type":"post","link":"https:\/\/www.reclamador.es\/blog\/pueden-adelantar-vuelo\/","title":{"rendered":"Vuelo adelantado por la aerol\u00ednea: \u00bfse puede reclamar?"},"content":{"rendered":"<div class=\"ttr_start\"><\/div>\n\n<div class=\"kk-star-ratings kksr-auto kksr-align-right kksr-valign-top\"\n    data-payload='{&quot;align&quot;:&quot;right&quot;,&quot;id&quot;:&quot;20436&quot;,&quot;slug&quot;:&quot;default&quot;,&quot;valign&quot;:&quot;top&quot;,&quot;ignore&quot;:&quot;&quot;,&quot;reference&quot;:&quot;auto&quot;,&quot;class&quot;:&quot;&quot;,&quot;count&quot;:&quot;18&quot;,&quot;legendonly&quot;:&quot;&quot;,&quot;readonly&quot;:&quot;&quot;,&quot;score&quot;:&quot;3.3&quot;,&quot;starsonly&quot;:&quot;&quot;,&quot;best&quot;:&quot;5&quot;,&quot;gap&quot;:&quot;3&quot;,&quot;greet&quot;:&quot;Valora este art\u00edculo&quot;,&quot;legend&quot;:&quot;3.3\\\/5 - (18 votos)&quot;,&quot;size&quot;:&quot;20&quot;,&quot;title&quot;:&quot;Vuelo adelantado por la aerol\u00ednea: \u00bfse puede reclamar?&quot;,&quot;width&quot;:&quot;74.4&quot;,&quot;_legend&quot;:&quot;{score}\\\/{best} - ({count} {votes})&quot;,&quot;font_factor&quot;:&quot;1.25&quot;}'>\n            \n<div class=\"kksr-stars\">\n    \n<div class=\"kksr-stars-inactive\">\n            <div class=\"kksr-star\" data-star=\"1\" style=\"padding-right: 3px\">\n            \n\n<div class=\"kksr-icon\" style=\"width: 20px; height: 20px;\"><\/div>\n        <\/div>\n            <div class=\"kksr-star\" data-star=\"2\" style=\"padding-right: 3px\">\n            \n\n<div class=\"kksr-icon\" style=\"width: 20px; height: 20px;\"><\/div>\n        <\/div>\n            <div class=\"kksr-star\" data-star=\"3\" style=\"padding-right: 3px\">\n            \n\n<div class=\"kksr-icon\" style=\"width: 20px; height: 20px;\"><\/div>\n        <\/div>\n            <div class=\"kksr-star\" data-star=\"4\" style=\"padding-right: 3px\">\n            \n\n<div class=\"kksr-icon\" style=\"width: 20px; height: 20px;\"><\/div>\n        <\/div>\n            <div class=\"kksr-star\" data-star=\"5\" style=\"padding-right: 3px\">\n            \n\n<div class=\"kksr-icon\" style=\"width: 20px; height: 20px;\"><\/div>\n        <\/div>\n    <\/div>\n    \n<div class=\"kksr-stars-active\" style=\"width: 74.4px;\">\n            <div class=\"kksr-star\" style=\"padding-right: 3px\">\n            \n\n<div class=\"kksr-icon\" style=\"width: 20px; height: 20px;\"><\/div>\n        <\/div>\n            <div class=\"kksr-star\" style=\"padding-right: 3px\">\n            \n\n<div class=\"kksr-icon\" style=\"width: 20px; height: 20px;\"><\/div>\n        <\/div>\n            <div class=\"kksr-star\" style=\"padding-right: 3px\">\n            \n\n<div class=\"kksr-icon\" style=\"width: 20px; height: 20px;\"><\/div>\n        <\/div>\n            <div class=\"kksr-star\" style=\"padding-right: 3px\">\n            \n\n<div class=\"kksr-icon\" style=\"width: 20px; height: 20px;\"><\/div>\n        <\/div>\n            <div class=\"kksr-star\" style=\"padding-right: 3px\">\n            \n\n<div class=\"kksr-icon\" style=\"width: 20px; height: 20px;\"><\/div>\n        <\/div>\n    <\/div>\n<\/div>\n                \n\n<div class=\"kksr-legend\" style=\"font-size: 16px;\">\n            3.3\/5 - (18 votos)    <\/div>\n    <\/div>\n<figure id=\"attachment_20438\" aria-describedby=\"caption-attachment-20438\" style=\"width: 1200px\" class=\"wp-caption aligncenter\"><img data-recalc-dims=\"1\" loading=\"lazy\" decoding=\"async\" class=\"size-full wp-image-20438\" src=\"https:\/\/i0.wp.com\/www.reclamador.es\/blog\/wp-content\/uploads\/2018\/12\/reclamar-cambio-de-hora-del-vuelo.jpg?resize=1200%2C791&#038;ssl=1\" alt=\"reclamar vuelo reprogramado cambio hora de salida\" width=\"1200\" height=\"791\" srcset=\"https:\/\/i0.wp.com\/www.reclamador.es\/blog\/wp-content\/uploads\/2018\/12\/reclamar-cambio-de-hora-del-vuelo.jpg?w=1200&amp;ssl=1 1200w, https:\/\/i0.wp.com\/www.reclamador.es\/blog\/wp-content\/uploads\/2018\/12\/reclamar-cambio-de-hora-del-vuelo.jpg?resize=150%2C99&amp;ssl=1 150w, https:\/\/i0.wp.com\/www.reclamador.es\/blog\/wp-content\/uploads\/2018\/12\/reclamar-cambio-de-hora-del-vuelo.jpg?resize=300%2C198&amp;ssl=1 300w, https:\/\/i0.wp.com\/www.reclamador.es\/blog\/wp-content\/uploads\/2018\/12\/reclamar-cambio-de-hora-del-vuelo.jpg?resize=768%2C506&amp;ssl=1 768w, https:\/\/i0.wp.com\/www.reclamador.es\/blog\/wp-content\/uploads\/2018\/12\/reclamar-cambio-de-hora-del-vuelo.jpg?resize=1024%2C675&amp;ssl=1 1024w\" sizes=\"auto, (max-width: 1000px) 100vw, 1000px\" \/><figcaption id=\"caption-attachment-20438\" class=\"wp-caption-text\"><em>Reclamar vuelo adelantado por la compa\u00f1\u00eda a\u00e9rea<\/em><\/figcaption><\/figure>\n<h6 style=\"text-align: center;\"><a href=\"https:\/\/www.reclamador.es\/blog\/vuelo-adelantado-sentencias-tjue\/\"><strong>Novedades sentencias TJUE diciembre 2021: Si la hora de salida del vuelo se adelanta m\u00e1s de una hora, el pasajero tiene derecho a reclamar una compensaci\u00f3n econ\u00f3mica.\u00a0<\/strong><\/a><\/h6>\n<p><span style=\"font-weight: 400;\">Nos ponemos en situaci\u00f3n. Hace unos meses compraste un vuelo para viajar en Navidad y recibes un correo electr\u00f3nico de la aerol\u00ednea informando que han adelantado el vuelo al d\u00eda anterior. T\u00fa todav\u00eda est\u00e1s trabajando y es imposible que puedas volar en la fecha ahora indicada. <strong>\u00bfQu\u00e9 derechos tienes? \u00bfPueden adelantar un vuelo? \u00bfQu\u00e9 puedes hacer si pierdes ese billete debido al adelanto de la fecha de salida? <\/strong><\/span><\/p>\n<p><span style=\"font-weight: 400;\">Lo primero que debes saber es que <\/span><b>te encuentras ante una <a href=\"https:\/\/www.reclamador.es\/aerolineas\/cancelacion-vuelo\/\">cancelaci\u00f3n de vuelo<\/a><\/b><span style=\"font-weight: 400;\">. Por tanto, tienes una serie de derechos que se recogen en el Reglamento 261. De manera resumida, esos derechos como pasajero son: <\/span><\/p>\n<ol>\n<li style=\"font-weight: 400;\"><span style=\"font-weight: 400;\">Derecho a una compensaci\u00f3n econ\u00f3mica de entre 250 y 600 euros en funci\u00f3n de la distancia del vuelo. <\/span><\/li>\n<li style=\"font-weight: 400;\"><span style=\"font-weight: 400;\">Indemnizaci\u00f3n por los da\u00f1os morales y materiales de mostrables derivados de la cancelaci\u00f3n del vuelo. <\/span><\/li>\n<li style=\"font-weight: 400;\"><span style=\"font-weight: 400;\">Reembolso del billete o transporte alternativo. <\/span><\/li>\n<li style=\"font-weight: 400;\"><span style=\"font-weight: 400;\">Derecho a asistencia e informaci\u00f3n.<\/span><\/li>\n<\/ol>\n<h6 style=\"text-align: center;\"><a href=\"https:\/\/www.reclamador.es\/tus-derechos\/derechos-del-pasajero\/\"><strong>Conoce todos tus derechos como pasajero a\u00e9reo\u00a0<\/strong><\/a><\/h6>\n<h2><b>\u00bfCon cu\u00e1nta antelaci\u00f3n puede informar la aerol\u00ednea del cambio en el vuelo? <\/b><\/h2>\n<p><span style=\"font-weight: 400;\">Antes de seguir avanzando, hay un dato fundamental a tomar en consideraci\u00f3n respecto a la reprogramaci\u00f3n del vuelo adquirido. La <\/span><b>antelaci\u00f3n con la que la aerol\u00ednea te informa del cambio. <\/b><\/p>\n<p><span style=\"font-weight: 400;\">Si el aviso se produce con <\/span><b>15 d\u00edas de antelaci\u00f3n o m\u00e1s<\/b><span style=\"font-weight: 400;\">, la compa\u00f1\u00eda a\u00e9rea no est\u00e1 obligada, seg\u00fan el Reglamento UE 261 art\u00edculo 5.1.c, a compensarte econ\u00f3micamente por esa cancelaci\u00f3n. S\u00ed, a resarcir el resto de derechos que te corresponden como pasajero a\u00e9reo. <\/span><\/p>\n<p><span style=\"font-weight: 400;\">Si el aviso se produce en los <\/span><b>15 d\u00edas anteriores a la salida del vuelo<\/b><span style=\"font-weight: 400;\">, s\u00ed tendr\u00e1s derecho a recibir esa compensaci\u00f3n de entre 250 y 600 euros recogidas en la normativa europea. <\/span><b>Salvo que se produzca uno de estos supuestos<\/b><span style=\"font-weight: 400;\">:<\/span><\/p>\n<ul>\n<li style=\"font-weight: 400;\"><span style=\"font-weight: 400;\">Seg\u00fan el art\u00edculo 5.1.c II, la aerol\u00ednea te <\/span><i><span style=\"font-weight: 400;\">\u201cinforme de la cancelaci\u00f3n con una antelaci\u00f3n de entre dos semanas y siete d\u00edas con respecto a la hora de salida prevista y te ofrezca un transporte alternativo que permita salir con no m\u00e1s de dos horas de antelaci\u00f3n con respecto a la hora de salida prevista y llegar a tu destino final con menos de cuatro horas de retraso con respecto a la hora de llegada prevista\u201d. <\/span><\/i><\/li>\n<li style=\"font-weight: 400;\"><span style=\"font-weight: 400;\">O bien, la aerol\u00ednea te informe con menos de siete d\u00edas de antelaci\u00f3n pero te ofrezca la oportunidad de salir <\/span><i><span style=\"font-weight: 400;\">\u201ccon no m\u00e1s de una hora de antelaci\u00f3n respecto a la hora de salida prevista y llegar a su destino final con menos de dos horas de retraso\u201d<\/span><\/i><\/li>\n<\/ul>\n<h2><b>\u00bfEl cambio de hora o de d\u00eda de un vuelo es siempre una cancelaci\u00f3n?<\/b><\/h2>\n<p><span style=\"font-weight: 400;\">Como norma general, la reprogramaci\u00f3n de un vuelo se considera una cancelaci\u00f3n. Cuesti\u00f3n diferente es cu\u00e1ndo tendr\u00eda derecho el pasajero a percibir una compensaci\u00f3n econ\u00f3mica por dicha cancelaci\u00f3n. Por ejemplo, si has comprado un billete con salida a las 15:00 horas y 10 d\u00edas antes la aerol\u00ednea te informa que la nueva hora de salida de ese vuelo son las 13:30 horas. Aqu\u00ed, como te explic\u00e1bamos en el apartado anterior, no podr\u00edas solicitar la compensaci\u00f3n de entre 250 y 600 euros, pues el adelanto de la hora de salida no supera las dos horas. <\/span><\/p>\n<h6 style=\"text-align: center;\"><strong>El TJUE, en una sentencia del a\u00f1o 2011 se\u00f1ala que a los efectos del Reglamento 261 se considera cancelaci\u00f3n \u201cel hecho de que, en lo que ata\u00f1e al pasajero en cuesti\u00f3n, la programaci\u00f3n inicial del vuelo se haya abandonado\u201d.\u00a0<\/strong><\/h6>\n<h2><b>Si te cambian la fecha o la hora del vuelo y no puedes viajar, puedes pedir la devoluci\u00f3n del billete<\/b><\/h2>\n<p><span style=\"font-weight: 400;\">A pesar de no poder pedir una indemnizaci\u00f3n en los casos de que el cambio se haya avisado por parte de la aerol\u00ednea con la antelaci\u00f3n suficiente, la aerol\u00ednea tiene que ofrecerte la posibilidad, adem\u00e1s de modificar fecha y hora de viaje o de recibir un bono, de devolverte el dinero \u00edntegro del billete. <\/span><\/p>\n<p><span style=\"font-weight: 400;\">Estas en tu derecho en estos casos en pedir el reembolso del pago efectuado, aunque no tengas derecho a indemnizaci\u00f3n. En estos casos, en los que \u00fanicamente solicitas a la aerol\u00ednea el reembolso (y no corresponde indemnizaci\u00f3n), en reclamador.es no podremos ayudarte, pero s\u00ed en otras reclamaciones a\u00e9reas que te contamos a continuaci\u00f3n.\u00a0<\/span><\/p>\n<h2><b>reclamador.es estudia la viabilidad de tu caso y te ayuda a reclamar<\/b><\/h2>\n<p><span style=\"font-weight: 400;\">Si la aerol\u00ednea ha reprogramado tu vuelo, o has sufrido un cambio de horario por parte de esta, cons\u00faltanos. Solo tienes que rellenar un sencillo formulario y te informaremos si tu reclamaci\u00f3n es viable y cu\u00e1nto podr\u00edas recuperar. No lo dudes, el procedimiento es muy sencillo y te acompa\u00f1aremos hasta el final, acudiendo a la v\u00eda judicial si la aerol\u00ednea no quisiera llegar a un acuerdo amistoso.\u00a0<\/span><\/p>\n<p><strong>\u00bfEn qu\u00e9 casos te ayuda reclamador.es? <\/strong>Si se trata de una cancelaci\u00f3n de vuelo avisada con menos de dos semanas de antelaci\u00f3n o cuando se produce un retraso en la hora de llegada de tu viaje superior a 180 minutos. En reclamador.es tambi\u00e9n te ayudamos en casos de overbooking o problemas con tu equipaje.<\/p>\n<p>Pero, como te dec\u00edamos, no lo pienses m\u00e1s, inicia nuestro formulario y te diremos qu\u00e9 puedes reclamar. Protege tus derechos como pasajeros a\u00e9reo con reclamador.es.<\/p>\n<h2 style=\"text-align: center;\"><a class=\"button-lead\" href=\"https:\/\/www.reclamador.es\/form\/complaint\/cancellation\/\" rel=\"nofollow noopener\"><b>\u00bfQuieres reclamar un vuelo cancelado?<\/b><\/a><\/h2>\n<p>Si te ha parecido interesante este contenido en el que te explicamos si te pueden adelantar un vuelo, comp\u00e1rtelo en tus redes!<\/p>\n<p>\ud83d\ude42<\/p>\n<div class=\"ttr_end\"><\/div>","protected":false},"excerpt":{"rendered":"<p>Novedades sentencias TJUE diciembre 2021: Si la hora de salida del vuelo se adelanta m\u00e1s de una hora, el pasajero tiene derecho a reclamar una compensaci\u00f3n econ\u00f3mica.\u00a0 Nos ponemos en situaci\u00f3n. Hace unos meses compraste un vuelo para viajar en Navidad y recibes un correo electr\u00f3nico de la aerol\u00ednea informando que han adelantado el vuelo [&hellip;]<\/p>\n","protected":false},"author":1,"featured_media":20438,"comment_status":"open","ping_status":"open","sticky":false,"template":"","format":"standard","meta":{"_acf_changed":false,"_genesis_hide_title":false,"_genesis_hide_breadcrumbs":false,"_genesis_hide_singular_image":false,"_genesis_hide_footer_widgets":false,"_genesis_custom_body_class":"","_genesis_custom_post_class":"","_genesis_layout":"","_jetpack_newsletter_access":"","_jetpack_dont_email_post_to_subs":false,"_jetpack_newsletter_tier_id":0,"_jetpack_memberships_contains_paywalled_content":false,"_jetpack_memberships_contains_paid_content":false,"footnotes":""},"categories":[393],"tags":[380,664,289],"class_list":{"0":"post-20436","1":"post","2":"type-post","3":"status-publish","4":"format-standard","5":"has-post-thumbnail","7":"category-consejos","8":"tag-aerolineas","9":"tag-cancelacion","10":"tag-reclamacion","11":"entry"},"acf":[],"yoast_head":"<!-- This site is optimized with the Yoast SEO plugin v27.4 - https:\/\/yoast.com\/product\/yoast-seo-wordpress\/ -->\n<title>\u00bfTe pueden adelantar un vuelo? Descubre cu\u00e1ndo reclamar<\/title>\n<meta name=\"description\" content=\"\u00bfLa aerol\u00ednea te ha cambiado la hora de un vuelo? Te contamos si es posible que adelantar los vuelos y cu\u00e1ndo puedes reclamar una indemnizaci\u00f3n.\" \/>\n<meta name=\"robots\" content=\"index, follow, max-snippet:-1, max-image-preview:large, max-video-preview:-1\" \/>\n<link rel=\"canonical\" href=\"https:\/\/www.reclamador.es\/blog\/pueden-adelantar-vuelo\/\" \/>\n<meta property=\"og:locale\" content=\"es_ES\" \/>\n<meta property=\"og:type\" content=\"article\" \/>\n<meta property=\"og:title\" content=\"\u00bfTe pueden adelantar un vuelo? Descubre cu\u00e1ndo reclamar\" \/>\n<meta property=\"og:description\" content=\"\u00bfLa aerol\u00ednea te ha cambiado la hora de un vuelo? Te contamos si es posible que adelantar los vuelos y cu\u00e1ndo puedes reclamar una indemnizaci\u00f3n.\" \/>\n<meta property=\"og:url\" content=\"https:\/\/www.reclamador.es\/blog\/pueden-adelantar-vuelo\/\" \/>\n<meta property=\"og:site_name\" content=\"Rebeldes con causa, el blog de reclamador.es\" \/>\n<meta property=\"article:publisher\" content=\"https:\/\/www.facebook.com\/reclamador.es\" \/>\n<meta property=\"article:published_time\" content=\"2019-12-06T12:36:00+00:00\" \/>\n<meta property=\"article:modified_time\" content=\"2023-11-20T11:05:19+00:00\" \/>\n<meta property=\"og:image\" content=\"https:\/\/i0.wp.com\/www.reclamador.es\/blog\/wp-content\/uploads\/2018\/12\/reclamar-cambio-de-hora-del-vuelo.jpg?fit=1200%2C791&ssl=1\" \/>\n\t<meta property=\"og:image:width\" content=\"1200\" \/>\n\t<meta property=\"og:image:height\" content=\"791\" \/>\n\t<meta property=\"og:image:type\" content=\"image\/jpeg\" \/>\n<meta name=\"author\" content=\"Equipo reclamador\" \/>\n<meta name=\"twitter:card\" content=\"summary_large_image\" \/>\n<meta name=\"twitter:creator\" content=\"@reclamador\" \/>\n<meta name=\"twitter:site\" content=\"@reclamador\" \/>\n<meta name=\"twitter:label1\" content=\"Escrito por\" \/>\n\t<meta name=\"twitter:data1\" content=\"Equipo reclamador\" \/>\n\t<meta name=\"twitter:label2\" content=\"Tiempo de lectura\" \/>\n\t<meta name=\"twitter:data2\" content=\"5 minutos\" \/>\n<script type=\"application\/ld+json\" class=\"yoast-schema-graph\">{\"@context\":\"https:\\\/\\\/schema.org\",\"@graph\":[{\"@type\":\"Article\",\"@id\":\"https:\\\/\\\/www.reclamador.es\\\/blog\\\/pueden-adelantar-vuelo\\\/#article\",\"isPartOf\":{\"@id\":\"https:\\\/\\\/www.reclamador.es\\\/blog\\\/pueden-adelantar-vuelo\\\/\"},\"author\":{\"name\":\"Equipo reclamador\",\"@id\":\"https:\\\/\\\/www.reclamador.es\\\/blog\\\/#\\\/schema\\\/person\\\/1ed83eef8b6566cb5e4c812d9bc5c4bf\"},\"headline\":\"Vuelo adelantado por la aerol\u00ednea: \u00bfse puede reclamar?\",\"datePublished\":\"2019-12-06T12:36:00+00:00\",\"dateModified\":\"2023-11-20T11:05:19+00:00\",\"mainEntityOfPage\":{\"@id\":\"https:\\\/\\\/www.reclamador.es\\\/blog\\\/pueden-adelantar-vuelo\\\/\"},\"wordCount\":1003,\"commentCount\":230,\"publisher\":{\"@id\":\"https:\\\/\\\/www.reclamador.es\\\/blog\\\/#organization\"},\"image\":{\"@id\":\"https:\\\/\\\/www.reclamador.es\\\/blog\\\/pueden-adelantar-vuelo\\\/#primaryimage\"},\"thumbnailUrl\":\"https:\\\/\\\/i0.wp.com\\\/www.reclamador.es\\\/blog\\\/wp-content\\\/uploads\\\/2018\\\/12\\\/reclamar-cambio-de-hora-del-vuelo.jpg?fit=1200%2C791&ssl=1\",\"keywords\":[\"aerol\u00edneas\",\"cancelaci\u00f3n\",\"reclamaci\u00f3n\"],\"articleSection\":[\"Consejos legales\"],\"inLanguage\":\"es\",\"potentialAction\":[{\"@type\":\"CommentAction\",\"name\":\"Comment\",\"target\":[\"https:\\\/\\\/www.reclamador.es\\\/blog\\\/pueden-adelantar-vuelo\\\/#respond\"]}]},{\"@type\":\"WebPage\",\"@id\":\"https:\\\/\\\/www.reclamador.es\\\/blog\\\/pueden-adelantar-vuelo\\\/\",\"url\":\"https:\\\/\\\/www.reclamador.es\\\/blog\\\/pueden-adelantar-vuelo\\\/\",\"name\":\"\u00bfTe pueden adelantar un vuelo? Descubre cu\u00e1ndo reclamar\",\"isPartOf\":{\"@id\":\"https:\\\/\\\/www.reclamador.es\\\/blog\\\/#website\"},\"primaryImageOfPage\":{\"@id\":\"https:\\\/\\\/www.reclamador.es\\\/blog\\\/pueden-adelantar-vuelo\\\/#primaryimage\"},\"image\":{\"@id\":\"https:\\\/\\\/www.reclamador.es\\\/blog\\\/pueden-adelantar-vuelo\\\/#primaryimage\"},\"thumbnailUrl\":\"https:\\\/\\\/i0.wp.com\\\/www.reclamador.es\\\/blog\\\/wp-content\\\/uploads\\\/2018\\\/12\\\/reclamar-cambio-de-hora-del-vuelo.jpg?fit=1200%2C791&ssl=1\",\"datePublished\":\"2019-12-06T12:36:00+00:00\",\"dateModified\":\"2023-11-20T11:05:19+00:00\",\"description\":\"\u00bfLa aerol\u00ednea te ha cambiado la hora de un vuelo? Te contamos si es posible que adelantar los vuelos y cu\u00e1ndo puedes reclamar una indemnizaci\u00f3n.\",\"breadcrumb\":{\"@id\":\"https:\\\/\\\/www.reclamador.es\\\/blog\\\/pueden-adelantar-vuelo\\\/#breadcrumb\"},\"inLanguage\":\"es\",\"potentialAction\":[{\"@type\":\"ReadAction\",\"target\":[\"https:\\\/\\\/www.reclamador.es\\\/blog\\\/pueden-adelantar-vuelo\\\/\"]}]},{\"@type\":\"ImageObject\",\"inLanguage\":\"es\",\"@id\":\"https:\\\/\\\/www.reclamador.es\\\/blog\\\/pueden-adelantar-vuelo\\\/#primaryimage\",\"url\":\"https:\\\/\\\/i0.wp.com\\\/www.reclamador.es\\\/blog\\\/wp-content\\\/uploads\\\/2018\\\/12\\\/reclamar-cambio-de-hora-del-vuelo.jpg?fit=1200%2C791&ssl=1\",\"contentUrl\":\"https:\\\/\\\/i0.wp.com\\\/www.reclamador.es\\\/blog\\\/wp-content\\\/uploads\\\/2018\\\/12\\\/reclamar-cambio-de-hora-del-vuelo.jpg?fit=1200%2C791&ssl=1\",\"width\":1200,\"height\":791,\"caption\":\"Reclamar vuelo adelantado por la compa\u00f1\u00eda a\u00e9rea\"},{\"@type\":\"BreadcrumbList\",\"@id\":\"https:\\\/\\\/www.reclamador.es\\\/blog\\\/pueden-adelantar-vuelo\\\/#breadcrumb\",\"itemListElement\":[{\"@type\":\"ListItem\",\"position\":1,\"name\":\"Portada\",\"item\":\"https:\\\/\\\/www.reclamador.es\\\/blog\\\/\"},{\"@type\":\"ListItem\",\"position\":2,\"name\":\"Vuelo adelantado por la aerol\u00ednea: \u00bfse puede reclamar?\"}]},{\"@type\":\"WebSite\",\"@id\":\"https:\\\/\\\/www.reclamador.es\\\/blog\\\/#website\",\"url\":\"https:\\\/\\\/www.reclamador.es\\\/blog\\\/\",\"name\":\"Rebeldes con causa, el blog de reclamador.es\",\"description\":\"Noticias, entrevistas y consejos sobre reclamaciones\",\"publisher\":{\"@id\":\"https:\\\/\\\/www.reclamador.es\\\/blog\\\/#organization\"},\"potentialAction\":[{\"@type\":\"SearchAction\",\"target\":{\"@type\":\"EntryPoint\",\"urlTemplate\":\"https:\\\/\\\/www.reclamador.es\\\/blog\\\/?s={search_term_string}\"},\"query-input\":{\"@type\":\"PropertyValueSpecification\",\"valueRequired\":true,\"valueName\":\"search_term_string\"}}],\"inLanguage\":\"es\"},{\"@type\":\"Organization\",\"@id\":\"https:\\\/\\\/www.reclamador.es\\\/blog\\\/#organization\",\"name\":\"reclamador.es\",\"url\":\"https:\\\/\\\/www.reclamador.es\\\/blog\\\/\",\"logo\":{\"@type\":\"ImageObject\",\"inLanguage\":\"es\",\"@id\":\"https:\\\/\\\/www.reclamador.es\\\/blog\\\/#\\\/schema\\\/logo\\\/image\\\/\",\"url\":\"https:\\\/\\\/i0.wp.com\\\/www.reclamador.es\\\/blog\\\/wp-content\\\/uploads\\\/2020\\\/01\\\/logo-reclamador.png?fit=1200%2C144&ssl=1\",\"contentUrl\":\"https:\\\/\\\/i0.wp.com\\\/www.reclamador.es\\\/blog\\\/wp-content\\\/uploads\\\/2020\\\/01\\\/logo-reclamador.png?fit=1200%2C144&ssl=1\",\"width\":1200,\"height\":144,\"caption\":\"reclamador.es\"},\"image\":{\"@id\":\"https:\\\/\\\/www.reclamador.es\\\/blog\\\/#\\\/schema\\\/logo\\\/image\\\/\"},\"sameAs\":[\"https:\\\/\\\/www.facebook.com\\\/reclamador.es\",\"https:\\\/\\\/x.com\\\/reclamador\",\"https:\\\/\\\/www.instagram.com\\\/reclamador.es\\\/\",\"https:\\\/\\\/www.linkedin.com\\\/company\\\/reclamador-es\",\"https:\\\/\\\/www.youtube.com\\\/user\\\/Reclamadores\"]},{\"@type\":\"Person\",\"@id\":\"https:\\\/\\\/www.reclamador.es\\\/blog\\\/#\\\/schema\\\/person\\\/1ed83eef8b6566cb5e4c812d9bc5c4bf\",\"name\":\"Equipo reclamador\",\"image\":{\"@type\":\"ImageObject\",\"inLanguage\":\"es\",\"@id\":\"https:\\\/\\\/secure.gravatar.com\\\/avatar\\\/6442ecdc2c4472c600c113f34d340feca47107d6aa4f42f1e3e75a2a8e28a760?s=96&d=mm&r=g\",\"url\":\"https:\\\/\\\/secure.gravatar.com\\\/avatar\\\/6442ecdc2c4472c600c113f34d340feca47107d6aa4f42f1e3e75a2a8e28a760?s=96&d=mm&r=g\",\"contentUrl\":\"https:\\\/\\\/secure.gravatar.com\\\/avatar\\\/6442ecdc2c4472c600c113f34d340feca47107d6aa4f42f1e3e75a2a8e28a760?s=96&d=mm&r=g\",\"caption\":\"Equipo reclamador\"},\"description\":\"Las personas que hacen posible reclamador.es\",\"url\":\"https:\\\/\\\/www.reclamador.es\\\/blog\\\/author\\\/administrador\\\/\"}]}<\/script>\n<!-- \/ Yoast SEO plugin. -->","yoast_head_json":{"title":"\u00bfTe pueden adelantar un vuelo? Descubre cu\u00e1ndo reclamar","description":"\u00bfLa aerol\u00ednea te ha cambiado la hora de un vuelo? Te contamos si es posible que adelantar los vuelos y cu\u00e1ndo puedes reclamar una indemnizaci\u00f3n.","robots":{"index":"index","follow":"follow","max-snippet":"max-snippet:-1","max-image-preview":"max-image-preview:large","max-video-preview":"max-video-preview:-1"},"canonical":"https:\/\/www.reclamador.es\/blog\/pueden-adelantar-vuelo\/","og_locale":"es_ES","og_type":"article","og_title":"\u00bfTe pueden adelantar un vuelo? Descubre cu\u00e1ndo reclamar","og_description":"\u00bfLa aerol\u00ednea te ha cambiado la hora de un vuelo? Te contamos si es posible que adelantar los vuelos y cu\u00e1ndo puedes reclamar una indemnizaci\u00f3n.","og_url":"https:\/\/www.reclamador.es\/blog\/pueden-adelantar-vuelo\/","og_site_name":"Rebeldes con causa, el blog de reclamador.es","article_publisher":"https:\/\/www.facebook.com\/reclamador.es","article_published_time":"2019-12-06T12:36:00+00:00","article_modified_time":"2023-11-20T11:05:19+00:00","og_image":[{"width":1200,"height":791,"url":"https:\/\/i0.wp.com\/www.reclamador.es\/blog\/wp-content\/uploads\/2018\/12\/reclamar-cambio-de-hora-del-vuelo.jpg?fit=1200%2C791&ssl=1","type":"image\/jpeg"}],"author":"Equipo reclamador","twitter_card":"summary_large_image","twitter_creator":"@reclamador","twitter_site":"@reclamador","twitter_misc":{"Escrito por":"Equipo reclamador","Tiempo de lectura":"5 minutos"},"schema":{"@context":"https:\/\/schema.org","@graph":[{"@type":"Article","@id":"https:\/\/www.reclamador.es\/blog\/pueden-adelantar-vuelo\/#article","isPartOf":{"@id":"https:\/\/www.reclamador.es\/blog\/pueden-adelantar-vuelo\/"},"author":{"name":"Equipo reclamador","@id":"https:\/\/www.reclamador.es\/blog\/#\/schema\/person\/1ed83eef8b6566cb5e4c812d9bc5c4bf"},"headline":"Vuelo adelantado por la aerol\u00ednea: \u00bfse puede reclamar?","datePublished":"2019-12-06T12:36:00+00:00","dateModified":"2023-11-20T11:05:19+00:00","mainEntityOfPage":{"@id":"https:\/\/www.reclamador.es\/blog\/pueden-adelantar-vuelo\/"},"wordCount":1003,"commentCount":230,"publisher":{"@id":"https:\/\/www.reclamador.es\/blog\/#organization"},"image":{"@id":"https:\/\/www.reclamador.es\/blog\/pueden-adelantar-vuelo\/#primaryimage"},"thumbnailUrl":"https:\/\/i0.wp.com\/www.reclamador.es\/blog\/wp-content\/uploads\/2018\/12\/reclamar-cambio-de-hora-del-vuelo.jpg?fit=1200%2C791&ssl=1","keywords":["aerol\u00edneas","cancelaci\u00f3n","reclamaci\u00f3n"],"articleSection":["Consejos legales"],"inLanguage":"es","potentialAction":[{"@type":"CommentAction","name":"Comment","target":["https:\/\/www.reclamador.es\/blog\/pueden-adelantar-vuelo\/#respond"]}]},{"@type":"WebPage","@id":"https:\/\/www.reclamador.es\/blog\/pueden-adelantar-vuelo\/","url":"https:\/\/www.reclamador.es\/blog\/pueden-adelantar-vuelo\/","name":"\u00bfTe pueden adelantar un vuelo? Descubre cu\u00e1ndo reclamar","isPartOf":{"@id":"https:\/\/www.reclamador.es\/blog\/#website"},"primaryImageOfPage":{"@id":"https:\/\/www.reclamador.es\/blog\/pueden-adelantar-vuelo\/#primaryimage"},"image":{"@id":"https:\/\/www.reclamador.es\/blog\/pueden-adelantar-vuelo\/#primaryimage"},"thumbnailUrl":"https:\/\/i0.wp.com\/www.reclamador.es\/blog\/wp-content\/uploads\/2018\/12\/reclamar-cambio-de-hora-del-vuelo.jpg?fit=1200%2C791&ssl=1","datePublished":"2019-12-06T12:36:00+00:00","dateModified":"2023-11-20T11:05:19+00:00","description":"\u00bfLa aerol\u00ednea te ha cambiado la hora de un vuelo? Te contamos si es posible que adelantar los vuelos y cu\u00e1ndo puedes reclamar una indemnizaci\u00f3n.","breadcrumb":{"@id":"https:\/\/www.reclamador.es\/blog\/pueden-adelantar-vuelo\/#breadcrumb"},"inLanguage":"es","potentialAction":[{"@type":"ReadAction","target":["https:\/\/www.reclamador.es\/blog\/pueden-adelantar-vuelo\/"]}]},{"@type":"ImageObject","inLanguage":"es","@id":"https:\/\/www.reclamador.es\/blog\/pueden-adelantar-vuelo\/#primaryimage","url":"https:\/\/i0.wp.com\/www.reclamador.es\/blog\/wp-content\/uploads\/2018\/12\/reclamar-cambio-de-hora-del-vuelo.jpg?fit=1200%2C791&ssl=1","contentUrl":"https:\/\/i0.wp.com\/www.reclamador.es\/blog\/wp-content\/uploads\/2018\/12\/reclamar-cambio-de-hora-del-vuelo.jpg?fit=1200%2C791&ssl=1","width":1200,"height":791,"caption":"Reclamar vuelo adelantado por la compa\u00f1\u00eda a\u00e9rea"},{"@type":"BreadcrumbList","@id":"https:\/\/www.reclamador.es\/blog\/pueden-adelantar-vuelo\/#breadcrumb","itemListElement":[{"@type":"ListItem","position":1,"name":"Portada","item":"https:\/\/www.reclamador.es\/blog\/"},{"@type":"ListItem","position":2,"name":"Vuelo adelantado por la aerol\u00ednea: \u00bfse puede reclamar?"}]},{"@type":"WebSite","@id":"https:\/\/www.reclamador.es\/blog\/#website","url":"https:\/\/www.reclamador.es\/blog\/","name":"Rebeldes con causa, el blog de reclamador.es","description":"Noticias, entrevistas y consejos sobre reclamaciones","publisher":{"@id":"https:\/\/www.reclamador.es\/blog\/#organization"},"potentialAction":[{"@type":"SearchAction","target":{"@type":"EntryPoint","urlTemplate":"https:\/\/www.reclamador.es\/blog\/?s={search_term_string}"},"query-input":{"@type":"PropertyValueSpecification","valueRequired":true,"valueName":"search_term_string"}}],"inLanguage":"es"},{"@type":"Organization","@id":"https:\/\/www.reclamador.es\/blog\/#organization","name":"reclamador.es","url":"https:\/\/www.reclamador.es\/blog\/","logo":{"@type":"ImageObject","inLanguage":"es","@id":"https:\/\/www.reclamador.es\/blog\/#\/schema\/logo\/image\/","url":"https:\/\/i0.wp.com\/www.reclamador.es\/blog\/wp-content\/uploads\/2020\/01\/logo-reclamador.png?fit=1200%2C144&ssl=1","contentUrl":"https:\/\/i0.wp.com\/www.reclamador.es\/blog\/wp-content\/uploads\/2020\/01\/logo-reclamador.png?fit=1200%2C144&ssl=1","width":1200,"height":144,"caption":"reclamador.es"},"image":{"@id":"https:\/\/www.reclamador.es\/blog\/#\/schema\/logo\/image\/"},"sameAs":["https:\/\/www.facebook.com\/reclamador.es","https:\/\/x.com\/reclamador","https:\/\/www.instagram.com\/reclamador.es\/","https:\/\/www.linkedin.com\/company\/reclamador-es","https:\/\/www.youtube.com\/user\/Reclamadores"]},{"@type":"Person","@id":"https:\/\/www.reclamador.es\/blog\/#\/schema\/person\/1ed83eef8b6566cb5e4c812d9bc5c4bf","name":"Equipo reclamador","image":{"@type":"ImageObject","inLanguage":"es","@id":"https:\/\/secure.gravatar.com\/avatar\/6442ecdc2c4472c600c113f34d340feca47107d6aa4f42f1e3e75a2a8e28a760?s=96&d=mm&r=g","url":"https:\/\/secure.gravatar.com\/avatar\/6442ecdc2c4472c600c113f34d340feca47107d6aa4f42f1e3e75a2a8e28a760?s=96&d=mm&r=g","contentUrl":"https:\/\/secure.gravatar.com\/avatar\/6442ecdc2c4472c600c113f34d340feca47107d6aa4f42f1e3e75a2a8e28a760?s=96&d=mm&r=g","caption":"Equipo reclamador"},"description":"Las personas que hacen posible reclamador.es","url":"https:\/\/www.reclamador.es\/blog\/author\/administrador\/"}]}},"jetpack_featured_media_url":"https:\/\/i0.wp.com\/www.reclamador.es\/blog\/wp-content\/uploads\/2018\/12\/reclamar-cambio-de-hora-del-vuelo.jpg?fit=1200%2C791&ssl=1","jetpack-related-posts":[{"id":28615,"url":"https:\/\/www.reclamador.es\/blog\/vuelo-adelantado-sentencias-tjue\/","url_meta":{"origin":20436,"position":0},"title":"TJUE: Si el vuelo se adelanta m\u00e1s de una hora, los viajeros tienen derecho a reclamar","author":"Almudena Vel\u00e1zquez","date":"23 diciembre, 2021","format":false,"excerpt":"Hasta ahora, hemos hablado mucho sobre los derechos de los pasajeros a\u00e9reos que sufren un retraso en su vuelo y llegan a destino con m\u00e1s de tres horas de retraso, situaci\u00f3n que da derecho a solicitar una compensaci\u00f3n econ\u00f3mica. Pero, \u00bfy si lo que ocurre es que la compa\u00f1\u00eda a\u00e9rea\u2026","rel":"","context":"En \u00abNoticias y actualidad\u00bb","block_context":{"text":"Noticias y actualidad","link":"https:\/\/www.reclamador.es\/blog\/noticias\/"},"img":{"alt_text":"reclamar adelanto de hora de vuelo","src":"https:\/\/i0.wp.com\/www.reclamador.es\/blog\/wp-content\/uploads\/2021\/12\/sentencia-europa-vuelo-adelantado.jpg?fit=1200%2C687&ssl=1&resize=350%2C200","width":350,"height":200,"srcset":"https:\/\/i0.wp.com\/www.reclamador.es\/blog\/wp-content\/uploads\/2021\/12\/sentencia-europa-vuelo-adelantado.jpg?fit=1200%2C687&ssl=1&resize=350%2C200 1x, https:\/\/i0.wp.com\/www.reclamador.es\/blog\/wp-content\/uploads\/2021\/12\/sentencia-europa-vuelo-adelantado.jpg?fit=1200%2C687&ssl=1&resize=525%2C300 1.5x, https:\/\/i0.wp.com\/www.reclamador.es\/blog\/wp-content\/uploads\/2021\/12\/sentencia-europa-vuelo-adelantado.jpg?fit=1200%2C687&ssl=1&resize=700%2C400 2x, https:\/\/i0.wp.com\/www.reclamador.es\/blog\/wp-content\/uploads\/2021\/12\/sentencia-europa-vuelo-adelantado.jpg?fit=1200%2C687&ssl=1&resize=1050%2C600 3x"},"classes":[]},{"id":33797,"url":"https:\/\/www.reclamador.es\/blog\/te-han-cambiado-el-vuelo-sin-avisar-cuando-que-puedes-reclamar\/","url_meta":{"origin":20436,"position":1},"title":"\u00bfTe han cambiado el vuelo sin avisar? Te contamos cu\u00e1ndo puedes reclamar","author":"Equipo reclamador","date":"17 marzo, 2025","format":false,"excerpt":"Una de las consultas m\u00e1s recurrentes es \u00bfqu\u00e9 puedo hacer si la aerol\u00ednea ha cambiado la hora o la fecha del vuelo? Hay que reconocer que si te han cambiado el vuelo avisar o avisando con poca antelaci\u00f3n puede trastocar completamente tus planes del viaje. Por ejemplo, a una semana\u2026","rel":"","context":"En \u00abConsejos legales\u00bb","block_context":{"text":"Consejos legales","link":"https:\/\/www.reclamador.es\/blog\/consejos\/"},"img":{"alt_text":"cu\u00e1ndo reclamar si te han cambiado el vuelo sin avisar - cuando reclamar y cuando es legal","src":"https:\/\/i0.wp.com\/www.reclamador.es\/blog\/wp-content\/uploads\/2025\/03\/te-han-cambiado-el-vuelo-sin-avisarte-1200x630-1.jpg?fit=1200%2C630&ssl=1&resize=350%2C200","width":350,"height":200,"srcset":"https:\/\/i0.wp.com\/www.reclamador.es\/blog\/wp-content\/uploads\/2025\/03\/te-han-cambiado-el-vuelo-sin-avisarte-1200x630-1.jpg?fit=1200%2C630&ssl=1&resize=350%2C200 1x, https:\/\/i0.wp.com\/www.reclamador.es\/blog\/wp-content\/uploads\/2025\/03\/te-han-cambiado-el-vuelo-sin-avisarte-1200x630-1.jpg?fit=1200%2C630&ssl=1&resize=525%2C300 1.5x, https:\/\/i0.wp.com\/www.reclamador.es\/blog\/wp-content\/uploads\/2025\/03\/te-han-cambiado-el-vuelo-sin-avisarte-1200x630-1.jpg?fit=1200%2C630&ssl=1&resize=700%2C400 2x, https:\/\/i0.wp.com\/www.reclamador.es\/blog\/wp-content\/uploads\/2025\/03\/te-han-cambiado-el-vuelo-sin-avisarte-1200x630-1.jpg?fit=1200%2C630&ssl=1&resize=1050%2C600 3x"},"classes":[]},{"id":9252,"url":"https:\/\/www.reclamador.es\/blog\/reclamar-en-verano-vuelo\/","url_meta":{"origin":20436,"position":2},"title":"Situaciones que las aerol\u00edneas no quieren que sepas que puedes reclamar","author":"Equipo reclamador","date":"15 junio, 2025","format":false,"excerpt":"En esta ocasi\u00f3n, vamos a arrojar luz sobre algunos secretos poco conocidos que las aerol\u00edneas preferir\u00edan que no supieras. Aunque las compa\u00f1\u00edas a\u00e9reas hacen todo lo posible para mantener sus operaciones fluidas, en ocasiones, los pasajeros pueden encontrarse en situaciones en las que tienen derecho a reclamar ciertos beneficios o\u2026","rel":"","context":"En \u00abConsejos legales\u00bb","block_context":{"text":"Consejos legales","link":"https:\/\/www.reclamador.es\/blog\/consejos\/"},"img":{"alt_text":"reclamador.es todo lo que se puede reclamar a una aerol\u00ednea","src":"https:\/\/i0.wp.com\/www.reclamador.es\/blog\/wp-content\/uploads\/2023\/07\/todo-lo-que-se-puede-reclamar-a-una-aerolinea.jpg?fit=1200%2C630&ssl=1&resize=350%2C200","width":350,"height":200,"srcset":"https:\/\/i0.wp.com\/www.reclamador.es\/blog\/wp-content\/uploads\/2023\/07\/todo-lo-que-se-puede-reclamar-a-una-aerolinea.jpg?fit=1200%2C630&ssl=1&resize=350%2C200 1x, https:\/\/i0.wp.com\/www.reclamador.es\/blog\/wp-content\/uploads\/2023\/07\/todo-lo-que-se-puede-reclamar-a-una-aerolinea.jpg?fit=1200%2C630&ssl=1&resize=525%2C300 1.5x, https:\/\/i0.wp.com\/www.reclamador.es\/blog\/wp-content\/uploads\/2023\/07\/todo-lo-que-se-puede-reclamar-a-una-aerolinea.jpg?fit=1200%2C630&ssl=1&resize=700%2C400 2x, https:\/\/i0.wp.com\/www.reclamador.es\/blog\/wp-content\/uploads\/2023\/07\/todo-lo-que-se-puede-reclamar-a-una-aerolinea.jpg?fit=1200%2C630&ssl=1&resize=1050%2C600 3x"},"classes":[]},{"id":32360,"url":"https:\/\/www.reclamador.es\/blog\/cambio-hora-vuelo-reclamar\/","url_meta":{"origin":20436,"position":3},"title":"Si cambian la hora del vuelo: \u00bfse puede reclamar?","author":"Alicia Ria\u00f1o","date":"23 mayo, 2024","format":false,"excerpt":"En otras ocasiones, hemos hablado de los retrasos de vuelos y cu\u00e1ndo corresponde indemnizaci\u00f3n por sufrir esta incidencia. En esta ocasi\u00f3n, vamos a tratar otro tema frecuente y, ante el cual, muchos viajeros y viajeras desconocen qu\u00e9 les corresponde. Hablamos del cambio de hora de un vuelo. Por ejemplo, hab\u00edas\u2026","rel":"","context":"En \u00abNoticias y actualidad\u00bb","block_context":{"text":"Noticias y actualidad","link":"https:\/\/www.reclamador.es\/blog\/noticias\/"},"img":{"alt_text":"reclamar por reprogramacion de vuelo","src":"https:\/\/i0.wp.com\/www.reclamador.es\/blog\/wp-content\/uploads\/2024\/05\/si-me-cambian-la-hora-del-vuelo-se-puede-reclamar-1200x630-1.jpg?fit=1200%2C630&ssl=1&resize=350%2C200","width":350,"height":200,"srcset":"https:\/\/i0.wp.com\/www.reclamador.es\/blog\/wp-content\/uploads\/2024\/05\/si-me-cambian-la-hora-del-vuelo-se-puede-reclamar-1200x630-1.jpg?fit=1200%2C630&ssl=1&resize=350%2C200 1x, https:\/\/i0.wp.com\/www.reclamador.es\/blog\/wp-content\/uploads\/2024\/05\/si-me-cambian-la-hora-del-vuelo-se-puede-reclamar-1200x630-1.jpg?fit=1200%2C630&ssl=1&resize=525%2C300 1.5x, https:\/\/i0.wp.com\/www.reclamador.es\/blog\/wp-content\/uploads\/2024\/05\/si-me-cambian-la-hora-del-vuelo-se-puede-reclamar-1200x630-1.jpg?fit=1200%2C630&ssl=1&resize=700%2C400 2x, https:\/\/i0.wp.com\/www.reclamador.es\/blog\/wp-content\/uploads\/2024\/05\/si-me-cambian-la-hora-del-vuelo-se-puede-reclamar-1200x630-1.jpg?fit=1200%2C630&ssl=1&resize=1050%2C600 3x"},"classes":[]},{"id":30369,"url":"https:\/\/www.reclamador.es\/blog\/reubicacion-en-otro-vuelo\/","url_meta":{"origin":20436,"position":4},"title":"\u00bfTe han reubicado en otro vuelo que llega m\u00e1s de 3 horas despu\u00e9s al comprado inicialmente? \u00a1Puedes reclamar!","author":"Equipo reclamador","date":"19 abril, 2024","format":false,"excerpt":"Una situaci\u00f3n que se produce m\u00e1s habitualmente de lo esperado es como las aerol\u00edneas, ante una cancelaci\u00f3n de vuelo, por ejemplo con motivo de una huelga de los trabajadores de la compa\u00f1\u00eda a\u00e9rea, est\u00e1n optando por ofrecer a sus viajeros la reubicaci\u00f3n en otros vuelos, bien sea el mismo d\u00eda\u2026","rel":"","context":"En \u00abConsejos legales\u00bb","block_context":{"text":"Consejos legales","link":"https:\/\/www.reclamador.es\/blog\/consejos\/"},"img":{"alt_text":"adem\u00e1s de reubicarte en otro vuelo te tienen que pagar una indemnizacion, reclama","src":"https:\/\/i0.wp.com\/www.reclamador.es\/blog\/wp-content\/uploads\/2022\/11\/te-han-reubicado-en-otro-vuelo-1200x630-1.jpg?fit=1200%2C630&ssl=1&resize=350%2C200","width":350,"height":200,"srcset":"https:\/\/i0.wp.com\/www.reclamador.es\/blog\/wp-content\/uploads\/2022\/11\/te-han-reubicado-en-otro-vuelo-1200x630-1.jpg?fit=1200%2C630&ssl=1&resize=350%2C200 1x, https:\/\/i0.wp.com\/www.reclamador.es\/blog\/wp-content\/uploads\/2022\/11\/te-han-reubicado-en-otro-vuelo-1200x630-1.jpg?fit=1200%2C630&ssl=1&resize=525%2C300 1.5x, https:\/\/i0.wp.com\/www.reclamador.es\/blog\/wp-content\/uploads\/2022\/11\/te-han-reubicado-en-otro-vuelo-1200x630-1.jpg?fit=1200%2C630&ssl=1&resize=700%2C400 2x, https:\/\/i0.wp.com\/www.reclamador.es\/blog\/wp-content\/uploads\/2022\/11\/te-han-reubicado-en-otro-vuelo-1200x630-1.jpg?fit=1200%2C630&ssl=1&resize=1050%2C600 3x"},"classes":[]},{"id":34003,"url":"https:\/\/www.reclamador.es\/blog\/overbooking-espana-como-y-que-reclamar\/","url_meta":{"origin":20436,"position":5},"title":"Overbooking en Semana Santa: \u00bfc\u00f3mo y qu\u00e9 reclamar?","author":"Equipo reclamador","date":"15 abril, 2025","format":false,"excerpt":"Semana Santa es una de las \u00e9pocas del a\u00f1o con mayor volumen de viajes. Aeropuertos llenos, vuelos completos y, como consecuencia, mayor probabilidad de sufrir un overbooking. Si te quedas en tierra por sobreventa de billetes, \u00a1que no cunda el p\u00e1nico, no todo es malo! Puedes tener derecho a una\u2026","rel":"","context":"En \u00abConsejos legales\u00bb","block_context":{"text":"Consejos legales","link":"https:\/\/www.reclamador.es\/blog\/consejos\/"},"img":{"alt_text":"El overbooking en legal en Espa\u00f1a pero da derecho a reclamar una indemnizaci\u00f3n.","src":"https:\/\/i0.wp.com\/www.reclamador.es\/blog\/wp-content\/uploads\/2025\/04\/overbooking-en-semana-santa-1200x630-1.jpg?resize=350%2C200&ssl=1","width":350,"height":200,"srcset":"https:\/\/i0.wp.com\/www.reclamador.es\/blog\/wp-content\/uploads\/2025\/04\/overbooking-en-semana-santa-1200x630-1.jpg?resize=350%2C200&ssl=1 1x, https:\/\/i0.wp.com\/www.reclamador.es\/blog\/wp-content\/uploads\/2025\/04\/overbooking-en-semana-santa-1200x630-1.jpg?resize=525%2C300&ssl=1 1.5x, https:\/\/i0.wp.com\/www.reclamador.es\/blog\/wp-content\/uploads\/2025\/04\/overbooking-en-semana-santa-1200x630-1.jpg?resize=700%2C400&ssl=1 2x, https:\/\/i0.wp.com\/www.reclamador.es\/blog\/wp-content\/uploads\/2025\/04\/overbooking-en-semana-santa-1200x630-1.jpg?resize=1050%2C600&ssl=1 3x"},"classes":[]}],"jetpack_sharing_enabled":true,"_links":{"self":[{"href":"https:\/\/www.reclamador.es\/blog\/wp-json\/wp\/v2\/posts\/20436","targetHints":{"allow":["GET"]}}],"collection":[{"href":"https:\/\/www.reclamador.es\/blog\/wp-json\/wp\/v2\/posts"}],"about":[{"href":"https:\/\/www.reclamador.es\/blog\/wp-json\/wp\/v2\/types\/post"}],"author":[{"embeddable":true,"href":"https:\/\/www.reclamador.es\/blog\/wp-json\/wp\/v2\/users\/1"}],"replies":[{"embeddable":true,"href":"https:\/\/www.reclamador.es\/blog\/wp-json\/wp\/v2\/comments?post=20436"}],"version-history":[{"count":15,"href":"https:\/\/www.reclamador.es\/blog\/wp-json\/wp\/v2\/posts\/20436\/revisions"}],"predecessor-version":[{"id":31717,"href":"https:\/\/www.reclamador.es\/blog\/wp-json\/wp\/v2\/posts\/20436\/revisions\/31717"}],"wp:featuredmedia":[{"embeddable":true,"href":"https:\/\/www.reclamador.es\/blog\/wp-json\/wp\/v2\/media\/20438"}],"wp:attachment":[{"href":"https:\/\/www.reclamador.es\/blog\/wp-json\/wp\/v2\/media?parent=20436"}],"wp:term":[{"taxonomy":"category","embeddable":true,"href":"https:\/\/www.reclamador.es\/blog\/wp-json\/wp\/v2\/categories?post=20436"},{"taxonomy":"post_tag","embeddable":true,"href":"https:\/\/www.reclamador.es\/blog\/wp-json\/wp\/v2\/tags?post=20436"}],"curies":[{"name":"wp","href":"https:\/\/api.w.org\/{rel}","templated":true}]}}