{"id":20303,"date":"2018-11-27T10:25:08","date_gmt":"2018-11-27T09:25:08","guid":{"rendered":"https:\/\/www.reclamador.es\/blog\/?p=20303"},"modified":"2025-04-01T19:20:21","modified_gmt":"2025-04-01T17:20:21","slug":"pablo-rabanal-comision-justicia-del-senado","status":"publish","type":"post","link":"https:\/\/www.reclamador.es\/blog\/pablo-rabanal-comision-justicia-del-senado\/","title":{"rendered":"reclamador.es presenta en la Comisi\u00f3n de Justicia del Senado la realidad de los consumidores en los juzgados"},"content":{"rendered":"<div class=\"ttr_start\"><\/div>\n\n<div class=\"kk-star-ratings kksr-auto kksr-align-right kksr-valign-top\"\n    data-payload='{&quot;align&quot;:&quot;right&quot;,&quot;id&quot;:&quot;20303&quot;,&quot;slug&quot;:&quot;default&quot;,&quot;valign&quot;:&quot;top&quot;,&quot;ignore&quot;:&quot;&quot;,&quot;reference&quot;:&quot;auto&quot;,&quot;class&quot;:&quot;&quot;,&quot;count&quot;:&quot;5&quot;,&quot;legendonly&quot;:&quot;&quot;,&quot;readonly&quot;:&quot;&quot;,&quot;score&quot;:&quot;5&quot;,&quot;starsonly&quot;:&quot;&quot;,&quot;best&quot;:&quot;5&quot;,&quot;gap&quot;:&quot;3&quot;,&quot;greet&quot;:&quot;Valora este art\u00edculo&quot;,&quot;legend&quot;:&quot;5\\\/5 - (5 votos)&quot;,&quot;size&quot;:&quot;20&quot;,&quot;title&quot;:&quot;reclamador.es presenta en la Comisi\u00f3n de Justicia del Senado la realidad de los consumidores en los juzgados&quot;,&quot;width&quot;:&quot;113.5&quot;,&quot;_legend&quot;:&quot;{score}\\\/{best} - ({count} {votes})&quot;,&quot;font_factor&quot;:&quot;1.25&quot;}'>\n            \n<div class=\"kksr-stars\">\n    \n<div class=\"kksr-stars-inactive\">\n            <div class=\"kksr-star\" data-star=\"1\" style=\"padding-right: 3px\">\n            \n\n<div class=\"kksr-icon\" style=\"width: 20px; height: 20px;\"><\/div>\n        <\/div>\n            <div class=\"kksr-star\" data-star=\"2\" style=\"padding-right: 3px\">\n            \n\n<div class=\"kksr-icon\" style=\"width: 20px; height: 20px;\"><\/div>\n        <\/div>\n            <div class=\"kksr-star\" data-star=\"3\" style=\"padding-right: 3px\">\n            \n\n<div class=\"kksr-icon\" style=\"width: 20px; height: 20px;\"><\/div>\n        <\/div>\n            <div class=\"kksr-star\" data-star=\"4\" style=\"padding-right: 3px\">\n            \n\n<div class=\"kksr-icon\" style=\"width: 20px; height: 20px;\"><\/div>\n        <\/div>\n            <div class=\"kksr-star\" data-star=\"5\" style=\"padding-right: 3px\">\n            \n\n<div class=\"kksr-icon\" style=\"width: 20px; height: 20px;\"><\/div>\n        <\/div>\n    <\/div>\n    \n<div class=\"kksr-stars-active\" style=\"width: 113.5px;\">\n            <div class=\"kksr-star\" style=\"padding-right: 3px\">\n            \n\n<div class=\"kksr-icon\" style=\"width: 20px; height: 20px;\"><\/div>\n        <\/div>\n            <div class=\"kksr-star\" style=\"padding-right: 3px\">\n            \n\n<div class=\"kksr-icon\" style=\"width: 20px; height: 20px;\"><\/div>\n        <\/div>\n            <div class=\"kksr-star\" style=\"padding-right: 3px\">\n            \n\n<div class=\"kksr-icon\" style=\"width: 20px; height: 20px;\"><\/div>\n        <\/div>\n            <div class=\"kksr-star\" style=\"padding-right: 3px\">\n            \n\n<div class=\"kksr-icon\" style=\"width: 20px; height: 20px;\"><\/div>\n        <\/div>\n            <div class=\"kksr-star\" style=\"padding-right: 3px\">\n            \n\n<div class=\"kksr-icon\" style=\"width: 20px; height: 20px;\"><\/div>\n        <\/div>\n    <\/div>\n<\/div>\n                \n\n<div class=\"kksr-legend\" style=\"font-size: 16px;\">\n            5\/5 - (5 votos)    <\/div>\n    <\/div>\n<figure id=\"attachment_20305\" aria-describedby=\"caption-attachment-20305\" style=\"width: 1200px\" class=\"wp-caption aligncenter\"><img data-recalc-dims=\"1\" loading=\"lazy\" decoding=\"async\" class=\"wp-image-20305 size-full\" src=\"https:\/\/i0.wp.com\/www.reclamador.es\/blog\/wp-content\/uploads\/2018\/11\/reclamador.es-en-el-senado.jpg?resize=1200%2C637&#038;ssl=1\" alt=\"reclamador.es en la Comisi\u00f3n de Justicia del Senado\" width=\"1200\" height=\"637\" srcset=\"https:\/\/i0.wp.com\/www.reclamador.es\/blog\/wp-content\/uploads\/2018\/11\/reclamador.es-en-el-senado.jpg?w=1200&amp;ssl=1 1200w, https:\/\/i0.wp.com\/www.reclamador.es\/blog\/wp-content\/uploads\/2018\/11\/reclamador.es-en-el-senado.jpg?resize=150%2C80&amp;ssl=1 150w, https:\/\/i0.wp.com\/www.reclamador.es\/blog\/wp-content\/uploads\/2018\/11\/reclamador.es-en-el-senado.jpg?resize=300%2C159&amp;ssl=1 300w, https:\/\/i0.wp.com\/www.reclamador.es\/blog\/wp-content\/uploads\/2018\/11\/reclamador.es-en-el-senado.jpg?resize=768%2C408&amp;ssl=1 768w, https:\/\/i0.wp.com\/www.reclamador.es\/blog\/wp-content\/uploads\/2018\/11\/reclamador.es-en-el-senado.jpg?resize=1024%2C544&amp;ssl=1 1024w\" sizes=\"auto, (max-width: 1000px) 100vw, 1000px\" \/><figcaption id=\"caption-attachment-20305\" class=\"wp-caption-text\"><em>De izquierda a derecha: Pablo Rabanal (reclamador.es), Mar\u00eda Jes\u00fas Gonz\u00e1lez-Espejo (Instituto de Innovaci\u00f3n Legal) y Manuel G. Altava (presidente de la Comisi\u00f3n de Justicia del Senado)<\/em><\/figcaption><\/figure>\n<p><span style=\"font-weight: 400;\">Pablo Rabanal, CEO de reclamador.es, present\u00f3 ayer, 26 de noviembre, en la <strong>Comisi\u00f3n de Justicia del Senado<\/strong> las reivindicaciones de nuestra compa\u00f1\u00eda respecto a las mejoras que debe asumir la justicia espa\u00f1ola para adaptarse a los cambios que demanda la sociedad. Esta ponencia se enmarc\u00f3 dentro de la presentaci\u00f3n de la <strong>Asociaci\u00f3n Europea Legaltech (ELTA)<\/strong> a los senadores, organizaci\u00f3n sin \u00e1nimo de lucro que llega a Espa\u00f1a de la mano de reclamador.es y que cuenta ya con m\u00e1s de 300 miembros en Europa. <\/span><\/p>\n<p><span style=\"font-weight: 400;\">Para ello, nuestro CEO explic\u00f3 la realidad a la que se enfrentan los consumidores en los juzgados espa\u00f1oles: En el 90% de las ocasiones es necesario pleitear para que los derechos sean resarcidos; y contamos con un sistema judicial que protege m\u00e1s al infractor. Esto es as\u00ed porque utilizan a la justicia como herramienta de gesti\u00f3n de su tesorer\u00eda. A lo que se suma la baja penalizaci\u00f3n que se impone a esas compa\u00f1\u00edas. <\/span><\/p>\n<p><span style=\"font-weight: 400;\">Pablo Rabanal, adem\u00e1s, pudo exponer las dos peticiones de nuestra compa\u00f1\u00eda al sistema judicial espa\u00f1ol:<\/span><\/p>\n<ol>\n<li style=\"font-weight: 400;\"><span style=\"font-weight: 400;\">Aceleraci\u00f3n de la implantaci\u00f3n de la justicia digital, para lo que es necesario una mejora de LexNET. <\/span><\/li>\n<li style=\"font-weight: 400;\"><span style=\"font-weight: 400;\">Una reivindicaci\u00f3n hist\u00f3rica de reclamador.es: mejorar el sistema de costas judiciales, que condene en costas incluso en los casos de peque\u00f1a cuant\u00eda. Con ello, se evitar\u00eda que las grandes corporaciones utilizaran la v\u00eda judicial como norma general para solucionar los conflictos. Lo que supone un gran coste econ\u00f3mico y de tiempo. Pero no pedimos \u00fanicamente esto en relaci\u00f3n a las costas. Pablo Rabanal explic\u00f3 ante la Comisi\u00f3n que en reclamador.es consideramos muy importante cambiar la tributaci\u00f3n de las costas judiciales. Actualmente, el usuario debe tributar en el IRPF por ellas, sin que realmente supongan una ganancia, sino una compensaci\u00f3n de los gastos del procedimiento judicial.\u00a0<\/span><\/li>\n<\/ol>\n<p><iframe loading=\"lazy\" title=\"YouTube video player\" src=\"https:\/\/www.youtube-nocookie.com\/embed\/2_krJh31CYs?si=5N738GVYemXvijU7\" width=\"560\" height=\"315\" frameborder=\"0\" allowfullscreen=\"allowfullscreen\"><\/iframe><\/p>\n<h2><b>Sobre ELTA<\/b><\/h2>\n<p><span style=\"font-weight: 400;\">Se trata de una asociaci\u00f3n europea con m\u00e1s de 300 miembros repartidos en numerosos pa\u00edses de nuestro entorno, pero faltaba Espa\u00f1a. Ahora, nos hemos sumado a esta organizaci\u00f3n sin \u00e1nimo de lucro que tiene como principales <strong>objetivos promover la innovaci\u00f3n y el desarrollo del Legaltech en Europa<\/strong>. <\/span><\/p>\n<p><span style=\"font-weight: 400;\">En la Comisi\u00f3n de Justicia del Senado, se detall\u00f3 lo que aportar\u00eda el Legaltech al sector jur\u00eddico y los profesionales del sector.\u00a0<\/span><span style=\"font-weight: 400;\">Mar\u00eda Jes\u00fas Gonz\u00e1lez-Espejo, del Instituto de Innovaci\u00f3n Legal y representante de ELTA, explic\u00f3 a los senadores que el fin del Legaltech es <strong>lograr con un trabajo conjunto de los actores sociales para la creaci\u00f3n de las nuevas soluciones<\/strong> que demandan los ciudadanos. De aqu\u00ed se deduce que, uno de los principales retos que debe afrontar el sector legal espa\u00f1ol es la <strong>verdadera transformaci\u00f3n digital de todos los actores jur\u00eddicos<\/strong>.<\/span><\/p>\n<p><span style=\"font-weight: 400;\">Para conseguir este importante reto, ELTA realizar\u00e1 webinar y congresos y formar\u00e1 una gran red de expertos que ayuden a conseguir la implantaci\u00f3n del Legaltech en Espa\u00f1a, situaci\u00f3n por lo que tambi\u00e9n trabajamos en reclamador.es desde nuestra fundaci\u00f3n en el a\u00f1o 2012.\u00a0<\/span><\/p>\n<h6 style=\"text-align: center;\"><strong><a href=\"#mc4wp-form-1 \">Suscr\u00edbete a nuestro bolet\u00edn semanal<\/a> si quieres que te sigamos informando.<\/strong><\/h6>\n<div class=\"ttr_end\"><\/div>","protected":false},"excerpt":{"rendered":"<p>Pablo Rabanal, CEO de reclamador.es, present\u00f3 ayer, 26 de noviembre, en la Comisi\u00f3n de Justicia del Senado las reivindicaciones de nuestra compa\u00f1\u00eda respecto a las mejoras que debe asumir la justicia espa\u00f1ola para adaptarse a los cambios que demanda la sociedad. Esta ponencia se enmarc\u00f3 dentro de la presentaci\u00f3n de la Asociaci\u00f3n Europea Legaltech (ELTA) [&hellip;]<\/p>\n","protected":false},"author":1,"featured_media":20305,"comment_status":"open","ping_status":"open","sticky":false,"template":"","format":"standard","meta":{"_acf_changed":false,"_genesis_hide_title":false,"_genesis_hide_breadcrumbs":false,"_genesis_hide_singular_image":false,"_genesis_hide_footer_widgets":false,"_genesis_custom_body_class":"","_genesis_custom_post_class":"","_genesis_layout":"","_jetpack_newsletter_access":"","_jetpack_dont_email_post_to_subs":false,"_jetpack_newsletter_tier_id":0,"_jetpack_memberships_contains_paywalled_content":false,"_jetpack_memberships_contains_paid_content":false,"footnotes":""},"categories":[396],"tags":[648,758],"class_list":{"0":"post-20303","1":"post","2":"type-post","3":"status-publish","4":"format-standard","5":"has-post-thumbnail","7":"category-reclamadores","8":"tag-branding","9":"tag-evento","10":"entry"},"acf":[],"yoast_head":"<!-- This site is optimized with the Yoast SEO plugin v27.4 - https:\/\/yoast.com\/product\/yoast-seo-wordpress\/ -->\n<title>reclamador.es presente en la Comisi\u00f3n de Justicia del Senado<\/title>\n<meta name=\"description\" content=\"Pablo Rabanal, CEO de reclamador, explic\u00f3 en la Comisi\u00f3n de Justicia del Senado la realidad de los consumidores en los juzgados y sobre Legaltech.\" \/>\n<meta name=\"robots\" content=\"index, follow, max-snippet:-1, max-image-preview:large, max-video-preview:-1\" \/>\n<link rel=\"canonical\" href=\"https:\/\/www.reclamador.es\/blog\/pablo-rabanal-comision-justicia-del-senado\/\" \/>\n<meta property=\"og:locale\" content=\"es_ES\" \/>\n<meta property=\"og:type\" content=\"article\" \/>\n<meta property=\"og:title\" content=\"reclamador.es presente en la Comisi\u00f3n de Justicia del Senado\" \/>\n<meta property=\"og:description\" content=\"Pablo Rabanal, CEO de reclamador, explic\u00f3 en la Comisi\u00f3n de Justicia del Senado la realidad de los consumidores en los juzgados y sobre Legaltech.\" \/>\n<meta property=\"og:url\" content=\"https:\/\/www.reclamador.es\/blog\/pablo-rabanal-comision-justicia-del-senado\/\" \/>\n<meta property=\"og:site_name\" content=\"Rebeldes con causa, el blog de reclamador.es\" \/>\n<meta property=\"article:publisher\" content=\"https:\/\/www.facebook.com\/reclamador.es\" \/>\n<meta property=\"article:published_time\" content=\"2018-11-27T09:25:08+00:00\" \/>\n<meta property=\"article:modified_time\" content=\"2025-04-01T17:20:21+00:00\" \/>\n<meta property=\"og:image\" content=\"https:\/\/www.reclamador.es\/blog\/wp-content\/uploads\/2018\/11\/reclamador.es-en-el-senado.jpg\" \/>\n\t<meta property=\"og:image:width\" content=\"1200\" \/>\n\t<meta property=\"og:image:height\" content=\"637\" \/>\n\t<meta property=\"og:image:type\" content=\"image\/jpeg\" \/>\n<meta name=\"author\" content=\"Equipo reclamador\" \/>\n<meta name=\"twitter:card\" content=\"summary_large_image\" \/>\n<meta name=\"twitter:creator\" content=\"@reclamador\" \/>\n<meta name=\"twitter:site\" content=\"@reclamador\" \/>\n<meta name=\"twitter:label1\" content=\"Escrito por\" \/>\n\t<meta name=\"twitter:data1\" content=\"Equipo reclamador\" \/>\n\t<meta name=\"twitter:label2\" content=\"Tiempo de lectura\" \/>\n\t<meta name=\"twitter:data2\" content=\"3 minutos\" \/>\n<script type=\"application\/ld+json\" class=\"yoast-schema-graph\">{\"@context\":\"https:\\\/\\\/schema.org\",\"@graph\":[{\"@type\":\"Article\",\"@id\":\"https:\\\/\\\/www.reclamador.es\\\/blog\\\/pablo-rabanal-comision-justicia-del-senado\\\/#article\",\"isPartOf\":{\"@id\":\"https:\\\/\\\/www.reclamador.es\\\/blog\\\/pablo-rabanal-comision-justicia-del-senado\\\/\"},\"author\":{\"name\":\"Equipo reclamador\",\"@id\":\"https:\\\/\\\/www.reclamador.es\\\/blog\\\/#\\\/schema\\\/person\\\/1ed83eef8b6566cb5e4c812d9bc5c4bf\"},\"headline\":\"reclamador.es presenta en la Comisi\u00f3n de Justicia del Senado la realidad de los consumidores en los juzgados\",\"datePublished\":\"2018-11-27T09:25:08+00:00\",\"dateModified\":\"2025-04-01T17:20:21+00:00\",\"mainEntityOfPage\":{\"@id\":\"https:\\\/\\\/www.reclamador.es\\\/blog\\\/pablo-rabanal-comision-justicia-del-senado\\\/\"},\"wordCount\":599,\"commentCount\":1,\"publisher\":{\"@id\":\"https:\\\/\\\/www.reclamador.es\\\/blog\\\/#organization\"},\"image\":{\"@id\":\"https:\\\/\\\/www.reclamador.es\\\/blog\\\/pablo-rabanal-comision-justicia-del-senado\\\/#primaryimage\"},\"thumbnailUrl\":\"https:\\\/\\\/i0.wp.com\\\/www.reclamador.es\\\/blog\\\/wp-content\\\/uploads\\\/2018\\\/11\\\/reclamador.es-en-el-senado.jpg?fit=1200%2C637&ssl=1\",\"keywords\":[\"branding\",\"evento\"],\"articleSection\":[\"Conoce todo lo que sucede en reclamador.es\"],\"inLanguage\":\"es\",\"potentialAction\":[{\"@type\":\"CommentAction\",\"name\":\"Comment\",\"target\":[\"https:\\\/\\\/www.reclamador.es\\\/blog\\\/pablo-rabanal-comision-justicia-del-senado\\\/#respond\"]}]},{\"@type\":\"WebPage\",\"@id\":\"https:\\\/\\\/www.reclamador.es\\\/blog\\\/pablo-rabanal-comision-justicia-del-senado\\\/\",\"url\":\"https:\\\/\\\/www.reclamador.es\\\/blog\\\/pablo-rabanal-comision-justicia-del-senado\\\/\",\"name\":\"reclamador.es presente en la Comisi\u00f3n de Justicia del Senado\",\"isPartOf\":{\"@id\":\"https:\\\/\\\/www.reclamador.es\\\/blog\\\/#website\"},\"primaryImageOfPage\":{\"@id\":\"https:\\\/\\\/www.reclamador.es\\\/blog\\\/pablo-rabanal-comision-justicia-del-senado\\\/#primaryimage\"},\"image\":{\"@id\":\"https:\\\/\\\/www.reclamador.es\\\/blog\\\/pablo-rabanal-comision-justicia-del-senado\\\/#primaryimage\"},\"thumbnailUrl\":\"https:\\\/\\\/i0.wp.com\\\/www.reclamador.es\\\/blog\\\/wp-content\\\/uploads\\\/2018\\\/11\\\/reclamador.es-en-el-senado.jpg?fit=1200%2C637&ssl=1\",\"datePublished\":\"2018-11-27T09:25:08+00:00\",\"dateModified\":\"2025-04-01T17:20:21+00:00\",\"description\":\"Pablo Rabanal, CEO de reclamador, explic\u00f3 en la Comisi\u00f3n de Justicia del Senado la realidad de los consumidores en los juzgados y sobre Legaltech.\",\"breadcrumb\":{\"@id\":\"https:\\\/\\\/www.reclamador.es\\\/blog\\\/pablo-rabanal-comision-justicia-del-senado\\\/#breadcrumb\"},\"inLanguage\":\"es\",\"potentialAction\":[{\"@type\":\"ReadAction\",\"target\":[\"https:\\\/\\\/www.reclamador.es\\\/blog\\\/pablo-rabanal-comision-justicia-del-senado\\\/\"]}]},{\"@type\":\"ImageObject\",\"inLanguage\":\"es\",\"@id\":\"https:\\\/\\\/www.reclamador.es\\\/blog\\\/pablo-rabanal-comision-justicia-del-senado\\\/#primaryimage\",\"url\":\"https:\\\/\\\/i0.wp.com\\\/www.reclamador.es\\\/blog\\\/wp-content\\\/uploads\\\/2018\\\/11\\\/reclamador.es-en-el-senado.jpg?fit=1200%2C637&ssl=1\",\"contentUrl\":\"https:\\\/\\\/i0.wp.com\\\/www.reclamador.es\\\/blog\\\/wp-content\\\/uploads\\\/2018\\\/11\\\/reclamador.es-en-el-senado.jpg?fit=1200%2C637&ssl=1\",\"width\":1200,\"height\":637},{\"@type\":\"BreadcrumbList\",\"@id\":\"https:\\\/\\\/www.reclamador.es\\\/blog\\\/pablo-rabanal-comision-justicia-del-senado\\\/#breadcrumb\",\"itemListElement\":[{\"@type\":\"ListItem\",\"position\":1,\"name\":\"Portada\",\"item\":\"https:\\\/\\\/www.reclamador.es\\\/blog\\\/\"},{\"@type\":\"ListItem\",\"position\":2,\"name\":\"reclamador.es presenta en la Comisi\u00f3n de Justicia del Senado la realidad de los consumidores en los juzgados\"}]},{\"@type\":\"WebSite\",\"@id\":\"https:\\\/\\\/www.reclamador.es\\\/blog\\\/#website\",\"url\":\"https:\\\/\\\/www.reclamador.es\\\/blog\\\/\",\"name\":\"Rebeldes con causa, el blog de reclamador.es\",\"description\":\"Noticias, entrevistas y consejos sobre reclamaciones\",\"publisher\":{\"@id\":\"https:\\\/\\\/www.reclamador.es\\\/blog\\\/#organization\"},\"potentialAction\":[{\"@type\":\"SearchAction\",\"target\":{\"@type\":\"EntryPoint\",\"urlTemplate\":\"https:\\\/\\\/www.reclamador.es\\\/blog\\\/?s={search_term_string}\"},\"query-input\":{\"@type\":\"PropertyValueSpecification\",\"valueRequired\":true,\"valueName\":\"search_term_string\"}}],\"inLanguage\":\"es\"},{\"@type\":\"Organization\",\"@id\":\"https:\\\/\\\/www.reclamador.es\\\/blog\\\/#organization\",\"name\":\"reclamador.es\",\"url\":\"https:\\\/\\\/www.reclamador.es\\\/blog\\\/\",\"logo\":{\"@type\":\"ImageObject\",\"inLanguage\":\"es\",\"@id\":\"https:\\\/\\\/www.reclamador.es\\\/blog\\\/#\\\/schema\\\/logo\\\/image\\\/\",\"url\":\"https:\\\/\\\/i0.wp.com\\\/www.reclamador.es\\\/blog\\\/wp-content\\\/uploads\\\/2020\\\/01\\\/logo-reclamador.png?fit=1200%2C144&ssl=1\",\"contentUrl\":\"https:\\\/\\\/i0.wp.com\\\/www.reclamador.es\\\/blog\\\/wp-content\\\/uploads\\\/2020\\\/01\\\/logo-reclamador.png?fit=1200%2C144&ssl=1\",\"width\":1200,\"height\":144,\"caption\":\"reclamador.es\"},\"image\":{\"@id\":\"https:\\\/\\\/www.reclamador.es\\\/blog\\\/#\\\/schema\\\/logo\\\/image\\\/\"},\"sameAs\":[\"https:\\\/\\\/www.facebook.com\\\/reclamador.es\",\"https:\\\/\\\/x.com\\\/reclamador\",\"https:\\\/\\\/www.instagram.com\\\/reclamador.es\\\/\",\"https:\\\/\\\/www.linkedin.com\\\/company\\\/reclamador-es\",\"https:\\\/\\\/www.youtube.com\\\/user\\\/Reclamadores\"]},{\"@type\":\"Person\",\"@id\":\"https:\\\/\\\/www.reclamador.es\\\/blog\\\/#\\\/schema\\\/person\\\/1ed83eef8b6566cb5e4c812d9bc5c4bf\",\"name\":\"Equipo reclamador\",\"image\":{\"@type\":\"ImageObject\",\"inLanguage\":\"es\",\"@id\":\"https:\\\/\\\/secure.gravatar.com\\\/avatar\\\/6442ecdc2c4472c600c113f34d340feca47107d6aa4f42f1e3e75a2a8e28a760?s=96&d=mm&r=g\",\"url\":\"https:\\\/\\\/secure.gravatar.com\\\/avatar\\\/6442ecdc2c4472c600c113f34d340feca47107d6aa4f42f1e3e75a2a8e28a760?s=96&d=mm&r=g\",\"contentUrl\":\"https:\\\/\\\/secure.gravatar.com\\\/avatar\\\/6442ecdc2c4472c600c113f34d340feca47107d6aa4f42f1e3e75a2a8e28a760?s=96&d=mm&r=g\",\"caption\":\"Equipo reclamador\"},\"description\":\"Las personas que hacen posible reclamador.es\",\"url\":\"https:\\\/\\\/www.reclamador.es\\\/blog\\\/author\\\/administrador\\\/\"}]}<\/script>\n<!-- \/ Yoast SEO plugin. -->","yoast_head_json":{"title":"reclamador.es presente en la Comisi\u00f3n de Justicia del Senado","description":"Pablo Rabanal, CEO de reclamador, explic\u00f3 en la Comisi\u00f3n de Justicia del Senado la realidad de los consumidores en los juzgados y sobre Legaltech.","robots":{"index":"index","follow":"follow","max-snippet":"max-snippet:-1","max-image-preview":"max-image-preview:large","max-video-preview":"max-video-preview:-1"},"canonical":"https:\/\/www.reclamador.es\/blog\/pablo-rabanal-comision-justicia-del-senado\/","og_locale":"es_ES","og_type":"article","og_title":"reclamador.es presente en la Comisi\u00f3n de Justicia del Senado","og_description":"Pablo Rabanal, CEO de reclamador, explic\u00f3 en la Comisi\u00f3n de Justicia del Senado la realidad de los consumidores en los juzgados y sobre Legaltech.","og_url":"https:\/\/www.reclamador.es\/blog\/pablo-rabanal-comision-justicia-del-senado\/","og_site_name":"Rebeldes con causa, el blog de reclamador.es","article_publisher":"https:\/\/www.facebook.com\/reclamador.es","article_published_time":"2018-11-27T09:25:08+00:00","article_modified_time":"2025-04-01T17:20:21+00:00","og_image":[{"width":1200,"height":637,"url":"https:\/\/www.reclamador.es\/blog\/wp-content\/uploads\/2018\/11\/reclamador.es-en-el-senado.jpg","type":"image\/jpeg"}],"author":"Equipo reclamador","twitter_card":"summary_large_image","twitter_creator":"@reclamador","twitter_site":"@reclamador","twitter_misc":{"Escrito por":"Equipo reclamador","Tiempo de lectura":"3 minutos"},"schema":{"@context":"https:\/\/schema.org","@graph":[{"@type":"Article","@id":"https:\/\/www.reclamador.es\/blog\/pablo-rabanal-comision-justicia-del-senado\/#article","isPartOf":{"@id":"https:\/\/www.reclamador.es\/blog\/pablo-rabanal-comision-justicia-del-senado\/"},"author":{"name":"Equipo reclamador","@id":"https:\/\/www.reclamador.es\/blog\/#\/schema\/person\/1ed83eef8b6566cb5e4c812d9bc5c4bf"},"headline":"reclamador.es presenta en la Comisi\u00f3n de Justicia del Senado la realidad de los consumidores en los juzgados","datePublished":"2018-11-27T09:25:08+00:00","dateModified":"2025-04-01T17:20:21+00:00","mainEntityOfPage":{"@id":"https:\/\/www.reclamador.es\/blog\/pablo-rabanal-comision-justicia-del-senado\/"},"wordCount":599,"commentCount":1,"publisher":{"@id":"https:\/\/www.reclamador.es\/blog\/#organization"},"image":{"@id":"https:\/\/www.reclamador.es\/blog\/pablo-rabanal-comision-justicia-del-senado\/#primaryimage"},"thumbnailUrl":"https:\/\/i0.wp.com\/www.reclamador.es\/blog\/wp-content\/uploads\/2018\/11\/reclamador.es-en-el-senado.jpg?fit=1200%2C637&ssl=1","keywords":["branding","evento"],"articleSection":["Conoce todo lo que sucede en reclamador.es"],"inLanguage":"es","potentialAction":[{"@type":"CommentAction","name":"Comment","target":["https:\/\/www.reclamador.es\/blog\/pablo-rabanal-comision-justicia-del-senado\/#respond"]}]},{"@type":"WebPage","@id":"https:\/\/www.reclamador.es\/blog\/pablo-rabanal-comision-justicia-del-senado\/","url":"https:\/\/www.reclamador.es\/blog\/pablo-rabanal-comision-justicia-del-senado\/","name":"reclamador.es presente en la Comisi\u00f3n de Justicia del Senado","isPartOf":{"@id":"https:\/\/www.reclamador.es\/blog\/#website"},"primaryImageOfPage":{"@id":"https:\/\/www.reclamador.es\/blog\/pablo-rabanal-comision-justicia-del-senado\/#primaryimage"},"image":{"@id":"https:\/\/www.reclamador.es\/blog\/pablo-rabanal-comision-justicia-del-senado\/#primaryimage"},"thumbnailUrl":"https:\/\/i0.wp.com\/www.reclamador.es\/blog\/wp-content\/uploads\/2018\/11\/reclamador.es-en-el-senado.jpg?fit=1200%2C637&ssl=1","datePublished":"2018-11-27T09:25:08+00:00","dateModified":"2025-04-01T17:20:21+00:00","description":"Pablo Rabanal, CEO de reclamador, explic\u00f3 en la Comisi\u00f3n de Justicia del Senado la realidad de los consumidores en los juzgados y sobre Legaltech.","breadcrumb":{"@id":"https:\/\/www.reclamador.es\/blog\/pablo-rabanal-comision-justicia-del-senado\/#breadcrumb"},"inLanguage":"es","potentialAction":[{"@type":"ReadAction","target":["https:\/\/www.reclamador.es\/blog\/pablo-rabanal-comision-justicia-del-senado\/"]}]},{"@type":"ImageObject","inLanguage":"es","@id":"https:\/\/www.reclamador.es\/blog\/pablo-rabanal-comision-justicia-del-senado\/#primaryimage","url":"https:\/\/i0.wp.com\/www.reclamador.es\/blog\/wp-content\/uploads\/2018\/11\/reclamador.es-en-el-senado.jpg?fit=1200%2C637&ssl=1","contentUrl":"https:\/\/i0.wp.com\/www.reclamador.es\/blog\/wp-content\/uploads\/2018\/11\/reclamador.es-en-el-senado.jpg?fit=1200%2C637&ssl=1","width":1200,"height":637},{"@type":"BreadcrumbList","@id":"https:\/\/www.reclamador.es\/blog\/pablo-rabanal-comision-justicia-del-senado\/#breadcrumb","itemListElement":[{"@type":"ListItem","position":1,"name":"Portada","item":"https:\/\/www.reclamador.es\/blog\/"},{"@type":"ListItem","position":2,"name":"reclamador.es presenta en la Comisi\u00f3n de Justicia del Senado la realidad de los consumidores en los juzgados"}]},{"@type":"WebSite","@id":"https:\/\/www.reclamador.es\/blog\/#website","url":"https:\/\/www.reclamador.es\/blog\/","name":"Rebeldes con causa, el blog de reclamador.es","description":"Noticias, entrevistas y consejos sobre reclamaciones","publisher":{"@id":"https:\/\/www.reclamador.es\/blog\/#organization"},"potentialAction":[{"@type":"SearchAction","target":{"@type":"EntryPoint","urlTemplate":"https:\/\/www.reclamador.es\/blog\/?s={search_term_string}"},"query-input":{"@type":"PropertyValueSpecification","valueRequired":true,"valueName":"search_term_string"}}],"inLanguage":"es"},{"@type":"Organization","@id":"https:\/\/www.reclamador.es\/blog\/#organization","name":"reclamador.es","url":"https:\/\/www.reclamador.es\/blog\/","logo":{"@type":"ImageObject","inLanguage":"es","@id":"https:\/\/www.reclamador.es\/blog\/#\/schema\/logo\/image\/","url":"https:\/\/i0.wp.com\/www.reclamador.es\/blog\/wp-content\/uploads\/2020\/01\/logo-reclamador.png?fit=1200%2C144&ssl=1","contentUrl":"https:\/\/i0.wp.com\/www.reclamador.es\/blog\/wp-content\/uploads\/2020\/01\/logo-reclamador.png?fit=1200%2C144&ssl=1","width":1200,"height":144,"caption":"reclamador.es"},"image":{"@id":"https:\/\/www.reclamador.es\/blog\/#\/schema\/logo\/image\/"},"sameAs":["https:\/\/www.facebook.com\/reclamador.es","https:\/\/x.com\/reclamador","https:\/\/www.instagram.com\/reclamador.es\/","https:\/\/www.linkedin.com\/company\/reclamador-es","https:\/\/www.youtube.com\/user\/Reclamadores"]},{"@type":"Person","@id":"https:\/\/www.reclamador.es\/blog\/#\/schema\/person\/1ed83eef8b6566cb5e4c812d9bc5c4bf","name":"Equipo reclamador","image":{"@type":"ImageObject","inLanguage":"es","@id":"https:\/\/secure.gravatar.com\/avatar\/6442ecdc2c4472c600c113f34d340feca47107d6aa4f42f1e3e75a2a8e28a760?s=96&d=mm&r=g","url":"https:\/\/secure.gravatar.com\/avatar\/6442ecdc2c4472c600c113f34d340feca47107d6aa4f42f1e3e75a2a8e28a760?s=96&d=mm&r=g","contentUrl":"https:\/\/secure.gravatar.com\/avatar\/6442ecdc2c4472c600c113f34d340feca47107d6aa4f42f1e3e75a2a8e28a760?s=96&d=mm&r=g","caption":"Equipo reclamador"},"description":"Las personas que hacen posible reclamador.es","url":"https:\/\/www.reclamador.es\/blog\/author\/administrador\/"}]}},"jetpack_featured_media_url":"https:\/\/i0.wp.com\/www.reclamador.es\/blog\/wp-content\/uploads\/2018\/11\/reclamador.es-en-el-senado.jpg?fit=1200%2C637&ssl=1","jetpack-related-posts":[{"id":21472,"url":"https:\/\/www.reclamador.es\/blog\/legaltech-reclaman-descongestion-justicia-elta\/","url_meta":{"origin":20303,"position":0},"title":"Las Legaltech reclaman la descongesti\u00f3n de la Justicia","author":"Equipo reclamador","date":"29 marzo, 2019","format":false,"excerpt":"Las empresas legaltech m\u00e1s potentes de Espa\u00f1a se han reunido esta semana en Madrid para reclamar la descongesti\u00f3n de la Justicia adem\u00e1s de abordar uno de los aspectos esenciales a la hora de desarrollar una legaltech: la financiaci\u00f3n. La Asociaci\u00f3n Europea de LegalTech (ELTA), de la que reclamador.es forma parte,\u2026","rel":"","context":"En \u00abNoticias y actualidad\u00bb","block_context":{"text":"Noticias y actualidad","link":"https:\/\/www.reclamador.es\/blog\/noticias\/"},"img":{"alt_text":"ELTA reclamador Financiacion Legaltech","src":"https:\/\/i0.wp.com\/www.reclamador.es\/blog\/wp-content\/uploads\/2019\/03\/aspectos-clave-de-la-financiacion-de-las-legaltech.jpg?fit=1200%2C800&ssl=1&resize=350%2C200","width":350,"height":200,"srcset":"https:\/\/i0.wp.com\/www.reclamador.es\/blog\/wp-content\/uploads\/2019\/03\/aspectos-clave-de-la-financiacion-de-las-legaltech.jpg?fit=1200%2C800&ssl=1&resize=350%2C200 1x, https:\/\/i0.wp.com\/www.reclamador.es\/blog\/wp-content\/uploads\/2019\/03\/aspectos-clave-de-la-financiacion-de-las-legaltech.jpg?fit=1200%2C800&ssl=1&resize=525%2C300 1.5x, https:\/\/i0.wp.com\/www.reclamador.es\/blog\/wp-content\/uploads\/2019\/03\/aspectos-clave-de-la-financiacion-de-las-legaltech.jpg?fit=1200%2C800&ssl=1&resize=700%2C400 2x, https:\/\/i0.wp.com\/www.reclamador.es\/blog\/wp-content\/uploads\/2019\/03\/aspectos-clave-de-la-financiacion-de-las-legaltech.jpg?fit=1200%2C800&ssl=1&resize=1050%2C600 3x"},"classes":[]},{"id":8229,"url":"https:\/\/www.reclamador.es\/blog\/pablo-rabanal-participa-congreso-legaltech\/","url_meta":{"origin":20303,"position":1},"title":"Pablo Rabanal: \u201ccontribuimos a dinamizar el sector legaltech en Espa\u00f1a y queremos ser un referente de ello\u201d","author":"Pablo Rabanal","date":"19 mayo, 2017","format":false,"excerpt":"Estamos haciendo accesible la justicia a golpe de click. Y as\u00ed lo expuse esta semana en el Congreso LegalTech y Startups Jur\u00eddicas\u00a0que se celebr\u00f3 en San Sebasti\u00e1n. Un encuentro en el que he podido compartir muchas experiencias con otros compa\u00f1eros del sector que tambi\u00e9n han entendido, como nosotros en reclamador.es,\u2026","rel":"","context":"En \u00abNoticias y actualidad\u00bb","block_context":{"text":"Noticias y actualidad","link":"https:\/\/www.reclamador.es\/blog\/noticias\/"},"img":{"alt_text":"","src":"https:\/\/i0.wp.com\/www.reclamador.es\/blog\/wp-content\/uploads\/2017\/05\/pablo-donosti-legaltech.png?fit=1200%2C800&ssl=1&resize=350%2C200","width":350,"height":200,"srcset":"https:\/\/i0.wp.com\/www.reclamador.es\/blog\/wp-content\/uploads\/2017\/05\/pablo-donosti-legaltech.png?fit=1200%2C800&ssl=1&resize=350%2C200 1x, https:\/\/i0.wp.com\/www.reclamador.es\/blog\/wp-content\/uploads\/2017\/05\/pablo-donosti-legaltech.png?fit=1200%2C800&ssl=1&resize=525%2C300 1.5x, https:\/\/i0.wp.com\/www.reclamador.es\/blog\/wp-content\/uploads\/2017\/05\/pablo-donosti-legaltech.png?fit=1200%2C800&ssl=1&resize=700%2C400 2x, https:\/\/i0.wp.com\/www.reclamador.es\/blog\/wp-content\/uploads\/2017\/05\/pablo-donosti-legaltech.png?fit=1200%2C800&ssl=1&resize=1050%2C600 3x"},"classes":[]},{"id":21018,"url":"https:\/\/www.reclamador.es\/blog\/presentacion-elta-icam\/","url_meta":{"origin":20303,"position":2},"title":"\u201cLa tecnolog\u00eda es una oportunidad que hay que aprovechar\u201d, Pablo Rabanal en la presentaci\u00f3n de ELTA en el ICAM","author":"Equipo reclamador","date":"8 febrero, 2019","format":false,"excerpt":"El cap\u00edtulo espa\u00f1ol de European Legal Tech Assosiation (ELTA) se present\u00f3 ayer en el ICAM (Ilustre Colegio de Abogados de Madrid) en la madrile\u00f1a calle de Serrano. En la cita estuvieron presentes m\u00e1s de una decena de miembros que forman esta asociaci\u00f3n en Espa\u00f1a. Entre ellos, reclamador.es de la mano\u2026","rel":"","context":"En \u00abConoce todo lo que sucede en reclamador.es\u00bb","block_context":{"text":"Conoce todo lo que sucede en reclamador.es","link":"https:\/\/www.reclamador.es\/blog\/reclamadores\/"},"img":{"alt_text":"presenta de ELTA en el ICAM","src":"https:\/\/i0.wp.com\/www.reclamador.es\/blog\/wp-content\/uploads\/2019\/02\/IMG_3560.jpg?fit=1200%2C800&ssl=1&resize=350%2C200","width":350,"height":200,"srcset":"https:\/\/i0.wp.com\/www.reclamador.es\/blog\/wp-content\/uploads\/2019\/02\/IMG_3560.jpg?fit=1200%2C800&ssl=1&resize=350%2C200 1x, https:\/\/i0.wp.com\/www.reclamador.es\/blog\/wp-content\/uploads\/2019\/02\/IMG_3560.jpg?fit=1200%2C800&ssl=1&resize=525%2C300 1.5x, https:\/\/i0.wp.com\/www.reclamador.es\/blog\/wp-content\/uploads\/2019\/02\/IMG_3560.jpg?fit=1200%2C800&ssl=1&resize=700%2C400 2x, https:\/\/i0.wp.com\/www.reclamador.es\/blog\/wp-content\/uploads\/2019\/02\/IMG_3560.jpg?fit=1200%2C800&ssl=1&resize=1050%2C600 3x"},"classes":[]},{"id":22047,"url":"https:\/\/www.reclamador.es\/blog\/decelera-menorca-pablo-rabanal\/","url_meta":{"origin":20303,"position":3},"title":"Decelera Menorca o c\u00f3mo reiniciar un proyecto para luego impulsarlo","author":"Cristina Naveda","date":"29 mayo, 2019","format":false,"excerpt":"Decelera Menorca \u2013antes Menorca Millennials\u2013 se ha convertido ya en sin\u00f3nimo de \u00e9xito para todas aquellas startups tecno-sostenibles que buscan financiaci\u00f3n para sus proyectos. En su quinta edici\u00f3n, que se celebra del 24 de mayo al 4 de junio en la isla balear que le da nombre, se dejan a\u2026","rel":"","context":"En \u00abNoticias y actualidad\u00bb","block_context":{"text":"Noticias y actualidad","link":"https:\/\/www.reclamador.es\/blog\/noticias\/"},"img":{"alt_text":"Pablo Rabanal, CEO de reclamador.es, en Decelera Menorca 2019","src":"https:\/\/i0.wp.com\/www.reclamador.es\/blog\/wp-content\/uploads\/2019\/05\/decelera-pablo-rabanal.png?fit=1200%2C800&ssl=1&resize=350%2C200","width":350,"height":200,"srcset":"https:\/\/i0.wp.com\/www.reclamador.es\/blog\/wp-content\/uploads\/2019\/05\/decelera-pablo-rabanal.png?fit=1200%2C800&ssl=1&resize=350%2C200 1x, https:\/\/i0.wp.com\/www.reclamador.es\/blog\/wp-content\/uploads\/2019\/05\/decelera-pablo-rabanal.png?fit=1200%2C800&ssl=1&resize=525%2C300 1.5x, https:\/\/i0.wp.com\/www.reclamador.es\/blog\/wp-content\/uploads\/2019\/05\/decelera-pablo-rabanal.png?fit=1200%2C800&ssl=1&resize=700%2C400 2x, https:\/\/i0.wp.com\/www.reclamador.es\/blog\/wp-content\/uploads\/2019\/05\/decelera-pablo-rabanal.png?fit=1200%2C800&ssl=1&resize=1050%2C600 3x"},"classes":[]},{"id":21872,"url":"https:\/\/www.reclamador.es\/blog\/pablo-rabanal-reclamador-congreso-nacional-abogacia\/","url_meta":{"origin":20303,"position":4},"title":"Pablo Rabanal, CEO de reclamador.es: \u201cel acceso a los abogados se est\u00e1 digitalizando\u201d","author":"Equipo reclamador","date":"14 mayo, 2019","format":false,"excerpt":"La transformaci\u00f3n digital es ya una realidad en gran parte del tejido empresarial espa\u00f1ol. Palabras como legaltech o fintech se han abierto un hueco en la sociedad y ponen de manifiesto cuestiones como la robotizaci\u00f3n y la automatizaci\u00f3n de los procesos de gesti\u00f3n, lo que redunda en ahorro de tiempo\u2026","rel":"","context":"En \u00abConoce todo lo que sucede en reclamador.es\u00bb","block_context":{"text":"Conoce todo lo que sucede en reclamador.es","link":"https:\/\/www.reclamador.es\/blog\/reclamadores\/"},"img":{"alt_text":"","src":"https:\/\/i0.wp.com\/www.reclamador.es\/blog\/wp-content\/uploads\/2019\/05\/editada-congreso.png?fit=1200%2C800&ssl=1&resize=350%2C200","width":350,"height":200,"srcset":"https:\/\/i0.wp.com\/www.reclamador.es\/blog\/wp-content\/uploads\/2019\/05\/editada-congreso.png?fit=1200%2C800&ssl=1&resize=350%2C200 1x, https:\/\/i0.wp.com\/www.reclamador.es\/blog\/wp-content\/uploads\/2019\/05\/editada-congreso.png?fit=1200%2C800&ssl=1&resize=525%2C300 1.5x, https:\/\/i0.wp.com\/www.reclamador.es\/blog\/wp-content\/uploads\/2019\/05\/editada-congreso.png?fit=1200%2C800&ssl=1&resize=700%2C400 2x, https:\/\/i0.wp.com\/www.reclamador.es\/blog\/wp-content\/uploads\/2019\/05\/editada-congreso.png?fit=1200%2C800&ssl=1&resize=1050%2C600 3x"},"classes":[]},{"id":6020,"url":"https:\/\/www.reclamador.es\/blog\/como-surgio-reclamador\/","url_meta":{"origin":20303,"position":5},"title":"As\u00ed surgi\u00f3 reclamador: c\u00f3mo conseguimos que reclamar fuera f\u00e1cil","author":"Equipo reclamador","date":"14 febrero, 2017","format":false,"excerpt":"\u00bfQui\u00e9n no ha tenido en alguna ocasi\u00f3n un gran retraso de un vuelo acompa\u00f1ado de la dejadez de la compa\u00f1\u00eda a\u00e9rea o conoce a alguien que haya sufrido una cl\u00e1usula abusiva en su hipoteca? Seguro que te est\u00e1s acordando de alguna an\u00e9cdota, y por eso queremos contarte c\u00f3mo naci\u00f3 reclamador.es,\u2026","rel":"","context":"En \u00abNoticias y actualidad\u00bb","block_context":{"text":"Noticias y actualidad","link":"https:\/\/www.reclamador.es\/blog\/noticias\/"},"img":{"alt_text":"","src":"https:\/\/i0.wp.com\/www.reclamador.es\/blog\/wp-content\/uploads\/2017\/02\/077-min-e1487087865368.jpg?fit=1200%2C785&ssl=1&resize=350%2C200","width":350,"height":200,"srcset":"https:\/\/i0.wp.com\/www.reclamador.es\/blog\/wp-content\/uploads\/2017\/02\/077-min-e1487087865368.jpg?fit=1200%2C785&ssl=1&resize=350%2C200 1x, https:\/\/i0.wp.com\/www.reclamador.es\/blog\/wp-content\/uploads\/2017\/02\/077-min-e1487087865368.jpg?fit=1200%2C785&ssl=1&resize=525%2C300 1.5x, https:\/\/i0.wp.com\/www.reclamador.es\/blog\/wp-content\/uploads\/2017\/02\/077-min-e1487087865368.jpg?fit=1200%2C785&ssl=1&resize=700%2C400 2x, https:\/\/i0.wp.com\/www.reclamador.es\/blog\/wp-content\/uploads\/2017\/02\/077-min-e1487087865368.jpg?fit=1200%2C785&ssl=1&resize=1050%2C600 3x"},"classes":[]}],"jetpack_sharing_enabled":true,"_links":{"self":[{"href":"https:\/\/www.reclamador.es\/blog\/wp-json\/wp\/v2\/posts\/20303","targetHints":{"allow":["GET"]}}],"collection":[{"href":"https:\/\/www.reclamador.es\/blog\/wp-json\/wp\/v2\/posts"}],"about":[{"href":"https:\/\/www.reclamador.es\/blog\/wp-json\/wp\/v2\/types\/post"}],"author":[{"embeddable":true,"href":"https:\/\/www.reclamador.es\/blog\/wp-json\/wp\/v2\/users\/1"}],"replies":[{"embeddable":true,"href":"https:\/\/www.reclamador.es\/blog\/wp-json\/wp\/v2\/comments?post=20303"}],"version-history":[{"count":16,"href":"https:\/\/www.reclamador.es\/blog\/wp-json\/wp\/v2\/posts\/20303\/revisions"}],"predecessor-version":[{"id":33859,"href":"https:\/\/www.reclamador.es\/blog\/wp-json\/wp\/v2\/posts\/20303\/revisions\/33859"}],"wp:featuredmedia":[{"embeddable":true,"href":"https:\/\/www.reclamador.es\/blog\/wp-json\/wp\/v2\/media\/20305"}],"wp:attachment":[{"href":"https:\/\/www.reclamador.es\/blog\/wp-json\/wp\/v2\/media?parent=20303"}],"wp:term":[{"taxonomy":"category","embeddable":true,"href":"https:\/\/www.reclamador.es\/blog\/wp-json\/wp\/v2\/categories?post=20303"},{"taxonomy":"post_tag","embeddable":true,"href":"https:\/\/www.reclamador.es\/blog\/wp-json\/wp\/v2\/tags?post=20303"}],"curies":[{"name":"wp","href":"https:\/\/api.w.org\/{rel}","templated":true}]}}